{"id":274783,"date":"2023-07-08T07:14:23","date_gmt":"2023-07-08T12:14:23","guid":{"rendered":"https:\/\/www.fiscalia.gov.co\/colombia\/?p=274783"},"modified":"2023-07-08T07:14:23","modified_gmt":"2023-07-08T12:14:23","slug":"fiscalia-impacta-a-red-delincuencial-senalada-de-alterar-medicamentos-para-tratar-el-cancer-el-vih-la-artritis-y-las-denominadas-enfermedades-raras-o-huerfanas","status":"publish","type":"post","link":"https:\/\/www.fiscalia.gov.co\/colombia\/derechos-humanos\/fiscalia-impacta-a-red-delincuencial-senalada-de-alterar-medicamentos-para-tratar-el-cancer-el-vih-la-artritis-y-las-denominadas-enfermedades-raras-o-huerfanas\/","title":{"rendered":"Fiscal\u00eda impacta a red delincuencial se\u00f1alada de alterar medicamentos para tratar el c\u00e1ncer, el VIH, la artritis y las denominadas enfermedades raras o hu\u00e9rfanas"},"content":{"rendered":"<ul>\n<li>\n<h4><strong><em>13 personas fueron capturadas y judicializadas, entre ellos los representantes y trabajadores de farmac\u00e9uticas, comercializadoras e Institutos Prestadores de Salud.<\/em><\/strong><\/h4>\n<\/li>\n<li>\n<h4><strong><em>Los productos ingresaban vencidos o en mal estado, posteriormente eran modificados y vendidos a proveedores de EPS, hospitales, cl\u00ednicas oncol\u00f3gicas y hogares geri\u00e1tricos. <\/em><\/strong><\/h4>\n<\/li>\n<\/ul>\n<p>La Fiscal\u00eda General de la Naci\u00f3n puso en evidencia a una red que habr\u00eda constituido un entramado ilegal para adquirir, alterar y comercializar medicamentos de uso institucional o los catalogados como vitales, que no est\u00e1n disponibles en el pa\u00eds y son utilizados para tratar enfermedades de alto costo o las denominadas \u2018raras\u2019 o \u2018hu\u00e9rfanas\u2019.<\/p>\n<p>En diligencias de registro y allanamiento realizadas en Bogot\u00e1 y Barranquilla (Atl\u00e1ntico) fueron capturados 13 de los posibles integrantes de la organizaci\u00f3n e incautados algo m\u00e1s de 800 kilogramos de medicamentos. Los procedimientos fueron realizados por personal del CTI, con apoyo del Gaula Militar, el Instituto Nacional de Vigilancia de Medicamentos y Alimentos (INVIMA) y peritos especializados.<\/p>\n<p>La estructura, al parecer, obten\u00eda medicamentos vencidos y descompuestos que ingresaban ilegalmente al pa\u00eds, los trasladaba en precarias condiciones y como encomiendas a Bogot\u00e1; y les modificaban las fechas de caducidad, lotes de fabricaci\u00f3n y registros para darles la apariencia de un producto aut\u00e9ntico para tratar enfermedades como el c\u00e1ncer, el VIH, la artritis, entre otras. De esta manera, los comercializaba a cl\u00ednicas, hospitales, hogares geri\u00e1tricos y proveedores de Bogot\u00e1, Cauca, Valle del Cauca, Nari\u00f1o y Caquet\u00e1.<\/p>\n<p>Igualmente, se estableci\u00f3 que la red habr\u00eda sustra\u00eddo de varios centros asistenciales medicamentos oncol\u00f3gicos de uso institucional y conseguido que fueran reemplazados por las medicinas alteradas.<\/p>\n<p>En algunas oportunidades, los articuladores de la red contactaban pacientes y los induc\u00edan a presentar tutelas para que les fuera reconocida la importaci\u00f3n de medicamentos. Posteriormente, cuando los peticionarios recib\u00edan el fallo a favor, mediante intermediarios, lograban que les entregaran los productos en mal estado que hab\u00edan sido modificados.<\/p>\n<p><strong><u>Judicializaci\u00f3n<\/u><\/strong><\/p>\n<p>Fiscales del Grupo de Propiedad Intelectual de la Direcci\u00f3n Especializada contra las Violaciones a los Derechos Humanos presentaron a los 13 capturados ante jueces de control de garant\u00edas y les imputaron los delitos de: concierto para delinquir, usurpaci\u00f3n de derechos de propiedad industrial y derechos de obtentores de variedades vegetales; corrupci\u00f3n de alimentos, medicamentos o material profil\u00e1ctico; y enajenaci\u00f3n ilegal de alimentos. Cuatro de los procesados aceptaron cargos.<\/p>\n<p>Los investigados son:<\/p>\n<ul>\n<li>Diana Carolina Bernal Ferro y Luis Andr\u00e9s Ram\u00edrez Villegas, representantes legales de dos farmac\u00e9uticas utilizadas para almacenar y vender los productos modificados.<\/li>\n<li>Nidia Elena Parody V\u00e1squez, coordinadora de una comercializadora de productos farmac\u00e9uticos.<\/li>\n<li>Elma Johana Espinosa Narv\u00e1ez, gerente de compras de un Instituto Prestador de Salud se\u00f1alada de vender e intercambiar los medicamentos. Tendr\u00eda contactos con EPS y centros asistenciales.<\/li>\n<li>Jaime Alirio Bernal Bautista, Emanuel Ram\u00edrez Correa, El\u00edas Ignacio Cifuentes Le\u00f3n, N\u00e9stor Javier Ruiz Correa, Edilberto Antonio Casadiego Ibarra, Alfonso Hern\u00e1ndez Pinto, \u00c1lvaro Pedraza Jaimes, Carlos Armando Colorado Bermejo y \u00c1lvaro Vizcaino de la Hoz. Estas personas habr\u00edan participado en diferentes actividades como la obtenci\u00f3n, transporte, alteraci\u00f3n y almacenamiento de los medicamentos, adem\u00e1s de otros aspectos log\u00edsticos y comerciales.<\/li>\n<\/ul>\n<p>Diana Carolina Bernal Ferro y Jaime Alirio Bernal Bautista tambi\u00e9n estar\u00edan involucrados en el pago de d\u00e1divas para conseguir licencias y registros necesarios para importar tratamientos. En ese sentido, adicional a los delitos imputados a los dem\u00e1s se\u00f1alados integrantes de la estructura, la Fiscal\u00eda les formul\u00f3 el cargo de cohecho por dar u ofrecer.<\/p>\n<p><strong><u>La Fiscal\u00eda habla con resultados.<\/u><\/strong><\/p>\n<p>&nbsp;<\/p>\n<p>&nbsp;<\/p>\n<p>&nbsp;<\/p>\n<p>&nbsp;<\/p>\n<p>&nbsp;<\/p>\n<p>&nbsp;<\/p>\n<p>LAGP\/JARG\/MADC\/DECVDH.<\/p>\n<p>&nbsp;<\/p>\n<p>&nbsp;<\/p>\n<p>&nbsp;<\/p>\n<p>&nbsp;<\/p>\n<p>&nbsp;<\/p>\n<p>&nbsp;<\/p>\n<div class=\"td-post-content tagdiv-type\">\n<div class=\"td-post-content tagdiv-type\">\n<p><em>La informaci\u00f3n contenida en este bolet\u00edn de prensa corresponde a la narraci\u00f3n de los hechos noticiosos objetivos, y las investigaciones penales al interior de la Fiscal\u00eda General de la Naci\u00f3n. Para el momento de la divulgaci\u00f3n de este comunicado, la situaci\u00f3n jur\u00eddica de la(s) persona(s) relacionada(s) se encuentra pendiente de resolver por la autoridad judicial competente, siempre bajo los preceptos de la presunci\u00f3n de inocencia, consagrados en el art\u00edculo 29 de la Constituci\u00f3n Pol\u00edtica y el art\u00edculo 7\u00ba de la Ley 906 de 2004.<\/em><em>\u00a0<\/em><\/p>\n<\/div>\n<\/div>\n\n<div class=\"twitter-share\"><a href=\"https:\/\/twitter.com\/intent\/tweet?via=fiscaliacol\" class=\"twitter-share-button\">Tweet<\/a><\/div>\n","protected":false},"excerpt":{"rendered":"<p>13 personas fueron capturadas y judicializadas, entre ellos los representantes y trabajadores de farmac\u00e9uticas, comercializadoras e Institutos Prestadores de Salud. Los productos ingresaban vencidos o en mal estado, posteriormente eran modificados y vendidos a proveedores de EPS, hospitales, cl\u00ednicas oncol\u00f3gicas y hogares geri\u00e1tricos. La Fiscal\u00eda General de la Naci\u00f3n puso en evidencia a una red [&hellip;]<\/p>\n","protected":false},"author":177,"featured_media":0,"comment_status":"closed","ping_status":"open","sticky":false,"template":"","format":"standard","meta":{"tdm_status":"","tdm_grid_status":"","footnotes":""},"categories":[24102,1],"tags":[1050,35070,35069,722,8122,24185,1047,35071,2063,4950],"class_list":{"0":"post-274783","1":"post","2":"type-post","3":"status-publish","4":"format-standard","6":"category-derechos-humanos","7":"category-noticias","8":"tag-derechoa-humanos","9":"tag-enfermedades-huerfanas","10":"tag-enfermedades-raras","11":"tag-eps","12":"tag-falsos","13":"tag-fiscal-barbosa","14":"tag-fiscalia-general-de-la-nacion","15":"tag-hospitales","16":"tag-medicamentos","17":"tag-vih"},"yoast_head":"<!-- This site is optimized with the Yoast SEO plugin v24.3 - https:\/\/yoast.com\/wordpress\/plugins\/seo\/ -->\n<title>Fiscal\u00eda General de la Naci\u00f3n<\/title>\n<meta name=\"description\" content=\"P\u00e1gina oficial de la Fiscal\u00eda General de la Naci\u00f3n \u2013 Colombia. Garantizamos el acceso efectivo a la justicia, la verdad y la reparaci\u00f3n de las v\u00edctimas de los delitos.\" \/>\n<meta name=\"robots\" content=\"noindex, follow\" \/>\n<meta property=\"og:locale\" content=\"es_ES\" \/>\n<meta property=\"og:type\" content=\"article\" \/>\n<meta property=\"og:title\" content=\"Fiscal\u00eda General de la Naci\u00f3n\" \/>\n<meta property=\"og:description\" content=\"P\u00e1gina oficial de la Fiscal\u00eda General de la Naci\u00f3n \u2013 Colombia. Garantizamos el acceso efectivo a la justicia, la verdad y la reparaci\u00f3n de las v\u00edctimas de los delitos.\" \/>\n<meta property=\"og:url\" content=\"https:\/\/www.fiscalia.gov.co\/colombia\/derechos-humanos\/fiscalia-impacta-a-red-delincuencial-senalada-de-alterar-medicamentos-para-tratar-el-cancer-el-vih-la-artritis-y-las-denominadas-enfermedades-raras-o-huerfanas\/\" \/>\n<meta property=\"og:site_name\" content=\"Fiscal\u00eda General de la Naci\u00f3n\" \/>\n<meta property=\"article:publisher\" content=\"https:\/\/www.facebook.com\/FiscaliaCol\" \/>\n<meta property=\"article:published_time\" content=\"2023-07-08T12:14:23+00:00\" \/>\n<meta name=\"author\" content=\"Jordan Leandro Oviedo Anzola\" \/>\n<meta name=\"twitter:card\" content=\"summary_large_image\" \/>\n<meta name=\"twitter:creator\" content=\"@FiscaliaCol\" \/>\n<meta name=\"twitter:site\" content=\"@FiscaliaCol\" \/>\n<meta name=\"twitter:label1\" content=\"Escrito por\" \/>\n\t<meta name=\"twitter:data1\" content=\"Jordan Leandro Oviedo Anzola\" \/>\n\t<meta name=\"twitter:label2\" content=\"Tiempo de lectura\" \/>\n\t<meta name=\"twitter:data2\" content=\"3 minutos\" \/>\n<script type=\"application\/ld+json\" class=\"yoast-schema-graph\">{\"@context\":\"https:\/\/schema.org\",\"@graph\":[{\"@type\":\"Article\",\"@id\":\"https:\/\/www.fiscalia.gov.co\/colombia\/derechos-humanos\/fiscalia-impacta-a-red-delincuencial-senalada-de-alterar-medicamentos-para-tratar-el-cancer-el-vih-la-artritis-y-las-denominadas-enfermedades-raras-o-huerfanas\/#article\",\"isPartOf\":{\"@id\":\"https:\/\/www.fiscalia.gov.co\/colombia\/derechos-humanos\/fiscalia-impacta-a-red-delincuencial-senalada-de-alterar-medicamentos-para-tratar-el-cancer-el-vih-la-artritis-y-las-denominadas-enfermedades-raras-o-huerfanas\/\"},\"author\":{\"name\":\"Jordan Leandro Oviedo Anzola\",\"@id\":\"https:\/\/www.fiscalia.gov.co\/colombia\/#\/schema\/person\/bf84402cf293a5393e9c70b111020b24\"},\"headline\":\"Fiscal\u00eda impacta a red delincuencial se\u00f1alada de alterar medicamentos para tratar el c\u00e1ncer, el VIH, la artritis y las denominadas enfermedades raras o hu\u00e9rfanas\",\"datePublished\":\"2023-07-08T12:14:23+00:00\",\"dateModified\":\"2023-07-08T12:14:23+00:00\",\"mainEntityOfPage\":{\"@id\":\"https:\/\/www.fiscalia.gov.co\/colombia\/derechos-humanos\/fiscalia-impacta-a-red-delincuencial-senalada-de-alterar-medicamentos-para-tratar-el-cancer-el-vih-la-artritis-y-las-denominadas-enfermedades-raras-o-huerfanas\/\"},\"wordCount\":752,\"publisher\":{\"@id\":\"https:\/\/www.fiscalia.gov.co\/colombia\/#organization\"},\"keywords\":[\"Derechos Humanos\",\"enfermedades huerfanas\",\"enfermedades raras\",\"EPS\",\"Falsos\",\"Fiscal Barbosa\",\"Fiscal\u00eda General de la Naci\u00f3n\",\"hospitales\",\"Medicamentos\",\"VIH\"],\"articleSection\":[\"Derechos Humanos\",\"Noticias\"],\"inLanguage\":\"es-CO\"},{\"@type\":\"WebPage\",\"@id\":\"https:\/\/www.fiscalia.gov.co\/colombia\/derechos-humanos\/fiscalia-impacta-a-red-delincuencial-senalada-de-alterar-medicamentos-para-tratar-el-cancer-el-vih-la-artritis-y-las-denominadas-enfermedades-raras-o-huerfanas\/\",\"url\":\"https:\/\/www.fiscalia.gov.co\/colombia\/derechos-humanos\/fiscalia-impacta-a-red-delincuencial-senalada-de-alterar-medicamentos-para-tratar-el-cancer-el-vih-la-artritis-y-las-denominadas-enfermedades-raras-o-huerfanas\/\",\"name\":\"Fiscal\u00eda General de la Naci\u00f3n\",\"isPartOf\":{\"@id\":\"https:\/\/www.fiscalia.gov.co\/colombia\/#website\"},\"datePublished\":\"2023-07-08T12:14:23+00:00\",\"dateModified\":\"2023-07-08T12:14:23+00:00\",\"description\":\"P\u00e1gina oficial de la Fiscal\u00eda General de la Naci\u00f3n \u2013 Colombia. Garantizamos el acceso efectivo a la justicia, la verdad y la reparaci\u00f3n de las v\u00edctimas de los delitos.\",\"breadcrumb\":{\"@id\":\"https:\/\/www.fiscalia.gov.co\/colombia\/derechos-humanos\/fiscalia-impacta-a-red-delincuencial-senalada-de-alterar-medicamentos-para-tratar-el-cancer-el-vih-la-artritis-y-las-denominadas-enfermedades-raras-o-huerfanas\/#breadcrumb\"},\"inLanguage\":\"es-CO\",\"potentialAction\":[{\"@type\":\"ReadAction\",\"target\":[\"https:\/\/www.fiscalia.gov.co\/colombia\/derechos-humanos\/fiscalia-impacta-a-red-delincuencial-senalada-de-alterar-medicamentos-para-tratar-el-cancer-el-vih-la-artritis-y-las-denominadas-enfermedades-raras-o-huerfanas\/\"]}]},{\"@type\":\"BreadcrumbList\",\"@id\":\"https:\/\/www.fiscalia.gov.co\/colombia\/derechos-humanos\/fiscalia-impacta-a-red-delincuencial-senalada-de-alterar-medicamentos-para-tratar-el-cancer-el-vih-la-artritis-y-las-denominadas-enfermedades-raras-o-huerfanas\/#breadcrumb\",\"itemListElement\":[{\"@type\":\"ListItem\",\"position\":1,\"name\":\"Home\",\"item\":\"https:\/\/www.fiscalia.gov.co\/colombia\/\"},{\"@type\":\"ListItem\",\"position\":2,\"name\":\"Fiscal\u00eda impacta a red delincuencial se\u00f1alada de alterar medicamentos para tratar el c\u00e1ncer, el VIH, la artritis y las denominadas enfermedades raras o hu\u00e9rfanas\"}]},{\"@type\":\"WebSite\",\"@id\":\"https:\/\/www.fiscalia.gov.co\/colombia\/#website\",\"url\":\"https:\/\/www.fiscalia.gov.co\/colombia\/\",\"name\":\"Fiscal\u00eda General de la Naci\u00f3n\",\"description\":\"P\u00e1gina oficial de la Fiscal\u00eda General de la Naci\u00f3n \u2013 Colombia. Garantizamos el acceso efectivo a la justicia, la verdad y la reparaci\u00f3n de las v\u00edctimas de los delitos.\",\"publisher\":{\"@id\":\"https:\/\/www.fiscalia.gov.co\/colombia\/#organization\"},\"potentialAction\":[{\"@type\":\"SearchAction\",\"target\":{\"@type\":\"EntryPoint\",\"urlTemplate\":\"https:\/\/www.fiscalia.gov.co\/colombia\/?s={search_term_string}\"},\"query-input\":{\"@type\":\"PropertyValueSpecification\",\"valueRequired\":true,\"valueName\":\"search_term_string\"}}],\"inLanguage\":\"es-CO\"},{\"@type\":\"Organization\",\"@id\":\"https:\/\/www.fiscalia.gov.co\/colombia\/#organization\",\"name\":\"Fiscal\u00eda General de la Naci\u00f3n\",\"url\":\"https:\/\/www.fiscalia.gov.co\/colombia\/\",\"logo\":{\"@type\":\"ImageObject\",\"inLanguage\":\"es-CO\",\"@id\":\"https:\/\/www.fiscalia.gov.co\/colombia\/#\/schema\/logo\/image\/\",\"url\":\"https:\/\/www.fiscalia.gov.co\/colombia\/wp-content\/uploads\/LogoHorizontal_1.jpg\",\"contentUrl\":\"https:\/\/www.fiscalia.gov.co\/colombia\/wp-content\/uploads\/LogoHorizontal_1.jpg\",\"width\":300,\"height\":90,\"caption\":\"Fiscal\u00eda General de la Naci\u00f3n\"},\"image\":{\"@id\":\"https:\/\/www.fiscalia.gov.co\/colombia\/#\/schema\/logo\/image\/\"},\"sameAs\":[\"https:\/\/www.facebook.com\/FiscaliaCol\",\"https:\/\/x.com\/FiscaliaCol\",\"https:\/\/www.instagram.com\/fiscaliacol\",\"https:\/\/www.linkedin.com\/company\/fiscalia-general-de-la-naci-n\/\",\"https:\/\/youtube.com\/@fiscaliageneraldelanacion-4668?si=6nN79nyQICPU5iTh\"]},{\"@type\":\"Person\",\"@id\":\"https:\/\/www.fiscalia.gov.co\/colombia\/#\/schema\/person\/bf84402cf293a5393e9c70b111020b24\",\"name\":\"Jordan Leandro Oviedo Anzola\",\"image\":{\"@type\":\"ImageObject\",\"inLanguage\":\"es-CO\",\"@id\":\"https:\/\/www.fiscalia.gov.co\/colombia\/#\/schema\/person\/image\/\",\"url\":\"https:\/\/secure.gravatar.com\/avatar\/dabba4346fa9b9207d96adafa8f92721?s=96&d=mm&r=g\",\"contentUrl\":\"https:\/\/secure.gravatar.com\/avatar\/dabba4346fa9b9207d96adafa8f92721?s=96&d=mm&r=g\",\"caption\":\"Jordan Leandro Oviedo Anzola\"},\"url\":\"https:\/\/www.fiscalia.gov.co\/colombia\/author\/joviedo\/\"}]}<\/script>\n<!-- \/ Yoast SEO plugin. -->","yoast_head_json":{"title":"Fiscal\u00eda General de la Naci\u00f3n","description":"P\u00e1gina oficial de la Fiscal\u00eda General de la Naci\u00f3n \u2013 Colombia. Garantizamos el acceso efectivo a la justicia, la verdad y la reparaci\u00f3n de las v\u00edctimas de los delitos.","robots":{"index":"noindex","follow":"follow"},"og_locale":"es_ES","og_type":"article","og_title":"Fiscal\u00eda General de la Naci\u00f3n","og_description":"P\u00e1gina oficial de la Fiscal\u00eda General de la Naci\u00f3n \u2013 Colombia. Garantizamos el acceso efectivo a la justicia, la verdad y la reparaci\u00f3n de las v\u00edctimas de los delitos.","og_url":"https:\/\/www.fiscalia.gov.co\/colombia\/derechos-humanos\/fiscalia-impacta-a-red-delincuencial-senalada-de-alterar-medicamentos-para-tratar-el-cancer-el-vih-la-artritis-y-las-denominadas-enfermedades-raras-o-huerfanas\/","og_site_name":"Fiscal\u00eda General de la Naci\u00f3n","article_publisher":"https:\/\/www.facebook.com\/FiscaliaCol","article_published_time":"2023-07-08T12:14:23+00:00","author":"Jordan Leandro Oviedo Anzola","twitter_card":"summary_large_image","twitter_creator":"@FiscaliaCol","twitter_site":"@FiscaliaCol","twitter_misc":{"Escrito por":"Jordan Leandro Oviedo Anzola","Tiempo de lectura":"3 minutos"},"schema":{"@context":"https:\/\/schema.org","@graph":[{"@type":"Article","@id":"https:\/\/www.fiscalia.gov.co\/colombia\/derechos-humanos\/fiscalia-impacta-a-red-delincuencial-senalada-de-alterar-medicamentos-para-tratar-el-cancer-el-vih-la-artritis-y-las-denominadas-enfermedades-raras-o-huerfanas\/#article","isPartOf":{"@id":"https:\/\/www.fiscalia.gov.co\/colombia\/derechos-humanos\/fiscalia-impacta-a-red-delincuencial-senalada-de-alterar-medicamentos-para-tratar-el-cancer-el-vih-la-artritis-y-las-denominadas-enfermedades-raras-o-huerfanas\/"},"author":{"name":"Jordan Leandro Oviedo Anzola","@id":"https:\/\/www.fiscalia.gov.co\/colombia\/#\/schema\/person\/bf84402cf293a5393e9c70b111020b24"},"headline":"Fiscal\u00eda impacta a red delincuencial se\u00f1alada de alterar medicamentos para tratar el c\u00e1ncer, el VIH, la artritis y las denominadas enfermedades raras o hu\u00e9rfanas","datePublished":"2023-07-08T12:14:23+00:00","dateModified":"2023-07-08T12:14:23+00:00","mainEntityOfPage":{"@id":"https:\/\/www.fiscalia.gov.co\/colombia\/derechos-humanos\/fiscalia-impacta-a-red-delincuencial-senalada-de-alterar-medicamentos-para-tratar-el-cancer-el-vih-la-artritis-y-las-denominadas-enfermedades-raras-o-huerfanas\/"},"wordCount":752,"publisher":{"@id":"https:\/\/www.fiscalia.gov.co\/colombia\/#organization"},"keywords":["Derechos Humanos","enfermedades huerfanas","enfermedades raras","EPS","Falsos","Fiscal Barbosa","Fiscal\u00eda General de la Naci\u00f3n","hospitales","Medicamentos","VIH"],"articleSection":["Derechos Humanos","Noticias"],"inLanguage":"es-CO"},{"@type":"WebPage","@id":"https:\/\/www.fiscalia.gov.co\/colombia\/derechos-humanos\/fiscalia-impacta-a-red-delincuencial-senalada-de-alterar-medicamentos-para-tratar-el-cancer-el-vih-la-artritis-y-las-denominadas-enfermedades-raras-o-huerfanas\/","url":"https:\/\/www.fiscalia.gov.co\/colombia\/derechos-humanos\/fiscalia-impacta-a-red-delincuencial-senalada-de-alterar-medicamentos-para-tratar-el-cancer-el-vih-la-artritis-y-las-denominadas-enfermedades-raras-o-huerfanas\/","name":"Fiscal\u00eda General de la Naci\u00f3n","isPartOf":{"@id":"https:\/\/www.fiscalia.gov.co\/colombia\/#website"},"datePublished":"2023-07-08T12:14:23+00:00","dateModified":"2023-07-08T12:14:23+00:00","description":"P\u00e1gina oficial de la Fiscal\u00eda General de la Naci\u00f3n \u2013 Colombia. Garantizamos el acceso efectivo a la justicia, la verdad y la reparaci\u00f3n de las v\u00edctimas de los delitos.","breadcrumb":{"@id":"https:\/\/www.fiscalia.gov.co\/colombia\/derechos-humanos\/fiscalia-impacta-a-red-delincuencial-senalada-de-alterar-medicamentos-para-tratar-el-cancer-el-vih-la-artritis-y-las-denominadas-enfermedades-raras-o-huerfanas\/#breadcrumb"},"inLanguage":"es-CO","potentialAction":[{"@type":"ReadAction","target":["https:\/\/www.fiscalia.gov.co\/colombia\/derechos-humanos\/fiscalia-impacta-a-red-delincuencial-senalada-de-alterar-medicamentos-para-tratar-el-cancer-el-vih-la-artritis-y-las-denominadas-enfermedades-raras-o-huerfanas\/"]}]},{"@type":"BreadcrumbList","@id":"https:\/\/www.fiscalia.gov.co\/colombia\/derechos-humanos\/fiscalia-impacta-a-red-delincuencial-senalada-de-alterar-medicamentos-para-tratar-el-cancer-el-vih-la-artritis-y-las-denominadas-enfermedades-raras-o-huerfanas\/#breadcrumb","itemListElement":[{"@type":"ListItem","position":1,"name":"Home","item":"https:\/\/www.fiscalia.gov.co\/colombia\/"},{"@type":"ListItem","position":2,"name":"Fiscal\u00eda impacta a red delincuencial se\u00f1alada de alterar medicamentos para tratar el c\u00e1ncer, el VIH, la artritis y las denominadas enfermedades raras o hu\u00e9rfanas"}]},{"@type":"WebSite","@id":"https:\/\/www.fiscalia.gov.co\/colombia\/#website","url":"https:\/\/www.fiscalia.gov.co\/colombia\/","name":"Fiscal\u00eda General de la Naci\u00f3n","description":"P\u00e1gina oficial de la Fiscal\u00eda General de la Naci\u00f3n \u2013 Colombia. Garantizamos el acceso efectivo a la justicia, la verdad y la reparaci\u00f3n de las v\u00edctimas de los delitos.","publisher":{"@id":"https:\/\/www.fiscalia.gov.co\/colombia\/#organization"},"potentialAction":[{"@type":"SearchAction","target":{"@type":"EntryPoint","urlTemplate":"https:\/\/www.fiscalia.gov.co\/colombia\/?s={search_term_string}"},"query-input":{"@type":"PropertyValueSpecification","valueRequired":true,"valueName":"search_term_string"}}],"inLanguage":"es-CO"},{"@type":"Organization","@id":"https:\/\/www.fiscalia.gov.co\/colombia\/#organization","name":"Fiscal\u00eda General de la Naci\u00f3n","url":"https:\/\/www.fiscalia.gov.co\/colombia\/","logo":{"@type":"ImageObject","inLanguage":"es-CO","@id":"https:\/\/www.fiscalia.gov.co\/colombia\/#\/schema\/logo\/image\/","url":"https:\/\/www.fiscalia.gov.co\/colombia\/wp-content\/uploads\/LogoHorizontal_1.jpg","contentUrl":"https:\/\/www.fiscalia.gov.co\/colombia\/wp-content\/uploads\/LogoHorizontal_1.jpg","width":300,"height":90,"caption":"Fiscal\u00eda General de la Naci\u00f3n"},"image":{"@id":"https:\/\/www.fiscalia.gov.co\/colombia\/#\/schema\/logo\/image\/"},"sameAs":["https:\/\/www.facebook.com\/FiscaliaCol","https:\/\/x.com\/FiscaliaCol","https:\/\/www.instagram.com\/fiscaliacol","https:\/\/www.linkedin.com\/company\/fiscalia-general-de-la-naci-n\/","https:\/\/youtube.com\/@fiscaliageneraldelanacion-4668?si=6nN79nyQICPU5iTh"]},{"@type":"Person","@id":"https:\/\/www.fiscalia.gov.co\/colombia\/#\/schema\/person\/bf84402cf293a5393e9c70b111020b24","name":"Jordan Leandro Oviedo Anzola","image":{"@type":"ImageObject","inLanguage":"es-CO","@id":"https:\/\/www.fiscalia.gov.co\/colombia\/#\/schema\/person\/image\/","url":"https:\/\/secure.gravatar.com\/avatar\/dabba4346fa9b9207d96adafa8f92721?s=96&d=mm&r=g","contentUrl":"https:\/\/secure.gravatar.com\/avatar\/dabba4346fa9b9207d96adafa8f92721?s=96&d=mm&r=g","caption":"Jordan Leandro Oviedo Anzola"},"url":"https:\/\/www.fiscalia.gov.co\/colombia\/author\/joviedo\/"}]}},"_links":{"self":[{"href":"https:\/\/www.fiscalia.gov.co\/colombia\/wp-json\/wp\/v2\/posts\/274783","targetHints":{"allow":["GET"]}}],"collection":[{"href":"https:\/\/www.fiscalia.gov.co\/colombia\/wp-json\/wp\/v2\/posts"}],"about":[{"href":"https:\/\/www.fiscalia.gov.co\/colombia\/wp-json\/wp\/v2\/types\/post"}],"author":[{"embeddable":true,"href":"https:\/\/www.fiscalia.gov.co\/colombia\/wp-json\/wp\/v2\/users\/177"}],"replies":[{"embeddable":true,"href":"https:\/\/www.fiscalia.gov.co\/colombia\/wp-json\/wp\/v2\/comments?post=274783"}],"version-history":[{"count":2,"href":"https:\/\/www.fiscalia.gov.co\/colombia\/wp-json\/wp\/v2\/posts\/274783\/revisions"}],"predecessor-version":[{"id":274785,"href":"https:\/\/www.fiscalia.gov.co\/colombia\/wp-json\/wp\/v2\/posts\/274783\/revisions\/274785"}],"wp:attachment":[{"href":"https:\/\/www.fiscalia.gov.co\/colombia\/wp-json\/wp\/v2\/media?parent=274783"}],"wp:term":[{"taxonomy":"category","embeddable":true,"href":"https:\/\/www.fiscalia.gov.co\/colombia\/wp-json\/wp\/v2\/categories?post=274783"},{"taxonomy":"post_tag","embeddable":true,"href":"https:\/\/www.fiscalia.gov.co\/colombia\/wp-json\/wp\/v2\/tags?post=274783"}],"curies":[{"name":"wp","href":"https:\/\/api.w.org\/{rel}","templated":true}]}}