{"id":274780,"date":"2023-07-07T17:18:16","date_gmt":"2023-07-07T22:18:16","guid":{"rendered":"https:\/\/www.fiscalia.gov.co\/colombia\/?p=274780"},"modified":"2023-07-07T17:18:16","modified_gmt":"2023-07-07T22:18:16","slug":"judicializadas-tres-personas-que-presuntamente-transportaban-marihuana-en-san-pedro-y-bugalagrande-valle-del-cauca","status":"publish","type":"post","link":"https:\/\/www.fiscalia.gov.co\/colombia\/noticias\/judicializadas-tres-personas-que-presuntamente-transportaban-marihuana-en-san-pedro-y-bugalagrande-valle-del-cauca\/","title":{"rendered":"Judicializadas tres personas que presuntamente transportaban marihuana en San Pedro y Bugalagrande (Valle del Cauca)"},"content":{"rendered":"<p>En casos diferentes, la Fiscal\u00eda General de la Naci\u00f3n Seccional Valle del Cauca judicializ\u00f3 ante jueces de control de garant\u00edas a tres personas por el delito\u00a0de tr\u00e1fico, fabricaci\u00f3n o porte de\u00a0<a href=\"https:\/\/www.fiscalia.gov.co\/colombia\/noticias\/autoridades-impactaron-grupo-delincuencial-los-de-la-habana-por-presunto-trafico-de-estupefacientes-en-el-barrio-eduardo-santos-de-ibague\/\" target=\"_blank\" rel=\"noopener\" data-saferedirecturl=\"https:\/\/www.google.com\/url?q=https:\/\/www.fiscalia.gov.co\/colombia\/noticias\/autoridades-impactaron-grupo-delincuencial-los-de-la-habana-por-presunto-trafico-de-estupefacientes-en-el-barrio-eduardo-santos-de-ibague\/&amp;source=gmail&amp;ust=1688854273193000&amp;usg=AOvVaw1tcsMf8fPoTT_yn9J2SDSa\">estupefacientes<\/a>.<\/p>\n<figure id=\"attachment_274781\" aria-describedby=\"caption-attachment-274781\" style=\"width: 696px\" class=\"wp-caption aligncenter\"><img loading=\"lazy\" decoding=\"async\" class=\"size-large wp-image-274781\" src=\"https:\/\/www.fiscalia.gov.co\/colombia\/wp-content\/uploads\/Pareja-judicializada.-Estupefacientes.-San-Pedro-Valle-1024x774.jpg\" alt=\"En la foto aparece la pareja judicializada, de espaldas a la c\u00e1mara y con los brazos atr\u00e1s esposados, en una v\u00eda p\u00fablica. A lado y lado de ellos hay uniformados de la Polic\u00eda Nacional. En el piso se parec\u00edan varios paquetes rectangulares.\" width=\"696\" height=\"526\" srcset=\"https:\/\/www.fiscalia.gov.co\/colombia\/wp-content\/uploads\/Pareja-judicializada.-Estupefacientes.-San-Pedro-Valle-1024x774.jpg 1024w, https:\/\/www.fiscalia.gov.co\/colombia\/wp-content\/uploads\/Pareja-judicializada.-Estupefacientes.-San-Pedro-Valle-300x227.jpg 300w, https:\/\/www.fiscalia.gov.co\/colombia\/wp-content\/uploads\/Pareja-judicializada.-Estupefacientes.-San-Pedro-Valle-768x581.jpg 768w, https:\/\/www.fiscalia.gov.co\/colombia\/wp-content\/uploads\/Pareja-judicializada.-Estupefacientes.-San-Pedro-Valle-696x526.jpg 696w, https:\/\/www.fiscalia.gov.co\/colombia\/wp-content\/uploads\/Pareja-judicializada.-Estupefacientes.-San-Pedro-Valle-1068x808.jpg 1068w, https:\/\/www.fiscalia.gov.co\/colombia\/wp-content\/uploads\/Pareja-judicializada.-Estupefacientes.-San-Pedro-Valle-555x420.jpg 555w, https:\/\/www.fiscalia.gov.co\/colombia\/wp-content\/uploads\/Pareja-judicializada.-Estupefacientes.-San-Pedro-Valle-80x60.jpg 80w, https:\/\/www.fiscalia.gov.co\/colombia\/wp-content\/uploads\/Pareja-judicializada.-Estupefacientes.-San-Pedro-Valle.jpg 1272w\" sizes=\"auto, (max-width: 696px) 100vw, 696px\" \/><figcaption id=\"caption-attachment-274781\" class=\"wp-caption-text\">Una pareja fue judicializada y enviada a la c\u00e1rcel porque presuntamente transportaban m\u00e1s de 90 kilos de marihuana, en jurisdicci\u00f3n del municipio de San Pedro (Valle del Cauca).<\/figcaption><\/figure>\n<p>El primer hecho se registr\u00f3 en el municipio de\u00a0San Pedro, donde fueron capturados en flagrancia por uniformados de la Polic\u00eda Nacional,\u00a0Alejandro\u00a0 Gonz\u00e1lez Arango y Leidy Bibiana Zapata Hern\u00e1ndez,\u00a0quienes fueron sorprendidos transportando en un veh\u00edculo\u00a014 paquetes que, seg\u00fan el an\u00e1lisis qu\u00edmico preliminar dio positivo para marihuana, con un peso neto de 90. 440 gramos.<\/p>\n<p>Asimismo, en Bugalagrande en un registro realizado por la Polic\u00eda de Carreteras fue requerido\u00a0Ramiro Casta\u00f1eda Amaya, quien se movilizaban en una motocicleta. En medio de la requisa, los uniformados le habr\u00edan hallado\u00a020 paquetes rectangulares de\u00a0marihuana, con un peso total de 20 kilos.<\/p>\n<p>Por decisi\u00f3n de los\u00a0 jueces, los hoy imputados deben cumplir la medida de aseguramiento en centros carcelarios.<\/p>\n<p>Esta informaci\u00f3n se publica por razones de inter\u00e9s general.<\/p>\n<p><b><u>La Fiscal\u00eda habla con resultados.<\/u><\/b><\/p>\n<p>&nbsp;<\/p>\n<p>&nbsp;<\/p>\n<p>&nbsp;<\/p>\n<p>&nbsp;<\/p>\n<p>&nbsp;<\/p>\n<p>&nbsp;<\/p>\n<p>MAP\/MG\/PDPM\/DSVC\/<\/p>\n<p>&nbsp;<\/p>\n<p align=\"center\">\n<p>&nbsp;<\/p>\n<p>&nbsp;<\/p>\n<p>&nbsp;<\/p>\n<p>&nbsp;<\/p>\n<p>&nbsp;<\/p>\n<div class=\"td-post-content tagdiv-type\">\n<p><em>La informaci\u00f3n contenida en este bolet\u00edn de prensa corresponde a la narraci\u00f3n de los hechos noticiosos objetivos, y las investigaciones penales al interior de la Fiscal\u00eda General de la Naci\u00f3n. Para el momento de la divulgaci\u00f3n de este comunicado, la situaci\u00f3n jur\u00eddica de la(s) persona(s) relacionada(s) se encuentra pendiente de resolver por la autoridad judicial competente, siempre bajo los preceptos de la presunci\u00f3n de inocencia, consagrados en el art\u00edculo 29 de la Constituci\u00f3n Pol\u00edtica y el art\u00edculo 7\u00ba de la Ley 906 de 2004.<\/em><em>\u00a0<\/em><\/p>\n<\/div>\n\n<div class=\"twitter-share\"><a href=\"https:\/\/twitter.com\/intent\/tweet?via=fiscaliacol\" class=\"twitter-share-button\">Tweet<\/a><\/div>\n","protected":false},"excerpt":{"rendered":"<p>En casos diferentes, la Fiscal\u00eda General de la Naci\u00f3n Seccional Valle del Cauca judicializ\u00f3 ante jueces de control de garant\u00edas a tres personas por el delito\u00a0de tr\u00e1fico, fabricaci\u00f3n o porte de\u00a0estupefacientes. El primer hecho se registr\u00f3 en el municipio de\u00a0San Pedro, donde fueron capturados en flagrancia por uniformados de la Polic\u00eda Nacional,\u00a0Alejandro\u00a0 Gonz\u00e1lez Arango y [&hellip;]<\/p>\n","protected":false},"author":177,"featured_media":0,"comment_status":"closed","ping_status":"open","sticky":false,"template":"","format":"standard","meta":{"_price":"","_stock":"","_tribe_ticket_header":"","_tribe_default_ticket_provider":"","_tribe_ticket_capacity":"0","_ticket_start_date":"","_ticket_end_date":"","_tribe_ticket_show_description":"","_tribe_ticket_show_not_going":false,"_tribe_ticket_use_global_stock":"","_tribe_ticket_global_stock_level":"","_global_stock_mode":"","_global_stock_cap":"","_tribe_rsvp_for_event":"","_tribe_ticket_going_count":"","_tribe_ticket_not_going_count":"","_tribe_tickets_list":"[]","_tribe_ticket_has_attendee_info_fields":false,"tdm_status":"","tdm_grid_status":"","footnotes":""},"categories":[1,324,303,24103],"tags":[8010,25070,11533,78,24187,7169,17598,1264,1185,1090,14766,24584,35067,29437,916,35068],"class_list":{"0":"post-274780","1":"post","2":"type-post","3":"status-publish","4":"format-standard","6":"category-noticias","7":"category-seccional-cali","8":"category-seccionales","9":"category-trafico-de-estupefacientes","10":"tag-capturados","11":"tag-centros-carcelarios","12":"tag-fabricacion-o-porte-de-estupefacientes","13":"tag-fiscal-general-de-la-nacion","14":"tag-fiscalia-colombia","15":"tag-flagrancia","16":"tag-hombre","17":"tag-marihuana","18":"tag-medida-de-aseguramiento","19":"tag-motocicleta","20":"tag-pareja","21":"tag-privativa-de-la-libertad","22":"tag-san-pedro-y-bugalagrande-valle-del-cauca","23":"tag-seccional-valle-del-cauca","24":"tag-trafico","25":"tag-vehiculo-particular"},"yoast_head":"<!-- This site is optimized with the Yoast SEO plugin v24.3 - https:\/\/yoast.com\/wordpress\/plugins\/seo\/ -->\n<title>Fiscal\u00eda General de la Naci\u00f3n<\/title>\n<meta name=\"description\" content=\"P\u00e1gina oficial de la Fiscal\u00eda General de la Naci\u00f3n \u2013 Colombia. Garantizamos el acceso efectivo a la justicia, la verdad y la reparaci\u00f3n de las v\u00edctimas de los delitos.\" \/>\n<meta name=\"robots\" content=\"noindex, follow\" \/>\n<meta property=\"og:locale\" content=\"es_ES\" \/>\n<meta property=\"og:type\" content=\"article\" \/>\n<meta property=\"og:title\" content=\"Fiscal\u00eda General de la Naci\u00f3n\" \/>\n<meta property=\"og:description\" content=\"P\u00e1gina oficial de la Fiscal\u00eda General de la Naci\u00f3n \u2013 Colombia. Garantizamos el acceso efectivo a la justicia, la verdad y la reparaci\u00f3n de las v\u00edctimas de los delitos.\" \/>\n<meta property=\"og:url\" content=\"https:\/\/www.fiscalia.gov.co\/colombia\/noticias\/judicializadas-tres-personas-que-presuntamente-transportaban-marihuana-en-san-pedro-y-bugalagrande-valle-del-cauca\/\" \/>\n<meta property=\"og:site_name\" content=\"Fiscal\u00eda General de la Naci\u00f3n\" \/>\n<meta property=\"article:publisher\" content=\"https:\/\/www.facebook.com\/FiscaliaCol\" \/>\n<meta property=\"article:published_time\" content=\"2023-07-07T22:18:16+00:00\" \/>\n<meta property=\"og:image\" content=\"https:\/\/www.fiscalia.gov.co\/colombia\/wp-content\/uploads\/Pareja-judicializada.-Estupefacientes.-San-Pedro-Valle-1024x774.jpg\" \/>\n<meta name=\"author\" content=\"Jordan Leandro Oviedo Anzola\" \/>\n<meta name=\"twitter:card\" content=\"summary_large_image\" \/>\n<meta name=\"twitter:creator\" content=\"@FiscaliaCol\" \/>\n<meta name=\"twitter:site\" content=\"@FiscaliaCol\" \/>\n<meta name=\"twitter:label1\" content=\"Escrito por\" \/>\n\t<meta name=\"twitter:data1\" content=\"Jordan Leandro Oviedo Anzola\" \/>\n\t<meta name=\"twitter:label2\" content=\"Tiempo de lectura\" \/>\n\t<meta name=\"twitter:data2\" content=\"2 minutos\" \/>\n<script type=\"application\/ld+json\" class=\"yoast-schema-graph\">{\"@context\":\"https:\/\/schema.org\",\"@graph\":[{\"@type\":\"Article\",\"@id\":\"https:\/\/www.fiscalia.gov.co\/colombia\/noticias\/judicializadas-tres-personas-que-presuntamente-transportaban-marihuana-en-san-pedro-y-bugalagrande-valle-del-cauca\/#article\",\"isPartOf\":{\"@id\":\"https:\/\/www.fiscalia.gov.co\/colombia\/noticias\/judicializadas-tres-personas-que-presuntamente-transportaban-marihuana-en-san-pedro-y-bugalagrande-valle-del-cauca\/\"},\"author\":{\"name\":\"Jordan Leandro Oviedo Anzola\",\"@id\":\"https:\/\/www.fiscalia.gov.co\/colombia\/#\/schema\/person\/bf84402cf293a5393e9c70b111020b24\"},\"headline\":\"Judicializadas tres personas que presuntamente transportaban marihuana en San Pedro y Bugalagrande (Valle del Cauca)\",\"datePublished\":\"2023-07-07T22:18:16+00:00\",\"dateModified\":\"2023-07-07T22:18:16+00:00\",\"mainEntityOfPage\":{\"@id\":\"https:\/\/www.fiscalia.gov.co\/colombia\/noticias\/judicializadas-tres-personas-que-presuntamente-transportaban-marihuana-en-san-pedro-y-bugalagrande-valle-del-cauca\/\"},\"wordCount\":344,\"publisher\":{\"@id\":\"https:\/\/www.fiscalia.gov.co\/colombia\/#organization\"},\"image\":{\"@id\":\"https:\/\/www.fiscalia.gov.co\/colombia\/noticias\/judicializadas-tres-personas-que-presuntamente-transportaban-marihuana-en-san-pedro-y-bugalagrande-valle-del-cauca\/#primaryimage\"},\"thumbnailUrl\":\"https:\/\/www.fiscalia.gov.co\/colombia\/wp-content\/uploads\/Pareja-judicializada.-Estupefacientes.-San-Pedro-Valle-1024x774.jpg\",\"keywords\":[\"Capturados\",\"centros carcelarios\",\"fabricaci\u00f3n o porte de estupefacientes\",\"Fiscal General de la Naci\u00f3n\",\"Fiscal\u00eda Colombia\",\"Flagrancia\",\"Hombre\",\"Marihuana\",\"Medida de aseguramiento\",\"Motocicleta\",\"Pareja\",\"privativa de la libertad.\",\"San Pedro y Bugalagrande\u00a0(Valle del Cauca)\",\"Seccional Valle del Cauca\",\"Tr\u00e1fico\",\"veh\u00edculo particular\"],\"articleSection\":[\"Noticias\",\"Seccional Cali\",\"Seccionales\",\"Tr\u00e1fico de estupefacientes\"],\"inLanguage\":\"es-CO\"},{\"@type\":\"WebPage\",\"@id\":\"https:\/\/www.fiscalia.gov.co\/colombia\/noticias\/judicializadas-tres-personas-que-presuntamente-transportaban-marihuana-en-san-pedro-y-bugalagrande-valle-del-cauca\/\",\"url\":\"https:\/\/www.fiscalia.gov.co\/colombia\/noticias\/judicializadas-tres-personas-que-presuntamente-transportaban-marihuana-en-san-pedro-y-bugalagrande-valle-del-cauca\/\",\"name\":\"Fiscal\u00eda General de la Naci\u00f3n\",\"isPartOf\":{\"@id\":\"https:\/\/www.fiscalia.gov.co\/colombia\/#website\"},\"primaryImageOfPage\":{\"@id\":\"https:\/\/www.fiscalia.gov.co\/colombia\/noticias\/judicializadas-tres-personas-que-presuntamente-transportaban-marihuana-en-san-pedro-y-bugalagrande-valle-del-cauca\/#primaryimage\"},\"image\":{\"@id\":\"https:\/\/www.fiscalia.gov.co\/colombia\/noticias\/judicializadas-tres-personas-que-presuntamente-transportaban-marihuana-en-san-pedro-y-bugalagrande-valle-del-cauca\/#primaryimage\"},\"thumbnailUrl\":\"https:\/\/www.fiscalia.gov.co\/colombia\/wp-content\/uploads\/Pareja-judicializada.-Estupefacientes.-San-Pedro-Valle-1024x774.jpg\",\"datePublished\":\"2023-07-07T22:18:16+00:00\",\"dateModified\":\"2023-07-07T22:18:16+00:00\",\"description\":\"P\u00e1gina oficial de la Fiscal\u00eda General de la Naci\u00f3n \u2013 Colombia. Garantizamos el acceso efectivo a la justicia, la verdad y la reparaci\u00f3n de las v\u00edctimas de los delitos.\",\"breadcrumb\":{\"@id\":\"https:\/\/www.fiscalia.gov.co\/colombia\/noticias\/judicializadas-tres-personas-que-presuntamente-transportaban-marihuana-en-san-pedro-y-bugalagrande-valle-del-cauca\/#breadcrumb\"},\"inLanguage\":\"es-CO\",\"potentialAction\":[{\"@type\":\"ReadAction\",\"target\":[\"https:\/\/www.fiscalia.gov.co\/colombia\/noticias\/judicializadas-tres-personas-que-presuntamente-transportaban-marihuana-en-san-pedro-y-bugalagrande-valle-del-cauca\/\"]}]},{\"@type\":\"ImageObject\",\"inLanguage\":\"es-CO\",\"@id\":\"https:\/\/www.fiscalia.gov.co\/colombia\/noticias\/judicializadas-tres-personas-que-presuntamente-transportaban-marihuana-en-san-pedro-y-bugalagrande-valle-del-cauca\/#primaryimage\",\"url\":\"https:\/\/www.fiscalia.gov.co\/colombia\/wp-content\/uploads\/Pareja-judicializada.-Estupefacientes.-San-Pedro-Valle.jpg\",\"contentUrl\":\"https:\/\/www.fiscalia.gov.co\/colombia\/wp-content\/uploads\/Pareja-judicializada.-Estupefacientes.-San-Pedro-Valle.jpg\",\"width\":1272,\"height\":962,\"caption\":\"Una pareja fue judicializada y enviada a la c\u00e1rcel porque presuntamente transportaban m\u00e1s de 90 kilos de marihuana, en jurisdicci\u00f3n del municipio de San Pedro (Valle del Cauca).\"},{\"@type\":\"BreadcrumbList\",\"@id\":\"https:\/\/www.fiscalia.gov.co\/colombia\/noticias\/judicializadas-tres-personas-que-presuntamente-transportaban-marihuana-en-san-pedro-y-bugalagrande-valle-del-cauca\/#breadcrumb\",\"itemListElement\":[{\"@type\":\"ListItem\",\"position\":1,\"name\":\"Home\",\"item\":\"https:\/\/www.fiscalia.gov.co\/colombia\/\"},{\"@type\":\"ListItem\",\"position\":2,\"name\":\"Judicializadas tres personas que presuntamente transportaban marihuana en San Pedro y Bugalagrande (Valle del Cauca)\"}]},{\"@type\":\"WebSite\",\"@id\":\"https:\/\/www.fiscalia.gov.co\/colombia\/#website\",\"url\":\"https:\/\/www.fiscalia.gov.co\/colombia\/\",\"name\":\"Fiscal\u00eda General de la Naci\u00f3n\",\"description\":\"P\u00e1gina oficial de la Fiscal\u00eda General de la Naci\u00f3n \u2013 Colombia. Garantizamos el acceso efectivo a la justicia, la verdad y la reparaci\u00f3n de las v\u00edctimas de los delitos.\",\"publisher\":{\"@id\":\"https:\/\/www.fiscalia.gov.co\/colombia\/#organization\"},\"potentialAction\":[{\"@type\":\"SearchAction\",\"target\":{\"@type\":\"EntryPoint\",\"urlTemplate\":\"https:\/\/www.fiscalia.gov.co\/colombia\/?s={search_term_string}\"},\"query-input\":{\"@type\":\"PropertyValueSpecification\",\"valueRequired\":true,\"valueName\":\"search_term_string\"}}],\"inLanguage\":\"es-CO\"},{\"@type\":\"Organization\",\"@id\":\"https:\/\/www.fiscalia.gov.co\/colombia\/#organization\",\"name\":\"Fiscal\u00eda General de la Naci\u00f3n\",\"url\":\"https:\/\/www.fiscalia.gov.co\/colombia\/\",\"logo\":{\"@type\":\"ImageObject\",\"inLanguage\":\"es-CO\",\"@id\":\"https:\/\/www.fiscalia.gov.co\/colombia\/#\/schema\/logo\/image\/\",\"url\":\"https:\/\/www.fiscalia.gov.co\/colombia\/wp-content\/uploads\/LogoHorizontal_1.jpg\",\"contentUrl\":\"https:\/\/www.fiscalia.gov.co\/colombia\/wp-content\/uploads\/LogoHorizontal_1.jpg\",\"width\":300,\"height\":90,\"caption\":\"Fiscal\u00eda General de la Naci\u00f3n\"},\"image\":{\"@id\":\"https:\/\/www.fiscalia.gov.co\/colombia\/#\/schema\/logo\/image\/\"},\"sameAs\":[\"https:\/\/www.facebook.com\/FiscaliaCol\",\"https:\/\/x.com\/FiscaliaCol\",\"https:\/\/www.instagram.com\/fiscaliacol\",\"https:\/\/www.linkedin.com\/company\/fiscalia-general-de-la-naci-n\/\",\"https:\/\/youtube.com\/@fiscaliageneraldelanacion-4668?si=6nN79nyQICPU5iTh\"]},{\"@type\":\"Person\",\"@id\":\"https:\/\/www.fiscalia.gov.co\/colombia\/#\/schema\/person\/bf84402cf293a5393e9c70b111020b24\",\"name\":\"Jordan Leandro Oviedo Anzola\",\"image\":{\"@type\":\"ImageObject\",\"inLanguage\":\"es-CO\",\"@id\":\"https:\/\/www.fiscalia.gov.co\/colombia\/#\/schema\/person\/image\/\",\"url\":\"https:\/\/secure.gravatar.com\/avatar\/dabba4346fa9b9207d96adafa8f92721?s=96&d=mm&r=g\",\"contentUrl\":\"https:\/\/secure.gravatar.com\/avatar\/dabba4346fa9b9207d96adafa8f92721?s=96&d=mm&r=g\",\"caption\":\"Jordan Leandro Oviedo Anzola\"},\"url\":\"https:\/\/www.fiscalia.gov.co\/colombia\/author\/joviedo\/\"}]}<\/script>\n<!-- \/ Yoast SEO plugin. -->","yoast_head_json":{"title":"Fiscal\u00eda General de la Naci\u00f3n","description":"P\u00e1gina oficial de la Fiscal\u00eda General de la Naci\u00f3n \u2013 Colombia. Garantizamos el acceso efectivo a la justicia, la verdad y la reparaci\u00f3n de las v\u00edctimas de los delitos.","robots":{"index":"noindex","follow":"follow"},"og_locale":"es_ES","og_type":"article","og_title":"Fiscal\u00eda General de la Naci\u00f3n","og_description":"P\u00e1gina oficial de la Fiscal\u00eda General de la Naci\u00f3n \u2013 Colombia. Garantizamos el acceso efectivo a la justicia, la verdad y la reparaci\u00f3n de las v\u00edctimas de los delitos.","og_url":"https:\/\/www.fiscalia.gov.co\/colombia\/noticias\/judicializadas-tres-personas-que-presuntamente-transportaban-marihuana-en-san-pedro-y-bugalagrande-valle-del-cauca\/","og_site_name":"Fiscal\u00eda General de la Naci\u00f3n","article_publisher":"https:\/\/www.facebook.com\/FiscaliaCol","article_published_time":"2023-07-07T22:18:16+00:00","og_image":[{"url":"https:\/\/www.fiscalia.gov.co\/colombia\/wp-content\/uploads\/Pareja-judicializada.-Estupefacientes.-San-Pedro-Valle-1024x774.jpg","type":"","width":"","height":""}],"author":"Jordan Leandro Oviedo Anzola","twitter_card":"summary_large_image","twitter_creator":"@FiscaliaCol","twitter_site":"@FiscaliaCol","twitter_misc":{"Escrito por":"Jordan Leandro Oviedo Anzola","Tiempo de lectura":"2 minutos"},"schema":{"@context":"https:\/\/schema.org","@graph":[{"@type":"Article","@id":"https:\/\/www.fiscalia.gov.co\/colombia\/noticias\/judicializadas-tres-personas-que-presuntamente-transportaban-marihuana-en-san-pedro-y-bugalagrande-valle-del-cauca\/#article","isPartOf":{"@id":"https:\/\/www.fiscalia.gov.co\/colombia\/noticias\/judicializadas-tres-personas-que-presuntamente-transportaban-marihuana-en-san-pedro-y-bugalagrande-valle-del-cauca\/"},"author":{"name":"Jordan Leandro Oviedo Anzola","@id":"https:\/\/www.fiscalia.gov.co\/colombia\/#\/schema\/person\/bf84402cf293a5393e9c70b111020b24"},"headline":"Judicializadas tres personas que presuntamente transportaban marihuana en San Pedro y Bugalagrande (Valle del Cauca)","datePublished":"2023-07-07T22:18:16+00:00","dateModified":"2023-07-07T22:18:16+00:00","mainEntityOfPage":{"@id":"https:\/\/www.fiscalia.gov.co\/colombia\/noticias\/judicializadas-tres-personas-que-presuntamente-transportaban-marihuana-en-san-pedro-y-bugalagrande-valle-del-cauca\/"},"wordCount":344,"publisher":{"@id":"https:\/\/www.fiscalia.gov.co\/colombia\/#organization"},"image":{"@id":"https:\/\/www.fiscalia.gov.co\/colombia\/noticias\/judicializadas-tres-personas-que-presuntamente-transportaban-marihuana-en-san-pedro-y-bugalagrande-valle-del-cauca\/#primaryimage"},"thumbnailUrl":"https:\/\/www.fiscalia.gov.co\/colombia\/wp-content\/uploads\/Pareja-judicializada.-Estupefacientes.-San-Pedro-Valle-1024x774.jpg","keywords":["Capturados","centros carcelarios","fabricaci\u00f3n o porte de estupefacientes","Fiscal General de la Naci\u00f3n","Fiscal\u00eda Colombia","Flagrancia","Hombre","Marihuana","Medida de aseguramiento","Motocicleta","Pareja","privativa de la libertad.","San Pedro y Bugalagrande\u00a0(Valle del Cauca)","Seccional Valle del Cauca","Tr\u00e1fico","veh\u00edculo particular"],"articleSection":["Noticias","Seccional Cali","Seccionales","Tr\u00e1fico de estupefacientes"],"inLanguage":"es-CO"},{"@type":"WebPage","@id":"https:\/\/www.fiscalia.gov.co\/colombia\/noticias\/judicializadas-tres-personas-que-presuntamente-transportaban-marihuana-en-san-pedro-y-bugalagrande-valle-del-cauca\/","url":"https:\/\/www.fiscalia.gov.co\/colombia\/noticias\/judicializadas-tres-personas-que-presuntamente-transportaban-marihuana-en-san-pedro-y-bugalagrande-valle-del-cauca\/","name":"Fiscal\u00eda General de la Naci\u00f3n","isPartOf":{"@id":"https:\/\/www.fiscalia.gov.co\/colombia\/#website"},"primaryImageOfPage":{"@id":"https:\/\/www.fiscalia.gov.co\/colombia\/noticias\/judicializadas-tres-personas-que-presuntamente-transportaban-marihuana-en-san-pedro-y-bugalagrande-valle-del-cauca\/#primaryimage"},"image":{"@id":"https:\/\/www.fiscalia.gov.co\/colombia\/noticias\/judicializadas-tres-personas-que-presuntamente-transportaban-marihuana-en-san-pedro-y-bugalagrande-valle-del-cauca\/#primaryimage"},"thumbnailUrl":"https:\/\/www.fiscalia.gov.co\/colombia\/wp-content\/uploads\/Pareja-judicializada.-Estupefacientes.-San-Pedro-Valle-1024x774.jpg","datePublished":"2023-07-07T22:18:16+00:00","dateModified":"2023-07-07T22:18:16+00:00","description":"P\u00e1gina oficial de la Fiscal\u00eda General de la Naci\u00f3n \u2013 Colombia. Garantizamos el acceso efectivo a la justicia, la verdad y la reparaci\u00f3n de las v\u00edctimas de los delitos.","breadcrumb":{"@id":"https:\/\/www.fiscalia.gov.co\/colombia\/noticias\/judicializadas-tres-personas-que-presuntamente-transportaban-marihuana-en-san-pedro-y-bugalagrande-valle-del-cauca\/#breadcrumb"},"inLanguage":"es-CO","potentialAction":[{"@type":"ReadAction","target":["https:\/\/www.fiscalia.gov.co\/colombia\/noticias\/judicializadas-tres-personas-que-presuntamente-transportaban-marihuana-en-san-pedro-y-bugalagrande-valle-del-cauca\/"]}]},{"@type":"ImageObject","inLanguage":"es-CO","@id":"https:\/\/www.fiscalia.gov.co\/colombia\/noticias\/judicializadas-tres-personas-que-presuntamente-transportaban-marihuana-en-san-pedro-y-bugalagrande-valle-del-cauca\/#primaryimage","url":"https:\/\/www.fiscalia.gov.co\/colombia\/wp-content\/uploads\/Pareja-judicializada.-Estupefacientes.-San-Pedro-Valle.jpg","contentUrl":"https:\/\/www.fiscalia.gov.co\/colombia\/wp-content\/uploads\/Pareja-judicializada.-Estupefacientes.-San-Pedro-Valle.jpg","width":1272,"height":962,"caption":"Una pareja fue judicializada y enviada a la c\u00e1rcel porque presuntamente transportaban m\u00e1s de 90 kilos de marihuana, en jurisdicci\u00f3n del municipio de San Pedro (Valle del Cauca)."},{"@type":"BreadcrumbList","@id":"https:\/\/www.fiscalia.gov.co\/colombia\/noticias\/judicializadas-tres-personas-que-presuntamente-transportaban-marihuana-en-san-pedro-y-bugalagrande-valle-del-cauca\/#breadcrumb","itemListElement":[{"@type":"ListItem","position":1,"name":"Home","item":"https:\/\/www.fiscalia.gov.co\/colombia\/"},{"@type":"ListItem","position":2,"name":"Judicializadas tres personas que presuntamente transportaban marihuana en San Pedro y Bugalagrande (Valle del Cauca)"}]},{"@type":"WebSite","@id":"https:\/\/www.fiscalia.gov.co\/colombia\/#website","url":"https:\/\/www.fiscalia.gov.co\/colombia\/","name":"Fiscal\u00eda General de la Naci\u00f3n","description":"P\u00e1gina oficial de la Fiscal\u00eda General de la Naci\u00f3n \u2013 Colombia. Garantizamos el acceso efectivo a la justicia, la verdad y la reparaci\u00f3n de las v\u00edctimas de los delitos.","publisher":{"@id":"https:\/\/www.fiscalia.gov.co\/colombia\/#organization"},"potentialAction":[{"@type":"SearchAction","target":{"@type":"EntryPoint","urlTemplate":"https:\/\/www.fiscalia.gov.co\/colombia\/?s={search_term_string}"},"query-input":{"@type":"PropertyValueSpecification","valueRequired":true,"valueName":"search_term_string"}}],"inLanguage":"es-CO"},{"@type":"Organization","@id":"https:\/\/www.fiscalia.gov.co\/colombia\/#organization","name":"Fiscal\u00eda General de la Naci\u00f3n","url":"https:\/\/www.fiscalia.gov.co\/colombia\/","logo":{"@type":"ImageObject","inLanguage":"es-CO","@id":"https:\/\/www.fiscalia.gov.co\/colombia\/#\/schema\/logo\/image\/","url":"https:\/\/www.fiscalia.gov.co\/colombia\/wp-content\/uploads\/LogoHorizontal_1.jpg","contentUrl":"https:\/\/www.fiscalia.gov.co\/colombia\/wp-content\/uploads\/LogoHorizontal_1.jpg","width":300,"height":90,"caption":"Fiscal\u00eda General de la Naci\u00f3n"},"image":{"@id":"https:\/\/www.fiscalia.gov.co\/colombia\/#\/schema\/logo\/image\/"},"sameAs":["https:\/\/www.facebook.com\/FiscaliaCol","https:\/\/x.com\/FiscaliaCol","https:\/\/www.instagram.com\/fiscaliacol","https:\/\/www.linkedin.com\/company\/fiscalia-general-de-la-naci-n\/","https:\/\/youtube.com\/@fiscaliageneraldelanacion-4668?si=6nN79nyQICPU5iTh"]},{"@type":"Person","@id":"https:\/\/www.fiscalia.gov.co\/colombia\/#\/schema\/person\/bf84402cf293a5393e9c70b111020b24","name":"Jordan Leandro Oviedo Anzola","image":{"@type":"ImageObject","inLanguage":"es-CO","@id":"https:\/\/www.fiscalia.gov.co\/colombia\/#\/schema\/person\/image\/","url":"https:\/\/secure.gravatar.com\/avatar\/dabba4346fa9b9207d96adafa8f92721?s=96&d=mm&r=g","contentUrl":"https:\/\/secure.gravatar.com\/avatar\/dabba4346fa9b9207d96adafa8f92721?s=96&d=mm&r=g","caption":"Jordan Leandro Oviedo Anzola"},"url":"https:\/\/www.fiscalia.gov.co\/colombia\/author\/joviedo\/"}]}},"_links":{"self":[{"href":"https:\/\/www.fiscalia.gov.co\/colombia\/wp-json\/wp\/v2\/posts\/274780","targetHints":{"allow":["GET"]}}],"collection":[{"href":"https:\/\/www.fiscalia.gov.co\/colombia\/wp-json\/wp\/v2\/posts"}],"about":[{"href":"https:\/\/www.fiscalia.gov.co\/colombia\/wp-json\/wp\/v2\/types\/post"}],"author":[{"embeddable":true,"href":"https:\/\/www.fiscalia.gov.co\/colombia\/wp-json\/wp\/v2\/users\/177"}],"replies":[{"embeddable":true,"href":"https:\/\/www.fiscalia.gov.co\/colombia\/wp-json\/wp\/v2\/comments?post=274780"}],"version-history":[{"count":1,"href":"https:\/\/www.fiscalia.gov.co\/colombia\/wp-json\/wp\/v2\/posts\/274780\/revisions"}],"predecessor-version":[{"id":274782,"href":"https:\/\/www.fiscalia.gov.co\/colombia\/wp-json\/wp\/v2\/posts\/274780\/revisions\/274782"}],"wp:attachment":[{"href":"https:\/\/www.fiscalia.gov.co\/colombia\/wp-json\/wp\/v2\/media?parent=274780"}],"wp:term":[{"taxonomy":"category","embeddable":true,"href":"https:\/\/www.fiscalia.gov.co\/colombia\/wp-json\/wp\/v2\/categories?post=274780"},{"taxonomy":"post_tag","embeddable":true,"href":"https:\/\/www.fiscalia.gov.co\/colombia\/wp-json\/wp\/v2\/tags?post=274780"}],"curies":[{"name":"wp","href":"https:\/\/api.w.org\/{rel}","templated":true}]}}