{"id":274775,"date":"2023-07-07T17:04:36","date_gmt":"2023-07-07T22:04:36","guid":{"rendered":"https:\/\/www.fiscalia.gov.co\/colombia\/?p=274775"},"modified":"2023-07-10T09:03:37","modified_gmt":"2023-07-10T14:03:37","slug":"dos-hermanos-fueron-capturados-por-su-presunta-participacion-en-el-homicidio-de-mujer-de-66-anos-en-zona-rural-de-purificacion-tolima","status":"publish","type":"post","link":"https:\/\/www.fiscalia.gov.co\/colombia\/noticias\/dos-hermanos-fueron-capturados-por-su-presunta-participacion-en-el-homicidio-de-mujer-de-66-anos-en-zona-rural-de-purificacion-tolima\/","title":{"rendered":"Dos hermanos fueron capturados por su presunta participaci\u00f3n en el homicidio de mujer de 66 a\u00f1os en zona rural de Purificaci\u00f3n, Tolima"},"content":{"rendered":"<h4><strong><i>Se aprovechar\u00edan de la confianza que ella deposit\u00f3 en ellos, d\u00e1ndoles hospedaje en su casa, para atacarla con el fin de robarle 400 mil pesos que habr\u00eda recogido para pagar una promesa.<\/i><\/strong><\/h4>\n<p>Gracias a un trabajo coordinado entre personal del Cuerpo T\u00e9cnico de Investigaci\u00f3n CTI, el Ej\u00e9rcito Nacional e integrantes de polic\u00eda de vigilancia, en zona rural de Marip\u00ed (Boyac\u00e1) se logr\u00f3 la captura de V\u00edctor Alfonso y Asdr\u00fabal Eduardo Pineda C\u00e1rdenas por el delito de homicidio agravado y hurto calificado y agravado.<\/p>\n<p>Los hermanos de 19 y 21 a\u00f1os respectivamente, est\u00e1n siendo investigados por hechos ocurridos el 6 de junio del a\u00f1o en curso en la vereda El Tigre, zona rural de Purificaci\u00f3n (Tolima), donde fue asesinada Elvira Quimbayo Cabezas.<\/p>\n<p>La v\u00edctima de 66 a\u00f1os de edad fue atacada con arma blanca; seg\u00fan lo conocido de manera preliminar por la Fiscal\u00eda, con el objetivo de hurtarle varios elementos de valor y dinero en efectivo que ten\u00eda en su vivienda producto de limosnas que hab\u00eda recogido con el fin, de pagar una promesa.<\/p>\n<p>Los j\u00f3venes se encontraban en su casa, donde amablemente ella los hosped\u00f3, procedentes de Boyac\u00e1, y aprovech\u00e1ndose de esa confianza, habr\u00edan ocurrido los hechos.<\/p>\n<p>Labores investigativas permitieron establecer la presunta culpabilidad de los hermanos quienes una vez cometido el crimen, escaparon del municipio tolimense, logr\u00e1ndose ubicar gracias a interceptaciones en el municipio boyacense.<\/p>\n<p>Durante las audiencias de rigor no aceptaron los cargos enrostrados por el delegado fiscal y fueron enviados a la c\u00e1rcel como medida de aseguramiento preventiva.<\/p>\n<p><b><u>La Fiscal\u00eda habla con resultados.<\/u><\/b><\/p>\n<p>&nbsp;<\/p>\n<p>&nbsp;<\/p>\n<p>&nbsp;<\/p>\n<p>&nbsp;<\/p>\n<p>&nbsp;<\/p>\n<p>&nbsp;<\/p>\n<p>PAAM\/FAGH\/CP\/AMBV\/DST<\/p>\n<p>&nbsp;<\/p>\n<p align=\"center\"><b><u>\u00a0<\/u><\/b><\/p>\n<p>&nbsp;<\/p>\n<p>&nbsp;<\/p>\n<div class=\"td-post-content tagdiv-type\">\n<div class=\"td-post-content tagdiv-type\">\n<div class=\"td-post-content tagdiv-type\">\n<div class=\"td-post-content tagdiv-type\">\n<div class=\"td-post-content tagdiv-type\">\n<div class=\"td-post-content tagdiv-type\">\n<p><i>La informaci\u00f3n contenida en este bolet\u00edn de prensa corresponde a la narraci\u00f3n de los hechos noticiosos objetivos, suministrados por los funcionarios encargados de adelantar las investigaciones penales al interior de la Fiscal\u00eda General de la Naci\u00f3n. Para el momento de la divulgaci\u00f3n de este comunicado, la situaci\u00f3n jur\u00eddica de la(s) persona(s) relacionada(s) se encuentra pendiente de resolver por la autoridad judicial competente, siempre bajo los preceptos de la presunci\u00f3n de inocencia, consagrados en el art\u00edculo 29 de la Constituci\u00f3n Pol\u00edtica y el art\u00edculo 7\u00ba de la Ley 906 de 2004.<\/i><\/p>\n<\/div>\n<\/div>\n<\/div>\n<\/div>\n<\/div>\n<\/div>\n\n<div class=\"twitter-share\"><a href=\"https:\/\/twitter.com\/intent\/tweet?via=fiscaliacol\" class=\"twitter-share-button\">Tweet<\/a><\/div>\n","protected":false},"excerpt":{"rendered":"<p>Se aprovechar\u00edan de la confianza que ella deposit\u00f3 en ellos, d\u00e1ndoles hospedaje en su casa, para atacarla con el fin de robarle 400 mil pesos que habr\u00eda recogido para pagar una promesa. Gracias a un trabajo coordinado entre personal del Cuerpo T\u00e9cnico de Investigaci\u00f3n CTI, el Ej\u00e9rcito Nacional e integrantes de polic\u00eda de vigilancia, en [&hellip;]<\/p>\n","protected":false},"author":177,"featured_media":0,"comment_status":"closed","ping_status":"open","sticky":false,"template":"","format":"standard","meta":{"_price":"","_stock":"","_tribe_ticket_header":"","_tribe_default_ticket_provider":"","_tribe_ticket_capacity":"0","_ticket_start_date":"","_ticket_end_date":"","_tribe_ticket_show_description":"","_tribe_ticket_show_not_going":false,"_tribe_ticket_use_global_stock":"","_tribe_ticket_global_stock_level":"","_global_stock_mode":"","_global_stock_cap":"","_tribe_rsvp_for_event":"","_tribe_ticket_going_count":"","_tribe_ticket_not_going_count":"","_tribe_tickets_list":"[]","_tribe_ticket_has_attendee_info_fields":false,"tdm_status":"","tdm_grid_status":"","footnotes":""},"categories":[1,329,303,24099],"tags":[14565,14450,45,667,1047,390,409,686,733,35064,23972,35063,24811,15709,30239,12189],"class_list":{"0":"post-274775","1":"post","2":"type-post","3":"status-publish","4":"format-standard","6":"category-noticias","7":"category-seccional-ibague","8":"category-seccionales","9":"category-seguridad-territorial","10":"tag-anciana","11":"tag-boyaca","12":"tag-cti","13":"tag-ejercito","14":"tag-fiscalia-general-de-la-nacion","15":"tag-hermanos","16":"tag-homicidio","17":"tag-homicidio-agravado","18":"tag-hurto-agravado","19":"tag-misa","20":"tag-policia","21":"tag-promesa-catolica","22":"tag-purificacion","23":"tag-purificacion-tolima","24":"tag-seguridad-territorial","25":"tag-tolima"},"yoast_head":"<!-- This site is optimized with the Yoast SEO plugin v24.3 - https:\/\/yoast.com\/wordpress\/plugins\/seo\/ -->\n<title>Fiscal\u00eda General de la Naci\u00f3n<\/title>\n<meta name=\"description\" content=\"P\u00e1gina oficial de la Fiscal\u00eda General de la Naci\u00f3n \u2013 Colombia. Garantizamos el acceso efectivo a la justicia, la verdad y la reparaci\u00f3n de las v\u00edctimas de los delitos.\" \/>\n<meta name=\"robots\" content=\"noindex, follow\" \/>\n<meta property=\"og:locale\" content=\"es_ES\" \/>\n<meta property=\"og:type\" content=\"article\" \/>\n<meta property=\"og:title\" content=\"Fiscal\u00eda General de la Naci\u00f3n\" \/>\n<meta property=\"og:description\" content=\"P\u00e1gina oficial de la Fiscal\u00eda General de la Naci\u00f3n \u2013 Colombia. Garantizamos el acceso efectivo a la justicia, la verdad y la reparaci\u00f3n de las v\u00edctimas de los delitos.\" \/>\n<meta property=\"og:url\" content=\"https:\/\/www.fiscalia.gov.co\/colombia\/noticias\/dos-hermanos-fueron-capturados-por-su-presunta-participacion-en-el-homicidio-de-mujer-de-66-anos-en-zona-rural-de-purificacion-tolima\/\" \/>\n<meta property=\"og:site_name\" content=\"Fiscal\u00eda General de la Naci\u00f3n\" \/>\n<meta property=\"article:publisher\" content=\"https:\/\/www.facebook.com\/FiscaliaCol\" \/>\n<meta property=\"article:published_time\" content=\"2023-07-07T22:04:36+00:00\" \/>\n<meta property=\"article:modified_time\" content=\"2023-07-10T14:03:37+00:00\" \/>\n<meta name=\"author\" content=\"Jordan Leandro Oviedo Anzola\" \/>\n<meta name=\"twitter:card\" content=\"summary_large_image\" \/>\n<meta name=\"twitter:creator\" content=\"@FiscaliaCol\" \/>\n<meta name=\"twitter:site\" content=\"@FiscaliaCol\" \/>\n<meta name=\"twitter:label1\" content=\"Escrito por\" \/>\n\t<meta name=\"twitter:data1\" content=\"Jordan Leandro Oviedo Anzola\" \/>\n\t<meta name=\"twitter:label2\" content=\"Tiempo de lectura\" \/>\n\t<meta name=\"twitter:data2\" content=\"2 minutos\" \/>\n<script type=\"application\/ld+json\" class=\"yoast-schema-graph\">{\"@context\":\"https:\/\/schema.org\",\"@graph\":[{\"@type\":\"Article\",\"@id\":\"https:\/\/www.fiscalia.gov.co\/colombia\/noticias\/dos-hermanos-fueron-capturados-por-su-presunta-participacion-en-el-homicidio-de-mujer-de-66-anos-en-zona-rural-de-purificacion-tolima\/#article\",\"isPartOf\":{\"@id\":\"https:\/\/www.fiscalia.gov.co\/colombia\/noticias\/dos-hermanos-fueron-capturados-por-su-presunta-participacion-en-el-homicidio-de-mujer-de-66-anos-en-zona-rural-de-purificacion-tolima\/\"},\"author\":{\"name\":\"Jordan Leandro Oviedo Anzola\",\"@id\":\"https:\/\/www.fiscalia.gov.co\/colombia\/#\/schema\/person\/bf84402cf293a5393e9c70b111020b24\"},\"headline\":\"Dos hermanos fueron capturados por su presunta participaci\u00f3n en el homicidio de mujer de 66 a\u00f1os en zona rural de Purificaci\u00f3n, Tolima\",\"datePublished\":\"2023-07-07T22:04:36+00:00\",\"dateModified\":\"2023-07-10T14:03:37+00:00\",\"mainEntityOfPage\":{\"@id\":\"https:\/\/www.fiscalia.gov.co\/colombia\/noticias\/dos-hermanos-fueron-capturados-por-su-presunta-participacion-en-el-homicidio-de-mujer-de-66-anos-en-zona-rural-de-purificacion-tolima\/\"},\"wordCount\":417,\"publisher\":{\"@id\":\"https:\/\/www.fiscalia.gov.co\/colombia\/#organization\"},\"keywords\":[\"Anciana\",\"Boyac\u00e1\",\"CTI\",\"Ej\u00e9rcito\",\"Fiscal\u00eda General de la Naci\u00f3n\",\"Hermanos\",\"Homicidio\",\"Homicidio agravado\",\"Hurto agravado\",\"misa.\",\"Polic\u00eda\",\"promesa cat\u00f3lica\",\"Purificaci\u00f3n\",\"Purificaci\u00f3n (Tolima)\",\"Seguridad territorial\",\"Tolima\"],\"articleSection\":[\"Noticias\",\"Seccional Ibagu\u00e9\",\"Seccionales\",\"Seguridad territorial\"],\"inLanguage\":\"es-CO\"},{\"@type\":\"WebPage\",\"@id\":\"https:\/\/www.fiscalia.gov.co\/colombia\/noticias\/dos-hermanos-fueron-capturados-por-su-presunta-participacion-en-el-homicidio-de-mujer-de-66-anos-en-zona-rural-de-purificacion-tolima\/\",\"url\":\"https:\/\/www.fiscalia.gov.co\/colombia\/noticias\/dos-hermanos-fueron-capturados-por-su-presunta-participacion-en-el-homicidio-de-mujer-de-66-anos-en-zona-rural-de-purificacion-tolima\/\",\"name\":\"Fiscal\u00eda General de la Naci\u00f3n\",\"isPartOf\":{\"@id\":\"https:\/\/www.fiscalia.gov.co\/colombia\/#website\"},\"datePublished\":\"2023-07-07T22:04:36+00:00\",\"dateModified\":\"2023-07-10T14:03:37+00:00\",\"description\":\"P\u00e1gina oficial de la Fiscal\u00eda General de la Naci\u00f3n \u2013 Colombia. Garantizamos el acceso efectivo a la justicia, la verdad y la reparaci\u00f3n de las v\u00edctimas de los delitos.\",\"breadcrumb\":{\"@id\":\"https:\/\/www.fiscalia.gov.co\/colombia\/noticias\/dos-hermanos-fueron-capturados-por-su-presunta-participacion-en-el-homicidio-de-mujer-de-66-anos-en-zona-rural-de-purificacion-tolima\/#breadcrumb\"},\"inLanguage\":\"es-CO\",\"potentialAction\":[{\"@type\":\"ReadAction\",\"target\":[\"https:\/\/www.fiscalia.gov.co\/colombia\/noticias\/dos-hermanos-fueron-capturados-por-su-presunta-participacion-en-el-homicidio-de-mujer-de-66-anos-en-zona-rural-de-purificacion-tolima\/\"]}]},{\"@type\":\"BreadcrumbList\",\"@id\":\"https:\/\/www.fiscalia.gov.co\/colombia\/noticias\/dos-hermanos-fueron-capturados-por-su-presunta-participacion-en-el-homicidio-de-mujer-de-66-anos-en-zona-rural-de-purificacion-tolima\/#breadcrumb\",\"itemListElement\":[{\"@type\":\"ListItem\",\"position\":1,\"name\":\"Home\",\"item\":\"https:\/\/www.fiscalia.gov.co\/colombia\/\"},{\"@type\":\"ListItem\",\"position\":2,\"name\":\"Dos hermanos fueron capturados por su presunta participaci\u00f3n en el homicidio de mujer de 66 a\u00f1os en zona rural de Purificaci\u00f3n, Tolima\"}]},{\"@type\":\"WebSite\",\"@id\":\"https:\/\/www.fiscalia.gov.co\/colombia\/#website\",\"url\":\"https:\/\/www.fiscalia.gov.co\/colombia\/\",\"name\":\"Fiscal\u00eda General de la Naci\u00f3n\",\"description\":\"P\u00e1gina oficial de la Fiscal\u00eda General de la Naci\u00f3n \u2013 Colombia. Garantizamos el acceso efectivo a la justicia, la verdad y la reparaci\u00f3n de las v\u00edctimas de los delitos.\",\"publisher\":{\"@id\":\"https:\/\/www.fiscalia.gov.co\/colombia\/#organization\"},\"potentialAction\":[{\"@type\":\"SearchAction\",\"target\":{\"@type\":\"EntryPoint\",\"urlTemplate\":\"https:\/\/www.fiscalia.gov.co\/colombia\/?s={search_term_string}\"},\"query-input\":{\"@type\":\"PropertyValueSpecification\",\"valueRequired\":true,\"valueName\":\"search_term_string\"}}],\"inLanguage\":\"es-CO\"},{\"@type\":\"Organization\",\"@id\":\"https:\/\/www.fiscalia.gov.co\/colombia\/#organization\",\"name\":\"Fiscal\u00eda General de la Naci\u00f3n\",\"url\":\"https:\/\/www.fiscalia.gov.co\/colombia\/\",\"logo\":{\"@type\":\"ImageObject\",\"inLanguage\":\"es-CO\",\"@id\":\"https:\/\/www.fiscalia.gov.co\/colombia\/#\/schema\/logo\/image\/\",\"url\":\"https:\/\/www.fiscalia.gov.co\/colombia\/wp-content\/uploads\/LogoHorizontal_1.jpg\",\"contentUrl\":\"https:\/\/www.fiscalia.gov.co\/colombia\/wp-content\/uploads\/LogoHorizontal_1.jpg\",\"width\":300,\"height\":90,\"caption\":\"Fiscal\u00eda General de la Naci\u00f3n\"},\"image\":{\"@id\":\"https:\/\/www.fiscalia.gov.co\/colombia\/#\/schema\/logo\/image\/\"},\"sameAs\":[\"https:\/\/www.facebook.com\/FiscaliaCol\",\"https:\/\/x.com\/FiscaliaCol\",\"https:\/\/www.instagram.com\/fiscaliacol\",\"https:\/\/www.linkedin.com\/company\/fiscalia-general-de-la-naci-n\/\",\"https:\/\/youtube.com\/@fiscaliageneraldelanacion-4668?si=6nN79nyQICPU5iTh\"]},{\"@type\":\"Person\",\"@id\":\"https:\/\/www.fiscalia.gov.co\/colombia\/#\/schema\/person\/bf84402cf293a5393e9c70b111020b24\",\"name\":\"Jordan Leandro Oviedo Anzola\",\"image\":{\"@type\":\"ImageObject\",\"inLanguage\":\"es-CO\",\"@id\":\"https:\/\/www.fiscalia.gov.co\/colombia\/#\/schema\/person\/image\/\",\"url\":\"https:\/\/secure.gravatar.com\/avatar\/dabba4346fa9b9207d96adafa8f92721?s=96&d=mm&r=g\",\"contentUrl\":\"https:\/\/secure.gravatar.com\/avatar\/dabba4346fa9b9207d96adafa8f92721?s=96&d=mm&r=g\",\"caption\":\"Jordan Leandro Oviedo Anzola\"},\"url\":\"https:\/\/www.fiscalia.gov.co\/colombia\/author\/joviedo\/\"}]}<\/script>\n<!-- \/ Yoast SEO plugin. -->","yoast_head_json":{"title":"Fiscal\u00eda General de la Naci\u00f3n","description":"P\u00e1gina oficial de la Fiscal\u00eda General de la Naci\u00f3n \u2013 Colombia. Garantizamos el acceso efectivo a la justicia, la verdad y la reparaci\u00f3n de las v\u00edctimas de los delitos.","robots":{"index":"noindex","follow":"follow"},"og_locale":"es_ES","og_type":"article","og_title":"Fiscal\u00eda General de la Naci\u00f3n","og_description":"P\u00e1gina oficial de la Fiscal\u00eda General de la Naci\u00f3n \u2013 Colombia. Garantizamos el acceso efectivo a la justicia, la verdad y la reparaci\u00f3n de las v\u00edctimas de los delitos.","og_url":"https:\/\/www.fiscalia.gov.co\/colombia\/noticias\/dos-hermanos-fueron-capturados-por-su-presunta-participacion-en-el-homicidio-de-mujer-de-66-anos-en-zona-rural-de-purificacion-tolima\/","og_site_name":"Fiscal\u00eda General de la Naci\u00f3n","article_publisher":"https:\/\/www.facebook.com\/FiscaliaCol","article_published_time":"2023-07-07T22:04:36+00:00","article_modified_time":"2023-07-10T14:03:37+00:00","author":"Jordan Leandro Oviedo Anzola","twitter_card":"summary_large_image","twitter_creator":"@FiscaliaCol","twitter_site":"@FiscaliaCol","twitter_misc":{"Escrito por":"Jordan Leandro Oviedo Anzola","Tiempo de lectura":"2 minutos"},"schema":{"@context":"https:\/\/schema.org","@graph":[{"@type":"Article","@id":"https:\/\/www.fiscalia.gov.co\/colombia\/noticias\/dos-hermanos-fueron-capturados-por-su-presunta-participacion-en-el-homicidio-de-mujer-de-66-anos-en-zona-rural-de-purificacion-tolima\/#article","isPartOf":{"@id":"https:\/\/www.fiscalia.gov.co\/colombia\/noticias\/dos-hermanos-fueron-capturados-por-su-presunta-participacion-en-el-homicidio-de-mujer-de-66-anos-en-zona-rural-de-purificacion-tolima\/"},"author":{"name":"Jordan Leandro Oviedo Anzola","@id":"https:\/\/www.fiscalia.gov.co\/colombia\/#\/schema\/person\/bf84402cf293a5393e9c70b111020b24"},"headline":"Dos hermanos fueron capturados por su presunta participaci\u00f3n en el homicidio de mujer de 66 a\u00f1os en zona rural de Purificaci\u00f3n, Tolima","datePublished":"2023-07-07T22:04:36+00:00","dateModified":"2023-07-10T14:03:37+00:00","mainEntityOfPage":{"@id":"https:\/\/www.fiscalia.gov.co\/colombia\/noticias\/dos-hermanos-fueron-capturados-por-su-presunta-participacion-en-el-homicidio-de-mujer-de-66-anos-en-zona-rural-de-purificacion-tolima\/"},"wordCount":417,"publisher":{"@id":"https:\/\/www.fiscalia.gov.co\/colombia\/#organization"},"keywords":["Anciana","Boyac\u00e1","CTI","Ej\u00e9rcito","Fiscal\u00eda General de la Naci\u00f3n","Hermanos","Homicidio","Homicidio agravado","Hurto agravado","misa.","Polic\u00eda","promesa cat\u00f3lica","Purificaci\u00f3n","Purificaci\u00f3n (Tolima)","Seguridad territorial","Tolima"],"articleSection":["Noticias","Seccional Ibagu\u00e9","Seccionales","Seguridad territorial"],"inLanguage":"es-CO"},{"@type":"WebPage","@id":"https:\/\/www.fiscalia.gov.co\/colombia\/noticias\/dos-hermanos-fueron-capturados-por-su-presunta-participacion-en-el-homicidio-de-mujer-de-66-anos-en-zona-rural-de-purificacion-tolima\/","url":"https:\/\/www.fiscalia.gov.co\/colombia\/noticias\/dos-hermanos-fueron-capturados-por-su-presunta-participacion-en-el-homicidio-de-mujer-de-66-anos-en-zona-rural-de-purificacion-tolima\/","name":"Fiscal\u00eda General de la Naci\u00f3n","isPartOf":{"@id":"https:\/\/www.fiscalia.gov.co\/colombia\/#website"},"datePublished":"2023-07-07T22:04:36+00:00","dateModified":"2023-07-10T14:03:37+00:00","description":"P\u00e1gina oficial de la Fiscal\u00eda General de la Naci\u00f3n \u2013 Colombia. Garantizamos el acceso efectivo a la justicia, la verdad y la reparaci\u00f3n de las v\u00edctimas de los delitos.","breadcrumb":{"@id":"https:\/\/www.fiscalia.gov.co\/colombia\/noticias\/dos-hermanos-fueron-capturados-por-su-presunta-participacion-en-el-homicidio-de-mujer-de-66-anos-en-zona-rural-de-purificacion-tolima\/#breadcrumb"},"inLanguage":"es-CO","potentialAction":[{"@type":"ReadAction","target":["https:\/\/www.fiscalia.gov.co\/colombia\/noticias\/dos-hermanos-fueron-capturados-por-su-presunta-participacion-en-el-homicidio-de-mujer-de-66-anos-en-zona-rural-de-purificacion-tolima\/"]}]},{"@type":"BreadcrumbList","@id":"https:\/\/www.fiscalia.gov.co\/colombia\/noticias\/dos-hermanos-fueron-capturados-por-su-presunta-participacion-en-el-homicidio-de-mujer-de-66-anos-en-zona-rural-de-purificacion-tolima\/#breadcrumb","itemListElement":[{"@type":"ListItem","position":1,"name":"Home","item":"https:\/\/www.fiscalia.gov.co\/colombia\/"},{"@type":"ListItem","position":2,"name":"Dos hermanos fueron capturados por su presunta participaci\u00f3n en el homicidio de mujer de 66 a\u00f1os en zona rural de Purificaci\u00f3n, Tolima"}]},{"@type":"WebSite","@id":"https:\/\/www.fiscalia.gov.co\/colombia\/#website","url":"https:\/\/www.fiscalia.gov.co\/colombia\/","name":"Fiscal\u00eda General de la Naci\u00f3n","description":"P\u00e1gina oficial de la Fiscal\u00eda General de la Naci\u00f3n \u2013 Colombia. Garantizamos el acceso efectivo a la justicia, la verdad y la reparaci\u00f3n de las v\u00edctimas de los delitos.","publisher":{"@id":"https:\/\/www.fiscalia.gov.co\/colombia\/#organization"},"potentialAction":[{"@type":"SearchAction","target":{"@type":"EntryPoint","urlTemplate":"https:\/\/www.fiscalia.gov.co\/colombia\/?s={search_term_string}"},"query-input":{"@type":"PropertyValueSpecification","valueRequired":true,"valueName":"search_term_string"}}],"inLanguage":"es-CO"},{"@type":"Organization","@id":"https:\/\/www.fiscalia.gov.co\/colombia\/#organization","name":"Fiscal\u00eda General de la Naci\u00f3n","url":"https:\/\/www.fiscalia.gov.co\/colombia\/","logo":{"@type":"ImageObject","inLanguage":"es-CO","@id":"https:\/\/www.fiscalia.gov.co\/colombia\/#\/schema\/logo\/image\/","url":"https:\/\/www.fiscalia.gov.co\/colombia\/wp-content\/uploads\/LogoHorizontal_1.jpg","contentUrl":"https:\/\/www.fiscalia.gov.co\/colombia\/wp-content\/uploads\/LogoHorizontal_1.jpg","width":300,"height":90,"caption":"Fiscal\u00eda General de la Naci\u00f3n"},"image":{"@id":"https:\/\/www.fiscalia.gov.co\/colombia\/#\/schema\/logo\/image\/"},"sameAs":["https:\/\/www.facebook.com\/FiscaliaCol","https:\/\/x.com\/FiscaliaCol","https:\/\/www.instagram.com\/fiscaliacol","https:\/\/www.linkedin.com\/company\/fiscalia-general-de-la-naci-n\/","https:\/\/youtube.com\/@fiscaliageneraldelanacion-4668?si=6nN79nyQICPU5iTh"]},{"@type":"Person","@id":"https:\/\/www.fiscalia.gov.co\/colombia\/#\/schema\/person\/bf84402cf293a5393e9c70b111020b24","name":"Jordan Leandro Oviedo Anzola","image":{"@type":"ImageObject","inLanguage":"es-CO","@id":"https:\/\/www.fiscalia.gov.co\/colombia\/#\/schema\/person\/image\/","url":"https:\/\/secure.gravatar.com\/avatar\/dabba4346fa9b9207d96adafa8f92721?s=96&d=mm&r=g","contentUrl":"https:\/\/secure.gravatar.com\/avatar\/dabba4346fa9b9207d96adafa8f92721?s=96&d=mm&r=g","caption":"Jordan Leandro Oviedo Anzola"},"url":"https:\/\/www.fiscalia.gov.co\/colombia\/author\/joviedo\/"}]}},"_links":{"self":[{"href":"https:\/\/www.fiscalia.gov.co\/colombia\/wp-json\/wp\/v2\/posts\/274775","targetHints":{"allow":["GET"]}}],"collection":[{"href":"https:\/\/www.fiscalia.gov.co\/colombia\/wp-json\/wp\/v2\/posts"}],"about":[{"href":"https:\/\/www.fiscalia.gov.co\/colombia\/wp-json\/wp\/v2\/types\/post"}],"author":[{"embeddable":true,"href":"https:\/\/www.fiscalia.gov.co\/colombia\/wp-json\/wp\/v2\/users\/177"}],"replies":[{"embeddable":true,"href":"https:\/\/www.fiscalia.gov.co\/colombia\/wp-json\/wp\/v2\/comments?post=274775"}],"version-history":[{"count":3,"href":"https:\/\/www.fiscalia.gov.co\/colombia\/wp-json\/wp\/v2\/posts\/274775\/revisions"}],"predecessor-version":[{"id":274825,"href":"https:\/\/www.fiscalia.gov.co\/colombia\/wp-json\/wp\/v2\/posts\/274775\/revisions\/274825"}],"wp:attachment":[{"href":"https:\/\/www.fiscalia.gov.co\/colombia\/wp-json\/wp\/v2\/media?parent=274775"}],"wp:term":[{"taxonomy":"category","embeddable":true,"href":"https:\/\/www.fiscalia.gov.co\/colombia\/wp-json\/wp\/v2\/categories?post=274775"},{"taxonomy":"post_tag","embeddable":true,"href":"https:\/\/www.fiscalia.gov.co\/colombia\/wp-json\/wp\/v2\/tags?post=274775"}],"curies":[{"name":"wp","href":"https:\/\/api.w.org\/{rel}","templated":true}]}}