{"id":274753,"date":"2023-07-07T12:23:43","date_gmt":"2023-07-07T17:23:43","guid":{"rendered":"https:\/\/www.fiscalia.gov.co\/colombia\/?p=274753"},"modified":"2023-07-07T16:49:47","modified_gmt":"2023-07-07T21:49:47","slug":"fiscalia-y-policia-desmantelaron-la-banda-los-chucky-de-la-quinta-presuntamente-dedicada-al-comercio-de-marihuana-y-bazuco-en-dos-comunas-de-pasto","status":"publish","type":"post","link":"https:\/\/www.fiscalia.gov.co\/colombia\/noticias\/fiscalia-y-policia-desmantelaron-la-banda-los-chucky-de-la-quinta-presuntamente-dedicada-al-comercio-de-marihuana-y-bazuco-en-dos-comunas-de-pasto\/","title":{"rendered":"Fiscal\u00eda y Polic\u00eda desmantelaron la banda Los Chucky de la Quinta, presuntamente dedicada al comercio de marihuana y bazuco en dos comunas de Pasto"},"content":{"rendered":"<p>Al acoger la solicitud de un fiscal seccional de la Estructura de Apoyo (EDA), un juez penal de Pasto dict\u00f3 medida de aseguramiento contra siete presuntos integrante de la banda Los Chucki de la Quinta.<\/p>\n<figure id=\"attachment_274754\" aria-describedby=\"caption-attachment-274754\" style=\"width: 730px\" class=\"wp-caption aligncenter\"><img loading=\"lazy\" decoding=\"async\" class=\"size-full wp-image-274754\" src=\"https:\/\/www.fiscalia.gov.co\/colombia\/wp-content\/uploads\/BANDA-LOS-CHUCKY-DE-LA-QUINTA-PASTO-1.jpg\" alt=\"En la fotograf\u00eda aparecen los 7 capturados junto a dos agentes de la Polic\u00eda Nacional. En la parte superior est\u00e1n un banner de la Polic\u00eda Nacional\" width=\"730\" height=\"542\" srcset=\"https:\/\/www.fiscalia.gov.co\/colombia\/wp-content\/uploads\/BANDA-LOS-CHUCKY-DE-LA-QUINTA-PASTO-1.jpg 730w, https:\/\/www.fiscalia.gov.co\/colombia\/wp-content\/uploads\/BANDA-LOS-CHUCKY-DE-LA-QUINTA-PASTO-1-300x223.jpg 300w, https:\/\/www.fiscalia.gov.co\/colombia\/wp-content\/uploads\/BANDA-LOS-CHUCKY-DE-LA-QUINTA-PASTO-1-485x360.jpg 485w, https:\/\/www.fiscalia.gov.co\/colombia\/wp-content\/uploads\/BANDA-LOS-CHUCKY-DE-LA-QUINTA-PASTO-1-696x517.jpg 696w, https:\/\/www.fiscalia.gov.co\/colombia\/wp-content\/uploads\/BANDA-LOS-CHUCKY-DE-LA-QUINTA-PASTO-1-566x420.jpg 566w, https:\/\/www.fiscalia.gov.co\/colombia\/wp-content\/uploads\/BANDA-LOS-CHUCKY-DE-LA-QUINTA-PASTO-1-80x60.jpg 80w, https:\/\/www.fiscalia.gov.co\/colombia\/wp-content\/uploads\/BANDA-LOS-CHUCKY-DE-LA-QUINTA-PASTO-1-265x198.jpg 265w\" sizes=\"auto, (max-width: 730px) 100vw, 730px\" \/><figcaption id=\"caption-attachment-274754\" class=\"wp-caption-text\">Los 7 presuntos integrantes de la estructura criminal Los Chucky de la Quinta fueron asegurados con detenci\u00f3n carcelaria<\/figcaption><\/figure>\n<p>Con la decisi\u00f3n fueron afectados\u00a0a Ruth Marisol Melo Madro\u00f1ero, Mercedes Elizabeth Chacua Ceballos, Edison Fredy Rojas Eraso, Claudia Mar\u00eda Le\u00f3n Guacar\u00ed, Juli\u00e1n David Maigual Narv\u00e1ez, Francisco Steven Basante C\u00f3rdoba y Mario Fernando Delgado Miramag, quienes deber\u00e1n responder como presuntos responsables de los delitos de fabricaci\u00f3n, tr\u00e1fico y\u00a0<a href=\"https:\/\/www.fiscalia.gov.co\/colombia\/noticias\/fiscalia-judicializo-a-5-presuntos-integrantes-de-la-banda-los-de-margoth-dedicados-presuntamente-a-la-distribucion-y-venta-de-estupefacientes-en-comunas-de-pasto\/\" target=\"_blank\" rel=\"noopener noreferrer\" data-saferedirecturl=\"https:\/\/www.google.com\/url?q=https:\/\/www.fiscalia.gov.co\/colombia\/noticias\/fiscalia-judicializo-a-5-presuntos-integrantes-de-la-banda-los-de-margoth-dedicados-presuntamente-a-la-distribucion-y-venta-de-estupefacientes-en-comunas-de-pasto\/&amp;source=gmail&amp;ust=1688835987258000&amp;usg=AOvVaw2MoSbSVV98erYsGYgIEJC_\">porte de estupefacientes<\/a>, destinaci\u00f3n\u00a0il\u00edcita de bien\u00a0inmueble y\u00a0<a href=\"https:\/\/www.fiscalia.gov.co\/colombia\/noticias\/fiscalia-desmantelo-la-banda-los-android-por-hurto-receptacion-y-uso-de-menores-para-cometer-delitos\/\" target=\"_blank\" rel=\"noopener noreferrer\" data-saferedirecturl=\"https:\/\/www.google.com\/url?q=https:\/\/www.fiscalia.gov.co\/colombia\/noticias\/fiscalia-desmantelo-la-banda-los-android-por-hurto-receptacion-y-uso-de-menores-para-cometer-delitos\/&amp;source=gmail&amp;ust=1688835987258000&amp;usg=AOvVaw15FfBs1bUK6KKjD78RobAz\">uso de menores<\/a>\u00a0para la comisi\u00f3n de delitos y receptaci\u00f3n.<\/p>\n<p>Durante las audiencias concentradas, la Fiscal\u00eda present\u00f3 las evidencias sobre las actividades realizadas por la estructura criminal, dedicada a la distribuci\u00f3n y comercializaci\u00f3n de marihuana y bazuco, bajo la modalidad de menudeo y la venta a domicilio en los barrios de las comunas 4 y 5 de la capital de Nari\u00f1o.<\/p>\n<p>A trav\u00e9s de labores de\u00a0investigaci\u00f3n, agentes de Polic\u00eda Judicial lograron\u00a0individualizar a cada uno de los presuntos miembros de la banda Los Chucky de la quinta, establecer el modo como operaban y detectar los puntos usados para la distribuci\u00f3n de alucin\u00f3genos.<\/p>\n<p>Seg\u00fan el proceso, los judicializados estar\u00edan utilizando a menores de edad para distribuir los estupefacientes a consumidores habituales, recicladores, habitantes de la calle y estudiantes de entornos escolares, parques recreativos y atrios de\u00a0iglesias de los sectores<\/p>\n<p>Cumpliendo una orden judicial, agentes de la Sipol de la Polic\u00eda Nacional y unidades del Grupo de Operaciones Especiales, GOES, con la coordinaci\u00f3n del fiscal EDA capturaron el 28 de junio de 2023 a los 7 procesados durante operativos de registro y allanamiento a 5 viviendas, en las que se\u00a0incautaron dosis de bazuco y un tel\u00e9fono celular hurtado.<\/p>\n<p>Los 7 presuntos miembros de la organizaci\u00f3n criminal no se allanaron a cargos.<\/p>\n<p><b><u><span lang=\"EN-US\">La\u00a0Fiscal\u00eda habla con resultados<\/span><\/u><\/b><\/p>\n<p>&nbsp;<\/p>\n<p>&nbsp;<\/p>\n<p>&nbsp;<\/p>\n<p>&nbsp;<\/p>\n<p>&nbsp;<\/p>\n<p>&nbsp;<\/p>\n<p>JGPV\/LFML \/JPG\/DSN<\/p>\n<p><span lang=\"EN-US\">\u00a0<\/span><\/p>\n<p>&nbsp;<\/p>\n<p>&nbsp;<\/p>\n<p>&nbsp;<\/p>\n<p>&nbsp;<\/p>\n<div class=\"td-post-content tagdiv-type\">\n<div class=\"td-post-content tagdiv-type\">\n<div class=\"td-post-content tagdiv-type\">\n<div class=\"td-post-content tagdiv-type\">\n<p><i>La informaci\u00f3n contenida en este bolet\u00edn de prensa corresponde a la narraci\u00f3n de los hechos noticiosos objetivos, suministrados por los funcionarios encargados de adelantar las investigaciones penales al interior de la Fiscal\u00eda General de la Naci\u00f3n. Para el momento de la divulgaci\u00f3n de este comunicado, la situaci\u00f3n jur\u00eddica de la(s) persona(s) relacionada(s) se encuentra pendiente de resolver por la autoridad judicial competente, siempre bajo los preceptos de la presunci\u00f3n de inocencia, consagrados en el art\u00edculo 29 de la Constituci\u00f3n Pol\u00edtica y el art\u00edculo 7\u00ba de la Ley 906 de 2004.<\/i><\/p>\n<\/div>\n<\/div>\n<\/div>\n<\/div>\n\n<div class=\"twitter-share\"><a href=\"https:\/\/twitter.com\/intent\/tweet?via=fiscaliacol\" class=\"twitter-share-button\">Tweet<\/a><\/div>\n","protected":false},"excerpt":{"rendered":"<p>Al acoger la solicitud de un fiscal seccional de la Estructura de Apoyo (EDA), un juez penal de Pasto dict\u00f3 medida de aseguramiento contra siete presuntos integrante de la banda [&hellip;]<\/p>\n","protected":false},"author":177,"featured_media":0,"comment_status":"closed","ping_status":"open","sticky":false,"template":"","format":"standard","meta":{"tdm_status":"","tdm_grid_status":"","footnotes":""},"categories":[1,334,303,24099],"tags":[24526,24481,1047,23992,12161,24233],"class_list":["post-274753","post","type-post","status-publish","format-standard","category-noticias","category-seccional-pasto","category-seccionales","category-seguridad-territorial","tag-fiscal-general-francisco-barbosa-delgado","tag-fiscalia-de-colombia","tag-fiscalia-general-de-la-nacion","tag-pasto-narino","tag-porte-de-estupefacientes","tag-uso-de-menores"],"yoast_head":"<!-- This site is optimized with the Yoast SEO plugin v24.3 - https:\/\/yoast.com\/wordpress\/plugins\/seo\/ -->\n<title>Fiscal\u00eda General de la Naci\u00f3n<\/title>\n<meta name=\"description\" content=\"P\u00e1gina oficial de la Fiscal\u00eda General de la Naci\u00f3n \u2013 Colombia. Garantizamos el acceso efectivo a la justicia, la verdad y la reparaci\u00f3n de las v\u00edctimas de los delitos.\" \/>\n<meta name=\"robots\" content=\"noindex, follow\" \/>\n<meta property=\"og:locale\" content=\"es_ES\" \/>\n<meta property=\"og:type\" content=\"article\" \/>\n<meta property=\"og:title\" content=\"Fiscal\u00eda General de la Naci\u00f3n\" \/>\n<meta property=\"og:description\" content=\"P\u00e1gina oficial de la Fiscal\u00eda General de la Naci\u00f3n \u2013 Colombia. Garantizamos el acceso efectivo a la justicia, la verdad y la reparaci\u00f3n de las v\u00edctimas de los delitos.\" \/>\n<meta property=\"og:url\" content=\"https:\/\/www.fiscalia.gov.co\/colombia\/noticias\/fiscalia-y-policia-desmantelaron-la-banda-los-chucky-de-la-quinta-presuntamente-dedicada-al-comercio-de-marihuana-y-bazuco-en-dos-comunas-de-pasto\/\" \/>\n<meta property=\"og:site_name\" content=\"Fiscal\u00eda General de la Naci\u00f3n\" \/>\n<meta property=\"article:publisher\" content=\"https:\/\/www.facebook.com\/FiscaliaCol\" \/>\n<meta property=\"article:published_time\" content=\"2023-07-07T17:23:43+00:00\" \/>\n<meta property=\"article:modified_time\" content=\"2023-07-07T21:49:47+00:00\" \/>\n<meta property=\"og:image\" content=\"https:\/\/www.fiscalia.gov.co\/colombia\/wp-content\/uploads\/BANDA-LOS-CHUCKY-DE-LA-QUINTA-PASTO-1.jpg\" \/>\n<meta name=\"author\" content=\"Jordan Leandro Oviedo Anzola\" \/>\n<meta name=\"twitter:card\" content=\"summary_large_image\" \/>\n<meta name=\"twitter:creator\" content=\"@FiscaliaCol\" \/>\n<meta name=\"twitter:site\" content=\"@FiscaliaCol\" \/>\n<meta name=\"twitter:label1\" content=\"Escrito por\" \/>\n\t<meta name=\"twitter:data1\" content=\"Jordan Leandro Oviedo Anzola\" \/>\n\t<meta name=\"twitter:label2\" content=\"Tiempo de lectura\" \/>\n\t<meta name=\"twitter:data2\" content=\"3 minutos\" \/>\n<script type=\"application\/ld+json\" class=\"yoast-schema-graph\">{\"@context\":\"https:\/\/schema.org\",\"@graph\":[{\"@type\":\"Article\",\"@id\":\"https:\/\/www.fiscalia.gov.co\/colombia\/noticias\/fiscalia-y-policia-desmantelaron-la-banda-los-chucky-de-la-quinta-presuntamente-dedicada-al-comercio-de-marihuana-y-bazuco-en-dos-comunas-de-pasto\/#article\",\"isPartOf\":{\"@id\":\"https:\/\/www.fiscalia.gov.co\/colombia\/noticias\/fiscalia-y-policia-desmantelaron-la-banda-los-chucky-de-la-quinta-presuntamente-dedicada-al-comercio-de-marihuana-y-bazuco-en-dos-comunas-de-pasto\/\"},\"author\":{\"name\":\"Jordan Leandro Oviedo Anzola\",\"@id\":\"https:\/\/www.fiscalia.gov.co\/colombia\/#\/schema\/person\/bf84402cf293a5393e9c70b111020b24\"},\"headline\":\"Fiscal\u00eda y Polic\u00eda desmantelaron la banda Los Chucky de la Quinta, presuntamente dedicada al comercio de marihuana y bazuco en dos comunas de Pasto\",\"datePublished\":\"2023-07-07T17:23:43+00:00\",\"dateModified\":\"2023-07-07T21:49:47+00:00\",\"mainEntityOfPage\":{\"@id\":\"https:\/\/www.fiscalia.gov.co\/colombia\/noticias\/fiscalia-y-policia-desmantelaron-la-banda-los-chucky-de-la-quinta-presuntamente-dedicada-al-comercio-de-marihuana-y-bazuco-en-dos-comunas-de-pasto\/\"},\"wordCount\":499,\"publisher\":{\"@id\":\"https:\/\/www.fiscalia.gov.co\/colombia\/#organization\"},\"image\":{\"@id\":\"https:\/\/www.fiscalia.gov.co\/colombia\/noticias\/fiscalia-y-policia-desmantelaron-la-banda-los-chucky-de-la-quinta-presuntamente-dedicada-al-comercio-de-marihuana-y-bazuco-en-dos-comunas-de-pasto\/#primaryimage\"},\"thumbnailUrl\":\"https:\/\/www.fiscalia.gov.co\/colombia\/wp-content\/uploads\/BANDA-LOS-CHUCKY-DE-LA-QUINTA-PASTO-1.jpg\",\"keywords\":[\"Fiscal General Francisco Barbosa Delgado\",\"Fiscal\u00eda de Colombia\",\"Fiscal\u00eda General de la Naci\u00f3n\",\"Pasto (Nari\u00f1o)\",\"Porte de estupefacientes\",\"uso de menores\"],\"articleSection\":[\"Noticias\",\"Seccional Pasto\",\"Seccionales\",\"Seguridad territorial\"],\"inLanguage\":\"es-CO\"},{\"@type\":\"WebPage\",\"@id\":\"https:\/\/www.fiscalia.gov.co\/colombia\/noticias\/fiscalia-y-policia-desmantelaron-la-banda-los-chucky-de-la-quinta-presuntamente-dedicada-al-comercio-de-marihuana-y-bazuco-en-dos-comunas-de-pasto\/\",\"url\":\"https:\/\/www.fiscalia.gov.co\/colombia\/noticias\/fiscalia-y-policia-desmantelaron-la-banda-los-chucky-de-la-quinta-presuntamente-dedicada-al-comercio-de-marihuana-y-bazuco-en-dos-comunas-de-pasto\/\",\"name\":\"Fiscal\u00eda General de la Naci\u00f3n\",\"isPartOf\":{\"@id\":\"https:\/\/www.fiscalia.gov.co\/colombia\/#website\"},\"primaryImageOfPage\":{\"@id\":\"https:\/\/www.fiscalia.gov.co\/colombia\/noticias\/fiscalia-y-policia-desmantelaron-la-banda-los-chucky-de-la-quinta-presuntamente-dedicada-al-comercio-de-marihuana-y-bazuco-en-dos-comunas-de-pasto\/#primaryimage\"},\"image\":{\"@id\":\"https:\/\/www.fiscalia.gov.co\/colombia\/noticias\/fiscalia-y-policia-desmantelaron-la-banda-los-chucky-de-la-quinta-presuntamente-dedicada-al-comercio-de-marihuana-y-bazuco-en-dos-comunas-de-pasto\/#primaryimage\"},\"thumbnailUrl\":\"https:\/\/www.fiscalia.gov.co\/colombia\/wp-content\/uploads\/BANDA-LOS-CHUCKY-DE-LA-QUINTA-PASTO-1.jpg\",\"datePublished\":\"2023-07-07T17:23:43+00:00\",\"dateModified\":\"2023-07-07T21:49:47+00:00\",\"description\":\"P\u00e1gina oficial de la Fiscal\u00eda General de la Naci\u00f3n \u2013 Colombia. Garantizamos el acceso efectivo a la justicia, la verdad y la reparaci\u00f3n de las v\u00edctimas de los delitos.\",\"breadcrumb\":{\"@id\":\"https:\/\/www.fiscalia.gov.co\/colombia\/noticias\/fiscalia-y-policia-desmantelaron-la-banda-los-chucky-de-la-quinta-presuntamente-dedicada-al-comercio-de-marihuana-y-bazuco-en-dos-comunas-de-pasto\/#breadcrumb\"},\"inLanguage\":\"es-CO\",\"potentialAction\":[{\"@type\":\"ReadAction\",\"target\":[\"https:\/\/www.fiscalia.gov.co\/colombia\/noticias\/fiscalia-y-policia-desmantelaron-la-banda-los-chucky-de-la-quinta-presuntamente-dedicada-al-comercio-de-marihuana-y-bazuco-en-dos-comunas-de-pasto\/\"]}]},{\"@type\":\"ImageObject\",\"inLanguage\":\"es-CO\",\"@id\":\"https:\/\/www.fiscalia.gov.co\/colombia\/noticias\/fiscalia-y-policia-desmantelaron-la-banda-los-chucky-de-la-quinta-presuntamente-dedicada-al-comercio-de-marihuana-y-bazuco-en-dos-comunas-de-pasto\/#primaryimage\",\"url\":\"https:\/\/www.fiscalia.gov.co\/colombia\/wp-content\/uploads\/BANDA-LOS-CHUCKY-DE-LA-QUINTA-PASTO-1.jpg\",\"contentUrl\":\"https:\/\/www.fiscalia.gov.co\/colombia\/wp-content\/uploads\/BANDA-LOS-CHUCKY-DE-LA-QUINTA-PASTO-1.jpg\",\"width\":730,\"height\":542,\"caption\":\"Los 7 presuntos integrantes de la estructura criminal Los Chucky de la Quinta fueron asegurados con detenci\u00f3n carcelaria\"},{\"@type\":\"BreadcrumbList\",\"@id\":\"https:\/\/www.fiscalia.gov.co\/colombia\/noticias\/fiscalia-y-policia-desmantelaron-la-banda-los-chucky-de-la-quinta-presuntamente-dedicada-al-comercio-de-marihuana-y-bazuco-en-dos-comunas-de-pasto\/#breadcrumb\",\"itemListElement\":[{\"@type\":\"ListItem\",\"position\":1,\"name\":\"Home\",\"item\":\"https:\/\/www.fiscalia.gov.co\/colombia\/\"},{\"@type\":\"ListItem\",\"position\":2,\"name\":\"Fiscal\u00eda y Polic\u00eda desmantelaron la banda Los Chucky de la Quinta, presuntamente dedicada al comercio de marihuana y bazuco en dos comunas de Pasto\"}]},{\"@type\":\"WebSite\",\"@id\":\"https:\/\/www.fiscalia.gov.co\/colombia\/#website\",\"url\":\"https:\/\/www.fiscalia.gov.co\/colombia\/\",\"name\":\"Fiscal\u00eda General de la Naci\u00f3n\",\"description\":\"P\u00e1gina oficial de la Fiscal\u00eda General de la Naci\u00f3n \u2013 Colombia. Garantizamos el acceso efectivo a la justicia, la verdad y la reparaci\u00f3n de las v\u00edctimas de los delitos.\",\"publisher\":{\"@id\":\"https:\/\/www.fiscalia.gov.co\/colombia\/#organization\"},\"potentialAction\":[{\"@type\":\"SearchAction\",\"target\":{\"@type\":\"EntryPoint\",\"urlTemplate\":\"https:\/\/www.fiscalia.gov.co\/colombia\/?s={search_term_string}\"},\"query-input\":{\"@type\":\"PropertyValueSpecification\",\"valueRequired\":true,\"valueName\":\"search_term_string\"}}],\"inLanguage\":\"es-CO\"},{\"@type\":\"Organization\",\"@id\":\"https:\/\/www.fiscalia.gov.co\/colombia\/#organization\",\"name\":\"Fiscal\u00eda General de la Naci\u00f3n\",\"url\":\"https:\/\/www.fiscalia.gov.co\/colombia\/\",\"logo\":{\"@type\":\"ImageObject\",\"inLanguage\":\"es-CO\",\"@id\":\"https:\/\/www.fiscalia.gov.co\/colombia\/#\/schema\/logo\/image\/\",\"url\":\"https:\/\/www.fiscalia.gov.co\/colombia\/wp-content\/uploads\/LogoHorizontal_1.jpg\",\"contentUrl\":\"https:\/\/www.fiscalia.gov.co\/colombia\/wp-content\/uploads\/LogoHorizontal_1.jpg\",\"width\":300,\"height\":90,\"caption\":\"Fiscal\u00eda General de la Naci\u00f3n\"},\"image\":{\"@id\":\"https:\/\/www.fiscalia.gov.co\/colombia\/#\/schema\/logo\/image\/\"},\"sameAs\":[\"https:\/\/www.facebook.com\/FiscaliaCol\",\"https:\/\/x.com\/FiscaliaCol\",\"https:\/\/www.instagram.com\/fiscaliacol\",\"https:\/\/www.linkedin.com\/company\/fiscalia-general-de-la-naci-n\/\",\"https:\/\/youtube.com\/@fiscaliageneraldelanacion-4668?si=6nN79nyQICPU5iTh\"]},{\"@type\":\"Person\",\"@id\":\"https:\/\/www.fiscalia.gov.co\/colombia\/#\/schema\/person\/bf84402cf293a5393e9c70b111020b24\",\"name\":\"Jordan Leandro Oviedo Anzola\",\"image\":{\"@type\":\"ImageObject\",\"inLanguage\":\"es-CO\",\"@id\":\"https:\/\/www.fiscalia.gov.co\/colombia\/#\/schema\/person\/image\/\",\"url\":\"https:\/\/secure.gravatar.com\/avatar\/dabba4346fa9b9207d96adafa8f92721?s=96&d=mm&r=g\",\"contentUrl\":\"https:\/\/secure.gravatar.com\/avatar\/dabba4346fa9b9207d96adafa8f92721?s=96&d=mm&r=g\",\"caption\":\"Jordan Leandro Oviedo Anzola\"},\"url\":\"https:\/\/www.fiscalia.gov.co\/colombia\/author\/joviedo\/\"}]}<\/script>\n<!-- \/ Yoast SEO plugin. -->","yoast_head_json":{"title":"Fiscal\u00eda General de la Naci\u00f3n","description":"P\u00e1gina oficial de la Fiscal\u00eda General de la Naci\u00f3n \u2013 Colombia. Garantizamos el acceso efectivo a la justicia, la verdad y la reparaci\u00f3n de las v\u00edctimas de los delitos.","robots":{"index":"noindex","follow":"follow"},"og_locale":"es_ES","og_type":"article","og_title":"Fiscal\u00eda General de la Naci\u00f3n","og_description":"P\u00e1gina oficial de la Fiscal\u00eda General de la Naci\u00f3n \u2013 Colombia. Garantizamos el acceso efectivo a la justicia, la verdad y la reparaci\u00f3n de las v\u00edctimas de los delitos.","og_url":"https:\/\/www.fiscalia.gov.co\/colombia\/noticias\/fiscalia-y-policia-desmantelaron-la-banda-los-chucky-de-la-quinta-presuntamente-dedicada-al-comercio-de-marihuana-y-bazuco-en-dos-comunas-de-pasto\/","og_site_name":"Fiscal\u00eda General de la Naci\u00f3n","article_publisher":"https:\/\/www.facebook.com\/FiscaliaCol","article_published_time":"2023-07-07T17:23:43+00:00","article_modified_time":"2023-07-07T21:49:47+00:00","og_image":[{"url":"https:\/\/www.fiscalia.gov.co\/colombia\/wp-content\/uploads\/BANDA-LOS-CHUCKY-DE-LA-QUINTA-PASTO-1.jpg","type":"","width":"","height":""}],"author":"Jordan Leandro Oviedo Anzola","twitter_card":"summary_large_image","twitter_creator":"@FiscaliaCol","twitter_site":"@FiscaliaCol","twitter_misc":{"Escrito por":"Jordan Leandro Oviedo Anzola","Tiempo de lectura":"3 minutos"},"schema":{"@context":"https:\/\/schema.org","@graph":[{"@type":"Article","@id":"https:\/\/www.fiscalia.gov.co\/colombia\/noticias\/fiscalia-y-policia-desmantelaron-la-banda-los-chucky-de-la-quinta-presuntamente-dedicada-al-comercio-de-marihuana-y-bazuco-en-dos-comunas-de-pasto\/#article","isPartOf":{"@id":"https:\/\/www.fiscalia.gov.co\/colombia\/noticias\/fiscalia-y-policia-desmantelaron-la-banda-los-chucky-de-la-quinta-presuntamente-dedicada-al-comercio-de-marihuana-y-bazuco-en-dos-comunas-de-pasto\/"},"author":{"name":"Jordan Leandro Oviedo Anzola","@id":"https:\/\/www.fiscalia.gov.co\/colombia\/#\/schema\/person\/bf84402cf293a5393e9c70b111020b24"},"headline":"Fiscal\u00eda y Polic\u00eda desmantelaron la banda Los Chucky de la Quinta, presuntamente dedicada al comercio de marihuana y bazuco en dos comunas de Pasto","datePublished":"2023-07-07T17:23:43+00:00","dateModified":"2023-07-07T21:49:47+00:00","mainEntityOfPage":{"@id":"https:\/\/www.fiscalia.gov.co\/colombia\/noticias\/fiscalia-y-policia-desmantelaron-la-banda-los-chucky-de-la-quinta-presuntamente-dedicada-al-comercio-de-marihuana-y-bazuco-en-dos-comunas-de-pasto\/"},"wordCount":499,"publisher":{"@id":"https:\/\/www.fiscalia.gov.co\/colombia\/#organization"},"image":{"@id":"https:\/\/www.fiscalia.gov.co\/colombia\/noticias\/fiscalia-y-policia-desmantelaron-la-banda-los-chucky-de-la-quinta-presuntamente-dedicada-al-comercio-de-marihuana-y-bazuco-en-dos-comunas-de-pasto\/#primaryimage"},"thumbnailUrl":"https:\/\/www.fiscalia.gov.co\/colombia\/wp-content\/uploads\/BANDA-LOS-CHUCKY-DE-LA-QUINTA-PASTO-1.jpg","keywords":["Fiscal General Francisco Barbosa Delgado","Fiscal\u00eda de Colombia","Fiscal\u00eda General de la Naci\u00f3n","Pasto (Nari\u00f1o)","Porte de estupefacientes","uso de menores"],"articleSection":["Noticias","Seccional Pasto","Seccionales","Seguridad territorial"],"inLanguage":"es-CO"},{"@type":"WebPage","@id":"https:\/\/www.fiscalia.gov.co\/colombia\/noticias\/fiscalia-y-policia-desmantelaron-la-banda-los-chucky-de-la-quinta-presuntamente-dedicada-al-comercio-de-marihuana-y-bazuco-en-dos-comunas-de-pasto\/","url":"https:\/\/www.fiscalia.gov.co\/colombia\/noticias\/fiscalia-y-policia-desmantelaron-la-banda-los-chucky-de-la-quinta-presuntamente-dedicada-al-comercio-de-marihuana-y-bazuco-en-dos-comunas-de-pasto\/","name":"Fiscal\u00eda General de la Naci\u00f3n","isPartOf":{"@id":"https:\/\/www.fiscalia.gov.co\/colombia\/#website"},"primaryImageOfPage":{"@id":"https:\/\/www.fiscalia.gov.co\/colombia\/noticias\/fiscalia-y-policia-desmantelaron-la-banda-los-chucky-de-la-quinta-presuntamente-dedicada-al-comercio-de-marihuana-y-bazuco-en-dos-comunas-de-pasto\/#primaryimage"},"image":{"@id":"https:\/\/www.fiscalia.gov.co\/colombia\/noticias\/fiscalia-y-policia-desmantelaron-la-banda-los-chucky-de-la-quinta-presuntamente-dedicada-al-comercio-de-marihuana-y-bazuco-en-dos-comunas-de-pasto\/#primaryimage"},"thumbnailUrl":"https:\/\/www.fiscalia.gov.co\/colombia\/wp-content\/uploads\/BANDA-LOS-CHUCKY-DE-LA-QUINTA-PASTO-1.jpg","datePublished":"2023-07-07T17:23:43+00:00","dateModified":"2023-07-07T21:49:47+00:00","description":"P\u00e1gina oficial de la Fiscal\u00eda General de la Naci\u00f3n \u2013 Colombia. Garantizamos el acceso efectivo a la justicia, la verdad y la reparaci\u00f3n de las v\u00edctimas de los delitos.","breadcrumb":{"@id":"https:\/\/www.fiscalia.gov.co\/colombia\/noticias\/fiscalia-y-policia-desmantelaron-la-banda-los-chucky-de-la-quinta-presuntamente-dedicada-al-comercio-de-marihuana-y-bazuco-en-dos-comunas-de-pasto\/#breadcrumb"},"inLanguage":"es-CO","potentialAction":[{"@type":"ReadAction","target":["https:\/\/www.fiscalia.gov.co\/colombia\/noticias\/fiscalia-y-policia-desmantelaron-la-banda-los-chucky-de-la-quinta-presuntamente-dedicada-al-comercio-de-marihuana-y-bazuco-en-dos-comunas-de-pasto\/"]}]},{"@type":"ImageObject","inLanguage":"es-CO","@id":"https:\/\/www.fiscalia.gov.co\/colombia\/noticias\/fiscalia-y-policia-desmantelaron-la-banda-los-chucky-de-la-quinta-presuntamente-dedicada-al-comercio-de-marihuana-y-bazuco-en-dos-comunas-de-pasto\/#primaryimage","url":"https:\/\/www.fiscalia.gov.co\/colombia\/wp-content\/uploads\/BANDA-LOS-CHUCKY-DE-LA-QUINTA-PASTO-1.jpg","contentUrl":"https:\/\/www.fiscalia.gov.co\/colombia\/wp-content\/uploads\/BANDA-LOS-CHUCKY-DE-LA-QUINTA-PASTO-1.jpg","width":730,"height":542,"caption":"Los 7 presuntos integrantes de la estructura criminal Los Chucky de la Quinta fueron asegurados con detenci\u00f3n carcelaria"},{"@type":"BreadcrumbList","@id":"https:\/\/www.fiscalia.gov.co\/colombia\/noticias\/fiscalia-y-policia-desmantelaron-la-banda-los-chucky-de-la-quinta-presuntamente-dedicada-al-comercio-de-marihuana-y-bazuco-en-dos-comunas-de-pasto\/#breadcrumb","itemListElement":[{"@type":"ListItem","position":1,"name":"Home","item":"https:\/\/www.fiscalia.gov.co\/colombia\/"},{"@type":"ListItem","position":2,"name":"Fiscal\u00eda y Polic\u00eda desmantelaron la banda Los Chucky de la Quinta, presuntamente dedicada al comercio de marihuana y bazuco en dos comunas de Pasto"}]},{"@type":"WebSite","@id":"https:\/\/www.fiscalia.gov.co\/colombia\/#website","url":"https:\/\/www.fiscalia.gov.co\/colombia\/","name":"Fiscal\u00eda General de la Naci\u00f3n","description":"P\u00e1gina oficial de la Fiscal\u00eda General de la Naci\u00f3n \u2013 Colombia. Garantizamos el acceso efectivo a la justicia, la verdad y la reparaci\u00f3n de las v\u00edctimas de los delitos.","publisher":{"@id":"https:\/\/www.fiscalia.gov.co\/colombia\/#organization"},"potentialAction":[{"@type":"SearchAction","target":{"@type":"EntryPoint","urlTemplate":"https:\/\/www.fiscalia.gov.co\/colombia\/?s={search_term_string}"},"query-input":{"@type":"PropertyValueSpecification","valueRequired":true,"valueName":"search_term_string"}}],"inLanguage":"es-CO"},{"@type":"Organization","@id":"https:\/\/www.fiscalia.gov.co\/colombia\/#organization","name":"Fiscal\u00eda General de la Naci\u00f3n","url":"https:\/\/www.fiscalia.gov.co\/colombia\/","logo":{"@type":"ImageObject","inLanguage":"es-CO","@id":"https:\/\/www.fiscalia.gov.co\/colombia\/#\/schema\/logo\/image\/","url":"https:\/\/www.fiscalia.gov.co\/colombia\/wp-content\/uploads\/LogoHorizontal_1.jpg","contentUrl":"https:\/\/www.fiscalia.gov.co\/colombia\/wp-content\/uploads\/LogoHorizontal_1.jpg","width":300,"height":90,"caption":"Fiscal\u00eda General de la Naci\u00f3n"},"image":{"@id":"https:\/\/www.fiscalia.gov.co\/colombia\/#\/schema\/logo\/image\/"},"sameAs":["https:\/\/www.facebook.com\/FiscaliaCol","https:\/\/x.com\/FiscaliaCol","https:\/\/www.instagram.com\/fiscaliacol","https:\/\/www.linkedin.com\/company\/fiscalia-general-de-la-naci-n\/","https:\/\/youtube.com\/@fiscaliageneraldelanacion-4668?si=6nN79nyQICPU5iTh"]},{"@type":"Person","@id":"https:\/\/www.fiscalia.gov.co\/colombia\/#\/schema\/person\/bf84402cf293a5393e9c70b111020b24","name":"Jordan Leandro Oviedo Anzola","image":{"@type":"ImageObject","inLanguage":"es-CO","@id":"https:\/\/www.fiscalia.gov.co\/colombia\/#\/schema\/person\/image\/","url":"https:\/\/secure.gravatar.com\/avatar\/dabba4346fa9b9207d96adafa8f92721?s=96&d=mm&r=g","contentUrl":"https:\/\/secure.gravatar.com\/avatar\/dabba4346fa9b9207d96adafa8f92721?s=96&d=mm&r=g","caption":"Jordan Leandro Oviedo Anzola"},"url":"https:\/\/www.fiscalia.gov.co\/colombia\/author\/joviedo\/"}]}},"_links":{"self":[{"href":"https:\/\/www.fiscalia.gov.co\/colombia\/wp-json\/wp\/v2\/posts\/274753","targetHints":{"allow":["GET"]}}],"collection":[{"href":"https:\/\/www.fiscalia.gov.co\/colombia\/wp-json\/wp\/v2\/posts"}],"about":[{"href":"https:\/\/www.fiscalia.gov.co\/colombia\/wp-json\/wp\/v2\/types\/post"}],"author":[{"embeddable":true,"href":"https:\/\/www.fiscalia.gov.co\/colombia\/wp-json\/wp\/v2\/users\/177"}],"replies":[{"embeddable":true,"href":"https:\/\/www.fiscalia.gov.co\/colombia\/wp-json\/wp\/v2\/comments?post=274753"}],"version-history":[{"count":1,"href":"https:\/\/www.fiscalia.gov.co\/colombia\/wp-json\/wp\/v2\/posts\/274753\/revisions"}],"predecessor-version":[{"id":274755,"href":"https:\/\/www.fiscalia.gov.co\/colombia\/wp-json\/wp\/v2\/posts\/274753\/revisions\/274755"}],"wp:attachment":[{"href":"https:\/\/www.fiscalia.gov.co\/colombia\/wp-json\/wp\/v2\/media?parent=274753"}],"wp:term":[{"taxonomy":"category","embeddable":true,"href":"https:\/\/www.fiscalia.gov.co\/colombia\/wp-json\/wp\/v2\/categories?post=274753"},{"taxonomy":"post_tag","embeddable":true,"href":"https:\/\/www.fiscalia.gov.co\/colombia\/wp-json\/wp\/v2\/tags?post=274753"}],"curies":[{"name":"wp","href":"https:\/\/api.w.org\/{rel}","templated":true}]}}