{"id":274747,"date":"2023-07-07T12:15:14","date_gmt":"2023-07-07T17:15:14","guid":{"rendered":"https:\/\/www.fiscalia.gov.co\/colombia\/?p=274747"},"modified":"2023-07-07T12:15:14","modified_gmt":"2023-07-07T17:15:14","slug":"autoridades-impactaron-grupo-delincuencial-los-de-la-habana-por-presunto-trafico-de-estupefacientes-en-el-barrio-eduardo-santos-de-ibague","status":"publish","type":"post","link":"https:\/\/www.fiscalia.gov.co\/colombia\/noticias\/autoridades-impactaron-grupo-delincuencial-los-de-la-habana-por-presunto-trafico-de-estupefacientes-en-el-barrio-eduardo-santos-de-ibague\/","title":{"rendered":"Autoridades impactaron grupo delincuencial \u00b4Los de La Habana\u00b4 por presunto tr\u00e1fico de estupefacientes en el barrio Eduardo Santos de Ibagu\u00e9"},"content":{"rendered":"<h4><strong><i>Un dron de la Polic\u00eda fue clave para la toma de im\u00e1genes que sirvi\u00f3 como evidencia para demostrar la culpabilidad de los procesados en el tr\u00e1fico de estupefacientes mediante el uso de menores de edad.<\/i><\/strong><\/h4>\n<figure id=\"attachment_274748\" aria-describedby=\"caption-attachment-274748\" style=\"width: 696px\" class=\"wp-caption aligncenter\"><img loading=\"lazy\" decoding=\"async\" class=\"size-large wp-image-274748\" src=\"https:\/\/www.fiscalia.gov.co\/colombia\/wp-content\/uploads\/gdc-los-de-la-habana-estupefacientes-ibague-1024x576.jpeg\" alt=\" En la imagen se ven cinco personas detenidas bajo custodia de servidores de la Polic\u00eda Nacional.\" width=\"696\" height=\"392\" srcset=\"https:\/\/www.fiscalia.gov.co\/colombia\/wp-content\/uploads\/gdc-los-de-la-habana-estupefacientes-ibague-1024x576.jpeg 1024w, https:\/\/www.fiscalia.gov.co\/colombia\/wp-content\/uploads\/gdc-los-de-la-habana-estupefacientes-ibague-300x169.jpeg 300w, https:\/\/www.fiscalia.gov.co\/colombia\/wp-content\/uploads\/gdc-los-de-la-habana-estupefacientes-ibague-768x432.jpeg 768w, https:\/\/www.fiscalia.gov.co\/colombia\/wp-content\/uploads\/gdc-los-de-la-habana-estupefacientes-ibague-1536x864.jpeg 1536w, https:\/\/www.fiscalia.gov.co\/colombia\/wp-content\/uploads\/gdc-los-de-la-habana-estupefacientes-ibague-696x392.jpeg 696w, https:\/\/www.fiscalia.gov.co\/colombia\/wp-content\/uploads\/gdc-los-de-la-habana-estupefacientes-ibague-1068x601.jpeg 1068w, https:\/\/www.fiscalia.gov.co\/colombia\/wp-content\/uploads\/gdc-los-de-la-habana-estupefacientes-ibague-747x420.jpeg 747w, https:\/\/www.fiscalia.gov.co\/colombia\/wp-content\/uploads\/gdc-los-de-la-habana-estupefacientes-ibague.jpeg 1600w\" sizes=\"auto, (max-width: 696px) 100vw, 696px\" \/><figcaption id=\"caption-attachment-274748\" class=\"wp-caption-text\">Los capturados en cuatro diligencias de allanamiento y registro har\u00edan parte del grupo delincuencial Los de La Habana por tr\u00e1fico de estupefacientes en el barrio Eduardo Santos de Ibagu\u00e9.<\/figcaption><\/figure>\n<p>La Fiscal\u00eda General de la Naci\u00f3n en un trabajo articulado con la Polic\u00eda Nacional de Ibagu\u00e9 (Tolima), logr\u00f3 el pasado 3 de julio, la captura y judicializaci\u00f3n de cinco personas se\u00f1aladas de pertenecer a un grupo de delincuencia com\u00fan conocido como los de La Habana, se\u00f1alado de traficar estupefacientes al menudeo en el barrio Eduardo Santos de la ciudad.<\/p>\n<p>Mediante cuatro diligencias de registro y allanamiento adelantadas, se logr\u00f3 la incautaci\u00f3n de 1.073 gramos de marihuana, 25 gramos de bazuco, m\u00e1s de $4.000.000 producto de la comercializaci\u00f3n de las sustancias de solo el fin de semana, y elementos propios para la elaboraci\u00f3n y dosificaci\u00f3n de las sustancias il\u00edcitas.<\/p>\n<p>Gracias a las labores de vigilancia a lugares y cosas por parte de la polic\u00eda judicial; as\u00ed como registros f\u00edlmicos tomados por los investigadores, procesamiento de im\u00e1genes, resultados de PIPH de la sustancia estupefaciente incautada a compradores, entrevistas a consumidores, interceptaciones telef\u00f3nicas y labores de identificaci\u00f3n e individualizaci\u00f3n, se logr\u00f3 establecer la existencia del grupo delictivo en cabeza de una mujer conocida como La Grilla.<\/p>\n<p>Sus integrantes se dedicar\u00edan a la venta de bazuco y marihuana en peque\u00f1as dosis en tres puntos espec\u00edficos del sector, siendo dos de ellos la casa de integrantes de la organizaci\u00f3n y en v\u00eda p\u00fablica sobre la calle 18 con carrera 1\u00b0, con una renta mensual de 20 millones de pesos aproximadamente.<\/p>\n<p>Para ello, Lilia Liliana Chavarro Tijero, La Grilla, usar\u00eda a sus dos hijas adolescentes de 15 y 16 a\u00f1os de edad, quienes, sin importar la hora y sabiendas de la presencia cercana de las autoridades, expenden la sustancia sin censura, lo cual se capt\u00f3 por un dron de la Polic\u00eda, a trav\u00e9s del cual qued\u00f3 en evidencia su modo de operar.<\/p>\n<p>El ente acusador a trav\u00e9s de un despacho seccional de la Unidad de Estructura de Apoyo de la Seccional Tolima que lidera la investigaci\u00f3n, le hace seguimiento desde el a\u00f1o 2022 a Los de la Habana de quienes se presume vienen delinquiendo desde tiempo atr\u00e1s.<\/p>\n<p>Los otros procesados adem\u00e1s de la mujer de 33 a\u00f1os de edad, quienes fungir\u00edan como expendedores son:\u00a0Jennifer Xiomara Oviedo,\u00a0Luis Alfonso Jimenez Ortiz, Luis Fernando L\u00f3pez Cardes y\u00a0\u00c1lvaro Guti\u00e9rrez Su\u00e1rez, quienes fueron imputados por los delitos de\u00a0concierto para delinquir agravado,\u00a0tr\u00e1fico, fabricaci\u00f3n o porte de estupefacientes,\u00a0uso de menores en la comisi\u00f3n de delitos y destinaci\u00f3n il\u00edcita de muebles o inmuebles que ninguno acept\u00f3 haber cometido.<\/p>\n<p><b><u>La Fiscal\u00eda habla con resultados.<\/u><\/b><\/p>\n<p>&nbsp;<\/p>\n<p>&nbsp;<\/p>\n<p>&nbsp;<\/p>\n<p>&nbsp;<\/p>\n<p>&nbsp;<\/p>\n<p>PAAM\/FAGH\/JJSZ\/AMBV\/DST<\/p>\n<p align=\"center\">\n<p>&nbsp;<\/p>\n<p>&nbsp;<\/p>\n<p>&nbsp;<\/p>\n<p>&nbsp;<\/p>\n<div class=\"td-post-content tagdiv-type\">\n<div class=\"td-post-content tagdiv-type\">\n<p><i>La informaci\u00f3n contenida en este bolet\u00edn de prensa corresponde a la narraci\u00f3n de los hechos noticiosos objetivos, suministrados por los funcionarios encargados de adelantar las investigaciones penales al interior de la Fiscal\u00eda General de la Naci\u00f3n. Para el momento de la divulgaci\u00f3n de este comunicado, la situaci\u00f3n jur\u00eddica de la(s) persona(s) relacionada(s) se encuentra pendiente de resolver por la autoridad judicial competente, siempre bajo los preceptos de la presunci\u00f3n de inocencia, consagrados en el art\u00edculo 29 de la Constituci\u00f3n Pol\u00edtica y el art\u00edculo 7\u00ba de la Ley 906 de 2004.<\/i><\/p>\n<\/div>\n<\/div>\n\n<div class=\"twitter-share\"><a href=\"https:\/\/twitter.com\/intent\/tweet?via=fiscaliacol\" class=\"twitter-share-button\">Tweet<\/a><\/div>\n","protected":false},"excerpt":{"rendered":"<p>Un dron de la Polic\u00eda fue clave para la toma de im\u00e1genes que sirvi\u00f3 como evidencia para demostrar la culpabilidad de los procesados en el tr\u00e1fico de estupefacientes mediante el uso de menores de edad. La Fiscal\u00eda General de la Naci\u00f3n en un trabajo articulado con la Polic\u00eda Nacional de Ibagu\u00e9 (Tolima), logr\u00f3 el pasado [&hellip;]<\/p>\n","protected":false},"author":177,"featured_media":0,"comment_status":"closed","ping_status":"open","sticky":false,"template":"","format":"standard","meta":{"_price":"","_stock":"","_tribe_ticket_header":"","_tribe_default_ticket_provider":"","_tribe_ticket_capacity":"0","_ticket_start_date":"","_ticket_end_date":"","_tribe_ticket_show_description":"","_tribe_ticket_show_not_going":false,"_tribe_ticket_use_global_stock":"","_tribe_ticket_global_stock_level":"","_global_stock_mode":"","_global_stock_cap":"","_tribe_rsvp_for_event":"","_tribe_ticket_going_count":"","_tribe_ticket_not_going_count":"","_tribe_tickets_list":"[]","_tribe_ticket_has_attendee_info_fields":false,"tdm_status":"","tdm_grid_status":"","footnotes":""},"categories":[1,329,303,24099],"tags":[5636,50,35062,1047,31631,28666,23838,23990,35061,16756,1264,558,24211,30239,7821,24233],"class_list":{"0":"post-274747","1":"post","2":"type-post","3":"status-publish","4":"format-standard","6":"category-noticias","7":"category-seccional-ibague","8":"category-seccionales","9":"category-seguridad-territorial","10":"tag-bazuco","11":"tag-estupefacientes","12":"tag-fiscal-secciona","13":"tag-fiscalia-general-de-la-nacion","14":"tag-grupo-de-delincuencia-comun","15":"tag-hijas","16":"tag-ibague","17":"tag-ibague-tolima","18":"tag-los-de-la-habana","19":"tag-madre","20":"tag-marihuana","21":"tag-policia-nacional","22":"tag-seccional-tolima","23":"tag-seguridad-territorial","24":"tag-unidad-de-estructura-de-apoyo","25":"tag-uso-de-menores"},"yoast_head":"<!-- This site is optimized with the Yoast SEO plugin v24.3 - https:\/\/yoast.com\/wordpress\/plugins\/seo\/ -->\n<title>Fiscal\u00eda General de la Naci\u00f3n<\/title>\n<meta name=\"description\" content=\"P\u00e1gina oficial de la Fiscal\u00eda General de la Naci\u00f3n \u2013 Colombia. Garantizamos el acceso efectivo a la justicia, la verdad y la reparaci\u00f3n de las v\u00edctimas de los delitos.\" \/>\n<meta name=\"robots\" content=\"noindex, follow\" \/>\n<meta property=\"og:locale\" content=\"es_ES\" \/>\n<meta property=\"og:type\" content=\"article\" \/>\n<meta property=\"og:title\" content=\"Fiscal\u00eda General de la Naci\u00f3n\" \/>\n<meta property=\"og:description\" content=\"P\u00e1gina oficial de la Fiscal\u00eda General de la Naci\u00f3n \u2013 Colombia. Garantizamos el acceso efectivo a la justicia, la verdad y la reparaci\u00f3n de las v\u00edctimas de los delitos.\" \/>\n<meta property=\"og:url\" content=\"https:\/\/www.fiscalia.gov.co\/colombia\/noticias\/autoridades-impactaron-grupo-delincuencial-los-de-la-habana-por-presunto-trafico-de-estupefacientes-en-el-barrio-eduardo-santos-de-ibague\/\" \/>\n<meta property=\"og:site_name\" content=\"Fiscal\u00eda General de la Naci\u00f3n\" \/>\n<meta property=\"article:publisher\" content=\"https:\/\/www.facebook.com\/FiscaliaCol\" \/>\n<meta property=\"article:published_time\" content=\"2023-07-07T17:15:14+00:00\" \/>\n<meta property=\"og:image\" content=\"https:\/\/www.fiscalia.gov.co\/colombia\/wp-content\/uploads\/gdc-los-de-la-habana-estupefacientes-ibague-1024x576.jpeg\" \/>\n<meta name=\"author\" content=\"Jordan Leandro Oviedo Anzola\" \/>\n<meta name=\"twitter:card\" content=\"summary_large_image\" \/>\n<meta name=\"twitter:creator\" content=\"@FiscaliaCol\" \/>\n<meta name=\"twitter:site\" content=\"@FiscaliaCol\" \/>\n<meta name=\"twitter:label1\" content=\"Escrito por\" \/>\n\t<meta name=\"twitter:data1\" content=\"Jordan Leandro Oviedo Anzola\" \/>\n\t<meta name=\"twitter:label2\" content=\"Tiempo de lectura\" \/>\n\t<meta name=\"twitter:data2\" content=\"3 minutos\" \/>\n<script type=\"application\/ld+json\" class=\"yoast-schema-graph\">{\"@context\":\"https:\/\/schema.org\",\"@graph\":[{\"@type\":\"Article\",\"@id\":\"https:\/\/www.fiscalia.gov.co\/colombia\/noticias\/autoridades-impactaron-grupo-delincuencial-los-de-la-habana-por-presunto-trafico-de-estupefacientes-en-el-barrio-eduardo-santos-de-ibague\/#article\",\"isPartOf\":{\"@id\":\"https:\/\/www.fiscalia.gov.co\/colombia\/noticias\/autoridades-impactaron-grupo-delincuencial-los-de-la-habana-por-presunto-trafico-de-estupefacientes-en-el-barrio-eduardo-santos-de-ibague\/\"},\"author\":{\"name\":\"Jordan Leandro Oviedo Anzola\",\"@id\":\"https:\/\/www.fiscalia.gov.co\/colombia\/#\/schema\/person\/bf84402cf293a5393e9c70b111020b24\"},\"headline\":\"Autoridades impactaron grupo delincuencial \u00b4Los de La Habana\u00b4 por presunto tr\u00e1fico de estupefacientes en el barrio Eduardo Santos de Ibagu\u00e9\",\"datePublished\":\"2023-07-07T17:15:14+00:00\",\"dateModified\":\"2023-07-07T17:15:14+00:00\",\"mainEntityOfPage\":{\"@id\":\"https:\/\/www.fiscalia.gov.co\/colombia\/noticias\/autoridades-impactaron-grupo-delincuencial-los-de-la-habana-por-presunto-trafico-de-estupefacientes-en-el-barrio-eduardo-santos-de-ibague\/\"},\"wordCount\":652,\"publisher\":{\"@id\":\"https:\/\/www.fiscalia.gov.co\/colombia\/#organization\"},\"image\":{\"@id\":\"https:\/\/www.fiscalia.gov.co\/colombia\/noticias\/autoridades-impactaron-grupo-delincuencial-los-de-la-habana-por-presunto-trafico-de-estupefacientes-en-el-barrio-eduardo-santos-de-ibague\/#primaryimage\"},\"thumbnailUrl\":\"https:\/\/www.fiscalia.gov.co\/colombia\/wp-content\/uploads\/gdc-los-de-la-habana-estupefacientes-ibague-1024x576.jpeg\",\"keywords\":[\"Bazuco\",\"Estupefacientes\",\"fiscal secciona\",\"Fiscal\u00eda General de la Naci\u00f3n\",\"grupo de delincuencia com\u00fan\",\"hijas\",\"Ibagu\u00e9\",\"Ibagu\u00e9 (Tolima)\",\"los de la habana\",\"Madre\",\"Marihuana\",\"Polic\u00eda Nacional\",\"Seccional Tolima\",\"Seguridad territorial\",\"Unidad de Estructura de Apoyo\",\"uso de menores\"],\"articleSection\":[\"Noticias\",\"Seccional Ibagu\u00e9\",\"Seccionales\",\"Seguridad territorial\"],\"inLanguage\":\"es-CO\"},{\"@type\":\"WebPage\",\"@id\":\"https:\/\/www.fiscalia.gov.co\/colombia\/noticias\/autoridades-impactaron-grupo-delincuencial-los-de-la-habana-por-presunto-trafico-de-estupefacientes-en-el-barrio-eduardo-santos-de-ibague\/\",\"url\":\"https:\/\/www.fiscalia.gov.co\/colombia\/noticias\/autoridades-impactaron-grupo-delincuencial-los-de-la-habana-por-presunto-trafico-de-estupefacientes-en-el-barrio-eduardo-santos-de-ibague\/\",\"name\":\"Fiscal\u00eda General de la Naci\u00f3n\",\"isPartOf\":{\"@id\":\"https:\/\/www.fiscalia.gov.co\/colombia\/#website\"},\"primaryImageOfPage\":{\"@id\":\"https:\/\/www.fiscalia.gov.co\/colombia\/noticias\/autoridades-impactaron-grupo-delincuencial-los-de-la-habana-por-presunto-trafico-de-estupefacientes-en-el-barrio-eduardo-santos-de-ibague\/#primaryimage\"},\"image\":{\"@id\":\"https:\/\/www.fiscalia.gov.co\/colombia\/noticias\/autoridades-impactaron-grupo-delincuencial-los-de-la-habana-por-presunto-trafico-de-estupefacientes-en-el-barrio-eduardo-santos-de-ibague\/#primaryimage\"},\"thumbnailUrl\":\"https:\/\/www.fiscalia.gov.co\/colombia\/wp-content\/uploads\/gdc-los-de-la-habana-estupefacientes-ibague-1024x576.jpeg\",\"datePublished\":\"2023-07-07T17:15:14+00:00\",\"dateModified\":\"2023-07-07T17:15:14+00:00\",\"description\":\"P\u00e1gina oficial de la Fiscal\u00eda General de la Naci\u00f3n \u2013 Colombia. Garantizamos el acceso efectivo a la justicia, la verdad y la reparaci\u00f3n de las v\u00edctimas de los delitos.\",\"breadcrumb\":{\"@id\":\"https:\/\/www.fiscalia.gov.co\/colombia\/noticias\/autoridades-impactaron-grupo-delincuencial-los-de-la-habana-por-presunto-trafico-de-estupefacientes-en-el-barrio-eduardo-santos-de-ibague\/#breadcrumb\"},\"inLanguage\":\"es-CO\",\"potentialAction\":[{\"@type\":\"ReadAction\",\"target\":[\"https:\/\/www.fiscalia.gov.co\/colombia\/noticias\/autoridades-impactaron-grupo-delincuencial-los-de-la-habana-por-presunto-trafico-de-estupefacientes-en-el-barrio-eduardo-santos-de-ibague\/\"]}]},{\"@type\":\"ImageObject\",\"inLanguage\":\"es-CO\",\"@id\":\"https:\/\/www.fiscalia.gov.co\/colombia\/noticias\/autoridades-impactaron-grupo-delincuencial-los-de-la-habana-por-presunto-trafico-de-estupefacientes-en-el-barrio-eduardo-santos-de-ibague\/#primaryimage\",\"url\":\"https:\/\/www.fiscalia.gov.co\/colombia\/wp-content\/uploads\/gdc-los-de-la-habana-estupefacientes-ibague-1024x576.jpeg\",\"contentUrl\":\"https:\/\/www.fiscalia.gov.co\/colombia\/wp-content\/uploads\/gdc-los-de-la-habana-estupefacientes-ibague-1024x576.jpeg\"},{\"@type\":\"BreadcrumbList\",\"@id\":\"https:\/\/www.fiscalia.gov.co\/colombia\/noticias\/autoridades-impactaron-grupo-delincuencial-los-de-la-habana-por-presunto-trafico-de-estupefacientes-en-el-barrio-eduardo-santos-de-ibague\/#breadcrumb\",\"itemListElement\":[{\"@type\":\"ListItem\",\"position\":1,\"name\":\"Home\",\"item\":\"https:\/\/www.fiscalia.gov.co\/colombia\/\"},{\"@type\":\"ListItem\",\"position\":2,\"name\":\"Autoridades impactaron grupo delincuencial \u00b4Los de La Habana\u00b4 por presunto tr\u00e1fico de estupefacientes en el barrio Eduardo Santos de Ibagu\u00e9\"}]},{\"@type\":\"WebSite\",\"@id\":\"https:\/\/www.fiscalia.gov.co\/colombia\/#website\",\"url\":\"https:\/\/www.fiscalia.gov.co\/colombia\/\",\"name\":\"Fiscal\u00eda General de la Naci\u00f3n\",\"description\":\"P\u00e1gina oficial de la Fiscal\u00eda General de la Naci\u00f3n \u2013 Colombia. Garantizamos el acceso efectivo a la justicia, la verdad y la reparaci\u00f3n de las v\u00edctimas de los delitos.\",\"publisher\":{\"@id\":\"https:\/\/www.fiscalia.gov.co\/colombia\/#organization\"},\"potentialAction\":[{\"@type\":\"SearchAction\",\"target\":{\"@type\":\"EntryPoint\",\"urlTemplate\":\"https:\/\/www.fiscalia.gov.co\/colombia\/?s={search_term_string}\"},\"query-input\":{\"@type\":\"PropertyValueSpecification\",\"valueRequired\":true,\"valueName\":\"search_term_string\"}}],\"inLanguage\":\"es-CO\"},{\"@type\":\"Organization\",\"@id\":\"https:\/\/www.fiscalia.gov.co\/colombia\/#organization\",\"name\":\"Fiscal\u00eda General de la Naci\u00f3n\",\"url\":\"https:\/\/www.fiscalia.gov.co\/colombia\/\",\"logo\":{\"@type\":\"ImageObject\",\"inLanguage\":\"es-CO\",\"@id\":\"https:\/\/www.fiscalia.gov.co\/colombia\/#\/schema\/logo\/image\/\",\"url\":\"https:\/\/www.fiscalia.gov.co\/colombia\/wp-content\/uploads\/LogoHorizontal_1.jpg\",\"contentUrl\":\"https:\/\/www.fiscalia.gov.co\/colombia\/wp-content\/uploads\/LogoHorizontal_1.jpg\",\"width\":300,\"height\":90,\"caption\":\"Fiscal\u00eda General de la Naci\u00f3n\"},\"image\":{\"@id\":\"https:\/\/www.fiscalia.gov.co\/colombia\/#\/schema\/logo\/image\/\"},\"sameAs\":[\"https:\/\/www.facebook.com\/FiscaliaCol\",\"https:\/\/x.com\/FiscaliaCol\",\"https:\/\/www.instagram.com\/fiscaliacol\",\"https:\/\/www.linkedin.com\/company\/fiscalia-general-de-la-naci-n\/\",\"https:\/\/youtube.com\/@fiscaliageneraldelanacion-4668?si=6nN79nyQICPU5iTh\"]},{\"@type\":\"Person\",\"@id\":\"https:\/\/www.fiscalia.gov.co\/colombia\/#\/schema\/person\/bf84402cf293a5393e9c70b111020b24\",\"name\":\"Jordan Leandro Oviedo Anzola\",\"image\":{\"@type\":\"ImageObject\",\"inLanguage\":\"es-CO\",\"@id\":\"https:\/\/www.fiscalia.gov.co\/colombia\/#\/schema\/person\/image\/\",\"url\":\"https:\/\/secure.gravatar.com\/avatar\/dabba4346fa9b9207d96adafa8f92721?s=96&d=mm&r=g\",\"contentUrl\":\"https:\/\/secure.gravatar.com\/avatar\/dabba4346fa9b9207d96adafa8f92721?s=96&d=mm&r=g\",\"caption\":\"Jordan Leandro Oviedo Anzola\"},\"url\":\"https:\/\/www.fiscalia.gov.co\/colombia\/author\/joviedo\/\"}]}<\/script>\n<!-- \/ Yoast SEO plugin. -->","yoast_head_json":{"title":"Fiscal\u00eda General de la Naci\u00f3n","description":"P\u00e1gina oficial de la Fiscal\u00eda General de la Naci\u00f3n \u2013 Colombia. Garantizamos el acceso efectivo a la justicia, la verdad y la reparaci\u00f3n de las v\u00edctimas de los delitos.","robots":{"index":"noindex","follow":"follow"},"og_locale":"es_ES","og_type":"article","og_title":"Fiscal\u00eda General de la Naci\u00f3n","og_description":"P\u00e1gina oficial de la Fiscal\u00eda General de la Naci\u00f3n \u2013 Colombia. Garantizamos el acceso efectivo a la justicia, la verdad y la reparaci\u00f3n de las v\u00edctimas de los delitos.","og_url":"https:\/\/www.fiscalia.gov.co\/colombia\/noticias\/autoridades-impactaron-grupo-delincuencial-los-de-la-habana-por-presunto-trafico-de-estupefacientes-en-el-barrio-eduardo-santos-de-ibague\/","og_site_name":"Fiscal\u00eda General de la Naci\u00f3n","article_publisher":"https:\/\/www.facebook.com\/FiscaliaCol","article_published_time":"2023-07-07T17:15:14+00:00","og_image":[{"url":"https:\/\/www.fiscalia.gov.co\/colombia\/wp-content\/uploads\/gdc-los-de-la-habana-estupefacientes-ibague-1024x576.jpeg","type":"","width":"","height":""}],"author":"Jordan Leandro Oviedo Anzola","twitter_card":"summary_large_image","twitter_creator":"@FiscaliaCol","twitter_site":"@FiscaliaCol","twitter_misc":{"Escrito por":"Jordan Leandro Oviedo Anzola","Tiempo de lectura":"3 minutos"},"schema":{"@context":"https:\/\/schema.org","@graph":[{"@type":"Article","@id":"https:\/\/www.fiscalia.gov.co\/colombia\/noticias\/autoridades-impactaron-grupo-delincuencial-los-de-la-habana-por-presunto-trafico-de-estupefacientes-en-el-barrio-eduardo-santos-de-ibague\/#article","isPartOf":{"@id":"https:\/\/www.fiscalia.gov.co\/colombia\/noticias\/autoridades-impactaron-grupo-delincuencial-los-de-la-habana-por-presunto-trafico-de-estupefacientes-en-el-barrio-eduardo-santos-de-ibague\/"},"author":{"name":"Jordan Leandro Oviedo Anzola","@id":"https:\/\/www.fiscalia.gov.co\/colombia\/#\/schema\/person\/bf84402cf293a5393e9c70b111020b24"},"headline":"Autoridades impactaron grupo delincuencial \u00b4Los de La Habana\u00b4 por presunto tr\u00e1fico de estupefacientes en el barrio Eduardo Santos de Ibagu\u00e9","datePublished":"2023-07-07T17:15:14+00:00","dateModified":"2023-07-07T17:15:14+00:00","mainEntityOfPage":{"@id":"https:\/\/www.fiscalia.gov.co\/colombia\/noticias\/autoridades-impactaron-grupo-delincuencial-los-de-la-habana-por-presunto-trafico-de-estupefacientes-en-el-barrio-eduardo-santos-de-ibague\/"},"wordCount":652,"publisher":{"@id":"https:\/\/www.fiscalia.gov.co\/colombia\/#organization"},"image":{"@id":"https:\/\/www.fiscalia.gov.co\/colombia\/noticias\/autoridades-impactaron-grupo-delincuencial-los-de-la-habana-por-presunto-trafico-de-estupefacientes-en-el-barrio-eduardo-santos-de-ibague\/#primaryimage"},"thumbnailUrl":"https:\/\/www.fiscalia.gov.co\/colombia\/wp-content\/uploads\/gdc-los-de-la-habana-estupefacientes-ibague-1024x576.jpeg","keywords":["Bazuco","Estupefacientes","fiscal secciona","Fiscal\u00eda General de la Naci\u00f3n","grupo de delincuencia com\u00fan","hijas","Ibagu\u00e9","Ibagu\u00e9 (Tolima)","los de la habana","Madre","Marihuana","Polic\u00eda Nacional","Seccional Tolima","Seguridad territorial","Unidad de Estructura de Apoyo","uso de menores"],"articleSection":["Noticias","Seccional Ibagu\u00e9","Seccionales","Seguridad territorial"],"inLanguage":"es-CO"},{"@type":"WebPage","@id":"https:\/\/www.fiscalia.gov.co\/colombia\/noticias\/autoridades-impactaron-grupo-delincuencial-los-de-la-habana-por-presunto-trafico-de-estupefacientes-en-el-barrio-eduardo-santos-de-ibague\/","url":"https:\/\/www.fiscalia.gov.co\/colombia\/noticias\/autoridades-impactaron-grupo-delincuencial-los-de-la-habana-por-presunto-trafico-de-estupefacientes-en-el-barrio-eduardo-santos-de-ibague\/","name":"Fiscal\u00eda General de la Naci\u00f3n","isPartOf":{"@id":"https:\/\/www.fiscalia.gov.co\/colombia\/#website"},"primaryImageOfPage":{"@id":"https:\/\/www.fiscalia.gov.co\/colombia\/noticias\/autoridades-impactaron-grupo-delincuencial-los-de-la-habana-por-presunto-trafico-de-estupefacientes-en-el-barrio-eduardo-santos-de-ibague\/#primaryimage"},"image":{"@id":"https:\/\/www.fiscalia.gov.co\/colombia\/noticias\/autoridades-impactaron-grupo-delincuencial-los-de-la-habana-por-presunto-trafico-de-estupefacientes-en-el-barrio-eduardo-santos-de-ibague\/#primaryimage"},"thumbnailUrl":"https:\/\/www.fiscalia.gov.co\/colombia\/wp-content\/uploads\/gdc-los-de-la-habana-estupefacientes-ibague-1024x576.jpeg","datePublished":"2023-07-07T17:15:14+00:00","dateModified":"2023-07-07T17:15:14+00:00","description":"P\u00e1gina oficial de la Fiscal\u00eda General de la Naci\u00f3n \u2013 Colombia. Garantizamos el acceso efectivo a la justicia, la verdad y la reparaci\u00f3n de las v\u00edctimas de los delitos.","breadcrumb":{"@id":"https:\/\/www.fiscalia.gov.co\/colombia\/noticias\/autoridades-impactaron-grupo-delincuencial-los-de-la-habana-por-presunto-trafico-de-estupefacientes-en-el-barrio-eduardo-santos-de-ibague\/#breadcrumb"},"inLanguage":"es-CO","potentialAction":[{"@type":"ReadAction","target":["https:\/\/www.fiscalia.gov.co\/colombia\/noticias\/autoridades-impactaron-grupo-delincuencial-los-de-la-habana-por-presunto-trafico-de-estupefacientes-en-el-barrio-eduardo-santos-de-ibague\/"]}]},{"@type":"ImageObject","inLanguage":"es-CO","@id":"https:\/\/www.fiscalia.gov.co\/colombia\/noticias\/autoridades-impactaron-grupo-delincuencial-los-de-la-habana-por-presunto-trafico-de-estupefacientes-en-el-barrio-eduardo-santos-de-ibague\/#primaryimage","url":"https:\/\/www.fiscalia.gov.co\/colombia\/wp-content\/uploads\/gdc-los-de-la-habana-estupefacientes-ibague-1024x576.jpeg","contentUrl":"https:\/\/www.fiscalia.gov.co\/colombia\/wp-content\/uploads\/gdc-los-de-la-habana-estupefacientes-ibague-1024x576.jpeg"},{"@type":"BreadcrumbList","@id":"https:\/\/www.fiscalia.gov.co\/colombia\/noticias\/autoridades-impactaron-grupo-delincuencial-los-de-la-habana-por-presunto-trafico-de-estupefacientes-en-el-barrio-eduardo-santos-de-ibague\/#breadcrumb","itemListElement":[{"@type":"ListItem","position":1,"name":"Home","item":"https:\/\/www.fiscalia.gov.co\/colombia\/"},{"@type":"ListItem","position":2,"name":"Autoridades impactaron grupo delincuencial \u00b4Los de La Habana\u00b4 por presunto tr\u00e1fico de estupefacientes en el barrio Eduardo Santos de Ibagu\u00e9"}]},{"@type":"WebSite","@id":"https:\/\/www.fiscalia.gov.co\/colombia\/#website","url":"https:\/\/www.fiscalia.gov.co\/colombia\/","name":"Fiscal\u00eda General de la Naci\u00f3n","description":"P\u00e1gina oficial de la Fiscal\u00eda General de la Naci\u00f3n \u2013 Colombia. Garantizamos el acceso efectivo a la justicia, la verdad y la reparaci\u00f3n de las v\u00edctimas de los delitos.","publisher":{"@id":"https:\/\/www.fiscalia.gov.co\/colombia\/#organization"},"potentialAction":[{"@type":"SearchAction","target":{"@type":"EntryPoint","urlTemplate":"https:\/\/www.fiscalia.gov.co\/colombia\/?s={search_term_string}"},"query-input":{"@type":"PropertyValueSpecification","valueRequired":true,"valueName":"search_term_string"}}],"inLanguage":"es-CO"},{"@type":"Organization","@id":"https:\/\/www.fiscalia.gov.co\/colombia\/#organization","name":"Fiscal\u00eda General de la Naci\u00f3n","url":"https:\/\/www.fiscalia.gov.co\/colombia\/","logo":{"@type":"ImageObject","inLanguage":"es-CO","@id":"https:\/\/www.fiscalia.gov.co\/colombia\/#\/schema\/logo\/image\/","url":"https:\/\/www.fiscalia.gov.co\/colombia\/wp-content\/uploads\/LogoHorizontal_1.jpg","contentUrl":"https:\/\/www.fiscalia.gov.co\/colombia\/wp-content\/uploads\/LogoHorizontal_1.jpg","width":300,"height":90,"caption":"Fiscal\u00eda General de la Naci\u00f3n"},"image":{"@id":"https:\/\/www.fiscalia.gov.co\/colombia\/#\/schema\/logo\/image\/"},"sameAs":["https:\/\/www.facebook.com\/FiscaliaCol","https:\/\/x.com\/FiscaliaCol","https:\/\/www.instagram.com\/fiscaliacol","https:\/\/www.linkedin.com\/company\/fiscalia-general-de-la-naci-n\/","https:\/\/youtube.com\/@fiscaliageneraldelanacion-4668?si=6nN79nyQICPU5iTh"]},{"@type":"Person","@id":"https:\/\/www.fiscalia.gov.co\/colombia\/#\/schema\/person\/bf84402cf293a5393e9c70b111020b24","name":"Jordan Leandro Oviedo Anzola","image":{"@type":"ImageObject","inLanguage":"es-CO","@id":"https:\/\/www.fiscalia.gov.co\/colombia\/#\/schema\/person\/image\/","url":"https:\/\/secure.gravatar.com\/avatar\/dabba4346fa9b9207d96adafa8f92721?s=96&d=mm&r=g","contentUrl":"https:\/\/secure.gravatar.com\/avatar\/dabba4346fa9b9207d96adafa8f92721?s=96&d=mm&r=g","caption":"Jordan Leandro Oviedo Anzola"},"url":"https:\/\/www.fiscalia.gov.co\/colombia\/author\/joviedo\/"}]}},"_links":{"self":[{"href":"https:\/\/www.fiscalia.gov.co\/colombia\/wp-json\/wp\/v2\/posts\/274747","targetHints":{"allow":["GET"]}}],"collection":[{"href":"https:\/\/www.fiscalia.gov.co\/colombia\/wp-json\/wp\/v2\/posts"}],"about":[{"href":"https:\/\/www.fiscalia.gov.co\/colombia\/wp-json\/wp\/v2\/types\/post"}],"author":[{"embeddable":true,"href":"https:\/\/www.fiscalia.gov.co\/colombia\/wp-json\/wp\/v2\/users\/177"}],"replies":[{"embeddable":true,"href":"https:\/\/www.fiscalia.gov.co\/colombia\/wp-json\/wp\/v2\/comments?post=274747"}],"version-history":[{"count":1,"href":"https:\/\/www.fiscalia.gov.co\/colombia\/wp-json\/wp\/v2\/posts\/274747\/revisions"}],"predecessor-version":[{"id":274749,"href":"https:\/\/www.fiscalia.gov.co\/colombia\/wp-json\/wp\/v2\/posts\/274747\/revisions\/274749"}],"wp:attachment":[{"href":"https:\/\/www.fiscalia.gov.co\/colombia\/wp-json\/wp\/v2\/media?parent=274747"}],"wp:term":[{"taxonomy":"category","embeddable":true,"href":"https:\/\/www.fiscalia.gov.co\/colombia\/wp-json\/wp\/v2\/categories?post=274747"},{"taxonomy":"post_tag","embeddable":true,"href":"https:\/\/www.fiscalia.gov.co\/colombia\/wp-json\/wp\/v2\/tags?post=274747"}],"curies":[{"name":"wp","href":"https:\/\/api.w.org\/{rel}","templated":true}]}}