{"id":274579,"date":"2023-07-05T10:23:02","date_gmt":"2023-07-05T15:23:02","guid":{"rendered":"https:\/\/www.fiscalia.gov.co\/colombia\/?p=274579"},"modified":"2023-07-17T11:51:37","modified_gmt":"2023-07-17T16:51:37","slug":"judicializado-vigilante-de-un-colegio-del-libano-tolima-por-presuntos-actos-sexuales-contra-seis-estudiantes","status":"publish","type":"post","link":"https:\/\/www.fiscalia.gov.co\/colombia\/noticias\/judicializado-vigilante-de-un-colegio-del-libano-tolima-por-presuntos-actos-sexuales-contra-seis-estudiantes\/","title":{"rendered":"Judicializado vigilante de un colegio del Libano, Tolima por presuntos actos sexuales contra seis estudiantes"},"content":{"rendered":"<h4><strong><i>La Fiscal\u00eda tiene un total de 12 denuncias de las cuales ha logrado establecer la presunta responsabilidad del hombre en seis hechos.<\/i><\/strong><\/h4>\n<figure id=\"attachment_274580\" aria-describedby=\"caption-attachment-274580\" style=\"width: 346px\" class=\"wp-caption alignleft\"><img loading=\"lazy\" decoding=\"async\" class=\" wp-image-274580\" src=\"https:\/\/www.fiscalia.gov.co\/colombia\/wp-content\/uploads\/vigilante-abusador-colegio-libano-tolima.jpeg\" alt=\"En la imagen se ve una persona detenida bajo custodia de un investigador del CTI y un integrante de la Polic\u00eda Nacional. Detr\u00e1s suyo un backing del CTI.\" width=\"346\" height=\"468\" srcset=\"https:\/\/www.fiscalia.gov.co\/colombia\/wp-content\/uploads\/vigilante-abusador-colegio-libano-tolima.jpeg 710w, https:\/\/www.fiscalia.gov.co\/colombia\/wp-content\/uploads\/vigilante-abusador-colegio-libano-tolima-222x300.jpeg 222w, https:\/\/www.fiscalia.gov.co\/colombia\/wp-content\/uploads\/vigilante-abusador-colegio-libano-tolima-696x941.jpeg 696w, https:\/\/www.fiscalia.gov.co\/colombia\/wp-content\/uploads\/vigilante-abusador-colegio-libano-tolima-311x420.jpeg 311w\" sizes=\"auto, (max-width: 346px) 100vw, 346px\" \/><figcaption id=\"caption-attachment-274580\" class=\"wp-caption-text\">el hombre fue detenido por servidores de polic\u00eda judicial CTI en coordinaci\u00f3n con la Polic\u00eda Nacional.<\/figcaption><\/figure>\n<p>Hern\u00e1n Guillermo Usma Arboleda, quien se desempe\u00f1aba como vigilante de una instituci\u00f3n educativa del L\u00edbano (Tolima), est\u00e1 siendo investigado por la Fiscal\u00eda General de la Naci\u00f3n, por los delitos de demanda de explotaci\u00f3n sexual comercial de persona menor de 18 a\u00f1os y actos sexuales con menor de 14 a\u00f1os, cometidos, al parecer, en contra de varias estudiantes del colegio donde \u00e9l laboraba desde el a\u00f1o 2015.<\/p>\n<p>El ente acusador a trav\u00e9s de un despacho seccional del municipio tolimense le imput\u00f3 cargos por seis hechos ocurridos entre los a\u00f1os 2017 y 2018, y marzo de este a\u00f1o. Las v\u00edctimas fueron ni\u00f1as que oscilaban entre las edades de los 11 a los 18 a\u00f1os.<\/p>\n<p>Se logr\u00f3 establecer que el sujeto las acosaba para que sostuvieran relaciones sexuales con \u00e9l a cambio de dinero, celulares, tabletas y otros elementos que les aseguraba, sus padres no ten\u00edan la capacidad para darles, por lo que seg\u00fan \u00e9l \u201cpod\u00eda ayudarlas con eso\u201d.<\/p>\n<p>En el caso presentado en marzo de este a\u00f1o contra una ni\u00f1a de 11 a\u00f1os de edad, el vigilante aprovechar\u00eda que ella fue a pedirle un rastrillo para el trabajo social que en horas de la tarde realizaba su hermana mayor en el colegio, y tomarla por los brazos para besarla a la fuerza.<\/p>\n<p>La menor de edad logr\u00f3 zafarse y alertar posteriormente a su madre de lo que estaba ocurriendo.<\/p>\n<p>La Fiscal\u00eda logr\u00f3 entonces conexar las noticias criminales que lo involucraban y as\u00ed, solicitar la orden de captura del hombre que se hizo efectiva en un trabajo coordinado entre la Polic\u00eda Nacional y el CTI en la calle 5\u00b0 con carrera 9\u00b0 del L\u00edbano, finalizando la semana anterior.<\/p>\n<p>Durante las audiencias de rigor no acept\u00f3 los cargos enrostrados por la delegada fiscal, y le fue impuesta medida de aseguramiento domiciliaria, decisi\u00f3n que fue apelada por la Fiscal\u00eda.<\/p>\n<p><b><u>La Fiscal\u00eda habla con resultados.<\/u><\/b><\/p>\n<p>&nbsp;<\/p>\n<p>&nbsp;<\/p>\n<p>&nbsp;<\/p>\n<p>&nbsp;<\/p>\n<p>&nbsp;<\/p>\n<p>PAAM\/FAGH\/LMMS\/AMBV\/DST<\/p>\n<p>&nbsp;<\/p>\n<p>&nbsp;<\/p>\n<p>&nbsp;<\/p>\n<p>&nbsp;<\/p>\n<p>&nbsp;<\/p>\n<div class=\"td-post-content tagdiv-type\">\n<div class=\"td-post-content tagdiv-type\">\n<div class=\"td-post-content tagdiv-type\">\n<div class=\"td-post-content tagdiv-type\">\n<div class=\"td-post-content tagdiv-type\">\n<div class=\"td-post-content tagdiv-type\">\n<div class=\"td-post-content tagdiv-type\">\n<p><em>La informaci\u00f3n contenida en este bolet\u00edn de prensa corresponde a la narraci\u00f3n de los hechos noticiosos objetivos, y las investigaciones penales al interior de la Fiscal\u00eda General de la Naci\u00f3n. Para el momento de la divulgaci\u00f3n de este comunicado, la situaci\u00f3n jur\u00eddica de la(s) persona(s) relacionada(s) se encuentra pendiente de resolver por la autoridad judicial competente, siempre bajo los preceptos de la presunci\u00f3n de inocencia, consagrados en el art\u00edculo 29 de la Constituci\u00f3n Pol\u00edtica y el art\u00edculo 7\u00ba de la Ley 906 de 2004.<\/em><\/p>\n<\/div>\n<\/div>\n<\/div>\n<\/div>\n<\/div>\n<\/div>\n<\/div>\n\n<div class=\"twitter-share\"><a href=\"https:\/\/twitter.com\/intent\/tweet?via=fiscaliacol\" class=\"twitter-share-button\">Tweet<\/a><\/div>\n","protected":false},"excerpt":{"rendered":"<p>La Fiscal\u00eda tiene un total de 12 denuncias de las cuales ha logrado establecer la presunta responsabilidad del hombre en seis hechos. Hern\u00e1n Guillermo Usma Arboleda, quien se desempe\u00f1aba como vigilante de una instituci\u00f3n educativa del L\u00edbano (Tolima), est\u00e1 siendo investigado por la Fiscal\u00eda General de la Naci\u00f3n, por los delitos de demanda de explotaci\u00f3n [&hellip;]<\/p>\n","protected":false},"author":177,"featured_media":275228,"comment_status":"closed","ping_status":"open","sticky":false,"template":"","format":"video","meta":{"_price":"","_stock":"","_tribe_ticket_header":"","_tribe_default_ticket_provider":"","_tribe_ticket_capacity":"0","_ticket_start_date":"","_ticket_end_date":"","_tribe_ticket_show_description":"","_tribe_ticket_show_not_going":false,"_tribe_ticket_use_global_stock":"","_tribe_ticket_global_stock_level":"","_global_stock_mode":"","_global_stock_cap":"","_tribe_rsvp_for_event":"","_tribe_ticket_going_count":"","_tribe_ticket_not_going_count":"","_tribe_tickets_list":"[]","_tribe_ticket_has_attendee_info_fields":false,"tdm_status":"","tdm_grid_status":"","footnotes":""},"categories":[1,329,303,24099],"tags":[12642,12848,45,35035,12504,30205,1047,25689,24626,32292,1628,12189,19926,1176,2299],"class_list":{"0":"post-274579","1":"post","2":"type-post","3":"status-publish","4":"format-video","5":"has-post-thumbnail","7":"category-noticias","8":"category-seccional-ibague","9":"category-seccionales","10":"category-seguridad-territorial","11":"tag-actos-sexuales-con-menor-de-14-anos","12":"tag-colegio","13":"tag-cti","14":"tag-demanda-de-explotacion-sexual-comercial-con-persona-de-18-anos","15":"tag-estudiantes","16":"tag-fiscal-seccional","17":"tag-fiscalia-general-de-la-nacion","18":"tag-intimidacion","19":"tag-libano","20":"tag-libano-tolima","21":"tag-menores-de-edad","22":"tag-tolima","23":"tag-vigilante","24":"tag-violencia-de-genero","25":"tag-violencia-sexual","26":"post_format-post-format-video"},"yoast_head":"<!-- This site is optimized with the Yoast SEO plugin v24.3 - https:\/\/yoast.com\/wordpress\/plugins\/seo\/ -->\n<title>Fiscal\u00eda General de la Naci\u00f3n<\/title>\n<meta name=\"description\" content=\"P\u00e1gina oficial de la Fiscal\u00eda General de la Naci\u00f3n \u2013 Colombia. Garantizamos el acceso efectivo a la justicia, la verdad y la reparaci\u00f3n de las v\u00edctimas de los delitos.\" \/>\n<meta name=\"robots\" content=\"noindex, follow\" \/>\n<meta property=\"og:locale\" content=\"es_ES\" \/>\n<meta property=\"og:type\" content=\"article\" \/>\n<meta property=\"og:title\" content=\"Fiscal\u00eda General de la Naci\u00f3n\" \/>\n<meta property=\"og:description\" content=\"P\u00e1gina oficial de la Fiscal\u00eda General de la Naci\u00f3n \u2013 Colombia. Garantizamos el acceso efectivo a la justicia, la verdad y la reparaci\u00f3n de las v\u00edctimas de los delitos.\" \/>\n<meta property=\"og:url\" content=\"https:\/\/www.fiscalia.gov.co\/colombia\/noticias\/judicializado-vigilante-de-un-colegio-del-libano-tolima-por-presuntos-actos-sexuales-contra-seis-estudiantes\/\" \/>\n<meta property=\"og:site_name\" content=\"Fiscal\u00eda General de la Naci\u00f3n\" \/>\n<meta property=\"article:publisher\" content=\"https:\/\/www.facebook.com\/FiscaliaCol\" \/>\n<meta property=\"article:published_time\" content=\"2023-07-05T15:23:02+00:00\" \/>\n<meta property=\"article:modified_time\" content=\"2023-07-17T16:51:37+00:00\" \/>\n<meta property=\"og:image\" content=\"https:\/\/www.fiscalia.gov.co\/colombia\/wp-content\/uploads\/maxresdefault-1103.jpg\" \/>\n\t<meta property=\"og:image:width\" content=\"1280\" \/>\n\t<meta property=\"og:image:height\" content=\"720\" \/>\n\t<meta property=\"og:image:type\" content=\"image\/jpeg\" \/>\n<meta name=\"author\" content=\"Jordan Leandro Oviedo Anzola\" \/>\n<meta name=\"twitter:card\" content=\"summary_large_image\" \/>\n<meta name=\"twitter:creator\" content=\"@FiscaliaCol\" \/>\n<meta name=\"twitter:site\" content=\"@FiscaliaCol\" \/>\n<meta name=\"twitter:label1\" content=\"Escrito por\" \/>\n\t<meta name=\"twitter:data1\" content=\"Jordan Leandro Oviedo Anzola\" \/>\n\t<meta name=\"twitter:label2\" content=\"Tiempo de lectura\" \/>\n\t<meta name=\"twitter:data2\" content=\"3 minutos\" \/>\n<script type=\"application\/ld+json\" class=\"yoast-schema-graph\">{\"@context\":\"https:\/\/schema.org\",\"@graph\":[{\"@type\":\"Article\",\"@id\":\"https:\/\/www.fiscalia.gov.co\/colombia\/noticias\/judicializado-vigilante-de-un-colegio-del-libano-tolima-por-presuntos-actos-sexuales-contra-seis-estudiantes\/#article\",\"isPartOf\":{\"@id\":\"https:\/\/www.fiscalia.gov.co\/colombia\/noticias\/judicializado-vigilante-de-un-colegio-del-libano-tolima-por-presuntos-actos-sexuales-contra-seis-estudiantes\/\"},\"author\":{\"name\":\"Jordan Leandro Oviedo Anzola\",\"@id\":\"https:\/\/www.fiscalia.gov.co\/colombia\/#\/schema\/person\/bf84402cf293a5393e9c70b111020b24\"},\"headline\":\"Judicializado vigilante de un colegio del Libano, Tolima por presuntos actos sexuales contra seis estudiantes\",\"datePublished\":\"2023-07-05T15:23:02+00:00\",\"dateModified\":\"2023-07-17T16:51:37+00:00\",\"mainEntityOfPage\":{\"@id\":\"https:\/\/www.fiscalia.gov.co\/colombia\/noticias\/judicializado-vigilante-de-un-colegio-del-libano-tolima-por-presuntos-actos-sexuales-contra-seis-estudiantes\/\"},\"wordCount\":502,\"publisher\":{\"@id\":\"https:\/\/www.fiscalia.gov.co\/colombia\/#organization\"},\"image\":{\"@id\":\"https:\/\/www.fiscalia.gov.co\/colombia\/noticias\/judicializado-vigilante-de-un-colegio-del-libano-tolima-por-presuntos-actos-sexuales-contra-seis-estudiantes\/#primaryimage\"},\"thumbnailUrl\":\"https:\/\/www.fiscalia.gov.co\/colombia\/wp-content\/uploads\/maxresdefault-1103.jpg\",\"keywords\":[\"actos sexuales con menor de 14 a\u00f1os\",\"Colegio\",\"CTI\",\"demanda de explotaci\u00f3n sexual comercial con persona de 18 a\u00f1os\",\"Estudiantes\",\"fiscal seccional\",\"Fiscal\u00eda General de la Naci\u00f3n\",\"intimidaci\u00f3n.\",\"L\u00edbano\",\"L\u00edbano (Tolima)\",\"Menores de edad\",\"Tolima\",\"Vigilante\",\"Violencia de g\u00e9nero\",\"Violencia sexual\"],\"articleSection\":[\"Noticias\",\"Seccional Ibagu\u00e9\",\"Seccionales\",\"Seguridad territorial\"],\"inLanguage\":\"es-CO\"},{\"@type\":\"WebPage\",\"@id\":\"https:\/\/www.fiscalia.gov.co\/colombia\/noticias\/judicializado-vigilante-de-un-colegio-del-libano-tolima-por-presuntos-actos-sexuales-contra-seis-estudiantes\/\",\"url\":\"https:\/\/www.fiscalia.gov.co\/colombia\/noticias\/judicializado-vigilante-de-un-colegio-del-libano-tolima-por-presuntos-actos-sexuales-contra-seis-estudiantes\/\",\"name\":\"Fiscal\u00eda General de la Naci\u00f3n\",\"isPartOf\":{\"@id\":\"https:\/\/www.fiscalia.gov.co\/colombia\/#website\"},\"primaryImageOfPage\":{\"@id\":\"https:\/\/www.fiscalia.gov.co\/colombia\/noticias\/judicializado-vigilante-de-un-colegio-del-libano-tolima-por-presuntos-actos-sexuales-contra-seis-estudiantes\/#primaryimage\"},\"image\":{\"@id\":\"https:\/\/www.fiscalia.gov.co\/colombia\/noticias\/judicializado-vigilante-de-un-colegio-del-libano-tolima-por-presuntos-actos-sexuales-contra-seis-estudiantes\/#primaryimage\"},\"thumbnailUrl\":\"https:\/\/www.fiscalia.gov.co\/colombia\/wp-content\/uploads\/maxresdefault-1103.jpg\",\"datePublished\":\"2023-07-05T15:23:02+00:00\",\"dateModified\":\"2023-07-17T16:51:37+00:00\",\"description\":\"P\u00e1gina oficial de la Fiscal\u00eda General de la Naci\u00f3n \u2013 Colombia. Garantizamos el acceso efectivo a la justicia, la verdad y la reparaci\u00f3n de las v\u00edctimas de los delitos.\",\"breadcrumb\":{\"@id\":\"https:\/\/www.fiscalia.gov.co\/colombia\/noticias\/judicializado-vigilante-de-un-colegio-del-libano-tolima-por-presuntos-actos-sexuales-contra-seis-estudiantes\/#breadcrumb\"},\"inLanguage\":\"es-CO\",\"potentialAction\":[{\"@type\":\"ReadAction\",\"target\":[\"https:\/\/www.fiscalia.gov.co\/colombia\/noticias\/judicializado-vigilante-de-un-colegio-del-libano-tolima-por-presuntos-actos-sexuales-contra-seis-estudiantes\/\"]}]},{\"@type\":\"ImageObject\",\"inLanguage\":\"es-CO\",\"@id\":\"https:\/\/www.fiscalia.gov.co\/colombia\/noticias\/judicializado-vigilante-de-un-colegio-del-libano-tolima-por-presuntos-actos-sexuales-contra-seis-estudiantes\/#primaryimage\",\"url\":\"https:\/\/www.fiscalia.gov.co\/colombia\/wp-content\/uploads\/maxresdefault-1103.jpg\",\"contentUrl\":\"https:\/\/www.fiscalia.gov.co\/colombia\/wp-content\/uploads\/maxresdefault-1103.jpg\",\"width\":1280,\"height\":720},{\"@type\":\"BreadcrumbList\",\"@id\":\"https:\/\/www.fiscalia.gov.co\/colombia\/noticias\/judicializado-vigilante-de-un-colegio-del-libano-tolima-por-presuntos-actos-sexuales-contra-seis-estudiantes\/#breadcrumb\",\"itemListElement\":[{\"@type\":\"ListItem\",\"position\":1,\"name\":\"Home\",\"item\":\"https:\/\/www.fiscalia.gov.co\/colombia\/\"},{\"@type\":\"ListItem\",\"position\":2,\"name\":\"Judicializado vigilante de un colegio del Libano, Tolima por presuntos actos sexuales contra seis estudiantes\"}]},{\"@type\":\"WebSite\",\"@id\":\"https:\/\/www.fiscalia.gov.co\/colombia\/#website\",\"url\":\"https:\/\/www.fiscalia.gov.co\/colombia\/\",\"name\":\"Fiscal\u00eda General de la Naci\u00f3n\",\"description\":\"P\u00e1gina oficial de la Fiscal\u00eda General de la Naci\u00f3n \u2013 Colombia. Garantizamos el acceso efectivo a la justicia, la verdad y la reparaci\u00f3n de las v\u00edctimas de los delitos.\",\"publisher\":{\"@id\":\"https:\/\/www.fiscalia.gov.co\/colombia\/#organization\"},\"potentialAction\":[{\"@type\":\"SearchAction\",\"target\":{\"@type\":\"EntryPoint\",\"urlTemplate\":\"https:\/\/www.fiscalia.gov.co\/colombia\/?s={search_term_string}\"},\"query-input\":{\"@type\":\"PropertyValueSpecification\",\"valueRequired\":true,\"valueName\":\"search_term_string\"}}],\"inLanguage\":\"es-CO\"},{\"@type\":\"Organization\",\"@id\":\"https:\/\/www.fiscalia.gov.co\/colombia\/#organization\",\"name\":\"Fiscal\u00eda General de la Naci\u00f3n\",\"url\":\"https:\/\/www.fiscalia.gov.co\/colombia\/\",\"logo\":{\"@type\":\"ImageObject\",\"inLanguage\":\"es-CO\",\"@id\":\"https:\/\/www.fiscalia.gov.co\/colombia\/#\/schema\/logo\/image\/\",\"url\":\"https:\/\/www.fiscalia.gov.co\/colombia\/wp-content\/uploads\/LogoHorizontal_1.jpg\",\"contentUrl\":\"https:\/\/www.fiscalia.gov.co\/colombia\/wp-content\/uploads\/LogoHorizontal_1.jpg\",\"width\":300,\"height\":90,\"caption\":\"Fiscal\u00eda General de la Naci\u00f3n\"},\"image\":{\"@id\":\"https:\/\/www.fiscalia.gov.co\/colombia\/#\/schema\/logo\/image\/\"},\"sameAs\":[\"https:\/\/www.facebook.com\/FiscaliaCol\",\"https:\/\/x.com\/FiscaliaCol\",\"https:\/\/www.instagram.com\/fiscaliacol\",\"https:\/\/www.linkedin.com\/company\/fiscalia-general-de-la-naci-n\/\",\"https:\/\/youtube.com\/@fiscaliageneraldelanacion-4668?si=6nN79nyQICPU5iTh\"]},{\"@type\":\"Person\",\"@id\":\"https:\/\/www.fiscalia.gov.co\/colombia\/#\/schema\/person\/bf84402cf293a5393e9c70b111020b24\",\"name\":\"Jordan Leandro Oviedo Anzola\",\"image\":{\"@type\":\"ImageObject\",\"inLanguage\":\"es-CO\",\"@id\":\"https:\/\/www.fiscalia.gov.co\/colombia\/#\/schema\/person\/image\/\",\"url\":\"https:\/\/secure.gravatar.com\/avatar\/dabba4346fa9b9207d96adafa8f92721?s=96&d=mm&r=g\",\"contentUrl\":\"https:\/\/secure.gravatar.com\/avatar\/dabba4346fa9b9207d96adafa8f92721?s=96&d=mm&r=g\",\"caption\":\"Jordan Leandro Oviedo Anzola\"},\"url\":\"https:\/\/www.fiscalia.gov.co\/colombia\/author\/joviedo\/\"}]}<\/script>\n<!-- \/ Yoast SEO plugin. -->","yoast_head_json":{"title":"Fiscal\u00eda General de la Naci\u00f3n","description":"P\u00e1gina oficial de la Fiscal\u00eda General de la Naci\u00f3n \u2013 Colombia. Garantizamos el acceso efectivo a la justicia, la verdad y la reparaci\u00f3n de las v\u00edctimas de los delitos.","robots":{"index":"noindex","follow":"follow"},"og_locale":"es_ES","og_type":"article","og_title":"Fiscal\u00eda General de la Naci\u00f3n","og_description":"P\u00e1gina oficial de la Fiscal\u00eda General de la Naci\u00f3n \u2013 Colombia. Garantizamos el acceso efectivo a la justicia, la verdad y la reparaci\u00f3n de las v\u00edctimas de los delitos.","og_url":"https:\/\/www.fiscalia.gov.co\/colombia\/noticias\/judicializado-vigilante-de-un-colegio-del-libano-tolima-por-presuntos-actos-sexuales-contra-seis-estudiantes\/","og_site_name":"Fiscal\u00eda General de la Naci\u00f3n","article_publisher":"https:\/\/www.facebook.com\/FiscaliaCol","article_published_time":"2023-07-05T15:23:02+00:00","article_modified_time":"2023-07-17T16:51:37+00:00","og_image":[{"width":1280,"height":720,"url":"https:\/\/www.fiscalia.gov.co\/colombia\/wp-content\/uploads\/maxresdefault-1103.jpg","type":"image\/jpeg"}],"author":"Jordan Leandro Oviedo Anzola","twitter_card":"summary_large_image","twitter_creator":"@FiscaliaCol","twitter_site":"@FiscaliaCol","twitter_misc":{"Escrito por":"Jordan Leandro Oviedo Anzola","Tiempo de lectura":"3 minutos"},"schema":{"@context":"https:\/\/schema.org","@graph":[{"@type":"Article","@id":"https:\/\/www.fiscalia.gov.co\/colombia\/noticias\/judicializado-vigilante-de-un-colegio-del-libano-tolima-por-presuntos-actos-sexuales-contra-seis-estudiantes\/#article","isPartOf":{"@id":"https:\/\/www.fiscalia.gov.co\/colombia\/noticias\/judicializado-vigilante-de-un-colegio-del-libano-tolima-por-presuntos-actos-sexuales-contra-seis-estudiantes\/"},"author":{"name":"Jordan Leandro Oviedo Anzola","@id":"https:\/\/www.fiscalia.gov.co\/colombia\/#\/schema\/person\/bf84402cf293a5393e9c70b111020b24"},"headline":"Judicializado vigilante de un colegio del Libano, Tolima por presuntos actos sexuales contra seis estudiantes","datePublished":"2023-07-05T15:23:02+00:00","dateModified":"2023-07-17T16:51:37+00:00","mainEntityOfPage":{"@id":"https:\/\/www.fiscalia.gov.co\/colombia\/noticias\/judicializado-vigilante-de-un-colegio-del-libano-tolima-por-presuntos-actos-sexuales-contra-seis-estudiantes\/"},"wordCount":502,"publisher":{"@id":"https:\/\/www.fiscalia.gov.co\/colombia\/#organization"},"image":{"@id":"https:\/\/www.fiscalia.gov.co\/colombia\/noticias\/judicializado-vigilante-de-un-colegio-del-libano-tolima-por-presuntos-actos-sexuales-contra-seis-estudiantes\/#primaryimage"},"thumbnailUrl":"https:\/\/www.fiscalia.gov.co\/colombia\/wp-content\/uploads\/maxresdefault-1103.jpg","keywords":["actos sexuales con menor de 14 a\u00f1os","Colegio","CTI","demanda de explotaci\u00f3n sexual comercial con persona de 18 a\u00f1os","Estudiantes","fiscal seccional","Fiscal\u00eda General de la Naci\u00f3n","intimidaci\u00f3n.","L\u00edbano","L\u00edbano (Tolima)","Menores de edad","Tolima","Vigilante","Violencia de g\u00e9nero","Violencia sexual"],"articleSection":["Noticias","Seccional Ibagu\u00e9","Seccionales","Seguridad territorial"],"inLanguage":"es-CO"},{"@type":"WebPage","@id":"https:\/\/www.fiscalia.gov.co\/colombia\/noticias\/judicializado-vigilante-de-un-colegio-del-libano-tolima-por-presuntos-actos-sexuales-contra-seis-estudiantes\/","url":"https:\/\/www.fiscalia.gov.co\/colombia\/noticias\/judicializado-vigilante-de-un-colegio-del-libano-tolima-por-presuntos-actos-sexuales-contra-seis-estudiantes\/","name":"Fiscal\u00eda General de la Naci\u00f3n","isPartOf":{"@id":"https:\/\/www.fiscalia.gov.co\/colombia\/#website"},"primaryImageOfPage":{"@id":"https:\/\/www.fiscalia.gov.co\/colombia\/noticias\/judicializado-vigilante-de-un-colegio-del-libano-tolima-por-presuntos-actos-sexuales-contra-seis-estudiantes\/#primaryimage"},"image":{"@id":"https:\/\/www.fiscalia.gov.co\/colombia\/noticias\/judicializado-vigilante-de-un-colegio-del-libano-tolima-por-presuntos-actos-sexuales-contra-seis-estudiantes\/#primaryimage"},"thumbnailUrl":"https:\/\/www.fiscalia.gov.co\/colombia\/wp-content\/uploads\/maxresdefault-1103.jpg","datePublished":"2023-07-05T15:23:02+00:00","dateModified":"2023-07-17T16:51:37+00:00","description":"P\u00e1gina oficial de la Fiscal\u00eda General de la Naci\u00f3n \u2013 Colombia. Garantizamos el acceso efectivo a la justicia, la verdad y la reparaci\u00f3n de las v\u00edctimas de los delitos.","breadcrumb":{"@id":"https:\/\/www.fiscalia.gov.co\/colombia\/noticias\/judicializado-vigilante-de-un-colegio-del-libano-tolima-por-presuntos-actos-sexuales-contra-seis-estudiantes\/#breadcrumb"},"inLanguage":"es-CO","potentialAction":[{"@type":"ReadAction","target":["https:\/\/www.fiscalia.gov.co\/colombia\/noticias\/judicializado-vigilante-de-un-colegio-del-libano-tolima-por-presuntos-actos-sexuales-contra-seis-estudiantes\/"]}]},{"@type":"ImageObject","inLanguage":"es-CO","@id":"https:\/\/www.fiscalia.gov.co\/colombia\/noticias\/judicializado-vigilante-de-un-colegio-del-libano-tolima-por-presuntos-actos-sexuales-contra-seis-estudiantes\/#primaryimage","url":"https:\/\/www.fiscalia.gov.co\/colombia\/wp-content\/uploads\/maxresdefault-1103.jpg","contentUrl":"https:\/\/www.fiscalia.gov.co\/colombia\/wp-content\/uploads\/maxresdefault-1103.jpg","width":1280,"height":720},{"@type":"BreadcrumbList","@id":"https:\/\/www.fiscalia.gov.co\/colombia\/noticias\/judicializado-vigilante-de-un-colegio-del-libano-tolima-por-presuntos-actos-sexuales-contra-seis-estudiantes\/#breadcrumb","itemListElement":[{"@type":"ListItem","position":1,"name":"Home","item":"https:\/\/www.fiscalia.gov.co\/colombia\/"},{"@type":"ListItem","position":2,"name":"Judicializado vigilante de un colegio del Libano, Tolima por presuntos actos sexuales contra seis estudiantes"}]},{"@type":"WebSite","@id":"https:\/\/www.fiscalia.gov.co\/colombia\/#website","url":"https:\/\/www.fiscalia.gov.co\/colombia\/","name":"Fiscal\u00eda General de la Naci\u00f3n","description":"P\u00e1gina oficial de la Fiscal\u00eda General de la Naci\u00f3n \u2013 Colombia. Garantizamos el acceso efectivo a la justicia, la verdad y la reparaci\u00f3n de las v\u00edctimas de los delitos.","publisher":{"@id":"https:\/\/www.fiscalia.gov.co\/colombia\/#organization"},"potentialAction":[{"@type":"SearchAction","target":{"@type":"EntryPoint","urlTemplate":"https:\/\/www.fiscalia.gov.co\/colombia\/?s={search_term_string}"},"query-input":{"@type":"PropertyValueSpecification","valueRequired":true,"valueName":"search_term_string"}}],"inLanguage":"es-CO"},{"@type":"Organization","@id":"https:\/\/www.fiscalia.gov.co\/colombia\/#organization","name":"Fiscal\u00eda General de la Naci\u00f3n","url":"https:\/\/www.fiscalia.gov.co\/colombia\/","logo":{"@type":"ImageObject","inLanguage":"es-CO","@id":"https:\/\/www.fiscalia.gov.co\/colombia\/#\/schema\/logo\/image\/","url":"https:\/\/www.fiscalia.gov.co\/colombia\/wp-content\/uploads\/LogoHorizontal_1.jpg","contentUrl":"https:\/\/www.fiscalia.gov.co\/colombia\/wp-content\/uploads\/LogoHorizontal_1.jpg","width":300,"height":90,"caption":"Fiscal\u00eda General de la Naci\u00f3n"},"image":{"@id":"https:\/\/www.fiscalia.gov.co\/colombia\/#\/schema\/logo\/image\/"},"sameAs":["https:\/\/www.facebook.com\/FiscaliaCol","https:\/\/x.com\/FiscaliaCol","https:\/\/www.instagram.com\/fiscaliacol","https:\/\/www.linkedin.com\/company\/fiscalia-general-de-la-naci-n\/","https:\/\/youtube.com\/@fiscaliageneraldelanacion-4668?si=6nN79nyQICPU5iTh"]},{"@type":"Person","@id":"https:\/\/www.fiscalia.gov.co\/colombia\/#\/schema\/person\/bf84402cf293a5393e9c70b111020b24","name":"Jordan Leandro Oviedo Anzola","image":{"@type":"ImageObject","inLanguage":"es-CO","@id":"https:\/\/www.fiscalia.gov.co\/colombia\/#\/schema\/person\/image\/","url":"https:\/\/secure.gravatar.com\/avatar\/dabba4346fa9b9207d96adafa8f92721?s=96&d=mm&r=g","contentUrl":"https:\/\/secure.gravatar.com\/avatar\/dabba4346fa9b9207d96adafa8f92721?s=96&d=mm&r=g","caption":"Jordan Leandro Oviedo Anzola"},"url":"https:\/\/www.fiscalia.gov.co\/colombia\/author\/joviedo\/"}]}},"_links":{"self":[{"href":"https:\/\/www.fiscalia.gov.co\/colombia\/wp-json\/wp\/v2\/posts\/274579","targetHints":{"allow":["GET"]}}],"collection":[{"href":"https:\/\/www.fiscalia.gov.co\/colombia\/wp-json\/wp\/v2\/posts"}],"about":[{"href":"https:\/\/www.fiscalia.gov.co\/colombia\/wp-json\/wp\/v2\/types\/post"}],"author":[{"embeddable":true,"href":"https:\/\/www.fiscalia.gov.co\/colombia\/wp-json\/wp\/v2\/users\/177"}],"replies":[{"embeddable":true,"href":"https:\/\/www.fiscalia.gov.co\/colombia\/wp-json\/wp\/v2\/comments?post=274579"}],"version-history":[{"count":1,"href":"https:\/\/www.fiscalia.gov.co\/colombia\/wp-json\/wp\/v2\/posts\/274579\/revisions"}],"predecessor-version":[{"id":274581,"href":"https:\/\/www.fiscalia.gov.co\/colombia\/wp-json\/wp\/v2\/posts\/274579\/revisions\/274581"}],"wp:featuredmedia":[{"embeddable":true,"href":"https:\/\/www.fiscalia.gov.co\/colombia\/wp-json\/wp\/v2\/media\/275228"}],"wp:attachment":[{"href":"https:\/\/www.fiscalia.gov.co\/colombia\/wp-json\/wp\/v2\/media?parent=274579"}],"wp:term":[{"taxonomy":"category","embeddable":true,"href":"https:\/\/www.fiscalia.gov.co\/colombia\/wp-json\/wp\/v2\/categories?post=274579"},{"taxonomy":"post_tag","embeddable":true,"href":"https:\/\/www.fiscalia.gov.co\/colombia\/wp-json\/wp\/v2\/tags?post=274579"}],"curies":[{"name":"wp","href":"https:\/\/api.w.org\/{rel}","templated":true}]}}