{"id":274412,"date":"2023-06-30T15:03:14","date_gmt":"2023-06-30T20:03:14","guid":{"rendered":"https:\/\/www.fiscalia.gov.co\/colombia\/?p=274412"},"modified":"2023-06-30T15:03:14","modified_gmt":"2023-06-30T20:03:14","slug":"asegurado-presunto-integrante-del-grupo-de-delincuencia-organizada-los-aguilera-por-extorsionar-a-nombre-de-las-farc-en-anzoategui-tolima","status":"publish","type":"post","link":"https:\/\/www.fiscalia.gov.co\/colombia\/noticias\/asegurado-presunto-integrante-del-grupo-de-delincuencia-organizada-los-aguilera-por-extorsionar-a-nombre-de-las-farc-en-anzoategui-tolima\/","title":{"rendered":"Asegurado presunto integrante del grupo de delincuencia organizada \u00b4Los Aguilera\u00b4, por extorsionar a nombre de las FARC en Anzoategui, Tolima"},"content":{"rendered":"<h4><strong><i>El hombre habr\u00eda reclamado la suma de $2.000.000 que consign\u00f3 una de las seis v\u00edctimas que hasta ahora la Fiscal\u00eda ha logrado identificar de esta organizaci\u00f3n.<\/i><\/strong><\/h4>\n<p style=\"font-weight: 400;\">Por su presunta participaci\u00f3n en la red de cobradores al servicio de un grupo de delincuencia organizada dedicada a la extorsi\u00f3n carcelaria denominado \u00b4Los Aguilera\u00b4, la Fiscal\u00eda, a trav\u00e9s de un delegado adscrito al Gaula Tolima, logr\u00f3 fuera privado de la libertad Juan Andr\u00e9s Aguilera por el delito de extorsi\u00f3n agravada.<\/p>\n<p style=\"font-weight: 400;\">El hombre de 37 a\u00f1os de edad fue detenido mediante un operativo conjunto entre personal del Cuerpo T\u00e9cnico de Investigaci\u00f3n (CTI) y el componente militar Gaula en v\u00eda p\u00fablica del barrio Candelaria La Nueva de Bogot\u00e1 a mediados de esta semana.<\/p>\n<figure id=\"attachment_274413\" aria-describedby=\"caption-attachment-274413\" style=\"width: 377px\" class=\"wp-caption aligncenter\"><img loading=\"lazy\" decoding=\"async\" class=\" wp-image-274413\" src=\"https:\/\/www.fiscalia.gov.co\/colombia\/wp-content\/uploads\/juan-aguilera-extorsion-tolima-300x243.jpeg\" alt=\" en la imagen se ve una persona detenida bajo custodia de un investigador del CTI y un integrante del Gaula Militar. Detr\u00e1s suyo, backings de cada una de las instituciones.\" width=\"377\" height=\"305\" srcset=\"https:\/\/www.fiscalia.gov.co\/colombia\/wp-content\/uploads\/juan-aguilera-extorsion-tolima-300x243.jpeg 300w, https:\/\/www.fiscalia.gov.co\/colombia\/wp-content\/uploads\/juan-aguilera-extorsion-tolima-1024x830.jpeg 1024w, https:\/\/www.fiscalia.gov.co\/colombia\/wp-content\/uploads\/juan-aguilera-extorsion-tolima-768x623.jpeg 768w, https:\/\/www.fiscalia.gov.co\/colombia\/wp-content\/uploads\/juan-aguilera-extorsion-tolima-696x564.jpeg 696w, https:\/\/www.fiscalia.gov.co\/colombia\/wp-content\/uploads\/juan-aguilera-extorsion-tolima-1068x866.jpeg 1068w, https:\/\/www.fiscalia.gov.co\/colombia\/wp-content\/uploads\/juan-aguilera-extorsion-tolima-518x420.jpeg 518w, https:\/\/www.fiscalia.gov.co\/colombia\/wp-content\/uploads\/juan-aguilera-extorsion-tolima.jpeg 1110w\" sizes=\"auto, (max-width: 377px) 100vw, 377px\" \/><figcaption id=\"caption-attachment-274413\" class=\"wp-caption-text\">El hombre fue capturado por personal del CTI y el componente militar Gaula en v\u00eda p\u00fablica del barrio Candelaria La Nueva de Bogot\u00e1 por el delito de extorsi\u00f3n agravada.<\/figcaption><\/figure>\n<p style=\"font-weight: 400;\">La Fiscal\u00eda lo se\u00f1ala de haber reclamado la suma de 2 millones que consignar\u00eda una de las v\u00edctimas en marzo del a\u00f1o pasado, en Anzo\u00e1tegui (Tolima).<\/p>\n<p style=\"font-weight: 400;\">Los Aguilera, el cual viene siendo investigado desde hace m\u00e1s de un a\u00f1o, se dedicar\u00eda a la comisi\u00f3n de extorsiones telef\u00f3nicas bajo la modalidad de suplantaci\u00f3n de integrantes de grupos armados al margen de la ley, quienes contactan desde la c\u00e1rcel Do\u00f1a Juana de La Dorada (Caldas) a sus v\u00edctimas, identific\u00e1ndose como integrantes de las Farc bajo el mando de alias Gustavo.<\/p>\n<p style=\"font-weight: 400;\">Los extorsionistas exigir\u00edan altas sumas de dinero a cambio de no atentar contra sus vidas y las de sus familias, afectando a por lo menos seis habitantes de la zona rural del municipio en menci\u00f3n.<\/p>\n<p style=\"font-weight: 400;\">Aguilera permanecer\u00e1 en centro carcelario para darle cumplimiento a la medida de aseguramiento preventiva impuesta.<\/p>\n<p style=\"font-weight: 400;\"><strong><u>La Fiscal\u00eda habla con resultados.<\/u><\/strong><\/p>\n<p style=\"font-weight: 400;\">\n<p>&nbsp;<\/p>\n<p>&nbsp;<\/p>\n<p style=\"font-weight: 400;\">\n<p style=\"font-weight: 400;\">PAAM\/FAGH\/KLRO\/AMBV\/DST<\/p>\n<p style=\"font-weight: 400;\">\n<p>&nbsp;<\/p>\n<p><i>La informaci\u00f3n contenida en este bolet\u00edn de prensa corresponde a la narraci\u00f3n de los hechos noticiosos objetivos, suministrados por los funcionarios encargados de adelantar las investigaciones penales al interior de la Fiscal\u00eda General de la Naci\u00f3n. Para el momento de la divulgaci\u00f3n de este comunicado, la situaci\u00f3n jur\u00eddica de la(s) persona(s) relacionada(s) se encuentra pendiente de resolver por la autoridad judicial competente, siempre bajo los preceptos de la presunci\u00f3n de inocencia, consagrados en el art\u00edculo 29 de la Constituci\u00f3n Pol\u00edtica y el art\u00edculo 7\u00ba de la Ley 906 de 2004.<\/i><\/p>\n\n<div class=\"twitter-share\"><a href=\"https:\/\/twitter.com\/intent\/tweet?via=fiscaliacol\" class=\"twitter-share-button\">Tweet<\/a><\/div>\n","protected":false},"excerpt":{"rendered":"<p>El hombre habr\u00eda reclamado la suma de $2.000.000 que consign\u00f3 una de las seis v\u00edctimas que hasta ahora la Fiscal\u00eda ha logrado identificar de esta organizaci\u00f3n. Por su presunta participaci\u00f3n en la red de cobradores al servicio de un grupo de delincuencia organizada dedicada a la extorsi\u00f3n carcelaria denominado \u00b4Los Aguilera\u00b4, la Fiscal\u00eda, a trav\u00e9s [&hellip;]<\/p>\n","protected":false},"author":178,"featured_media":0,"comment_status":"closed","ping_status":"open","sticky":false,"template":"","format":"standard","meta":{"_price":"","_stock":"","_tribe_ticket_header":"","_tribe_default_ticket_provider":"","_tribe_ticket_capacity":"0","_ticket_start_date":"","_ticket_end_date":"","_tribe_ticket_show_description":"","_tribe_ticket_show_not_going":false,"_tribe_ticket_use_global_stock":"","_tribe_ticket_global_stock_level":"","_global_stock_mode":"","_global_stock_cap":"","_tribe_rsvp_for_event":"","_tribe_ticket_going_count":"","_tribe_ticket_not_going_count":"","_tribe_tickets_list":"[]","_tribe_ticket_has_attendee_info_fields":false,"tdm_status":"","tdm_grid_status":"","footnotes":""},"categories":[1,24099],"tags":[1656,34996,23946,3401,26608,45,3292,30898,25284,1047,25007,25200,25201,23887,1185,11025],"class_list":{"0":"post-274412","1":"post","2":"type-post","3":"status-publish","4":"format-standard","6":"category-noticias","7":"category-seguridad-territorial","8":"tag-agricultores","9":"tag-anzoategui-tolima","10":"tag-caldas","11":"tag-campesinos","12":"tag-carcel-dona-juana","13":"tag-cti","14":"tag-extorsion-agravada","15":"tag-falso-funcionario","16":"tag-fiscal-gaula","17":"tag-fiscalia-general-de-la-nacion","18":"tag-gaula-militar","19":"tag-gdo","20":"tag-grupo-de-delincuencia-organizada","21":"tag-la-dorada","22":"tag-medida-de-aseguramiento","23":"tag-suplantacion"},"yoast_head":"<!-- This site is optimized with the Yoast SEO plugin v24.3 - https:\/\/yoast.com\/wordpress\/plugins\/seo\/ -->\n<title>Fiscal\u00eda General de la Naci\u00f3n<\/title>\n<meta name=\"description\" content=\"P\u00e1gina oficial de la Fiscal\u00eda General de la Naci\u00f3n \u2013 Colombia. Garantizamos el acceso efectivo a la justicia, la verdad y la reparaci\u00f3n de las v\u00edctimas de los delitos.\" \/>\n<meta name=\"robots\" content=\"noindex, follow\" \/>\n<meta property=\"og:locale\" content=\"es_ES\" \/>\n<meta property=\"og:type\" content=\"article\" \/>\n<meta property=\"og:title\" content=\"Fiscal\u00eda General de la Naci\u00f3n\" \/>\n<meta property=\"og:description\" content=\"P\u00e1gina oficial de la Fiscal\u00eda General de la Naci\u00f3n \u2013 Colombia. Garantizamos el acceso efectivo a la justicia, la verdad y la reparaci\u00f3n de las v\u00edctimas de los delitos.\" \/>\n<meta property=\"og:url\" content=\"https:\/\/www.fiscalia.gov.co\/colombia\/noticias\/asegurado-presunto-integrante-del-grupo-de-delincuencia-organizada-los-aguilera-por-extorsionar-a-nombre-de-las-farc-en-anzoategui-tolima\/\" \/>\n<meta property=\"og:site_name\" content=\"Fiscal\u00eda General de la Naci\u00f3n\" \/>\n<meta property=\"article:publisher\" content=\"https:\/\/www.facebook.com\/FiscaliaCol\" \/>\n<meta property=\"article:published_time\" content=\"2023-06-30T20:03:14+00:00\" \/>\n<meta property=\"og:image\" content=\"https:\/\/www.fiscalia.gov.co\/colombia\/wp-content\/uploads\/juan-aguilera-extorsion-tolima-300x243.jpeg\" \/>\n<meta name=\"author\" content=\"Winnie Geraldine Rodr\u00edguez Navarrete\" \/>\n<meta name=\"twitter:card\" content=\"summary_large_image\" \/>\n<meta name=\"twitter:creator\" content=\"@FiscaliaCol\" \/>\n<meta name=\"twitter:site\" content=\"@FiscaliaCol\" \/>\n<meta name=\"twitter:label1\" content=\"Escrito por\" \/>\n\t<meta name=\"twitter:data1\" content=\"Winnie Geraldine Rodr\u00edguez Navarrete\" \/>\n\t<meta name=\"twitter:label2\" content=\"Tiempo de lectura\" \/>\n\t<meta name=\"twitter:data2\" content=\"2 minutos\" \/>\n<script type=\"application\/ld+json\" class=\"yoast-schema-graph\">{\"@context\":\"https:\/\/schema.org\",\"@graph\":[{\"@type\":\"Article\",\"@id\":\"https:\/\/www.fiscalia.gov.co\/colombia\/noticias\/asegurado-presunto-integrante-del-grupo-de-delincuencia-organizada-los-aguilera-por-extorsionar-a-nombre-de-las-farc-en-anzoategui-tolima\/#article\",\"isPartOf\":{\"@id\":\"https:\/\/www.fiscalia.gov.co\/colombia\/noticias\/asegurado-presunto-integrante-del-grupo-de-delincuencia-organizada-los-aguilera-por-extorsionar-a-nombre-de-las-farc-en-anzoategui-tolima\/\"},\"author\":{\"name\":\"Winnie Geraldine Rodr\u00edguez Navarrete\",\"@id\":\"https:\/\/www.fiscalia.gov.co\/colombia\/#\/schema\/person\/176195b99ebab0a52aafa15197e1bf80\"},\"headline\":\"Asegurado presunto integrante del grupo de delincuencia organizada \u00b4Los Aguilera\u00b4, por extorsionar a nombre de las FARC en Anzoategui, Tolima\",\"datePublished\":\"2023-06-30T20:03:14+00:00\",\"dateModified\":\"2023-06-30T20:03:14+00:00\",\"mainEntityOfPage\":{\"@id\":\"https:\/\/www.fiscalia.gov.co\/colombia\/noticias\/asegurado-presunto-integrante-del-grupo-de-delincuencia-organizada-los-aguilera-por-extorsionar-a-nombre-de-las-farc-en-anzoategui-tolima\/\"},\"wordCount\":461,\"publisher\":{\"@id\":\"https:\/\/www.fiscalia.gov.co\/colombia\/#organization\"},\"image\":{\"@id\":\"https:\/\/www.fiscalia.gov.co\/colombia\/noticias\/asegurado-presunto-integrante-del-grupo-de-delincuencia-organizada-los-aguilera-por-extorsionar-a-nombre-de-las-farc-en-anzoategui-tolima\/#primaryimage\"},\"thumbnailUrl\":\"https:\/\/www.fiscalia.gov.co\/colombia\/wp-content\/uploads\/juan-aguilera-extorsion-tolima-300x243.jpeg\",\"keywords\":[\"Agricultores\",\"Anzo\u00e1tegui (Tolima)\",\"Caldas\",\"Campesinos\",\"c\u00e1rcel Do\u00f1a Juana\",\"CTI\",\"Extorsi\u00f3n agravada\",\"falso funcionario\",\"fiscal Gaula.\",\"Fiscal\u00eda General de la Naci\u00f3n\",\"Gaula Militar\",\"GDO\",\"grupo de delincuencia organizada\",\"La Dorada\",\"Medida de aseguramiento\",\"Suplantaci\u00f3n\"],\"articleSection\":[\"Noticias\",\"Seguridad territorial\"],\"inLanguage\":\"es-CO\"},{\"@type\":\"WebPage\",\"@id\":\"https:\/\/www.fiscalia.gov.co\/colombia\/noticias\/asegurado-presunto-integrante-del-grupo-de-delincuencia-organizada-los-aguilera-por-extorsionar-a-nombre-de-las-farc-en-anzoategui-tolima\/\",\"url\":\"https:\/\/www.fiscalia.gov.co\/colombia\/noticias\/asegurado-presunto-integrante-del-grupo-de-delincuencia-organizada-los-aguilera-por-extorsionar-a-nombre-de-las-farc-en-anzoategui-tolima\/\",\"name\":\"Fiscal\u00eda General de la Naci\u00f3n\",\"isPartOf\":{\"@id\":\"https:\/\/www.fiscalia.gov.co\/colombia\/#website\"},\"primaryImageOfPage\":{\"@id\":\"https:\/\/www.fiscalia.gov.co\/colombia\/noticias\/asegurado-presunto-integrante-del-grupo-de-delincuencia-organizada-los-aguilera-por-extorsionar-a-nombre-de-las-farc-en-anzoategui-tolima\/#primaryimage\"},\"image\":{\"@id\":\"https:\/\/www.fiscalia.gov.co\/colombia\/noticias\/asegurado-presunto-integrante-del-grupo-de-delincuencia-organizada-los-aguilera-por-extorsionar-a-nombre-de-las-farc-en-anzoategui-tolima\/#primaryimage\"},\"thumbnailUrl\":\"https:\/\/www.fiscalia.gov.co\/colombia\/wp-content\/uploads\/juan-aguilera-extorsion-tolima-300x243.jpeg\",\"datePublished\":\"2023-06-30T20:03:14+00:00\",\"dateModified\":\"2023-06-30T20:03:14+00:00\",\"description\":\"P\u00e1gina oficial de la Fiscal\u00eda General de la Naci\u00f3n \u2013 Colombia. Garantizamos el acceso efectivo a la justicia, la verdad y la reparaci\u00f3n de las v\u00edctimas de los delitos.\",\"breadcrumb\":{\"@id\":\"https:\/\/www.fiscalia.gov.co\/colombia\/noticias\/asegurado-presunto-integrante-del-grupo-de-delincuencia-organizada-los-aguilera-por-extorsionar-a-nombre-de-las-farc-en-anzoategui-tolima\/#breadcrumb\"},\"inLanguage\":\"es-CO\",\"potentialAction\":[{\"@type\":\"ReadAction\",\"target\":[\"https:\/\/www.fiscalia.gov.co\/colombia\/noticias\/asegurado-presunto-integrante-del-grupo-de-delincuencia-organizada-los-aguilera-por-extorsionar-a-nombre-de-las-farc-en-anzoategui-tolima\/\"]}]},{\"@type\":\"ImageObject\",\"inLanguage\":\"es-CO\",\"@id\":\"https:\/\/www.fiscalia.gov.co\/colombia\/noticias\/asegurado-presunto-integrante-del-grupo-de-delincuencia-organizada-los-aguilera-por-extorsionar-a-nombre-de-las-farc-en-anzoategui-tolima\/#primaryimage\",\"url\":\"https:\/\/www.fiscalia.gov.co\/colombia\/wp-content\/uploads\/juan-aguilera-extorsion-tolima-300x243.jpeg\",\"contentUrl\":\"https:\/\/www.fiscalia.gov.co\/colombia\/wp-content\/uploads\/juan-aguilera-extorsion-tolima-300x243.jpeg\"},{\"@type\":\"BreadcrumbList\",\"@id\":\"https:\/\/www.fiscalia.gov.co\/colombia\/noticias\/asegurado-presunto-integrante-del-grupo-de-delincuencia-organizada-los-aguilera-por-extorsionar-a-nombre-de-las-farc-en-anzoategui-tolima\/#breadcrumb\",\"itemListElement\":[{\"@type\":\"ListItem\",\"position\":1,\"name\":\"Home\",\"item\":\"https:\/\/www.fiscalia.gov.co\/colombia\/\"},{\"@type\":\"ListItem\",\"position\":2,\"name\":\"Asegurado presunto integrante del grupo de delincuencia organizada \u00b4Los Aguilera\u00b4, por extorsionar a nombre de las FARC en Anzoategui, Tolima\"}]},{\"@type\":\"WebSite\",\"@id\":\"https:\/\/www.fiscalia.gov.co\/colombia\/#website\",\"url\":\"https:\/\/www.fiscalia.gov.co\/colombia\/\",\"name\":\"Fiscal\u00eda General de la Naci\u00f3n\",\"description\":\"P\u00e1gina oficial de la Fiscal\u00eda General de la Naci\u00f3n \u2013 Colombia. Garantizamos el acceso efectivo a la justicia, la verdad y la reparaci\u00f3n de las v\u00edctimas de los delitos.\",\"publisher\":{\"@id\":\"https:\/\/www.fiscalia.gov.co\/colombia\/#organization\"},\"potentialAction\":[{\"@type\":\"SearchAction\",\"target\":{\"@type\":\"EntryPoint\",\"urlTemplate\":\"https:\/\/www.fiscalia.gov.co\/colombia\/?s={search_term_string}\"},\"query-input\":{\"@type\":\"PropertyValueSpecification\",\"valueRequired\":true,\"valueName\":\"search_term_string\"}}],\"inLanguage\":\"es-CO\"},{\"@type\":\"Organization\",\"@id\":\"https:\/\/www.fiscalia.gov.co\/colombia\/#organization\",\"name\":\"Fiscal\u00eda General de la Naci\u00f3n\",\"url\":\"https:\/\/www.fiscalia.gov.co\/colombia\/\",\"logo\":{\"@type\":\"ImageObject\",\"inLanguage\":\"es-CO\",\"@id\":\"https:\/\/www.fiscalia.gov.co\/colombia\/#\/schema\/logo\/image\/\",\"url\":\"https:\/\/www.fiscalia.gov.co\/colombia\/wp-content\/uploads\/LogoHorizontal_1.jpg\",\"contentUrl\":\"https:\/\/www.fiscalia.gov.co\/colombia\/wp-content\/uploads\/LogoHorizontal_1.jpg\",\"width\":300,\"height\":90,\"caption\":\"Fiscal\u00eda General de la Naci\u00f3n\"},\"image\":{\"@id\":\"https:\/\/www.fiscalia.gov.co\/colombia\/#\/schema\/logo\/image\/\"},\"sameAs\":[\"https:\/\/www.facebook.com\/FiscaliaCol\",\"https:\/\/x.com\/FiscaliaCol\",\"https:\/\/www.instagram.com\/fiscaliacol\",\"https:\/\/www.linkedin.com\/company\/fiscalia-general-de-la-naci-n\/\",\"https:\/\/youtube.com\/@fiscaliageneraldelanacion-4668?si=6nN79nyQICPU5iTh\"]},{\"@type\":\"Person\",\"@id\":\"https:\/\/www.fiscalia.gov.co\/colombia\/#\/schema\/person\/176195b99ebab0a52aafa15197e1bf80\",\"name\":\"Winnie Geraldine Rodr\u00edguez Navarrete\",\"image\":{\"@type\":\"ImageObject\",\"inLanguage\":\"es-CO\",\"@id\":\"https:\/\/www.fiscalia.gov.co\/colombia\/#\/schema\/person\/image\/\",\"url\":\"https:\/\/secure.gravatar.com\/avatar\/c24cf8481dc84fa5e8c7b20bc95ab0c6?s=96&d=mm&r=g\",\"contentUrl\":\"https:\/\/secure.gravatar.com\/avatar\/c24cf8481dc84fa5e8c7b20bc95ab0c6?s=96&d=mm&r=g\",\"caption\":\"Winnie Geraldine Rodr\u00edguez Navarrete\"},\"url\":\"https:\/\/www.fiscalia.gov.co\/colombia\/author\/winnierodriguez\/\"}]}<\/script>\n<!-- \/ Yoast SEO plugin. -->","yoast_head_json":{"title":"Fiscal\u00eda General de la Naci\u00f3n","description":"P\u00e1gina oficial de la Fiscal\u00eda General de la Naci\u00f3n \u2013 Colombia. Garantizamos el acceso efectivo a la justicia, la verdad y la reparaci\u00f3n de las v\u00edctimas de los delitos.","robots":{"index":"noindex","follow":"follow"},"og_locale":"es_ES","og_type":"article","og_title":"Fiscal\u00eda General de la Naci\u00f3n","og_description":"P\u00e1gina oficial de la Fiscal\u00eda General de la Naci\u00f3n \u2013 Colombia. Garantizamos el acceso efectivo a la justicia, la verdad y la reparaci\u00f3n de las v\u00edctimas de los delitos.","og_url":"https:\/\/www.fiscalia.gov.co\/colombia\/noticias\/asegurado-presunto-integrante-del-grupo-de-delincuencia-organizada-los-aguilera-por-extorsionar-a-nombre-de-las-farc-en-anzoategui-tolima\/","og_site_name":"Fiscal\u00eda General de la Naci\u00f3n","article_publisher":"https:\/\/www.facebook.com\/FiscaliaCol","article_published_time":"2023-06-30T20:03:14+00:00","og_image":[{"url":"https:\/\/www.fiscalia.gov.co\/colombia\/wp-content\/uploads\/juan-aguilera-extorsion-tolima-300x243.jpeg","type":"","width":"","height":""}],"author":"Winnie Geraldine Rodr\u00edguez Navarrete","twitter_card":"summary_large_image","twitter_creator":"@FiscaliaCol","twitter_site":"@FiscaliaCol","twitter_misc":{"Escrito por":"Winnie Geraldine Rodr\u00edguez Navarrete","Tiempo de lectura":"2 minutos"},"schema":{"@context":"https:\/\/schema.org","@graph":[{"@type":"Article","@id":"https:\/\/www.fiscalia.gov.co\/colombia\/noticias\/asegurado-presunto-integrante-del-grupo-de-delincuencia-organizada-los-aguilera-por-extorsionar-a-nombre-de-las-farc-en-anzoategui-tolima\/#article","isPartOf":{"@id":"https:\/\/www.fiscalia.gov.co\/colombia\/noticias\/asegurado-presunto-integrante-del-grupo-de-delincuencia-organizada-los-aguilera-por-extorsionar-a-nombre-de-las-farc-en-anzoategui-tolima\/"},"author":{"name":"Winnie Geraldine Rodr\u00edguez Navarrete","@id":"https:\/\/www.fiscalia.gov.co\/colombia\/#\/schema\/person\/176195b99ebab0a52aafa15197e1bf80"},"headline":"Asegurado presunto integrante del grupo de delincuencia organizada \u00b4Los Aguilera\u00b4, por extorsionar a nombre de las FARC en Anzoategui, Tolima","datePublished":"2023-06-30T20:03:14+00:00","dateModified":"2023-06-30T20:03:14+00:00","mainEntityOfPage":{"@id":"https:\/\/www.fiscalia.gov.co\/colombia\/noticias\/asegurado-presunto-integrante-del-grupo-de-delincuencia-organizada-los-aguilera-por-extorsionar-a-nombre-de-las-farc-en-anzoategui-tolima\/"},"wordCount":461,"publisher":{"@id":"https:\/\/www.fiscalia.gov.co\/colombia\/#organization"},"image":{"@id":"https:\/\/www.fiscalia.gov.co\/colombia\/noticias\/asegurado-presunto-integrante-del-grupo-de-delincuencia-organizada-los-aguilera-por-extorsionar-a-nombre-de-las-farc-en-anzoategui-tolima\/#primaryimage"},"thumbnailUrl":"https:\/\/www.fiscalia.gov.co\/colombia\/wp-content\/uploads\/juan-aguilera-extorsion-tolima-300x243.jpeg","keywords":["Agricultores","Anzo\u00e1tegui (Tolima)","Caldas","Campesinos","c\u00e1rcel Do\u00f1a Juana","CTI","Extorsi\u00f3n agravada","falso funcionario","fiscal Gaula.","Fiscal\u00eda General de la Naci\u00f3n","Gaula Militar","GDO","grupo de delincuencia organizada","La Dorada","Medida de aseguramiento","Suplantaci\u00f3n"],"articleSection":["Noticias","Seguridad territorial"],"inLanguage":"es-CO"},{"@type":"WebPage","@id":"https:\/\/www.fiscalia.gov.co\/colombia\/noticias\/asegurado-presunto-integrante-del-grupo-de-delincuencia-organizada-los-aguilera-por-extorsionar-a-nombre-de-las-farc-en-anzoategui-tolima\/","url":"https:\/\/www.fiscalia.gov.co\/colombia\/noticias\/asegurado-presunto-integrante-del-grupo-de-delincuencia-organizada-los-aguilera-por-extorsionar-a-nombre-de-las-farc-en-anzoategui-tolima\/","name":"Fiscal\u00eda General de la Naci\u00f3n","isPartOf":{"@id":"https:\/\/www.fiscalia.gov.co\/colombia\/#website"},"primaryImageOfPage":{"@id":"https:\/\/www.fiscalia.gov.co\/colombia\/noticias\/asegurado-presunto-integrante-del-grupo-de-delincuencia-organizada-los-aguilera-por-extorsionar-a-nombre-de-las-farc-en-anzoategui-tolima\/#primaryimage"},"image":{"@id":"https:\/\/www.fiscalia.gov.co\/colombia\/noticias\/asegurado-presunto-integrante-del-grupo-de-delincuencia-organizada-los-aguilera-por-extorsionar-a-nombre-de-las-farc-en-anzoategui-tolima\/#primaryimage"},"thumbnailUrl":"https:\/\/www.fiscalia.gov.co\/colombia\/wp-content\/uploads\/juan-aguilera-extorsion-tolima-300x243.jpeg","datePublished":"2023-06-30T20:03:14+00:00","dateModified":"2023-06-30T20:03:14+00:00","description":"P\u00e1gina oficial de la Fiscal\u00eda General de la Naci\u00f3n \u2013 Colombia. Garantizamos el acceso efectivo a la justicia, la verdad y la reparaci\u00f3n de las v\u00edctimas de los delitos.","breadcrumb":{"@id":"https:\/\/www.fiscalia.gov.co\/colombia\/noticias\/asegurado-presunto-integrante-del-grupo-de-delincuencia-organizada-los-aguilera-por-extorsionar-a-nombre-de-las-farc-en-anzoategui-tolima\/#breadcrumb"},"inLanguage":"es-CO","potentialAction":[{"@type":"ReadAction","target":["https:\/\/www.fiscalia.gov.co\/colombia\/noticias\/asegurado-presunto-integrante-del-grupo-de-delincuencia-organizada-los-aguilera-por-extorsionar-a-nombre-de-las-farc-en-anzoategui-tolima\/"]}]},{"@type":"ImageObject","inLanguage":"es-CO","@id":"https:\/\/www.fiscalia.gov.co\/colombia\/noticias\/asegurado-presunto-integrante-del-grupo-de-delincuencia-organizada-los-aguilera-por-extorsionar-a-nombre-de-las-farc-en-anzoategui-tolima\/#primaryimage","url":"https:\/\/www.fiscalia.gov.co\/colombia\/wp-content\/uploads\/juan-aguilera-extorsion-tolima-300x243.jpeg","contentUrl":"https:\/\/www.fiscalia.gov.co\/colombia\/wp-content\/uploads\/juan-aguilera-extorsion-tolima-300x243.jpeg"},{"@type":"BreadcrumbList","@id":"https:\/\/www.fiscalia.gov.co\/colombia\/noticias\/asegurado-presunto-integrante-del-grupo-de-delincuencia-organizada-los-aguilera-por-extorsionar-a-nombre-de-las-farc-en-anzoategui-tolima\/#breadcrumb","itemListElement":[{"@type":"ListItem","position":1,"name":"Home","item":"https:\/\/www.fiscalia.gov.co\/colombia\/"},{"@type":"ListItem","position":2,"name":"Asegurado presunto integrante del grupo de delincuencia organizada \u00b4Los Aguilera\u00b4, por extorsionar a nombre de las FARC en Anzoategui, Tolima"}]},{"@type":"WebSite","@id":"https:\/\/www.fiscalia.gov.co\/colombia\/#website","url":"https:\/\/www.fiscalia.gov.co\/colombia\/","name":"Fiscal\u00eda General de la Naci\u00f3n","description":"P\u00e1gina oficial de la Fiscal\u00eda General de la Naci\u00f3n \u2013 Colombia. Garantizamos el acceso efectivo a la justicia, la verdad y la reparaci\u00f3n de las v\u00edctimas de los delitos.","publisher":{"@id":"https:\/\/www.fiscalia.gov.co\/colombia\/#organization"},"potentialAction":[{"@type":"SearchAction","target":{"@type":"EntryPoint","urlTemplate":"https:\/\/www.fiscalia.gov.co\/colombia\/?s={search_term_string}"},"query-input":{"@type":"PropertyValueSpecification","valueRequired":true,"valueName":"search_term_string"}}],"inLanguage":"es-CO"},{"@type":"Organization","@id":"https:\/\/www.fiscalia.gov.co\/colombia\/#organization","name":"Fiscal\u00eda General de la Naci\u00f3n","url":"https:\/\/www.fiscalia.gov.co\/colombia\/","logo":{"@type":"ImageObject","inLanguage":"es-CO","@id":"https:\/\/www.fiscalia.gov.co\/colombia\/#\/schema\/logo\/image\/","url":"https:\/\/www.fiscalia.gov.co\/colombia\/wp-content\/uploads\/LogoHorizontal_1.jpg","contentUrl":"https:\/\/www.fiscalia.gov.co\/colombia\/wp-content\/uploads\/LogoHorizontal_1.jpg","width":300,"height":90,"caption":"Fiscal\u00eda General de la Naci\u00f3n"},"image":{"@id":"https:\/\/www.fiscalia.gov.co\/colombia\/#\/schema\/logo\/image\/"},"sameAs":["https:\/\/www.facebook.com\/FiscaliaCol","https:\/\/x.com\/FiscaliaCol","https:\/\/www.instagram.com\/fiscaliacol","https:\/\/www.linkedin.com\/company\/fiscalia-general-de-la-naci-n\/","https:\/\/youtube.com\/@fiscaliageneraldelanacion-4668?si=6nN79nyQICPU5iTh"]},{"@type":"Person","@id":"https:\/\/www.fiscalia.gov.co\/colombia\/#\/schema\/person\/176195b99ebab0a52aafa15197e1bf80","name":"Winnie Geraldine Rodr\u00edguez Navarrete","image":{"@type":"ImageObject","inLanguage":"es-CO","@id":"https:\/\/www.fiscalia.gov.co\/colombia\/#\/schema\/person\/image\/","url":"https:\/\/secure.gravatar.com\/avatar\/c24cf8481dc84fa5e8c7b20bc95ab0c6?s=96&d=mm&r=g","contentUrl":"https:\/\/secure.gravatar.com\/avatar\/c24cf8481dc84fa5e8c7b20bc95ab0c6?s=96&d=mm&r=g","caption":"Winnie Geraldine Rodr\u00edguez Navarrete"},"url":"https:\/\/www.fiscalia.gov.co\/colombia\/author\/winnierodriguez\/"}]}},"_links":{"self":[{"href":"https:\/\/www.fiscalia.gov.co\/colombia\/wp-json\/wp\/v2\/posts\/274412","targetHints":{"allow":["GET"]}}],"collection":[{"href":"https:\/\/www.fiscalia.gov.co\/colombia\/wp-json\/wp\/v2\/posts"}],"about":[{"href":"https:\/\/www.fiscalia.gov.co\/colombia\/wp-json\/wp\/v2\/types\/post"}],"author":[{"embeddable":true,"href":"https:\/\/www.fiscalia.gov.co\/colombia\/wp-json\/wp\/v2\/users\/178"}],"replies":[{"embeddable":true,"href":"https:\/\/www.fiscalia.gov.co\/colombia\/wp-json\/wp\/v2\/comments?post=274412"}],"version-history":[{"count":1,"href":"https:\/\/www.fiscalia.gov.co\/colombia\/wp-json\/wp\/v2\/posts\/274412\/revisions"}],"predecessor-version":[{"id":274414,"href":"https:\/\/www.fiscalia.gov.co\/colombia\/wp-json\/wp\/v2\/posts\/274412\/revisions\/274414"}],"wp:attachment":[{"href":"https:\/\/www.fiscalia.gov.co\/colombia\/wp-json\/wp\/v2\/media?parent=274412"}],"wp:term":[{"taxonomy":"category","embeddable":true,"href":"https:\/\/www.fiscalia.gov.co\/colombia\/wp-json\/wp\/v2\/categories?post=274412"},{"taxonomy":"post_tag","embeddable":true,"href":"https:\/\/www.fiscalia.gov.co\/colombia\/wp-json\/wp\/v2\/tags?post=274412"}],"curies":[{"name":"wp","href":"https:\/\/api.w.org\/{rel}","templated":true}]}}