{"id":274398,"date":"2023-06-30T12:47:05","date_gmt":"2023-06-30T17:47:05","guid":{"rendered":"https:\/\/www.fiscalia.gov.co\/colombia\/?p=274398"},"modified":"2023-06-30T12:47:05","modified_gmt":"2023-06-30T17:47:05","slug":"carcel-para-8-presuntos-miembros-de-los-shotas-que-se-habrian-tomado-por-la-fuerza-varias-viviendas-en-buenaventura-valle-del-cauca","status":"publish","type":"post","link":"https:\/\/www.fiscalia.gov.co\/colombia\/noticias\/carcel-para-8-presuntos-miembros-de-los-shotas-que-se-habrian-tomado-por-la-fuerza-varias-viviendas-en-buenaventura-valle-del-cauca\/","title":{"rendered":"C\u00e1rcel para 8 presuntos miembros de Los Shotas que se habr\u00edan tomado por la fuerza varias viviendas en Buenaventura (Valle del Cauca)"},"content":{"rendered":"<h4><strong><i>Dos de los asegurados, presuntamente, ten\u00edan como rehenes a dos menores de edad para impedir la acci\u00f3n de la fuerza p\u00fablica.<\/i><\/strong><\/h4>\n<p>Un Juez de Control de Garant\u00edas de Buenaventura (Valle del Cauca) acogi\u00f3 los argumentos presentados por la Fiscal\u00eda General de la Naci\u00f3n e impuso medida de aseguramiento intramuros contra\u00a0 8 presuntos integrantes de la facci\u00f3n\u00a0<a href=\"https:\/\/www.fiscalia.gov.co\/colombia\/noticias\/asegurado-alias-colocho-y-yupi-presuntos-integrantes-de-la-faccion-los-shotas-senalados-por-secuestro-extorsivo-porte-de-armas-de-fuego-y-hurto-calificado\/\" target=\"_blank\" rel=\"noopener noreferrer\" data-saferedirecturl=\"https:\/\/www.google.com\/url?q=https:\/\/www.fiscalia.gov.co\/colombia\/noticias\/asegurado-alias-colocho-y-yupi-presuntos-integrantes-de-la-faccion-los-shotas-senalados-por-secuestro-extorsivo-porte-de-armas-de-fuego-y-hurto-calificado\/&amp;source=gmail&amp;ust=1688231740032000&amp;usg=AOvVaw1rsuQMD_0LXurffpsrrfDi\">Los Shotas<\/a>\u00a0de la banda La Local,\u00a0 como presuntos coautores de los delitos de terrorismo en concurso heterog\u00e9neo con fabricaci\u00f3n, tr\u00e1fico y porte de armas de fuego de uso restringido de\u00a0<a href=\"https:\/\/www.fiscalia.gov.co\/colombia\/noticias\/carcel-para-alias-smith-presunto-lider-de-la-banda-la-local-los-shotas-por-porte-de-armas-de-fuego-de-uso-privativo\/\" target=\"_blank\" rel=\"noopener noreferrer\" data-saferedirecturl=\"https:\/\/www.google.com\/url?q=https:\/\/www.fiscalia.gov.co\/colombia\/noticias\/carcel-para-alias-smith-presunto-lider-de-la-banda-la-local-los-shotas-por-porte-de-armas-de-fuego-de-uso-privativo\/&amp;source=gmail&amp;ust=1688231740032000&amp;usg=AOvVaw2cqXdROddqfXUtjoZDAEB8\">uso privativo<\/a>\u00a0de las Fuerzas Armadas o explosivos agravado en concurso heterog\u00e9neo con fabricaci\u00f3n, tr\u00e1fico y porte de armas de fuego agravado.<\/p>\n<p>Los hechos ocurrieron en los barrios El Progreso y Bello Horizonte de este puerto del Pac\u00edfico el pasado xx de junio, cuando alertados por llamadas de auxilio de la comunidad, agentes de la Sij\u00ecn de la Polic\u00eda, apoyados por unidades del Grupo de Operaciones Especiales, GOES, e infantes de la Armada Nacional, llegaron a estos sectores donde un grupo de hombres armados y con los rostros cubiertos se hab\u00edan tomado violentamente las casas buscando a presuntos miembros de Los Espartanos.<\/p>\n<figure id=\"attachment_274399\" aria-describedby=\"caption-attachment-274399\" style=\"width: 264px\" class=\"wp-caption alignleft\"><img loading=\"lazy\" decoding=\"async\" class=\" wp-image-274399\" src=\"https:\/\/www.fiscalia.gov.co\/colombia\/wp-content\/uploads\/FOTO-SHOTAS-4-300x169.jpg\" alt=\"En los operativos de captura fueron incautados dos fusiles, 4 pistolas calibre 9 mil\u00edmetros, 3 rev\u00f3lveres calibre 38, proveedores y abundante munici\u00f3n \" width=\"264\" height=\"149\" srcset=\"https:\/\/www.fiscalia.gov.co\/colombia\/wp-content\/uploads\/FOTO-SHOTAS-4-300x169.jpg 300w, https:\/\/www.fiscalia.gov.co\/colombia\/wp-content\/uploads\/FOTO-SHOTAS-4-1024x576.jpg 1024w, https:\/\/www.fiscalia.gov.co\/colombia\/wp-content\/uploads\/FOTO-SHOTAS-4-768x432.jpg 768w, https:\/\/www.fiscalia.gov.co\/colombia\/wp-content\/uploads\/FOTO-SHOTAS-4-1536x864.jpg 1536w, https:\/\/www.fiscalia.gov.co\/colombia\/wp-content\/uploads\/FOTO-SHOTAS-4-696x392.jpg 696w, https:\/\/www.fiscalia.gov.co\/colombia\/wp-content\/uploads\/FOTO-SHOTAS-4-1068x601.jpg 1068w, https:\/\/www.fiscalia.gov.co\/colombia\/wp-content\/uploads\/FOTO-SHOTAS-4-747x420.jpg 747w, https:\/\/www.fiscalia.gov.co\/colombia\/wp-content\/uploads\/FOTO-SHOTAS-4.jpg 1600w\" sizes=\"auto, (max-width: 264px) 100vw, 264px\" \/><figcaption id=\"caption-attachment-274399\" class=\"wp-caption-text\">En los operativos de captura fueron incautados dos fusiles, 4 pistolas calibre 9 mil\u00edmetros, 3 rev\u00f3lveres calibre 38, proveedores y abundante munici\u00f3n<\/figcaption><\/figure>\n<figure id=\"attachment_274400\" aria-describedby=\"caption-attachment-274400\" style=\"width: 275px\" class=\"wp-caption alignleft\"><img loading=\"lazy\" decoding=\"async\" class=\" wp-image-274400\" src=\"https:\/\/www.fiscalia.gov.co\/colombia\/wp-content\/uploads\/FOTO-SHOTAS-3-300x169.jpg\" alt=\"En los operativos de captura fueron incautados dos fusiles, 4 pistolas calibre 9 mil\u00edmetros, 3 rev\u00f3lveres calibre 38, proveedores y abundante munici\u00f3n \" width=\"275\" height=\"155\" srcset=\"https:\/\/www.fiscalia.gov.co\/colombia\/wp-content\/uploads\/FOTO-SHOTAS-3-300x169.jpg 300w, https:\/\/www.fiscalia.gov.co\/colombia\/wp-content\/uploads\/FOTO-SHOTAS-3-1024x576.jpg 1024w, https:\/\/www.fiscalia.gov.co\/colombia\/wp-content\/uploads\/FOTO-SHOTAS-3-768x432.jpg 768w, https:\/\/www.fiscalia.gov.co\/colombia\/wp-content\/uploads\/FOTO-SHOTAS-3-1536x864.jpg 1536w, https:\/\/www.fiscalia.gov.co\/colombia\/wp-content\/uploads\/FOTO-SHOTAS-3-696x392.jpg 696w, https:\/\/www.fiscalia.gov.co\/colombia\/wp-content\/uploads\/FOTO-SHOTAS-3-1068x601.jpg 1068w, https:\/\/www.fiscalia.gov.co\/colombia\/wp-content\/uploads\/FOTO-SHOTAS-3-747x420.jpg 747w, https:\/\/www.fiscalia.gov.co\/colombia\/wp-content\/uploads\/FOTO-SHOTAS-3.jpg 1600w\" sizes=\"auto, (max-width: 275px) 100vw, 275px\" \/><figcaption id=\"caption-attachment-274400\" class=\"wp-caption-text\">En los operativos de captura fueron incautados dos fusiles, 4 pistolas calibre 9 mil\u00edmetros, 3 rev\u00f3lveres calibre 38, proveedores y abundante munici\u00f3n<\/figcaption><\/figure>\n<figure id=\"attachment_274401\" aria-describedby=\"caption-attachment-274401\" style=\"width: 300px\" class=\"wp-caption alignleft\"><img loading=\"lazy\" decoding=\"async\" class=\"size-medium wp-image-274401\" src=\"https:\/\/www.fiscalia.gov.co\/colombia\/wp-content\/uploads\/FOTO-SHOTAS-1-300x222.jpg\" alt=\" Los ocho presuntos miembros de la banda Los shotas fueron cobijados con medida en centro carcelario. \" width=\"300\" height=\"222\" srcset=\"https:\/\/www.fiscalia.gov.co\/colombia\/wp-content\/uploads\/FOTO-SHOTAS-1-300x222.jpg 300w, https:\/\/www.fiscalia.gov.co\/colombia\/wp-content\/uploads\/FOTO-SHOTAS-1-1024x759.jpg 1024w, https:\/\/www.fiscalia.gov.co\/colombia\/wp-content\/uploads\/FOTO-SHOTAS-1-768x569.jpg 768w, https:\/\/www.fiscalia.gov.co\/colombia\/wp-content\/uploads\/FOTO-SHOTAS-1-485x360.jpg 485w, https:\/\/www.fiscalia.gov.co\/colombia\/wp-content\/uploads\/FOTO-SHOTAS-1-696x516.jpg 696w, https:\/\/www.fiscalia.gov.co\/colombia\/wp-content\/uploads\/FOTO-SHOTAS-1-1068x791.jpg 1068w, https:\/\/www.fiscalia.gov.co\/colombia\/wp-content\/uploads\/FOTO-SHOTAS-1-567x420.jpg 567w, https:\/\/www.fiscalia.gov.co\/colombia\/wp-content\/uploads\/FOTO-SHOTAS-1-80x60.jpg 80w, https:\/\/www.fiscalia.gov.co\/colombia\/wp-content\/uploads\/FOTO-SHOTAS-1.jpg 1215w\" sizes=\"auto, (max-width: 300px) 100vw, 300px\" \/><figcaption id=\"caption-attachment-274401\" class=\"wp-caption-text\">Los ocho presuntos miembros de la banda Los shotas fueron cobijados con medida en centro carcelario.<\/figcaption><\/figure>\n<figure id=\"attachment_274402\" aria-describedby=\"caption-attachment-274402\" style=\"width: 247px\" class=\"wp-caption alignnone\"><img loading=\"lazy\" decoding=\"async\" class=\" wp-image-274402\" src=\"https:\/\/www.fiscalia.gov.co\/colombia\/wp-content\/uploads\/FOTOS-SHOTAS-2-300x169.jpg\" alt=\"En los operativos de captura fueron incautados dos fusiles, 4 pistolas calibre 9 mil\u00edmetros, 3 rev\u00f3lveres calibre 38, proveedores y abundante munici\u00f3n \" width=\"247\" height=\"139\" srcset=\"https:\/\/www.fiscalia.gov.co\/colombia\/wp-content\/uploads\/FOTOS-SHOTAS-2-300x169.jpg 300w, https:\/\/www.fiscalia.gov.co\/colombia\/wp-content\/uploads\/FOTOS-SHOTAS-2-1024x576.jpg 1024w, https:\/\/www.fiscalia.gov.co\/colombia\/wp-content\/uploads\/FOTOS-SHOTAS-2-768x432.jpg 768w, https:\/\/www.fiscalia.gov.co\/colombia\/wp-content\/uploads\/FOTOS-SHOTAS-2-1536x864.jpg 1536w, https:\/\/www.fiscalia.gov.co\/colombia\/wp-content\/uploads\/FOTOS-SHOTAS-2-696x392.jpg 696w, https:\/\/www.fiscalia.gov.co\/colombia\/wp-content\/uploads\/FOTOS-SHOTAS-2-1068x601.jpg 1068w, https:\/\/www.fiscalia.gov.co\/colombia\/wp-content\/uploads\/FOTOS-SHOTAS-2-747x420.jpg 747w, https:\/\/www.fiscalia.gov.co\/colombia\/wp-content\/uploads\/FOTOS-SHOTAS-2.jpg 1600w\" sizes=\"auto, (max-width: 247px) 100vw, 247px\" \/><figcaption id=\"caption-attachment-274402\" class=\"wp-caption-text\">En los operativos de captura fueron incautados dos fusiles, 4 pistolas calibre 9 mil\u00edmetros, 3 rev\u00f3lveres calibre 38, proveedores y abundante munici\u00f3n<\/figcaption><\/figure>\n<p>&nbsp;<\/p>\n<p>Alertados con las r\u00e1fagas de fusil y disparos con los que fueron recibidos, los uniformados llegaron hasta una vivienda donde se escond\u00edan varios hombres armados, quienes ten\u00edan retenidos a dos menores de edad.<\/p>\n<p>Las autoridades ingresaron al inmueble y rescataron a las v\u00edctimas, pero dos presuntos delincuentes que se hallaban en el lugar salieron por la parte de atr\u00e1s y emprendieron la fuga.\u00a0 Minutos m\u00e1s tarde, fueron capturados Carlos Andr\u00e9s Caicedo Castillo y Joel David de La torre Herrera, quienes portaban un fusil R15 y munici\u00f3n calibre 5.56.<\/p>\n<p>En otro sector donde se encontraban atrincherados, fueron detenidos Jorge Alexis Guti\u00e9rrez, Robert Harlem Camacho Guti\u00e9rrez, Johan Sebasti\u00e1n Monta\u00f1o Renter\u00eda, V\u00edctor Julio Ram\u00edrez Espinosa, Henner Gamboa Vallecilla y Yhon Alexis Vargas Mendoza.\u00a0\u00a0A estos 6 hombres les fueron incautados 4 pistolas 9 mil\u00edmetros con sus proveedores, tres rev\u00f3lveres calibre 38, un fusil MP 15 marca Smith &amp; Wesson con mira hologr\u00e1fica, tres proveedores para fusil y abundante munici\u00f3n de diferente calibre.<\/p>\n<p><span style=\"font-family: Calibri, Helvetica, sans-serif;\">Durante las audiencias preliminares, ninguno de los investigados se allan\u00f3 a los cargos imputados.<\/span><\/p>\n<p><b><span lang=\"EN-US\">La\u00a0Fiscal\u00eda habla con resultados<\/span><\/b><\/p>\n<p>&nbsp;<\/p>\n<p>&nbsp;<\/p>\n<p>JGPV\/LFML \/PDM\/DSV<\/p>\n<p><span lang=\"EN-US\">\u00a0<\/span><\/p>\n<p align=\"center\">\n<p>&nbsp;<\/p>\n<p>Le puede interesar:\u00a0\u00a0<a href=\"https:\/\/www.fiscalia.gov.co\/colombia\/noticias\/privados-de-la-libertad-cinco-presuntos-integrantes-de-la-faccion-los-shotas-por-el-secuestro-extorsivo-de-un-ciudadano\/\" target=\"_blank\" rel=\"noopener noreferrer\" data-saferedirecturl=\"https:\/\/www.google.com\/url?q=https:\/\/www.fiscalia.gov.co\/colombia\/noticias\/privados-de-la-libertad-cinco-presuntos-integrantes-de-la-faccion-los-shotas-por-el-secuestro-extorsivo-de-un-ciudadano\/&amp;source=gmail&amp;ust=1688231740032000&amp;usg=AOvVaw0R-kT9FpQ-xZZLuKfRtTxw\">Privados de la libertad cinco presuntos integrantes de la facci\u00f3n Los Shotas por el secuestro extorsivo de un ciudadano<\/a><\/p>\n<p>&nbsp;<\/p>\n<p>&nbsp;<\/p>\n<p>&nbsp;<\/p>\n<p>&nbsp;<\/p>\n<p><i>La informaci\u00f3n contenida en este bolet\u00edn de prensa corresponde a la narraci\u00f3n de los hechos noticiosos objetivos, suministrados por los funcionarios encargados de adelantar las investigaciones penales al interior de la Fiscal\u00eda General de la Naci\u00f3n. Para el momento de la divulgaci\u00f3n de este comunicado, la situaci\u00f3n jur\u00eddica de la(s) persona(s) relacionada(s) se encuentra pendiente de resolver por la autoridad judicial competente, siempre bajo los preceptos de la presunci\u00f3n de inocencia, consagrados en el art\u00edculo 29 de la Constituci\u00f3n Pol\u00edtica y el art\u00edculo 7\u00ba de la Ley 906 de 2004.<\/i><\/p>\n\n<div class=\"twitter-share\"><a href=\"https:\/\/twitter.com\/intent\/tweet?via=fiscaliacol\" class=\"twitter-share-button\">Tweet<\/a><\/div>\n","protected":false},"excerpt":{"rendered":"<p>Dos de los asegurados, presuntamente, ten\u00edan como rehenes a dos menores de edad para impedir la acci\u00f3n de la fuerza p\u00fablica. Un Juez de Control de Garant\u00edas de Buenaventura (Valle del Cauca) acogi\u00f3 los argumentos presentados por la Fiscal\u00eda General de la Naci\u00f3n e impuso medida de aseguramiento intramuros contra\u00a0 8 presuntos integrantes de la [&hellip;]<\/p>\n","protected":false},"author":178,"featured_media":0,"comment_status":"closed","ping_status":"open","sticky":false,"template":"","format":"standard","meta":{"_price":"","_stock":"","_tribe_ticket_header":"","_tribe_default_ticket_provider":"","_tribe_ticket_capacity":"0","_ticket_start_date":"","_ticket_end_date":"","_tribe_ticket_show_description":"","_tribe_ticket_show_not_going":false,"_tribe_ticket_use_global_stock":"","_tribe_ticket_global_stock_level":"","_global_stock_mode":"","_global_stock_cap":"","_tribe_rsvp_for_event":"","_tribe_ticket_going_count":"","_tribe_ticket_not_going_count":"","_tribe_tickets_list":"[]","_tribe_ticket_has_attendee_info_fields":false,"tdm_status":"","tdm_grid_status":"","footnotes":""},"categories":[1,24099],"tags":[34993,24526,24481,1047],"class_list":{"0":"post-274398","1":"post","2":"type-post","3":"status-publish","4":"format-standard","6":"category-noticias","7":"category-seguridad-territorial","8":"tag-buenaventura-valle","9":"tag-fiscal-general-francisco-barbosa-delgado","10":"tag-fiscalia-de-colombia","11":"tag-fiscalia-general-de-la-nacion"},"yoast_head":"<!-- This site is optimized with the Yoast SEO plugin v24.3 - https:\/\/yoast.com\/wordpress\/plugins\/seo\/ -->\n<title>Fiscal\u00eda General de la Naci\u00f3n<\/title>\n<meta name=\"description\" content=\"P\u00e1gina oficial de la Fiscal\u00eda General de la Naci\u00f3n \u2013 Colombia. Garantizamos el acceso efectivo a la justicia, la verdad y la reparaci\u00f3n de las v\u00edctimas de los delitos.\" \/>\n<meta name=\"robots\" content=\"noindex, follow\" \/>\n<meta property=\"og:locale\" content=\"es_ES\" \/>\n<meta property=\"og:type\" content=\"article\" \/>\n<meta property=\"og:title\" content=\"Fiscal\u00eda General de la Naci\u00f3n\" \/>\n<meta property=\"og:description\" content=\"P\u00e1gina oficial de la Fiscal\u00eda General de la Naci\u00f3n \u2013 Colombia. Garantizamos el acceso efectivo a la justicia, la verdad y la reparaci\u00f3n de las v\u00edctimas de los delitos.\" \/>\n<meta property=\"og:url\" content=\"https:\/\/www.fiscalia.gov.co\/colombia\/noticias\/carcel-para-8-presuntos-miembros-de-los-shotas-que-se-habrian-tomado-por-la-fuerza-varias-viviendas-en-buenaventura-valle-del-cauca\/\" \/>\n<meta property=\"og:site_name\" content=\"Fiscal\u00eda General de la Naci\u00f3n\" \/>\n<meta property=\"article:publisher\" content=\"https:\/\/www.facebook.com\/FiscaliaCol\" \/>\n<meta property=\"article:published_time\" content=\"2023-06-30T17:47:05+00:00\" \/>\n<meta property=\"og:image\" content=\"https:\/\/www.fiscalia.gov.co\/colombia\/wp-content\/uploads\/FOTO-SHOTAS-4-300x169.jpg\" \/>\n<meta name=\"author\" content=\"Winnie Geraldine Rodr\u00edguez Navarrete\" \/>\n<meta name=\"twitter:card\" content=\"summary_large_image\" \/>\n<meta name=\"twitter:creator\" content=\"@FiscaliaCol\" \/>\n<meta name=\"twitter:site\" content=\"@FiscaliaCol\" \/>\n<meta name=\"twitter:label1\" content=\"Escrito por\" \/>\n\t<meta name=\"twitter:data1\" content=\"Winnie Geraldine Rodr\u00edguez Navarrete\" \/>\n\t<meta name=\"twitter:label2\" content=\"Tiempo de lectura\" \/>\n\t<meta name=\"twitter:data2\" content=\"3 minutos\" \/>\n<script type=\"application\/ld+json\" class=\"yoast-schema-graph\">{\"@context\":\"https:\/\/schema.org\",\"@graph\":[{\"@type\":\"Article\",\"@id\":\"https:\/\/www.fiscalia.gov.co\/colombia\/noticias\/carcel-para-8-presuntos-miembros-de-los-shotas-que-se-habrian-tomado-por-la-fuerza-varias-viviendas-en-buenaventura-valle-del-cauca\/#article\",\"isPartOf\":{\"@id\":\"https:\/\/www.fiscalia.gov.co\/colombia\/noticias\/carcel-para-8-presuntos-miembros-de-los-shotas-que-se-habrian-tomado-por-la-fuerza-varias-viviendas-en-buenaventura-valle-del-cauca\/\"},\"author\":{\"name\":\"Winnie Geraldine Rodr\u00edguez Navarrete\",\"@id\":\"https:\/\/www.fiscalia.gov.co\/colombia\/#\/schema\/person\/176195b99ebab0a52aafa15197e1bf80\"},\"headline\":\"C\u00e1rcel para 8 presuntos miembros de Los Shotas que se habr\u00edan tomado por la fuerza varias viviendas en Buenaventura (Valle del Cauca)\",\"datePublished\":\"2023-06-30T17:47:05+00:00\",\"dateModified\":\"2023-06-30T17:47:05+00:00\",\"mainEntityOfPage\":{\"@id\":\"https:\/\/www.fiscalia.gov.co\/colombia\/noticias\/carcel-para-8-presuntos-miembros-de-los-shotas-que-se-habrian-tomado-por-la-fuerza-varias-viviendas-en-buenaventura-valle-del-cauca\/\"},\"wordCount\":664,\"publisher\":{\"@id\":\"https:\/\/www.fiscalia.gov.co\/colombia\/#organization\"},\"image\":{\"@id\":\"https:\/\/www.fiscalia.gov.co\/colombia\/noticias\/carcel-para-8-presuntos-miembros-de-los-shotas-que-se-habrian-tomado-por-la-fuerza-varias-viviendas-en-buenaventura-valle-del-cauca\/#primaryimage\"},\"thumbnailUrl\":\"https:\/\/www.fiscalia.gov.co\/colombia\/wp-content\/uploads\/FOTO-SHOTAS-4-300x169.jpg\",\"keywords\":[\"Buenaventura (Valle)\",\"Fiscal General Francisco Barbosa Delgado\",\"Fiscal\u00eda de Colombia\",\"Fiscal\u00eda General de la Naci\u00f3n\"],\"articleSection\":[\"Noticias\",\"Seguridad territorial\"],\"inLanguage\":\"es-CO\"},{\"@type\":\"WebPage\",\"@id\":\"https:\/\/www.fiscalia.gov.co\/colombia\/noticias\/carcel-para-8-presuntos-miembros-de-los-shotas-que-se-habrian-tomado-por-la-fuerza-varias-viviendas-en-buenaventura-valle-del-cauca\/\",\"url\":\"https:\/\/www.fiscalia.gov.co\/colombia\/noticias\/carcel-para-8-presuntos-miembros-de-los-shotas-que-se-habrian-tomado-por-la-fuerza-varias-viviendas-en-buenaventura-valle-del-cauca\/\",\"name\":\"Fiscal\u00eda General de la Naci\u00f3n\",\"isPartOf\":{\"@id\":\"https:\/\/www.fiscalia.gov.co\/colombia\/#website\"},\"primaryImageOfPage\":{\"@id\":\"https:\/\/www.fiscalia.gov.co\/colombia\/noticias\/carcel-para-8-presuntos-miembros-de-los-shotas-que-se-habrian-tomado-por-la-fuerza-varias-viviendas-en-buenaventura-valle-del-cauca\/#primaryimage\"},\"image\":{\"@id\":\"https:\/\/www.fiscalia.gov.co\/colombia\/noticias\/carcel-para-8-presuntos-miembros-de-los-shotas-que-se-habrian-tomado-por-la-fuerza-varias-viviendas-en-buenaventura-valle-del-cauca\/#primaryimage\"},\"thumbnailUrl\":\"https:\/\/www.fiscalia.gov.co\/colombia\/wp-content\/uploads\/FOTO-SHOTAS-4-300x169.jpg\",\"datePublished\":\"2023-06-30T17:47:05+00:00\",\"dateModified\":\"2023-06-30T17:47:05+00:00\",\"description\":\"P\u00e1gina oficial de la Fiscal\u00eda General de la Naci\u00f3n \u2013 Colombia. Garantizamos el acceso efectivo a la justicia, la verdad y la reparaci\u00f3n de las v\u00edctimas de los delitos.\",\"breadcrumb\":{\"@id\":\"https:\/\/www.fiscalia.gov.co\/colombia\/noticias\/carcel-para-8-presuntos-miembros-de-los-shotas-que-se-habrian-tomado-por-la-fuerza-varias-viviendas-en-buenaventura-valle-del-cauca\/#breadcrumb\"},\"inLanguage\":\"es-CO\",\"potentialAction\":[{\"@type\":\"ReadAction\",\"target\":[\"https:\/\/www.fiscalia.gov.co\/colombia\/noticias\/carcel-para-8-presuntos-miembros-de-los-shotas-que-se-habrian-tomado-por-la-fuerza-varias-viviendas-en-buenaventura-valle-del-cauca\/\"]}]},{\"@type\":\"ImageObject\",\"inLanguage\":\"es-CO\",\"@id\":\"https:\/\/www.fiscalia.gov.co\/colombia\/noticias\/carcel-para-8-presuntos-miembros-de-los-shotas-que-se-habrian-tomado-por-la-fuerza-varias-viviendas-en-buenaventura-valle-del-cauca\/#primaryimage\",\"url\":\"https:\/\/www.fiscalia.gov.co\/colombia\/wp-content\/uploads\/FOTO-SHOTAS-4.jpg\",\"contentUrl\":\"https:\/\/www.fiscalia.gov.co\/colombia\/wp-content\/uploads\/FOTO-SHOTAS-4.jpg\",\"width\":1600,\"height\":900,\"caption\":\"En los operativos de captura fueron incautados dos fusiles, 4 pistolas calibre 9 mil\u00edmetros, 3 rev\u00f3lveres calibre 38, proveedores y abundante munici\u00f3n\"},{\"@type\":\"BreadcrumbList\",\"@id\":\"https:\/\/www.fiscalia.gov.co\/colombia\/noticias\/carcel-para-8-presuntos-miembros-de-los-shotas-que-se-habrian-tomado-por-la-fuerza-varias-viviendas-en-buenaventura-valle-del-cauca\/#breadcrumb\",\"itemListElement\":[{\"@type\":\"ListItem\",\"position\":1,\"name\":\"Home\",\"item\":\"https:\/\/www.fiscalia.gov.co\/colombia\/\"},{\"@type\":\"ListItem\",\"position\":2,\"name\":\"C\u00e1rcel para 8 presuntos miembros de Los Shotas que se habr\u00edan tomado por la fuerza varias viviendas en Buenaventura (Valle del Cauca)\"}]},{\"@type\":\"WebSite\",\"@id\":\"https:\/\/www.fiscalia.gov.co\/colombia\/#website\",\"url\":\"https:\/\/www.fiscalia.gov.co\/colombia\/\",\"name\":\"Fiscal\u00eda General de la Naci\u00f3n\",\"description\":\"P\u00e1gina oficial de la Fiscal\u00eda General de la Naci\u00f3n \u2013 Colombia. Garantizamos el acceso efectivo a la justicia, la verdad y la reparaci\u00f3n de las v\u00edctimas de los delitos.\",\"publisher\":{\"@id\":\"https:\/\/www.fiscalia.gov.co\/colombia\/#organization\"},\"potentialAction\":[{\"@type\":\"SearchAction\",\"target\":{\"@type\":\"EntryPoint\",\"urlTemplate\":\"https:\/\/www.fiscalia.gov.co\/colombia\/?s={search_term_string}\"},\"query-input\":{\"@type\":\"PropertyValueSpecification\",\"valueRequired\":true,\"valueName\":\"search_term_string\"}}],\"inLanguage\":\"es-CO\"},{\"@type\":\"Organization\",\"@id\":\"https:\/\/www.fiscalia.gov.co\/colombia\/#organization\",\"name\":\"Fiscal\u00eda General de la Naci\u00f3n\",\"url\":\"https:\/\/www.fiscalia.gov.co\/colombia\/\",\"logo\":{\"@type\":\"ImageObject\",\"inLanguage\":\"es-CO\",\"@id\":\"https:\/\/www.fiscalia.gov.co\/colombia\/#\/schema\/logo\/image\/\",\"url\":\"https:\/\/www.fiscalia.gov.co\/colombia\/wp-content\/uploads\/LogoHorizontal_1.jpg\",\"contentUrl\":\"https:\/\/www.fiscalia.gov.co\/colombia\/wp-content\/uploads\/LogoHorizontal_1.jpg\",\"width\":300,\"height\":90,\"caption\":\"Fiscal\u00eda General de la Naci\u00f3n\"},\"image\":{\"@id\":\"https:\/\/www.fiscalia.gov.co\/colombia\/#\/schema\/logo\/image\/\"},\"sameAs\":[\"https:\/\/www.facebook.com\/FiscaliaCol\",\"https:\/\/x.com\/FiscaliaCol\",\"https:\/\/www.instagram.com\/fiscaliacol\",\"https:\/\/www.linkedin.com\/company\/fiscalia-general-de-la-naci-n\/\",\"https:\/\/youtube.com\/@fiscaliageneraldelanacion-4668?si=6nN79nyQICPU5iTh\"]},{\"@type\":\"Person\",\"@id\":\"https:\/\/www.fiscalia.gov.co\/colombia\/#\/schema\/person\/176195b99ebab0a52aafa15197e1bf80\",\"name\":\"Winnie Geraldine Rodr\u00edguez Navarrete\",\"image\":{\"@type\":\"ImageObject\",\"inLanguage\":\"es-CO\",\"@id\":\"https:\/\/www.fiscalia.gov.co\/colombia\/#\/schema\/person\/image\/\",\"url\":\"https:\/\/secure.gravatar.com\/avatar\/c24cf8481dc84fa5e8c7b20bc95ab0c6?s=96&d=mm&r=g\",\"contentUrl\":\"https:\/\/secure.gravatar.com\/avatar\/c24cf8481dc84fa5e8c7b20bc95ab0c6?s=96&d=mm&r=g\",\"caption\":\"Winnie Geraldine Rodr\u00edguez Navarrete\"},\"url\":\"https:\/\/www.fiscalia.gov.co\/colombia\/author\/winnierodriguez\/\"}]}<\/script>\n<!-- \/ Yoast SEO plugin. -->","yoast_head_json":{"title":"Fiscal\u00eda General de la Naci\u00f3n","description":"P\u00e1gina oficial de la Fiscal\u00eda General de la Naci\u00f3n \u2013 Colombia. Garantizamos el acceso efectivo a la justicia, la verdad y la reparaci\u00f3n de las v\u00edctimas de los delitos.","robots":{"index":"noindex","follow":"follow"},"og_locale":"es_ES","og_type":"article","og_title":"Fiscal\u00eda General de la Naci\u00f3n","og_description":"P\u00e1gina oficial de la Fiscal\u00eda General de la Naci\u00f3n \u2013 Colombia. Garantizamos el acceso efectivo a la justicia, la verdad y la reparaci\u00f3n de las v\u00edctimas de los delitos.","og_url":"https:\/\/www.fiscalia.gov.co\/colombia\/noticias\/carcel-para-8-presuntos-miembros-de-los-shotas-que-se-habrian-tomado-por-la-fuerza-varias-viviendas-en-buenaventura-valle-del-cauca\/","og_site_name":"Fiscal\u00eda General de la Naci\u00f3n","article_publisher":"https:\/\/www.facebook.com\/FiscaliaCol","article_published_time":"2023-06-30T17:47:05+00:00","og_image":[{"url":"https:\/\/www.fiscalia.gov.co\/colombia\/wp-content\/uploads\/FOTO-SHOTAS-4-300x169.jpg","type":"","width":"","height":""}],"author":"Winnie Geraldine Rodr\u00edguez Navarrete","twitter_card":"summary_large_image","twitter_creator":"@FiscaliaCol","twitter_site":"@FiscaliaCol","twitter_misc":{"Escrito por":"Winnie Geraldine Rodr\u00edguez Navarrete","Tiempo de lectura":"3 minutos"},"schema":{"@context":"https:\/\/schema.org","@graph":[{"@type":"Article","@id":"https:\/\/www.fiscalia.gov.co\/colombia\/noticias\/carcel-para-8-presuntos-miembros-de-los-shotas-que-se-habrian-tomado-por-la-fuerza-varias-viviendas-en-buenaventura-valle-del-cauca\/#article","isPartOf":{"@id":"https:\/\/www.fiscalia.gov.co\/colombia\/noticias\/carcel-para-8-presuntos-miembros-de-los-shotas-que-se-habrian-tomado-por-la-fuerza-varias-viviendas-en-buenaventura-valle-del-cauca\/"},"author":{"name":"Winnie Geraldine Rodr\u00edguez Navarrete","@id":"https:\/\/www.fiscalia.gov.co\/colombia\/#\/schema\/person\/176195b99ebab0a52aafa15197e1bf80"},"headline":"C\u00e1rcel para 8 presuntos miembros de Los Shotas que se habr\u00edan tomado por la fuerza varias viviendas en Buenaventura (Valle del Cauca)","datePublished":"2023-06-30T17:47:05+00:00","dateModified":"2023-06-30T17:47:05+00:00","mainEntityOfPage":{"@id":"https:\/\/www.fiscalia.gov.co\/colombia\/noticias\/carcel-para-8-presuntos-miembros-de-los-shotas-que-se-habrian-tomado-por-la-fuerza-varias-viviendas-en-buenaventura-valle-del-cauca\/"},"wordCount":664,"publisher":{"@id":"https:\/\/www.fiscalia.gov.co\/colombia\/#organization"},"image":{"@id":"https:\/\/www.fiscalia.gov.co\/colombia\/noticias\/carcel-para-8-presuntos-miembros-de-los-shotas-que-se-habrian-tomado-por-la-fuerza-varias-viviendas-en-buenaventura-valle-del-cauca\/#primaryimage"},"thumbnailUrl":"https:\/\/www.fiscalia.gov.co\/colombia\/wp-content\/uploads\/FOTO-SHOTAS-4-300x169.jpg","keywords":["Buenaventura (Valle)","Fiscal General Francisco Barbosa Delgado","Fiscal\u00eda de Colombia","Fiscal\u00eda General de la Naci\u00f3n"],"articleSection":["Noticias","Seguridad territorial"],"inLanguage":"es-CO"},{"@type":"WebPage","@id":"https:\/\/www.fiscalia.gov.co\/colombia\/noticias\/carcel-para-8-presuntos-miembros-de-los-shotas-que-se-habrian-tomado-por-la-fuerza-varias-viviendas-en-buenaventura-valle-del-cauca\/","url":"https:\/\/www.fiscalia.gov.co\/colombia\/noticias\/carcel-para-8-presuntos-miembros-de-los-shotas-que-se-habrian-tomado-por-la-fuerza-varias-viviendas-en-buenaventura-valle-del-cauca\/","name":"Fiscal\u00eda General de la Naci\u00f3n","isPartOf":{"@id":"https:\/\/www.fiscalia.gov.co\/colombia\/#website"},"primaryImageOfPage":{"@id":"https:\/\/www.fiscalia.gov.co\/colombia\/noticias\/carcel-para-8-presuntos-miembros-de-los-shotas-que-se-habrian-tomado-por-la-fuerza-varias-viviendas-en-buenaventura-valle-del-cauca\/#primaryimage"},"image":{"@id":"https:\/\/www.fiscalia.gov.co\/colombia\/noticias\/carcel-para-8-presuntos-miembros-de-los-shotas-que-se-habrian-tomado-por-la-fuerza-varias-viviendas-en-buenaventura-valle-del-cauca\/#primaryimage"},"thumbnailUrl":"https:\/\/www.fiscalia.gov.co\/colombia\/wp-content\/uploads\/FOTO-SHOTAS-4-300x169.jpg","datePublished":"2023-06-30T17:47:05+00:00","dateModified":"2023-06-30T17:47:05+00:00","description":"P\u00e1gina oficial de la Fiscal\u00eda General de la Naci\u00f3n \u2013 Colombia. Garantizamos el acceso efectivo a la justicia, la verdad y la reparaci\u00f3n de las v\u00edctimas de los delitos.","breadcrumb":{"@id":"https:\/\/www.fiscalia.gov.co\/colombia\/noticias\/carcel-para-8-presuntos-miembros-de-los-shotas-que-se-habrian-tomado-por-la-fuerza-varias-viviendas-en-buenaventura-valle-del-cauca\/#breadcrumb"},"inLanguage":"es-CO","potentialAction":[{"@type":"ReadAction","target":["https:\/\/www.fiscalia.gov.co\/colombia\/noticias\/carcel-para-8-presuntos-miembros-de-los-shotas-que-se-habrian-tomado-por-la-fuerza-varias-viviendas-en-buenaventura-valle-del-cauca\/"]}]},{"@type":"ImageObject","inLanguage":"es-CO","@id":"https:\/\/www.fiscalia.gov.co\/colombia\/noticias\/carcel-para-8-presuntos-miembros-de-los-shotas-que-se-habrian-tomado-por-la-fuerza-varias-viviendas-en-buenaventura-valle-del-cauca\/#primaryimage","url":"https:\/\/www.fiscalia.gov.co\/colombia\/wp-content\/uploads\/FOTO-SHOTAS-4.jpg","contentUrl":"https:\/\/www.fiscalia.gov.co\/colombia\/wp-content\/uploads\/FOTO-SHOTAS-4.jpg","width":1600,"height":900,"caption":"En los operativos de captura fueron incautados dos fusiles, 4 pistolas calibre 9 mil\u00edmetros, 3 rev\u00f3lveres calibre 38, proveedores y abundante munici\u00f3n"},{"@type":"BreadcrumbList","@id":"https:\/\/www.fiscalia.gov.co\/colombia\/noticias\/carcel-para-8-presuntos-miembros-de-los-shotas-que-se-habrian-tomado-por-la-fuerza-varias-viviendas-en-buenaventura-valle-del-cauca\/#breadcrumb","itemListElement":[{"@type":"ListItem","position":1,"name":"Home","item":"https:\/\/www.fiscalia.gov.co\/colombia\/"},{"@type":"ListItem","position":2,"name":"C\u00e1rcel para 8 presuntos miembros de Los Shotas que se habr\u00edan tomado por la fuerza varias viviendas en Buenaventura (Valle del Cauca)"}]},{"@type":"WebSite","@id":"https:\/\/www.fiscalia.gov.co\/colombia\/#website","url":"https:\/\/www.fiscalia.gov.co\/colombia\/","name":"Fiscal\u00eda General de la Naci\u00f3n","description":"P\u00e1gina oficial de la Fiscal\u00eda General de la Naci\u00f3n \u2013 Colombia. Garantizamos el acceso efectivo a la justicia, la verdad y la reparaci\u00f3n de las v\u00edctimas de los delitos.","publisher":{"@id":"https:\/\/www.fiscalia.gov.co\/colombia\/#organization"},"potentialAction":[{"@type":"SearchAction","target":{"@type":"EntryPoint","urlTemplate":"https:\/\/www.fiscalia.gov.co\/colombia\/?s={search_term_string}"},"query-input":{"@type":"PropertyValueSpecification","valueRequired":true,"valueName":"search_term_string"}}],"inLanguage":"es-CO"},{"@type":"Organization","@id":"https:\/\/www.fiscalia.gov.co\/colombia\/#organization","name":"Fiscal\u00eda General de la Naci\u00f3n","url":"https:\/\/www.fiscalia.gov.co\/colombia\/","logo":{"@type":"ImageObject","inLanguage":"es-CO","@id":"https:\/\/www.fiscalia.gov.co\/colombia\/#\/schema\/logo\/image\/","url":"https:\/\/www.fiscalia.gov.co\/colombia\/wp-content\/uploads\/LogoHorizontal_1.jpg","contentUrl":"https:\/\/www.fiscalia.gov.co\/colombia\/wp-content\/uploads\/LogoHorizontal_1.jpg","width":300,"height":90,"caption":"Fiscal\u00eda General de la Naci\u00f3n"},"image":{"@id":"https:\/\/www.fiscalia.gov.co\/colombia\/#\/schema\/logo\/image\/"},"sameAs":["https:\/\/www.facebook.com\/FiscaliaCol","https:\/\/x.com\/FiscaliaCol","https:\/\/www.instagram.com\/fiscaliacol","https:\/\/www.linkedin.com\/company\/fiscalia-general-de-la-naci-n\/","https:\/\/youtube.com\/@fiscaliageneraldelanacion-4668?si=6nN79nyQICPU5iTh"]},{"@type":"Person","@id":"https:\/\/www.fiscalia.gov.co\/colombia\/#\/schema\/person\/176195b99ebab0a52aafa15197e1bf80","name":"Winnie Geraldine Rodr\u00edguez Navarrete","image":{"@type":"ImageObject","inLanguage":"es-CO","@id":"https:\/\/www.fiscalia.gov.co\/colombia\/#\/schema\/person\/image\/","url":"https:\/\/secure.gravatar.com\/avatar\/c24cf8481dc84fa5e8c7b20bc95ab0c6?s=96&d=mm&r=g","contentUrl":"https:\/\/secure.gravatar.com\/avatar\/c24cf8481dc84fa5e8c7b20bc95ab0c6?s=96&d=mm&r=g","caption":"Winnie Geraldine Rodr\u00edguez Navarrete"},"url":"https:\/\/www.fiscalia.gov.co\/colombia\/author\/winnierodriguez\/"}]}},"_links":{"self":[{"href":"https:\/\/www.fiscalia.gov.co\/colombia\/wp-json\/wp\/v2\/posts\/274398","targetHints":{"allow":["GET"]}}],"collection":[{"href":"https:\/\/www.fiscalia.gov.co\/colombia\/wp-json\/wp\/v2\/posts"}],"about":[{"href":"https:\/\/www.fiscalia.gov.co\/colombia\/wp-json\/wp\/v2\/types\/post"}],"author":[{"embeddable":true,"href":"https:\/\/www.fiscalia.gov.co\/colombia\/wp-json\/wp\/v2\/users\/178"}],"replies":[{"embeddable":true,"href":"https:\/\/www.fiscalia.gov.co\/colombia\/wp-json\/wp\/v2\/comments?post=274398"}],"version-history":[{"count":1,"href":"https:\/\/www.fiscalia.gov.co\/colombia\/wp-json\/wp\/v2\/posts\/274398\/revisions"}],"predecessor-version":[{"id":274403,"href":"https:\/\/www.fiscalia.gov.co\/colombia\/wp-json\/wp\/v2\/posts\/274398\/revisions\/274403"}],"wp:attachment":[{"href":"https:\/\/www.fiscalia.gov.co\/colombia\/wp-json\/wp\/v2\/media?parent=274398"}],"wp:term":[{"taxonomy":"category","embeddable":true,"href":"https:\/\/www.fiscalia.gov.co\/colombia\/wp-json\/wp\/v2\/categories?post=274398"},{"taxonomy":"post_tag","embeddable":true,"href":"https:\/\/www.fiscalia.gov.co\/colombia\/wp-json\/wp\/v2\/tags?post=274398"}],"curies":[{"name":"wp","href":"https:\/\/api.w.org\/{rel}","templated":true}]}}