{"id":274239,"date":"2023-06-29T09:32:29","date_gmt":"2023-06-29T14:32:29","guid":{"rendered":"https:\/\/www.fiscalia.gov.co\/colombia\/?p=274239"},"modified":"2023-06-29T09:52:36","modified_gmt":"2023-06-29T14:52:36","slug":"la-fiscalia-continua-socializando-la-ruta-de-violencia-basada-en-genero-por-los-municipios-de-caqueta","status":"publish","type":"post","link":"https:\/\/www.fiscalia.gov.co\/colombia\/noticias\/la-fiscalia-continua-socializando-la-ruta-de-violencia-basada-en-genero-por-los-municipios-de-caqueta\/","title":{"rendered":"La Fiscal\u00eda contin\u00faa socializando la Ruta de Violencia Basada en G\u00e9nero por los municipios de Caquet\u00e1"},"content":{"rendered":"<p>Con el prop\u00f3sito de entregar una atenci\u00f3n oportuna y eficaz a mujeres, ni\u00f1os, ni\u00f1as y adolescentes, v\u00edctimas de delitos contemplados dentro de la violencia basada en g\u00e9nero como la violencia, sexual, intrafamiliar, entre otras, un equipo de la Fiscal\u00eda Seccional Caquet\u00e1 en cabeza de la directora seccional, Nohora Quiroga Bohorquez, visit\u00f3 recientemente los municipios de El Doncello, La Monta\u00f1ita y Valpara\u00edso, donde se reunieron con las autoridades para socializar y fortalecer este tema.<\/p>\n<p>La Ruta de Atenci\u00f3n de Violencia Basa en G\u00e9nero est\u00e1 contemplada en la Ley 1257 de 2008 la cual se enmarca en una atenci\u00f3n integral que abarca los sectores salud, justicia y protecci\u00f3n, la cual fue creada para sensibilizar, prevenir y sancionar las formas de violencia y discriminaci\u00f3n contra las mujeres.<\/p>\n<figure id=\"attachment_274240\" aria-describedby=\"caption-attachment-274240\" style=\"width: 358px\" class=\"wp-caption aligncenter\"><img loading=\"lazy\" decoding=\"async\" class=\" wp-image-274240\" src=\"https:\/\/www.fiscalia.gov.co\/colombia\/wp-content\/uploads\/valparaiso-ruta-vbg-300x226.jpg\" alt=\"Socializaci\u00f3n de la ruta en Valpara\u00edso, Caquet\u00e1 en las instalaciones de la Fiscal\u00eda.\" width=\"358\" height=\"270\" srcset=\"https:\/\/www.fiscalia.gov.co\/colombia\/wp-content\/uploads\/valparaiso-ruta-vbg-300x226.jpg 300w, https:\/\/www.fiscalia.gov.co\/colombia\/wp-content\/uploads\/valparaiso-ruta-vbg-1024x771.jpg 1024w, https:\/\/www.fiscalia.gov.co\/colombia\/wp-content\/uploads\/valparaiso-ruta-vbg-768x578.jpg 768w, https:\/\/www.fiscalia.gov.co\/colombia\/wp-content\/uploads\/valparaiso-ruta-vbg-1536x1157.jpg 1536w, https:\/\/www.fiscalia.gov.co\/colombia\/wp-content\/uploads\/valparaiso-ruta-vbg-2048x1542.jpg 2048w, https:\/\/www.fiscalia.gov.co\/colombia\/wp-content\/uploads\/valparaiso-ruta-vbg-696x524.jpg 696w, https:\/\/www.fiscalia.gov.co\/colombia\/wp-content\/uploads\/valparaiso-ruta-vbg-1068x804.jpg 1068w, https:\/\/www.fiscalia.gov.co\/colombia\/wp-content\/uploads\/valparaiso-ruta-vbg-1920x1446.jpg 1920w, https:\/\/www.fiscalia.gov.co\/colombia\/wp-content\/uploads\/valparaiso-ruta-vbg-558x420.jpg 558w, https:\/\/www.fiscalia.gov.co\/colombia\/wp-content\/uploads\/valparaiso-ruta-vbg-80x60.jpg 80w\" sizes=\"auto, (max-width: 358px) 100vw, 358px\" \/><figcaption id=\"caption-attachment-274240\" class=\"wp-caption-text\">Socializaci\u00f3n de la ruta en Valpara\u00edso, Caquet\u00e1 en las instalaciones de la Fiscal\u00eda.<\/figcaption><\/figure>\n<p>Entre las autoridades que hacen parte de esta ruta se encuentran entre otros, Polic\u00eda, Ej\u00e9rcito,\u00a0representantes de centros m\u00e9dicos y hospitales.\u00a0Personer\u00eda, defensor\u00eda, inspectores de polic\u00eda, enlace de v\u00edctimas de las administraciones municipales,\u00a0comisar\u00edas de familia, entre otros actores fundamentales para el desarrollo y cumplimiento exitoso de la ruta.<\/p>\n<p>A la fecha, el equipo directivo integrado igualmente por la Asesora de Atenci\u00f3n a Usuarios y Alertas Tempranas, Martha Cecilia Herrera, ha visitado un total de 10 municipios pues ya se hizo presencia en Curillo, Bel\u00e9n de Los Andaqu\u00edes, San Vicente del Cagu\u00e1n, El Paujil, Puerto Rico y San Jos\u00e9 del Fragua.<\/p>\n<figure id=\"attachment_274241\" aria-describedby=\"caption-attachment-274241\" style=\"width: 300px\" class=\"wp-caption aligncenter\"><img loading=\"lazy\" decoding=\"async\" class=\"size-medium wp-image-274241\" src=\"https:\/\/www.fiscalia.gov.co\/colombia\/wp-content\/uploads\/Socilizacion-doncello-300x226.jpg\" alt=\"Socializaci\u00f3n de la ruta de Violencia Basada en G\u00e9nero en El Doncello, Caquet\u00e1.\" width=\"300\" height=\"226\" srcset=\"https:\/\/www.fiscalia.gov.co\/colombia\/wp-content\/uploads\/Socilizacion-doncello-300x226.jpg 300w, https:\/\/www.fiscalia.gov.co\/colombia\/wp-content\/uploads\/Socilizacion-doncello-1024x771.jpg 1024w, https:\/\/www.fiscalia.gov.co\/colombia\/wp-content\/uploads\/Socilizacion-doncello-768x578.jpg 768w, https:\/\/www.fiscalia.gov.co\/colombia\/wp-content\/uploads\/Socilizacion-doncello-1536x1157.jpg 1536w, https:\/\/www.fiscalia.gov.co\/colombia\/wp-content\/uploads\/Socilizacion-doncello-2048x1542.jpg 2048w, https:\/\/www.fiscalia.gov.co\/colombia\/wp-content\/uploads\/Socilizacion-doncello-696x524.jpg 696w, https:\/\/www.fiscalia.gov.co\/colombia\/wp-content\/uploads\/Socilizacion-doncello-1068x804.jpg 1068w, https:\/\/www.fiscalia.gov.co\/colombia\/wp-content\/uploads\/Socilizacion-doncello-1920x1446.jpg 1920w, https:\/\/www.fiscalia.gov.co\/colombia\/wp-content\/uploads\/Socilizacion-doncello-558x420.jpg 558w, https:\/\/www.fiscalia.gov.co\/colombia\/wp-content\/uploads\/Socilizacion-doncello-80x60.jpg 80w\" sizes=\"auto, (max-width: 300px) 100vw, 300px\" \/><figcaption id=\"caption-attachment-274241\" class=\"wp-caption-text\">Socializaci\u00f3n de la ruta de Violencia Basada en G\u00e9nero en El Doncello, Caquet\u00e1.<\/figcaption><\/figure>\n<figure id=\"attachment_274242\" aria-describedby=\"caption-attachment-274242\" style=\"width: 300px\" class=\"wp-caption aligncenter\"><img loading=\"lazy\" decoding=\"async\" class=\"size-medium wp-image-274242\" src=\"https:\/\/www.fiscalia.gov.co\/colombia\/wp-content\/uploads\/doncello-1-300x226.jpg\" alt=\"Socializaci\u00f3n de la ruta de Violencia Basada en G\u00e9nero en El Doncello, Caquet\u00e1.\" width=\"300\" height=\"226\" srcset=\"https:\/\/www.fiscalia.gov.co\/colombia\/wp-content\/uploads\/doncello-1-300x226.jpg 300w, https:\/\/www.fiscalia.gov.co\/colombia\/wp-content\/uploads\/doncello-1-1024x771.jpg 1024w, https:\/\/www.fiscalia.gov.co\/colombia\/wp-content\/uploads\/doncello-1-768x578.jpg 768w, https:\/\/www.fiscalia.gov.co\/colombia\/wp-content\/uploads\/doncello-1-1536x1157.jpg 1536w, https:\/\/www.fiscalia.gov.co\/colombia\/wp-content\/uploads\/doncello-1-2048x1542.jpg 2048w, https:\/\/www.fiscalia.gov.co\/colombia\/wp-content\/uploads\/doncello-1-696x524.jpg 696w, https:\/\/www.fiscalia.gov.co\/colombia\/wp-content\/uploads\/doncello-1-1068x804.jpg 1068w, https:\/\/www.fiscalia.gov.co\/colombia\/wp-content\/uploads\/doncello-1-1920x1446.jpg 1920w, https:\/\/www.fiscalia.gov.co\/colombia\/wp-content\/uploads\/doncello-1-558x420.jpg 558w, https:\/\/www.fiscalia.gov.co\/colombia\/wp-content\/uploads\/doncello-1-80x60.jpg 80w\" sizes=\"auto, (max-width: 300px) 100vw, 300px\" \/><figcaption id=\"caption-attachment-274242\" class=\"wp-caption-text\">Socializaci\u00f3n de la ruta de Violencia Basada en G\u00e9nero en El Doncello, Caquet\u00e1.<\/figcaption><\/figure>\n<figure id=\"attachment_274243\" aria-describedby=\"caption-attachment-274243\" style=\"width: 300px\" class=\"wp-caption aligncenter\"><img loading=\"lazy\" decoding=\"async\" class=\"size-medium wp-image-274243\" src=\"https:\/\/www.fiscalia.gov.co\/colombia\/wp-content\/uploads\/doncello-3-300x225.jpg\" alt=\"Socializaci\u00f3n de la ruta de Violencia Basada en G\u00e9nero en El Doncello, Caquet\u00e1.\" width=\"300\" height=\"225\" srcset=\"https:\/\/www.fiscalia.gov.co\/colombia\/wp-content\/uploads\/doncello-3-300x225.jpg 300w, https:\/\/www.fiscalia.gov.co\/colombia\/wp-content\/uploads\/doncello-3-1024x768.jpg 1024w, https:\/\/www.fiscalia.gov.co\/colombia\/wp-content\/uploads\/doncello-3-768x576.jpg 768w, https:\/\/www.fiscalia.gov.co\/colombia\/wp-content\/uploads\/doncello-3-1536x1152.jpg 1536w, https:\/\/www.fiscalia.gov.co\/colombia\/wp-content\/uploads\/doncello-3-2048x1536.jpg 2048w, https:\/\/www.fiscalia.gov.co\/colombia\/wp-content\/uploads\/doncello-3-696x522.jpg 696w, https:\/\/www.fiscalia.gov.co\/colombia\/wp-content\/uploads\/doncello-3-1068x801.jpg 1068w, https:\/\/www.fiscalia.gov.co\/colombia\/wp-content\/uploads\/doncello-3-1920x1440.jpg 1920w, https:\/\/www.fiscalia.gov.co\/colombia\/wp-content\/uploads\/doncello-3-560x420.jpg 560w, https:\/\/www.fiscalia.gov.co\/colombia\/wp-content\/uploads\/doncello-3-80x60.jpg 80w, https:\/\/www.fiscalia.gov.co\/colombia\/wp-content\/uploads\/doncello-3-265x198.jpg 265w\" sizes=\"auto, (max-width: 300px) 100vw, 300px\" \/><figcaption id=\"caption-attachment-274243\" class=\"wp-caption-text\">Socializaci\u00f3n de la ruta de Violencia Basada en G\u00e9nero en El Doncello, Caquet\u00e1.<\/figcaption><\/figure>\n<p>Dichos espacios han servido, adem\u00e1s, para resolver inquietudes,\u00a0conocer las experiencias obtenidas para contrarrestar las violencias de g\u00e9nero contra las mujeres y mujeres trans; socializar los lineamientos e identificar las acciones de fortalecimiento institucional desarrolladas para prevenir, investigar y sancionar este tipo conductas en cada una de las municipalidades.<\/p>\n<p>Se espera en los pr\u00f3ximos d\u00edas continuar con la tarea en los municipios de Mil\u00e1n y Cartagena del Chair\u00e1.<\/p>\n<figure id=\"attachment_274245\" aria-describedby=\"caption-attachment-274245\" style=\"width: 341px\" class=\"wp-caption aligncenter\"><img loading=\"lazy\" decoding=\"async\" class=\" wp-image-274245\" src=\"https:\/\/www.fiscalia.gov.co\/colombia\/wp-content\/uploads\/La-Montanita-vbg-1-300x226.jpg\" alt=\"Socializaci\u00f3n de la ruta de Violencia Basada en G\u00e9nero en La Monta\u00f1ita, Caquet\u00e1.\" width=\"341\" height=\"257\" srcset=\"https:\/\/www.fiscalia.gov.co\/colombia\/wp-content\/uploads\/La-Montanita-vbg-1-300x226.jpg 300w, https:\/\/www.fiscalia.gov.co\/colombia\/wp-content\/uploads\/La-Montanita-vbg-1-1024x771.jpg 1024w, https:\/\/www.fiscalia.gov.co\/colombia\/wp-content\/uploads\/La-Montanita-vbg-1-768x578.jpg 768w, https:\/\/www.fiscalia.gov.co\/colombia\/wp-content\/uploads\/La-Montanita-vbg-1-1536x1157.jpg 1536w, https:\/\/www.fiscalia.gov.co\/colombia\/wp-content\/uploads\/La-Montanita-vbg-1-2048x1542.jpg 2048w, https:\/\/www.fiscalia.gov.co\/colombia\/wp-content\/uploads\/La-Montanita-vbg-1-696x524.jpg 696w, https:\/\/www.fiscalia.gov.co\/colombia\/wp-content\/uploads\/La-Montanita-vbg-1-1068x804.jpg 1068w, https:\/\/www.fiscalia.gov.co\/colombia\/wp-content\/uploads\/La-Montanita-vbg-1-1920x1446.jpg 1920w, https:\/\/www.fiscalia.gov.co\/colombia\/wp-content\/uploads\/La-Montanita-vbg-1-558x420.jpg 558w, https:\/\/www.fiscalia.gov.co\/colombia\/wp-content\/uploads\/La-Montanita-vbg-1-80x60.jpg 80w\" sizes=\"auto, (max-width: 341px) 100vw, 341px\" \/><figcaption id=\"caption-attachment-274245\" class=\"wp-caption-text\">Socializaci\u00f3n de la ruta de Violencia Basada en G\u00e9nero en La Monta\u00f1ita, Caquet\u00e1.<\/figcaption><\/figure>\n<p><b><u>La Fiscal\u00eda habla con resultados.<\/u><\/b><\/p>\n<p>&nbsp;<\/p>\n<p>&nbsp;<\/p>\n<p>&nbsp;<\/p>\n<p>PAAM\/FAGH\/MCH\/NQB\/DSC<\/p>\n<p>&nbsp;<\/p>\n<p>&nbsp;<\/p>\n<p>&nbsp;<\/p>\n<p>&nbsp;<\/p>\n<p><em>La informaci\u00f3n contenida en este bolet\u00edn de prensa corresponde a la narraci\u00f3n de los hechos noticiosos objetivos, y las investigaciones penales al interior de la Fiscal\u00eda General de la Naci\u00f3n. Para el momento de la divulgaci\u00f3n de este comunicado, la situaci\u00f3n jur\u00eddica de la(s) persona(s) relacionada(s) se encuentra pendiente de resolver por la autoridad judicial competente, siempre bajo los preceptos de la presunci\u00f3n de inocencia, consagrados en el art\u00edculo 29 de la Constituci\u00f3n Pol\u00edtica y el art\u00edculo 7\u00ba de la Ley 906 de 2004.<\/em><\/p>\n\n<div class=\"twitter-share\"><a href=\"https:\/\/twitter.com\/intent\/tweet?via=fiscaliacol\" class=\"twitter-share-button\">Tweet<\/a><\/div>\n","protected":false},"excerpt":{"rendered":"<p>Con el prop\u00f3sito de entregar una atenci\u00f3n oportuna y eficaz a mujeres, ni\u00f1os, ni\u00f1as y adolescentes, v\u00edctimas de delitos contemplados dentro de la violencia basada en g\u00e9nero como la violencia, sexual, intrafamiliar, entre otras, un equipo de la Fiscal\u00eda Seccional Caquet\u00e1 en cabeza de la directora seccional, Nohora Quiroga Bohorquez, visit\u00f3 recientemente los municipios de [&hellip;]<\/p>\n","protected":false},"author":178,"featured_media":0,"comment_status":"closed","ping_status":"open","sticky":false,"template":"","format":"standard","meta":{"_price":"","_stock":"","_tribe_ticket_header":"","_tribe_default_ticket_provider":"","_tribe_ticket_capacity":"0","_ticket_start_date":"","_ticket_end_date":"","_tribe_ticket_show_description":"","_tribe_ticket_show_not_going":false,"_tribe_ticket_use_global_stock":"","_tribe_ticket_global_stock_level":"","_global_stock_mode":"","_global_stock_cap":"","_tribe_rsvp_for_event":"","_tribe_ticket_going_count":"","_tribe_ticket_not_going_count":"","_tribe_tickets_list":"[]","_tribe_ticket_has_attendee_info_fields":false,"tdm_status":"","tdm_grid_status":"","footnotes":""},"categories":[1,24099],"tags":[45,13442,1047,24022,20,854,1684,23972,34978,28901,16460,682],"class_list":{"0":"post-274239","1":"post","2":"type-post","3":"status-publish","4":"format-standard","6":"category-noticias","7":"category-seguridad-territorial","8":"tag-cti","9":"tag-feminicidio","10":"tag-fiscalia-general-de-la-nacion","11":"tag-florencia-caqueta","12":"tag-gaula","13":"tag-homicidio-de-mujeres","14":"tag-lesiones-personales","15":"tag-policia","16":"tag-ruta-de-violencia-basada-en-genero","17":"tag-sexual","18":"tag-tentativa-de-feminicidio","19":"tag-violencia-intrafamiliar"},"yoast_head":"<!-- This site is optimized with the Yoast SEO plugin v24.3 - https:\/\/yoast.com\/wordpress\/plugins\/seo\/ -->\n<title>Fiscal\u00eda General de la Naci\u00f3n<\/title>\n<meta name=\"description\" content=\"P\u00e1gina oficial de la Fiscal\u00eda General de la Naci\u00f3n \u2013 Colombia. Garantizamos el acceso efectivo a la justicia, la verdad y la reparaci\u00f3n de las v\u00edctimas de los delitos.\" \/>\n<meta name=\"robots\" content=\"noindex, follow\" \/>\n<meta property=\"og:locale\" content=\"es_ES\" \/>\n<meta property=\"og:type\" content=\"article\" \/>\n<meta property=\"og:title\" content=\"Fiscal\u00eda General de la Naci\u00f3n\" \/>\n<meta property=\"og:description\" content=\"P\u00e1gina oficial de la Fiscal\u00eda General de la Naci\u00f3n \u2013 Colombia. Garantizamos el acceso efectivo a la justicia, la verdad y la reparaci\u00f3n de las v\u00edctimas de los delitos.\" \/>\n<meta property=\"og:url\" content=\"https:\/\/www.fiscalia.gov.co\/colombia\/noticias\/la-fiscalia-continua-socializando-la-ruta-de-violencia-basada-en-genero-por-los-municipios-de-caqueta\/\" \/>\n<meta property=\"og:site_name\" content=\"Fiscal\u00eda General de la Naci\u00f3n\" \/>\n<meta property=\"article:publisher\" content=\"https:\/\/www.facebook.com\/FiscaliaCol\" \/>\n<meta property=\"article:published_time\" content=\"2023-06-29T14:32:29+00:00\" \/>\n<meta property=\"article:modified_time\" content=\"2023-06-29T14:52:36+00:00\" \/>\n<meta property=\"og:image\" content=\"https:\/\/www.fiscalia.gov.co\/colombia\/wp-content\/uploads\/valparaiso-ruta-vbg-300x226.jpg\" \/>\n<meta name=\"author\" content=\"Winnie Geraldine Rodr\u00edguez Navarrete\" \/>\n<meta name=\"twitter:card\" content=\"summary_large_image\" \/>\n<meta name=\"twitter:creator\" content=\"@FiscaliaCol\" \/>\n<meta name=\"twitter:site\" content=\"@FiscaliaCol\" \/>\n<meta name=\"twitter:label1\" content=\"Escrito por\" \/>\n\t<meta name=\"twitter:data1\" content=\"Winnie Geraldine Rodr\u00edguez Navarrete\" \/>\n\t<meta name=\"twitter:label2\" content=\"Tiempo de lectura\" \/>\n\t<meta name=\"twitter:data2\" content=\"3 minutos\" \/>\n<script type=\"application\/ld+json\" class=\"yoast-schema-graph\">{\"@context\":\"https:\/\/schema.org\",\"@graph\":[{\"@type\":\"Article\",\"@id\":\"https:\/\/www.fiscalia.gov.co\/colombia\/noticias\/la-fiscalia-continua-socializando-la-ruta-de-violencia-basada-en-genero-por-los-municipios-de-caqueta\/#article\",\"isPartOf\":{\"@id\":\"https:\/\/www.fiscalia.gov.co\/colombia\/noticias\/la-fiscalia-continua-socializando-la-ruta-de-violencia-basada-en-genero-por-los-municipios-de-caqueta\/\"},\"author\":{\"name\":\"Winnie Geraldine Rodr\u00edguez Navarrete\",\"@id\":\"https:\/\/www.fiscalia.gov.co\/colombia\/#\/schema\/person\/176195b99ebab0a52aafa15197e1bf80\"},\"headline\":\"La Fiscal\u00eda contin\u00faa socializando la Ruta de Violencia Basada en G\u00e9nero por los municipios de Caquet\u00e1\",\"datePublished\":\"2023-06-29T14:32:29+00:00\",\"dateModified\":\"2023-06-29T14:52:36+00:00\",\"mainEntityOfPage\":{\"@id\":\"https:\/\/www.fiscalia.gov.co\/colombia\/noticias\/la-fiscalia-continua-socializando-la-ruta-de-violencia-basada-en-genero-por-los-municipios-de-caqueta\/\"},\"wordCount\":566,\"publisher\":{\"@id\":\"https:\/\/www.fiscalia.gov.co\/colombia\/#organization\"},\"image\":{\"@id\":\"https:\/\/www.fiscalia.gov.co\/colombia\/noticias\/la-fiscalia-continua-socializando-la-ruta-de-violencia-basada-en-genero-por-los-municipios-de-caqueta\/#primaryimage\"},\"thumbnailUrl\":\"https:\/\/www.fiscalia.gov.co\/colombia\/wp-content\/uploads\/valparaiso-ruta-vbg-300x226.jpg\",\"keywords\":[\"CTI\",\"Feminicidio\",\"Fiscal\u00eda General de la Naci\u00f3n\",\"Florencia (Caquet\u00e1)\",\"Gaula\",\"Homicidio de mujeres\",\"Lesiones personales\",\"Polic\u00eda\",\"ruta de violencia basada en g\u00e9nero\",\"sexual\",\"Tentativa de feminicidio\",\"Violencia intrafamiliar\"],\"articleSection\":[\"Noticias\",\"Seguridad territorial\"],\"inLanguage\":\"es-CO\"},{\"@type\":\"WebPage\",\"@id\":\"https:\/\/www.fiscalia.gov.co\/colombia\/noticias\/la-fiscalia-continua-socializando-la-ruta-de-violencia-basada-en-genero-por-los-municipios-de-caqueta\/\",\"url\":\"https:\/\/www.fiscalia.gov.co\/colombia\/noticias\/la-fiscalia-continua-socializando-la-ruta-de-violencia-basada-en-genero-por-los-municipios-de-caqueta\/\",\"name\":\"Fiscal\u00eda General de la Naci\u00f3n\",\"isPartOf\":{\"@id\":\"https:\/\/www.fiscalia.gov.co\/colombia\/#website\"},\"primaryImageOfPage\":{\"@id\":\"https:\/\/www.fiscalia.gov.co\/colombia\/noticias\/la-fiscalia-continua-socializando-la-ruta-de-violencia-basada-en-genero-por-los-municipios-de-caqueta\/#primaryimage\"},\"image\":{\"@id\":\"https:\/\/www.fiscalia.gov.co\/colombia\/noticias\/la-fiscalia-continua-socializando-la-ruta-de-violencia-basada-en-genero-por-los-municipios-de-caqueta\/#primaryimage\"},\"thumbnailUrl\":\"https:\/\/www.fiscalia.gov.co\/colombia\/wp-content\/uploads\/valparaiso-ruta-vbg-300x226.jpg\",\"datePublished\":\"2023-06-29T14:32:29+00:00\",\"dateModified\":\"2023-06-29T14:52:36+00:00\",\"description\":\"P\u00e1gina oficial de la Fiscal\u00eda General de la Naci\u00f3n \u2013 Colombia. Garantizamos el acceso efectivo a la justicia, la verdad y la reparaci\u00f3n de las v\u00edctimas de los delitos.\",\"breadcrumb\":{\"@id\":\"https:\/\/www.fiscalia.gov.co\/colombia\/noticias\/la-fiscalia-continua-socializando-la-ruta-de-violencia-basada-en-genero-por-los-municipios-de-caqueta\/#breadcrumb\"},\"inLanguage\":\"es-CO\",\"potentialAction\":[{\"@type\":\"ReadAction\",\"target\":[\"https:\/\/www.fiscalia.gov.co\/colombia\/noticias\/la-fiscalia-continua-socializando-la-ruta-de-violencia-basada-en-genero-por-los-municipios-de-caqueta\/\"]}]},{\"@type\":\"ImageObject\",\"inLanguage\":\"es-CO\",\"@id\":\"https:\/\/www.fiscalia.gov.co\/colombia\/noticias\/la-fiscalia-continua-socializando-la-ruta-de-violencia-basada-en-genero-por-los-municipios-de-caqueta\/#primaryimage\",\"url\":\"https:\/\/www.fiscalia.gov.co\/colombia\/wp-content\/uploads\/valparaiso-ruta-vbg-scaled.jpg\",\"contentUrl\":\"https:\/\/www.fiscalia.gov.co\/colombia\/wp-content\/uploads\/valparaiso-ruta-vbg-scaled.jpg\",\"width\":2560,\"height\":1928,\"caption\":\"Socializaci\u00f3n de la ruta en Valpara\u00edso, Caquet\u00e1 en las instalaciones de la Fiscal\u00eda.\"},{\"@type\":\"BreadcrumbList\",\"@id\":\"https:\/\/www.fiscalia.gov.co\/colombia\/noticias\/la-fiscalia-continua-socializando-la-ruta-de-violencia-basada-en-genero-por-los-municipios-de-caqueta\/#breadcrumb\",\"itemListElement\":[{\"@type\":\"ListItem\",\"position\":1,\"name\":\"Home\",\"item\":\"https:\/\/www.fiscalia.gov.co\/colombia\/\"},{\"@type\":\"ListItem\",\"position\":2,\"name\":\"La Fiscal\u00eda contin\u00faa socializando la Ruta de Violencia Basada en G\u00e9nero por los municipios de Caquet\u00e1\"}]},{\"@type\":\"WebSite\",\"@id\":\"https:\/\/www.fiscalia.gov.co\/colombia\/#website\",\"url\":\"https:\/\/www.fiscalia.gov.co\/colombia\/\",\"name\":\"Fiscal\u00eda General de la Naci\u00f3n\",\"description\":\"P\u00e1gina oficial de la Fiscal\u00eda General de la Naci\u00f3n \u2013 Colombia. Garantizamos el acceso efectivo a la justicia, la verdad y la reparaci\u00f3n de las v\u00edctimas de los delitos.\",\"publisher\":{\"@id\":\"https:\/\/www.fiscalia.gov.co\/colombia\/#organization\"},\"potentialAction\":[{\"@type\":\"SearchAction\",\"target\":{\"@type\":\"EntryPoint\",\"urlTemplate\":\"https:\/\/www.fiscalia.gov.co\/colombia\/?s={search_term_string}\"},\"query-input\":{\"@type\":\"PropertyValueSpecification\",\"valueRequired\":true,\"valueName\":\"search_term_string\"}}],\"inLanguage\":\"es-CO\"},{\"@type\":\"Organization\",\"@id\":\"https:\/\/www.fiscalia.gov.co\/colombia\/#organization\",\"name\":\"Fiscal\u00eda General de la Naci\u00f3n\",\"url\":\"https:\/\/www.fiscalia.gov.co\/colombia\/\",\"logo\":{\"@type\":\"ImageObject\",\"inLanguage\":\"es-CO\",\"@id\":\"https:\/\/www.fiscalia.gov.co\/colombia\/#\/schema\/logo\/image\/\",\"url\":\"https:\/\/www.fiscalia.gov.co\/colombia\/wp-content\/uploads\/LogoHorizontal_1.jpg\",\"contentUrl\":\"https:\/\/www.fiscalia.gov.co\/colombia\/wp-content\/uploads\/LogoHorizontal_1.jpg\",\"width\":300,\"height\":90,\"caption\":\"Fiscal\u00eda General de la Naci\u00f3n\"},\"image\":{\"@id\":\"https:\/\/www.fiscalia.gov.co\/colombia\/#\/schema\/logo\/image\/\"},\"sameAs\":[\"https:\/\/www.facebook.com\/FiscaliaCol\",\"https:\/\/x.com\/FiscaliaCol\",\"https:\/\/www.instagram.com\/fiscaliacol\",\"https:\/\/www.linkedin.com\/company\/fiscalia-general-de-la-naci-n\/\",\"https:\/\/youtube.com\/@fiscaliageneraldelanacion-4668?si=6nN79nyQICPU5iTh\"]},{\"@type\":\"Person\",\"@id\":\"https:\/\/www.fiscalia.gov.co\/colombia\/#\/schema\/person\/176195b99ebab0a52aafa15197e1bf80\",\"name\":\"Winnie Geraldine Rodr\u00edguez Navarrete\",\"image\":{\"@type\":\"ImageObject\",\"inLanguage\":\"es-CO\",\"@id\":\"https:\/\/www.fiscalia.gov.co\/colombia\/#\/schema\/person\/image\/\",\"url\":\"https:\/\/secure.gravatar.com\/avatar\/c24cf8481dc84fa5e8c7b20bc95ab0c6?s=96&d=mm&r=g\",\"contentUrl\":\"https:\/\/secure.gravatar.com\/avatar\/c24cf8481dc84fa5e8c7b20bc95ab0c6?s=96&d=mm&r=g\",\"caption\":\"Winnie Geraldine Rodr\u00edguez Navarrete\"},\"url\":\"https:\/\/www.fiscalia.gov.co\/colombia\/author\/winnierodriguez\/\"}]}<\/script>\n<!-- \/ Yoast SEO plugin. -->","yoast_head_json":{"title":"Fiscal\u00eda General de la Naci\u00f3n","description":"P\u00e1gina oficial de la Fiscal\u00eda General de la Naci\u00f3n \u2013 Colombia. Garantizamos el acceso efectivo a la justicia, la verdad y la reparaci\u00f3n de las v\u00edctimas de los delitos.","robots":{"index":"noindex","follow":"follow"},"og_locale":"es_ES","og_type":"article","og_title":"Fiscal\u00eda General de la Naci\u00f3n","og_description":"P\u00e1gina oficial de la Fiscal\u00eda General de la Naci\u00f3n \u2013 Colombia. Garantizamos el acceso efectivo a la justicia, la verdad y la reparaci\u00f3n de las v\u00edctimas de los delitos.","og_url":"https:\/\/www.fiscalia.gov.co\/colombia\/noticias\/la-fiscalia-continua-socializando-la-ruta-de-violencia-basada-en-genero-por-los-municipios-de-caqueta\/","og_site_name":"Fiscal\u00eda General de la Naci\u00f3n","article_publisher":"https:\/\/www.facebook.com\/FiscaliaCol","article_published_time":"2023-06-29T14:32:29+00:00","article_modified_time":"2023-06-29T14:52:36+00:00","og_image":[{"url":"https:\/\/www.fiscalia.gov.co\/colombia\/wp-content\/uploads\/valparaiso-ruta-vbg-300x226.jpg","type":"","width":"","height":""}],"author":"Winnie Geraldine Rodr\u00edguez Navarrete","twitter_card":"summary_large_image","twitter_creator":"@FiscaliaCol","twitter_site":"@FiscaliaCol","twitter_misc":{"Escrito por":"Winnie Geraldine Rodr\u00edguez Navarrete","Tiempo de lectura":"3 minutos"},"schema":{"@context":"https:\/\/schema.org","@graph":[{"@type":"Article","@id":"https:\/\/www.fiscalia.gov.co\/colombia\/noticias\/la-fiscalia-continua-socializando-la-ruta-de-violencia-basada-en-genero-por-los-municipios-de-caqueta\/#article","isPartOf":{"@id":"https:\/\/www.fiscalia.gov.co\/colombia\/noticias\/la-fiscalia-continua-socializando-la-ruta-de-violencia-basada-en-genero-por-los-municipios-de-caqueta\/"},"author":{"name":"Winnie Geraldine Rodr\u00edguez Navarrete","@id":"https:\/\/www.fiscalia.gov.co\/colombia\/#\/schema\/person\/176195b99ebab0a52aafa15197e1bf80"},"headline":"La Fiscal\u00eda contin\u00faa socializando la Ruta de Violencia Basada en G\u00e9nero por los municipios de Caquet\u00e1","datePublished":"2023-06-29T14:32:29+00:00","dateModified":"2023-06-29T14:52:36+00:00","mainEntityOfPage":{"@id":"https:\/\/www.fiscalia.gov.co\/colombia\/noticias\/la-fiscalia-continua-socializando-la-ruta-de-violencia-basada-en-genero-por-los-municipios-de-caqueta\/"},"wordCount":566,"publisher":{"@id":"https:\/\/www.fiscalia.gov.co\/colombia\/#organization"},"image":{"@id":"https:\/\/www.fiscalia.gov.co\/colombia\/noticias\/la-fiscalia-continua-socializando-la-ruta-de-violencia-basada-en-genero-por-los-municipios-de-caqueta\/#primaryimage"},"thumbnailUrl":"https:\/\/www.fiscalia.gov.co\/colombia\/wp-content\/uploads\/valparaiso-ruta-vbg-300x226.jpg","keywords":["CTI","Feminicidio","Fiscal\u00eda General de la Naci\u00f3n","Florencia (Caquet\u00e1)","Gaula","Homicidio de mujeres","Lesiones personales","Polic\u00eda","ruta de violencia basada en g\u00e9nero","sexual","Tentativa de feminicidio","Violencia intrafamiliar"],"articleSection":["Noticias","Seguridad territorial"],"inLanguage":"es-CO"},{"@type":"WebPage","@id":"https:\/\/www.fiscalia.gov.co\/colombia\/noticias\/la-fiscalia-continua-socializando-la-ruta-de-violencia-basada-en-genero-por-los-municipios-de-caqueta\/","url":"https:\/\/www.fiscalia.gov.co\/colombia\/noticias\/la-fiscalia-continua-socializando-la-ruta-de-violencia-basada-en-genero-por-los-municipios-de-caqueta\/","name":"Fiscal\u00eda General de la Naci\u00f3n","isPartOf":{"@id":"https:\/\/www.fiscalia.gov.co\/colombia\/#website"},"primaryImageOfPage":{"@id":"https:\/\/www.fiscalia.gov.co\/colombia\/noticias\/la-fiscalia-continua-socializando-la-ruta-de-violencia-basada-en-genero-por-los-municipios-de-caqueta\/#primaryimage"},"image":{"@id":"https:\/\/www.fiscalia.gov.co\/colombia\/noticias\/la-fiscalia-continua-socializando-la-ruta-de-violencia-basada-en-genero-por-los-municipios-de-caqueta\/#primaryimage"},"thumbnailUrl":"https:\/\/www.fiscalia.gov.co\/colombia\/wp-content\/uploads\/valparaiso-ruta-vbg-300x226.jpg","datePublished":"2023-06-29T14:32:29+00:00","dateModified":"2023-06-29T14:52:36+00:00","description":"P\u00e1gina oficial de la Fiscal\u00eda General de la Naci\u00f3n \u2013 Colombia. Garantizamos el acceso efectivo a la justicia, la verdad y la reparaci\u00f3n de las v\u00edctimas de los delitos.","breadcrumb":{"@id":"https:\/\/www.fiscalia.gov.co\/colombia\/noticias\/la-fiscalia-continua-socializando-la-ruta-de-violencia-basada-en-genero-por-los-municipios-de-caqueta\/#breadcrumb"},"inLanguage":"es-CO","potentialAction":[{"@type":"ReadAction","target":["https:\/\/www.fiscalia.gov.co\/colombia\/noticias\/la-fiscalia-continua-socializando-la-ruta-de-violencia-basada-en-genero-por-los-municipios-de-caqueta\/"]}]},{"@type":"ImageObject","inLanguage":"es-CO","@id":"https:\/\/www.fiscalia.gov.co\/colombia\/noticias\/la-fiscalia-continua-socializando-la-ruta-de-violencia-basada-en-genero-por-los-municipios-de-caqueta\/#primaryimage","url":"https:\/\/www.fiscalia.gov.co\/colombia\/wp-content\/uploads\/valparaiso-ruta-vbg-scaled.jpg","contentUrl":"https:\/\/www.fiscalia.gov.co\/colombia\/wp-content\/uploads\/valparaiso-ruta-vbg-scaled.jpg","width":2560,"height":1928,"caption":"Socializaci\u00f3n de la ruta en Valpara\u00edso, Caquet\u00e1 en las instalaciones de la Fiscal\u00eda."},{"@type":"BreadcrumbList","@id":"https:\/\/www.fiscalia.gov.co\/colombia\/noticias\/la-fiscalia-continua-socializando-la-ruta-de-violencia-basada-en-genero-por-los-municipios-de-caqueta\/#breadcrumb","itemListElement":[{"@type":"ListItem","position":1,"name":"Home","item":"https:\/\/www.fiscalia.gov.co\/colombia\/"},{"@type":"ListItem","position":2,"name":"La Fiscal\u00eda contin\u00faa socializando la Ruta de Violencia Basada en G\u00e9nero por los municipios de Caquet\u00e1"}]},{"@type":"WebSite","@id":"https:\/\/www.fiscalia.gov.co\/colombia\/#website","url":"https:\/\/www.fiscalia.gov.co\/colombia\/","name":"Fiscal\u00eda General de la Naci\u00f3n","description":"P\u00e1gina oficial de la Fiscal\u00eda General de la Naci\u00f3n \u2013 Colombia. Garantizamos el acceso efectivo a la justicia, la verdad y la reparaci\u00f3n de las v\u00edctimas de los delitos.","publisher":{"@id":"https:\/\/www.fiscalia.gov.co\/colombia\/#organization"},"potentialAction":[{"@type":"SearchAction","target":{"@type":"EntryPoint","urlTemplate":"https:\/\/www.fiscalia.gov.co\/colombia\/?s={search_term_string}"},"query-input":{"@type":"PropertyValueSpecification","valueRequired":true,"valueName":"search_term_string"}}],"inLanguage":"es-CO"},{"@type":"Organization","@id":"https:\/\/www.fiscalia.gov.co\/colombia\/#organization","name":"Fiscal\u00eda General de la Naci\u00f3n","url":"https:\/\/www.fiscalia.gov.co\/colombia\/","logo":{"@type":"ImageObject","inLanguage":"es-CO","@id":"https:\/\/www.fiscalia.gov.co\/colombia\/#\/schema\/logo\/image\/","url":"https:\/\/www.fiscalia.gov.co\/colombia\/wp-content\/uploads\/LogoHorizontal_1.jpg","contentUrl":"https:\/\/www.fiscalia.gov.co\/colombia\/wp-content\/uploads\/LogoHorizontal_1.jpg","width":300,"height":90,"caption":"Fiscal\u00eda General de la Naci\u00f3n"},"image":{"@id":"https:\/\/www.fiscalia.gov.co\/colombia\/#\/schema\/logo\/image\/"},"sameAs":["https:\/\/www.facebook.com\/FiscaliaCol","https:\/\/x.com\/FiscaliaCol","https:\/\/www.instagram.com\/fiscaliacol","https:\/\/www.linkedin.com\/company\/fiscalia-general-de-la-naci-n\/","https:\/\/youtube.com\/@fiscaliageneraldelanacion-4668?si=6nN79nyQICPU5iTh"]},{"@type":"Person","@id":"https:\/\/www.fiscalia.gov.co\/colombia\/#\/schema\/person\/176195b99ebab0a52aafa15197e1bf80","name":"Winnie Geraldine Rodr\u00edguez Navarrete","image":{"@type":"ImageObject","inLanguage":"es-CO","@id":"https:\/\/www.fiscalia.gov.co\/colombia\/#\/schema\/person\/image\/","url":"https:\/\/secure.gravatar.com\/avatar\/c24cf8481dc84fa5e8c7b20bc95ab0c6?s=96&d=mm&r=g","contentUrl":"https:\/\/secure.gravatar.com\/avatar\/c24cf8481dc84fa5e8c7b20bc95ab0c6?s=96&d=mm&r=g","caption":"Winnie Geraldine Rodr\u00edguez Navarrete"},"url":"https:\/\/www.fiscalia.gov.co\/colombia\/author\/winnierodriguez\/"}]}},"_links":{"self":[{"href":"https:\/\/www.fiscalia.gov.co\/colombia\/wp-json\/wp\/v2\/posts\/274239","targetHints":{"allow":["GET"]}}],"collection":[{"href":"https:\/\/www.fiscalia.gov.co\/colombia\/wp-json\/wp\/v2\/posts"}],"about":[{"href":"https:\/\/www.fiscalia.gov.co\/colombia\/wp-json\/wp\/v2\/types\/post"}],"author":[{"embeddable":true,"href":"https:\/\/www.fiscalia.gov.co\/colombia\/wp-json\/wp\/v2\/users\/178"}],"replies":[{"embeddable":true,"href":"https:\/\/www.fiscalia.gov.co\/colombia\/wp-json\/wp\/v2\/comments?post=274239"}],"version-history":[{"count":2,"href":"https:\/\/www.fiscalia.gov.co\/colombia\/wp-json\/wp\/v2\/posts\/274239\/revisions"}],"predecessor-version":[{"id":274250,"href":"https:\/\/www.fiscalia.gov.co\/colombia\/wp-json\/wp\/v2\/posts\/274239\/revisions\/274250"}],"wp:attachment":[{"href":"https:\/\/www.fiscalia.gov.co\/colombia\/wp-json\/wp\/v2\/media?parent=274239"}],"wp:term":[{"taxonomy":"category","embeddable":true,"href":"https:\/\/www.fiscalia.gov.co\/colombia\/wp-json\/wp\/v2\/categories?post=274239"},{"taxonomy":"post_tag","embeddable":true,"href":"https:\/\/www.fiscalia.gov.co\/colombia\/wp-json\/wp\/v2\/tags?post=274239"}],"curies":[{"name":"wp","href":"https:\/\/api.w.org\/{rel}","templated":true}]}}