{"id":274180,"date":"2023-06-28T12:38:38","date_gmt":"2023-06-28T17:38:38","guid":{"rendered":"https:\/\/www.fiscalia.gov.co\/colombia\/?p=274180"},"modified":"2023-06-28T12:38:38","modified_gmt":"2023-06-28T17:38:38","slug":"judicializados-por-delitos-ambientales-presuntos-miembros-de-la-banda-golden-north-dedicada-a-la-explotacion-ilegal-de-oro-en-cauca","status":"publish","type":"post","link":"https:\/\/www.fiscalia.gov.co\/colombia\/noticias\/judicializados-por-delitos-ambientales-presuntos-miembros-de-la-banda-golden-north-dedicada-a-la-explotacion-ilegal-de-oro-en-cauca\/","title":{"rendered":"Judicializados por delitos ambientales presuntos miembros de la banda Golden North dedicada a la explotaci\u00f3n ilegal de oro en Cauca"},"content":{"rendered":"<h4><strong><em>Ante la contundencia del material probatorio recaudado por la Fiscal\u00eda y la Polic\u00eda Nacional, los investigados se allanaron a los cargos imputados.<\/em><\/strong><\/h4>\n<p>Por solicitud de la Fiscal\u00eda General de la Naci\u00f3n, un juez de control de garant\u00edas impuso medida de aseguramiento en centro carcelario en contra de Norbey Yovanny Plaza Zapata, Jos\u00e9 Edward Quintana S\u00e1nchez, Alonso Moreno Valencia, como presuntos responsables de concierto para delinquir agravado, da\u00f1os en los recursos naturales y ecocidio, y explotaci\u00f3n il\u00edcita de yacimientos mineros y otros materiales.<\/p>\n<p>En la misma decisi\u00f3n, el fallador impuso medida de aseguramiento no privativa de la libertad a Juan Carlos Casta\u00f1eda Londo\u00f1o, quien sigue vinculado al proceso penal.<\/p>\n<p>Las investigaciones de la Fiscal\u00eda permitieron establecer que los asegurados har\u00edan parte de una banda delincuencial conocida como Los Golden North, dedicada a la <a href=\"https:\/\/www.fiscalia.gov.co\/colombia\/seccionales\/judicializadas-4-personas-como-presuntas-responsables-de-explotacion-de-mineria-ilegal-en-el-cauca\/\">explotaci\u00f3n ilegal <\/a>de yacimientos aur\u00edferos en las riberas del r\u00edo Quinamay\u00f3, zona rural del municipio Santander de Quilichao (Cauca) y a liderar la consecuci\u00f3n de recursos para realizar la explotaci\u00f3n minera en las veredas Ardobela y San Antonio de la misma poblaci\u00f3n.<\/p>\n<figure id=\"attachment_274181\" aria-describedby=\"caption-attachment-274181\" style=\"width: 300px\" class=\"wp-caption aligncenter\"><img loading=\"lazy\" decoding=\"async\" class=\"size-medium wp-image-274181\" src=\"https:\/\/www.fiscalia.gov.co\/colombia\/wp-content\/uploads\/WhatsApp-Image-2023-06-28-at-11.59.21-AM-1-300x169.jpeg\" alt=\"Los 4 presuntos miembros de la estructura criminal fueron capturados en Cauca y Risaralda\" width=\"300\" height=\"169\" srcset=\"https:\/\/www.fiscalia.gov.co\/colombia\/wp-content\/uploads\/WhatsApp-Image-2023-06-28-at-11.59.21-AM-1-300x169.jpeg 300w, https:\/\/www.fiscalia.gov.co\/colombia\/wp-content\/uploads\/WhatsApp-Image-2023-06-28-at-11.59.21-AM-1-1024x577.jpeg 1024w, https:\/\/www.fiscalia.gov.co\/colombia\/wp-content\/uploads\/WhatsApp-Image-2023-06-28-at-11.59.21-AM-1-768x432.jpeg 768w, https:\/\/www.fiscalia.gov.co\/colombia\/wp-content\/uploads\/WhatsApp-Image-2023-06-28-at-11.59.21-AM-1-1536x865.jpeg 1536w, https:\/\/www.fiscalia.gov.co\/colombia\/wp-content\/uploads\/WhatsApp-Image-2023-06-28-at-11.59.21-AM-1-696x392.jpeg 696w, https:\/\/www.fiscalia.gov.co\/colombia\/wp-content\/uploads\/WhatsApp-Image-2023-06-28-at-11.59.21-AM-1-1068x601.jpeg 1068w, https:\/\/www.fiscalia.gov.co\/colombia\/wp-content\/uploads\/WhatsApp-Image-2023-06-28-at-11.59.21-AM-1-746x420.jpeg 746w, https:\/\/www.fiscalia.gov.co\/colombia\/wp-content\/uploads\/WhatsApp-Image-2023-06-28-at-11.59.21-AM-1.jpeg 1600w\" sizes=\"auto, (max-width: 300px) 100vw, 300px\" \/><figcaption id=\"caption-attachment-274181\" class=\"wp-caption-text\">Los 4 presuntos miembros de la estructura criminal fueron capturados en Cauca y Risaralda<\/figcaption><\/figure>\n<figure id=\"attachment_274182\" aria-describedby=\"caption-attachment-274182\" style=\"width: 271px\" class=\"wp-caption aligncenter\"><img loading=\"lazy\" decoding=\"async\" class=\"size-medium wp-image-274182\" src=\"https:\/\/www.fiscalia.gov.co\/colombia\/wp-content\/uploads\/WhatsApp-Image-2023-06-28-at-11.59.21-AM-271x300.jpeg\" alt=\"Los 4 presuntos miembros de la estructura criminal fueron capturados en Cauca y Risaralda\" width=\"271\" height=\"300\" srcset=\"https:\/\/www.fiscalia.gov.co\/colombia\/wp-content\/uploads\/WhatsApp-Image-2023-06-28-at-11.59.21-AM-271x300.jpeg 271w, https:\/\/www.fiscalia.gov.co\/colombia\/wp-content\/uploads\/WhatsApp-Image-2023-06-28-at-11.59.21-AM-768x850.jpeg 768w, https:\/\/www.fiscalia.gov.co\/colombia\/wp-content\/uploads\/WhatsApp-Image-2023-06-28-at-11.59.21-AM-696x770.jpeg 696w, https:\/\/www.fiscalia.gov.co\/colombia\/wp-content\/uploads\/WhatsApp-Image-2023-06-28-at-11.59.21-AM-379x420.jpeg 379w, https:\/\/www.fiscalia.gov.co\/colombia\/wp-content\/uploads\/WhatsApp-Image-2023-06-28-at-11.59.21-AM.jpeg 860w\" sizes=\"auto, (max-width: 271px) 100vw, 271px\" \/><figcaption id=\"caption-attachment-274182\" class=\"wp-caption-text\">Los 4 presuntos miembros de la estructura criminal fueron capturados en Cauca y Risaralda<\/figcaption><\/figure>\n<p>Para extraer el oro en la modalidad de socav\u00f3n, los investigados hac\u00edan perforaciones de hasta 25 metros de profundidad, y al parecer, hac\u00edan abrir las galer\u00edas de acceso utilizando de manera antit\u00e9cnica, motores, taladros y explosivos improvisados, ocasionando da\u00f1os graves a los recursos h\u00eddricos, al suelo y a la vegetaci\u00f3n del entorno.<\/p>\n<p>Se estableci\u00f2, adem\u00e1s, que con las explosiones en los socavones expon\u00edan la vida de mineros y personal contratado para la <a href=\"https:\/\/www.fiscalia.gov.co\/colombia\/hechos-concretos\/carcel-para-coronel-que-habria-recibido-dinero-por-alertar-sobre-operativos-contra-red-dedicada-a-la-extraccion-ilegal-de-oro-en-choco\/\">extracci\u00f3n <\/a>ilegal del material aur\u00edfero.<\/p>\n<p>Desde el a\u00f1o 2021, la Fiscal\u00eda y la Direcci\u00f3n de Carabineros y Protecci\u00f3n Ambiental de la Polic\u00eda Nacional recogieron evidencias y otros materiales probatorios que evidenciaron el da\u00f1o ambiental provocado en la zona por la extracci\u00f3n aur\u00edfera ilegal, y permitieron la individualizaci\u00f3n e identificaci\u00f3n de los supuestos miembros de la banda Los Golden North.<\/p>\n<p>Durante la investigaci\u00f3n se determin\u00f3 tambi\u00e9n que los presuntos cabecillas de la estructura criminal acopiaban el oro extra\u00eddo y lo comercializaban de manera ilegal.<\/p>\n<p>Los procesados fueron capturados durante operativos de registro y allanamiento a viviendas de Santander de Quilichao y el municipio de Quinch\u00eda (Risaralda), diligencias judiciales en las que fueron incautados dos tel\u00e9fonos celulares.<\/p>\n<p>Ante la contundencia del material de prueba recolectado por un fiscal de la Estructura de Apoyo (EDA), los cuatro investigados se allanaron a los cargos imputados.<\/p>\n<p><strong><u>La Fiscal\u00eda habla con resultados<\/u><\/strong><\/p>\n<p>&nbsp;<\/p>\n<p>JGPV\/LFML \/GAMM\/DSC<\/p>\n<p>&nbsp;<\/p>\n<p>&nbsp;<\/p>\n<p>&nbsp;<\/p>\n<p><em>La informaci\u00f3n contenida en este bolet\u00edn de prensa corresponde a la narraci\u00f3n de los hechos noticiosos objetivos, suministrados por los funcionarios encargados de adelantar las investigaciones penales al interior de la Fiscal\u00eda General de la Naci\u00f3n. Para el momento de la divulgaci\u00f3n de este comunicado, la situaci\u00f3n jur\u00eddica de la(s) persona(s) relacionada(s) se encuentra pendiente de resolver por la autoridad judicial competente, siempre bajo los preceptos de la presunci\u00f3n de inocencia, consagrados en el art\u00edculo 29 de la Constituci\u00f3n Pol\u00edtica y el art\u00edculo 7\u00ba de la Ley 906 de 2004.<\/em><\/p>\n\n<div class=\"twitter-share\"><a href=\"https:\/\/twitter.com\/intent\/tweet?via=fiscaliacol\" class=\"twitter-share-button\">Tweet<\/a><\/div>\n","protected":false},"excerpt":{"rendered":"<p>Ante la contundencia del material probatorio recaudado por la Fiscal\u00eda y la Polic\u00eda Nacional, los investigados se allanaron a los cargos imputados. Por solicitud de la Fiscal\u00eda General de la [&hellip;]<\/p>\n","protected":false},"author":178,"featured_media":0,"comment_status":"closed","ping_status":"open","sticky":false,"template":"","format":"standard","meta":{"tdm_status":"","tdm_grid_status":"","footnotes":""},"categories":[1],"tags":[24185,1047,24012],"class_list":["post-274180","post","type-post","status-publish","format-standard","category-noticias","tag-fiscal-barbosa","tag-fiscalia-general-de-la-nacion","tag-santander-de-quilichao-cauca"],"yoast_head":"<!-- This site is optimized with the Yoast SEO plugin v24.3 - https:\/\/yoast.com\/wordpress\/plugins\/seo\/ -->\n<title>Fiscal\u00eda General de la Naci\u00f3n<\/title>\n<meta name=\"description\" content=\"P\u00e1gina oficial de la Fiscal\u00eda General de la Naci\u00f3n \u2013 Colombia. Garantizamos el acceso efectivo a la justicia, la verdad y la reparaci\u00f3n de las v\u00edctimas de los delitos.\" \/>\n<meta name=\"robots\" content=\"noindex, follow\" \/>\n<meta property=\"og:locale\" content=\"es_ES\" \/>\n<meta property=\"og:type\" content=\"article\" \/>\n<meta property=\"og:title\" content=\"Fiscal\u00eda General de la Naci\u00f3n\" \/>\n<meta property=\"og:description\" content=\"P\u00e1gina oficial de la Fiscal\u00eda General de la Naci\u00f3n \u2013 Colombia. Garantizamos el acceso efectivo a la justicia, la verdad y la reparaci\u00f3n de las v\u00edctimas de los delitos.\" \/>\n<meta property=\"og:url\" content=\"https:\/\/www.fiscalia.gov.co\/colombia\/noticias\/judicializados-por-delitos-ambientales-presuntos-miembros-de-la-banda-golden-north-dedicada-a-la-explotacion-ilegal-de-oro-en-cauca\/\" \/>\n<meta property=\"og:site_name\" content=\"Fiscal\u00eda General de la Naci\u00f3n\" \/>\n<meta property=\"article:publisher\" content=\"https:\/\/www.facebook.com\/FiscaliaCol\" \/>\n<meta property=\"article:published_time\" content=\"2023-06-28T17:38:38+00:00\" \/>\n<meta property=\"og:image\" content=\"https:\/\/www.fiscalia.gov.co\/colombia\/wp-content\/uploads\/WhatsApp-Image-2023-06-28-at-11.59.21-AM-1-300x169.jpeg\" \/>\n<meta name=\"author\" content=\"Winnie Geraldine Rodr\u00edguez Navarrete\" \/>\n<meta name=\"twitter:card\" content=\"summary_large_image\" \/>\n<meta name=\"twitter:creator\" content=\"@FiscaliaCol\" \/>\n<meta name=\"twitter:site\" content=\"@FiscaliaCol\" \/>\n<meta name=\"twitter:label1\" content=\"Escrito por\" \/>\n\t<meta name=\"twitter:data1\" content=\"Winnie Geraldine Rodr\u00edguez Navarrete\" \/>\n\t<meta name=\"twitter:label2\" content=\"Tiempo de lectura\" \/>\n\t<meta name=\"twitter:data2\" content=\"3 minutos\" \/>\n<script type=\"application\/ld+json\" class=\"yoast-schema-graph\">{\"@context\":\"https:\/\/schema.org\",\"@graph\":[{\"@type\":\"Article\",\"@id\":\"https:\/\/www.fiscalia.gov.co\/colombia\/noticias\/judicializados-por-delitos-ambientales-presuntos-miembros-de-la-banda-golden-north-dedicada-a-la-explotacion-ilegal-de-oro-en-cauca\/#article\",\"isPartOf\":{\"@id\":\"https:\/\/www.fiscalia.gov.co\/colombia\/noticias\/judicializados-por-delitos-ambientales-presuntos-miembros-de-la-banda-golden-north-dedicada-a-la-explotacion-ilegal-de-oro-en-cauca\/\"},\"author\":{\"name\":\"Winnie Geraldine Rodr\u00edguez Navarrete\",\"@id\":\"https:\/\/www.fiscalia.gov.co\/colombia\/#\/schema\/person\/176195b99ebab0a52aafa15197e1bf80\"},\"headline\":\"Judicializados por delitos ambientales presuntos miembros de la banda Golden North dedicada a la explotaci\u00f3n ilegal de oro en Cauca\",\"datePublished\":\"2023-06-28T17:38:38+00:00\",\"dateModified\":\"2023-06-28T17:38:38+00:00\",\"mainEntityOfPage\":{\"@id\":\"https:\/\/www.fiscalia.gov.co\/colombia\/noticias\/judicializados-por-delitos-ambientales-presuntos-miembros-de-la-banda-golden-north-dedicada-a-la-explotacion-ilegal-de-oro-en-cauca\/\"},\"wordCount\":609,\"publisher\":{\"@id\":\"https:\/\/www.fiscalia.gov.co\/colombia\/#organization\"},\"image\":{\"@id\":\"https:\/\/www.fiscalia.gov.co\/colombia\/noticias\/judicializados-por-delitos-ambientales-presuntos-miembros-de-la-banda-golden-north-dedicada-a-la-explotacion-ilegal-de-oro-en-cauca\/#primaryimage\"},\"thumbnailUrl\":\"https:\/\/www.fiscalia.gov.co\/colombia\/wp-content\/uploads\/WhatsApp-Image-2023-06-28-at-11.59.21-AM-1-300x169.jpeg\",\"keywords\":[\"Fiscal Barbosa\",\"Fiscal\u00eda General de la Naci\u00f3n\",\"Santander de Quilichao (Cauca)\"],\"articleSection\":[\"Noticias\"],\"inLanguage\":\"es-CO\"},{\"@type\":\"WebPage\",\"@id\":\"https:\/\/www.fiscalia.gov.co\/colombia\/noticias\/judicializados-por-delitos-ambientales-presuntos-miembros-de-la-banda-golden-north-dedicada-a-la-explotacion-ilegal-de-oro-en-cauca\/\",\"url\":\"https:\/\/www.fiscalia.gov.co\/colombia\/noticias\/judicializados-por-delitos-ambientales-presuntos-miembros-de-la-banda-golden-north-dedicada-a-la-explotacion-ilegal-de-oro-en-cauca\/\",\"name\":\"Fiscal\u00eda General de la Naci\u00f3n\",\"isPartOf\":{\"@id\":\"https:\/\/www.fiscalia.gov.co\/colombia\/#website\"},\"primaryImageOfPage\":{\"@id\":\"https:\/\/www.fiscalia.gov.co\/colombia\/noticias\/judicializados-por-delitos-ambientales-presuntos-miembros-de-la-banda-golden-north-dedicada-a-la-explotacion-ilegal-de-oro-en-cauca\/#primaryimage\"},\"image\":{\"@id\":\"https:\/\/www.fiscalia.gov.co\/colombia\/noticias\/judicializados-por-delitos-ambientales-presuntos-miembros-de-la-banda-golden-north-dedicada-a-la-explotacion-ilegal-de-oro-en-cauca\/#primaryimage\"},\"thumbnailUrl\":\"https:\/\/www.fiscalia.gov.co\/colombia\/wp-content\/uploads\/WhatsApp-Image-2023-06-28-at-11.59.21-AM-1-300x169.jpeg\",\"datePublished\":\"2023-06-28T17:38:38+00:00\",\"dateModified\":\"2023-06-28T17:38:38+00:00\",\"description\":\"P\u00e1gina oficial de la Fiscal\u00eda General de la Naci\u00f3n \u2013 Colombia. Garantizamos el acceso efectivo a la justicia, la verdad y la reparaci\u00f3n de las v\u00edctimas de los delitos.\",\"breadcrumb\":{\"@id\":\"https:\/\/www.fiscalia.gov.co\/colombia\/noticias\/judicializados-por-delitos-ambientales-presuntos-miembros-de-la-banda-golden-north-dedicada-a-la-explotacion-ilegal-de-oro-en-cauca\/#breadcrumb\"},\"inLanguage\":\"es-CO\",\"potentialAction\":[{\"@type\":\"ReadAction\",\"target\":[\"https:\/\/www.fiscalia.gov.co\/colombia\/noticias\/judicializados-por-delitos-ambientales-presuntos-miembros-de-la-banda-golden-north-dedicada-a-la-explotacion-ilegal-de-oro-en-cauca\/\"]}]},{\"@type\":\"ImageObject\",\"inLanguage\":\"es-CO\",\"@id\":\"https:\/\/www.fiscalia.gov.co\/colombia\/noticias\/judicializados-por-delitos-ambientales-presuntos-miembros-de-la-banda-golden-north-dedicada-a-la-explotacion-ilegal-de-oro-en-cauca\/#primaryimage\",\"url\":\"https:\/\/www.fiscalia.gov.co\/colombia\/wp-content\/uploads\/WhatsApp-Image-2023-06-28-at-11.59.21-AM-1-300x169.jpeg\",\"contentUrl\":\"https:\/\/www.fiscalia.gov.co\/colombia\/wp-content\/uploads\/WhatsApp-Image-2023-06-28-at-11.59.21-AM-1-300x169.jpeg\"},{\"@type\":\"BreadcrumbList\",\"@id\":\"https:\/\/www.fiscalia.gov.co\/colombia\/noticias\/judicializados-por-delitos-ambientales-presuntos-miembros-de-la-banda-golden-north-dedicada-a-la-explotacion-ilegal-de-oro-en-cauca\/#breadcrumb\",\"itemListElement\":[{\"@type\":\"ListItem\",\"position\":1,\"name\":\"Home\",\"item\":\"https:\/\/www.fiscalia.gov.co\/colombia\/\"},{\"@type\":\"ListItem\",\"position\":2,\"name\":\"Judicializados por delitos ambientales presuntos miembros de la banda Golden North dedicada a la explotaci\u00f3n ilegal de oro en Cauca\"}]},{\"@type\":\"WebSite\",\"@id\":\"https:\/\/www.fiscalia.gov.co\/colombia\/#website\",\"url\":\"https:\/\/www.fiscalia.gov.co\/colombia\/\",\"name\":\"Fiscal\u00eda General de la Naci\u00f3n\",\"description\":\"P\u00e1gina oficial de la Fiscal\u00eda General de la Naci\u00f3n \u2013 Colombia. Garantizamos el acceso efectivo a la justicia, la verdad y la reparaci\u00f3n de las v\u00edctimas de los delitos.\",\"publisher\":{\"@id\":\"https:\/\/www.fiscalia.gov.co\/colombia\/#organization\"},\"potentialAction\":[{\"@type\":\"SearchAction\",\"target\":{\"@type\":\"EntryPoint\",\"urlTemplate\":\"https:\/\/www.fiscalia.gov.co\/colombia\/?s={search_term_string}\"},\"query-input\":{\"@type\":\"PropertyValueSpecification\",\"valueRequired\":true,\"valueName\":\"search_term_string\"}}],\"inLanguage\":\"es-CO\"},{\"@type\":\"Organization\",\"@id\":\"https:\/\/www.fiscalia.gov.co\/colombia\/#organization\",\"name\":\"Fiscal\u00eda General de la Naci\u00f3n\",\"url\":\"https:\/\/www.fiscalia.gov.co\/colombia\/\",\"logo\":{\"@type\":\"ImageObject\",\"inLanguage\":\"es-CO\",\"@id\":\"https:\/\/www.fiscalia.gov.co\/colombia\/#\/schema\/logo\/image\/\",\"url\":\"https:\/\/www.fiscalia.gov.co\/colombia\/wp-content\/uploads\/LogoHorizontal_1.jpg\",\"contentUrl\":\"https:\/\/www.fiscalia.gov.co\/colombia\/wp-content\/uploads\/LogoHorizontal_1.jpg\",\"width\":300,\"height\":90,\"caption\":\"Fiscal\u00eda General de la Naci\u00f3n\"},\"image\":{\"@id\":\"https:\/\/www.fiscalia.gov.co\/colombia\/#\/schema\/logo\/image\/\"},\"sameAs\":[\"https:\/\/www.facebook.com\/FiscaliaCol\",\"https:\/\/x.com\/FiscaliaCol\",\"https:\/\/www.instagram.com\/fiscaliacol\",\"https:\/\/www.linkedin.com\/company\/fiscalia-general-de-la-naci-n\/\",\"https:\/\/youtube.com\/@fiscaliageneraldelanacion-4668?si=6nN79nyQICPU5iTh\"]},{\"@type\":\"Person\",\"@id\":\"https:\/\/www.fiscalia.gov.co\/colombia\/#\/schema\/person\/176195b99ebab0a52aafa15197e1bf80\",\"name\":\"Winnie Geraldine Rodr\u00edguez Navarrete\",\"image\":{\"@type\":\"ImageObject\",\"inLanguage\":\"es-CO\",\"@id\":\"https:\/\/www.fiscalia.gov.co\/colombia\/#\/schema\/person\/image\/\",\"url\":\"https:\/\/secure.gravatar.com\/avatar\/c24cf8481dc84fa5e8c7b20bc95ab0c6?s=96&d=mm&r=g\",\"contentUrl\":\"https:\/\/secure.gravatar.com\/avatar\/c24cf8481dc84fa5e8c7b20bc95ab0c6?s=96&d=mm&r=g\",\"caption\":\"Winnie Geraldine Rodr\u00edguez Navarrete\"},\"url\":\"https:\/\/www.fiscalia.gov.co\/colombia\/author\/winnierodriguez\/\"}]}<\/script>\n<!-- \/ Yoast SEO plugin. -->","yoast_head_json":{"title":"Fiscal\u00eda General de la Naci\u00f3n","description":"P\u00e1gina oficial de la Fiscal\u00eda General de la Naci\u00f3n \u2013 Colombia. Garantizamos el acceso efectivo a la justicia, la verdad y la reparaci\u00f3n de las v\u00edctimas de los delitos.","robots":{"index":"noindex","follow":"follow"},"og_locale":"es_ES","og_type":"article","og_title":"Fiscal\u00eda General de la Naci\u00f3n","og_description":"P\u00e1gina oficial de la Fiscal\u00eda General de la Naci\u00f3n \u2013 Colombia. Garantizamos el acceso efectivo a la justicia, la verdad y la reparaci\u00f3n de las v\u00edctimas de los delitos.","og_url":"https:\/\/www.fiscalia.gov.co\/colombia\/noticias\/judicializados-por-delitos-ambientales-presuntos-miembros-de-la-banda-golden-north-dedicada-a-la-explotacion-ilegal-de-oro-en-cauca\/","og_site_name":"Fiscal\u00eda General de la Naci\u00f3n","article_publisher":"https:\/\/www.facebook.com\/FiscaliaCol","article_published_time":"2023-06-28T17:38:38+00:00","og_image":[{"url":"https:\/\/www.fiscalia.gov.co\/colombia\/wp-content\/uploads\/WhatsApp-Image-2023-06-28-at-11.59.21-AM-1-300x169.jpeg","type":"","width":"","height":""}],"author":"Winnie Geraldine Rodr\u00edguez Navarrete","twitter_card":"summary_large_image","twitter_creator":"@FiscaliaCol","twitter_site":"@FiscaliaCol","twitter_misc":{"Escrito por":"Winnie Geraldine Rodr\u00edguez Navarrete","Tiempo de lectura":"3 minutos"},"schema":{"@context":"https:\/\/schema.org","@graph":[{"@type":"Article","@id":"https:\/\/www.fiscalia.gov.co\/colombia\/noticias\/judicializados-por-delitos-ambientales-presuntos-miembros-de-la-banda-golden-north-dedicada-a-la-explotacion-ilegal-de-oro-en-cauca\/#article","isPartOf":{"@id":"https:\/\/www.fiscalia.gov.co\/colombia\/noticias\/judicializados-por-delitos-ambientales-presuntos-miembros-de-la-banda-golden-north-dedicada-a-la-explotacion-ilegal-de-oro-en-cauca\/"},"author":{"name":"Winnie Geraldine Rodr\u00edguez Navarrete","@id":"https:\/\/www.fiscalia.gov.co\/colombia\/#\/schema\/person\/176195b99ebab0a52aafa15197e1bf80"},"headline":"Judicializados por delitos ambientales presuntos miembros de la banda Golden North dedicada a la explotaci\u00f3n ilegal de oro en Cauca","datePublished":"2023-06-28T17:38:38+00:00","dateModified":"2023-06-28T17:38:38+00:00","mainEntityOfPage":{"@id":"https:\/\/www.fiscalia.gov.co\/colombia\/noticias\/judicializados-por-delitos-ambientales-presuntos-miembros-de-la-banda-golden-north-dedicada-a-la-explotacion-ilegal-de-oro-en-cauca\/"},"wordCount":609,"publisher":{"@id":"https:\/\/www.fiscalia.gov.co\/colombia\/#organization"},"image":{"@id":"https:\/\/www.fiscalia.gov.co\/colombia\/noticias\/judicializados-por-delitos-ambientales-presuntos-miembros-de-la-banda-golden-north-dedicada-a-la-explotacion-ilegal-de-oro-en-cauca\/#primaryimage"},"thumbnailUrl":"https:\/\/www.fiscalia.gov.co\/colombia\/wp-content\/uploads\/WhatsApp-Image-2023-06-28-at-11.59.21-AM-1-300x169.jpeg","keywords":["Fiscal Barbosa","Fiscal\u00eda General de la Naci\u00f3n","Santander de Quilichao (Cauca)"],"articleSection":["Noticias"],"inLanguage":"es-CO"},{"@type":"WebPage","@id":"https:\/\/www.fiscalia.gov.co\/colombia\/noticias\/judicializados-por-delitos-ambientales-presuntos-miembros-de-la-banda-golden-north-dedicada-a-la-explotacion-ilegal-de-oro-en-cauca\/","url":"https:\/\/www.fiscalia.gov.co\/colombia\/noticias\/judicializados-por-delitos-ambientales-presuntos-miembros-de-la-banda-golden-north-dedicada-a-la-explotacion-ilegal-de-oro-en-cauca\/","name":"Fiscal\u00eda General de la Naci\u00f3n","isPartOf":{"@id":"https:\/\/www.fiscalia.gov.co\/colombia\/#website"},"primaryImageOfPage":{"@id":"https:\/\/www.fiscalia.gov.co\/colombia\/noticias\/judicializados-por-delitos-ambientales-presuntos-miembros-de-la-banda-golden-north-dedicada-a-la-explotacion-ilegal-de-oro-en-cauca\/#primaryimage"},"image":{"@id":"https:\/\/www.fiscalia.gov.co\/colombia\/noticias\/judicializados-por-delitos-ambientales-presuntos-miembros-de-la-banda-golden-north-dedicada-a-la-explotacion-ilegal-de-oro-en-cauca\/#primaryimage"},"thumbnailUrl":"https:\/\/www.fiscalia.gov.co\/colombia\/wp-content\/uploads\/WhatsApp-Image-2023-06-28-at-11.59.21-AM-1-300x169.jpeg","datePublished":"2023-06-28T17:38:38+00:00","dateModified":"2023-06-28T17:38:38+00:00","description":"P\u00e1gina oficial de la Fiscal\u00eda General de la Naci\u00f3n \u2013 Colombia. Garantizamos el acceso efectivo a la justicia, la verdad y la reparaci\u00f3n de las v\u00edctimas de los delitos.","breadcrumb":{"@id":"https:\/\/www.fiscalia.gov.co\/colombia\/noticias\/judicializados-por-delitos-ambientales-presuntos-miembros-de-la-banda-golden-north-dedicada-a-la-explotacion-ilegal-de-oro-en-cauca\/#breadcrumb"},"inLanguage":"es-CO","potentialAction":[{"@type":"ReadAction","target":["https:\/\/www.fiscalia.gov.co\/colombia\/noticias\/judicializados-por-delitos-ambientales-presuntos-miembros-de-la-banda-golden-north-dedicada-a-la-explotacion-ilegal-de-oro-en-cauca\/"]}]},{"@type":"ImageObject","inLanguage":"es-CO","@id":"https:\/\/www.fiscalia.gov.co\/colombia\/noticias\/judicializados-por-delitos-ambientales-presuntos-miembros-de-la-banda-golden-north-dedicada-a-la-explotacion-ilegal-de-oro-en-cauca\/#primaryimage","url":"https:\/\/www.fiscalia.gov.co\/colombia\/wp-content\/uploads\/WhatsApp-Image-2023-06-28-at-11.59.21-AM-1-300x169.jpeg","contentUrl":"https:\/\/www.fiscalia.gov.co\/colombia\/wp-content\/uploads\/WhatsApp-Image-2023-06-28-at-11.59.21-AM-1-300x169.jpeg"},{"@type":"BreadcrumbList","@id":"https:\/\/www.fiscalia.gov.co\/colombia\/noticias\/judicializados-por-delitos-ambientales-presuntos-miembros-de-la-banda-golden-north-dedicada-a-la-explotacion-ilegal-de-oro-en-cauca\/#breadcrumb","itemListElement":[{"@type":"ListItem","position":1,"name":"Home","item":"https:\/\/www.fiscalia.gov.co\/colombia\/"},{"@type":"ListItem","position":2,"name":"Judicializados por delitos ambientales presuntos miembros de la banda Golden North dedicada a la explotaci\u00f3n ilegal de oro en Cauca"}]},{"@type":"WebSite","@id":"https:\/\/www.fiscalia.gov.co\/colombia\/#website","url":"https:\/\/www.fiscalia.gov.co\/colombia\/","name":"Fiscal\u00eda General de la Naci\u00f3n","description":"P\u00e1gina oficial de la Fiscal\u00eda General de la Naci\u00f3n \u2013 Colombia. Garantizamos el acceso efectivo a la justicia, la verdad y la reparaci\u00f3n de las v\u00edctimas de los delitos.","publisher":{"@id":"https:\/\/www.fiscalia.gov.co\/colombia\/#organization"},"potentialAction":[{"@type":"SearchAction","target":{"@type":"EntryPoint","urlTemplate":"https:\/\/www.fiscalia.gov.co\/colombia\/?s={search_term_string}"},"query-input":{"@type":"PropertyValueSpecification","valueRequired":true,"valueName":"search_term_string"}}],"inLanguage":"es-CO"},{"@type":"Organization","@id":"https:\/\/www.fiscalia.gov.co\/colombia\/#organization","name":"Fiscal\u00eda General de la Naci\u00f3n","url":"https:\/\/www.fiscalia.gov.co\/colombia\/","logo":{"@type":"ImageObject","inLanguage":"es-CO","@id":"https:\/\/www.fiscalia.gov.co\/colombia\/#\/schema\/logo\/image\/","url":"https:\/\/www.fiscalia.gov.co\/colombia\/wp-content\/uploads\/LogoHorizontal_1.jpg","contentUrl":"https:\/\/www.fiscalia.gov.co\/colombia\/wp-content\/uploads\/LogoHorizontal_1.jpg","width":300,"height":90,"caption":"Fiscal\u00eda General de la Naci\u00f3n"},"image":{"@id":"https:\/\/www.fiscalia.gov.co\/colombia\/#\/schema\/logo\/image\/"},"sameAs":["https:\/\/www.facebook.com\/FiscaliaCol","https:\/\/x.com\/FiscaliaCol","https:\/\/www.instagram.com\/fiscaliacol","https:\/\/www.linkedin.com\/company\/fiscalia-general-de-la-naci-n\/","https:\/\/youtube.com\/@fiscaliageneraldelanacion-4668?si=6nN79nyQICPU5iTh"]},{"@type":"Person","@id":"https:\/\/www.fiscalia.gov.co\/colombia\/#\/schema\/person\/176195b99ebab0a52aafa15197e1bf80","name":"Winnie Geraldine Rodr\u00edguez Navarrete","image":{"@type":"ImageObject","inLanguage":"es-CO","@id":"https:\/\/www.fiscalia.gov.co\/colombia\/#\/schema\/person\/image\/","url":"https:\/\/secure.gravatar.com\/avatar\/c24cf8481dc84fa5e8c7b20bc95ab0c6?s=96&d=mm&r=g","contentUrl":"https:\/\/secure.gravatar.com\/avatar\/c24cf8481dc84fa5e8c7b20bc95ab0c6?s=96&d=mm&r=g","caption":"Winnie Geraldine Rodr\u00edguez Navarrete"},"url":"https:\/\/www.fiscalia.gov.co\/colombia\/author\/winnierodriguez\/"}]}},"_links":{"self":[{"href":"https:\/\/www.fiscalia.gov.co\/colombia\/wp-json\/wp\/v2\/posts\/274180","targetHints":{"allow":["GET"]}}],"collection":[{"href":"https:\/\/www.fiscalia.gov.co\/colombia\/wp-json\/wp\/v2\/posts"}],"about":[{"href":"https:\/\/www.fiscalia.gov.co\/colombia\/wp-json\/wp\/v2\/types\/post"}],"author":[{"embeddable":true,"href":"https:\/\/www.fiscalia.gov.co\/colombia\/wp-json\/wp\/v2\/users\/178"}],"replies":[{"embeddable":true,"href":"https:\/\/www.fiscalia.gov.co\/colombia\/wp-json\/wp\/v2\/comments?post=274180"}],"version-history":[{"count":1,"href":"https:\/\/www.fiscalia.gov.co\/colombia\/wp-json\/wp\/v2\/posts\/274180\/revisions"}],"predecessor-version":[{"id":274183,"href":"https:\/\/www.fiscalia.gov.co\/colombia\/wp-json\/wp\/v2\/posts\/274180\/revisions\/274183"}],"wp:attachment":[{"href":"https:\/\/www.fiscalia.gov.co\/colombia\/wp-json\/wp\/v2\/media?parent=274180"}],"wp:term":[{"taxonomy":"category","embeddable":true,"href":"https:\/\/www.fiscalia.gov.co\/colombia\/wp-json\/wp\/v2\/categories?post=274180"},{"taxonomy":"post_tag","embeddable":true,"href":"https:\/\/www.fiscalia.gov.co\/colombia\/wp-json\/wp\/v2\/tags?post=274180"}],"curies":[{"name":"wp","href":"https:\/\/api.w.org\/{rel}","templated":true}]}}