{"id":273574,"date":"2023-06-20T07:37:48","date_gmt":"2023-06-20T12:37:48","guid":{"rendered":"https:\/\/www.fiscalia.gov.co\/colombia\/?p=273574"},"modified":"2023-06-27T14:50:06","modified_gmt":"2023-06-27T19:50:06","slug":"desarticulada-caravana-la-red-criminal-senalada-de-trasladar-de-manera-ilegal-ciudadanos-extranjeros-a-nicaragua-y-panama","status":"publish","type":"post","link":"https:\/\/www.fiscalia.gov.co\/colombia\/noticias\/desarticulada-caravana-la-red-criminal-senalada-de-trasladar-de-manera-ilegal-ciudadanos-extranjeros-a-nicaragua-y-panama\/","title":{"rendered":"Desarticulada \u2018Caravana\u2019, la red criminal se\u00f1alada de trasladar de manera ilegal ciudadanos extranjeros a Nicaragua y Panam\u00e1"},"content":{"rendered":"<h4><strong><em>11 de los presuntos integrantes fueron judicializados. Estar\u00edan involucrados en el ofrecimiento por redes sociales de planes para garantizar el paso de migrantes a Centroam\u00e9rica por v\u00eda mar\u00edtima, usando como plataforma Buenaventura, Necocl\u00ed y San Andr\u00e9s Islas.<\/em><\/strong><\/h4>\n<p>La Fiscal\u00eda General de la Naci\u00f3n, en articulaci\u00f3n con la DIJIN de la Polic\u00eda Nacional, desarticul\u00f3 a una red criminal dedicada al tr\u00e1fico de migrantes, conocida como \u2018Caravana\u2019. Se trata de un \u2018clan familiar\u2019 y otras personas que se habr\u00edan articulado para contactar a ciudadanos extranjeros, brindarles toda la log\u00edstica necesaria para garantizar su salida ilegal a Centroam\u00e9rica.<\/p>\n<p>En diligencias realizadas simult\u00e1neamente en Pasto (Nari\u00f1o), Popay\u00e1n (Cauca), Medell\u00edn (Antioquia) y San Andr\u00e9s Islas, fueron capturados 11 de los se\u00f1alados integrantes de esta estructura.<\/p>\n<p>Los elementos de prueba indican que \u2018Caravana\u2019, a trav\u00e9s de redes sociales y grupos cerrados de WhatsApp, vinculaba a migrantes que permanec\u00edan o ingresaban de manera irregular al pa\u00eds, y les ofrec\u00edan paquetes con transporte, hospedaje, alimentaci\u00f3n, tiquetes a\u00e9reos, documentaci\u00f3n falsa y traslado por v\u00eda mar\u00edtima a Panam\u00e1 y Nicaragua. Para este prop\u00f3sito, al parecer, usaban tres rutas distintas:<\/p>\n<ul>\n<li>Ipiales &#8211; Popay\u00e1n &#8211; Cali \u2013 Buenaventura \u2013 Panam\u00e1.<\/li>\n<li>Ipiales &#8211; Medell\u00edn \u2013 Necocl\u00ed \u2013 Panam\u00e1.<\/li>\n<li>Ipiales \u2013 Medell\u00edn &#8211; San Andr\u00e9s Islas &#8211; Nicaragua.<\/li>\n<\/ul>\n<p>La Fiscal\u00eda estableci\u00f3 que el transporte terrestre se hac\u00eda en taxis y veh\u00edculos particulares, cuyos conductores har\u00edan parte de la organizaci\u00f3n. Asimismo, se conoci\u00f3 que los extranjeros que pagaban para salir por San Andr\u00e9s eran alojados durante algunos d\u00edas en apartamentos ubicados en el Valle de Aburr\u00e1, y llevados al aeropuerto de Rionegro (Antioquia) para volar con destino al archipi\u00e9lago, donde ingresaban con documentos falsos y la aparente ayuda de un funcionario de la Oficina de Control, Circulaci\u00f3n y Residencia (OCCRE).<\/p>\n<p>De esta manera, \u2018Caravana\u2019 habr\u00eda movido de manera irregular ciudadanos venezolanos, cubanos, haitianos, ecuatorianos, asi\u00e1ticos y africanos, desde diciembre de 2021 hasta mayo del a\u00f1o en curso.<\/p>\n<p><strong><u>La ca\u00edda de un \u2018Clan familiar\u2019<\/u><\/strong><\/p>\n<p>Entre los 11 capturados est\u00e1n Anderson Giraldo P\u00e9rez, su hermano Jhon Freidel Espinal P\u00e9rez y su se\u00f1ora madre, Alba Luz Espinal P\u00e9rez. Estas tres personas ser\u00edan las principales articuladoras de todo el andamiaje criminal. En el curso de la investigaci\u00f3n se conocieron audios en los que, al aparecer, impart\u00edan instrucciones a transportadores y otros posibles c\u00f3mplices, o enviaban mensajes para brindar confianza a los migrantes sobre la seguridad y \u00e9xito de los traslados.<\/p>\n<p>Otro de los detenidos es V\u00edctor Hugo Hooker Mart\u00ednez, inspector de la Oficina de Control, Circulaci\u00f3n y Residencia (OCCRE), quien presuntamente facilitaba la entrada irregular de ciudadanos extranjeros a San Andr\u00e9s e imped\u00eda que ingresaran otros migrantes que no eran enviados por \u2018Caravana\u2019.<\/p>\n<p>Los dem\u00e1s capturados cumplir\u00edan diferentes roles relacionados con el transporte terrestre y la log\u00edstica.<\/p>\n<p>Un fiscal de la Direcci\u00f3n Especializada contra las Violaciones a los Derechos Humanos imput\u00f3 los se\u00f1alados integrantes de la red ilegal, seg\u00fan su participaci\u00f3n en los hechos, los delitos de concierto para delinquir agravado y tr\u00e1fico de migrantes. Los cargos no fueron aceptados.<\/p>\n<p>Por disposici\u00f3n de un juez de control de garant\u00edas, Anderson Giraldo P\u00e9rez y su hermano Jhon Freidel Espinal P\u00e9rez deber\u00e1n cumplir media de aseguramiento en centro carcelario. De otra parte, Alba Luz Espinal P\u00e9rez, el funcionario de la OCCRE y otros dos procesados deber\u00e1n cumplir detenci\u00f3n en su lugar de residencia. Los dem\u00e1s seguir\u00e1n vinculados a la investigaci\u00f3n.<\/p>\n<p>Esta informaci\u00f3n se publica por razones de inter\u00e9s general.<\/p>\n<p><strong>La Fiscal\u00eda habla con resultados.<\/strong><\/p>\n<p>&nbsp;<\/p>\n<p>&nbsp;<\/p>\n<p>&nbsp;<\/p>\n<p>&nbsp;<\/p>\n<p>&nbsp;<\/p>\n<p>JARG\/CACM\/DECVDH\/<\/p>\n<p>&nbsp;<\/p>\n<p>&nbsp;<\/p>\n<p>&nbsp;<\/p>\n<p>&nbsp;<\/p>\n<p>&nbsp;<\/p>\n<div class=\"td-post-content tagdiv-type\">\n<div class=\"td-post-content tagdiv-type\">\n<div class=\"td-post-content tagdiv-type\">\n<div class=\"td-post-content tagdiv-type\">\n<div class=\"td-post-content tagdiv-type\">\n<div class=\"td-post-content tagdiv-type\">\n<p><i>La informaci\u00f3n contenida en este bolet\u00edn de prensa corresponde a la narraci\u00f3n de los hechos noticiosos objetivos, suministrados por los funcionarios encargados de adelantar las investigaciones penales al interior de la Fiscal\u00eda General de la Naci\u00f3n. Para el momento de la divulgaci\u00f3n de este comunicado, la situaci\u00f3n jur\u00eddica de la(s) persona(s) relacionada(s) se encuentra pendiente de resolver por la autoridad judicial competente, siempre bajo los preceptos de la presunci\u00f3n de inocencia, consagrados en el art\u00edculo 29 de la Constituci\u00f3n Pol\u00edtica y el art\u00edculo 7\u00ba de la Ley 906 de 2004.<\/i><\/p>\n<\/div>\n<\/div>\n<\/div>\n<\/div>\n<footer>\n<p class=\"td-post-sharing-bottom\">\n<\/footer>\n<\/div>\n<\/div>\n\n<div class=\"twitter-share\"><a href=\"https:\/\/twitter.com\/intent\/tweet?via=fiscaliacol\" class=\"twitter-share-button\">Tweet<\/a><\/div>\n","protected":false},"excerpt":{"rendered":"<p>11 de los presuntos integrantes fueron judicializados. Estar\u00edan involucrados en el ofrecimiento por redes sociales de planes para garantizar el paso de migrantes a Centroam\u00e9rica por v\u00eda mar\u00edtima, usando como plataforma Buenaventura, Necocl\u00ed y San Andr\u00e9s Islas. La Fiscal\u00eda General de la Naci\u00f3n, en articulaci\u00f3n con la DIJIN de la Polic\u00eda Nacional, desarticul\u00f3 a una [&hellip;]<\/p>\n","protected":false},"author":177,"featured_media":0,"comment_status":"closed","ping_status":"open","sticky":false,"template":"","format":"video","meta":{"tdm_status":"","tdm_grid_status":"","footnotes":""},"categories":[24102,1],"tags":[1050,24185,1047,34925,3407,4634],"class_list":{"0":"post-273574","1":"post","2":"type-post","3":"status-publish","4":"format-video","6":"category-derechos-humanos","7":"category-noticias","8":"tag-derechoa-humanos","9":"tag-fiscal-barbosa","10":"tag-fiscalia-general-de-la-nacion","11":"tag-nicaragua","12":"tag-panama","13":"tag-trafico-de-migrantes","14":"post_format-post-format-video"},"yoast_head":"<!-- This site is optimized with the Yoast SEO plugin v24.3 - https:\/\/yoast.com\/wordpress\/plugins\/seo\/ -->\n<title>Fiscal\u00eda General de la Naci\u00f3n<\/title>\n<meta name=\"description\" content=\"P\u00e1gina oficial de la Fiscal\u00eda General de la Naci\u00f3n \u2013 Colombia. Garantizamos el acceso efectivo a la justicia, la verdad y la reparaci\u00f3n de las v\u00edctimas de los delitos.\" \/>\n<meta name=\"robots\" content=\"noindex, follow\" \/>\n<meta property=\"og:locale\" content=\"es_ES\" \/>\n<meta property=\"og:type\" content=\"article\" \/>\n<meta property=\"og:title\" content=\"Fiscal\u00eda General de la Naci\u00f3n\" \/>\n<meta property=\"og:description\" content=\"P\u00e1gina oficial de la Fiscal\u00eda General de la Naci\u00f3n \u2013 Colombia. Garantizamos el acceso efectivo a la justicia, la verdad y la reparaci\u00f3n de las v\u00edctimas de los delitos.\" \/>\n<meta property=\"og:url\" content=\"https:\/\/www.fiscalia.gov.co\/colombia\/noticias\/desarticulada-caravana-la-red-criminal-senalada-de-trasladar-de-manera-ilegal-ciudadanos-extranjeros-a-nicaragua-y-panama\/\" \/>\n<meta property=\"og:site_name\" content=\"Fiscal\u00eda General de la Naci\u00f3n\" \/>\n<meta property=\"article:publisher\" content=\"https:\/\/www.facebook.com\/FiscaliaCol\" \/>\n<meta property=\"article:published_time\" content=\"2023-06-20T12:37:48+00:00\" \/>\n<meta property=\"article:modified_time\" content=\"2023-06-27T19:50:06+00:00\" \/>\n<meta name=\"author\" content=\"Jordan Leandro Oviedo Anzola\" \/>\n<meta name=\"twitter:card\" content=\"summary_large_image\" \/>\n<meta name=\"twitter:creator\" content=\"@FiscaliaCol\" \/>\n<meta name=\"twitter:site\" content=\"@FiscaliaCol\" \/>\n<meta name=\"twitter:label1\" content=\"Escrito por\" \/>\n\t<meta name=\"twitter:data1\" content=\"Jordan Leandro Oviedo Anzola\" \/>\n\t<meta name=\"twitter:label2\" content=\"Tiempo de lectura\" \/>\n\t<meta name=\"twitter:data2\" content=\"4 minutos\" \/>\n<script type=\"application\/ld+json\" class=\"yoast-schema-graph\">{\"@context\":\"https:\/\/schema.org\",\"@graph\":[{\"@type\":\"Article\",\"@id\":\"https:\/\/www.fiscalia.gov.co\/colombia\/noticias\/desarticulada-caravana-la-red-criminal-senalada-de-trasladar-de-manera-ilegal-ciudadanos-extranjeros-a-nicaragua-y-panama\/#article\",\"isPartOf\":{\"@id\":\"https:\/\/www.fiscalia.gov.co\/colombia\/noticias\/desarticulada-caravana-la-red-criminal-senalada-de-trasladar-de-manera-ilegal-ciudadanos-extranjeros-a-nicaragua-y-panama\/\"},\"author\":{\"name\":\"Jordan Leandro Oviedo Anzola\",\"@id\":\"https:\/\/www.fiscalia.gov.co\/colombia\/#\/schema\/person\/bf84402cf293a5393e9c70b111020b24\"},\"headline\":\"Desarticulada \u2018Caravana\u2019, la red criminal se\u00f1alada de trasladar de manera ilegal ciudadanos extranjeros a Nicaragua y Panam\u00e1\",\"datePublished\":\"2023-06-20T12:37:48+00:00\",\"dateModified\":\"2023-06-27T19:50:06+00:00\",\"mainEntityOfPage\":{\"@id\":\"https:\/\/www.fiscalia.gov.co\/colombia\/noticias\/desarticulada-caravana-la-red-criminal-senalada-de-trasladar-de-manera-ilegal-ciudadanos-extranjeros-a-nicaragua-y-panama\/\"},\"wordCount\":769,\"publisher\":{\"@id\":\"https:\/\/www.fiscalia.gov.co\/colombia\/#organization\"},\"keywords\":[\"Derechos Humanos\",\"Fiscal Barbosa\",\"Fiscal\u00eda General de la Naci\u00f3n\",\"nicaragua\",\"Panam\u00e1\",\"Tr\u00e1fico de migrantes\"],\"articleSection\":[\"Derechos Humanos\",\"Noticias\"],\"inLanguage\":\"es-CO\"},{\"@type\":\"WebPage\",\"@id\":\"https:\/\/www.fiscalia.gov.co\/colombia\/noticias\/desarticulada-caravana-la-red-criminal-senalada-de-trasladar-de-manera-ilegal-ciudadanos-extranjeros-a-nicaragua-y-panama\/\",\"url\":\"https:\/\/www.fiscalia.gov.co\/colombia\/noticias\/desarticulada-caravana-la-red-criminal-senalada-de-trasladar-de-manera-ilegal-ciudadanos-extranjeros-a-nicaragua-y-panama\/\",\"name\":\"Fiscal\u00eda General de la Naci\u00f3n\",\"isPartOf\":{\"@id\":\"https:\/\/www.fiscalia.gov.co\/colombia\/#website\"},\"datePublished\":\"2023-06-20T12:37:48+00:00\",\"dateModified\":\"2023-06-27T19:50:06+00:00\",\"description\":\"P\u00e1gina oficial de la Fiscal\u00eda General de la Naci\u00f3n \u2013 Colombia. Garantizamos el acceso efectivo a la justicia, la verdad y la reparaci\u00f3n de las v\u00edctimas de los delitos.\",\"breadcrumb\":{\"@id\":\"https:\/\/www.fiscalia.gov.co\/colombia\/noticias\/desarticulada-caravana-la-red-criminal-senalada-de-trasladar-de-manera-ilegal-ciudadanos-extranjeros-a-nicaragua-y-panama\/#breadcrumb\"},\"inLanguage\":\"es-CO\",\"potentialAction\":[{\"@type\":\"ReadAction\",\"target\":[\"https:\/\/www.fiscalia.gov.co\/colombia\/noticias\/desarticulada-caravana-la-red-criminal-senalada-de-trasladar-de-manera-ilegal-ciudadanos-extranjeros-a-nicaragua-y-panama\/\"]}]},{\"@type\":\"BreadcrumbList\",\"@id\":\"https:\/\/www.fiscalia.gov.co\/colombia\/noticias\/desarticulada-caravana-la-red-criminal-senalada-de-trasladar-de-manera-ilegal-ciudadanos-extranjeros-a-nicaragua-y-panama\/#breadcrumb\",\"itemListElement\":[{\"@type\":\"ListItem\",\"position\":1,\"name\":\"Home\",\"item\":\"https:\/\/www.fiscalia.gov.co\/colombia\/\"},{\"@type\":\"ListItem\",\"position\":2,\"name\":\"Desarticulada \u2018Caravana\u2019, la red criminal se\u00f1alada de trasladar de manera ilegal ciudadanos extranjeros a Nicaragua y Panam\u00e1\"}]},{\"@type\":\"WebSite\",\"@id\":\"https:\/\/www.fiscalia.gov.co\/colombia\/#website\",\"url\":\"https:\/\/www.fiscalia.gov.co\/colombia\/\",\"name\":\"Fiscal\u00eda General de la Naci\u00f3n\",\"description\":\"P\u00e1gina oficial de la Fiscal\u00eda General de la Naci\u00f3n \u2013 Colombia. Garantizamos el acceso efectivo a la justicia, la verdad y la reparaci\u00f3n de las v\u00edctimas de los delitos.\",\"publisher\":{\"@id\":\"https:\/\/www.fiscalia.gov.co\/colombia\/#organization\"},\"potentialAction\":[{\"@type\":\"SearchAction\",\"target\":{\"@type\":\"EntryPoint\",\"urlTemplate\":\"https:\/\/www.fiscalia.gov.co\/colombia\/?s={search_term_string}\"},\"query-input\":{\"@type\":\"PropertyValueSpecification\",\"valueRequired\":true,\"valueName\":\"search_term_string\"}}],\"inLanguage\":\"es-CO\"},{\"@type\":\"Organization\",\"@id\":\"https:\/\/www.fiscalia.gov.co\/colombia\/#organization\",\"name\":\"Fiscal\u00eda General de la Naci\u00f3n\",\"url\":\"https:\/\/www.fiscalia.gov.co\/colombia\/\",\"logo\":{\"@type\":\"ImageObject\",\"inLanguage\":\"es-CO\",\"@id\":\"https:\/\/www.fiscalia.gov.co\/colombia\/#\/schema\/logo\/image\/\",\"url\":\"https:\/\/www.fiscalia.gov.co\/colombia\/wp-content\/uploads\/LogoHorizontal_1.jpg\",\"contentUrl\":\"https:\/\/www.fiscalia.gov.co\/colombia\/wp-content\/uploads\/LogoHorizontal_1.jpg\",\"width\":300,\"height\":90,\"caption\":\"Fiscal\u00eda General de la Naci\u00f3n\"},\"image\":{\"@id\":\"https:\/\/www.fiscalia.gov.co\/colombia\/#\/schema\/logo\/image\/\"},\"sameAs\":[\"https:\/\/www.facebook.com\/FiscaliaCol\",\"https:\/\/x.com\/FiscaliaCol\",\"https:\/\/www.instagram.com\/fiscaliacol\",\"https:\/\/www.linkedin.com\/company\/fiscalia-general-de-la-naci-n\/\",\"https:\/\/youtube.com\/@fiscaliageneraldelanacion-4668?si=6nN79nyQICPU5iTh\"]},{\"@type\":\"Person\",\"@id\":\"https:\/\/www.fiscalia.gov.co\/colombia\/#\/schema\/person\/bf84402cf293a5393e9c70b111020b24\",\"name\":\"Jordan Leandro Oviedo Anzola\",\"image\":{\"@type\":\"ImageObject\",\"inLanguage\":\"es-CO\",\"@id\":\"https:\/\/www.fiscalia.gov.co\/colombia\/#\/schema\/person\/image\/\",\"url\":\"https:\/\/secure.gravatar.com\/avatar\/dabba4346fa9b9207d96adafa8f92721?s=96&d=mm&r=g\",\"contentUrl\":\"https:\/\/secure.gravatar.com\/avatar\/dabba4346fa9b9207d96adafa8f92721?s=96&d=mm&r=g\",\"caption\":\"Jordan Leandro Oviedo Anzola\"},\"url\":\"https:\/\/www.fiscalia.gov.co\/colombia\/author\/joviedo\/\"}]}<\/script>\n<!-- \/ Yoast SEO plugin. -->","yoast_head_json":{"title":"Fiscal\u00eda General de la Naci\u00f3n","description":"P\u00e1gina oficial de la Fiscal\u00eda General de la Naci\u00f3n \u2013 Colombia. Garantizamos el acceso efectivo a la justicia, la verdad y la reparaci\u00f3n de las v\u00edctimas de los delitos.","robots":{"index":"noindex","follow":"follow"},"og_locale":"es_ES","og_type":"article","og_title":"Fiscal\u00eda General de la Naci\u00f3n","og_description":"P\u00e1gina oficial de la Fiscal\u00eda General de la Naci\u00f3n \u2013 Colombia. Garantizamos el acceso efectivo a la justicia, la verdad y la reparaci\u00f3n de las v\u00edctimas de los delitos.","og_url":"https:\/\/www.fiscalia.gov.co\/colombia\/noticias\/desarticulada-caravana-la-red-criminal-senalada-de-trasladar-de-manera-ilegal-ciudadanos-extranjeros-a-nicaragua-y-panama\/","og_site_name":"Fiscal\u00eda General de la Naci\u00f3n","article_publisher":"https:\/\/www.facebook.com\/FiscaliaCol","article_published_time":"2023-06-20T12:37:48+00:00","article_modified_time":"2023-06-27T19:50:06+00:00","author":"Jordan Leandro Oviedo Anzola","twitter_card":"summary_large_image","twitter_creator":"@FiscaliaCol","twitter_site":"@FiscaliaCol","twitter_misc":{"Escrito por":"Jordan Leandro Oviedo Anzola","Tiempo de lectura":"4 minutos"},"schema":{"@context":"https:\/\/schema.org","@graph":[{"@type":"Article","@id":"https:\/\/www.fiscalia.gov.co\/colombia\/noticias\/desarticulada-caravana-la-red-criminal-senalada-de-trasladar-de-manera-ilegal-ciudadanos-extranjeros-a-nicaragua-y-panama\/#article","isPartOf":{"@id":"https:\/\/www.fiscalia.gov.co\/colombia\/noticias\/desarticulada-caravana-la-red-criminal-senalada-de-trasladar-de-manera-ilegal-ciudadanos-extranjeros-a-nicaragua-y-panama\/"},"author":{"name":"Jordan Leandro Oviedo Anzola","@id":"https:\/\/www.fiscalia.gov.co\/colombia\/#\/schema\/person\/bf84402cf293a5393e9c70b111020b24"},"headline":"Desarticulada \u2018Caravana\u2019, la red criminal se\u00f1alada de trasladar de manera ilegal ciudadanos extranjeros a Nicaragua y Panam\u00e1","datePublished":"2023-06-20T12:37:48+00:00","dateModified":"2023-06-27T19:50:06+00:00","mainEntityOfPage":{"@id":"https:\/\/www.fiscalia.gov.co\/colombia\/noticias\/desarticulada-caravana-la-red-criminal-senalada-de-trasladar-de-manera-ilegal-ciudadanos-extranjeros-a-nicaragua-y-panama\/"},"wordCount":769,"publisher":{"@id":"https:\/\/www.fiscalia.gov.co\/colombia\/#organization"},"keywords":["Derechos Humanos","Fiscal Barbosa","Fiscal\u00eda General de la Naci\u00f3n","nicaragua","Panam\u00e1","Tr\u00e1fico de migrantes"],"articleSection":["Derechos Humanos","Noticias"],"inLanguage":"es-CO"},{"@type":"WebPage","@id":"https:\/\/www.fiscalia.gov.co\/colombia\/noticias\/desarticulada-caravana-la-red-criminal-senalada-de-trasladar-de-manera-ilegal-ciudadanos-extranjeros-a-nicaragua-y-panama\/","url":"https:\/\/www.fiscalia.gov.co\/colombia\/noticias\/desarticulada-caravana-la-red-criminal-senalada-de-trasladar-de-manera-ilegal-ciudadanos-extranjeros-a-nicaragua-y-panama\/","name":"Fiscal\u00eda General de la Naci\u00f3n","isPartOf":{"@id":"https:\/\/www.fiscalia.gov.co\/colombia\/#website"},"datePublished":"2023-06-20T12:37:48+00:00","dateModified":"2023-06-27T19:50:06+00:00","description":"P\u00e1gina oficial de la Fiscal\u00eda General de la Naci\u00f3n \u2013 Colombia. Garantizamos el acceso efectivo a la justicia, la verdad y la reparaci\u00f3n de las v\u00edctimas de los delitos.","breadcrumb":{"@id":"https:\/\/www.fiscalia.gov.co\/colombia\/noticias\/desarticulada-caravana-la-red-criminal-senalada-de-trasladar-de-manera-ilegal-ciudadanos-extranjeros-a-nicaragua-y-panama\/#breadcrumb"},"inLanguage":"es-CO","potentialAction":[{"@type":"ReadAction","target":["https:\/\/www.fiscalia.gov.co\/colombia\/noticias\/desarticulada-caravana-la-red-criminal-senalada-de-trasladar-de-manera-ilegal-ciudadanos-extranjeros-a-nicaragua-y-panama\/"]}]},{"@type":"BreadcrumbList","@id":"https:\/\/www.fiscalia.gov.co\/colombia\/noticias\/desarticulada-caravana-la-red-criminal-senalada-de-trasladar-de-manera-ilegal-ciudadanos-extranjeros-a-nicaragua-y-panama\/#breadcrumb","itemListElement":[{"@type":"ListItem","position":1,"name":"Home","item":"https:\/\/www.fiscalia.gov.co\/colombia\/"},{"@type":"ListItem","position":2,"name":"Desarticulada \u2018Caravana\u2019, la red criminal se\u00f1alada de trasladar de manera ilegal ciudadanos extranjeros a Nicaragua y Panam\u00e1"}]},{"@type":"WebSite","@id":"https:\/\/www.fiscalia.gov.co\/colombia\/#website","url":"https:\/\/www.fiscalia.gov.co\/colombia\/","name":"Fiscal\u00eda General de la Naci\u00f3n","description":"P\u00e1gina oficial de la Fiscal\u00eda General de la Naci\u00f3n \u2013 Colombia. Garantizamos el acceso efectivo a la justicia, la verdad y la reparaci\u00f3n de las v\u00edctimas de los delitos.","publisher":{"@id":"https:\/\/www.fiscalia.gov.co\/colombia\/#organization"},"potentialAction":[{"@type":"SearchAction","target":{"@type":"EntryPoint","urlTemplate":"https:\/\/www.fiscalia.gov.co\/colombia\/?s={search_term_string}"},"query-input":{"@type":"PropertyValueSpecification","valueRequired":true,"valueName":"search_term_string"}}],"inLanguage":"es-CO"},{"@type":"Organization","@id":"https:\/\/www.fiscalia.gov.co\/colombia\/#organization","name":"Fiscal\u00eda General de la Naci\u00f3n","url":"https:\/\/www.fiscalia.gov.co\/colombia\/","logo":{"@type":"ImageObject","inLanguage":"es-CO","@id":"https:\/\/www.fiscalia.gov.co\/colombia\/#\/schema\/logo\/image\/","url":"https:\/\/www.fiscalia.gov.co\/colombia\/wp-content\/uploads\/LogoHorizontal_1.jpg","contentUrl":"https:\/\/www.fiscalia.gov.co\/colombia\/wp-content\/uploads\/LogoHorizontal_1.jpg","width":300,"height":90,"caption":"Fiscal\u00eda General de la Naci\u00f3n"},"image":{"@id":"https:\/\/www.fiscalia.gov.co\/colombia\/#\/schema\/logo\/image\/"},"sameAs":["https:\/\/www.facebook.com\/FiscaliaCol","https:\/\/x.com\/FiscaliaCol","https:\/\/www.instagram.com\/fiscaliacol","https:\/\/www.linkedin.com\/company\/fiscalia-general-de-la-naci-n\/","https:\/\/youtube.com\/@fiscaliageneraldelanacion-4668?si=6nN79nyQICPU5iTh"]},{"@type":"Person","@id":"https:\/\/www.fiscalia.gov.co\/colombia\/#\/schema\/person\/bf84402cf293a5393e9c70b111020b24","name":"Jordan Leandro Oviedo Anzola","image":{"@type":"ImageObject","inLanguage":"es-CO","@id":"https:\/\/www.fiscalia.gov.co\/colombia\/#\/schema\/person\/image\/","url":"https:\/\/secure.gravatar.com\/avatar\/dabba4346fa9b9207d96adafa8f92721?s=96&d=mm&r=g","contentUrl":"https:\/\/secure.gravatar.com\/avatar\/dabba4346fa9b9207d96adafa8f92721?s=96&d=mm&r=g","caption":"Jordan Leandro Oviedo Anzola"},"url":"https:\/\/www.fiscalia.gov.co\/colombia\/author\/joviedo\/"}]}},"_links":{"self":[{"href":"https:\/\/www.fiscalia.gov.co\/colombia\/wp-json\/wp\/v2\/posts\/273574","targetHints":{"allow":["GET"]}}],"collection":[{"href":"https:\/\/www.fiscalia.gov.co\/colombia\/wp-json\/wp\/v2\/posts"}],"about":[{"href":"https:\/\/www.fiscalia.gov.co\/colombia\/wp-json\/wp\/v2\/types\/post"}],"author":[{"embeddable":true,"href":"https:\/\/www.fiscalia.gov.co\/colombia\/wp-json\/wp\/v2\/users\/177"}],"replies":[{"embeddable":true,"href":"https:\/\/www.fiscalia.gov.co\/colombia\/wp-json\/wp\/v2\/comments?post=273574"}],"version-history":[{"count":1,"href":"https:\/\/www.fiscalia.gov.co\/colombia\/wp-json\/wp\/v2\/posts\/273574\/revisions"}],"predecessor-version":[{"id":273575,"href":"https:\/\/www.fiscalia.gov.co\/colombia\/wp-json\/wp\/v2\/posts\/273574\/revisions\/273575"}],"wp:attachment":[{"href":"https:\/\/www.fiscalia.gov.co\/colombia\/wp-json\/wp\/v2\/media?parent=273574"}],"wp:term":[{"taxonomy":"category","embeddable":true,"href":"https:\/\/www.fiscalia.gov.co\/colombia\/wp-json\/wp\/v2\/categories?post=273574"},{"taxonomy":"post_tag","embeddable":true,"href":"https:\/\/www.fiscalia.gov.co\/colombia\/wp-json\/wp\/v2\/tags?post=273574"}],"curies":[{"name":"wp","href":"https:\/\/api.w.org\/{rel}","templated":true}]}}