{"id":273554,"date":"2023-06-19T07:42:17","date_gmt":"2023-06-19T12:42:17","guid":{"rendered":"https:\/\/www.fiscalia.gov.co\/colombia\/?p=273554"},"modified":"2023-06-27T14:35:23","modified_gmt":"2023-06-27T19:35:23","slug":"fiscalia-impacta-estructuralmente-a-entramado-ilegal-involucrado-en-el-apoderamiento-transporte-y-comercializacion-de-hidrocarburos","status":"publish","type":"post","link":"https:\/\/www.fiscalia.gov.co\/colombia\/noticias\/fiscalia-impacta-estructuralmente-a-entramado-ilegal-involucrado-en-el-apoderamiento-transporte-y-comercializacion-de-hidrocarburos\/","title":{"rendered":"Fiscal\u00eda impacta estructuralmente a entramado ilegal involucrado en el apoderamiento, transporte y comercializaci\u00f3n de hidrocarburos"},"content":{"rendered":"<ul>\n<li>\n<h4><strong><em>14 personas fueron capturadas y judicializadas, entre ellas alias La Mona, quien tendr\u00eda v\u00ednculos con el ELN en el oriente del pa\u00eds; adem\u00e1s de empresarios y administradores de empresas dedicadas al procesamiento y comercializaci\u00f3n de crudo.<\/em><\/strong><\/h4>\n<\/li>\n<li>\n<h4><strong><em>De manera simult\u00e1nea al proceso penal, fueron ocupados con fines de extinci\u00f3n de dominio bienes avaluados en m\u00e1s de 1,3 billones de pesos.<\/em><\/strong><\/h4>\n<\/li>\n<\/ul>\n<p>La Fiscal\u00eda General de la Naci\u00f3n, a trav\u00e9s de la Direcci\u00f3n Especializada contra las Organizaciones Criminales, y en articulaci\u00f3n con la Polic\u00eda Nacional, puso en evidencia a tres redes delictivas que har\u00edan parte de un entramado ilegal involucrado en la extracci\u00f3n, refinamiento, comercializaci\u00f3n y transporte de hidrocarburos.<\/p>\n<p>Inicialmente, en Gir\u00f3n y Barrancabermeja (Santander), fueron capturados cinco presuntos integrantes de una organizaci\u00f3n se\u00f1alada de apoderarse del crudo mediante la instalaci\u00f3n de v\u00e1lvulas al oleoducto Ca\u00f1o Lim\u00f3n \u2013 Cove\u00f1as, en Tib\u00fa (Norte de Santander); y coordinar el traslado en veh\u00edculos cisterna, los cuales transitaban con gu\u00edas y manifiestos de carga falsos.<\/p>\n<p>Entre los detenidos est\u00e1 Albaneris P\u00e9rez Garavis, alias La Patrona o La Mona, quien ser\u00eda la encargada de financiar toda la actividad ilegal y de proveer altas sumas de dinero a las estructuras del ELN que tienen injerencia en la regi\u00f3n. Los dem\u00e1s son conductores que estar\u00edan involucrados en distintos eventos en los que llevaron combustible hurtado de Norte de Santander a Cundinamarca y otros departamentos del pa\u00eds.<\/p>\n<p>Estas cinco personas, seg\u00fan el posible rol ejercido, fueron imputados por los delitos de concierto para delinquir agravado; apoderamiento de hidrocarburos, sus derivados, biocombustibles o mezclas que los contengan; y receptaci\u00f3n. Adicionalmente, a alias La Mona le fue imputado el delito de financiaci\u00f3n del terrorismo y de grupos de delincuencia organizada y administraci\u00f3n de recursos relacionados con actividades terroristas y de la delincuencia organizada.<\/p>\n<p>Todos los procesados recibieron medida de aseguramiento en centro carcelario.<\/p>\n<p><strong><u>Componente empresarial<\/u><\/strong><\/p>\n<p>Otro de los eslabones de la cadena criminal est\u00e1 conformado por varias empresas que, desde 2021 hasta mediados de mayo \u00faltimo, habr\u00edan utilizado personer\u00edas jur\u00eddicas, permisos otorgados por el Ministerio de Minas y Energ\u00eda, el Ministerio de Medio Ambiente y las c\u00e1maras de comercio para crear y mantener actividades comerciales relacionadas con la instalaci\u00f3n de las plataformas de extracci\u00f3n del crudo, el desarrollo de sistemas de almacenamiento y refinaci\u00f3n, y la comercializaci\u00f3n de hidrocarburos.<\/p>\n<p>Seg\u00fan los elementos de prueba, estas empresas tendr\u00edan v\u00ednculos estrechos con las otras redes delictivas y, al parecer, serv\u00edan para dar apariencia de legalidad al combustible obtenido irregularmente del oleoducto Ca\u00f1o Lim\u00f3n \u2013 Cove\u00f1as, procesarlo y ponerlo en las costas del Caribe para comercializarlo.<\/p>\n<p>Por estos hechos fueron presentadas ante jueces de control de garant\u00edas tres personas e imputadas, seg\u00fan la posible participaci\u00f3n, por los delitos de concierto para delinquir agravado, receptaci\u00f3n de hidrocarburos y falsificaci\u00f3n de documento privado. Los investigados son:<\/p>\n<ul>\n<li>Omar Enrique Morales Bobadilla, director financiero de una compa\u00f1\u00eda de petr\u00f3leos se\u00f1alado de preparar mezclas qu\u00edmicas para que el hidrocarburo hurtado fuera apto para la comercializaci\u00f3n.<\/li>\n<li>Maira Janeth Medina Fl\u00f3rez, representante legal de una empresa que, presuntamente, exped\u00eda documentaci\u00f3n con informaci\u00f3n falsa para respaldar el traslados de los combustibles.<\/li>\n<li>Catalina Quintero Rinc\u00f3n, quien ser\u00eda la encargada de administrar y gestionar permisos, y de tramitar la documentaci\u00f3n ante las autoridades estatales para adquirir qu\u00edmicos con el fin de realizar la transformaci\u00f3n del crudo para su posterior comercializaci\u00f3n.<\/li>\n<\/ul>\n<p><strong><u>Aparato log\u00edstico<\/u><\/strong><\/p>\n<p>Finalmente, fueron capturadas seis personas que har\u00edan parte de una organizaci\u00f3n a la que se le atribuye la expedici\u00f3n de los documentos falsos, el almacenamiento y transporte del hidrocarburo extra\u00eddo il\u00edcitamente del oleoducto de Ca\u00f1o Lim\u00f3n \u2013 Cove\u00f1as, en el sector de astilleros, en inmediaciones de C\u00facuta (Norte de Santander).<\/p>\n<p>La investigaci\u00f3n indica que este grupo habr\u00eda intervenido las l\u00edneas de transferencia de los pozos de explotaci\u00f3n y extracci\u00f3n del crudo. Luego, a trav\u00e9s de veh\u00edculos cisterna, enviaban el combustible a centros de acopio en Oca\u00f1a (Norte de Santander), Aguachica (Cesar), Barrancabermeja (Santander) y Madrid (Cundinamarca).<\/p>\n<p>La Fiscal\u00eda imput\u00f3 a los seis capturados, de acuerdo con su posible participaci\u00f3n, los delitos de concierto para delinquir, uso de documento falso; y receptaci\u00f3n de hidrocarburos, sus derivados, biocombustibles o mezclas que los contengan.<\/p>\n<p>Los procesados son: Catalina Quintero, administradora de una planta de asfalto en Barrancabermeja (Santander) se\u00f1alada de facilitar la adquisici\u00f3n y acopio del crudo; Flor Mary Trivi\u00f1o Yopasa, propietaria y administradora de un parqueadero donde se hac\u00eda el cargue del hidrocarburo hurtado; John Alejandro Acosta Chac\u00f3n, presunto coordinador log\u00edstico; Luis Andelfo Contreras, estar\u00eda involucrado en la obtenci\u00f3n de manifiestos de carga falsos para amparar el transporte del combustible; y Jos\u00e9 Javier Ocampo San Juan y Elkin Orlando G\u00f3mez \u00c1lvarez, conductores.<\/p>\n<p><strong><u>Golpe al patrimonio il\u00edcito<\/u><\/strong><\/p>\n<p>De manera simult\u00e1nea al proceso penal, la Direcci\u00f3n Especializada de Extinci\u00f3n del Derecho de Dominio, en coordinaci\u00f3n con la DIJIN de la Polic\u00eda Nacional, ocup\u00f3 101 propiedades que har\u00edan parte del patrimonio il\u00edcito de algunos de los presuntos integrantes del andamiaje ilegal de apoderamiento y comercializaci\u00f3n de hidrocarburos.<\/p>\n<p>Se trata de 9 inmuebles rurales y 15 urbanos; 37 veh\u00edculos, 7 naves, 18 sociedades y 15 establecimientos de comercio, los cuales fueron afectados con medidas cautelares de suspensi\u00f3n del poder dispositivo, embargo, secuestro y toma de posesi\u00f3n.<\/p>\n<p>Los predios, avaluados en m\u00e1s de 1,3 billones de pesos, est\u00e1n ubicados en Barranquilla y Galapa (Atl\u00e1ntico); Chivat\u00e1 (Boyac\u00e1), Cartagena (Bol\u00edvar); Flandes, Espinal y L\u00e9rida (Tolima); Ch\u00eda y Madrid (Cundinamarca); Barrancabermeja y Bucaramanga (Santander), Buenaventura (Valle del Cauca) y Bogot\u00e1. La Sociedad de Activos Especiales (SAE) ser\u00e1 la encargada de administrar estos bienes.<\/p>\n<p><strong><u>La Fiscal\u00eda habla con resultados.<\/u><\/strong><\/p>\n<p>&nbsp;<\/p>\n<p>&nbsp;<\/p>\n<p>&nbsp;<\/p>\n<p>&nbsp;<\/p>\n<p>&nbsp;<\/p>\n<p>&nbsp;<\/p>\n<p>CMRM\/MAGA\/JARG\/JPF\/LTM\/GG\/MRC\/<\/p>\n<p>&nbsp;<\/p>\n<p>&nbsp;<\/p>\n<p>&nbsp;<\/p>\n<p>&nbsp;<\/p>\n<p>&nbsp;<\/p>\n<div class=\"td-post-content tagdiv-type\">\n<div class=\"td-post-content tagdiv-type\">\n<div class=\"td-post-content tagdiv-type\">\n<div class=\"td-post-content tagdiv-type\">\n<p><i>La informaci\u00f3n contenida en este bolet\u00edn de prensa corresponde a la narraci\u00f3n de los hechos noticiosos objetivos, suministrados por los funcionarios encargados de adelantar las investigaciones penales al interior de la Fiscal\u00eda General de la Naci\u00f3n. Para el momento de la divulgaci\u00f3n de este comunicado, la situaci\u00f3n jur\u00eddica de la(s) persona(s) relacionada(s) se encuentra pendiente de resolver por la autoridad judicial competente, siempre bajo los preceptos de la presunci\u00f3n de inocencia, consagrados en el art\u00edculo 29 de la Constituci\u00f3n Pol\u00edtica y el art\u00edculo 7\u00ba de la Ley 906 de 2004.<\/i><\/p>\n<\/div>\n<\/div>\n<\/div>\n<\/div>\n\n<div class=\"twitter-share\"><a href=\"https:\/\/twitter.com\/intent\/tweet?via=fiscaliacol\" class=\"twitter-share-button\">Tweet<\/a><\/div>\n","protected":false},"excerpt":{"rendered":"<p>14 personas fueron capturadas y judicializadas, entre ellas alias La Mona, quien tendr\u00eda v\u00ednculos con el ELN en el oriente del pa\u00eds; adem\u00e1s de empresarios y administradores de empresas dedicadas al procesamiento y comercializaci\u00f3n de crudo. De manera simult\u00e1nea al proceso penal, fueron ocupados con fines de extinci\u00f3n de dominio bienes avaluados en m\u00e1s de [&hellip;]<\/p>\n","protected":false},"author":177,"featured_media":0,"comment_status":"closed","ping_status":"open","sticky":false,"template":"","format":"video","meta":{"_price":"","_stock":"","_tribe_ticket_header":"","_tribe_default_ticket_provider":"","_tribe_ticket_capacity":"0","_ticket_start_date":"","_ticket_end_date":"","_tribe_ticket_show_description":"","_tribe_ticket_show_not_going":false,"_tribe_ticket_use_global_stock":"","_tribe_ticket_global_stock_level":"","_global_stock_mode":"","_global_stock_cap":"","_tribe_rsvp_for_event":"","_tribe_ticket_going_count":"","_tribe_ticket_not_going_count":"","_tribe_tickets_list":"[]","_tribe_ticket_has_attendee_info_fields":false,"tdm_status":"","tdm_grid_status":"","footnotes":""},"categories":[24116,24115,1],"tags":[1441,24185,1047,148],"class_list":{"0":"post-273554","1":"post","2":"type-post","3":"status-publish","4":"format-video","6":"category-extincion-de-dominio","7":"category-narcotrafico","8":"category-noticias","9":"tag-extincion-de-dominio","10":"tag-fiscal-barbosa","11":"tag-fiscalia-general-de-la-nacion","12":"tag-narcotrafico","13":"post_format-post-format-video"},"yoast_head":"<!-- This site is optimized with the Yoast SEO plugin v24.3 - https:\/\/yoast.com\/wordpress\/plugins\/seo\/ -->\n<title>Fiscal\u00eda General de la Naci\u00f3n<\/title>\n<meta name=\"description\" content=\"P\u00e1gina oficial de la Fiscal\u00eda General de la Naci\u00f3n \u2013 Colombia. Garantizamos el acceso efectivo a la justicia, la verdad y la reparaci\u00f3n de las v\u00edctimas de los delitos.\" \/>\n<meta name=\"robots\" content=\"noindex, follow\" \/>\n<meta property=\"og:locale\" content=\"es_ES\" \/>\n<meta property=\"og:type\" content=\"article\" \/>\n<meta property=\"og:title\" content=\"Fiscal\u00eda General de la Naci\u00f3n\" \/>\n<meta property=\"og:description\" content=\"P\u00e1gina oficial de la Fiscal\u00eda General de la Naci\u00f3n \u2013 Colombia. Garantizamos el acceso efectivo a la justicia, la verdad y la reparaci\u00f3n de las v\u00edctimas de los delitos.\" \/>\n<meta property=\"og:url\" content=\"https:\/\/www.fiscalia.gov.co\/colombia\/noticias\/fiscalia-impacta-estructuralmente-a-entramado-ilegal-involucrado-en-el-apoderamiento-transporte-y-comercializacion-de-hidrocarburos\/\" \/>\n<meta property=\"og:site_name\" content=\"Fiscal\u00eda General de la Naci\u00f3n\" \/>\n<meta property=\"article:publisher\" content=\"https:\/\/www.facebook.com\/FiscaliaCol\" \/>\n<meta property=\"article:published_time\" content=\"2023-06-19T12:42:17+00:00\" \/>\n<meta property=\"article:modified_time\" content=\"2023-06-27T19:35:23+00:00\" \/>\n<meta name=\"author\" content=\"Jordan Leandro Oviedo Anzola\" \/>\n<meta name=\"twitter:card\" content=\"summary_large_image\" \/>\n<meta name=\"twitter:creator\" content=\"@FiscaliaCol\" \/>\n<meta name=\"twitter:site\" content=\"@FiscaliaCol\" \/>\n<meta name=\"twitter:label1\" content=\"Escrito por\" \/>\n\t<meta name=\"twitter:data1\" content=\"Jordan Leandro Oviedo Anzola\" \/>\n\t<meta name=\"twitter:label2\" content=\"Tiempo de lectura\" \/>\n\t<meta name=\"twitter:data2\" content=\"6 minutos\" \/>\n<script type=\"application\/ld+json\" class=\"yoast-schema-graph\">{\"@context\":\"https:\/\/schema.org\",\"@graph\":[{\"@type\":\"Article\",\"@id\":\"https:\/\/www.fiscalia.gov.co\/colombia\/noticias\/fiscalia-impacta-estructuralmente-a-entramado-ilegal-involucrado-en-el-apoderamiento-transporte-y-comercializacion-de-hidrocarburos\/#article\",\"isPartOf\":{\"@id\":\"https:\/\/www.fiscalia.gov.co\/colombia\/noticias\/fiscalia-impacta-estructuralmente-a-entramado-ilegal-involucrado-en-el-apoderamiento-transporte-y-comercializacion-de-hidrocarburos\/\"},\"author\":{\"name\":\"Jordan Leandro Oviedo Anzola\",\"@id\":\"https:\/\/www.fiscalia.gov.co\/colombia\/#\/schema\/person\/bf84402cf293a5393e9c70b111020b24\"},\"headline\":\"Fiscal\u00eda impacta estructuralmente a entramado ilegal involucrado en el apoderamiento, transporte y comercializaci\u00f3n de hidrocarburos\",\"datePublished\":\"2023-06-19T12:42:17+00:00\",\"dateModified\":\"2023-06-27T19:35:23+00:00\",\"mainEntityOfPage\":{\"@id\":\"https:\/\/www.fiscalia.gov.co\/colombia\/noticias\/fiscalia-impacta-estructuralmente-a-entramado-ilegal-involucrado-en-el-apoderamiento-transporte-y-comercializacion-de-hidrocarburos\/\"},\"wordCount\":1149,\"publisher\":{\"@id\":\"https:\/\/www.fiscalia.gov.co\/colombia\/#organization\"},\"keywords\":[\"Extinci\u00f3n de dominio\",\"Fiscal Barbosa\",\"Fiscal\u00eda General de la Naci\u00f3n\",\"Narcotr\u00e1fico\"],\"articleSection\":[\"Extinci\u00f3n de dominio\",\"Narcotr\u00e1fico\",\"Noticias\"],\"inLanguage\":\"es-CO\"},{\"@type\":\"WebPage\",\"@id\":\"https:\/\/www.fiscalia.gov.co\/colombia\/noticias\/fiscalia-impacta-estructuralmente-a-entramado-ilegal-involucrado-en-el-apoderamiento-transporte-y-comercializacion-de-hidrocarburos\/\",\"url\":\"https:\/\/www.fiscalia.gov.co\/colombia\/noticias\/fiscalia-impacta-estructuralmente-a-entramado-ilegal-involucrado-en-el-apoderamiento-transporte-y-comercializacion-de-hidrocarburos\/\",\"name\":\"Fiscal\u00eda General de la Naci\u00f3n\",\"isPartOf\":{\"@id\":\"https:\/\/www.fiscalia.gov.co\/colombia\/#website\"},\"datePublished\":\"2023-06-19T12:42:17+00:00\",\"dateModified\":\"2023-06-27T19:35:23+00:00\",\"description\":\"P\u00e1gina oficial de la Fiscal\u00eda General de la Naci\u00f3n \u2013 Colombia. Garantizamos el acceso efectivo a la justicia, la verdad y la reparaci\u00f3n de las v\u00edctimas de los delitos.\",\"breadcrumb\":{\"@id\":\"https:\/\/www.fiscalia.gov.co\/colombia\/noticias\/fiscalia-impacta-estructuralmente-a-entramado-ilegal-involucrado-en-el-apoderamiento-transporte-y-comercializacion-de-hidrocarburos\/#breadcrumb\"},\"inLanguage\":\"es-CO\",\"potentialAction\":[{\"@type\":\"ReadAction\",\"target\":[\"https:\/\/www.fiscalia.gov.co\/colombia\/noticias\/fiscalia-impacta-estructuralmente-a-entramado-ilegal-involucrado-en-el-apoderamiento-transporte-y-comercializacion-de-hidrocarburos\/\"]}]},{\"@type\":\"BreadcrumbList\",\"@id\":\"https:\/\/www.fiscalia.gov.co\/colombia\/noticias\/fiscalia-impacta-estructuralmente-a-entramado-ilegal-involucrado-en-el-apoderamiento-transporte-y-comercializacion-de-hidrocarburos\/#breadcrumb\",\"itemListElement\":[{\"@type\":\"ListItem\",\"position\":1,\"name\":\"Home\",\"item\":\"https:\/\/www.fiscalia.gov.co\/colombia\/\"},{\"@type\":\"ListItem\",\"position\":2,\"name\":\"Fiscal\u00eda impacta estructuralmente a entramado ilegal involucrado en el apoderamiento, transporte y comercializaci\u00f3n de hidrocarburos\"}]},{\"@type\":\"WebSite\",\"@id\":\"https:\/\/www.fiscalia.gov.co\/colombia\/#website\",\"url\":\"https:\/\/www.fiscalia.gov.co\/colombia\/\",\"name\":\"Fiscal\u00eda General de la Naci\u00f3n\",\"description\":\"P\u00e1gina oficial de la Fiscal\u00eda General de la Naci\u00f3n \u2013 Colombia. Garantizamos el acceso efectivo a la justicia, la verdad y la reparaci\u00f3n de las v\u00edctimas de los delitos.\",\"publisher\":{\"@id\":\"https:\/\/www.fiscalia.gov.co\/colombia\/#organization\"},\"potentialAction\":[{\"@type\":\"SearchAction\",\"target\":{\"@type\":\"EntryPoint\",\"urlTemplate\":\"https:\/\/www.fiscalia.gov.co\/colombia\/?s={search_term_string}\"},\"query-input\":{\"@type\":\"PropertyValueSpecification\",\"valueRequired\":true,\"valueName\":\"search_term_string\"}}],\"inLanguage\":\"es-CO\"},{\"@type\":\"Organization\",\"@id\":\"https:\/\/www.fiscalia.gov.co\/colombia\/#organization\",\"name\":\"Fiscal\u00eda General de la Naci\u00f3n\",\"url\":\"https:\/\/www.fiscalia.gov.co\/colombia\/\",\"logo\":{\"@type\":\"ImageObject\",\"inLanguage\":\"es-CO\",\"@id\":\"https:\/\/www.fiscalia.gov.co\/colombia\/#\/schema\/logo\/image\/\",\"url\":\"https:\/\/www.fiscalia.gov.co\/colombia\/wp-content\/uploads\/LogoHorizontal_1.jpg\",\"contentUrl\":\"https:\/\/www.fiscalia.gov.co\/colombia\/wp-content\/uploads\/LogoHorizontal_1.jpg\",\"width\":300,\"height\":90,\"caption\":\"Fiscal\u00eda General de la Naci\u00f3n\"},\"image\":{\"@id\":\"https:\/\/www.fiscalia.gov.co\/colombia\/#\/schema\/logo\/image\/\"},\"sameAs\":[\"https:\/\/www.facebook.com\/FiscaliaCol\",\"https:\/\/x.com\/FiscaliaCol\",\"https:\/\/www.instagram.com\/fiscaliacol\",\"https:\/\/www.linkedin.com\/company\/fiscalia-general-de-la-naci-n\/\",\"https:\/\/youtube.com\/@fiscaliageneraldelanacion-4668?si=6nN79nyQICPU5iTh\"]},{\"@type\":\"Person\",\"@id\":\"https:\/\/www.fiscalia.gov.co\/colombia\/#\/schema\/person\/bf84402cf293a5393e9c70b111020b24\",\"name\":\"Jordan Leandro Oviedo Anzola\",\"image\":{\"@type\":\"ImageObject\",\"inLanguage\":\"es-CO\",\"@id\":\"https:\/\/www.fiscalia.gov.co\/colombia\/#\/schema\/person\/image\/\",\"url\":\"https:\/\/secure.gravatar.com\/avatar\/dabba4346fa9b9207d96adafa8f92721?s=96&d=mm&r=g\",\"contentUrl\":\"https:\/\/secure.gravatar.com\/avatar\/dabba4346fa9b9207d96adafa8f92721?s=96&d=mm&r=g\",\"caption\":\"Jordan Leandro Oviedo Anzola\"},\"url\":\"https:\/\/www.fiscalia.gov.co\/colombia\/author\/joviedo\/\"}]}<\/script>\n<!-- \/ Yoast SEO plugin. -->","yoast_head_json":{"title":"Fiscal\u00eda General de la Naci\u00f3n","description":"P\u00e1gina oficial de la Fiscal\u00eda General de la Naci\u00f3n \u2013 Colombia. Garantizamos el acceso efectivo a la justicia, la verdad y la reparaci\u00f3n de las v\u00edctimas de los delitos.","robots":{"index":"noindex","follow":"follow"},"og_locale":"es_ES","og_type":"article","og_title":"Fiscal\u00eda General de la Naci\u00f3n","og_description":"P\u00e1gina oficial de la Fiscal\u00eda General de la Naci\u00f3n \u2013 Colombia. Garantizamos el acceso efectivo a la justicia, la verdad y la reparaci\u00f3n de las v\u00edctimas de los delitos.","og_url":"https:\/\/www.fiscalia.gov.co\/colombia\/noticias\/fiscalia-impacta-estructuralmente-a-entramado-ilegal-involucrado-en-el-apoderamiento-transporte-y-comercializacion-de-hidrocarburos\/","og_site_name":"Fiscal\u00eda General de la Naci\u00f3n","article_publisher":"https:\/\/www.facebook.com\/FiscaliaCol","article_published_time":"2023-06-19T12:42:17+00:00","article_modified_time":"2023-06-27T19:35:23+00:00","author":"Jordan Leandro Oviedo Anzola","twitter_card":"summary_large_image","twitter_creator":"@FiscaliaCol","twitter_site":"@FiscaliaCol","twitter_misc":{"Escrito por":"Jordan Leandro Oviedo Anzola","Tiempo de lectura":"6 minutos"},"schema":{"@context":"https:\/\/schema.org","@graph":[{"@type":"Article","@id":"https:\/\/www.fiscalia.gov.co\/colombia\/noticias\/fiscalia-impacta-estructuralmente-a-entramado-ilegal-involucrado-en-el-apoderamiento-transporte-y-comercializacion-de-hidrocarburos\/#article","isPartOf":{"@id":"https:\/\/www.fiscalia.gov.co\/colombia\/noticias\/fiscalia-impacta-estructuralmente-a-entramado-ilegal-involucrado-en-el-apoderamiento-transporte-y-comercializacion-de-hidrocarburos\/"},"author":{"name":"Jordan Leandro Oviedo Anzola","@id":"https:\/\/www.fiscalia.gov.co\/colombia\/#\/schema\/person\/bf84402cf293a5393e9c70b111020b24"},"headline":"Fiscal\u00eda impacta estructuralmente a entramado ilegal involucrado en el apoderamiento, transporte y comercializaci\u00f3n de hidrocarburos","datePublished":"2023-06-19T12:42:17+00:00","dateModified":"2023-06-27T19:35:23+00:00","mainEntityOfPage":{"@id":"https:\/\/www.fiscalia.gov.co\/colombia\/noticias\/fiscalia-impacta-estructuralmente-a-entramado-ilegal-involucrado-en-el-apoderamiento-transporte-y-comercializacion-de-hidrocarburos\/"},"wordCount":1149,"publisher":{"@id":"https:\/\/www.fiscalia.gov.co\/colombia\/#organization"},"keywords":["Extinci\u00f3n de dominio","Fiscal Barbosa","Fiscal\u00eda General de la Naci\u00f3n","Narcotr\u00e1fico"],"articleSection":["Extinci\u00f3n de dominio","Narcotr\u00e1fico","Noticias"],"inLanguage":"es-CO"},{"@type":"WebPage","@id":"https:\/\/www.fiscalia.gov.co\/colombia\/noticias\/fiscalia-impacta-estructuralmente-a-entramado-ilegal-involucrado-en-el-apoderamiento-transporte-y-comercializacion-de-hidrocarburos\/","url":"https:\/\/www.fiscalia.gov.co\/colombia\/noticias\/fiscalia-impacta-estructuralmente-a-entramado-ilegal-involucrado-en-el-apoderamiento-transporte-y-comercializacion-de-hidrocarburos\/","name":"Fiscal\u00eda General de la Naci\u00f3n","isPartOf":{"@id":"https:\/\/www.fiscalia.gov.co\/colombia\/#website"},"datePublished":"2023-06-19T12:42:17+00:00","dateModified":"2023-06-27T19:35:23+00:00","description":"P\u00e1gina oficial de la Fiscal\u00eda General de la Naci\u00f3n \u2013 Colombia. Garantizamos el acceso efectivo a la justicia, la verdad y la reparaci\u00f3n de las v\u00edctimas de los delitos.","breadcrumb":{"@id":"https:\/\/www.fiscalia.gov.co\/colombia\/noticias\/fiscalia-impacta-estructuralmente-a-entramado-ilegal-involucrado-en-el-apoderamiento-transporte-y-comercializacion-de-hidrocarburos\/#breadcrumb"},"inLanguage":"es-CO","potentialAction":[{"@type":"ReadAction","target":["https:\/\/www.fiscalia.gov.co\/colombia\/noticias\/fiscalia-impacta-estructuralmente-a-entramado-ilegal-involucrado-en-el-apoderamiento-transporte-y-comercializacion-de-hidrocarburos\/"]}]},{"@type":"BreadcrumbList","@id":"https:\/\/www.fiscalia.gov.co\/colombia\/noticias\/fiscalia-impacta-estructuralmente-a-entramado-ilegal-involucrado-en-el-apoderamiento-transporte-y-comercializacion-de-hidrocarburos\/#breadcrumb","itemListElement":[{"@type":"ListItem","position":1,"name":"Home","item":"https:\/\/www.fiscalia.gov.co\/colombia\/"},{"@type":"ListItem","position":2,"name":"Fiscal\u00eda impacta estructuralmente a entramado ilegal involucrado en el apoderamiento, transporte y comercializaci\u00f3n de hidrocarburos"}]},{"@type":"WebSite","@id":"https:\/\/www.fiscalia.gov.co\/colombia\/#website","url":"https:\/\/www.fiscalia.gov.co\/colombia\/","name":"Fiscal\u00eda General de la Naci\u00f3n","description":"P\u00e1gina oficial de la Fiscal\u00eda General de la Naci\u00f3n \u2013 Colombia. Garantizamos el acceso efectivo a la justicia, la verdad y la reparaci\u00f3n de las v\u00edctimas de los delitos.","publisher":{"@id":"https:\/\/www.fiscalia.gov.co\/colombia\/#organization"},"potentialAction":[{"@type":"SearchAction","target":{"@type":"EntryPoint","urlTemplate":"https:\/\/www.fiscalia.gov.co\/colombia\/?s={search_term_string}"},"query-input":{"@type":"PropertyValueSpecification","valueRequired":true,"valueName":"search_term_string"}}],"inLanguage":"es-CO"},{"@type":"Organization","@id":"https:\/\/www.fiscalia.gov.co\/colombia\/#organization","name":"Fiscal\u00eda General de la Naci\u00f3n","url":"https:\/\/www.fiscalia.gov.co\/colombia\/","logo":{"@type":"ImageObject","inLanguage":"es-CO","@id":"https:\/\/www.fiscalia.gov.co\/colombia\/#\/schema\/logo\/image\/","url":"https:\/\/www.fiscalia.gov.co\/colombia\/wp-content\/uploads\/LogoHorizontal_1.jpg","contentUrl":"https:\/\/www.fiscalia.gov.co\/colombia\/wp-content\/uploads\/LogoHorizontal_1.jpg","width":300,"height":90,"caption":"Fiscal\u00eda General de la Naci\u00f3n"},"image":{"@id":"https:\/\/www.fiscalia.gov.co\/colombia\/#\/schema\/logo\/image\/"},"sameAs":["https:\/\/www.facebook.com\/FiscaliaCol","https:\/\/x.com\/FiscaliaCol","https:\/\/www.instagram.com\/fiscaliacol","https:\/\/www.linkedin.com\/company\/fiscalia-general-de-la-naci-n\/","https:\/\/youtube.com\/@fiscaliageneraldelanacion-4668?si=6nN79nyQICPU5iTh"]},{"@type":"Person","@id":"https:\/\/www.fiscalia.gov.co\/colombia\/#\/schema\/person\/bf84402cf293a5393e9c70b111020b24","name":"Jordan Leandro Oviedo Anzola","image":{"@type":"ImageObject","inLanguage":"es-CO","@id":"https:\/\/www.fiscalia.gov.co\/colombia\/#\/schema\/person\/image\/","url":"https:\/\/secure.gravatar.com\/avatar\/dabba4346fa9b9207d96adafa8f92721?s=96&d=mm&r=g","contentUrl":"https:\/\/secure.gravatar.com\/avatar\/dabba4346fa9b9207d96adafa8f92721?s=96&d=mm&r=g","caption":"Jordan Leandro Oviedo Anzola"},"url":"https:\/\/www.fiscalia.gov.co\/colombia\/author\/joviedo\/"}]}},"_links":{"self":[{"href":"https:\/\/www.fiscalia.gov.co\/colombia\/wp-json\/wp\/v2\/posts\/273554","targetHints":{"allow":["GET"]}}],"collection":[{"href":"https:\/\/www.fiscalia.gov.co\/colombia\/wp-json\/wp\/v2\/posts"}],"about":[{"href":"https:\/\/www.fiscalia.gov.co\/colombia\/wp-json\/wp\/v2\/types\/post"}],"author":[{"embeddable":true,"href":"https:\/\/www.fiscalia.gov.co\/colombia\/wp-json\/wp\/v2\/users\/177"}],"replies":[{"embeddable":true,"href":"https:\/\/www.fiscalia.gov.co\/colombia\/wp-json\/wp\/v2\/comments?post=273554"}],"version-history":[{"count":1,"href":"https:\/\/www.fiscalia.gov.co\/colombia\/wp-json\/wp\/v2\/posts\/273554\/revisions"}],"predecessor-version":[{"id":273555,"href":"https:\/\/www.fiscalia.gov.co\/colombia\/wp-json\/wp\/v2\/posts\/273554\/revisions\/273555"}],"wp:attachment":[{"href":"https:\/\/www.fiscalia.gov.co\/colombia\/wp-json\/wp\/v2\/media?parent=273554"}],"wp:term":[{"taxonomy":"category","embeddable":true,"href":"https:\/\/www.fiscalia.gov.co\/colombia\/wp-json\/wp\/v2\/categories?post=273554"},{"taxonomy":"post_tag","embeddable":true,"href":"https:\/\/www.fiscalia.gov.co\/colombia\/wp-json\/wp\/v2\/tags?post=273554"}],"curies":[{"name":"wp","href":"https:\/\/api.w.org\/{rel}","templated":true}]}}