{"id":273532,"date":"2023-06-17T09:25:24","date_gmt":"2023-06-17T14:25:24","guid":{"rendered":"https:\/\/www.fiscalia.gov.co\/colombia\/?p=273532"},"modified":"2023-06-17T09:25:24","modified_gmt":"2023-06-17T14:25:24","slug":"fiscalia-obtiene-condena-contra-dos-exjefes-paramilitares-por-el-asesinato-de-nueve-personas-y-el-desplazamiento-de-5-600-pobladores-durante-un-violenta-incursion-a-peque-antioquia","status":"publish","type":"post","link":"https:\/\/www.fiscalia.gov.co\/colombia\/noticias\/fiscalia-obtiene-condena-contra-dos-exjefes-paramilitares-por-el-asesinato-de-nueve-personas-y-el-desplazamiento-de-5-600-pobladores-durante-un-violenta-incursion-a-peque-antioquia\/","title":{"rendered":"Fiscal\u00eda obtiene condena contra dos exjefes paramilitares por el asesinato de nueve personas y el desplazamiento de 5.600 pobladores durante un violenta incursi\u00f3n a Peque (Antioquia)"},"content":{"rendered":"<h4><strong><em>Ante la contundencia de las pruebas, \u2018Ren\u00e9\u2019 y \u2018Carepollo\u2019, cabecillas de estructuras de las extintas AUC que ten\u00edan injerencia en Antioquia, aceptaron su responsabilidad en los hechos.<\/em><\/strong><\/h4>\n<p>La Fiscal\u00eda General de la Naci\u00f3n obtuvo condena contra Aldides de Jes\u00fas Durango, alias Ren\u00e9; y F\u00e9lix Alberto Villa Valderrama, alias Carepollo, por su participaci\u00f3n en una incursi\u00f3n paramilitar a Peque (Antioquia) que dej\u00f3 nueve personas muertas y 5.600 desplazados, entre el 1 y 6 de julio de 2001.<\/p>\n<p>Las pruebas dan cuenta de que varias estructuras armadas de las extintas Autodefensas Unidas de Colombia (AUC) ingresaron de manera violenta a la poblaci\u00f3n, saquearon viviendas, impidieron la libre movilidad de los habitantes y, finalmente, los obligaron a abandonar sus tierras y huir masivamente a Medell\u00edn y distintos municipios de Antioquia.<\/p>\n<p>En el recorrido criminal por las veredas y el casco urbano de Peque fueron asesinados con armas de fuego, machetes y objetos cortopunzantes dos menores de edad, entre ellos un adolescente que se desempe\u00f1aba como presidente de una Junta de Acci\u00f3n Comunal; y personas que intentaban escapar o eran se\u00f1aladas de auxiliar otras organizaciones ilegales de la regi\u00f3n.<\/p>\n<p>Un fiscal de la Direcci\u00f3n Especializada contra las Violaciones a los Derechos Humanos estableci\u00f3 \u2018Ren\u00e9\u2019, como uno de los cabecillas del Bloque Suroeste de las AUC, envi\u00f3 a la zona m\u00e1s de 30 hombres armados para que apoyaran la toma; mientras que \u2018Carepollo\u2019, en su condici\u00f3n de segundo jefe del Bloque Noroccidente, acompa\u00f1\u00f3 activamente la incursi\u00f3n en el terreno.<\/p>\n<p>Aldides de Jes\u00fas Durango y F\u00e9lix Alberto Villa Valderrama aceptaron su responsabilidad en los hechos y se sometieron a sentencia anticipada, en atenci\u00f3n a los par\u00e1metros establecidos en la Ley 600 de 2000 (anterior Sistema Penal). En ese sentido, un juez penal de conocimiento los conden\u00f3 a 16 a\u00f1os y 10 meses de prisi\u00f3n por los delitos de homicidio en persona protegida; y desplazamiento forzado de poblaci\u00f3n civil.<\/p>\n<p>Adicionalmente, los dos sentenciados deber\u00e1n cumplir multas de 1.540 salarios m\u00ednimos legales mensuales vigentes y pagar en beneficio de los familiares de las v\u00edctimas, por concepto de perjuicio morales, sumas equivalentes a 300 salarios m\u00ednimos legales mensuales vigentes.<\/p>\n<p>\u2018Ren\u00e9\u2019 y \u2018Carepollo\u2019 seguir\u00e1n privados de la libertad en los centros carcelarios en los que permanecen por cuenta de otras condenas relacionadas con diferentes delitos cometidos mientras pertenecieron a las extintas AUC.<\/p>\n<p><strong>La Fiscal\u00eda habla con resultados.<\/strong><\/p>\n<p>&nbsp;<\/p>\n<p>&nbsp;<\/p>\n<p>&nbsp;<\/p>\n<p>&nbsp;<\/p>\n<p>&nbsp;<\/p>\n<p>JARG\/HATP\/DECVDH\/MCRC<\/p>\n<p>&nbsp;<\/p>\n<p>&nbsp;<\/p>\n<p>&nbsp;<\/p>\n<p>&nbsp;<\/p>\n<p>&nbsp;<\/p>\n<div class=\"td-post-content tagdiv-type\">\n<p><i>La informaci\u00f3n contenida en este bolet\u00edn de prensa corresponde a la narraci\u00f3n de los hechos noticiosos objetivos, suministrados por los funcionarios encargados de adelantar las investigaciones penales al interior de la Fiscal\u00eda General de la Naci\u00f3n. Para el momento de la divulgaci\u00f3n de este comunicado, la situaci\u00f3n jur\u00eddica de la(s) persona(s) relacionada(s) se encuentra pendiente de resolver por la autoridad judicial competente, siempre bajo los preceptos de la presunci\u00f3n de inocencia, consagrados en el art\u00edculo 29 de la Constituci\u00f3n Pol\u00edtica y el art\u00edculo 7\u00ba de la Ley 906 de 2004.<\/i><\/p>\n<\/div>\n<p>&nbsp;<\/p>\n\n<div class=\"twitter-share\"><a href=\"https:\/\/twitter.com\/intent\/tweet?via=fiscaliacol\" class=\"twitter-share-button\">Tweet<\/a><\/div>\n","protected":false},"excerpt":{"rendered":"<p>Ante la contundencia de las pruebas, \u2018Ren\u00e9\u2019 y \u2018Carepollo\u2019, cabecillas de estructuras de las extintas AUC que ten\u00edan injerencia en Antioquia, aceptaron su responsabilidad en los hechos. La Fiscal\u00eda General de la Naci\u00f3n obtuvo condena contra Aldides de Jes\u00fas Durango, alias Ren\u00e9; y F\u00e9lix Alberto Villa Valderrama, alias Carepollo, por su participaci\u00f3n en una incursi\u00f3n [&hellip;]<\/p>\n","protected":false},"author":177,"featured_media":0,"comment_status":"closed","ping_status":"open","sticky":false,"template":"","format":"standard","meta":{"tdm_status":"","tdm_grid_status":"","footnotes":""},"categories":[24102,1],"tags":[10645,1050,1426,24185,1047,409],"class_list":{"0":"post-273532","1":"post","2":"type-post","3":"status-publish","4":"format-standard","6":"category-derechos-humanos","7":"category-noticias","8":"tag-antioquia","9":"tag-derechoa-humanos","10":"tag-desplazamiento","11":"tag-fiscal-barbosa","12":"tag-fiscalia-general-de-la-nacion","13":"tag-homicidio"},"yoast_head":"<!-- This site is optimized with the Yoast SEO plugin v24.3 - https:\/\/yoast.com\/wordpress\/plugins\/seo\/ -->\n<title>Fiscal\u00eda General de la Naci\u00f3n<\/title>\n<meta name=\"description\" content=\"P\u00e1gina oficial de la Fiscal\u00eda General de la Naci\u00f3n \u2013 Colombia. Garantizamos el acceso efectivo a la justicia, la verdad y la reparaci\u00f3n de las v\u00edctimas de los delitos.\" \/>\n<meta name=\"robots\" content=\"noindex, follow\" \/>\n<meta property=\"og:locale\" content=\"es_ES\" \/>\n<meta property=\"og:type\" content=\"article\" \/>\n<meta property=\"og:title\" content=\"Fiscal\u00eda General de la Naci\u00f3n\" \/>\n<meta property=\"og:description\" content=\"P\u00e1gina oficial de la Fiscal\u00eda General de la Naci\u00f3n \u2013 Colombia. Garantizamos el acceso efectivo a la justicia, la verdad y la reparaci\u00f3n de las v\u00edctimas de los delitos.\" \/>\n<meta property=\"og:url\" content=\"https:\/\/www.fiscalia.gov.co\/colombia\/noticias\/fiscalia-obtiene-condena-contra-dos-exjefes-paramilitares-por-el-asesinato-de-nueve-personas-y-el-desplazamiento-de-5-600-pobladores-durante-un-violenta-incursion-a-peque-antioquia\/\" \/>\n<meta property=\"og:site_name\" content=\"Fiscal\u00eda General de la Naci\u00f3n\" \/>\n<meta property=\"article:publisher\" content=\"https:\/\/www.facebook.com\/FiscaliaCol\" \/>\n<meta property=\"article:published_time\" content=\"2023-06-17T14:25:24+00:00\" \/>\n<meta name=\"author\" content=\"Jordan Leandro Oviedo Anzola\" \/>\n<meta name=\"twitter:card\" content=\"summary_large_image\" \/>\n<meta name=\"twitter:creator\" content=\"@FiscaliaCol\" \/>\n<meta name=\"twitter:site\" content=\"@FiscaliaCol\" \/>\n<meta name=\"twitter:label1\" content=\"Escrito por\" \/>\n\t<meta name=\"twitter:data1\" content=\"Jordan Leandro Oviedo Anzola\" \/>\n\t<meta name=\"twitter:label2\" content=\"Tiempo de lectura\" \/>\n\t<meta name=\"twitter:data2\" content=\"3 minutos\" \/>\n<script type=\"application\/ld+json\" class=\"yoast-schema-graph\">{\"@context\":\"https:\/\/schema.org\",\"@graph\":[{\"@type\":\"Article\",\"@id\":\"https:\/\/www.fiscalia.gov.co\/colombia\/noticias\/fiscalia-obtiene-condena-contra-dos-exjefes-paramilitares-por-el-asesinato-de-nueve-personas-y-el-desplazamiento-de-5-600-pobladores-durante-un-violenta-incursion-a-peque-antioquia\/#article\",\"isPartOf\":{\"@id\":\"https:\/\/www.fiscalia.gov.co\/colombia\/noticias\/fiscalia-obtiene-condena-contra-dos-exjefes-paramilitares-por-el-asesinato-de-nueve-personas-y-el-desplazamiento-de-5-600-pobladores-durante-un-violenta-incursion-a-peque-antioquia\/\"},\"author\":{\"name\":\"Jordan Leandro Oviedo Anzola\",\"@id\":\"https:\/\/www.fiscalia.gov.co\/colombia\/#\/schema\/person\/bf84402cf293a5393e9c70b111020b24\"},\"headline\":\"Fiscal\u00eda obtiene condena contra dos exjefes paramilitares por el asesinato de nueve personas y el desplazamiento de 5.600 pobladores durante un violenta incursi\u00f3n a Peque (Antioquia)\",\"datePublished\":\"2023-06-17T14:25:24+00:00\",\"dateModified\":\"2023-06-17T14:25:24+00:00\",\"mainEntityOfPage\":{\"@id\":\"https:\/\/www.fiscalia.gov.co\/colombia\/noticias\/fiscalia-obtiene-condena-contra-dos-exjefes-paramilitares-por-el-asesinato-de-nueve-personas-y-el-desplazamiento-de-5-600-pobladores-durante-un-violenta-incursion-a-peque-antioquia\/\"},\"wordCount\":550,\"publisher\":{\"@id\":\"https:\/\/www.fiscalia.gov.co\/colombia\/#organization\"},\"keywords\":[\"Antioquia\",\"Derechos Humanos\",\"Desplazamiento\",\"Fiscal Barbosa\",\"Fiscal\u00eda General de la Naci\u00f3n\",\"Homicidio\"],\"articleSection\":[\"Derechos Humanos\",\"Noticias\"],\"inLanguage\":\"es-CO\"},{\"@type\":\"WebPage\",\"@id\":\"https:\/\/www.fiscalia.gov.co\/colombia\/noticias\/fiscalia-obtiene-condena-contra-dos-exjefes-paramilitares-por-el-asesinato-de-nueve-personas-y-el-desplazamiento-de-5-600-pobladores-durante-un-violenta-incursion-a-peque-antioquia\/\",\"url\":\"https:\/\/www.fiscalia.gov.co\/colombia\/noticias\/fiscalia-obtiene-condena-contra-dos-exjefes-paramilitares-por-el-asesinato-de-nueve-personas-y-el-desplazamiento-de-5-600-pobladores-durante-un-violenta-incursion-a-peque-antioquia\/\",\"name\":\"Fiscal\u00eda General de la Naci\u00f3n\",\"isPartOf\":{\"@id\":\"https:\/\/www.fiscalia.gov.co\/colombia\/#website\"},\"datePublished\":\"2023-06-17T14:25:24+00:00\",\"dateModified\":\"2023-06-17T14:25:24+00:00\",\"description\":\"P\u00e1gina oficial de la Fiscal\u00eda General de la Naci\u00f3n \u2013 Colombia. Garantizamos el acceso efectivo a la justicia, la verdad y la reparaci\u00f3n de las v\u00edctimas de los delitos.\",\"breadcrumb\":{\"@id\":\"https:\/\/www.fiscalia.gov.co\/colombia\/noticias\/fiscalia-obtiene-condena-contra-dos-exjefes-paramilitares-por-el-asesinato-de-nueve-personas-y-el-desplazamiento-de-5-600-pobladores-durante-un-violenta-incursion-a-peque-antioquia\/#breadcrumb\"},\"inLanguage\":\"es-CO\",\"potentialAction\":[{\"@type\":\"ReadAction\",\"target\":[\"https:\/\/www.fiscalia.gov.co\/colombia\/noticias\/fiscalia-obtiene-condena-contra-dos-exjefes-paramilitares-por-el-asesinato-de-nueve-personas-y-el-desplazamiento-de-5-600-pobladores-durante-un-violenta-incursion-a-peque-antioquia\/\"]}]},{\"@type\":\"BreadcrumbList\",\"@id\":\"https:\/\/www.fiscalia.gov.co\/colombia\/noticias\/fiscalia-obtiene-condena-contra-dos-exjefes-paramilitares-por-el-asesinato-de-nueve-personas-y-el-desplazamiento-de-5-600-pobladores-durante-un-violenta-incursion-a-peque-antioquia\/#breadcrumb\",\"itemListElement\":[{\"@type\":\"ListItem\",\"position\":1,\"name\":\"Home\",\"item\":\"https:\/\/www.fiscalia.gov.co\/colombia\/\"},{\"@type\":\"ListItem\",\"position\":2,\"name\":\"Fiscal\u00eda obtiene condena contra dos exjefes paramilitares por el asesinato de nueve personas y el desplazamiento de 5.600 pobladores durante un violenta incursi\u00f3n a Peque (Antioquia)\"}]},{\"@type\":\"WebSite\",\"@id\":\"https:\/\/www.fiscalia.gov.co\/colombia\/#website\",\"url\":\"https:\/\/www.fiscalia.gov.co\/colombia\/\",\"name\":\"Fiscal\u00eda General de la Naci\u00f3n\",\"description\":\"P\u00e1gina oficial de la Fiscal\u00eda General de la Naci\u00f3n \u2013 Colombia. Garantizamos el acceso efectivo a la justicia, la verdad y la reparaci\u00f3n de las v\u00edctimas de los delitos.\",\"publisher\":{\"@id\":\"https:\/\/www.fiscalia.gov.co\/colombia\/#organization\"},\"potentialAction\":[{\"@type\":\"SearchAction\",\"target\":{\"@type\":\"EntryPoint\",\"urlTemplate\":\"https:\/\/www.fiscalia.gov.co\/colombia\/?s={search_term_string}\"},\"query-input\":{\"@type\":\"PropertyValueSpecification\",\"valueRequired\":true,\"valueName\":\"search_term_string\"}}],\"inLanguage\":\"es-CO\"},{\"@type\":\"Organization\",\"@id\":\"https:\/\/www.fiscalia.gov.co\/colombia\/#organization\",\"name\":\"Fiscal\u00eda General de la Naci\u00f3n\",\"url\":\"https:\/\/www.fiscalia.gov.co\/colombia\/\",\"logo\":{\"@type\":\"ImageObject\",\"inLanguage\":\"es-CO\",\"@id\":\"https:\/\/www.fiscalia.gov.co\/colombia\/#\/schema\/logo\/image\/\",\"url\":\"https:\/\/www.fiscalia.gov.co\/colombia\/wp-content\/uploads\/LogoHorizontal_1.jpg\",\"contentUrl\":\"https:\/\/www.fiscalia.gov.co\/colombia\/wp-content\/uploads\/LogoHorizontal_1.jpg\",\"width\":300,\"height\":90,\"caption\":\"Fiscal\u00eda General de la Naci\u00f3n\"},\"image\":{\"@id\":\"https:\/\/www.fiscalia.gov.co\/colombia\/#\/schema\/logo\/image\/\"},\"sameAs\":[\"https:\/\/www.facebook.com\/FiscaliaCol\",\"https:\/\/x.com\/FiscaliaCol\",\"https:\/\/www.instagram.com\/fiscaliacol\",\"https:\/\/www.linkedin.com\/company\/fiscalia-general-de-la-naci-n\/\",\"https:\/\/youtube.com\/@fiscaliageneraldelanacion-4668?si=6nN79nyQICPU5iTh\"]},{\"@type\":\"Person\",\"@id\":\"https:\/\/www.fiscalia.gov.co\/colombia\/#\/schema\/person\/bf84402cf293a5393e9c70b111020b24\",\"name\":\"Jordan Leandro Oviedo Anzola\",\"image\":{\"@type\":\"ImageObject\",\"inLanguage\":\"es-CO\",\"@id\":\"https:\/\/www.fiscalia.gov.co\/colombia\/#\/schema\/person\/image\/\",\"url\":\"https:\/\/secure.gravatar.com\/avatar\/dabba4346fa9b9207d96adafa8f92721?s=96&d=mm&r=g\",\"contentUrl\":\"https:\/\/secure.gravatar.com\/avatar\/dabba4346fa9b9207d96adafa8f92721?s=96&d=mm&r=g\",\"caption\":\"Jordan Leandro Oviedo Anzola\"},\"url\":\"https:\/\/www.fiscalia.gov.co\/colombia\/author\/joviedo\/\"}]}<\/script>\n<!-- \/ Yoast SEO plugin. -->","yoast_head_json":{"title":"Fiscal\u00eda General de la Naci\u00f3n","description":"P\u00e1gina oficial de la Fiscal\u00eda General de la Naci\u00f3n \u2013 Colombia. Garantizamos el acceso efectivo a la justicia, la verdad y la reparaci\u00f3n de las v\u00edctimas de los delitos.","robots":{"index":"noindex","follow":"follow"},"og_locale":"es_ES","og_type":"article","og_title":"Fiscal\u00eda General de la Naci\u00f3n","og_description":"P\u00e1gina oficial de la Fiscal\u00eda General de la Naci\u00f3n \u2013 Colombia. Garantizamos el acceso efectivo a la justicia, la verdad y la reparaci\u00f3n de las v\u00edctimas de los delitos.","og_url":"https:\/\/www.fiscalia.gov.co\/colombia\/noticias\/fiscalia-obtiene-condena-contra-dos-exjefes-paramilitares-por-el-asesinato-de-nueve-personas-y-el-desplazamiento-de-5-600-pobladores-durante-un-violenta-incursion-a-peque-antioquia\/","og_site_name":"Fiscal\u00eda General de la Naci\u00f3n","article_publisher":"https:\/\/www.facebook.com\/FiscaliaCol","article_published_time":"2023-06-17T14:25:24+00:00","author":"Jordan Leandro Oviedo Anzola","twitter_card":"summary_large_image","twitter_creator":"@FiscaliaCol","twitter_site":"@FiscaliaCol","twitter_misc":{"Escrito por":"Jordan Leandro Oviedo Anzola","Tiempo de lectura":"3 minutos"},"schema":{"@context":"https:\/\/schema.org","@graph":[{"@type":"Article","@id":"https:\/\/www.fiscalia.gov.co\/colombia\/noticias\/fiscalia-obtiene-condena-contra-dos-exjefes-paramilitares-por-el-asesinato-de-nueve-personas-y-el-desplazamiento-de-5-600-pobladores-durante-un-violenta-incursion-a-peque-antioquia\/#article","isPartOf":{"@id":"https:\/\/www.fiscalia.gov.co\/colombia\/noticias\/fiscalia-obtiene-condena-contra-dos-exjefes-paramilitares-por-el-asesinato-de-nueve-personas-y-el-desplazamiento-de-5-600-pobladores-durante-un-violenta-incursion-a-peque-antioquia\/"},"author":{"name":"Jordan Leandro Oviedo Anzola","@id":"https:\/\/www.fiscalia.gov.co\/colombia\/#\/schema\/person\/bf84402cf293a5393e9c70b111020b24"},"headline":"Fiscal\u00eda obtiene condena contra dos exjefes paramilitares por el asesinato de nueve personas y el desplazamiento de 5.600 pobladores durante un violenta incursi\u00f3n a Peque (Antioquia)","datePublished":"2023-06-17T14:25:24+00:00","dateModified":"2023-06-17T14:25:24+00:00","mainEntityOfPage":{"@id":"https:\/\/www.fiscalia.gov.co\/colombia\/noticias\/fiscalia-obtiene-condena-contra-dos-exjefes-paramilitares-por-el-asesinato-de-nueve-personas-y-el-desplazamiento-de-5-600-pobladores-durante-un-violenta-incursion-a-peque-antioquia\/"},"wordCount":550,"publisher":{"@id":"https:\/\/www.fiscalia.gov.co\/colombia\/#organization"},"keywords":["Antioquia","Derechos Humanos","Desplazamiento","Fiscal Barbosa","Fiscal\u00eda General de la Naci\u00f3n","Homicidio"],"articleSection":["Derechos Humanos","Noticias"],"inLanguage":"es-CO"},{"@type":"WebPage","@id":"https:\/\/www.fiscalia.gov.co\/colombia\/noticias\/fiscalia-obtiene-condena-contra-dos-exjefes-paramilitares-por-el-asesinato-de-nueve-personas-y-el-desplazamiento-de-5-600-pobladores-durante-un-violenta-incursion-a-peque-antioquia\/","url":"https:\/\/www.fiscalia.gov.co\/colombia\/noticias\/fiscalia-obtiene-condena-contra-dos-exjefes-paramilitares-por-el-asesinato-de-nueve-personas-y-el-desplazamiento-de-5-600-pobladores-durante-un-violenta-incursion-a-peque-antioquia\/","name":"Fiscal\u00eda General de la Naci\u00f3n","isPartOf":{"@id":"https:\/\/www.fiscalia.gov.co\/colombia\/#website"},"datePublished":"2023-06-17T14:25:24+00:00","dateModified":"2023-06-17T14:25:24+00:00","description":"P\u00e1gina oficial de la Fiscal\u00eda General de la Naci\u00f3n \u2013 Colombia. Garantizamos el acceso efectivo a la justicia, la verdad y la reparaci\u00f3n de las v\u00edctimas de los delitos.","breadcrumb":{"@id":"https:\/\/www.fiscalia.gov.co\/colombia\/noticias\/fiscalia-obtiene-condena-contra-dos-exjefes-paramilitares-por-el-asesinato-de-nueve-personas-y-el-desplazamiento-de-5-600-pobladores-durante-un-violenta-incursion-a-peque-antioquia\/#breadcrumb"},"inLanguage":"es-CO","potentialAction":[{"@type":"ReadAction","target":["https:\/\/www.fiscalia.gov.co\/colombia\/noticias\/fiscalia-obtiene-condena-contra-dos-exjefes-paramilitares-por-el-asesinato-de-nueve-personas-y-el-desplazamiento-de-5-600-pobladores-durante-un-violenta-incursion-a-peque-antioquia\/"]}]},{"@type":"BreadcrumbList","@id":"https:\/\/www.fiscalia.gov.co\/colombia\/noticias\/fiscalia-obtiene-condena-contra-dos-exjefes-paramilitares-por-el-asesinato-de-nueve-personas-y-el-desplazamiento-de-5-600-pobladores-durante-un-violenta-incursion-a-peque-antioquia\/#breadcrumb","itemListElement":[{"@type":"ListItem","position":1,"name":"Home","item":"https:\/\/www.fiscalia.gov.co\/colombia\/"},{"@type":"ListItem","position":2,"name":"Fiscal\u00eda obtiene condena contra dos exjefes paramilitares por el asesinato de nueve personas y el desplazamiento de 5.600 pobladores durante un violenta incursi\u00f3n a Peque (Antioquia)"}]},{"@type":"WebSite","@id":"https:\/\/www.fiscalia.gov.co\/colombia\/#website","url":"https:\/\/www.fiscalia.gov.co\/colombia\/","name":"Fiscal\u00eda General de la Naci\u00f3n","description":"P\u00e1gina oficial de la Fiscal\u00eda General de la Naci\u00f3n \u2013 Colombia. Garantizamos el acceso efectivo a la justicia, la verdad y la reparaci\u00f3n de las v\u00edctimas de los delitos.","publisher":{"@id":"https:\/\/www.fiscalia.gov.co\/colombia\/#organization"},"potentialAction":[{"@type":"SearchAction","target":{"@type":"EntryPoint","urlTemplate":"https:\/\/www.fiscalia.gov.co\/colombia\/?s={search_term_string}"},"query-input":{"@type":"PropertyValueSpecification","valueRequired":true,"valueName":"search_term_string"}}],"inLanguage":"es-CO"},{"@type":"Organization","@id":"https:\/\/www.fiscalia.gov.co\/colombia\/#organization","name":"Fiscal\u00eda General de la Naci\u00f3n","url":"https:\/\/www.fiscalia.gov.co\/colombia\/","logo":{"@type":"ImageObject","inLanguage":"es-CO","@id":"https:\/\/www.fiscalia.gov.co\/colombia\/#\/schema\/logo\/image\/","url":"https:\/\/www.fiscalia.gov.co\/colombia\/wp-content\/uploads\/LogoHorizontal_1.jpg","contentUrl":"https:\/\/www.fiscalia.gov.co\/colombia\/wp-content\/uploads\/LogoHorizontal_1.jpg","width":300,"height":90,"caption":"Fiscal\u00eda General de la Naci\u00f3n"},"image":{"@id":"https:\/\/www.fiscalia.gov.co\/colombia\/#\/schema\/logo\/image\/"},"sameAs":["https:\/\/www.facebook.com\/FiscaliaCol","https:\/\/x.com\/FiscaliaCol","https:\/\/www.instagram.com\/fiscaliacol","https:\/\/www.linkedin.com\/company\/fiscalia-general-de-la-naci-n\/","https:\/\/youtube.com\/@fiscaliageneraldelanacion-4668?si=6nN79nyQICPU5iTh"]},{"@type":"Person","@id":"https:\/\/www.fiscalia.gov.co\/colombia\/#\/schema\/person\/bf84402cf293a5393e9c70b111020b24","name":"Jordan Leandro Oviedo Anzola","image":{"@type":"ImageObject","inLanguage":"es-CO","@id":"https:\/\/www.fiscalia.gov.co\/colombia\/#\/schema\/person\/image\/","url":"https:\/\/secure.gravatar.com\/avatar\/dabba4346fa9b9207d96adafa8f92721?s=96&d=mm&r=g","contentUrl":"https:\/\/secure.gravatar.com\/avatar\/dabba4346fa9b9207d96adafa8f92721?s=96&d=mm&r=g","caption":"Jordan Leandro Oviedo Anzola"},"url":"https:\/\/www.fiscalia.gov.co\/colombia\/author\/joviedo\/"}]}},"_links":{"self":[{"href":"https:\/\/www.fiscalia.gov.co\/colombia\/wp-json\/wp\/v2\/posts\/273532","targetHints":{"allow":["GET"]}}],"collection":[{"href":"https:\/\/www.fiscalia.gov.co\/colombia\/wp-json\/wp\/v2\/posts"}],"about":[{"href":"https:\/\/www.fiscalia.gov.co\/colombia\/wp-json\/wp\/v2\/types\/post"}],"author":[{"embeddable":true,"href":"https:\/\/www.fiscalia.gov.co\/colombia\/wp-json\/wp\/v2\/users\/177"}],"replies":[{"embeddable":true,"href":"https:\/\/www.fiscalia.gov.co\/colombia\/wp-json\/wp\/v2\/comments?post=273532"}],"version-history":[{"count":1,"href":"https:\/\/www.fiscalia.gov.co\/colombia\/wp-json\/wp\/v2\/posts\/273532\/revisions"}],"predecessor-version":[{"id":273533,"href":"https:\/\/www.fiscalia.gov.co\/colombia\/wp-json\/wp\/v2\/posts\/273532\/revisions\/273533"}],"wp:attachment":[{"href":"https:\/\/www.fiscalia.gov.co\/colombia\/wp-json\/wp\/v2\/media?parent=273532"}],"wp:term":[{"taxonomy":"category","embeddable":true,"href":"https:\/\/www.fiscalia.gov.co\/colombia\/wp-json\/wp\/v2\/categories?post=273532"},{"taxonomy":"post_tag","embeddable":true,"href":"https:\/\/www.fiscalia.gov.co\/colombia\/wp-json\/wp\/v2\/tags?post=273532"}],"curies":[{"name":"wp","href":"https:\/\/api.w.org\/{rel}","templated":true}]}}