{"id":273528,"date":"2023-06-16T19:08:00","date_gmt":"2023-06-17T00:08:00","guid":{"rendered":"https:\/\/www.fiscalia.gov.co\/colombia\/?p=273528"},"modified":"2023-06-16T19:08:00","modified_gmt":"2023-06-17T00:08:00","slug":"fiscalia-imputa-a-la-exdetective-del-das-alba-luz-florez-por-la-presunta-destinacion-de-recursos-publicos-para-sostener-un-plan-ilegal-de-infiltracion-a-la-corte-suprema-de-justicia","status":"publish","type":"post","link":"https:\/\/www.fiscalia.gov.co\/colombia\/noticias\/fiscalia-imputa-a-la-exdetective-del-das-alba-luz-florez-por-la-presunta-destinacion-de-recursos-publicos-para-sostener-un-plan-ilegal-de-infiltracion-a-la-corte-suprema-de-justicia\/","title":{"rendered":"Fiscal\u00eda imputa a la exdetective del DAS Alba Luz Fl\u00f3rez por la presunta destinaci\u00f3n de recursos p\u00fablicos para sostener un plan ilegal de infiltraci\u00f3n a la Corte Suprema de Justicia"},"content":{"rendered":"<h4><strong><em>Adicionalmente, la exfuncionaria habr\u00eda plasmado informaci\u00f3n falsa en los informes de inteligencia que sustentaron el desembolso del dinero reconocido a las fuentes humanas que entregaron grabaciones, expedientes y datos reservados de los magistrados del Alto Tribunal.<\/em><\/strong><\/h4>\n<p>La Fiscal\u00eda General de la Naci\u00f3n present\u00f3 ante un juez de control de garant\u00edas a la exdetective del Departamento Administrativo de Seguridad (DAS), Alba Luz Fl\u00f3rez G\u00e9lvez; y le imput\u00f3 los delitos de peculado por apropiaci\u00f3n en favor propio y de terceros, falsedad ideol\u00f3gica en documento p\u00fablico y fraude procesal, todas las conductas agravadas.<\/p>\n<p>El material de prueba da cuenta de que la exfuncionaria habr\u00eda utilizado recursos de gastos reservados para pagar diversas sumas al personal de servicios generales, escoltas y conductores de la Corte Suprema de Justicia que le proporcionaron informaci\u00f3n reservada de los magistrados y de algunos procesos relacionados con la \u2018Parapol\u00edtica\u2019.<\/p>\n<p>De esta manera, la exdetective, al parecer, us\u00f3 dineros p\u00fablicos para cubrir una actividad il\u00edcita, que consist\u00eda en infiltrar al Alto Tribunal y as\u00ed consolidar un plan de desprestigio que se orquest\u00f3 entre 2007 y 2009.<\/p>\n<p>En ese sentido, se acredit\u00f3 que la se\u00f1ora Fl\u00f3rez G\u00e9lvez, probablemente, se apropi\u00f3 de algo m\u00e1s de 169 millones de pesos y us\u00f3 cerca de 25 millones de pesos para retribuirles a las fuentes humanas que ten\u00eda en la Corte Suprema de Justicia por la informaci\u00f3n, grabaciones, expedientes y otros elementos que le entregaron.<\/p>\n<p>Asimismo, la investigaci\u00f3n permiti\u00f3 conocer que, para sustentar el desembolso de los recursos de gastos reservados por parte de la Subdirecci\u00f3n de Fuentes Humanas del DAS, la exfuncionaria habr\u00eda diligenciado formatos con informaci\u00f3n falsa, obtenida por internet y medios de comunicaci\u00f3n, que no correspond\u00eda a Los datos suministrados por las personas que fueron reclutadas como fuentes humanas, al interior de la Corte Suprema de Justicia.<\/p>\n<p>De esta manera, al parecer, intent\u00f3 ocultar el origen ilegal de todo el material obtenido subrepticiamente e indujo en error a los funcionarios que autorizaron el rubro de gastos reservados.<\/p>\n<p>Alba Luz Fl\u00f3rez G\u00e9lvez no acept\u00f3 los cargos que le formul\u00f3 un fiscal delegado ante la Corte Suprema de Justicia.<\/p>\n<p>Esta informaci\u00f3n se publica por razones de inter\u00e9s general.<\/p>\n<p><strong><u>La Fiscal\u00eda habla con resultados.<\/u><\/strong><\/p>\n<p>&nbsp;<\/p>\n<p>&nbsp;<\/p>\n<p>&nbsp;<\/p>\n<p>&nbsp;<\/p>\n<p>&nbsp;<\/p>\n<p>JARG\/GRJD\/UFDCSJ\/<\/p>\n<p>&nbsp;<\/p>\n<p>&nbsp;<\/p>\n<p>&nbsp;<\/p>\n<p>&nbsp;<\/p>\n<p>&nbsp;<\/p>\n<p>&nbsp;<\/p>\n<p>&nbsp;<\/p>\n<p>&nbsp;<\/p>\n<p><i>La informaci\u00f3n contenida en este bolet\u00edn de prensa corresponde a la narraci\u00f3n de los hechos noticiosos objetivos, suministrados por los funcionarios encargados de adelantar las investigaciones penales al interior de la Fiscal\u00eda General de la Naci\u00f3n. Para el momento de la divulgaci\u00f3n de este comunicado, la situaci\u00f3n jur\u00eddica de la(s) persona(s) relacionada(s) se encuentra pendiente de resolver por la autoridad judicial competente, siempre bajo los preceptos de la presunci\u00f3n de inocencia, consagrados en el art\u00edculo 29 de la Constituci\u00f3n Pol\u00edtica y el art\u00edculo 7\u00ba de la Ley 906 de 2004.<\/i><\/p>\n<p>&nbsp;<\/p>\n\n<div class=\"twitter-share\"><a href=\"https:\/\/twitter.com\/intent\/tweet?via=fiscaliacol\" class=\"twitter-share-button\">Tweet<\/a><\/div>\n","protected":false},"excerpt":{"rendered":"<p>Adicionalmente, la exfuncionaria habr\u00eda plasmado informaci\u00f3n falsa en los informes de inteligencia que sustentaron el desembolso del dinero reconocido a las fuentes humanas que entregaron grabaciones, expedientes y datos reservados de los magistrados del Alto Tribunal. La Fiscal\u00eda General de la Naci\u00f3n present\u00f3 ante un juez de control de garant\u00edas a la exdetective del Departamento [&hellip;]<\/p>\n","protected":false},"author":177,"featured_media":0,"comment_status":"closed","ping_status":"open","sticky":false,"template":"","format":"standard","meta":{"_price":"","_stock":"","_tribe_ticket_header":"","_tribe_default_ticket_provider":"","_tribe_ticket_capacity":"0","_ticket_start_date":"","_ticket_end_date":"","_tribe_ticket_show_description":"","_tribe_ticket_show_not_going":false,"_tribe_ticket_use_global_stock":"","_tribe_ticket_global_stock_level":"","_global_stock_mode":"","_global_stock_cap":"","_tribe_rsvp_for_event":"","_tribe_ticket_going_count":"","_tribe_ticket_not_going_count":"","_tribe_tickets_list":"[]","_tribe_ticket_has_attendee_info_fields":false,"tdm_status":"","tdm_grid_status":"","footnotes":""},"categories":[24097,24107,1],"tags":[427,10591,77,24185,1047,26460],"class_list":{"0":"post-273528","1":"post","2":"type-post","3":"status-publish","4":"format-standard","6":"category-corrupcion","7":"category-lucha-contra-corrupcion","8":"category-noticias","9":"tag-corrupcion","10":"tag-corte-suprema","11":"tag-das","12":"tag-fiscal-barbosa","13":"tag-fiscalia-general-de-la-nacion","14":"tag-recursos-publicos"},"yoast_head":"<!-- This site is optimized with the Yoast SEO plugin v24.3 - https:\/\/yoast.com\/wordpress\/plugins\/seo\/ -->\n<title>Fiscal\u00eda General de la Naci\u00f3n<\/title>\n<meta name=\"description\" content=\"P\u00e1gina oficial de la Fiscal\u00eda General de la Naci\u00f3n \u2013 Colombia. Garantizamos el acceso efectivo a la justicia, la verdad y la reparaci\u00f3n de las v\u00edctimas de los delitos.\" \/>\n<meta name=\"robots\" content=\"noindex, follow\" \/>\n<meta property=\"og:locale\" content=\"es_ES\" \/>\n<meta property=\"og:type\" content=\"article\" \/>\n<meta property=\"og:title\" content=\"Fiscal\u00eda General de la Naci\u00f3n\" \/>\n<meta property=\"og:description\" content=\"P\u00e1gina oficial de la Fiscal\u00eda General de la Naci\u00f3n \u2013 Colombia. Garantizamos el acceso efectivo a la justicia, la verdad y la reparaci\u00f3n de las v\u00edctimas de los delitos.\" \/>\n<meta property=\"og:url\" content=\"https:\/\/www.fiscalia.gov.co\/colombia\/noticias\/fiscalia-imputa-a-la-exdetective-del-das-alba-luz-florez-por-la-presunta-destinacion-de-recursos-publicos-para-sostener-un-plan-ilegal-de-infiltracion-a-la-corte-suprema-de-justicia\/\" \/>\n<meta property=\"og:site_name\" content=\"Fiscal\u00eda General de la Naci\u00f3n\" \/>\n<meta property=\"article:publisher\" content=\"https:\/\/www.facebook.com\/FiscaliaCol\" \/>\n<meta property=\"article:published_time\" content=\"2023-06-17T00:08:00+00:00\" \/>\n<meta name=\"author\" content=\"Jordan Leandro Oviedo Anzola\" \/>\n<meta name=\"twitter:card\" content=\"summary_large_image\" \/>\n<meta name=\"twitter:creator\" content=\"@FiscaliaCol\" \/>\n<meta name=\"twitter:site\" content=\"@FiscaliaCol\" \/>\n<meta name=\"twitter:label1\" content=\"Escrito por\" \/>\n\t<meta name=\"twitter:data1\" content=\"Jordan Leandro Oviedo Anzola\" \/>\n\t<meta name=\"twitter:label2\" content=\"Tiempo de lectura\" \/>\n\t<meta name=\"twitter:data2\" content=\"3 minutos\" \/>\n<script type=\"application\/ld+json\" class=\"yoast-schema-graph\">{\"@context\":\"https:\/\/schema.org\",\"@graph\":[{\"@type\":\"Article\",\"@id\":\"https:\/\/www.fiscalia.gov.co\/colombia\/noticias\/fiscalia-imputa-a-la-exdetective-del-das-alba-luz-florez-por-la-presunta-destinacion-de-recursos-publicos-para-sostener-un-plan-ilegal-de-infiltracion-a-la-corte-suprema-de-justicia\/#article\",\"isPartOf\":{\"@id\":\"https:\/\/www.fiscalia.gov.co\/colombia\/noticias\/fiscalia-imputa-a-la-exdetective-del-das-alba-luz-florez-por-la-presunta-destinacion-de-recursos-publicos-para-sostener-un-plan-ilegal-de-infiltracion-a-la-corte-suprema-de-justicia\/\"},\"author\":{\"name\":\"Jordan Leandro Oviedo Anzola\",\"@id\":\"https:\/\/www.fiscalia.gov.co\/colombia\/#\/schema\/person\/bf84402cf293a5393e9c70b111020b24\"},\"headline\":\"Fiscal\u00eda imputa a la exdetective del DAS Alba Luz Fl\u00f3rez por la presunta destinaci\u00f3n de recursos p\u00fablicos para sostener un plan ilegal de infiltraci\u00f3n a la Corte Suprema de Justicia\",\"datePublished\":\"2023-06-17T00:08:00+00:00\",\"dateModified\":\"2023-06-17T00:08:00+00:00\",\"mainEntityOfPage\":{\"@id\":\"https:\/\/www.fiscalia.gov.co\/colombia\/noticias\/fiscalia-imputa-a-la-exdetective-del-das-alba-luz-florez-por-la-presunta-destinacion-de-recursos-publicos-para-sostener-un-plan-ilegal-de-infiltracion-a-la-corte-suprema-de-justicia\/\"},\"wordCount\":542,\"publisher\":{\"@id\":\"https:\/\/www.fiscalia.gov.co\/colombia\/#organization\"},\"keywords\":[\"Corrupci\u00f3n\",\"Corte Suprema\",\"DAS\",\"Fiscal Barbosa\",\"Fiscal\u00eda General de la Naci\u00f3n\",\"Recursos P\u00fablicos.\"],\"articleSection\":[\"Corrupci\u00f3n\",\"Corrupci\u00f3n\",\"Noticias\"],\"inLanguage\":\"es-CO\"},{\"@type\":\"WebPage\",\"@id\":\"https:\/\/www.fiscalia.gov.co\/colombia\/noticias\/fiscalia-imputa-a-la-exdetective-del-das-alba-luz-florez-por-la-presunta-destinacion-de-recursos-publicos-para-sostener-un-plan-ilegal-de-infiltracion-a-la-corte-suprema-de-justicia\/\",\"url\":\"https:\/\/www.fiscalia.gov.co\/colombia\/noticias\/fiscalia-imputa-a-la-exdetective-del-das-alba-luz-florez-por-la-presunta-destinacion-de-recursos-publicos-para-sostener-un-plan-ilegal-de-infiltracion-a-la-corte-suprema-de-justicia\/\",\"name\":\"Fiscal\u00eda General de la Naci\u00f3n\",\"isPartOf\":{\"@id\":\"https:\/\/www.fiscalia.gov.co\/colombia\/#website\"},\"datePublished\":\"2023-06-17T00:08:00+00:00\",\"dateModified\":\"2023-06-17T00:08:00+00:00\",\"description\":\"P\u00e1gina oficial de la Fiscal\u00eda General de la Naci\u00f3n \u2013 Colombia. Garantizamos el acceso efectivo a la justicia, la verdad y la reparaci\u00f3n de las v\u00edctimas de los delitos.\",\"breadcrumb\":{\"@id\":\"https:\/\/www.fiscalia.gov.co\/colombia\/noticias\/fiscalia-imputa-a-la-exdetective-del-das-alba-luz-florez-por-la-presunta-destinacion-de-recursos-publicos-para-sostener-un-plan-ilegal-de-infiltracion-a-la-corte-suprema-de-justicia\/#breadcrumb\"},\"inLanguage\":\"es-CO\",\"potentialAction\":[{\"@type\":\"ReadAction\",\"target\":[\"https:\/\/www.fiscalia.gov.co\/colombia\/noticias\/fiscalia-imputa-a-la-exdetective-del-das-alba-luz-florez-por-la-presunta-destinacion-de-recursos-publicos-para-sostener-un-plan-ilegal-de-infiltracion-a-la-corte-suprema-de-justicia\/\"]}]},{\"@type\":\"BreadcrumbList\",\"@id\":\"https:\/\/www.fiscalia.gov.co\/colombia\/noticias\/fiscalia-imputa-a-la-exdetective-del-das-alba-luz-florez-por-la-presunta-destinacion-de-recursos-publicos-para-sostener-un-plan-ilegal-de-infiltracion-a-la-corte-suprema-de-justicia\/#breadcrumb\",\"itemListElement\":[{\"@type\":\"ListItem\",\"position\":1,\"name\":\"Home\",\"item\":\"https:\/\/www.fiscalia.gov.co\/colombia\/\"},{\"@type\":\"ListItem\",\"position\":2,\"name\":\"Fiscal\u00eda imputa a la exdetective del DAS Alba Luz Fl\u00f3rez por la presunta destinaci\u00f3n de recursos p\u00fablicos para sostener un plan ilegal de infiltraci\u00f3n a la Corte Suprema de Justicia\"}]},{\"@type\":\"WebSite\",\"@id\":\"https:\/\/www.fiscalia.gov.co\/colombia\/#website\",\"url\":\"https:\/\/www.fiscalia.gov.co\/colombia\/\",\"name\":\"Fiscal\u00eda General de la Naci\u00f3n\",\"description\":\"P\u00e1gina oficial de la Fiscal\u00eda General de la Naci\u00f3n \u2013 Colombia. Garantizamos el acceso efectivo a la justicia, la verdad y la reparaci\u00f3n de las v\u00edctimas de los delitos.\",\"publisher\":{\"@id\":\"https:\/\/www.fiscalia.gov.co\/colombia\/#organization\"},\"potentialAction\":[{\"@type\":\"SearchAction\",\"target\":{\"@type\":\"EntryPoint\",\"urlTemplate\":\"https:\/\/www.fiscalia.gov.co\/colombia\/?s={search_term_string}\"},\"query-input\":{\"@type\":\"PropertyValueSpecification\",\"valueRequired\":true,\"valueName\":\"search_term_string\"}}],\"inLanguage\":\"es-CO\"},{\"@type\":\"Organization\",\"@id\":\"https:\/\/www.fiscalia.gov.co\/colombia\/#organization\",\"name\":\"Fiscal\u00eda General de la Naci\u00f3n\",\"url\":\"https:\/\/www.fiscalia.gov.co\/colombia\/\",\"logo\":{\"@type\":\"ImageObject\",\"inLanguage\":\"es-CO\",\"@id\":\"https:\/\/www.fiscalia.gov.co\/colombia\/#\/schema\/logo\/image\/\",\"url\":\"https:\/\/www.fiscalia.gov.co\/colombia\/wp-content\/uploads\/LogoHorizontal_1.jpg\",\"contentUrl\":\"https:\/\/www.fiscalia.gov.co\/colombia\/wp-content\/uploads\/LogoHorizontal_1.jpg\",\"width\":300,\"height\":90,\"caption\":\"Fiscal\u00eda General de la Naci\u00f3n\"},\"image\":{\"@id\":\"https:\/\/www.fiscalia.gov.co\/colombia\/#\/schema\/logo\/image\/\"},\"sameAs\":[\"https:\/\/www.facebook.com\/FiscaliaCol\",\"https:\/\/x.com\/FiscaliaCol\",\"https:\/\/www.instagram.com\/fiscaliacol\",\"https:\/\/www.linkedin.com\/company\/fiscalia-general-de-la-naci-n\/\",\"https:\/\/youtube.com\/@fiscaliageneraldelanacion-4668?si=6nN79nyQICPU5iTh\"]},{\"@type\":\"Person\",\"@id\":\"https:\/\/www.fiscalia.gov.co\/colombia\/#\/schema\/person\/bf84402cf293a5393e9c70b111020b24\",\"name\":\"Jordan Leandro Oviedo Anzola\",\"image\":{\"@type\":\"ImageObject\",\"inLanguage\":\"es-CO\",\"@id\":\"https:\/\/www.fiscalia.gov.co\/colombia\/#\/schema\/person\/image\/\",\"url\":\"https:\/\/secure.gravatar.com\/avatar\/dabba4346fa9b9207d96adafa8f92721?s=96&d=mm&r=g\",\"contentUrl\":\"https:\/\/secure.gravatar.com\/avatar\/dabba4346fa9b9207d96adafa8f92721?s=96&d=mm&r=g\",\"caption\":\"Jordan Leandro Oviedo Anzola\"},\"url\":\"https:\/\/www.fiscalia.gov.co\/colombia\/author\/joviedo\/\"}]}<\/script>\n<!-- \/ Yoast SEO plugin. -->","yoast_head_json":{"title":"Fiscal\u00eda General de la Naci\u00f3n","description":"P\u00e1gina oficial de la Fiscal\u00eda General de la Naci\u00f3n \u2013 Colombia. Garantizamos el acceso efectivo a la justicia, la verdad y la reparaci\u00f3n de las v\u00edctimas de los delitos.","robots":{"index":"noindex","follow":"follow"},"og_locale":"es_ES","og_type":"article","og_title":"Fiscal\u00eda General de la Naci\u00f3n","og_description":"P\u00e1gina oficial de la Fiscal\u00eda General de la Naci\u00f3n \u2013 Colombia. Garantizamos el acceso efectivo a la justicia, la verdad y la reparaci\u00f3n de las v\u00edctimas de los delitos.","og_url":"https:\/\/www.fiscalia.gov.co\/colombia\/noticias\/fiscalia-imputa-a-la-exdetective-del-das-alba-luz-florez-por-la-presunta-destinacion-de-recursos-publicos-para-sostener-un-plan-ilegal-de-infiltracion-a-la-corte-suprema-de-justicia\/","og_site_name":"Fiscal\u00eda General de la Naci\u00f3n","article_publisher":"https:\/\/www.facebook.com\/FiscaliaCol","article_published_time":"2023-06-17T00:08:00+00:00","author":"Jordan Leandro Oviedo Anzola","twitter_card":"summary_large_image","twitter_creator":"@FiscaliaCol","twitter_site":"@FiscaliaCol","twitter_misc":{"Escrito por":"Jordan Leandro Oviedo Anzola","Tiempo de lectura":"3 minutos"},"schema":{"@context":"https:\/\/schema.org","@graph":[{"@type":"Article","@id":"https:\/\/www.fiscalia.gov.co\/colombia\/noticias\/fiscalia-imputa-a-la-exdetective-del-das-alba-luz-florez-por-la-presunta-destinacion-de-recursos-publicos-para-sostener-un-plan-ilegal-de-infiltracion-a-la-corte-suprema-de-justicia\/#article","isPartOf":{"@id":"https:\/\/www.fiscalia.gov.co\/colombia\/noticias\/fiscalia-imputa-a-la-exdetective-del-das-alba-luz-florez-por-la-presunta-destinacion-de-recursos-publicos-para-sostener-un-plan-ilegal-de-infiltracion-a-la-corte-suprema-de-justicia\/"},"author":{"name":"Jordan Leandro Oviedo Anzola","@id":"https:\/\/www.fiscalia.gov.co\/colombia\/#\/schema\/person\/bf84402cf293a5393e9c70b111020b24"},"headline":"Fiscal\u00eda imputa a la exdetective del DAS Alba Luz Fl\u00f3rez por la presunta destinaci\u00f3n de recursos p\u00fablicos para sostener un plan ilegal de infiltraci\u00f3n a la Corte Suprema de Justicia","datePublished":"2023-06-17T00:08:00+00:00","dateModified":"2023-06-17T00:08:00+00:00","mainEntityOfPage":{"@id":"https:\/\/www.fiscalia.gov.co\/colombia\/noticias\/fiscalia-imputa-a-la-exdetective-del-das-alba-luz-florez-por-la-presunta-destinacion-de-recursos-publicos-para-sostener-un-plan-ilegal-de-infiltracion-a-la-corte-suprema-de-justicia\/"},"wordCount":542,"publisher":{"@id":"https:\/\/www.fiscalia.gov.co\/colombia\/#organization"},"keywords":["Corrupci\u00f3n","Corte Suprema","DAS","Fiscal Barbosa","Fiscal\u00eda General de la Naci\u00f3n","Recursos P\u00fablicos."],"articleSection":["Corrupci\u00f3n","Corrupci\u00f3n","Noticias"],"inLanguage":"es-CO"},{"@type":"WebPage","@id":"https:\/\/www.fiscalia.gov.co\/colombia\/noticias\/fiscalia-imputa-a-la-exdetective-del-das-alba-luz-florez-por-la-presunta-destinacion-de-recursos-publicos-para-sostener-un-plan-ilegal-de-infiltracion-a-la-corte-suprema-de-justicia\/","url":"https:\/\/www.fiscalia.gov.co\/colombia\/noticias\/fiscalia-imputa-a-la-exdetective-del-das-alba-luz-florez-por-la-presunta-destinacion-de-recursos-publicos-para-sostener-un-plan-ilegal-de-infiltracion-a-la-corte-suprema-de-justicia\/","name":"Fiscal\u00eda General de la Naci\u00f3n","isPartOf":{"@id":"https:\/\/www.fiscalia.gov.co\/colombia\/#website"},"datePublished":"2023-06-17T00:08:00+00:00","dateModified":"2023-06-17T00:08:00+00:00","description":"P\u00e1gina oficial de la Fiscal\u00eda General de la Naci\u00f3n \u2013 Colombia. Garantizamos el acceso efectivo a la justicia, la verdad y la reparaci\u00f3n de las v\u00edctimas de los delitos.","breadcrumb":{"@id":"https:\/\/www.fiscalia.gov.co\/colombia\/noticias\/fiscalia-imputa-a-la-exdetective-del-das-alba-luz-florez-por-la-presunta-destinacion-de-recursos-publicos-para-sostener-un-plan-ilegal-de-infiltracion-a-la-corte-suprema-de-justicia\/#breadcrumb"},"inLanguage":"es-CO","potentialAction":[{"@type":"ReadAction","target":["https:\/\/www.fiscalia.gov.co\/colombia\/noticias\/fiscalia-imputa-a-la-exdetective-del-das-alba-luz-florez-por-la-presunta-destinacion-de-recursos-publicos-para-sostener-un-plan-ilegal-de-infiltracion-a-la-corte-suprema-de-justicia\/"]}]},{"@type":"BreadcrumbList","@id":"https:\/\/www.fiscalia.gov.co\/colombia\/noticias\/fiscalia-imputa-a-la-exdetective-del-das-alba-luz-florez-por-la-presunta-destinacion-de-recursos-publicos-para-sostener-un-plan-ilegal-de-infiltracion-a-la-corte-suprema-de-justicia\/#breadcrumb","itemListElement":[{"@type":"ListItem","position":1,"name":"Home","item":"https:\/\/www.fiscalia.gov.co\/colombia\/"},{"@type":"ListItem","position":2,"name":"Fiscal\u00eda imputa a la exdetective del DAS Alba Luz Fl\u00f3rez por la presunta destinaci\u00f3n de recursos p\u00fablicos para sostener un plan ilegal de infiltraci\u00f3n a la Corte Suprema de Justicia"}]},{"@type":"WebSite","@id":"https:\/\/www.fiscalia.gov.co\/colombia\/#website","url":"https:\/\/www.fiscalia.gov.co\/colombia\/","name":"Fiscal\u00eda General de la Naci\u00f3n","description":"P\u00e1gina oficial de la Fiscal\u00eda General de la Naci\u00f3n \u2013 Colombia. Garantizamos el acceso efectivo a la justicia, la verdad y la reparaci\u00f3n de las v\u00edctimas de los delitos.","publisher":{"@id":"https:\/\/www.fiscalia.gov.co\/colombia\/#organization"},"potentialAction":[{"@type":"SearchAction","target":{"@type":"EntryPoint","urlTemplate":"https:\/\/www.fiscalia.gov.co\/colombia\/?s={search_term_string}"},"query-input":{"@type":"PropertyValueSpecification","valueRequired":true,"valueName":"search_term_string"}}],"inLanguage":"es-CO"},{"@type":"Organization","@id":"https:\/\/www.fiscalia.gov.co\/colombia\/#organization","name":"Fiscal\u00eda General de la Naci\u00f3n","url":"https:\/\/www.fiscalia.gov.co\/colombia\/","logo":{"@type":"ImageObject","inLanguage":"es-CO","@id":"https:\/\/www.fiscalia.gov.co\/colombia\/#\/schema\/logo\/image\/","url":"https:\/\/www.fiscalia.gov.co\/colombia\/wp-content\/uploads\/LogoHorizontal_1.jpg","contentUrl":"https:\/\/www.fiscalia.gov.co\/colombia\/wp-content\/uploads\/LogoHorizontal_1.jpg","width":300,"height":90,"caption":"Fiscal\u00eda General de la Naci\u00f3n"},"image":{"@id":"https:\/\/www.fiscalia.gov.co\/colombia\/#\/schema\/logo\/image\/"},"sameAs":["https:\/\/www.facebook.com\/FiscaliaCol","https:\/\/x.com\/FiscaliaCol","https:\/\/www.instagram.com\/fiscaliacol","https:\/\/www.linkedin.com\/company\/fiscalia-general-de-la-naci-n\/","https:\/\/youtube.com\/@fiscaliageneraldelanacion-4668?si=6nN79nyQICPU5iTh"]},{"@type":"Person","@id":"https:\/\/www.fiscalia.gov.co\/colombia\/#\/schema\/person\/bf84402cf293a5393e9c70b111020b24","name":"Jordan Leandro Oviedo Anzola","image":{"@type":"ImageObject","inLanguage":"es-CO","@id":"https:\/\/www.fiscalia.gov.co\/colombia\/#\/schema\/person\/image\/","url":"https:\/\/secure.gravatar.com\/avatar\/dabba4346fa9b9207d96adafa8f92721?s=96&d=mm&r=g","contentUrl":"https:\/\/secure.gravatar.com\/avatar\/dabba4346fa9b9207d96adafa8f92721?s=96&d=mm&r=g","caption":"Jordan Leandro Oviedo Anzola"},"url":"https:\/\/www.fiscalia.gov.co\/colombia\/author\/joviedo\/"}]}},"_links":{"self":[{"href":"https:\/\/www.fiscalia.gov.co\/colombia\/wp-json\/wp\/v2\/posts\/273528","targetHints":{"allow":["GET"]}}],"collection":[{"href":"https:\/\/www.fiscalia.gov.co\/colombia\/wp-json\/wp\/v2\/posts"}],"about":[{"href":"https:\/\/www.fiscalia.gov.co\/colombia\/wp-json\/wp\/v2\/types\/post"}],"author":[{"embeddable":true,"href":"https:\/\/www.fiscalia.gov.co\/colombia\/wp-json\/wp\/v2\/users\/177"}],"replies":[{"embeddable":true,"href":"https:\/\/www.fiscalia.gov.co\/colombia\/wp-json\/wp\/v2\/comments?post=273528"}],"version-history":[{"count":1,"href":"https:\/\/www.fiscalia.gov.co\/colombia\/wp-json\/wp\/v2\/posts\/273528\/revisions"}],"predecessor-version":[{"id":273529,"href":"https:\/\/www.fiscalia.gov.co\/colombia\/wp-json\/wp\/v2\/posts\/273528\/revisions\/273529"}],"wp:attachment":[{"href":"https:\/\/www.fiscalia.gov.co\/colombia\/wp-json\/wp\/v2\/media?parent=273528"}],"wp:term":[{"taxonomy":"category","embeddable":true,"href":"https:\/\/www.fiscalia.gov.co\/colombia\/wp-json\/wp\/v2\/categories?post=273528"},{"taxonomy":"post_tag","embeddable":true,"href":"https:\/\/www.fiscalia.gov.co\/colombia\/wp-json\/wp\/v2\/tags?post=273528"}],"curies":[{"name":"wp","href":"https:\/\/api.w.org\/{rel}","templated":true}]}}