{"id":273419,"date":"2023-06-14T17:48:14","date_gmt":"2023-06-14T22:48:14","guid":{"rendered":"https:\/\/www.fiscalia.gov.co\/colombia\/?p=273419"},"modified":"2023-06-14T17:48:14","modified_gmt":"2023-06-14T22:48:14","slug":"a-la-carcel-cinco-personas-de-una-familia-por-presunta-participacion-en-tentativa-de-homicidio-contra-una-madre-y-su-hija-adolescente","status":"publish","type":"post","link":"https:\/\/www.fiscalia.gov.co\/colombia\/noticias\/a-la-carcel-cinco-personas-de-una-familia-por-presunta-participacion-en-tentativa-de-homicidio-contra-una-madre-y-su-hija-adolescente\/","title":{"rendered":"A la c\u00e1rcel cinco personas de una familia por presunta participaci\u00f3n en tentativa de homicidio contra una madre y su hija adolescente"},"content":{"rendered":"<blockquote>\n<h4 style=\"text-align: left;\"><strong><em>Ya hab\u00eda denuncias por amenazas y agresiones entre ellos.<\/em><\/strong><\/h4>\n<\/blockquote>\n<p>Cinco personas, entre ellas una adolescente, fueron imputados por los delitos de homicidio agravado en la modalidad de tentativa contra una mujer de 48 a\u00f1os y su hija de 17 a\u00f1os, en hechos ocurridos en mayo de 2023 en Carmen de Apical\u00e1 (Tolima).<\/p>\n<figure id=\"attachment_273420\" aria-describedby=\"caption-attachment-273420\" style=\"width: 1600px\" class=\"wp-caption aligncenter\"><img loading=\"lazy\" decoding=\"async\" class=\"size-full wp-image-273420\" src=\"https:\/\/www.fiscalia.gov.co\/colombia\/wp-content\/uploads\/capturada-familia-homicidio-tentado-carmen-de-apicala.jpeg\" alt=\"en la imagen se ven varias personas detenidas en custodia de la Polic\u00eda, CTI y Fuerza A\u00e9rea. Detr\u00e1s suyo backings de las dos \u00faltimas instituciones.\" width=\"1600\" height=\"1200\" srcset=\"https:\/\/www.fiscalia.gov.co\/colombia\/wp-content\/uploads\/capturada-familia-homicidio-tentado-carmen-de-apicala.jpeg 1600w, https:\/\/www.fiscalia.gov.co\/colombia\/wp-content\/uploads\/capturada-familia-homicidio-tentado-carmen-de-apicala-300x225.jpeg 300w, https:\/\/www.fiscalia.gov.co\/colombia\/wp-content\/uploads\/capturada-familia-homicidio-tentado-carmen-de-apicala-1024x768.jpeg 1024w, https:\/\/www.fiscalia.gov.co\/colombia\/wp-content\/uploads\/capturada-familia-homicidio-tentado-carmen-de-apicala-768x576.jpeg 768w, https:\/\/www.fiscalia.gov.co\/colombia\/wp-content\/uploads\/capturada-familia-homicidio-tentado-carmen-de-apicala-1536x1152.jpeg 1536w, https:\/\/www.fiscalia.gov.co\/colombia\/wp-content\/uploads\/capturada-familia-homicidio-tentado-carmen-de-apicala-696x522.jpeg 696w, https:\/\/www.fiscalia.gov.co\/colombia\/wp-content\/uploads\/capturada-familia-homicidio-tentado-carmen-de-apicala-1068x801.jpeg 1068w, https:\/\/www.fiscalia.gov.co\/colombia\/wp-content\/uploads\/capturada-familia-homicidio-tentado-carmen-de-apicala-560x420.jpeg 560w, https:\/\/www.fiscalia.gov.co\/colombia\/wp-content\/uploads\/capturada-familia-homicidio-tentado-carmen-de-apicala-80x60.jpeg 80w, https:\/\/www.fiscalia.gov.co\/colombia\/wp-content\/uploads\/capturada-familia-homicidio-tentado-carmen-de-apicala-265x198.jpeg 265w\" sizes=\"auto, (max-width: 1600px) 100vw, 1600px\" \/><figcaption id=\"caption-attachment-273420\" class=\"wp-caption-text\">Imputados por el delito de homicidio agravado tentado, del que fueron viictimas una mujer de 48 a\u00f1os y su hija de 17.<\/figcaption><\/figure>\n<p>Todos fueron detenidos en cumplimiento a la orden de captura que pesaba en su contra en un trabajo coordinado entre investigadores del CTI de la Fiscal\u00eda, la Polic\u00eda Nacional y con el apoyo de la Fuerza A\u00e9rea.<\/p>\n<p>Los hechos motivo de esta investigaci\u00f3n ocurrieron el pasado 11 de mayo en la entrada del barrio Villa Espa\u00f1a, sector conocido como El Basurero, cuando las v\u00edctimas fueron heridas de gravedad en diferentes partes del cuerpo\u00a0con machetes y cuchillos, al parecer,\u00a0por los hoy procesados.<\/p>\n<p>Las mujeres tuvieron que ser trasladadas de urgencia a un centro asistencial en donde lograron salvarles la vida.\u00a0 Previo a este hecho ya hab\u00edan presentado dos querellas policivas por amenazas y una denuncia ante la Fiscal\u00eda en contra de los presuntos agresores.<\/p>\n<p>Carlos Alberto Orjuela Garz\u00f3n, Jhon Alejandro D\u00edaz Gonz\u00e1lez, Martha Rojas Rodr\u00edguez y Nohora Estrella Orjuela Rojas fueron afectados con medida de aseguramiento en centro carcelario.<\/p>\n<p>Entretanto la adolescente, luego de ser judicializada, fue dejada a disposici\u00f3n del ICBF.<\/p>\n<p>Ninguno acept\u00f3 los cargos imputados por la Fiscal\u00eda de Icononzo (Tolima).<\/p>\n<p>&nbsp;<\/p>\n<p>PAM\/CFG\/RQM\/AMBV\/DST<\/p>\n<p><strong><u>La Fiscal\u00eda habla con resultados.<\/u><\/strong><\/p>\n<p>&nbsp;<\/p>\n<p><em>La informaci\u00f3n contenida en este bolet\u00edn de prensa corresponde a la narraci\u00f3n de los hechos noticiosos objetivos, y las investigaciones penales al interior de la Fiscal\u00eda General de la Naci\u00f3n. Para el momento de la divulgaci\u00f3n de este comunicado, la situaci\u00f3n jur\u00eddica de la(s) persona(s) relacionada(s) se encuentra pendiente de resolver por la autoridad judicial competente, siempre bajo los preceptos de la presunci\u00f3n de inocencia, consagrados en el art\u00edculo 29 de la Constituci\u00f3n Pol\u00edtica y el art\u00edculo 7\u00ba de la Ley 906 de 2004.\u00a0<\/em><\/p>\n\n<div class=\"twitter-share\"><a href=\"https:\/\/twitter.com\/intent\/tweet?via=fiscaliacol\" class=\"twitter-share-button\">Tweet<\/a><\/div>\n","protected":false},"excerpt":{"rendered":"<p>Ya hab\u00eda denuncias por amenazas y agresiones entre ellos. Cinco personas, entre ellas una adolescente, fueron imputados por los delitos de homicidio agravado en la modalidad de tentativa contra una mujer de 48 a\u00f1os y su hija de 17 a\u00f1os, en hechos ocurridos en mayo de 2023 en Carmen de Apical\u00e1 (Tolima). Todos fueron detenidos [&hellip;]<\/p>\n","protected":false},"author":175,"featured_media":0,"comment_status":"closed","ping_status":"open","sticky":false,"template":"","format":"standard","meta":{"_price":"","_stock":"","_tribe_ticket_header":"","_tribe_default_ticket_provider":"","_tribe_ticket_capacity":"0","_ticket_start_date":"","_ticket_end_date":"","_tribe_ticket_show_description":"","_tribe_ticket_show_not_going":false,"_tribe_ticket_use_global_stock":"","_tribe_ticket_global_stock_level":"","_global_stock_mode":"","_global_stock_cap":"","_tribe_rsvp_for_event":"","_tribe_ticket_going_count":"","_tribe_ticket_not_going_count":"","_tribe_tickets_list":"[]","_tribe_ticket_has_attendee_info_fields":false,"tdm_status":"","tdm_grid_status":"","footnotes":""},"categories":[1,329,24099],"tags":[14298,412,14550,28224,45,25432,14221,1047,24692,12737,31480,24822,25067,23853,23972,4348,12189,28313],"class_list":{"0":"post-273419","1":"post","2":"type-post","3":"status-publish","4":"format-standard","6":"category-noticias","7":"category-seccional-ibague","8":"category-seguridad-territorial","9":"tag-agresion","10":"tag-aaaque","11":"tag-carcel","12":"tag-carmen-de-apicala","13":"tag-cti","14":"tag-cuchillo","15":"tag-familia","16":"tag-fiscalia-general-de-la-nacion","17":"tag-fuerza-aerea","18":"tag-homicidio-tentado","19":"tag-icononzo","20":"tag-machete","21":"tag-madre-e-hija","22":"tag-melgar","23":"tag-policia","24":"tag-rina","25":"tag-tolima","26":"tag-vecinos"},"yoast_head":"<!-- This site is optimized with the Yoast SEO plugin v24.3 - https:\/\/yoast.com\/wordpress\/plugins\/seo\/ -->\n<title>Fiscal\u00eda General de la Naci\u00f3n<\/title>\n<meta name=\"description\" content=\"P\u00e1gina oficial de la Fiscal\u00eda General de la Naci\u00f3n \u2013 Colombia. Garantizamos el acceso efectivo a la justicia, la verdad y la reparaci\u00f3n de las v\u00edctimas de los delitos.\" \/>\n<meta name=\"robots\" content=\"noindex, follow\" \/>\n<meta property=\"og:locale\" content=\"es_ES\" \/>\n<meta property=\"og:type\" content=\"article\" \/>\n<meta property=\"og:title\" content=\"Fiscal\u00eda General de la Naci\u00f3n\" \/>\n<meta property=\"og:description\" content=\"P\u00e1gina oficial de la Fiscal\u00eda General de la Naci\u00f3n \u2013 Colombia. Garantizamos el acceso efectivo a la justicia, la verdad y la reparaci\u00f3n de las v\u00edctimas de los delitos.\" \/>\n<meta property=\"og:url\" content=\"https:\/\/www.fiscalia.gov.co\/colombia\/noticias\/a-la-carcel-cinco-personas-de-una-familia-por-presunta-participacion-en-tentativa-de-homicidio-contra-una-madre-y-su-hija-adolescente\/\" \/>\n<meta property=\"og:site_name\" content=\"Fiscal\u00eda General de la Naci\u00f3n\" \/>\n<meta property=\"article:publisher\" content=\"https:\/\/www.facebook.com\/FiscaliaCol\" \/>\n<meta property=\"article:published_time\" content=\"2023-06-14T22:48:14+00:00\" \/>\n<meta property=\"og:image\" content=\"https:\/\/www.fiscalia.gov.co\/colombia\/wp-content\/uploads\/capturada-familia-homicidio-tentado-carmen-de-apicala.jpeg\" \/>\n<meta name=\"author\" content=\"Katherine Loaiza Mart\u00ednez\" \/>\n<meta name=\"twitter:card\" content=\"summary_large_image\" \/>\n<meta name=\"twitter:creator\" content=\"@FiscaliaCol\" \/>\n<meta name=\"twitter:site\" content=\"@FiscaliaCol\" \/>\n<meta name=\"twitter:label1\" content=\"Escrito por\" \/>\n\t<meta name=\"twitter:data1\" content=\"Katherine Loaiza Mart\u00ednez\" \/>\n\t<meta name=\"twitter:label2\" content=\"Tiempo de lectura\" \/>\n\t<meta name=\"twitter:data2\" content=\"2 minutos\" \/>\n<script type=\"application\/ld+json\" class=\"yoast-schema-graph\">{\"@context\":\"https:\/\/schema.org\",\"@graph\":[{\"@type\":\"Article\",\"@id\":\"https:\/\/www.fiscalia.gov.co\/colombia\/noticias\/a-la-carcel-cinco-personas-de-una-familia-por-presunta-participacion-en-tentativa-de-homicidio-contra-una-madre-y-su-hija-adolescente\/#article\",\"isPartOf\":{\"@id\":\"https:\/\/www.fiscalia.gov.co\/colombia\/noticias\/a-la-carcel-cinco-personas-de-una-familia-por-presunta-participacion-en-tentativa-de-homicidio-contra-una-madre-y-su-hija-adolescente\/\"},\"author\":{\"name\":\"Katherine Loaiza Mart\u00ednez\",\"@id\":\"https:\/\/www.fiscalia.gov.co\/colombia\/#\/schema\/person\/2e76b9aba5ecf875ed565ce4de0e0415\"},\"headline\":\"A la c\u00e1rcel cinco personas de una familia por presunta participaci\u00f3n en tentativa de homicidio contra una madre y su hija adolescente\",\"datePublished\":\"2023-06-14T22:48:14+00:00\",\"dateModified\":\"2023-06-14T22:48:14+00:00\",\"mainEntityOfPage\":{\"@id\":\"https:\/\/www.fiscalia.gov.co\/colombia\/noticias\/a-la-carcel-cinco-personas-de-una-familia-por-presunta-participacion-en-tentativa-de-homicidio-contra-una-madre-y-su-hija-adolescente\/\"},\"wordCount\":400,\"publisher\":{\"@id\":\"https:\/\/www.fiscalia.gov.co\/colombia\/#organization\"},\"image\":{\"@id\":\"https:\/\/www.fiscalia.gov.co\/colombia\/noticias\/a-la-carcel-cinco-personas-de-una-familia-por-presunta-participacion-en-tentativa-de-homicidio-contra-una-madre-y-su-hija-adolescente\/#primaryimage\"},\"thumbnailUrl\":\"https:\/\/www.fiscalia.gov.co\/colombia\/wp-content\/uploads\/capturada-familia-homicidio-tentado-carmen-de-apicala.jpeg\",\"keywords\":[\"Agresi\u00f3n\",\"Ataque\",\"C\u00e1rcel\",\"Carmen de Apical\u00e1\",\"CTI\",\"cuchillo\",\"Familia\",\"Fiscal\u00eda General de la Naci\u00f3n\",\"Fuerza A\u00e9rea\",\"Homicidio tentado\",\"Icononzo\",\"machete\",\"madre e hija\",\"Melgar\",\"Polic\u00eda\",\"Ri\u00f1a\",\"Tolima\",\"vecinos\"],\"articleSection\":[\"Noticias\",\"Seccional Ibagu\u00e9\",\"Seguridad territorial\"],\"inLanguage\":\"es-CO\"},{\"@type\":\"WebPage\",\"@id\":\"https:\/\/www.fiscalia.gov.co\/colombia\/noticias\/a-la-carcel-cinco-personas-de-una-familia-por-presunta-participacion-en-tentativa-de-homicidio-contra-una-madre-y-su-hija-adolescente\/\",\"url\":\"https:\/\/www.fiscalia.gov.co\/colombia\/noticias\/a-la-carcel-cinco-personas-de-una-familia-por-presunta-participacion-en-tentativa-de-homicidio-contra-una-madre-y-su-hija-adolescente\/\",\"name\":\"Fiscal\u00eda General de la Naci\u00f3n\",\"isPartOf\":{\"@id\":\"https:\/\/www.fiscalia.gov.co\/colombia\/#website\"},\"primaryImageOfPage\":{\"@id\":\"https:\/\/www.fiscalia.gov.co\/colombia\/noticias\/a-la-carcel-cinco-personas-de-una-familia-por-presunta-participacion-en-tentativa-de-homicidio-contra-una-madre-y-su-hija-adolescente\/#primaryimage\"},\"image\":{\"@id\":\"https:\/\/www.fiscalia.gov.co\/colombia\/noticias\/a-la-carcel-cinco-personas-de-una-familia-por-presunta-participacion-en-tentativa-de-homicidio-contra-una-madre-y-su-hija-adolescente\/#primaryimage\"},\"thumbnailUrl\":\"https:\/\/www.fiscalia.gov.co\/colombia\/wp-content\/uploads\/capturada-familia-homicidio-tentado-carmen-de-apicala.jpeg\",\"datePublished\":\"2023-06-14T22:48:14+00:00\",\"dateModified\":\"2023-06-14T22:48:14+00:00\",\"description\":\"P\u00e1gina oficial de la Fiscal\u00eda General de la Naci\u00f3n \u2013 Colombia. Garantizamos el acceso efectivo a la justicia, la verdad y la reparaci\u00f3n de las v\u00edctimas de los delitos.\",\"breadcrumb\":{\"@id\":\"https:\/\/www.fiscalia.gov.co\/colombia\/noticias\/a-la-carcel-cinco-personas-de-una-familia-por-presunta-participacion-en-tentativa-de-homicidio-contra-una-madre-y-su-hija-adolescente\/#breadcrumb\"},\"inLanguage\":\"es-CO\",\"potentialAction\":[{\"@type\":\"ReadAction\",\"target\":[\"https:\/\/www.fiscalia.gov.co\/colombia\/noticias\/a-la-carcel-cinco-personas-de-una-familia-por-presunta-participacion-en-tentativa-de-homicidio-contra-una-madre-y-su-hija-adolescente\/\"]}]},{\"@type\":\"ImageObject\",\"inLanguage\":\"es-CO\",\"@id\":\"https:\/\/www.fiscalia.gov.co\/colombia\/noticias\/a-la-carcel-cinco-personas-de-una-familia-por-presunta-participacion-en-tentativa-de-homicidio-contra-una-madre-y-su-hija-adolescente\/#primaryimage\",\"url\":\"https:\/\/www.fiscalia.gov.co\/colombia\/wp-content\/uploads\/capturada-familia-homicidio-tentado-carmen-de-apicala.jpeg\",\"contentUrl\":\"https:\/\/www.fiscalia.gov.co\/colombia\/wp-content\/uploads\/capturada-familia-homicidio-tentado-carmen-de-apicala.jpeg\",\"width\":1600,\"height\":1200,\"caption\":\"Imputados por el delito de homicidio agravado tentado, del que fueron viictimas una mujer de 48 a\u00f1os y su hija de 17.\"},{\"@type\":\"BreadcrumbList\",\"@id\":\"https:\/\/www.fiscalia.gov.co\/colombia\/noticias\/a-la-carcel-cinco-personas-de-una-familia-por-presunta-participacion-en-tentativa-de-homicidio-contra-una-madre-y-su-hija-adolescente\/#breadcrumb\",\"itemListElement\":[{\"@type\":\"ListItem\",\"position\":1,\"name\":\"Home\",\"item\":\"https:\/\/www.fiscalia.gov.co\/colombia\/\"},{\"@type\":\"ListItem\",\"position\":2,\"name\":\"A la c\u00e1rcel cinco personas de una familia por presunta participaci\u00f3n en tentativa de homicidio contra una madre y su hija adolescente\"}]},{\"@type\":\"WebSite\",\"@id\":\"https:\/\/www.fiscalia.gov.co\/colombia\/#website\",\"url\":\"https:\/\/www.fiscalia.gov.co\/colombia\/\",\"name\":\"Fiscal\u00eda General de la Naci\u00f3n\",\"description\":\"P\u00e1gina oficial de la Fiscal\u00eda General de la Naci\u00f3n \u2013 Colombia. Garantizamos el acceso efectivo a la justicia, la verdad y la reparaci\u00f3n de las v\u00edctimas de los delitos.\",\"publisher\":{\"@id\":\"https:\/\/www.fiscalia.gov.co\/colombia\/#organization\"},\"potentialAction\":[{\"@type\":\"SearchAction\",\"target\":{\"@type\":\"EntryPoint\",\"urlTemplate\":\"https:\/\/www.fiscalia.gov.co\/colombia\/?s={search_term_string}\"},\"query-input\":{\"@type\":\"PropertyValueSpecification\",\"valueRequired\":true,\"valueName\":\"search_term_string\"}}],\"inLanguage\":\"es-CO\"},{\"@type\":\"Organization\",\"@id\":\"https:\/\/www.fiscalia.gov.co\/colombia\/#organization\",\"name\":\"Fiscal\u00eda General de la Naci\u00f3n\",\"url\":\"https:\/\/www.fiscalia.gov.co\/colombia\/\",\"logo\":{\"@type\":\"ImageObject\",\"inLanguage\":\"es-CO\",\"@id\":\"https:\/\/www.fiscalia.gov.co\/colombia\/#\/schema\/logo\/image\/\",\"url\":\"https:\/\/www.fiscalia.gov.co\/colombia\/wp-content\/uploads\/LogoHorizontal_1.jpg\",\"contentUrl\":\"https:\/\/www.fiscalia.gov.co\/colombia\/wp-content\/uploads\/LogoHorizontal_1.jpg\",\"width\":300,\"height\":90,\"caption\":\"Fiscal\u00eda General de la Naci\u00f3n\"},\"image\":{\"@id\":\"https:\/\/www.fiscalia.gov.co\/colombia\/#\/schema\/logo\/image\/\"},\"sameAs\":[\"https:\/\/www.facebook.com\/FiscaliaCol\",\"https:\/\/x.com\/FiscaliaCol\",\"https:\/\/www.instagram.com\/fiscaliacol\",\"https:\/\/www.linkedin.com\/company\/fiscalia-general-de-la-naci-n\/\",\"https:\/\/youtube.com\/@fiscaliageneraldelanacion-4668?si=6nN79nyQICPU5iTh\"]},{\"@type\":\"Person\",\"@id\":\"https:\/\/www.fiscalia.gov.co\/colombia\/#\/schema\/person\/2e76b9aba5ecf875ed565ce4de0e0415\",\"name\":\"Katherine Loaiza Mart\u00ednez\",\"image\":{\"@type\":\"ImageObject\",\"inLanguage\":\"es-CO\",\"@id\":\"https:\/\/www.fiscalia.gov.co\/colombia\/#\/schema\/person\/image\/\",\"url\":\"https:\/\/secure.gravatar.com\/avatar\/ab775a2f394c1b83b6d6f78680e57b50?s=96&d=mm&r=g\",\"contentUrl\":\"https:\/\/secure.gravatar.com\/avatar\/ab775a2f394c1b83b6d6f78680e57b50?s=96&d=mm&r=g\",\"caption\":\"Katherine Loaiza Mart\u00ednez\"},\"url\":\"https:\/\/www.fiscalia.gov.co\/colombia\/author\/kloaiza\/\"}]}<\/script>\n<!-- \/ Yoast SEO plugin. -->","yoast_head_json":{"title":"Fiscal\u00eda General de la Naci\u00f3n","description":"P\u00e1gina oficial de la Fiscal\u00eda General de la Naci\u00f3n \u2013 Colombia. Garantizamos el acceso efectivo a la justicia, la verdad y la reparaci\u00f3n de las v\u00edctimas de los delitos.","robots":{"index":"noindex","follow":"follow"},"og_locale":"es_ES","og_type":"article","og_title":"Fiscal\u00eda General de la Naci\u00f3n","og_description":"P\u00e1gina oficial de la Fiscal\u00eda General de la Naci\u00f3n \u2013 Colombia. Garantizamos el acceso efectivo a la justicia, la verdad y la reparaci\u00f3n de las v\u00edctimas de los delitos.","og_url":"https:\/\/www.fiscalia.gov.co\/colombia\/noticias\/a-la-carcel-cinco-personas-de-una-familia-por-presunta-participacion-en-tentativa-de-homicidio-contra-una-madre-y-su-hija-adolescente\/","og_site_name":"Fiscal\u00eda General de la Naci\u00f3n","article_publisher":"https:\/\/www.facebook.com\/FiscaliaCol","article_published_time":"2023-06-14T22:48:14+00:00","og_image":[{"url":"https:\/\/www.fiscalia.gov.co\/colombia\/wp-content\/uploads\/capturada-familia-homicidio-tentado-carmen-de-apicala.jpeg","type":"","width":"","height":""}],"author":"Katherine Loaiza Mart\u00ednez","twitter_card":"summary_large_image","twitter_creator":"@FiscaliaCol","twitter_site":"@FiscaliaCol","twitter_misc":{"Escrito por":"Katherine Loaiza Mart\u00ednez","Tiempo de lectura":"2 minutos"},"schema":{"@context":"https:\/\/schema.org","@graph":[{"@type":"Article","@id":"https:\/\/www.fiscalia.gov.co\/colombia\/noticias\/a-la-carcel-cinco-personas-de-una-familia-por-presunta-participacion-en-tentativa-de-homicidio-contra-una-madre-y-su-hija-adolescente\/#article","isPartOf":{"@id":"https:\/\/www.fiscalia.gov.co\/colombia\/noticias\/a-la-carcel-cinco-personas-de-una-familia-por-presunta-participacion-en-tentativa-de-homicidio-contra-una-madre-y-su-hija-adolescente\/"},"author":{"name":"Katherine Loaiza Mart\u00ednez","@id":"https:\/\/www.fiscalia.gov.co\/colombia\/#\/schema\/person\/2e76b9aba5ecf875ed565ce4de0e0415"},"headline":"A la c\u00e1rcel cinco personas de una familia por presunta participaci\u00f3n en tentativa de homicidio contra una madre y su hija adolescente","datePublished":"2023-06-14T22:48:14+00:00","dateModified":"2023-06-14T22:48:14+00:00","mainEntityOfPage":{"@id":"https:\/\/www.fiscalia.gov.co\/colombia\/noticias\/a-la-carcel-cinco-personas-de-una-familia-por-presunta-participacion-en-tentativa-de-homicidio-contra-una-madre-y-su-hija-adolescente\/"},"wordCount":400,"publisher":{"@id":"https:\/\/www.fiscalia.gov.co\/colombia\/#organization"},"image":{"@id":"https:\/\/www.fiscalia.gov.co\/colombia\/noticias\/a-la-carcel-cinco-personas-de-una-familia-por-presunta-participacion-en-tentativa-de-homicidio-contra-una-madre-y-su-hija-adolescente\/#primaryimage"},"thumbnailUrl":"https:\/\/www.fiscalia.gov.co\/colombia\/wp-content\/uploads\/capturada-familia-homicidio-tentado-carmen-de-apicala.jpeg","keywords":["Agresi\u00f3n","Ataque","C\u00e1rcel","Carmen de Apical\u00e1","CTI","cuchillo","Familia","Fiscal\u00eda General de la Naci\u00f3n","Fuerza A\u00e9rea","Homicidio tentado","Icononzo","machete","madre e hija","Melgar","Polic\u00eda","Ri\u00f1a","Tolima","vecinos"],"articleSection":["Noticias","Seccional Ibagu\u00e9","Seguridad territorial"],"inLanguage":"es-CO"},{"@type":"WebPage","@id":"https:\/\/www.fiscalia.gov.co\/colombia\/noticias\/a-la-carcel-cinco-personas-de-una-familia-por-presunta-participacion-en-tentativa-de-homicidio-contra-una-madre-y-su-hija-adolescente\/","url":"https:\/\/www.fiscalia.gov.co\/colombia\/noticias\/a-la-carcel-cinco-personas-de-una-familia-por-presunta-participacion-en-tentativa-de-homicidio-contra-una-madre-y-su-hija-adolescente\/","name":"Fiscal\u00eda General de la Naci\u00f3n","isPartOf":{"@id":"https:\/\/www.fiscalia.gov.co\/colombia\/#website"},"primaryImageOfPage":{"@id":"https:\/\/www.fiscalia.gov.co\/colombia\/noticias\/a-la-carcel-cinco-personas-de-una-familia-por-presunta-participacion-en-tentativa-de-homicidio-contra-una-madre-y-su-hija-adolescente\/#primaryimage"},"image":{"@id":"https:\/\/www.fiscalia.gov.co\/colombia\/noticias\/a-la-carcel-cinco-personas-de-una-familia-por-presunta-participacion-en-tentativa-de-homicidio-contra-una-madre-y-su-hija-adolescente\/#primaryimage"},"thumbnailUrl":"https:\/\/www.fiscalia.gov.co\/colombia\/wp-content\/uploads\/capturada-familia-homicidio-tentado-carmen-de-apicala.jpeg","datePublished":"2023-06-14T22:48:14+00:00","dateModified":"2023-06-14T22:48:14+00:00","description":"P\u00e1gina oficial de la Fiscal\u00eda General de la Naci\u00f3n \u2013 Colombia. Garantizamos el acceso efectivo a la justicia, la verdad y la reparaci\u00f3n de las v\u00edctimas de los delitos.","breadcrumb":{"@id":"https:\/\/www.fiscalia.gov.co\/colombia\/noticias\/a-la-carcel-cinco-personas-de-una-familia-por-presunta-participacion-en-tentativa-de-homicidio-contra-una-madre-y-su-hija-adolescente\/#breadcrumb"},"inLanguage":"es-CO","potentialAction":[{"@type":"ReadAction","target":["https:\/\/www.fiscalia.gov.co\/colombia\/noticias\/a-la-carcel-cinco-personas-de-una-familia-por-presunta-participacion-en-tentativa-de-homicidio-contra-una-madre-y-su-hija-adolescente\/"]}]},{"@type":"ImageObject","inLanguage":"es-CO","@id":"https:\/\/www.fiscalia.gov.co\/colombia\/noticias\/a-la-carcel-cinco-personas-de-una-familia-por-presunta-participacion-en-tentativa-de-homicidio-contra-una-madre-y-su-hija-adolescente\/#primaryimage","url":"https:\/\/www.fiscalia.gov.co\/colombia\/wp-content\/uploads\/capturada-familia-homicidio-tentado-carmen-de-apicala.jpeg","contentUrl":"https:\/\/www.fiscalia.gov.co\/colombia\/wp-content\/uploads\/capturada-familia-homicidio-tentado-carmen-de-apicala.jpeg","width":1600,"height":1200,"caption":"Imputados por el delito de homicidio agravado tentado, del que fueron viictimas una mujer de 48 a\u00f1os y su hija de 17."},{"@type":"BreadcrumbList","@id":"https:\/\/www.fiscalia.gov.co\/colombia\/noticias\/a-la-carcel-cinco-personas-de-una-familia-por-presunta-participacion-en-tentativa-de-homicidio-contra-una-madre-y-su-hija-adolescente\/#breadcrumb","itemListElement":[{"@type":"ListItem","position":1,"name":"Home","item":"https:\/\/www.fiscalia.gov.co\/colombia\/"},{"@type":"ListItem","position":2,"name":"A la c\u00e1rcel cinco personas de una familia por presunta participaci\u00f3n en tentativa de homicidio contra una madre y su hija adolescente"}]},{"@type":"WebSite","@id":"https:\/\/www.fiscalia.gov.co\/colombia\/#website","url":"https:\/\/www.fiscalia.gov.co\/colombia\/","name":"Fiscal\u00eda General de la Naci\u00f3n","description":"P\u00e1gina oficial de la Fiscal\u00eda General de la Naci\u00f3n \u2013 Colombia. Garantizamos el acceso efectivo a la justicia, la verdad y la reparaci\u00f3n de las v\u00edctimas de los delitos.","publisher":{"@id":"https:\/\/www.fiscalia.gov.co\/colombia\/#organization"},"potentialAction":[{"@type":"SearchAction","target":{"@type":"EntryPoint","urlTemplate":"https:\/\/www.fiscalia.gov.co\/colombia\/?s={search_term_string}"},"query-input":{"@type":"PropertyValueSpecification","valueRequired":true,"valueName":"search_term_string"}}],"inLanguage":"es-CO"},{"@type":"Organization","@id":"https:\/\/www.fiscalia.gov.co\/colombia\/#organization","name":"Fiscal\u00eda General de la Naci\u00f3n","url":"https:\/\/www.fiscalia.gov.co\/colombia\/","logo":{"@type":"ImageObject","inLanguage":"es-CO","@id":"https:\/\/www.fiscalia.gov.co\/colombia\/#\/schema\/logo\/image\/","url":"https:\/\/www.fiscalia.gov.co\/colombia\/wp-content\/uploads\/LogoHorizontal_1.jpg","contentUrl":"https:\/\/www.fiscalia.gov.co\/colombia\/wp-content\/uploads\/LogoHorizontal_1.jpg","width":300,"height":90,"caption":"Fiscal\u00eda General de la Naci\u00f3n"},"image":{"@id":"https:\/\/www.fiscalia.gov.co\/colombia\/#\/schema\/logo\/image\/"},"sameAs":["https:\/\/www.facebook.com\/FiscaliaCol","https:\/\/x.com\/FiscaliaCol","https:\/\/www.instagram.com\/fiscaliacol","https:\/\/www.linkedin.com\/company\/fiscalia-general-de-la-naci-n\/","https:\/\/youtube.com\/@fiscaliageneraldelanacion-4668?si=6nN79nyQICPU5iTh"]},{"@type":"Person","@id":"https:\/\/www.fiscalia.gov.co\/colombia\/#\/schema\/person\/2e76b9aba5ecf875ed565ce4de0e0415","name":"Katherine Loaiza Mart\u00ednez","image":{"@type":"ImageObject","inLanguage":"es-CO","@id":"https:\/\/www.fiscalia.gov.co\/colombia\/#\/schema\/person\/image\/","url":"https:\/\/secure.gravatar.com\/avatar\/ab775a2f394c1b83b6d6f78680e57b50?s=96&d=mm&r=g","contentUrl":"https:\/\/secure.gravatar.com\/avatar\/ab775a2f394c1b83b6d6f78680e57b50?s=96&d=mm&r=g","caption":"Katherine Loaiza Mart\u00ednez"},"url":"https:\/\/www.fiscalia.gov.co\/colombia\/author\/kloaiza\/"}]}},"_links":{"self":[{"href":"https:\/\/www.fiscalia.gov.co\/colombia\/wp-json\/wp\/v2\/posts\/273419","targetHints":{"allow":["GET"]}}],"collection":[{"href":"https:\/\/www.fiscalia.gov.co\/colombia\/wp-json\/wp\/v2\/posts"}],"about":[{"href":"https:\/\/www.fiscalia.gov.co\/colombia\/wp-json\/wp\/v2\/types\/post"}],"author":[{"embeddable":true,"href":"https:\/\/www.fiscalia.gov.co\/colombia\/wp-json\/wp\/v2\/users\/175"}],"replies":[{"embeddable":true,"href":"https:\/\/www.fiscalia.gov.co\/colombia\/wp-json\/wp\/v2\/comments?post=273419"}],"version-history":[{"count":1,"href":"https:\/\/www.fiscalia.gov.co\/colombia\/wp-json\/wp\/v2\/posts\/273419\/revisions"}],"predecessor-version":[{"id":273421,"href":"https:\/\/www.fiscalia.gov.co\/colombia\/wp-json\/wp\/v2\/posts\/273419\/revisions\/273421"}],"wp:attachment":[{"href":"https:\/\/www.fiscalia.gov.co\/colombia\/wp-json\/wp\/v2\/media?parent=273419"}],"wp:term":[{"taxonomy":"category","embeddable":true,"href":"https:\/\/www.fiscalia.gov.co\/colombia\/wp-json\/wp\/v2\/categories?post=273419"},{"taxonomy":"post_tag","embeddable":true,"href":"https:\/\/www.fiscalia.gov.co\/colombia\/wp-json\/wp\/v2\/tags?post=273419"}],"curies":[{"name":"wp","href":"https:\/\/api.w.org\/{rel}","templated":true}]}}