{"id":273323,"date":"2023-06-13T17:10:45","date_gmt":"2023-06-13T22:10:45","guid":{"rendered":"https:\/\/www.fiscalia.gov.co\/colombia\/?p=273323"},"modified":"2023-06-13T17:10:45","modified_gmt":"2023-06-13T22:10:45","slug":"judicializado-un-quinto-implicado-en-el-homicidio-de-un-concejal-en-cunday-tolima","status":"publish","type":"post","link":"https:\/\/www.fiscalia.gov.co\/colombia\/noticias\/judicializado-un-quinto-implicado-en-el-homicidio-de-un-concejal-en-cunday-tolima\/","title":{"rendered":"Judicializado un quinto implicado en el homicidio de un concejal en Cunday (Tolima)"},"content":{"rendered":"<p style=\"font-weight: 400;\">La Fiscal\u00eda General de la Naci\u00f3n, a trav\u00e9s de un despacho local de Cunday (Tolima), imput\u00f3 cargos a V\u00edctor Alfonso Mart\u00ednez Jim\u00e9nez por su presunta responsabilidad en el homicidio del concejal Geovanny Alirio Oliveros Mayorga, de Cunday (Tolima).<\/p>\n<p style=\"font-weight: 400;\">El hombre, conocido con el alias el Meca,\u00a0habr\u00eda planeado con otras personas el ingreso a la vivienda de la v\u00edctima para perpetrar un\u00a0 hurto.<\/p>\n<p style=\"font-weight: 400;\">El concejal se encontraba el 11 de febrero de 2020 en su residencia cuando fue sorprendido por varios sujetos que ingresaron por la parte posterior del inmueble,\u00a0 con el fin de apropiarse de $15 millones que sab\u00edan ten\u00eda en su poder.<\/p>\n<p style=\"font-weight: 400;\">Los delincuentes no contaban con que el edil ya hab\u00eda gastado $10 millones en materiales para una construcci\u00f3n que pensaba llevar a cabo.\u00a0Y tras no poder entregar la totalidad del dinero le dispararon en repetidas ocasiones.<\/p>\n<p style=\"font-weight: 400;\">Cabe resaltar que\u00a0por este homicidio fueron condenados a 20 a\u00f1os de prisi\u00f3n\u00a0Omar Restrepo Perdomo y Brayan David Quintero Castro. Y tambi\u00e9n est\u00e1n siendo judicializados los hermanos Andr\u00e9s Leonardo y Jonathan Yair Tovar Leyva.<\/p>\n<figure id=\"attachment_273325\" aria-describedby=\"caption-attachment-273325\" style=\"width: 359px\" class=\"wp-caption aligncenter\"><img loading=\"lazy\" decoding=\"async\" class=\" wp-image-273325\" src=\"https:\/\/www.fiscalia.gov.co\/colombia\/wp-content\/uploads\/Omar-Restrepo-Perdomo-y-Brayan-David-Quintero-Castro-cunday-concejal-homicidio-300x252.jpeg\" alt=\"en la imagen se ven dos hombres detenidos bajo custodia de dos integrantes de la Polic\u00eda Nacional y uno del Ej\u00e9rcito. Detr\u00e1s suyo un backing de la Polic\u00eda.\" width=\"359\" height=\"302\" srcset=\"https:\/\/www.fiscalia.gov.co\/colombia\/wp-content\/uploads\/Omar-Restrepo-Perdomo-y-Brayan-David-Quintero-Castro-cunday-concejal-homicidio-300x252.jpeg 300w, https:\/\/www.fiscalia.gov.co\/colombia\/wp-content\/uploads\/Omar-Restrepo-Perdomo-y-Brayan-David-Quintero-Castro-cunday-concejal-homicidio-1024x860.jpeg 1024w, https:\/\/www.fiscalia.gov.co\/colombia\/wp-content\/uploads\/Omar-Restrepo-Perdomo-y-Brayan-David-Quintero-Castro-cunday-concejal-homicidio-768x645.jpeg 768w, https:\/\/www.fiscalia.gov.co\/colombia\/wp-content\/uploads\/Omar-Restrepo-Perdomo-y-Brayan-David-Quintero-Castro-cunday-concejal-homicidio-1536x1290.jpeg 1536w, https:\/\/www.fiscalia.gov.co\/colombia\/wp-content\/uploads\/Omar-Restrepo-Perdomo-y-Brayan-David-Quintero-Castro-cunday-concejal-homicidio-696x585.jpeg 696w, https:\/\/www.fiscalia.gov.co\/colombia\/wp-content\/uploads\/Omar-Restrepo-Perdomo-y-Brayan-David-Quintero-Castro-cunday-concejal-homicidio-1068x897.jpeg 1068w, https:\/\/www.fiscalia.gov.co\/colombia\/wp-content\/uploads\/Omar-Restrepo-Perdomo-y-Brayan-David-Quintero-Castro-cunday-concejal-homicidio-500x420.jpeg 500w, https:\/\/www.fiscalia.gov.co\/colombia\/wp-content\/uploads\/Omar-Restrepo-Perdomo-y-Brayan-David-Quintero-Castro-cunday-concejal-homicidio.jpeg 1600w\" sizes=\"auto, (max-width: 359px) 100vw, 359px\" \/><figcaption id=\"caption-attachment-273325\" class=\"wp-caption-text\">Omar Restrepo Perdomo y Brayan David Quintero Castro fueron los primeros detenidos por el homicidio del concejal Oliveros Mayorga. En la actualidad purgan una condena de 20 a\u00f1os de prisi\u00f3n.<\/figcaption><\/figure>\n<p style=\"font-weight: 400;\">La Fiscal\u00eda imput\u00f3 a\u00a0Mart\u00ednez Jim\u00e9nez por los\u00a0delitos de homicidio, porte ilegal de armas y hurto calificado, todos agravados.<\/p>\n<figure id=\"attachment_273327\" aria-describedby=\"caption-attachment-273327\" style=\"width: 387px\" class=\"wp-caption aligncenter\"><img loading=\"lazy\" decoding=\"async\" class=\" wp-image-273327\" src=\"https:\/\/www.fiscalia.gov.co\/colombia\/wp-content\/uploads\/hermanos-homicidio-concejal-cunday-300x225.jpeg\" alt=\" En la imagen se ven dos personas detenidas bajo custodia de dos integrantes de la Polic\u00eda Nacional. Detr\u00e1s suyo un backing de la instituci\u00f3n.\" width=\"387\" height=\"290\" srcset=\"https:\/\/www.fiscalia.gov.co\/colombia\/wp-content\/uploads\/hermanos-homicidio-concejal-cunday-300x225.jpeg 300w, https:\/\/www.fiscalia.gov.co\/colombia\/wp-content\/uploads\/hermanos-homicidio-concejal-cunday-696x523.jpeg 696w, https:\/\/www.fiscalia.gov.co\/colombia\/wp-content\/uploads\/hermanos-homicidio-concejal-cunday-559x420.jpeg 559w, https:\/\/www.fiscalia.gov.co\/colombia\/wp-content\/uploads\/hermanos-homicidio-concejal-cunday-80x60.jpeg 80w, https:\/\/www.fiscalia.gov.co\/colombia\/wp-content\/uploads\/hermanos-homicidio-concejal-cunday-265x198.jpeg 265w, https:\/\/www.fiscalia.gov.co\/colombia\/wp-content\/uploads\/hermanos-homicidio-concejal-cunday.jpeg 768w\" sizes=\"auto, (max-width: 387px) 100vw, 387px\" \/><figcaption id=\"caption-attachment-273327\" class=\"wp-caption-text\">Los hermanos Tovar Leyva se enfrentar\u00e1n a juicio en los pr\u00f3ximos d\u00edas por el homicidio en medio de un hurto del Concejal en el a\u00f1o 2020.<\/figcaption><\/figure>\n<p style=\"font-weight: 400;\">Actualmente el imputado se encuentra detenido en una c\u00e1rcel en Santa Rosa de Viterbo (Boyac\u00e1) purgando una condena por otros hechos.<\/p>\n<p><strong>La Fiscal\u00eda habla con resultados.<\/strong><\/p>\n<p style=\"font-weight: 400;\">PAAM\/CFG\/BPM\/AMBV\/DST<\/p>\n<p style=\"font-weight: 400;\">\n<p style=\"font-weight: 400;\">Tambi\u00e9n le puede interesar:<\/p>\n<p style=\"font-weight: 400;\"><a href=\"https:\/\/www.fiscalia.gov.co\/colombia\/noticias\/asegurados-dos-hermanos-por-su-presunta-participacion-en-el-homicidio-de-un-concejal-de-cunday-tolima\/\" data-saferedirecturl=\"https:\/\/www.google.com\/url?q=https:\/\/www.fiscalia.gov.co\/colombia\/noticias\/asegurados-dos-hermanos-por-su-presunta-participacion-en-el-homicidio-de-un-concejal-de-cunday-tolima\/&amp;source=gmail&amp;ust=1686779674709000&amp;usg=AOvVaw3RbsPESAtj3Nsx3I6pThIi\">https:\/\/www.fiscalia.gov.co\/colombia\/noticias\/asegurados-dos-hermanos-por-su-presunta-participacion-en-el-homicidio-de-un-concejal-de-cunday-tolima\/<\/a><\/p>\n<p style=\"font-weight: 400;\"><a href=\"https:\/\/www.fiscalia.gov.co\/colombia\/seccionales\/presuntos-homicidas-de-concejal-de-cunday-tolima-fueron-enviados-a-la-carcel\/\" data-saferedirecturl=\"https:\/\/www.google.com\/url?q=https:\/\/www.fiscalia.gov.co\/colombia\/seccionales\/presuntos-homicidas-de-concejal-de-cunday-tolima-fueron-enviados-a-la-carcel\/&amp;source=gmail&amp;ust=1686779674709000&amp;usg=AOvVaw155gQlAPdyH8DxyUfIspVb\">https:\/\/www.fiscalia.gov.co\/colombia\/seccionales\/presuntos-homicidas-de-concejal-de-cunday-tolima-fueron-enviados-a-la-carcel\/<\/a><\/p>\n<p>&nbsp;<\/p>\n<p>&nbsp;<\/p>\n<p>&nbsp;<\/p>\n<p><i>La informaci\u00f3n contenida en este bolet\u00edn de prensa corresponde a la narraci\u00f3n de los hechos noticiosos objetivos, suministrados por los funcionarios encargados de adelantar las investigaciones penales al interior de la Fiscal\u00eda General de la Naci\u00f3n. Para el momento de la divulgaci\u00f3n de este comunicado, la situaci\u00f3n jur\u00eddica de la(s) persona(s) relacionada(s) se encuentra pendiente de resolver por la autoridad judicial competente, siempre bajo los preceptos de la presunci\u00f3n de inocencia, consagrados en el art\u00edculo 29 de la Constituci\u00f3n Pol\u00edtica y el art\u00edculo 7\u00ba de la Ley 906 de 2004.<\/i><\/p>\n\n<div class=\"twitter-share\"><a href=\"https:\/\/twitter.com\/intent\/tweet?via=fiscaliacol\" class=\"twitter-share-button\">Tweet<\/a><\/div>\n","protected":false},"excerpt":{"rendered":"<p>La Fiscal\u00eda General de la Naci\u00f3n, a trav\u00e9s de un despacho local de Cunday (Tolima), imput\u00f3 cargos a V\u00edctor Alfonso Mart\u00ednez Jim\u00e9nez por su presunta responsabilidad en el homicidio del concejal Geovanny Alirio Oliveros Mayorga, de Cunday (Tolima). El hombre, conocido con el alias el Meca,\u00a0habr\u00eda planeado con otras personas el ingreso a la vivienda [&hellip;]<\/p>\n","protected":false},"author":178,"featured_media":0,"comment_status":"closed","ping_status":"open","sticky":false,"template":"","format":"standard","meta":{"_price":"","_stock":"","_tribe_ticket_header":"","_tribe_default_ticket_provider":"","_tribe_ticket_capacity":"0","_ticket_start_date":"","_ticket_end_date":"","_tribe_ticket_show_description":"","_tribe_ticket_show_not_going":false,"_tribe_ticket_use_global_stock":"","_tribe_ticket_global_stock_level":"","_global_stock_mode":"","_global_stock_cap":"","_tribe_rsvp_for_event":"","_tribe_ticket_going_count":"","_tribe_ticket_not_going_count":"","_tribe_tickets_list":"[]","_tribe_ticket_has_attendee_info_fields":false,"tdm_status":"","tdm_grid_status":"","footnotes":""},"categories":[1,24099],"tags":[1029,293,45,26634,33287,26429,1047,34896,686,7451,13858,558,14844,24211,11101,975,12189],"class_list":{"0":"post-273323","1":"post","2":"type-post","3":"status-publish","4":"format-standard","6":"category-noticias","7":"category-seguridad-territorial","8":"tag-concejal","9":"tag-condena","10":"tag-cti","11":"tag-cunday","12":"tag-cunday-tolima","13":"tag-edil","14":"tag-fiscalia-general-de-la-nacion","15":"tag-hermanos-tovar-leyva","16":"tag-homicidio-agravado","17":"tag-hurto-calificado-y-agravado","18":"tag-imputacion","19":"tag-policia-nacional","20":"tag-porte-de-armas-de-fuego-agravado","21":"tag-seccional-tolima","22":"tag-seguridad-ciudadana","23":"tag-sentencia","24":"tag-tolima"},"yoast_head":"<!-- This site is optimized with the Yoast SEO plugin v24.3 - https:\/\/yoast.com\/wordpress\/plugins\/seo\/ -->\n<title>Fiscal\u00eda General de la Naci\u00f3n<\/title>\n<meta name=\"description\" content=\"P\u00e1gina oficial de la Fiscal\u00eda General de la Naci\u00f3n \u2013 Colombia. Garantizamos el acceso efectivo a la justicia, la verdad y la reparaci\u00f3n de las v\u00edctimas de los delitos.\" \/>\n<meta name=\"robots\" content=\"noindex, follow\" \/>\n<meta property=\"og:locale\" content=\"es_ES\" \/>\n<meta property=\"og:type\" content=\"article\" \/>\n<meta property=\"og:title\" content=\"Fiscal\u00eda General de la Naci\u00f3n\" \/>\n<meta property=\"og:description\" content=\"P\u00e1gina oficial de la Fiscal\u00eda General de la Naci\u00f3n \u2013 Colombia. Garantizamos el acceso efectivo a la justicia, la verdad y la reparaci\u00f3n de las v\u00edctimas de los delitos.\" \/>\n<meta property=\"og:url\" content=\"https:\/\/www.fiscalia.gov.co\/colombia\/noticias\/judicializado-un-quinto-implicado-en-el-homicidio-de-un-concejal-en-cunday-tolima\/\" \/>\n<meta property=\"og:site_name\" content=\"Fiscal\u00eda General de la Naci\u00f3n\" \/>\n<meta property=\"article:publisher\" content=\"https:\/\/www.facebook.com\/FiscaliaCol\" \/>\n<meta property=\"article:published_time\" content=\"2023-06-13T22:10:45+00:00\" \/>\n<meta property=\"og:image\" content=\"https:\/\/www.fiscalia.gov.co\/colombia\/wp-content\/uploads\/Omar-Restrepo-Perdomo-y-Brayan-David-Quintero-Castro-cunday-concejal-homicidio-300x252.jpeg\" \/>\n<meta name=\"author\" content=\"Winnie Geraldine Rodr\u00edguez Navarrete\" \/>\n<meta name=\"twitter:card\" content=\"summary_large_image\" \/>\n<meta name=\"twitter:creator\" content=\"@FiscaliaCol\" \/>\n<meta name=\"twitter:site\" content=\"@FiscaliaCol\" \/>\n<meta name=\"twitter:label1\" content=\"Escrito por\" \/>\n\t<meta name=\"twitter:data1\" content=\"Winnie Geraldine Rodr\u00edguez Navarrete\" \/>\n\t<meta name=\"twitter:label2\" content=\"Tiempo de lectura\" \/>\n\t<meta name=\"twitter:data2\" content=\"2 minutos\" \/>\n<script type=\"application\/ld+json\" class=\"yoast-schema-graph\">{\"@context\":\"https:\/\/schema.org\",\"@graph\":[{\"@type\":\"Article\",\"@id\":\"https:\/\/www.fiscalia.gov.co\/colombia\/noticias\/judicializado-un-quinto-implicado-en-el-homicidio-de-un-concejal-en-cunday-tolima\/#article\",\"isPartOf\":{\"@id\":\"https:\/\/www.fiscalia.gov.co\/colombia\/noticias\/judicializado-un-quinto-implicado-en-el-homicidio-de-un-concejal-en-cunday-tolima\/\"},\"author\":{\"name\":\"Winnie Geraldine Rodr\u00edguez Navarrete\",\"@id\":\"https:\/\/www.fiscalia.gov.co\/colombia\/#\/schema\/person\/176195b99ebab0a52aafa15197e1bf80\"},\"headline\":\"Judicializado un quinto implicado en el homicidio de un concejal en Cunday (Tolima)\",\"datePublished\":\"2023-06-13T22:10:45+00:00\",\"dateModified\":\"2023-06-13T22:10:45+00:00\",\"mainEntityOfPage\":{\"@id\":\"https:\/\/www.fiscalia.gov.co\/colombia\/noticias\/judicializado-un-quinto-implicado-en-el-homicidio-de-un-concejal-en-cunday-tolima\/\"},\"wordCount\":457,\"publisher\":{\"@id\":\"https:\/\/www.fiscalia.gov.co\/colombia\/#organization\"},\"image\":{\"@id\":\"https:\/\/www.fiscalia.gov.co\/colombia\/noticias\/judicializado-un-quinto-implicado-en-el-homicidio-de-un-concejal-en-cunday-tolima\/#primaryimage\"},\"thumbnailUrl\":\"https:\/\/www.fiscalia.gov.co\/colombia\/wp-content\/uploads\/Omar-Restrepo-Perdomo-y-Brayan-David-Quintero-Castro-cunday-concejal-homicidio-300x252.jpeg\",\"keywords\":[\"Concejal\",\"Condena\",\"CTI\",\"Cunday\",\"Cunday (Tolima)\",\"edil.\",\"Fiscal\u00eda General de la Naci\u00f3n\",\"hermanos Tovar Leyva\",\"Homicidio agravado\",\"hurto calificado y agravado\",\"Imputaci\u00f3n\",\"Polic\u00eda Nacional\",\"porte de armas de fuego agravado\",\"Seccional Tolima\",\"Seguridad ciudadana\",\"Sentencia\",\"Tolima\"],\"articleSection\":[\"Noticias\",\"Seguridad territorial\"],\"inLanguage\":\"es-CO\"},{\"@type\":\"WebPage\",\"@id\":\"https:\/\/www.fiscalia.gov.co\/colombia\/noticias\/judicializado-un-quinto-implicado-en-el-homicidio-de-un-concejal-en-cunday-tolima\/\",\"url\":\"https:\/\/www.fiscalia.gov.co\/colombia\/noticias\/judicializado-un-quinto-implicado-en-el-homicidio-de-un-concejal-en-cunday-tolima\/\",\"name\":\"Fiscal\u00eda General de la Naci\u00f3n\",\"isPartOf\":{\"@id\":\"https:\/\/www.fiscalia.gov.co\/colombia\/#website\"},\"primaryImageOfPage\":{\"@id\":\"https:\/\/www.fiscalia.gov.co\/colombia\/noticias\/judicializado-un-quinto-implicado-en-el-homicidio-de-un-concejal-en-cunday-tolima\/#primaryimage\"},\"image\":{\"@id\":\"https:\/\/www.fiscalia.gov.co\/colombia\/noticias\/judicializado-un-quinto-implicado-en-el-homicidio-de-un-concejal-en-cunday-tolima\/#primaryimage\"},\"thumbnailUrl\":\"https:\/\/www.fiscalia.gov.co\/colombia\/wp-content\/uploads\/Omar-Restrepo-Perdomo-y-Brayan-David-Quintero-Castro-cunday-concejal-homicidio-300x252.jpeg\",\"datePublished\":\"2023-06-13T22:10:45+00:00\",\"dateModified\":\"2023-06-13T22:10:45+00:00\",\"description\":\"P\u00e1gina oficial de la Fiscal\u00eda General de la Naci\u00f3n \u2013 Colombia. Garantizamos el acceso efectivo a la justicia, la verdad y la reparaci\u00f3n de las v\u00edctimas de los delitos.\",\"breadcrumb\":{\"@id\":\"https:\/\/www.fiscalia.gov.co\/colombia\/noticias\/judicializado-un-quinto-implicado-en-el-homicidio-de-un-concejal-en-cunday-tolima\/#breadcrumb\"},\"inLanguage\":\"es-CO\",\"potentialAction\":[{\"@type\":\"ReadAction\",\"target\":[\"https:\/\/www.fiscalia.gov.co\/colombia\/noticias\/judicializado-un-quinto-implicado-en-el-homicidio-de-un-concejal-en-cunday-tolima\/\"]}]},{\"@type\":\"ImageObject\",\"inLanguage\":\"es-CO\",\"@id\":\"https:\/\/www.fiscalia.gov.co\/colombia\/noticias\/judicializado-un-quinto-implicado-en-el-homicidio-de-un-concejal-en-cunday-tolima\/#primaryimage\",\"url\":\"https:\/\/www.fiscalia.gov.co\/colombia\/wp-content\/uploads\/Omar-Restrepo-Perdomo-y-Brayan-David-Quintero-Castro-cunday-concejal-homicidio-300x252.jpeg\",\"contentUrl\":\"https:\/\/www.fiscalia.gov.co\/colombia\/wp-content\/uploads\/Omar-Restrepo-Perdomo-y-Brayan-David-Quintero-Castro-cunday-concejal-homicidio-300x252.jpeg\"},{\"@type\":\"BreadcrumbList\",\"@id\":\"https:\/\/www.fiscalia.gov.co\/colombia\/noticias\/judicializado-un-quinto-implicado-en-el-homicidio-de-un-concejal-en-cunday-tolima\/#breadcrumb\",\"itemListElement\":[{\"@type\":\"ListItem\",\"position\":1,\"name\":\"Home\",\"item\":\"https:\/\/www.fiscalia.gov.co\/colombia\/\"},{\"@type\":\"ListItem\",\"position\":2,\"name\":\"Judicializado un quinto implicado en el homicidio de un concejal en Cunday (Tolima)\"}]},{\"@type\":\"WebSite\",\"@id\":\"https:\/\/www.fiscalia.gov.co\/colombia\/#website\",\"url\":\"https:\/\/www.fiscalia.gov.co\/colombia\/\",\"name\":\"Fiscal\u00eda General de la Naci\u00f3n\",\"description\":\"P\u00e1gina oficial de la Fiscal\u00eda General de la Naci\u00f3n \u2013 Colombia. Garantizamos el acceso efectivo a la justicia, la verdad y la reparaci\u00f3n de las v\u00edctimas de los delitos.\",\"publisher\":{\"@id\":\"https:\/\/www.fiscalia.gov.co\/colombia\/#organization\"},\"potentialAction\":[{\"@type\":\"SearchAction\",\"target\":{\"@type\":\"EntryPoint\",\"urlTemplate\":\"https:\/\/www.fiscalia.gov.co\/colombia\/?s={search_term_string}\"},\"query-input\":{\"@type\":\"PropertyValueSpecification\",\"valueRequired\":true,\"valueName\":\"search_term_string\"}}],\"inLanguage\":\"es-CO\"},{\"@type\":\"Organization\",\"@id\":\"https:\/\/www.fiscalia.gov.co\/colombia\/#organization\",\"name\":\"Fiscal\u00eda General de la Naci\u00f3n\",\"url\":\"https:\/\/www.fiscalia.gov.co\/colombia\/\",\"logo\":{\"@type\":\"ImageObject\",\"inLanguage\":\"es-CO\",\"@id\":\"https:\/\/www.fiscalia.gov.co\/colombia\/#\/schema\/logo\/image\/\",\"url\":\"https:\/\/www.fiscalia.gov.co\/colombia\/wp-content\/uploads\/LogoHorizontal_1.jpg\",\"contentUrl\":\"https:\/\/www.fiscalia.gov.co\/colombia\/wp-content\/uploads\/LogoHorizontal_1.jpg\",\"width\":300,\"height\":90,\"caption\":\"Fiscal\u00eda General de la Naci\u00f3n\"},\"image\":{\"@id\":\"https:\/\/www.fiscalia.gov.co\/colombia\/#\/schema\/logo\/image\/\"},\"sameAs\":[\"https:\/\/www.facebook.com\/FiscaliaCol\",\"https:\/\/x.com\/FiscaliaCol\",\"https:\/\/www.instagram.com\/fiscaliacol\",\"https:\/\/www.linkedin.com\/company\/fiscalia-general-de-la-naci-n\/\",\"https:\/\/youtube.com\/@fiscaliageneraldelanacion-4668?si=6nN79nyQICPU5iTh\"]},{\"@type\":\"Person\",\"@id\":\"https:\/\/www.fiscalia.gov.co\/colombia\/#\/schema\/person\/176195b99ebab0a52aafa15197e1bf80\",\"name\":\"Winnie Geraldine Rodr\u00edguez Navarrete\",\"image\":{\"@type\":\"ImageObject\",\"inLanguage\":\"es-CO\",\"@id\":\"https:\/\/www.fiscalia.gov.co\/colombia\/#\/schema\/person\/image\/\",\"url\":\"https:\/\/secure.gravatar.com\/avatar\/c24cf8481dc84fa5e8c7b20bc95ab0c6?s=96&d=mm&r=g\",\"contentUrl\":\"https:\/\/secure.gravatar.com\/avatar\/c24cf8481dc84fa5e8c7b20bc95ab0c6?s=96&d=mm&r=g\",\"caption\":\"Winnie Geraldine Rodr\u00edguez Navarrete\"},\"url\":\"https:\/\/www.fiscalia.gov.co\/colombia\/author\/winnierodriguez\/\"}]}<\/script>\n<!-- \/ Yoast SEO plugin. -->","yoast_head_json":{"title":"Fiscal\u00eda General de la Naci\u00f3n","description":"P\u00e1gina oficial de la Fiscal\u00eda General de la Naci\u00f3n \u2013 Colombia. Garantizamos el acceso efectivo a la justicia, la verdad y la reparaci\u00f3n de las v\u00edctimas de los delitos.","robots":{"index":"noindex","follow":"follow"},"og_locale":"es_ES","og_type":"article","og_title":"Fiscal\u00eda General de la Naci\u00f3n","og_description":"P\u00e1gina oficial de la Fiscal\u00eda General de la Naci\u00f3n \u2013 Colombia. Garantizamos el acceso efectivo a la justicia, la verdad y la reparaci\u00f3n de las v\u00edctimas de los delitos.","og_url":"https:\/\/www.fiscalia.gov.co\/colombia\/noticias\/judicializado-un-quinto-implicado-en-el-homicidio-de-un-concejal-en-cunday-tolima\/","og_site_name":"Fiscal\u00eda General de la Naci\u00f3n","article_publisher":"https:\/\/www.facebook.com\/FiscaliaCol","article_published_time":"2023-06-13T22:10:45+00:00","og_image":[{"url":"https:\/\/www.fiscalia.gov.co\/colombia\/wp-content\/uploads\/Omar-Restrepo-Perdomo-y-Brayan-David-Quintero-Castro-cunday-concejal-homicidio-300x252.jpeg","type":"","width":"","height":""}],"author":"Winnie Geraldine Rodr\u00edguez Navarrete","twitter_card":"summary_large_image","twitter_creator":"@FiscaliaCol","twitter_site":"@FiscaliaCol","twitter_misc":{"Escrito por":"Winnie Geraldine Rodr\u00edguez Navarrete","Tiempo de lectura":"2 minutos"},"schema":{"@context":"https:\/\/schema.org","@graph":[{"@type":"Article","@id":"https:\/\/www.fiscalia.gov.co\/colombia\/noticias\/judicializado-un-quinto-implicado-en-el-homicidio-de-un-concejal-en-cunday-tolima\/#article","isPartOf":{"@id":"https:\/\/www.fiscalia.gov.co\/colombia\/noticias\/judicializado-un-quinto-implicado-en-el-homicidio-de-un-concejal-en-cunday-tolima\/"},"author":{"name":"Winnie Geraldine Rodr\u00edguez Navarrete","@id":"https:\/\/www.fiscalia.gov.co\/colombia\/#\/schema\/person\/176195b99ebab0a52aafa15197e1bf80"},"headline":"Judicializado un quinto implicado en el homicidio de un concejal en Cunday (Tolima)","datePublished":"2023-06-13T22:10:45+00:00","dateModified":"2023-06-13T22:10:45+00:00","mainEntityOfPage":{"@id":"https:\/\/www.fiscalia.gov.co\/colombia\/noticias\/judicializado-un-quinto-implicado-en-el-homicidio-de-un-concejal-en-cunday-tolima\/"},"wordCount":457,"publisher":{"@id":"https:\/\/www.fiscalia.gov.co\/colombia\/#organization"},"image":{"@id":"https:\/\/www.fiscalia.gov.co\/colombia\/noticias\/judicializado-un-quinto-implicado-en-el-homicidio-de-un-concejal-en-cunday-tolima\/#primaryimage"},"thumbnailUrl":"https:\/\/www.fiscalia.gov.co\/colombia\/wp-content\/uploads\/Omar-Restrepo-Perdomo-y-Brayan-David-Quintero-Castro-cunday-concejal-homicidio-300x252.jpeg","keywords":["Concejal","Condena","CTI","Cunday","Cunday (Tolima)","edil.","Fiscal\u00eda General de la Naci\u00f3n","hermanos Tovar Leyva","Homicidio agravado","hurto calificado y agravado","Imputaci\u00f3n","Polic\u00eda Nacional","porte de armas de fuego agravado","Seccional Tolima","Seguridad ciudadana","Sentencia","Tolima"],"articleSection":["Noticias","Seguridad territorial"],"inLanguage":"es-CO"},{"@type":"WebPage","@id":"https:\/\/www.fiscalia.gov.co\/colombia\/noticias\/judicializado-un-quinto-implicado-en-el-homicidio-de-un-concejal-en-cunday-tolima\/","url":"https:\/\/www.fiscalia.gov.co\/colombia\/noticias\/judicializado-un-quinto-implicado-en-el-homicidio-de-un-concejal-en-cunday-tolima\/","name":"Fiscal\u00eda General de la Naci\u00f3n","isPartOf":{"@id":"https:\/\/www.fiscalia.gov.co\/colombia\/#website"},"primaryImageOfPage":{"@id":"https:\/\/www.fiscalia.gov.co\/colombia\/noticias\/judicializado-un-quinto-implicado-en-el-homicidio-de-un-concejal-en-cunday-tolima\/#primaryimage"},"image":{"@id":"https:\/\/www.fiscalia.gov.co\/colombia\/noticias\/judicializado-un-quinto-implicado-en-el-homicidio-de-un-concejal-en-cunday-tolima\/#primaryimage"},"thumbnailUrl":"https:\/\/www.fiscalia.gov.co\/colombia\/wp-content\/uploads\/Omar-Restrepo-Perdomo-y-Brayan-David-Quintero-Castro-cunday-concejal-homicidio-300x252.jpeg","datePublished":"2023-06-13T22:10:45+00:00","dateModified":"2023-06-13T22:10:45+00:00","description":"P\u00e1gina oficial de la Fiscal\u00eda General de la Naci\u00f3n \u2013 Colombia. Garantizamos el acceso efectivo a la justicia, la verdad y la reparaci\u00f3n de las v\u00edctimas de los delitos.","breadcrumb":{"@id":"https:\/\/www.fiscalia.gov.co\/colombia\/noticias\/judicializado-un-quinto-implicado-en-el-homicidio-de-un-concejal-en-cunday-tolima\/#breadcrumb"},"inLanguage":"es-CO","potentialAction":[{"@type":"ReadAction","target":["https:\/\/www.fiscalia.gov.co\/colombia\/noticias\/judicializado-un-quinto-implicado-en-el-homicidio-de-un-concejal-en-cunday-tolima\/"]}]},{"@type":"ImageObject","inLanguage":"es-CO","@id":"https:\/\/www.fiscalia.gov.co\/colombia\/noticias\/judicializado-un-quinto-implicado-en-el-homicidio-de-un-concejal-en-cunday-tolima\/#primaryimage","url":"https:\/\/www.fiscalia.gov.co\/colombia\/wp-content\/uploads\/Omar-Restrepo-Perdomo-y-Brayan-David-Quintero-Castro-cunday-concejal-homicidio-300x252.jpeg","contentUrl":"https:\/\/www.fiscalia.gov.co\/colombia\/wp-content\/uploads\/Omar-Restrepo-Perdomo-y-Brayan-David-Quintero-Castro-cunday-concejal-homicidio-300x252.jpeg"},{"@type":"BreadcrumbList","@id":"https:\/\/www.fiscalia.gov.co\/colombia\/noticias\/judicializado-un-quinto-implicado-en-el-homicidio-de-un-concejal-en-cunday-tolima\/#breadcrumb","itemListElement":[{"@type":"ListItem","position":1,"name":"Home","item":"https:\/\/www.fiscalia.gov.co\/colombia\/"},{"@type":"ListItem","position":2,"name":"Judicializado un quinto implicado en el homicidio de un concejal en Cunday (Tolima)"}]},{"@type":"WebSite","@id":"https:\/\/www.fiscalia.gov.co\/colombia\/#website","url":"https:\/\/www.fiscalia.gov.co\/colombia\/","name":"Fiscal\u00eda General de la Naci\u00f3n","description":"P\u00e1gina oficial de la Fiscal\u00eda General de la Naci\u00f3n \u2013 Colombia. Garantizamos el acceso efectivo a la justicia, la verdad y la reparaci\u00f3n de las v\u00edctimas de los delitos.","publisher":{"@id":"https:\/\/www.fiscalia.gov.co\/colombia\/#organization"},"potentialAction":[{"@type":"SearchAction","target":{"@type":"EntryPoint","urlTemplate":"https:\/\/www.fiscalia.gov.co\/colombia\/?s={search_term_string}"},"query-input":{"@type":"PropertyValueSpecification","valueRequired":true,"valueName":"search_term_string"}}],"inLanguage":"es-CO"},{"@type":"Organization","@id":"https:\/\/www.fiscalia.gov.co\/colombia\/#organization","name":"Fiscal\u00eda General de la Naci\u00f3n","url":"https:\/\/www.fiscalia.gov.co\/colombia\/","logo":{"@type":"ImageObject","inLanguage":"es-CO","@id":"https:\/\/www.fiscalia.gov.co\/colombia\/#\/schema\/logo\/image\/","url":"https:\/\/www.fiscalia.gov.co\/colombia\/wp-content\/uploads\/LogoHorizontal_1.jpg","contentUrl":"https:\/\/www.fiscalia.gov.co\/colombia\/wp-content\/uploads\/LogoHorizontal_1.jpg","width":300,"height":90,"caption":"Fiscal\u00eda General de la Naci\u00f3n"},"image":{"@id":"https:\/\/www.fiscalia.gov.co\/colombia\/#\/schema\/logo\/image\/"},"sameAs":["https:\/\/www.facebook.com\/FiscaliaCol","https:\/\/x.com\/FiscaliaCol","https:\/\/www.instagram.com\/fiscaliacol","https:\/\/www.linkedin.com\/company\/fiscalia-general-de-la-naci-n\/","https:\/\/youtube.com\/@fiscaliageneraldelanacion-4668?si=6nN79nyQICPU5iTh"]},{"@type":"Person","@id":"https:\/\/www.fiscalia.gov.co\/colombia\/#\/schema\/person\/176195b99ebab0a52aafa15197e1bf80","name":"Winnie Geraldine Rodr\u00edguez Navarrete","image":{"@type":"ImageObject","inLanguage":"es-CO","@id":"https:\/\/www.fiscalia.gov.co\/colombia\/#\/schema\/person\/image\/","url":"https:\/\/secure.gravatar.com\/avatar\/c24cf8481dc84fa5e8c7b20bc95ab0c6?s=96&d=mm&r=g","contentUrl":"https:\/\/secure.gravatar.com\/avatar\/c24cf8481dc84fa5e8c7b20bc95ab0c6?s=96&d=mm&r=g","caption":"Winnie Geraldine Rodr\u00edguez Navarrete"},"url":"https:\/\/www.fiscalia.gov.co\/colombia\/author\/winnierodriguez\/"}]}},"_links":{"self":[{"href":"https:\/\/www.fiscalia.gov.co\/colombia\/wp-json\/wp\/v2\/posts\/273323","targetHints":{"allow":["GET"]}}],"collection":[{"href":"https:\/\/www.fiscalia.gov.co\/colombia\/wp-json\/wp\/v2\/posts"}],"about":[{"href":"https:\/\/www.fiscalia.gov.co\/colombia\/wp-json\/wp\/v2\/types\/post"}],"author":[{"embeddable":true,"href":"https:\/\/www.fiscalia.gov.co\/colombia\/wp-json\/wp\/v2\/users\/178"}],"replies":[{"embeddable":true,"href":"https:\/\/www.fiscalia.gov.co\/colombia\/wp-json\/wp\/v2\/comments?post=273323"}],"version-history":[{"count":1,"href":"https:\/\/www.fiscalia.gov.co\/colombia\/wp-json\/wp\/v2\/posts\/273323\/revisions"}],"predecessor-version":[{"id":273328,"href":"https:\/\/www.fiscalia.gov.co\/colombia\/wp-json\/wp\/v2\/posts\/273323\/revisions\/273328"}],"wp:attachment":[{"href":"https:\/\/www.fiscalia.gov.co\/colombia\/wp-json\/wp\/v2\/media?parent=273323"}],"wp:term":[{"taxonomy":"category","embeddable":true,"href":"https:\/\/www.fiscalia.gov.co\/colombia\/wp-json\/wp\/v2\/categories?post=273323"},{"taxonomy":"post_tag","embeddable":true,"href":"https:\/\/www.fiscalia.gov.co\/colombia\/wp-json\/wp\/v2\/tags?post=273323"}],"curies":[{"name":"wp","href":"https:\/\/api.w.org\/{rel}","templated":true}]}}