{"id":273301,"date":"2023-06-13T14:29:00","date_gmt":"2023-06-13T19:29:00","guid":{"rendered":"https:\/\/www.fiscalia.gov.co\/colombia\/?p=273301"},"modified":"2023-06-13T14:29:00","modified_gmt":"2023-06-13T19:29:00","slug":"fiscalia-judicializo-a-dos-presuntos-integrantes-del-clan-del-golfo-en-cartagena","status":"publish","type":"post","link":"https:\/\/www.fiscalia.gov.co\/colombia\/noticias\/fiscalia-judicializo-a-dos-presuntos-integrantes-del-clan-del-golfo-en-cartagena\/","title":{"rendered":"Fiscal\u00eda judicializ\u00f3 a dos presuntos integrantes del &#8216;Clan del Golfo&#8217; en Cartagena"},"content":{"rendered":"<p>Tras avalar los elementos materiales probatorios aportados por una fiscal especializada, jueces de control de garant\u00edas, en distintos procesos, enviaron a prisi\u00f3n a dos presuntos integrantes de la estructura criminal Clan del Golfo, dedicados al tr\u00e1fico de estupefacientes en Cartagena (Bol\u00edvar).<\/p>\n<p>La primera medida afect\u00f3 a Heider Jos\u00e9 Rubio Hern\u00e1ndez, alias Isla, quien al parecer se dedicaba a la distribuci\u00f3n de estupefacientes en diferentes barrios de esa ciudad, as\u00ed como al almacenamiento de armas de fuego que posiblemente eran usadas para cometer delitos.<\/p>\n<figure id=\"attachment_273302\" aria-describedby=\"caption-attachment-273302\" style=\"width: 390px\" class=\"wp-caption aligncenter\"><img loading=\"lazy\" decoding=\"async\" class=\" wp-image-273302\" src=\"https:\/\/www.fiscalia.gov.co\/colombia\/wp-content\/uploads\/Foto-1-boletin-13-de-junio-Heider-Clan-del-Golfo--300x223.jpeg\" alt=\"En la imagen se observa a un hombre de camiseta gris con pantal\u00f3n beis, custodiado por dos agentes de la Polic\u00eda Nacional, delante de un pend\u00f3n de esa instituci\u00f3n. Tambi\u00e9n se divisa una mesa blanca con el arma y el estupefaciente que le fue incautado.\" width=\"390\" height=\"290\" srcset=\"https:\/\/www.fiscalia.gov.co\/colombia\/wp-content\/uploads\/Foto-1-boletin-13-de-junio-Heider-Clan-del-Golfo--300x223.jpeg 300w, https:\/\/www.fiscalia.gov.co\/colombia\/wp-content\/uploads\/Foto-1-boletin-13-de-junio-Heider-Clan-del-Golfo--485x360.jpeg 485w, https:\/\/www.fiscalia.gov.co\/colombia\/wp-content\/uploads\/Foto-1-boletin-13-de-junio-Heider-Clan-del-Golfo--565x420.jpeg 565w, https:\/\/www.fiscalia.gov.co\/colombia\/wp-content\/uploads\/Foto-1-boletin-13-de-junio-Heider-Clan-del-Golfo--80x60.jpeg 80w, https:\/\/www.fiscalia.gov.co\/colombia\/wp-content\/uploads\/Foto-1-boletin-13-de-junio-Heider-Clan-del-Golfo--265x198.jpeg 265w, https:\/\/www.fiscalia.gov.co\/colombia\/wp-content\/uploads\/Foto-1-boletin-13-de-junio-Heider-Clan-del-Golfo-.jpeg 679w\" sizes=\"auto, (max-width: 390px) 100vw, 390px\" \/><figcaption id=\"caption-attachment-273302\" class=\"wp-caption-text\">Alias Isla, acept\u00f3 los cargos de fabricaci\u00f3n, tr\u00e1fico o porte de armas y de estupefacientes imputado por el ente acusador.<\/figcaption><\/figure>\n<p>Su captura se produjo mediante allanamiento realizado por la Polic\u00eda Nacional el pasado 6 de junio, en el barrio San Jos\u00e9 de los Campanos. Durante el operativo le fue incautado, un rev\u00f3lver, nueve cartuchos y 10 kilos de marihuana.<\/p>\n<p>En el desarrollo de las audiencias preliminares a Rubio Hern\u00e1ndez le fueron imputados los delitos de fabricaci\u00f3n, tr\u00e1fico o porte de arma de fuego y fabricaci\u00f3n, tr\u00e1fico o porte de estupefacientes. El procesado acept\u00f3 los cargos mediante preacuerdo que realiz\u00f3 con el ente acusador.<\/p>\n<figure id=\"attachment_273303\" aria-describedby=\"caption-attachment-273303\" style=\"width: 383px\" class=\"wp-caption aligncenter\"><img loading=\"lazy\" decoding=\"async\" class=\" wp-image-273303\" src=\"https:\/\/www.fiscalia.gov.co\/colombia\/wp-content\/uploads\/Foto-2-boletin-13-de-junio-El-Gallero-Clan-del-Golfo--300x189.jpeg\" alt=\"En la fotograf\u00eda se observa a un hombre vestido de camisa y pantal\u00f3n negro, custodiado por dos agentes de la Polic\u00eda Nacional, delante de un pend\u00f3n de esa instituci\u00f3n. Tambi\u00e9n se divisa una mesa blanca con la droga que le fue decomisada.\" width=\"383\" height=\"241\" srcset=\"https:\/\/www.fiscalia.gov.co\/colombia\/wp-content\/uploads\/Foto-2-boletin-13-de-junio-El-Gallero-Clan-del-Golfo--300x189.jpeg 300w, https:\/\/www.fiscalia.gov.co\/colombia\/wp-content\/uploads\/Foto-2-boletin-13-de-junio-El-Gallero-Clan-del-Golfo--1024x645.jpeg 1024w, https:\/\/www.fiscalia.gov.co\/colombia\/wp-content\/uploads\/Foto-2-boletin-13-de-junio-El-Gallero-Clan-del-Golfo--768x484.jpeg 768w, https:\/\/www.fiscalia.gov.co\/colombia\/wp-content\/uploads\/Foto-2-boletin-13-de-junio-El-Gallero-Clan-del-Golfo--1536x968.jpeg 1536w, https:\/\/www.fiscalia.gov.co\/colombia\/wp-content\/uploads\/Foto-2-boletin-13-de-junio-El-Gallero-Clan-del-Golfo--696x438.jpeg 696w, https:\/\/www.fiscalia.gov.co\/colombia\/wp-content\/uploads\/Foto-2-boletin-13-de-junio-El-Gallero-Clan-del-Golfo--1068x673.jpeg 1068w, https:\/\/www.fiscalia.gov.co\/colombia\/wp-content\/uploads\/Foto-2-boletin-13-de-junio-El-Gallero-Clan-del-Golfo--667x420.jpeg 667w, https:\/\/www.fiscalia.gov.co\/colombia\/wp-content\/uploads\/Foto-2-boletin-13-de-junio-El-Gallero-Clan-del-Golfo-.jpeg 1600w\" sizes=\"auto, (max-width: 383px) 100vw, 383px\" \/><figcaption id=\"caption-attachment-273303\" class=\"wp-caption-text\">Alias Gallero, que fue capturado en el barrio Alto Bosque le fue incautado estupefacientes.<\/figcaption><\/figure>\n<p>Asimismo, fue judicializado Luis Eduardo C\u00e1rdenas Ochoa, alias El Gallero, quien, al parecer, es la persona que funge como qu\u00edmico dentro de la organizaci\u00f3n delincuencial desde hace aproximadamente seis a\u00f1os.<\/p>\n<p>C\u00e1rdenas Ochoa fue capturado en diligencias de registro y allanamientos realizada en el barrio Alto Bosque de Cartagena, el 7 de junio \u00faltimo. Durante la diligencia judicial, las autoridades le decomisaron, dosis de tusi rosada, base de coca y un kilo de marihuana.<\/p>\n<p>Alias El Gallero no acept\u00f3 los cargos imputados por la Fiscal\u00eda por el delito de fabricaci\u00f3n, tr\u00e1fico o porte de estupefacientes.<\/p>\n<p>Esta informaci\u00f3n se publica por razones de inter\u00e9s general.<\/p>\n<p><b>La Fiscal\u00eda habla con resultados.<\/b><\/p>\n<p>&nbsp;<\/p>\n<p>&nbsp;<\/p>\n<p>&nbsp;<\/p>\n<p>MEVA\/MG\/ICHS\/DSB<\/p>\n<p>&nbsp;<\/p>\n<p align=\"center\">\n<p>&nbsp;<\/p>\n<p align=\"center\"><b>\u00a0<\/b><\/p>\n<p><em><span lang=\"ES\">La informaci\u00f3n contenida en este bolet\u00edn de prensa corresponde a la narraci\u00f3n de los hechos noticiosos objetivos, suministrados por los funcionarios encargados de adelantar las investigaciones penales al interior de la Fiscal\u00eda General de la Naci\u00f3n. Para el momento de la divulgaci\u00f3n de este comunicado, la situaci\u00f3n jur\u00eddica de la(s) persona(s) relacionada(s) se encuentra pendiente de resolver por la autoridad judicial competente, siempre bajo los preceptos de la presunci\u00f3n de inocencia, consagrados en el art\u00edculo 29 de la Constituci\u00f3n Pol\u00edtica y el art\u00edculo 7\u00ba de la Ley 906 de 2004.<\/span><\/em><\/p>\n\n<div class=\"twitter-share\"><a href=\"https:\/\/twitter.com\/intent\/tweet?via=fiscaliacol\" class=\"twitter-share-button\">Tweet<\/a><\/div>\n","protected":false},"excerpt":{"rendered":"<p>Tras avalar los elementos materiales probatorios aportados por una fiscal especializada, jueces de control de garant\u00edas, en distintos procesos, enviaron a prisi\u00f3n a dos presuntos integrantes de la estructura criminal Clan del Golfo, dedicados al tr\u00e1fico de estupefacientes en Cartagena (Bol\u00edvar). La primera medida afect\u00f3 a Heider Jos\u00e9 Rubio Hern\u00e1ndez, alias Isla, quien al parecer [&hellip;]<\/p>\n","protected":false},"author":178,"featured_media":0,"comment_status":"closed","ping_status":"open","sticky":false,"template":"","format":"standard","meta":{"_price":"","_stock":"","_tribe_ticket_header":"","_tribe_default_ticket_provider":"","_tribe_ticket_capacity":"0","_ticket_start_date":"","_ticket_end_date":"","_tribe_ticket_show_description":"","_tribe_ticket_show_not_going":false,"_tribe_ticket_use_global_stock":"","_tribe_ticket_global_stock_level":"","_global_stock_mode":"","_global_stock_cap":"","_tribe_rsvp_for_event":"","_tribe_ticket_going_count":"","_tribe_ticket_not_going_count":"","_tribe_tickets_list":"[]","_tribe_ticket_has_attendee_info_fields":false,"tdm_status":"","tdm_grid_status":"","footnotes":""},"categories":[1,24103],"tags":[23998,24185,1047],"class_list":{"0":"post-273301","1":"post","2":"type-post","3":"status-publish","4":"format-standard","6":"category-noticias","7":"category-trafico-de-estupefacientes","8":"tag-cartagena-bolivar","9":"tag-fiscal-barbosa","10":"tag-fiscalia-general-de-la-nacion"},"yoast_head":"<!-- This site is optimized with the Yoast SEO plugin v24.3 - https:\/\/yoast.com\/wordpress\/plugins\/seo\/ -->\n<title>Fiscal\u00eda General de la Naci\u00f3n<\/title>\n<meta name=\"description\" content=\"P\u00e1gina oficial de la Fiscal\u00eda General de la Naci\u00f3n \u2013 Colombia. Garantizamos el acceso efectivo a la justicia, la verdad y la reparaci\u00f3n de las v\u00edctimas de los delitos.\" \/>\n<meta name=\"robots\" content=\"noindex, follow\" \/>\n<meta property=\"og:locale\" content=\"es_ES\" \/>\n<meta property=\"og:type\" content=\"article\" \/>\n<meta property=\"og:title\" content=\"Fiscal\u00eda General de la Naci\u00f3n\" \/>\n<meta property=\"og:description\" content=\"P\u00e1gina oficial de la Fiscal\u00eda General de la Naci\u00f3n \u2013 Colombia. Garantizamos el acceso efectivo a la justicia, la verdad y la reparaci\u00f3n de las v\u00edctimas de los delitos.\" \/>\n<meta property=\"og:url\" content=\"https:\/\/www.fiscalia.gov.co\/colombia\/noticias\/fiscalia-judicializo-a-dos-presuntos-integrantes-del-clan-del-golfo-en-cartagena\/\" \/>\n<meta property=\"og:site_name\" content=\"Fiscal\u00eda General de la Naci\u00f3n\" \/>\n<meta property=\"article:publisher\" content=\"https:\/\/www.facebook.com\/FiscaliaCol\" \/>\n<meta property=\"article:published_time\" content=\"2023-06-13T19:29:00+00:00\" \/>\n<meta property=\"og:image\" content=\"https:\/\/www.fiscalia.gov.co\/colombia\/wp-content\/uploads\/Foto-1-boletin-13-de-junio-Heider-Clan-del-Golfo--300x223.jpeg\" \/>\n<meta name=\"author\" content=\"Winnie Geraldine Rodr\u00edguez Navarrete\" \/>\n<meta name=\"twitter:card\" content=\"summary_large_image\" \/>\n<meta name=\"twitter:creator\" content=\"@FiscaliaCol\" \/>\n<meta name=\"twitter:site\" content=\"@FiscaliaCol\" \/>\n<meta name=\"twitter:label1\" content=\"Escrito por\" \/>\n\t<meta name=\"twitter:data1\" content=\"Winnie Geraldine Rodr\u00edguez Navarrete\" \/>\n\t<meta name=\"twitter:label2\" content=\"Tiempo de lectura\" \/>\n\t<meta name=\"twitter:data2\" content=\"2 minutos\" \/>\n<script type=\"application\/ld+json\" class=\"yoast-schema-graph\">{\"@context\":\"https:\/\/schema.org\",\"@graph\":[{\"@type\":\"Article\",\"@id\":\"https:\/\/www.fiscalia.gov.co\/colombia\/noticias\/fiscalia-judicializo-a-dos-presuntos-integrantes-del-clan-del-golfo-en-cartagena\/#article\",\"isPartOf\":{\"@id\":\"https:\/\/www.fiscalia.gov.co\/colombia\/noticias\/fiscalia-judicializo-a-dos-presuntos-integrantes-del-clan-del-golfo-en-cartagena\/\"},\"author\":{\"name\":\"Winnie Geraldine Rodr\u00edguez Navarrete\",\"@id\":\"https:\/\/www.fiscalia.gov.co\/colombia\/#\/schema\/person\/176195b99ebab0a52aafa15197e1bf80\"},\"headline\":\"Fiscal\u00eda judicializ\u00f3 a dos presuntos integrantes del &#8216;Clan del Golfo&#8217; en Cartagena\",\"datePublished\":\"2023-06-13T19:29:00+00:00\",\"dateModified\":\"2023-06-13T19:29:00+00:00\",\"mainEntityOfPage\":{\"@id\":\"https:\/\/www.fiscalia.gov.co\/colombia\/noticias\/fiscalia-judicializo-a-dos-presuntos-integrantes-del-clan-del-golfo-en-cartagena\/\"},\"wordCount\":469,\"publisher\":{\"@id\":\"https:\/\/www.fiscalia.gov.co\/colombia\/#organization\"},\"image\":{\"@id\":\"https:\/\/www.fiscalia.gov.co\/colombia\/noticias\/fiscalia-judicializo-a-dos-presuntos-integrantes-del-clan-del-golfo-en-cartagena\/#primaryimage\"},\"thumbnailUrl\":\"https:\/\/www.fiscalia.gov.co\/colombia\/wp-content\/uploads\/Foto-1-boletin-13-de-junio-Heider-Clan-del-Golfo--300x223.jpeg\",\"keywords\":[\"Cartagena (Bol\u00edvar)\",\"Fiscal Barbosa\",\"Fiscal\u00eda General de la Naci\u00f3n\"],\"articleSection\":[\"Noticias\",\"Tr\u00e1fico de estupefacientes\"],\"inLanguage\":\"es-CO\"},{\"@type\":\"WebPage\",\"@id\":\"https:\/\/www.fiscalia.gov.co\/colombia\/noticias\/fiscalia-judicializo-a-dos-presuntos-integrantes-del-clan-del-golfo-en-cartagena\/\",\"url\":\"https:\/\/www.fiscalia.gov.co\/colombia\/noticias\/fiscalia-judicializo-a-dos-presuntos-integrantes-del-clan-del-golfo-en-cartagena\/\",\"name\":\"Fiscal\u00eda General de la Naci\u00f3n\",\"isPartOf\":{\"@id\":\"https:\/\/www.fiscalia.gov.co\/colombia\/#website\"},\"primaryImageOfPage\":{\"@id\":\"https:\/\/www.fiscalia.gov.co\/colombia\/noticias\/fiscalia-judicializo-a-dos-presuntos-integrantes-del-clan-del-golfo-en-cartagena\/#primaryimage\"},\"image\":{\"@id\":\"https:\/\/www.fiscalia.gov.co\/colombia\/noticias\/fiscalia-judicializo-a-dos-presuntos-integrantes-del-clan-del-golfo-en-cartagena\/#primaryimage\"},\"thumbnailUrl\":\"https:\/\/www.fiscalia.gov.co\/colombia\/wp-content\/uploads\/Foto-1-boletin-13-de-junio-Heider-Clan-del-Golfo--300x223.jpeg\",\"datePublished\":\"2023-06-13T19:29:00+00:00\",\"dateModified\":\"2023-06-13T19:29:00+00:00\",\"description\":\"P\u00e1gina oficial de la Fiscal\u00eda General de la Naci\u00f3n \u2013 Colombia. Garantizamos el acceso efectivo a la justicia, la verdad y la reparaci\u00f3n de las v\u00edctimas de los delitos.\",\"breadcrumb\":{\"@id\":\"https:\/\/www.fiscalia.gov.co\/colombia\/noticias\/fiscalia-judicializo-a-dos-presuntos-integrantes-del-clan-del-golfo-en-cartagena\/#breadcrumb\"},\"inLanguage\":\"es-CO\",\"potentialAction\":[{\"@type\":\"ReadAction\",\"target\":[\"https:\/\/www.fiscalia.gov.co\/colombia\/noticias\/fiscalia-judicializo-a-dos-presuntos-integrantes-del-clan-del-golfo-en-cartagena\/\"]}]},{\"@type\":\"ImageObject\",\"inLanguage\":\"es-CO\",\"@id\":\"https:\/\/www.fiscalia.gov.co\/colombia\/noticias\/fiscalia-judicializo-a-dos-presuntos-integrantes-del-clan-del-golfo-en-cartagena\/#primaryimage\",\"url\":\"https:\/\/www.fiscalia.gov.co\/colombia\/wp-content\/uploads\/Foto-1-boletin-13-de-junio-Heider-Clan-del-Golfo--300x223.jpeg\",\"contentUrl\":\"https:\/\/www.fiscalia.gov.co\/colombia\/wp-content\/uploads\/Foto-1-boletin-13-de-junio-Heider-Clan-del-Golfo--300x223.jpeg\"},{\"@type\":\"BreadcrumbList\",\"@id\":\"https:\/\/www.fiscalia.gov.co\/colombia\/noticias\/fiscalia-judicializo-a-dos-presuntos-integrantes-del-clan-del-golfo-en-cartagena\/#breadcrumb\",\"itemListElement\":[{\"@type\":\"ListItem\",\"position\":1,\"name\":\"Home\",\"item\":\"https:\/\/www.fiscalia.gov.co\/colombia\/\"},{\"@type\":\"ListItem\",\"position\":2,\"name\":\"Fiscal\u00eda judicializ\u00f3 a dos presuntos integrantes del &#8216;Clan del Golfo&#8217; en Cartagena\"}]},{\"@type\":\"WebSite\",\"@id\":\"https:\/\/www.fiscalia.gov.co\/colombia\/#website\",\"url\":\"https:\/\/www.fiscalia.gov.co\/colombia\/\",\"name\":\"Fiscal\u00eda General de la Naci\u00f3n\",\"description\":\"P\u00e1gina oficial de la Fiscal\u00eda General de la Naci\u00f3n \u2013 Colombia. Garantizamos el acceso efectivo a la justicia, la verdad y la reparaci\u00f3n de las v\u00edctimas de los delitos.\",\"publisher\":{\"@id\":\"https:\/\/www.fiscalia.gov.co\/colombia\/#organization\"},\"potentialAction\":[{\"@type\":\"SearchAction\",\"target\":{\"@type\":\"EntryPoint\",\"urlTemplate\":\"https:\/\/www.fiscalia.gov.co\/colombia\/?s={search_term_string}\"},\"query-input\":{\"@type\":\"PropertyValueSpecification\",\"valueRequired\":true,\"valueName\":\"search_term_string\"}}],\"inLanguage\":\"es-CO\"},{\"@type\":\"Organization\",\"@id\":\"https:\/\/www.fiscalia.gov.co\/colombia\/#organization\",\"name\":\"Fiscal\u00eda General de la Naci\u00f3n\",\"url\":\"https:\/\/www.fiscalia.gov.co\/colombia\/\",\"logo\":{\"@type\":\"ImageObject\",\"inLanguage\":\"es-CO\",\"@id\":\"https:\/\/www.fiscalia.gov.co\/colombia\/#\/schema\/logo\/image\/\",\"url\":\"https:\/\/www.fiscalia.gov.co\/colombia\/wp-content\/uploads\/LogoHorizontal_1.jpg\",\"contentUrl\":\"https:\/\/www.fiscalia.gov.co\/colombia\/wp-content\/uploads\/LogoHorizontal_1.jpg\",\"width\":300,\"height\":90,\"caption\":\"Fiscal\u00eda General de la Naci\u00f3n\"},\"image\":{\"@id\":\"https:\/\/www.fiscalia.gov.co\/colombia\/#\/schema\/logo\/image\/\"},\"sameAs\":[\"https:\/\/www.facebook.com\/FiscaliaCol\",\"https:\/\/x.com\/FiscaliaCol\",\"https:\/\/www.instagram.com\/fiscaliacol\",\"https:\/\/www.linkedin.com\/company\/fiscalia-general-de-la-naci-n\/\",\"https:\/\/youtube.com\/@fiscaliageneraldelanacion-4668?si=6nN79nyQICPU5iTh\"]},{\"@type\":\"Person\",\"@id\":\"https:\/\/www.fiscalia.gov.co\/colombia\/#\/schema\/person\/176195b99ebab0a52aafa15197e1bf80\",\"name\":\"Winnie Geraldine Rodr\u00edguez Navarrete\",\"image\":{\"@type\":\"ImageObject\",\"inLanguage\":\"es-CO\",\"@id\":\"https:\/\/www.fiscalia.gov.co\/colombia\/#\/schema\/person\/image\/\",\"url\":\"https:\/\/secure.gravatar.com\/avatar\/c24cf8481dc84fa5e8c7b20bc95ab0c6?s=96&d=mm&r=g\",\"contentUrl\":\"https:\/\/secure.gravatar.com\/avatar\/c24cf8481dc84fa5e8c7b20bc95ab0c6?s=96&d=mm&r=g\",\"caption\":\"Winnie Geraldine Rodr\u00edguez Navarrete\"},\"url\":\"https:\/\/www.fiscalia.gov.co\/colombia\/author\/winnierodriguez\/\"}]}<\/script>\n<!-- \/ Yoast SEO plugin. -->","yoast_head_json":{"title":"Fiscal\u00eda General de la Naci\u00f3n","description":"P\u00e1gina oficial de la Fiscal\u00eda General de la Naci\u00f3n \u2013 Colombia. Garantizamos el acceso efectivo a la justicia, la verdad y la reparaci\u00f3n de las v\u00edctimas de los delitos.","robots":{"index":"noindex","follow":"follow"},"og_locale":"es_ES","og_type":"article","og_title":"Fiscal\u00eda General de la Naci\u00f3n","og_description":"P\u00e1gina oficial de la Fiscal\u00eda General de la Naci\u00f3n \u2013 Colombia. Garantizamos el acceso efectivo a la justicia, la verdad y la reparaci\u00f3n de las v\u00edctimas de los delitos.","og_url":"https:\/\/www.fiscalia.gov.co\/colombia\/noticias\/fiscalia-judicializo-a-dos-presuntos-integrantes-del-clan-del-golfo-en-cartagena\/","og_site_name":"Fiscal\u00eda General de la Naci\u00f3n","article_publisher":"https:\/\/www.facebook.com\/FiscaliaCol","article_published_time":"2023-06-13T19:29:00+00:00","og_image":[{"url":"https:\/\/www.fiscalia.gov.co\/colombia\/wp-content\/uploads\/Foto-1-boletin-13-de-junio-Heider-Clan-del-Golfo--300x223.jpeg","type":"","width":"","height":""}],"author":"Winnie Geraldine Rodr\u00edguez Navarrete","twitter_card":"summary_large_image","twitter_creator":"@FiscaliaCol","twitter_site":"@FiscaliaCol","twitter_misc":{"Escrito por":"Winnie Geraldine Rodr\u00edguez Navarrete","Tiempo de lectura":"2 minutos"},"schema":{"@context":"https:\/\/schema.org","@graph":[{"@type":"Article","@id":"https:\/\/www.fiscalia.gov.co\/colombia\/noticias\/fiscalia-judicializo-a-dos-presuntos-integrantes-del-clan-del-golfo-en-cartagena\/#article","isPartOf":{"@id":"https:\/\/www.fiscalia.gov.co\/colombia\/noticias\/fiscalia-judicializo-a-dos-presuntos-integrantes-del-clan-del-golfo-en-cartagena\/"},"author":{"name":"Winnie Geraldine Rodr\u00edguez Navarrete","@id":"https:\/\/www.fiscalia.gov.co\/colombia\/#\/schema\/person\/176195b99ebab0a52aafa15197e1bf80"},"headline":"Fiscal\u00eda judicializ\u00f3 a dos presuntos integrantes del &#8216;Clan del Golfo&#8217; en Cartagena","datePublished":"2023-06-13T19:29:00+00:00","dateModified":"2023-06-13T19:29:00+00:00","mainEntityOfPage":{"@id":"https:\/\/www.fiscalia.gov.co\/colombia\/noticias\/fiscalia-judicializo-a-dos-presuntos-integrantes-del-clan-del-golfo-en-cartagena\/"},"wordCount":469,"publisher":{"@id":"https:\/\/www.fiscalia.gov.co\/colombia\/#organization"},"image":{"@id":"https:\/\/www.fiscalia.gov.co\/colombia\/noticias\/fiscalia-judicializo-a-dos-presuntos-integrantes-del-clan-del-golfo-en-cartagena\/#primaryimage"},"thumbnailUrl":"https:\/\/www.fiscalia.gov.co\/colombia\/wp-content\/uploads\/Foto-1-boletin-13-de-junio-Heider-Clan-del-Golfo--300x223.jpeg","keywords":["Cartagena (Bol\u00edvar)","Fiscal Barbosa","Fiscal\u00eda General de la Naci\u00f3n"],"articleSection":["Noticias","Tr\u00e1fico de estupefacientes"],"inLanguage":"es-CO"},{"@type":"WebPage","@id":"https:\/\/www.fiscalia.gov.co\/colombia\/noticias\/fiscalia-judicializo-a-dos-presuntos-integrantes-del-clan-del-golfo-en-cartagena\/","url":"https:\/\/www.fiscalia.gov.co\/colombia\/noticias\/fiscalia-judicializo-a-dos-presuntos-integrantes-del-clan-del-golfo-en-cartagena\/","name":"Fiscal\u00eda General de la Naci\u00f3n","isPartOf":{"@id":"https:\/\/www.fiscalia.gov.co\/colombia\/#website"},"primaryImageOfPage":{"@id":"https:\/\/www.fiscalia.gov.co\/colombia\/noticias\/fiscalia-judicializo-a-dos-presuntos-integrantes-del-clan-del-golfo-en-cartagena\/#primaryimage"},"image":{"@id":"https:\/\/www.fiscalia.gov.co\/colombia\/noticias\/fiscalia-judicializo-a-dos-presuntos-integrantes-del-clan-del-golfo-en-cartagena\/#primaryimage"},"thumbnailUrl":"https:\/\/www.fiscalia.gov.co\/colombia\/wp-content\/uploads\/Foto-1-boletin-13-de-junio-Heider-Clan-del-Golfo--300x223.jpeg","datePublished":"2023-06-13T19:29:00+00:00","dateModified":"2023-06-13T19:29:00+00:00","description":"P\u00e1gina oficial de la Fiscal\u00eda General de la Naci\u00f3n \u2013 Colombia. Garantizamos el acceso efectivo a la justicia, la verdad y la reparaci\u00f3n de las v\u00edctimas de los delitos.","breadcrumb":{"@id":"https:\/\/www.fiscalia.gov.co\/colombia\/noticias\/fiscalia-judicializo-a-dos-presuntos-integrantes-del-clan-del-golfo-en-cartagena\/#breadcrumb"},"inLanguage":"es-CO","potentialAction":[{"@type":"ReadAction","target":["https:\/\/www.fiscalia.gov.co\/colombia\/noticias\/fiscalia-judicializo-a-dos-presuntos-integrantes-del-clan-del-golfo-en-cartagena\/"]}]},{"@type":"ImageObject","inLanguage":"es-CO","@id":"https:\/\/www.fiscalia.gov.co\/colombia\/noticias\/fiscalia-judicializo-a-dos-presuntos-integrantes-del-clan-del-golfo-en-cartagena\/#primaryimage","url":"https:\/\/www.fiscalia.gov.co\/colombia\/wp-content\/uploads\/Foto-1-boletin-13-de-junio-Heider-Clan-del-Golfo--300x223.jpeg","contentUrl":"https:\/\/www.fiscalia.gov.co\/colombia\/wp-content\/uploads\/Foto-1-boletin-13-de-junio-Heider-Clan-del-Golfo--300x223.jpeg"},{"@type":"BreadcrumbList","@id":"https:\/\/www.fiscalia.gov.co\/colombia\/noticias\/fiscalia-judicializo-a-dos-presuntos-integrantes-del-clan-del-golfo-en-cartagena\/#breadcrumb","itemListElement":[{"@type":"ListItem","position":1,"name":"Home","item":"https:\/\/www.fiscalia.gov.co\/colombia\/"},{"@type":"ListItem","position":2,"name":"Fiscal\u00eda judicializ\u00f3 a dos presuntos integrantes del &#8216;Clan del Golfo&#8217; en Cartagena"}]},{"@type":"WebSite","@id":"https:\/\/www.fiscalia.gov.co\/colombia\/#website","url":"https:\/\/www.fiscalia.gov.co\/colombia\/","name":"Fiscal\u00eda General de la Naci\u00f3n","description":"P\u00e1gina oficial de la Fiscal\u00eda General de la Naci\u00f3n \u2013 Colombia. Garantizamos el acceso efectivo a la justicia, la verdad y la reparaci\u00f3n de las v\u00edctimas de los delitos.","publisher":{"@id":"https:\/\/www.fiscalia.gov.co\/colombia\/#organization"},"potentialAction":[{"@type":"SearchAction","target":{"@type":"EntryPoint","urlTemplate":"https:\/\/www.fiscalia.gov.co\/colombia\/?s={search_term_string}"},"query-input":{"@type":"PropertyValueSpecification","valueRequired":true,"valueName":"search_term_string"}}],"inLanguage":"es-CO"},{"@type":"Organization","@id":"https:\/\/www.fiscalia.gov.co\/colombia\/#organization","name":"Fiscal\u00eda General de la Naci\u00f3n","url":"https:\/\/www.fiscalia.gov.co\/colombia\/","logo":{"@type":"ImageObject","inLanguage":"es-CO","@id":"https:\/\/www.fiscalia.gov.co\/colombia\/#\/schema\/logo\/image\/","url":"https:\/\/www.fiscalia.gov.co\/colombia\/wp-content\/uploads\/LogoHorizontal_1.jpg","contentUrl":"https:\/\/www.fiscalia.gov.co\/colombia\/wp-content\/uploads\/LogoHorizontal_1.jpg","width":300,"height":90,"caption":"Fiscal\u00eda General de la Naci\u00f3n"},"image":{"@id":"https:\/\/www.fiscalia.gov.co\/colombia\/#\/schema\/logo\/image\/"},"sameAs":["https:\/\/www.facebook.com\/FiscaliaCol","https:\/\/x.com\/FiscaliaCol","https:\/\/www.instagram.com\/fiscaliacol","https:\/\/www.linkedin.com\/company\/fiscalia-general-de-la-naci-n\/","https:\/\/youtube.com\/@fiscaliageneraldelanacion-4668?si=6nN79nyQICPU5iTh"]},{"@type":"Person","@id":"https:\/\/www.fiscalia.gov.co\/colombia\/#\/schema\/person\/176195b99ebab0a52aafa15197e1bf80","name":"Winnie Geraldine Rodr\u00edguez Navarrete","image":{"@type":"ImageObject","inLanguage":"es-CO","@id":"https:\/\/www.fiscalia.gov.co\/colombia\/#\/schema\/person\/image\/","url":"https:\/\/secure.gravatar.com\/avatar\/c24cf8481dc84fa5e8c7b20bc95ab0c6?s=96&d=mm&r=g","contentUrl":"https:\/\/secure.gravatar.com\/avatar\/c24cf8481dc84fa5e8c7b20bc95ab0c6?s=96&d=mm&r=g","caption":"Winnie Geraldine Rodr\u00edguez Navarrete"},"url":"https:\/\/www.fiscalia.gov.co\/colombia\/author\/winnierodriguez\/"}]}},"_links":{"self":[{"href":"https:\/\/www.fiscalia.gov.co\/colombia\/wp-json\/wp\/v2\/posts\/273301","targetHints":{"allow":["GET"]}}],"collection":[{"href":"https:\/\/www.fiscalia.gov.co\/colombia\/wp-json\/wp\/v2\/posts"}],"about":[{"href":"https:\/\/www.fiscalia.gov.co\/colombia\/wp-json\/wp\/v2\/types\/post"}],"author":[{"embeddable":true,"href":"https:\/\/www.fiscalia.gov.co\/colombia\/wp-json\/wp\/v2\/users\/178"}],"replies":[{"embeddable":true,"href":"https:\/\/www.fiscalia.gov.co\/colombia\/wp-json\/wp\/v2\/comments?post=273301"}],"version-history":[{"count":1,"href":"https:\/\/www.fiscalia.gov.co\/colombia\/wp-json\/wp\/v2\/posts\/273301\/revisions"}],"predecessor-version":[{"id":273304,"href":"https:\/\/www.fiscalia.gov.co\/colombia\/wp-json\/wp\/v2\/posts\/273301\/revisions\/273304"}],"wp:attachment":[{"href":"https:\/\/www.fiscalia.gov.co\/colombia\/wp-json\/wp\/v2\/media?parent=273301"}],"wp:term":[{"taxonomy":"category","embeddable":true,"href":"https:\/\/www.fiscalia.gov.co\/colombia\/wp-json\/wp\/v2\/categories?post=273301"},{"taxonomy":"post_tag","embeddable":true,"href":"https:\/\/www.fiscalia.gov.co\/colombia\/wp-json\/wp\/v2\/tags?post=273301"}],"curies":[{"name":"wp","href":"https:\/\/api.w.org\/{rel}","templated":true}]}}