{"id":273190,"date":"2023-06-13T06:57:43","date_gmt":"2023-06-13T11:57:43","guid":{"rendered":"https:\/\/www.fiscalia.gov.co\/colombia\/?p=273190"},"modified":"2023-06-13T06:58:45","modified_gmt":"2023-06-13T11:58:45","slug":"fiscalia-imputara-al-excandidato-presidencial-oscar-ivan-zuluaga-a-su-gerente-de-campana-david-zuluaga-martinez-y-a-la-exministra-cecilia-alvarez-por-caso-odebrecht","status":"publish","type":"post","link":"https:\/\/www.fiscalia.gov.co\/colombia\/noticias\/fiscalia-imputara-al-excandidato-presidencial-oscar-ivan-zuluaga-a-su-gerente-de-campana-david-zuluaga-martinez-y-a-la-exministra-cecilia-alvarez-por-caso-odebrecht\/","title":{"rendered":"Fiscal\u00eda imputar\u00e1 al excandidato presidencial Oscar Iv\u00e1n Zuluaga, a su gerente de campa\u00f1a David Zuluaga Mart\u00ednez y a la exministra Cecilia \u00c1lvarez por caso Odebrecht"},"content":{"rendered":"<h4><strong>\u2022 El exaspirante, en su intenci\u00f3n de llegar a la Presidencia de la Rep\u00fablica, presuntamente, recibi\u00f3 y no report\u00f3 1\u2019610.000 d\u00f3lares que le entreg\u00f3 la constructora brasile\u00f1a para cubrir la contrataci\u00f3n del publicista \u2018Duda\u2019 Mendo\u00e7a. <\/strong><\/h4>\n<h4><strong>\u2022 Por su parte, la exministra de Transporte habr\u00eda participado en los tr\u00e1mites del otros\u00ed Oca\u00f1a &#8211; Gamarra a la \u2018Ruta del Sol II\u2019, privilegiando intereses personales y favoreciendo al consorcio contratista. <\/strong><\/h4>\n<h4 style=\"text-align: left;\"><strong>\u2022 En otra decisi\u00f3n, fue archivada una investigaci\u00f3n que se segu\u00eda en contra de la exministra de Educaci\u00f3n, Gina Parody, por los delitos de inter\u00e9s indebido en la celebraci\u00f3n de contratos y contrato sin cumplimiento de requisitos legales<\/strong>.<\/h4>\n<p>En el marco de la lucha contra la corrupci\u00f3n y la impunidad, la Fiscal\u00eda General de la Naci\u00f3n, a trav\u00e9s del Grupo de Tareas Especiales para el \u2018Caso Odebrecht\u2019, tom\u00f3 importantes decisiones judiciales para avanzar en el pleno esclarecimiento del entramado de corrupci\u00f3n que promovi\u00f3 la constructora brasile\u00f1a en la contrataci\u00f3n de obras p\u00fablicas y en otros escenarios de la vida nacional.<\/p>\n<p>En atenci\u00f3n al abundante material de prueba obtenido, se presentar\u00e1 solicitud de audiencia de imputaci\u00f3n en contra del excandidato presidencial \u00d3scar Iv\u00e1n Zuluaga Escobar; su hijo, David Zuluaga Mart\u00ednez; y la exministra de Transporte, Cecilia Elvira \u00c1lvarez Correa-Glen. Asimismo, fue archivada una investigaci\u00f3n que se segu\u00eda en contra de la exministra de Educaci\u00f3n, Gina Mar\u00eda Parody D\u2019echeona, por atipicidad de las conductas por las que fue denunciada.<\/p>\n<p>Financiaci\u00f3n de campa\u00f1a con dineros del extranjero<\/p>\n<p>En 2014, el entonces candidato a la Presidencia de la Rep\u00fablica, \u00d3scar Iv\u00e1n Zuluaga Escobar, se habr\u00eda reunido en varias oportunidades, en su apartamento del norte de Bogot\u00e1, con el exdirectivo de Odebrecht en Colombia, Eleuberto Antonio Martorelli. En los encuentros, al parecer, se pact\u00f3 un aporte de la multinacional brasile\u00f1a para pagar parte de los servicios que el publicista Jos\u00e9 Eduardo Cavalcanti de Mendo\u00e7a, conocido como \u2018Duda\u2019 Mendo\u00e7a, prestaba a la campa\u00f1a.<\/p>\n<p>En atenci\u00f3n a lo acordado, entre junio y julio de 2014, Odebrecht gir\u00f3 1\u2019610.000 d\u00f3lares a las cuentas de una empresa que el reconocido publicista ten\u00eda en Panam\u00e1. De esta manera, el aspirante presidencial, presuntamente, termin\u00f3 de cubrir los honorarios de \u2018Duda\u2019 Mendo\u00e7a.<\/p>\n<p>Con esta actuaci\u00f3n se habr\u00eda vulnerado el art\u00edculo 109 de la Constituci\u00f3n Pol\u00edtica de Colombia, el cual proh\u00edbe a los partidos pol\u00edticos, movimientos y grupos significativos de ciudadanos recibir financiaci\u00f3n de personas naturales o jur\u00eddicas extranjeras para campa\u00f1as electorales.<\/p>\n<p>Las evidencias dan cuenta de que \u00d3scar Iv\u00e1n Zuluaga ten\u00eda conocimiento del aporte il\u00edcito y present\u00f3 una contabilidad con tal omisi\u00f3n ante el Consejo Nacional Electoral (CNE), a fin de obtener una reposici\u00f3n de votos por m\u00e1s de 25.000 millones de pesos, como en efecto ocurri\u00f3.<\/p>\n<p>Adem\u00e1s, la Fiscal\u00eda estableci\u00f3 que el candidato y su gerente de campa\u00f1a, en las declaraciones rendidas ante el CNE, ocultaron informaci\u00f3n sobre la colaboraci\u00f3n econ\u00f3mica de Odebrecth. As\u00ed indujeron a error a la autoridad electoral que cerr\u00f3 una investigaci\u00f3n que adelantada sobre el particular.<\/p>\n<p>Por estos hechos, un fiscal del Grupo de Tareas Especiales imputar\u00e1 a \u00d3scar Iv\u00e1n Zuluaga Escobar los delitos de falsedad en documento privado, fraude procesal y enriquecimiento il\u00edcito de particular; y a David Zuluaga Mart\u00ednez el delito de fraude procesal.<\/p>\n<p>Posible favorecimiento indebido a Odebrecht y a terminal fluvial sobre el r\u00edo Magdalena<\/p>\n<p>Cecilia Elvira \u00c1lvarez Correa-Glen, en su condici\u00f3n de ministra de Transporte entre septiembre de 2012 y agosto de 2014, es se\u00f1alada de avalar la celebraci\u00f3n de los otros\u00edes 3 y 6 al contrato \u2018Ruta del Sol II\u2019, los cuales adicionaron al proyecto vial la construcci\u00f3n del tramo Oca\u00f1a (Norte de Santander) \u2013 Gamarra (Cesar).<\/p>\n<p>Para cumplir varias clausulas contenidas en los otros\u00edes y garantizar m\u00e1s fuentes de financiaci\u00f3n a la concesionaria, de la que hac\u00eda parte Odebrecht, la entonces ministra emiti\u00f3 una resoluci\u00f3n el 22 de julio de 2014, que permiti\u00f3 a la concesionaria \u2018Ruta del Sol\u2019 instalar dos nuevas estaciones de peaje y subir el cobro en otras cinco que estaban en funcionamiento.<\/p>\n<p>Los elementos de prueba indican que las adiciones y las dem\u00e1s actuaciones se hicieron sin estudios t\u00e9cnicos que las sustentaran, y sin autorizaci\u00f3n previa del Consejo Superior de Pol\u00edtica Fiscal (CONFIS) y del Consejo Nacional de Pol\u00edtica Econ\u00f3mica y Social (CONPES), como lo exige la ley. Adicionalmente, est\u00e1 acreditado que el tramo Oca\u00f1a \u2013 Gamarra no tendr\u00eda relaci\u00f3n alguna con el objeto principal del contrato \u2018Ruta del Sol II\u2019 y deb\u00eda tramitarse a trav\u00e9s de un nuevo proceso de contrataci\u00f3n por licitaci\u00f3n p\u00fablica.<\/p>\n<p>La Fiscal\u00eda determin\u00f3 que, para intentar subsanar estas irregularidades, la exministra pidi\u00f3 convocar con prioridad al CONPES para declarar importancia estrat\u00e9gica la autopista \u2018Ruta del Sol\u2019 y modificar el plan de inversi\u00f3n.<\/p>\n<p>Con su proceder, la exfuncionaria, al parecer, favoreci\u00f3 a la concesionaria \u2018Ruta del Sol\u2019 y benefici\u00f3 un proyecto fluvial sobre el r\u00edo Magdalena que planeaba poner en funcionamiento una terminal en Gamarra (Cesar), en el entendido de que le garantiz\u00f3 una v\u00eda de acceso principal que ser\u00eda el trayecto Oca\u00f1a \u2013 Gamarra, adicionado a la \u2018Ruta del Sol II\u2019.<\/p>\n<p>Seg\u00fan la investigaci\u00f3n, es evidente el inter\u00e9s particular en el caso que le imped\u00eda a la se\u00f1ora \u00c1lvarez Correa &#8211; Glen participar en la adici\u00f3n del tramo Oca\u00f1a &#8211; Gamarra, pues antes de asumir el Ministerio de Transporte hizo parte de la junta directiva de varias sociedades vinculadas a la construcci\u00f3n del citado proyecto portuario con enfoque multimodal, en donde ten\u00edan intereses econ\u00f3micos familiares de su pareja.<\/p>\n<p>Por todo lo anterior, un fiscal delegado ante la Corte Suprema de Justicia imputar\u00e1 a la exministra Cecilia Elvira \u00c1lvarez Correa-Glen el delito de inter\u00e9s indebido en la celebraci\u00f3n de contratos. La diligencia se realizar\u00e1 ante un magistrado del Tribunal Superior de Bogot\u00e1, con funci\u00f3n de control de garant\u00edas.<\/p>\n<p>Archivo de investigaci\u00f3n<\/p>\n<p>La Fiscal\u00eda archiv\u00f3 la investigaci\u00f3n que se segu\u00eda en contra de la exministra de Educaci\u00f3n, Gina Mar\u00eda Parody D\u2019echeona, como posible responsable de los delitos de inter\u00e9s indebido en la celebraci\u00f3n de contratos y contrato sin cumplimiento de requisitos legales.<\/p>\n<p>Un grupo de ciudadanos denunci\u00f3 a la exfuncionaria con el supuesto de que incurri\u00f3 en conductas il\u00edcitas al participar en el CONPES que modific\u00f3 el plan de inversi\u00f3n de la \u2018Ruta del Sol y permiti\u00f3 adicionar la construcci\u00f3n del tramo Oca\u00f1a \u2013 Gamarra. Los denunciantes indicaron que, con esa intervenci\u00f3n, la exfuncionaria favoreci\u00f3 el proyecto fluvial sobre el r\u00edo Magdalena que impulsaban sus familiares y permiti\u00f3 que tuviera una v\u00eda principal de acceso.<\/p>\n<p>Al valorar los elementos de prueba, un fiscal delegado ante la Corte Suprema de Justicia no encontr\u00f3 configurado el delito de contrato sin cumplimiento de requisitos legales, en el entendido de que la exministra no particip\u00f3 en el tr\u00e1mite y celebraci\u00f3n del otros\u00ed cuestionado. De igual manera descart\u00f3 el delito de inter\u00e9s il\u00edcito en la celebraci\u00f3n de contratos, pues el cargo que desempe\u00f1\u00f3 no tuvo relaci\u00f3n alguna con el objeto contractual.<\/p>\n<p>Se puntualiza que, de la exclusiva participaci\u00f3n en el CONPES que destac\u00f3 la importancia estrat\u00e9gica del proyecto vial \u2018Ruta del Sol II\u2019, no se le puede atribuir compromiso penal porque sus funciones p\u00fablicas no implicaban el conocimiento del proyecto espec\u00edfico ni de los intereses de sus familiares.<\/p>\n<p>Por \u00faltimo, la Fiscal\u00eda no ha encontrado evidencia que demuestre que la exministra Parody D\u2019echeona aport\u00f3 al posible actuar il\u00edcito de su pareja en la comisi\u00f3n de conductas contra la administraci\u00f3n p\u00fablica.<\/p>\n<p>Esta informaci\u00f3n se publica por razones de inter\u00e9s general.<\/p>\n<p>La Fiscal\u00eda habla con resultados.<\/p>\n<p>&nbsp;<\/p>\n<p>&nbsp;<\/p>\n<p>&nbsp;<\/p>\n<p>JARG\/GRJD\/UFDACSJ<\/p>\n<p>&nbsp;<\/p>\n<p>La informaci\u00f3n contenida en este bolet\u00edn de prensa corresponde a la narraci\u00f3n de los hechos noticiosos objetivos, suministrados por los funcionarios encargados de adelantar las investigaciones penales al interior de la Fiscal\u00eda General de la Naci\u00f3n. Para el momento de la divulgaci\u00f3n de este comunicado, la situaci\u00f3n jur\u00eddica de la(s) persona(s) relacionada(s) se encuentra pendiente de resolver por la autoridad judicial competente, siempre bajo los preceptos de la presunci\u00f3n de inocencia, consagrados en el art\u00edculo 29 de la Constituci\u00f3n Pol\u00edtica y el art\u00edculo 7\u00ba de la Ley 906 de 2004.<\/p>\n<p>&nbsp;<\/p>\n<p>&nbsp;<\/p>\n<p>&nbsp;<\/p>\n\n<div class=\"twitter-share\"><a href=\"https:\/\/twitter.com\/intent\/tweet?via=fiscaliacol\" class=\"twitter-share-button\">Tweet<\/a><\/div>\n","protected":false},"excerpt":{"rendered":"<p>\u2022 El exaspirante, en su intenci\u00f3n de llegar a la Presidencia de la Rep\u00fablica, presuntamente, recibi\u00f3 y no report\u00f3 1\u2019610.000 d\u00f3lares que le entreg\u00f3 la constructora brasile\u00f1a para cubrir la contrataci\u00f3n del publicista \u2018Duda\u2019 Mendo\u00e7a. \u2022 Por su parte, la exministra de Transporte habr\u00eda participado en los tr\u00e1mites del otros\u00ed Oca\u00f1a &#8211; Gamarra a la [&hellip;]<\/p>\n","protected":false},"author":178,"featured_media":0,"comment_status":"closed","ping_status":"open","sticky":false,"template":"","format":"standard","meta":{"tdm_status":"","tdm_grid_status":"","footnotes":""},"categories":[1],"tags":[33862,24185,1047,25949],"class_list":{"0":"post-273190","1":"post","2":"type-post","3":"status-publish","4":"format-standard","6":"category-noticias","7":"tag-bogota-d-c","8":"tag-fiscal-barbosa","9":"tag-fiscalia-general-de-la-nacion","10":"tag-odebrecht"},"yoast_head":"<!-- This site is optimized with the Yoast SEO plugin v24.3 - https:\/\/yoast.com\/wordpress\/plugins\/seo\/ -->\n<title>Fiscal\u00eda General de la Naci\u00f3n<\/title>\n<meta name=\"description\" content=\"P\u00e1gina oficial de la Fiscal\u00eda General de la Naci\u00f3n \u2013 Colombia. Garantizamos el acceso efectivo a la justicia, la verdad y la reparaci\u00f3n de las v\u00edctimas de los delitos.\" \/>\n<meta name=\"robots\" content=\"noindex, follow\" \/>\n<meta property=\"og:locale\" content=\"es_ES\" \/>\n<meta property=\"og:type\" content=\"article\" \/>\n<meta property=\"og:title\" content=\"Fiscal\u00eda General de la Naci\u00f3n\" \/>\n<meta property=\"og:description\" content=\"P\u00e1gina oficial de la Fiscal\u00eda General de la Naci\u00f3n \u2013 Colombia. Garantizamos el acceso efectivo a la justicia, la verdad y la reparaci\u00f3n de las v\u00edctimas de los delitos.\" \/>\n<meta property=\"og:url\" content=\"https:\/\/www.fiscalia.gov.co\/colombia\/noticias\/fiscalia-imputara-al-excandidato-presidencial-oscar-ivan-zuluaga-a-su-gerente-de-campana-david-zuluaga-martinez-y-a-la-exministra-cecilia-alvarez-por-caso-odebrecht\/\" \/>\n<meta property=\"og:site_name\" content=\"Fiscal\u00eda General de la Naci\u00f3n\" \/>\n<meta property=\"article:publisher\" content=\"https:\/\/www.facebook.com\/FiscaliaCol\" \/>\n<meta property=\"article:published_time\" content=\"2023-06-13T11:57:43+00:00\" \/>\n<meta property=\"article:modified_time\" content=\"2023-06-13T11:58:45+00:00\" \/>\n<meta name=\"author\" content=\"Winnie Geraldine Rodr\u00edguez Navarrete\" \/>\n<meta name=\"twitter:card\" content=\"summary_large_image\" \/>\n<meta name=\"twitter:creator\" content=\"@FiscaliaCol\" \/>\n<meta name=\"twitter:site\" content=\"@FiscaliaCol\" \/>\n<meta name=\"twitter:label1\" content=\"Escrito por\" \/>\n\t<meta name=\"twitter:data1\" content=\"Winnie Geraldine Rodr\u00edguez Navarrete\" \/>\n\t<meta name=\"twitter:label2\" content=\"Tiempo de lectura\" \/>\n\t<meta name=\"twitter:data2\" content=\"7 minutos\" \/>\n<script type=\"application\/ld+json\" class=\"yoast-schema-graph\">{\"@context\":\"https:\/\/schema.org\",\"@graph\":[{\"@type\":\"Article\",\"@id\":\"https:\/\/www.fiscalia.gov.co\/colombia\/noticias\/fiscalia-imputara-al-excandidato-presidencial-oscar-ivan-zuluaga-a-su-gerente-de-campana-david-zuluaga-martinez-y-a-la-exministra-cecilia-alvarez-por-caso-odebrecht\/#article\",\"isPartOf\":{\"@id\":\"https:\/\/www.fiscalia.gov.co\/colombia\/noticias\/fiscalia-imputara-al-excandidato-presidencial-oscar-ivan-zuluaga-a-su-gerente-de-campana-david-zuluaga-martinez-y-a-la-exministra-cecilia-alvarez-por-caso-odebrecht\/\"},\"author\":{\"name\":\"Winnie Geraldine Rodr\u00edguez Navarrete\",\"@id\":\"https:\/\/www.fiscalia.gov.co\/colombia\/#\/schema\/person\/176195b99ebab0a52aafa15197e1bf80\"},\"headline\":\"Fiscal\u00eda imputar\u00e1 al excandidato presidencial Oscar Iv\u00e1n Zuluaga, a su gerente de campa\u00f1a David Zuluaga Mart\u00ednez y a la exministra Cecilia \u00c1lvarez por caso Odebrecht\",\"datePublished\":\"2023-06-13T11:57:43+00:00\",\"dateModified\":\"2023-06-13T11:58:45+00:00\",\"mainEntityOfPage\":{\"@id\":\"https:\/\/www.fiscalia.gov.co\/colombia\/noticias\/fiscalia-imputara-al-excandidato-presidencial-oscar-ivan-zuluaga-a-su-gerente-de-campana-david-zuluaga-martinez-y-a-la-exministra-cecilia-alvarez-por-caso-odebrecht\/\"},\"wordCount\":1498,\"publisher\":{\"@id\":\"https:\/\/www.fiscalia.gov.co\/colombia\/#organization\"},\"keywords\":[\"Bogot\u00e1 D.C.\",\"Fiscal Barbosa\",\"Fiscal\u00eda General de la Naci\u00f3n\",\"Odebrecht\"],\"articleSection\":[\"Noticias\"],\"inLanguage\":\"es-CO\"},{\"@type\":\"WebPage\",\"@id\":\"https:\/\/www.fiscalia.gov.co\/colombia\/noticias\/fiscalia-imputara-al-excandidato-presidencial-oscar-ivan-zuluaga-a-su-gerente-de-campana-david-zuluaga-martinez-y-a-la-exministra-cecilia-alvarez-por-caso-odebrecht\/\",\"url\":\"https:\/\/www.fiscalia.gov.co\/colombia\/noticias\/fiscalia-imputara-al-excandidato-presidencial-oscar-ivan-zuluaga-a-su-gerente-de-campana-david-zuluaga-martinez-y-a-la-exministra-cecilia-alvarez-por-caso-odebrecht\/\",\"name\":\"Fiscal\u00eda General de la Naci\u00f3n\",\"isPartOf\":{\"@id\":\"https:\/\/www.fiscalia.gov.co\/colombia\/#website\"},\"datePublished\":\"2023-06-13T11:57:43+00:00\",\"dateModified\":\"2023-06-13T11:58:45+00:00\",\"description\":\"P\u00e1gina oficial de la Fiscal\u00eda General de la Naci\u00f3n \u2013 Colombia. Garantizamos el acceso efectivo a la justicia, la verdad y la reparaci\u00f3n de las v\u00edctimas de los delitos.\",\"breadcrumb\":{\"@id\":\"https:\/\/www.fiscalia.gov.co\/colombia\/noticias\/fiscalia-imputara-al-excandidato-presidencial-oscar-ivan-zuluaga-a-su-gerente-de-campana-david-zuluaga-martinez-y-a-la-exministra-cecilia-alvarez-por-caso-odebrecht\/#breadcrumb\"},\"inLanguage\":\"es-CO\",\"potentialAction\":[{\"@type\":\"ReadAction\",\"target\":[\"https:\/\/www.fiscalia.gov.co\/colombia\/noticias\/fiscalia-imputara-al-excandidato-presidencial-oscar-ivan-zuluaga-a-su-gerente-de-campana-david-zuluaga-martinez-y-a-la-exministra-cecilia-alvarez-por-caso-odebrecht\/\"]}]},{\"@type\":\"BreadcrumbList\",\"@id\":\"https:\/\/www.fiscalia.gov.co\/colombia\/noticias\/fiscalia-imputara-al-excandidato-presidencial-oscar-ivan-zuluaga-a-su-gerente-de-campana-david-zuluaga-martinez-y-a-la-exministra-cecilia-alvarez-por-caso-odebrecht\/#breadcrumb\",\"itemListElement\":[{\"@type\":\"ListItem\",\"position\":1,\"name\":\"Home\",\"item\":\"https:\/\/www.fiscalia.gov.co\/colombia\/\"},{\"@type\":\"ListItem\",\"position\":2,\"name\":\"Fiscal\u00eda imputar\u00e1 al excandidato presidencial Oscar Iv\u00e1n Zuluaga, a su gerente de campa\u00f1a David Zuluaga Mart\u00ednez y a la exministra Cecilia \u00c1lvarez por caso Odebrecht\"}]},{\"@type\":\"WebSite\",\"@id\":\"https:\/\/www.fiscalia.gov.co\/colombia\/#website\",\"url\":\"https:\/\/www.fiscalia.gov.co\/colombia\/\",\"name\":\"Fiscal\u00eda General de la Naci\u00f3n\",\"description\":\"P\u00e1gina oficial de la Fiscal\u00eda General de la Naci\u00f3n \u2013 Colombia. Garantizamos el acceso efectivo a la justicia, la verdad y la reparaci\u00f3n de las v\u00edctimas de los delitos.\",\"publisher\":{\"@id\":\"https:\/\/www.fiscalia.gov.co\/colombia\/#organization\"},\"potentialAction\":[{\"@type\":\"SearchAction\",\"target\":{\"@type\":\"EntryPoint\",\"urlTemplate\":\"https:\/\/www.fiscalia.gov.co\/colombia\/?s={search_term_string}\"},\"query-input\":{\"@type\":\"PropertyValueSpecification\",\"valueRequired\":true,\"valueName\":\"search_term_string\"}}],\"inLanguage\":\"es-CO\"},{\"@type\":\"Organization\",\"@id\":\"https:\/\/www.fiscalia.gov.co\/colombia\/#organization\",\"name\":\"Fiscal\u00eda General de la Naci\u00f3n\",\"url\":\"https:\/\/www.fiscalia.gov.co\/colombia\/\",\"logo\":{\"@type\":\"ImageObject\",\"inLanguage\":\"es-CO\",\"@id\":\"https:\/\/www.fiscalia.gov.co\/colombia\/#\/schema\/logo\/image\/\",\"url\":\"https:\/\/www.fiscalia.gov.co\/colombia\/wp-content\/uploads\/LogoHorizontal_1.jpg\",\"contentUrl\":\"https:\/\/www.fiscalia.gov.co\/colombia\/wp-content\/uploads\/LogoHorizontal_1.jpg\",\"width\":300,\"height\":90,\"caption\":\"Fiscal\u00eda General de la Naci\u00f3n\"},\"image\":{\"@id\":\"https:\/\/www.fiscalia.gov.co\/colombia\/#\/schema\/logo\/image\/\"},\"sameAs\":[\"https:\/\/www.facebook.com\/FiscaliaCol\",\"https:\/\/x.com\/FiscaliaCol\",\"https:\/\/www.instagram.com\/fiscaliacol\",\"https:\/\/www.linkedin.com\/company\/fiscalia-general-de-la-naci-n\/\",\"https:\/\/youtube.com\/@fiscaliageneraldelanacion-4668?si=6nN79nyQICPU5iTh\"]},{\"@type\":\"Person\",\"@id\":\"https:\/\/www.fiscalia.gov.co\/colombia\/#\/schema\/person\/176195b99ebab0a52aafa15197e1bf80\",\"name\":\"Winnie Geraldine Rodr\u00edguez Navarrete\",\"image\":{\"@type\":\"ImageObject\",\"inLanguage\":\"es-CO\",\"@id\":\"https:\/\/www.fiscalia.gov.co\/colombia\/#\/schema\/person\/image\/\",\"url\":\"https:\/\/secure.gravatar.com\/avatar\/c24cf8481dc84fa5e8c7b20bc95ab0c6?s=96&d=mm&r=g\",\"contentUrl\":\"https:\/\/secure.gravatar.com\/avatar\/c24cf8481dc84fa5e8c7b20bc95ab0c6?s=96&d=mm&r=g\",\"caption\":\"Winnie Geraldine Rodr\u00edguez Navarrete\"},\"url\":\"https:\/\/www.fiscalia.gov.co\/colombia\/author\/winnierodriguez\/\"}]}<\/script>\n<!-- \/ Yoast SEO plugin. -->","yoast_head_json":{"title":"Fiscal\u00eda General de la Naci\u00f3n","description":"P\u00e1gina oficial de la Fiscal\u00eda General de la Naci\u00f3n \u2013 Colombia. Garantizamos el acceso efectivo a la justicia, la verdad y la reparaci\u00f3n de las v\u00edctimas de los delitos.","robots":{"index":"noindex","follow":"follow"},"og_locale":"es_ES","og_type":"article","og_title":"Fiscal\u00eda General de la Naci\u00f3n","og_description":"P\u00e1gina oficial de la Fiscal\u00eda General de la Naci\u00f3n \u2013 Colombia. Garantizamos el acceso efectivo a la justicia, la verdad y la reparaci\u00f3n de las v\u00edctimas de los delitos.","og_url":"https:\/\/www.fiscalia.gov.co\/colombia\/noticias\/fiscalia-imputara-al-excandidato-presidencial-oscar-ivan-zuluaga-a-su-gerente-de-campana-david-zuluaga-martinez-y-a-la-exministra-cecilia-alvarez-por-caso-odebrecht\/","og_site_name":"Fiscal\u00eda General de la Naci\u00f3n","article_publisher":"https:\/\/www.facebook.com\/FiscaliaCol","article_published_time":"2023-06-13T11:57:43+00:00","article_modified_time":"2023-06-13T11:58:45+00:00","author":"Winnie Geraldine Rodr\u00edguez Navarrete","twitter_card":"summary_large_image","twitter_creator":"@FiscaliaCol","twitter_site":"@FiscaliaCol","twitter_misc":{"Escrito por":"Winnie Geraldine Rodr\u00edguez Navarrete","Tiempo de lectura":"7 minutos"},"schema":{"@context":"https:\/\/schema.org","@graph":[{"@type":"Article","@id":"https:\/\/www.fiscalia.gov.co\/colombia\/noticias\/fiscalia-imputara-al-excandidato-presidencial-oscar-ivan-zuluaga-a-su-gerente-de-campana-david-zuluaga-martinez-y-a-la-exministra-cecilia-alvarez-por-caso-odebrecht\/#article","isPartOf":{"@id":"https:\/\/www.fiscalia.gov.co\/colombia\/noticias\/fiscalia-imputara-al-excandidato-presidencial-oscar-ivan-zuluaga-a-su-gerente-de-campana-david-zuluaga-martinez-y-a-la-exministra-cecilia-alvarez-por-caso-odebrecht\/"},"author":{"name":"Winnie Geraldine Rodr\u00edguez Navarrete","@id":"https:\/\/www.fiscalia.gov.co\/colombia\/#\/schema\/person\/176195b99ebab0a52aafa15197e1bf80"},"headline":"Fiscal\u00eda imputar\u00e1 al excandidato presidencial Oscar Iv\u00e1n Zuluaga, a su gerente de campa\u00f1a David Zuluaga Mart\u00ednez y a la exministra Cecilia \u00c1lvarez por caso Odebrecht","datePublished":"2023-06-13T11:57:43+00:00","dateModified":"2023-06-13T11:58:45+00:00","mainEntityOfPage":{"@id":"https:\/\/www.fiscalia.gov.co\/colombia\/noticias\/fiscalia-imputara-al-excandidato-presidencial-oscar-ivan-zuluaga-a-su-gerente-de-campana-david-zuluaga-martinez-y-a-la-exministra-cecilia-alvarez-por-caso-odebrecht\/"},"wordCount":1498,"publisher":{"@id":"https:\/\/www.fiscalia.gov.co\/colombia\/#organization"},"keywords":["Bogot\u00e1 D.C.","Fiscal Barbosa","Fiscal\u00eda General de la Naci\u00f3n","Odebrecht"],"articleSection":["Noticias"],"inLanguage":"es-CO"},{"@type":"WebPage","@id":"https:\/\/www.fiscalia.gov.co\/colombia\/noticias\/fiscalia-imputara-al-excandidato-presidencial-oscar-ivan-zuluaga-a-su-gerente-de-campana-david-zuluaga-martinez-y-a-la-exministra-cecilia-alvarez-por-caso-odebrecht\/","url":"https:\/\/www.fiscalia.gov.co\/colombia\/noticias\/fiscalia-imputara-al-excandidato-presidencial-oscar-ivan-zuluaga-a-su-gerente-de-campana-david-zuluaga-martinez-y-a-la-exministra-cecilia-alvarez-por-caso-odebrecht\/","name":"Fiscal\u00eda General de la Naci\u00f3n","isPartOf":{"@id":"https:\/\/www.fiscalia.gov.co\/colombia\/#website"},"datePublished":"2023-06-13T11:57:43+00:00","dateModified":"2023-06-13T11:58:45+00:00","description":"P\u00e1gina oficial de la Fiscal\u00eda General de la Naci\u00f3n \u2013 Colombia. Garantizamos el acceso efectivo a la justicia, la verdad y la reparaci\u00f3n de las v\u00edctimas de los delitos.","breadcrumb":{"@id":"https:\/\/www.fiscalia.gov.co\/colombia\/noticias\/fiscalia-imputara-al-excandidato-presidencial-oscar-ivan-zuluaga-a-su-gerente-de-campana-david-zuluaga-martinez-y-a-la-exministra-cecilia-alvarez-por-caso-odebrecht\/#breadcrumb"},"inLanguage":"es-CO","potentialAction":[{"@type":"ReadAction","target":["https:\/\/www.fiscalia.gov.co\/colombia\/noticias\/fiscalia-imputara-al-excandidato-presidencial-oscar-ivan-zuluaga-a-su-gerente-de-campana-david-zuluaga-martinez-y-a-la-exministra-cecilia-alvarez-por-caso-odebrecht\/"]}]},{"@type":"BreadcrumbList","@id":"https:\/\/www.fiscalia.gov.co\/colombia\/noticias\/fiscalia-imputara-al-excandidato-presidencial-oscar-ivan-zuluaga-a-su-gerente-de-campana-david-zuluaga-martinez-y-a-la-exministra-cecilia-alvarez-por-caso-odebrecht\/#breadcrumb","itemListElement":[{"@type":"ListItem","position":1,"name":"Home","item":"https:\/\/www.fiscalia.gov.co\/colombia\/"},{"@type":"ListItem","position":2,"name":"Fiscal\u00eda imputar\u00e1 al excandidato presidencial Oscar Iv\u00e1n Zuluaga, a su gerente de campa\u00f1a David Zuluaga Mart\u00ednez y a la exministra Cecilia \u00c1lvarez por caso Odebrecht"}]},{"@type":"WebSite","@id":"https:\/\/www.fiscalia.gov.co\/colombia\/#website","url":"https:\/\/www.fiscalia.gov.co\/colombia\/","name":"Fiscal\u00eda General de la Naci\u00f3n","description":"P\u00e1gina oficial de la Fiscal\u00eda General de la Naci\u00f3n \u2013 Colombia. Garantizamos el acceso efectivo a la justicia, la verdad y la reparaci\u00f3n de las v\u00edctimas de los delitos.","publisher":{"@id":"https:\/\/www.fiscalia.gov.co\/colombia\/#organization"},"potentialAction":[{"@type":"SearchAction","target":{"@type":"EntryPoint","urlTemplate":"https:\/\/www.fiscalia.gov.co\/colombia\/?s={search_term_string}"},"query-input":{"@type":"PropertyValueSpecification","valueRequired":true,"valueName":"search_term_string"}}],"inLanguage":"es-CO"},{"@type":"Organization","@id":"https:\/\/www.fiscalia.gov.co\/colombia\/#organization","name":"Fiscal\u00eda General de la Naci\u00f3n","url":"https:\/\/www.fiscalia.gov.co\/colombia\/","logo":{"@type":"ImageObject","inLanguage":"es-CO","@id":"https:\/\/www.fiscalia.gov.co\/colombia\/#\/schema\/logo\/image\/","url":"https:\/\/www.fiscalia.gov.co\/colombia\/wp-content\/uploads\/LogoHorizontal_1.jpg","contentUrl":"https:\/\/www.fiscalia.gov.co\/colombia\/wp-content\/uploads\/LogoHorizontal_1.jpg","width":300,"height":90,"caption":"Fiscal\u00eda General de la Naci\u00f3n"},"image":{"@id":"https:\/\/www.fiscalia.gov.co\/colombia\/#\/schema\/logo\/image\/"},"sameAs":["https:\/\/www.facebook.com\/FiscaliaCol","https:\/\/x.com\/FiscaliaCol","https:\/\/www.instagram.com\/fiscaliacol","https:\/\/www.linkedin.com\/company\/fiscalia-general-de-la-naci-n\/","https:\/\/youtube.com\/@fiscaliageneraldelanacion-4668?si=6nN79nyQICPU5iTh"]},{"@type":"Person","@id":"https:\/\/www.fiscalia.gov.co\/colombia\/#\/schema\/person\/176195b99ebab0a52aafa15197e1bf80","name":"Winnie Geraldine Rodr\u00edguez Navarrete","image":{"@type":"ImageObject","inLanguage":"es-CO","@id":"https:\/\/www.fiscalia.gov.co\/colombia\/#\/schema\/person\/image\/","url":"https:\/\/secure.gravatar.com\/avatar\/c24cf8481dc84fa5e8c7b20bc95ab0c6?s=96&d=mm&r=g","contentUrl":"https:\/\/secure.gravatar.com\/avatar\/c24cf8481dc84fa5e8c7b20bc95ab0c6?s=96&d=mm&r=g","caption":"Winnie Geraldine Rodr\u00edguez Navarrete"},"url":"https:\/\/www.fiscalia.gov.co\/colombia\/author\/winnierodriguez\/"}]}},"_links":{"self":[{"href":"https:\/\/www.fiscalia.gov.co\/colombia\/wp-json\/wp\/v2\/posts\/273190","targetHints":{"allow":["GET"]}}],"collection":[{"href":"https:\/\/www.fiscalia.gov.co\/colombia\/wp-json\/wp\/v2\/posts"}],"about":[{"href":"https:\/\/www.fiscalia.gov.co\/colombia\/wp-json\/wp\/v2\/types\/post"}],"author":[{"embeddable":true,"href":"https:\/\/www.fiscalia.gov.co\/colombia\/wp-json\/wp\/v2\/users\/178"}],"replies":[{"embeddable":true,"href":"https:\/\/www.fiscalia.gov.co\/colombia\/wp-json\/wp\/v2\/comments?post=273190"}],"version-history":[{"count":3,"href":"https:\/\/www.fiscalia.gov.co\/colombia\/wp-json\/wp\/v2\/posts\/273190\/revisions"}],"predecessor-version":[{"id":273212,"href":"https:\/\/www.fiscalia.gov.co\/colombia\/wp-json\/wp\/v2\/posts\/273190\/revisions\/273212"}],"wp:attachment":[{"href":"https:\/\/www.fiscalia.gov.co\/colombia\/wp-json\/wp\/v2\/media?parent=273190"}],"wp:term":[{"taxonomy":"category","embeddable":true,"href":"https:\/\/www.fiscalia.gov.co\/colombia\/wp-json\/wp\/v2\/categories?post=273190"},{"taxonomy":"post_tag","embeddable":true,"href":"https:\/\/www.fiscalia.gov.co\/colombia\/wp-json\/wp\/v2\/tags?post=273190"}],"curies":[{"name":"wp","href":"https:\/\/api.w.org\/{rel}","templated":true}]}}