{"id":273105,"date":"2023-06-09T15:26:49","date_gmt":"2023-06-09T20:26:49","guid":{"rendered":"https:\/\/www.fiscalia.gov.co\/colombia\/?p=273105"},"modified":"2023-06-21T12:11:46","modified_gmt":"2023-06-21T17:11:46","slug":"tres-hombres-investigados-por-atentar-contra-la-integridad-de-las-mujeres-en-uraba-y-el-bajo-cauca-antioqueno-fueron-enviados-a-la-carcel-por-solicitud-de-la-fiscalia","status":"publish","type":"post","link":"https:\/\/www.fiscalia.gov.co\/colombia\/noticias\/tres-hombres-investigados-por-atentar-contra-la-integridad-de-las-mujeres-en-uraba-y-el-bajo-cauca-antioqueno-fueron-enviados-a-la-carcel-por-solicitud-de-la-fiscalia\/","title":{"rendered":"Tres hombres investigados por atentar contra la integridad de las mujeres en Urab\u00e1 y el bajo Cauca antioque\u00f1o fueron enviados a la c\u00e1rcel por solicitud de la Fiscal\u00eda"},"content":{"rendered":"<div>\n<h4><strong><i>En uno de los hechos fue abusada y asesinada una adolescente ind\u00edgena de 16 a\u00f1os de edad en el municipio de Turbo (Antioquia)<\/i><\/strong><\/h4>\n<p>Por solicitud de la Fiscal\u00eda General de la Naci\u00f3n, un Juez de Control de Garant\u00edas impuso medida de aseguramiento en centro carcelario en contra de Eliberto Domic\u00f3 Domic\u00f3, de 31 a\u00f1os de edad y Elkin Carupia Jumi, de 24 a\u00f1os, como presuntos responsables de feminicidio agravado, tentativa de homicidio agravado y acceso carnal violento agravado.<\/p>\n<p>Los hechos investigados ocurrieron en la comunidad ind\u00edgena Volc\u00e1n Doquera del municipio de Turbo (Antioquia) este domingo 4 de junio, cuando varios hombres se habr\u00edan llevado por la fuerza a una menor de 16 a\u00f1os, quien al parecer fue abusada y asesinada.<\/p>\n<p>Se evidenci\u00f3 adem\u00e1s que los presuntos delincuentes intentaron estrangular a otro menor de 14 a\u00f1os, que acompa\u00f1aba a la v\u00edctima, para evitar que contara lo sucedido. El joven logr\u00f3 escapar y dar aviso a la comunidad.<\/p>\n<p>De acuerdo con el dictamen de Medicina Legal y Ciencias Forenses, la causa de muerte del menor fue asfixia mec\u00e1nica por estrangulamiento.<\/p>\n<p>Los procesados fueron capturados por la guardia ind\u00edgena y entregados a servidores de la Polic\u00eda Nacional, quienes los dejaron a disposici\u00f3n de la Fiscal\u00eda para su judicializaci\u00f3n.<\/p>\n<p>Los procesados no se allanaron a los cargos que les imput\u00f3 un fiscal de la Seccional Antioquia durante las audiencias concentradas.<\/p>\n<p><b><u>FEMINICIDIO Y HOMICIDIO DE MUJERES EN ANTIOQUIA<\/u><\/b><\/p>\n<p>Entre enero y lo que va del mes de junio de este a\u00f1o, en la jurisdicci\u00f3n de la Seccional de Fiscal\u00edas de Antioquia han sido reportados 14 homicidios de mujeres, de los cuales 5 fueron tipificados como feminicidios, y ya\u00a0\u00a0fueron resueltos en su totalidad de manera positiva.<\/p>\n<p>En el mismo per\u00edodo se han presentado 1074 casos de violencia intrafamiliar con un \u00edndice de resoluci\u00f3n de casos de 82 por ciento.<\/p>\n<p>Entre los a\u00f1os 2022 y 2023 se ha logrado la judicializaci\u00f3n de 5 miembros de diferentes comunidades ind\u00edgenas, por casos de abuso sexual de mujeres de los mismos resguardos.<\/p>\n<p><b><u>JUDICIALIZADO SUPUESTO BRUJO POR ABUSO SEXUAL DE DOS MUJERES EN CAUCASIA, BAJO CAUCA ANTIOQUE\u00d1O<\/u><\/b><\/p>\n<p>En otra decisi\u00f3n judicial, la Fiscal\u00eda General de la Naci\u00f3n, obtuvo medida de aseguramiento en centro carcelario en contra de un hombre de 65 a\u00f1os de edad, conocido como Bigotes, como presunto responsable de abusar sexualmente de una mujer adulta y\u00a0de su hija de 17 a\u00f1os, durante una supuesta sesi\u00f3n de brujer\u00eda.<\/p>\n<p>Seg\u00fan la investigaci\u00f3n adelantada por un fiscal de la Unidad de G\u00e9nero de la Seccional Antioquia, los hechos habr\u00edan ocurrido en la vivienda del procesado ubicada en zona urbana de Caucasia, bajo Cauca antioque\u00f1o, en febrero de este a\u00f1o, cuando la mujer de 44 a\u00f1os, al parecer fue accedida por el procesado, mientras que su hija habr\u00eda sido objeto de tocamientos de car\u00e1cter sexual.<\/p>\n<p>Las labores de polic\u00eda judicial permitieron establecer que despu\u00e9s del supuesto ritual de brujer\u00eda, el investigado les habr\u00eda prohibido\u00a0a las mujeres contar lo sucedido para evitar que algo malo les sucediera.<\/p>\n<p>El hombre fue capturado por servidores del Cuerpo T\u00e9cnico de Investigaci\u00f3n y durante las audiencias concentradas no acept\u00f3 los cargos endilgados por los delitos de acceso carnal con persona puesta en incapacidad de resistir y actos sexuales con persona puesta en incapacidad de resistir.<\/p>\n<p>En lo que va corrido del a\u00f1o 2023, la Direcci\u00f3n Seccional de Fiscal\u00edas de Antioquia ha recibido 290 denuncias por presunto abuso sexual y el avance de resoluci\u00f3n de los casos es del 70.69 por ciento.<\/p>\n<p><b>La Fiscal\u00eda habla con resultados.<\/b><\/p>\n<\/div>\n<p>&nbsp;<\/p>\n<p>&nbsp;<\/p>\n<p>&nbsp;<\/p>\n<div>\n<p>&nbsp;<\/p>\n<p>LFML\/MG\/DPB\/DSA<\/p>\n<p>&nbsp;<\/p>\n<p>&nbsp;<\/p>\n<\/div>\n<p>&nbsp;<\/p>\n<div>\n<div class=\"td-post-content tagdiv-type\">\n<p><em>La informaci\u00f3n contenida en este bolet\u00edn de prensa corresponde a la narraci\u00f3n de los hechos noticiosos objetivos, y las investigaciones penales al interior de la Fiscal\u00eda General de la Naci\u00f3n. Para el momento de la divulgaci\u00f3n de este comunicado, la situaci\u00f3n jur\u00eddica de la(s) persona(s) relacionada(s) se encuentra pendiente de resolver por la autoridad judicial competente, siempre bajo los preceptos de la presunci\u00f3n de inocencia, consagrados en el art\u00edculo 29 de la Constituci\u00f3n Pol\u00edtica y el art\u00edculo 7\u00ba de la Ley 906 de 2004.<\/em><\/p>\n<\/div>\n<footer>\n<div class=\"td-post-source-tags\"><\/div>\n<div class=\"td-post-sharing-bottom\"><\/div>\n<\/footer>\n<\/div>\n\n<div class=\"twitter-share\"><a href=\"https:\/\/twitter.com\/intent\/tweet?via=fiscaliacol\" class=\"twitter-share-button\">Tweet<\/a><\/div>\n","protected":false},"excerpt":{"rendered":"<p>En uno de los hechos fue abusada y asesinada una adolescente ind\u00edgena de 16 a\u00f1os de edad en el municipio de Turbo (Antioquia) Por solicitud de la Fiscal\u00eda General de [&hellip;]<\/p>\n","protected":false},"author":177,"featured_media":0,"comment_status":"closed","ping_status":"open","sticky":false,"template":"","format":"video","meta":{"tdm_status":"","tdm_grid_status":"","footnotes":""},"categories":[1,318,303,24099],"tags":[34883,2107,25864,25012,1047,34884,558,34885,30997],"class_list":["post-273105","post","type-post","status-publish","format-video","category-noticias","category-seccional-antioquia","category-seccionales","category-seguridad-territorial","tag-asegurados-presuntos-responsables-de-feminicidio-y-abuso-sexual-a-una-menor-indigena","tag-asfixia-mecanica","tag-bajo-cauca-antioqueno","tag-cuerpo-tecnico-de-investigacion","tag-fiscalia-general-de-la-nacion","tag-municipio-de-turbo-antioquia","tag-policia-nacional","tag-presunto-brujo-investigado-por-abuso-de-dos-mujeres-en-caucasia","tag-turbo-antioquia","post_format-post-format-video"],"yoast_head":"<!-- This site is optimized with the Yoast SEO plugin v24.3 - https:\/\/yoast.com\/wordpress\/plugins\/seo\/ -->\n<title>Fiscal\u00eda General de la Naci\u00f3n<\/title>\n<meta name=\"description\" content=\"P\u00e1gina oficial de la Fiscal\u00eda General de la Naci\u00f3n \u2013 Colombia. Garantizamos el acceso efectivo a la justicia, la verdad y la reparaci\u00f3n de las v\u00edctimas de los delitos.\" \/>\n<meta name=\"robots\" content=\"noindex, follow\" \/>\n<meta property=\"og:locale\" content=\"es_ES\" \/>\n<meta property=\"og:type\" content=\"article\" \/>\n<meta property=\"og:title\" content=\"Fiscal\u00eda General de la Naci\u00f3n\" \/>\n<meta property=\"og:description\" content=\"P\u00e1gina oficial de la Fiscal\u00eda General de la Naci\u00f3n \u2013 Colombia. Garantizamos el acceso efectivo a la justicia, la verdad y la reparaci\u00f3n de las v\u00edctimas de los delitos.\" \/>\n<meta property=\"og:url\" content=\"https:\/\/www.fiscalia.gov.co\/colombia\/noticias\/tres-hombres-investigados-por-atentar-contra-la-integridad-de-las-mujeres-en-uraba-y-el-bajo-cauca-antioqueno-fueron-enviados-a-la-carcel-por-solicitud-de-la-fiscalia\/\" \/>\n<meta property=\"og:site_name\" content=\"Fiscal\u00eda General de la Naci\u00f3n\" \/>\n<meta property=\"article:publisher\" content=\"https:\/\/www.facebook.com\/FiscaliaCol\" \/>\n<meta property=\"article:published_time\" content=\"2023-06-09T20:26:49+00:00\" \/>\n<meta property=\"article:modified_time\" content=\"2023-06-21T17:11:46+00:00\" \/>\n<meta name=\"author\" content=\"Jordan Leandro Oviedo Anzola\" \/>\n<meta name=\"twitter:card\" content=\"summary_large_image\" \/>\n<meta name=\"twitter:creator\" content=\"@FiscaliaCol\" \/>\n<meta name=\"twitter:site\" content=\"@FiscaliaCol\" \/>\n<meta name=\"twitter:label1\" content=\"Escrito por\" \/>\n\t<meta name=\"twitter:data1\" content=\"Jordan Leandro Oviedo Anzola\" \/>\n\t<meta name=\"twitter:label2\" content=\"Tiempo de lectura\" \/>\n\t<meta name=\"twitter:data2\" content=\"4 minutos\" \/>\n<script type=\"application\/ld+json\" class=\"yoast-schema-graph\">{\"@context\":\"https:\/\/schema.org\",\"@graph\":[{\"@type\":\"Article\",\"@id\":\"https:\/\/www.fiscalia.gov.co\/colombia\/noticias\/tres-hombres-investigados-por-atentar-contra-la-integridad-de-las-mujeres-en-uraba-y-el-bajo-cauca-antioqueno-fueron-enviados-a-la-carcel-por-solicitud-de-la-fiscalia\/#article\",\"isPartOf\":{\"@id\":\"https:\/\/www.fiscalia.gov.co\/colombia\/noticias\/tres-hombres-investigados-por-atentar-contra-la-integridad-de-las-mujeres-en-uraba-y-el-bajo-cauca-antioqueno-fueron-enviados-a-la-carcel-por-solicitud-de-la-fiscalia\/\"},\"author\":{\"name\":\"Jordan Leandro Oviedo Anzola\",\"@id\":\"https:\/\/www.fiscalia.gov.co\/colombia\/#\/schema\/person\/bf84402cf293a5393e9c70b111020b24\"},\"headline\":\"Tres hombres investigados por atentar contra la integridad de las mujeres en Urab\u00e1 y el bajo Cauca antioque\u00f1o fueron enviados a la c\u00e1rcel por solicitud de la Fiscal\u00eda\",\"datePublished\":\"2023-06-09T20:26:49+00:00\",\"dateModified\":\"2023-06-21T17:11:46+00:00\",\"mainEntityOfPage\":{\"@id\":\"https:\/\/www.fiscalia.gov.co\/colombia\/noticias\/tres-hombres-investigados-por-atentar-contra-la-integridad-de-las-mujeres-en-uraba-y-el-bajo-cauca-antioqueno-fueron-enviados-a-la-carcel-por-solicitud-de-la-fiscalia\/\"},\"wordCount\":757,\"publisher\":{\"@id\":\"https:\/\/www.fiscalia.gov.co\/colombia\/#organization\"},\"keywords\":[\"Asegurados presuntos responsables de feminicidio y abuso sexual a una menor ind\u00edgena\",\"Asfixia mec\u00e1nica\",\"BAJO CAUCA ANTIOQUE\u00d1O\",\"cuerpo t\u00e9cnico de investigaci\u00f3n\",\"Fiscal\u00eda General de la Naci\u00f3n\",\"municipio de Turbo (Antioquia)\",\"Polic\u00eda Nacional\",\"presunto brujo investigado por abuso de dos mujeres en Caucasia\",\"Turbo (Antioquia)\"],\"articleSection\":[\"Noticias\",\"Seccional Antioquia\",\"Seccionales\",\"Seguridad territorial\"],\"inLanguage\":\"es-CO\"},{\"@type\":\"WebPage\",\"@id\":\"https:\/\/www.fiscalia.gov.co\/colombia\/noticias\/tres-hombres-investigados-por-atentar-contra-la-integridad-de-las-mujeres-en-uraba-y-el-bajo-cauca-antioqueno-fueron-enviados-a-la-carcel-por-solicitud-de-la-fiscalia\/\",\"url\":\"https:\/\/www.fiscalia.gov.co\/colombia\/noticias\/tres-hombres-investigados-por-atentar-contra-la-integridad-de-las-mujeres-en-uraba-y-el-bajo-cauca-antioqueno-fueron-enviados-a-la-carcel-por-solicitud-de-la-fiscalia\/\",\"name\":\"Fiscal\u00eda General de la Naci\u00f3n\",\"isPartOf\":{\"@id\":\"https:\/\/www.fiscalia.gov.co\/colombia\/#website\"},\"datePublished\":\"2023-06-09T20:26:49+00:00\",\"dateModified\":\"2023-06-21T17:11:46+00:00\",\"description\":\"P\u00e1gina oficial de la Fiscal\u00eda General de la Naci\u00f3n \u2013 Colombia. Garantizamos el acceso efectivo a la justicia, la verdad y la reparaci\u00f3n de las v\u00edctimas de los delitos.\",\"breadcrumb\":{\"@id\":\"https:\/\/www.fiscalia.gov.co\/colombia\/noticias\/tres-hombres-investigados-por-atentar-contra-la-integridad-de-las-mujeres-en-uraba-y-el-bajo-cauca-antioqueno-fueron-enviados-a-la-carcel-por-solicitud-de-la-fiscalia\/#breadcrumb\"},\"inLanguage\":\"es-CO\",\"potentialAction\":[{\"@type\":\"ReadAction\",\"target\":[\"https:\/\/www.fiscalia.gov.co\/colombia\/noticias\/tres-hombres-investigados-por-atentar-contra-la-integridad-de-las-mujeres-en-uraba-y-el-bajo-cauca-antioqueno-fueron-enviados-a-la-carcel-por-solicitud-de-la-fiscalia\/\"]}]},{\"@type\":\"BreadcrumbList\",\"@id\":\"https:\/\/www.fiscalia.gov.co\/colombia\/noticias\/tres-hombres-investigados-por-atentar-contra-la-integridad-de-las-mujeres-en-uraba-y-el-bajo-cauca-antioqueno-fueron-enviados-a-la-carcel-por-solicitud-de-la-fiscalia\/#breadcrumb\",\"itemListElement\":[{\"@type\":\"ListItem\",\"position\":1,\"name\":\"Home\",\"item\":\"https:\/\/www.fiscalia.gov.co\/colombia\/\"},{\"@type\":\"ListItem\",\"position\":2,\"name\":\"Tres hombres investigados por atentar contra la integridad de las mujeres en Urab\u00e1 y el bajo Cauca antioque\u00f1o fueron enviados a la c\u00e1rcel por solicitud de la Fiscal\u00eda\"}]},{\"@type\":\"WebSite\",\"@id\":\"https:\/\/www.fiscalia.gov.co\/colombia\/#website\",\"url\":\"https:\/\/www.fiscalia.gov.co\/colombia\/\",\"name\":\"Fiscal\u00eda General de la Naci\u00f3n\",\"description\":\"P\u00e1gina oficial de la Fiscal\u00eda General de la Naci\u00f3n \u2013 Colombia. Garantizamos el acceso efectivo a la justicia, la verdad y la reparaci\u00f3n de las v\u00edctimas de los delitos.\",\"publisher\":{\"@id\":\"https:\/\/www.fiscalia.gov.co\/colombia\/#organization\"},\"potentialAction\":[{\"@type\":\"SearchAction\",\"target\":{\"@type\":\"EntryPoint\",\"urlTemplate\":\"https:\/\/www.fiscalia.gov.co\/colombia\/?s={search_term_string}\"},\"query-input\":{\"@type\":\"PropertyValueSpecification\",\"valueRequired\":true,\"valueName\":\"search_term_string\"}}],\"inLanguage\":\"es-CO\"},{\"@type\":\"Organization\",\"@id\":\"https:\/\/www.fiscalia.gov.co\/colombia\/#organization\",\"name\":\"Fiscal\u00eda General de la Naci\u00f3n\",\"url\":\"https:\/\/www.fiscalia.gov.co\/colombia\/\",\"logo\":{\"@type\":\"ImageObject\",\"inLanguage\":\"es-CO\",\"@id\":\"https:\/\/www.fiscalia.gov.co\/colombia\/#\/schema\/logo\/image\/\",\"url\":\"https:\/\/www.fiscalia.gov.co\/colombia\/wp-content\/uploads\/LogoHorizontal_1.jpg\",\"contentUrl\":\"https:\/\/www.fiscalia.gov.co\/colombia\/wp-content\/uploads\/LogoHorizontal_1.jpg\",\"width\":300,\"height\":90,\"caption\":\"Fiscal\u00eda General de la Naci\u00f3n\"},\"image\":{\"@id\":\"https:\/\/www.fiscalia.gov.co\/colombia\/#\/schema\/logo\/image\/\"},\"sameAs\":[\"https:\/\/www.facebook.com\/FiscaliaCol\",\"https:\/\/x.com\/FiscaliaCol\",\"https:\/\/www.instagram.com\/fiscaliacol\",\"https:\/\/www.linkedin.com\/company\/fiscalia-general-de-la-naci-n\/\",\"https:\/\/youtube.com\/@fiscaliageneraldelanacion-4668?si=6nN79nyQICPU5iTh\"]},{\"@type\":\"Person\",\"@id\":\"https:\/\/www.fiscalia.gov.co\/colombia\/#\/schema\/person\/bf84402cf293a5393e9c70b111020b24\",\"name\":\"Jordan Leandro Oviedo Anzola\",\"image\":{\"@type\":\"ImageObject\",\"inLanguage\":\"es-CO\",\"@id\":\"https:\/\/www.fiscalia.gov.co\/colombia\/#\/schema\/person\/image\/\",\"url\":\"https:\/\/secure.gravatar.com\/avatar\/dabba4346fa9b9207d96adafa8f92721?s=96&d=mm&r=g\",\"contentUrl\":\"https:\/\/secure.gravatar.com\/avatar\/dabba4346fa9b9207d96adafa8f92721?s=96&d=mm&r=g\",\"caption\":\"Jordan Leandro Oviedo Anzola\"},\"url\":\"https:\/\/www.fiscalia.gov.co\/colombia\/author\/joviedo\/\"}]}<\/script>\n<!-- \/ Yoast SEO plugin. -->","yoast_head_json":{"title":"Fiscal\u00eda General de la Naci\u00f3n","description":"P\u00e1gina oficial de la Fiscal\u00eda General de la Naci\u00f3n \u2013 Colombia. Garantizamos el acceso efectivo a la justicia, la verdad y la reparaci\u00f3n de las v\u00edctimas de los delitos.","robots":{"index":"noindex","follow":"follow"},"og_locale":"es_ES","og_type":"article","og_title":"Fiscal\u00eda General de la Naci\u00f3n","og_description":"P\u00e1gina oficial de la Fiscal\u00eda General de la Naci\u00f3n \u2013 Colombia. Garantizamos el acceso efectivo a la justicia, la verdad y la reparaci\u00f3n de las v\u00edctimas de los delitos.","og_url":"https:\/\/www.fiscalia.gov.co\/colombia\/noticias\/tres-hombres-investigados-por-atentar-contra-la-integridad-de-las-mujeres-en-uraba-y-el-bajo-cauca-antioqueno-fueron-enviados-a-la-carcel-por-solicitud-de-la-fiscalia\/","og_site_name":"Fiscal\u00eda General de la Naci\u00f3n","article_publisher":"https:\/\/www.facebook.com\/FiscaliaCol","article_published_time":"2023-06-09T20:26:49+00:00","article_modified_time":"2023-06-21T17:11:46+00:00","author":"Jordan Leandro Oviedo Anzola","twitter_card":"summary_large_image","twitter_creator":"@FiscaliaCol","twitter_site":"@FiscaliaCol","twitter_misc":{"Escrito por":"Jordan Leandro Oviedo Anzola","Tiempo de lectura":"4 minutos"},"schema":{"@context":"https:\/\/schema.org","@graph":[{"@type":"Article","@id":"https:\/\/www.fiscalia.gov.co\/colombia\/noticias\/tres-hombres-investigados-por-atentar-contra-la-integridad-de-las-mujeres-en-uraba-y-el-bajo-cauca-antioqueno-fueron-enviados-a-la-carcel-por-solicitud-de-la-fiscalia\/#article","isPartOf":{"@id":"https:\/\/www.fiscalia.gov.co\/colombia\/noticias\/tres-hombres-investigados-por-atentar-contra-la-integridad-de-las-mujeres-en-uraba-y-el-bajo-cauca-antioqueno-fueron-enviados-a-la-carcel-por-solicitud-de-la-fiscalia\/"},"author":{"name":"Jordan Leandro Oviedo Anzola","@id":"https:\/\/www.fiscalia.gov.co\/colombia\/#\/schema\/person\/bf84402cf293a5393e9c70b111020b24"},"headline":"Tres hombres investigados por atentar contra la integridad de las mujeres en Urab\u00e1 y el bajo Cauca antioque\u00f1o fueron enviados a la c\u00e1rcel por solicitud de la Fiscal\u00eda","datePublished":"2023-06-09T20:26:49+00:00","dateModified":"2023-06-21T17:11:46+00:00","mainEntityOfPage":{"@id":"https:\/\/www.fiscalia.gov.co\/colombia\/noticias\/tres-hombres-investigados-por-atentar-contra-la-integridad-de-las-mujeres-en-uraba-y-el-bajo-cauca-antioqueno-fueron-enviados-a-la-carcel-por-solicitud-de-la-fiscalia\/"},"wordCount":757,"publisher":{"@id":"https:\/\/www.fiscalia.gov.co\/colombia\/#organization"},"keywords":["Asegurados presuntos responsables de feminicidio y abuso sexual a una menor ind\u00edgena","Asfixia mec\u00e1nica","BAJO CAUCA ANTIOQUE\u00d1O","cuerpo t\u00e9cnico de investigaci\u00f3n","Fiscal\u00eda General de la Naci\u00f3n","municipio de Turbo (Antioquia)","Polic\u00eda Nacional","presunto brujo investigado por abuso de dos mujeres en Caucasia","Turbo (Antioquia)"],"articleSection":["Noticias","Seccional Antioquia","Seccionales","Seguridad territorial"],"inLanguage":"es-CO"},{"@type":"WebPage","@id":"https:\/\/www.fiscalia.gov.co\/colombia\/noticias\/tres-hombres-investigados-por-atentar-contra-la-integridad-de-las-mujeres-en-uraba-y-el-bajo-cauca-antioqueno-fueron-enviados-a-la-carcel-por-solicitud-de-la-fiscalia\/","url":"https:\/\/www.fiscalia.gov.co\/colombia\/noticias\/tres-hombres-investigados-por-atentar-contra-la-integridad-de-las-mujeres-en-uraba-y-el-bajo-cauca-antioqueno-fueron-enviados-a-la-carcel-por-solicitud-de-la-fiscalia\/","name":"Fiscal\u00eda General de la Naci\u00f3n","isPartOf":{"@id":"https:\/\/www.fiscalia.gov.co\/colombia\/#website"},"datePublished":"2023-06-09T20:26:49+00:00","dateModified":"2023-06-21T17:11:46+00:00","description":"P\u00e1gina oficial de la Fiscal\u00eda General de la Naci\u00f3n \u2013 Colombia. Garantizamos el acceso efectivo a la justicia, la verdad y la reparaci\u00f3n de las v\u00edctimas de los delitos.","breadcrumb":{"@id":"https:\/\/www.fiscalia.gov.co\/colombia\/noticias\/tres-hombres-investigados-por-atentar-contra-la-integridad-de-las-mujeres-en-uraba-y-el-bajo-cauca-antioqueno-fueron-enviados-a-la-carcel-por-solicitud-de-la-fiscalia\/#breadcrumb"},"inLanguage":"es-CO","potentialAction":[{"@type":"ReadAction","target":["https:\/\/www.fiscalia.gov.co\/colombia\/noticias\/tres-hombres-investigados-por-atentar-contra-la-integridad-de-las-mujeres-en-uraba-y-el-bajo-cauca-antioqueno-fueron-enviados-a-la-carcel-por-solicitud-de-la-fiscalia\/"]}]},{"@type":"BreadcrumbList","@id":"https:\/\/www.fiscalia.gov.co\/colombia\/noticias\/tres-hombres-investigados-por-atentar-contra-la-integridad-de-las-mujeres-en-uraba-y-el-bajo-cauca-antioqueno-fueron-enviados-a-la-carcel-por-solicitud-de-la-fiscalia\/#breadcrumb","itemListElement":[{"@type":"ListItem","position":1,"name":"Home","item":"https:\/\/www.fiscalia.gov.co\/colombia\/"},{"@type":"ListItem","position":2,"name":"Tres hombres investigados por atentar contra la integridad de las mujeres en Urab\u00e1 y el bajo Cauca antioque\u00f1o fueron enviados a la c\u00e1rcel por solicitud de la Fiscal\u00eda"}]},{"@type":"WebSite","@id":"https:\/\/www.fiscalia.gov.co\/colombia\/#website","url":"https:\/\/www.fiscalia.gov.co\/colombia\/","name":"Fiscal\u00eda General de la Naci\u00f3n","description":"P\u00e1gina oficial de la Fiscal\u00eda General de la Naci\u00f3n \u2013 Colombia. Garantizamos el acceso efectivo a la justicia, la verdad y la reparaci\u00f3n de las v\u00edctimas de los delitos.","publisher":{"@id":"https:\/\/www.fiscalia.gov.co\/colombia\/#organization"},"potentialAction":[{"@type":"SearchAction","target":{"@type":"EntryPoint","urlTemplate":"https:\/\/www.fiscalia.gov.co\/colombia\/?s={search_term_string}"},"query-input":{"@type":"PropertyValueSpecification","valueRequired":true,"valueName":"search_term_string"}}],"inLanguage":"es-CO"},{"@type":"Organization","@id":"https:\/\/www.fiscalia.gov.co\/colombia\/#organization","name":"Fiscal\u00eda General de la Naci\u00f3n","url":"https:\/\/www.fiscalia.gov.co\/colombia\/","logo":{"@type":"ImageObject","inLanguage":"es-CO","@id":"https:\/\/www.fiscalia.gov.co\/colombia\/#\/schema\/logo\/image\/","url":"https:\/\/www.fiscalia.gov.co\/colombia\/wp-content\/uploads\/LogoHorizontal_1.jpg","contentUrl":"https:\/\/www.fiscalia.gov.co\/colombia\/wp-content\/uploads\/LogoHorizontal_1.jpg","width":300,"height":90,"caption":"Fiscal\u00eda General de la Naci\u00f3n"},"image":{"@id":"https:\/\/www.fiscalia.gov.co\/colombia\/#\/schema\/logo\/image\/"},"sameAs":["https:\/\/www.facebook.com\/FiscaliaCol","https:\/\/x.com\/FiscaliaCol","https:\/\/www.instagram.com\/fiscaliacol","https:\/\/www.linkedin.com\/company\/fiscalia-general-de-la-naci-n\/","https:\/\/youtube.com\/@fiscaliageneraldelanacion-4668?si=6nN79nyQICPU5iTh"]},{"@type":"Person","@id":"https:\/\/www.fiscalia.gov.co\/colombia\/#\/schema\/person\/bf84402cf293a5393e9c70b111020b24","name":"Jordan Leandro Oviedo Anzola","image":{"@type":"ImageObject","inLanguage":"es-CO","@id":"https:\/\/www.fiscalia.gov.co\/colombia\/#\/schema\/person\/image\/","url":"https:\/\/secure.gravatar.com\/avatar\/dabba4346fa9b9207d96adafa8f92721?s=96&d=mm&r=g","contentUrl":"https:\/\/secure.gravatar.com\/avatar\/dabba4346fa9b9207d96adafa8f92721?s=96&d=mm&r=g","caption":"Jordan Leandro Oviedo Anzola"},"url":"https:\/\/www.fiscalia.gov.co\/colombia\/author\/joviedo\/"}]}},"_links":{"self":[{"href":"https:\/\/www.fiscalia.gov.co\/colombia\/wp-json\/wp\/v2\/posts\/273105","targetHints":{"allow":["GET"]}}],"collection":[{"href":"https:\/\/www.fiscalia.gov.co\/colombia\/wp-json\/wp\/v2\/posts"}],"about":[{"href":"https:\/\/www.fiscalia.gov.co\/colombia\/wp-json\/wp\/v2\/types\/post"}],"author":[{"embeddable":true,"href":"https:\/\/www.fiscalia.gov.co\/colombia\/wp-json\/wp\/v2\/users\/177"}],"replies":[{"embeddable":true,"href":"https:\/\/www.fiscalia.gov.co\/colombia\/wp-json\/wp\/v2\/comments?post=273105"}],"version-history":[{"count":2,"href":"https:\/\/www.fiscalia.gov.co\/colombia\/wp-json\/wp\/v2\/posts\/273105\/revisions"}],"predecessor-version":[{"id":273693,"href":"https:\/\/www.fiscalia.gov.co\/colombia\/wp-json\/wp\/v2\/posts\/273105\/revisions\/273693"}],"wp:attachment":[{"href":"https:\/\/www.fiscalia.gov.co\/colombia\/wp-json\/wp\/v2\/media?parent=273105"}],"wp:term":[{"taxonomy":"category","embeddable":true,"href":"https:\/\/www.fiscalia.gov.co\/colombia\/wp-json\/wp\/v2\/categories?post=273105"},{"taxonomy":"post_tag","embeddable":true,"href":"https:\/\/www.fiscalia.gov.co\/colombia\/wp-json\/wp\/v2\/tags?post=273105"}],"curies":[{"name":"wp","href":"https:\/\/api.w.org\/{rel}","templated":true}]}}