{"id":273036,"date":"2023-06-09T06:54:04","date_gmt":"2023-06-09T11:54:04","guid":{"rendered":"https:\/\/www.fiscalia.gov.co\/colombia\/?p=273036"},"modified":"2023-06-09T06:54:04","modified_gmt":"2023-06-09T11:54:04","slug":"fiscalia-desmantelo-banda-denominada-las-monas-dedicada-a-la-venta-de-alucinogenos-en-puerto-carreno-vichada","status":"publish","type":"post","link":"https:\/\/www.fiscalia.gov.co\/colombia\/noticias\/fiscalia-desmantelo-banda-denominada-las-monas-dedicada-a-la-venta-de-alucinogenos-en-puerto-carreno-vichada\/","title":{"rendered":"Fiscal\u00eda desmantel\u00f3 banda denominada \u00b4Las Monas\u00b4 dedicada a la venta de alucin\u00f3genos en Puerto Carre\u00f1o (Vichada)."},"content":{"rendered":"<p>Gracias a los elementos materiales probatorios recopilados durante varios meses de seguimiento, un Fiscal de la seccional Vichada, logr\u00f3 que un juez del circuito de Puerto Carre\u00f1o (Vichada), legalizara los allanamientos, capturas e impusiera <strong>medidas restrictivas de\u00a0\u00a0 \u00a0la\u00a0\u00a0 \u00a0libertad <\/strong>para\u00a0\u00a0 \u00a0varias\u00a0\u00a0 \u00a0personas\u00a0\u00a0 \u00a0quienes, al\u00a0\u00a0 \u00a0parecer,\u00a0\u00a0 \u00a0integrar\u00edan\u00a0\u00a0\u00a0\u00a0 el grupo delincuencial \u00b4Las Monas\u00b4, dedicada la venta y distribuci\u00f3n de sustancias psicoactivas.<\/p>\n<p>Las procesadas son: <strong>Ana Yasmira Peroza Siba, Karina Lisbeth Siba Siba, Yojiandry Yanderyn Hurtado Davalillo, Beidis Mar Rodr\u00edguez Reyes, Zuleny Johana Ch\u00e1vez Castillo, <\/strong>quienes fueron capturadas en flagrancia, cuatro de ellas de nacionalidad extranjera, mientras que <strong>Jos\u00e9 Milton Herrera Rojas <\/strong>fue capturado por porte ilegal de armas.<\/p>\n<p>Durante los allanamientos fueron incautados varios equipos celulares, dinero en efectivo, bolsas con contenidos con sustancias alucin\u00f3genas, libros donde al parecer se llevaba la relaci\u00f3n del material que se distribu\u00eda, grameras electr\u00f3nicas y dos motocicletas entre tros elementos.<\/p>\n<p>El Fiscal del caso, imput\u00f3 a las mujeres como presuntas responsables de los delitos de <a href=\"https:\/\/www.fiscalia.gov.co\/colombia\/noticias\/a-la-carcel-alias-chocolate-presunto-integrante-de-la-faccion-los-shottas-por-homicidio-concierto-para-delinquir-y-extorsion\/\"><strong>concierto para delinquir<\/strong> <\/a><strong>en concurso de fabricaci\u00f3n, <\/strong><a href=\"https:\/\/www.fiscalia.gov.co\/colombia\/noticias\/desarticulado-grupo-delincuencial-apolo-dedicado-al-trafico-de-estupefacientes-en-pamplona-norte-de-santander\/\"><strong>tr\u00e1fico o porte de<\/strong><\/a> <a href=\"https:\/\/www.fiscalia.gov.co\/colombia\/noticias\/desarticulado-grupo-delincuencial-apolo-dedicado-al-trafico-de-estupefacientes-en-pamplona-norte-de-santander\/\"><strong>estupefacientes<\/strong><\/a><strong>, <\/strong>mientras que a Herrera Rojas se le imput\u00f3 por el delito de <strong>tr\u00e1fico, fabricaci\u00f3n o <\/strong><a href=\"https:\/\/www.fiscalia.gov.co\/colombia\/noticias\/asegurado-alias-colocho-y-yupi-presuntos-integrantes-de-la-faccion-los-shotas-senalados-por-secuestro-extorsivo-porte-de-armas-de-fuego-y-hurto-calificado\/\"><strong>porte de armas<\/strong><\/a>, ninguno acept\u00f3 los cargos endilgados por el ente acusador, no obstante, el juez acogi\u00f3 las solicitud del ente acusador de imponer medida de aseguramiento para las capturadas, y medidas restrictivas para Jos\u00e9 Milton Herrera Rojas.<\/p>\n<p>Esta informaci\u00f3n se publica por razones de inter\u00e9s general.<\/p>\n<p><strong>La Fiscal\u00eda habla con resultados.<\/strong><\/p>\n<p>&nbsp;<\/p>\n<p>&nbsp;<\/p>\n<p>&nbsp;<\/p>\n<p>&nbsp;<\/p>\n<p>&nbsp;<\/p>\n<p><strong>\u00a0<\/strong><\/p>\n<p>LAZL\/FAGH\/CMCHC\/DSV\/.<\/p>\n<p>&nbsp;<\/p>\n<p>&nbsp;<\/p>\n<p>&nbsp;<\/p>\n<p>&nbsp;<\/p>\n<p>&nbsp;<\/p>\n<div class=\"td-post-content tagdiv-type\">\n<div class=\"td-post-content tagdiv-type\">\n<div class=\"td-post-content tagdiv-type\">\n<div class=\"td-post-content tagdiv-type\">\n<div class=\"td-post-content tagdiv-type\">\n<div class=\"td-post-content tagdiv-type\">\n<div class=\"td-post-content tagdiv-type\">\n<p><em><span lang=\"ES\">La informaci\u00f3n contenida en este bolet\u00edn de prensa corresponde a la narraci\u00f3n de los hechos noticiosos objetivos, suministrados por los funcionarios encargados de adelantar las investigaciones penales al interior de la Fiscal\u00eda General de la Naci\u00f3n. Para el momento de la divulgaci\u00f3n de este comunicado, la situaci\u00f3n jur\u00eddica de la(s) persona(s) relacionada(s) se encuentra pendiente de resolver por la autoridad judicial competente, siempre bajo los preceptos de la presunci\u00f3n de inocencia, consagrados en el art\u00edculo 29 de la Constituci\u00f3n Pol\u00edtica y el art\u00edculo 7\u00ba de la Ley 906 de 2004.<\/span><\/em><\/p>\n<\/div>\n<\/div>\n<\/div>\n<\/div>\n<\/div>\n<\/div>\n<\/div>\n<footer>\n<div class=\"td-post-source-tags\"><\/div>\n<div class=\"td-post-sharing-bottom\"><\/div>\n<\/footer>\n\n<div class=\"twitter-share\"><a href=\"https:\/\/twitter.com\/intent\/tweet?via=fiscaliacol\" class=\"twitter-share-button\">Tweet<\/a><\/div>\n","protected":false},"excerpt":{"rendered":"<p>Gracias a los elementos materiales probatorios recopilados durante varios meses de seguimiento, un Fiscal de la seccional Vichada, logr\u00f3 que un juez del circuito de Puerto Carre\u00f1o (Vichada), legalizara los allanamientos, capturas e impusiera medidas restrictivas de\u00a0\u00a0 \u00a0la\u00a0\u00a0 \u00a0libertad para\u00a0\u00a0 \u00a0varias\u00a0\u00a0 \u00a0personas\u00a0\u00a0 \u00a0quienes, al\u00a0\u00a0 \u00a0parecer,\u00a0\u00a0 \u00a0integrar\u00edan\u00a0\u00a0\u00a0\u00a0 el grupo delincuencial \u00b4Las Monas\u00b4, dedicada la venta y [&hellip;]<\/p>\n","protected":false},"author":177,"featured_media":0,"comment_status":"closed","ping_status":"open","sticky":false,"template":"","format":"standard","meta":{"_price":"","_stock":"","_tribe_ticket_header":"","_tribe_default_ticket_provider":"","_tribe_ticket_capacity":"0","_ticket_start_date":"","_ticket_end_date":"","_tribe_ticket_show_description":"","_tribe_ticket_show_not_going":false,"_tribe_ticket_use_global_stock":"","_tribe_ticket_global_stock_level":"","_global_stock_mode":"","_global_stock_cap":"","_tribe_rsvp_for_event":"","_tribe_ticket_going_count":"","_tribe_ticket_not_going_count":"","_tribe_tickets_list":"[]","_tribe_ticket_has_attendee_info_fields":false,"tdm_status":"","tdm_grid_status":"","footnotes":""},"categories":[1,12637,303,24103],"tags":[50,24185,1047,31918],"class_list":{"0":"post-273036","1":"post","2":"type-post","3":"status-publish","4":"format-standard","6":"category-noticias","7":"category-seccional-vichada","8":"category-seccionales","9":"category-trafico-de-estupefacientes","10":"tag-estupefacientes","11":"tag-fiscal-barbosa","12":"tag-fiscalia-general-de-la-nacion","13":"tag-puerto-carreno-vichada"},"yoast_head":"<!-- This site is optimized with the Yoast SEO plugin v24.3 - https:\/\/yoast.com\/wordpress\/plugins\/seo\/ -->\n<title>Fiscal\u00eda General de la Naci\u00f3n<\/title>\n<meta name=\"description\" content=\"P\u00e1gina oficial de la Fiscal\u00eda General de la Naci\u00f3n \u2013 Colombia. Garantizamos el acceso efectivo a la justicia, la verdad y la reparaci\u00f3n de las v\u00edctimas de los delitos.\" \/>\n<meta name=\"robots\" content=\"noindex, follow\" \/>\n<meta property=\"og:locale\" content=\"es_ES\" \/>\n<meta property=\"og:type\" content=\"article\" \/>\n<meta property=\"og:title\" content=\"Fiscal\u00eda General de la Naci\u00f3n\" \/>\n<meta property=\"og:description\" content=\"P\u00e1gina oficial de la Fiscal\u00eda General de la Naci\u00f3n \u2013 Colombia. Garantizamos el acceso efectivo a la justicia, la verdad y la reparaci\u00f3n de las v\u00edctimas de los delitos.\" \/>\n<meta property=\"og:url\" content=\"https:\/\/www.fiscalia.gov.co\/colombia\/noticias\/fiscalia-desmantelo-banda-denominada-las-monas-dedicada-a-la-venta-de-alucinogenos-en-puerto-carreno-vichada\/\" \/>\n<meta property=\"og:site_name\" content=\"Fiscal\u00eda General de la Naci\u00f3n\" \/>\n<meta property=\"article:publisher\" content=\"https:\/\/www.facebook.com\/FiscaliaCol\" \/>\n<meta property=\"article:published_time\" content=\"2023-06-09T11:54:04+00:00\" \/>\n<meta name=\"author\" content=\"Jordan Leandro Oviedo Anzola\" \/>\n<meta name=\"twitter:card\" content=\"summary_large_image\" \/>\n<meta name=\"twitter:creator\" content=\"@FiscaliaCol\" \/>\n<meta name=\"twitter:site\" content=\"@FiscaliaCol\" \/>\n<meta name=\"twitter:label1\" content=\"Escrito por\" \/>\n\t<meta name=\"twitter:data1\" content=\"Jordan Leandro Oviedo Anzola\" \/>\n\t<meta name=\"twitter:label2\" content=\"Tiempo de lectura\" \/>\n\t<meta name=\"twitter:data2\" content=\"2 minutos\" \/>\n<script type=\"application\/ld+json\" class=\"yoast-schema-graph\">{\"@context\":\"https:\/\/schema.org\",\"@graph\":[{\"@type\":\"Article\",\"@id\":\"https:\/\/www.fiscalia.gov.co\/colombia\/noticias\/fiscalia-desmantelo-banda-denominada-las-monas-dedicada-a-la-venta-de-alucinogenos-en-puerto-carreno-vichada\/#article\",\"isPartOf\":{\"@id\":\"https:\/\/www.fiscalia.gov.co\/colombia\/noticias\/fiscalia-desmantelo-banda-denominada-las-monas-dedicada-a-la-venta-de-alucinogenos-en-puerto-carreno-vichada\/\"},\"author\":{\"name\":\"Jordan Leandro Oviedo Anzola\",\"@id\":\"https:\/\/www.fiscalia.gov.co\/colombia\/#\/schema\/person\/bf84402cf293a5393e9c70b111020b24\"},\"headline\":\"Fiscal\u00eda desmantel\u00f3 banda denominada \u00b4Las Monas\u00b4 dedicada a la venta de alucin\u00f3genos en Puerto Carre\u00f1o (Vichada).\",\"datePublished\":\"2023-06-09T11:54:04+00:00\",\"dateModified\":\"2023-06-09T11:54:04+00:00\",\"mainEntityOfPage\":{\"@id\":\"https:\/\/www.fiscalia.gov.co\/colombia\/noticias\/fiscalia-desmantelo-banda-denominada-las-monas-dedicada-a-la-venta-de-alucinogenos-en-puerto-carreno-vichada\/\"},\"wordCount\":389,\"publisher\":{\"@id\":\"https:\/\/www.fiscalia.gov.co\/colombia\/#organization\"},\"keywords\":[\"Estupefacientes\",\"Fiscal Barbosa\",\"Fiscal\u00eda General de la Naci\u00f3n\",\"Puerto Carre\u00f1o (Vichada)\"],\"articleSection\":[\"Noticias\",\"Seccional Vichada\",\"Seccionales\",\"Tr\u00e1fico de estupefacientes\"],\"inLanguage\":\"es-CO\"},{\"@type\":\"WebPage\",\"@id\":\"https:\/\/www.fiscalia.gov.co\/colombia\/noticias\/fiscalia-desmantelo-banda-denominada-las-monas-dedicada-a-la-venta-de-alucinogenos-en-puerto-carreno-vichada\/\",\"url\":\"https:\/\/www.fiscalia.gov.co\/colombia\/noticias\/fiscalia-desmantelo-banda-denominada-las-monas-dedicada-a-la-venta-de-alucinogenos-en-puerto-carreno-vichada\/\",\"name\":\"Fiscal\u00eda General de la Naci\u00f3n\",\"isPartOf\":{\"@id\":\"https:\/\/www.fiscalia.gov.co\/colombia\/#website\"},\"datePublished\":\"2023-06-09T11:54:04+00:00\",\"dateModified\":\"2023-06-09T11:54:04+00:00\",\"description\":\"P\u00e1gina oficial de la Fiscal\u00eda General de la Naci\u00f3n \u2013 Colombia. Garantizamos el acceso efectivo a la justicia, la verdad y la reparaci\u00f3n de las v\u00edctimas de los delitos.\",\"breadcrumb\":{\"@id\":\"https:\/\/www.fiscalia.gov.co\/colombia\/noticias\/fiscalia-desmantelo-banda-denominada-las-monas-dedicada-a-la-venta-de-alucinogenos-en-puerto-carreno-vichada\/#breadcrumb\"},\"inLanguage\":\"es-CO\",\"potentialAction\":[{\"@type\":\"ReadAction\",\"target\":[\"https:\/\/www.fiscalia.gov.co\/colombia\/noticias\/fiscalia-desmantelo-banda-denominada-las-monas-dedicada-a-la-venta-de-alucinogenos-en-puerto-carreno-vichada\/\"]}]},{\"@type\":\"BreadcrumbList\",\"@id\":\"https:\/\/www.fiscalia.gov.co\/colombia\/noticias\/fiscalia-desmantelo-banda-denominada-las-monas-dedicada-a-la-venta-de-alucinogenos-en-puerto-carreno-vichada\/#breadcrumb\",\"itemListElement\":[{\"@type\":\"ListItem\",\"position\":1,\"name\":\"Home\",\"item\":\"https:\/\/www.fiscalia.gov.co\/colombia\/\"},{\"@type\":\"ListItem\",\"position\":2,\"name\":\"Fiscal\u00eda desmantel\u00f3 banda denominada \u00b4Las Monas\u00b4 dedicada a la venta de alucin\u00f3genos en Puerto Carre\u00f1o (Vichada).\"}]},{\"@type\":\"WebSite\",\"@id\":\"https:\/\/www.fiscalia.gov.co\/colombia\/#website\",\"url\":\"https:\/\/www.fiscalia.gov.co\/colombia\/\",\"name\":\"Fiscal\u00eda General de la Naci\u00f3n\",\"description\":\"P\u00e1gina oficial de la Fiscal\u00eda General de la Naci\u00f3n \u2013 Colombia. Garantizamos el acceso efectivo a la justicia, la verdad y la reparaci\u00f3n de las v\u00edctimas de los delitos.\",\"publisher\":{\"@id\":\"https:\/\/www.fiscalia.gov.co\/colombia\/#organization\"},\"potentialAction\":[{\"@type\":\"SearchAction\",\"target\":{\"@type\":\"EntryPoint\",\"urlTemplate\":\"https:\/\/www.fiscalia.gov.co\/colombia\/?s={search_term_string}\"},\"query-input\":{\"@type\":\"PropertyValueSpecification\",\"valueRequired\":true,\"valueName\":\"search_term_string\"}}],\"inLanguage\":\"es-CO\"},{\"@type\":\"Organization\",\"@id\":\"https:\/\/www.fiscalia.gov.co\/colombia\/#organization\",\"name\":\"Fiscal\u00eda General de la Naci\u00f3n\",\"url\":\"https:\/\/www.fiscalia.gov.co\/colombia\/\",\"logo\":{\"@type\":\"ImageObject\",\"inLanguage\":\"es-CO\",\"@id\":\"https:\/\/www.fiscalia.gov.co\/colombia\/#\/schema\/logo\/image\/\",\"url\":\"https:\/\/www.fiscalia.gov.co\/colombia\/wp-content\/uploads\/LogoHorizontal_1.jpg\",\"contentUrl\":\"https:\/\/www.fiscalia.gov.co\/colombia\/wp-content\/uploads\/LogoHorizontal_1.jpg\",\"width\":300,\"height\":90,\"caption\":\"Fiscal\u00eda General de la Naci\u00f3n\"},\"image\":{\"@id\":\"https:\/\/www.fiscalia.gov.co\/colombia\/#\/schema\/logo\/image\/\"},\"sameAs\":[\"https:\/\/www.facebook.com\/FiscaliaCol\",\"https:\/\/x.com\/FiscaliaCol\",\"https:\/\/www.instagram.com\/fiscaliacol\",\"https:\/\/www.linkedin.com\/company\/fiscalia-general-de-la-naci-n\/\",\"https:\/\/youtube.com\/@fiscaliageneraldelanacion-4668?si=6nN79nyQICPU5iTh\"]},{\"@type\":\"Person\",\"@id\":\"https:\/\/www.fiscalia.gov.co\/colombia\/#\/schema\/person\/bf84402cf293a5393e9c70b111020b24\",\"name\":\"Jordan Leandro Oviedo Anzola\",\"image\":{\"@type\":\"ImageObject\",\"inLanguage\":\"es-CO\",\"@id\":\"https:\/\/www.fiscalia.gov.co\/colombia\/#\/schema\/person\/image\/\",\"url\":\"https:\/\/secure.gravatar.com\/avatar\/dabba4346fa9b9207d96adafa8f92721?s=96&d=mm&r=g\",\"contentUrl\":\"https:\/\/secure.gravatar.com\/avatar\/dabba4346fa9b9207d96adafa8f92721?s=96&d=mm&r=g\",\"caption\":\"Jordan Leandro Oviedo Anzola\"},\"url\":\"https:\/\/www.fiscalia.gov.co\/colombia\/author\/joviedo\/\"}]}<\/script>\n<!-- \/ Yoast SEO plugin. -->","yoast_head_json":{"title":"Fiscal\u00eda General de la Naci\u00f3n","description":"P\u00e1gina oficial de la Fiscal\u00eda General de la Naci\u00f3n \u2013 Colombia. Garantizamos el acceso efectivo a la justicia, la verdad y la reparaci\u00f3n de las v\u00edctimas de los delitos.","robots":{"index":"noindex","follow":"follow"},"og_locale":"es_ES","og_type":"article","og_title":"Fiscal\u00eda General de la Naci\u00f3n","og_description":"P\u00e1gina oficial de la Fiscal\u00eda General de la Naci\u00f3n \u2013 Colombia. Garantizamos el acceso efectivo a la justicia, la verdad y la reparaci\u00f3n de las v\u00edctimas de los delitos.","og_url":"https:\/\/www.fiscalia.gov.co\/colombia\/noticias\/fiscalia-desmantelo-banda-denominada-las-monas-dedicada-a-la-venta-de-alucinogenos-en-puerto-carreno-vichada\/","og_site_name":"Fiscal\u00eda General de la Naci\u00f3n","article_publisher":"https:\/\/www.facebook.com\/FiscaliaCol","article_published_time":"2023-06-09T11:54:04+00:00","author":"Jordan Leandro Oviedo Anzola","twitter_card":"summary_large_image","twitter_creator":"@FiscaliaCol","twitter_site":"@FiscaliaCol","twitter_misc":{"Escrito por":"Jordan Leandro Oviedo Anzola","Tiempo de lectura":"2 minutos"},"schema":{"@context":"https:\/\/schema.org","@graph":[{"@type":"Article","@id":"https:\/\/www.fiscalia.gov.co\/colombia\/noticias\/fiscalia-desmantelo-banda-denominada-las-monas-dedicada-a-la-venta-de-alucinogenos-en-puerto-carreno-vichada\/#article","isPartOf":{"@id":"https:\/\/www.fiscalia.gov.co\/colombia\/noticias\/fiscalia-desmantelo-banda-denominada-las-monas-dedicada-a-la-venta-de-alucinogenos-en-puerto-carreno-vichada\/"},"author":{"name":"Jordan Leandro Oviedo Anzola","@id":"https:\/\/www.fiscalia.gov.co\/colombia\/#\/schema\/person\/bf84402cf293a5393e9c70b111020b24"},"headline":"Fiscal\u00eda desmantel\u00f3 banda denominada \u00b4Las Monas\u00b4 dedicada a la venta de alucin\u00f3genos en Puerto Carre\u00f1o (Vichada).","datePublished":"2023-06-09T11:54:04+00:00","dateModified":"2023-06-09T11:54:04+00:00","mainEntityOfPage":{"@id":"https:\/\/www.fiscalia.gov.co\/colombia\/noticias\/fiscalia-desmantelo-banda-denominada-las-monas-dedicada-a-la-venta-de-alucinogenos-en-puerto-carreno-vichada\/"},"wordCount":389,"publisher":{"@id":"https:\/\/www.fiscalia.gov.co\/colombia\/#organization"},"keywords":["Estupefacientes","Fiscal Barbosa","Fiscal\u00eda General de la Naci\u00f3n","Puerto Carre\u00f1o (Vichada)"],"articleSection":["Noticias","Seccional Vichada","Seccionales","Tr\u00e1fico de estupefacientes"],"inLanguage":"es-CO"},{"@type":"WebPage","@id":"https:\/\/www.fiscalia.gov.co\/colombia\/noticias\/fiscalia-desmantelo-banda-denominada-las-monas-dedicada-a-la-venta-de-alucinogenos-en-puerto-carreno-vichada\/","url":"https:\/\/www.fiscalia.gov.co\/colombia\/noticias\/fiscalia-desmantelo-banda-denominada-las-monas-dedicada-a-la-venta-de-alucinogenos-en-puerto-carreno-vichada\/","name":"Fiscal\u00eda General de la Naci\u00f3n","isPartOf":{"@id":"https:\/\/www.fiscalia.gov.co\/colombia\/#website"},"datePublished":"2023-06-09T11:54:04+00:00","dateModified":"2023-06-09T11:54:04+00:00","description":"P\u00e1gina oficial de la Fiscal\u00eda General de la Naci\u00f3n \u2013 Colombia. Garantizamos el acceso efectivo a la justicia, la verdad y la reparaci\u00f3n de las v\u00edctimas de los delitos.","breadcrumb":{"@id":"https:\/\/www.fiscalia.gov.co\/colombia\/noticias\/fiscalia-desmantelo-banda-denominada-las-monas-dedicada-a-la-venta-de-alucinogenos-en-puerto-carreno-vichada\/#breadcrumb"},"inLanguage":"es-CO","potentialAction":[{"@type":"ReadAction","target":["https:\/\/www.fiscalia.gov.co\/colombia\/noticias\/fiscalia-desmantelo-banda-denominada-las-monas-dedicada-a-la-venta-de-alucinogenos-en-puerto-carreno-vichada\/"]}]},{"@type":"BreadcrumbList","@id":"https:\/\/www.fiscalia.gov.co\/colombia\/noticias\/fiscalia-desmantelo-banda-denominada-las-monas-dedicada-a-la-venta-de-alucinogenos-en-puerto-carreno-vichada\/#breadcrumb","itemListElement":[{"@type":"ListItem","position":1,"name":"Home","item":"https:\/\/www.fiscalia.gov.co\/colombia\/"},{"@type":"ListItem","position":2,"name":"Fiscal\u00eda desmantel\u00f3 banda denominada \u00b4Las Monas\u00b4 dedicada a la venta de alucin\u00f3genos en Puerto Carre\u00f1o (Vichada)."}]},{"@type":"WebSite","@id":"https:\/\/www.fiscalia.gov.co\/colombia\/#website","url":"https:\/\/www.fiscalia.gov.co\/colombia\/","name":"Fiscal\u00eda General de la Naci\u00f3n","description":"P\u00e1gina oficial de la Fiscal\u00eda General de la Naci\u00f3n \u2013 Colombia. Garantizamos el acceso efectivo a la justicia, la verdad y la reparaci\u00f3n de las v\u00edctimas de los delitos.","publisher":{"@id":"https:\/\/www.fiscalia.gov.co\/colombia\/#organization"},"potentialAction":[{"@type":"SearchAction","target":{"@type":"EntryPoint","urlTemplate":"https:\/\/www.fiscalia.gov.co\/colombia\/?s={search_term_string}"},"query-input":{"@type":"PropertyValueSpecification","valueRequired":true,"valueName":"search_term_string"}}],"inLanguage":"es-CO"},{"@type":"Organization","@id":"https:\/\/www.fiscalia.gov.co\/colombia\/#organization","name":"Fiscal\u00eda General de la Naci\u00f3n","url":"https:\/\/www.fiscalia.gov.co\/colombia\/","logo":{"@type":"ImageObject","inLanguage":"es-CO","@id":"https:\/\/www.fiscalia.gov.co\/colombia\/#\/schema\/logo\/image\/","url":"https:\/\/www.fiscalia.gov.co\/colombia\/wp-content\/uploads\/LogoHorizontal_1.jpg","contentUrl":"https:\/\/www.fiscalia.gov.co\/colombia\/wp-content\/uploads\/LogoHorizontal_1.jpg","width":300,"height":90,"caption":"Fiscal\u00eda General de la Naci\u00f3n"},"image":{"@id":"https:\/\/www.fiscalia.gov.co\/colombia\/#\/schema\/logo\/image\/"},"sameAs":["https:\/\/www.facebook.com\/FiscaliaCol","https:\/\/x.com\/FiscaliaCol","https:\/\/www.instagram.com\/fiscaliacol","https:\/\/www.linkedin.com\/company\/fiscalia-general-de-la-naci-n\/","https:\/\/youtube.com\/@fiscaliageneraldelanacion-4668?si=6nN79nyQICPU5iTh"]},{"@type":"Person","@id":"https:\/\/www.fiscalia.gov.co\/colombia\/#\/schema\/person\/bf84402cf293a5393e9c70b111020b24","name":"Jordan Leandro Oviedo Anzola","image":{"@type":"ImageObject","inLanguage":"es-CO","@id":"https:\/\/www.fiscalia.gov.co\/colombia\/#\/schema\/person\/image\/","url":"https:\/\/secure.gravatar.com\/avatar\/dabba4346fa9b9207d96adafa8f92721?s=96&d=mm&r=g","contentUrl":"https:\/\/secure.gravatar.com\/avatar\/dabba4346fa9b9207d96adafa8f92721?s=96&d=mm&r=g","caption":"Jordan Leandro Oviedo Anzola"},"url":"https:\/\/www.fiscalia.gov.co\/colombia\/author\/joviedo\/"}]}},"_links":{"self":[{"href":"https:\/\/www.fiscalia.gov.co\/colombia\/wp-json\/wp\/v2\/posts\/273036","targetHints":{"allow":["GET"]}}],"collection":[{"href":"https:\/\/www.fiscalia.gov.co\/colombia\/wp-json\/wp\/v2\/posts"}],"about":[{"href":"https:\/\/www.fiscalia.gov.co\/colombia\/wp-json\/wp\/v2\/types\/post"}],"author":[{"embeddable":true,"href":"https:\/\/www.fiscalia.gov.co\/colombia\/wp-json\/wp\/v2\/users\/177"}],"replies":[{"embeddable":true,"href":"https:\/\/www.fiscalia.gov.co\/colombia\/wp-json\/wp\/v2\/comments?post=273036"}],"version-history":[{"count":1,"href":"https:\/\/www.fiscalia.gov.co\/colombia\/wp-json\/wp\/v2\/posts\/273036\/revisions"}],"predecessor-version":[{"id":273037,"href":"https:\/\/www.fiscalia.gov.co\/colombia\/wp-json\/wp\/v2\/posts\/273036\/revisions\/273037"}],"wp:attachment":[{"href":"https:\/\/www.fiscalia.gov.co\/colombia\/wp-json\/wp\/v2\/media?parent=273036"}],"wp:term":[{"taxonomy":"category","embeddable":true,"href":"https:\/\/www.fiscalia.gov.co\/colombia\/wp-json\/wp\/v2\/categories?post=273036"},{"taxonomy":"post_tag","embeddable":true,"href":"https:\/\/www.fiscalia.gov.co\/colombia\/wp-json\/wp\/v2\/tags?post=273036"}],"curies":[{"name":"wp","href":"https:\/\/api.w.org\/{rel}","templated":true}]}}