{"id":272783,"date":"2023-06-06T11:22:54","date_gmt":"2023-06-06T16:22:54","guid":{"rendered":"https:\/\/www.fiscalia.gov.co\/colombia\/?p=272783"},"modified":"2023-06-16T08:49:53","modified_gmt":"2023-06-16T13:49:53","slug":"a-la-carcel-un-hombre-quien-habria-maltratado-fisicamente-a-su-excompanera-sentimental-y-su-bebe-de-10-meses","status":"publish","type":"post","link":"https:\/\/www.fiscalia.gov.co\/colombia\/noticias\/a-la-carcel-un-hombre-quien-habria-maltratado-fisicamente-a-su-excompanera-sentimental-y-su-bebe-de-10-meses\/","title":{"rendered":"A la c\u00e1rcel un hombre, quien habr\u00eda maltratado f\u00edsicamente a su excompa\u00f1era sentimental y su beb\u00e9 de 10 meses"},"content":{"rendered":"<h4 style=\"font-weight: 400;\"><strong><em>Durante una de las agresiones, el asegurado dispar\u00f3 un arma traum\u00e1tica contra su suegro, quien sal\u00f3 en defensa de las dos v\u00edctimas.<\/em><\/strong><\/h4>\n<figure id=\"attachment_272784\" aria-describedby=\"caption-attachment-272784\" style=\"width: 849px\" class=\"wp-caption aligncenter\"><img loading=\"lazy\" decoding=\"async\" class=\"size-full wp-image-272784\" src=\"https:\/\/www.fiscalia.gov.co\/colombia\/wp-content\/uploads\/WhatsApp-Image-2023-06-06-at-9.32.58-AM-1.jpeg\" alt=\"En la fotograf\u00eda se observa al capturado junto a un servidor del CTI y un agente de la Polic\u00eda Nacional. En la parte superior se observa un banner de la Fiscal\u00eda General de la Naci\u00f3n \" width=\"849\" height=\"708\" srcset=\"https:\/\/www.fiscalia.gov.co\/colombia\/wp-content\/uploads\/WhatsApp-Image-2023-06-06-at-9.32.58-AM-1.jpeg 849w, https:\/\/www.fiscalia.gov.co\/colombia\/wp-content\/uploads\/WhatsApp-Image-2023-06-06-at-9.32.58-AM-1-300x250.jpeg 300w, https:\/\/www.fiscalia.gov.co\/colombia\/wp-content\/uploads\/WhatsApp-Image-2023-06-06-at-9.32.58-AM-1-768x640.jpeg 768w, https:\/\/www.fiscalia.gov.co\/colombia\/wp-content\/uploads\/WhatsApp-Image-2023-06-06-at-9.32.58-AM-1-696x580.jpeg 696w, https:\/\/www.fiscalia.gov.co\/colombia\/wp-content\/uploads\/WhatsApp-Image-2023-06-06-at-9.32.58-AM-1-504x420.jpeg 504w\" sizes=\"auto, (max-width: 849px) 100vw, 849px\" \/><figcaption id=\"caption-attachment-272784\" class=\"wp-caption-text\">Wilson Cer\u00f3n Solarte fue imputado como presunto autor del delito de violencia intrafamiliar agravada.<\/figcaption><\/figure>\n<p style=\"font-weight: 400;\">Luego de acoger la solicitud de una fiscal local del Centro de Atenci\u00f3n de V\u00edctimas de Violencia Intrafamiliar (CAVIF), un juez penal con control de garant\u00edas de Buesaco aval\u00f3 la imputaci\u00f3n de cargos contra Wilson Cer\u00f3n Solarte por el delito de\u00a0<a href=\"https:\/\/www.fiscalia.gov.co\/colombia\/noticias\/a-la-carcel-un-hombre-investigado-por-abuso-sexual-y-violencia-intrafamiliar-contra-su-excompanera-sentimental\/\" data-saferedirecturl=\"https:\/\/www.google.com\/url?q=https:\/\/www.fiscalia.gov.co\/colombia\/noticias\/a-la-carcel-un-hombre-investigado-por-abuso-sexual-y-violencia-intrafamiliar-contra-su-excompanera-sentimental\/&amp;source=gmail&amp;ust=1686150787720000&amp;usg=AOvVaw0QU9CPj4LZ0WjqjGrMH34n\">violencia intrafamiliar<\/a>\u00a0agravada y dict\u00f3 medida de aseguramiento en centro carcelario.<\/p>\n<p style=\"font-weight: 400;\">Seg\u00fan el material probatorio recaudado por el ente investigador, los hechos por los que Cer\u00f3n Solarte es procesado ocurrieron en la vereda Naranjal de este municipio nari\u00f1ense, cuando el imputado habr\u00eda maltratado verbal y f\u00edsicamente a su excompa\u00f1era sentimental y madre de su hija de 10 meses, tom\u00e1ndola por el cabello, arroj\u00e1ndola al suelo, y amenaz\u00e1ndola de muerte con un\u00a0<a href=\"https:\/\/www.fiscalia.gov.co\/colombia\/noticias\/detencion-carcelaria-para-un-hombre-quien-habria-disparado-un-arma-traumatica-contra-su-excompanera-sentimental-y-la-madre-de-ella\/\" data-saferedirecturl=\"https:\/\/www.google.com\/url?q=https:\/\/www.fiscalia.gov.co\/colombia\/noticias\/detencion-carcelaria-para-un-hombre-quien-habria-disparado-un-arma-traumatica-contra-su-excompanera-sentimental-y-la-madre-de-ella\/&amp;source=gmail&amp;ust=1686150787720000&amp;usg=AOvVaw1bv2x0I24VYIRIrp7B5Ya9\">arma traum\u00e1tica<\/a>.<\/p>\n<p style=\"font-weight: 400;\">Durante el episodio de las agresiones, intervino el padre de la v\u00edctima, quien trat\u00f3 de evitar que su hija siguiera siendo objeto de maltrato, por lo que presuntamente el agresor le habr\u00eda disparado con el arma traum\u00e1tica. Posteriormente, de acuerdo con la denuncia de la mujer en la Fiscal\u00eda, el asegurado tom\u00f3 la beb\u00e9 por la fuerza y supuestamente la arroj\u00f3 al suelo, lo que le provoc\u00f3 una herida en la cabeza.<\/p>\n<p style=\"font-weight: 400;\">Luego atac\u00f3 a su excompa\u00f1era sentimental con un arma cortopunzante y le habr\u00eda causado heridas en sus brazos. Durante la atenci\u00f3n m\u00e9dica que recibi\u00f3, los m\u00e9dicos la incapacitaron 35 d\u00edas, mientras su hija presenta una fractura en la parte izquierda del cr\u00e1neo.<\/p>\n<p style=\"font-weight: 400;\">En las indagaciones, la fiscal\u00eda estableci\u00f3 que la pareja, despu\u00e9s de un tiempo de convivencia, se hab\u00eda separado por los constantes maltratos f\u00edsicos y sicol\u00f3gicos que, al parecer, a los el procesado la somet\u00eda a la madre de la menor.<\/p>\n<p style=\"font-weight: 400;\">Seg\u00fan la denuncia, en los \u00faltimos meses Wilson Cer\u00f3n Solarte habr\u00eda empezado a amenazar a la mujer con quitarle la hija, tratando de ingresar a la fuerza a la vivienda y abord\u00e1ndola cuando sal\u00eda de la casa.<\/p>\n<p style=\"font-weight: 400;\">Servidores del Cuerpo T\u00e9cnico de Investigaci\u00f3n, CTI, junto con agentes de la Sijin de la Polic\u00eda Nacional capturaron a Cer\u00f3n Solarte en un sector del municipio de La Uni\u00f3n (Nari\u00f1o), a donde se hab\u00eda refugiado para evadir a las autoridades, cumpliendo una orden emitida por un juez penal municipal.<\/p>\n<p style=\"font-weight: 400;\">Durante las audiencias concentradas, los imputados no aceptaron los cargos.<\/p>\n<p style=\"font-weight: 400;\">Esta informaci\u00f3n se publica por razones de inter\u00e9s general<\/p>\n<p style=\"font-weight: 400;\"><strong>La Fiscal\u00eda habla con resultados\u00a0\u00a0<\/strong><\/p>\n<p style=\"font-weight: 400;\">Le puede interesar:\u00a0<a href=\"https:\/\/www.fiscalia.gov.co\/colombia\/noticias\/a-la-carcel-presunto-responsable-de-maltratar-de-manera-fisica-y-sicologica-a-su-excompanera\/\" data-saferedirecturl=\"https:\/\/www.google.com\/url?q=https:\/\/www.fiscalia.gov.co\/colombia\/noticias\/a-la-carcel-presunto-responsable-de-maltratar-de-manera-fisica-y-sicologica-a-su-excompanera\/&amp;source=gmail&amp;ust=1686150787720000&amp;usg=AOvVaw1Ysa2SzcRfmd47_lTzrvpf\">A la c\u00e1rcel presunto responsable de maltratar de manera f\u00edsica y sicol\u00f3gica a su excompa\u00f1era<\/a><\/p>\n<p>&nbsp;<\/p>\n<p>&nbsp;<\/p>\n<p>&nbsp;<\/p>\n<p>&nbsp;<\/p>\n<p>&nbsp;<\/p>\n<p style=\"font-weight: 400;\">JGPV\/FAGH \/LVB\/DSN<\/p>\n<p>&nbsp;<\/p>\n<p>&nbsp;<\/p>\n<p>&nbsp;<\/p>\n<p>&nbsp;<\/p>\n<p>&nbsp;<\/p>\n<div class=\"td-post-content tagdiv-type\">\n<p><i>La informaci\u00f3n contenida en este bolet\u00edn de prensa corresponde a la narraci\u00f3n de los hechos noticiosos objetivos, suministrados por los funcionarios encargados de adelantar las investigaciones penales al interior de la Fiscal\u00eda General de la Naci\u00f3n. Para el momento de la divulgaci\u00f3n de este comunicado, la situaci\u00f3n jur\u00eddica de la(s) persona(s) relacionada(s) se encuentra pendiente de resolver por la autoridad judicial competente, siempre bajo los preceptos de la presunci\u00f3n de inocencia, consagrados en el art\u00edculo 29 de la Constituci\u00f3n Pol\u00edtica y el art\u00edculo 7\u00ba de la Ley 906 de 2004.\u00a0<\/i><\/p>\n<\/div>\n\n<div class=\"twitter-share\"><a href=\"https:\/\/twitter.com\/intent\/tweet?via=fiscaliacol\" class=\"twitter-share-button\">Tweet<\/a><\/div>\n","protected":false},"excerpt":{"rendered":"<p>Durante una de las agresiones, el asegurado dispar\u00f3 un arma traum\u00e1tica contra su suegro, quien sal\u00f3 en defensa de las dos v\u00edctimas. Luego de acoger la solicitud de una fiscal [&hellip;]<\/p>\n","protected":false},"author":177,"featured_media":0,"comment_status":"closed","ping_status":"open","sticky":false,"template":"","format":"video","meta":{"tdm_status":"","tdm_grid_status":"","footnotes":""},"categories":[1,334,303,24127],"tags":[27643,33793,24526,24481,1047,682],"class_list":["post-272783","post","type-post","status-publish","format-video","category-noticias","category-seccional-pasto","category-seccionales","category-violencia-sexual-e-intrafamiliar","tag-arma-traumatica","tag-buesaco-narino","tag-fiscal-general-francisco-barbosa-delgado","tag-fiscalia-de-colombia","tag-fiscalia-general-de-la-nacion","tag-violencia-intrafamiliar","post_format-post-format-video"],"yoast_head":"<!-- This site is optimized with the Yoast SEO plugin v24.3 - https:\/\/yoast.com\/wordpress\/plugins\/seo\/ -->\n<title>Fiscal\u00eda General de la Naci\u00f3n<\/title>\n<meta name=\"description\" content=\"P\u00e1gina oficial de la Fiscal\u00eda General de la Naci\u00f3n \u2013 Colombia. Garantizamos el acceso efectivo a la justicia, la verdad y la reparaci\u00f3n de las v\u00edctimas de los delitos.\" \/>\n<meta name=\"robots\" content=\"noindex, follow\" \/>\n<meta property=\"og:locale\" content=\"es_ES\" \/>\n<meta property=\"og:type\" content=\"article\" \/>\n<meta property=\"og:title\" content=\"Fiscal\u00eda General de la Naci\u00f3n\" \/>\n<meta property=\"og:description\" content=\"P\u00e1gina oficial de la Fiscal\u00eda General de la Naci\u00f3n \u2013 Colombia. Garantizamos el acceso efectivo a la justicia, la verdad y la reparaci\u00f3n de las v\u00edctimas de los delitos.\" \/>\n<meta property=\"og:url\" content=\"https:\/\/www.fiscalia.gov.co\/colombia\/noticias\/a-la-carcel-un-hombre-quien-habria-maltratado-fisicamente-a-su-excompanera-sentimental-y-su-bebe-de-10-meses\/\" \/>\n<meta property=\"og:site_name\" content=\"Fiscal\u00eda General de la Naci\u00f3n\" \/>\n<meta property=\"article:publisher\" content=\"https:\/\/www.facebook.com\/FiscaliaCol\" \/>\n<meta property=\"article:published_time\" content=\"2023-06-06T16:22:54+00:00\" \/>\n<meta property=\"article:modified_time\" content=\"2023-06-16T13:49:53+00:00\" \/>\n<meta property=\"og:image\" content=\"https:\/\/www.fiscalia.gov.co\/colombia\/wp-content\/uploads\/WhatsApp-Image-2023-06-06-at-9.32.58-AM-1.jpeg\" \/>\n<meta name=\"author\" content=\"Jordan Leandro Oviedo Anzola\" \/>\n<meta name=\"twitter:card\" content=\"summary_large_image\" \/>\n<meta name=\"twitter:creator\" content=\"@FiscaliaCol\" \/>\n<meta name=\"twitter:site\" content=\"@FiscaliaCol\" \/>\n<meta name=\"twitter:label1\" content=\"Escrito por\" \/>\n\t<meta name=\"twitter:data1\" content=\"Jordan Leandro Oviedo Anzola\" \/>\n\t<meta name=\"twitter:label2\" content=\"Tiempo de lectura\" \/>\n\t<meta name=\"twitter:data2\" content=\"3 minutos\" \/>\n<script type=\"application\/ld+json\" class=\"yoast-schema-graph\">{\"@context\":\"https:\/\/schema.org\",\"@graph\":[{\"@type\":\"Article\",\"@id\":\"https:\/\/www.fiscalia.gov.co\/colombia\/noticias\/a-la-carcel-un-hombre-quien-habria-maltratado-fisicamente-a-su-excompanera-sentimental-y-su-bebe-de-10-meses\/#article\",\"isPartOf\":{\"@id\":\"https:\/\/www.fiscalia.gov.co\/colombia\/noticias\/a-la-carcel-un-hombre-quien-habria-maltratado-fisicamente-a-su-excompanera-sentimental-y-su-bebe-de-10-meses\/\"},\"author\":{\"name\":\"Jordan Leandro Oviedo Anzola\",\"@id\":\"https:\/\/www.fiscalia.gov.co\/colombia\/#\/schema\/person\/bf84402cf293a5393e9c70b111020b24\"},\"headline\":\"A la c\u00e1rcel un hombre, quien habr\u00eda maltratado f\u00edsicamente a su excompa\u00f1era sentimental y su beb\u00e9 de 10 meses\",\"datePublished\":\"2023-06-06T16:22:54+00:00\",\"dateModified\":\"2023-06-16T13:49:53+00:00\",\"mainEntityOfPage\":{\"@id\":\"https:\/\/www.fiscalia.gov.co\/colombia\/noticias\/a-la-carcel-un-hombre-quien-habria-maltratado-fisicamente-a-su-excompanera-sentimental-y-su-bebe-de-10-meses\/\"},\"wordCount\":629,\"publisher\":{\"@id\":\"https:\/\/www.fiscalia.gov.co\/colombia\/#organization\"},\"image\":{\"@id\":\"https:\/\/www.fiscalia.gov.co\/colombia\/noticias\/a-la-carcel-un-hombre-quien-habria-maltratado-fisicamente-a-su-excompanera-sentimental-y-su-bebe-de-10-meses\/#primaryimage\"},\"thumbnailUrl\":\"https:\/\/www.fiscalia.gov.co\/colombia\/wp-content\/uploads\/WhatsApp-Image-2023-06-06-at-9.32.58-AM-1.jpeg\",\"keywords\":[\"arma traum\u00e1tica\",\"Buesaco (Nari\u00f1o)\",\"Fiscal General Francisco Barbosa Delgado\",\"Fiscal\u00eda de Colombia\",\"Fiscal\u00eda General de la Naci\u00f3n\",\"Violencia intrafamiliar\"],\"articleSection\":[\"Noticias\",\"Seccional Pasto\",\"Seccionales\",\"Violencia sexual e intrafamiliar\"],\"inLanguage\":\"es-CO\"},{\"@type\":\"WebPage\",\"@id\":\"https:\/\/www.fiscalia.gov.co\/colombia\/noticias\/a-la-carcel-un-hombre-quien-habria-maltratado-fisicamente-a-su-excompanera-sentimental-y-su-bebe-de-10-meses\/\",\"url\":\"https:\/\/www.fiscalia.gov.co\/colombia\/noticias\/a-la-carcel-un-hombre-quien-habria-maltratado-fisicamente-a-su-excompanera-sentimental-y-su-bebe-de-10-meses\/\",\"name\":\"Fiscal\u00eda General de la Naci\u00f3n\",\"isPartOf\":{\"@id\":\"https:\/\/www.fiscalia.gov.co\/colombia\/#website\"},\"primaryImageOfPage\":{\"@id\":\"https:\/\/www.fiscalia.gov.co\/colombia\/noticias\/a-la-carcel-un-hombre-quien-habria-maltratado-fisicamente-a-su-excompanera-sentimental-y-su-bebe-de-10-meses\/#primaryimage\"},\"image\":{\"@id\":\"https:\/\/www.fiscalia.gov.co\/colombia\/noticias\/a-la-carcel-un-hombre-quien-habria-maltratado-fisicamente-a-su-excompanera-sentimental-y-su-bebe-de-10-meses\/#primaryimage\"},\"thumbnailUrl\":\"https:\/\/www.fiscalia.gov.co\/colombia\/wp-content\/uploads\/WhatsApp-Image-2023-06-06-at-9.32.58-AM-1.jpeg\",\"datePublished\":\"2023-06-06T16:22:54+00:00\",\"dateModified\":\"2023-06-16T13:49:53+00:00\",\"description\":\"P\u00e1gina oficial de la Fiscal\u00eda General de la Naci\u00f3n \u2013 Colombia. Garantizamos el acceso efectivo a la justicia, la verdad y la reparaci\u00f3n de las v\u00edctimas de los delitos.\",\"breadcrumb\":{\"@id\":\"https:\/\/www.fiscalia.gov.co\/colombia\/noticias\/a-la-carcel-un-hombre-quien-habria-maltratado-fisicamente-a-su-excompanera-sentimental-y-su-bebe-de-10-meses\/#breadcrumb\"},\"inLanguage\":\"es-CO\",\"potentialAction\":[{\"@type\":\"ReadAction\",\"target\":[\"https:\/\/www.fiscalia.gov.co\/colombia\/noticias\/a-la-carcel-un-hombre-quien-habria-maltratado-fisicamente-a-su-excompanera-sentimental-y-su-bebe-de-10-meses\/\"]}]},{\"@type\":\"ImageObject\",\"inLanguage\":\"es-CO\",\"@id\":\"https:\/\/www.fiscalia.gov.co\/colombia\/noticias\/a-la-carcel-un-hombre-quien-habria-maltratado-fisicamente-a-su-excompanera-sentimental-y-su-bebe-de-10-meses\/#primaryimage\",\"url\":\"https:\/\/www.fiscalia.gov.co\/colombia\/wp-content\/uploads\/WhatsApp-Image-2023-06-06-at-9.32.58-AM-1.jpeg\",\"contentUrl\":\"https:\/\/www.fiscalia.gov.co\/colombia\/wp-content\/uploads\/WhatsApp-Image-2023-06-06-at-9.32.58-AM-1.jpeg\",\"width\":849,\"height\":708,\"caption\":\"Wilson Cer\u00f3n Solarte fue imputado como presunto autor del delito de violencia intrafamiliar agravada.\"},{\"@type\":\"BreadcrumbList\",\"@id\":\"https:\/\/www.fiscalia.gov.co\/colombia\/noticias\/a-la-carcel-un-hombre-quien-habria-maltratado-fisicamente-a-su-excompanera-sentimental-y-su-bebe-de-10-meses\/#breadcrumb\",\"itemListElement\":[{\"@type\":\"ListItem\",\"position\":1,\"name\":\"Home\",\"item\":\"https:\/\/www.fiscalia.gov.co\/colombia\/\"},{\"@type\":\"ListItem\",\"position\":2,\"name\":\"A la c\u00e1rcel un hombre, quien habr\u00eda maltratado f\u00edsicamente a su excompa\u00f1era sentimental y su beb\u00e9 de 10 meses\"}]},{\"@type\":\"WebSite\",\"@id\":\"https:\/\/www.fiscalia.gov.co\/colombia\/#website\",\"url\":\"https:\/\/www.fiscalia.gov.co\/colombia\/\",\"name\":\"Fiscal\u00eda General de la Naci\u00f3n\",\"description\":\"P\u00e1gina oficial de la Fiscal\u00eda General de la Naci\u00f3n \u2013 Colombia. Garantizamos el acceso efectivo a la justicia, la verdad y la reparaci\u00f3n de las v\u00edctimas de los delitos.\",\"publisher\":{\"@id\":\"https:\/\/www.fiscalia.gov.co\/colombia\/#organization\"},\"potentialAction\":[{\"@type\":\"SearchAction\",\"target\":{\"@type\":\"EntryPoint\",\"urlTemplate\":\"https:\/\/www.fiscalia.gov.co\/colombia\/?s={search_term_string}\"},\"query-input\":{\"@type\":\"PropertyValueSpecification\",\"valueRequired\":true,\"valueName\":\"search_term_string\"}}],\"inLanguage\":\"es-CO\"},{\"@type\":\"Organization\",\"@id\":\"https:\/\/www.fiscalia.gov.co\/colombia\/#organization\",\"name\":\"Fiscal\u00eda General de la Naci\u00f3n\",\"url\":\"https:\/\/www.fiscalia.gov.co\/colombia\/\",\"logo\":{\"@type\":\"ImageObject\",\"inLanguage\":\"es-CO\",\"@id\":\"https:\/\/www.fiscalia.gov.co\/colombia\/#\/schema\/logo\/image\/\",\"url\":\"https:\/\/www.fiscalia.gov.co\/colombia\/wp-content\/uploads\/LogoHorizontal_1.jpg\",\"contentUrl\":\"https:\/\/www.fiscalia.gov.co\/colombia\/wp-content\/uploads\/LogoHorizontal_1.jpg\",\"width\":300,\"height\":90,\"caption\":\"Fiscal\u00eda General de la Naci\u00f3n\"},\"image\":{\"@id\":\"https:\/\/www.fiscalia.gov.co\/colombia\/#\/schema\/logo\/image\/\"},\"sameAs\":[\"https:\/\/www.facebook.com\/FiscaliaCol\",\"https:\/\/x.com\/FiscaliaCol\",\"https:\/\/www.instagram.com\/fiscaliacol\",\"https:\/\/www.linkedin.com\/company\/fiscalia-general-de-la-naci-n\/\",\"https:\/\/youtube.com\/@fiscaliageneraldelanacion-4668?si=6nN79nyQICPU5iTh\"]},{\"@type\":\"Person\",\"@id\":\"https:\/\/www.fiscalia.gov.co\/colombia\/#\/schema\/person\/bf84402cf293a5393e9c70b111020b24\",\"name\":\"Jordan Leandro Oviedo Anzola\",\"image\":{\"@type\":\"ImageObject\",\"inLanguage\":\"es-CO\",\"@id\":\"https:\/\/www.fiscalia.gov.co\/colombia\/#\/schema\/person\/image\/\",\"url\":\"https:\/\/secure.gravatar.com\/avatar\/dabba4346fa9b9207d96adafa8f92721?s=96&d=mm&r=g\",\"contentUrl\":\"https:\/\/secure.gravatar.com\/avatar\/dabba4346fa9b9207d96adafa8f92721?s=96&d=mm&r=g\",\"caption\":\"Jordan Leandro Oviedo Anzola\"},\"url\":\"https:\/\/www.fiscalia.gov.co\/colombia\/author\/joviedo\/\"}]}<\/script>\n<!-- \/ Yoast SEO plugin. -->","yoast_head_json":{"title":"Fiscal\u00eda General de la Naci\u00f3n","description":"P\u00e1gina oficial de la Fiscal\u00eda General de la Naci\u00f3n \u2013 Colombia. Garantizamos el acceso efectivo a la justicia, la verdad y la reparaci\u00f3n de las v\u00edctimas de los delitos.","robots":{"index":"noindex","follow":"follow"},"og_locale":"es_ES","og_type":"article","og_title":"Fiscal\u00eda General de la Naci\u00f3n","og_description":"P\u00e1gina oficial de la Fiscal\u00eda General de la Naci\u00f3n \u2013 Colombia. Garantizamos el acceso efectivo a la justicia, la verdad y la reparaci\u00f3n de las v\u00edctimas de los delitos.","og_url":"https:\/\/www.fiscalia.gov.co\/colombia\/noticias\/a-la-carcel-un-hombre-quien-habria-maltratado-fisicamente-a-su-excompanera-sentimental-y-su-bebe-de-10-meses\/","og_site_name":"Fiscal\u00eda General de la Naci\u00f3n","article_publisher":"https:\/\/www.facebook.com\/FiscaliaCol","article_published_time":"2023-06-06T16:22:54+00:00","article_modified_time":"2023-06-16T13:49:53+00:00","og_image":[{"url":"https:\/\/www.fiscalia.gov.co\/colombia\/wp-content\/uploads\/WhatsApp-Image-2023-06-06-at-9.32.58-AM-1.jpeg","type":"","width":"","height":""}],"author":"Jordan Leandro Oviedo Anzola","twitter_card":"summary_large_image","twitter_creator":"@FiscaliaCol","twitter_site":"@FiscaliaCol","twitter_misc":{"Escrito por":"Jordan Leandro Oviedo Anzola","Tiempo de lectura":"3 minutos"},"schema":{"@context":"https:\/\/schema.org","@graph":[{"@type":"Article","@id":"https:\/\/www.fiscalia.gov.co\/colombia\/noticias\/a-la-carcel-un-hombre-quien-habria-maltratado-fisicamente-a-su-excompanera-sentimental-y-su-bebe-de-10-meses\/#article","isPartOf":{"@id":"https:\/\/www.fiscalia.gov.co\/colombia\/noticias\/a-la-carcel-un-hombre-quien-habria-maltratado-fisicamente-a-su-excompanera-sentimental-y-su-bebe-de-10-meses\/"},"author":{"name":"Jordan Leandro Oviedo Anzola","@id":"https:\/\/www.fiscalia.gov.co\/colombia\/#\/schema\/person\/bf84402cf293a5393e9c70b111020b24"},"headline":"A la c\u00e1rcel un hombre, quien habr\u00eda maltratado f\u00edsicamente a su excompa\u00f1era sentimental y su beb\u00e9 de 10 meses","datePublished":"2023-06-06T16:22:54+00:00","dateModified":"2023-06-16T13:49:53+00:00","mainEntityOfPage":{"@id":"https:\/\/www.fiscalia.gov.co\/colombia\/noticias\/a-la-carcel-un-hombre-quien-habria-maltratado-fisicamente-a-su-excompanera-sentimental-y-su-bebe-de-10-meses\/"},"wordCount":629,"publisher":{"@id":"https:\/\/www.fiscalia.gov.co\/colombia\/#organization"},"image":{"@id":"https:\/\/www.fiscalia.gov.co\/colombia\/noticias\/a-la-carcel-un-hombre-quien-habria-maltratado-fisicamente-a-su-excompanera-sentimental-y-su-bebe-de-10-meses\/#primaryimage"},"thumbnailUrl":"https:\/\/www.fiscalia.gov.co\/colombia\/wp-content\/uploads\/WhatsApp-Image-2023-06-06-at-9.32.58-AM-1.jpeg","keywords":["arma traum\u00e1tica","Buesaco (Nari\u00f1o)","Fiscal General Francisco Barbosa Delgado","Fiscal\u00eda de Colombia","Fiscal\u00eda General de la Naci\u00f3n","Violencia intrafamiliar"],"articleSection":["Noticias","Seccional Pasto","Seccionales","Violencia sexual e intrafamiliar"],"inLanguage":"es-CO"},{"@type":"WebPage","@id":"https:\/\/www.fiscalia.gov.co\/colombia\/noticias\/a-la-carcel-un-hombre-quien-habria-maltratado-fisicamente-a-su-excompanera-sentimental-y-su-bebe-de-10-meses\/","url":"https:\/\/www.fiscalia.gov.co\/colombia\/noticias\/a-la-carcel-un-hombre-quien-habria-maltratado-fisicamente-a-su-excompanera-sentimental-y-su-bebe-de-10-meses\/","name":"Fiscal\u00eda General de la Naci\u00f3n","isPartOf":{"@id":"https:\/\/www.fiscalia.gov.co\/colombia\/#website"},"primaryImageOfPage":{"@id":"https:\/\/www.fiscalia.gov.co\/colombia\/noticias\/a-la-carcel-un-hombre-quien-habria-maltratado-fisicamente-a-su-excompanera-sentimental-y-su-bebe-de-10-meses\/#primaryimage"},"image":{"@id":"https:\/\/www.fiscalia.gov.co\/colombia\/noticias\/a-la-carcel-un-hombre-quien-habria-maltratado-fisicamente-a-su-excompanera-sentimental-y-su-bebe-de-10-meses\/#primaryimage"},"thumbnailUrl":"https:\/\/www.fiscalia.gov.co\/colombia\/wp-content\/uploads\/WhatsApp-Image-2023-06-06-at-9.32.58-AM-1.jpeg","datePublished":"2023-06-06T16:22:54+00:00","dateModified":"2023-06-16T13:49:53+00:00","description":"P\u00e1gina oficial de la Fiscal\u00eda General de la Naci\u00f3n \u2013 Colombia. Garantizamos el acceso efectivo a la justicia, la verdad y la reparaci\u00f3n de las v\u00edctimas de los delitos.","breadcrumb":{"@id":"https:\/\/www.fiscalia.gov.co\/colombia\/noticias\/a-la-carcel-un-hombre-quien-habria-maltratado-fisicamente-a-su-excompanera-sentimental-y-su-bebe-de-10-meses\/#breadcrumb"},"inLanguage":"es-CO","potentialAction":[{"@type":"ReadAction","target":["https:\/\/www.fiscalia.gov.co\/colombia\/noticias\/a-la-carcel-un-hombre-quien-habria-maltratado-fisicamente-a-su-excompanera-sentimental-y-su-bebe-de-10-meses\/"]}]},{"@type":"ImageObject","inLanguage":"es-CO","@id":"https:\/\/www.fiscalia.gov.co\/colombia\/noticias\/a-la-carcel-un-hombre-quien-habria-maltratado-fisicamente-a-su-excompanera-sentimental-y-su-bebe-de-10-meses\/#primaryimage","url":"https:\/\/www.fiscalia.gov.co\/colombia\/wp-content\/uploads\/WhatsApp-Image-2023-06-06-at-9.32.58-AM-1.jpeg","contentUrl":"https:\/\/www.fiscalia.gov.co\/colombia\/wp-content\/uploads\/WhatsApp-Image-2023-06-06-at-9.32.58-AM-1.jpeg","width":849,"height":708,"caption":"Wilson Cer\u00f3n Solarte fue imputado como presunto autor del delito de violencia intrafamiliar agravada."},{"@type":"BreadcrumbList","@id":"https:\/\/www.fiscalia.gov.co\/colombia\/noticias\/a-la-carcel-un-hombre-quien-habria-maltratado-fisicamente-a-su-excompanera-sentimental-y-su-bebe-de-10-meses\/#breadcrumb","itemListElement":[{"@type":"ListItem","position":1,"name":"Home","item":"https:\/\/www.fiscalia.gov.co\/colombia\/"},{"@type":"ListItem","position":2,"name":"A la c\u00e1rcel un hombre, quien habr\u00eda maltratado f\u00edsicamente a su excompa\u00f1era sentimental y su beb\u00e9 de 10 meses"}]},{"@type":"WebSite","@id":"https:\/\/www.fiscalia.gov.co\/colombia\/#website","url":"https:\/\/www.fiscalia.gov.co\/colombia\/","name":"Fiscal\u00eda General de la Naci\u00f3n","description":"P\u00e1gina oficial de la Fiscal\u00eda General de la Naci\u00f3n \u2013 Colombia. Garantizamos el acceso efectivo a la justicia, la verdad y la reparaci\u00f3n de las v\u00edctimas de los delitos.","publisher":{"@id":"https:\/\/www.fiscalia.gov.co\/colombia\/#organization"},"potentialAction":[{"@type":"SearchAction","target":{"@type":"EntryPoint","urlTemplate":"https:\/\/www.fiscalia.gov.co\/colombia\/?s={search_term_string}"},"query-input":{"@type":"PropertyValueSpecification","valueRequired":true,"valueName":"search_term_string"}}],"inLanguage":"es-CO"},{"@type":"Organization","@id":"https:\/\/www.fiscalia.gov.co\/colombia\/#organization","name":"Fiscal\u00eda General de la Naci\u00f3n","url":"https:\/\/www.fiscalia.gov.co\/colombia\/","logo":{"@type":"ImageObject","inLanguage":"es-CO","@id":"https:\/\/www.fiscalia.gov.co\/colombia\/#\/schema\/logo\/image\/","url":"https:\/\/www.fiscalia.gov.co\/colombia\/wp-content\/uploads\/LogoHorizontal_1.jpg","contentUrl":"https:\/\/www.fiscalia.gov.co\/colombia\/wp-content\/uploads\/LogoHorizontal_1.jpg","width":300,"height":90,"caption":"Fiscal\u00eda General de la Naci\u00f3n"},"image":{"@id":"https:\/\/www.fiscalia.gov.co\/colombia\/#\/schema\/logo\/image\/"},"sameAs":["https:\/\/www.facebook.com\/FiscaliaCol","https:\/\/x.com\/FiscaliaCol","https:\/\/www.instagram.com\/fiscaliacol","https:\/\/www.linkedin.com\/company\/fiscalia-general-de-la-naci-n\/","https:\/\/youtube.com\/@fiscaliageneraldelanacion-4668?si=6nN79nyQICPU5iTh"]},{"@type":"Person","@id":"https:\/\/www.fiscalia.gov.co\/colombia\/#\/schema\/person\/bf84402cf293a5393e9c70b111020b24","name":"Jordan Leandro Oviedo Anzola","image":{"@type":"ImageObject","inLanguage":"es-CO","@id":"https:\/\/www.fiscalia.gov.co\/colombia\/#\/schema\/person\/image\/","url":"https:\/\/secure.gravatar.com\/avatar\/dabba4346fa9b9207d96adafa8f92721?s=96&d=mm&r=g","contentUrl":"https:\/\/secure.gravatar.com\/avatar\/dabba4346fa9b9207d96adafa8f92721?s=96&d=mm&r=g","caption":"Jordan Leandro Oviedo Anzola"},"url":"https:\/\/www.fiscalia.gov.co\/colombia\/author\/joviedo\/"}]}},"_links":{"self":[{"href":"https:\/\/www.fiscalia.gov.co\/colombia\/wp-json\/wp\/v2\/posts\/272783","targetHints":{"allow":["GET"]}}],"collection":[{"href":"https:\/\/www.fiscalia.gov.co\/colombia\/wp-json\/wp\/v2\/posts"}],"about":[{"href":"https:\/\/www.fiscalia.gov.co\/colombia\/wp-json\/wp\/v2\/types\/post"}],"author":[{"embeddable":true,"href":"https:\/\/www.fiscalia.gov.co\/colombia\/wp-json\/wp\/v2\/users\/177"}],"replies":[{"embeddable":true,"href":"https:\/\/www.fiscalia.gov.co\/colombia\/wp-json\/wp\/v2\/comments?post=272783"}],"version-history":[{"count":2,"href":"https:\/\/www.fiscalia.gov.co\/colombia\/wp-json\/wp\/v2\/posts\/272783\/revisions"}],"predecessor-version":[{"id":273488,"href":"https:\/\/www.fiscalia.gov.co\/colombia\/wp-json\/wp\/v2\/posts\/272783\/revisions\/273488"}],"wp:attachment":[{"href":"https:\/\/www.fiscalia.gov.co\/colombia\/wp-json\/wp\/v2\/media?parent=272783"}],"wp:term":[{"taxonomy":"category","embeddable":true,"href":"https:\/\/www.fiscalia.gov.co\/colombia\/wp-json\/wp\/v2\/categories?post=272783"},{"taxonomy":"post_tag","embeddable":true,"href":"https:\/\/www.fiscalia.gov.co\/colombia\/wp-json\/wp\/v2\/tags?post=272783"}],"curies":[{"name":"wp","href":"https:\/\/api.w.org\/{rel}","templated":true}]}}