{"id":272649,"date":"2023-06-04T09:34:47","date_gmt":"2023-06-04T14:34:47","guid":{"rendered":"https:\/\/www.fiscalia.gov.co\/colombia\/?p=272649"},"modified":"2023-06-14T09:32:29","modified_gmt":"2023-06-14T14:32:29","slug":"asegurados-tres-hermanos-que-habrian-abusado-sexualmente-a-una-mujer-indigena-en-zona-rural-de-arauca","status":"publish","type":"post","link":"https:\/\/www.fiscalia.gov.co\/colombia\/noticias\/asegurados-tres-hermanos-que-habrian-abusado-sexualmente-a-una-mujer-indigena-en-zona-rural-de-arauca\/","title":{"rendered":"Asegurados tres hermanos que habr\u00edan abusado sexualmente a una mujer ind\u00edgena en zona rural de Arauca"},"content":{"rendered":"<h4><em><strong>Al parecer, los procesados sometieron, golpearon y retuvieron a la v\u00edctima durante 11 horas.<\/strong> <\/em><\/h4>\n<figure id=\"attachment_272650\" aria-describedby=\"caption-attachment-272650\" style=\"width: 654px\" class=\"wp-caption aligncenter\"><img loading=\"lazy\" decoding=\"async\" class=\" wp-image-272650\" src=\"https:\/\/www.fiscalia.gov.co\/colombia\/wp-content\/uploads\/Deimer-Nino-Villamizar-judicializado-por-acceso-carnal-violento-agravado-y-secuestro-simple.jpg\" alt=\"En la imagen se aprecia el capturado junto a un investigador del CTI y uniformado de la Polic\u00eda y Ej\u00e9rcito Nacional. En la parte posterior se observa los banners que identifican a la Fiscal\u00eda General de la Naci\u00f3n y al Ej\u00e9rcito Nacional.\" width=\"654\" height=\"490\" srcset=\"https:\/\/www.fiscalia.gov.co\/colombia\/wp-content\/uploads\/Deimer-Nino-Villamizar-judicializado-por-acceso-carnal-violento-agravado-y-secuestro-simple.jpg 466w, https:\/\/www.fiscalia.gov.co\/colombia\/wp-content\/uploads\/Deimer-Nino-Villamizar-judicializado-por-acceso-carnal-violento-agravado-y-secuestro-simple-300x225.jpg 300w, https:\/\/www.fiscalia.gov.co\/colombia\/wp-content\/uploads\/Deimer-Nino-Villamizar-judicializado-por-acceso-carnal-violento-agravado-y-secuestro-simple-80x60.jpg 80w, https:\/\/www.fiscalia.gov.co\/colombia\/wp-content\/uploads\/Deimer-Nino-Villamizar-judicializado-por-acceso-carnal-violento-agravado-y-secuestro-simple-265x198.jpg 265w\" sizes=\"auto, (max-width: 654px) 100vw, 654px\" \/><figcaption id=\"caption-attachment-272650\" class=\"wp-caption-text\">El procesado habr\u00eda secuestrado y accedido sexualmente a una mujer del resguardo ind\u00edgena Los Iguanitos, ubicado en el corregimiento Puerto Jord\u00e1n de Arauca (Arauca).<\/figcaption><\/figure>\n<p>La contundencia del material probatorio presentado por un fiscal de la Seccional Arauca fue determinante para que jueces de control de garant\u00edas impusieran medidas de aseguramiento privativas de la libertad a un hombre y dos adolescentes por su presunta responsabilidad en los delitos de acceso carnal violento agravado y secuestro simple contra una mujer ind\u00edgena.<\/p>\n<p>Los hechos ocurrieron el 25 de septiembre de 2022, cuando al parecer, los procesados sometieron, golpearon y retuvieron contra su voluntad a la v\u00edctima, una mujer perteneciente a la comunidad ind\u00edgena Los Iguanitos, que est\u00e1 ubicada en zona rural del departamento de Arauca.<\/p>\n<p>El material probatorio da cuenta que la mujer fue sometida a todo tipo de vej\u00e1menes sexuales durante las 11 horas en las que estuvo retenida en una vivienda que pertenecer\u00eda a uno de los investigados.<\/p>\n<p>En diligencias de registro y allanamiento realizadas este 24 de mayo, en el barrio Las Brisas corregimiento de Puerto Jord\u00e1n, jurisdicci\u00f3n del municipio de Arauca (Arauca), fue capturado un adulto y aprehendidos dos menores por servidores del Cuerpo T\u00e9cnico de Investigaci\u00f3n (CTI), con el apoyo de la Polic\u00eda Nacional y el Ej\u00e9rcito Nacional.<\/p>\n<p>Los jueces de control de garant\u00edas acogieron los argumentos de la Fiscal\u00eda y enviaron a la c\u00e1rcel al hombre, mientras que los dos menores fueron enviados a un centro de internamiento preventivo.<\/p>\n<p><strong>La Fiscal\u00eda habla con resultados<\/strong><\/p>\n<p>&nbsp;<\/p>\n<p>&nbsp;<\/p>\n<p>&nbsp;<\/p>\n<p>&nbsp;<\/p>\n<p>&nbsp;<\/p>\n<p>MPHA\/MG\/SGRT\/HMCR\/DSA\/MRC\/<\/p>\n<p>&nbsp;<\/p>\n<p>&nbsp;<\/p>\n<p>&nbsp;<\/p>\n<div class=\"td-post-content tagdiv-type\">\n<div class=\"td-post-content tagdiv-type\">\n<div class=\"td-post-content tagdiv-type\">\n<div class=\"td-post-content tagdiv-type\">\n<div class=\"td-post-content tagdiv-type\">\n<div class=\"td-post-content tagdiv-type\">\n<p><i>La informaci\u00f3n contenida en este bolet\u00edn de prensa corresponde a la narraci\u00f3n de los hechos noticiosos objetivos, suministrados por los funcionarios encargados de adelantar las investigaciones penales al interior de la Fiscal\u00eda General de la Naci\u00f3n. Para el momento de la divulgaci\u00f3n de este comunicado, la situaci\u00f3n jur\u00eddica de la(s) persona(s) relacionada(s) se encuentra pendiente de resolver por la autoridad judicial competente, siempre bajo los preceptos de la presunci\u00f3n de inocencia, consagrados en el art\u00edculo 29 de la Constituci\u00f3n Pol\u00edtica y el art\u00edculo 7\u00ba de la Ley 906 de 2004.<\/i><\/p>\n<\/div>\n<\/div>\n<\/div>\n<\/div>\n<footer>\n<div class=\"td-post-sharing-bottom\"><\/div>\n<\/footer>\n<\/div>\n<\/div>\n<footer>\n<div class=\"td-post-source-tags\"><\/div>\n<div class=\"td-post-sharing-bottom\"><\/div>\n<\/footer>\n<p>&nbsp;<\/p>\n<p>&nbsp;<\/p>\n<p>&nbsp;<\/p>\n\n<div class=\"twitter-share\"><a href=\"https:\/\/twitter.com\/intent\/tweet?via=fiscaliacol\" class=\"twitter-share-button\">Tweet<\/a><\/div>\n","protected":false},"excerpt":{"rendered":"<p>Al parecer, los procesados sometieron, golpearon y retuvieron a la v\u00edctima durante 11 horas. La contundencia del material probatorio presentado por un fiscal de la Seccional Arauca fue determinante para [&hellip;]<\/p>\n","protected":false},"author":177,"featured_media":0,"comment_status":"closed","ping_status":"open","sticky":false,"template":"","format":"video","meta":{"tdm_status":"","tdm_grid_status":"","footnotes":""},"categories":[1,12632,303],"tags":[801,31726,20265,24185,1047,34800,2299],"class_list":["post-272649","post","type-post","status-publish","format-video","category-noticias","category-seccional-arauca","category-seccionales","tag-abuso-sexual","tag-arauca-arauca","tag-comunidad-indigena","tag-fiscal-barbosa","tag-fiscalia-general-de-la-nacion","tag-mujer-indigena","tag-violencia-sexual","post_format-post-format-video"],"yoast_head":"<!-- This site is optimized with the Yoast SEO plugin v24.3 - https:\/\/yoast.com\/wordpress\/plugins\/seo\/ -->\n<title>Fiscal\u00eda General de la Naci\u00f3n<\/title>\n<meta name=\"description\" content=\"P\u00e1gina oficial de la Fiscal\u00eda General de la Naci\u00f3n \u2013 Colombia. Garantizamos el acceso efectivo a la justicia, la verdad y la reparaci\u00f3n de las v\u00edctimas de los delitos.\" \/>\n<meta name=\"robots\" content=\"noindex, follow\" \/>\n<meta property=\"og:locale\" content=\"es_ES\" \/>\n<meta property=\"og:type\" content=\"article\" \/>\n<meta property=\"og:title\" content=\"Fiscal\u00eda General de la Naci\u00f3n\" \/>\n<meta property=\"og:description\" content=\"P\u00e1gina oficial de la Fiscal\u00eda General de la Naci\u00f3n \u2013 Colombia. Garantizamos el acceso efectivo a la justicia, la verdad y la reparaci\u00f3n de las v\u00edctimas de los delitos.\" \/>\n<meta property=\"og:url\" content=\"https:\/\/www.fiscalia.gov.co\/colombia\/noticias\/asegurados-tres-hermanos-que-habrian-abusado-sexualmente-a-una-mujer-indigena-en-zona-rural-de-arauca\/\" \/>\n<meta property=\"og:site_name\" content=\"Fiscal\u00eda General de la Naci\u00f3n\" \/>\n<meta property=\"article:publisher\" content=\"https:\/\/www.facebook.com\/FiscaliaCol\" \/>\n<meta property=\"article:published_time\" content=\"2023-06-04T14:34:47+00:00\" \/>\n<meta property=\"article:modified_time\" content=\"2023-06-14T14:32:29+00:00\" \/>\n<meta property=\"og:image\" content=\"https:\/\/www.fiscalia.gov.co\/colombia\/wp-content\/uploads\/Deimer-Nino-Villamizar-judicializado-por-acceso-carnal-violento-agravado-y-secuestro-simple.jpg\" \/>\n<meta name=\"author\" content=\"Jordan Leandro Oviedo Anzola\" \/>\n<meta name=\"twitter:card\" content=\"summary_large_image\" \/>\n<meta name=\"twitter:creator\" content=\"@FiscaliaCol\" \/>\n<meta name=\"twitter:site\" content=\"@FiscaliaCol\" \/>\n<meta name=\"twitter:label1\" content=\"Escrito por\" \/>\n\t<meta name=\"twitter:data1\" content=\"Jordan Leandro Oviedo Anzola\" \/>\n\t<meta name=\"twitter:label2\" content=\"Tiempo de lectura\" \/>\n\t<meta name=\"twitter:data2\" content=\"2 minutos\" \/>\n<script type=\"application\/ld+json\" class=\"yoast-schema-graph\">{\"@context\":\"https:\/\/schema.org\",\"@graph\":[{\"@type\":\"Article\",\"@id\":\"https:\/\/www.fiscalia.gov.co\/colombia\/noticias\/asegurados-tres-hermanos-que-habrian-abusado-sexualmente-a-una-mujer-indigena-en-zona-rural-de-arauca\/#article\",\"isPartOf\":{\"@id\":\"https:\/\/www.fiscalia.gov.co\/colombia\/noticias\/asegurados-tres-hermanos-que-habrian-abusado-sexualmente-a-una-mujer-indigena-en-zona-rural-de-arauca\/\"},\"author\":{\"name\":\"Jordan Leandro Oviedo Anzola\",\"@id\":\"https:\/\/www.fiscalia.gov.co\/colombia\/#\/schema\/person\/bf84402cf293a5393e9c70b111020b24\"},\"headline\":\"Asegurados tres hermanos que habr\u00edan abusado sexualmente a una mujer ind\u00edgena en zona rural de Arauca\",\"datePublished\":\"2023-06-04T14:34:47+00:00\",\"dateModified\":\"2023-06-14T14:32:29+00:00\",\"mainEntityOfPage\":{\"@id\":\"https:\/\/www.fiscalia.gov.co\/colombia\/noticias\/asegurados-tres-hermanos-que-habrian-abusado-sexualmente-a-una-mujer-indigena-en-zona-rural-de-arauca\/\"},\"wordCount\":420,\"publisher\":{\"@id\":\"https:\/\/www.fiscalia.gov.co\/colombia\/#organization\"},\"image\":{\"@id\":\"https:\/\/www.fiscalia.gov.co\/colombia\/noticias\/asegurados-tres-hermanos-que-habrian-abusado-sexualmente-a-una-mujer-indigena-en-zona-rural-de-arauca\/#primaryimage\"},\"thumbnailUrl\":\"https:\/\/www.fiscalia.gov.co\/colombia\/wp-content\/uploads\/Deimer-Nino-Villamizar-judicializado-por-acceso-carnal-violento-agravado-y-secuestro-simple.jpg\",\"keywords\":[\"Abuso sexual\",\"Arauca (Arauca)\",\"comunidad ind\u00edgena\",\"Fiscal Barbosa\",\"Fiscal\u00eda General de la Naci\u00f3n\",\"mujer indigena\",\"Violencia sexual\"],\"articleSection\":[\"Noticias\",\"Seccional Arauca\",\"Seccionales\"],\"inLanguage\":\"es-CO\"},{\"@type\":\"WebPage\",\"@id\":\"https:\/\/www.fiscalia.gov.co\/colombia\/noticias\/asegurados-tres-hermanos-que-habrian-abusado-sexualmente-a-una-mujer-indigena-en-zona-rural-de-arauca\/\",\"url\":\"https:\/\/www.fiscalia.gov.co\/colombia\/noticias\/asegurados-tres-hermanos-que-habrian-abusado-sexualmente-a-una-mujer-indigena-en-zona-rural-de-arauca\/\",\"name\":\"Fiscal\u00eda General de la Naci\u00f3n\",\"isPartOf\":{\"@id\":\"https:\/\/www.fiscalia.gov.co\/colombia\/#website\"},\"primaryImageOfPage\":{\"@id\":\"https:\/\/www.fiscalia.gov.co\/colombia\/noticias\/asegurados-tres-hermanos-que-habrian-abusado-sexualmente-a-una-mujer-indigena-en-zona-rural-de-arauca\/#primaryimage\"},\"image\":{\"@id\":\"https:\/\/www.fiscalia.gov.co\/colombia\/noticias\/asegurados-tres-hermanos-que-habrian-abusado-sexualmente-a-una-mujer-indigena-en-zona-rural-de-arauca\/#primaryimage\"},\"thumbnailUrl\":\"https:\/\/www.fiscalia.gov.co\/colombia\/wp-content\/uploads\/Deimer-Nino-Villamizar-judicializado-por-acceso-carnal-violento-agravado-y-secuestro-simple.jpg\",\"datePublished\":\"2023-06-04T14:34:47+00:00\",\"dateModified\":\"2023-06-14T14:32:29+00:00\",\"description\":\"P\u00e1gina oficial de la Fiscal\u00eda General de la Naci\u00f3n \u2013 Colombia. Garantizamos el acceso efectivo a la justicia, la verdad y la reparaci\u00f3n de las v\u00edctimas de los delitos.\",\"breadcrumb\":{\"@id\":\"https:\/\/www.fiscalia.gov.co\/colombia\/noticias\/asegurados-tres-hermanos-que-habrian-abusado-sexualmente-a-una-mujer-indigena-en-zona-rural-de-arauca\/#breadcrumb\"},\"inLanguage\":\"es-CO\",\"potentialAction\":[{\"@type\":\"ReadAction\",\"target\":[\"https:\/\/www.fiscalia.gov.co\/colombia\/noticias\/asegurados-tres-hermanos-que-habrian-abusado-sexualmente-a-una-mujer-indigena-en-zona-rural-de-arauca\/\"]}]},{\"@type\":\"ImageObject\",\"inLanguage\":\"es-CO\",\"@id\":\"https:\/\/www.fiscalia.gov.co\/colombia\/noticias\/asegurados-tres-hermanos-que-habrian-abusado-sexualmente-a-una-mujer-indigena-en-zona-rural-de-arauca\/#primaryimage\",\"url\":\"https:\/\/www.fiscalia.gov.co\/colombia\/wp-content\/uploads\/Deimer-Nino-Villamizar-judicializado-por-acceso-carnal-violento-agravado-y-secuestro-simple.jpg\",\"contentUrl\":\"https:\/\/www.fiscalia.gov.co\/colombia\/wp-content\/uploads\/Deimer-Nino-Villamizar-judicializado-por-acceso-carnal-violento-agravado-y-secuestro-simple.jpg\",\"width\":466,\"height\":349,\"caption\":\"El procesado habr\u00eda secuestrado y accedido sexualmente a una mujer del resguardo ind\u00edgena Los Iguanitos, ubicado en el corregimiento Puerto Jord\u00e1n de Arauca (Arauca).\"},{\"@type\":\"BreadcrumbList\",\"@id\":\"https:\/\/www.fiscalia.gov.co\/colombia\/noticias\/asegurados-tres-hermanos-que-habrian-abusado-sexualmente-a-una-mujer-indigena-en-zona-rural-de-arauca\/#breadcrumb\",\"itemListElement\":[{\"@type\":\"ListItem\",\"position\":1,\"name\":\"Home\",\"item\":\"https:\/\/www.fiscalia.gov.co\/colombia\/\"},{\"@type\":\"ListItem\",\"position\":2,\"name\":\"Asegurados tres hermanos que habr\u00edan abusado sexualmente a una mujer ind\u00edgena en zona rural de Arauca\"}]},{\"@type\":\"WebSite\",\"@id\":\"https:\/\/www.fiscalia.gov.co\/colombia\/#website\",\"url\":\"https:\/\/www.fiscalia.gov.co\/colombia\/\",\"name\":\"Fiscal\u00eda General de la Naci\u00f3n\",\"description\":\"P\u00e1gina oficial de la Fiscal\u00eda General de la Naci\u00f3n \u2013 Colombia. Garantizamos el acceso efectivo a la justicia, la verdad y la reparaci\u00f3n de las v\u00edctimas de los delitos.\",\"publisher\":{\"@id\":\"https:\/\/www.fiscalia.gov.co\/colombia\/#organization\"},\"potentialAction\":[{\"@type\":\"SearchAction\",\"target\":{\"@type\":\"EntryPoint\",\"urlTemplate\":\"https:\/\/www.fiscalia.gov.co\/colombia\/?s={search_term_string}\"},\"query-input\":{\"@type\":\"PropertyValueSpecification\",\"valueRequired\":true,\"valueName\":\"search_term_string\"}}],\"inLanguage\":\"es-CO\"},{\"@type\":\"Organization\",\"@id\":\"https:\/\/www.fiscalia.gov.co\/colombia\/#organization\",\"name\":\"Fiscal\u00eda General de la Naci\u00f3n\",\"url\":\"https:\/\/www.fiscalia.gov.co\/colombia\/\",\"logo\":{\"@type\":\"ImageObject\",\"inLanguage\":\"es-CO\",\"@id\":\"https:\/\/www.fiscalia.gov.co\/colombia\/#\/schema\/logo\/image\/\",\"url\":\"https:\/\/www.fiscalia.gov.co\/colombia\/wp-content\/uploads\/LogoHorizontal_1.jpg\",\"contentUrl\":\"https:\/\/www.fiscalia.gov.co\/colombia\/wp-content\/uploads\/LogoHorizontal_1.jpg\",\"width\":300,\"height\":90,\"caption\":\"Fiscal\u00eda General de la Naci\u00f3n\"},\"image\":{\"@id\":\"https:\/\/www.fiscalia.gov.co\/colombia\/#\/schema\/logo\/image\/\"},\"sameAs\":[\"https:\/\/www.facebook.com\/FiscaliaCol\",\"https:\/\/x.com\/FiscaliaCol\",\"https:\/\/www.instagram.com\/fiscaliacol\",\"https:\/\/www.linkedin.com\/company\/fiscalia-general-de-la-naci-n\/\",\"https:\/\/youtube.com\/@fiscaliageneraldelanacion-4668?si=6nN79nyQICPU5iTh\"]},{\"@type\":\"Person\",\"@id\":\"https:\/\/www.fiscalia.gov.co\/colombia\/#\/schema\/person\/bf84402cf293a5393e9c70b111020b24\",\"name\":\"Jordan Leandro Oviedo Anzola\",\"image\":{\"@type\":\"ImageObject\",\"inLanguage\":\"es-CO\",\"@id\":\"https:\/\/www.fiscalia.gov.co\/colombia\/#\/schema\/person\/image\/\",\"url\":\"https:\/\/secure.gravatar.com\/avatar\/dabba4346fa9b9207d96adafa8f92721?s=96&d=mm&r=g\",\"contentUrl\":\"https:\/\/secure.gravatar.com\/avatar\/dabba4346fa9b9207d96adafa8f92721?s=96&d=mm&r=g\",\"caption\":\"Jordan Leandro Oviedo Anzola\"},\"url\":\"https:\/\/www.fiscalia.gov.co\/colombia\/author\/joviedo\/\"}]}<\/script>\n<!-- \/ Yoast SEO plugin. -->","yoast_head_json":{"title":"Fiscal\u00eda General de la Naci\u00f3n","description":"P\u00e1gina oficial de la Fiscal\u00eda General de la Naci\u00f3n \u2013 Colombia. Garantizamos el acceso efectivo a la justicia, la verdad y la reparaci\u00f3n de las v\u00edctimas de los delitos.","robots":{"index":"noindex","follow":"follow"},"og_locale":"es_ES","og_type":"article","og_title":"Fiscal\u00eda General de la Naci\u00f3n","og_description":"P\u00e1gina oficial de la Fiscal\u00eda General de la Naci\u00f3n \u2013 Colombia. Garantizamos el acceso efectivo a la justicia, la verdad y la reparaci\u00f3n de las v\u00edctimas de los delitos.","og_url":"https:\/\/www.fiscalia.gov.co\/colombia\/noticias\/asegurados-tres-hermanos-que-habrian-abusado-sexualmente-a-una-mujer-indigena-en-zona-rural-de-arauca\/","og_site_name":"Fiscal\u00eda General de la Naci\u00f3n","article_publisher":"https:\/\/www.facebook.com\/FiscaliaCol","article_published_time":"2023-06-04T14:34:47+00:00","article_modified_time":"2023-06-14T14:32:29+00:00","og_image":[{"url":"https:\/\/www.fiscalia.gov.co\/colombia\/wp-content\/uploads\/Deimer-Nino-Villamizar-judicializado-por-acceso-carnal-violento-agravado-y-secuestro-simple.jpg","type":"","width":"","height":""}],"author":"Jordan Leandro Oviedo Anzola","twitter_card":"summary_large_image","twitter_creator":"@FiscaliaCol","twitter_site":"@FiscaliaCol","twitter_misc":{"Escrito por":"Jordan Leandro Oviedo Anzola","Tiempo de lectura":"2 minutos"},"schema":{"@context":"https:\/\/schema.org","@graph":[{"@type":"Article","@id":"https:\/\/www.fiscalia.gov.co\/colombia\/noticias\/asegurados-tres-hermanos-que-habrian-abusado-sexualmente-a-una-mujer-indigena-en-zona-rural-de-arauca\/#article","isPartOf":{"@id":"https:\/\/www.fiscalia.gov.co\/colombia\/noticias\/asegurados-tres-hermanos-que-habrian-abusado-sexualmente-a-una-mujer-indigena-en-zona-rural-de-arauca\/"},"author":{"name":"Jordan Leandro Oviedo Anzola","@id":"https:\/\/www.fiscalia.gov.co\/colombia\/#\/schema\/person\/bf84402cf293a5393e9c70b111020b24"},"headline":"Asegurados tres hermanos que habr\u00edan abusado sexualmente a una mujer ind\u00edgena en zona rural de Arauca","datePublished":"2023-06-04T14:34:47+00:00","dateModified":"2023-06-14T14:32:29+00:00","mainEntityOfPage":{"@id":"https:\/\/www.fiscalia.gov.co\/colombia\/noticias\/asegurados-tres-hermanos-que-habrian-abusado-sexualmente-a-una-mujer-indigena-en-zona-rural-de-arauca\/"},"wordCount":420,"publisher":{"@id":"https:\/\/www.fiscalia.gov.co\/colombia\/#organization"},"image":{"@id":"https:\/\/www.fiscalia.gov.co\/colombia\/noticias\/asegurados-tres-hermanos-que-habrian-abusado-sexualmente-a-una-mujer-indigena-en-zona-rural-de-arauca\/#primaryimage"},"thumbnailUrl":"https:\/\/www.fiscalia.gov.co\/colombia\/wp-content\/uploads\/Deimer-Nino-Villamizar-judicializado-por-acceso-carnal-violento-agravado-y-secuestro-simple.jpg","keywords":["Abuso sexual","Arauca (Arauca)","comunidad ind\u00edgena","Fiscal Barbosa","Fiscal\u00eda General de la Naci\u00f3n","mujer indigena","Violencia sexual"],"articleSection":["Noticias","Seccional Arauca","Seccionales"],"inLanguage":"es-CO"},{"@type":"WebPage","@id":"https:\/\/www.fiscalia.gov.co\/colombia\/noticias\/asegurados-tres-hermanos-que-habrian-abusado-sexualmente-a-una-mujer-indigena-en-zona-rural-de-arauca\/","url":"https:\/\/www.fiscalia.gov.co\/colombia\/noticias\/asegurados-tres-hermanos-que-habrian-abusado-sexualmente-a-una-mujer-indigena-en-zona-rural-de-arauca\/","name":"Fiscal\u00eda General de la Naci\u00f3n","isPartOf":{"@id":"https:\/\/www.fiscalia.gov.co\/colombia\/#website"},"primaryImageOfPage":{"@id":"https:\/\/www.fiscalia.gov.co\/colombia\/noticias\/asegurados-tres-hermanos-que-habrian-abusado-sexualmente-a-una-mujer-indigena-en-zona-rural-de-arauca\/#primaryimage"},"image":{"@id":"https:\/\/www.fiscalia.gov.co\/colombia\/noticias\/asegurados-tres-hermanos-que-habrian-abusado-sexualmente-a-una-mujer-indigena-en-zona-rural-de-arauca\/#primaryimage"},"thumbnailUrl":"https:\/\/www.fiscalia.gov.co\/colombia\/wp-content\/uploads\/Deimer-Nino-Villamizar-judicializado-por-acceso-carnal-violento-agravado-y-secuestro-simple.jpg","datePublished":"2023-06-04T14:34:47+00:00","dateModified":"2023-06-14T14:32:29+00:00","description":"P\u00e1gina oficial de la Fiscal\u00eda General de la Naci\u00f3n \u2013 Colombia. Garantizamos el acceso efectivo a la justicia, la verdad y la reparaci\u00f3n de las v\u00edctimas de los delitos.","breadcrumb":{"@id":"https:\/\/www.fiscalia.gov.co\/colombia\/noticias\/asegurados-tres-hermanos-que-habrian-abusado-sexualmente-a-una-mujer-indigena-en-zona-rural-de-arauca\/#breadcrumb"},"inLanguage":"es-CO","potentialAction":[{"@type":"ReadAction","target":["https:\/\/www.fiscalia.gov.co\/colombia\/noticias\/asegurados-tres-hermanos-que-habrian-abusado-sexualmente-a-una-mujer-indigena-en-zona-rural-de-arauca\/"]}]},{"@type":"ImageObject","inLanguage":"es-CO","@id":"https:\/\/www.fiscalia.gov.co\/colombia\/noticias\/asegurados-tres-hermanos-que-habrian-abusado-sexualmente-a-una-mujer-indigena-en-zona-rural-de-arauca\/#primaryimage","url":"https:\/\/www.fiscalia.gov.co\/colombia\/wp-content\/uploads\/Deimer-Nino-Villamizar-judicializado-por-acceso-carnal-violento-agravado-y-secuestro-simple.jpg","contentUrl":"https:\/\/www.fiscalia.gov.co\/colombia\/wp-content\/uploads\/Deimer-Nino-Villamizar-judicializado-por-acceso-carnal-violento-agravado-y-secuestro-simple.jpg","width":466,"height":349,"caption":"El procesado habr\u00eda secuestrado y accedido sexualmente a una mujer del resguardo ind\u00edgena Los Iguanitos, ubicado en el corregimiento Puerto Jord\u00e1n de Arauca (Arauca)."},{"@type":"BreadcrumbList","@id":"https:\/\/www.fiscalia.gov.co\/colombia\/noticias\/asegurados-tres-hermanos-que-habrian-abusado-sexualmente-a-una-mujer-indigena-en-zona-rural-de-arauca\/#breadcrumb","itemListElement":[{"@type":"ListItem","position":1,"name":"Home","item":"https:\/\/www.fiscalia.gov.co\/colombia\/"},{"@type":"ListItem","position":2,"name":"Asegurados tres hermanos que habr\u00edan abusado sexualmente a una mujer ind\u00edgena en zona rural de Arauca"}]},{"@type":"WebSite","@id":"https:\/\/www.fiscalia.gov.co\/colombia\/#website","url":"https:\/\/www.fiscalia.gov.co\/colombia\/","name":"Fiscal\u00eda General de la Naci\u00f3n","description":"P\u00e1gina oficial de la Fiscal\u00eda General de la Naci\u00f3n \u2013 Colombia. Garantizamos el acceso efectivo a la justicia, la verdad y la reparaci\u00f3n de las v\u00edctimas de los delitos.","publisher":{"@id":"https:\/\/www.fiscalia.gov.co\/colombia\/#organization"},"potentialAction":[{"@type":"SearchAction","target":{"@type":"EntryPoint","urlTemplate":"https:\/\/www.fiscalia.gov.co\/colombia\/?s={search_term_string}"},"query-input":{"@type":"PropertyValueSpecification","valueRequired":true,"valueName":"search_term_string"}}],"inLanguage":"es-CO"},{"@type":"Organization","@id":"https:\/\/www.fiscalia.gov.co\/colombia\/#organization","name":"Fiscal\u00eda General de la Naci\u00f3n","url":"https:\/\/www.fiscalia.gov.co\/colombia\/","logo":{"@type":"ImageObject","inLanguage":"es-CO","@id":"https:\/\/www.fiscalia.gov.co\/colombia\/#\/schema\/logo\/image\/","url":"https:\/\/www.fiscalia.gov.co\/colombia\/wp-content\/uploads\/LogoHorizontal_1.jpg","contentUrl":"https:\/\/www.fiscalia.gov.co\/colombia\/wp-content\/uploads\/LogoHorizontal_1.jpg","width":300,"height":90,"caption":"Fiscal\u00eda General de la Naci\u00f3n"},"image":{"@id":"https:\/\/www.fiscalia.gov.co\/colombia\/#\/schema\/logo\/image\/"},"sameAs":["https:\/\/www.facebook.com\/FiscaliaCol","https:\/\/x.com\/FiscaliaCol","https:\/\/www.instagram.com\/fiscaliacol","https:\/\/www.linkedin.com\/company\/fiscalia-general-de-la-naci-n\/","https:\/\/youtube.com\/@fiscaliageneraldelanacion-4668?si=6nN79nyQICPU5iTh"]},{"@type":"Person","@id":"https:\/\/www.fiscalia.gov.co\/colombia\/#\/schema\/person\/bf84402cf293a5393e9c70b111020b24","name":"Jordan Leandro Oviedo Anzola","image":{"@type":"ImageObject","inLanguage":"es-CO","@id":"https:\/\/www.fiscalia.gov.co\/colombia\/#\/schema\/person\/image\/","url":"https:\/\/secure.gravatar.com\/avatar\/dabba4346fa9b9207d96adafa8f92721?s=96&d=mm&r=g","contentUrl":"https:\/\/secure.gravatar.com\/avatar\/dabba4346fa9b9207d96adafa8f92721?s=96&d=mm&r=g","caption":"Jordan Leandro Oviedo Anzola"},"url":"https:\/\/www.fiscalia.gov.co\/colombia\/author\/joviedo\/"}]}},"_links":{"self":[{"href":"https:\/\/www.fiscalia.gov.co\/colombia\/wp-json\/wp\/v2\/posts\/272649","targetHints":{"allow":["GET"]}}],"collection":[{"href":"https:\/\/www.fiscalia.gov.co\/colombia\/wp-json\/wp\/v2\/posts"}],"about":[{"href":"https:\/\/www.fiscalia.gov.co\/colombia\/wp-json\/wp\/v2\/types\/post"}],"author":[{"embeddable":true,"href":"https:\/\/www.fiscalia.gov.co\/colombia\/wp-json\/wp\/v2\/users\/177"}],"replies":[{"embeddable":true,"href":"https:\/\/www.fiscalia.gov.co\/colombia\/wp-json\/wp\/v2\/comments?post=272649"}],"version-history":[{"count":1,"href":"https:\/\/www.fiscalia.gov.co\/colombia\/wp-json\/wp\/v2\/posts\/272649\/revisions"}],"predecessor-version":[{"id":272651,"href":"https:\/\/www.fiscalia.gov.co\/colombia\/wp-json\/wp\/v2\/posts\/272649\/revisions\/272651"}],"wp:attachment":[{"href":"https:\/\/www.fiscalia.gov.co\/colombia\/wp-json\/wp\/v2\/media?parent=272649"}],"wp:term":[{"taxonomy":"category","embeddable":true,"href":"https:\/\/www.fiscalia.gov.co\/colombia\/wp-json\/wp\/v2\/categories?post=272649"},{"taxonomy":"post_tag","embeddable":true,"href":"https:\/\/www.fiscalia.gov.co\/colombia\/wp-json\/wp\/v2\/tags?post=272649"}],"curies":[{"name":"wp","href":"https:\/\/api.w.org\/{rel}","templated":true}]}}