{"id":272403,"date":"2023-05-30T16:39:42","date_gmt":"2023-05-30T21:39:42","guid":{"rendered":"https:\/\/www.fiscalia.gov.co\/colombia\/?p=272403"},"modified":"2023-05-30T16:39:42","modified_gmt":"2023-05-30T21:39:42","slug":"carcel-para-un-hombre-que-habria-participado-en-el-homicidio-de-padre-e-hijo-en-el-sector-de-paso-eganao-en-puerto-carreno-vichada","status":"publish","type":"post","link":"https:\/\/www.fiscalia.gov.co\/colombia\/noticias\/carcel-para-un-hombre-que-habria-participado-en-el-homicidio-de-padre-e-hijo-en-el-sector-de-paso-eganao-en-puerto-carreno-vichada\/","title":{"rendered":"C\u00e1rcel para un hombre que habr\u00eda participado en el homicidio de padre e hijo en el sector de Paso E&#8217;ganao, en Puerto Carre\u00f1o, Vichada"},"content":{"rendered":"<p style=\"font-weight: 400;\">El material probatorio recopilado por los investigadores y un Fiscal de la Seccional Vichada, permiti\u00f3 establecer que <strong>Leonardo Fabio Alvarado D\u00edaz\u00a0<\/strong>ser\u00eda uno de los presuntos responsables del\u00a0<strong><a href=\"https:\/\/www.fiscalia.gov.co\/colombia\/noticias\/a-la-carcel-hombre-investigado-por-homicidio-agravado-y-tentativa-de-feminicidio-agravado\/\" data-saferedirecturl=\"https:\/\/www.google.com\/url?q=https:\/\/www.fiscalia.gov.co\/colombia\/noticias\/a-la-carcel-hombre-investigado-por-homicidio-agravado-y-tentativa-de-feminicidio-agravado\/&amp;source=gmail&amp;ust=1685567519154000&amp;usg=AOvVaw0DzH5vVKfBf4d2ZdFF0yoC\">homicidio<\/a><\/strong>\u00a0de dos personas en el punto conocido como Paso\u00a0e&#8217; Ganao, en zona rural del municipio de Puerto Carre\u00f1o (Vichada).<\/p>\n<p style=\"font-weight: 400;\">Los hechos que investiga el ente acusador sucedieron el 7 de noviembre del 2021, cuando seg\u00fan el relato de la esposa y madre de las v\u00edctimas, dos hombres llegaron hasta el establecimiento y solicitaron dos cervezas, y luego de haber transcurrido poco tiempo, se levantaron y\u00a0<strong>Leonardo Fabio Alvarado D\u00edaz al parecer,\u00a0<\/strong>habr\u00eda dado la orden de\u00a0<strong><a href=\"https:\/\/www.fiscalia.gov.co\/colombia\/noticias\/carcel-para-tres-personas-entre-ellos-un-indigena-senalados-del-delito-de-homicidio-agravado-y-extorsion-en-dos-hechos-aislados\/\" data-saferedirecturl=\"https:\/\/www.google.com\/url?q=https:\/\/www.fiscalia.gov.co\/colombia\/noticias\/carcel-para-tres-personas-entre-ellos-un-indigena-senalados-del-delito-de-homicidio-agravado-y-extorsion-en-dos-hechos-aislados\/&amp;source=gmail&amp;ust=1685567519154000&amp;usg=AOvVaw2FS4k5PFvlbC4T9ZcnUl5T\">asesinar<\/a><\/strong>\u00a0con arma de fuego a Roosevelt Jaime Chavita Vera y a su hijo Roosevelt Jaime Chavita Zambrano quien era menor de edad.<\/p>\n<figure id=\"attachment_272405\" aria-describedby=\"caption-attachment-272405\" style=\"width: 375px\" class=\"wp-caption aligncenter\"><img loading=\"lazy\" decoding=\"async\" class=\" wp-image-272405\" src=\"https:\/\/www.fiscalia.gov.co\/colombia\/wp-content\/uploads\/FOTO-ANIJUUQYERGCV-300x225.jpg\" alt=\"El capturado est\u00e1 de espalda, se encuentra esposado y custodiado por dos uniformados de la polic\u00eda nacional.\" width=\"375\" height=\"281\" srcset=\"https:\/\/www.fiscalia.gov.co\/colombia\/wp-content\/uploads\/FOTO-ANIJUUQYERGCV-300x225.jpg 300w, https:\/\/www.fiscalia.gov.co\/colombia\/wp-content\/uploads\/FOTO-ANIJUUQYERGCV-1024x768.jpg 1024w, https:\/\/www.fiscalia.gov.co\/colombia\/wp-content\/uploads\/FOTO-ANIJUUQYERGCV-768x576.jpg 768w, https:\/\/www.fiscalia.gov.co\/colombia\/wp-content\/uploads\/FOTO-ANIJUUQYERGCV-1536x1152.jpg 1536w, https:\/\/www.fiscalia.gov.co\/colombia\/wp-content\/uploads\/FOTO-ANIJUUQYERGCV-696x522.jpg 696w, https:\/\/www.fiscalia.gov.co\/colombia\/wp-content\/uploads\/FOTO-ANIJUUQYERGCV-1068x801.jpg 1068w, https:\/\/www.fiscalia.gov.co\/colombia\/wp-content\/uploads\/FOTO-ANIJUUQYERGCV-560x420.jpg 560w, https:\/\/www.fiscalia.gov.co\/colombia\/wp-content\/uploads\/FOTO-ANIJUUQYERGCV-80x60.jpg 80w, https:\/\/www.fiscalia.gov.co\/colombia\/wp-content\/uploads\/FOTO-ANIJUUQYERGCV-265x198.jpg 265w, https:\/\/www.fiscalia.gov.co\/colombia\/wp-content\/uploads\/FOTO-ANIJUUQYERGCV.jpg 1600w\" sizes=\"auto, (max-width: 375px) 100vw, 375px\" \/><figcaption id=\"caption-attachment-272405\" class=\"wp-caption-text\">Leonardo Fabio Alvarado D\u00edaz fue capturado en el departamento de Boyac\u00e1 como presunto responsable de los delitos de homicidio agravado concurso porte ilegal de armas, el juez acogi\u00f3 la petici\u00f3n de la Fiscal\u00eda y lo envi\u00f3 a la c\u00e1rcel.<\/figcaption><\/figure>\n<p style=\"font-weight: 400;\">El seguimiento de este hombre, permiti\u00f3 ubicarlo en el municipio de Chiquinquir\u00e1 (Boyac\u00e1), lugar donde se hizo efectiva la orden de captura que pesaba en su contra, por parte de miembros de la Fiscal\u00eda con el apoyo de uniformados de la Polic\u00eda.<\/p>\n<p style=\"font-weight: 400;\">La Fiscal\u00eda lo imput\u00f3 como presunto responsable de los delitos de\u00a0<strong>homicidio agravado concurso\u00a0<a href=\"https:\/\/www.fiscalia.gov.co\/colombia\/noticias\/enviados-a-la-carcel-cuatro-personas-senaladas-del-delito-de-porte-ilegal-de-armas-y-municiones-de-uso-privativo\/\" data-saferedirecturl=\"https:\/\/www.google.com\/url?q=https:\/\/www.fiscalia.gov.co\/colombia\/noticias\/enviados-a-la-carcel-cuatro-personas-senaladas-del-delito-de-porte-ilegal-de-armas-y-municiones-de-uso-privativo\/&amp;source=gmail&amp;ust=1685567519154000&amp;usg=AOvVaw2ZqtqGK4URft_6fYjryDtx\">porte ilegal de armas<\/a>,\u00a0<\/strong>cargos que no acept\u00f3, no obstante, el juez del caso legaliz\u00f3 su captura y accedi\u00f3 a la petici\u00f3n del ente acusador de dictar\u00a0<strong>medida carcelaria<\/strong>\u00a0en su contra.<\/p>\n<p style=\"font-weight: 400;\">\u00a0Esta informaci\u00f3n se publica por razones de inter\u00e9s general.<\/p>\n<p style=\"font-weight: 400;\"><strong>La Fiscal\u00eda habla con resultados.<\/strong><\/p>\n<p style=\"font-weight: 400;\">\n<p style=\"font-weight: 400;\">LAZL\/FAGH\/CMCHC\/DSV\/<\/p>\n<p style=\"font-weight: 400;\">\n<p>&nbsp;<\/p>\n<p>&nbsp;<\/p>\n<p>Le puede interesar:<\/p>\n<p>&nbsp;<\/p>\n<p><a href=\"https:\/\/www.fiscalia.gov.co\/colombia\/noticias\/a-la-carcel-hombre-investigado-por-homicidio-agravado-y-tentativa-de-feminicidio-agravado\/\" target=\"_blank\" rel=\"noopener\" data-saferedirecturl=\"https:\/\/www.google.com\/url?q=https:\/\/www.fiscalia.gov.co\/colombia\/noticias\/a-la-carcel-hombre-investigado-por-homicidio-agravado-y-tentativa-de-feminicidio-agravado\/&amp;source=gmail&amp;ust=1685567519154000&amp;usg=AOvVaw0DzH5vVKfBf4d2ZdFF0yoC\">https:\/\/www.fiscalia.gov.co\/<wbr \/>colombia\/noticias\/a-la-carcel-<wbr \/>hombre-investigado-por-<wbr \/>homicidio-agravado-y-<wbr \/>tentativa-de-feminicidio-<wbr \/>agravado\/<\/a><\/p>\n<p>&nbsp;<\/p>\n<p><u><a href=\"https:\/\/www.fiscalia.gov.co\/colombia\/noticias\/carcel-para-tres-personas-entre-ellos-un-indigena-senalados-del-delito-de-homicidio-agravado-y-extorsion-en-dos-hechos-aislados\/\" target=\"_blank\" rel=\"noopener\" data-saferedirecturl=\"https:\/\/www.google.com\/url?q=https:\/\/www.fiscalia.gov.co\/colombia\/noticias\/carcel-para-tres-personas-entre-ellos-un-indigena-senalados-del-delito-de-homicidio-agravado-y-extorsion-en-dos-hechos-aislados\/&amp;source=gmail&amp;ust=1685567519154000&amp;usg=AOvVaw2FS4k5PFvlbC4T9ZcnUl5T\">https:\/\/www.fiscalia.gov.co\/<wbr \/>colombia\/noticias\/carcel-para-<wbr \/>tres-personas-entre-ellos-un-<wbr \/>indigena-senalados-del-delito-<wbr \/>de-homicidio-agravado-y-<wbr \/>extorsion-en-dos-hechos-<wbr \/>aislados\/<\/a><\/u><u><\/u><\/p>\n<p><u>\u00a0<\/u><\/p>\n<p><u><a href=\"https:\/\/www.fiscalia.gov.co\/colombia\/noticias\/enviados-a-la-carcel-cuatro-personas-senaladas-del-delito-de-porte-ilegal-de-armas-y-municiones-de-uso-privativo\/\" target=\"_blank\" rel=\"noopener\" data-saferedirecturl=\"https:\/\/www.google.com\/url?q=https:\/\/www.fiscalia.gov.co\/colombia\/noticias\/enviados-a-la-carcel-cuatro-personas-senaladas-del-delito-de-porte-ilegal-de-armas-y-municiones-de-uso-privativo\/&amp;source=gmail&amp;ust=1685567519154000&amp;usg=AOvVaw2ZqtqGK4URft_6fYjryDtx\">https:\/\/www.fiscalia.gov.co\/<wbr \/>colombia\/noticias\/enviados-a-<wbr \/>la-carcel-cuatro-personas-<wbr \/>senaladas-del-delito-de-porte-<wbr \/>ilegal-de-armas-y-municiones-<wbr \/>de-uso-privativo\/<\/a><\/u><\/p>\n<p>&nbsp;<\/p>\n<p>&nbsp;<\/p>\n<p style=\"font-weight: 400;\">\n<p style=\"font-weight: 400;\"><em>La informaci\u00f3n contenida en este bolet\u00edn de prensa corresponde a la narraci\u00f3n de los hechos noticiosos objetivos, suministrados por los funcionarios encargados de adelantar las investigaciones penales al interior de la Fiscal\u00eda General de la Naci\u00f3n. Para el momento de la divulgaci\u00f3n de este comunicado, la situaci\u00f3n jur\u00eddica de la(s) persona(s) relacionada(s) se encuentra pendiente de resolver por la autoridad judicial competente, siempre bajo los preceptos de la presunci\u00f3n de inocencia, consagrados en el art\u00edculo 29 de la Constituci\u00f3n Pol\u00edtica y el art\u00edculo 7\u00ba de la Ley 906 de 2004.<\/em><\/p>\n<p style=\"font-weight: 400;\">\n\n<div class=\"twitter-share\"><a href=\"https:\/\/twitter.com\/intent\/tweet?via=fiscaliacol\" class=\"twitter-share-button\">Tweet<\/a><\/div>\n","protected":false},"excerpt":{"rendered":"<p>El material probatorio recopilado por los investigadores y un Fiscal de la Seccional Vichada, permiti\u00f3 establecer que Leonardo Fabio Alvarado D\u00edaz\u00a0ser\u00eda uno de los presuntos responsables del\u00a0homicidio\u00a0de dos personas en el punto conocido como Paso\u00a0e&#8217; Ganao, en zona rural del municipio de Puerto Carre\u00f1o (Vichada). Los hechos que investiga el ente acusador sucedieron el 7 [&hellip;]<\/p>\n","protected":false},"author":178,"featured_media":0,"comment_status":"closed","ping_status":"open","sticky":false,"template":"","format":"standard","meta":{"_price":"","_stock":"","_tribe_ticket_header":"","_tribe_default_ticket_provider":"","_tribe_ticket_capacity":"0","_ticket_start_date":"","_ticket_end_date":"","_tribe_ticket_show_description":"","_tribe_ticket_show_not_going":false,"_tribe_ticket_use_global_stock":"","_tribe_ticket_global_stock_level":"","_global_stock_mode":"","_global_stock_cap":"","_tribe_rsvp_for_event":"","_tribe_ticket_going_count":"","_tribe_ticket_not_going_count":"","_tribe_tickets_list":"[]","_tribe_ticket_has_attendee_info_fields":false,"tdm_status":"","tdm_grid_status":"","footnotes":""},"categories":[1,12637,303,24099],"tags":[924,1047,34757,1185,31918],"class_list":{"0":"post-272403","1":"post","2":"type-post","3":"status-publish","4":"format-standard","6":"category-noticias","7":"category-seccional-vichada","8":"category-seccionales","9":"category-seguridad-territorial","10":"tag-captura","11":"tag-fiscalia-general-de-la-nacion","12":"tag-homicidio-agravado-concurso-porte-ilegal-de-armas","13":"tag-medida-de-aseguramiento","14":"tag-puerto-carreno-vichada"},"yoast_head":"<!-- This site is optimized with the Yoast SEO plugin v24.3 - https:\/\/yoast.com\/wordpress\/plugins\/seo\/ -->\n<title>Fiscal\u00eda General de la Naci\u00f3n<\/title>\n<meta name=\"description\" content=\"P\u00e1gina oficial de la Fiscal\u00eda General de la Naci\u00f3n \u2013 Colombia. Garantizamos el acceso efectivo a la justicia, la verdad y la reparaci\u00f3n de las v\u00edctimas de los delitos.\" \/>\n<meta name=\"robots\" content=\"noindex, follow\" \/>\n<meta property=\"og:locale\" content=\"es_ES\" \/>\n<meta property=\"og:type\" content=\"article\" \/>\n<meta property=\"og:title\" content=\"Fiscal\u00eda General de la Naci\u00f3n\" \/>\n<meta property=\"og:description\" content=\"P\u00e1gina oficial de la Fiscal\u00eda General de la Naci\u00f3n \u2013 Colombia. Garantizamos el acceso efectivo a la justicia, la verdad y la reparaci\u00f3n de las v\u00edctimas de los delitos.\" \/>\n<meta property=\"og:url\" content=\"https:\/\/www.fiscalia.gov.co\/colombia\/noticias\/carcel-para-un-hombre-que-habria-participado-en-el-homicidio-de-padre-e-hijo-en-el-sector-de-paso-eganao-en-puerto-carreno-vichada\/\" \/>\n<meta property=\"og:site_name\" content=\"Fiscal\u00eda General de la Naci\u00f3n\" \/>\n<meta property=\"article:publisher\" content=\"https:\/\/www.facebook.com\/FiscaliaCol\" \/>\n<meta property=\"article:published_time\" content=\"2023-05-30T21:39:42+00:00\" \/>\n<meta property=\"og:image\" content=\"https:\/\/www.fiscalia.gov.co\/colombia\/wp-content\/uploads\/FOTO-ANIJUUQYERGCV-300x225.jpg\" \/>\n<meta name=\"author\" content=\"Winnie Geraldine Rodr\u00edguez Navarrete\" \/>\n<meta name=\"twitter:card\" content=\"summary_large_image\" \/>\n<meta name=\"twitter:creator\" content=\"@FiscaliaCol\" \/>\n<meta name=\"twitter:site\" content=\"@FiscaliaCol\" \/>\n<meta name=\"twitter:label1\" content=\"Escrito por\" \/>\n\t<meta name=\"twitter:data1\" content=\"Winnie Geraldine Rodr\u00edguez Navarrete\" \/>\n\t<meta name=\"twitter:label2\" content=\"Tiempo de lectura\" \/>\n\t<meta name=\"twitter:data2\" content=\"2 minutos\" \/>\n<script type=\"application\/ld+json\" class=\"yoast-schema-graph\">{\"@context\":\"https:\/\/schema.org\",\"@graph\":[{\"@type\":\"Article\",\"@id\":\"https:\/\/www.fiscalia.gov.co\/colombia\/noticias\/carcel-para-un-hombre-que-habria-participado-en-el-homicidio-de-padre-e-hijo-en-el-sector-de-paso-eganao-en-puerto-carreno-vichada\/#article\",\"isPartOf\":{\"@id\":\"https:\/\/www.fiscalia.gov.co\/colombia\/noticias\/carcel-para-un-hombre-que-habria-participado-en-el-homicidio-de-padre-e-hijo-en-el-sector-de-paso-eganao-en-puerto-carreno-vichada\/\"},\"author\":{\"name\":\"Winnie Geraldine Rodr\u00edguez Navarrete\",\"@id\":\"https:\/\/www.fiscalia.gov.co\/colombia\/#\/schema\/person\/176195b99ebab0a52aafa15197e1bf80\"},\"headline\":\"C\u00e1rcel para un hombre que habr\u00eda participado en el homicidio de padre e hijo en el sector de Paso E&#8217;ganao, en Puerto Carre\u00f1o, Vichada\",\"datePublished\":\"2023-05-30T21:39:42+00:00\",\"dateModified\":\"2023-05-30T21:39:42+00:00\",\"mainEntityOfPage\":{\"@id\":\"https:\/\/www.fiscalia.gov.co\/colombia\/noticias\/carcel-para-un-hombre-que-habria-participado-en-el-homicidio-de-padre-e-hijo-en-el-sector-de-paso-eganao-en-puerto-carreno-vichada\/\"},\"wordCount\":459,\"publisher\":{\"@id\":\"https:\/\/www.fiscalia.gov.co\/colombia\/#organization\"},\"image\":{\"@id\":\"https:\/\/www.fiscalia.gov.co\/colombia\/noticias\/carcel-para-un-hombre-que-habria-participado-en-el-homicidio-de-padre-e-hijo-en-el-sector-de-paso-eganao-en-puerto-carreno-vichada\/#primaryimage\"},\"thumbnailUrl\":\"https:\/\/www.fiscalia.gov.co\/colombia\/wp-content\/uploads\/FOTO-ANIJUUQYERGCV-300x225.jpg\",\"keywords\":[\"Captura\",\"Fiscal\u00eda General de la Naci\u00f3n\",\"homicidio agravado concurso porte ilegal de armas\",\"Medida de aseguramiento\",\"Puerto Carre\u00f1o (Vichada)\"],\"articleSection\":[\"Noticias\",\"Seccional Vichada\",\"Seccionales\",\"Seguridad territorial\"],\"inLanguage\":\"es-CO\"},{\"@type\":\"WebPage\",\"@id\":\"https:\/\/www.fiscalia.gov.co\/colombia\/noticias\/carcel-para-un-hombre-que-habria-participado-en-el-homicidio-de-padre-e-hijo-en-el-sector-de-paso-eganao-en-puerto-carreno-vichada\/\",\"url\":\"https:\/\/www.fiscalia.gov.co\/colombia\/noticias\/carcel-para-un-hombre-que-habria-participado-en-el-homicidio-de-padre-e-hijo-en-el-sector-de-paso-eganao-en-puerto-carreno-vichada\/\",\"name\":\"Fiscal\u00eda General de la Naci\u00f3n\",\"isPartOf\":{\"@id\":\"https:\/\/www.fiscalia.gov.co\/colombia\/#website\"},\"primaryImageOfPage\":{\"@id\":\"https:\/\/www.fiscalia.gov.co\/colombia\/noticias\/carcel-para-un-hombre-que-habria-participado-en-el-homicidio-de-padre-e-hijo-en-el-sector-de-paso-eganao-en-puerto-carreno-vichada\/#primaryimage\"},\"image\":{\"@id\":\"https:\/\/www.fiscalia.gov.co\/colombia\/noticias\/carcel-para-un-hombre-que-habria-participado-en-el-homicidio-de-padre-e-hijo-en-el-sector-de-paso-eganao-en-puerto-carreno-vichada\/#primaryimage\"},\"thumbnailUrl\":\"https:\/\/www.fiscalia.gov.co\/colombia\/wp-content\/uploads\/FOTO-ANIJUUQYERGCV-300x225.jpg\",\"datePublished\":\"2023-05-30T21:39:42+00:00\",\"dateModified\":\"2023-05-30T21:39:42+00:00\",\"description\":\"P\u00e1gina oficial de la Fiscal\u00eda General de la Naci\u00f3n \u2013 Colombia. Garantizamos el acceso efectivo a la justicia, la verdad y la reparaci\u00f3n de las v\u00edctimas de los delitos.\",\"breadcrumb\":{\"@id\":\"https:\/\/www.fiscalia.gov.co\/colombia\/noticias\/carcel-para-un-hombre-que-habria-participado-en-el-homicidio-de-padre-e-hijo-en-el-sector-de-paso-eganao-en-puerto-carreno-vichada\/#breadcrumb\"},\"inLanguage\":\"es-CO\",\"potentialAction\":[{\"@type\":\"ReadAction\",\"target\":[\"https:\/\/www.fiscalia.gov.co\/colombia\/noticias\/carcel-para-un-hombre-que-habria-participado-en-el-homicidio-de-padre-e-hijo-en-el-sector-de-paso-eganao-en-puerto-carreno-vichada\/\"]}]},{\"@type\":\"ImageObject\",\"inLanguage\":\"es-CO\",\"@id\":\"https:\/\/www.fiscalia.gov.co\/colombia\/noticias\/carcel-para-un-hombre-que-habria-participado-en-el-homicidio-de-padre-e-hijo-en-el-sector-de-paso-eganao-en-puerto-carreno-vichada\/#primaryimage\",\"url\":\"https:\/\/www.fiscalia.gov.co\/colombia\/wp-content\/uploads\/FOTO-ANIJUUQYERGCV.jpg\",\"contentUrl\":\"https:\/\/www.fiscalia.gov.co\/colombia\/wp-content\/uploads\/FOTO-ANIJUUQYERGCV.jpg\",\"width\":1600,\"height\":1200,\"caption\":\"Leonardo Fabio Alvarado D\u00edaz fue capturado en el departamento de Boyac\u00e1 como presunto responsable de los delitos de homicidio agravado concurso porte ilegal de armas, el juez acogi\u00f3 la petici\u00f3n de la Fiscal\u00eda y lo envi\u00f3 a la c\u00e1rcel.\"},{\"@type\":\"BreadcrumbList\",\"@id\":\"https:\/\/www.fiscalia.gov.co\/colombia\/noticias\/carcel-para-un-hombre-que-habria-participado-en-el-homicidio-de-padre-e-hijo-en-el-sector-de-paso-eganao-en-puerto-carreno-vichada\/#breadcrumb\",\"itemListElement\":[{\"@type\":\"ListItem\",\"position\":1,\"name\":\"Home\",\"item\":\"https:\/\/www.fiscalia.gov.co\/colombia\/\"},{\"@type\":\"ListItem\",\"position\":2,\"name\":\"C\u00e1rcel para un hombre que habr\u00eda participado en el homicidio de padre e hijo en el sector de Paso E&#8217;ganao, en Puerto Carre\u00f1o, Vichada\"}]},{\"@type\":\"WebSite\",\"@id\":\"https:\/\/www.fiscalia.gov.co\/colombia\/#website\",\"url\":\"https:\/\/www.fiscalia.gov.co\/colombia\/\",\"name\":\"Fiscal\u00eda General de la Naci\u00f3n\",\"description\":\"P\u00e1gina oficial de la Fiscal\u00eda General de la Naci\u00f3n \u2013 Colombia. Garantizamos el acceso efectivo a la justicia, la verdad y la reparaci\u00f3n de las v\u00edctimas de los delitos.\",\"publisher\":{\"@id\":\"https:\/\/www.fiscalia.gov.co\/colombia\/#organization\"},\"potentialAction\":[{\"@type\":\"SearchAction\",\"target\":{\"@type\":\"EntryPoint\",\"urlTemplate\":\"https:\/\/www.fiscalia.gov.co\/colombia\/?s={search_term_string}\"},\"query-input\":{\"@type\":\"PropertyValueSpecification\",\"valueRequired\":true,\"valueName\":\"search_term_string\"}}],\"inLanguage\":\"es-CO\"},{\"@type\":\"Organization\",\"@id\":\"https:\/\/www.fiscalia.gov.co\/colombia\/#organization\",\"name\":\"Fiscal\u00eda General de la Naci\u00f3n\",\"url\":\"https:\/\/www.fiscalia.gov.co\/colombia\/\",\"logo\":{\"@type\":\"ImageObject\",\"inLanguage\":\"es-CO\",\"@id\":\"https:\/\/www.fiscalia.gov.co\/colombia\/#\/schema\/logo\/image\/\",\"url\":\"https:\/\/www.fiscalia.gov.co\/colombia\/wp-content\/uploads\/LogoHorizontal_1.jpg\",\"contentUrl\":\"https:\/\/www.fiscalia.gov.co\/colombia\/wp-content\/uploads\/LogoHorizontal_1.jpg\",\"width\":300,\"height\":90,\"caption\":\"Fiscal\u00eda General de la Naci\u00f3n\"},\"image\":{\"@id\":\"https:\/\/www.fiscalia.gov.co\/colombia\/#\/schema\/logo\/image\/\"},\"sameAs\":[\"https:\/\/www.facebook.com\/FiscaliaCol\",\"https:\/\/x.com\/FiscaliaCol\",\"https:\/\/www.instagram.com\/fiscaliacol\",\"https:\/\/www.linkedin.com\/company\/fiscalia-general-de-la-naci-n\/\",\"https:\/\/youtube.com\/@fiscaliageneraldelanacion-4668?si=6nN79nyQICPU5iTh\"]},{\"@type\":\"Person\",\"@id\":\"https:\/\/www.fiscalia.gov.co\/colombia\/#\/schema\/person\/176195b99ebab0a52aafa15197e1bf80\",\"name\":\"Winnie Geraldine Rodr\u00edguez Navarrete\",\"image\":{\"@type\":\"ImageObject\",\"inLanguage\":\"es-CO\",\"@id\":\"https:\/\/www.fiscalia.gov.co\/colombia\/#\/schema\/person\/image\/\",\"url\":\"https:\/\/secure.gravatar.com\/avatar\/c24cf8481dc84fa5e8c7b20bc95ab0c6?s=96&d=mm&r=g\",\"contentUrl\":\"https:\/\/secure.gravatar.com\/avatar\/c24cf8481dc84fa5e8c7b20bc95ab0c6?s=96&d=mm&r=g\",\"caption\":\"Winnie Geraldine Rodr\u00edguez Navarrete\"},\"url\":\"https:\/\/www.fiscalia.gov.co\/colombia\/author\/winnierodriguez\/\"}]}<\/script>\n<!-- \/ Yoast SEO plugin. -->","yoast_head_json":{"title":"Fiscal\u00eda General de la Naci\u00f3n","description":"P\u00e1gina oficial de la Fiscal\u00eda General de la Naci\u00f3n \u2013 Colombia. Garantizamos el acceso efectivo a la justicia, la verdad y la reparaci\u00f3n de las v\u00edctimas de los delitos.","robots":{"index":"noindex","follow":"follow"},"og_locale":"es_ES","og_type":"article","og_title":"Fiscal\u00eda General de la Naci\u00f3n","og_description":"P\u00e1gina oficial de la Fiscal\u00eda General de la Naci\u00f3n \u2013 Colombia. Garantizamos el acceso efectivo a la justicia, la verdad y la reparaci\u00f3n de las v\u00edctimas de los delitos.","og_url":"https:\/\/www.fiscalia.gov.co\/colombia\/noticias\/carcel-para-un-hombre-que-habria-participado-en-el-homicidio-de-padre-e-hijo-en-el-sector-de-paso-eganao-en-puerto-carreno-vichada\/","og_site_name":"Fiscal\u00eda General de la Naci\u00f3n","article_publisher":"https:\/\/www.facebook.com\/FiscaliaCol","article_published_time":"2023-05-30T21:39:42+00:00","og_image":[{"url":"https:\/\/www.fiscalia.gov.co\/colombia\/wp-content\/uploads\/FOTO-ANIJUUQYERGCV-300x225.jpg","type":"","width":"","height":""}],"author":"Winnie Geraldine Rodr\u00edguez Navarrete","twitter_card":"summary_large_image","twitter_creator":"@FiscaliaCol","twitter_site":"@FiscaliaCol","twitter_misc":{"Escrito por":"Winnie Geraldine Rodr\u00edguez Navarrete","Tiempo de lectura":"2 minutos"},"schema":{"@context":"https:\/\/schema.org","@graph":[{"@type":"Article","@id":"https:\/\/www.fiscalia.gov.co\/colombia\/noticias\/carcel-para-un-hombre-que-habria-participado-en-el-homicidio-de-padre-e-hijo-en-el-sector-de-paso-eganao-en-puerto-carreno-vichada\/#article","isPartOf":{"@id":"https:\/\/www.fiscalia.gov.co\/colombia\/noticias\/carcel-para-un-hombre-que-habria-participado-en-el-homicidio-de-padre-e-hijo-en-el-sector-de-paso-eganao-en-puerto-carreno-vichada\/"},"author":{"name":"Winnie Geraldine Rodr\u00edguez Navarrete","@id":"https:\/\/www.fiscalia.gov.co\/colombia\/#\/schema\/person\/176195b99ebab0a52aafa15197e1bf80"},"headline":"C\u00e1rcel para un hombre que habr\u00eda participado en el homicidio de padre e hijo en el sector de Paso E&#8217;ganao, en Puerto Carre\u00f1o, Vichada","datePublished":"2023-05-30T21:39:42+00:00","dateModified":"2023-05-30T21:39:42+00:00","mainEntityOfPage":{"@id":"https:\/\/www.fiscalia.gov.co\/colombia\/noticias\/carcel-para-un-hombre-que-habria-participado-en-el-homicidio-de-padre-e-hijo-en-el-sector-de-paso-eganao-en-puerto-carreno-vichada\/"},"wordCount":459,"publisher":{"@id":"https:\/\/www.fiscalia.gov.co\/colombia\/#organization"},"image":{"@id":"https:\/\/www.fiscalia.gov.co\/colombia\/noticias\/carcel-para-un-hombre-que-habria-participado-en-el-homicidio-de-padre-e-hijo-en-el-sector-de-paso-eganao-en-puerto-carreno-vichada\/#primaryimage"},"thumbnailUrl":"https:\/\/www.fiscalia.gov.co\/colombia\/wp-content\/uploads\/FOTO-ANIJUUQYERGCV-300x225.jpg","keywords":["Captura","Fiscal\u00eda General de la Naci\u00f3n","homicidio agravado concurso porte ilegal de armas","Medida de aseguramiento","Puerto Carre\u00f1o (Vichada)"],"articleSection":["Noticias","Seccional Vichada","Seccionales","Seguridad territorial"],"inLanguage":"es-CO"},{"@type":"WebPage","@id":"https:\/\/www.fiscalia.gov.co\/colombia\/noticias\/carcel-para-un-hombre-que-habria-participado-en-el-homicidio-de-padre-e-hijo-en-el-sector-de-paso-eganao-en-puerto-carreno-vichada\/","url":"https:\/\/www.fiscalia.gov.co\/colombia\/noticias\/carcel-para-un-hombre-que-habria-participado-en-el-homicidio-de-padre-e-hijo-en-el-sector-de-paso-eganao-en-puerto-carreno-vichada\/","name":"Fiscal\u00eda General de la Naci\u00f3n","isPartOf":{"@id":"https:\/\/www.fiscalia.gov.co\/colombia\/#website"},"primaryImageOfPage":{"@id":"https:\/\/www.fiscalia.gov.co\/colombia\/noticias\/carcel-para-un-hombre-que-habria-participado-en-el-homicidio-de-padre-e-hijo-en-el-sector-de-paso-eganao-en-puerto-carreno-vichada\/#primaryimage"},"image":{"@id":"https:\/\/www.fiscalia.gov.co\/colombia\/noticias\/carcel-para-un-hombre-que-habria-participado-en-el-homicidio-de-padre-e-hijo-en-el-sector-de-paso-eganao-en-puerto-carreno-vichada\/#primaryimage"},"thumbnailUrl":"https:\/\/www.fiscalia.gov.co\/colombia\/wp-content\/uploads\/FOTO-ANIJUUQYERGCV-300x225.jpg","datePublished":"2023-05-30T21:39:42+00:00","dateModified":"2023-05-30T21:39:42+00:00","description":"P\u00e1gina oficial de la Fiscal\u00eda General de la Naci\u00f3n \u2013 Colombia. Garantizamos el acceso efectivo a la justicia, la verdad y la reparaci\u00f3n de las v\u00edctimas de los delitos.","breadcrumb":{"@id":"https:\/\/www.fiscalia.gov.co\/colombia\/noticias\/carcel-para-un-hombre-que-habria-participado-en-el-homicidio-de-padre-e-hijo-en-el-sector-de-paso-eganao-en-puerto-carreno-vichada\/#breadcrumb"},"inLanguage":"es-CO","potentialAction":[{"@type":"ReadAction","target":["https:\/\/www.fiscalia.gov.co\/colombia\/noticias\/carcel-para-un-hombre-que-habria-participado-en-el-homicidio-de-padre-e-hijo-en-el-sector-de-paso-eganao-en-puerto-carreno-vichada\/"]}]},{"@type":"ImageObject","inLanguage":"es-CO","@id":"https:\/\/www.fiscalia.gov.co\/colombia\/noticias\/carcel-para-un-hombre-que-habria-participado-en-el-homicidio-de-padre-e-hijo-en-el-sector-de-paso-eganao-en-puerto-carreno-vichada\/#primaryimage","url":"https:\/\/www.fiscalia.gov.co\/colombia\/wp-content\/uploads\/FOTO-ANIJUUQYERGCV.jpg","contentUrl":"https:\/\/www.fiscalia.gov.co\/colombia\/wp-content\/uploads\/FOTO-ANIJUUQYERGCV.jpg","width":1600,"height":1200,"caption":"Leonardo Fabio Alvarado D\u00edaz fue capturado en el departamento de Boyac\u00e1 como presunto responsable de los delitos de homicidio agravado concurso porte ilegal de armas, el juez acogi\u00f3 la petici\u00f3n de la Fiscal\u00eda y lo envi\u00f3 a la c\u00e1rcel."},{"@type":"BreadcrumbList","@id":"https:\/\/www.fiscalia.gov.co\/colombia\/noticias\/carcel-para-un-hombre-que-habria-participado-en-el-homicidio-de-padre-e-hijo-en-el-sector-de-paso-eganao-en-puerto-carreno-vichada\/#breadcrumb","itemListElement":[{"@type":"ListItem","position":1,"name":"Home","item":"https:\/\/www.fiscalia.gov.co\/colombia\/"},{"@type":"ListItem","position":2,"name":"C\u00e1rcel para un hombre que habr\u00eda participado en el homicidio de padre e hijo en el sector de Paso E&#8217;ganao, en Puerto Carre\u00f1o, Vichada"}]},{"@type":"WebSite","@id":"https:\/\/www.fiscalia.gov.co\/colombia\/#website","url":"https:\/\/www.fiscalia.gov.co\/colombia\/","name":"Fiscal\u00eda General de la Naci\u00f3n","description":"P\u00e1gina oficial de la Fiscal\u00eda General de la Naci\u00f3n \u2013 Colombia. Garantizamos el acceso efectivo a la justicia, la verdad y la reparaci\u00f3n de las v\u00edctimas de los delitos.","publisher":{"@id":"https:\/\/www.fiscalia.gov.co\/colombia\/#organization"},"potentialAction":[{"@type":"SearchAction","target":{"@type":"EntryPoint","urlTemplate":"https:\/\/www.fiscalia.gov.co\/colombia\/?s={search_term_string}"},"query-input":{"@type":"PropertyValueSpecification","valueRequired":true,"valueName":"search_term_string"}}],"inLanguage":"es-CO"},{"@type":"Organization","@id":"https:\/\/www.fiscalia.gov.co\/colombia\/#organization","name":"Fiscal\u00eda General de la Naci\u00f3n","url":"https:\/\/www.fiscalia.gov.co\/colombia\/","logo":{"@type":"ImageObject","inLanguage":"es-CO","@id":"https:\/\/www.fiscalia.gov.co\/colombia\/#\/schema\/logo\/image\/","url":"https:\/\/www.fiscalia.gov.co\/colombia\/wp-content\/uploads\/LogoHorizontal_1.jpg","contentUrl":"https:\/\/www.fiscalia.gov.co\/colombia\/wp-content\/uploads\/LogoHorizontal_1.jpg","width":300,"height":90,"caption":"Fiscal\u00eda General de la Naci\u00f3n"},"image":{"@id":"https:\/\/www.fiscalia.gov.co\/colombia\/#\/schema\/logo\/image\/"},"sameAs":["https:\/\/www.facebook.com\/FiscaliaCol","https:\/\/x.com\/FiscaliaCol","https:\/\/www.instagram.com\/fiscaliacol","https:\/\/www.linkedin.com\/company\/fiscalia-general-de-la-naci-n\/","https:\/\/youtube.com\/@fiscaliageneraldelanacion-4668?si=6nN79nyQICPU5iTh"]},{"@type":"Person","@id":"https:\/\/www.fiscalia.gov.co\/colombia\/#\/schema\/person\/176195b99ebab0a52aafa15197e1bf80","name":"Winnie Geraldine Rodr\u00edguez Navarrete","image":{"@type":"ImageObject","inLanguage":"es-CO","@id":"https:\/\/www.fiscalia.gov.co\/colombia\/#\/schema\/person\/image\/","url":"https:\/\/secure.gravatar.com\/avatar\/c24cf8481dc84fa5e8c7b20bc95ab0c6?s=96&d=mm&r=g","contentUrl":"https:\/\/secure.gravatar.com\/avatar\/c24cf8481dc84fa5e8c7b20bc95ab0c6?s=96&d=mm&r=g","caption":"Winnie Geraldine Rodr\u00edguez Navarrete"},"url":"https:\/\/www.fiscalia.gov.co\/colombia\/author\/winnierodriguez\/"}]}},"_links":{"self":[{"href":"https:\/\/www.fiscalia.gov.co\/colombia\/wp-json\/wp\/v2\/posts\/272403","targetHints":{"allow":["GET"]}}],"collection":[{"href":"https:\/\/www.fiscalia.gov.co\/colombia\/wp-json\/wp\/v2\/posts"}],"about":[{"href":"https:\/\/www.fiscalia.gov.co\/colombia\/wp-json\/wp\/v2\/types\/post"}],"author":[{"embeddable":true,"href":"https:\/\/www.fiscalia.gov.co\/colombia\/wp-json\/wp\/v2\/users\/178"}],"replies":[{"embeddable":true,"href":"https:\/\/www.fiscalia.gov.co\/colombia\/wp-json\/wp\/v2\/comments?post=272403"}],"version-history":[{"count":1,"href":"https:\/\/www.fiscalia.gov.co\/colombia\/wp-json\/wp\/v2\/posts\/272403\/revisions"}],"predecessor-version":[{"id":272406,"href":"https:\/\/www.fiscalia.gov.co\/colombia\/wp-json\/wp\/v2\/posts\/272403\/revisions\/272406"}],"wp:attachment":[{"href":"https:\/\/www.fiscalia.gov.co\/colombia\/wp-json\/wp\/v2\/media?parent=272403"}],"wp:term":[{"taxonomy":"category","embeddable":true,"href":"https:\/\/www.fiscalia.gov.co\/colombia\/wp-json\/wp\/v2\/categories?post=272403"},{"taxonomy":"post_tag","embeddable":true,"href":"https:\/\/www.fiscalia.gov.co\/colombia\/wp-json\/wp\/v2\/tags?post=272403"}],"curies":[{"name":"wp","href":"https:\/\/api.w.org\/{rel}","templated":true}]}}