{"id":272308,"date":"2023-05-29T11:28:50","date_gmt":"2023-05-29T16:28:50","guid":{"rendered":"https:\/\/www.fiscalia.gov.co\/colombia\/?p=272308"},"modified":"2023-06-07T11:38:01","modified_gmt":"2023-06-07T16:38:01","slug":"fiscalia-pone-en-evidencia-la-denominada-ruta-de-oro-usada-por-una-red-de-trafico-de-migrantes-para-trasladar-colombianos-a-mexico-e-ingresarlos-por-pasos-no-autorizados-a-estados-u","status":"publish","type":"post","link":"https:\/\/www.fiscalia.gov.co\/colombia\/noticias\/fiscalia-pone-en-evidencia-la-denominada-ruta-de-oro-usada-por-una-red-de-trafico-de-migrantes-para-trasladar-colombianos-a-mexico-e-ingresarlos-por-pasos-no-autorizados-a-estados-u\/","title":{"rendered":"Fiscal\u00eda pone en evidencia la denominada \u2018Ruta de Oro\u2019, usada por una red de tr\u00e1fico de migrantes para trasladar colombianos a M\u00e9xico e ingresarlos por pasos no autorizados a Estados Unidos"},"content":{"rendered":"<ul>\n<li data-leveltext=\"\uf0b7\" data-font=\"Symbol\" data-listid=\"3\" data-list-defn-props=\"{&quot;335552541&quot;:1,&quot;335559684&quot;:-2,&quot;335559685&quot;:720,&quot;335559991&quot;:360,&quot;469769226&quot;:&quot;Symbol&quot;,&quot;469769242&quot;:[8226],&quot;469777803&quot;:&quot;left&quot;,&quot;469777804&quot;:&quot;\uf0b7&quot;,&quot;469777815&quot;:&quot;hybridMultilevel&quot;}\" aria-setsize=\"-1\" data-aria-posinset=\"1\" data-aria-level=\"1\">\n<h4><strong><i>En Bogot\u00e1, Bucaramanga y Villavicencio fueron capturados cuatro de los posibles articuladores de la actividad il\u00edcita.<\/i>\u00a0<\/strong><\/h4>\n<\/li>\n<\/ul>\n<ul>\n<li data-leveltext=\"\uf0b7\" data-font=\"Symbol\" data-listid=\"3\" data-list-defn-props=\"{&quot;335552541&quot;:1,&quot;335559684&quot;:-2,&quot;335559685&quot;:720,&quot;335559991&quot;:360,&quot;469769226&quot;:&quot;Symbol&quot;,&quot;469769242&quot;:[8226],&quot;469777803&quot;:&quot;left&quot;,&quot;469777804&quot;:&quot;\uf0b7&quot;,&quot;469777815&quot;:&quot;hybridMultilevel&quot;}\" aria-setsize=\"-1\" data-aria-posinset=\"2\" data-aria-level=\"1\">\n<h4><strong><i>Son se\u00f1alados de usar agencias de viajes y ofrecer planes tur\u00edsticos para captar v\u00edctimas y ocultar su actuar criminal.<\/i><\/strong><\/h4>\n<\/li>\n<\/ul>\n<p><span data-contrast=\"auto\">La labor investigativa de la Fiscal\u00eda General de la Naci\u00f3n, en articulaci\u00f3n con Migraci\u00f3n Colombia y la Embajada de Estados Unidos en Colombia, permiti\u00f3 identificar una modalidad delictiva a la que recurr\u00eda una red dedicada al tr\u00e1fico de migrantes. Se trata de la denominada \u2018Ruta de Oro\u2019, la cual consist\u00eda en usar la fachada de viajes tur\u00edsticos a M\u00e9xico para mover irregularmente personas a territorio estadounidense.\u00a0<\/span><span data-ccp-props=\"{&quot;201341983&quot;:0,&quot;335551550&quot;:6,&quot;335551620&quot;:6,&quot;335559739&quot;:160,&quot;335559740&quot;:240}\">\u00a0<\/span><\/p>\n<p><span data-contrast=\"auto\">En diligencias realizadas de manera simult\u00e1nea en Bogot\u00e1, Bucaramanga (Santander) y Villavicencio (Meta) fueron capturados dos hombres y dos mujeres que har\u00edan parte de la estructura delictiva.<\/span><span data-ccp-props=\"{&quot;201341983&quot;:0,&quot;335551550&quot;:6,&quot;335551620&quot;:6,&quot;335559739&quot;:160,&quot;335559740&quot;:240}\">\u00a0<\/span><\/p>\n<p><span data-contrast=\"auto\">Los elementos de prueba indican que ser\u00edan los representantes en Colombia del m\u00e1ximo cabecilla de la organizaci\u00f3n, quien reside en M\u00e9xico y es conocido como \u2018Abraham\u2019. En ejercicio de ese rol il\u00edcito, al parecer, dispon\u00edan de agencias de viajes en Villavicencio, Bogot\u00e1 y Floridablanca (Santander), para ofrecer paquetes todo incluido a Canc\u00fan y Ciudad de M\u00e9xico, que oscilaban entre 8 y 15 millones de pesos.\u00a0<\/span><span data-ccp-props=\"{&quot;201341983&quot;:0,&quot;335551550&quot;:6,&quot;335551620&quot;:6,&quot;335559739&quot;:160,&quot;335559740&quot;:240}\">\u00a0<\/span><\/p>\n<p><span data-contrast=\"auto\">Los ciudadanos colombianos que acced\u00edan a pagar la suma establecida, en realidad buscaban ingresar de cualquier manera a Estados Unidos. En ese sentido, eran vinculados a grupos cerrados de WhatsApp, donde se fijaban las condiciones del traslado; y, posteriormente, perfilados y obligados a aprender un libreto que deb\u00edan seguir para no ser detectados por las autoridades migratorias nacionales e internacionales.<\/span><span data-ccp-props=\"{&quot;201341983&quot;:0,&quot;335551550&quot;:6,&quot;335551620&quot;:6,&quot;335559739&quot;:160,&quot;335559740&quot;:240}\">\u00a0<\/span><\/p>\n<p><span data-contrast=\"auto\">Luego de esta supuesta preparaci\u00f3n, las personas tomaban vuelos con destino a M\u00e9xico. All\u00ed eran recibidas por contactos de \u2018Abraham\u2019 que las alojaban en hoteles previamente establecidos. D\u00edas despu\u00e9s las llevaban a Mexicali, Tijuana y otras ciudades fronterizas para cruzar a Estados Unidos por trochas, zonas des\u00e9rticas y distintos pasos no autorizados.\u00a0<\/span><span data-ccp-props=\"{&quot;201341983&quot;:0,&quot;335551550&quot;:6,&quot;335551620&quot;:6,&quot;335559739&quot;:160,&quot;335559740&quot;:240}\">\u00a0<\/span><\/p>\n<p><span data-contrast=\"auto\">La Fiscal\u00eda estableci\u00f3 que esta red utilizar\u00eda la \u2018Ruta de Oro\u2019 desde 2021. A trav\u00e9s de esta habr\u00eda movido de manera indiscriminada familias enteras, incluidos menores de edad, muchas de las v\u00edctimas en condici\u00f3n de vulnerabilidad.\u00a0<\/span><span data-ccp-props=\"{&quot;201341983&quot;:0,&quot;335551550&quot;:6,&quot;335551620&quot;:6,&quot;335559739&quot;:160,&quot;335559740&quot;:240}\">\u00a0<\/span><\/p>\n<p><span data-contrast=\"auto\">Declaraciones y otras evidencias recopiladas indican que los ciudadanos colombianos eran sometidos a tratos crueles e inhumanos antes de pasar a Estados Unidos. Asimismo, se conoci\u00f3 que los despojaban de la ropa, y la llevaban a tiendas y almacenes para ponerla a la venta.<\/span><span data-ccp-props=\"{&quot;201341983&quot;:0,&quot;335551550&quot;:6,&quot;335551620&quot;:6,&quot;335559739&quot;:160,&quot;335559740&quot;:240}\">\u00a0<\/span><\/p>\n<p><b><span data-contrast=\"auto\">Judicializaci\u00f3n\u00a0<\/span><\/b><span data-ccp-props=\"{&quot;201341983&quot;:0,&quot;335551550&quot;:6,&quot;335551620&quot;:6,&quot;335559739&quot;:160,&quot;335559740&quot;:240}\">\u00a0<\/span><\/p>\n<p><span data-contrast=\"auto\">Un fiscal de la Direcci\u00f3n Especializada contra las Violaciones a los Derechos Humanos present\u00f3 a los cuatro capturados ante un juez de control de garant\u00edas y les imput\u00f3 los delitos de concierto para delinquir y tr\u00e1fico de migrantes agravado. Los cargos no fueron aceptados por los investigados, quienes recibieron medida de aseguramiento privativa de la libertad en establecimiento carcelario.<\/span><span data-ccp-props=\"{&quot;201341983&quot;:0,&quot;335551550&quot;:6,&quot;335551620&quot;:6,&quot;335559739&quot;:160,&quot;335559740&quot;:240}\">\u00a0<\/span><\/p>\n<p><span data-contrast=\"auto\">Los afectados con la decisi\u00f3n son:<\/span><span data-ccp-props=\"{&quot;201341983&quot;:0,&quot;335551550&quot;:6,&quot;335551620&quot;:6,&quot;335559739&quot;:160,&quot;335559740&quot;:240}\">\u00a0<\/span><\/p>\n<ul>\n<li data-leveltext=\"\uf0b7\" data-font=\"Symbol\" data-listid=\"1\" data-list-defn-props=\"{&quot;335552541&quot;:1,&quot;335559684&quot;:-2,&quot;335559685&quot;:720,&quot;335559991&quot;:360,&quot;469769226&quot;:&quot;Symbol&quot;,&quot;469769242&quot;:[8226],&quot;469777803&quot;:&quot;left&quot;,&quot;469777804&quot;:&quot;\uf0b7&quot;,&quot;469777815&quot;:&quot;hybridMultilevel&quot;}\" aria-setsize=\"-1\" data-aria-posinset=\"1\" data-aria-level=\"1\"><span data-contrast=\"auto\">Wilmar Jarec Casta\u00f1o Poveda, Yamile Andrea Vargas Bustos y Dora Liliana D\u00edaz Guarguati, presuntos representantes de \u2018Abraham\u2019 en Colombia, se\u00f1alados de ofrecer los paquetes tur\u00edsticos a M\u00e9xico, de recibir los dineros de los viajeros y coordinar otras actividades log\u00edsticas como la compra de los tiquetes a\u00e9reos.\u00a0<\/span><\/li>\n<\/ul>\n<ul>\n<li data-leveltext=\"\uf0b7\" data-font=\"Symbol\" data-listid=\"1\" data-list-defn-props=\"{&quot;335552541&quot;:1,&quot;335559684&quot;:-2,&quot;335559685&quot;:720,&quot;335559991&quot;:360,&quot;469769226&quot;:&quot;Symbol&quot;,&quot;469769242&quot;:[8226],&quot;469777803&quot;:&quot;left&quot;,&quot;469777804&quot;:&quot;\uf0b7&quot;,&quot;469777815&quot;:&quot;hybridMultilevel&quot;}\" aria-setsize=\"-1\" data-aria-posinset=\"2\" data-aria-level=\"1\"><span data-contrast=\"auto\">Jhon Freddy Senior Amaris, posible perfilador y encargado de ense\u00f1arles a los ciudadanos colombianos el libreto que deb\u00edan seguir ante las preguntas de las autoridades migratorias.<\/span><span data-ccp-props=\"{&quot;134233279&quot;:true,&quot;201341983&quot;:0,&quot;335551550&quot;:6,&quot;335551620&quot;:6,&quot;335559739&quot;:160,&quot;335559740&quot;:240}\">\u00a0<\/span><\/li>\n<\/ul>\n<p><span data-contrast=\"auto\">Las investigaciones por la denominada \u2018Ruta de Oro\u2019 contin\u00faan.<\/span><span data-ccp-props=\"{&quot;134233279&quot;:true,&quot;201341983&quot;:0,&quot;335551550&quot;:6,&quot;335551620&quot;:6,&quot;335559739&quot;:240,&quot;335559740&quot;:240}\">\u00a0<\/span><\/p>\n<p><span data-contrast=\"auto\">Esta informaci\u00f3n se publica por razones de inter\u00e9s general.<\/span><span data-ccp-props=\"{&quot;134233279&quot;:true,&quot;201341983&quot;:0,&quot;335551550&quot;:6,&quot;335551620&quot;:6,&quot;335559739&quot;:240,&quot;335559740&quot;:240}\">\u00a0<\/span><\/p>\n<p><b><span data-contrast=\"auto\">La Fiscal\u00eda habla con resultados.<\/span><\/b><span data-ccp-props=\"{&quot;201341983&quot;:0,&quot;335551550&quot;:2,&quot;335551620&quot;:2,&quot;335559739&quot;:240,&quot;335559740&quot;:240}\">\u00a0<\/span><\/p>\n<p>&nbsp;<\/p>\n<p>&nbsp;<\/p>\n<p>&nbsp;<\/p>\n<p><span data-contrast=\"auto\">JARG\/JCBG\/DECVDH\/MCRC.<\/span><span data-ccp-props=\"{&quot;134233279&quot;:true,&quot;201341983&quot;:0,&quot;335551550&quot;:6,&quot;335551620&quot;:6,&quot;335559739&quot;:240,&quot;335559740&quot;:240}\">\u00a0<\/span><\/p>\n<p>&nbsp;<\/p>\n<p>&nbsp;<\/p>\n<p>&nbsp;<\/p>\n<p><em><span lang=\"ES\">La informaci\u00f3n contenida en este bolet\u00edn de prensa corresponde a la narraci\u00f3n de los hechos noticiosos objetivos, suministrados por los funcionarios encargados de adelantar las investigaciones penales al interior de la Fiscal\u00eda General de la Naci\u00f3n. Para el momento de la divulgaci\u00f3n de este comunicado, la situaci\u00f3n jur\u00eddica de la(s) persona(s) relacionada(s) se encuentra pendiente de resolver por la autoridad judicial competente, siempre bajo los preceptos de la presunci\u00f3n de inocencia, consagrados en el art\u00edculo 29 de la Constituci\u00f3n Pol\u00edtica y el art\u00edculo 7\u00ba de la Ley 906 de 2004.<\/span><\/em><\/p>\n<p><span data-ccp-props=\"{&quot;201341983&quot;:0,&quot;335559739&quot;:240,&quot;335559740&quot;:240}\">\u00a0<\/span><\/p>\n\n<div class=\"twitter-share\"><a href=\"https:\/\/twitter.com\/intent\/tweet?via=fiscaliacol\" class=\"twitter-share-button\">Tweet<\/a><\/div>\n","protected":false},"excerpt":{"rendered":"<p>En Bogot\u00e1, Bucaramanga y Villavicencio fueron capturados cuatro de los posibles articuladores de la actividad il\u00edcita.\u00a0 Son se\u00f1alados de usar agencias de viajes y ofrecer planes tur\u00edsticos para captar v\u00edctimas y ocultar su actuar criminal. La labor investigativa de la Fiscal\u00eda General de la Naci\u00f3n, en articulaci\u00f3n con Migraci\u00f3n Colombia y la Embajada de Estados [&hellip;]<\/p>\n","protected":false},"author":178,"featured_media":272880,"comment_status":"closed","ping_status":"open","sticky":false,"template":"","format":"video","meta":{"tdm_status":"","tdm_grid_status":"","footnotes":""},"categories":[24102,1],"tags":[33862,24185,1047,14948],"class_list":{"0":"post-272308","1":"post","2":"type-post","3":"status-publish","4":"format-video","5":"has-post-thumbnail","7":"category-derechos-humanos","8":"category-noticias","9":"tag-bogota-d-c","10":"tag-fiscal-barbosa","11":"tag-fiscalia-general-de-la-nacion","12":"tag-migracion-colombia","13":"post_format-post-format-video"},"yoast_head":"<!-- This site is optimized with the Yoast SEO plugin v24.3 - https:\/\/yoast.com\/wordpress\/plugins\/seo\/ -->\n<title>Fiscal\u00eda General de la Naci\u00f3n<\/title>\n<meta name=\"description\" content=\"P\u00e1gina oficial de la Fiscal\u00eda General de la Naci\u00f3n \u2013 Colombia. Garantizamos el acceso efectivo a la justicia, la verdad y la reparaci\u00f3n de las v\u00edctimas de los delitos.\" \/>\n<meta name=\"robots\" content=\"noindex, follow\" \/>\n<meta property=\"og:locale\" content=\"es_ES\" \/>\n<meta property=\"og:type\" content=\"article\" \/>\n<meta property=\"og:title\" content=\"Fiscal\u00eda General de la Naci\u00f3n\" \/>\n<meta property=\"og:description\" content=\"P\u00e1gina oficial de la Fiscal\u00eda General de la Naci\u00f3n \u2013 Colombia. Garantizamos el acceso efectivo a la justicia, la verdad y la reparaci\u00f3n de las v\u00edctimas de los delitos.\" \/>\n<meta property=\"og:url\" content=\"https:\/\/www.fiscalia.gov.co\/colombia\/noticias\/fiscalia-pone-en-evidencia-la-denominada-ruta-de-oro-usada-por-una-red-de-trafico-de-migrantes-para-trasladar-colombianos-a-mexico-e-ingresarlos-por-pasos-no-autorizados-a-estados-u\/\" \/>\n<meta property=\"og:site_name\" content=\"Fiscal\u00eda General de la Naci\u00f3n\" \/>\n<meta property=\"article:publisher\" content=\"https:\/\/www.facebook.com\/FiscaliaCol\" \/>\n<meta property=\"article:published_time\" content=\"2023-05-29T16:28:50+00:00\" \/>\n<meta property=\"article:modified_time\" content=\"2023-06-07T16:38:01+00:00\" \/>\n<meta property=\"og:image\" content=\"https:\/\/www.fiscalia.gov.co\/colombia\/wp-content\/uploads\/maxresdefault-1091.jpg\" \/>\n\t<meta property=\"og:image:width\" content=\"1280\" \/>\n\t<meta property=\"og:image:height\" content=\"720\" \/>\n\t<meta property=\"og:image:type\" content=\"image\/jpeg\" \/>\n<meta name=\"author\" content=\"Winnie Geraldine Rodr\u00edguez Navarrete\" \/>\n<meta name=\"twitter:card\" content=\"summary_large_image\" \/>\n<meta name=\"twitter:creator\" content=\"@FiscaliaCol\" \/>\n<meta name=\"twitter:site\" content=\"@FiscaliaCol\" \/>\n<meta name=\"twitter:label1\" content=\"Escrito por\" \/>\n\t<meta name=\"twitter:data1\" content=\"Winnie Geraldine Rodr\u00edguez Navarrete\" \/>\n\t<meta name=\"twitter:label2\" content=\"Tiempo de lectura\" \/>\n\t<meta name=\"twitter:data2\" content=\"4 minutos\" \/>\n<script type=\"application\/ld+json\" class=\"yoast-schema-graph\">{\"@context\":\"https:\/\/schema.org\",\"@graph\":[{\"@type\":\"Article\",\"@id\":\"https:\/\/www.fiscalia.gov.co\/colombia\/noticias\/fiscalia-pone-en-evidencia-la-denominada-ruta-de-oro-usada-por-una-red-de-trafico-de-migrantes-para-trasladar-colombianos-a-mexico-e-ingresarlos-por-pasos-no-autorizados-a-estados-u\/#article\",\"isPartOf\":{\"@id\":\"https:\/\/www.fiscalia.gov.co\/colombia\/noticias\/fiscalia-pone-en-evidencia-la-denominada-ruta-de-oro-usada-por-una-red-de-trafico-de-migrantes-para-trasladar-colombianos-a-mexico-e-ingresarlos-por-pasos-no-autorizados-a-estados-u\/\"},\"author\":{\"name\":\"Winnie Geraldine Rodr\u00edguez Navarrete\",\"@id\":\"https:\/\/www.fiscalia.gov.co\/colombia\/#\/schema\/person\/176195b99ebab0a52aafa15197e1bf80\"},\"headline\":\"Fiscal\u00eda pone en evidencia la denominada \u2018Ruta de Oro\u2019, usada por una red de tr\u00e1fico de migrantes para trasladar colombianos a M\u00e9xico e ingresarlos por pasos no autorizados a Estados Unidos\",\"datePublished\":\"2023-05-29T16:28:50+00:00\",\"dateModified\":\"2023-06-07T16:38:01+00:00\",\"mainEntityOfPage\":{\"@id\":\"https:\/\/www.fiscalia.gov.co\/colombia\/noticias\/fiscalia-pone-en-evidencia-la-denominada-ruta-de-oro-usada-por-una-red-de-trafico-de-migrantes-para-trasladar-colombianos-a-mexico-e-ingresarlos-por-pasos-no-autorizados-a-estados-u\/\"},\"wordCount\":743,\"publisher\":{\"@id\":\"https:\/\/www.fiscalia.gov.co\/colombia\/#organization\"},\"image\":{\"@id\":\"https:\/\/www.fiscalia.gov.co\/colombia\/noticias\/fiscalia-pone-en-evidencia-la-denominada-ruta-de-oro-usada-por-una-red-de-trafico-de-migrantes-para-trasladar-colombianos-a-mexico-e-ingresarlos-por-pasos-no-autorizados-a-estados-u\/#primaryimage\"},\"thumbnailUrl\":\"https:\/\/www.fiscalia.gov.co\/colombia\/wp-content\/uploads\/maxresdefault-1091.jpg\",\"keywords\":[\"Bogot\u00e1 D.C.\",\"Fiscal Barbosa\",\"Fiscal\u00eda General de la Naci\u00f3n\",\"Migraci\u00f3n Colombia\"],\"articleSection\":[\"Derechos Humanos\",\"Noticias\"],\"inLanguage\":\"es-CO\"},{\"@type\":\"WebPage\",\"@id\":\"https:\/\/www.fiscalia.gov.co\/colombia\/noticias\/fiscalia-pone-en-evidencia-la-denominada-ruta-de-oro-usada-por-una-red-de-trafico-de-migrantes-para-trasladar-colombianos-a-mexico-e-ingresarlos-por-pasos-no-autorizados-a-estados-u\/\",\"url\":\"https:\/\/www.fiscalia.gov.co\/colombia\/noticias\/fiscalia-pone-en-evidencia-la-denominada-ruta-de-oro-usada-por-una-red-de-trafico-de-migrantes-para-trasladar-colombianos-a-mexico-e-ingresarlos-por-pasos-no-autorizados-a-estados-u\/\",\"name\":\"Fiscal\u00eda General de la Naci\u00f3n\",\"isPartOf\":{\"@id\":\"https:\/\/www.fiscalia.gov.co\/colombia\/#website\"},\"primaryImageOfPage\":{\"@id\":\"https:\/\/www.fiscalia.gov.co\/colombia\/noticias\/fiscalia-pone-en-evidencia-la-denominada-ruta-de-oro-usada-por-una-red-de-trafico-de-migrantes-para-trasladar-colombianos-a-mexico-e-ingresarlos-por-pasos-no-autorizados-a-estados-u\/#primaryimage\"},\"image\":{\"@id\":\"https:\/\/www.fiscalia.gov.co\/colombia\/noticias\/fiscalia-pone-en-evidencia-la-denominada-ruta-de-oro-usada-por-una-red-de-trafico-de-migrantes-para-trasladar-colombianos-a-mexico-e-ingresarlos-por-pasos-no-autorizados-a-estados-u\/#primaryimage\"},\"thumbnailUrl\":\"https:\/\/www.fiscalia.gov.co\/colombia\/wp-content\/uploads\/maxresdefault-1091.jpg\",\"datePublished\":\"2023-05-29T16:28:50+00:00\",\"dateModified\":\"2023-06-07T16:38:01+00:00\",\"description\":\"P\u00e1gina oficial de la Fiscal\u00eda General de la Naci\u00f3n \u2013 Colombia. Garantizamos el acceso efectivo a la justicia, la verdad y la reparaci\u00f3n de las v\u00edctimas de los delitos.\",\"breadcrumb\":{\"@id\":\"https:\/\/www.fiscalia.gov.co\/colombia\/noticias\/fiscalia-pone-en-evidencia-la-denominada-ruta-de-oro-usada-por-una-red-de-trafico-de-migrantes-para-trasladar-colombianos-a-mexico-e-ingresarlos-por-pasos-no-autorizados-a-estados-u\/#breadcrumb\"},\"inLanguage\":\"es-CO\",\"potentialAction\":[{\"@type\":\"ReadAction\",\"target\":[\"https:\/\/www.fiscalia.gov.co\/colombia\/noticias\/fiscalia-pone-en-evidencia-la-denominada-ruta-de-oro-usada-por-una-red-de-trafico-de-migrantes-para-trasladar-colombianos-a-mexico-e-ingresarlos-por-pasos-no-autorizados-a-estados-u\/\"]}]},{\"@type\":\"ImageObject\",\"inLanguage\":\"es-CO\",\"@id\":\"https:\/\/www.fiscalia.gov.co\/colombia\/noticias\/fiscalia-pone-en-evidencia-la-denominada-ruta-de-oro-usada-por-una-red-de-trafico-de-migrantes-para-trasladar-colombianos-a-mexico-e-ingresarlos-por-pasos-no-autorizados-a-estados-u\/#primaryimage\",\"url\":\"https:\/\/www.fiscalia.gov.co\/colombia\/wp-content\/uploads\/maxresdefault-1091.jpg\",\"contentUrl\":\"https:\/\/www.fiscalia.gov.co\/colombia\/wp-content\/uploads\/maxresdefault-1091.jpg\",\"width\":1280,\"height\":720},{\"@type\":\"BreadcrumbList\",\"@id\":\"https:\/\/www.fiscalia.gov.co\/colombia\/noticias\/fiscalia-pone-en-evidencia-la-denominada-ruta-de-oro-usada-por-una-red-de-trafico-de-migrantes-para-trasladar-colombianos-a-mexico-e-ingresarlos-por-pasos-no-autorizados-a-estados-u\/#breadcrumb\",\"itemListElement\":[{\"@type\":\"ListItem\",\"position\":1,\"name\":\"Home\",\"item\":\"https:\/\/www.fiscalia.gov.co\/colombia\/\"},{\"@type\":\"ListItem\",\"position\":2,\"name\":\"Fiscal\u00eda pone en evidencia la denominada \u2018Ruta de Oro\u2019, usada por una red de tr\u00e1fico de migrantes para trasladar colombianos a M\u00e9xico e ingresarlos por pasos no autorizados a Estados Unidos\"}]},{\"@type\":\"WebSite\",\"@id\":\"https:\/\/www.fiscalia.gov.co\/colombia\/#website\",\"url\":\"https:\/\/www.fiscalia.gov.co\/colombia\/\",\"name\":\"Fiscal\u00eda General de la Naci\u00f3n\",\"description\":\"P\u00e1gina oficial de la Fiscal\u00eda General de la Naci\u00f3n \u2013 Colombia. Garantizamos el acceso efectivo a la justicia, la verdad y la reparaci\u00f3n de las v\u00edctimas de los delitos.\",\"publisher\":{\"@id\":\"https:\/\/www.fiscalia.gov.co\/colombia\/#organization\"},\"potentialAction\":[{\"@type\":\"SearchAction\",\"target\":{\"@type\":\"EntryPoint\",\"urlTemplate\":\"https:\/\/www.fiscalia.gov.co\/colombia\/?s={search_term_string}\"},\"query-input\":{\"@type\":\"PropertyValueSpecification\",\"valueRequired\":true,\"valueName\":\"search_term_string\"}}],\"inLanguage\":\"es-CO\"},{\"@type\":\"Organization\",\"@id\":\"https:\/\/www.fiscalia.gov.co\/colombia\/#organization\",\"name\":\"Fiscal\u00eda General de la Naci\u00f3n\",\"url\":\"https:\/\/www.fiscalia.gov.co\/colombia\/\",\"logo\":{\"@type\":\"ImageObject\",\"inLanguage\":\"es-CO\",\"@id\":\"https:\/\/www.fiscalia.gov.co\/colombia\/#\/schema\/logo\/image\/\",\"url\":\"https:\/\/www.fiscalia.gov.co\/colombia\/wp-content\/uploads\/LogoHorizontal_1.jpg\",\"contentUrl\":\"https:\/\/www.fiscalia.gov.co\/colombia\/wp-content\/uploads\/LogoHorizontal_1.jpg\",\"width\":300,\"height\":90,\"caption\":\"Fiscal\u00eda General de la Naci\u00f3n\"},\"image\":{\"@id\":\"https:\/\/www.fiscalia.gov.co\/colombia\/#\/schema\/logo\/image\/\"},\"sameAs\":[\"https:\/\/www.facebook.com\/FiscaliaCol\",\"https:\/\/x.com\/FiscaliaCol\",\"https:\/\/www.instagram.com\/fiscaliacol\",\"https:\/\/www.linkedin.com\/company\/fiscalia-general-de-la-naci-n\/\",\"https:\/\/youtube.com\/@fiscaliageneraldelanacion-4668?si=6nN79nyQICPU5iTh\"]},{\"@type\":\"Person\",\"@id\":\"https:\/\/www.fiscalia.gov.co\/colombia\/#\/schema\/person\/176195b99ebab0a52aafa15197e1bf80\",\"name\":\"Winnie Geraldine Rodr\u00edguez Navarrete\",\"image\":{\"@type\":\"ImageObject\",\"inLanguage\":\"es-CO\",\"@id\":\"https:\/\/www.fiscalia.gov.co\/colombia\/#\/schema\/person\/image\/\",\"url\":\"https:\/\/secure.gravatar.com\/avatar\/c24cf8481dc84fa5e8c7b20bc95ab0c6?s=96&d=mm&r=g\",\"contentUrl\":\"https:\/\/secure.gravatar.com\/avatar\/c24cf8481dc84fa5e8c7b20bc95ab0c6?s=96&d=mm&r=g\",\"caption\":\"Winnie Geraldine Rodr\u00edguez Navarrete\"},\"url\":\"https:\/\/www.fiscalia.gov.co\/colombia\/author\/winnierodriguez\/\"}]}<\/script>\n<!-- \/ Yoast SEO plugin. -->","yoast_head_json":{"title":"Fiscal\u00eda General de la Naci\u00f3n","description":"P\u00e1gina oficial de la Fiscal\u00eda General de la Naci\u00f3n \u2013 Colombia. Garantizamos el acceso efectivo a la justicia, la verdad y la reparaci\u00f3n de las v\u00edctimas de los delitos.","robots":{"index":"noindex","follow":"follow"},"og_locale":"es_ES","og_type":"article","og_title":"Fiscal\u00eda General de la Naci\u00f3n","og_description":"P\u00e1gina oficial de la Fiscal\u00eda General de la Naci\u00f3n \u2013 Colombia. Garantizamos el acceso efectivo a la justicia, la verdad y la reparaci\u00f3n de las v\u00edctimas de los delitos.","og_url":"https:\/\/www.fiscalia.gov.co\/colombia\/noticias\/fiscalia-pone-en-evidencia-la-denominada-ruta-de-oro-usada-por-una-red-de-trafico-de-migrantes-para-trasladar-colombianos-a-mexico-e-ingresarlos-por-pasos-no-autorizados-a-estados-u\/","og_site_name":"Fiscal\u00eda General de la Naci\u00f3n","article_publisher":"https:\/\/www.facebook.com\/FiscaliaCol","article_published_time":"2023-05-29T16:28:50+00:00","article_modified_time":"2023-06-07T16:38:01+00:00","og_image":[{"width":1280,"height":720,"url":"https:\/\/www.fiscalia.gov.co\/colombia\/wp-content\/uploads\/maxresdefault-1091.jpg","type":"image\/jpeg"}],"author":"Winnie Geraldine Rodr\u00edguez Navarrete","twitter_card":"summary_large_image","twitter_creator":"@FiscaliaCol","twitter_site":"@FiscaliaCol","twitter_misc":{"Escrito por":"Winnie Geraldine Rodr\u00edguez Navarrete","Tiempo de lectura":"4 minutos"},"schema":{"@context":"https:\/\/schema.org","@graph":[{"@type":"Article","@id":"https:\/\/www.fiscalia.gov.co\/colombia\/noticias\/fiscalia-pone-en-evidencia-la-denominada-ruta-de-oro-usada-por-una-red-de-trafico-de-migrantes-para-trasladar-colombianos-a-mexico-e-ingresarlos-por-pasos-no-autorizados-a-estados-u\/#article","isPartOf":{"@id":"https:\/\/www.fiscalia.gov.co\/colombia\/noticias\/fiscalia-pone-en-evidencia-la-denominada-ruta-de-oro-usada-por-una-red-de-trafico-de-migrantes-para-trasladar-colombianos-a-mexico-e-ingresarlos-por-pasos-no-autorizados-a-estados-u\/"},"author":{"name":"Winnie Geraldine Rodr\u00edguez Navarrete","@id":"https:\/\/www.fiscalia.gov.co\/colombia\/#\/schema\/person\/176195b99ebab0a52aafa15197e1bf80"},"headline":"Fiscal\u00eda pone en evidencia la denominada \u2018Ruta de Oro\u2019, usada por una red de tr\u00e1fico de migrantes para trasladar colombianos a M\u00e9xico e ingresarlos por pasos no autorizados a Estados Unidos","datePublished":"2023-05-29T16:28:50+00:00","dateModified":"2023-06-07T16:38:01+00:00","mainEntityOfPage":{"@id":"https:\/\/www.fiscalia.gov.co\/colombia\/noticias\/fiscalia-pone-en-evidencia-la-denominada-ruta-de-oro-usada-por-una-red-de-trafico-de-migrantes-para-trasladar-colombianos-a-mexico-e-ingresarlos-por-pasos-no-autorizados-a-estados-u\/"},"wordCount":743,"publisher":{"@id":"https:\/\/www.fiscalia.gov.co\/colombia\/#organization"},"image":{"@id":"https:\/\/www.fiscalia.gov.co\/colombia\/noticias\/fiscalia-pone-en-evidencia-la-denominada-ruta-de-oro-usada-por-una-red-de-trafico-de-migrantes-para-trasladar-colombianos-a-mexico-e-ingresarlos-por-pasos-no-autorizados-a-estados-u\/#primaryimage"},"thumbnailUrl":"https:\/\/www.fiscalia.gov.co\/colombia\/wp-content\/uploads\/maxresdefault-1091.jpg","keywords":["Bogot\u00e1 D.C.","Fiscal Barbosa","Fiscal\u00eda General de la Naci\u00f3n","Migraci\u00f3n Colombia"],"articleSection":["Derechos Humanos","Noticias"],"inLanguage":"es-CO"},{"@type":"WebPage","@id":"https:\/\/www.fiscalia.gov.co\/colombia\/noticias\/fiscalia-pone-en-evidencia-la-denominada-ruta-de-oro-usada-por-una-red-de-trafico-de-migrantes-para-trasladar-colombianos-a-mexico-e-ingresarlos-por-pasos-no-autorizados-a-estados-u\/","url":"https:\/\/www.fiscalia.gov.co\/colombia\/noticias\/fiscalia-pone-en-evidencia-la-denominada-ruta-de-oro-usada-por-una-red-de-trafico-de-migrantes-para-trasladar-colombianos-a-mexico-e-ingresarlos-por-pasos-no-autorizados-a-estados-u\/","name":"Fiscal\u00eda General de la Naci\u00f3n","isPartOf":{"@id":"https:\/\/www.fiscalia.gov.co\/colombia\/#website"},"primaryImageOfPage":{"@id":"https:\/\/www.fiscalia.gov.co\/colombia\/noticias\/fiscalia-pone-en-evidencia-la-denominada-ruta-de-oro-usada-por-una-red-de-trafico-de-migrantes-para-trasladar-colombianos-a-mexico-e-ingresarlos-por-pasos-no-autorizados-a-estados-u\/#primaryimage"},"image":{"@id":"https:\/\/www.fiscalia.gov.co\/colombia\/noticias\/fiscalia-pone-en-evidencia-la-denominada-ruta-de-oro-usada-por-una-red-de-trafico-de-migrantes-para-trasladar-colombianos-a-mexico-e-ingresarlos-por-pasos-no-autorizados-a-estados-u\/#primaryimage"},"thumbnailUrl":"https:\/\/www.fiscalia.gov.co\/colombia\/wp-content\/uploads\/maxresdefault-1091.jpg","datePublished":"2023-05-29T16:28:50+00:00","dateModified":"2023-06-07T16:38:01+00:00","description":"P\u00e1gina oficial de la Fiscal\u00eda General de la Naci\u00f3n \u2013 Colombia. Garantizamos el acceso efectivo a la justicia, la verdad y la reparaci\u00f3n de las v\u00edctimas de los delitos.","breadcrumb":{"@id":"https:\/\/www.fiscalia.gov.co\/colombia\/noticias\/fiscalia-pone-en-evidencia-la-denominada-ruta-de-oro-usada-por-una-red-de-trafico-de-migrantes-para-trasladar-colombianos-a-mexico-e-ingresarlos-por-pasos-no-autorizados-a-estados-u\/#breadcrumb"},"inLanguage":"es-CO","potentialAction":[{"@type":"ReadAction","target":["https:\/\/www.fiscalia.gov.co\/colombia\/noticias\/fiscalia-pone-en-evidencia-la-denominada-ruta-de-oro-usada-por-una-red-de-trafico-de-migrantes-para-trasladar-colombianos-a-mexico-e-ingresarlos-por-pasos-no-autorizados-a-estados-u\/"]}]},{"@type":"ImageObject","inLanguage":"es-CO","@id":"https:\/\/www.fiscalia.gov.co\/colombia\/noticias\/fiscalia-pone-en-evidencia-la-denominada-ruta-de-oro-usada-por-una-red-de-trafico-de-migrantes-para-trasladar-colombianos-a-mexico-e-ingresarlos-por-pasos-no-autorizados-a-estados-u\/#primaryimage","url":"https:\/\/www.fiscalia.gov.co\/colombia\/wp-content\/uploads\/maxresdefault-1091.jpg","contentUrl":"https:\/\/www.fiscalia.gov.co\/colombia\/wp-content\/uploads\/maxresdefault-1091.jpg","width":1280,"height":720},{"@type":"BreadcrumbList","@id":"https:\/\/www.fiscalia.gov.co\/colombia\/noticias\/fiscalia-pone-en-evidencia-la-denominada-ruta-de-oro-usada-por-una-red-de-trafico-de-migrantes-para-trasladar-colombianos-a-mexico-e-ingresarlos-por-pasos-no-autorizados-a-estados-u\/#breadcrumb","itemListElement":[{"@type":"ListItem","position":1,"name":"Home","item":"https:\/\/www.fiscalia.gov.co\/colombia\/"},{"@type":"ListItem","position":2,"name":"Fiscal\u00eda pone en evidencia la denominada \u2018Ruta de Oro\u2019, usada por una red de tr\u00e1fico de migrantes para trasladar colombianos a M\u00e9xico e ingresarlos por pasos no autorizados a Estados Unidos"}]},{"@type":"WebSite","@id":"https:\/\/www.fiscalia.gov.co\/colombia\/#website","url":"https:\/\/www.fiscalia.gov.co\/colombia\/","name":"Fiscal\u00eda General de la Naci\u00f3n","description":"P\u00e1gina oficial de la Fiscal\u00eda General de la Naci\u00f3n \u2013 Colombia. Garantizamos el acceso efectivo a la justicia, la verdad y la reparaci\u00f3n de las v\u00edctimas de los delitos.","publisher":{"@id":"https:\/\/www.fiscalia.gov.co\/colombia\/#organization"},"potentialAction":[{"@type":"SearchAction","target":{"@type":"EntryPoint","urlTemplate":"https:\/\/www.fiscalia.gov.co\/colombia\/?s={search_term_string}"},"query-input":{"@type":"PropertyValueSpecification","valueRequired":true,"valueName":"search_term_string"}}],"inLanguage":"es-CO"},{"@type":"Organization","@id":"https:\/\/www.fiscalia.gov.co\/colombia\/#organization","name":"Fiscal\u00eda General de la Naci\u00f3n","url":"https:\/\/www.fiscalia.gov.co\/colombia\/","logo":{"@type":"ImageObject","inLanguage":"es-CO","@id":"https:\/\/www.fiscalia.gov.co\/colombia\/#\/schema\/logo\/image\/","url":"https:\/\/www.fiscalia.gov.co\/colombia\/wp-content\/uploads\/LogoHorizontal_1.jpg","contentUrl":"https:\/\/www.fiscalia.gov.co\/colombia\/wp-content\/uploads\/LogoHorizontal_1.jpg","width":300,"height":90,"caption":"Fiscal\u00eda General de la Naci\u00f3n"},"image":{"@id":"https:\/\/www.fiscalia.gov.co\/colombia\/#\/schema\/logo\/image\/"},"sameAs":["https:\/\/www.facebook.com\/FiscaliaCol","https:\/\/x.com\/FiscaliaCol","https:\/\/www.instagram.com\/fiscaliacol","https:\/\/www.linkedin.com\/company\/fiscalia-general-de-la-naci-n\/","https:\/\/youtube.com\/@fiscaliageneraldelanacion-4668?si=6nN79nyQICPU5iTh"]},{"@type":"Person","@id":"https:\/\/www.fiscalia.gov.co\/colombia\/#\/schema\/person\/176195b99ebab0a52aafa15197e1bf80","name":"Winnie Geraldine Rodr\u00edguez Navarrete","image":{"@type":"ImageObject","inLanguage":"es-CO","@id":"https:\/\/www.fiscalia.gov.co\/colombia\/#\/schema\/person\/image\/","url":"https:\/\/secure.gravatar.com\/avatar\/c24cf8481dc84fa5e8c7b20bc95ab0c6?s=96&d=mm&r=g","contentUrl":"https:\/\/secure.gravatar.com\/avatar\/c24cf8481dc84fa5e8c7b20bc95ab0c6?s=96&d=mm&r=g","caption":"Winnie Geraldine Rodr\u00edguez Navarrete"},"url":"https:\/\/www.fiscalia.gov.co\/colombia\/author\/winnierodriguez\/"}]}},"_links":{"self":[{"href":"https:\/\/www.fiscalia.gov.co\/colombia\/wp-json\/wp\/v2\/posts\/272308","targetHints":{"allow":["GET"]}}],"collection":[{"href":"https:\/\/www.fiscalia.gov.co\/colombia\/wp-json\/wp\/v2\/posts"}],"about":[{"href":"https:\/\/www.fiscalia.gov.co\/colombia\/wp-json\/wp\/v2\/types\/post"}],"author":[{"embeddable":true,"href":"https:\/\/www.fiscalia.gov.co\/colombia\/wp-json\/wp\/v2\/users\/178"}],"replies":[{"embeddable":true,"href":"https:\/\/www.fiscalia.gov.co\/colombia\/wp-json\/wp\/v2\/comments?post=272308"}],"version-history":[{"count":1,"href":"https:\/\/www.fiscalia.gov.co\/colombia\/wp-json\/wp\/v2\/posts\/272308\/revisions"}],"predecessor-version":[{"id":272309,"href":"https:\/\/www.fiscalia.gov.co\/colombia\/wp-json\/wp\/v2\/posts\/272308\/revisions\/272309"}],"wp:featuredmedia":[{"embeddable":true,"href":"https:\/\/www.fiscalia.gov.co\/colombia\/wp-json\/wp\/v2\/media\/272880"}],"wp:attachment":[{"href":"https:\/\/www.fiscalia.gov.co\/colombia\/wp-json\/wp\/v2\/media?parent=272308"}],"wp:term":[{"taxonomy":"category","embeddable":true,"href":"https:\/\/www.fiscalia.gov.co\/colombia\/wp-json\/wp\/v2\/categories?post=272308"},{"taxonomy":"post_tag","embeddable":true,"href":"https:\/\/www.fiscalia.gov.co\/colombia\/wp-json\/wp\/v2\/tags?post=272308"}],"curies":[{"name":"wp","href":"https:\/\/api.w.org\/{rel}","templated":true}]}}