{"id":272256,"date":"2023-05-26T17:42:24","date_gmt":"2023-05-26T22:42:24","guid":{"rendered":"https:\/\/www.fiscalia.gov.co\/colombia\/?p=272256"},"modified":"2023-05-26T17:42:24","modified_gmt":"2023-05-26T22:42:24","slug":"capturadas-cinco-personas-por-delitos-sexuales-y-violencia-intrafamiliar-en-el-tolima","status":"publish","type":"post","link":"https:\/\/www.fiscalia.gov.co\/colombia\/noticias\/capturadas-cinco-personas-por-delitos-sexuales-y-violencia-intrafamiliar-en-el-tolima\/","title":{"rendered":"Capturadas cinco personas por delitos sexuales y violencia intrafamiliar en el Tolima"},"content":{"rendered":"<h4 style=\"font-weight: 400;\"><strong><em>Dentro de este grupo se encuentran dos condenados por abuso sexual contra menores de edad y uno por violencia intrafamiliar.<\/em><\/strong><\/h4>\n<p style=\"font-weight: 400;\">La Fiscal\u00eda General de la Naci\u00f3n contin\u00faa con su lucha incansable de combatir los delitos que afectan mujeres, ni\u00f1os, ni\u00f1as y adolescentes. En este sentido,\u00a0en los \u00faltimos d\u00edas en el Tolima se logr\u00f3 capturar a cinco personas investigadas por delitos sexuales y violencia intrafamiliar.<\/p>\n<p style=\"font-weight: 400;\">Sus capturas se llevaron a cabo gracias a un trabajo coordinado entre el CTI de la Fiscal\u00eda, la Polic\u00eda Nacional y el Ej\u00e9rcito en diferentes puntos del departamento.<\/p>\n<p style=\"font-weight: 400;\">Dentro de este grupo se encuentran dos condenados por abuso sexual contra menores de edad y uno por violencia intrafamiliar.<\/p>\n<p style=\"font-weight: 400;\"><strong>Los condenados<\/strong><\/p>\n<p style=\"font-weight: 400;\">Entre los detenidos se encuentra V\u00edctor Hugo G\u00f3mez Medina, hallado penalmente responsable del delito de\u00a0actos sexuales con menor de 14 a\u00f1os, en concurso homog\u00e9neo sucesivo al tratarse de dos v\u00edctimas.<\/p>\n<p style=\"font-weight: 400;\">Los hechos por los cuales fue condenado a 10 a\u00f1os de prisi\u00f3n ocurrieron el 20 de marzo de 2010 cuando fue capturado en situaci\u00f3n de flagrancia luego de ser retenido por la comunidad que lo sorprendi\u00f3 realizando actos obscenos delante de\u00a0 menores de 11 y 14 a\u00f1os.<\/p>\n<p style=\"font-weight: 400;\">Otro de los capturados es un hombre de 54 a\u00f1os, hallado culpable por hechos de los cuales fue v\u00edctima su hijastra de 9 a\u00f1os en 2016, cuando compart\u00edan la misma vivienda.<\/p>\n<p style=\"font-weight: 400;\">El padrastro aprovechaba su proximidad para someterla a situaciones de \u00edndole sexual y tocamientos indebidos. En julio pr\u00f3ximo se conocer\u00e1 el monto de la pena que deber\u00e1 cumplir por el delito de actos sexuales abusivos con persona menor de 14 a\u00f1os agravado.<\/p>\n<figure id=\"attachment_272258\" aria-describedby=\"caption-attachment-272258\" style=\"width: 696px\" class=\"wp-caption aligncenter\"><img loading=\"lazy\" decoding=\"async\" class=\"size-large wp-image-272258\" src=\"https:\/\/www.fiscalia.gov.co\/colombia\/wp-content\/uploads\/padrastro-abusador-condenado-1024x796.jpeg\" alt=\"en la imagen se ve una persona detenida en custodia de un integrante de la Polic\u00eda, Ej\u00e9rcito y CTI. Detr\u00e1s suyo un backing de la Fiscal\u00eda y del Ej\u00e9rcito.\" width=\"696\" height=\"541\" srcset=\"https:\/\/www.fiscalia.gov.co\/colombia\/wp-content\/uploads\/padrastro-abusador-condenado-1024x796.jpeg 1024w, https:\/\/www.fiscalia.gov.co\/colombia\/wp-content\/uploads\/padrastro-abusador-condenado-300x233.jpeg 300w, https:\/\/www.fiscalia.gov.co\/colombia\/wp-content\/uploads\/padrastro-abusador-condenado-768x597.jpeg 768w, https:\/\/www.fiscalia.gov.co\/colombia\/wp-content\/uploads\/padrastro-abusador-condenado-1536x1193.jpeg 1536w, https:\/\/www.fiscalia.gov.co\/colombia\/wp-content\/uploads\/padrastro-abusador-condenado-696x541.jpeg 696w, https:\/\/www.fiscalia.gov.co\/colombia\/wp-content\/uploads\/padrastro-abusador-condenado-1068x830.jpeg 1068w, https:\/\/www.fiscalia.gov.co\/colombia\/wp-content\/uploads\/padrastro-abusador-condenado-541x420.jpeg 541w, https:\/\/www.fiscalia.gov.co\/colombia\/wp-content\/uploads\/padrastro-abusador-condenado.jpeg 1600w\" sizes=\"auto, (max-width: 696px) 100vw, 696px\" \/><figcaption id=\"caption-attachment-272258\" class=\"wp-caption-text\">Este hombre fue condenado por actos sexuales contra su hijastra.<\/figcaption><\/figure>\n<p style=\"font-weight: 400;\">Entretanto, por el delito de violencia intrafamiliar fue condenado Andr\u00e9s Felipe Nieves Casta\u00f1o a la pena de 6 a\u00f1os de prisi\u00f3n, tras ser hallado culpable de hechos ocurridos en noviembre del a\u00f1o 2017 en el barrio Isidro Parra, del L\u00edbano, cuando le propin\u00f3 una violenta golpiza a su entonces compa\u00f1era sentimental, una mujer de 40 a\u00f1os porque decidi\u00f3 terminar la relaci\u00f3n.<\/p>\n<figure id=\"attachment_272257\" aria-describedby=\"caption-attachment-272257\" style=\"width: 696px\" class=\"wp-caption aligncenter\"><img loading=\"lazy\" decoding=\"async\" class=\"size-large wp-image-272257\" src=\"https:\/\/www.fiscalia.gov.co\/colombia\/wp-content\/uploads\/andres-nieves-violencia-intrafamiliar-1012x1024.jpeg\" alt=\"en la imagen se ve un hombre detenido bajo custodia de la Polic\u00eda y el CTI. Detr\u00e1s suyo un backing de cada una de las instituciones en menci\u00f3n.\" width=\"696\" height=\"704\" srcset=\"https:\/\/www.fiscalia.gov.co\/colombia\/wp-content\/uploads\/andres-nieves-violencia-intrafamiliar-1012x1024.jpeg 1012w, https:\/\/www.fiscalia.gov.co\/colombia\/wp-content\/uploads\/andres-nieves-violencia-intrafamiliar-297x300.jpeg 297w, https:\/\/www.fiscalia.gov.co\/colombia\/wp-content\/uploads\/andres-nieves-violencia-intrafamiliar-768x777.jpeg 768w, https:\/\/www.fiscalia.gov.co\/colombia\/wp-content\/uploads\/andres-nieves-violencia-intrafamiliar-696x704.jpeg 696w, https:\/\/www.fiscalia.gov.co\/colombia\/wp-content\/uploads\/andres-nieves-violencia-intrafamiliar-415x420.jpeg 415w, https:\/\/www.fiscalia.gov.co\/colombia\/wp-content\/uploads\/andres-nieves-violencia-intrafamiliar.jpeg 1040w\" sizes=\"auto, (max-width: 696px) 100vw, 696px\" \/><figcaption id=\"caption-attachment-272257\" class=\"wp-caption-text\">Andr\u00e9s Felipe Nieves Casta\u00f1o fue condenado por violencia intrafamiliar en contra de su pareja a la pena de 6 a\u00f1os de prisi\u00f3n.<\/figcaption><\/figure>\n<p style=\"font-weight: 400;\">Estas decisiones son de primera instancia y sobre ellas proceden los recursos de ley.<\/p>\n<p style=\"font-weight: 400;\"><strong>Otros casos<\/strong><\/p>\n<p style=\"font-weight: 400;\">Las otras dos personas judicializadas son un profesor por actos sexuales con menor de 14 a\u00f1os y otra por violencia intrafamiliar.<\/p>\n<p style=\"font-weight: 400;\">Contra el primero, la Fiscal\u00eda solicit\u00f3 le fuera impuesta medida de aseguramiento carcelaria por hechos cometidos presuntamente en contra de una de sus alumnas de 11 a\u00f1os de edad en el Guamo (Tolima).<\/p>\n<p style=\"font-weight: 400;\">El hecho, seg\u00fan la denuncia, se habr\u00eda registrado el 14 de abril de este a\u00f1o en la instituci\u00f3n educativa donde el judicializado se desempe\u00f1a como docente de danzas, y quien habr\u00eda aprovechado dos ocasiones en las que estuvieron a solas para realizarle tocamientos inapropiados.<\/p>\n<p style=\"font-weight: 400;\">El juez que conoci\u00f3 el caso deneg\u00f3 la solicitud del ente acusador y por ello el titular del despacho que adelanta la investigaci\u00f3n apel\u00f3 dicha decisi\u00f3n.<\/p>\n<p style=\"font-weight: 400;\">La otra persona detenida por violencia intrafamiliar agravada fue Heider Alonso Cabrera \u00c1lvarez, de 28 a\u00f1os de edad quien fue afectado con medida de aseguramiento por hechos de los cuales vendr\u00eda siendo v\u00edctima su excompa\u00f1era de 33 a\u00f1os a quien, seg\u00fan la denuncia, somet\u00eda constantemente a violentas golpizas llegando al punto de agredirla con un machete el 1 de julio del a\u00f1o pasado, cuando ella le inform\u00f3 que lo iba a demandar por inasistencia alimentaria.<\/p>\n<p style=\"font-weight: 400;\">En esta investigaci\u00f3n se conexaron cuatro procesos.<\/p>\n<p style=\"font-weight: 400;\"><strong>La Fiscal\u00eda habla con resultados.<\/strong><\/p>\n<p>&nbsp;<\/p>\n<p>&nbsp;<\/p>\n<p>&nbsp;<\/p>\n<p>&nbsp;<\/p>\n<p>&nbsp;<\/p>\n<p>&nbsp;<\/p>\n<p style=\"font-weight: 400;\">PAAM\/CFG\/PAM\/SCC\/AMBV\/DST<\/p>\n<p style=\"font-weight: 400;\">\n<p style=\"font-weight: 400;\">\n<p style=\"font-weight: 400;\">\n<p style=\"font-weight: 400;\">\n<p style=\"font-weight: 400;\">\n<p style=\"font-weight: 400;\">\n<div class=\"td-post-content tagdiv-type\">\n<div class=\"td-post-content tagdiv-type\">\n<div class=\"td-post-content tagdiv-type\">\n<div dir=\"ltr\">\n<div dir=\"ltr\">\n<div dir=\"ltr\">\n<div class=\"td-post-content tagdiv-type\">\n<div lang=\"ES-CO\">\n<p><i>La informaci\u00f3n contenida en este bolet\u00edn de prensa corresponde a la narraci\u00f3n de los hechos noticiosos objetivos, suministrados por los funcionarios encargados de adelantar las investigaciones penales al interior de la Fiscal\u00eda General de la Naci\u00f3n. Para el momento de la divulgaci\u00f3n de este comunicado, la situaci\u00f3n jur\u00eddica de la(s) persona(s) relacionada(s) se encuentra pendiente de resolver por la autoridad judicial competente, siempre bajo los preceptos de la presunci\u00f3n de inocencia, consagrados en el art\u00edculo 29 de la Constituci\u00f3n Pol\u00edtica y el art\u00edculo 7\u00ba de la Ley 906 de 2004.<\/i><\/p>\n<\/div>\n<\/div>\n<\/div>\n<\/div>\n<\/div>\n<\/div>\n<\/div>\n<\/div>\n<footer>\n<div class=\"td-post-source-tags\"><\/div>\n<div class=\"td-post-sharing-bottom\"><\/div>\n<\/footer>\n\n<div class=\"twitter-share\"><a href=\"https:\/\/twitter.com\/intent\/tweet?via=fiscaliacol\" class=\"twitter-share-button\">Tweet<\/a><\/div>\n","protected":false},"excerpt":{"rendered":"<p>Dentro de este grupo se encuentran dos condenados por abuso sexual contra menores de edad y uno por violencia intrafamiliar. La Fiscal\u00eda General de la Naci\u00f3n contin\u00faa con su lucha incansable de combatir los delitos que afectan mujeres, ni\u00f1os, ni\u00f1as y adolescentes. En este sentido,\u00a0en los \u00faltimos d\u00edas en el Tolima se logr\u00f3 capturar a [&hellip;]<\/p>\n","protected":false},"author":177,"featured_media":0,"comment_status":"closed","ping_status":"open","sticky":false,"template":"","format":"standard","meta":{"_price":"","_stock":"","_tribe_ticket_header":"","_tribe_default_ticket_provider":"","_tribe_ticket_capacity":"0","_ticket_start_date":"","_ticket_end_date":"","_tribe_ticket_show_description":"","_tribe_ticket_show_not_going":false,"_tribe_ticket_use_global_stock":"","_tribe_ticket_global_stock_level":"","_global_stock_mode":"","_global_stock_cap":"","_tribe_rsvp_for_event":"","_tribe_ticket_going_count":"","_tribe_ticket_not_going_count":"","_tribe_tickets_list":"[]","_tribe_ticket_has_attendee_info_fields":false,"tdm_status":"","tdm_grid_status":"","footnotes":""},"categories":[1,329,303,24099],"tags":[12642,22652,2245,1330,293,45,2369,667,800,1047,25204,23838,23990,15474,24626,1628,695,558,769,24211,975,1176,34745],"class_list":{"0":"post-272256","1":"post","2":"type-post","3":"status-publish","4":"format-standard","6":"category-noticias","7":"category-seccional-ibague","8":"category-seccionales","9":"category-seguridad-territorial","10":"tag-actos-sexuales-con-menor-de-14-anos","11":"tag-alumna","12":"tag-caivas","13":"tag-cavif","14":"tag-condena","15":"tag-cti","16":"tag-de4litos-sexuales","17":"tag-ejercito","18":"tag-estudiante","19":"tag-fiscalia-general-de-la-nacion","20":"tag-guamo","21":"tag-ibague","22":"tag-ibague-tolima","23":"tag-imputacion-de-cargos","24":"tag-libano","25":"tag-menores-de-edad","26":"tag-padrastro","27":"tag-policia-nacional","28":"tag-profesor","29":"tag-seccional-tolima","30":"tag-sentencia","31":"tag-violencia-de-genero","32":"tag-violencia-itnrafamiliar-agravada"},"yoast_head":"<!-- This site is optimized with the Yoast SEO plugin v24.3 - https:\/\/yoast.com\/wordpress\/plugins\/seo\/ -->\n<title>Fiscal\u00eda General de la Naci\u00f3n<\/title>\n<meta name=\"description\" content=\"P\u00e1gina oficial de la Fiscal\u00eda General de la Naci\u00f3n \u2013 Colombia. Garantizamos el acceso efectivo a la justicia, la verdad y la reparaci\u00f3n de las v\u00edctimas de los delitos.\" \/>\n<meta name=\"robots\" content=\"noindex, follow\" \/>\n<meta property=\"og:locale\" content=\"es_ES\" \/>\n<meta property=\"og:type\" content=\"article\" \/>\n<meta property=\"og:title\" content=\"Fiscal\u00eda General de la Naci\u00f3n\" \/>\n<meta property=\"og:description\" content=\"P\u00e1gina oficial de la Fiscal\u00eda General de la Naci\u00f3n \u2013 Colombia. Garantizamos el acceso efectivo a la justicia, la verdad y la reparaci\u00f3n de las v\u00edctimas de los delitos.\" \/>\n<meta property=\"og:url\" content=\"https:\/\/www.fiscalia.gov.co\/colombia\/noticias\/capturadas-cinco-personas-por-delitos-sexuales-y-violencia-intrafamiliar-en-el-tolima\/\" \/>\n<meta property=\"og:site_name\" content=\"Fiscal\u00eda General de la Naci\u00f3n\" \/>\n<meta property=\"article:publisher\" content=\"https:\/\/www.facebook.com\/FiscaliaCol\" \/>\n<meta property=\"article:published_time\" content=\"2023-05-26T22:42:24+00:00\" \/>\n<meta property=\"og:image\" content=\"https:\/\/www.fiscalia.gov.co\/colombia\/wp-content\/uploads\/padrastro-abusador-condenado-1024x796.jpeg\" \/>\n<meta name=\"author\" content=\"Jordan Leandro Oviedo Anzola\" \/>\n<meta name=\"twitter:card\" content=\"summary_large_image\" \/>\n<meta name=\"twitter:creator\" content=\"@FiscaliaCol\" \/>\n<meta name=\"twitter:site\" content=\"@FiscaliaCol\" \/>\n<meta name=\"twitter:label1\" content=\"Escrito por\" \/>\n\t<meta name=\"twitter:data1\" content=\"Jordan Leandro Oviedo Anzola\" \/>\n\t<meta name=\"twitter:label2\" content=\"Tiempo de lectura\" \/>\n\t<meta name=\"twitter:data2\" content=\"4 minutos\" \/>\n<script type=\"application\/ld+json\" class=\"yoast-schema-graph\">{\"@context\":\"https:\/\/schema.org\",\"@graph\":[{\"@type\":\"Article\",\"@id\":\"https:\/\/www.fiscalia.gov.co\/colombia\/noticias\/capturadas-cinco-personas-por-delitos-sexuales-y-violencia-intrafamiliar-en-el-tolima\/#article\",\"isPartOf\":{\"@id\":\"https:\/\/www.fiscalia.gov.co\/colombia\/noticias\/capturadas-cinco-personas-por-delitos-sexuales-y-violencia-intrafamiliar-en-el-tolima\/\"},\"author\":{\"name\":\"Jordan Leandro Oviedo Anzola\",\"@id\":\"https:\/\/www.fiscalia.gov.co\/colombia\/#\/schema\/person\/bf84402cf293a5393e9c70b111020b24\"},\"headline\":\"Capturadas cinco personas por delitos sexuales y violencia intrafamiliar en el Tolima\",\"datePublished\":\"2023-05-26T22:42:24+00:00\",\"dateModified\":\"2023-05-26T22:42:24+00:00\",\"mainEntityOfPage\":{\"@id\":\"https:\/\/www.fiscalia.gov.co\/colombia\/noticias\/capturadas-cinco-personas-por-delitos-sexuales-y-violencia-intrafamiliar-en-el-tolima\/\"},\"wordCount\":764,\"publisher\":{\"@id\":\"https:\/\/www.fiscalia.gov.co\/colombia\/#organization\"},\"image\":{\"@id\":\"https:\/\/www.fiscalia.gov.co\/colombia\/noticias\/capturadas-cinco-personas-por-delitos-sexuales-y-violencia-intrafamiliar-en-el-tolima\/#primaryimage\"},\"thumbnailUrl\":\"https:\/\/www.fiscalia.gov.co\/colombia\/wp-content\/uploads\/padrastro-abusador-condenado-1024x796.jpeg\",\"keywords\":[\"actos sexuales con menor de 14 a\u00f1os\",\"Alumna\",\"Caivas\",\"Cavif\",\"Condena\",\"CTI\",\"Delitos sexuales\",\"Ej\u00e9rcito\",\"Estudiante\",\"Fiscal\u00eda General de la Naci\u00f3n\",\"Guamo\",\"Ibagu\u00e9\",\"Ibagu\u00e9 (Tolima)\",\"Imputaci\u00f3n de cargos\",\"L\u00edbano\",\"Menores de edad\",\"Padrastro\",\"Polic\u00eda Nacional\",\"Profesor\",\"Seccional Tolima\",\"Sentencia\",\"Violencia de g\u00e9nero\",\"violencia itnrafamiliar agravada\"],\"articleSection\":[\"Noticias\",\"Seccional Ibagu\u00e9\",\"Seccionales\",\"Seguridad territorial\"],\"inLanguage\":\"es-CO\"},{\"@type\":\"WebPage\",\"@id\":\"https:\/\/www.fiscalia.gov.co\/colombia\/noticias\/capturadas-cinco-personas-por-delitos-sexuales-y-violencia-intrafamiliar-en-el-tolima\/\",\"url\":\"https:\/\/www.fiscalia.gov.co\/colombia\/noticias\/capturadas-cinco-personas-por-delitos-sexuales-y-violencia-intrafamiliar-en-el-tolima\/\",\"name\":\"Fiscal\u00eda General de la Naci\u00f3n\",\"isPartOf\":{\"@id\":\"https:\/\/www.fiscalia.gov.co\/colombia\/#website\"},\"primaryImageOfPage\":{\"@id\":\"https:\/\/www.fiscalia.gov.co\/colombia\/noticias\/capturadas-cinco-personas-por-delitos-sexuales-y-violencia-intrafamiliar-en-el-tolima\/#primaryimage\"},\"image\":{\"@id\":\"https:\/\/www.fiscalia.gov.co\/colombia\/noticias\/capturadas-cinco-personas-por-delitos-sexuales-y-violencia-intrafamiliar-en-el-tolima\/#primaryimage\"},\"thumbnailUrl\":\"https:\/\/www.fiscalia.gov.co\/colombia\/wp-content\/uploads\/padrastro-abusador-condenado-1024x796.jpeg\",\"datePublished\":\"2023-05-26T22:42:24+00:00\",\"dateModified\":\"2023-05-26T22:42:24+00:00\",\"description\":\"P\u00e1gina oficial de la Fiscal\u00eda General de la Naci\u00f3n \u2013 Colombia. Garantizamos el acceso efectivo a la justicia, la verdad y la reparaci\u00f3n de las v\u00edctimas de los delitos.\",\"breadcrumb\":{\"@id\":\"https:\/\/www.fiscalia.gov.co\/colombia\/noticias\/capturadas-cinco-personas-por-delitos-sexuales-y-violencia-intrafamiliar-en-el-tolima\/#breadcrumb\"},\"inLanguage\":\"es-CO\",\"potentialAction\":[{\"@type\":\"ReadAction\",\"target\":[\"https:\/\/www.fiscalia.gov.co\/colombia\/noticias\/capturadas-cinco-personas-por-delitos-sexuales-y-violencia-intrafamiliar-en-el-tolima\/\"]}]},{\"@type\":\"ImageObject\",\"inLanguage\":\"es-CO\",\"@id\":\"https:\/\/www.fiscalia.gov.co\/colombia\/noticias\/capturadas-cinco-personas-por-delitos-sexuales-y-violencia-intrafamiliar-en-el-tolima\/#primaryimage\",\"url\":\"https:\/\/www.fiscalia.gov.co\/colombia\/wp-content\/uploads\/padrastro-abusador-condenado-1024x796.jpeg\",\"contentUrl\":\"https:\/\/www.fiscalia.gov.co\/colombia\/wp-content\/uploads\/padrastro-abusador-condenado-1024x796.jpeg\"},{\"@type\":\"BreadcrumbList\",\"@id\":\"https:\/\/www.fiscalia.gov.co\/colombia\/noticias\/capturadas-cinco-personas-por-delitos-sexuales-y-violencia-intrafamiliar-en-el-tolima\/#breadcrumb\",\"itemListElement\":[{\"@type\":\"ListItem\",\"position\":1,\"name\":\"Home\",\"item\":\"https:\/\/www.fiscalia.gov.co\/colombia\/\"},{\"@type\":\"ListItem\",\"position\":2,\"name\":\"Capturadas cinco personas por delitos sexuales y violencia intrafamiliar en el Tolima\"}]},{\"@type\":\"WebSite\",\"@id\":\"https:\/\/www.fiscalia.gov.co\/colombia\/#website\",\"url\":\"https:\/\/www.fiscalia.gov.co\/colombia\/\",\"name\":\"Fiscal\u00eda General de la Naci\u00f3n\",\"description\":\"P\u00e1gina oficial de la Fiscal\u00eda General de la Naci\u00f3n \u2013 Colombia. Garantizamos el acceso efectivo a la justicia, la verdad y la reparaci\u00f3n de las v\u00edctimas de los delitos.\",\"publisher\":{\"@id\":\"https:\/\/www.fiscalia.gov.co\/colombia\/#organization\"},\"potentialAction\":[{\"@type\":\"SearchAction\",\"target\":{\"@type\":\"EntryPoint\",\"urlTemplate\":\"https:\/\/www.fiscalia.gov.co\/colombia\/?s={search_term_string}\"},\"query-input\":{\"@type\":\"PropertyValueSpecification\",\"valueRequired\":true,\"valueName\":\"search_term_string\"}}],\"inLanguage\":\"es-CO\"},{\"@type\":\"Organization\",\"@id\":\"https:\/\/www.fiscalia.gov.co\/colombia\/#organization\",\"name\":\"Fiscal\u00eda General de la Naci\u00f3n\",\"url\":\"https:\/\/www.fiscalia.gov.co\/colombia\/\",\"logo\":{\"@type\":\"ImageObject\",\"inLanguage\":\"es-CO\",\"@id\":\"https:\/\/www.fiscalia.gov.co\/colombia\/#\/schema\/logo\/image\/\",\"url\":\"https:\/\/www.fiscalia.gov.co\/colombia\/wp-content\/uploads\/LogoHorizontal_1.jpg\",\"contentUrl\":\"https:\/\/www.fiscalia.gov.co\/colombia\/wp-content\/uploads\/LogoHorizontal_1.jpg\",\"width\":300,\"height\":90,\"caption\":\"Fiscal\u00eda General de la Naci\u00f3n\"},\"image\":{\"@id\":\"https:\/\/www.fiscalia.gov.co\/colombia\/#\/schema\/logo\/image\/\"},\"sameAs\":[\"https:\/\/www.facebook.com\/FiscaliaCol\",\"https:\/\/x.com\/FiscaliaCol\",\"https:\/\/www.instagram.com\/fiscaliacol\",\"https:\/\/www.linkedin.com\/company\/fiscalia-general-de-la-naci-n\/\",\"https:\/\/youtube.com\/@fiscaliageneraldelanacion-4668?si=6nN79nyQICPU5iTh\"]},{\"@type\":\"Person\",\"@id\":\"https:\/\/www.fiscalia.gov.co\/colombia\/#\/schema\/person\/bf84402cf293a5393e9c70b111020b24\",\"name\":\"Jordan Leandro Oviedo Anzola\",\"image\":{\"@type\":\"ImageObject\",\"inLanguage\":\"es-CO\",\"@id\":\"https:\/\/www.fiscalia.gov.co\/colombia\/#\/schema\/person\/image\/\",\"url\":\"https:\/\/secure.gravatar.com\/avatar\/dabba4346fa9b9207d96adafa8f92721?s=96&d=mm&r=g\",\"contentUrl\":\"https:\/\/secure.gravatar.com\/avatar\/dabba4346fa9b9207d96adafa8f92721?s=96&d=mm&r=g\",\"caption\":\"Jordan Leandro Oviedo Anzola\"},\"url\":\"https:\/\/www.fiscalia.gov.co\/colombia\/author\/joviedo\/\"}]}<\/script>\n<!-- \/ Yoast SEO plugin. -->","yoast_head_json":{"title":"Fiscal\u00eda General de la Naci\u00f3n","description":"P\u00e1gina oficial de la Fiscal\u00eda General de la Naci\u00f3n \u2013 Colombia. Garantizamos el acceso efectivo a la justicia, la verdad y la reparaci\u00f3n de las v\u00edctimas de los delitos.","robots":{"index":"noindex","follow":"follow"},"og_locale":"es_ES","og_type":"article","og_title":"Fiscal\u00eda General de la Naci\u00f3n","og_description":"P\u00e1gina oficial de la Fiscal\u00eda General de la Naci\u00f3n \u2013 Colombia. Garantizamos el acceso efectivo a la justicia, la verdad y la reparaci\u00f3n de las v\u00edctimas de los delitos.","og_url":"https:\/\/www.fiscalia.gov.co\/colombia\/noticias\/capturadas-cinco-personas-por-delitos-sexuales-y-violencia-intrafamiliar-en-el-tolima\/","og_site_name":"Fiscal\u00eda General de la Naci\u00f3n","article_publisher":"https:\/\/www.facebook.com\/FiscaliaCol","article_published_time":"2023-05-26T22:42:24+00:00","og_image":[{"url":"https:\/\/www.fiscalia.gov.co\/colombia\/wp-content\/uploads\/padrastro-abusador-condenado-1024x796.jpeg","type":"","width":"","height":""}],"author":"Jordan Leandro Oviedo Anzola","twitter_card":"summary_large_image","twitter_creator":"@FiscaliaCol","twitter_site":"@FiscaliaCol","twitter_misc":{"Escrito por":"Jordan Leandro Oviedo Anzola","Tiempo de lectura":"4 minutos"},"schema":{"@context":"https:\/\/schema.org","@graph":[{"@type":"Article","@id":"https:\/\/www.fiscalia.gov.co\/colombia\/noticias\/capturadas-cinco-personas-por-delitos-sexuales-y-violencia-intrafamiliar-en-el-tolima\/#article","isPartOf":{"@id":"https:\/\/www.fiscalia.gov.co\/colombia\/noticias\/capturadas-cinco-personas-por-delitos-sexuales-y-violencia-intrafamiliar-en-el-tolima\/"},"author":{"name":"Jordan Leandro Oviedo Anzola","@id":"https:\/\/www.fiscalia.gov.co\/colombia\/#\/schema\/person\/bf84402cf293a5393e9c70b111020b24"},"headline":"Capturadas cinco personas por delitos sexuales y violencia intrafamiliar en el Tolima","datePublished":"2023-05-26T22:42:24+00:00","dateModified":"2023-05-26T22:42:24+00:00","mainEntityOfPage":{"@id":"https:\/\/www.fiscalia.gov.co\/colombia\/noticias\/capturadas-cinco-personas-por-delitos-sexuales-y-violencia-intrafamiliar-en-el-tolima\/"},"wordCount":764,"publisher":{"@id":"https:\/\/www.fiscalia.gov.co\/colombia\/#organization"},"image":{"@id":"https:\/\/www.fiscalia.gov.co\/colombia\/noticias\/capturadas-cinco-personas-por-delitos-sexuales-y-violencia-intrafamiliar-en-el-tolima\/#primaryimage"},"thumbnailUrl":"https:\/\/www.fiscalia.gov.co\/colombia\/wp-content\/uploads\/padrastro-abusador-condenado-1024x796.jpeg","keywords":["actos sexuales con menor de 14 a\u00f1os","Alumna","Caivas","Cavif","Condena","CTI","Delitos sexuales","Ej\u00e9rcito","Estudiante","Fiscal\u00eda General de la Naci\u00f3n","Guamo","Ibagu\u00e9","Ibagu\u00e9 (Tolima)","Imputaci\u00f3n de cargos","L\u00edbano","Menores de edad","Padrastro","Polic\u00eda Nacional","Profesor","Seccional Tolima","Sentencia","Violencia de g\u00e9nero","violencia itnrafamiliar agravada"],"articleSection":["Noticias","Seccional Ibagu\u00e9","Seccionales","Seguridad territorial"],"inLanguage":"es-CO"},{"@type":"WebPage","@id":"https:\/\/www.fiscalia.gov.co\/colombia\/noticias\/capturadas-cinco-personas-por-delitos-sexuales-y-violencia-intrafamiliar-en-el-tolima\/","url":"https:\/\/www.fiscalia.gov.co\/colombia\/noticias\/capturadas-cinco-personas-por-delitos-sexuales-y-violencia-intrafamiliar-en-el-tolima\/","name":"Fiscal\u00eda General de la Naci\u00f3n","isPartOf":{"@id":"https:\/\/www.fiscalia.gov.co\/colombia\/#website"},"primaryImageOfPage":{"@id":"https:\/\/www.fiscalia.gov.co\/colombia\/noticias\/capturadas-cinco-personas-por-delitos-sexuales-y-violencia-intrafamiliar-en-el-tolima\/#primaryimage"},"image":{"@id":"https:\/\/www.fiscalia.gov.co\/colombia\/noticias\/capturadas-cinco-personas-por-delitos-sexuales-y-violencia-intrafamiliar-en-el-tolima\/#primaryimage"},"thumbnailUrl":"https:\/\/www.fiscalia.gov.co\/colombia\/wp-content\/uploads\/padrastro-abusador-condenado-1024x796.jpeg","datePublished":"2023-05-26T22:42:24+00:00","dateModified":"2023-05-26T22:42:24+00:00","description":"P\u00e1gina oficial de la Fiscal\u00eda General de la Naci\u00f3n \u2013 Colombia. Garantizamos el acceso efectivo a la justicia, la verdad y la reparaci\u00f3n de las v\u00edctimas de los delitos.","breadcrumb":{"@id":"https:\/\/www.fiscalia.gov.co\/colombia\/noticias\/capturadas-cinco-personas-por-delitos-sexuales-y-violencia-intrafamiliar-en-el-tolima\/#breadcrumb"},"inLanguage":"es-CO","potentialAction":[{"@type":"ReadAction","target":["https:\/\/www.fiscalia.gov.co\/colombia\/noticias\/capturadas-cinco-personas-por-delitos-sexuales-y-violencia-intrafamiliar-en-el-tolima\/"]}]},{"@type":"ImageObject","inLanguage":"es-CO","@id":"https:\/\/www.fiscalia.gov.co\/colombia\/noticias\/capturadas-cinco-personas-por-delitos-sexuales-y-violencia-intrafamiliar-en-el-tolima\/#primaryimage","url":"https:\/\/www.fiscalia.gov.co\/colombia\/wp-content\/uploads\/padrastro-abusador-condenado-1024x796.jpeg","contentUrl":"https:\/\/www.fiscalia.gov.co\/colombia\/wp-content\/uploads\/padrastro-abusador-condenado-1024x796.jpeg"},{"@type":"BreadcrumbList","@id":"https:\/\/www.fiscalia.gov.co\/colombia\/noticias\/capturadas-cinco-personas-por-delitos-sexuales-y-violencia-intrafamiliar-en-el-tolima\/#breadcrumb","itemListElement":[{"@type":"ListItem","position":1,"name":"Home","item":"https:\/\/www.fiscalia.gov.co\/colombia\/"},{"@type":"ListItem","position":2,"name":"Capturadas cinco personas por delitos sexuales y violencia intrafamiliar en el Tolima"}]},{"@type":"WebSite","@id":"https:\/\/www.fiscalia.gov.co\/colombia\/#website","url":"https:\/\/www.fiscalia.gov.co\/colombia\/","name":"Fiscal\u00eda General de la Naci\u00f3n","description":"P\u00e1gina oficial de la Fiscal\u00eda General de la Naci\u00f3n \u2013 Colombia. Garantizamos el acceso efectivo a la justicia, la verdad y la reparaci\u00f3n de las v\u00edctimas de los delitos.","publisher":{"@id":"https:\/\/www.fiscalia.gov.co\/colombia\/#organization"},"potentialAction":[{"@type":"SearchAction","target":{"@type":"EntryPoint","urlTemplate":"https:\/\/www.fiscalia.gov.co\/colombia\/?s={search_term_string}"},"query-input":{"@type":"PropertyValueSpecification","valueRequired":true,"valueName":"search_term_string"}}],"inLanguage":"es-CO"},{"@type":"Organization","@id":"https:\/\/www.fiscalia.gov.co\/colombia\/#organization","name":"Fiscal\u00eda General de la Naci\u00f3n","url":"https:\/\/www.fiscalia.gov.co\/colombia\/","logo":{"@type":"ImageObject","inLanguage":"es-CO","@id":"https:\/\/www.fiscalia.gov.co\/colombia\/#\/schema\/logo\/image\/","url":"https:\/\/www.fiscalia.gov.co\/colombia\/wp-content\/uploads\/LogoHorizontal_1.jpg","contentUrl":"https:\/\/www.fiscalia.gov.co\/colombia\/wp-content\/uploads\/LogoHorizontal_1.jpg","width":300,"height":90,"caption":"Fiscal\u00eda General de la Naci\u00f3n"},"image":{"@id":"https:\/\/www.fiscalia.gov.co\/colombia\/#\/schema\/logo\/image\/"},"sameAs":["https:\/\/www.facebook.com\/FiscaliaCol","https:\/\/x.com\/FiscaliaCol","https:\/\/www.instagram.com\/fiscaliacol","https:\/\/www.linkedin.com\/company\/fiscalia-general-de-la-naci-n\/","https:\/\/youtube.com\/@fiscaliageneraldelanacion-4668?si=6nN79nyQICPU5iTh"]},{"@type":"Person","@id":"https:\/\/www.fiscalia.gov.co\/colombia\/#\/schema\/person\/bf84402cf293a5393e9c70b111020b24","name":"Jordan Leandro Oviedo Anzola","image":{"@type":"ImageObject","inLanguage":"es-CO","@id":"https:\/\/www.fiscalia.gov.co\/colombia\/#\/schema\/person\/image\/","url":"https:\/\/secure.gravatar.com\/avatar\/dabba4346fa9b9207d96adafa8f92721?s=96&d=mm&r=g","contentUrl":"https:\/\/secure.gravatar.com\/avatar\/dabba4346fa9b9207d96adafa8f92721?s=96&d=mm&r=g","caption":"Jordan Leandro Oviedo Anzola"},"url":"https:\/\/www.fiscalia.gov.co\/colombia\/author\/joviedo\/"}]}},"_links":{"self":[{"href":"https:\/\/www.fiscalia.gov.co\/colombia\/wp-json\/wp\/v2\/posts\/272256","targetHints":{"allow":["GET"]}}],"collection":[{"href":"https:\/\/www.fiscalia.gov.co\/colombia\/wp-json\/wp\/v2\/posts"}],"about":[{"href":"https:\/\/www.fiscalia.gov.co\/colombia\/wp-json\/wp\/v2\/types\/post"}],"author":[{"embeddable":true,"href":"https:\/\/www.fiscalia.gov.co\/colombia\/wp-json\/wp\/v2\/users\/177"}],"replies":[{"embeddable":true,"href":"https:\/\/www.fiscalia.gov.co\/colombia\/wp-json\/wp\/v2\/comments?post=272256"}],"version-history":[{"count":1,"href":"https:\/\/www.fiscalia.gov.co\/colombia\/wp-json\/wp\/v2\/posts\/272256\/revisions"}],"predecessor-version":[{"id":272260,"href":"https:\/\/www.fiscalia.gov.co\/colombia\/wp-json\/wp\/v2\/posts\/272256\/revisions\/272260"}],"wp:attachment":[{"href":"https:\/\/www.fiscalia.gov.co\/colombia\/wp-json\/wp\/v2\/media?parent=272256"}],"wp:term":[{"taxonomy":"category","embeddable":true,"href":"https:\/\/www.fiscalia.gov.co\/colombia\/wp-json\/wp\/v2\/categories?post=272256"},{"taxonomy":"post_tag","embeddable":true,"href":"https:\/\/www.fiscalia.gov.co\/colombia\/wp-json\/wp\/v2\/tags?post=272256"}],"curies":[{"name":"wp","href":"https:\/\/api.w.org\/{rel}","templated":true}]}}