{"id":272222,"date":"2023-05-26T15:37:55","date_gmt":"2023-05-26T20:37:55","guid":{"rendered":"https:\/\/www.fiscalia.gov.co\/colombia\/?p=272222"},"modified":"2023-05-26T15:37:55","modified_gmt":"2023-05-26T20:37:55","slug":"sentencia-condenatoria-contra-un-hombre-quien-se-hizo-pasar-por-miembro-de-una-disidencia-de-las-farc-para-cobrar-una-extorsion-de-15-000-000","status":"publish","type":"post","link":"https:\/\/www.fiscalia.gov.co\/colombia\/noticias\/sentencia-condenatoria-contra-un-hombre-quien-se-hizo-pasar-por-miembro-de-una-disidencia-de-las-farc-para-cobrar-una-extorsion-de-15-000-000\/","title":{"rendered":"Sentencia condenatoria contra un hombre, quien se hizo pasar por miembro de una disidencia de las Farc para cobrar una extorsi\u00f3n de $15.000.000"},"content":{"rendered":"<p style=\"font-weight: 400;\">Un fiscal especializado Gaula logr\u00f3 que un juez con funciones de conocimiento de la capital de Nari\u00f1o condenara a Brayan Estiven Tenorio Cuajiboy a 6 a\u00f1os de prisi\u00f3n, por extorsionar al gerente de establecimiento comercial, haci\u00e9ndose pasar por integrante de la disidencia residual <a href=\"https:\/\/www.fiscalia.gov.co\/colombia\/noticias\/fiscalia-impacta-a-estructura-criminal-senalada-de-obtener-armas-largas-a-gran-escala-para-las-disidencias-de-las-farc\/\" data-saferedirecturl=\"https:\/\/www.google.com\/url?q=https:\/\/www.fiscalia.gov.co\/colombia\/noticias\/fiscalia-impacta-a-estructura-criminal-senalada-de-obtener-armas-largas-a-gran-escala-para-las-disidencias-de-las-farc\/&amp;source=gmail&amp;ust=1685219539342000&amp;usg=AOvVaw3dfoojszJu-ckCIZtKlLmv\">Carlos Pati\u00f1o<\/a>de las extintas Farc, en Ricaurte (Nari\u00f1o)<\/p>\n<figure id=\"attachment_272223\" aria-describedby=\"caption-attachment-272223\" style=\"width: 696px\" class=\"wp-caption aligncenter\"><img loading=\"lazy\" decoding=\"async\" class=\"size-large wp-image-272223\" src=\"https:\/\/www.fiscalia.gov.co\/colombia\/wp-content\/uploads\/WhatsApp-Image-2023-05-26-at-3.23.39-PM-1024x745.jpeg\" alt=\"En la fotograf\u00eda aparece el capturado junto a un agente del Gaula de la Polic\u00eda y un soldado del Gaula militar. En la parte superior se observan un banner de la Polic\u00eda Nacional y un banner del Gaula Militar\" width=\"696\" height=\"506\" srcset=\"https:\/\/www.fiscalia.gov.co\/colombia\/wp-content\/uploads\/WhatsApp-Image-2023-05-26-at-3.23.39-PM-1024x745.jpeg 1024w, https:\/\/www.fiscalia.gov.co\/colombia\/wp-content\/uploads\/WhatsApp-Image-2023-05-26-at-3.23.39-PM-300x218.jpeg 300w, https:\/\/www.fiscalia.gov.co\/colombia\/wp-content\/uploads\/WhatsApp-Image-2023-05-26-at-3.23.39-PM-768x559.jpeg 768w, https:\/\/www.fiscalia.gov.co\/colombia\/wp-content\/uploads\/WhatsApp-Image-2023-05-26-at-3.23.39-PM-1536x1117.jpeg 1536w, https:\/\/www.fiscalia.gov.co\/colombia\/wp-content\/uploads\/WhatsApp-Image-2023-05-26-at-3.23.39-PM-696x506.jpeg 696w, https:\/\/www.fiscalia.gov.co\/colombia\/wp-content\/uploads\/WhatsApp-Image-2023-05-26-at-3.23.39-PM-1068x777.jpeg 1068w, https:\/\/www.fiscalia.gov.co\/colombia\/wp-content\/uploads\/WhatsApp-Image-2023-05-26-at-3.23.39-PM-577x420.jpeg 577w, https:\/\/www.fiscalia.gov.co\/colombia\/wp-content\/uploads\/WhatsApp-Image-2023-05-26-at-3.23.39-PM-324x235.jpeg 324w, https:\/\/www.fiscalia.gov.co\/colombia\/wp-content\/uploads\/WhatsApp-Image-2023-05-26-at-3.23.39-PM.jpeg 1600w\" sizes=\"auto, (max-width: 696px) 100vw, 696px\" \/><figcaption id=\"caption-attachment-272223\" class=\"wp-caption-text\">Brayan Estiven Tenorio Cuajiboy fue sentenciado a 6 a\u00f1os de prisi\u00f3n por un juez pena por el delito de extorsi\u00f3n agravada<\/figcaption><\/figure>\n<p style=\"font-weight: 400;\">De acuerdo con el proceso penal, los hechos ocurrieron el 2 de julio de 2022, tres sujetos llegaron al local comercial en una motocicleta, compraron un yogurt, pagaron en efectivo y uno de ellos le entreg\u00f3 a la cajera un volante con esta leyenda: \u201cFARC-EP Comando Coordinador del Occidente. 3177065398. Comunicarse al Whastapp.<\/p>\n<p style=\"font-weight: 400;\">Los hechos quedaron grabados en las c\u00e1maras de seguridad del local comercial.<\/p>\n<p style=\"font-weight: 400;\">Los directivos instauraron una denuncia ante el Gaula de la Polic\u00eda, cuyos investigadores marcaron el n\u00famero telef\u00f3nico del volante, estableciendo comunicaci\u00f3n con alias David, quien exigi\u00f3 el pago de $15.000.000 para dejar trabajar a los empleados y no cometer atentados terroristas contra las dem\u00e1s tiendas de la ciudad.<\/p>\n<p style=\"font-weight: 400;\">Los agentes del Gaula llegaron a un acuerdo con alias David para pagar una cuota de $7.000.000, que deb\u00edan ser entregados el 7 de julio de 2022, en un lugar que los extorsionistas indicar\u00edan. Ese d\u00eda dos hombres llegaron al establecimiento en una motocicleta. Uno de ellos ingres\u00f3 a las instalaciones, se entrevist\u00f3 con un directivo, quien le entreg\u00f3 el dinero en un sobre de manila y solicit\u00f3 un paz y salvo, a lo que el extorsionista le asegur\u00f3 que \u201cLas Farc eran gente seria y que respetaba lo pactado\u201d.<\/p>\n<p style=\"font-weight: 400;\">Una vez el hombre recibi\u00f3 el dinero le hizo una se\u00f1al al conductor de la motocicleta, cuando iba a abordar el veh\u00edculo fueron capturados por unidades del Gaula Polic\u00eda y soldados del Gaula Militar. Uno de los procesados fue identificado como Brayan Estiven Tenorio Cuajiboy, quien ser\u00eda la persona que recibi\u00f3 los 7 millones de pesos.<\/p>\n<p style=\"font-weight: 400;\">Tenorio Cuajiboy cumplir\u00e1 la condena en centro carcelario como autor del delito de extorsi\u00f3n,\u00a0adem\u00e1s debe pagar una multa de 1.600 salarios m\u00ednimos legales vigentes.<\/p>\n<p style=\"font-weight: 400;\">Esta informaci\u00f3n se publica por razones de inter\u00e9s general<\/p>\n<p style=\"font-weight: 400;\"><strong>La Fiscal\u00eda habla con resultados\u00a0\u00a0<\/strong><\/p>\n<p>&nbsp;<\/p>\n<p>&nbsp;<\/p>\n<p>&nbsp;<\/p>\n<p>&nbsp;<\/p>\n<p>&nbsp;<\/p>\n<p style=\"font-weight: 400;\">\n<p style=\"font-weight: 400;\">JGPV\/FAGH \/LVB\/DSN<\/p>\n<p>&nbsp;<\/p>\n<p>&nbsp;<\/p>\n<p>&nbsp;<\/p>\n<p>&nbsp;<\/p>\n<p>&nbsp;<\/p>\n<div class=\"td-post-content tagdiv-type\">\n<div class=\"td-post-content tagdiv-type\">\n<div class=\"td-post-content tagdiv-type\">\n<p><i>La informaci\u00f3n contenida en este bolet\u00edn de prensa corresponde a la narraci\u00f3n de los hechos noticiosos objetivos, suministrados por los funcionarios encargados de adelantar las investigaciones penales al interior de la Fiscal\u00eda General de la Naci\u00f3n. Para el momento de la divulgaci\u00f3n de este comunicado, la situaci\u00f3n jur\u00eddica de la(s) persona(s) relacionada(s) se encuentra pendiente de resolver por la autoridad judicial competente, siempre bajo los preceptos de la presunci\u00f3n de inocencia, consagrados en el art\u00edculo 29 de la Constituci\u00f3n Pol\u00edtica y el art\u00edculo 7\u00ba de la Ley 906 de 2004.<\/i><\/p>\n<\/div>\n<\/div>\n<\/div>\n<footer>\n<div class=\"td-post-source-tags\"><\/div>\n<div class=\"td-post-sharing-bottom\"><\/div>\n<\/footer>\n\n<div class=\"twitter-share\"><a href=\"https:\/\/twitter.com\/intent\/tweet?via=fiscaliacol\" class=\"twitter-share-button\">Tweet<\/a><\/div>\n","protected":false},"excerpt":{"rendered":"<p>Un fiscal especializado Gaula logr\u00f3 que un juez con funciones de conocimiento de la capital de Nari\u00f1o condenara a Brayan Estiven Tenorio Cuajiboy a 6 a\u00f1os de prisi\u00f3n, por extorsionar [&hellip;]<\/p>\n","protected":false},"author":177,"featured_media":0,"comment_status":"closed","ping_status":"open","sticky":false,"template":"","format":"standard","meta":{"tdm_status":"","tdm_grid_status":"","footnotes":""},"categories":[1,334,303,24099],"tags":[24205,14284,871,436,24185,1047,20,23992],"class_list":["post-272222","post","type-post","status-publish","format-standard","category-noticias","category-seccional-pasto","category-seccionales","category-seguridad-territorial","tag-disidencias","tag-establecimiento-comercial","tag-extorion","tag-farc","tag-fiscal-barbosa","tag-fiscalia-general-de-la-nacion","tag-gaula","tag-pasto-narino"],"yoast_head":"<!-- This site is optimized with the Yoast SEO plugin v24.3 - https:\/\/yoast.com\/wordpress\/plugins\/seo\/ -->\n<title>Fiscal\u00eda General de la Naci\u00f3n<\/title>\n<meta name=\"description\" content=\"P\u00e1gina oficial de la Fiscal\u00eda General de la Naci\u00f3n \u2013 Colombia. Garantizamos el acceso efectivo a la justicia, la verdad y la reparaci\u00f3n de las v\u00edctimas de los delitos.\" \/>\n<meta name=\"robots\" content=\"noindex, follow\" \/>\n<meta property=\"og:locale\" content=\"es_ES\" \/>\n<meta property=\"og:type\" content=\"article\" \/>\n<meta property=\"og:title\" content=\"Fiscal\u00eda General de la Naci\u00f3n\" \/>\n<meta property=\"og:description\" content=\"P\u00e1gina oficial de la Fiscal\u00eda General de la Naci\u00f3n \u2013 Colombia. Garantizamos el acceso efectivo a la justicia, la verdad y la reparaci\u00f3n de las v\u00edctimas de los delitos.\" \/>\n<meta property=\"og:url\" content=\"https:\/\/www.fiscalia.gov.co\/colombia\/noticias\/sentencia-condenatoria-contra-un-hombre-quien-se-hizo-pasar-por-miembro-de-una-disidencia-de-las-farc-para-cobrar-una-extorsion-de-15-000-000\/\" \/>\n<meta property=\"og:site_name\" content=\"Fiscal\u00eda General de la Naci\u00f3n\" \/>\n<meta property=\"article:publisher\" content=\"https:\/\/www.facebook.com\/FiscaliaCol\" \/>\n<meta property=\"article:published_time\" content=\"2023-05-26T20:37:55+00:00\" \/>\n<meta property=\"og:image\" content=\"https:\/\/www.fiscalia.gov.co\/colombia\/wp-content\/uploads\/WhatsApp-Image-2023-05-26-at-3.23.39-PM-1024x745.jpeg\" \/>\n<meta name=\"author\" content=\"Jordan Leandro Oviedo Anzola\" \/>\n<meta name=\"twitter:card\" content=\"summary_large_image\" \/>\n<meta name=\"twitter:creator\" content=\"@FiscaliaCol\" \/>\n<meta name=\"twitter:site\" content=\"@FiscaliaCol\" \/>\n<meta name=\"twitter:label1\" content=\"Escrito por\" \/>\n\t<meta name=\"twitter:data1\" content=\"Jordan Leandro Oviedo Anzola\" \/>\n\t<meta name=\"twitter:label2\" content=\"Tiempo de lectura\" \/>\n\t<meta name=\"twitter:data2\" content=\"3 minutos\" \/>\n<script type=\"application\/ld+json\" class=\"yoast-schema-graph\">{\"@context\":\"https:\/\/schema.org\",\"@graph\":[{\"@type\":\"Article\",\"@id\":\"https:\/\/www.fiscalia.gov.co\/colombia\/noticias\/sentencia-condenatoria-contra-un-hombre-quien-se-hizo-pasar-por-miembro-de-una-disidencia-de-las-farc-para-cobrar-una-extorsion-de-15-000-000\/#article\",\"isPartOf\":{\"@id\":\"https:\/\/www.fiscalia.gov.co\/colombia\/noticias\/sentencia-condenatoria-contra-un-hombre-quien-se-hizo-pasar-por-miembro-de-una-disidencia-de-las-farc-para-cobrar-una-extorsion-de-15-000-000\/\"},\"author\":{\"name\":\"Jordan Leandro Oviedo Anzola\",\"@id\":\"https:\/\/www.fiscalia.gov.co\/colombia\/#\/schema\/person\/bf84402cf293a5393e9c70b111020b24\"},\"headline\":\"Sentencia condenatoria contra un hombre, quien se hizo pasar por miembro de una disidencia de las Farc para cobrar una extorsi\u00f3n de $15.000.000\",\"datePublished\":\"2023-05-26T20:37:55+00:00\",\"dateModified\":\"2023-05-26T20:37:55+00:00\",\"mainEntityOfPage\":{\"@id\":\"https:\/\/www.fiscalia.gov.co\/colombia\/noticias\/sentencia-condenatoria-contra-un-hombre-quien-se-hizo-pasar-por-miembro-de-una-disidencia-de-las-farc-para-cobrar-una-extorsion-de-15-000-000\/\"},\"wordCount\":533,\"publisher\":{\"@id\":\"https:\/\/www.fiscalia.gov.co\/colombia\/#organization\"},\"image\":{\"@id\":\"https:\/\/www.fiscalia.gov.co\/colombia\/noticias\/sentencia-condenatoria-contra-un-hombre-quien-se-hizo-pasar-por-miembro-de-una-disidencia-de-las-farc-para-cobrar-una-extorsion-de-15-000-000\/#primaryimage\"},\"thumbnailUrl\":\"https:\/\/www.fiscalia.gov.co\/colombia\/wp-content\/uploads\/WhatsApp-Image-2023-05-26-at-3.23.39-PM-1024x745.jpeg\",\"keywords\":[\"disidencias\",\"Establecimiento comercial\",\"Extorsi\u00f3n\",\"Farc\",\"Fiscal Barbosa\",\"Fiscal\u00eda General de la Naci\u00f3n\",\"Gaula\",\"Pasto (Nari\u00f1o)\"],\"articleSection\":[\"Noticias\",\"Seccional Pasto\",\"Seccionales\",\"Seguridad territorial\"],\"inLanguage\":\"es-CO\"},{\"@type\":\"WebPage\",\"@id\":\"https:\/\/www.fiscalia.gov.co\/colombia\/noticias\/sentencia-condenatoria-contra-un-hombre-quien-se-hizo-pasar-por-miembro-de-una-disidencia-de-las-farc-para-cobrar-una-extorsion-de-15-000-000\/\",\"url\":\"https:\/\/www.fiscalia.gov.co\/colombia\/noticias\/sentencia-condenatoria-contra-un-hombre-quien-se-hizo-pasar-por-miembro-de-una-disidencia-de-las-farc-para-cobrar-una-extorsion-de-15-000-000\/\",\"name\":\"Fiscal\u00eda General de la Naci\u00f3n\",\"isPartOf\":{\"@id\":\"https:\/\/www.fiscalia.gov.co\/colombia\/#website\"},\"primaryImageOfPage\":{\"@id\":\"https:\/\/www.fiscalia.gov.co\/colombia\/noticias\/sentencia-condenatoria-contra-un-hombre-quien-se-hizo-pasar-por-miembro-de-una-disidencia-de-las-farc-para-cobrar-una-extorsion-de-15-000-000\/#primaryimage\"},\"image\":{\"@id\":\"https:\/\/www.fiscalia.gov.co\/colombia\/noticias\/sentencia-condenatoria-contra-un-hombre-quien-se-hizo-pasar-por-miembro-de-una-disidencia-de-las-farc-para-cobrar-una-extorsion-de-15-000-000\/#primaryimage\"},\"thumbnailUrl\":\"https:\/\/www.fiscalia.gov.co\/colombia\/wp-content\/uploads\/WhatsApp-Image-2023-05-26-at-3.23.39-PM-1024x745.jpeg\",\"datePublished\":\"2023-05-26T20:37:55+00:00\",\"dateModified\":\"2023-05-26T20:37:55+00:00\",\"description\":\"P\u00e1gina oficial de la Fiscal\u00eda General de la Naci\u00f3n \u2013 Colombia. Garantizamos el acceso efectivo a la justicia, la verdad y la reparaci\u00f3n de las v\u00edctimas de los delitos.\",\"breadcrumb\":{\"@id\":\"https:\/\/www.fiscalia.gov.co\/colombia\/noticias\/sentencia-condenatoria-contra-un-hombre-quien-se-hizo-pasar-por-miembro-de-una-disidencia-de-las-farc-para-cobrar-una-extorsion-de-15-000-000\/#breadcrumb\"},\"inLanguage\":\"es-CO\",\"potentialAction\":[{\"@type\":\"ReadAction\",\"target\":[\"https:\/\/www.fiscalia.gov.co\/colombia\/noticias\/sentencia-condenatoria-contra-un-hombre-quien-se-hizo-pasar-por-miembro-de-una-disidencia-de-las-farc-para-cobrar-una-extorsion-de-15-000-000\/\"]}]},{\"@type\":\"ImageObject\",\"inLanguage\":\"es-CO\",\"@id\":\"https:\/\/www.fiscalia.gov.co\/colombia\/noticias\/sentencia-condenatoria-contra-un-hombre-quien-se-hizo-pasar-por-miembro-de-una-disidencia-de-las-farc-para-cobrar-una-extorsion-de-15-000-000\/#primaryimage\",\"url\":\"https:\/\/www.fiscalia.gov.co\/colombia\/wp-content\/uploads\/WhatsApp-Image-2023-05-26-at-3.23.39-PM-1024x745.jpeg\",\"contentUrl\":\"https:\/\/www.fiscalia.gov.co\/colombia\/wp-content\/uploads\/WhatsApp-Image-2023-05-26-at-3.23.39-PM-1024x745.jpeg\"},{\"@type\":\"BreadcrumbList\",\"@id\":\"https:\/\/www.fiscalia.gov.co\/colombia\/noticias\/sentencia-condenatoria-contra-un-hombre-quien-se-hizo-pasar-por-miembro-de-una-disidencia-de-las-farc-para-cobrar-una-extorsion-de-15-000-000\/#breadcrumb\",\"itemListElement\":[{\"@type\":\"ListItem\",\"position\":1,\"name\":\"Home\",\"item\":\"https:\/\/www.fiscalia.gov.co\/colombia\/\"},{\"@type\":\"ListItem\",\"position\":2,\"name\":\"Sentencia condenatoria contra un hombre, quien se hizo pasar por miembro de una disidencia de las Farc para cobrar una extorsi\u00f3n de $15.000.000\"}]},{\"@type\":\"WebSite\",\"@id\":\"https:\/\/www.fiscalia.gov.co\/colombia\/#website\",\"url\":\"https:\/\/www.fiscalia.gov.co\/colombia\/\",\"name\":\"Fiscal\u00eda General de la Naci\u00f3n\",\"description\":\"P\u00e1gina oficial de la Fiscal\u00eda General de la Naci\u00f3n \u2013 Colombia. Garantizamos el acceso efectivo a la justicia, la verdad y la reparaci\u00f3n de las v\u00edctimas de los delitos.\",\"publisher\":{\"@id\":\"https:\/\/www.fiscalia.gov.co\/colombia\/#organization\"},\"potentialAction\":[{\"@type\":\"SearchAction\",\"target\":{\"@type\":\"EntryPoint\",\"urlTemplate\":\"https:\/\/www.fiscalia.gov.co\/colombia\/?s={search_term_string}\"},\"query-input\":{\"@type\":\"PropertyValueSpecification\",\"valueRequired\":true,\"valueName\":\"search_term_string\"}}],\"inLanguage\":\"es-CO\"},{\"@type\":\"Organization\",\"@id\":\"https:\/\/www.fiscalia.gov.co\/colombia\/#organization\",\"name\":\"Fiscal\u00eda General de la Naci\u00f3n\",\"url\":\"https:\/\/www.fiscalia.gov.co\/colombia\/\",\"logo\":{\"@type\":\"ImageObject\",\"inLanguage\":\"es-CO\",\"@id\":\"https:\/\/www.fiscalia.gov.co\/colombia\/#\/schema\/logo\/image\/\",\"url\":\"https:\/\/www.fiscalia.gov.co\/colombia\/wp-content\/uploads\/LogoHorizontal_1.jpg\",\"contentUrl\":\"https:\/\/www.fiscalia.gov.co\/colombia\/wp-content\/uploads\/LogoHorizontal_1.jpg\",\"width\":300,\"height\":90,\"caption\":\"Fiscal\u00eda General de la Naci\u00f3n\"},\"image\":{\"@id\":\"https:\/\/www.fiscalia.gov.co\/colombia\/#\/schema\/logo\/image\/\"},\"sameAs\":[\"https:\/\/www.facebook.com\/FiscaliaCol\",\"https:\/\/x.com\/FiscaliaCol\",\"https:\/\/www.instagram.com\/fiscaliacol\",\"https:\/\/www.linkedin.com\/company\/fiscalia-general-de-la-naci-n\/\",\"https:\/\/youtube.com\/@fiscaliageneraldelanacion-4668?si=6nN79nyQICPU5iTh\"]},{\"@type\":\"Person\",\"@id\":\"https:\/\/www.fiscalia.gov.co\/colombia\/#\/schema\/person\/bf84402cf293a5393e9c70b111020b24\",\"name\":\"Jordan Leandro Oviedo Anzola\",\"image\":{\"@type\":\"ImageObject\",\"inLanguage\":\"es-CO\",\"@id\":\"https:\/\/www.fiscalia.gov.co\/colombia\/#\/schema\/person\/image\/\",\"url\":\"https:\/\/secure.gravatar.com\/avatar\/dabba4346fa9b9207d96adafa8f92721?s=96&d=mm&r=g\",\"contentUrl\":\"https:\/\/secure.gravatar.com\/avatar\/dabba4346fa9b9207d96adafa8f92721?s=96&d=mm&r=g\",\"caption\":\"Jordan Leandro Oviedo Anzola\"},\"url\":\"https:\/\/www.fiscalia.gov.co\/colombia\/author\/joviedo\/\"}]}<\/script>\n<!-- \/ Yoast SEO plugin. -->","yoast_head_json":{"title":"Fiscal\u00eda General de la Naci\u00f3n","description":"P\u00e1gina oficial de la Fiscal\u00eda General de la Naci\u00f3n \u2013 Colombia. Garantizamos el acceso efectivo a la justicia, la verdad y la reparaci\u00f3n de las v\u00edctimas de los delitos.","robots":{"index":"noindex","follow":"follow"},"og_locale":"es_ES","og_type":"article","og_title":"Fiscal\u00eda General de la Naci\u00f3n","og_description":"P\u00e1gina oficial de la Fiscal\u00eda General de la Naci\u00f3n \u2013 Colombia. Garantizamos el acceso efectivo a la justicia, la verdad y la reparaci\u00f3n de las v\u00edctimas de los delitos.","og_url":"https:\/\/www.fiscalia.gov.co\/colombia\/noticias\/sentencia-condenatoria-contra-un-hombre-quien-se-hizo-pasar-por-miembro-de-una-disidencia-de-las-farc-para-cobrar-una-extorsion-de-15-000-000\/","og_site_name":"Fiscal\u00eda General de la Naci\u00f3n","article_publisher":"https:\/\/www.facebook.com\/FiscaliaCol","article_published_time":"2023-05-26T20:37:55+00:00","og_image":[{"url":"https:\/\/www.fiscalia.gov.co\/colombia\/wp-content\/uploads\/WhatsApp-Image-2023-05-26-at-3.23.39-PM-1024x745.jpeg","type":"","width":"","height":""}],"author":"Jordan Leandro Oviedo Anzola","twitter_card":"summary_large_image","twitter_creator":"@FiscaliaCol","twitter_site":"@FiscaliaCol","twitter_misc":{"Escrito por":"Jordan Leandro Oviedo Anzola","Tiempo de lectura":"3 minutos"},"schema":{"@context":"https:\/\/schema.org","@graph":[{"@type":"Article","@id":"https:\/\/www.fiscalia.gov.co\/colombia\/noticias\/sentencia-condenatoria-contra-un-hombre-quien-se-hizo-pasar-por-miembro-de-una-disidencia-de-las-farc-para-cobrar-una-extorsion-de-15-000-000\/#article","isPartOf":{"@id":"https:\/\/www.fiscalia.gov.co\/colombia\/noticias\/sentencia-condenatoria-contra-un-hombre-quien-se-hizo-pasar-por-miembro-de-una-disidencia-de-las-farc-para-cobrar-una-extorsion-de-15-000-000\/"},"author":{"name":"Jordan Leandro Oviedo Anzola","@id":"https:\/\/www.fiscalia.gov.co\/colombia\/#\/schema\/person\/bf84402cf293a5393e9c70b111020b24"},"headline":"Sentencia condenatoria contra un hombre, quien se hizo pasar por miembro de una disidencia de las Farc para cobrar una extorsi\u00f3n de $15.000.000","datePublished":"2023-05-26T20:37:55+00:00","dateModified":"2023-05-26T20:37:55+00:00","mainEntityOfPage":{"@id":"https:\/\/www.fiscalia.gov.co\/colombia\/noticias\/sentencia-condenatoria-contra-un-hombre-quien-se-hizo-pasar-por-miembro-de-una-disidencia-de-las-farc-para-cobrar-una-extorsion-de-15-000-000\/"},"wordCount":533,"publisher":{"@id":"https:\/\/www.fiscalia.gov.co\/colombia\/#organization"},"image":{"@id":"https:\/\/www.fiscalia.gov.co\/colombia\/noticias\/sentencia-condenatoria-contra-un-hombre-quien-se-hizo-pasar-por-miembro-de-una-disidencia-de-las-farc-para-cobrar-una-extorsion-de-15-000-000\/#primaryimage"},"thumbnailUrl":"https:\/\/www.fiscalia.gov.co\/colombia\/wp-content\/uploads\/WhatsApp-Image-2023-05-26-at-3.23.39-PM-1024x745.jpeg","keywords":["disidencias","Establecimiento comercial","Extorsi\u00f3n","Farc","Fiscal Barbosa","Fiscal\u00eda General de la Naci\u00f3n","Gaula","Pasto (Nari\u00f1o)"],"articleSection":["Noticias","Seccional Pasto","Seccionales","Seguridad territorial"],"inLanguage":"es-CO"},{"@type":"WebPage","@id":"https:\/\/www.fiscalia.gov.co\/colombia\/noticias\/sentencia-condenatoria-contra-un-hombre-quien-se-hizo-pasar-por-miembro-de-una-disidencia-de-las-farc-para-cobrar-una-extorsion-de-15-000-000\/","url":"https:\/\/www.fiscalia.gov.co\/colombia\/noticias\/sentencia-condenatoria-contra-un-hombre-quien-se-hizo-pasar-por-miembro-de-una-disidencia-de-las-farc-para-cobrar-una-extorsion-de-15-000-000\/","name":"Fiscal\u00eda General de la Naci\u00f3n","isPartOf":{"@id":"https:\/\/www.fiscalia.gov.co\/colombia\/#website"},"primaryImageOfPage":{"@id":"https:\/\/www.fiscalia.gov.co\/colombia\/noticias\/sentencia-condenatoria-contra-un-hombre-quien-se-hizo-pasar-por-miembro-de-una-disidencia-de-las-farc-para-cobrar-una-extorsion-de-15-000-000\/#primaryimage"},"image":{"@id":"https:\/\/www.fiscalia.gov.co\/colombia\/noticias\/sentencia-condenatoria-contra-un-hombre-quien-se-hizo-pasar-por-miembro-de-una-disidencia-de-las-farc-para-cobrar-una-extorsion-de-15-000-000\/#primaryimage"},"thumbnailUrl":"https:\/\/www.fiscalia.gov.co\/colombia\/wp-content\/uploads\/WhatsApp-Image-2023-05-26-at-3.23.39-PM-1024x745.jpeg","datePublished":"2023-05-26T20:37:55+00:00","dateModified":"2023-05-26T20:37:55+00:00","description":"P\u00e1gina oficial de la Fiscal\u00eda General de la Naci\u00f3n \u2013 Colombia. Garantizamos el acceso efectivo a la justicia, la verdad y la reparaci\u00f3n de las v\u00edctimas de los delitos.","breadcrumb":{"@id":"https:\/\/www.fiscalia.gov.co\/colombia\/noticias\/sentencia-condenatoria-contra-un-hombre-quien-se-hizo-pasar-por-miembro-de-una-disidencia-de-las-farc-para-cobrar-una-extorsion-de-15-000-000\/#breadcrumb"},"inLanguage":"es-CO","potentialAction":[{"@type":"ReadAction","target":["https:\/\/www.fiscalia.gov.co\/colombia\/noticias\/sentencia-condenatoria-contra-un-hombre-quien-se-hizo-pasar-por-miembro-de-una-disidencia-de-las-farc-para-cobrar-una-extorsion-de-15-000-000\/"]}]},{"@type":"ImageObject","inLanguage":"es-CO","@id":"https:\/\/www.fiscalia.gov.co\/colombia\/noticias\/sentencia-condenatoria-contra-un-hombre-quien-se-hizo-pasar-por-miembro-de-una-disidencia-de-las-farc-para-cobrar-una-extorsion-de-15-000-000\/#primaryimage","url":"https:\/\/www.fiscalia.gov.co\/colombia\/wp-content\/uploads\/WhatsApp-Image-2023-05-26-at-3.23.39-PM-1024x745.jpeg","contentUrl":"https:\/\/www.fiscalia.gov.co\/colombia\/wp-content\/uploads\/WhatsApp-Image-2023-05-26-at-3.23.39-PM-1024x745.jpeg"},{"@type":"BreadcrumbList","@id":"https:\/\/www.fiscalia.gov.co\/colombia\/noticias\/sentencia-condenatoria-contra-un-hombre-quien-se-hizo-pasar-por-miembro-de-una-disidencia-de-las-farc-para-cobrar-una-extorsion-de-15-000-000\/#breadcrumb","itemListElement":[{"@type":"ListItem","position":1,"name":"Home","item":"https:\/\/www.fiscalia.gov.co\/colombia\/"},{"@type":"ListItem","position":2,"name":"Sentencia condenatoria contra un hombre, quien se hizo pasar por miembro de una disidencia de las Farc para cobrar una extorsi\u00f3n de $15.000.000"}]},{"@type":"WebSite","@id":"https:\/\/www.fiscalia.gov.co\/colombia\/#website","url":"https:\/\/www.fiscalia.gov.co\/colombia\/","name":"Fiscal\u00eda General de la Naci\u00f3n","description":"P\u00e1gina oficial de la Fiscal\u00eda General de la Naci\u00f3n \u2013 Colombia. Garantizamos el acceso efectivo a la justicia, la verdad y la reparaci\u00f3n de las v\u00edctimas de los delitos.","publisher":{"@id":"https:\/\/www.fiscalia.gov.co\/colombia\/#organization"},"potentialAction":[{"@type":"SearchAction","target":{"@type":"EntryPoint","urlTemplate":"https:\/\/www.fiscalia.gov.co\/colombia\/?s={search_term_string}"},"query-input":{"@type":"PropertyValueSpecification","valueRequired":true,"valueName":"search_term_string"}}],"inLanguage":"es-CO"},{"@type":"Organization","@id":"https:\/\/www.fiscalia.gov.co\/colombia\/#organization","name":"Fiscal\u00eda General de la Naci\u00f3n","url":"https:\/\/www.fiscalia.gov.co\/colombia\/","logo":{"@type":"ImageObject","inLanguage":"es-CO","@id":"https:\/\/www.fiscalia.gov.co\/colombia\/#\/schema\/logo\/image\/","url":"https:\/\/www.fiscalia.gov.co\/colombia\/wp-content\/uploads\/LogoHorizontal_1.jpg","contentUrl":"https:\/\/www.fiscalia.gov.co\/colombia\/wp-content\/uploads\/LogoHorizontal_1.jpg","width":300,"height":90,"caption":"Fiscal\u00eda General de la Naci\u00f3n"},"image":{"@id":"https:\/\/www.fiscalia.gov.co\/colombia\/#\/schema\/logo\/image\/"},"sameAs":["https:\/\/www.facebook.com\/FiscaliaCol","https:\/\/x.com\/FiscaliaCol","https:\/\/www.instagram.com\/fiscaliacol","https:\/\/www.linkedin.com\/company\/fiscalia-general-de-la-naci-n\/","https:\/\/youtube.com\/@fiscaliageneraldelanacion-4668?si=6nN79nyQICPU5iTh"]},{"@type":"Person","@id":"https:\/\/www.fiscalia.gov.co\/colombia\/#\/schema\/person\/bf84402cf293a5393e9c70b111020b24","name":"Jordan Leandro Oviedo Anzola","image":{"@type":"ImageObject","inLanguage":"es-CO","@id":"https:\/\/www.fiscalia.gov.co\/colombia\/#\/schema\/person\/image\/","url":"https:\/\/secure.gravatar.com\/avatar\/dabba4346fa9b9207d96adafa8f92721?s=96&d=mm&r=g","contentUrl":"https:\/\/secure.gravatar.com\/avatar\/dabba4346fa9b9207d96adafa8f92721?s=96&d=mm&r=g","caption":"Jordan Leandro Oviedo Anzola"},"url":"https:\/\/www.fiscalia.gov.co\/colombia\/author\/joviedo\/"}]}},"_links":{"self":[{"href":"https:\/\/www.fiscalia.gov.co\/colombia\/wp-json\/wp\/v2\/posts\/272222","targetHints":{"allow":["GET"]}}],"collection":[{"href":"https:\/\/www.fiscalia.gov.co\/colombia\/wp-json\/wp\/v2\/posts"}],"about":[{"href":"https:\/\/www.fiscalia.gov.co\/colombia\/wp-json\/wp\/v2\/types\/post"}],"author":[{"embeddable":true,"href":"https:\/\/www.fiscalia.gov.co\/colombia\/wp-json\/wp\/v2\/users\/177"}],"replies":[{"embeddable":true,"href":"https:\/\/www.fiscalia.gov.co\/colombia\/wp-json\/wp\/v2\/comments?post=272222"}],"version-history":[{"count":1,"href":"https:\/\/www.fiscalia.gov.co\/colombia\/wp-json\/wp\/v2\/posts\/272222\/revisions"}],"predecessor-version":[{"id":272224,"href":"https:\/\/www.fiscalia.gov.co\/colombia\/wp-json\/wp\/v2\/posts\/272222\/revisions\/272224"}],"wp:attachment":[{"href":"https:\/\/www.fiscalia.gov.co\/colombia\/wp-json\/wp\/v2\/media?parent=272222"}],"wp:term":[{"taxonomy":"category","embeddable":true,"href":"https:\/\/www.fiscalia.gov.co\/colombia\/wp-json\/wp\/v2\/categories?post=272222"},{"taxonomy":"post_tag","embeddable":true,"href":"https:\/\/www.fiscalia.gov.co\/colombia\/wp-json\/wp\/v2\/tags?post=272222"}],"curies":[{"name":"wp","href":"https:\/\/api.w.org\/{rel}","templated":true}]}}