{"id":271949,"date":"2023-05-21T09:22:57","date_gmt":"2023-05-21T14:22:57","guid":{"rendered":"https:\/\/www.fiscalia.gov.co\/colombia\/?p=271949"},"modified":"2023-05-31T09:42:10","modified_gmt":"2023-05-31T14:42:10","slug":"fiscalia-logra-aceptacion-de-cargos-de-exjefe-paramilitar-que-estaria-involucrado-en-una-ola-de-homicidios-y-otras-acciones-criminales-en-el-oriente-antioqueno","status":"publish","type":"post","link":"https:\/\/www.fiscalia.gov.co\/colombia\/noticias\/fiscalia-logra-aceptacion-de-cargos-de-exjefe-paramilitar-que-estaria-involucrado-en-una-ola-de-homicidios-y-otras-acciones-criminales-en-el-oriente-antioqueno\/","title":{"rendered":"Fiscal\u00eda logra aceptaci\u00f3n de cargos de exjefe paramilitar que estar\u00eda involucrado en una ola de homicidios y otras acciones criminales en el oriente antioque\u00f1o"},"content":{"rendered":"<blockquote>\n<h4 style=\"text-align: left;\"><strong><em>Alias Sim\u00f3n, de manera libre y voluntaria, acept\u00f3 asesinatos, desapariciones, secuestros y desplazamiento de poblaci\u00f3n civil.<\/em><\/strong><\/h4>\n<\/blockquote>\n<p>&nbsp;<\/p>\n<p>La Fiscal\u00eda General de la Naci\u00f3n logr\u00f3 que Ramiro de Jes\u00fas Henao Aguilar, alias Sim\u00f3n, excabecilla del componente armado del Frente Batallas del Santuario del Bloque Metro de las extintas Autodefensas Unidas de Colombia (AUC), aceptara su responsabilidad en una ola de homicidios y otros actos criminales ocurridos en el oriente antioque\u00f1o entre 2000 y 2003.<\/p>\n<p>Ante la contundencia de los elementos de prueba obtenidos por una fiscal de la Direcci\u00f3n Especializada contra las Violaciones a los Derechos Humanos, este hombre reconoci\u00f3 de manera libre y voluntaria su responsabilidad en hechos perpetrados en Santuario y Marinilla (Antioquia), entre estos 10 homicidios, dos casos de desaparici\u00f3n forzada y un evento de desplazamiento forzado en el que un ganadero, su esposa y seis hijos, cuatro de ellos menores de edad, fueron obligados a abandonar su propiedad en medio de amenazas de muerte.<\/p>\n<p>Asimismo, acept\u00f3 acciones violentas sucedidas en Granada (Antioquia), como nueve asesinatos, dos desapariciones forzadas, el desplazamiento de un profesor y su familia; y dos secuestros, en uno de estos fue llevado en contra de su voluntad un suboficial de la Polic\u00eda Nacional que compraba una bebida en un establecimiento de comercio.<\/p>\n<p>En la investigaci\u00f3n se estableci\u00f3 que la mayor\u00eda de las v\u00edctimas ser\u00edan agricultores, mec\u00e1nicos, vigilantes, docentes, contratistas y personas que fueron se\u00f1aladas por esta estructura armada ilegal de no compartir sus ideas, de auxiliar o pertenecer a otros grupos delictivos que ten\u00edan injerencia en la regi\u00f3n.<\/p>\n<p>Alias Sim\u00f3n se someti\u00f3 a sentencia anticipada por los delitos de: homicidio en persona protegida, desaparici\u00f3n forzada agravada; deportaci\u00f3n, traslado o desplazamiento forzado de la poblaci\u00f3n civil; concierto para delinquir; secuestro simple; y porte ilegal de armas de fuego de uso personal y de uso privativo de las Fuerzas Armadas.<\/p>\n<p>De esta manera, le corresponde a un juez penal especializado de Antioquia emitir la respectiva condena. Como parte de este proceso, que se sigue en atenci\u00f3n a los par\u00e1metros definidos en la Ley 600 de 2000 (anterior Sistema Penal), alias Sim\u00f3n deber\u00e1 permanecer privado de la libertad.<\/p>\n<p>Actualmente, cumple condena por m\u00faltiples delitos en la C\u00e1rcel de M\u00e1xima Seguridad \u2018Do\u00f1a Juana\u2019, en la Dorada (Caldas).<\/p>\n<p>Esta informaci\u00f3n se publica por razones de inter\u00e9s general.<\/p>\n<p>JARG\/DPSO\/DECVDH\/MCRC.<\/p>\n<p><strong>La Fiscal\u00eda habla con resultados.<\/strong><\/p>\n<p>&nbsp;<\/p>\n<div class=\"td-post-content tagdiv-type\">\n<p><em>La informaci\u00f3n contenida en este bolet\u00edn de prensa corresponde a la narraci\u00f3n de los hechos noticiosos objetivos, y las investigaciones penales al interior de la Fiscal\u00eda General de la Naci\u00f3n. Para el momento de la divulgaci\u00f3n de este comunicado, la situaci\u00f3n jur\u00eddica de la(s) persona(s) relacionada(s) se encuentra pendiente de resolver por la autoridad judicial competente, siempre bajo los preceptos de la presunci\u00f3n de inocencia, consagrados en el art\u00edculo 29 de la Constituci\u00f3n Pol\u00edtica y el art\u00edculo 7\u00ba de la Ley 906 de 2004.<\/em><\/p>\n<\/div>\n\n<div class=\"twitter-share\"><a href=\"https:\/\/twitter.com\/intent\/tweet?via=fiscaliacol\" class=\"twitter-share-button\">Tweet<\/a><\/div>\n","protected":false},"excerpt":{"rendered":"<p>Alias Sim\u00f3n, de manera libre y voluntaria, acept\u00f3 asesinatos, desapariciones, secuestros y desplazamiento de poblaci\u00f3n civil. &nbsp; La Fiscal\u00eda General de la Naci\u00f3n logr\u00f3 que Ramiro de Jes\u00fas Henao Aguilar, alias Sim\u00f3n, excabecilla del componente armado del Frente Batallas del Santuario del Bloque Metro de las extintas Autodefensas Unidas de Colombia (AUC), aceptara su responsabilidad [&hellip;]<\/p>\n","protected":false},"author":175,"featured_media":0,"comment_status":"closed","ping_status":"open","sticky":false,"template":"","format":"video","meta":{"tdm_status":"","tdm_grid_status":"","footnotes":""},"categories":[24102,1],"tags":[24189,24526,34698],"class_list":{"0":"post-271949","1":"post","2":"type-post","3":"status-publish","4":"format-video","6":"category-derechos-humanos","7":"category-noticias","8":"tag-fiscal-francisco-barbosa-delgado","9":"tag-fiscal-general-francisco-barbosa-delgado","10":"tag-ramiro-de-jesus-henao-aguilar","11":"post_format-post-format-video"},"yoast_head":"<!-- This site is optimized with the Yoast SEO plugin v24.3 - https:\/\/yoast.com\/wordpress\/plugins\/seo\/ -->\n<title>Fiscal\u00eda General de la Naci\u00f3n<\/title>\n<meta name=\"description\" content=\"P\u00e1gina oficial de la Fiscal\u00eda General de la Naci\u00f3n \u2013 Colombia. Garantizamos el acceso efectivo a la justicia, la verdad y la reparaci\u00f3n de las v\u00edctimas de los delitos.\" \/>\n<meta name=\"robots\" content=\"noindex, follow\" \/>\n<meta property=\"og:locale\" content=\"es_ES\" \/>\n<meta property=\"og:type\" content=\"article\" \/>\n<meta property=\"og:title\" content=\"Fiscal\u00eda General de la Naci\u00f3n\" \/>\n<meta property=\"og:description\" content=\"P\u00e1gina oficial de la Fiscal\u00eda General de la Naci\u00f3n \u2013 Colombia. Garantizamos el acceso efectivo a la justicia, la verdad y la reparaci\u00f3n de las v\u00edctimas de los delitos.\" \/>\n<meta property=\"og:url\" content=\"https:\/\/www.fiscalia.gov.co\/colombia\/noticias\/fiscalia-logra-aceptacion-de-cargos-de-exjefe-paramilitar-que-estaria-involucrado-en-una-ola-de-homicidios-y-otras-acciones-criminales-en-el-oriente-antioqueno\/\" \/>\n<meta property=\"og:site_name\" content=\"Fiscal\u00eda General de la Naci\u00f3n\" \/>\n<meta property=\"article:publisher\" content=\"https:\/\/www.facebook.com\/FiscaliaCol\" \/>\n<meta property=\"article:published_time\" content=\"2023-05-21T14:22:57+00:00\" \/>\n<meta property=\"article:modified_time\" content=\"2023-05-31T14:42:10+00:00\" \/>\n<meta name=\"author\" content=\"Katherine Loaiza Mart\u00ednez\" \/>\n<meta name=\"twitter:card\" content=\"summary_large_image\" \/>\n<meta name=\"twitter:creator\" content=\"@FiscaliaCol\" \/>\n<meta name=\"twitter:site\" content=\"@FiscaliaCol\" \/>\n<meta name=\"twitter:label1\" content=\"Escrito por\" \/>\n\t<meta name=\"twitter:data1\" content=\"Katherine Loaiza Mart\u00ednez\" \/>\n\t<meta name=\"twitter:label2\" content=\"Tiempo de lectura\" \/>\n\t<meta name=\"twitter:data2\" content=\"3 minutos\" \/>\n<script type=\"application\/ld+json\" class=\"yoast-schema-graph\">{\"@context\":\"https:\/\/schema.org\",\"@graph\":[{\"@type\":\"Article\",\"@id\":\"https:\/\/www.fiscalia.gov.co\/colombia\/noticias\/fiscalia-logra-aceptacion-de-cargos-de-exjefe-paramilitar-que-estaria-involucrado-en-una-ola-de-homicidios-y-otras-acciones-criminales-en-el-oriente-antioqueno\/#article\",\"isPartOf\":{\"@id\":\"https:\/\/www.fiscalia.gov.co\/colombia\/noticias\/fiscalia-logra-aceptacion-de-cargos-de-exjefe-paramilitar-que-estaria-involucrado-en-una-ola-de-homicidios-y-otras-acciones-criminales-en-el-oriente-antioqueno\/\"},\"author\":{\"name\":\"Katherine Loaiza Mart\u00ednez\",\"@id\":\"https:\/\/www.fiscalia.gov.co\/colombia\/#\/schema\/person\/2e76b9aba5ecf875ed565ce4de0e0415\"},\"headline\":\"Fiscal\u00eda logra aceptaci\u00f3n de cargos de exjefe paramilitar que estar\u00eda involucrado en una ola de homicidios y otras acciones criminales en el oriente antioque\u00f1o\",\"datePublished\":\"2023-05-21T14:22:57+00:00\",\"dateModified\":\"2023-05-31T14:42:10+00:00\",\"mainEntityOfPage\":{\"@id\":\"https:\/\/www.fiscalia.gov.co\/colombia\/noticias\/fiscalia-logra-aceptacion-de-cargos-de-exjefe-paramilitar-que-estaria-involucrado-en-una-ola-de-homicidios-y-otras-acciones-criminales-en-el-oriente-antioqueno\/\"},\"wordCount\":539,\"publisher\":{\"@id\":\"https:\/\/www.fiscalia.gov.co\/colombia\/#organization\"},\"keywords\":[\"Fiscal Francisco Barbosa Delgado\",\"Fiscal General Francisco Barbosa Delgado\",\"Ramiro de Jes\u00fas Henao Aguilar\"],\"articleSection\":[\"Derechos Humanos\",\"Noticias\"],\"inLanguage\":\"es-CO\"},{\"@type\":\"WebPage\",\"@id\":\"https:\/\/www.fiscalia.gov.co\/colombia\/noticias\/fiscalia-logra-aceptacion-de-cargos-de-exjefe-paramilitar-que-estaria-involucrado-en-una-ola-de-homicidios-y-otras-acciones-criminales-en-el-oriente-antioqueno\/\",\"url\":\"https:\/\/www.fiscalia.gov.co\/colombia\/noticias\/fiscalia-logra-aceptacion-de-cargos-de-exjefe-paramilitar-que-estaria-involucrado-en-una-ola-de-homicidios-y-otras-acciones-criminales-en-el-oriente-antioqueno\/\",\"name\":\"Fiscal\u00eda General de la Naci\u00f3n\",\"isPartOf\":{\"@id\":\"https:\/\/www.fiscalia.gov.co\/colombia\/#website\"},\"datePublished\":\"2023-05-21T14:22:57+00:00\",\"dateModified\":\"2023-05-31T14:42:10+00:00\",\"description\":\"P\u00e1gina oficial de la Fiscal\u00eda General de la Naci\u00f3n \u2013 Colombia. Garantizamos el acceso efectivo a la justicia, la verdad y la reparaci\u00f3n de las v\u00edctimas de los delitos.\",\"breadcrumb\":{\"@id\":\"https:\/\/www.fiscalia.gov.co\/colombia\/noticias\/fiscalia-logra-aceptacion-de-cargos-de-exjefe-paramilitar-que-estaria-involucrado-en-una-ola-de-homicidios-y-otras-acciones-criminales-en-el-oriente-antioqueno\/#breadcrumb\"},\"inLanguage\":\"es-CO\",\"potentialAction\":[{\"@type\":\"ReadAction\",\"target\":[\"https:\/\/www.fiscalia.gov.co\/colombia\/noticias\/fiscalia-logra-aceptacion-de-cargos-de-exjefe-paramilitar-que-estaria-involucrado-en-una-ola-de-homicidios-y-otras-acciones-criminales-en-el-oriente-antioqueno\/\"]}]},{\"@type\":\"BreadcrumbList\",\"@id\":\"https:\/\/www.fiscalia.gov.co\/colombia\/noticias\/fiscalia-logra-aceptacion-de-cargos-de-exjefe-paramilitar-que-estaria-involucrado-en-una-ola-de-homicidios-y-otras-acciones-criminales-en-el-oriente-antioqueno\/#breadcrumb\",\"itemListElement\":[{\"@type\":\"ListItem\",\"position\":1,\"name\":\"Home\",\"item\":\"https:\/\/www.fiscalia.gov.co\/colombia\/\"},{\"@type\":\"ListItem\",\"position\":2,\"name\":\"Fiscal\u00eda logra aceptaci\u00f3n de cargos de exjefe paramilitar que estar\u00eda involucrado en una ola de homicidios y otras acciones criminales en el oriente antioque\u00f1o\"}]},{\"@type\":\"WebSite\",\"@id\":\"https:\/\/www.fiscalia.gov.co\/colombia\/#website\",\"url\":\"https:\/\/www.fiscalia.gov.co\/colombia\/\",\"name\":\"Fiscal\u00eda General de la Naci\u00f3n\",\"description\":\"P\u00e1gina oficial de la Fiscal\u00eda General de la Naci\u00f3n \u2013 Colombia. Garantizamos el acceso efectivo a la justicia, la verdad y la reparaci\u00f3n de las v\u00edctimas de los delitos.\",\"publisher\":{\"@id\":\"https:\/\/www.fiscalia.gov.co\/colombia\/#organization\"},\"potentialAction\":[{\"@type\":\"SearchAction\",\"target\":{\"@type\":\"EntryPoint\",\"urlTemplate\":\"https:\/\/www.fiscalia.gov.co\/colombia\/?s={search_term_string}\"},\"query-input\":{\"@type\":\"PropertyValueSpecification\",\"valueRequired\":true,\"valueName\":\"search_term_string\"}}],\"inLanguage\":\"es-CO\"},{\"@type\":\"Organization\",\"@id\":\"https:\/\/www.fiscalia.gov.co\/colombia\/#organization\",\"name\":\"Fiscal\u00eda General de la Naci\u00f3n\",\"url\":\"https:\/\/www.fiscalia.gov.co\/colombia\/\",\"logo\":{\"@type\":\"ImageObject\",\"inLanguage\":\"es-CO\",\"@id\":\"https:\/\/www.fiscalia.gov.co\/colombia\/#\/schema\/logo\/image\/\",\"url\":\"https:\/\/www.fiscalia.gov.co\/colombia\/wp-content\/uploads\/LogoHorizontal_1.jpg\",\"contentUrl\":\"https:\/\/www.fiscalia.gov.co\/colombia\/wp-content\/uploads\/LogoHorizontal_1.jpg\",\"width\":300,\"height\":90,\"caption\":\"Fiscal\u00eda General de la Naci\u00f3n\"},\"image\":{\"@id\":\"https:\/\/www.fiscalia.gov.co\/colombia\/#\/schema\/logo\/image\/\"},\"sameAs\":[\"https:\/\/www.facebook.com\/FiscaliaCol\",\"https:\/\/x.com\/FiscaliaCol\",\"https:\/\/www.instagram.com\/fiscaliacol\",\"https:\/\/www.linkedin.com\/company\/fiscalia-general-de-la-naci-n\/\",\"https:\/\/youtube.com\/@fiscaliageneraldelanacion-4668?si=6nN79nyQICPU5iTh\"]},{\"@type\":\"Person\",\"@id\":\"https:\/\/www.fiscalia.gov.co\/colombia\/#\/schema\/person\/2e76b9aba5ecf875ed565ce4de0e0415\",\"name\":\"Katherine Loaiza Mart\u00ednez\",\"image\":{\"@type\":\"ImageObject\",\"inLanguage\":\"es-CO\",\"@id\":\"https:\/\/www.fiscalia.gov.co\/colombia\/#\/schema\/person\/image\/\",\"url\":\"https:\/\/secure.gravatar.com\/avatar\/ab775a2f394c1b83b6d6f78680e57b50?s=96&d=mm&r=g\",\"contentUrl\":\"https:\/\/secure.gravatar.com\/avatar\/ab775a2f394c1b83b6d6f78680e57b50?s=96&d=mm&r=g\",\"caption\":\"Katherine Loaiza Mart\u00ednez\"},\"url\":\"https:\/\/www.fiscalia.gov.co\/colombia\/author\/kloaiza\/\"}]}<\/script>\n<!-- \/ Yoast SEO plugin. -->","yoast_head_json":{"title":"Fiscal\u00eda General de la Naci\u00f3n","description":"P\u00e1gina oficial de la Fiscal\u00eda General de la Naci\u00f3n \u2013 Colombia. Garantizamos el acceso efectivo a la justicia, la verdad y la reparaci\u00f3n de las v\u00edctimas de los delitos.","robots":{"index":"noindex","follow":"follow"},"og_locale":"es_ES","og_type":"article","og_title":"Fiscal\u00eda General de la Naci\u00f3n","og_description":"P\u00e1gina oficial de la Fiscal\u00eda General de la Naci\u00f3n \u2013 Colombia. Garantizamos el acceso efectivo a la justicia, la verdad y la reparaci\u00f3n de las v\u00edctimas de los delitos.","og_url":"https:\/\/www.fiscalia.gov.co\/colombia\/noticias\/fiscalia-logra-aceptacion-de-cargos-de-exjefe-paramilitar-que-estaria-involucrado-en-una-ola-de-homicidios-y-otras-acciones-criminales-en-el-oriente-antioqueno\/","og_site_name":"Fiscal\u00eda General de la Naci\u00f3n","article_publisher":"https:\/\/www.facebook.com\/FiscaliaCol","article_published_time":"2023-05-21T14:22:57+00:00","article_modified_time":"2023-05-31T14:42:10+00:00","author":"Katherine Loaiza Mart\u00ednez","twitter_card":"summary_large_image","twitter_creator":"@FiscaliaCol","twitter_site":"@FiscaliaCol","twitter_misc":{"Escrito por":"Katherine Loaiza Mart\u00ednez","Tiempo de lectura":"3 minutos"},"schema":{"@context":"https:\/\/schema.org","@graph":[{"@type":"Article","@id":"https:\/\/www.fiscalia.gov.co\/colombia\/noticias\/fiscalia-logra-aceptacion-de-cargos-de-exjefe-paramilitar-que-estaria-involucrado-en-una-ola-de-homicidios-y-otras-acciones-criminales-en-el-oriente-antioqueno\/#article","isPartOf":{"@id":"https:\/\/www.fiscalia.gov.co\/colombia\/noticias\/fiscalia-logra-aceptacion-de-cargos-de-exjefe-paramilitar-que-estaria-involucrado-en-una-ola-de-homicidios-y-otras-acciones-criminales-en-el-oriente-antioqueno\/"},"author":{"name":"Katherine Loaiza Mart\u00ednez","@id":"https:\/\/www.fiscalia.gov.co\/colombia\/#\/schema\/person\/2e76b9aba5ecf875ed565ce4de0e0415"},"headline":"Fiscal\u00eda logra aceptaci\u00f3n de cargos de exjefe paramilitar que estar\u00eda involucrado en una ola de homicidios y otras acciones criminales en el oriente antioque\u00f1o","datePublished":"2023-05-21T14:22:57+00:00","dateModified":"2023-05-31T14:42:10+00:00","mainEntityOfPage":{"@id":"https:\/\/www.fiscalia.gov.co\/colombia\/noticias\/fiscalia-logra-aceptacion-de-cargos-de-exjefe-paramilitar-que-estaria-involucrado-en-una-ola-de-homicidios-y-otras-acciones-criminales-en-el-oriente-antioqueno\/"},"wordCount":539,"publisher":{"@id":"https:\/\/www.fiscalia.gov.co\/colombia\/#organization"},"keywords":["Fiscal Francisco Barbosa Delgado","Fiscal General Francisco Barbosa Delgado","Ramiro de Jes\u00fas Henao Aguilar"],"articleSection":["Derechos Humanos","Noticias"],"inLanguage":"es-CO"},{"@type":"WebPage","@id":"https:\/\/www.fiscalia.gov.co\/colombia\/noticias\/fiscalia-logra-aceptacion-de-cargos-de-exjefe-paramilitar-que-estaria-involucrado-en-una-ola-de-homicidios-y-otras-acciones-criminales-en-el-oriente-antioqueno\/","url":"https:\/\/www.fiscalia.gov.co\/colombia\/noticias\/fiscalia-logra-aceptacion-de-cargos-de-exjefe-paramilitar-que-estaria-involucrado-en-una-ola-de-homicidios-y-otras-acciones-criminales-en-el-oriente-antioqueno\/","name":"Fiscal\u00eda General de la Naci\u00f3n","isPartOf":{"@id":"https:\/\/www.fiscalia.gov.co\/colombia\/#website"},"datePublished":"2023-05-21T14:22:57+00:00","dateModified":"2023-05-31T14:42:10+00:00","description":"P\u00e1gina oficial de la Fiscal\u00eda General de la Naci\u00f3n \u2013 Colombia. Garantizamos el acceso efectivo a la justicia, la verdad y la reparaci\u00f3n de las v\u00edctimas de los delitos.","breadcrumb":{"@id":"https:\/\/www.fiscalia.gov.co\/colombia\/noticias\/fiscalia-logra-aceptacion-de-cargos-de-exjefe-paramilitar-que-estaria-involucrado-en-una-ola-de-homicidios-y-otras-acciones-criminales-en-el-oriente-antioqueno\/#breadcrumb"},"inLanguage":"es-CO","potentialAction":[{"@type":"ReadAction","target":["https:\/\/www.fiscalia.gov.co\/colombia\/noticias\/fiscalia-logra-aceptacion-de-cargos-de-exjefe-paramilitar-que-estaria-involucrado-en-una-ola-de-homicidios-y-otras-acciones-criminales-en-el-oriente-antioqueno\/"]}]},{"@type":"BreadcrumbList","@id":"https:\/\/www.fiscalia.gov.co\/colombia\/noticias\/fiscalia-logra-aceptacion-de-cargos-de-exjefe-paramilitar-que-estaria-involucrado-en-una-ola-de-homicidios-y-otras-acciones-criminales-en-el-oriente-antioqueno\/#breadcrumb","itemListElement":[{"@type":"ListItem","position":1,"name":"Home","item":"https:\/\/www.fiscalia.gov.co\/colombia\/"},{"@type":"ListItem","position":2,"name":"Fiscal\u00eda logra aceptaci\u00f3n de cargos de exjefe paramilitar que estar\u00eda involucrado en una ola de homicidios y otras acciones criminales en el oriente antioque\u00f1o"}]},{"@type":"WebSite","@id":"https:\/\/www.fiscalia.gov.co\/colombia\/#website","url":"https:\/\/www.fiscalia.gov.co\/colombia\/","name":"Fiscal\u00eda General de la Naci\u00f3n","description":"P\u00e1gina oficial de la Fiscal\u00eda General de la Naci\u00f3n \u2013 Colombia. Garantizamos el acceso efectivo a la justicia, la verdad y la reparaci\u00f3n de las v\u00edctimas de los delitos.","publisher":{"@id":"https:\/\/www.fiscalia.gov.co\/colombia\/#organization"},"potentialAction":[{"@type":"SearchAction","target":{"@type":"EntryPoint","urlTemplate":"https:\/\/www.fiscalia.gov.co\/colombia\/?s={search_term_string}"},"query-input":{"@type":"PropertyValueSpecification","valueRequired":true,"valueName":"search_term_string"}}],"inLanguage":"es-CO"},{"@type":"Organization","@id":"https:\/\/www.fiscalia.gov.co\/colombia\/#organization","name":"Fiscal\u00eda General de la Naci\u00f3n","url":"https:\/\/www.fiscalia.gov.co\/colombia\/","logo":{"@type":"ImageObject","inLanguage":"es-CO","@id":"https:\/\/www.fiscalia.gov.co\/colombia\/#\/schema\/logo\/image\/","url":"https:\/\/www.fiscalia.gov.co\/colombia\/wp-content\/uploads\/LogoHorizontal_1.jpg","contentUrl":"https:\/\/www.fiscalia.gov.co\/colombia\/wp-content\/uploads\/LogoHorizontal_1.jpg","width":300,"height":90,"caption":"Fiscal\u00eda General de la Naci\u00f3n"},"image":{"@id":"https:\/\/www.fiscalia.gov.co\/colombia\/#\/schema\/logo\/image\/"},"sameAs":["https:\/\/www.facebook.com\/FiscaliaCol","https:\/\/x.com\/FiscaliaCol","https:\/\/www.instagram.com\/fiscaliacol","https:\/\/www.linkedin.com\/company\/fiscalia-general-de-la-naci-n\/","https:\/\/youtube.com\/@fiscaliageneraldelanacion-4668?si=6nN79nyQICPU5iTh"]},{"@type":"Person","@id":"https:\/\/www.fiscalia.gov.co\/colombia\/#\/schema\/person\/2e76b9aba5ecf875ed565ce4de0e0415","name":"Katherine Loaiza Mart\u00ednez","image":{"@type":"ImageObject","inLanguage":"es-CO","@id":"https:\/\/www.fiscalia.gov.co\/colombia\/#\/schema\/person\/image\/","url":"https:\/\/secure.gravatar.com\/avatar\/ab775a2f394c1b83b6d6f78680e57b50?s=96&d=mm&r=g","contentUrl":"https:\/\/secure.gravatar.com\/avatar\/ab775a2f394c1b83b6d6f78680e57b50?s=96&d=mm&r=g","caption":"Katherine Loaiza Mart\u00ednez"},"url":"https:\/\/www.fiscalia.gov.co\/colombia\/author\/kloaiza\/"}]}},"_links":{"self":[{"href":"https:\/\/www.fiscalia.gov.co\/colombia\/wp-json\/wp\/v2\/posts\/271949","targetHints":{"allow":["GET"]}}],"collection":[{"href":"https:\/\/www.fiscalia.gov.co\/colombia\/wp-json\/wp\/v2\/posts"}],"about":[{"href":"https:\/\/www.fiscalia.gov.co\/colombia\/wp-json\/wp\/v2\/types\/post"}],"author":[{"embeddable":true,"href":"https:\/\/www.fiscalia.gov.co\/colombia\/wp-json\/wp\/v2\/users\/175"}],"replies":[{"embeddable":true,"href":"https:\/\/www.fiscalia.gov.co\/colombia\/wp-json\/wp\/v2\/comments?post=271949"}],"version-history":[{"count":1,"href":"https:\/\/www.fiscalia.gov.co\/colombia\/wp-json\/wp\/v2\/posts\/271949\/revisions"}],"predecessor-version":[{"id":271950,"href":"https:\/\/www.fiscalia.gov.co\/colombia\/wp-json\/wp\/v2\/posts\/271949\/revisions\/271950"}],"wp:attachment":[{"href":"https:\/\/www.fiscalia.gov.co\/colombia\/wp-json\/wp\/v2\/media?parent=271949"}],"wp:term":[{"taxonomy":"category","embeddable":true,"href":"https:\/\/www.fiscalia.gov.co\/colombia\/wp-json\/wp\/v2\/categories?post=271949"},{"taxonomy":"post_tag","embeddable":true,"href":"https:\/\/www.fiscalia.gov.co\/colombia\/wp-json\/wp\/v2\/tags?post=271949"}],"curies":[{"name":"wp","href":"https:\/\/api.w.org\/{rel}","templated":true}]}}