{"id":271889,"date":"2023-05-19T14:23:23","date_gmt":"2023-05-19T19:23:23","guid":{"rendered":"https:\/\/www.fiscalia.gov.co\/colombia\/?p=271889"},"modified":"2023-05-30T10:11:52","modified_gmt":"2023-05-30T15:11:52","slug":"asegurados-cuatro-hombres-que-habrian-atentado-contra-la-integridad-fisica-y-sexual-de-menores-y-mujeres-en-huila","status":"publish","type":"post","link":"https:\/\/www.fiscalia.gov.co\/colombia\/noticias\/asegurados-cuatro-hombres-que-habrian-atentado-contra-la-integridad-fisica-y-sexual-de-menores-y-mujeres-en-huila\/","title":{"rendered":"Asegurados cuatro hombres que habr\u00edan atentado contra la integridad f\u00edsica y sexual de menores y mujeres en Huila"},"content":{"rendered":"<p>La Seccional Huila de la Fiscal\u00eda General de la Naci\u00f3n, comprometida con la investigaci\u00f3n de casos relacionados con violencia de g\u00e9nero, logr\u00f3 que cuatro hombres, presuntamente vinculados con delictivos que atentan contra mujeres, ni\u00f1as, ni\u00f1os fueran cobijados con medida de aseguramiento en centro carcelario.<\/p>\n<p>La priorizaci\u00f3n de estos casos ha permitido que en lo corrido del a\u00f1o la Seccional Huila haya resuelto el 60 % de los hechos registrados en Neiva. Resultados similares se han dado en hechos relacionados con violencia intrafamiliar en este departamento, sobre los cuales se lleg\u00f3 a cifras del 98.58%.<\/p>\n<p>El trabajo articulado entre funcionarios del Cuerpo T\u00e9cnico de Investigaci\u00f3n (CTI), Polic\u00eda y Ej\u00e9rcito Nacional permitieron la captura de los procesados.<\/p>\n<p><b>Judicializado padrastro que embaraz\u00f3 a su hijastra<\/b><\/p>\n<p>Seg\u00fan la investigaci\u00f3n, desde el 2017 el procesado habr\u00eda sometido a los dos hijos de su compa\u00f1era sentimental a ciclos de violencia intrafamiliar. En desarrollo de la indagaci\u00f3n, la Fiscal\u00eda estableci\u00f3 que la menor era agredida de manera verbal, f\u00edsica, psicol\u00f3gica y sexual. El ente acusador pudo determinar que deb\u00eda soportar burlas por su apariencia. Comportamientos similares que se replicaban en contra de la madre de los ni\u00f1os.<\/p>\n<figure id=\"attachment_271894\" aria-describedby=\"caption-attachment-271894\" style=\"width: 233px\" class=\"wp-caption aligncenter\"><img loading=\"lazy\" decoding=\"async\" class=\"size-medium wp-image-271894\" src=\"https:\/\/www.fiscalia.gov.co\/colombia\/wp-content\/uploads\/Padrastro-que-embarazo-a-su-hijastra-de-12-anos-233x300.jpeg\" alt=\"En la fotograf\u00eda aparecen un capturado junto a personal de Fiscal\u00eda. En la parte posterior de la imagen se ven banners de Polic\u00eda Nacional y la Fiscal\u00eda General de la Naci\u00f3n. \" width=\"233\" height=\"300\" srcset=\"https:\/\/www.fiscalia.gov.co\/colombia\/wp-content\/uploads\/Padrastro-que-embarazo-a-su-hijastra-de-12-anos-233x300.jpeg 233w, https:\/\/www.fiscalia.gov.co\/colombia\/wp-content\/uploads\/Padrastro-que-embarazo-a-su-hijastra-de-12-anos-326x420.jpeg 326w, https:\/\/www.fiscalia.gov.co\/colombia\/wp-content\/uploads\/Padrastro-que-embarazo-a-su-hijastra-de-12-anos.jpeg 543w\" sizes=\"auto, (max-width: 233px) 100vw, 233px\" \/><figcaption id=\"caption-attachment-271894\" class=\"wp-caption-text\">Padrastro que embaraz\u00f3 a su hijastra de 12 a\u00f1os.<\/figcaption><\/figure>\n<p>La menor de 12 a\u00f1os, habr\u00eda sido agredida sexualmente desde noviembre de 2022. Este tipo de hechos cometidos en frente de su hermano, de 7 a\u00f1os.\u00a0\u00a0Estos delitos sucedieron en el barrio Villa Marcela de Neiva.<\/p>\n<p>El material de prueba recaudado puso al descubierto c\u00f3mo el hombre, de 32 a\u00f1os, al parecer, le enviaba mensajes en redes sociales a la menor pidi\u00e9ndole que lo esperara desnuda en la habitaci\u00f3n. Producto de los vej\u00e1menes sexuales la v\u00edctima qued\u00f3 en embarazo.<\/p>\n<p>La Fiscal\u00eda imput\u00f3 al presunto abusador los delitos de acceso carnal abusivo con menor de 14 a\u00f1os agravado, actos sexuales con menor de 14 a\u00f1os agravado y violencia intrafamiliar agravada.\u00a0\u00a0\u00a0<b>\u00a0<\/b><\/p>\n<p><b>Un padre habr\u00eda abusado sexualmente de su hija de 2 a\u00f1os<\/b><\/p>\n<p>Los hechos investigados se registraron en mayo de 2016 en\u00a0Palermo (Huila) donde una infante de 2 a\u00f1os fue agredida sexualmente por su padre, un hombre de 54 a\u00f1os.<\/p>\n<p>Este caso fue conocido y denunciado por la t\u00eda materna de la v\u00edctima, quien instaur\u00f3 la denuncia\u00a0luego de que la ni\u00f1a se quejara de dolencias en sus partes \u00edntimas y se\u00f1alara a su pap\u00e1 como el responsable de las agresiones.<\/p>\n<figure id=\"attachment_271895\" aria-describedby=\"caption-attachment-271895\" style=\"width: 260px\" class=\"wp-caption aligncenter\"><img loading=\"lazy\" decoding=\"async\" class=\"size-medium wp-image-271895\" src=\"https:\/\/www.fiscalia.gov.co\/colombia\/wp-content\/uploads\/Padre-que-habria-abusado-sexualmente-de-su-hija-de-2-anos-260x300.jpeg\" alt=\"En la fotograf\u00eda aparece un capturado junto a personal de Fiscal\u00eda General de La Naci\u00f3n, Ej\u00e9rcito Nacional y Polic\u00eda Nacional. En la parte posterior de la imagen se ven banners de Ej\u00e9rcito Nacional, Polic\u00eda Nacional y la Fiscal\u00eda General de la Naci\u00f3n. \" width=\"260\" height=\"300\" srcset=\"https:\/\/www.fiscalia.gov.co\/colombia\/wp-content\/uploads\/Padre-que-habria-abusado-sexualmente-de-su-hija-de-2-anos-260x300.jpeg 260w, https:\/\/www.fiscalia.gov.co\/colombia\/wp-content\/uploads\/Padre-que-habria-abusado-sexualmente-de-su-hija-de-2-anos-365x420.jpeg 365w, https:\/\/www.fiscalia.gov.co\/colombia\/wp-content\/uploads\/Padre-que-habria-abusado-sexualmente-de-su-hija-de-2-anos.jpeg 625w\" sizes=\"auto, (max-width: 260px) 100vw, 260px\" \/><figcaption id=\"caption-attachment-271895\" class=\"wp-caption-text\">Padre que habr\u00eda abusado sexualmente de su hija de 2 a\u00f1os.<\/figcaption><\/figure>\n<p>El posible abusador fue imputado por el delito de acceso carnal abusivo con menor de 14 a\u00f1os agravado.<\/p>\n<p><b>Una mujer era golpeada por su compa\u00f1ero sentimental<\/b><\/p>\n<p>La Fiscal\u00eda traslad\u00f3 escrito de acusaci\u00f3n contra Jos\u00e9 Armando Rojas Pab\u00f3n de 41 a\u00f1os, presuntamente responsable del delito de violencia intrafamiliar agravada.\u00a0Seg\u00fan la investigaci\u00f3n, el acusado convivi\u00f3 con su compa\u00f1era sentimental por 10 a\u00f1os, tiempo durante el cual la mujer fue sometida a maltratos verbales, psicol\u00f3gicos y f\u00edsicos.<\/p>\n<figure id=\"attachment_271896\" aria-describedby=\"caption-attachment-271896\" style=\"width: 356px\" class=\"wp-caption aligncenter\"><img loading=\"lazy\" decoding=\"async\" class=\" wp-image-271896\" src=\"https:\/\/www.fiscalia.gov.co\/colombia\/wp-content\/uploads\/Jose-Armando-Rojas-Pabon-2-300x220.jpeg\" alt=\"En la fotograf\u00eda aparece un capturado junto a personal de Polic\u00eda Nacional. En la parte posterior de la imagen se ven banners de Polic\u00eda Nacional y la Fiscal\u00eda General de la Naci\u00f3n. \" width=\"356\" height=\"261\" srcset=\"https:\/\/www.fiscalia.gov.co\/colombia\/wp-content\/uploads\/Jose-Armando-Rojas-Pabon-2-300x220.jpeg 300w, https:\/\/www.fiscalia.gov.co\/colombia\/wp-content\/uploads\/Jose-Armando-Rojas-Pabon-2-1024x750.jpeg 1024w, https:\/\/www.fiscalia.gov.co\/colombia\/wp-content\/uploads\/Jose-Armando-Rojas-Pabon-2-768x563.jpeg 768w, https:\/\/www.fiscalia.gov.co\/colombia\/wp-content\/uploads\/Jose-Armando-Rojas-Pabon-2-1536x1125.jpeg 1536w, https:\/\/www.fiscalia.gov.co\/colombia\/wp-content\/uploads\/Jose-Armando-Rojas-Pabon-2-696x510.jpeg 696w, https:\/\/www.fiscalia.gov.co\/colombia\/wp-content\/uploads\/Jose-Armando-Rojas-Pabon-2-1068x782.jpeg 1068w, https:\/\/www.fiscalia.gov.co\/colombia\/wp-content\/uploads\/Jose-Armando-Rojas-Pabon-2-573x420.jpeg 573w, https:\/\/www.fiscalia.gov.co\/colombia\/wp-content\/uploads\/Jose-Armando-Rojas-Pabon-2-80x60.jpeg 80w, https:\/\/www.fiscalia.gov.co\/colombia\/wp-content\/uploads\/Jose-Armando-Rojas-Pabon-2.jpeg 1600w\" sizes=\"auto, (max-width: 356px) 100vw, 356px\" \/><figcaption id=\"caption-attachment-271896\" class=\"wp-caption-text\">Jos\u00e9 Armando Rojas Pab\u00f3n al parecer golpeaba a su compa\u00f1era sentimental por celos.<\/figcaption><\/figure>\n<p>Seg\u00fan se logr\u00f3 establecer, las m\u00e1s recientes agresiones ocurrieron el 19 de febrero de 2023 en el barrio Fronteras del Milenio de Neiva donde el hombre habr\u00eda golpeado a su compa\u00f1era sentimental, presuntamente por celos.\u00a0\u00a0Por estos hechos la v\u00edctima recibi\u00f3 una incapacidad de 12 d\u00edas de Medicina Legal.<\/p>\n<p><b>Un hombre agred\u00eda a su mam\u00e1 y a su hija<\/b><\/p>\n<p>En otro caso, un hombre de 37 a\u00f1os fue judicializado por el delito de violencia intrafamiliar agravada debido a las presuntas agresiones a las que somet\u00eda a su madre e hija de 15 a\u00f1os. Seg\u00fan se logr\u00f3 determinar, las dos mujeres deb\u00edan soportar insultos y violencia psicol\u00f3gica de manera constante.<\/p>\n<figure id=\"attachment_271897\" aria-describedby=\"caption-attachment-271897\" style=\"width: 363px\" class=\"wp-caption aligncenter\"><img loading=\"lazy\" decoding=\"async\" class=\" wp-image-271897\" src=\"https:\/\/www.fiscalia.gov.co\/colombia\/wp-content\/uploads\/Hombre-que-al-parecer-agredia-a-su-mama-y-a-su-hija-menor-de-edad-300x216.jpeg\" alt=\"En la fotograf\u00eda aparece un capturado junto a personal de Polic\u00eda Nacional. En la parte posterior de la imagen se ven banners de Polic\u00eda Nacional y la Fiscal\u00eda General de la Naci\u00f3n. \" width=\"363\" height=\"261\" srcset=\"https:\/\/www.fiscalia.gov.co\/colombia\/wp-content\/uploads\/Hombre-que-al-parecer-agredia-a-su-mama-y-a-su-hija-menor-de-edad-300x216.jpeg 300w, https:\/\/www.fiscalia.gov.co\/colombia\/wp-content\/uploads\/Hombre-que-al-parecer-agredia-a-su-mama-y-a-su-hija-menor-de-edad-1024x739.jpeg 1024w, https:\/\/www.fiscalia.gov.co\/colombia\/wp-content\/uploads\/Hombre-que-al-parecer-agredia-a-su-mama-y-a-su-hija-menor-de-edad-768x554.jpeg 768w, https:\/\/www.fiscalia.gov.co\/colombia\/wp-content\/uploads\/Hombre-que-al-parecer-agredia-a-su-mama-y-a-su-hija-menor-de-edad-1536x1108.jpeg 1536w, https:\/\/www.fiscalia.gov.co\/colombia\/wp-content\/uploads\/Hombre-que-al-parecer-agredia-a-su-mama-y-a-su-hija-menor-de-edad-696x502.jpeg 696w, https:\/\/www.fiscalia.gov.co\/colombia\/wp-content\/uploads\/Hombre-que-al-parecer-agredia-a-su-mama-y-a-su-hija-menor-de-edad-1068x770.jpeg 1068w, https:\/\/www.fiscalia.gov.co\/colombia\/wp-content\/uploads\/Hombre-que-al-parecer-agredia-a-su-mama-y-a-su-hija-menor-de-edad-582x420.jpeg 582w, https:\/\/www.fiscalia.gov.co\/colombia\/wp-content\/uploads\/Hombre-que-al-parecer-agredia-a-su-mama-y-a-su-hija-menor-de-edad.jpeg 1600w\" sizes=\"auto, (max-width: 363px) 100vw, 363px\" \/><figcaption id=\"caption-attachment-271897\" class=\"wp-caption-text\">Hombre que al parecer agred\u00eda a su mam\u00e1 y a su hija menor de edad.<\/figcaption><\/figure>\n<p>Seg\u00fan consta en la denuncia, el acusado es consumidor de estupefacientes actividad que realizar\u00eda en presencia de sus hijos. Los m\u00e1s recientes hechos de violencia ocurrieron el d\u00eda 27 de abril de 2023 en el barrio Santa Isabel de Neiva donde\u00a0la v\u00edctima fue golpeada en varias partes de su cuerpo.\u00a0\u00a0Medicina Legal determin\u00f3 una incapacidad definitiva de 10 d\u00edas para la menor.<\/p>\n<p><b>La Fiscal\u00eda habla con resultados.\u00a0<\/b><\/p>\n<p>&nbsp;<\/p>\n<p>&nbsp;<\/p>\n<p>&nbsp;<\/p>\n<p>LMGM\/MAGA\/DFHI\/DSH<\/p>\n<p><i>La informaci\u00f3n contenida en este bolet\u00edn de prensa corresponde a la narraci\u00f3n de los hechos noticiosos objetivos, suministrados por los funcionarios encargados de adelantar las investigaciones penales al interior de la Fiscal\u00eda General de la Naci\u00f3n. Para el momento de la divulgaci\u00f3n de este comunicado, la situaci\u00f3n jur\u00eddica de la(s) persona(s) relacionada(s) se encuentra pendiente de resolver por la autoridad judicial competente, siempre bajo los preceptos de la presunci\u00f3n de inocencia, consagrados en el art\u00edculo 29 de la Constituci\u00f3n Pol\u00edtica y el art\u00edculo 7\u00ba de la Ley 906 de 2004.\u00a0<\/i><\/p>\n<p>&nbsp;<\/p>\n\n<div class=\"twitter-share\"><a href=\"https:\/\/twitter.com\/intent\/tweet?via=fiscaliacol\" class=\"twitter-share-button\">Tweet<\/a><\/div>\n","protected":false},"excerpt":{"rendered":"<p>La Seccional Huila de la Fiscal\u00eda General de la Naci\u00f3n, comprometida con la investigaci\u00f3n de casos relacionados con violencia de g\u00e9nero, logr\u00f3 que cuatro hombres, presuntamente vinculados con delictivos que [&hellip;]<\/p>\n","protected":false},"author":178,"featured_media":272357,"comment_status":"closed","ping_status":"open","sticky":false,"template":"","format":"video","meta":{"tdm_status":"","tdm_grid_status":"","footnotes":""},"categories":[1,333,303,24127],"tags":[16,2464,5507,23833,31720,29775,24485,1176,682,2299],"class_list":["post-271889","post","type-post","status-publish","format-video","has-post-thumbnail","category-noticias","category-seccional-neiva","category-seccionales","category-violencia-sexual-e-intrafamiliar","tag-huila","tag-menores","tag-mujeres","tag-neiva","tag-neiva-huila","tag-palermo","tag-seccional-huila","tag-violencia-de-genero","tag-violencia-intrafamiliar","tag-violencia-sexual","post_format-post-format-video"],"yoast_head":"<!-- This site is optimized with the Yoast SEO plugin v24.3 - https:\/\/yoast.com\/wordpress\/plugins\/seo\/ -->\n<title>Fiscal\u00eda General de la Naci\u00f3n<\/title>\n<meta name=\"description\" content=\"P\u00e1gina oficial de la Fiscal\u00eda General de la Naci\u00f3n \u2013 Colombia. Garantizamos el acceso efectivo a la justicia, la verdad y la reparaci\u00f3n de las v\u00edctimas de los delitos.\" \/>\n<meta name=\"robots\" content=\"noindex, follow\" \/>\n<meta property=\"og:locale\" content=\"es_ES\" \/>\n<meta property=\"og:type\" content=\"article\" \/>\n<meta property=\"og:title\" content=\"Fiscal\u00eda General de la Naci\u00f3n\" \/>\n<meta property=\"og:description\" content=\"P\u00e1gina oficial de la Fiscal\u00eda General de la Naci\u00f3n \u2013 Colombia. Garantizamos el acceso efectivo a la justicia, la verdad y la reparaci\u00f3n de las v\u00edctimas de los delitos.\" \/>\n<meta property=\"og:url\" content=\"https:\/\/www.fiscalia.gov.co\/colombia\/noticias\/asegurados-cuatro-hombres-que-habrian-atentado-contra-la-integridad-fisica-y-sexual-de-menores-y-mujeres-en-huila\/\" \/>\n<meta property=\"og:site_name\" content=\"Fiscal\u00eda General de la Naci\u00f3n\" \/>\n<meta property=\"article:publisher\" content=\"https:\/\/www.facebook.com\/FiscaliaCol\" \/>\n<meta property=\"article:published_time\" content=\"2023-05-19T19:23:23+00:00\" \/>\n<meta property=\"article:modified_time\" content=\"2023-05-30T15:11:52+00:00\" \/>\n<meta property=\"og:image\" content=\"https:\/\/www.fiscalia.gov.co\/colombia\/wp-content\/uploads\/maxresdefault-1071.jpg\" \/>\n\t<meta property=\"og:image:width\" content=\"1280\" \/>\n\t<meta property=\"og:image:height\" content=\"720\" \/>\n\t<meta property=\"og:image:type\" content=\"image\/jpeg\" \/>\n<meta name=\"author\" content=\"Winnie Geraldine Rodr\u00edguez Navarrete\" \/>\n<meta name=\"twitter:card\" content=\"summary_large_image\" \/>\n<meta name=\"twitter:creator\" content=\"@FiscaliaCol\" \/>\n<meta name=\"twitter:site\" content=\"@FiscaliaCol\" \/>\n<meta name=\"twitter:label1\" content=\"Escrito por\" \/>\n\t<meta name=\"twitter:data1\" content=\"Winnie Geraldine Rodr\u00edguez Navarrete\" \/>\n\t<meta name=\"twitter:label2\" content=\"Tiempo de lectura\" \/>\n\t<meta name=\"twitter:data2\" content=\"4 minutos\" \/>\n<script type=\"application\/ld+json\" class=\"yoast-schema-graph\">{\"@context\":\"https:\/\/schema.org\",\"@graph\":[{\"@type\":\"Article\",\"@id\":\"https:\/\/www.fiscalia.gov.co\/colombia\/noticias\/asegurados-cuatro-hombres-que-habrian-atentado-contra-la-integridad-fisica-y-sexual-de-menores-y-mujeres-en-huila\/#article\",\"isPartOf\":{\"@id\":\"https:\/\/www.fiscalia.gov.co\/colombia\/noticias\/asegurados-cuatro-hombres-que-habrian-atentado-contra-la-integridad-fisica-y-sexual-de-menores-y-mujeres-en-huila\/\"},\"author\":{\"name\":\"Winnie Geraldine Rodr\u00edguez Navarrete\",\"@id\":\"https:\/\/www.fiscalia.gov.co\/colombia\/#\/schema\/person\/176195b99ebab0a52aafa15197e1bf80\"},\"headline\":\"Asegurados cuatro hombres que habr\u00edan atentado contra la integridad f\u00edsica y sexual de menores y mujeres en Huila\",\"datePublished\":\"2023-05-19T19:23:23+00:00\",\"dateModified\":\"2023-05-30T15:11:52+00:00\",\"mainEntityOfPage\":{\"@id\":\"https:\/\/www.fiscalia.gov.co\/colombia\/noticias\/asegurados-cuatro-hombres-que-habrian-atentado-contra-la-integridad-fisica-y-sexual-de-menores-y-mujeres-en-huila\/\"},\"wordCount\":891,\"publisher\":{\"@id\":\"https:\/\/www.fiscalia.gov.co\/colombia\/#organization\"},\"image\":{\"@id\":\"https:\/\/www.fiscalia.gov.co\/colombia\/noticias\/asegurados-cuatro-hombres-que-habrian-atentado-contra-la-integridad-fisica-y-sexual-de-menores-y-mujeres-en-huila\/#primaryimage\"},\"thumbnailUrl\":\"https:\/\/www.fiscalia.gov.co\/colombia\/wp-content\/uploads\/maxresdefault-1071.jpg\",\"keywords\":[\"Huila\",\"Menores\",\"Mujeres\",\"Neiva\",\"Neiva (Huila)\",\"Palermo\",\"Seccional Huila\",\"Violencia de g\u00e9nero\",\"Violencia intrafamiliar\",\"Violencia sexual\"],\"articleSection\":[\"Noticias\",\"Seccional Neiva\",\"Seccionales\",\"Violencia sexual e intrafamiliar\"],\"inLanguage\":\"es-CO\"},{\"@type\":\"WebPage\",\"@id\":\"https:\/\/www.fiscalia.gov.co\/colombia\/noticias\/asegurados-cuatro-hombres-que-habrian-atentado-contra-la-integridad-fisica-y-sexual-de-menores-y-mujeres-en-huila\/\",\"url\":\"https:\/\/www.fiscalia.gov.co\/colombia\/noticias\/asegurados-cuatro-hombres-que-habrian-atentado-contra-la-integridad-fisica-y-sexual-de-menores-y-mujeres-en-huila\/\",\"name\":\"Fiscal\u00eda General de la Naci\u00f3n\",\"isPartOf\":{\"@id\":\"https:\/\/www.fiscalia.gov.co\/colombia\/#website\"},\"primaryImageOfPage\":{\"@id\":\"https:\/\/www.fiscalia.gov.co\/colombia\/noticias\/asegurados-cuatro-hombres-que-habrian-atentado-contra-la-integridad-fisica-y-sexual-de-menores-y-mujeres-en-huila\/#primaryimage\"},\"image\":{\"@id\":\"https:\/\/www.fiscalia.gov.co\/colombia\/noticias\/asegurados-cuatro-hombres-que-habrian-atentado-contra-la-integridad-fisica-y-sexual-de-menores-y-mujeres-en-huila\/#primaryimage\"},\"thumbnailUrl\":\"https:\/\/www.fiscalia.gov.co\/colombia\/wp-content\/uploads\/maxresdefault-1071.jpg\",\"datePublished\":\"2023-05-19T19:23:23+00:00\",\"dateModified\":\"2023-05-30T15:11:52+00:00\",\"description\":\"P\u00e1gina oficial de la Fiscal\u00eda General de la Naci\u00f3n \u2013 Colombia. Garantizamos el acceso efectivo a la justicia, la verdad y la reparaci\u00f3n de las v\u00edctimas de los delitos.\",\"breadcrumb\":{\"@id\":\"https:\/\/www.fiscalia.gov.co\/colombia\/noticias\/asegurados-cuatro-hombres-que-habrian-atentado-contra-la-integridad-fisica-y-sexual-de-menores-y-mujeres-en-huila\/#breadcrumb\"},\"inLanguage\":\"es-CO\",\"potentialAction\":[{\"@type\":\"ReadAction\",\"target\":[\"https:\/\/www.fiscalia.gov.co\/colombia\/noticias\/asegurados-cuatro-hombres-que-habrian-atentado-contra-la-integridad-fisica-y-sexual-de-menores-y-mujeres-en-huila\/\"]}]},{\"@type\":\"ImageObject\",\"inLanguage\":\"es-CO\",\"@id\":\"https:\/\/www.fiscalia.gov.co\/colombia\/noticias\/asegurados-cuatro-hombres-que-habrian-atentado-contra-la-integridad-fisica-y-sexual-de-menores-y-mujeres-en-huila\/#primaryimage\",\"url\":\"https:\/\/www.fiscalia.gov.co\/colombia\/wp-content\/uploads\/maxresdefault-1071.jpg\",\"contentUrl\":\"https:\/\/www.fiscalia.gov.co\/colombia\/wp-content\/uploads\/maxresdefault-1071.jpg\",\"width\":1280,\"height\":720},{\"@type\":\"BreadcrumbList\",\"@id\":\"https:\/\/www.fiscalia.gov.co\/colombia\/noticias\/asegurados-cuatro-hombres-que-habrian-atentado-contra-la-integridad-fisica-y-sexual-de-menores-y-mujeres-en-huila\/#breadcrumb\",\"itemListElement\":[{\"@type\":\"ListItem\",\"position\":1,\"name\":\"Home\",\"item\":\"https:\/\/www.fiscalia.gov.co\/colombia\/\"},{\"@type\":\"ListItem\",\"position\":2,\"name\":\"Asegurados cuatro hombres que habr\u00edan atentado contra la integridad f\u00edsica y sexual de menores y mujeres en Huila\"}]},{\"@type\":\"WebSite\",\"@id\":\"https:\/\/www.fiscalia.gov.co\/colombia\/#website\",\"url\":\"https:\/\/www.fiscalia.gov.co\/colombia\/\",\"name\":\"Fiscal\u00eda General de la Naci\u00f3n\",\"description\":\"P\u00e1gina oficial de la Fiscal\u00eda General de la Naci\u00f3n \u2013 Colombia. Garantizamos el acceso efectivo a la justicia, la verdad y la reparaci\u00f3n de las v\u00edctimas de los delitos.\",\"publisher\":{\"@id\":\"https:\/\/www.fiscalia.gov.co\/colombia\/#organization\"},\"potentialAction\":[{\"@type\":\"SearchAction\",\"target\":{\"@type\":\"EntryPoint\",\"urlTemplate\":\"https:\/\/www.fiscalia.gov.co\/colombia\/?s={search_term_string}\"},\"query-input\":{\"@type\":\"PropertyValueSpecification\",\"valueRequired\":true,\"valueName\":\"search_term_string\"}}],\"inLanguage\":\"es-CO\"},{\"@type\":\"Organization\",\"@id\":\"https:\/\/www.fiscalia.gov.co\/colombia\/#organization\",\"name\":\"Fiscal\u00eda General de la Naci\u00f3n\",\"url\":\"https:\/\/www.fiscalia.gov.co\/colombia\/\",\"logo\":{\"@type\":\"ImageObject\",\"inLanguage\":\"es-CO\",\"@id\":\"https:\/\/www.fiscalia.gov.co\/colombia\/#\/schema\/logo\/image\/\",\"url\":\"https:\/\/www.fiscalia.gov.co\/colombia\/wp-content\/uploads\/LogoHorizontal_1.jpg\",\"contentUrl\":\"https:\/\/www.fiscalia.gov.co\/colombia\/wp-content\/uploads\/LogoHorizontal_1.jpg\",\"width\":300,\"height\":90,\"caption\":\"Fiscal\u00eda General de la Naci\u00f3n\"},\"image\":{\"@id\":\"https:\/\/www.fiscalia.gov.co\/colombia\/#\/schema\/logo\/image\/\"},\"sameAs\":[\"https:\/\/www.facebook.com\/FiscaliaCol\",\"https:\/\/x.com\/FiscaliaCol\",\"https:\/\/www.instagram.com\/fiscaliacol\",\"https:\/\/www.linkedin.com\/company\/fiscalia-general-de-la-naci-n\/\",\"https:\/\/youtube.com\/@fiscaliageneraldelanacion-4668?si=6nN79nyQICPU5iTh\"]},{\"@type\":\"Person\",\"@id\":\"https:\/\/www.fiscalia.gov.co\/colombia\/#\/schema\/person\/176195b99ebab0a52aafa15197e1bf80\",\"name\":\"Winnie Geraldine Rodr\u00edguez Navarrete\",\"image\":{\"@type\":\"ImageObject\",\"inLanguage\":\"es-CO\",\"@id\":\"https:\/\/www.fiscalia.gov.co\/colombia\/#\/schema\/person\/image\/\",\"url\":\"https:\/\/secure.gravatar.com\/avatar\/c24cf8481dc84fa5e8c7b20bc95ab0c6?s=96&d=mm&r=g\",\"contentUrl\":\"https:\/\/secure.gravatar.com\/avatar\/c24cf8481dc84fa5e8c7b20bc95ab0c6?s=96&d=mm&r=g\",\"caption\":\"Winnie Geraldine Rodr\u00edguez Navarrete\"},\"url\":\"https:\/\/www.fiscalia.gov.co\/colombia\/author\/winnierodriguez\/\"}]}<\/script>\n<!-- \/ Yoast SEO plugin. -->","yoast_head_json":{"title":"Fiscal\u00eda General de la Naci\u00f3n","description":"P\u00e1gina oficial de la Fiscal\u00eda General de la Naci\u00f3n \u2013 Colombia. Garantizamos el acceso efectivo a la justicia, la verdad y la reparaci\u00f3n de las v\u00edctimas de los delitos.","robots":{"index":"noindex","follow":"follow"},"og_locale":"es_ES","og_type":"article","og_title":"Fiscal\u00eda General de la Naci\u00f3n","og_description":"P\u00e1gina oficial de la Fiscal\u00eda General de la Naci\u00f3n \u2013 Colombia. Garantizamos el acceso efectivo a la justicia, la verdad y la reparaci\u00f3n de las v\u00edctimas de los delitos.","og_url":"https:\/\/www.fiscalia.gov.co\/colombia\/noticias\/asegurados-cuatro-hombres-que-habrian-atentado-contra-la-integridad-fisica-y-sexual-de-menores-y-mujeres-en-huila\/","og_site_name":"Fiscal\u00eda General de la Naci\u00f3n","article_publisher":"https:\/\/www.facebook.com\/FiscaliaCol","article_published_time":"2023-05-19T19:23:23+00:00","article_modified_time":"2023-05-30T15:11:52+00:00","og_image":[{"width":1280,"height":720,"url":"https:\/\/www.fiscalia.gov.co\/colombia\/wp-content\/uploads\/maxresdefault-1071.jpg","type":"image\/jpeg"}],"author":"Winnie Geraldine Rodr\u00edguez Navarrete","twitter_card":"summary_large_image","twitter_creator":"@FiscaliaCol","twitter_site":"@FiscaliaCol","twitter_misc":{"Escrito por":"Winnie Geraldine Rodr\u00edguez Navarrete","Tiempo de lectura":"4 minutos"},"schema":{"@context":"https:\/\/schema.org","@graph":[{"@type":"Article","@id":"https:\/\/www.fiscalia.gov.co\/colombia\/noticias\/asegurados-cuatro-hombres-que-habrian-atentado-contra-la-integridad-fisica-y-sexual-de-menores-y-mujeres-en-huila\/#article","isPartOf":{"@id":"https:\/\/www.fiscalia.gov.co\/colombia\/noticias\/asegurados-cuatro-hombres-que-habrian-atentado-contra-la-integridad-fisica-y-sexual-de-menores-y-mujeres-en-huila\/"},"author":{"name":"Winnie Geraldine Rodr\u00edguez Navarrete","@id":"https:\/\/www.fiscalia.gov.co\/colombia\/#\/schema\/person\/176195b99ebab0a52aafa15197e1bf80"},"headline":"Asegurados cuatro hombres que habr\u00edan atentado contra la integridad f\u00edsica y sexual de menores y mujeres en Huila","datePublished":"2023-05-19T19:23:23+00:00","dateModified":"2023-05-30T15:11:52+00:00","mainEntityOfPage":{"@id":"https:\/\/www.fiscalia.gov.co\/colombia\/noticias\/asegurados-cuatro-hombres-que-habrian-atentado-contra-la-integridad-fisica-y-sexual-de-menores-y-mujeres-en-huila\/"},"wordCount":891,"publisher":{"@id":"https:\/\/www.fiscalia.gov.co\/colombia\/#organization"},"image":{"@id":"https:\/\/www.fiscalia.gov.co\/colombia\/noticias\/asegurados-cuatro-hombres-que-habrian-atentado-contra-la-integridad-fisica-y-sexual-de-menores-y-mujeres-en-huila\/#primaryimage"},"thumbnailUrl":"https:\/\/www.fiscalia.gov.co\/colombia\/wp-content\/uploads\/maxresdefault-1071.jpg","keywords":["Huila","Menores","Mujeres","Neiva","Neiva (Huila)","Palermo","Seccional Huila","Violencia de g\u00e9nero","Violencia intrafamiliar","Violencia sexual"],"articleSection":["Noticias","Seccional Neiva","Seccionales","Violencia sexual e intrafamiliar"],"inLanguage":"es-CO"},{"@type":"WebPage","@id":"https:\/\/www.fiscalia.gov.co\/colombia\/noticias\/asegurados-cuatro-hombres-que-habrian-atentado-contra-la-integridad-fisica-y-sexual-de-menores-y-mujeres-en-huila\/","url":"https:\/\/www.fiscalia.gov.co\/colombia\/noticias\/asegurados-cuatro-hombres-que-habrian-atentado-contra-la-integridad-fisica-y-sexual-de-menores-y-mujeres-en-huila\/","name":"Fiscal\u00eda General de la Naci\u00f3n","isPartOf":{"@id":"https:\/\/www.fiscalia.gov.co\/colombia\/#website"},"primaryImageOfPage":{"@id":"https:\/\/www.fiscalia.gov.co\/colombia\/noticias\/asegurados-cuatro-hombres-que-habrian-atentado-contra-la-integridad-fisica-y-sexual-de-menores-y-mujeres-en-huila\/#primaryimage"},"image":{"@id":"https:\/\/www.fiscalia.gov.co\/colombia\/noticias\/asegurados-cuatro-hombres-que-habrian-atentado-contra-la-integridad-fisica-y-sexual-de-menores-y-mujeres-en-huila\/#primaryimage"},"thumbnailUrl":"https:\/\/www.fiscalia.gov.co\/colombia\/wp-content\/uploads\/maxresdefault-1071.jpg","datePublished":"2023-05-19T19:23:23+00:00","dateModified":"2023-05-30T15:11:52+00:00","description":"P\u00e1gina oficial de la Fiscal\u00eda General de la Naci\u00f3n \u2013 Colombia. Garantizamos el acceso efectivo a la justicia, la verdad y la reparaci\u00f3n de las v\u00edctimas de los delitos.","breadcrumb":{"@id":"https:\/\/www.fiscalia.gov.co\/colombia\/noticias\/asegurados-cuatro-hombres-que-habrian-atentado-contra-la-integridad-fisica-y-sexual-de-menores-y-mujeres-en-huila\/#breadcrumb"},"inLanguage":"es-CO","potentialAction":[{"@type":"ReadAction","target":["https:\/\/www.fiscalia.gov.co\/colombia\/noticias\/asegurados-cuatro-hombres-que-habrian-atentado-contra-la-integridad-fisica-y-sexual-de-menores-y-mujeres-en-huila\/"]}]},{"@type":"ImageObject","inLanguage":"es-CO","@id":"https:\/\/www.fiscalia.gov.co\/colombia\/noticias\/asegurados-cuatro-hombres-que-habrian-atentado-contra-la-integridad-fisica-y-sexual-de-menores-y-mujeres-en-huila\/#primaryimage","url":"https:\/\/www.fiscalia.gov.co\/colombia\/wp-content\/uploads\/maxresdefault-1071.jpg","contentUrl":"https:\/\/www.fiscalia.gov.co\/colombia\/wp-content\/uploads\/maxresdefault-1071.jpg","width":1280,"height":720},{"@type":"BreadcrumbList","@id":"https:\/\/www.fiscalia.gov.co\/colombia\/noticias\/asegurados-cuatro-hombres-que-habrian-atentado-contra-la-integridad-fisica-y-sexual-de-menores-y-mujeres-en-huila\/#breadcrumb","itemListElement":[{"@type":"ListItem","position":1,"name":"Home","item":"https:\/\/www.fiscalia.gov.co\/colombia\/"},{"@type":"ListItem","position":2,"name":"Asegurados cuatro hombres que habr\u00edan atentado contra la integridad f\u00edsica y sexual de menores y mujeres en Huila"}]},{"@type":"WebSite","@id":"https:\/\/www.fiscalia.gov.co\/colombia\/#website","url":"https:\/\/www.fiscalia.gov.co\/colombia\/","name":"Fiscal\u00eda General de la Naci\u00f3n","description":"P\u00e1gina oficial de la Fiscal\u00eda General de la Naci\u00f3n \u2013 Colombia. Garantizamos el acceso efectivo a la justicia, la verdad y la reparaci\u00f3n de las v\u00edctimas de los delitos.","publisher":{"@id":"https:\/\/www.fiscalia.gov.co\/colombia\/#organization"},"potentialAction":[{"@type":"SearchAction","target":{"@type":"EntryPoint","urlTemplate":"https:\/\/www.fiscalia.gov.co\/colombia\/?s={search_term_string}"},"query-input":{"@type":"PropertyValueSpecification","valueRequired":true,"valueName":"search_term_string"}}],"inLanguage":"es-CO"},{"@type":"Organization","@id":"https:\/\/www.fiscalia.gov.co\/colombia\/#organization","name":"Fiscal\u00eda General de la Naci\u00f3n","url":"https:\/\/www.fiscalia.gov.co\/colombia\/","logo":{"@type":"ImageObject","inLanguage":"es-CO","@id":"https:\/\/www.fiscalia.gov.co\/colombia\/#\/schema\/logo\/image\/","url":"https:\/\/www.fiscalia.gov.co\/colombia\/wp-content\/uploads\/LogoHorizontal_1.jpg","contentUrl":"https:\/\/www.fiscalia.gov.co\/colombia\/wp-content\/uploads\/LogoHorizontal_1.jpg","width":300,"height":90,"caption":"Fiscal\u00eda General de la Naci\u00f3n"},"image":{"@id":"https:\/\/www.fiscalia.gov.co\/colombia\/#\/schema\/logo\/image\/"},"sameAs":["https:\/\/www.facebook.com\/FiscaliaCol","https:\/\/x.com\/FiscaliaCol","https:\/\/www.instagram.com\/fiscaliacol","https:\/\/www.linkedin.com\/company\/fiscalia-general-de-la-naci-n\/","https:\/\/youtube.com\/@fiscaliageneraldelanacion-4668?si=6nN79nyQICPU5iTh"]},{"@type":"Person","@id":"https:\/\/www.fiscalia.gov.co\/colombia\/#\/schema\/person\/176195b99ebab0a52aafa15197e1bf80","name":"Winnie Geraldine Rodr\u00edguez Navarrete","image":{"@type":"ImageObject","inLanguage":"es-CO","@id":"https:\/\/www.fiscalia.gov.co\/colombia\/#\/schema\/person\/image\/","url":"https:\/\/secure.gravatar.com\/avatar\/c24cf8481dc84fa5e8c7b20bc95ab0c6?s=96&d=mm&r=g","contentUrl":"https:\/\/secure.gravatar.com\/avatar\/c24cf8481dc84fa5e8c7b20bc95ab0c6?s=96&d=mm&r=g","caption":"Winnie Geraldine Rodr\u00edguez Navarrete"},"url":"https:\/\/www.fiscalia.gov.co\/colombia\/author\/winnierodriguez\/"}]}},"_links":{"self":[{"href":"https:\/\/www.fiscalia.gov.co\/colombia\/wp-json\/wp\/v2\/posts\/271889","targetHints":{"allow":["GET"]}}],"collection":[{"href":"https:\/\/www.fiscalia.gov.co\/colombia\/wp-json\/wp\/v2\/posts"}],"about":[{"href":"https:\/\/www.fiscalia.gov.co\/colombia\/wp-json\/wp\/v2\/types\/post"}],"author":[{"embeddable":true,"href":"https:\/\/www.fiscalia.gov.co\/colombia\/wp-json\/wp\/v2\/users\/178"}],"replies":[{"embeddable":true,"href":"https:\/\/www.fiscalia.gov.co\/colombia\/wp-json\/wp\/v2\/comments?post=271889"}],"version-history":[{"count":2,"href":"https:\/\/www.fiscalia.gov.co\/colombia\/wp-json\/wp\/v2\/posts\/271889\/revisions"}],"predecessor-version":[{"id":271899,"href":"https:\/\/www.fiscalia.gov.co\/colombia\/wp-json\/wp\/v2\/posts\/271889\/revisions\/271899"}],"wp:featuredmedia":[{"embeddable":true,"href":"https:\/\/www.fiscalia.gov.co\/colombia\/wp-json\/wp\/v2\/media\/272357"}],"wp:attachment":[{"href":"https:\/\/www.fiscalia.gov.co\/colombia\/wp-json\/wp\/v2\/media?parent=271889"}],"wp:term":[{"taxonomy":"category","embeddable":true,"href":"https:\/\/www.fiscalia.gov.co\/colombia\/wp-json\/wp\/v2\/categories?post=271889"},{"taxonomy":"post_tag","embeddable":true,"href":"https:\/\/www.fiscalia.gov.co\/colombia\/wp-json\/wp\/v2\/tags?post=271889"}],"curies":[{"name":"wp","href":"https:\/\/api.w.org\/{rel}","templated":true}]}}