{"id":271664,"date":"2023-05-17T10:15:15","date_gmt":"2023-05-17T15:15:15","guid":{"rendered":"https:\/\/www.fiscalia.gov.co\/colombia\/?p=271664"},"modified":"2023-05-17T10:15:15","modified_gmt":"2023-05-17T15:15:15","slug":"fiscalia-logro-medida-carcelaria-contra-un-hombre-que-habria-asesinado-a-un-ciudadano-con-un-arma-de-fuego","status":"publish","type":"post","link":"https:\/\/www.fiscalia.gov.co\/colombia\/noticias\/fiscalia-logro-medida-carcelaria-contra-un-hombre-que-habria-asesinado-a-un-ciudadano-con-un-arma-de-fuego\/","title":{"rendered":"Fiscal\u00eda logr\u00f3 medida carcelaria contra un hombre que habr\u00eda asesinado a un ciudadano con un arma de fuego"},"content":{"rendered":"<p style=\"font-weight: 400;\">La Fiscal\u00eda General obtuvo medida de aseguramiento en establecimiento carcelario contra Jhon Alexander Romo Botina, como presunto autor responsable del crimen de un ciudadano ocurrido en un establecimiento comercial de la capital de Pasto.<\/p>\n<p style=\"font-weight: 400;\">Los hechos investigados ocurrieron el 16 de septiembre de 2022, cuando el presunto agresor, bajo la modalidad de sicariato, intercept\u00f3 a la v\u00edctima dentro del local comercial, desenfund\u00f3 un\u00a0<a href=\"https:\/\/www.fiscalia.gov.co\/colombia\/noticias\/capturado-hombre-para-que-cumpla-condena-de-nueve-anos-de-prision-por-fabricacion-trafico-o-porte-de-arma-de-fuego\/\" data-saferedirecturl=\"https:\/\/www.google.com\/url?q=https:\/\/www.fiscalia.gov.co\/colombia\/noticias\/capturado-hombre-para-que-cumpla-condena-de-nueve-anos-de-prision-por-fabricacion-trafico-o-porte-de-arma-de-fuego\/&amp;source=gmail&amp;ust=1684420247321000&amp;usg=AOvVaw3cSsg3GT6GxgbvtYjOq9Ve\">arma de fuego<\/a>\u00a0y le dispar\u00f3 en varias oportunidades, provoc\u00e1ndole la muerte.<\/p>\n<p style=\"font-weight: 400;\">De acuerdo con la investigaci\u00f3n, cometido el crimen, Romo Botina emprendi\u00f3 la fuga y abord\u00f3 una motocicleta, conducida por un sujeto identificado como Jonathan Alexander Moreno D\u00edaz, quien lo esperaba a varios metros del lugar de los hechos.<\/p>\n<figure id=\"attachment_271665\" aria-describedby=\"caption-attachment-271665\" style=\"width: 283px\" class=\"wp-caption alignleft\"><img loading=\"lazy\" decoding=\"async\" class=\"size-medium wp-image-271665\" src=\"https:\/\/www.fiscalia.gov.co\/colombia\/wp-content\/uploads\/WhatsApp-Image-2023-05-17-at-9.29.31-AM-283x300.jpeg\" alt=\"En la fotograf\u00eda se observan los cuatro capturados junto a un servidor del CTI y un soldado del Ej\u00e9rcito Nacional. En la parte superior se observa un banner de la Fiscal\u00eda General de la Naci\u00f3n \" width=\"283\" height=\"300\" srcset=\"https:\/\/www.fiscalia.gov.co\/colombia\/wp-content\/uploads\/WhatsApp-Image-2023-05-17-at-9.29.31-AM-283x300.jpeg 283w, https:\/\/www.fiscalia.gov.co\/colombia\/wp-content\/uploads\/WhatsApp-Image-2023-05-17-at-9.29.31-AM-768x815.jpeg 768w, https:\/\/www.fiscalia.gov.co\/colombia\/wp-content\/uploads\/WhatsApp-Image-2023-05-17-at-9.29.31-AM-696x739.jpeg 696w, https:\/\/www.fiscalia.gov.co\/colombia\/wp-content\/uploads\/WhatsApp-Image-2023-05-17-at-9.29.31-AM-396x420.jpeg 396w, https:\/\/www.fiscalia.gov.co\/colombia\/wp-content\/uploads\/WhatsApp-Image-2023-05-17-at-9.29.31-AM.jpeg 847w\" sizes=\"auto, (max-width: 283px) 100vw, 283px\" \/><figcaption id=\"caption-attachment-271665\" class=\"wp-caption-text\">Jhon Alexander Romo Botina fue asegurado con detenci\u00f3n carcelaria por los delitos de homicidio agravado y porte de armas de fuego<\/figcaption><\/figure>\n<p style=\"font-weight: 400;\">Iniciadas las indagaciones, investigadores de Polic\u00eda Judicial lograron recaudar evidencias en el sitio del crimen, entrevistar a testigos del hecho e individualizar al presunto autor del homicidio, lo que permiti\u00f3 que la Fiscal\u00eda solicitara una orden de captura contra el presunto victimario.<\/p>\n<p style=\"font-weight: 400;\">El hombre fue detenido por servidores del Cuerpo T\u00e9cnico de Investigaci\u00f3n, CTI, junto con soldados del Ej\u00e9rcito Nacional, en un sector de la capital del Pasto.<\/p>\n<p style=\"font-weight: 400;\">En las audiencias concentradas, el juez penal con control de garant\u00edas aval\u00f3 la imputaci\u00f3n de cargos del ente investigador contra Jhon Alexander Romo como presunto autor responsable de los delitos de\u00a0<a href=\"https:\/\/www.fiscalia.gov.co\/colombia\/noticias\/un-hombre-fue-enviado-a-prision-por-el-delito-de-homicidio-agravado-y-porte-de-armas-de-fuego\/\" data-saferedirecturl=\"https:\/\/www.google.com\/url?q=https:\/\/www.fiscalia.gov.co\/colombia\/noticias\/un-hombre-fue-enviado-a-prision-por-el-delito-de-homicidio-agravado-y-porte-de-armas-de-fuego\/&amp;source=gmail&amp;ust=1684420247321000&amp;usg=AOvVaw0MNE3SvWnf520ZJLWsnnZ7\">homicidio agravado<\/a>\u00a0en concurso heterog\u00e9neo con fabricaci\u00f3n, tr\u00e1fico y porte de armas, accesorios, partes y municiones.<\/p>\n<p style=\"font-weight: 400;\">El imputado no se allan\u00f3 a los cargos.<\/p>\n<p style=\"font-weight: 400;\">Esta informaci\u00f3n se publica por razones de inter\u00e9s general.<\/p>\n<p style=\"font-weight: 400;\"><strong>La Fiscal\u00eda habla con resultados\u00a0\u00a0<\/strong><\/p>\n<p style=\"font-weight: 400;\">\n<p style=\"font-weight: 400;\">JGP\/FAGH \/LVB\/DSN<\/p>\n<p>&nbsp;<\/p>\n<p>&nbsp;<\/p>\n<p>&nbsp;<\/p>\n<p><i>La informaci\u00f3n contenida en este bolet\u00edn de prensa corresponde a la narraci\u00f3n de los hechos noticiosos objetivos, suministrados por los funcionarios encargados de adelantar las investigaciones penales al interior de la Fiscal\u00eda General de la Naci\u00f3n. Para el momento de la divulgaci\u00f3n de este comunicado, la situaci\u00f3n jur\u00eddica de la(s) persona(s) relacionada(s) se encuentra pendiente de resolver por la autoridad judicial competente, siempre bajo los preceptos de la presunci\u00f3n de inocencia, consagrados en el art\u00edculo 29 de la Constituci\u00f3n Pol\u00edtica y el art\u00edculo 7\u00ba de la Ley 906 de 2004.<\/i><\/p>\n\n<div class=\"twitter-share\"><a href=\"https:\/\/twitter.com\/intent\/tweet?via=fiscaliacol\" class=\"twitter-share-button\">Tweet<\/a><\/div>\n","protected":false},"excerpt":{"rendered":"<p>La Fiscal\u00eda General obtuvo medida de aseguramiento en establecimiento carcelario contra Jhon Alexander Romo Botina, como presunto autor responsable del crimen de un ciudadano ocurrido en un establecimiento comercial de [&hellip;]<\/p>\n","protected":false},"author":178,"featured_media":0,"comment_status":"closed","ping_status":"open","sticky":false,"template":"","format":"standard","meta":{"tdm_status":"","tdm_grid_status":"","footnotes":""},"categories":[1,334,303,24099],"tags":[12163,24526,24481,1047,686,23992],"class_list":["post-271664","post","type-post","status-publish","format-standard","category-noticias","category-seccional-pasto","category-seccionales","category-seguridad-territorial","tag-arma-de-fuego","tag-fiscal-general-francisco-barbosa-delgado","tag-fiscalia-de-colombia","tag-fiscalia-general-de-la-nacion","tag-homicidio-agravado","tag-pasto-narino"],"yoast_head":"<!-- This site is optimized with the Yoast SEO plugin v24.3 - https:\/\/yoast.com\/wordpress\/plugins\/seo\/ -->\n<title>Fiscal\u00eda General de la Naci\u00f3n<\/title>\n<meta name=\"description\" content=\"P\u00e1gina oficial de la Fiscal\u00eda General de la Naci\u00f3n \u2013 Colombia. Garantizamos el acceso efectivo a la justicia, la verdad y la reparaci\u00f3n de las v\u00edctimas de los delitos.\" \/>\n<meta name=\"robots\" content=\"noindex, follow\" \/>\n<meta property=\"og:locale\" content=\"es_ES\" \/>\n<meta property=\"og:type\" content=\"article\" \/>\n<meta property=\"og:title\" content=\"Fiscal\u00eda General de la Naci\u00f3n\" \/>\n<meta property=\"og:description\" content=\"P\u00e1gina oficial de la Fiscal\u00eda General de la Naci\u00f3n \u2013 Colombia. Garantizamos el acceso efectivo a la justicia, la verdad y la reparaci\u00f3n de las v\u00edctimas de los delitos.\" \/>\n<meta property=\"og:url\" content=\"https:\/\/www.fiscalia.gov.co\/colombia\/noticias\/fiscalia-logro-medida-carcelaria-contra-un-hombre-que-habria-asesinado-a-un-ciudadano-con-un-arma-de-fuego\/\" \/>\n<meta property=\"og:site_name\" content=\"Fiscal\u00eda General de la Naci\u00f3n\" \/>\n<meta property=\"article:publisher\" content=\"https:\/\/www.facebook.com\/FiscaliaCol\" \/>\n<meta property=\"article:published_time\" content=\"2023-05-17T15:15:15+00:00\" \/>\n<meta property=\"og:image\" content=\"https:\/\/www.fiscalia.gov.co\/colombia\/wp-content\/uploads\/WhatsApp-Image-2023-05-17-at-9.29.31-AM-283x300.jpeg\" \/>\n<meta name=\"author\" content=\"Winnie Geraldine Rodr\u00edguez Navarrete\" \/>\n<meta name=\"twitter:card\" content=\"summary_large_image\" \/>\n<meta name=\"twitter:creator\" content=\"@FiscaliaCol\" \/>\n<meta name=\"twitter:site\" content=\"@FiscaliaCol\" \/>\n<meta name=\"twitter:label1\" content=\"Escrito por\" \/>\n\t<meta name=\"twitter:data1\" content=\"Winnie Geraldine Rodr\u00edguez Navarrete\" \/>\n\t<meta name=\"twitter:label2\" content=\"Tiempo de lectura\" \/>\n\t<meta name=\"twitter:data2\" content=\"2 minutos\" \/>\n<script type=\"application\/ld+json\" class=\"yoast-schema-graph\">{\"@context\":\"https:\/\/schema.org\",\"@graph\":[{\"@type\":\"Article\",\"@id\":\"https:\/\/www.fiscalia.gov.co\/colombia\/noticias\/fiscalia-logro-medida-carcelaria-contra-un-hombre-que-habria-asesinado-a-un-ciudadano-con-un-arma-de-fuego\/#article\",\"isPartOf\":{\"@id\":\"https:\/\/www.fiscalia.gov.co\/colombia\/noticias\/fiscalia-logro-medida-carcelaria-contra-un-hombre-que-habria-asesinado-a-un-ciudadano-con-un-arma-de-fuego\/\"},\"author\":{\"name\":\"Winnie Geraldine Rodr\u00edguez Navarrete\",\"@id\":\"https:\/\/www.fiscalia.gov.co\/colombia\/#\/schema\/person\/176195b99ebab0a52aafa15197e1bf80\"},\"headline\":\"Fiscal\u00eda logr\u00f3 medida carcelaria contra un hombre que habr\u00eda asesinado a un ciudadano con un arma de fuego\",\"datePublished\":\"2023-05-17T15:15:15+00:00\",\"dateModified\":\"2023-05-17T15:15:15+00:00\",\"mainEntityOfPage\":{\"@id\":\"https:\/\/www.fiscalia.gov.co\/colombia\/noticias\/fiscalia-logro-medida-carcelaria-contra-un-hombre-que-habria-asesinado-a-un-ciudadano-con-un-arma-de-fuego\/\"},\"wordCount\":424,\"publisher\":{\"@id\":\"https:\/\/www.fiscalia.gov.co\/colombia\/#organization\"},\"image\":{\"@id\":\"https:\/\/www.fiscalia.gov.co\/colombia\/noticias\/fiscalia-logro-medida-carcelaria-contra-un-hombre-que-habria-asesinado-a-un-ciudadano-con-un-arma-de-fuego\/#primaryimage\"},\"thumbnailUrl\":\"https:\/\/www.fiscalia.gov.co\/colombia\/wp-content\/uploads\/WhatsApp-Image-2023-05-17-at-9.29.31-AM-283x300.jpeg\",\"keywords\":[\"Arma de fuego\",\"Fiscal General Francisco Barbosa Delgado\",\"Fiscal\u00eda de Colombia\",\"Fiscal\u00eda General de la Naci\u00f3n\",\"Homicidio agravado\",\"Pasto (Nari\u00f1o)\"],\"articleSection\":[\"Noticias\",\"Seccional Pasto\",\"Seccionales\",\"Seguridad territorial\"],\"inLanguage\":\"es-CO\"},{\"@type\":\"WebPage\",\"@id\":\"https:\/\/www.fiscalia.gov.co\/colombia\/noticias\/fiscalia-logro-medida-carcelaria-contra-un-hombre-que-habria-asesinado-a-un-ciudadano-con-un-arma-de-fuego\/\",\"url\":\"https:\/\/www.fiscalia.gov.co\/colombia\/noticias\/fiscalia-logro-medida-carcelaria-contra-un-hombre-que-habria-asesinado-a-un-ciudadano-con-un-arma-de-fuego\/\",\"name\":\"Fiscal\u00eda General de la Naci\u00f3n\",\"isPartOf\":{\"@id\":\"https:\/\/www.fiscalia.gov.co\/colombia\/#website\"},\"primaryImageOfPage\":{\"@id\":\"https:\/\/www.fiscalia.gov.co\/colombia\/noticias\/fiscalia-logro-medida-carcelaria-contra-un-hombre-que-habria-asesinado-a-un-ciudadano-con-un-arma-de-fuego\/#primaryimage\"},\"image\":{\"@id\":\"https:\/\/www.fiscalia.gov.co\/colombia\/noticias\/fiscalia-logro-medida-carcelaria-contra-un-hombre-que-habria-asesinado-a-un-ciudadano-con-un-arma-de-fuego\/#primaryimage\"},\"thumbnailUrl\":\"https:\/\/www.fiscalia.gov.co\/colombia\/wp-content\/uploads\/WhatsApp-Image-2023-05-17-at-9.29.31-AM-283x300.jpeg\",\"datePublished\":\"2023-05-17T15:15:15+00:00\",\"dateModified\":\"2023-05-17T15:15:15+00:00\",\"description\":\"P\u00e1gina oficial de la Fiscal\u00eda General de la Naci\u00f3n \u2013 Colombia. Garantizamos el acceso efectivo a la justicia, la verdad y la reparaci\u00f3n de las v\u00edctimas de los delitos.\",\"breadcrumb\":{\"@id\":\"https:\/\/www.fiscalia.gov.co\/colombia\/noticias\/fiscalia-logro-medida-carcelaria-contra-un-hombre-que-habria-asesinado-a-un-ciudadano-con-un-arma-de-fuego\/#breadcrumb\"},\"inLanguage\":\"es-CO\",\"potentialAction\":[{\"@type\":\"ReadAction\",\"target\":[\"https:\/\/www.fiscalia.gov.co\/colombia\/noticias\/fiscalia-logro-medida-carcelaria-contra-un-hombre-que-habria-asesinado-a-un-ciudadano-con-un-arma-de-fuego\/\"]}]},{\"@type\":\"ImageObject\",\"inLanguage\":\"es-CO\",\"@id\":\"https:\/\/www.fiscalia.gov.co\/colombia\/noticias\/fiscalia-logro-medida-carcelaria-contra-un-hombre-que-habria-asesinado-a-un-ciudadano-con-un-arma-de-fuego\/#primaryimage\",\"url\":\"https:\/\/www.fiscalia.gov.co\/colombia\/wp-content\/uploads\/WhatsApp-Image-2023-05-17-at-9.29.31-AM-283x300.jpeg\",\"contentUrl\":\"https:\/\/www.fiscalia.gov.co\/colombia\/wp-content\/uploads\/WhatsApp-Image-2023-05-17-at-9.29.31-AM-283x300.jpeg\"},{\"@type\":\"BreadcrumbList\",\"@id\":\"https:\/\/www.fiscalia.gov.co\/colombia\/noticias\/fiscalia-logro-medida-carcelaria-contra-un-hombre-que-habria-asesinado-a-un-ciudadano-con-un-arma-de-fuego\/#breadcrumb\",\"itemListElement\":[{\"@type\":\"ListItem\",\"position\":1,\"name\":\"Home\",\"item\":\"https:\/\/www.fiscalia.gov.co\/colombia\/\"},{\"@type\":\"ListItem\",\"position\":2,\"name\":\"Fiscal\u00eda logr\u00f3 medida carcelaria contra un hombre que habr\u00eda asesinado a un ciudadano con un arma de fuego\"}]},{\"@type\":\"WebSite\",\"@id\":\"https:\/\/www.fiscalia.gov.co\/colombia\/#website\",\"url\":\"https:\/\/www.fiscalia.gov.co\/colombia\/\",\"name\":\"Fiscal\u00eda General de la Naci\u00f3n\",\"description\":\"P\u00e1gina oficial de la Fiscal\u00eda General de la Naci\u00f3n \u2013 Colombia. Garantizamos el acceso efectivo a la justicia, la verdad y la reparaci\u00f3n de las v\u00edctimas de los delitos.\",\"publisher\":{\"@id\":\"https:\/\/www.fiscalia.gov.co\/colombia\/#organization\"},\"potentialAction\":[{\"@type\":\"SearchAction\",\"target\":{\"@type\":\"EntryPoint\",\"urlTemplate\":\"https:\/\/www.fiscalia.gov.co\/colombia\/?s={search_term_string}\"},\"query-input\":{\"@type\":\"PropertyValueSpecification\",\"valueRequired\":true,\"valueName\":\"search_term_string\"}}],\"inLanguage\":\"es-CO\"},{\"@type\":\"Organization\",\"@id\":\"https:\/\/www.fiscalia.gov.co\/colombia\/#organization\",\"name\":\"Fiscal\u00eda General de la Naci\u00f3n\",\"url\":\"https:\/\/www.fiscalia.gov.co\/colombia\/\",\"logo\":{\"@type\":\"ImageObject\",\"inLanguage\":\"es-CO\",\"@id\":\"https:\/\/www.fiscalia.gov.co\/colombia\/#\/schema\/logo\/image\/\",\"url\":\"https:\/\/www.fiscalia.gov.co\/colombia\/wp-content\/uploads\/LogoHorizontal_1.jpg\",\"contentUrl\":\"https:\/\/www.fiscalia.gov.co\/colombia\/wp-content\/uploads\/LogoHorizontal_1.jpg\",\"width\":300,\"height\":90,\"caption\":\"Fiscal\u00eda General de la Naci\u00f3n\"},\"image\":{\"@id\":\"https:\/\/www.fiscalia.gov.co\/colombia\/#\/schema\/logo\/image\/\"},\"sameAs\":[\"https:\/\/www.facebook.com\/FiscaliaCol\",\"https:\/\/x.com\/FiscaliaCol\",\"https:\/\/www.instagram.com\/fiscaliacol\",\"https:\/\/www.linkedin.com\/company\/fiscalia-general-de-la-naci-n\/\",\"https:\/\/youtube.com\/@fiscaliageneraldelanacion-4668?si=6nN79nyQICPU5iTh\"]},{\"@type\":\"Person\",\"@id\":\"https:\/\/www.fiscalia.gov.co\/colombia\/#\/schema\/person\/176195b99ebab0a52aafa15197e1bf80\",\"name\":\"Winnie Geraldine Rodr\u00edguez Navarrete\",\"image\":{\"@type\":\"ImageObject\",\"inLanguage\":\"es-CO\",\"@id\":\"https:\/\/www.fiscalia.gov.co\/colombia\/#\/schema\/person\/image\/\",\"url\":\"https:\/\/secure.gravatar.com\/avatar\/c24cf8481dc84fa5e8c7b20bc95ab0c6?s=96&d=mm&r=g\",\"contentUrl\":\"https:\/\/secure.gravatar.com\/avatar\/c24cf8481dc84fa5e8c7b20bc95ab0c6?s=96&d=mm&r=g\",\"caption\":\"Winnie Geraldine Rodr\u00edguez Navarrete\"},\"url\":\"https:\/\/www.fiscalia.gov.co\/colombia\/author\/winnierodriguez\/\"}]}<\/script>\n<!-- \/ Yoast SEO plugin. -->","yoast_head_json":{"title":"Fiscal\u00eda General de la Naci\u00f3n","description":"P\u00e1gina oficial de la Fiscal\u00eda General de la Naci\u00f3n \u2013 Colombia. Garantizamos el acceso efectivo a la justicia, la verdad y la reparaci\u00f3n de las v\u00edctimas de los delitos.","robots":{"index":"noindex","follow":"follow"},"og_locale":"es_ES","og_type":"article","og_title":"Fiscal\u00eda General de la Naci\u00f3n","og_description":"P\u00e1gina oficial de la Fiscal\u00eda General de la Naci\u00f3n \u2013 Colombia. Garantizamos el acceso efectivo a la justicia, la verdad y la reparaci\u00f3n de las v\u00edctimas de los delitos.","og_url":"https:\/\/www.fiscalia.gov.co\/colombia\/noticias\/fiscalia-logro-medida-carcelaria-contra-un-hombre-que-habria-asesinado-a-un-ciudadano-con-un-arma-de-fuego\/","og_site_name":"Fiscal\u00eda General de la Naci\u00f3n","article_publisher":"https:\/\/www.facebook.com\/FiscaliaCol","article_published_time":"2023-05-17T15:15:15+00:00","og_image":[{"url":"https:\/\/www.fiscalia.gov.co\/colombia\/wp-content\/uploads\/WhatsApp-Image-2023-05-17-at-9.29.31-AM-283x300.jpeg","type":"","width":"","height":""}],"author":"Winnie Geraldine Rodr\u00edguez Navarrete","twitter_card":"summary_large_image","twitter_creator":"@FiscaliaCol","twitter_site":"@FiscaliaCol","twitter_misc":{"Escrito por":"Winnie Geraldine Rodr\u00edguez Navarrete","Tiempo de lectura":"2 minutos"},"schema":{"@context":"https:\/\/schema.org","@graph":[{"@type":"Article","@id":"https:\/\/www.fiscalia.gov.co\/colombia\/noticias\/fiscalia-logro-medida-carcelaria-contra-un-hombre-que-habria-asesinado-a-un-ciudadano-con-un-arma-de-fuego\/#article","isPartOf":{"@id":"https:\/\/www.fiscalia.gov.co\/colombia\/noticias\/fiscalia-logro-medida-carcelaria-contra-un-hombre-que-habria-asesinado-a-un-ciudadano-con-un-arma-de-fuego\/"},"author":{"name":"Winnie Geraldine Rodr\u00edguez Navarrete","@id":"https:\/\/www.fiscalia.gov.co\/colombia\/#\/schema\/person\/176195b99ebab0a52aafa15197e1bf80"},"headline":"Fiscal\u00eda logr\u00f3 medida carcelaria contra un hombre que habr\u00eda asesinado a un ciudadano con un arma de fuego","datePublished":"2023-05-17T15:15:15+00:00","dateModified":"2023-05-17T15:15:15+00:00","mainEntityOfPage":{"@id":"https:\/\/www.fiscalia.gov.co\/colombia\/noticias\/fiscalia-logro-medida-carcelaria-contra-un-hombre-que-habria-asesinado-a-un-ciudadano-con-un-arma-de-fuego\/"},"wordCount":424,"publisher":{"@id":"https:\/\/www.fiscalia.gov.co\/colombia\/#organization"},"image":{"@id":"https:\/\/www.fiscalia.gov.co\/colombia\/noticias\/fiscalia-logro-medida-carcelaria-contra-un-hombre-que-habria-asesinado-a-un-ciudadano-con-un-arma-de-fuego\/#primaryimage"},"thumbnailUrl":"https:\/\/www.fiscalia.gov.co\/colombia\/wp-content\/uploads\/WhatsApp-Image-2023-05-17-at-9.29.31-AM-283x300.jpeg","keywords":["Arma de fuego","Fiscal General Francisco Barbosa Delgado","Fiscal\u00eda de Colombia","Fiscal\u00eda General de la Naci\u00f3n","Homicidio agravado","Pasto (Nari\u00f1o)"],"articleSection":["Noticias","Seccional Pasto","Seccionales","Seguridad territorial"],"inLanguage":"es-CO"},{"@type":"WebPage","@id":"https:\/\/www.fiscalia.gov.co\/colombia\/noticias\/fiscalia-logro-medida-carcelaria-contra-un-hombre-que-habria-asesinado-a-un-ciudadano-con-un-arma-de-fuego\/","url":"https:\/\/www.fiscalia.gov.co\/colombia\/noticias\/fiscalia-logro-medida-carcelaria-contra-un-hombre-que-habria-asesinado-a-un-ciudadano-con-un-arma-de-fuego\/","name":"Fiscal\u00eda General de la Naci\u00f3n","isPartOf":{"@id":"https:\/\/www.fiscalia.gov.co\/colombia\/#website"},"primaryImageOfPage":{"@id":"https:\/\/www.fiscalia.gov.co\/colombia\/noticias\/fiscalia-logro-medida-carcelaria-contra-un-hombre-que-habria-asesinado-a-un-ciudadano-con-un-arma-de-fuego\/#primaryimage"},"image":{"@id":"https:\/\/www.fiscalia.gov.co\/colombia\/noticias\/fiscalia-logro-medida-carcelaria-contra-un-hombre-que-habria-asesinado-a-un-ciudadano-con-un-arma-de-fuego\/#primaryimage"},"thumbnailUrl":"https:\/\/www.fiscalia.gov.co\/colombia\/wp-content\/uploads\/WhatsApp-Image-2023-05-17-at-9.29.31-AM-283x300.jpeg","datePublished":"2023-05-17T15:15:15+00:00","dateModified":"2023-05-17T15:15:15+00:00","description":"P\u00e1gina oficial de la Fiscal\u00eda General de la Naci\u00f3n \u2013 Colombia. Garantizamos el acceso efectivo a la justicia, la verdad y la reparaci\u00f3n de las v\u00edctimas de los delitos.","breadcrumb":{"@id":"https:\/\/www.fiscalia.gov.co\/colombia\/noticias\/fiscalia-logro-medida-carcelaria-contra-un-hombre-que-habria-asesinado-a-un-ciudadano-con-un-arma-de-fuego\/#breadcrumb"},"inLanguage":"es-CO","potentialAction":[{"@type":"ReadAction","target":["https:\/\/www.fiscalia.gov.co\/colombia\/noticias\/fiscalia-logro-medida-carcelaria-contra-un-hombre-que-habria-asesinado-a-un-ciudadano-con-un-arma-de-fuego\/"]}]},{"@type":"ImageObject","inLanguage":"es-CO","@id":"https:\/\/www.fiscalia.gov.co\/colombia\/noticias\/fiscalia-logro-medida-carcelaria-contra-un-hombre-que-habria-asesinado-a-un-ciudadano-con-un-arma-de-fuego\/#primaryimage","url":"https:\/\/www.fiscalia.gov.co\/colombia\/wp-content\/uploads\/WhatsApp-Image-2023-05-17-at-9.29.31-AM-283x300.jpeg","contentUrl":"https:\/\/www.fiscalia.gov.co\/colombia\/wp-content\/uploads\/WhatsApp-Image-2023-05-17-at-9.29.31-AM-283x300.jpeg"},{"@type":"BreadcrumbList","@id":"https:\/\/www.fiscalia.gov.co\/colombia\/noticias\/fiscalia-logro-medida-carcelaria-contra-un-hombre-que-habria-asesinado-a-un-ciudadano-con-un-arma-de-fuego\/#breadcrumb","itemListElement":[{"@type":"ListItem","position":1,"name":"Home","item":"https:\/\/www.fiscalia.gov.co\/colombia\/"},{"@type":"ListItem","position":2,"name":"Fiscal\u00eda logr\u00f3 medida carcelaria contra un hombre que habr\u00eda asesinado a un ciudadano con un arma de fuego"}]},{"@type":"WebSite","@id":"https:\/\/www.fiscalia.gov.co\/colombia\/#website","url":"https:\/\/www.fiscalia.gov.co\/colombia\/","name":"Fiscal\u00eda General de la Naci\u00f3n","description":"P\u00e1gina oficial de la Fiscal\u00eda General de la Naci\u00f3n \u2013 Colombia. Garantizamos el acceso efectivo a la justicia, la verdad y la reparaci\u00f3n de las v\u00edctimas de los delitos.","publisher":{"@id":"https:\/\/www.fiscalia.gov.co\/colombia\/#organization"},"potentialAction":[{"@type":"SearchAction","target":{"@type":"EntryPoint","urlTemplate":"https:\/\/www.fiscalia.gov.co\/colombia\/?s={search_term_string}"},"query-input":{"@type":"PropertyValueSpecification","valueRequired":true,"valueName":"search_term_string"}}],"inLanguage":"es-CO"},{"@type":"Organization","@id":"https:\/\/www.fiscalia.gov.co\/colombia\/#organization","name":"Fiscal\u00eda General de la Naci\u00f3n","url":"https:\/\/www.fiscalia.gov.co\/colombia\/","logo":{"@type":"ImageObject","inLanguage":"es-CO","@id":"https:\/\/www.fiscalia.gov.co\/colombia\/#\/schema\/logo\/image\/","url":"https:\/\/www.fiscalia.gov.co\/colombia\/wp-content\/uploads\/LogoHorizontal_1.jpg","contentUrl":"https:\/\/www.fiscalia.gov.co\/colombia\/wp-content\/uploads\/LogoHorizontal_1.jpg","width":300,"height":90,"caption":"Fiscal\u00eda General de la Naci\u00f3n"},"image":{"@id":"https:\/\/www.fiscalia.gov.co\/colombia\/#\/schema\/logo\/image\/"},"sameAs":["https:\/\/www.facebook.com\/FiscaliaCol","https:\/\/x.com\/FiscaliaCol","https:\/\/www.instagram.com\/fiscaliacol","https:\/\/www.linkedin.com\/company\/fiscalia-general-de-la-naci-n\/","https:\/\/youtube.com\/@fiscaliageneraldelanacion-4668?si=6nN79nyQICPU5iTh"]},{"@type":"Person","@id":"https:\/\/www.fiscalia.gov.co\/colombia\/#\/schema\/person\/176195b99ebab0a52aafa15197e1bf80","name":"Winnie Geraldine Rodr\u00edguez Navarrete","image":{"@type":"ImageObject","inLanguage":"es-CO","@id":"https:\/\/www.fiscalia.gov.co\/colombia\/#\/schema\/person\/image\/","url":"https:\/\/secure.gravatar.com\/avatar\/c24cf8481dc84fa5e8c7b20bc95ab0c6?s=96&d=mm&r=g","contentUrl":"https:\/\/secure.gravatar.com\/avatar\/c24cf8481dc84fa5e8c7b20bc95ab0c6?s=96&d=mm&r=g","caption":"Winnie Geraldine Rodr\u00edguez Navarrete"},"url":"https:\/\/www.fiscalia.gov.co\/colombia\/author\/winnierodriguez\/"}]}},"_links":{"self":[{"href":"https:\/\/www.fiscalia.gov.co\/colombia\/wp-json\/wp\/v2\/posts\/271664","targetHints":{"allow":["GET"]}}],"collection":[{"href":"https:\/\/www.fiscalia.gov.co\/colombia\/wp-json\/wp\/v2\/posts"}],"about":[{"href":"https:\/\/www.fiscalia.gov.co\/colombia\/wp-json\/wp\/v2\/types\/post"}],"author":[{"embeddable":true,"href":"https:\/\/www.fiscalia.gov.co\/colombia\/wp-json\/wp\/v2\/users\/178"}],"replies":[{"embeddable":true,"href":"https:\/\/www.fiscalia.gov.co\/colombia\/wp-json\/wp\/v2\/comments?post=271664"}],"version-history":[{"count":1,"href":"https:\/\/www.fiscalia.gov.co\/colombia\/wp-json\/wp\/v2\/posts\/271664\/revisions"}],"predecessor-version":[{"id":271666,"href":"https:\/\/www.fiscalia.gov.co\/colombia\/wp-json\/wp\/v2\/posts\/271664\/revisions\/271666"}],"wp:attachment":[{"href":"https:\/\/www.fiscalia.gov.co\/colombia\/wp-json\/wp\/v2\/media?parent=271664"}],"wp:term":[{"taxonomy":"category","embeddable":true,"href":"https:\/\/www.fiscalia.gov.co\/colombia\/wp-json\/wp\/v2\/categories?post=271664"},{"taxonomy":"post_tag","embeddable":true,"href":"https:\/\/www.fiscalia.gov.co\/colombia\/wp-json\/wp\/v2\/tags?post=271664"}],"curies":[{"name":"wp","href":"https:\/\/api.w.org\/{rel}","templated":true}]}}