{"id":271652,"date":"2023-05-17T08:07:01","date_gmt":"2023-05-17T13:07:01","guid":{"rendered":"https:\/\/www.fiscalia.gov.co\/colombia\/?p=271652"},"modified":"2023-05-17T08:07:01","modified_gmt":"2023-05-17T13:07:01","slug":"a-prision-dos-extranjeros-y-una-mujer-capturados-con-explosivos-en-guaviare","status":"publish","type":"post","link":"https:\/\/www.fiscalia.gov.co\/colombia\/noticias\/a-prision-dos-extranjeros-y-una-mujer-capturados-con-explosivos-en-guaviare\/","title":{"rendered":"A prisi\u00f3n dos extranjeros y una mujer capturados con explosivos en Guaviare"},"content":{"rendered":"<p style=\"font-weight: 400;\">Por solicitud de la Fiscal\u00eda en Guaviare fueron asegurados con detenci\u00f3n en establecimiento carcelario V\u00edctor Alexander Naranjo y Brayan Jes\u00fas S\u00e1nchez Uribe, de nacionalidad extranjera, capturados como presuntos responsables de tener en su poder material explosivo de uso exclusivo de las Fuerzas Militares.<\/p>\n<p style=\"font-weight: 400;\">La detenci\u00f3n en flagrancia se cumpli\u00f3 en la madrugada del pasado 12 de mayo en\u00a0el barrio Piraquive de San Jos\u00e9 del Guaviare (Guaviare),\u00a0cuando la Polic\u00eda Nacional buscaba a los responsables de incinerar tres veh\u00edculos y una motocicleta en el barrio 20 de Julio.<\/p>\n<figure id=\"attachment_271653\" aria-describedby=\"caption-attachment-271653\" style=\"width: 377px\" class=\"wp-caption aligncenter\"><img loading=\"lazy\" decoding=\"async\" class=\" wp-image-271653\" src=\"https:\/\/www.fiscalia.gov.co\/colombia\/wp-content\/uploads\/Victor-Alexander-Naranjo-y-Brayan-Jesus-Sanchez-Uribe-porte-de-armas-Guaviare-300x246.jpg\" alt=\"capturados de espalda, custodiados por uniformados de la Polic\u00eda y del Ej\u00e9rcito Nacional. Detr\u00e1s banner de la Polic\u00eda Nacional, delante de ellos una mesa con el material incautado.\" width=\"377\" height=\"309\" srcset=\"https:\/\/www.fiscalia.gov.co\/colombia\/wp-content\/uploads\/Victor-Alexander-Naranjo-y-Brayan-Jesus-Sanchez-Uribe-porte-de-armas-Guaviare-300x246.jpg 300w, https:\/\/www.fiscalia.gov.co\/colombia\/wp-content\/uploads\/Victor-Alexander-Naranjo-y-Brayan-Jesus-Sanchez-Uribe-porte-de-armas-Guaviare-1024x839.jpg 1024w, https:\/\/www.fiscalia.gov.co\/colombia\/wp-content\/uploads\/Victor-Alexander-Naranjo-y-Brayan-Jesus-Sanchez-Uribe-porte-de-armas-Guaviare-768x629.jpg 768w, https:\/\/www.fiscalia.gov.co\/colombia\/wp-content\/uploads\/Victor-Alexander-Naranjo-y-Brayan-Jesus-Sanchez-Uribe-porte-de-armas-Guaviare-696x570.jpg 696w, https:\/\/www.fiscalia.gov.co\/colombia\/wp-content\/uploads\/Victor-Alexander-Naranjo-y-Brayan-Jesus-Sanchez-Uribe-porte-de-armas-Guaviare-1068x875.jpg 1068w, https:\/\/www.fiscalia.gov.co\/colombia\/wp-content\/uploads\/Victor-Alexander-Naranjo-y-Brayan-Jesus-Sanchez-Uribe-porte-de-armas-Guaviare-513x420.jpg 513w, https:\/\/www.fiscalia.gov.co\/colombia\/wp-content\/uploads\/Victor-Alexander-Naranjo-y-Brayan-Jesus-Sanchez-Uribe-porte-de-armas-Guaviare.jpg 1304w\" sizes=\"auto, (max-width: 377px) 100vw, 377px\" \/><figcaption id=\"caption-attachment-271653\" class=\"wp-caption-text\">Capturados con material explosivo en Guaviare.<\/figcaption><\/figure>\n<p style=\"font-weight: 400;\">\u00a0En esta reacci\u00f3n de las autoridades uno de los capturados que fue requerido en v\u00eda p\u00fablica se ocult\u00f3 en una residencia en la que estaba el otro detenido,\u00a0<a href=\"https:\/\/www.fiscalia.gov.co\/colombia\/noticias\/judicializadas-cinco-personas-entre-ellas-un-menor-presuntamente-implicadas-en-porte-ilegal-de-armas-y-explosivos\/\" data-saferedirecturl=\"https:\/\/www.google.com\/url?q=https:\/\/www.fiscalia.gov.co\/colombia\/noticias\/judicializadas-cinco-personas-entre-ellas-un-menor-presuntamente-implicadas-en-porte-ilegal-de-armas-y-explosivos\/&amp;source=gmail&amp;ust=1684414581459000&amp;usg=AOvVaw1heJUa_dGAF9CcZTfl7ncb\">donde fueron halladas dos granadas de fragmentaci\u00f3n<\/a>.<\/p>\n<p style=\"font-weight: 400;\">Ante un juzgado con funci\u00f3n de control de garant\u00edas la Fiscal\u00eda imput\u00f3 cargos contra los detenidos por el delito de fabricaci\u00f3n, tr\u00e1fico y porte de armas de uso privativo de las Fuerzas Armadas, el cual no fue aceptado.<\/p>\n<p style=\"font-weight: 400;\">A la c\u00e1rcel tambi\u00e9n fue enviada M\u00f3nica Andrea Hern\u00e1ndez Cardenal de nacionalidad colombiana, capturada en las \u00faltimas horas con una granada de fragmentaci\u00f3n presuntamente guardada con sus pertenencias, dentro del ba\u00fal de la motocicleta en la que se movilizaba.<\/p>\n<figure id=\"attachment_271654\" aria-describedby=\"caption-attachment-271654\" style=\"width: 348px\" class=\"wp-caption aligncenter\"><img loading=\"lazy\" decoding=\"async\" class=\" wp-image-271654\" src=\"https:\/\/www.fiscalia.gov.co\/colombia\/wp-content\/uploads\/Monica-Andrea-Hernandez-Cardenal-porte-de-armas-Guaviare-300x254.jpg\" alt=\"capturada de espaldas esposada y custodiada por un soldado y un polic\u00eda, delante una mesa con material incautado y detr\u00e1s banner de la Polic\u00eda Nacional.\" width=\"348\" height=\"295\" srcset=\"https:\/\/www.fiscalia.gov.co\/colombia\/wp-content\/uploads\/Monica-Andrea-Hernandez-Cardenal-porte-de-armas-Guaviare-300x254.jpg 300w, https:\/\/www.fiscalia.gov.co\/colombia\/wp-content\/uploads\/Monica-Andrea-Hernandez-Cardenal-porte-de-armas-Guaviare-497x420.jpg 497w, https:\/\/www.fiscalia.gov.co\/colombia\/wp-content\/uploads\/Monica-Andrea-Hernandez-Cardenal-porte-de-armas-Guaviare.jpg 597w\" sizes=\"auto, (max-width: 348px) 100vw, 348px\" \/><figcaption id=\"caption-attachment-271654\" class=\"wp-caption-text\">Capturada con artefacto explosivo en puesto de control en Guaviare.<\/figcaption><\/figure>\n<p style=\"font-weight: 400;\">El hallazgo se dio en puesto de registro y control del Ej\u00e9rcito y la Polic\u00eda Nacional, en la v\u00eda de San Jos\u00e9 del Guaviare al municipio de Calamar (Guaviare).<\/p>\n<p style=\"font-weight: 400;\"><strong>La Fiscal\u00eda habla con resultados.<\/strong><\/p>\n<p style=\"font-weight: 400;\">\n<p style=\"font-weight: 400;\">\u00a0PYMP\/CFG\/ICLH\/DSG<\/p>\n<p style=\"font-weight: 400;\">\n<p style=\"font-weight: 400;\"><i>La informaci\u00f3n contenida en este bolet\u00edn de prensa corresponde a la narraci\u00f3n de los hechos noticiosos objetivos, suministrados por los funcionarios encargados de adelantar las investigaciones penales al interior de la Fiscal\u00eda General de la Naci\u00f3n. Para el momento de la divulgaci\u00f3n de este comunicado, la situaci\u00f3n jur\u00eddica de la(s) persona(s) relacionada(s) se encuentra pendiente de resolver por la autoridad judicial competente, siempre bajo los preceptos de la presunci\u00f3n de inocencia, consagrados en el art\u00edculo 29 de la Constituci\u00f3n Pol\u00edtica y el art\u00edculo 7\u00ba de la Ley 906 de 2004.<\/i><\/p>\n\n<div class=\"twitter-share\"><a href=\"https:\/\/twitter.com\/intent\/tweet?via=fiscaliacol\" class=\"twitter-share-button\">Tweet<\/a><\/div>\n","protected":false},"excerpt":{"rendered":"<p>Por solicitud de la Fiscal\u00eda en Guaviare fueron asegurados con detenci\u00f3n en establecimiento carcelario V\u00edctor Alexander Naranjo y Brayan Jes\u00fas S\u00e1nchez Uribe, de nacionalidad extranjera, capturados como presuntos responsables de tener en su poder material explosivo de uso exclusivo de las Fuerzas Militares. La detenci\u00f3n en flagrancia se cumpli\u00f3 en la madrugada del pasado 12 [&hellip;]<\/p>\n","protected":false},"author":178,"featured_media":0,"comment_status":"closed","ping_status":"open","sticky":false,"template":"","format":"standard","meta":{"_price":"","_stock":"","_tribe_ticket_header":"","_tribe_default_ticket_provider":"","_tribe_ticket_capacity":"0","_ticket_start_date":"","_ticket_end_date":"","_tribe_ticket_show_description":"","_tribe_ticket_show_not_going":false,"_tribe_ticket_use_global_stock":"","_tribe_ticket_global_stock_level":"","_global_stock_mode":"","_global_stock_cap":"","_tribe_rsvp_for_event":"","_tribe_ticket_going_count":"","_tribe_ticket_not_going_count":"","_tribe_tickets_list":"[]","_tribe_ticket_has_attendee_info_fields":false,"tdm_status":"","tdm_grid_status":"","footnotes":""},"categories":[1,12689,303,24099],"tags":[22621,4140,4171,24315,10881,31721,34672],"class_list":{"0":"post-271652","1":"post","2":"type-post","3":"status-publish","4":"format-standard","6":"category-noticias","7":"category-seccional-guaviare","8":"category-seccionales","9":"category-seguridad-territorial","10":"tag-extranjeros","11":"tag-fabricacion","12":"tag-incendio","13":"tag-intramuros","14":"tag-material-explosivo","15":"tag-san-jose-del-guaviare-guaviare","16":"tag-trafico-y-porte-de-armas-de-uso-privativo-de-las-fuerzas-militares"},"yoast_head":"<!-- This site is optimized with the Yoast SEO plugin v24.3 - https:\/\/yoast.com\/wordpress\/plugins\/seo\/ -->\n<title>Fiscal\u00eda General de la Naci\u00f3n<\/title>\n<meta name=\"description\" content=\"P\u00e1gina oficial de la Fiscal\u00eda General de la Naci\u00f3n \u2013 Colombia. Garantizamos el acceso efectivo a la justicia, la verdad y la reparaci\u00f3n de las v\u00edctimas de los delitos.\" \/>\n<meta name=\"robots\" content=\"noindex, follow\" \/>\n<meta property=\"og:locale\" content=\"es_ES\" \/>\n<meta property=\"og:type\" content=\"article\" \/>\n<meta property=\"og:title\" content=\"Fiscal\u00eda General de la Naci\u00f3n\" \/>\n<meta property=\"og:description\" content=\"P\u00e1gina oficial de la Fiscal\u00eda General de la Naci\u00f3n \u2013 Colombia. Garantizamos el acceso efectivo a la justicia, la verdad y la reparaci\u00f3n de las v\u00edctimas de los delitos.\" \/>\n<meta property=\"og:url\" content=\"https:\/\/www.fiscalia.gov.co\/colombia\/noticias\/a-prision-dos-extranjeros-y-una-mujer-capturados-con-explosivos-en-guaviare\/\" \/>\n<meta property=\"og:site_name\" content=\"Fiscal\u00eda General de la Naci\u00f3n\" \/>\n<meta property=\"article:publisher\" content=\"https:\/\/www.facebook.com\/FiscaliaCol\" \/>\n<meta property=\"article:published_time\" content=\"2023-05-17T13:07:01+00:00\" \/>\n<meta property=\"og:image\" content=\"https:\/\/www.fiscalia.gov.co\/colombia\/wp-content\/uploads\/Victor-Alexander-Naranjo-y-Brayan-Jesus-Sanchez-Uribe-porte-de-armas-Guaviare-300x246.jpg\" \/>\n<meta name=\"author\" content=\"Winnie Geraldine Rodr\u00edguez Navarrete\" \/>\n<meta name=\"twitter:card\" content=\"summary_large_image\" \/>\n<meta name=\"twitter:creator\" content=\"@FiscaliaCol\" \/>\n<meta name=\"twitter:site\" content=\"@FiscaliaCol\" \/>\n<meta name=\"twitter:label1\" content=\"Escrito por\" \/>\n\t<meta name=\"twitter:data1\" content=\"Winnie Geraldine Rodr\u00edguez Navarrete\" \/>\n\t<meta name=\"twitter:label2\" content=\"Tiempo de lectura\" \/>\n\t<meta name=\"twitter:data2\" content=\"2 minutos\" \/>\n<script type=\"application\/ld+json\" class=\"yoast-schema-graph\">{\"@context\":\"https:\/\/schema.org\",\"@graph\":[{\"@type\":\"Article\",\"@id\":\"https:\/\/www.fiscalia.gov.co\/colombia\/noticias\/a-prision-dos-extranjeros-y-una-mujer-capturados-con-explosivos-en-guaviare\/#article\",\"isPartOf\":{\"@id\":\"https:\/\/www.fiscalia.gov.co\/colombia\/noticias\/a-prision-dos-extranjeros-y-una-mujer-capturados-con-explosivos-en-guaviare\/\"},\"author\":{\"name\":\"Winnie Geraldine Rodr\u00edguez Navarrete\",\"@id\":\"https:\/\/www.fiscalia.gov.co\/colombia\/#\/schema\/person\/176195b99ebab0a52aafa15197e1bf80\"},\"headline\":\"A prisi\u00f3n dos extranjeros y una mujer capturados con explosivos en Guaviare\",\"datePublished\":\"2023-05-17T13:07:01+00:00\",\"dateModified\":\"2023-05-17T13:07:01+00:00\",\"mainEntityOfPage\":{\"@id\":\"https:\/\/www.fiscalia.gov.co\/colombia\/noticias\/a-prision-dos-extranjeros-y-una-mujer-capturados-con-explosivos-en-guaviare\/\"},\"wordCount\":408,\"publisher\":{\"@id\":\"https:\/\/www.fiscalia.gov.co\/colombia\/#organization\"},\"image\":{\"@id\":\"https:\/\/www.fiscalia.gov.co\/colombia\/noticias\/a-prision-dos-extranjeros-y-una-mujer-capturados-con-explosivos-en-guaviare\/#primaryimage\"},\"thumbnailUrl\":\"https:\/\/www.fiscalia.gov.co\/colombia\/wp-content\/uploads\/Victor-Alexander-Naranjo-y-Brayan-Jesus-Sanchez-Uribe-porte-de-armas-Guaviare-300x246.jpg\",\"keywords\":[\"Extranjeros\",\"Fabricaci\u00f3n\",\"Incendio\",\"intramuros\",\"Material explosivo\",\"San Jos\u00e9 del Guaviare (Guaviare)\",\"tr\u00e1fico y porte de armas de uso privativo de las Fuerzas Militares.\"],\"articleSection\":[\"Noticias\",\"Seccional Guaviare\",\"Seccionales\",\"Seguridad territorial\"],\"inLanguage\":\"es-CO\"},{\"@type\":\"WebPage\",\"@id\":\"https:\/\/www.fiscalia.gov.co\/colombia\/noticias\/a-prision-dos-extranjeros-y-una-mujer-capturados-con-explosivos-en-guaviare\/\",\"url\":\"https:\/\/www.fiscalia.gov.co\/colombia\/noticias\/a-prision-dos-extranjeros-y-una-mujer-capturados-con-explosivos-en-guaviare\/\",\"name\":\"Fiscal\u00eda General de la Naci\u00f3n\",\"isPartOf\":{\"@id\":\"https:\/\/www.fiscalia.gov.co\/colombia\/#website\"},\"primaryImageOfPage\":{\"@id\":\"https:\/\/www.fiscalia.gov.co\/colombia\/noticias\/a-prision-dos-extranjeros-y-una-mujer-capturados-con-explosivos-en-guaviare\/#primaryimage\"},\"image\":{\"@id\":\"https:\/\/www.fiscalia.gov.co\/colombia\/noticias\/a-prision-dos-extranjeros-y-una-mujer-capturados-con-explosivos-en-guaviare\/#primaryimage\"},\"thumbnailUrl\":\"https:\/\/www.fiscalia.gov.co\/colombia\/wp-content\/uploads\/Victor-Alexander-Naranjo-y-Brayan-Jesus-Sanchez-Uribe-porte-de-armas-Guaviare-300x246.jpg\",\"datePublished\":\"2023-05-17T13:07:01+00:00\",\"dateModified\":\"2023-05-17T13:07:01+00:00\",\"description\":\"P\u00e1gina oficial de la Fiscal\u00eda General de la Naci\u00f3n \u2013 Colombia. Garantizamos el acceso efectivo a la justicia, la verdad y la reparaci\u00f3n de las v\u00edctimas de los delitos.\",\"breadcrumb\":{\"@id\":\"https:\/\/www.fiscalia.gov.co\/colombia\/noticias\/a-prision-dos-extranjeros-y-una-mujer-capturados-con-explosivos-en-guaviare\/#breadcrumb\"},\"inLanguage\":\"es-CO\",\"potentialAction\":[{\"@type\":\"ReadAction\",\"target\":[\"https:\/\/www.fiscalia.gov.co\/colombia\/noticias\/a-prision-dos-extranjeros-y-una-mujer-capturados-con-explosivos-en-guaviare\/\"]}]},{\"@type\":\"ImageObject\",\"inLanguage\":\"es-CO\",\"@id\":\"https:\/\/www.fiscalia.gov.co\/colombia\/noticias\/a-prision-dos-extranjeros-y-una-mujer-capturados-con-explosivos-en-guaviare\/#primaryimage\",\"url\":\"https:\/\/www.fiscalia.gov.co\/colombia\/wp-content\/uploads\/Victor-Alexander-Naranjo-y-Brayan-Jesus-Sanchez-Uribe-porte-de-armas-Guaviare.jpg\",\"contentUrl\":\"https:\/\/www.fiscalia.gov.co\/colombia\/wp-content\/uploads\/Victor-Alexander-Naranjo-y-Brayan-Jesus-Sanchez-Uribe-porte-de-armas-Guaviare.jpg\",\"width\":1304,\"height\":1068,\"caption\":\"Capturados con material explosivo en Guaviare.\"},{\"@type\":\"BreadcrumbList\",\"@id\":\"https:\/\/www.fiscalia.gov.co\/colombia\/noticias\/a-prision-dos-extranjeros-y-una-mujer-capturados-con-explosivos-en-guaviare\/#breadcrumb\",\"itemListElement\":[{\"@type\":\"ListItem\",\"position\":1,\"name\":\"Home\",\"item\":\"https:\/\/www.fiscalia.gov.co\/colombia\/\"},{\"@type\":\"ListItem\",\"position\":2,\"name\":\"A prisi\u00f3n dos extranjeros y una mujer capturados con explosivos en Guaviare\"}]},{\"@type\":\"WebSite\",\"@id\":\"https:\/\/www.fiscalia.gov.co\/colombia\/#website\",\"url\":\"https:\/\/www.fiscalia.gov.co\/colombia\/\",\"name\":\"Fiscal\u00eda General de la Naci\u00f3n\",\"description\":\"P\u00e1gina oficial de la Fiscal\u00eda General de la Naci\u00f3n \u2013 Colombia. Garantizamos el acceso efectivo a la justicia, la verdad y la reparaci\u00f3n de las v\u00edctimas de los delitos.\",\"publisher\":{\"@id\":\"https:\/\/www.fiscalia.gov.co\/colombia\/#organization\"},\"potentialAction\":[{\"@type\":\"SearchAction\",\"target\":{\"@type\":\"EntryPoint\",\"urlTemplate\":\"https:\/\/www.fiscalia.gov.co\/colombia\/?s={search_term_string}\"},\"query-input\":{\"@type\":\"PropertyValueSpecification\",\"valueRequired\":true,\"valueName\":\"search_term_string\"}}],\"inLanguage\":\"es-CO\"},{\"@type\":\"Organization\",\"@id\":\"https:\/\/www.fiscalia.gov.co\/colombia\/#organization\",\"name\":\"Fiscal\u00eda General de la Naci\u00f3n\",\"url\":\"https:\/\/www.fiscalia.gov.co\/colombia\/\",\"logo\":{\"@type\":\"ImageObject\",\"inLanguage\":\"es-CO\",\"@id\":\"https:\/\/www.fiscalia.gov.co\/colombia\/#\/schema\/logo\/image\/\",\"url\":\"https:\/\/www.fiscalia.gov.co\/colombia\/wp-content\/uploads\/LogoHorizontal_1.jpg\",\"contentUrl\":\"https:\/\/www.fiscalia.gov.co\/colombia\/wp-content\/uploads\/LogoHorizontal_1.jpg\",\"width\":300,\"height\":90,\"caption\":\"Fiscal\u00eda General de la Naci\u00f3n\"},\"image\":{\"@id\":\"https:\/\/www.fiscalia.gov.co\/colombia\/#\/schema\/logo\/image\/\"},\"sameAs\":[\"https:\/\/www.facebook.com\/FiscaliaCol\",\"https:\/\/x.com\/FiscaliaCol\",\"https:\/\/www.instagram.com\/fiscaliacol\",\"https:\/\/www.linkedin.com\/company\/fiscalia-general-de-la-naci-n\/\",\"https:\/\/youtube.com\/@fiscaliageneraldelanacion-4668?si=6nN79nyQICPU5iTh\"]},{\"@type\":\"Person\",\"@id\":\"https:\/\/www.fiscalia.gov.co\/colombia\/#\/schema\/person\/176195b99ebab0a52aafa15197e1bf80\",\"name\":\"Winnie Geraldine Rodr\u00edguez Navarrete\",\"image\":{\"@type\":\"ImageObject\",\"inLanguage\":\"es-CO\",\"@id\":\"https:\/\/www.fiscalia.gov.co\/colombia\/#\/schema\/person\/image\/\",\"url\":\"https:\/\/secure.gravatar.com\/avatar\/c24cf8481dc84fa5e8c7b20bc95ab0c6?s=96&d=mm&r=g\",\"contentUrl\":\"https:\/\/secure.gravatar.com\/avatar\/c24cf8481dc84fa5e8c7b20bc95ab0c6?s=96&d=mm&r=g\",\"caption\":\"Winnie Geraldine Rodr\u00edguez Navarrete\"},\"url\":\"https:\/\/www.fiscalia.gov.co\/colombia\/author\/winnierodriguez\/\"}]}<\/script>\n<!-- \/ Yoast SEO plugin. -->","yoast_head_json":{"title":"Fiscal\u00eda General de la Naci\u00f3n","description":"P\u00e1gina oficial de la Fiscal\u00eda General de la Naci\u00f3n \u2013 Colombia. Garantizamos el acceso efectivo a la justicia, la verdad y la reparaci\u00f3n de las v\u00edctimas de los delitos.","robots":{"index":"noindex","follow":"follow"},"og_locale":"es_ES","og_type":"article","og_title":"Fiscal\u00eda General de la Naci\u00f3n","og_description":"P\u00e1gina oficial de la Fiscal\u00eda General de la Naci\u00f3n \u2013 Colombia. Garantizamos el acceso efectivo a la justicia, la verdad y la reparaci\u00f3n de las v\u00edctimas de los delitos.","og_url":"https:\/\/www.fiscalia.gov.co\/colombia\/noticias\/a-prision-dos-extranjeros-y-una-mujer-capturados-con-explosivos-en-guaviare\/","og_site_name":"Fiscal\u00eda General de la Naci\u00f3n","article_publisher":"https:\/\/www.facebook.com\/FiscaliaCol","article_published_time":"2023-05-17T13:07:01+00:00","og_image":[{"url":"https:\/\/www.fiscalia.gov.co\/colombia\/wp-content\/uploads\/Victor-Alexander-Naranjo-y-Brayan-Jesus-Sanchez-Uribe-porte-de-armas-Guaviare-300x246.jpg","type":"","width":"","height":""}],"author":"Winnie Geraldine Rodr\u00edguez Navarrete","twitter_card":"summary_large_image","twitter_creator":"@FiscaliaCol","twitter_site":"@FiscaliaCol","twitter_misc":{"Escrito por":"Winnie Geraldine Rodr\u00edguez Navarrete","Tiempo de lectura":"2 minutos"},"schema":{"@context":"https:\/\/schema.org","@graph":[{"@type":"Article","@id":"https:\/\/www.fiscalia.gov.co\/colombia\/noticias\/a-prision-dos-extranjeros-y-una-mujer-capturados-con-explosivos-en-guaviare\/#article","isPartOf":{"@id":"https:\/\/www.fiscalia.gov.co\/colombia\/noticias\/a-prision-dos-extranjeros-y-una-mujer-capturados-con-explosivos-en-guaviare\/"},"author":{"name":"Winnie Geraldine Rodr\u00edguez Navarrete","@id":"https:\/\/www.fiscalia.gov.co\/colombia\/#\/schema\/person\/176195b99ebab0a52aafa15197e1bf80"},"headline":"A prisi\u00f3n dos extranjeros y una mujer capturados con explosivos en Guaviare","datePublished":"2023-05-17T13:07:01+00:00","dateModified":"2023-05-17T13:07:01+00:00","mainEntityOfPage":{"@id":"https:\/\/www.fiscalia.gov.co\/colombia\/noticias\/a-prision-dos-extranjeros-y-una-mujer-capturados-con-explosivos-en-guaviare\/"},"wordCount":408,"publisher":{"@id":"https:\/\/www.fiscalia.gov.co\/colombia\/#organization"},"image":{"@id":"https:\/\/www.fiscalia.gov.co\/colombia\/noticias\/a-prision-dos-extranjeros-y-una-mujer-capturados-con-explosivos-en-guaviare\/#primaryimage"},"thumbnailUrl":"https:\/\/www.fiscalia.gov.co\/colombia\/wp-content\/uploads\/Victor-Alexander-Naranjo-y-Brayan-Jesus-Sanchez-Uribe-porte-de-armas-Guaviare-300x246.jpg","keywords":["Extranjeros","Fabricaci\u00f3n","Incendio","intramuros","Material explosivo","San Jos\u00e9 del Guaviare (Guaviare)","tr\u00e1fico y porte de armas de uso privativo de las Fuerzas Militares."],"articleSection":["Noticias","Seccional Guaviare","Seccionales","Seguridad territorial"],"inLanguage":"es-CO"},{"@type":"WebPage","@id":"https:\/\/www.fiscalia.gov.co\/colombia\/noticias\/a-prision-dos-extranjeros-y-una-mujer-capturados-con-explosivos-en-guaviare\/","url":"https:\/\/www.fiscalia.gov.co\/colombia\/noticias\/a-prision-dos-extranjeros-y-una-mujer-capturados-con-explosivos-en-guaviare\/","name":"Fiscal\u00eda General de la Naci\u00f3n","isPartOf":{"@id":"https:\/\/www.fiscalia.gov.co\/colombia\/#website"},"primaryImageOfPage":{"@id":"https:\/\/www.fiscalia.gov.co\/colombia\/noticias\/a-prision-dos-extranjeros-y-una-mujer-capturados-con-explosivos-en-guaviare\/#primaryimage"},"image":{"@id":"https:\/\/www.fiscalia.gov.co\/colombia\/noticias\/a-prision-dos-extranjeros-y-una-mujer-capturados-con-explosivos-en-guaviare\/#primaryimage"},"thumbnailUrl":"https:\/\/www.fiscalia.gov.co\/colombia\/wp-content\/uploads\/Victor-Alexander-Naranjo-y-Brayan-Jesus-Sanchez-Uribe-porte-de-armas-Guaviare-300x246.jpg","datePublished":"2023-05-17T13:07:01+00:00","dateModified":"2023-05-17T13:07:01+00:00","description":"P\u00e1gina oficial de la Fiscal\u00eda General de la Naci\u00f3n \u2013 Colombia. Garantizamos el acceso efectivo a la justicia, la verdad y la reparaci\u00f3n de las v\u00edctimas de los delitos.","breadcrumb":{"@id":"https:\/\/www.fiscalia.gov.co\/colombia\/noticias\/a-prision-dos-extranjeros-y-una-mujer-capturados-con-explosivos-en-guaviare\/#breadcrumb"},"inLanguage":"es-CO","potentialAction":[{"@type":"ReadAction","target":["https:\/\/www.fiscalia.gov.co\/colombia\/noticias\/a-prision-dos-extranjeros-y-una-mujer-capturados-con-explosivos-en-guaviare\/"]}]},{"@type":"ImageObject","inLanguage":"es-CO","@id":"https:\/\/www.fiscalia.gov.co\/colombia\/noticias\/a-prision-dos-extranjeros-y-una-mujer-capturados-con-explosivos-en-guaviare\/#primaryimage","url":"https:\/\/www.fiscalia.gov.co\/colombia\/wp-content\/uploads\/Victor-Alexander-Naranjo-y-Brayan-Jesus-Sanchez-Uribe-porte-de-armas-Guaviare.jpg","contentUrl":"https:\/\/www.fiscalia.gov.co\/colombia\/wp-content\/uploads\/Victor-Alexander-Naranjo-y-Brayan-Jesus-Sanchez-Uribe-porte-de-armas-Guaviare.jpg","width":1304,"height":1068,"caption":"Capturados con material explosivo en Guaviare."},{"@type":"BreadcrumbList","@id":"https:\/\/www.fiscalia.gov.co\/colombia\/noticias\/a-prision-dos-extranjeros-y-una-mujer-capturados-con-explosivos-en-guaviare\/#breadcrumb","itemListElement":[{"@type":"ListItem","position":1,"name":"Home","item":"https:\/\/www.fiscalia.gov.co\/colombia\/"},{"@type":"ListItem","position":2,"name":"A prisi\u00f3n dos extranjeros y una mujer capturados con explosivos en Guaviare"}]},{"@type":"WebSite","@id":"https:\/\/www.fiscalia.gov.co\/colombia\/#website","url":"https:\/\/www.fiscalia.gov.co\/colombia\/","name":"Fiscal\u00eda General de la Naci\u00f3n","description":"P\u00e1gina oficial de la Fiscal\u00eda General de la Naci\u00f3n \u2013 Colombia. Garantizamos el acceso efectivo a la justicia, la verdad y la reparaci\u00f3n de las v\u00edctimas de los delitos.","publisher":{"@id":"https:\/\/www.fiscalia.gov.co\/colombia\/#organization"},"potentialAction":[{"@type":"SearchAction","target":{"@type":"EntryPoint","urlTemplate":"https:\/\/www.fiscalia.gov.co\/colombia\/?s={search_term_string}"},"query-input":{"@type":"PropertyValueSpecification","valueRequired":true,"valueName":"search_term_string"}}],"inLanguage":"es-CO"},{"@type":"Organization","@id":"https:\/\/www.fiscalia.gov.co\/colombia\/#organization","name":"Fiscal\u00eda General de la Naci\u00f3n","url":"https:\/\/www.fiscalia.gov.co\/colombia\/","logo":{"@type":"ImageObject","inLanguage":"es-CO","@id":"https:\/\/www.fiscalia.gov.co\/colombia\/#\/schema\/logo\/image\/","url":"https:\/\/www.fiscalia.gov.co\/colombia\/wp-content\/uploads\/LogoHorizontal_1.jpg","contentUrl":"https:\/\/www.fiscalia.gov.co\/colombia\/wp-content\/uploads\/LogoHorizontal_1.jpg","width":300,"height":90,"caption":"Fiscal\u00eda General de la Naci\u00f3n"},"image":{"@id":"https:\/\/www.fiscalia.gov.co\/colombia\/#\/schema\/logo\/image\/"},"sameAs":["https:\/\/www.facebook.com\/FiscaliaCol","https:\/\/x.com\/FiscaliaCol","https:\/\/www.instagram.com\/fiscaliacol","https:\/\/www.linkedin.com\/company\/fiscalia-general-de-la-naci-n\/","https:\/\/youtube.com\/@fiscaliageneraldelanacion-4668?si=6nN79nyQICPU5iTh"]},{"@type":"Person","@id":"https:\/\/www.fiscalia.gov.co\/colombia\/#\/schema\/person\/176195b99ebab0a52aafa15197e1bf80","name":"Winnie Geraldine Rodr\u00edguez Navarrete","image":{"@type":"ImageObject","inLanguage":"es-CO","@id":"https:\/\/www.fiscalia.gov.co\/colombia\/#\/schema\/person\/image\/","url":"https:\/\/secure.gravatar.com\/avatar\/c24cf8481dc84fa5e8c7b20bc95ab0c6?s=96&d=mm&r=g","contentUrl":"https:\/\/secure.gravatar.com\/avatar\/c24cf8481dc84fa5e8c7b20bc95ab0c6?s=96&d=mm&r=g","caption":"Winnie Geraldine Rodr\u00edguez Navarrete"},"url":"https:\/\/www.fiscalia.gov.co\/colombia\/author\/winnierodriguez\/"}]}},"_links":{"self":[{"href":"https:\/\/www.fiscalia.gov.co\/colombia\/wp-json\/wp\/v2\/posts\/271652","targetHints":{"allow":["GET"]}}],"collection":[{"href":"https:\/\/www.fiscalia.gov.co\/colombia\/wp-json\/wp\/v2\/posts"}],"about":[{"href":"https:\/\/www.fiscalia.gov.co\/colombia\/wp-json\/wp\/v2\/types\/post"}],"author":[{"embeddable":true,"href":"https:\/\/www.fiscalia.gov.co\/colombia\/wp-json\/wp\/v2\/users\/178"}],"replies":[{"embeddable":true,"href":"https:\/\/www.fiscalia.gov.co\/colombia\/wp-json\/wp\/v2\/comments?post=271652"}],"version-history":[{"count":1,"href":"https:\/\/www.fiscalia.gov.co\/colombia\/wp-json\/wp\/v2\/posts\/271652\/revisions"}],"predecessor-version":[{"id":271655,"href":"https:\/\/www.fiscalia.gov.co\/colombia\/wp-json\/wp\/v2\/posts\/271652\/revisions\/271655"}],"wp:attachment":[{"href":"https:\/\/www.fiscalia.gov.co\/colombia\/wp-json\/wp\/v2\/media?parent=271652"}],"wp:term":[{"taxonomy":"category","embeddable":true,"href":"https:\/\/www.fiscalia.gov.co\/colombia\/wp-json\/wp\/v2\/categories?post=271652"},{"taxonomy":"post_tag","embeddable":true,"href":"https:\/\/www.fiscalia.gov.co\/colombia\/wp-json\/wp\/v2\/tags?post=271652"}],"curies":[{"name":"wp","href":"https:\/\/api.w.org\/{rel}","templated":true}]}}