{"id":271596,"date":"2023-05-16T11:28:10","date_gmt":"2023-05-16T16:28:10","guid":{"rendered":"https:\/\/www.fiscalia.gov.co\/colombia\/?p=271596"},"modified":"2023-05-16T11:28:10","modified_gmt":"2023-05-16T16:28:10","slug":"asegurado-un-hombre-que-habria-drogado-y-abusado-sexualmente-de-una-mujer-dentro-de-un-vehiculo-de-servicio-publico-en-medellin","status":"publish","type":"post","link":"https:\/\/www.fiscalia.gov.co\/colombia\/noticias\/asegurado-un-hombre-que-habria-drogado-y-abusado-sexualmente-de-una-mujer-dentro-de-un-vehiculo-de-servicio-publico-en-medellin\/","title":{"rendered":"Asegurado un hombre que habr\u00eda drogado y abusado sexualmente de una mujer dentro de un veh\u00edculo de servicio p\u00fablico en Medell\u00edn"},"content":{"rendered":"<div>Santiago Andrade V\u00e9lez, de 26 a\u00f1os, fue afectado con medida de aseguramiento en centro carcelario como presunto responsable de drogar y abusar de una mujer, de oficio trabajadora sexual en hechos ocurridos la madrugada del 12 de abril de este a\u00f1o, en el sector La 70 de Medell\u00edn (Antioquia).<\/div>\n<div><\/div>\n<div>De acuerdo con la denuncia instaurada por la v\u00edctima, el procesado, quien es conductor de taxi, le habr\u00eda rociado el rostro con una sustancia que le hizo perder la conciencia para luego accederla carnalmente, dentro del veh\u00edculo de servicio p\u00fablico. En medio del ataque el hombre, al parecer, le hurt\u00f3 dinero en efectivo.<\/div>\n<div>\n<figure id=\"attachment_271597\" aria-describedby=\"caption-attachment-271597\" style=\"width: 225px\" class=\"wp-caption alignleft\"><img loading=\"lazy\" decoding=\"async\" class=\"size-medium wp-image-271597\" src=\"https:\/\/www.fiscalia.gov.co\/colombia\/wp-content\/uploads\/Santiago-Andrade-Velez-225x300.jpg\" alt=\"En la imagen est\u00e1 el procesado acompa\u00f1ado de un servidor de la Polic\u00eda Nacional\" width=\"225\" height=\"300\" srcset=\"https:\/\/www.fiscalia.gov.co\/colombia\/wp-content\/uploads\/Santiago-Andrade-Velez-225x300.jpg 225w, https:\/\/www.fiscalia.gov.co\/colombia\/wp-content\/uploads\/Santiago-Andrade-Velez-315x420.jpg 315w, https:\/\/www.fiscalia.gov.co\/colombia\/wp-content\/uploads\/Santiago-Andrade-Velez.jpg 675w\" sizes=\"auto, (max-width: 225px) 100vw, 225px\" \/><figcaption id=\"caption-attachment-271597\" class=\"wp-caption-text\">Taxista investigado por drogar y abusar de una trabajadora sexual en Medell\u00edn<\/figcaption><\/figure>\n<\/div>\n<div><\/div>\n<div>Andrade V\u00e9lez fue capturado este 2 de mayo por servidores de la Polic\u00eda Nacional. En audiencias concentradas, el procesado no se allan\u00f3 a los cargos que le imput\u00f3 la Fiscal\u00eda General de la Naci\u00f3n por los delitos de acceso carnal violento y hurto calificado y agravado.<\/div>\n<div><\/div>\n<div><strong>La Fiscal\u00eda habla con resultados.<\/strong><\/div>\n<div><\/div>\n<div><\/div>\n<div><\/div>\n<div><\/div>\n<div><\/div>\n<div><\/div>\n<div><\/div>\n<div><\/div>\n<div><\/div>\n<div>LFML\/MG\/YMAS\/DSM<\/div>\n<div><\/div>\n<div><\/div>\n<div><\/div>\n<div><\/div>\n<div><em>La informaci\u00f3n contenida en este bolet\u00edn de prensa corresponde a la narraci\u00f3n de los hechos noticiosos objetivos, y las investigaciones penales al interior de la Fiscal\u00eda General de la Naci\u00f3n. Para el momento de la divulgaci\u00f3n de este comunicado, la situaci\u00f3n jur\u00eddica de la(s) persona(s) relacionada(s) se encuentra pendiente de resolver por la autoridad judicial competente, siempre bajo los preceptos de la presunci\u00f3n de inocencia, consagrados en el art\u00edculo 29 de la Constituci\u00f3n Pol\u00edtica y el art\u00edculo 7\u00ba de la Ley 906 de 2004.<\/em><\/div>\n\n<div class=\"twitter-share\"><a href=\"https:\/\/twitter.com\/intent\/tweet?via=fiscaliacol\" class=\"twitter-share-button\">Tweet<\/a><\/div>\n","protected":false},"excerpt":{"rendered":"<p>Santiago Andrade V\u00e9lez, de 26 a\u00f1os, fue afectado con medida de aseguramiento en centro carcelario como presunto responsable de drogar y abusar de una mujer, de oficio trabajadora sexual en hechos ocurridos la madrugada del 12 de abril de este a\u00f1o, en el sector La 70 de Medell\u00edn (Antioquia). De acuerdo con la denuncia instaurada [&hellip;]<\/p>\n","protected":false},"author":178,"featured_media":0,"comment_status":"closed","ping_status":"open","sticky":false,"template":"","format":"standard","meta":{"_price":"","_stock":"","_tribe_ticket_header":"","_tribe_default_ticket_provider":"","_tribe_ticket_capacity":"0","_ticket_start_date":"","_ticket_end_date":"","_tribe_ticket_show_description":"","_tribe_ticket_show_not_going":false,"_tribe_ticket_use_global_stock":"","_tribe_ticket_global_stock_level":"","_global_stock_mode":"","_global_stock_cap":"","_tribe_rsvp_for_event":"","_tribe_ticket_going_count":"","_tribe_ticket_not_going_count":"","_tribe_tickets_list":"[]","_tribe_ticket_has_attendee_info_fields":false,"tdm_status":"","tdm_grid_status":"","footnotes":""},"categories":[1,331,303,24127],"tags":[23966,1047,7451,34667,23985,1185,558,34668,34665,34666],"class_list":{"0":"post-271596","1":"post","2":"type-post","3":"status-publish","4":"format-standard","6":"category-noticias","7":"category-seccional-medellin","8":"category-seccionales","9":"category-violencia-sexual-e-intrafamiliar","10":"tag-acceso-carnal-violento","11":"tag-fiscalia-general-de-la-nacion","12":"tag-hurto-calificado-y-agravado","13":"tag-la-70-medellin","14":"tag-medellin-antioquia","15":"tag-medida-de-aseguramiento","16":"tag-policia-nacional","17":"tag-sustancia-que-le-hizo-perder-la-conciencia","18":"tag-taxista-de-26-anos","19":"tag-victima-trabajadora-sexual"},"yoast_head":"<!-- This site is optimized with the Yoast SEO plugin v24.3 - https:\/\/yoast.com\/wordpress\/plugins\/seo\/ -->\n<title>Fiscal\u00eda General de la Naci\u00f3n<\/title>\n<meta name=\"description\" content=\"P\u00e1gina oficial de la Fiscal\u00eda General de la Naci\u00f3n \u2013 Colombia. Garantizamos el acceso efectivo a la justicia, la verdad y la reparaci\u00f3n de las v\u00edctimas de los delitos.\" \/>\n<meta name=\"robots\" content=\"noindex, follow\" \/>\n<meta property=\"og:locale\" content=\"es_ES\" \/>\n<meta property=\"og:type\" content=\"article\" \/>\n<meta property=\"og:title\" content=\"Fiscal\u00eda General de la Naci\u00f3n\" \/>\n<meta property=\"og:description\" content=\"P\u00e1gina oficial de la Fiscal\u00eda General de la Naci\u00f3n \u2013 Colombia. Garantizamos el acceso efectivo a la justicia, la verdad y la reparaci\u00f3n de las v\u00edctimas de los delitos.\" \/>\n<meta property=\"og:url\" content=\"https:\/\/www.fiscalia.gov.co\/colombia\/noticias\/asegurado-un-hombre-que-habria-drogado-y-abusado-sexualmente-de-una-mujer-dentro-de-un-vehiculo-de-servicio-publico-en-medellin\/\" \/>\n<meta property=\"og:site_name\" content=\"Fiscal\u00eda General de la Naci\u00f3n\" \/>\n<meta property=\"article:publisher\" content=\"https:\/\/www.facebook.com\/FiscaliaCol\" \/>\n<meta property=\"article:published_time\" content=\"2023-05-16T16:28:10+00:00\" \/>\n<meta property=\"og:image\" content=\"https:\/\/www.fiscalia.gov.co\/colombia\/wp-content\/uploads\/Santiago-Andrade-Velez-225x300.jpg\" \/>\n<meta name=\"author\" content=\"Winnie Geraldine Rodr\u00edguez Navarrete\" \/>\n<meta name=\"twitter:card\" content=\"summary_large_image\" \/>\n<meta name=\"twitter:creator\" content=\"@FiscaliaCol\" \/>\n<meta name=\"twitter:site\" content=\"@FiscaliaCol\" \/>\n<meta name=\"twitter:label1\" content=\"Escrito por\" \/>\n\t<meta name=\"twitter:data1\" content=\"Winnie Geraldine Rodr\u00edguez Navarrete\" \/>\n\t<meta name=\"twitter:label2\" content=\"Tiempo de lectura\" \/>\n\t<meta name=\"twitter:data2\" content=\"1 minuto\" \/>\n<script type=\"application\/ld+json\" class=\"yoast-schema-graph\">{\"@context\":\"https:\/\/schema.org\",\"@graph\":[{\"@type\":\"Article\",\"@id\":\"https:\/\/www.fiscalia.gov.co\/colombia\/noticias\/asegurado-un-hombre-que-habria-drogado-y-abusado-sexualmente-de-una-mujer-dentro-de-un-vehiculo-de-servicio-publico-en-medellin\/#article\",\"isPartOf\":{\"@id\":\"https:\/\/www.fiscalia.gov.co\/colombia\/noticias\/asegurado-un-hombre-que-habria-drogado-y-abusado-sexualmente-de-una-mujer-dentro-de-un-vehiculo-de-servicio-publico-en-medellin\/\"},\"author\":{\"name\":\"Winnie Geraldine Rodr\u00edguez Navarrete\",\"@id\":\"https:\/\/www.fiscalia.gov.co\/colombia\/#\/schema\/person\/176195b99ebab0a52aafa15197e1bf80\"},\"headline\":\"Asegurado un hombre que habr\u00eda drogado y abusado sexualmente de una mujer dentro de un veh\u00edculo de servicio p\u00fablico en Medell\u00edn\",\"datePublished\":\"2023-05-16T16:28:10+00:00\",\"dateModified\":\"2023-05-16T16:28:10+00:00\",\"mainEntityOfPage\":{\"@id\":\"https:\/\/www.fiscalia.gov.co\/colombia\/noticias\/asegurado-un-hombre-que-habria-drogado-y-abusado-sexualmente-de-una-mujer-dentro-de-un-vehiculo-de-servicio-publico-en-medellin\/\"},\"wordCount\":307,\"publisher\":{\"@id\":\"https:\/\/www.fiscalia.gov.co\/colombia\/#organization\"},\"image\":{\"@id\":\"https:\/\/www.fiscalia.gov.co\/colombia\/noticias\/asegurado-un-hombre-que-habria-drogado-y-abusado-sexualmente-de-una-mujer-dentro-de-un-vehiculo-de-servicio-publico-en-medellin\/#primaryimage\"},\"thumbnailUrl\":\"https:\/\/www.fiscalia.gov.co\/colombia\/wp-content\/uploads\/Santiago-Andrade-Velez-225x300.jpg\",\"keywords\":[\"Acceso carnal violento\",\"Fiscal\u00eda General de la Naci\u00f3n\",\"hurto calificado y agravado\",\"La 70 Medell\u00edn\",\"Medell\u00edn (Antioquia)\",\"Medida de aseguramiento\",\"Polic\u00eda Nacional\",\"sustancia que le hizo perder la conciencia\",\"taxista de 26 a\u00f1os\",\"victima trabajadora sexual\"],\"articleSection\":[\"Noticias\",\"Seccional Medell\u00edn\",\"Seccionales\",\"Violencia sexual e intrafamiliar\"],\"inLanguage\":\"es-CO\"},{\"@type\":\"WebPage\",\"@id\":\"https:\/\/www.fiscalia.gov.co\/colombia\/noticias\/asegurado-un-hombre-que-habria-drogado-y-abusado-sexualmente-de-una-mujer-dentro-de-un-vehiculo-de-servicio-publico-en-medellin\/\",\"url\":\"https:\/\/www.fiscalia.gov.co\/colombia\/noticias\/asegurado-un-hombre-que-habria-drogado-y-abusado-sexualmente-de-una-mujer-dentro-de-un-vehiculo-de-servicio-publico-en-medellin\/\",\"name\":\"Fiscal\u00eda General de la Naci\u00f3n\",\"isPartOf\":{\"@id\":\"https:\/\/www.fiscalia.gov.co\/colombia\/#website\"},\"primaryImageOfPage\":{\"@id\":\"https:\/\/www.fiscalia.gov.co\/colombia\/noticias\/asegurado-un-hombre-que-habria-drogado-y-abusado-sexualmente-de-una-mujer-dentro-de-un-vehiculo-de-servicio-publico-en-medellin\/#primaryimage\"},\"image\":{\"@id\":\"https:\/\/www.fiscalia.gov.co\/colombia\/noticias\/asegurado-un-hombre-que-habria-drogado-y-abusado-sexualmente-de-una-mujer-dentro-de-un-vehiculo-de-servicio-publico-en-medellin\/#primaryimage\"},\"thumbnailUrl\":\"https:\/\/www.fiscalia.gov.co\/colombia\/wp-content\/uploads\/Santiago-Andrade-Velez-225x300.jpg\",\"datePublished\":\"2023-05-16T16:28:10+00:00\",\"dateModified\":\"2023-05-16T16:28:10+00:00\",\"description\":\"P\u00e1gina oficial de la Fiscal\u00eda General de la Naci\u00f3n \u2013 Colombia. Garantizamos el acceso efectivo a la justicia, la verdad y la reparaci\u00f3n de las v\u00edctimas de los delitos.\",\"breadcrumb\":{\"@id\":\"https:\/\/www.fiscalia.gov.co\/colombia\/noticias\/asegurado-un-hombre-que-habria-drogado-y-abusado-sexualmente-de-una-mujer-dentro-de-un-vehiculo-de-servicio-publico-en-medellin\/#breadcrumb\"},\"inLanguage\":\"es-CO\",\"potentialAction\":[{\"@type\":\"ReadAction\",\"target\":[\"https:\/\/www.fiscalia.gov.co\/colombia\/noticias\/asegurado-un-hombre-que-habria-drogado-y-abusado-sexualmente-de-una-mujer-dentro-de-un-vehiculo-de-servicio-publico-en-medellin\/\"]}]},{\"@type\":\"ImageObject\",\"inLanguage\":\"es-CO\",\"@id\":\"https:\/\/www.fiscalia.gov.co\/colombia\/noticias\/asegurado-un-hombre-que-habria-drogado-y-abusado-sexualmente-de-una-mujer-dentro-de-un-vehiculo-de-servicio-publico-en-medellin\/#primaryimage\",\"url\":\"https:\/\/www.fiscalia.gov.co\/colombia\/wp-content\/uploads\/Santiago-Andrade-Velez.jpg\",\"contentUrl\":\"https:\/\/www.fiscalia.gov.co\/colombia\/wp-content\/uploads\/Santiago-Andrade-Velez.jpg\",\"width\":675,\"height\":900,\"caption\":\"Taxista investigado por drogar y abusar de una trabajadora sexual en Medell\u00edn\"},{\"@type\":\"BreadcrumbList\",\"@id\":\"https:\/\/www.fiscalia.gov.co\/colombia\/noticias\/asegurado-un-hombre-que-habria-drogado-y-abusado-sexualmente-de-una-mujer-dentro-de-un-vehiculo-de-servicio-publico-en-medellin\/#breadcrumb\",\"itemListElement\":[{\"@type\":\"ListItem\",\"position\":1,\"name\":\"Home\",\"item\":\"https:\/\/www.fiscalia.gov.co\/colombia\/\"},{\"@type\":\"ListItem\",\"position\":2,\"name\":\"Asegurado un hombre que habr\u00eda drogado y abusado sexualmente de una mujer dentro de un veh\u00edculo de servicio p\u00fablico en Medell\u00edn\"}]},{\"@type\":\"WebSite\",\"@id\":\"https:\/\/www.fiscalia.gov.co\/colombia\/#website\",\"url\":\"https:\/\/www.fiscalia.gov.co\/colombia\/\",\"name\":\"Fiscal\u00eda General de la Naci\u00f3n\",\"description\":\"P\u00e1gina oficial de la Fiscal\u00eda General de la Naci\u00f3n \u2013 Colombia. Garantizamos el acceso efectivo a la justicia, la verdad y la reparaci\u00f3n de las v\u00edctimas de los delitos.\",\"publisher\":{\"@id\":\"https:\/\/www.fiscalia.gov.co\/colombia\/#organization\"},\"potentialAction\":[{\"@type\":\"SearchAction\",\"target\":{\"@type\":\"EntryPoint\",\"urlTemplate\":\"https:\/\/www.fiscalia.gov.co\/colombia\/?s={search_term_string}\"},\"query-input\":{\"@type\":\"PropertyValueSpecification\",\"valueRequired\":true,\"valueName\":\"search_term_string\"}}],\"inLanguage\":\"es-CO\"},{\"@type\":\"Organization\",\"@id\":\"https:\/\/www.fiscalia.gov.co\/colombia\/#organization\",\"name\":\"Fiscal\u00eda General de la Naci\u00f3n\",\"url\":\"https:\/\/www.fiscalia.gov.co\/colombia\/\",\"logo\":{\"@type\":\"ImageObject\",\"inLanguage\":\"es-CO\",\"@id\":\"https:\/\/www.fiscalia.gov.co\/colombia\/#\/schema\/logo\/image\/\",\"url\":\"https:\/\/www.fiscalia.gov.co\/colombia\/wp-content\/uploads\/LogoHorizontal_1.jpg\",\"contentUrl\":\"https:\/\/www.fiscalia.gov.co\/colombia\/wp-content\/uploads\/LogoHorizontal_1.jpg\",\"width\":300,\"height\":90,\"caption\":\"Fiscal\u00eda General de la Naci\u00f3n\"},\"image\":{\"@id\":\"https:\/\/www.fiscalia.gov.co\/colombia\/#\/schema\/logo\/image\/\"},\"sameAs\":[\"https:\/\/www.facebook.com\/FiscaliaCol\",\"https:\/\/x.com\/FiscaliaCol\",\"https:\/\/www.instagram.com\/fiscaliacol\",\"https:\/\/www.linkedin.com\/company\/fiscalia-general-de-la-naci-n\/\",\"https:\/\/youtube.com\/@fiscaliageneraldelanacion-4668?si=6nN79nyQICPU5iTh\"]},{\"@type\":\"Person\",\"@id\":\"https:\/\/www.fiscalia.gov.co\/colombia\/#\/schema\/person\/176195b99ebab0a52aafa15197e1bf80\",\"name\":\"Winnie Geraldine Rodr\u00edguez Navarrete\",\"image\":{\"@type\":\"ImageObject\",\"inLanguage\":\"es-CO\",\"@id\":\"https:\/\/www.fiscalia.gov.co\/colombia\/#\/schema\/person\/image\/\",\"url\":\"https:\/\/secure.gravatar.com\/avatar\/c24cf8481dc84fa5e8c7b20bc95ab0c6?s=96&d=mm&r=g\",\"contentUrl\":\"https:\/\/secure.gravatar.com\/avatar\/c24cf8481dc84fa5e8c7b20bc95ab0c6?s=96&d=mm&r=g\",\"caption\":\"Winnie Geraldine Rodr\u00edguez Navarrete\"},\"url\":\"https:\/\/www.fiscalia.gov.co\/colombia\/author\/winnierodriguez\/\"}]}<\/script>\n<!-- \/ Yoast SEO plugin. -->","yoast_head_json":{"title":"Fiscal\u00eda General de la Naci\u00f3n","description":"P\u00e1gina oficial de la Fiscal\u00eda General de la Naci\u00f3n \u2013 Colombia. Garantizamos el acceso efectivo a la justicia, la verdad y la reparaci\u00f3n de las v\u00edctimas de los delitos.","robots":{"index":"noindex","follow":"follow"},"og_locale":"es_ES","og_type":"article","og_title":"Fiscal\u00eda General de la Naci\u00f3n","og_description":"P\u00e1gina oficial de la Fiscal\u00eda General de la Naci\u00f3n \u2013 Colombia. Garantizamos el acceso efectivo a la justicia, la verdad y la reparaci\u00f3n de las v\u00edctimas de los delitos.","og_url":"https:\/\/www.fiscalia.gov.co\/colombia\/noticias\/asegurado-un-hombre-que-habria-drogado-y-abusado-sexualmente-de-una-mujer-dentro-de-un-vehiculo-de-servicio-publico-en-medellin\/","og_site_name":"Fiscal\u00eda General de la Naci\u00f3n","article_publisher":"https:\/\/www.facebook.com\/FiscaliaCol","article_published_time":"2023-05-16T16:28:10+00:00","og_image":[{"url":"https:\/\/www.fiscalia.gov.co\/colombia\/wp-content\/uploads\/Santiago-Andrade-Velez-225x300.jpg","type":"","width":"","height":""}],"author":"Winnie Geraldine Rodr\u00edguez Navarrete","twitter_card":"summary_large_image","twitter_creator":"@FiscaliaCol","twitter_site":"@FiscaliaCol","twitter_misc":{"Escrito por":"Winnie Geraldine Rodr\u00edguez Navarrete","Tiempo de lectura":"1 minuto"},"schema":{"@context":"https:\/\/schema.org","@graph":[{"@type":"Article","@id":"https:\/\/www.fiscalia.gov.co\/colombia\/noticias\/asegurado-un-hombre-que-habria-drogado-y-abusado-sexualmente-de-una-mujer-dentro-de-un-vehiculo-de-servicio-publico-en-medellin\/#article","isPartOf":{"@id":"https:\/\/www.fiscalia.gov.co\/colombia\/noticias\/asegurado-un-hombre-que-habria-drogado-y-abusado-sexualmente-de-una-mujer-dentro-de-un-vehiculo-de-servicio-publico-en-medellin\/"},"author":{"name":"Winnie Geraldine Rodr\u00edguez Navarrete","@id":"https:\/\/www.fiscalia.gov.co\/colombia\/#\/schema\/person\/176195b99ebab0a52aafa15197e1bf80"},"headline":"Asegurado un hombre que habr\u00eda drogado y abusado sexualmente de una mujer dentro de un veh\u00edculo de servicio p\u00fablico en Medell\u00edn","datePublished":"2023-05-16T16:28:10+00:00","dateModified":"2023-05-16T16:28:10+00:00","mainEntityOfPage":{"@id":"https:\/\/www.fiscalia.gov.co\/colombia\/noticias\/asegurado-un-hombre-que-habria-drogado-y-abusado-sexualmente-de-una-mujer-dentro-de-un-vehiculo-de-servicio-publico-en-medellin\/"},"wordCount":307,"publisher":{"@id":"https:\/\/www.fiscalia.gov.co\/colombia\/#organization"},"image":{"@id":"https:\/\/www.fiscalia.gov.co\/colombia\/noticias\/asegurado-un-hombre-que-habria-drogado-y-abusado-sexualmente-de-una-mujer-dentro-de-un-vehiculo-de-servicio-publico-en-medellin\/#primaryimage"},"thumbnailUrl":"https:\/\/www.fiscalia.gov.co\/colombia\/wp-content\/uploads\/Santiago-Andrade-Velez-225x300.jpg","keywords":["Acceso carnal violento","Fiscal\u00eda General de la Naci\u00f3n","hurto calificado y agravado","La 70 Medell\u00edn","Medell\u00edn (Antioquia)","Medida de aseguramiento","Polic\u00eda Nacional","sustancia que le hizo perder la conciencia","taxista de 26 a\u00f1os","victima trabajadora sexual"],"articleSection":["Noticias","Seccional Medell\u00edn","Seccionales","Violencia sexual e intrafamiliar"],"inLanguage":"es-CO"},{"@type":"WebPage","@id":"https:\/\/www.fiscalia.gov.co\/colombia\/noticias\/asegurado-un-hombre-que-habria-drogado-y-abusado-sexualmente-de-una-mujer-dentro-de-un-vehiculo-de-servicio-publico-en-medellin\/","url":"https:\/\/www.fiscalia.gov.co\/colombia\/noticias\/asegurado-un-hombre-que-habria-drogado-y-abusado-sexualmente-de-una-mujer-dentro-de-un-vehiculo-de-servicio-publico-en-medellin\/","name":"Fiscal\u00eda General de la Naci\u00f3n","isPartOf":{"@id":"https:\/\/www.fiscalia.gov.co\/colombia\/#website"},"primaryImageOfPage":{"@id":"https:\/\/www.fiscalia.gov.co\/colombia\/noticias\/asegurado-un-hombre-que-habria-drogado-y-abusado-sexualmente-de-una-mujer-dentro-de-un-vehiculo-de-servicio-publico-en-medellin\/#primaryimage"},"image":{"@id":"https:\/\/www.fiscalia.gov.co\/colombia\/noticias\/asegurado-un-hombre-que-habria-drogado-y-abusado-sexualmente-de-una-mujer-dentro-de-un-vehiculo-de-servicio-publico-en-medellin\/#primaryimage"},"thumbnailUrl":"https:\/\/www.fiscalia.gov.co\/colombia\/wp-content\/uploads\/Santiago-Andrade-Velez-225x300.jpg","datePublished":"2023-05-16T16:28:10+00:00","dateModified":"2023-05-16T16:28:10+00:00","description":"P\u00e1gina oficial de la Fiscal\u00eda General de la Naci\u00f3n \u2013 Colombia. Garantizamos el acceso efectivo a la justicia, la verdad y la reparaci\u00f3n de las v\u00edctimas de los delitos.","breadcrumb":{"@id":"https:\/\/www.fiscalia.gov.co\/colombia\/noticias\/asegurado-un-hombre-que-habria-drogado-y-abusado-sexualmente-de-una-mujer-dentro-de-un-vehiculo-de-servicio-publico-en-medellin\/#breadcrumb"},"inLanguage":"es-CO","potentialAction":[{"@type":"ReadAction","target":["https:\/\/www.fiscalia.gov.co\/colombia\/noticias\/asegurado-un-hombre-que-habria-drogado-y-abusado-sexualmente-de-una-mujer-dentro-de-un-vehiculo-de-servicio-publico-en-medellin\/"]}]},{"@type":"ImageObject","inLanguage":"es-CO","@id":"https:\/\/www.fiscalia.gov.co\/colombia\/noticias\/asegurado-un-hombre-que-habria-drogado-y-abusado-sexualmente-de-una-mujer-dentro-de-un-vehiculo-de-servicio-publico-en-medellin\/#primaryimage","url":"https:\/\/www.fiscalia.gov.co\/colombia\/wp-content\/uploads\/Santiago-Andrade-Velez.jpg","contentUrl":"https:\/\/www.fiscalia.gov.co\/colombia\/wp-content\/uploads\/Santiago-Andrade-Velez.jpg","width":675,"height":900,"caption":"Taxista investigado por drogar y abusar de una trabajadora sexual en Medell\u00edn"},{"@type":"BreadcrumbList","@id":"https:\/\/www.fiscalia.gov.co\/colombia\/noticias\/asegurado-un-hombre-que-habria-drogado-y-abusado-sexualmente-de-una-mujer-dentro-de-un-vehiculo-de-servicio-publico-en-medellin\/#breadcrumb","itemListElement":[{"@type":"ListItem","position":1,"name":"Home","item":"https:\/\/www.fiscalia.gov.co\/colombia\/"},{"@type":"ListItem","position":2,"name":"Asegurado un hombre que habr\u00eda drogado y abusado sexualmente de una mujer dentro de un veh\u00edculo de servicio p\u00fablico en Medell\u00edn"}]},{"@type":"WebSite","@id":"https:\/\/www.fiscalia.gov.co\/colombia\/#website","url":"https:\/\/www.fiscalia.gov.co\/colombia\/","name":"Fiscal\u00eda General de la Naci\u00f3n","description":"P\u00e1gina oficial de la Fiscal\u00eda General de la Naci\u00f3n \u2013 Colombia. Garantizamos el acceso efectivo a la justicia, la verdad y la reparaci\u00f3n de las v\u00edctimas de los delitos.","publisher":{"@id":"https:\/\/www.fiscalia.gov.co\/colombia\/#organization"},"potentialAction":[{"@type":"SearchAction","target":{"@type":"EntryPoint","urlTemplate":"https:\/\/www.fiscalia.gov.co\/colombia\/?s={search_term_string}"},"query-input":{"@type":"PropertyValueSpecification","valueRequired":true,"valueName":"search_term_string"}}],"inLanguage":"es-CO"},{"@type":"Organization","@id":"https:\/\/www.fiscalia.gov.co\/colombia\/#organization","name":"Fiscal\u00eda General de la Naci\u00f3n","url":"https:\/\/www.fiscalia.gov.co\/colombia\/","logo":{"@type":"ImageObject","inLanguage":"es-CO","@id":"https:\/\/www.fiscalia.gov.co\/colombia\/#\/schema\/logo\/image\/","url":"https:\/\/www.fiscalia.gov.co\/colombia\/wp-content\/uploads\/LogoHorizontal_1.jpg","contentUrl":"https:\/\/www.fiscalia.gov.co\/colombia\/wp-content\/uploads\/LogoHorizontal_1.jpg","width":300,"height":90,"caption":"Fiscal\u00eda General de la Naci\u00f3n"},"image":{"@id":"https:\/\/www.fiscalia.gov.co\/colombia\/#\/schema\/logo\/image\/"},"sameAs":["https:\/\/www.facebook.com\/FiscaliaCol","https:\/\/x.com\/FiscaliaCol","https:\/\/www.instagram.com\/fiscaliacol","https:\/\/www.linkedin.com\/company\/fiscalia-general-de-la-naci-n\/","https:\/\/youtube.com\/@fiscaliageneraldelanacion-4668?si=6nN79nyQICPU5iTh"]},{"@type":"Person","@id":"https:\/\/www.fiscalia.gov.co\/colombia\/#\/schema\/person\/176195b99ebab0a52aafa15197e1bf80","name":"Winnie Geraldine Rodr\u00edguez Navarrete","image":{"@type":"ImageObject","inLanguage":"es-CO","@id":"https:\/\/www.fiscalia.gov.co\/colombia\/#\/schema\/person\/image\/","url":"https:\/\/secure.gravatar.com\/avatar\/c24cf8481dc84fa5e8c7b20bc95ab0c6?s=96&d=mm&r=g","contentUrl":"https:\/\/secure.gravatar.com\/avatar\/c24cf8481dc84fa5e8c7b20bc95ab0c6?s=96&d=mm&r=g","caption":"Winnie Geraldine Rodr\u00edguez Navarrete"},"url":"https:\/\/www.fiscalia.gov.co\/colombia\/author\/winnierodriguez\/"}]}},"_links":{"self":[{"href":"https:\/\/www.fiscalia.gov.co\/colombia\/wp-json\/wp\/v2\/posts\/271596","targetHints":{"allow":["GET"]}}],"collection":[{"href":"https:\/\/www.fiscalia.gov.co\/colombia\/wp-json\/wp\/v2\/posts"}],"about":[{"href":"https:\/\/www.fiscalia.gov.co\/colombia\/wp-json\/wp\/v2\/types\/post"}],"author":[{"embeddable":true,"href":"https:\/\/www.fiscalia.gov.co\/colombia\/wp-json\/wp\/v2\/users\/178"}],"replies":[{"embeddable":true,"href":"https:\/\/www.fiscalia.gov.co\/colombia\/wp-json\/wp\/v2\/comments?post=271596"}],"version-history":[{"count":1,"href":"https:\/\/www.fiscalia.gov.co\/colombia\/wp-json\/wp\/v2\/posts\/271596\/revisions"}],"predecessor-version":[{"id":271598,"href":"https:\/\/www.fiscalia.gov.co\/colombia\/wp-json\/wp\/v2\/posts\/271596\/revisions\/271598"}],"wp:attachment":[{"href":"https:\/\/www.fiscalia.gov.co\/colombia\/wp-json\/wp\/v2\/media?parent=271596"}],"wp:term":[{"taxonomy":"category","embeddable":true,"href":"https:\/\/www.fiscalia.gov.co\/colombia\/wp-json\/wp\/v2\/categories?post=271596"},{"taxonomy":"post_tag","embeddable":true,"href":"https:\/\/www.fiscalia.gov.co\/colombia\/wp-json\/wp\/v2\/tags?post=271596"}],"curies":[{"name":"wp","href":"https:\/\/api.w.org\/{rel}","templated":true}]}}