{"id":271575,"date":"2023-05-16T09:24:59","date_gmt":"2023-05-16T14:24:59","guid":{"rendered":"https:\/\/www.fiscalia.gov.co\/colombia\/?p=271575"},"modified":"2023-05-16T09:24:59","modified_gmt":"2023-05-16T14:24:59","slug":"envian-a-la-carcel-a-un-hombre-que-al-parecer-asesino-a-una-persona-porque-se-habria-negado-a-vender-estupefacientes","status":"publish","type":"post","link":"https:\/\/www.fiscalia.gov.co\/colombia\/noticias\/envian-a-la-carcel-a-un-hombre-que-al-parecer-asesino-a-una-persona-porque-se-habria-negado-a-vender-estupefacientes\/","title":{"rendered":"Env\u00edan a la c\u00e1rcel a un hombre que al parecer asesin\u00f3 a una persona porque se habr\u00eda negado a vender estupefacientes"},"content":{"rendered":"<h4 style=\"font-weight: 400;\"><strong><em>Se pudo establecer, que, ante la negativa, el implicado le propin\u00f3 cinco disparos en el abdomen a la v\u00edctima, lo que le produjo la muerte de manera instant\u00e1nea.<\/em><\/strong><\/h4>\n<p style=\"font-weight: 400;\">Ante las pruebas presentadas por la Fiscal\u00eda General de la Naci\u00f3n, un juez con funciones de control de garant\u00edas, impuso medida de aseguramiento en centro carcelario en contra de V\u00edctor Miguel Pe\u00f1aloza Mercado, alias el Cacha, presunto responsable del asesinato de una persona en un sector de la invasi\u00f3n Altos de Pimenta de Valledupar (Cesar).<\/p>\n<p style=\"font-weight: 400;\">Seg\u00fan la investigaci\u00f3n, los hechos se registraron el 21 de agosto del 2016, cuando al parecer, Romero Rodr\u00edguez, habr\u00eda llegado a la casa de la v\u00edctima, portando un arma de fuego, en compa\u00f1\u00eda de una mujer a la que minutos antes le habr\u00edan negado venta de estupefacientes.<\/p>\n<figure id=\"attachment_271576\" aria-describedby=\"caption-attachment-271576\" style=\"width: 408px\" class=\"wp-caption aligncenter\"><img loading=\"lazy\" decoding=\"async\" class=\" wp-image-271576\" src=\"https:\/\/www.fiscalia.gov.co\/colombia\/wp-content\/uploads\/Victor-Miguel-Penaloza-Mercado-alias-el-Cacha-presunto-responsable-del-asesinato-de-una-persona-en-un-sector-de-la-invasion-Altos-de-Pimenta-de-Valledupar.Cesar_-300x225.jpg\" alt=\"En la fotograf\u00eda aparece un hombre capturado, acompa\u00f1ado de dos uniformados de la Polic\u00eda. En la parte posterior un banner con logos de la entidad.   \" width=\"408\" height=\"306\" srcset=\"https:\/\/www.fiscalia.gov.co\/colombia\/wp-content\/uploads\/Victor-Miguel-Penaloza-Mercado-alias-el-Cacha-presunto-responsable-del-asesinato-de-una-persona-en-un-sector-de-la-invasion-Altos-de-Pimenta-de-Valledupar.Cesar_-300x225.jpg 300w, https:\/\/www.fiscalia.gov.co\/colombia\/wp-content\/uploads\/Victor-Miguel-Penaloza-Mercado-alias-el-Cacha-presunto-responsable-del-asesinato-de-una-persona-en-un-sector-de-la-invasion-Altos-de-Pimenta-de-Valledupar.Cesar_-1024x768.jpg 1024w, https:\/\/www.fiscalia.gov.co\/colombia\/wp-content\/uploads\/Victor-Miguel-Penaloza-Mercado-alias-el-Cacha-presunto-responsable-del-asesinato-de-una-persona-en-un-sector-de-la-invasion-Altos-de-Pimenta-de-Valledupar.Cesar_-768x576.jpg 768w, https:\/\/www.fiscalia.gov.co\/colombia\/wp-content\/uploads\/Victor-Miguel-Penaloza-Mercado-alias-el-Cacha-presunto-responsable-del-asesinato-de-una-persona-en-un-sector-de-la-invasion-Altos-de-Pimenta-de-Valledupar.Cesar_-1536x1152.jpg 1536w, https:\/\/www.fiscalia.gov.co\/colombia\/wp-content\/uploads\/Victor-Miguel-Penaloza-Mercado-alias-el-Cacha-presunto-responsable-del-asesinato-de-una-persona-en-un-sector-de-la-invasion-Altos-de-Pimenta-de-Valledupar.Cesar_-696x522.jpg 696w, https:\/\/www.fiscalia.gov.co\/colombia\/wp-content\/uploads\/Victor-Miguel-Penaloza-Mercado-alias-el-Cacha-presunto-responsable-del-asesinato-de-una-persona-en-un-sector-de-la-invasion-Altos-de-Pimenta-de-Valledupar.Cesar_-1068x801.jpg 1068w, https:\/\/www.fiscalia.gov.co\/colombia\/wp-content\/uploads\/Victor-Miguel-Penaloza-Mercado-alias-el-Cacha-presunto-responsable-del-asesinato-de-una-persona-en-un-sector-de-la-invasion-Altos-de-Pimenta-de-Valledupar.Cesar_-560x420.jpg 560w, https:\/\/www.fiscalia.gov.co\/colombia\/wp-content\/uploads\/Victor-Miguel-Penaloza-Mercado-alias-el-Cacha-presunto-responsable-del-asesinato-de-una-persona-en-un-sector-de-la-invasion-Altos-de-Pimenta-de-Valledupar.Cesar_-80x60.jpg 80w, https:\/\/www.fiscalia.gov.co\/colombia\/wp-content\/uploads\/Victor-Miguel-Penaloza-Mercado-alias-el-Cacha-presunto-responsable-del-asesinato-de-una-persona-en-un-sector-de-la-invasion-Altos-de-Pimenta-de-Valledupar.Cesar_-265x198.jpg 265w, https:\/\/www.fiscalia.gov.co\/colombia\/wp-content\/uploads\/Victor-Miguel-Penaloza-Mercado-alias-el-Cacha-presunto-responsable-del-asesinato-de-una-persona-en-un-sector-de-la-invasion-Altos-de-Pimenta-de-Valledupar.Cesar_.jpg 1600w\" sizes=\"auto, (max-width: 408px) 100vw, 408px\" \/><figcaption id=\"caption-attachment-271576\" class=\"wp-caption-text\">V\u00edctor Miguel Pe\u00f1aloza Mercado, alias el Cacha, presunto responsable del asesinato de una persona en un sector de la invasi\u00f3n Altos de Pimenta de Valledupar (Cesar).<\/figcaption><\/figure>\n<p style=\"font-weight: 400;\">Se pudo establecer, que, ante la negativa, el implicado le propin\u00f3 cinco disparos en el abdomen a la v\u00edctima lo que le produjo la muerte de manera instant\u00e1nea.<\/p>\n<p style=\"font-weight: 400;\">La informaci\u00f3n suministrada por un testigo, as\u00ed como el reconocimiento fotogr\u00e1fico entre otros, permitieron la identificaci\u00f3n del imputado.<\/p>\n<p style=\"font-weight: 400;\">Uniformados de la Polic\u00eda de la Nacional materializaron su captura el pasado 8 de mayo en El Banco (Magdalena).<\/p>\n<p style=\"font-weight: 400;\">La Fiscal\u00eda le imput\u00f3 cargos por su presunta responsabilidad en los delitos de homicidio agravado, fabricaci\u00f3n, tr\u00e1fico, porte o tenencia de armas de fuego, accesorios, partes o municiones.<\/p>\n<p style=\"font-weight: 400;\"><strong>La Fiscal\u00eda habla con resultados<\/strong><\/p>\n<p>&nbsp;<\/p>\n<p>&nbsp;<\/p>\n<p>&nbsp;<\/p>\n<p>EDH\/FAGH\/AGG\/DSC<\/p>\n<p style=\"font-weight: 400;\">\n<p style=\"font-weight: 400;\">\n<p style=\"font-weight: 400;\"><em>La informaci\u00f3n contenida en este bolet\u00edn de prensa corresponde a la narraci\u00f3n de los hechos noticiosos objetivos, y las investigaciones penales al interior de la Fiscal\u00eda General de la Naci\u00f3n. Para el momento de la divulgaci\u00f3n de este comunicado, la situaci\u00f3n jur\u00eddica de la(s) persona(s) relacionada(s) se encuentra pendiente de resolver por la autoridad judicial competente, siempre bajo los preceptos de la presunci\u00f3n de inocencia, consagrados en el art\u00edculo 29 de la Constituci\u00f3n Pol\u00edtica y el art\u00edculo 7\u00ba de la Ley 906 de 2004.<\/em><\/p>\n\n<div class=\"twitter-share\"><a href=\"https:\/\/twitter.com\/intent\/tweet?via=fiscaliacol\" class=\"twitter-share-button\">Tweet<\/a><\/div>\n","protected":false},"excerpt":{"rendered":"<p>Se pudo establecer, que, ante la negativa, el implicado le propin\u00f3 cinco disparos en el abdomen a la v\u00edctima, lo que le produjo la muerte de manera instant\u00e1nea. Ante las pruebas presentadas por la Fiscal\u00eda General de la Naci\u00f3n, un juez con funciones de control de garant\u00edas, impuso medida de aseguramiento en centro carcelario en [&hellip;]<\/p>\n","protected":false},"author":178,"featured_media":0,"comment_status":"closed","ping_status":"open","sticky":false,"template":"","format":"standard","meta":{"_price":"","_stock":"","_tribe_ticket_header":"","_tribe_default_ticket_provider":"","_tribe_ticket_capacity":"0","_ticket_start_date":"","_ticket_end_date":"","_tribe_ticket_show_description":"","_tribe_ticket_show_not_going":false,"_tribe_ticket_use_global_stock":"","_tribe_ticket_global_stock_level":"","_global_stock_mode":"","_global_stock_cap":"","_tribe_rsvp_for_event":"","_tribe_ticket_going_count":"","_tribe_ticket_not_going_count":"","_tribe_tickets_list":"[]","_tribe_ticket_has_attendee_info_fields":false,"tdm_status":"","tdm_grid_status":"","footnotes":""},"categories":[1,342,303],"tags":[24185,1047,24965],"class_list":{"0":"post-271575","1":"post","2":"type-post","3":"status-publish","4":"format-standard","6":"category-noticias","7":"category-seccional-valledupar","8":"category-seccionales","9":"tag-fiscal-barbosa","10":"tag-fiscalia-general-de-la-nacion","11":"tag-valledupar-cesar"},"yoast_head":"<!-- This site is optimized with the Yoast SEO plugin v24.3 - https:\/\/yoast.com\/wordpress\/plugins\/seo\/ -->\n<title>Fiscal\u00eda General de la Naci\u00f3n<\/title>\n<meta name=\"description\" content=\"P\u00e1gina oficial de la Fiscal\u00eda General de la Naci\u00f3n \u2013 Colombia. Garantizamos el acceso efectivo a la justicia, la verdad y la reparaci\u00f3n de las v\u00edctimas de los delitos.\" \/>\n<meta name=\"robots\" content=\"noindex, follow\" \/>\n<meta property=\"og:locale\" content=\"es_ES\" \/>\n<meta property=\"og:type\" content=\"article\" \/>\n<meta property=\"og:title\" content=\"Fiscal\u00eda General de la Naci\u00f3n\" \/>\n<meta property=\"og:description\" content=\"P\u00e1gina oficial de la Fiscal\u00eda General de la Naci\u00f3n \u2013 Colombia. Garantizamos el acceso efectivo a la justicia, la verdad y la reparaci\u00f3n de las v\u00edctimas de los delitos.\" \/>\n<meta property=\"og:url\" content=\"https:\/\/www.fiscalia.gov.co\/colombia\/noticias\/envian-a-la-carcel-a-un-hombre-que-al-parecer-asesino-a-una-persona-porque-se-habria-negado-a-vender-estupefacientes\/\" \/>\n<meta property=\"og:site_name\" content=\"Fiscal\u00eda General de la Naci\u00f3n\" \/>\n<meta property=\"article:publisher\" content=\"https:\/\/www.facebook.com\/FiscaliaCol\" \/>\n<meta property=\"article:published_time\" content=\"2023-05-16T14:24:59+00:00\" \/>\n<meta property=\"og:image\" content=\"https:\/\/www.fiscalia.gov.co\/colombia\/wp-content\/uploads\/Victor-Miguel-Penaloza-Mercado-alias-el-Cacha-presunto-responsable-del-asesinato-de-una-persona-en-un-sector-de-la-invasion-Altos-de-Pimenta-de-Valledupar.Cesar_-300x225.jpg\" \/>\n<meta name=\"author\" content=\"Winnie Geraldine Rodr\u00edguez Navarrete\" \/>\n<meta name=\"twitter:card\" content=\"summary_large_image\" \/>\n<meta name=\"twitter:creator\" content=\"@FiscaliaCol\" \/>\n<meta name=\"twitter:site\" content=\"@FiscaliaCol\" \/>\n<meta name=\"twitter:label1\" content=\"Escrito por\" \/>\n\t<meta name=\"twitter:data1\" content=\"Winnie Geraldine Rodr\u00edguez Navarrete\" \/>\n\t<meta name=\"twitter:label2\" content=\"Tiempo de lectura\" \/>\n\t<meta name=\"twitter:data2\" content=\"2 minutos\" \/>\n<script type=\"application\/ld+json\" class=\"yoast-schema-graph\">{\"@context\":\"https:\/\/schema.org\",\"@graph\":[{\"@type\":\"Article\",\"@id\":\"https:\/\/www.fiscalia.gov.co\/colombia\/noticias\/envian-a-la-carcel-a-un-hombre-que-al-parecer-asesino-a-una-persona-porque-se-habria-negado-a-vender-estupefacientes\/#article\",\"isPartOf\":{\"@id\":\"https:\/\/www.fiscalia.gov.co\/colombia\/noticias\/envian-a-la-carcel-a-un-hombre-que-al-parecer-asesino-a-una-persona-porque-se-habria-negado-a-vender-estupefacientes\/\"},\"author\":{\"name\":\"Winnie Geraldine Rodr\u00edguez Navarrete\",\"@id\":\"https:\/\/www.fiscalia.gov.co\/colombia\/#\/schema\/person\/176195b99ebab0a52aafa15197e1bf80\"},\"headline\":\"Env\u00edan a la c\u00e1rcel a un hombre que al parecer asesin\u00f3 a una persona porque se habr\u00eda negado a vender estupefacientes\",\"datePublished\":\"2023-05-16T14:24:59+00:00\",\"dateModified\":\"2023-05-16T14:24:59+00:00\",\"mainEntityOfPage\":{\"@id\":\"https:\/\/www.fiscalia.gov.co\/colombia\/noticias\/envian-a-la-carcel-a-un-hombre-que-al-parecer-asesino-a-una-persona-porque-se-habria-negado-a-vender-estupefacientes\/\"},\"wordCount\":413,\"publisher\":{\"@id\":\"https:\/\/www.fiscalia.gov.co\/colombia\/#organization\"},\"image\":{\"@id\":\"https:\/\/www.fiscalia.gov.co\/colombia\/noticias\/envian-a-la-carcel-a-un-hombre-que-al-parecer-asesino-a-una-persona-porque-se-habria-negado-a-vender-estupefacientes\/#primaryimage\"},\"thumbnailUrl\":\"https:\/\/www.fiscalia.gov.co\/colombia\/wp-content\/uploads\/Victor-Miguel-Penaloza-Mercado-alias-el-Cacha-presunto-responsable-del-asesinato-de-una-persona-en-un-sector-de-la-invasion-Altos-de-Pimenta-de-Valledupar.Cesar_-300x225.jpg\",\"keywords\":[\"Fiscal Barbosa\",\"Fiscal\u00eda General de la Naci\u00f3n\",\"Valledupar (Cesar)\"],\"articleSection\":[\"Noticias\",\"Seccional Valledupar\",\"Seccionales\"],\"inLanguage\":\"es-CO\"},{\"@type\":\"WebPage\",\"@id\":\"https:\/\/www.fiscalia.gov.co\/colombia\/noticias\/envian-a-la-carcel-a-un-hombre-que-al-parecer-asesino-a-una-persona-porque-se-habria-negado-a-vender-estupefacientes\/\",\"url\":\"https:\/\/www.fiscalia.gov.co\/colombia\/noticias\/envian-a-la-carcel-a-un-hombre-que-al-parecer-asesino-a-una-persona-porque-se-habria-negado-a-vender-estupefacientes\/\",\"name\":\"Fiscal\u00eda General de la Naci\u00f3n\",\"isPartOf\":{\"@id\":\"https:\/\/www.fiscalia.gov.co\/colombia\/#website\"},\"primaryImageOfPage\":{\"@id\":\"https:\/\/www.fiscalia.gov.co\/colombia\/noticias\/envian-a-la-carcel-a-un-hombre-que-al-parecer-asesino-a-una-persona-porque-se-habria-negado-a-vender-estupefacientes\/#primaryimage\"},\"image\":{\"@id\":\"https:\/\/www.fiscalia.gov.co\/colombia\/noticias\/envian-a-la-carcel-a-un-hombre-que-al-parecer-asesino-a-una-persona-porque-se-habria-negado-a-vender-estupefacientes\/#primaryimage\"},\"thumbnailUrl\":\"https:\/\/www.fiscalia.gov.co\/colombia\/wp-content\/uploads\/Victor-Miguel-Penaloza-Mercado-alias-el-Cacha-presunto-responsable-del-asesinato-de-una-persona-en-un-sector-de-la-invasion-Altos-de-Pimenta-de-Valledupar.Cesar_-300x225.jpg\",\"datePublished\":\"2023-05-16T14:24:59+00:00\",\"dateModified\":\"2023-05-16T14:24:59+00:00\",\"description\":\"P\u00e1gina oficial de la Fiscal\u00eda General de la Naci\u00f3n \u2013 Colombia. Garantizamos el acceso efectivo a la justicia, la verdad y la reparaci\u00f3n de las v\u00edctimas de los delitos.\",\"breadcrumb\":{\"@id\":\"https:\/\/www.fiscalia.gov.co\/colombia\/noticias\/envian-a-la-carcel-a-un-hombre-que-al-parecer-asesino-a-una-persona-porque-se-habria-negado-a-vender-estupefacientes\/#breadcrumb\"},\"inLanguage\":\"es-CO\",\"potentialAction\":[{\"@type\":\"ReadAction\",\"target\":[\"https:\/\/www.fiscalia.gov.co\/colombia\/noticias\/envian-a-la-carcel-a-un-hombre-que-al-parecer-asesino-a-una-persona-porque-se-habria-negado-a-vender-estupefacientes\/\"]}]},{\"@type\":\"ImageObject\",\"inLanguage\":\"es-CO\",\"@id\":\"https:\/\/www.fiscalia.gov.co\/colombia\/noticias\/envian-a-la-carcel-a-un-hombre-que-al-parecer-asesino-a-una-persona-porque-se-habria-negado-a-vender-estupefacientes\/#primaryimage\",\"url\":\"https:\/\/www.fiscalia.gov.co\/colombia\/wp-content\/uploads\/Victor-Miguel-Penaloza-Mercado-alias-el-Cacha-presunto-responsable-del-asesinato-de-una-persona-en-un-sector-de-la-invasion-Altos-de-Pimenta-de-Valledupar.Cesar_.jpg\",\"contentUrl\":\"https:\/\/www.fiscalia.gov.co\/colombia\/wp-content\/uploads\/Victor-Miguel-Penaloza-Mercado-alias-el-Cacha-presunto-responsable-del-asesinato-de-una-persona-en-un-sector-de-la-invasion-Altos-de-Pimenta-de-Valledupar.Cesar_.jpg\",\"width\":1600,\"height\":1200,\"caption\":\"V\u00edctor Miguel Pe\u00f1aloza Mercado, alias el Cacha, presunto responsable del asesinato de una persona en un sector de la invasi\u00f3n Altos de Pimenta de Valledupar (Cesar).\"},{\"@type\":\"BreadcrumbList\",\"@id\":\"https:\/\/www.fiscalia.gov.co\/colombia\/noticias\/envian-a-la-carcel-a-un-hombre-que-al-parecer-asesino-a-una-persona-porque-se-habria-negado-a-vender-estupefacientes\/#breadcrumb\",\"itemListElement\":[{\"@type\":\"ListItem\",\"position\":1,\"name\":\"Home\",\"item\":\"https:\/\/www.fiscalia.gov.co\/colombia\/\"},{\"@type\":\"ListItem\",\"position\":2,\"name\":\"Env\u00edan a la c\u00e1rcel a un hombre que al parecer asesin\u00f3 a una persona porque se habr\u00eda negado a vender estupefacientes\"}]},{\"@type\":\"WebSite\",\"@id\":\"https:\/\/www.fiscalia.gov.co\/colombia\/#website\",\"url\":\"https:\/\/www.fiscalia.gov.co\/colombia\/\",\"name\":\"Fiscal\u00eda General de la Naci\u00f3n\",\"description\":\"P\u00e1gina oficial de la Fiscal\u00eda General de la Naci\u00f3n \u2013 Colombia. Garantizamos el acceso efectivo a la justicia, la verdad y la reparaci\u00f3n de las v\u00edctimas de los delitos.\",\"publisher\":{\"@id\":\"https:\/\/www.fiscalia.gov.co\/colombia\/#organization\"},\"potentialAction\":[{\"@type\":\"SearchAction\",\"target\":{\"@type\":\"EntryPoint\",\"urlTemplate\":\"https:\/\/www.fiscalia.gov.co\/colombia\/?s={search_term_string}\"},\"query-input\":{\"@type\":\"PropertyValueSpecification\",\"valueRequired\":true,\"valueName\":\"search_term_string\"}}],\"inLanguage\":\"es-CO\"},{\"@type\":\"Organization\",\"@id\":\"https:\/\/www.fiscalia.gov.co\/colombia\/#organization\",\"name\":\"Fiscal\u00eda General de la Naci\u00f3n\",\"url\":\"https:\/\/www.fiscalia.gov.co\/colombia\/\",\"logo\":{\"@type\":\"ImageObject\",\"inLanguage\":\"es-CO\",\"@id\":\"https:\/\/www.fiscalia.gov.co\/colombia\/#\/schema\/logo\/image\/\",\"url\":\"https:\/\/www.fiscalia.gov.co\/colombia\/wp-content\/uploads\/LogoHorizontal_1.jpg\",\"contentUrl\":\"https:\/\/www.fiscalia.gov.co\/colombia\/wp-content\/uploads\/LogoHorizontal_1.jpg\",\"width\":300,\"height\":90,\"caption\":\"Fiscal\u00eda General de la Naci\u00f3n\"},\"image\":{\"@id\":\"https:\/\/www.fiscalia.gov.co\/colombia\/#\/schema\/logo\/image\/\"},\"sameAs\":[\"https:\/\/www.facebook.com\/FiscaliaCol\",\"https:\/\/x.com\/FiscaliaCol\",\"https:\/\/www.instagram.com\/fiscaliacol\",\"https:\/\/www.linkedin.com\/company\/fiscalia-general-de-la-naci-n\/\",\"https:\/\/youtube.com\/@fiscaliageneraldelanacion-4668?si=6nN79nyQICPU5iTh\"]},{\"@type\":\"Person\",\"@id\":\"https:\/\/www.fiscalia.gov.co\/colombia\/#\/schema\/person\/176195b99ebab0a52aafa15197e1bf80\",\"name\":\"Winnie Geraldine Rodr\u00edguez Navarrete\",\"image\":{\"@type\":\"ImageObject\",\"inLanguage\":\"es-CO\",\"@id\":\"https:\/\/www.fiscalia.gov.co\/colombia\/#\/schema\/person\/image\/\",\"url\":\"https:\/\/secure.gravatar.com\/avatar\/c24cf8481dc84fa5e8c7b20bc95ab0c6?s=96&d=mm&r=g\",\"contentUrl\":\"https:\/\/secure.gravatar.com\/avatar\/c24cf8481dc84fa5e8c7b20bc95ab0c6?s=96&d=mm&r=g\",\"caption\":\"Winnie Geraldine Rodr\u00edguez Navarrete\"},\"url\":\"https:\/\/www.fiscalia.gov.co\/colombia\/author\/winnierodriguez\/\"}]}<\/script>\n<!-- \/ Yoast SEO plugin. -->","yoast_head_json":{"title":"Fiscal\u00eda General de la Naci\u00f3n","description":"P\u00e1gina oficial de la Fiscal\u00eda General de la Naci\u00f3n \u2013 Colombia. Garantizamos el acceso efectivo a la justicia, la verdad y la reparaci\u00f3n de las v\u00edctimas de los delitos.","robots":{"index":"noindex","follow":"follow"},"og_locale":"es_ES","og_type":"article","og_title":"Fiscal\u00eda General de la Naci\u00f3n","og_description":"P\u00e1gina oficial de la Fiscal\u00eda General de la Naci\u00f3n \u2013 Colombia. Garantizamos el acceso efectivo a la justicia, la verdad y la reparaci\u00f3n de las v\u00edctimas de los delitos.","og_url":"https:\/\/www.fiscalia.gov.co\/colombia\/noticias\/envian-a-la-carcel-a-un-hombre-que-al-parecer-asesino-a-una-persona-porque-se-habria-negado-a-vender-estupefacientes\/","og_site_name":"Fiscal\u00eda General de la Naci\u00f3n","article_publisher":"https:\/\/www.facebook.com\/FiscaliaCol","article_published_time":"2023-05-16T14:24:59+00:00","og_image":[{"url":"https:\/\/www.fiscalia.gov.co\/colombia\/wp-content\/uploads\/Victor-Miguel-Penaloza-Mercado-alias-el-Cacha-presunto-responsable-del-asesinato-de-una-persona-en-un-sector-de-la-invasion-Altos-de-Pimenta-de-Valledupar.Cesar_-300x225.jpg","type":"","width":"","height":""}],"author":"Winnie Geraldine Rodr\u00edguez Navarrete","twitter_card":"summary_large_image","twitter_creator":"@FiscaliaCol","twitter_site":"@FiscaliaCol","twitter_misc":{"Escrito por":"Winnie Geraldine Rodr\u00edguez Navarrete","Tiempo de lectura":"2 minutos"},"schema":{"@context":"https:\/\/schema.org","@graph":[{"@type":"Article","@id":"https:\/\/www.fiscalia.gov.co\/colombia\/noticias\/envian-a-la-carcel-a-un-hombre-que-al-parecer-asesino-a-una-persona-porque-se-habria-negado-a-vender-estupefacientes\/#article","isPartOf":{"@id":"https:\/\/www.fiscalia.gov.co\/colombia\/noticias\/envian-a-la-carcel-a-un-hombre-que-al-parecer-asesino-a-una-persona-porque-se-habria-negado-a-vender-estupefacientes\/"},"author":{"name":"Winnie Geraldine Rodr\u00edguez Navarrete","@id":"https:\/\/www.fiscalia.gov.co\/colombia\/#\/schema\/person\/176195b99ebab0a52aafa15197e1bf80"},"headline":"Env\u00edan a la c\u00e1rcel a un hombre que al parecer asesin\u00f3 a una persona porque se habr\u00eda negado a vender estupefacientes","datePublished":"2023-05-16T14:24:59+00:00","dateModified":"2023-05-16T14:24:59+00:00","mainEntityOfPage":{"@id":"https:\/\/www.fiscalia.gov.co\/colombia\/noticias\/envian-a-la-carcel-a-un-hombre-que-al-parecer-asesino-a-una-persona-porque-se-habria-negado-a-vender-estupefacientes\/"},"wordCount":413,"publisher":{"@id":"https:\/\/www.fiscalia.gov.co\/colombia\/#organization"},"image":{"@id":"https:\/\/www.fiscalia.gov.co\/colombia\/noticias\/envian-a-la-carcel-a-un-hombre-que-al-parecer-asesino-a-una-persona-porque-se-habria-negado-a-vender-estupefacientes\/#primaryimage"},"thumbnailUrl":"https:\/\/www.fiscalia.gov.co\/colombia\/wp-content\/uploads\/Victor-Miguel-Penaloza-Mercado-alias-el-Cacha-presunto-responsable-del-asesinato-de-una-persona-en-un-sector-de-la-invasion-Altos-de-Pimenta-de-Valledupar.Cesar_-300x225.jpg","keywords":["Fiscal Barbosa","Fiscal\u00eda General de la Naci\u00f3n","Valledupar (Cesar)"],"articleSection":["Noticias","Seccional Valledupar","Seccionales"],"inLanguage":"es-CO"},{"@type":"WebPage","@id":"https:\/\/www.fiscalia.gov.co\/colombia\/noticias\/envian-a-la-carcel-a-un-hombre-que-al-parecer-asesino-a-una-persona-porque-se-habria-negado-a-vender-estupefacientes\/","url":"https:\/\/www.fiscalia.gov.co\/colombia\/noticias\/envian-a-la-carcel-a-un-hombre-que-al-parecer-asesino-a-una-persona-porque-se-habria-negado-a-vender-estupefacientes\/","name":"Fiscal\u00eda General de la Naci\u00f3n","isPartOf":{"@id":"https:\/\/www.fiscalia.gov.co\/colombia\/#website"},"primaryImageOfPage":{"@id":"https:\/\/www.fiscalia.gov.co\/colombia\/noticias\/envian-a-la-carcel-a-un-hombre-que-al-parecer-asesino-a-una-persona-porque-se-habria-negado-a-vender-estupefacientes\/#primaryimage"},"image":{"@id":"https:\/\/www.fiscalia.gov.co\/colombia\/noticias\/envian-a-la-carcel-a-un-hombre-que-al-parecer-asesino-a-una-persona-porque-se-habria-negado-a-vender-estupefacientes\/#primaryimage"},"thumbnailUrl":"https:\/\/www.fiscalia.gov.co\/colombia\/wp-content\/uploads\/Victor-Miguel-Penaloza-Mercado-alias-el-Cacha-presunto-responsable-del-asesinato-de-una-persona-en-un-sector-de-la-invasion-Altos-de-Pimenta-de-Valledupar.Cesar_-300x225.jpg","datePublished":"2023-05-16T14:24:59+00:00","dateModified":"2023-05-16T14:24:59+00:00","description":"P\u00e1gina oficial de la Fiscal\u00eda General de la Naci\u00f3n \u2013 Colombia. Garantizamos el acceso efectivo a la justicia, la verdad y la reparaci\u00f3n de las v\u00edctimas de los delitos.","breadcrumb":{"@id":"https:\/\/www.fiscalia.gov.co\/colombia\/noticias\/envian-a-la-carcel-a-un-hombre-que-al-parecer-asesino-a-una-persona-porque-se-habria-negado-a-vender-estupefacientes\/#breadcrumb"},"inLanguage":"es-CO","potentialAction":[{"@type":"ReadAction","target":["https:\/\/www.fiscalia.gov.co\/colombia\/noticias\/envian-a-la-carcel-a-un-hombre-que-al-parecer-asesino-a-una-persona-porque-se-habria-negado-a-vender-estupefacientes\/"]}]},{"@type":"ImageObject","inLanguage":"es-CO","@id":"https:\/\/www.fiscalia.gov.co\/colombia\/noticias\/envian-a-la-carcel-a-un-hombre-que-al-parecer-asesino-a-una-persona-porque-se-habria-negado-a-vender-estupefacientes\/#primaryimage","url":"https:\/\/www.fiscalia.gov.co\/colombia\/wp-content\/uploads\/Victor-Miguel-Penaloza-Mercado-alias-el-Cacha-presunto-responsable-del-asesinato-de-una-persona-en-un-sector-de-la-invasion-Altos-de-Pimenta-de-Valledupar.Cesar_.jpg","contentUrl":"https:\/\/www.fiscalia.gov.co\/colombia\/wp-content\/uploads\/Victor-Miguel-Penaloza-Mercado-alias-el-Cacha-presunto-responsable-del-asesinato-de-una-persona-en-un-sector-de-la-invasion-Altos-de-Pimenta-de-Valledupar.Cesar_.jpg","width":1600,"height":1200,"caption":"V\u00edctor Miguel Pe\u00f1aloza Mercado, alias el Cacha, presunto responsable del asesinato de una persona en un sector de la invasi\u00f3n Altos de Pimenta de Valledupar (Cesar)."},{"@type":"BreadcrumbList","@id":"https:\/\/www.fiscalia.gov.co\/colombia\/noticias\/envian-a-la-carcel-a-un-hombre-que-al-parecer-asesino-a-una-persona-porque-se-habria-negado-a-vender-estupefacientes\/#breadcrumb","itemListElement":[{"@type":"ListItem","position":1,"name":"Home","item":"https:\/\/www.fiscalia.gov.co\/colombia\/"},{"@type":"ListItem","position":2,"name":"Env\u00edan a la c\u00e1rcel a un hombre que al parecer asesin\u00f3 a una persona porque se habr\u00eda negado a vender estupefacientes"}]},{"@type":"WebSite","@id":"https:\/\/www.fiscalia.gov.co\/colombia\/#website","url":"https:\/\/www.fiscalia.gov.co\/colombia\/","name":"Fiscal\u00eda General de la Naci\u00f3n","description":"P\u00e1gina oficial de la Fiscal\u00eda General de la Naci\u00f3n \u2013 Colombia. Garantizamos el acceso efectivo a la justicia, la verdad y la reparaci\u00f3n de las v\u00edctimas de los delitos.","publisher":{"@id":"https:\/\/www.fiscalia.gov.co\/colombia\/#organization"},"potentialAction":[{"@type":"SearchAction","target":{"@type":"EntryPoint","urlTemplate":"https:\/\/www.fiscalia.gov.co\/colombia\/?s={search_term_string}"},"query-input":{"@type":"PropertyValueSpecification","valueRequired":true,"valueName":"search_term_string"}}],"inLanguage":"es-CO"},{"@type":"Organization","@id":"https:\/\/www.fiscalia.gov.co\/colombia\/#organization","name":"Fiscal\u00eda General de la Naci\u00f3n","url":"https:\/\/www.fiscalia.gov.co\/colombia\/","logo":{"@type":"ImageObject","inLanguage":"es-CO","@id":"https:\/\/www.fiscalia.gov.co\/colombia\/#\/schema\/logo\/image\/","url":"https:\/\/www.fiscalia.gov.co\/colombia\/wp-content\/uploads\/LogoHorizontal_1.jpg","contentUrl":"https:\/\/www.fiscalia.gov.co\/colombia\/wp-content\/uploads\/LogoHorizontal_1.jpg","width":300,"height":90,"caption":"Fiscal\u00eda General de la Naci\u00f3n"},"image":{"@id":"https:\/\/www.fiscalia.gov.co\/colombia\/#\/schema\/logo\/image\/"},"sameAs":["https:\/\/www.facebook.com\/FiscaliaCol","https:\/\/x.com\/FiscaliaCol","https:\/\/www.instagram.com\/fiscaliacol","https:\/\/www.linkedin.com\/company\/fiscalia-general-de-la-naci-n\/","https:\/\/youtube.com\/@fiscaliageneraldelanacion-4668?si=6nN79nyQICPU5iTh"]},{"@type":"Person","@id":"https:\/\/www.fiscalia.gov.co\/colombia\/#\/schema\/person\/176195b99ebab0a52aafa15197e1bf80","name":"Winnie Geraldine Rodr\u00edguez Navarrete","image":{"@type":"ImageObject","inLanguage":"es-CO","@id":"https:\/\/www.fiscalia.gov.co\/colombia\/#\/schema\/person\/image\/","url":"https:\/\/secure.gravatar.com\/avatar\/c24cf8481dc84fa5e8c7b20bc95ab0c6?s=96&d=mm&r=g","contentUrl":"https:\/\/secure.gravatar.com\/avatar\/c24cf8481dc84fa5e8c7b20bc95ab0c6?s=96&d=mm&r=g","caption":"Winnie Geraldine Rodr\u00edguez Navarrete"},"url":"https:\/\/www.fiscalia.gov.co\/colombia\/author\/winnierodriguez\/"}]}},"_links":{"self":[{"href":"https:\/\/www.fiscalia.gov.co\/colombia\/wp-json\/wp\/v2\/posts\/271575","targetHints":{"allow":["GET"]}}],"collection":[{"href":"https:\/\/www.fiscalia.gov.co\/colombia\/wp-json\/wp\/v2\/posts"}],"about":[{"href":"https:\/\/www.fiscalia.gov.co\/colombia\/wp-json\/wp\/v2\/types\/post"}],"author":[{"embeddable":true,"href":"https:\/\/www.fiscalia.gov.co\/colombia\/wp-json\/wp\/v2\/users\/178"}],"replies":[{"embeddable":true,"href":"https:\/\/www.fiscalia.gov.co\/colombia\/wp-json\/wp\/v2\/comments?post=271575"}],"version-history":[{"count":1,"href":"https:\/\/www.fiscalia.gov.co\/colombia\/wp-json\/wp\/v2\/posts\/271575\/revisions"}],"predecessor-version":[{"id":271577,"href":"https:\/\/www.fiscalia.gov.co\/colombia\/wp-json\/wp\/v2\/posts\/271575\/revisions\/271577"}],"wp:attachment":[{"href":"https:\/\/www.fiscalia.gov.co\/colombia\/wp-json\/wp\/v2\/media?parent=271575"}],"wp:term":[{"taxonomy":"category","embeddable":true,"href":"https:\/\/www.fiscalia.gov.co\/colombia\/wp-json\/wp\/v2\/categories?post=271575"},{"taxonomy":"post_tag","embeddable":true,"href":"https:\/\/www.fiscalia.gov.co\/colombia\/wp-json\/wp\/v2\/tags?post=271575"}],"curies":[{"name":"wp","href":"https:\/\/api.w.org\/{rel}","templated":true}]}}