{"id":271535,"date":"2023-05-15T17:06:55","date_gmt":"2023-05-15T22:06:55","guid":{"rendered":"https:\/\/www.fiscalia.gov.co\/colombia\/?p=271535"},"modified":"2023-05-15T17:06:55","modified_gmt":"2023-05-15T22:06:55","slug":"judicializado-presunto-responsable-de-tentativa-de-extorsion-y-amenazas-de-muerte-a-mujeres-trans-en-cali","status":"publish","type":"post","link":"https:\/\/www.fiscalia.gov.co\/colombia\/noticias\/judicializado-presunto-responsable-de-tentativa-de-extorsion-y-amenazas-de-muerte-a-mujeres-trans-en-cali\/","title":{"rendered":"Judicializado presunto responsable de tentativa de extorsi\u00f3n y amenazas de muerte a mujeres trans en Cali"},"content":{"rendered":"<p>Ante un juez de control de garant\u00edas, la Fiscal\u00eda General de la Naci\u00f3n judicializ\u00f3 a Deybi Ernesto Valencia Caicedo, alias El Negro o Bloqueo, como presunto responsable de intentar extorsionar y amenazar a mujeres trans, en Cali (Valle del Cauca).<\/p>\n<p>De acuerdo con las evidencias recaudadas, los hechos se registraron el pasado 12 de abril, en el\u00a0barrio San Nicol\u00e1s, donde\u00a0varios hombres llegaron con armas de fuego y cortopunzantes para exigirles dinero, a cambio de dejarlas permanecer en el sector, donde se desempe\u00f1aban como trabajadoras sexuales.<\/p>\n<figure id=\"attachment_271536\" aria-describedby=\"caption-attachment-271536\" style=\"width: 396px\" class=\"wp-caption aligncenter\"><img loading=\"lazy\" decoding=\"async\" class=\" wp-image-271536\" src=\"https:\/\/www.fiscalia.gov.co\/colombia\/wp-content\/uploads\/Deiby-Ernesto-Valencia-Caicedo.-Extorsion-tentada-y-otro-a-mujeres-trans.-Cali-Valle-300x168.jpg\" alt=\"En la foto aparece de pie y con los brazos atr\u00e1s, Deybi Ernesto Valencia Caicedo, alias \u2018El Negro\u2019 o \u2018\u2019Bloqueo\u2019. Esta persona es de tez negra y viste amista roja de manga corta, pantal\u00f3n  y zapatos negros.  Al lado derecho de \u00e9l hay un uniformado del ej\u00e9rcito y al lado izquierdo un servidor del CTI de la Fiscal\u00eda.\" width=\"396\" height=\"222\" srcset=\"https:\/\/www.fiscalia.gov.co\/colombia\/wp-content\/uploads\/Deiby-Ernesto-Valencia-Caicedo.-Extorsion-tentada-y-otro-a-mujeres-trans.-Cali-Valle-300x168.jpg 300w, https:\/\/www.fiscalia.gov.co\/colombia\/wp-content\/uploads\/Deiby-Ernesto-Valencia-Caicedo.-Extorsion-tentada-y-otro-a-mujeres-trans.-Cali-Valle-1024x574.jpg 1024w, https:\/\/www.fiscalia.gov.co\/colombia\/wp-content\/uploads\/Deiby-Ernesto-Valencia-Caicedo.-Extorsion-tentada-y-otro-a-mujeres-trans.-Cali-Valle-768x431.jpg 768w, https:\/\/www.fiscalia.gov.co\/colombia\/wp-content\/uploads\/Deiby-Ernesto-Valencia-Caicedo.-Extorsion-tentada-y-otro-a-mujeres-trans.-Cali-Valle-696x390.jpg 696w, https:\/\/www.fiscalia.gov.co\/colombia\/wp-content\/uploads\/Deiby-Ernesto-Valencia-Caicedo.-Extorsion-tentada-y-otro-a-mujeres-trans.-Cali-Valle-1068x599.jpg 1068w, https:\/\/www.fiscalia.gov.co\/colombia\/wp-content\/uploads\/Deiby-Ernesto-Valencia-Caicedo.-Extorsion-tentada-y-otro-a-mujeres-trans.-Cali-Valle-749x420.jpg 749w, https:\/\/www.fiscalia.gov.co\/colombia\/wp-content\/uploads\/Deiby-Ernesto-Valencia-Caicedo.-Extorsion-tentada-y-otro-a-mujeres-trans.-Cali-Valle.jpg 1302w\" sizes=\"auto, (max-width: 396px) 100vw, 396px\" \/><figcaption id=\"caption-attachment-271536\" class=\"wp-caption-text\">Deybi Ernesto Valencia Caicedo, alias El Negro o Bloqueo, fue judicializado como presunto implicado en extorsiones y amenazas mujeres trans, en Cali.<\/figcaption><\/figure>\n<p>Asimismo, se pudo establecer que el hoy imputado habr\u00eda intentado\u00a0instrumentalizar a las v\u00edctimas para la comercializaci\u00f3n de sustancias estupefacientes. Incluso, en una ocasi\u00f3n, habr\u00edan lesionado a una de ellas con arma traum\u00e1tica.<\/p>\n<p>Labores de polic\u00eda judicial adelantadas por investigadores del Cuerpo T\u00e9cnico de Investigaci\u00f3n (CTI), adscritos al Gaula Militar, permitieron a la Fiscal\u00eda establecer la plena identidad del hoy imputado y solicitar orden de captura en su contra, la cual fue materializada el pasado 11 de mayo por el CTI, con apoyo de uniformados del Ej\u00e9rcito y de la Polic\u00eda Nacional.<\/p>\n<p>La Fiscal\u00eda le imput\u00f3 cargos a alias El Negro por los delitos de\u00a0<a href=\"https:\/\/www.fiscalia.gov.co\/colombia\/noticias\/carcel-para-4-hombres-senalados-del-delito-de-tentativa-de-extorsion-en-bello-antioquia\/\" target=\"_blank\" rel=\"noopener\" data-saferedirecturl=\"https:\/\/www.google.com\/url?q=https:\/\/www.fiscalia.gov.co\/colombia\/noticias\/carcel-para-4-hombres-senalados-del-delito-de-tentativa-de-extorsion-en-bello-antioquia\/&amp;source=gmail&amp;ust=1684274549237000&amp;usg=AOvVaw1B74wkAvFeKX2yrjtIzmL-\">extorsi\u00f3n agravada tentada<\/a>\u00a0y\u00a0e intimidaci\u00f3n o amenaza con arma de fuego, por lo que el juez dict\u00f3 medida de aseguramiento en centro carcelario.<\/p>\n<p>Esta informaci\u00f3n se publica por razones de inter\u00e9s general.<\/p>\n<p><b>La Fiscal\u00eda habla con resultados.<\/b><\/p>\n<p>&nbsp;<\/p>\n<p>&nbsp;<\/p>\n<p>MAP\/MG\/SEGM\/DSC\/<\/p>\n<p><b>\u00a0<\/b><\/p>\n<p>&nbsp;<\/p>\n<p>&nbsp;<\/p>\n<p><em>La informaci\u00f3n contenida en este bolet\u00edn de prensa corresponde a la narraci\u00f3n de los hechos noticiosos objetivos, y las investigaciones penales al interior de la Fiscal\u00eda General de la Naci\u00f3n. Para el momento de la divulgaci\u00f3n de este comunicado, la situaci\u00f3n jur\u00eddica de la(s) persona(s) relacionada(s) se encuentra pendiente de resolver por la autoridad judicial competente, siempre bajo los preceptos de la presunci\u00f3n de inocencia, consagrados en el art\u00edculo 29 de la Constituci\u00f3n Pol\u00edtica y el art\u00edculo 7\u00ba de la Ley 906 de\u00a0<a href=\"http:\/\/2004.om\/\" data-saferedirecturl=\"https:\/\/www.google.com\/url?q=http:\/\/2004.om&amp;source=gmail&amp;ust=1684273931517000&amp;usg=AOvVaw3AzBrvFI6ehOWFIhP9kKTZ\">2004<\/a>.\u00a0<\/em><\/p>\n\n<div class=\"twitter-share\"><a href=\"https:\/\/twitter.com\/intent\/tweet?via=fiscaliacol\" class=\"twitter-share-button\">Tweet<\/a><\/div>\n","protected":false},"excerpt":{"rendered":"<p>Ante un juez de control de garant\u00edas, la Fiscal\u00eda General de la Naci\u00f3n judicializ\u00f3 a Deybi Ernesto Valencia Caicedo, alias El Negro o Bloqueo, como presunto responsable de intentar extorsionar y amenazar a mujeres trans, en Cali (Valle del Cauca). De acuerdo con las evidencias recaudadas, los hechos se registraron el pasado 12 de abril, [&hellip;]<\/p>\n","protected":false},"author":178,"featured_media":0,"comment_status":"closed","ping_status":"open","sticky":false,"template":"","format":"standard","meta":{"tdm_status":"","tdm_grid_status":"","footnotes":""},"categories":[1,324,303,24099],"tags":[30077,12424,24551,34659,78,24187,1185,34660,24549,26070],"class_list":{"0":"post-271535","1":"post","2":"type-post","3":"status-publish","4":"format-standard","6":"category-noticias","7":"category-seccional-cali","8":"category-seccionales","9":"category-seguridad-territorial","10":"tag-cali-valle-del-cauca","11":"tag-capturado","12":"tag-centro-carcelario","13":"tag-extorsion-agravada-y-e-intimidacion-o-amenaza-con-arma-de-fuego","14":"tag-fiscal-general-de-la-nacion","15":"tag-fiscalia-colombia","16":"tag-medida-de-aseguramiento","17":"tag-mujeres-trans","18":"tag-orden-judicial","19":"tag-seccional-cali"},"yoast_head":"<!-- This site is optimized with the Yoast SEO plugin v24.3 - https:\/\/yoast.com\/wordpress\/plugins\/seo\/ -->\n<title>Fiscal\u00eda General de la Naci\u00f3n<\/title>\n<meta name=\"description\" content=\"P\u00e1gina oficial de la Fiscal\u00eda General de la Naci\u00f3n \u2013 Colombia. Garantizamos el acceso efectivo a la justicia, la verdad y la reparaci\u00f3n de las v\u00edctimas de los delitos.\" \/>\n<meta name=\"robots\" content=\"noindex, follow\" \/>\n<meta property=\"og:locale\" content=\"es_ES\" \/>\n<meta property=\"og:type\" content=\"article\" \/>\n<meta property=\"og:title\" content=\"Fiscal\u00eda General de la Naci\u00f3n\" \/>\n<meta property=\"og:description\" content=\"P\u00e1gina oficial de la Fiscal\u00eda General de la Naci\u00f3n \u2013 Colombia. Garantizamos el acceso efectivo a la justicia, la verdad y la reparaci\u00f3n de las v\u00edctimas de los delitos.\" \/>\n<meta property=\"og:url\" content=\"https:\/\/www.fiscalia.gov.co\/colombia\/noticias\/judicializado-presunto-responsable-de-tentativa-de-extorsion-y-amenazas-de-muerte-a-mujeres-trans-en-cali\/\" \/>\n<meta property=\"og:site_name\" content=\"Fiscal\u00eda General de la Naci\u00f3n\" \/>\n<meta property=\"article:publisher\" content=\"https:\/\/www.facebook.com\/FiscaliaCol\" \/>\n<meta property=\"article:published_time\" content=\"2023-05-15T22:06:55+00:00\" \/>\n<meta property=\"og:image\" content=\"https:\/\/www.fiscalia.gov.co\/colombia\/wp-content\/uploads\/Deiby-Ernesto-Valencia-Caicedo.-Extorsion-tentada-y-otro-a-mujeres-trans.-Cali-Valle-300x168.jpg\" \/>\n<meta name=\"author\" content=\"Winnie Geraldine Rodr\u00edguez Navarrete\" \/>\n<meta name=\"twitter:card\" content=\"summary_large_image\" \/>\n<meta name=\"twitter:creator\" content=\"@FiscaliaCol\" \/>\n<meta name=\"twitter:site\" content=\"@FiscaliaCol\" \/>\n<meta name=\"twitter:label1\" content=\"Escrito por\" \/>\n\t<meta name=\"twitter:data1\" content=\"Winnie Geraldine Rodr\u00edguez Navarrete\" \/>\n\t<meta name=\"twitter:label2\" content=\"Tiempo de lectura\" \/>\n\t<meta name=\"twitter:data2\" content=\"2 minutos\" \/>\n<script type=\"application\/ld+json\" class=\"yoast-schema-graph\">{\"@context\":\"https:\/\/schema.org\",\"@graph\":[{\"@type\":\"Article\",\"@id\":\"https:\/\/www.fiscalia.gov.co\/colombia\/noticias\/judicializado-presunto-responsable-de-tentativa-de-extorsion-y-amenazas-de-muerte-a-mujeres-trans-en-cali\/#article\",\"isPartOf\":{\"@id\":\"https:\/\/www.fiscalia.gov.co\/colombia\/noticias\/judicializado-presunto-responsable-de-tentativa-de-extorsion-y-amenazas-de-muerte-a-mujeres-trans-en-cali\/\"},\"author\":{\"name\":\"Winnie Geraldine Rodr\u00edguez Navarrete\",\"@id\":\"https:\/\/www.fiscalia.gov.co\/colombia\/#\/schema\/person\/176195b99ebab0a52aafa15197e1bf80\"},\"headline\":\"Judicializado presunto responsable de tentativa de extorsi\u00f3n y amenazas de muerte a mujeres trans en Cali\",\"datePublished\":\"2023-05-15T22:06:55+00:00\",\"dateModified\":\"2023-05-15T22:06:55+00:00\",\"mainEntityOfPage\":{\"@id\":\"https:\/\/www.fiscalia.gov.co\/colombia\/noticias\/judicializado-presunto-responsable-de-tentativa-de-extorsion-y-amenazas-de-muerte-a-mujeres-trans-en-cali\/\"},\"wordCount\":401,\"publisher\":{\"@id\":\"https:\/\/www.fiscalia.gov.co\/colombia\/#organization\"},\"image\":{\"@id\":\"https:\/\/www.fiscalia.gov.co\/colombia\/noticias\/judicializado-presunto-responsable-de-tentativa-de-extorsion-y-amenazas-de-muerte-a-mujeres-trans-en-cali\/#primaryimage\"},\"thumbnailUrl\":\"https:\/\/www.fiscalia.gov.co\/colombia\/wp-content\/uploads\/Deiby-Ernesto-Valencia-Caicedo.-Extorsion-tentada-y-otro-a-mujeres-trans.-Cali-Valle-300x168.jpg\",\"keywords\":[\"Cali (Valle del Cauca)\",\"Capturado\",\"centro carcelario\",\"extorsi\u00f3n agravada y\u00a0e intimidaci\u00f3n o amenaza con arma de fuego\",\"Fiscal General de la Naci\u00f3n\",\"Fiscal\u00eda Colombia\",\"Medida de aseguramiento\",\"mujeres trans\",\"orden judicial\",\"Seccional Cali\"],\"articleSection\":[\"Noticias\",\"Seccional Cali\",\"Seccionales\",\"Seguridad territorial\"],\"inLanguage\":\"es-CO\"},{\"@type\":\"WebPage\",\"@id\":\"https:\/\/www.fiscalia.gov.co\/colombia\/noticias\/judicializado-presunto-responsable-de-tentativa-de-extorsion-y-amenazas-de-muerte-a-mujeres-trans-en-cali\/\",\"url\":\"https:\/\/www.fiscalia.gov.co\/colombia\/noticias\/judicializado-presunto-responsable-de-tentativa-de-extorsion-y-amenazas-de-muerte-a-mujeres-trans-en-cali\/\",\"name\":\"Fiscal\u00eda General de la Naci\u00f3n\",\"isPartOf\":{\"@id\":\"https:\/\/www.fiscalia.gov.co\/colombia\/#website\"},\"primaryImageOfPage\":{\"@id\":\"https:\/\/www.fiscalia.gov.co\/colombia\/noticias\/judicializado-presunto-responsable-de-tentativa-de-extorsion-y-amenazas-de-muerte-a-mujeres-trans-en-cali\/#primaryimage\"},\"image\":{\"@id\":\"https:\/\/www.fiscalia.gov.co\/colombia\/noticias\/judicializado-presunto-responsable-de-tentativa-de-extorsion-y-amenazas-de-muerte-a-mujeres-trans-en-cali\/#primaryimage\"},\"thumbnailUrl\":\"https:\/\/www.fiscalia.gov.co\/colombia\/wp-content\/uploads\/Deiby-Ernesto-Valencia-Caicedo.-Extorsion-tentada-y-otro-a-mujeres-trans.-Cali-Valle-300x168.jpg\",\"datePublished\":\"2023-05-15T22:06:55+00:00\",\"dateModified\":\"2023-05-15T22:06:55+00:00\",\"description\":\"P\u00e1gina oficial de la Fiscal\u00eda General de la Naci\u00f3n \u2013 Colombia. Garantizamos el acceso efectivo a la justicia, la verdad y la reparaci\u00f3n de las v\u00edctimas de los delitos.\",\"breadcrumb\":{\"@id\":\"https:\/\/www.fiscalia.gov.co\/colombia\/noticias\/judicializado-presunto-responsable-de-tentativa-de-extorsion-y-amenazas-de-muerte-a-mujeres-trans-en-cali\/#breadcrumb\"},\"inLanguage\":\"es-CO\",\"potentialAction\":[{\"@type\":\"ReadAction\",\"target\":[\"https:\/\/www.fiscalia.gov.co\/colombia\/noticias\/judicializado-presunto-responsable-de-tentativa-de-extorsion-y-amenazas-de-muerte-a-mujeres-trans-en-cali\/\"]}]},{\"@type\":\"ImageObject\",\"inLanguage\":\"es-CO\",\"@id\":\"https:\/\/www.fiscalia.gov.co\/colombia\/noticias\/judicializado-presunto-responsable-de-tentativa-de-extorsion-y-amenazas-de-muerte-a-mujeres-trans-en-cali\/#primaryimage\",\"url\":\"https:\/\/www.fiscalia.gov.co\/colombia\/wp-content\/uploads\/Deiby-Ernesto-Valencia-Caicedo.-Extorsion-tentada-y-otro-a-mujeres-trans.-Cali-Valle.jpg\",\"contentUrl\":\"https:\/\/www.fiscalia.gov.co\/colombia\/wp-content\/uploads\/Deiby-Ernesto-Valencia-Caicedo.-Extorsion-tentada-y-otro-a-mujeres-trans.-Cali-Valle.jpg\",\"width\":1302,\"height\":730,\"caption\":\"Deybi Ernesto Valencia Caicedo, alias El Negro o Bloqueo, fue judicializado como presunto implicado en extorsiones y amenazas mujeres trans, en Cali.\"},{\"@type\":\"BreadcrumbList\",\"@id\":\"https:\/\/www.fiscalia.gov.co\/colombia\/noticias\/judicializado-presunto-responsable-de-tentativa-de-extorsion-y-amenazas-de-muerte-a-mujeres-trans-en-cali\/#breadcrumb\",\"itemListElement\":[{\"@type\":\"ListItem\",\"position\":1,\"name\":\"Home\",\"item\":\"https:\/\/www.fiscalia.gov.co\/colombia\/\"},{\"@type\":\"ListItem\",\"position\":2,\"name\":\"Judicializado presunto responsable de tentativa de extorsi\u00f3n y amenazas de muerte a mujeres trans en Cali\"}]},{\"@type\":\"WebSite\",\"@id\":\"https:\/\/www.fiscalia.gov.co\/colombia\/#website\",\"url\":\"https:\/\/www.fiscalia.gov.co\/colombia\/\",\"name\":\"Fiscal\u00eda General de la Naci\u00f3n\",\"description\":\"P\u00e1gina oficial de la Fiscal\u00eda General de la Naci\u00f3n \u2013 Colombia. Garantizamos el acceso efectivo a la justicia, la verdad y la reparaci\u00f3n de las v\u00edctimas de los delitos.\",\"publisher\":{\"@id\":\"https:\/\/www.fiscalia.gov.co\/colombia\/#organization\"},\"potentialAction\":[{\"@type\":\"SearchAction\",\"target\":{\"@type\":\"EntryPoint\",\"urlTemplate\":\"https:\/\/www.fiscalia.gov.co\/colombia\/?s={search_term_string}\"},\"query-input\":{\"@type\":\"PropertyValueSpecification\",\"valueRequired\":true,\"valueName\":\"search_term_string\"}}],\"inLanguage\":\"es-CO\"},{\"@type\":\"Organization\",\"@id\":\"https:\/\/www.fiscalia.gov.co\/colombia\/#organization\",\"name\":\"Fiscal\u00eda General de la Naci\u00f3n\",\"url\":\"https:\/\/www.fiscalia.gov.co\/colombia\/\",\"logo\":{\"@type\":\"ImageObject\",\"inLanguage\":\"es-CO\",\"@id\":\"https:\/\/www.fiscalia.gov.co\/colombia\/#\/schema\/logo\/image\/\",\"url\":\"https:\/\/www.fiscalia.gov.co\/colombia\/wp-content\/uploads\/LogoHorizontal_1.jpg\",\"contentUrl\":\"https:\/\/www.fiscalia.gov.co\/colombia\/wp-content\/uploads\/LogoHorizontal_1.jpg\",\"width\":300,\"height\":90,\"caption\":\"Fiscal\u00eda General de la Naci\u00f3n\"},\"image\":{\"@id\":\"https:\/\/www.fiscalia.gov.co\/colombia\/#\/schema\/logo\/image\/\"},\"sameAs\":[\"https:\/\/www.facebook.com\/FiscaliaCol\",\"https:\/\/x.com\/FiscaliaCol\",\"https:\/\/www.instagram.com\/fiscaliacol\",\"https:\/\/www.linkedin.com\/company\/fiscalia-general-de-la-naci-n\/\",\"https:\/\/youtube.com\/@fiscaliageneraldelanacion-4668?si=6nN79nyQICPU5iTh\"]},{\"@type\":\"Person\",\"@id\":\"https:\/\/www.fiscalia.gov.co\/colombia\/#\/schema\/person\/176195b99ebab0a52aafa15197e1bf80\",\"name\":\"Winnie Geraldine Rodr\u00edguez Navarrete\",\"image\":{\"@type\":\"ImageObject\",\"inLanguage\":\"es-CO\",\"@id\":\"https:\/\/www.fiscalia.gov.co\/colombia\/#\/schema\/person\/image\/\",\"url\":\"https:\/\/secure.gravatar.com\/avatar\/c24cf8481dc84fa5e8c7b20bc95ab0c6?s=96&d=mm&r=g\",\"contentUrl\":\"https:\/\/secure.gravatar.com\/avatar\/c24cf8481dc84fa5e8c7b20bc95ab0c6?s=96&d=mm&r=g\",\"caption\":\"Winnie Geraldine Rodr\u00edguez Navarrete\"},\"url\":\"https:\/\/www.fiscalia.gov.co\/colombia\/author\/winnierodriguez\/\"}]}<\/script>\n<!-- \/ Yoast SEO plugin. -->","yoast_head_json":{"title":"Fiscal\u00eda General de la Naci\u00f3n","description":"P\u00e1gina oficial de la Fiscal\u00eda General de la Naci\u00f3n \u2013 Colombia. Garantizamos el acceso efectivo a la justicia, la verdad y la reparaci\u00f3n de las v\u00edctimas de los delitos.","robots":{"index":"noindex","follow":"follow"},"og_locale":"es_ES","og_type":"article","og_title":"Fiscal\u00eda General de la Naci\u00f3n","og_description":"P\u00e1gina oficial de la Fiscal\u00eda General de la Naci\u00f3n \u2013 Colombia. Garantizamos el acceso efectivo a la justicia, la verdad y la reparaci\u00f3n de las v\u00edctimas de los delitos.","og_url":"https:\/\/www.fiscalia.gov.co\/colombia\/noticias\/judicializado-presunto-responsable-de-tentativa-de-extorsion-y-amenazas-de-muerte-a-mujeres-trans-en-cali\/","og_site_name":"Fiscal\u00eda General de la Naci\u00f3n","article_publisher":"https:\/\/www.facebook.com\/FiscaliaCol","article_published_time":"2023-05-15T22:06:55+00:00","og_image":[{"url":"https:\/\/www.fiscalia.gov.co\/colombia\/wp-content\/uploads\/Deiby-Ernesto-Valencia-Caicedo.-Extorsion-tentada-y-otro-a-mujeres-trans.-Cali-Valle-300x168.jpg","type":"","width":"","height":""}],"author":"Winnie Geraldine Rodr\u00edguez Navarrete","twitter_card":"summary_large_image","twitter_creator":"@FiscaliaCol","twitter_site":"@FiscaliaCol","twitter_misc":{"Escrito por":"Winnie Geraldine Rodr\u00edguez Navarrete","Tiempo de lectura":"2 minutos"},"schema":{"@context":"https:\/\/schema.org","@graph":[{"@type":"Article","@id":"https:\/\/www.fiscalia.gov.co\/colombia\/noticias\/judicializado-presunto-responsable-de-tentativa-de-extorsion-y-amenazas-de-muerte-a-mujeres-trans-en-cali\/#article","isPartOf":{"@id":"https:\/\/www.fiscalia.gov.co\/colombia\/noticias\/judicializado-presunto-responsable-de-tentativa-de-extorsion-y-amenazas-de-muerte-a-mujeres-trans-en-cali\/"},"author":{"name":"Winnie Geraldine Rodr\u00edguez Navarrete","@id":"https:\/\/www.fiscalia.gov.co\/colombia\/#\/schema\/person\/176195b99ebab0a52aafa15197e1bf80"},"headline":"Judicializado presunto responsable de tentativa de extorsi\u00f3n y amenazas de muerte a mujeres trans en Cali","datePublished":"2023-05-15T22:06:55+00:00","dateModified":"2023-05-15T22:06:55+00:00","mainEntityOfPage":{"@id":"https:\/\/www.fiscalia.gov.co\/colombia\/noticias\/judicializado-presunto-responsable-de-tentativa-de-extorsion-y-amenazas-de-muerte-a-mujeres-trans-en-cali\/"},"wordCount":401,"publisher":{"@id":"https:\/\/www.fiscalia.gov.co\/colombia\/#organization"},"image":{"@id":"https:\/\/www.fiscalia.gov.co\/colombia\/noticias\/judicializado-presunto-responsable-de-tentativa-de-extorsion-y-amenazas-de-muerte-a-mujeres-trans-en-cali\/#primaryimage"},"thumbnailUrl":"https:\/\/www.fiscalia.gov.co\/colombia\/wp-content\/uploads\/Deiby-Ernesto-Valencia-Caicedo.-Extorsion-tentada-y-otro-a-mujeres-trans.-Cali-Valle-300x168.jpg","keywords":["Cali (Valle del Cauca)","Capturado","centro carcelario","extorsi\u00f3n agravada y\u00a0e intimidaci\u00f3n o amenaza con arma de fuego","Fiscal General de la Naci\u00f3n","Fiscal\u00eda Colombia","Medida de aseguramiento","mujeres trans","orden judicial","Seccional Cali"],"articleSection":["Noticias","Seccional Cali","Seccionales","Seguridad territorial"],"inLanguage":"es-CO"},{"@type":"WebPage","@id":"https:\/\/www.fiscalia.gov.co\/colombia\/noticias\/judicializado-presunto-responsable-de-tentativa-de-extorsion-y-amenazas-de-muerte-a-mujeres-trans-en-cali\/","url":"https:\/\/www.fiscalia.gov.co\/colombia\/noticias\/judicializado-presunto-responsable-de-tentativa-de-extorsion-y-amenazas-de-muerte-a-mujeres-trans-en-cali\/","name":"Fiscal\u00eda General de la Naci\u00f3n","isPartOf":{"@id":"https:\/\/www.fiscalia.gov.co\/colombia\/#website"},"primaryImageOfPage":{"@id":"https:\/\/www.fiscalia.gov.co\/colombia\/noticias\/judicializado-presunto-responsable-de-tentativa-de-extorsion-y-amenazas-de-muerte-a-mujeres-trans-en-cali\/#primaryimage"},"image":{"@id":"https:\/\/www.fiscalia.gov.co\/colombia\/noticias\/judicializado-presunto-responsable-de-tentativa-de-extorsion-y-amenazas-de-muerte-a-mujeres-trans-en-cali\/#primaryimage"},"thumbnailUrl":"https:\/\/www.fiscalia.gov.co\/colombia\/wp-content\/uploads\/Deiby-Ernesto-Valencia-Caicedo.-Extorsion-tentada-y-otro-a-mujeres-trans.-Cali-Valle-300x168.jpg","datePublished":"2023-05-15T22:06:55+00:00","dateModified":"2023-05-15T22:06:55+00:00","description":"P\u00e1gina oficial de la Fiscal\u00eda General de la Naci\u00f3n \u2013 Colombia. Garantizamos el acceso efectivo a la justicia, la verdad y la reparaci\u00f3n de las v\u00edctimas de los delitos.","breadcrumb":{"@id":"https:\/\/www.fiscalia.gov.co\/colombia\/noticias\/judicializado-presunto-responsable-de-tentativa-de-extorsion-y-amenazas-de-muerte-a-mujeres-trans-en-cali\/#breadcrumb"},"inLanguage":"es-CO","potentialAction":[{"@type":"ReadAction","target":["https:\/\/www.fiscalia.gov.co\/colombia\/noticias\/judicializado-presunto-responsable-de-tentativa-de-extorsion-y-amenazas-de-muerte-a-mujeres-trans-en-cali\/"]}]},{"@type":"ImageObject","inLanguage":"es-CO","@id":"https:\/\/www.fiscalia.gov.co\/colombia\/noticias\/judicializado-presunto-responsable-de-tentativa-de-extorsion-y-amenazas-de-muerte-a-mujeres-trans-en-cali\/#primaryimage","url":"https:\/\/www.fiscalia.gov.co\/colombia\/wp-content\/uploads\/Deiby-Ernesto-Valencia-Caicedo.-Extorsion-tentada-y-otro-a-mujeres-trans.-Cali-Valle.jpg","contentUrl":"https:\/\/www.fiscalia.gov.co\/colombia\/wp-content\/uploads\/Deiby-Ernesto-Valencia-Caicedo.-Extorsion-tentada-y-otro-a-mujeres-trans.-Cali-Valle.jpg","width":1302,"height":730,"caption":"Deybi Ernesto Valencia Caicedo, alias El Negro o Bloqueo, fue judicializado como presunto implicado en extorsiones y amenazas mujeres trans, en Cali."},{"@type":"BreadcrumbList","@id":"https:\/\/www.fiscalia.gov.co\/colombia\/noticias\/judicializado-presunto-responsable-de-tentativa-de-extorsion-y-amenazas-de-muerte-a-mujeres-trans-en-cali\/#breadcrumb","itemListElement":[{"@type":"ListItem","position":1,"name":"Home","item":"https:\/\/www.fiscalia.gov.co\/colombia\/"},{"@type":"ListItem","position":2,"name":"Judicializado presunto responsable de tentativa de extorsi\u00f3n y amenazas de muerte a mujeres trans en Cali"}]},{"@type":"WebSite","@id":"https:\/\/www.fiscalia.gov.co\/colombia\/#website","url":"https:\/\/www.fiscalia.gov.co\/colombia\/","name":"Fiscal\u00eda General de la Naci\u00f3n","description":"P\u00e1gina oficial de la Fiscal\u00eda General de la Naci\u00f3n \u2013 Colombia. Garantizamos el acceso efectivo a la justicia, la verdad y la reparaci\u00f3n de las v\u00edctimas de los delitos.","publisher":{"@id":"https:\/\/www.fiscalia.gov.co\/colombia\/#organization"},"potentialAction":[{"@type":"SearchAction","target":{"@type":"EntryPoint","urlTemplate":"https:\/\/www.fiscalia.gov.co\/colombia\/?s={search_term_string}"},"query-input":{"@type":"PropertyValueSpecification","valueRequired":true,"valueName":"search_term_string"}}],"inLanguage":"es-CO"},{"@type":"Organization","@id":"https:\/\/www.fiscalia.gov.co\/colombia\/#organization","name":"Fiscal\u00eda General de la Naci\u00f3n","url":"https:\/\/www.fiscalia.gov.co\/colombia\/","logo":{"@type":"ImageObject","inLanguage":"es-CO","@id":"https:\/\/www.fiscalia.gov.co\/colombia\/#\/schema\/logo\/image\/","url":"https:\/\/www.fiscalia.gov.co\/colombia\/wp-content\/uploads\/LogoHorizontal_1.jpg","contentUrl":"https:\/\/www.fiscalia.gov.co\/colombia\/wp-content\/uploads\/LogoHorizontal_1.jpg","width":300,"height":90,"caption":"Fiscal\u00eda General de la Naci\u00f3n"},"image":{"@id":"https:\/\/www.fiscalia.gov.co\/colombia\/#\/schema\/logo\/image\/"},"sameAs":["https:\/\/www.facebook.com\/FiscaliaCol","https:\/\/x.com\/FiscaliaCol","https:\/\/www.instagram.com\/fiscaliacol","https:\/\/www.linkedin.com\/company\/fiscalia-general-de-la-naci-n\/","https:\/\/youtube.com\/@fiscaliageneraldelanacion-4668?si=6nN79nyQICPU5iTh"]},{"@type":"Person","@id":"https:\/\/www.fiscalia.gov.co\/colombia\/#\/schema\/person\/176195b99ebab0a52aafa15197e1bf80","name":"Winnie Geraldine Rodr\u00edguez Navarrete","image":{"@type":"ImageObject","inLanguage":"es-CO","@id":"https:\/\/www.fiscalia.gov.co\/colombia\/#\/schema\/person\/image\/","url":"https:\/\/secure.gravatar.com\/avatar\/c24cf8481dc84fa5e8c7b20bc95ab0c6?s=96&d=mm&r=g","contentUrl":"https:\/\/secure.gravatar.com\/avatar\/c24cf8481dc84fa5e8c7b20bc95ab0c6?s=96&d=mm&r=g","caption":"Winnie Geraldine Rodr\u00edguez Navarrete"},"url":"https:\/\/www.fiscalia.gov.co\/colombia\/author\/winnierodriguez\/"}]}},"_links":{"self":[{"href":"https:\/\/www.fiscalia.gov.co\/colombia\/wp-json\/wp\/v2\/posts\/271535","targetHints":{"allow":["GET"]}}],"collection":[{"href":"https:\/\/www.fiscalia.gov.co\/colombia\/wp-json\/wp\/v2\/posts"}],"about":[{"href":"https:\/\/www.fiscalia.gov.co\/colombia\/wp-json\/wp\/v2\/types\/post"}],"author":[{"embeddable":true,"href":"https:\/\/www.fiscalia.gov.co\/colombia\/wp-json\/wp\/v2\/users\/178"}],"replies":[{"embeddable":true,"href":"https:\/\/www.fiscalia.gov.co\/colombia\/wp-json\/wp\/v2\/comments?post=271535"}],"version-history":[{"count":1,"href":"https:\/\/www.fiscalia.gov.co\/colombia\/wp-json\/wp\/v2\/posts\/271535\/revisions"}],"predecessor-version":[{"id":271537,"href":"https:\/\/www.fiscalia.gov.co\/colombia\/wp-json\/wp\/v2\/posts\/271535\/revisions\/271537"}],"wp:attachment":[{"href":"https:\/\/www.fiscalia.gov.co\/colombia\/wp-json\/wp\/v2\/media?parent=271535"}],"wp:term":[{"taxonomy":"category","embeddable":true,"href":"https:\/\/www.fiscalia.gov.co\/colombia\/wp-json\/wp\/v2\/categories?post=271535"},{"taxonomy":"post_tag","embeddable":true,"href":"https:\/\/www.fiscalia.gov.co\/colombia\/wp-json\/wp\/v2\/tags?post=271535"}],"curies":[{"name":"wp","href":"https:\/\/api.w.org\/{rel}","templated":true}]}}