{"id":271522,"date":"2023-05-15T16:02:09","date_gmt":"2023-05-15T21:02:09","guid":{"rendered":"https:\/\/www.fiscalia.gov.co\/colombia\/?p=271522"},"modified":"2023-05-15T16:02:09","modified_gmt":"2023-05-15T21:02:09","slug":"privados-de-la-libertad-tres-hombres-investigados-por-el-secuestro-de-un-ganadero-en-arauca","status":"publish","type":"post","link":"https:\/\/www.fiscalia.gov.co\/colombia\/noticias\/privados-de-la-libertad-tres-hombres-investigados-por-el-secuestro-de-un-ganadero-en-arauca\/","title":{"rendered":"Privados de la libertad tres hombres investigados por el secuestro de un ganadero en Arauca"},"content":{"rendered":"<p>Acogiendo los argumentos presentados por la Fiscal\u00eda General de la Naci\u00f3n, un juez con funciones de control de garant\u00edas impuso medida de aseguramiento privativa de la libertad consistente en detenci\u00f3n intramuros en contra de tres hombres por su presunta responsabilidad en el delito de secuestro extorsivo agravado.<\/p>\n<p>Los afectados con la decisi\u00f3n son: Jos\u00e9 \u00c1ngel Pisano Vielma, Julio Camilo Blanco Bello y Jorge Gregorio Arrizaga Veliz.<\/p>\n<p>Seg\u00fan la investigaci\u00f3n, los procesados habr\u00edan participado en el secuestro del ganadero Jorge Enrique Osorio Mart\u00ednez, ocurrido el pasado 19 de febrero, en la vereda El Retorno del municipio de Arauca (Arauca), cuando fue sacado, al parecer, por los procesados con armas de fuego de su finca y obligado a subir a un veh\u00edculo con rumbo desconocido.<\/p>\n<figure id=\"attachment_271524\" aria-describedby=\"caption-attachment-271524\" style=\"width: 396px\" class=\"wp-caption aligncenter\"><img loading=\"lazy\" decoding=\"async\" class=\" wp-image-271524\" src=\"https:\/\/www.fiscalia.gov.co\/colombia\/wp-content\/uploads\/image001-28-300x175.jpg\" alt=\"En la imagen se aprecia a los tres capturados junto a un investigador del CTI y uniformados de la Polic\u00eda, Armada y Ej\u00e9rcito Nacional. En la parte posterior se observan los banners que identifican a la Fiscal\u00eda General de la Naci\u00f3n, Fuerza A\u00e9rea, Ej\u00e9rcito, Armada y Policia Nacional.\" width=\"396\" height=\"231\" srcset=\"https:\/\/www.fiscalia.gov.co\/colombia\/wp-content\/uploads\/image001-28-300x175.jpg 300w, https:\/\/www.fiscalia.gov.co\/colombia\/wp-content\/uploads\/image001-28-1024x598.jpg 1024w, https:\/\/www.fiscalia.gov.co\/colombia\/wp-content\/uploads\/image001-28-768x449.jpg 768w, https:\/\/www.fiscalia.gov.co\/colombia\/wp-content\/uploads\/image001-28-1536x898.jpg 1536w, https:\/\/www.fiscalia.gov.co\/colombia\/wp-content\/uploads\/image001-28-696x407.jpg 696w, https:\/\/www.fiscalia.gov.co\/colombia\/wp-content\/uploads\/image001-28-1068x624.jpg 1068w, https:\/\/www.fiscalia.gov.co\/colombia\/wp-content\/uploads\/image001-28-719x420.jpg 719w, https:\/\/www.fiscalia.gov.co\/colombia\/wp-content\/uploads\/image001-28.jpg 1600w\" sizes=\"auto, (max-width: 396px) 100vw, 396px\" \/><figcaption id=\"caption-attachment-271524\" class=\"wp-caption-text\">Los procesados ser\u00edan los presuntos responsables del secuestro de un ganadero de la regi\u00f3n<\/figcaption><\/figure>\n<p>Por la libertad de la v\u00edctima, la familia realiz\u00f3 un pago de 80 millones de pesos a los plagiarios, quien fue liberado despu\u00e9s de 20 d\u00edas de cautiverio.<\/p>\n<p>En el procedimiento de captura de los presuntos responsables, las autoridades incautaron un tel\u00e9fono celular, un arma traum\u00e1tica y otros elementos materiales probatorios.<\/p>\n<p>Al t\u00e9rmino de las audiencias preliminares, los implicados fueron enviados a la\u00a0<a href=\"https:\/\/www.fiscalia.gov.co\/colombia\/noticias\/detencion-carcelaria-contra-dos-presuntos-integrantes-del-clan-del-golfo-senalados-del-secuestro-extorsivo-de-un-ciudadano\/\" target=\"_blank\" rel=\"noopener\" data-saferedirecturl=\"https:\/\/www.google.com\/url?q=https:\/\/www.fiscalia.gov.co\/colombia\/noticias\/detencion-carcelaria-contra-dos-presuntos-integrantes-del-clan-del-golfo-senalados-del-secuestro-extorsivo-de-un-ciudadano\/&amp;source=gmail&amp;ust=1684270157787000&amp;usg=AOvVaw1hdVBrp_e2uZ_myhtCTejx\">c\u00e1rcel<\/a>\u00a0judicial de la capital araucana.<\/p>\n<p>MPHA\/MG\/HMCR\/DSA<\/p>\n<p align=\"center\"><b>La Fiscal\u00eda habla con resultados<\/b><b>\u00a0<\/b><\/p>\n<p align=\"center\">\n<p><i>La informaci\u00f3n contenida en este bolet\u00edn de prensa corresponde a la narraci\u00f3n de los hechos noticiosos objetivos, suministrados por los funcionarios encargados de adelantar las investigaciones penales al interior de la Fiscal\u00eda General de la Naci\u00f3n. Para el momento de la divulgaci\u00f3n de este comunicado, la situaci\u00f3n jur\u00eddica de la(s) persona(s) relacionada(s) se encuentra pendiente de resolver por la autoridad judicial competente, siempre bajo los preceptos de la presunci\u00f3n de inocencia, consagrados en el art\u00edculo 29 de la Constituci\u00f3n Pol\u00edtica y el art\u00edculo 7\u00ba de la Ley 906 de 2004.<\/i><\/p>\n<p>Etiqueta: Eficacia, seguridad, investigaci\u00f3n, Fiscal\u00eda, c\u00e1rcel<\/p>\n\n<div class=\"twitter-share\"><a href=\"https:\/\/twitter.com\/intent\/tweet?via=fiscaliacol\" class=\"twitter-share-button\">Tweet<\/a><\/div>\n","protected":false},"excerpt":{"rendered":"<p>Acogiendo los argumentos presentados por la Fiscal\u00eda General de la Naci\u00f3n, un juez con funciones de control de garant\u00edas impuso medida de aseguramiento privativa de la libertad consistente en detenci\u00f3n [&hellip;]<\/p>\n","protected":false},"author":178,"featured_media":0,"comment_status":"closed","ping_status":"open","sticky":false,"template":"","format":"standard","meta":{"tdm_status":"","tdm_grid_status":"","footnotes":""},"categories":[1,12632,303],"tags":[31726,24185,1047,23964],"class_list":["post-271522","post","type-post","status-publish","format-standard","category-noticias","category-seccional-arauca","category-seccionales","tag-arauca-arauca","tag-fiscal-barbosa","tag-fiscalia-general-de-la-nacion","tag-secuestro"],"yoast_head":"<!-- This site is optimized with the Yoast SEO plugin v24.3 - https:\/\/yoast.com\/wordpress\/plugins\/seo\/ -->\n<title>Fiscal\u00eda General de la Naci\u00f3n<\/title>\n<meta name=\"description\" content=\"P\u00e1gina oficial de la Fiscal\u00eda General de la Naci\u00f3n \u2013 Colombia. Garantizamos el acceso efectivo a la justicia, la verdad y la reparaci\u00f3n de las v\u00edctimas de los delitos.\" \/>\n<meta name=\"robots\" content=\"noindex, follow\" \/>\n<meta property=\"og:locale\" content=\"es_ES\" \/>\n<meta property=\"og:type\" content=\"article\" \/>\n<meta property=\"og:title\" content=\"Fiscal\u00eda General de la Naci\u00f3n\" \/>\n<meta property=\"og:description\" content=\"P\u00e1gina oficial de la Fiscal\u00eda General de la Naci\u00f3n \u2013 Colombia. Garantizamos el acceso efectivo a la justicia, la verdad y la reparaci\u00f3n de las v\u00edctimas de los delitos.\" \/>\n<meta property=\"og:url\" content=\"https:\/\/www.fiscalia.gov.co\/colombia\/noticias\/privados-de-la-libertad-tres-hombres-investigados-por-el-secuestro-de-un-ganadero-en-arauca\/\" \/>\n<meta property=\"og:site_name\" content=\"Fiscal\u00eda General de la Naci\u00f3n\" \/>\n<meta property=\"article:publisher\" content=\"https:\/\/www.facebook.com\/FiscaliaCol\" \/>\n<meta property=\"article:published_time\" content=\"2023-05-15T21:02:09+00:00\" \/>\n<meta property=\"og:image\" content=\"https:\/\/www.fiscalia.gov.co\/colombia\/wp-content\/uploads\/image001-28-300x175.jpg\" \/>\n<meta name=\"author\" content=\"Winnie Geraldine Rodr\u00edguez Navarrete\" \/>\n<meta name=\"twitter:card\" content=\"summary_large_image\" \/>\n<meta name=\"twitter:creator\" content=\"@FiscaliaCol\" \/>\n<meta name=\"twitter:site\" content=\"@FiscaliaCol\" \/>\n<meta name=\"twitter:label1\" content=\"Escrito por\" \/>\n\t<meta name=\"twitter:data1\" content=\"Winnie Geraldine Rodr\u00edguez Navarrete\" \/>\n\t<meta name=\"twitter:label2\" content=\"Tiempo de lectura\" \/>\n\t<meta name=\"twitter:data2\" content=\"2 minutos\" \/>\n<script type=\"application\/ld+json\" class=\"yoast-schema-graph\">{\"@context\":\"https:\/\/schema.org\",\"@graph\":[{\"@type\":\"Article\",\"@id\":\"https:\/\/www.fiscalia.gov.co\/colombia\/noticias\/privados-de-la-libertad-tres-hombres-investigados-por-el-secuestro-de-un-ganadero-en-arauca\/#article\",\"isPartOf\":{\"@id\":\"https:\/\/www.fiscalia.gov.co\/colombia\/noticias\/privados-de-la-libertad-tres-hombres-investigados-por-el-secuestro-de-un-ganadero-en-arauca\/\"},\"author\":{\"name\":\"Winnie Geraldine Rodr\u00edguez Navarrete\",\"@id\":\"https:\/\/www.fiscalia.gov.co\/colombia\/#\/schema\/person\/176195b99ebab0a52aafa15197e1bf80\"},\"headline\":\"Privados de la libertad tres hombres investigados por el secuestro de un ganadero en Arauca\",\"datePublished\":\"2023-05-15T21:02:09+00:00\",\"dateModified\":\"2023-05-15T21:02:09+00:00\",\"mainEntityOfPage\":{\"@id\":\"https:\/\/www.fiscalia.gov.co\/colombia\/noticias\/privados-de-la-libertad-tres-hombres-investigados-por-el-secuestro-de-un-ganadero-en-arauca\/\"},\"wordCount\":365,\"publisher\":{\"@id\":\"https:\/\/www.fiscalia.gov.co\/colombia\/#organization\"},\"image\":{\"@id\":\"https:\/\/www.fiscalia.gov.co\/colombia\/noticias\/privados-de-la-libertad-tres-hombres-investigados-por-el-secuestro-de-un-ganadero-en-arauca\/#primaryimage\"},\"thumbnailUrl\":\"https:\/\/www.fiscalia.gov.co\/colombia\/wp-content\/uploads\/image001-28-300x175.jpg\",\"keywords\":[\"Arauca (Arauca)\",\"Fiscal Barbosa\",\"Fiscal\u00eda General de la Naci\u00f3n\",\"Secuestro\"],\"articleSection\":[\"Noticias\",\"Seccional Arauca\",\"Seccionales\"],\"inLanguage\":\"es-CO\"},{\"@type\":\"WebPage\",\"@id\":\"https:\/\/www.fiscalia.gov.co\/colombia\/noticias\/privados-de-la-libertad-tres-hombres-investigados-por-el-secuestro-de-un-ganadero-en-arauca\/\",\"url\":\"https:\/\/www.fiscalia.gov.co\/colombia\/noticias\/privados-de-la-libertad-tres-hombres-investigados-por-el-secuestro-de-un-ganadero-en-arauca\/\",\"name\":\"Fiscal\u00eda General de la Naci\u00f3n\",\"isPartOf\":{\"@id\":\"https:\/\/www.fiscalia.gov.co\/colombia\/#website\"},\"primaryImageOfPage\":{\"@id\":\"https:\/\/www.fiscalia.gov.co\/colombia\/noticias\/privados-de-la-libertad-tres-hombres-investigados-por-el-secuestro-de-un-ganadero-en-arauca\/#primaryimage\"},\"image\":{\"@id\":\"https:\/\/www.fiscalia.gov.co\/colombia\/noticias\/privados-de-la-libertad-tres-hombres-investigados-por-el-secuestro-de-un-ganadero-en-arauca\/#primaryimage\"},\"thumbnailUrl\":\"https:\/\/www.fiscalia.gov.co\/colombia\/wp-content\/uploads\/image001-28-300x175.jpg\",\"datePublished\":\"2023-05-15T21:02:09+00:00\",\"dateModified\":\"2023-05-15T21:02:09+00:00\",\"description\":\"P\u00e1gina oficial de la Fiscal\u00eda General de la Naci\u00f3n \u2013 Colombia. Garantizamos el acceso efectivo a la justicia, la verdad y la reparaci\u00f3n de las v\u00edctimas de los delitos.\",\"breadcrumb\":{\"@id\":\"https:\/\/www.fiscalia.gov.co\/colombia\/noticias\/privados-de-la-libertad-tres-hombres-investigados-por-el-secuestro-de-un-ganadero-en-arauca\/#breadcrumb\"},\"inLanguage\":\"es-CO\",\"potentialAction\":[{\"@type\":\"ReadAction\",\"target\":[\"https:\/\/www.fiscalia.gov.co\/colombia\/noticias\/privados-de-la-libertad-tres-hombres-investigados-por-el-secuestro-de-un-ganadero-en-arauca\/\"]}]},{\"@type\":\"ImageObject\",\"inLanguage\":\"es-CO\",\"@id\":\"https:\/\/www.fiscalia.gov.co\/colombia\/noticias\/privados-de-la-libertad-tres-hombres-investigados-por-el-secuestro-de-un-ganadero-en-arauca\/#primaryimage\",\"url\":\"https:\/\/www.fiscalia.gov.co\/colombia\/wp-content\/uploads\/image001-28.jpg\",\"contentUrl\":\"https:\/\/www.fiscalia.gov.co\/colombia\/wp-content\/uploads\/image001-28.jpg\",\"width\":1600,\"height\":935,\"caption\":\"Los procesados ser\u00edan los presuntos responsables del secuestro de un ganadero de la regi\u00f3n\"},{\"@type\":\"BreadcrumbList\",\"@id\":\"https:\/\/www.fiscalia.gov.co\/colombia\/noticias\/privados-de-la-libertad-tres-hombres-investigados-por-el-secuestro-de-un-ganadero-en-arauca\/#breadcrumb\",\"itemListElement\":[{\"@type\":\"ListItem\",\"position\":1,\"name\":\"Home\",\"item\":\"https:\/\/www.fiscalia.gov.co\/colombia\/\"},{\"@type\":\"ListItem\",\"position\":2,\"name\":\"Privados de la libertad tres hombres investigados por el secuestro de un ganadero en Arauca\"}]},{\"@type\":\"WebSite\",\"@id\":\"https:\/\/www.fiscalia.gov.co\/colombia\/#website\",\"url\":\"https:\/\/www.fiscalia.gov.co\/colombia\/\",\"name\":\"Fiscal\u00eda General de la Naci\u00f3n\",\"description\":\"P\u00e1gina oficial de la Fiscal\u00eda General de la Naci\u00f3n \u2013 Colombia. Garantizamos el acceso efectivo a la justicia, la verdad y la reparaci\u00f3n de las v\u00edctimas de los delitos.\",\"publisher\":{\"@id\":\"https:\/\/www.fiscalia.gov.co\/colombia\/#organization\"},\"potentialAction\":[{\"@type\":\"SearchAction\",\"target\":{\"@type\":\"EntryPoint\",\"urlTemplate\":\"https:\/\/www.fiscalia.gov.co\/colombia\/?s={search_term_string}\"},\"query-input\":{\"@type\":\"PropertyValueSpecification\",\"valueRequired\":true,\"valueName\":\"search_term_string\"}}],\"inLanguage\":\"es-CO\"},{\"@type\":\"Organization\",\"@id\":\"https:\/\/www.fiscalia.gov.co\/colombia\/#organization\",\"name\":\"Fiscal\u00eda General de la Naci\u00f3n\",\"url\":\"https:\/\/www.fiscalia.gov.co\/colombia\/\",\"logo\":{\"@type\":\"ImageObject\",\"inLanguage\":\"es-CO\",\"@id\":\"https:\/\/www.fiscalia.gov.co\/colombia\/#\/schema\/logo\/image\/\",\"url\":\"https:\/\/www.fiscalia.gov.co\/colombia\/wp-content\/uploads\/LogoHorizontal_1.jpg\",\"contentUrl\":\"https:\/\/www.fiscalia.gov.co\/colombia\/wp-content\/uploads\/LogoHorizontal_1.jpg\",\"width\":300,\"height\":90,\"caption\":\"Fiscal\u00eda General de la Naci\u00f3n\"},\"image\":{\"@id\":\"https:\/\/www.fiscalia.gov.co\/colombia\/#\/schema\/logo\/image\/\"},\"sameAs\":[\"https:\/\/www.facebook.com\/FiscaliaCol\",\"https:\/\/x.com\/FiscaliaCol\",\"https:\/\/www.instagram.com\/fiscaliacol\",\"https:\/\/www.linkedin.com\/company\/fiscalia-general-de-la-naci-n\/\",\"https:\/\/youtube.com\/@fiscaliageneraldelanacion-4668?si=6nN79nyQICPU5iTh\"]},{\"@type\":\"Person\",\"@id\":\"https:\/\/www.fiscalia.gov.co\/colombia\/#\/schema\/person\/176195b99ebab0a52aafa15197e1bf80\",\"name\":\"Winnie Geraldine Rodr\u00edguez Navarrete\",\"image\":{\"@type\":\"ImageObject\",\"inLanguage\":\"es-CO\",\"@id\":\"https:\/\/www.fiscalia.gov.co\/colombia\/#\/schema\/person\/image\/\",\"url\":\"https:\/\/secure.gravatar.com\/avatar\/c24cf8481dc84fa5e8c7b20bc95ab0c6?s=96&d=mm&r=g\",\"contentUrl\":\"https:\/\/secure.gravatar.com\/avatar\/c24cf8481dc84fa5e8c7b20bc95ab0c6?s=96&d=mm&r=g\",\"caption\":\"Winnie Geraldine Rodr\u00edguez Navarrete\"},\"url\":\"https:\/\/www.fiscalia.gov.co\/colombia\/author\/winnierodriguez\/\"}]}<\/script>\n<!-- \/ Yoast SEO plugin. -->","yoast_head_json":{"title":"Fiscal\u00eda General de la Naci\u00f3n","description":"P\u00e1gina oficial de la Fiscal\u00eda General de la Naci\u00f3n \u2013 Colombia. Garantizamos el acceso efectivo a la justicia, la verdad y la reparaci\u00f3n de las v\u00edctimas de los delitos.","robots":{"index":"noindex","follow":"follow"},"og_locale":"es_ES","og_type":"article","og_title":"Fiscal\u00eda General de la Naci\u00f3n","og_description":"P\u00e1gina oficial de la Fiscal\u00eda General de la Naci\u00f3n \u2013 Colombia. Garantizamos el acceso efectivo a la justicia, la verdad y la reparaci\u00f3n de las v\u00edctimas de los delitos.","og_url":"https:\/\/www.fiscalia.gov.co\/colombia\/noticias\/privados-de-la-libertad-tres-hombres-investigados-por-el-secuestro-de-un-ganadero-en-arauca\/","og_site_name":"Fiscal\u00eda General de la Naci\u00f3n","article_publisher":"https:\/\/www.facebook.com\/FiscaliaCol","article_published_time":"2023-05-15T21:02:09+00:00","og_image":[{"url":"https:\/\/www.fiscalia.gov.co\/colombia\/wp-content\/uploads\/image001-28-300x175.jpg","type":"","width":"","height":""}],"author":"Winnie Geraldine Rodr\u00edguez Navarrete","twitter_card":"summary_large_image","twitter_creator":"@FiscaliaCol","twitter_site":"@FiscaliaCol","twitter_misc":{"Escrito por":"Winnie Geraldine Rodr\u00edguez Navarrete","Tiempo de lectura":"2 minutos"},"schema":{"@context":"https:\/\/schema.org","@graph":[{"@type":"Article","@id":"https:\/\/www.fiscalia.gov.co\/colombia\/noticias\/privados-de-la-libertad-tres-hombres-investigados-por-el-secuestro-de-un-ganadero-en-arauca\/#article","isPartOf":{"@id":"https:\/\/www.fiscalia.gov.co\/colombia\/noticias\/privados-de-la-libertad-tres-hombres-investigados-por-el-secuestro-de-un-ganadero-en-arauca\/"},"author":{"name":"Winnie Geraldine Rodr\u00edguez Navarrete","@id":"https:\/\/www.fiscalia.gov.co\/colombia\/#\/schema\/person\/176195b99ebab0a52aafa15197e1bf80"},"headline":"Privados de la libertad tres hombres investigados por el secuestro de un ganadero en Arauca","datePublished":"2023-05-15T21:02:09+00:00","dateModified":"2023-05-15T21:02:09+00:00","mainEntityOfPage":{"@id":"https:\/\/www.fiscalia.gov.co\/colombia\/noticias\/privados-de-la-libertad-tres-hombres-investigados-por-el-secuestro-de-un-ganadero-en-arauca\/"},"wordCount":365,"publisher":{"@id":"https:\/\/www.fiscalia.gov.co\/colombia\/#organization"},"image":{"@id":"https:\/\/www.fiscalia.gov.co\/colombia\/noticias\/privados-de-la-libertad-tres-hombres-investigados-por-el-secuestro-de-un-ganadero-en-arauca\/#primaryimage"},"thumbnailUrl":"https:\/\/www.fiscalia.gov.co\/colombia\/wp-content\/uploads\/image001-28-300x175.jpg","keywords":["Arauca (Arauca)","Fiscal Barbosa","Fiscal\u00eda General de la Naci\u00f3n","Secuestro"],"articleSection":["Noticias","Seccional Arauca","Seccionales"],"inLanguage":"es-CO"},{"@type":"WebPage","@id":"https:\/\/www.fiscalia.gov.co\/colombia\/noticias\/privados-de-la-libertad-tres-hombres-investigados-por-el-secuestro-de-un-ganadero-en-arauca\/","url":"https:\/\/www.fiscalia.gov.co\/colombia\/noticias\/privados-de-la-libertad-tres-hombres-investigados-por-el-secuestro-de-un-ganadero-en-arauca\/","name":"Fiscal\u00eda General de la Naci\u00f3n","isPartOf":{"@id":"https:\/\/www.fiscalia.gov.co\/colombia\/#website"},"primaryImageOfPage":{"@id":"https:\/\/www.fiscalia.gov.co\/colombia\/noticias\/privados-de-la-libertad-tres-hombres-investigados-por-el-secuestro-de-un-ganadero-en-arauca\/#primaryimage"},"image":{"@id":"https:\/\/www.fiscalia.gov.co\/colombia\/noticias\/privados-de-la-libertad-tres-hombres-investigados-por-el-secuestro-de-un-ganadero-en-arauca\/#primaryimage"},"thumbnailUrl":"https:\/\/www.fiscalia.gov.co\/colombia\/wp-content\/uploads\/image001-28-300x175.jpg","datePublished":"2023-05-15T21:02:09+00:00","dateModified":"2023-05-15T21:02:09+00:00","description":"P\u00e1gina oficial de la Fiscal\u00eda General de la Naci\u00f3n \u2013 Colombia. Garantizamos el acceso efectivo a la justicia, la verdad y la reparaci\u00f3n de las v\u00edctimas de los delitos.","breadcrumb":{"@id":"https:\/\/www.fiscalia.gov.co\/colombia\/noticias\/privados-de-la-libertad-tres-hombres-investigados-por-el-secuestro-de-un-ganadero-en-arauca\/#breadcrumb"},"inLanguage":"es-CO","potentialAction":[{"@type":"ReadAction","target":["https:\/\/www.fiscalia.gov.co\/colombia\/noticias\/privados-de-la-libertad-tres-hombres-investigados-por-el-secuestro-de-un-ganadero-en-arauca\/"]}]},{"@type":"ImageObject","inLanguage":"es-CO","@id":"https:\/\/www.fiscalia.gov.co\/colombia\/noticias\/privados-de-la-libertad-tres-hombres-investigados-por-el-secuestro-de-un-ganadero-en-arauca\/#primaryimage","url":"https:\/\/www.fiscalia.gov.co\/colombia\/wp-content\/uploads\/image001-28.jpg","contentUrl":"https:\/\/www.fiscalia.gov.co\/colombia\/wp-content\/uploads\/image001-28.jpg","width":1600,"height":935,"caption":"Los procesados ser\u00edan los presuntos responsables del secuestro de un ganadero de la regi\u00f3n"},{"@type":"BreadcrumbList","@id":"https:\/\/www.fiscalia.gov.co\/colombia\/noticias\/privados-de-la-libertad-tres-hombres-investigados-por-el-secuestro-de-un-ganadero-en-arauca\/#breadcrumb","itemListElement":[{"@type":"ListItem","position":1,"name":"Home","item":"https:\/\/www.fiscalia.gov.co\/colombia\/"},{"@type":"ListItem","position":2,"name":"Privados de la libertad tres hombres investigados por el secuestro de un ganadero en Arauca"}]},{"@type":"WebSite","@id":"https:\/\/www.fiscalia.gov.co\/colombia\/#website","url":"https:\/\/www.fiscalia.gov.co\/colombia\/","name":"Fiscal\u00eda General de la Naci\u00f3n","description":"P\u00e1gina oficial de la Fiscal\u00eda General de la Naci\u00f3n \u2013 Colombia. Garantizamos el acceso efectivo a la justicia, la verdad y la reparaci\u00f3n de las v\u00edctimas de los delitos.","publisher":{"@id":"https:\/\/www.fiscalia.gov.co\/colombia\/#organization"},"potentialAction":[{"@type":"SearchAction","target":{"@type":"EntryPoint","urlTemplate":"https:\/\/www.fiscalia.gov.co\/colombia\/?s={search_term_string}"},"query-input":{"@type":"PropertyValueSpecification","valueRequired":true,"valueName":"search_term_string"}}],"inLanguage":"es-CO"},{"@type":"Organization","@id":"https:\/\/www.fiscalia.gov.co\/colombia\/#organization","name":"Fiscal\u00eda General de la Naci\u00f3n","url":"https:\/\/www.fiscalia.gov.co\/colombia\/","logo":{"@type":"ImageObject","inLanguage":"es-CO","@id":"https:\/\/www.fiscalia.gov.co\/colombia\/#\/schema\/logo\/image\/","url":"https:\/\/www.fiscalia.gov.co\/colombia\/wp-content\/uploads\/LogoHorizontal_1.jpg","contentUrl":"https:\/\/www.fiscalia.gov.co\/colombia\/wp-content\/uploads\/LogoHorizontal_1.jpg","width":300,"height":90,"caption":"Fiscal\u00eda General de la Naci\u00f3n"},"image":{"@id":"https:\/\/www.fiscalia.gov.co\/colombia\/#\/schema\/logo\/image\/"},"sameAs":["https:\/\/www.facebook.com\/FiscaliaCol","https:\/\/x.com\/FiscaliaCol","https:\/\/www.instagram.com\/fiscaliacol","https:\/\/www.linkedin.com\/company\/fiscalia-general-de-la-naci-n\/","https:\/\/youtube.com\/@fiscaliageneraldelanacion-4668?si=6nN79nyQICPU5iTh"]},{"@type":"Person","@id":"https:\/\/www.fiscalia.gov.co\/colombia\/#\/schema\/person\/176195b99ebab0a52aafa15197e1bf80","name":"Winnie Geraldine Rodr\u00edguez Navarrete","image":{"@type":"ImageObject","inLanguage":"es-CO","@id":"https:\/\/www.fiscalia.gov.co\/colombia\/#\/schema\/person\/image\/","url":"https:\/\/secure.gravatar.com\/avatar\/c24cf8481dc84fa5e8c7b20bc95ab0c6?s=96&d=mm&r=g","contentUrl":"https:\/\/secure.gravatar.com\/avatar\/c24cf8481dc84fa5e8c7b20bc95ab0c6?s=96&d=mm&r=g","caption":"Winnie Geraldine Rodr\u00edguez Navarrete"},"url":"https:\/\/www.fiscalia.gov.co\/colombia\/author\/winnierodriguez\/"}]}},"_links":{"self":[{"href":"https:\/\/www.fiscalia.gov.co\/colombia\/wp-json\/wp\/v2\/posts\/271522","targetHints":{"allow":["GET"]}}],"collection":[{"href":"https:\/\/www.fiscalia.gov.co\/colombia\/wp-json\/wp\/v2\/posts"}],"about":[{"href":"https:\/\/www.fiscalia.gov.co\/colombia\/wp-json\/wp\/v2\/types\/post"}],"author":[{"embeddable":true,"href":"https:\/\/www.fiscalia.gov.co\/colombia\/wp-json\/wp\/v2\/users\/178"}],"replies":[{"embeddable":true,"href":"https:\/\/www.fiscalia.gov.co\/colombia\/wp-json\/wp\/v2\/comments?post=271522"}],"version-history":[{"count":1,"href":"https:\/\/www.fiscalia.gov.co\/colombia\/wp-json\/wp\/v2\/posts\/271522\/revisions"}],"predecessor-version":[{"id":271525,"href":"https:\/\/www.fiscalia.gov.co\/colombia\/wp-json\/wp\/v2\/posts\/271522\/revisions\/271525"}],"wp:attachment":[{"href":"https:\/\/www.fiscalia.gov.co\/colombia\/wp-json\/wp\/v2\/media?parent=271522"}],"wp:term":[{"taxonomy":"category","embeddable":true,"href":"https:\/\/www.fiscalia.gov.co\/colombia\/wp-json\/wp\/v2\/categories?post=271522"},{"taxonomy":"post_tag","embeddable":true,"href":"https:\/\/www.fiscalia.gov.co\/colombia\/wp-json\/wp\/v2\/tags?post=271522"}],"curies":[{"name":"wp","href":"https:\/\/api.w.org\/{rel}","templated":true}]}}