{"id":271480,"date":"2023-05-15T10:31:22","date_gmt":"2023-05-15T15:31:22","guid":{"rendered":"https:\/\/www.fiscalia.gov.co\/colombia\/?p=271480"},"modified":"2023-05-15T10:31:22","modified_gmt":"2023-05-15T15:31:22","slug":"carcel-para-una-pareja-quienes-habrian-prestado-sus-cuentas-para-recibir-dinero-de-extorsion-por-liberacion-de-dos-secuestrados","status":"publish","type":"post","link":"https:\/\/www.fiscalia.gov.co\/colombia\/noticias\/carcel-para-una-pareja-quienes-habrian-prestado-sus-cuentas-para-recibir-dinero-de-extorsion-por-liberacion-de-dos-secuestrados\/","title":{"rendered":"C\u00e1rcel para una pareja, quienes habr\u00edan prestado sus cuentas para recibir dinero de extorsi\u00f3n por liberaci\u00f3n de dos secuestrados"},"content":{"rendered":"<p style=\"font-weight: 400;\">Un fiscal especializado ante el Gaula imput\u00f3 cargos a un hombre y una mujer por su presunta coautor\u00eda en el delito de secuestro extorsivo agravado.<\/p>\n<p style=\"font-weight: 400;\">Un juez penal municipal de Buenaventura aval\u00f3 la imputaci\u00f3n y dict\u00f3 medida de aseguramiento contra Yuldor Alejandro Torres Celis en centro carcelario, mientras que a su pareja Jenny Jazm\u00edn Saldarriaga Cardona dict\u00f3 medida de aseguramiento en lugar de residencia.<\/p>\n<figure id=\"attachment_271481\" aria-describedby=\"caption-attachment-271481\" style=\"width: 351px\" class=\"wp-caption aligncenter\"><img loading=\"lazy\" decoding=\"async\" class=\" wp-image-271481\" src=\"https:\/\/www.fiscalia.gov.co\/colombia\/wp-content\/uploads\/WhatsApp-Image-2023-05-15-at-8.37.49-AM-300x241.jpeg\" alt=\"Jenny Jazm\u00edn Saldarriags Cardona fue imputada con cargos por el delito de secuestro extorsivo agravado\" width=\"351\" height=\"282\" srcset=\"https:\/\/www.fiscalia.gov.co\/colombia\/wp-content\/uploads\/WhatsApp-Image-2023-05-15-at-8.37.49-AM-300x241.jpeg 300w, https:\/\/www.fiscalia.gov.co\/colombia\/wp-content\/uploads\/WhatsApp-Image-2023-05-15-at-8.37.49-AM-768x618.jpeg 768w, https:\/\/www.fiscalia.gov.co\/colombia\/wp-content\/uploads\/WhatsApp-Image-2023-05-15-at-8.37.49-AM-696x560.jpeg 696w, https:\/\/www.fiscalia.gov.co\/colombia\/wp-content\/uploads\/WhatsApp-Image-2023-05-15-at-8.37.49-AM-522x420.jpeg 522w, https:\/\/www.fiscalia.gov.co\/colombia\/wp-content\/uploads\/WhatsApp-Image-2023-05-15-at-8.37.49-AM.jpeg 933w\" sizes=\"auto, (max-width: 351px) 100vw, 351px\" \/><figcaption id=\"caption-attachment-271481\" class=\"wp-caption-text\">Jenny Jazm\u00edn Saldarriags Cardona fue imputada con cargos por el delito de secuestro extorsivo agravado<\/figcaption><\/figure>\n<p style=\"font-weight: 400;\">De acuerdo con el proceso penal, el 23 de abril 2022 un minero proveniente del Cauca y su esposa viajaron a Buenaventura para comprar una retroexcavadora. Estando en el barrio El Triunfo, fueron abordados por varios hombres armados, quienes se identificaron como integrantes de la disidencia residual de las extintas Farc,\u00a0Jaime Mart\u00ednez.<\/p>\n<p style=\"font-weight: 400;\">Adem\u00e1s, las v\u00edctimas fueron despojadas de sus tel\u00e9fonos celulares, algunas joyas y dinero en efectivo, que portaban. A trav\u00e9s de los tel\u00e9fonos m\u00f3viles, los secuestradores se comunicaron con la familia de los retenidos y exigieron, inicialmente, el pago de $200.000.000 por su liberaci\u00f3n.<\/p>\n<figure id=\"attachment_271482\" aria-describedby=\"caption-attachment-271482\" style=\"width: 334px\" class=\"wp-caption aligncenter\"><img loading=\"lazy\" decoding=\"async\" class=\" wp-image-271482\" src=\"https:\/\/www.fiscalia.gov.co\/colombia\/wp-content\/uploads\/WhatsApp-Image-2023-05-15-at-8.38.10-AM-300x285.jpeg\" alt=\"Yuldor Alejando Torres Celis fue asegurado con detenci\u00f3n carcelaria por un juez penal\" width=\"334\" height=\"317\" srcset=\"https:\/\/www.fiscalia.gov.co\/colombia\/wp-content\/uploads\/WhatsApp-Image-2023-05-15-at-8.38.10-AM-300x285.jpeg 300w, https:\/\/www.fiscalia.gov.co\/colombia\/wp-content\/uploads\/WhatsApp-Image-2023-05-15-at-8.38.10-AM-1024x972.jpeg 1024w, https:\/\/www.fiscalia.gov.co\/colombia\/wp-content\/uploads\/WhatsApp-Image-2023-05-15-at-8.38.10-AM-768x729.jpeg 768w, https:\/\/www.fiscalia.gov.co\/colombia\/wp-content\/uploads\/WhatsApp-Image-2023-05-15-at-8.38.10-AM-696x661.jpeg 696w, https:\/\/www.fiscalia.gov.co\/colombia\/wp-content\/uploads\/WhatsApp-Image-2023-05-15-at-8.38.10-AM-1068x1014.jpeg 1068w, https:\/\/www.fiscalia.gov.co\/colombia\/wp-content\/uploads\/WhatsApp-Image-2023-05-15-at-8.38.10-AM-443x420.jpeg 443w, https:\/\/www.fiscalia.gov.co\/colombia\/wp-content\/uploads\/WhatsApp-Image-2023-05-15-at-8.38.10-AM.jpeg 1080w\" sizes=\"auto, (max-width: 334px) 100vw, 334px\" \/><figcaption id=\"caption-attachment-271482\" class=\"wp-caption-text\">Yuldor Alejando Torres Celis fue asegurado con detenci\u00f3n carcelaria por un juez penal<\/figcaption><\/figure>\n<p style=\"font-weight: 400;\">Luego de varias llamadas, las familias acordaron el pago de $120.000.000, los cuales fueron consignados en cuentas bancarias de ahorros y giros, logrando la libertad de los dos retenidos.<\/p>\n<p style=\"font-weight: 400;\">Durante las indagaciones, los investigadores del Gaula lograron establecer, mediante la actividad de b\u00fasqueda selectiva de datos y an\u00e1lisis link, que Yuldor Alejandro Torres Celis y Jenny Jazm\u00edn Saldarriaga Cardona habr\u00edan recibido parte del dinero para la liberaci\u00f3n del minero y su esposa, a trav\u00e9s de consignaciones de empresas de giros.<\/p>\n<p style=\"font-weight: 400;\">Un juez penal con control de garant\u00edas emiti\u00f3 una orden de captura contra Torres Celis, quien fue capturado en Villavicencio (Meta), y contra Saldarriaga Cardona detenida en Medell\u00edn (Antioquia).<\/p>\n<p style=\"font-weight: 400;\">Durante las audiencias concentradas, la pareja imputada no se allan\u00f3 a los cargos.<\/p>\n<p style=\"font-weight: 400;\">Esta informaci\u00f3n se publica por razones de inter\u00e9s general.<\/p>\n<p style=\"font-weight: 400;\"><strong>La Fiscal\u00eda habla con resultados\u00a0<\/strong><\/p>\n<p style=\"font-weight: 400;\">\n<p style=\"font-weight: 400;\">JGPV\/LYBT\/PDPM\/DSV<\/p>\n<p>&nbsp;<\/p>\n<p>&nbsp;<\/p>\n<p><em><span lang=\"ES\">La informaci\u00f3n contenida en este bolet\u00edn de prensa corresponde a la narraci\u00f3n de los hechos noticiosos objetivos, suministrados por los funcionarios encargados de adelantar las investigaciones penales al interior de la Fiscal\u00eda General de la Naci\u00f3n. Para el momento de la divulgaci\u00f3n de este comunicado, la situaci\u00f3n jur\u00eddica de la(s) persona(s) relacionada(s) se encuentra pendiente de resolver por la autoridad judicial competente, siempre bajo los preceptos de la presunci\u00f3n de inocencia, consagrados en el art\u00edculo 29 de la Constituci\u00f3n Pol\u00edtica y el art\u00edculo 7\u00ba de la Ley 906 de 2004.<\/span><\/em><\/p>\n\n<div class=\"twitter-share\"><a href=\"https:\/\/twitter.com\/intent\/tweet?via=fiscaliacol\" class=\"twitter-share-button\">Tweet<\/a><\/div>\n","protected":false},"excerpt":{"rendered":"<p>Un fiscal especializado ante el Gaula imput\u00f3 cargos a un hombre y una mujer por su presunta coautor\u00eda en el delito de secuestro extorsivo agravado. Un juez penal municipal de Buenaventura aval\u00f3 la imputaci\u00f3n y dict\u00f3 medida de aseguramiento contra Yuldor Alejandro Torres Celis en centro carcelario, mientras que a su pareja Jenny Jazm\u00edn Saldarriaga [&hellip;]<\/p>\n","protected":false},"author":178,"featured_media":0,"comment_status":"closed","ping_status":"open","sticky":false,"template":"","format":"standard","meta":{"_price":"","_stock":"","_tribe_ticket_header":"","_tribe_default_ticket_provider":"","_tribe_ticket_capacity":"0","_ticket_start_date":"","_ticket_end_date":"","_tribe_ticket_show_description":"","_tribe_ticket_show_not_going":false,"_tribe_ticket_use_global_stock":"","_tribe_ticket_global_stock_level":"","_global_stock_mode":"","_global_stock_cap":"","_tribe_rsvp_for_event":"","_tribe_ticket_going_count":"","_tribe_ticket_not_going_count":"","_tribe_tickets_list":"[]","_tribe_ticket_has_attendee_info_fields":false,"tdm_status":"","tdm_grid_status":"","footnotes":""},"categories":[1,324,303,24099],"tags":[24020,24185,1047],"class_list":{"0":"post-271480","1":"post","2":"type-post","3":"status-publish","4":"format-standard","6":"category-noticias","7":"category-seccional-cali","8":"category-seccionales","9":"category-seguridad-territorial","10":"tag-buenaventura-valle-del-cauca","11":"tag-fiscal-barbosa","12":"tag-fiscalia-general-de-la-nacion"},"yoast_head":"<!-- This site is optimized with the Yoast SEO plugin v24.3 - https:\/\/yoast.com\/wordpress\/plugins\/seo\/ -->\n<title>Fiscal\u00eda General de la Naci\u00f3n<\/title>\n<meta name=\"description\" content=\"P\u00e1gina oficial de la Fiscal\u00eda General de la Naci\u00f3n \u2013 Colombia. Garantizamos el acceso efectivo a la justicia, la verdad y la reparaci\u00f3n de las v\u00edctimas de los delitos.\" \/>\n<meta name=\"robots\" content=\"noindex, follow\" \/>\n<meta property=\"og:locale\" content=\"es_ES\" \/>\n<meta property=\"og:type\" content=\"article\" \/>\n<meta property=\"og:title\" content=\"Fiscal\u00eda General de la Naci\u00f3n\" \/>\n<meta property=\"og:description\" content=\"P\u00e1gina oficial de la Fiscal\u00eda General de la Naci\u00f3n \u2013 Colombia. Garantizamos el acceso efectivo a la justicia, la verdad y la reparaci\u00f3n de las v\u00edctimas de los delitos.\" \/>\n<meta property=\"og:url\" content=\"https:\/\/www.fiscalia.gov.co\/colombia\/noticias\/carcel-para-una-pareja-quienes-habrian-prestado-sus-cuentas-para-recibir-dinero-de-extorsion-por-liberacion-de-dos-secuestrados\/\" \/>\n<meta property=\"og:site_name\" content=\"Fiscal\u00eda General de la Naci\u00f3n\" \/>\n<meta property=\"article:publisher\" content=\"https:\/\/www.facebook.com\/FiscaliaCol\" \/>\n<meta property=\"article:published_time\" content=\"2023-05-15T15:31:22+00:00\" \/>\n<meta property=\"og:image\" content=\"https:\/\/www.fiscalia.gov.co\/colombia\/wp-content\/uploads\/WhatsApp-Image-2023-05-15-at-8.37.49-AM-300x241.jpeg\" \/>\n<meta name=\"author\" content=\"Winnie Geraldine Rodr\u00edguez Navarrete\" \/>\n<meta name=\"twitter:card\" content=\"summary_large_image\" \/>\n<meta name=\"twitter:creator\" content=\"@FiscaliaCol\" \/>\n<meta name=\"twitter:site\" content=\"@FiscaliaCol\" \/>\n<meta name=\"twitter:label1\" content=\"Escrito por\" \/>\n\t<meta name=\"twitter:data1\" content=\"Winnie Geraldine Rodr\u00edguez Navarrete\" \/>\n\t<meta name=\"twitter:label2\" content=\"Tiempo de lectura\" \/>\n\t<meta name=\"twitter:data2\" content=\"2 minutos\" \/>\n<script type=\"application\/ld+json\" class=\"yoast-schema-graph\">{\"@context\":\"https:\/\/schema.org\",\"@graph\":[{\"@type\":\"Article\",\"@id\":\"https:\/\/www.fiscalia.gov.co\/colombia\/noticias\/carcel-para-una-pareja-quienes-habrian-prestado-sus-cuentas-para-recibir-dinero-de-extorsion-por-liberacion-de-dos-secuestrados\/#article\",\"isPartOf\":{\"@id\":\"https:\/\/www.fiscalia.gov.co\/colombia\/noticias\/carcel-para-una-pareja-quienes-habrian-prestado-sus-cuentas-para-recibir-dinero-de-extorsion-por-liberacion-de-dos-secuestrados\/\"},\"author\":{\"name\":\"Winnie Geraldine Rodr\u00edguez Navarrete\",\"@id\":\"https:\/\/www.fiscalia.gov.co\/colombia\/#\/schema\/person\/176195b99ebab0a52aafa15197e1bf80\"},\"headline\":\"C\u00e1rcel para una pareja, quienes habr\u00edan prestado sus cuentas para recibir dinero de extorsi\u00f3n por liberaci\u00f3n de dos secuestrados\",\"datePublished\":\"2023-05-15T15:31:22+00:00\",\"dateModified\":\"2023-05-15T15:31:22+00:00\",\"mainEntityOfPage\":{\"@id\":\"https:\/\/www.fiscalia.gov.co\/colombia\/noticias\/carcel-para-una-pareja-quienes-habrian-prestado-sus-cuentas-para-recibir-dinero-de-extorsion-por-liberacion-de-dos-secuestrados\/\"},\"wordCount\":489,\"publisher\":{\"@id\":\"https:\/\/www.fiscalia.gov.co\/colombia\/#organization\"},\"image\":{\"@id\":\"https:\/\/www.fiscalia.gov.co\/colombia\/noticias\/carcel-para-una-pareja-quienes-habrian-prestado-sus-cuentas-para-recibir-dinero-de-extorsion-por-liberacion-de-dos-secuestrados\/#primaryimage\"},\"thumbnailUrl\":\"https:\/\/www.fiscalia.gov.co\/colombia\/wp-content\/uploads\/WhatsApp-Image-2023-05-15-at-8.37.49-AM-300x241.jpeg\",\"keywords\":[\"Buenaventura (Valle del Cauca)\",\"Fiscal Barbosa\",\"Fiscal\u00eda General de la Naci\u00f3n\"],\"articleSection\":[\"Noticias\",\"Seccional Cali\",\"Seccionales\",\"Seguridad territorial\"],\"inLanguage\":\"es-CO\"},{\"@type\":\"WebPage\",\"@id\":\"https:\/\/www.fiscalia.gov.co\/colombia\/noticias\/carcel-para-una-pareja-quienes-habrian-prestado-sus-cuentas-para-recibir-dinero-de-extorsion-por-liberacion-de-dos-secuestrados\/\",\"url\":\"https:\/\/www.fiscalia.gov.co\/colombia\/noticias\/carcel-para-una-pareja-quienes-habrian-prestado-sus-cuentas-para-recibir-dinero-de-extorsion-por-liberacion-de-dos-secuestrados\/\",\"name\":\"Fiscal\u00eda General de la Naci\u00f3n\",\"isPartOf\":{\"@id\":\"https:\/\/www.fiscalia.gov.co\/colombia\/#website\"},\"primaryImageOfPage\":{\"@id\":\"https:\/\/www.fiscalia.gov.co\/colombia\/noticias\/carcel-para-una-pareja-quienes-habrian-prestado-sus-cuentas-para-recibir-dinero-de-extorsion-por-liberacion-de-dos-secuestrados\/#primaryimage\"},\"image\":{\"@id\":\"https:\/\/www.fiscalia.gov.co\/colombia\/noticias\/carcel-para-una-pareja-quienes-habrian-prestado-sus-cuentas-para-recibir-dinero-de-extorsion-por-liberacion-de-dos-secuestrados\/#primaryimage\"},\"thumbnailUrl\":\"https:\/\/www.fiscalia.gov.co\/colombia\/wp-content\/uploads\/WhatsApp-Image-2023-05-15-at-8.37.49-AM-300x241.jpeg\",\"datePublished\":\"2023-05-15T15:31:22+00:00\",\"dateModified\":\"2023-05-15T15:31:22+00:00\",\"description\":\"P\u00e1gina oficial de la Fiscal\u00eda General de la Naci\u00f3n \u2013 Colombia. Garantizamos el acceso efectivo a la justicia, la verdad y la reparaci\u00f3n de las v\u00edctimas de los delitos.\",\"breadcrumb\":{\"@id\":\"https:\/\/www.fiscalia.gov.co\/colombia\/noticias\/carcel-para-una-pareja-quienes-habrian-prestado-sus-cuentas-para-recibir-dinero-de-extorsion-por-liberacion-de-dos-secuestrados\/#breadcrumb\"},\"inLanguage\":\"es-CO\",\"potentialAction\":[{\"@type\":\"ReadAction\",\"target\":[\"https:\/\/www.fiscalia.gov.co\/colombia\/noticias\/carcel-para-una-pareja-quienes-habrian-prestado-sus-cuentas-para-recibir-dinero-de-extorsion-por-liberacion-de-dos-secuestrados\/\"]}]},{\"@type\":\"ImageObject\",\"inLanguage\":\"es-CO\",\"@id\":\"https:\/\/www.fiscalia.gov.co\/colombia\/noticias\/carcel-para-una-pareja-quienes-habrian-prestado-sus-cuentas-para-recibir-dinero-de-extorsion-por-liberacion-de-dos-secuestrados\/#primaryimage\",\"url\":\"https:\/\/www.fiscalia.gov.co\/colombia\/wp-content\/uploads\/WhatsApp-Image-2023-05-15-at-8.37.49-AM-300x241.jpeg\",\"contentUrl\":\"https:\/\/www.fiscalia.gov.co\/colombia\/wp-content\/uploads\/WhatsApp-Image-2023-05-15-at-8.37.49-AM-300x241.jpeg\"},{\"@type\":\"BreadcrumbList\",\"@id\":\"https:\/\/www.fiscalia.gov.co\/colombia\/noticias\/carcel-para-una-pareja-quienes-habrian-prestado-sus-cuentas-para-recibir-dinero-de-extorsion-por-liberacion-de-dos-secuestrados\/#breadcrumb\",\"itemListElement\":[{\"@type\":\"ListItem\",\"position\":1,\"name\":\"Home\",\"item\":\"https:\/\/www.fiscalia.gov.co\/colombia\/\"},{\"@type\":\"ListItem\",\"position\":2,\"name\":\"C\u00e1rcel para una pareja, quienes habr\u00edan prestado sus cuentas para recibir dinero de extorsi\u00f3n por liberaci\u00f3n de dos secuestrados\"}]},{\"@type\":\"WebSite\",\"@id\":\"https:\/\/www.fiscalia.gov.co\/colombia\/#website\",\"url\":\"https:\/\/www.fiscalia.gov.co\/colombia\/\",\"name\":\"Fiscal\u00eda General de la Naci\u00f3n\",\"description\":\"P\u00e1gina oficial de la Fiscal\u00eda General de la Naci\u00f3n \u2013 Colombia. Garantizamos el acceso efectivo a la justicia, la verdad y la reparaci\u00f3n de las v\u00edctimas de los delitos.\",\"publisher\":{\"@id\":\"https:\/\/www.fiscalia.gov.co\/colombia\/#organization\"},\"potentialAction\":[{\"@type\":\"SearchAction\",\"target\":{\"@type\":\"EntryPoint\",\"urlTemplate\":\"https:\/\/www.fiscalia.gov.co\/colombia\/?s={search_term_string}\"},\"query-input\":{\"@type\":\"PropertyValueSpecification\",\"valueRequired\":true,\"valueName\":\"search_term_string\"}}],\"inLanguage\":\"es-CO\"},{\"@type\":\"Organization\",\"@id\":\"https:\/\/www.fiscalia.gov.co\/colombia\/#organization\",\"name\":\"Fiscal\u00eda General de la Naci\u00f3n\",\"url\":\"https:\/\/www.fiscalia.gov.co\/colombia\/\",\"logo\":{\"@type\":\"ImageObject\",\"inLanguage\":\"es-CO\",\"@id\":\"https:\/\/www.fiscalia.gov.co\/colombia\/#\/schema\/logo\/image\/\",\"url\":\"https:\/\/www.fiscalia.gov.co\/colombia\/wp-content\/uploads\/LogoHorizontal_1.jpg\",\"contentUrl\":\"https:\/\/www.fiscalia.gov.co\/colombia\/wp-content\/uploads\/LogoHorizontal_1.jpg\",\"width\":300,\"height\":90,\"caption\":\"Fiscal\u00eda General de la Naci\u00f3n\"},\"image\":{\"@id\":\"https:\/\/www.fiscalia.gov.co\/colombia\/#\/schema\/logo\/image\/\"},\"sameAs\":[\"https:\/\/www.facebook.com\/FiscaliaCol\",\"https:\/\/x.com\/FiscaliaCol\",\"https:\/\/www.instagram.com\/fiscaliacol\",\"https:\/\/www.linkedin.com\/company\/fiscalia-general-de-la-naci-n\/\",\"https:\/\/youtube.com\/@fiscaliageneraldelanacion-4668?si=6nN79nyQICPU5iTh\"]},{\"@type\":\"Person\",\"@id\":\"https:\/\/www.fiscalia.gov.co\/colombia\/#\/schema\/person\/176195b99ebab0a52aafa15197e1bf80\",\"name\":\"Winnie Geraldine Rodr\u00edguez Navarrete\",\"image\":{\"@type\":\"ImageObject\",\"inLanguage\":\"es-CO\",\"@id\":\"https:\/\/www.fiscalia.gov.co\/colombia\/#\/schema\/person\/image\/\",\"url\":\"https:\/\/secure.gravatar.com\/avatar\/c24cf8481dc84fa5e8c7b20bc95ab0c6?s=96&d=mm&r=g\",\"contentUrl\":\"https:\/\/secure.gravatar.com\/avatar\/c24cf8481dc84fa5e8c7b20bc95ab0c6?s=96&d=mm&r=g\",\"caption\":\"Winnie Geraldine Rodr\u00edguez Navarrete\"},\"url\":\"https:\/\/www.fiscalia.gov.co\/colombia\/author\/winnierodriguez\/\"}]}<\/script>\n<!-- \/ Yoast SEO plugin. -->","yoast_head_json":{"title":"Fiscal\u00eda General de la Naci\u00f3n","description":"P\u00e1gina oficial de la Fiscal\u00eda General de la Naci\u00f3n \u2013 Colombia. Garantizamos el acceso efectivo a la justicia, la verdad y la reparaci\u00f3n de las v\u00edctimas de los delitos.","robots":{"index":"noindex","follow":"follow"},"og_locale":"es_ES","og_type":"article","og_title":"Fiscal\u00eda General de la Naci\u00f3n","og_description":"P\u00e1gina oficial de la Fiscal\u00eda General de la Naci\u00f3n \u2013 Colombia. Garantizamos el acceso efectivo a la justicia, la verdad y la reparaci\u00f3n de las v\u00edctimas de los delitos.","og_url":"https:\/\/www.fiscalia.gov.co\/colombia\/noticias\/carcel-para-una-pareja-quienes-habrian-prestado-sus-cuentas-para-recibir-dinero-de-extorsion-por-liberacion-de-dos-secuestrados\/","og_site_name":"Fiscal\u00eda General de la Naci\u00f3n","article_publisher":"https:\/\/www.facebook.com\/FiscaliaCol","article_published_time":"2023-05-15T15:31:22+00:00","og_image":[{"url":"https:\/\/www.fiscalia.gov.co\/colombia\/wp-content\/uploads\/WhatsApp-Image-2023-05-15-at-8.37.49-AM-300x241.jpeg","type":"","width":"","height":""}],"author":"Winnie Geraldine Rodr\u00edguez Navarrete","twitter_card":"summary_large_image","twitter_creator":"@FiscaliaCol","twitter_site":"@FiscaliaCol","twitter_misc":{"Escrito por":"Winnie Geraldine Rodr\u00edguez Navarrete","Tiempo de lectura":"2 minutos"},"schema":{"@context":"https:\/\/schema.org","@graph":[{"@type":"Article","@id":"https:\/\/www.fiscalia.gov.co\/colombia\/noticias\/carcel-para-una-pareja-quienes-habrian-prestado-sus-cuentas-para-recibir-dinero-de-extorsion-por-liberacion-de-dos-secuestrados\/#article","isPartOf":{"@id":"https:\/\/www.fiscalia.gov.co\/colombia\/noticias\/carcel-para-una-pareja-quienes-habrian-prestado-sus-cuentas-para-recibir-dinero-de-extorsion-por-liberacion-de-dos-secuestrados\/"},"author":{"name":"Winnie Geraldine Rodr\u00edguez Navarrete","@id":"https:\/\/www.fiscalia.gov.co\/colombia\/#\/schema\/person\/176195b99ebab0a52aafa15197e1bf80"},"headline":"C\u00e1rcel para una pareja, quienes habr\u00edan prestado sus cuentas para recibir dinero de extorsi\u00f3n por liberaci\u00f3n de dos secuestrados","datePublished":"2023-05-15T15:31:22+00:00","dateModified":"2023-05-15T15:31:22+00:00","mainEntityOfPage":{"@id":"https:\/\/www.fiscalia.gov.co\/colombia\/noticias\/carcel-para-una-pareja-quienes-habrian-prestado-sus-cuentas-para-recibir-dinero-de-extorsion-por-liberacion-de-dos-secuestrados\/"},"wordCount":489,"publisher":{"@id":"https:\/\/www.fiscalia.gov.co\/colombia\/#organization"},"image":{"@id":"https:\/\/www.fiscalia.gov.co\/colombia\/noticias\/carcel-para-una-pareja-quienes-habrian-prestado-sus-cuentas-para-recibir-dinero-de-extorsion-por-liberacion-de-dos-secuestrados\/#primaryimage"},"thumbnailUrl":"https:\/\/www.fiscalia.gov.co\/colombia\/wp-content\/uploads\/WhatsApp-Image-2023-05-15-at-8.37.49-AM-300x241.jpeg","keywords":["Buenaventura (Valle del Cauca)","Fiscal Barbosa","Fiscal\u00eda General de la Naci\u00f3n"],"articleSection":["Noticias","Seccional Cali","Seccionales","Seguridad territorial"],"inLanguage":"es-CO"},{"@type":"WebPage","@id":"https:\/\/www.fiscalia.gov.co\/colombia\/noticias\/carcel-para-una-pareja-quienes-habrian-prestado-sus-cuentas-para-recibir-dinero-de-extorsion-por-liberacion-de-dos-secuestrados\/","url":"https:\/\/www.fiscalia.gov.co\/colombia\/noticias\/carcel-para-una-pareja-quienes-habrian-prestado-sus-cuentas-para-recibir-dinero-de-extorsion-por-liberacion-de-dos-secuestrados\/","name":"Fiscal\u00eda General de la Naci\u00f3n","isPartOf":{"@id":"https:\/\/www.fiscalia.gov.co\/colombia\/#website"},"primaryImageOfPage":{"@id":"https:\/\/www.fiscalia.gov.co\/colombia\/noticias\/carcel-para-una-pareja-quienes-habrian-prestado-sus-cuentas-para-recibir-dinero-de-extorsion-por-liberacion-de-dos-secuestrados\/#primaryimage"},"image":{"@id":"https:\/\/www.fiscalia.gov.co\/colombia\/noticias\/carcel-para-una-pareja-quienes-habrian-prestado-sus-cuentas-para-recibir-dinero-de-extorsion-por-liberacion-de-dos-secuestrados\/#primaryimage"},"thumbnailUrl":"https:\/\/www.fiscalia.gov.co\/colombia\/wp-content\/uploads\/WhatsApp-Image-2023-05-15-at-8.37.49-AM-300x241.jpeg","datePublished":"2023-05-15T15:31:22+00:00","dateModified":"2023-05-15T15:31:22+00:00","description":"P\u00e1gina oficial de la Fiscal\u00eda General de la Naci\u00f3n \u2013 Colombia. Garantizamos el acceso efectivo a la justicia, la verdad y la reparaci\u00f3n de las v\u00edctimas de los delitos.","breadcrumb":{"@id":"https:\/\/www.fiscalia.gov.co\/colombia\/noticias\/carcel-para-una-pareja-quienes-habrian-prestado-sus-cuentas-para-recibir-dinero-de-extorsion-por-liberacion-de-dos-secuestrados\/#breadcrumb"},"inLanguage":"es-CO","potentialAction":[{"@type":"ReadAction","target":["https:\/\/www.fiscalia.gov.co\/colombia\/noticias\/carcel-para-una-pareja-quienes-habrian-prestado-sus-cuentas-para-recibir-dinero-de-extorsion-por-liberacion-de-dos-secuestrados\/"]}]},{"@type":"ImageObject","inLanguage":"es-CO","@id":"https:\/\/www.fiscalia.gov.co\/colombia\/noticias\/carcel-para-una-pareja-quienes-habrian-prestado-sus-cuentas-para-recibir-dinero-de-extorsion-por-liberacion-de-dos-secuestrados\/#primaryimage","url":"https:\/\/www.fiscalia.gov.co\/colombia\/wp-content\/uploads\/WhatsApp-Image-2023-05-15-at-8.37.49-AM-300x241.jpeg","contentUrl":"https:\/\/www.fiscalia.gov.co\/colombia\/wp-content\/uploads\/WhatsApp-Image-2023-05-15-at-8.37.49-AM-300x241.jpeg"},{"@type":"BreadcrumbList","@id":"https:\/\/www.fiscalia.gov.co\/colombia\/noticias\/carcel-para-una-pareja-quienes-habrian-prestado-sus-cuentas-para-recibir-dinero-de-extorsion-por-liberacion-de-dos-secuestrados\/#breadcrumb","itemListElement":[{"@type":"ListItem","position":1,"name":"Home","item":"https:\/\/www.fiscalia.gov.co\/colombia\/"},{"@type":"ListItem","position":2,"name":"C\u00e1rcel para una pareja, quienes habr\u00edan prestado sus cuentas para recibir dinero de extorsi\u00f3n por liberaci\u00f3n de dos secuestrados"}]},{"@type":"WebSite","@id":"https:\/\/www.fiscalia.gov.co\/colombia\/#website","url":"https:\/\/www.fiscalia.gov.co\/colombia\/","name":"Fiscal\u00eda General de la Naci\u00f3n","description":"P\u00e1gina oficial de la Fiscal\u00eda General de la Naci\u00f3n \u2013 Colombia. Garantizamos el acceso efectivo a la justicia, la verdad y la reparaci\u00f3n de las v\u00edctimas de los delitos.","publisher":{"@id":"https:\/\/www.fiscalia.gov.co\/colombia\/#organization"},"potentialAction":[{"@type":"SearchAction","target":{"@type":"EntryPoint","urlTemplate":"https:\/\/www.fiscalia.gov.co\/colombia\/?s={search_term_string}"},"query-input":{"@type":"PropertyValueSpecification","valueRequired":true,"valueName":"search_term_string"}}],"inLanguage":"es-CO"},{"@type":"Organization","@id":"https:\/\/www.fiscalia.gov.co\/colombia\/#organization","name":"Fiscal\u00eda General de la Naci\u00f3n","url":"https:\/\/www.fiscalia.gov.co\/colombia\/","logo":{"@type":"ImageObject","inLanguage":"es-CO","@id":"https:\/\/www.fiscalia.gov.co\/colombia\/#\/schema\/logo\/image\/","url":"https:\/\/www.fiscalia.gov.co\/colombia\/wp-content\/uploads\/LogoHorizontal_1.jpg","contentUrl":"https:\/\/www.fiscalia.gov.co\/colombia\/wp-content\/uploads\/LogoHorizontal_1.jpg","width":300,"height":90,"caption":"Fiscal\u00eda General de la Naci\u00f3n"},"image":{"@id":"https:\/\/www.fiscalia.gov.co\/colombia\/#\/schema\/logo\/image\/"},"sameAs":["https:\/\/www.facebook.com\/FiscaliaCol","https:\/\/x.com\/FiscaliaCol","https:\/\/www.instagram.com\/fiscaliacol","https:\/\/www.linkedin.com\/company\/fiscalia-general-de-la-naci-n\/","https:\/\/youtube.com\/@fiscaliageneraldelanacion-4668?si=6nN79nyQICPU5iTh"]},{"@type":"Person","@id":"https:\/\/www.fiscalia.gov.co\/colombia\/#\/schema\/person\/176195b99ebab0a52aafa15197e1bf80","name":"Winnie Geraldine Rodr\u00edguez Navarrete","image":{"@type":"ImageObject","inLanguage":"es-CO","@id":"https:\/\/www.fiscalia.gov.co\/colombia\/#\/schema\/person\/image\/","url":"https:\/\/secure.gravatar.com\/avatar\/c24cf8481dc84fa5e8c7b20bc95ab0c6?s=96&d=mm&r=g","contentUrl":"https:\/\/secure.gravatar.com\/avatar\/c24cf8481dc84fa5e8c7b20bc95ab0c6?s=96&d=mm&r=g","caption":"Winnie Geraldine Rodr\u00edguez Navarrete"},"url":"https:\/\/www.fiscalia.gov.co\/colombia\/author\/winnierodriguez\/"}]}},"_links":{"self":[{"href":"https:\/\/www.fiscalia.gov.co\/colombia\/wp-json\/wp\/v2\/posts\/271480","targetHints":{"allow":["GET"]}}],"collection":[{"href":"https:\/\/www.fiscalia.gov.co\/colombia\/wp-json\/wp\/v2\/posts"}],"about":[{"href":"https:\/\/www.fiscalia.gov.co\/colombia\/wp-json\/wp\/v2\/types\/post"}],"author":[{"embeddable":true,"href":"https:\/\/www.fiscalia.gov.co\/colombia\/wp-json\/wp\/v2\/users\/178"}],"replies":[{"embeddable":true,"href":"https:\/\/www.fiscalia.gov.co\/colombia\/wp-json\/wp\/v2\/comments?post=271480"}],"version-history":[{"count":1,"href":"https:\/\/www.fiscalia.gov.co\/colombia\/wp-json\/wp\/v2\/posts\/271480\/revisions"}],"predecessor-version":[{"id":271483,"href":"https:\/\/www.fiscalia.gov.co\/colombia\/wp-json\/wp\/v2\/posts\/271480\/revisions\/271483"}],"wp:attachment":[{"href":"https:\/\/www.fiscalia.gov.co\/colombia\/wp-json\/wp\/v2\/media?parent=271480"}],"wp:term":[{"taxonomy":"category","embeddable":true,"href":"https:\/\/www.fiscalia.gov.co\/colombia\/wp-json\/wp\/v2\/categories?post=271480"},{"taxonomy":"post_tag","embeddable":true,"href":"https:\/\/www.fiscalia.gov.co\/colombia\/wp-json\/wp\/v2\/tags?post=271480"}],"curies":[{"name":"wp","href":"https:\/\/api.w.org\/{rel}","templated":true}]}}