{"id":271474,"date":"2023-05-15T10:21:29","date_gmt":"2023-05-15T15:21:29","guid":{"rendered":"https:\/\/www.fiscalia.gov.co\/colombia\/?p=271474"},"modified":"2023-05-15T10:21:29","modified_gmt":"2023-05-15T15:21:29","slug":"por-solicitud-de-la-fiscalia-en-el-vichada-fue-enviada-a-la-carcel-mujer-que-habria-asesinado-a-su-esposo","status":"publish","type":"post","link":"https:\/\/www.fiscalia.gov.co\/colombia\/noticias\/por-solicitud-de-la-fiscalia-en-el-vichada-fue-enviada-a-la-carcel-mujer-que-habria-asesinado-a-su-esposo\/","title":{"rendered":"Por solicitud de la Fiscal\u00eda en el Vichada fue enviada a la c\u00e1rcel mujer que habr\u00eda asesinado a su esposo"},"content":{"rendered":"<p>Un Fiscal de la Seccional Vichada, logr\u00f3 que un juez del circuito de Cumaribo (Vichada), legalizara la captura y dictara medida carcelaria contra Martina Vel\u00e1squez Mart\u00ednez, quien, al parecer, habr\u00eda atacado a su compa\u00f1ero sentimental con un arma de fuego tipo escopeta, ceg\u00e1ndole la vida.<\/p>\n<p>Los hechos presuntamente sucedieron en la finca La Rosita, zona rural del municipio de Cumaribo en el Vichada, el 14 de abril pasado, entre las 4 y las 6 de la tarde, seg\u00fan las investigaciones adelantadas por los expertos del ente acusador.<\/p>\n<figure id=\"attachment_271475\" aria-describedby=\"caption-attachment-271475\" style=\"width: 435px\" class=\"wp-caption aligncenter\"><img loading=\"lazy\" decoding=\"async\" class=\" wp-image-271475\" src=\"https:\/\/www.fiscalia.gov.co\/colombia\/wp-content\/uploads\/Imagen-de-WhatsApp-2023-05-12-a-las-14.11.01-300x180.jpg\" alt=\"La mujer aparece sentada frente a una c\u00e1mara, en medio del desarrollo de las audiencias ante el juez con funciones de control de garant\u00edas.\" width=\"435\" height=\"261\" srcset=\"https:\/\/www.fiscalia.gov.co\/colombia\/wp-content\/uploads\/Imagen-de-WhatsApp-2023-05-12-a-las-14.11.01-300x180.jpg 300w, https:\/\/www.fiscalia.gov.co\/colombia\/wp-content\/uploads\/Imagen-de-WhatsApp-2023-05-12-a-las-14.11.01-768x461.jpg 768w, https:\/\/www.fiscalia.gov.co\/colombia\/wp-content\/uploads\/Imagen-de-WhatsApp-2023-05-12-a-las-14.11.01-696x418.jpg 696w, https:\/\/www.fiscalia.gov.co\/colombia\/wp-content\/uploads\/Imagen-de-WhatsApp-2023-05-12-a-las-14.11.01-700x420.jpg 700w, https:\/\/www.fiscalia.gov.co\/colombia\/wp-content\/uploads\/Imagen-de-WhatsApp-2023-05-12-a-las-14.11.01.jpg 960w\" sizes=\"auto, (max-width: 435px) 100vw, 435px\" \/><figcaption id=\"caption-attachment-271475\" class=\"wp-caption-text\">Martina Vel\u00e1squez fue capturada como presunta responsable del homicidio de su compa\u00f1ero sentimental en medio de una discusi\u00f3n, fue imputada por los delitos de homicidio agravado y porte ilegal de armas.<\/figcaption><\/figure>\n<p>Aunque inicialmente la capturada dijo que se trataba de un suicidio, los elementos materiales probatorios mostraron lo contrario, y, al parecer, todo habr\u00eda sucedido en medio de una\u00a0discusi\u00f3n\u00a0de pareja.<\/p>\n<p>El fiscal le imput\u00f3 los delitos de\u00a0homicidio agravado en concurso\u00a0porte ilegal de armas,\u00a0y aunque la mujer no se allan\u00f3 a los cargos, la medida intramuros qued\u00f3 en firme.<\/p>\n<p>Esta informaci\u00f3n se publica por razones de inter\u00e9s general.<\/p>\n<p><b>La Fiscal\u00eda habla con resultados.<\/b><\/p>\n<p>&nbsp;<\/p>\n<p>LAZL\/FAGH\/CMCH\/DSV\/<\/p>\n<p>&nbsp;<\/p>\n<p><i>La informaci\u00f3n contenida en este bolet\u00edn de prensa corresponde a la narraci\u00f3n de los hechos noticiosos objetivos, suministrados por los funcionarios encargados de adelantar las investigaciones penales al interior de la Fiscal\u00eda General de la Naci\u00f3n. Para el momento de la divulgaci\u00f3n de este comunicado, la situaci\u00f3n jur\u00eddica de la(s) persona(s) relacionada(s) se encuentra pendiente de resolver por la autoridad judicial competente, siempre bajo los preceptos de la presunci\u00f3n de inocencia, consagrados en el art\u00edculo 29 de la Constituci\u00f3n Pol\u00edtica y el art\u00edculo 7\u00ba de la Ley 906 de 2004.<\/i><\/p>\n\n<div class=\"twitter-share\"><a href=\"https:\/\/twitter.com\/intent\/tweet?via=fiscaliacol\" class=\"twitter-share-button\">Tweet<\/a><\/div>\n","protected":false},"excerpt":{"rendered":"<p>Un Fiscal de la Seccional Vichada, logr\u00f3 que un juez del circuito de Cumaribo (Vichada), legalizara la captura y dictara medida carcelaria contra Martina Vel\u00e1squez Mart\u00ednez, quien, al parecer, habr\u00eda atacado a su compa\u00f1ero sentimental con un arma de fuego tipo escopeta, ceg\u00e1ndole la vida. Los hechos presuntamente sucedieron en la finca La Rosita, zona [&hellip;]<\/p>\n","protected":false},"author":178,"featured_media":0,"comment_status":"closed","ping_status":"open","sticky":false,"template":"","format":"standard","meta":{"_price":"","_stock":"","_tribe_ticket_header":"","_tribe_default_ticket_provider":"","_tribe_ticket_capacity":"0","_ticket_start_date":"","_ticket_end_date":"","_tribe_ticket_show_description":"","_tribe_ticket_show_not_going":false,"_tribe_ticket_use_global_stock":"","_tribe_ticket_global_stock_level":"","_global_stock_mode":"","_global_stock_cap":"","_tribe_rsvp_for_event":"","_tribe_ticket_going_count":"","_tribe_ticket_not_going_count":"","_tribe_tickets_list":"[]","_tribe_ticket_has_attendee_info_fields":false,"tdm_status":"","tdm_grid_status":"","footnotes":""},"categories":[1,12637,303,24099],"tags":[924,1047,34651,1185,31918],"class_list":{"0":"post-271474","1":"post","2":"type-post","3":"status-publish","4":"format-standard","6":"category-noticias","7":"category-seccional-vichada","8":"category-seccionales","9":"category-seguridad-territorial","10":"tag-captura","11":"tag-fiscalia-general-de-la-nacion","12":"tag-homicidio-agravado-en-concurso-porte-ilegal-de-armas","13":"tag-medida-de-aseguramiento","14":"tag-puerto-carreno-vichada"},"yoast_head":"<!-- This site is optimized with the Yoast SEO plugin v24.3 - https:\/\/yoast.com\/wordpress\/plugins\/seo\/ -->\n<title>Fiscal\u00eda General de la Naci\u00f3n<\/title>\n<meta name=\"description\" content=\"P\u00e1gina oficial de la Fiscal\u00eda General de la Naci\u00f3n \u2013 Colombia. Garantizamos el acceso efectivo a la justicia, la verdad y la reparaci\u00f3n de las v\u00edctimas de los delitos.\" \/>\n<meta name=\"robots\" content=\"noindex, follow\" \/>\n<meta property=\"og:locale\" content=\"es_ES\" \/>\n<meta property=\"og:type\" content=\"article\" \/>\n<meta property=\"og:title\" content=\"Fiscal\u00eda General de la Naci\u00f3n\" \/>\n<meta property=\"og:description\" content=\"P\u00e1gina oficial de la Fiscal\u00eda General de la Naci\u00f3n \u2013 Colombia. Garantizamos el acceso efectivo a la justicia, la verdad y la reparaci\u00f3n de las v\u00edctimas de los delitos.\" \/>\n<meta property=\"og:url\" content=\"https:\/\/www.fiscalia.gov.co\/colombia\/noticias\/por-solicitud-de-la-fiscalia-en-el-vichada-fue-enviada-a-la-carcel-mujer-que-habria-asesinado-a-su-esposo\/\" \/>\n<meta property=\"og:site_name\" content=\"Fiscal\u00eda General de la Naci\u00f3n\" \/>\n<meta property=\"article:publisher\" content=\"https:\/\/www.facebook.com\/FiscaliaCol\" \/>\n<meta property=\"article:published_time\" content=\"2023-05-15T15:21:29+00:00\" \/>\n<meta property=\"og:image\" content=\"https:\/\/www.fiscalia.gov.co\/colombia\/wp-content\/uploads\/Imagen-de-WhatsApp-2023-05-12-a-las-14.11.01-300x180.jpg\" \/>\n<meta name=\"author\" content=\"Winnie Geraldine Rodr\u00edguez Navarrete\" \/>\n<meta name=\"twitter:card\" content=\"summary_large_image\" \/>\n<meta name=\"twitter:creator\" content=\"@FiscaliaCol\" \/>\n<meta name=\"twitter:site\" content=\"@FiscaliaCol\" \/>\n<meta name=\"twitter:label1\" content=\"Escrito por\" \/>\n\t<meta name=\"twitter:data1\" content=\"Winnie Geraldine Rodr\u00edguez Navarrete\" \/>\n\t<meta name=\"twitter:label2\" content=\"Tiempo de lectura\" \/>\n\t<meta name=\"twitter:data2\" content=\"2 minutos\" \/>\n<script type=\"application\/ld+json\" class=\"yoast-schema-graph\">{\"@context\":\"https:\/\/schema.org\",\"@graph\":[{\"@type\":\"Article\",\"@id\":\"https:\/\/www.fiscalia.gov.co\/colombia\/noticias\/por-solicitud-de-la-fiscalia-en-el-vichada-fue-enviada-a-la-carcel-mujer-que-habria-asesinado-a-su-esposo\/#article\",\"isPartOf\":{\"@id\":\"https:\/\/www.fiscalia.gov.co\/colombia\/noticias\/por-solicitud-de-la-fiscalia-en-el-vichada-fue-enviada-a-la-carcel-mujer-que-habria-asesinado-a-su-esposo\/\"},\"author\":{\"name\":\"Winnie Geraldine Rodr\u00edguez Navarrete\",\"@id\":\"https:\/\/www.fiscalia.gov.co\/colombia\/#\/schema\/person\/176195b99ebab0a52aafa15197e1bf80\"},\"headline\":\"Por solicitud de la Fiscal\u00eda en el Vichada fue enviada a la c\u00e1rcel mujer que habr\u00eda asesinado a su esposo\",\"datePublished\":\"2023-05-15T15:21:29+00:00\",\"dateModified\":\"2023-05-15T15:21:29+00:00\",\"mainEntityOfPage\":{\"@id\":\"https:\/\/www.fiscalia.gov.co\/colombia\/noticias\/por-solicitud-de-la-fiscalia-en-el-vichada-fue-enviada-a-la-carcel-mujer-que-habria-asesinado-a-su-esposo\/\"},\"wordCount\":343,\"publisher\":{\"@id\":\"https:\/\/www.fiscalia.gov.co\/colombia\/#organization\"},\"image\":{\"@id\":\"https:\/\/www.fiscalia.gov.co\/colombia\/noticias\/por-solicitud-de-la-fiscalia-en-el-vichada-fue-enviada-a-la-carcel-mujer-que-habria-asesinado-a-su-esposo\/#primaryimage\"},\"thumbnailUrl\":\"https:\/\/www.fiscalia.gov.co\/colombia\/wp-content\/uploads\/Imagen-de-WhatsApp-2023-05-12-a-las-14.11.01-300x180.jpg\",\"keywords\":[\"Captura\",\"Fiscal\u00eda General de la Naci\u00f3n\",\"homicidio agravado en concurso porte ilegal de armas\",\"Medida de aseguramiento\",\"Puerto Carre\u00f1o (Vichada)\"],\"articleSection\":[\"Noticias\",\"Seccional Vichada\",\"Seccionales\",\"Seguridad territorial\"],\"inLanguage\":\"es-CO\"},{\"@type\":\"WebPage\",\"@id\":\"https:\/\/www.fiscalia.gov.co\/colombia\/noticias\/por-solicitud-de-la-fiscalia-en-el-vichada-fue-enviada-a-la-carcel-mujer-que-habria-asesinado-a-su-esposo\/\",\"url\":\"https:\/\/www.fiscalia.gov.co\/colombia\/noticias\/por-solicitud-de-la-fiscalia-en-el-vichada-fue-enviada-a-la-carcel-mujer-que-habria-asesinado-a-su-esposo\/\",\"name\":\"Fiscal\u00eda General de la Naci\u00f3n\",\"isPartOf\":{\"@id\":\"https:\/\/www.fiscalia.gov.co\/colombia\/#website\"},\"primaryImageOfPage\":{\"@id\":\"https:\/\/www.fiscalia.gov.co\/colombia\/noticias\/por-solicitud-de-la-fiscalia-en-el-vichada-fue-enviada-a-la-carcel-mujer-que-habria-asesinado-a-su-esposo\/#primaryimage\"},\"image\":{\"@id\":\"https:\/\/www.fiscalia.gov.co\/colombia\/noticias\/por-solicitud-de-la-fiscalia-en-el-vichada-fue-enviada-a-la-carcel-mujer-que-habria-asesinado-a-su-esposo\/#primaryimage\"},\"thumbnailUrl\":\"https:\/\/www.fiscalia.gov.co\/colombia\/wp-content\/uploads\/Imagen-de-WhatsApp-2023-05-12-a-las-14.11.01-300x180.jpg\",\"datePublished\":\"2023-05-15T15:21:29+00:00\",\"dateModified\":\"2023-05-15T15:21:29+00:00\",\"description\":\"P\u00e1gina oficial de la Fiscal\u00eda General de la Naci\u00f3n \u2013 Colombia. Garantizamos el acceso efectivo a la justicia, la verdad y la reparaci\u00f3n de las v\u00edctimas de los delitos.\",\"breadcrumb\":{\"@id\":\"https:\/\/www.fiscalia.gov.co\/colombia\/noticias\/por-solicitud-de-la-fiscalia-en-el-vichada-fue-enviada-a-la-carcel-mujer-que-habria-asesinado-a-su-esposo\/#breadcrumb\"},\"inLanguage\":\"es-CO\",\"potentialAction\":[{\"@type\":\"ReadAction\",\"target\":[\"https:\/\/www.fiscalia.gov.co\/colombia\/noticias\/por-solicitud-de-la-fiscalia-en-el-vichada-fue-enviada-a-la-carcel-mujer-que-habria-asesinado-a-su-esposo\/\"]}]},{\"@type\":\"ImageObject\",\"inLanguage\":\"es-CO\",\"@id\":\"https:\/\/www.fiscalia.gov.co\/colombia\/noticias\/por-solicitud-de-la-fiscalia-en-el-vichada-fue-enviada-a-la-carcel-mujer-que-habria-asesinado-a-su-esposo\/#primaryimage\",\"url\":\"https:\/\/www.fiscalia.gov.co\/colombia\/wp-content\/uploads\/Imagen-de-WhatsApp-2023-05-12-a-las-14.11.01.jpg\",\"contentUrl\":\"https:\/\/www.fiscalia.gov.co\/colombia\/wp-content\/uploads\/Imagen-de-WhatsApp-2023-05-12-a-las-14.11.01.jpg\",\"width\":960,\"height\":576,\"caption\":\"Martina Vel\u00e1squez fue capturada como presunta responsable del homicidio de su compa\u00f1ero sentimental en medio de una discusi\u00f3n, fue imputada por los delitos de homicidio agravado y porte ilegal de armas.\"},{\"@type\":\"BreadcrumbList\",\"@id\":\"https:\/\/www.fiscalia.gov.co\/colombia\/noticias\/por-solicitud-de-la-fiscalia-en-el-vichada-fue-enviada-a-la-carcel-mujer-que-habria-asesinado-a-su-esposo\/#breadcrumb\",\"itemListElement\":[{\"@type\":\"ListItem\",\"position\":1,\"name\":\"Home\",\"item\":\"https:\/\/www.fiscalia.gov.co\/colombia\/\"},{\"@type\":\"ListItem\",\"position\":2,\"name\":\"Por solicitud de la Fiscal\u00eda en el Vichada fue enviada a la c\u00e1rcel mujer que habr\u00eda asesinado a su esposo\"}]},{\"@type\":\"WebSite\",\"@id\":\"https:\/\/www.fiscalia.gov.co\/colombia\/#website\",\"url\":\"https:\/\/www.fiscalia.gov.co\/colombia\/\",\"name\":\"Fiscal\u00eda General de la Naci\u00f3n\",\"description\":\"P\u00e1gina oficial de la Fiscal\u00eda General de la Naci\u00f3n \u2013 Colombia. Garantizamos el acceso efectivo a la justicia, la verdad y la reparaci\u00f3n de las v\u00edctimas de los delitos.\",\"publisher\":{\"@id\":\"https:\/\/www.fiscalia.gov.co\/colombia\/#organization\"},\"potentialAction\":[{\"@type\":\"SearchAction\",\"target\":{\"@type\":\"EntryPoint\",\"urlTemplate\":\"https:\/\/www.fiscalia.gov.co\/colombia\/?s={search_term_string}\"},\"query-input\":{\"@type\":\"PropertyValueSpecification\",\"valueRequired\":true,\"valueName\":\"search_term_string\"}}],\"inLanguage\":\"es-CO\"},{\"@type\":\"Organization\",\"@id\":\"https:\/\/www.fiscalia.gov.co\/colombia\/#organization\",\"name\":\"Fiscal\u00eda General de la Naci\u00f3n\",\"url\":\"https:\/\/www.fiscalia.gov.co\/colombia\/\",\"logo\":{\"@type\":\"ImageObject\",\"inLanguage\":\"es-CO\",\"@id\":\"https:\/\/www.fiscalia.gov.co\/colombia\/#\/schema\/logo\/image\/\",\"url\":\"https:\/\/www.fiscalia.gov.co\/colombia\/wp-content\/uploads\/LogoHorizontal_1.jpg\",\"contentUrl\":\"https:\/\/www.fiscalia.gov.co\/colombia\/wp-content\/uploads\/LogoHorizontal_1.jpg\",\"width\":300,\"height\":90,\"caption\":\"Fiscal\u00eda General de la Naci\u00f3n\"},\"image\":{\"@id\":\"https:\/\/www.fiscalia.gov.co\/colombia\/#\/schema\/logo\/image\/\"},\"sameAs\":[\"https:\/\/www.facebook.com\/FiscaliaCol\",\"https:\/\/x.com\/FiscaliaCol\",\"https:\/\/www.instagram.com\/fiscaliacol\",\"https:\/\/www.linkedin.com\/company\/fiscalia-general-de-la-naci-n\/\",\"https:\/\/youtube.com\/@fiscaliageneraldelanacion-4668?si=6nN79nyQICPU5iTh\"]},{\"@type\":\"Person\",\"@id\":\"https:\/\/www.fiscalia.gov.co\/colombia\/#\/schema\/person\/176195b99ebab0a52aafa15197e1bf80\",\"name\":\"Winnie Geraldine Rodr\u00edguez Navarrete\",\"image\":{\"@type\":\"ImageObject\",\"inLanguage\":\"es-CO\",\"@id\":\"https:\/\/www.fiscalia.gov.co\/colombia\/#\/schema\/person\/image\/\",\"url\":\"https:\/\/secure.gravatar.com\/avatar\/c24cf8481dc84fa5e8c7b20bc95ab0c6?s=96&d=mm&r=g\",\"contentUrl\":\"https:\/\/secure.gravatar.com\/avatar\/c24cf8481dc84fa5e8c7b20bc95ab0c6?s=96&d=mm&r=g\",\"caption\":\"Winnie Geraldine Rodr\u00edguez Navarrete\"},\"url\":\"https:\/\/www.fiscalia.gov.co\/colombia\/author\/winnierodriguez\/\"}]}<\/script>\n<!-- \/ Yoast SEO plugin. -->","yoast_head_json":{"title":"Fiscal\u00eda General de la Naci\u00f3n","description":"P\u00e1gina oficial de la Fiscal\u00eda General de la Naci\u00f3n \u2013 Colombia. Garantizamos el acceso efectivo a la justicia, la verdad y la reparaci\u00f3n de las v\u00edctimas de los delitos.","robots":{"index":"noindex","follow":"follow"},"og_locale":"es_ES","og_type":"article","og_title":"Fiscal\u00eda General de la Naci\u00f3n","og_description":"P\u00e1gina oficial de la Fiscal\u00eda General de la Naci\u00f3n \u2013 Colombia. Garantizamos el acceso efectivo a la justicia, la verdad y la reparaci\u00f3n de las v\u00edctimas de los delitos.","og_url":"https:\/\/www.fiscalia.gov.co\/colombia\/noticias\/por-solicitud-de-la-fiscalia-en-el-vichada-fue-enviada-a-la-carcel-mujer-que-habria-asesinado-a-su-esposo\/","og_site_name":"Fiscal\u00eda General de la Naci\u00f3n","article_publisher":"https:\/\/www.facebook.com\/FiscaliaCol","article_published_time":"2023-05-15T15:21:29+00:00","og_image":[{"url":"https:\/\/www.fiscalia.gov.co\/colombia\/wp-content\/uploads\/Imagen-de-WhatsApp-2023-05-12-a-las-14.11.01-300x180.jpg","type":"","width":"","height":""}],"author":"Winnie Geraldine Rodr\u00edguez Navarrete","twitter_card":"summary_large_image","twitter_creator":"@FiscaliaCol","twitter_site":"@FiscaliaCol","twitter_misc":{"Escrito por":"Winnie Geraldine Rodr\u00edguez Navarrete","Tiempo de lectura":"2 minutos"},"schema":{"@context":"https:\/\/schema.org","@graph":[{"@type":"Article","@id":"https:\/\/www.fiscalia.gov.co\/colombia\/noticias\/por-solicitud-de-la-fiscalia-en-el-vichada-fue-enviada-a-la-carcel-mujer-que-habria-asesinado-a-su-esposo\/#article","isPartOf":{"@id":"https:\/\/www.fiscalia.gov.co\/colombia\/noticias\/por-solicitud-de-la-fiscalia-en-el-vichada-fue-enviada-a-la-carcel-mujer-que-habria-asesinado-a-su-esposo\/"},"author":{"name":"Winnie Geraldine Rodr\u00edguez Navarrete","@id":"https:\/\/www.fiscalia.gov.co\/colombia\/#\/schema\/person\/176195b99ebab0a52aafa15197e1bf80"},"headline":"Por solicitud de la Fiscal\u00eda en el Vichada fue enviada a la c\u00e1rcel mujer que habr\u00eda asesinado a su esposo","datePublished":"2023-05-15T15:21:29+00:00","dateModified":"2023-05-15T15:21:29+00:00","mainEntityOfPage":{"@id":"https:\/\/www.fiscalia.gov.co\/colombia\/noticias\/por-solicitud-de-la-fiscalia-en-el-vichada-fue-enviada-a-la-carcel-mujer-que-habria-asesinado-a-su-esposo\/"},"wordCount":343,"publisher":{"@id":"https:\/\/www.fiscalia.gov.co\/colombia\/#organization"},"image":{"@id":"https:\/\/www.fiscalia.gov.co\/colombia\/noticias\/por-solicitud-de-la-fiscalia-en-el-vichada-fue-enviada-a-la-carcel-mujer-que-habria-asesinado-a-su-esposo\/#primaryimage"},"thumbnailUrl":"https:\/\/www.fiscalia.gov.co\/colombia\/wp-content\/uploads\/Imagen-de-WhatsApp-2023-05-12-a-las-14.11.01-300x180.jpg","keywords":["Captura","Fiscal\u00eda General de la Naci\u00f3n","homicidio agravado en concurso porte ilegal de armas","Medida de aseguramiento","Puerto Carre\u00f1o (Vichada)"],"articleSection":["Noticias","Seccional Vichada","Seccionales","Seguridad territorial"],"inLanguage":"es-CO"},{"@type":"WebPage","@id":"https:\/\/www.fiscalia.gov.co\/colombia\/noticias\/por-solicitud-de-la-fiscalia-en-el-vichada-fue-enviada-a-la-carcel-mujer-que-habria-asesinado-a-su-esposo\/","url":"https:\/\/www.fiscalia.gov.co\/colombia\/noticias\/por-solicitud-de-la-fiscalia-en-el-vichada-fue-enviada-a-la-carcel-mujer-que-habria-asesinado-a-su-esposo\/","name":"Fiscal\u00eda General de la Naci\u00f3n","isPartOf":{"@id":"https:\/\/www.fiscalia.gov.co\/colombia\/#website"},"primaryImageOfPage":{"@id":"https:\/\/www.fiscalia.gov.co\/colombia\/noticias\/por-solicitud-de-la-fiscalia-en-el-vichada-fue-enviada-a-la-carcel-mujer-que-habria-asesinado-a-su-esposo\/#primaryimage"},"image":{"@id":"https:\/\/www.fiscalia.gov.co\/colombia\/noticias\/por-solicitud-de-la-fiscalia-en-el-vichada-fue-enviada-a-la-carcel-mujer-que-habria-asesinado-a-su-esposo\/#primaryimage"},"thumbnailUrl":"https:\/\/www.fiscalia.gov.co\/colombia\/wp-content\/uploads\/Imagen-de-WhatsApp-2023-05-12-a-las-14.11.01-300x180.jpg","datePublished":"2023-05-15T15:21:29+00:00","dateModified":"2023-05-15T15:21:29+00:00","description":"P\u00e1gina oficial de la Fiscal\u00eda General de la Naci\u00f3n \u2013 Colombia. Garantizamos el acceso efectivo a la justicia, la verdad y la reparaci\u00f3n de las v\u00edctimas de los delitos.","breadcrumb":{"@id":"https:\/\/www.fiscalia.gov.co\/colombia\/noticias\/por-solicitud-de-la-fiscalia-en-el-vichada-fue-enviada-a-la-carcel-mujer-que-habria-asesinado-a-su-esposo\/#breadcrumb"},"inLanguage":"es-CO","potentialAction":[{"@type":"ReadAction","target":["https:\/\/www.fiscalia.gov.co\/colombia\/noticias\/por-solicitud-de-la-fiscalia-en-el-vichada-fue-enviada-a-la-carcel-mujer-que-habria-asesinado-a-su-esposo\/"]}]},{"@type":"ImageObject","inLanguage":"es-CO","@id":"https:\/\/www.fiscalia.gov.co\/colombia\/noticias\/por-solicitud-de-la-fiscalia-en-el-vichada-fue-enviada-a-la-carcel-mujer-que-habria-asesinado-a-su-esposo\/#primaryimage","url":"https:\/\/www.fiscalia.gov.co\/colombia\/wp-content\/uploads\/Imagen-de-WhatsApp-2023-05-12-a-las-14.11.01.jpg","contentUrl":"https:\/\/www.fiscalia.gov.co\/colombia\/wp-content\/uploads\/Imagen-de-WhatsApp-2023-05-12-a-las-14.11.01.jpg","width":960,"height":576,"caption":"Martina Vel\u00e1squez fue capturada como presunta responsable del homicidio de su compa\u00f1ero sentimental en medio de una discusi\u00f3n, fue imputada por los delitos de homicidio agravado y porte ilegal de armas."},{"@type":"BreadcrumbList","@id":"https:\/\/www.fiscalia.gov.co\/colombia\/noticias\/por-solicitud-de-la-fiscalia-en-el-vichada-fue-enviada-a-la-carcel-mujer-que-habria-asesinado-a-su-esposo\/#breadcrumb","itemListElement":[{"@type":"ListItem","position":1,"name":"Home","item":"https:\/\/www.fiscalia.gov.co\/colombia\/"},{"@type":"ListItem","position":2,"name":"Por solicitud de la Fiscal\u00eda en el Vichada fue enviada a la c\u00e1rcel mujer que habr\u00eda asesinado a su esposo"}]},{"@type":"WebSite","@id":"https:\/\/www.fiscalia.gov.co\/colombia\/#website","url":"https:\/\/www.fiscalia.gov.co\/colombia\/","name":"Fiscal\u00eda General de la Naci\u00f3n","description":"P\u00e1gina oficial de la Fiscal\u00eda General de la Naci\u00f3n \u2013 Colombia. Garantizamos el acceso efectivo a la justicia, la verdad y la reparaci\u00f3n de las v\u00edctimas de los delitos.","publisher":{"@id":"https:\/\/www.fiscalia.gov.co\/colombia\/#organization"},"potentialAction":[{"@type":"SearchAction","target":{"@type":"EntryPoint","urlTemplate":"https:\/\/www.fiscalia.gov.co\/colombia\/?s={search_term_string}"},"query-input":{"@type":"PropertyValueSpecification","valueRequired":true,"valueName":"search_term_string"}}],"inLanguage":"es-CO"},{"@type":"Organization","@id":"https:\/\/www.fiscalia.gov.co\/colombia\/#organization","name":"Fiscal\u00eda General de la Naci\u00f3n","url":"https:\/\/www.fiscalia.gov.co\/colombia\/","logo":{"@type":"ImageObject","inLanguage":"es-CO","@id":"https:\/\/www.fiscalia.gov.co\/colombia\/#\/schema\/logo\/image\/","url":"https:\/\/www.fiscalia.gov.co\/colombia\/wp-content\/uploads\/LogoHorizontal_1.jpg","contentUrl":"https:\/\/www.fiscalia.gov.co\/colombia\/wp-content\/uploads\/LogoHorizontal_1.jpg","width":300,"height":90,"caption":"Fiscal\u00eda General de la Naci\u00f3n"},"image":{"@id":"https:\/\/www.fiscalia.gov.co\/colombia\/#\/schema\/logo\/image\/"},"sameAs":["https:\/\/www.facebook.com\/FiscaliaCol","https:\/\/x.com\/FiscaliaCol","https:\/\/www.instagram.com\/fiscaliacol","https:\/\/www.linkedin.com\/company\/fiscalia-general-de-la-naci-n\/","https:\/\/youtube.com\/@fiscaliageneraldelanacion-4668?si=6nN79nyQICPU5iTh"]},{"@type":"Person","@id":"https:\/\/www.fiscalia.gov.co\/colombia\/#\/schema\/person\/176195b99ebab0a52aafa15197e1bf80","name":"Winnie Geraldine Rodr\u00edguez Navarrete","image":{"@type":"ImageObject","inLanguage":"es-CO","@id":"https:\/\/www.fiscalia.gov.co\/colombia\/#\/schema\/person\/image\/","url":"https:\/\/secure.gravatar.com\/avatar\/c24cf8481dc84fa5e8c7b20bc95ab0c6?s=96&d=mm&r=g","contentUrl":"https:\/\/secure.gravatar.com\/avatar\/c24cf8481dc84fa5e8c7b20bc95ab0c6?s=96&d=mm&r=g","caption":"Winnie Geraldine Rodr\u00edguez Navarrete"},"url":"https:\/\/www.fiscalia.gov.co\/colombia\/author\/winnierodriguez\/"}]}},"_links":{"self":[{"href":"https:\/\/www.fiscalia.gov.co\/colombia\/wp-json\/wp\/v2\/posts\/271474","targetHints":{"allow":["GET"]}}],"collection":[{"href":"https:\/\/www.fiscalia.gov.co\/colombia\/wp-json\/wp\/v2\/posts"}],"about":[{"href":"https:\/\/www.fiscalia.gov.co\/colombia\/wp-json\/wp\/v2\/types\/post"}],"author":[{"embeddable":true,"href":"https:\/\/www.fiscalia.gov.co\/colombia\/wp-json\/wp\/v2\/users\/178"}],"replies":[{"embeddable":true,"href":"https:\/\/www.fiscalia.gov.co\/colombia\/wp-json\/wp\/v2\/comments?post=271474"}],"version-history":[{"count":1,"href":"https:\/\/www.fiscalia.gov.co\/colombia\/wp-json\/wp\/v2\/posts\/271474\/revisions"}],"predecessor-version":[{"id":271476,"href":"https:\/\/www.fiscalia.gov.co\/colombia\/wp-json\/wp\/v2\/posts\/271474\/revisions\/271476"}],"wp:attachment":[{"href":"https:\/\/www.fiscalia.gov.co\/colombia\/wp-json\/wp\/v2\/media?parent=271474"}],"wp:term":[{"taxonomy":"category","embeddable":true,"href":"https:\/\/www.fiscalia.gov.co\/colombia\/wp-json\/wp\/v2\/categories?post=271474"},{"taxonomy":"post_tag","embeddable":true,"href":"https:\/\/www.fiscalia.gov.co\/colombia\/wp-json\/wp\/v2\/tags?post=271474"}],"curies":[{"name":"wp","href":"https:\/\/api.w.org\/{rel}","templated":true}]}}