{"id":271312,"date":"2023-05-11T11:05:33","date_gmt":"2023-05-11T16:05:33","guid":{"rendered":"https:\/\/www.fiscalia.gov.co\/colombia\/?p=271312"},"modified":"2023-05-11T11:05:33","modified_gmt":"2023-05-11T16:05:33","slug":"fiscalia-desmantelo-la-banda-correcaminos-dedicada-al-hurto-de-personas-y-al-hurto-de-vehiculos-en-narino","status":"publish","type":"post","link":"https:\/\/www.fiscalia.gov.co\/colombia\/noticias\/fiscalia-desmantelo-la-banda-correcaminos-dedicada-al-hurto-de-personas-y-al-hurto-de-vehiculos-en-narino\/","title":{"rendered":"Fiscal\u00eda desmantel\u00f3 la banda correcaminos, dedicada al hurto de personas y al hurto de veh\u00edculos en Nari\u00f1o"},"content":{"rendered":"<div id=\"m_-229564135645013863divtagdefaultwrapper\" dir=\"ltr\">\n<p>Los cinco presuntos integrantes de la banda Correcaminos fuero imputados con cargos por un fiscal de la Estructura de Apoyo (EDA) como presuntos autores de los delitos de hurto calificado y agravado, fabricaci\u00f3n, tr\u00e1fico y porte de armas de fuego y\u00a0<a href=\"https:\/\/www.fiscalia.gov.co\/colombia\/noticias\/tres-presuntos-integrantes-del-grupo-delincuencial-los-gordos-fueron-enviados-a-la-carcel-por-el-delito-de-concierto-para-delinquir-y-trafico-de-estupefacientes\/\" target=\"_blank\" rel=\"noopener\" data-saferedirecturl=\"https:\/\/www.google.com\/url?q=https:\/\/www.fiscalia.gov.co\/colombia\/noticias\/tres-presuntos-integrantes-del-grupo-delincuencial-los-gordos-fueron-enviados-a-la-carcel-por-el-delito-de-concierto-para-delinquir-y-trafico-de-estupefacientes\/&amp;source=gmail&amp;ust=1683906174912000&amp;usg=AOvVaw1JpJrEg8g2PV_NkmmflsQh\">concierto para delinquir<\/a>.<\/p>\n<figure id=\"attachment_271313\" aria-describedby=\"caption-attachment-271313\" style=\"width: 696px\" class=\"wp-caption aligncenter\"><img loading=\"lazy\" decoding=\"async\" class=\"size-large wp-image-271313\" src=\"https:\/\/www.fiscalia.gov.co\/colombia\/wp-content\/uploads\/WhatsApp-Image-2023-05-11-at-10.40.19-AM-1024x740.jpeg\" alt=\"En la fotograf\u00eda aparecen los 5 capturados junto a dos agentes de la Polic\u00eda Nacional. En la parte superior se observa un banner de la Polic\u00eda Nacional \" width=\"696\" height=\"503\" srcset=\"https:\/\/www.fiscalia.gov.co\/colombia\/wp-content\/uploads\/WhatsApp-Image-2023-05-11-at-10.40.19-AM-1024x740.jpeg 1024w, https:\/\/www.fiscalia.gov.co\/colombia\/wp-content\/uploads\/WhatsApp-Image-2023-05-11-at-10.40.19-AM-300x217.jpeg 300w, https:\/\/www.fiscalia.gov.co\/colombia\/wp-content\/uploads\/WhatsApp-Image-2023-05-11-at-10.40.19-AM-768x555.jpeg 768w, https:\/\/www.fiscalia.gov.co\/colombia\/wp-content\/uploads\/WhatsApp-Image-2023-05-11-at-10.40.19-AM-1536x1111.jpeg 1536w, https:\/\/www.fiscalia.gov.co\/colombia\/wp-content\/uploads\/WhatsApp-Image-2023-05-11-at-10.40.19-AM-696x503.jpeg 696w, https:\/\/www.fiscalia.gov.co\/colombia\/wp-content\/uploads\/WhatsApp-Image-2023-05-11-at-10.40.19-AM-1068x772.jpeg 1068w, https:\/\/www.fiscalia.gov.co\/colombia\/wp-content\/uploads\/WhatsApp-Image-2023-05-11-at-10.40.19-AM-581x420.jpeg 581w, https:\/\/www.fiscalia.gov.co\/colombia\/wp-content\/uploads\/WhatsApp-Image-2023-05-11-at-10.40.19-AM-324x235.jpeg 324w, https:\/\/www.fiscalia.gov.co\/colombia\/wp-content\/uploads\/WhatsApp-Image-2023-05-11-at-10.40.19-AM.jpeg 1600w\" sizes=\"auto, (max-width: 696px) 100vw, 696px\" \/><figcaption id=\"caption-attachment-271313\" class=\"wp-caption-text\">Los presuntos integrantes de la banda Correcaminos fueron asegurados con detenci\u00f3n carcelaria por un juez penal de Ipiales<\/figcaption><\/figure>\n<p>Luis Fernando Casapuaz Chapuel, Oscar Javier L\u00f3pez Mueses y Maikol Andr\u00e9s L\u00f3pez Mueses fueron cobijados por un juez penal de Ipiales con medida de aseguramiento consistente en detenci\u00f3n preventiva en establecimiento carcelario.<\/p>\n<p>Por su parte, Tatiana Lizeth Raspuezasn Grijalba, Erika Johana Raspuezan Grijalba fueron objeto de medida de aseguramiento en lugar de residencia dada su condici\u00f3n de madres cabeza de familia.<\/p>\n<p>Una fuente humana se acerc\u00f3 a la Fiscal\u00eda y declar\u00f3, que desde octubre de 2022, un grupo de personas ten\u00eda azotados a varios sectores de este municipio nari\u00f1ense con el hurto a personas, en la modalidad de atraco, y el\u00a0<a href=\"https:\/\/www.fiscalia.gov.co\/colombia\/noticias\/a-la-carcel-tres-presuntos-integrantes-del-grupo-delincuencial-los-samurais-dedicados-al-hurto-de-vehiculos-y-venta-de-autopartes\/\" target=\"_blank\" rel=\"noopener\" data-saferedirecturl=\"https:\/\/www.google.com\/url?q=https:\/\/www.fiscalia.gov.co\/colombia\/noticias\/a-la-carcel-tres-presuntos-integrantes-del-grupo-delincuencial-los-samurais-dedicados-al-hurto-de-vehiculos-y-venta-de-autopartes\/&amp;source=gmail&amp;ust=1683906174912000&amp;usg=AOvVaw3wJl2cFrZEyAeqI20-4cBC\">hurto de veh\u00edculos<\/a>, generando inseguridad y temor entre los habitantes.<\/p>\n<p>De acuerdo con la denuncia, los asaltos a personas se realizaban a cualquier hora del d\u00eda, en donde las v\u00edctimas ser\u00edan intimidades y amenazadas con armas de fuego.<\/p>\n<p>Recibida la denuncia, investigadores de Polic\u00eda Judicial iniciaron las indagaciones en las que se realizaron seguimientos e individualizaci\u00f3n de los presuntos miembros de la banda Correcaminos, el testimonio de v\u00edctimas de los hurtos, el cotejo fotogr\u00e1fico, logrando que un juez penal con control de garant\u00edas emitiera las \u00f3rdenes de captura.<\/p>\n<p>Agentes de la Sijin de la Polic\u00eda Nacional, coordinados por la fiscal\u00eda EDA realizaron operativos de registro y allanamiento a cuatro viviendas ubicadas en el barrio El Chorro de Ipiales, logrando la captura de los 5 presuntos integrante de la organizaci\u00f3n delincuencial.<\/p>\n<p>Los asegurados de la estructura criminal Correcaminos no se allanaron a los cargos imputados por la Fiscal\u00eda.<\/p>\n<p><span lang=\"EN-US\">Esta informaci\u00f3n se publica por razones de inter\u00e9s general\u00a0<\/span><\/p>\n<p><b><span lang=\"EN-US\">La Fiscal\u00eda habla con resultados\u00a0\u00a0<\/span><\/b><\/p>\n<p style=\"text-align: left;\" align=\"center\">Le puede interesar:\u00a0<a href=\"https:\/\/www.fiscalia.gov.co\/colombia\/noticias\/desmantelada-la-banda-los-enanos-dedicada-al-hurto-calificado-y-al-porte-ilegal-de-armas\/\" target=\"_blank\" rel=\"noopener\" data-saferedirecturl=\"https:\/\/www.google.com\/url?q=https:\/\/www.fiscalia.gov.co\/colombia\/noticias\/desmantelada-la-banda-los-enanos-dedicada-al-hurto-calificado-y-al-porte-ilegal-de-armas\/&amp;source=gmail&amp;ust=1683906174912000&amp;usg=AOvVaw0LofxKnu-W5GAyI4O3r4_J\">Desmantelada la banda los enanos dedicada al hurto calificado y al porte ilegal de armas\u00a0<\/a><\/p>\n<p align=\"center\">\n<p align=\"center\">\n<p align=\"center\">\n<p align=\"center\">\n<p align=\"center\">\n<p align=\"center\">\n<p>JGP\/FAGH \/LVB\/DSN<\/p>\n<p>&nbsp;<\/p>\n<p>&nbsp;<\/p>\n<p>&nbsp;<\/p>\n<\/div>\n<p>&nbsp;<\/p>\n<div class=\"td-post-content tagdiv-type\">\n<div class=\"td-post-content tagdiv-type\">\n<p><i>La informaci\u00f3n contenida en este bolet\u00edn de prensa corresponde a la narraci\u00f3n de los hechos noticiosos objetivos, suministrados por los funcionarios encargados de adelantar las investigaciones penales al interior de la Fiscal\u00eda General de la Naci\u00f3n. Para el momento de la divulgaci\u00f3n de este comunicado, la situaci\u00f3n jur\u00eddica de la(s) persona(s) relacionada(s) se encuentra pendiente de resolver por la autoridad judicial competente, siempre bajo los preceptos de la presunci\u00f3n de inocencia, consagrados en el art\u00edculo 29 de la Constituci\u00f3n Pol\u00edtica y el art\u00edculo 7\u00ba de la Ley 906 de 2004.<\/i><\/p>\n<\/div>\n<footer>\n<div class=\"td-post-sharing-bottom\"><\/div>\n<\/footer>\n<\/div>\n<footer>\n<div class=\"td-post-source-tags\"><\/div>\n<div class=\"td-post-sharing-bottom\"><\/div>\n<\/footer>\n\n<div class=\"twitter-share\"><a href=\"https:\/\/twitter.com\/intent\/tweet?via=fiscaliacol\" class=\"twitter-share-button\">Tweet<\/a><\/div>\n","protected":false},"excerpt":{"rendered":"<p>Los cinco presuntos integrantes de la banda Correcaminos fuero imputados con cargos por un fiscal de la Estructura de Apoyo (EDA) como presuntos autores de los delitos de hurto calificado [&hellip;]<\/p>\n","protected":false},"author":177,"featured_media":0,"comment_status":"closed","ping_status":"open","sticky":false,"template":"","format":"standard","meta":{"tdm_status":"","tdm_grid_status":"","footnotes":""},"categories":[1,334,303,24099],"tags":[83,24185,24526,24481,1047,2182,34617],"class_list":["post-271312","post","type-post","status-publish","format-standard","category-noticias","category-seccional-pasto","category-seccionales","category-seguridad-territorial","tag-concierto-para-delinquir","tag-fiscal-barbosa","tag-fiscal-general-francisco-barbosa-delgado","tag-fiscalia-de-colombia","tag-fiscalia-general-de-la-nacion","tag-hurto-de-vehiculos","tag-ipiales-cauca"],"yoast_head":"<!-- This site is optimized with the Yoast SEO plugin v24.3 - https:\/\/yoast.com\/wordpress\/plugins\/seo\/ -->\n<title>Fiscal\u00eda General de la Naci\u00f3n<\/title>\n<meta name=\"description\" content=\"P\u00e1gina oficial de la Fiscal\u00eda General de la Naci\u00f3n \u2013 Colombia. Garantizamos el acceso efectivo a la justicia, la verdad y la reparaci\u00f3n de las v\u00edctimas de los delitos.\" \/>\n<meta name=\"robots\" content=\"noindex, follow\" \/>\n<meta property=\"og:locale\" content=\"es_ES\" \/>\n<meta property=\"og:type\" content=\"article\" \/>\n<meta property=\"og:title\" content=\"Fiscal\u00eda General de la Naci\u00f3n\" \/>\n<meta property=\"og:description\" content=\"P\u00e1gina oficial de la Fiscal\u00eda General de la Naci\u00f3n \u2013 Colombia. Garantizamos el acceso efectivo a la justicia, la verdad y la reparaci\u00f3n de las v\u00edctimas de los delitos.\" \/>\n<meta property=\"og:url\" content=\"https:\/\/www.fiscalia.gov.co\/colombia\/noticias\/fiscalia-desmantelo-la-banda-correcaminos-dedicada-al-hurto-de-personas-y-al-hurto-de-vehiculos-en-narino\/\" \/>\n<meta property=\"og:site_name\" content=\"Fiscal\u00eda General de la Naci\u00f3n\" \/>\n<meta property=\"article:publisher\" content=\"https:\/\/www.facebook.com\/FiscaliaCol\" \/>\n<meta property=\"article:published_time\" content=\"2023-05-11T16:05:33+00:00\" \/>\n<meta property=\"og:image\" content=\"https:\/\/www.fiscalia.gov.co\/colombia\/wp-content\/uploads\/WhatsApp-Image-2023-05-11-at-10.40.19-AM-1024x740.jpeg\" \/>\n<meta name=\"author\" content=\"Jordan Leandro Oviedo Anzola\" \/>\n<meta name=\"twitter:card\" content=\"summary_large_image\" \/>\n<meta name=\"twitter:creator\" content=\"@FiscaliaCol\" \/>\n<meta name=\"twitter:site\" content=\"@FiscaliaCol\" \/>\n<meta name=\"twitter:label1\" content=\"Escrito por\" \/>\n\t<meta name=\"twitter:data1\" content=\"Jordan Leandro Oviedo Anzola\" \/>\n\t<meta name=\"twitter:label2\" content=\"Tiempo de lectura\" \/>\n\t<meta name=\"twitter:data2\" content=\"2 minutos\" \/>\n<script type=\"application\/ld+json\" class=\"yoast-schema-graph\">{\"@context\":\"https:\/\/schema.org\",\"@graph\":[{\"@type\":\"Article\",\"@id\":\"https:\/\/www.fiscalia.gov.co\/colombia\/noticias\/fiscalia-desmantelo-la-banda-correcaminos-dedicada-al-hurto-de-personas-y-al-hurto-de-vehiculos-en-narino\/#article\",\"isPartOf\":{\"@id\":\"https:\/\/www.fiscalia.gov.co\/colombia\/noticias\/fiscalia-desmantelo-la-banda-correcaminos-dedicada-al-hurto-de-personas-y-al-hurto-de-vehiculos-en-narino\/\"},\"author\":{\"name\":\"Jordan Leandro Oviedo Anzola\",\"@id\":\"https:\/\/www.fiscalia.gov.co\/colombia\/#\/schema\/person\/bf84402cf293a5393e9c70b111020b24\"},\"headline\":\"Fiscal\u00eda desmantel\u00f3 la banda correcaminos, dedicada al hurto de personas y al hurto de veh\u00edculos en Nari\u00f1o\",\"datePublished\":\"2023-05-11T16:05:33+00:00\",\"dateModified\":\"2023-05-11T16:05:33+00:00\",\"mainEntityOfPage\":{\"@id\":\"https:\/\/www.fiscalia.gov.co\/colombia\/noticias\/fiscalia-desmantelo-la-banda-correcaminos-dedicada-al-hurto-de-personas-y-al-hurto-de-vehiculos-en-narino\/\"},\"wordCount\":504,\"publisher\":{\"@id\":\"https:\/\/www.fiscalia.gov.co\/colombia\/#organization\"},\"image\":{\"@id\":\"https:\/\/www.fiscalia.gov.co\/colombia\/noticias\/fiscalia-desmantelo-la-banda-correcaminos-dedicada-al-hurto-de-personas-y-al-hurto-de-vehiculos-en-narino\/#primaryimage\"},\"thumbnailUrl\":\"https:\/\/www.fiscalia.gov.co\/colombia\/wp-content\/uploads\/WhatsApp-Image-2023-05-11-at-10.40.19-AM-1024x740.jpeg\",\"keywords\":[\"Concierto para delinquir\",\"Fiscal Barbosa\",\"Fiscal General Francisco Barbosa Delgado\",\"Fiscal\u00eda de Colombia\",\"Fiscal\u00eda General de la Naci\u00f3n\",\"Hurto de veh\u00edculos\",\"Ipiales (Cauca)\"],\"articleSection\":[\"Noticias\",\"Seccional Pasto\",\"Seccionales\",\"Seguridad territorial\"],\"inLanguage\":\"es-CO\"},{\"@type\":\"WebPage\",\"@id\":\"https:\/\/www.fiscalia.gov.co\/colombia\/noticias\/fiscalia-desmantelo-la-banda-correcaminos-dedicada-al-hurto-de-personas-y-al-hurto-de-vehiculos-en-narino\/\",\"url\":\"https:\/\/www.fiscalia.gov.co\/colombia\/noticias\/fiscalia-desmantelo-la-banda-correcaminos-dedicada-al-hurto-de-personas-y-al-hurto-de-vehiculos-en-narino\/\",\"name\":\"Fiscal\u00eda General de la Naci\u00f3n\",\"isPartOf\":{\"@id\":\"https:\/\/www.fiscalia.gov.co\/colombia\/#website\"},\"primaryImageOfPage\":{\"@id\":\"https:\/\/www.fiscalia.gov.co\/colombia\/noticias\/fiscalia-desmantelo-la-banda-correcaminos-dedicada-al-hurto-de-personas-y-al-hurto-de-vehiculos-en-narino\/#primaryimage\"},\"image\":{\"@id\":\"https:\/\/www.fiscalia.gov.co\/colombia\/noticias\/fiscalia-desmantelo-la-banda-correcaminos-dedicada-al-hurto-de-personas-y-al-hurto-de-vehiculos-en-narino\/#primaryimage\"},\"thumbnailUrl\":\"https:\/\/www.fiscalia.gov.co\/colombia\/wp-content\/uploads\/WhatsApp-Image-2023-05-11-at-10.40.19-AM-1024x740.jpeg\",\"datePublished\":\"2023-05-11T16:05:33+00:00\",\"dateModified\":\"2023-05-11T16:05:33+00:00\",\"description\":\"P\u00e1gina oficial de la Fiscal\u00eda General de la Naci\u00f3n \u2013 Colombia. Garantizamos el acceso efectivo a la justicia, la verdad y la reparaci\u00f3n de las v\u00edctimas de los delitos.\",\"breadcrumb\":{\"@id\":\"https:\/\/www.fiscalia.gov.co\/colombia\/noticias\/fiscalia-desmantelo-la-banda-correcaminos-dedicada-al-hurto-de-personas-y-al-hurto-de-vehiculos-en-narino\/#breadcrumb\"},\"inLanguage\":\"es-CO\",\"potentialAction\":[{\"@type\":\"ReadAction\",\"target\":[\"https:\/\/www.fiscalia.gov.co\/colombia\/noticias\/fiscalia-desmantelo-la-banda-correcaminos-dedicada-al-hurto-de-personas-y-al-hurto-de-vehiculos-en-narino\/\"]}]},{\"@type\":\"ImageObject\",\"inLanguage\":\"es-CO\",\"@id\":\"https:\/\/www.fiscalia.gov.co\/colombia\/noticias\/fiscalia-desmantelo-la-banda-correcaminos-dedicada-al-hurto-de-personas-y-al-hurto-de-vehiculos-en-narino\/#primaryimage\",\"url\":\"https:\/\/www.fiscalia.gov.co\/colombia\/wp-content\/uploads\/WhatsApp-Image-2023-05-11-at-10.40.19-AM-1024x740.jpeg\",\"contentUrl\":\"https:\/\/www.fiscalia.gov.co\/colombia\/wp-content\/uploads\/WhatsApp-Image-2023-05-11-at-10.40.19-AM-1024x740.jpeg\"},{\"@type\":\"BreadcrumbList\",\"@id\":\"https:\/\/www.fiscalia.gov.co\/colombia\/noticias\/fiscalia-desmantelo-la-banda-correcaminos-dedicada-al-hurto-de-personas-y-al-hurto-de-vehiculos-en-narino\/#breadcrumb\",\"itemListElement\":[{\"@type\":\"ListItem\",\"position\":1,\"name\":\"Home\",\"item\":\"https:\/\/www.fiscalia.gov.co\/colombia\/\"},{\"@type\":\"ListItem\",\"position\":2,\"name\":\"Fiscal\u00eda desmantel\u00f3 la banda correcaminos, dedicada al hurto de personas y al hurto de veh\u00edculos en Nari\u00f1o\"}]},{\"@type\":\"WebSite\",\"@id\":\"https:\/\/www.fiscalia.gov.co\/colombia\/#website\",\"url\":\"https:\/\/www.fiscalia.gov.co\/colombia\/\",\"name\":\"Fiscal\u00eda General de la Naci\u00f3n\",\"description\":\"P\u00e1gina oficial de la Fiscal\u00eda General de la Naci\u00f3n \u2013 Colombia. Garantizamos el acceso efectivo a la justicia, la verdad y la reparaci\u00f3n de las v\u00edctimas de los delitos.\",\"publisher\":{\"@id\":\"https:\/\/www.fiscalia.gov.co\/colombia\/#organization\"},\"potentialAction\":[{\"@type\":\"SearchAction\",\"target\":{\"@type\":\"EntryPoint\",\"urlTemplate\":\"https:\/\/www.fiscalia.gov.co\/colombia\/?s={search_term_string}\"},\"query-input\":{\"@type\":\"PropertyValueSpecification\",\"valueRequired\":true,\"valueName\":\"search_term_string\"}}],\"inLanguage\":\"es-CO\"},{\"@type\":\"Organization\",\"@id\":\"https:\/\/www.fiscalia.gov.co\/colombia\/#organization\",\"name\":\"Fiscal\u00eda General de la Naci\u00f3n\",\"url\":\"https:\/\/www.fiscalia.gov.co\/colombia\/\",\"logo\":{\"@type\":\"ImageObject\",\"inLanguage\":\"es-CO\",\"@id\":\"https:\/\/www.fiscalia.gov.co\/colombia\/#\/schema\/logo\/image\/\",\"url\":\"https:\/\/www.fiscalia.gov.co\/colombia\/wp-content\/uploads\/LogoHorizontal_1.jpg\",\"contentUrl\":\"https:\/\/www.fiscalia.gov.co\/colombia\/wp-content\/uploads\/LogoHorizontal_1.jpg\",\"width\":300,\"height\":90,\"caption\":\"Fiscal\u00eda General de la Naci\u00f3n\"},\"image\":{\"@id\":\"https:\/\/www.fiscalia.gov.co\/colombia\/#\/schema\/logo\/image\/\"},\"sameAs\":[\"https:\/\/www.facebook.com\/FiscaliaCol\",\"https:\/\/x.com\/FiscaliaCol\",\"https:\/\/www.instagram.com\/fiscaliacol\",\"https:\/\/www.linkedin.com\/company\/fiscalia-general-de-la-naci-n\/\",\"https:\/\/youtube.com\/@fiscaliageneraldelanacion-4668?si=6nN79nyQICPU5iTh\"]},{\"@type\":\"Person\",\"@id\":\"https:\/\/www.fiscalia.gov.co\/colombia\/#\/schema\/person\/bf84402cf293a5393e9c70b111020b24\",\"name\":\"Jordan Leandro Oviedo Anzola\",\"image\":{\"@type\":\"ImageObject\",\"inLanguage\":\"es-CO\",\"@id\":\"https:\/\/www.fiscalia.gov.co\/colombia\/#\/schema\/person\/image\/\",\"url\":\"https:\/\/secure.gravatar.com\/avatar\/dabba4346fa9b9207d96adafa8f92721?s=96&d=mm&r=g\",\"contentUrl\":\"https:\/\/secure.gravatar.com\/avatar\/dabba4346fa9b9207d96adafa8f92721?s=96&d=mm&r=g\",\"caption\":\"Jordan Leandro Oviedo Anzola\"},\"url\":\"https:\/\/www.fiscalia.gov.co\/colombia\/author\/joviedo\/\"}]}<\/script>\n<!-- \/ Yoast SEO plugin. -->","yoast_head_json":{"title":"Fiscal\u00eda General de la Naci\u00f3n","description":"P\u00e1gina oficial de la Fiscal\u00eda General de la Naci\u00f3n \u2013 Colombia. Garantizamos el acceso efectivo a la justicia, la verdad y la reparaci\u00f3n de las v\u00edctimas de los delitos.","robots":{"index":"noindex","follow":"follow"},"og_locale":"es_ES","og_type":"article","og_title":"Fiscal\u00eda General de la Naci\u00f3n","og_description":"P\u00e1gina oficial de la Fiscal\u00eda General de la Naci\u00f3n \u2013 Colombia. Garantizamos el acceso efectivo a la justicia, la verdad y la reparaci\u00f3n de las v\u00edctimas de los delitos.","og_url":"https:\/\/www.fiscalia.gov.co\/colombia\/noticias\/fiscalia-desmantelo-la-banda-correcaminos-dedicada-al-hurto-de-personas-y-al-hurto-de-vehiculos-en-narino\/","og_site_name":"Fiscal\u00eda General de la Naci\u00f3n","article_publisher":"https:\/\/www.facebook.com\/FiscaliaCol","article_published_time":"2023-05-11T16:05:33+00:00","og_image":[{"url":"https:\/\/www.fiscalia.gov.co\/colombia\/wp-content\/uploads\/WhatsApp-Image-2023-05-11-at-10.40.19-AM-1024x740.jpeg","type":"","width":"","height":""}],"author":"Jordan Leandro Oviedo Anzola","twitter_card":"summary_large_image","twitter_creator":"@FiscaliaCol","twitter_site":"@FiscaliaCol","twitter_misc":{"Escrito por":"Jordan Leandro Oviedo Anzola","Tiempo de lectura":"2 minutos"},"schema":{"@context":"https:\/\/schema.org","@graph":[{"@type":"Article","@id":"https:\/\/www.fiscalia.gov.co\/colombia\/noticias\/fiscalia-desmantelo-la-banda-correcaminos-dedicada-al-hurto-de-personas-y-al-hurto-de-vehiculos-en-narino\/#article","isPartOf":{"@id":"https:\/\/www.fiscalia.gov.co\/colombia\/noticias\/fiscalia-desmantelo-la-banda-correcaminos-dedicada-al-hurto-de-personas-y-al-hurto-de-vehiculos-en-narino\/"},"author":{"name":"Jordan Leandro Oviedo Anzola","@id":"https:\/\/www.fiscalia.gov.co\/colombia\/#\/schema\/person\/bf84402cf293a5393e9c70b111020b24"},"headline":"Fiscal\u00eda desmantel\u00f3 la banda correcaminos, dedicada al hurto de personas y al hurto de veh\u00edculos en Nari\u00f1o","datePublished":"2023-05-11T16:05:33+00:00","dateModified":"2023-05-11T16:05:33+00:00","mainEntityOfPage":{"@id":"https:\/\/www.fiscalia.gov.co\/colombia\/noticias\/fiscalia-desmantelo-la-banda-correcaminos-dedicada-al-hurto-de-personas-y-al-hurto-de-vehiculos-en-narino\/"},"wordCount":504,"publisher":{"@id":"https:\/\/www.fiscalia.gov.co\/colombia\/#organization"},"image":{"@id":"https:\/\/www.fiscalia.gov.co\/colombia\/noticias\/fiscalia-desmantelo-la-banda-correcaminos-dedicada-al-hurto-de-personas-y-al-hurto-de-vehiculos-en-narino\/#primaryimage"},"thumbnailUrl":"https:\/\/www.fiscalia.gov.co\/colombia\/wp-content\/uploads\/WhatsApp-Image-2023-05-11-at-10.40.19-AM-1024x740.jpeg","keywords":["Concierto para delinquir","Fiscal Barbosa","Fiscal General Francisco Barbosa Delgado","Fiscal\u00eda de Colombia","Fiscal\u00eda General de la Naci\u00f3n","Hurto de veh\u00edculos","Ipiales (Cauca)"],"articleSection":["Noticias","Seccional Pasto","Seccionales","Seguridad territorial"],"inLanguage":"es-CO"},{"@type":"WebPage","@id":"https:\/\/www.fiscalia.gov.co\/colombia\/noticias\/fiscalia-desmantelo-la-banda-correcaminos-dedicada-al-hurto-de-personas-y-al-hurto-de-vehiculos-en-narino\/","url":"https:\/\/www.fiscalia.gov.co\/colombia\/noticias\/fiscalia-desmantelo-la-banda-correcaminos-dedicada-al-hurto-de-personas-y-al-hurto-de-vehiculos-en-narino\/","name":"Fiscal\u00eda General de la Naci\u00f3n","isPartOf":{"@id":"https:\/\/www.fiscalia.gov.co\/colombia\/#website"},"primaryImageOfPage":{"@id":"https:\/\/www.fiscalia.gov.co\/colombia\/noticias\/fiscalia-desmantelo-la-banda-correcaminos-dedicada-al-hurto-de-personas-y-al-hurto-de-vehiculos-en-narino\/#primaryimage"},"image":{"@id":"https:\/\/www.fiscalia.gov.co\/colombia\/noticias\/fiscalia-desmantelo-la-banda-correcaminos-dedicada-al-hurto-de-personas-y-al-hurto-de-vehiculos-en-narino\/#primaryimage"},"thumbnailUrl":"https:\/\/www.fiscalia.gov.co\/colombia\/wp-content\/uploads\/WhatsApp-Image-2023-05-11-at-10.40.19-AM-1024x740.jpeg","datePublished":"2023-05-11T16:05:33+00:00","dateModified":"2023-05-11T16:05:33+00:00","description":"P\u00e1gina oficial de la Fiscal\u00eda General de la Naci\u00f3n \u2013 Colombia. Garantizamos el acceso efectivo a la justicia, la verdad y la reparaci\u00f3n de las v\u00edctimas de los delitos.","breadcrumb":{"@id":"https:\/\/www.fiscalia.gov.co\/colombia\/noticias\/fiscalia-desmantelo-la-banda-correcaminos-dedicada-al-hurto-de-personas-y-al-hurto-de-vehiculos-en-narino\/#breadcrumb"},"inLanguage":"es-CO","potentialAction":[{"@type":"ReadAction","target":["https:\/\/www.fiscalia.gov.co\/colombia\/noticias\/fiscalia-desmantelo-la-banda-correcaminos-dedicada-al-hurto-de-personas-y-al-hurto-de-vehiculos-en-narino\/"]}]},{"@type":"ImageObject","inLanguage":"es-CO","@id":"https:\/\/www.fiscalia.gov.co\/colombia\/noticias\/fiscalia-desmantelo-la-banda-correcaminos-dedicada-al-hurto-de-personas-y-al-hurto-de-vehiculos-en-narino\/#primaryimage","url":"https:\/\/www.fiscalia.gov.co\/colombia\/wp-content\/uploads\/WhatsApp-Image-2023-05-11-at-10.40.19-AM-1024x740.jpeg","contentUrl":"https:\/\/www.fiscalia.gov.co\/colombia\/wp-content\/uploads\/WhatsApp-Image-2023-05-11-at-10.40.19-AM-1024x740.jpeg"},{"@type":"BreadcrumbList","@id":"https:\/\/www.fiscalia.gov.co\/colombia\/noticias\/fiscalia-desmantelo-la-banda-correcaminos-dedicada-al-hurto-de-personas-y-al-hurto-de-vehiculos-en-narino\/#breadcrumb","itemListElement":[{"@type":"ListItem","position":1,"name":"Home","item":"https:\/\/www.fiscalia.gov.co\/colombia\/"},{"@type":"ListItem","position":2,"name":"Fiscal\u00eda desmantel\u00f3 la banda correcaminos, dedicada al hurto de personas y al hurto de veh\u00edculos en Nari\u00f1o"}]},{"@type":"WebSite","@id":"https:\/\/www.fiscalia.gov.co\/colombia\/#website","url":"https:\/\/www.fiscalia.gov.co\/colombia\/","name":"Fiscal\u00eda General de la Naci\u00f3n","description":"P\u00e1gina oficial de la Fiscal\u00eda General de la Naci\u00f3n \u2013 Colombia. Garantizamos el acceso efectivo a la justicia, la verdad y la reparaci\u00f3n de las v\u00edctimas de los delitos.","publisher":{"@id":"https:\/\/www.fiscalia.gov.co\/colombia\/#organization"},"potentialAction":[{"@type":"SearchAction","target":{"@type":"EntryPoint","urlTemplate":"https:\/\/www.fiscalia.gov.co\/colombia\/?s={search_term_string}"},"query-input":{"@type":"PropertyValueSpecification","valueRequired":true,"valueName":"search_term_string"}}],"inLanguage":"es-CO"},{"@type":"Organization","@id":"https:\/\/www.fiscalia.gov.co\/colombia\/#organization","name":"Fiscal\u00eda General de la Naci\u00f3n","url":"https:\/\/www.fiscalia.gov.co\/colombia\/","logo":{"@type":"ImageObject","inLanguage":"es-CO","@id":"https:\/\/www.fiscalia.gov.co\/colombia\/#\/schema\/logo\/image\/","url":"https:\/\/www.fiscalia.gov.co\/colombia\/wp-content\/uploads\/LogoHorizontal_1.jpg","contentUrl":"https:\/\/www.fiscalia.gov.co\/colombia\/wp-content\/uploads\/LogoHorizontal_1.jpg","width":300,"height":90,"caption":"Fiscal\u00eda General de la Naci\u00f3n"},"image":{"@id":"https:\/\/www.fiscalia.gov.co\/colombia\/#\/schema\/logo\/image\/"},"sameAs":["https:\/\/www.facebook.com\/FiscaliaCol","https:\/\/x.com\/FiscaliaCol","https:\/\/www.instagram.com\/fiscaliacol","https:\/\/www.linkedin.com\/company\/fiscalia-general-de-la-naci-n\/","https:\/\/youtube.com\/@fiscaliageneraldelanacion-4668?si=6nN79nyQICPU5iTh"]},{"@type":"Person","@id":"https:\/\/www.fiscalia.gov.co\/colombia\/#\/schema\/person\/bf84402cf293a5393e9c70b111020b24","name":"Jordan Leandro Oviedo Anzola","image":{"@type":"ImageObject","inLanguage":"es-CO","@id":"https:\/\/www.fiscalia.gov.co\/colombia\/#\/schema\/person\/image\/","url":"https:\/\/secure.gravatar.com\/avatar\/dabba4346fa9b9207d96adafa8f92721?s=96&d=mm&r=g","contentUrl":"https:\/\/secure.gravatar.com\/avatar\/dabba4346fa9b9207d96adafa8f92721?s=96&d=mm&r=g","caption":"Jordan Leandro Oviedo Anzola"},"url":"https:\/\/www.fiscalia.gov.co\/colombia\/author\/joviedo\/"}]}},"_links":{"self":[{"href":"https:\/\/www.fiscalia.gov.co\/colombia\/wp-json\/wp\/v2\/posts\/271312","targetHints":{"allow":["GET"]}}],"collection":[{"href":"https:\/\/www.fiscalia.gov.co\/colombia\/wp-json\/wp\/v2\/posts"}],"about":[{"href":"https:\/\/www.fiscalia.gov.co\/colombia\/wp-json\/wp\/v2\/types\/post"}],"author":[{"embeddable":true,"href":"https:\/\/www.fiscalia.gov.co\/colombia\/wp-json\/wp\/v2\/users\/177"}],"replies":[{"embeddable":true,"href":"https:\/\/www.fiscalia.gov.co\/colombia\/wp-json\/wp\/v2\/comments?post=271312"}],"version-history":[{"count":1,"href":"https:\/\/www.fiscalia.gov.co\/colombia\/wp-json\/wp\/v2\/posts\/271312\/revisions"}],"predecessor-version":[{"id":271314,"href":"https:\/\/www.fiscalia.gov.co\/colombia\/wp-json\/wp\/v2\/posts\/271312\/revisions\/271314"}],"wp:attachment":[{"href":"https:\/\/www.fiscalia.gov.co\/colombia\/wp-json\/wp\/v2\/media?parent=271312"}],"wp:term":[{"taxonomy":"category","embeddable":true,"href":"https:\/\/www.fiscalia.gov.co\/colombia\/wp-json\/wp\/v2\/categories?post=271312"},{"taxonomy":"post_tag","embeddable":true,"href":"https:\/\/www.fiscalia.gov.co\/colombia\/wp-json\/wp\/v2\/tags?post=271312"}],"curies":[{"name":"wp","href":"https:\/\/api.w.org\/{rel}","templated":true}]}}