{"id":271222,"date":"2023-05-10T14:27:47","date_gmt":"2023-05-10T19:27:47","guid":{"rendered":"https:\/\/www.fiscalia.gov.co\/colombia\/?p=271222"},"modified":"2023-05-16T12:19:38","modified_gmt":"2023-05-16T17:19:38","slug":"a-la-carcel-mujer-que-al-parecer-fingio-su-propio-secuestro-y-extorsionaba-a-su-propia-madre-con-el-pago-de-40-millones","status":"publish","type":"post","link":"https:\/\/www.fiscalia.gov.co\/colombia\/noticias\/a-la-carcel-mujer-que-al-parecer-fingio-su-propio-secuestro-y-extorsionaba-a-su-propia-madre-con-el-pago-de-40-millones\/","title":{"rendered":"A la c\u00e1rcel mujer que, al parecer, fingi\u00f3 su propio secuestro y extorsionaba a su propia madre con el pago de $40 millones"},"content":{"rendered":"<p>Juilim Castillo Borrero, de 32 a\u00f1os, fue imputada como cargos por un fiscal especializado del Gaula como presunta autora material de los delitos de <a href=\"https:\/\/www.fiscalia.gov.co\/colombia\/noticias\/asegurado-alias-chacorta-presunto-integrante-de-los-espartanos-por-su-presunta-responsabilidad-en-extorsion-agravada\/\" target=\"_blank\" rel=\"noopener\" data-saferedirecturl=\"https:\/\/www.google.com\/url?q=https:\/\/www.fiscalia.gov.co\/colombia\/noticias\/asegurado-alias-chacorta-presunto-integrante-de-los-espartanos-por-su-presunta-responsabilidad-en-extorsion-agravada\/&amp;source=gmail&amp;ust=1683832640227000&amp;usg=AOvVaw1Utg13ozsizCw_ewdefED5\">extorsi\u00f3n agravada<\/a>\u00a0y\u00a0<a href=\"https:\/\/www.fiscalia.gov.co\/colombia\/noticias\/fiscalia-inicio-audiencia-de-formulacion-de-acusacion-contra-uno-de-los-presuntos-implicados-en-las-falsedades-detectadas-en-la-universidad-metropolitana-de-barranquilla\/\" target=\"_blank\" rel=\"noopener\" data-saferedirecturl=\"https:\/\/www.google.com\/url?q=https:\/\/www.fiscalia.gov.co\/colombia\/noticias\/fiscalia-inicio-audiencia-de-formulacion-de-acusacion-contra-uno-de-los-presuntos-implicados-en-las-falsedades-detectadas-en-la-universidad-metropolitana-de-barranquilla\/&amp;source=gmail&amp;ust=1683832640227000&amp;usg=AOvVaw2kGepyF5_05kOh9YXq912u\">falsedad<\/a>\u00a0personal.\u00a0<wbr \/><\/p>\n<figure id=\"attachment_271223\" aria-describedby=\"caption-attachment-271223\" style=\"width: 696px\" class=\"wp-caption aligncenter\"><img loading=\"lazy\" decoding=\"async\" class=\"size-large wp-image-271223\" src=\"https:\/\/www.fiscalia.gov.co\/colombia\/wp-content\/uploads\/WhatsApp-Image-2023-05-10-at-11.38.11-AM-1024x736.jpeg\" alt=\"En la fotograf\u00eda aparece la capturada junto a dos agentes del Gaula de la Polic\u00eda Nacional. En la parte posterior, se observa una mesa en donde est\u00e1 una c\u00e9dula, un tel\u00e9fono celular y 6 simcard \" width=\"696\" height=\"500\" srcset=\"https:\/\/www.fiscalia.gov.co\/colombia\/wp-content\/uploads\/WhatsApp-Image-2023-05-10-at-11.38.11-AM-1024x736.jpeg 1024w, https:\/\/www.fiscalia.gov.co\/colombia\/wp-content\/uploads\/WhatsApp-Image-2023-05-10-at-11.38.11-AM-300x216.jpeg 300w, https:\/\/www.fiscalia.gov.co\/colombia\/wp-content\/uploads\/WhatsApp-Image-2023-05-10-at-11.38.11-AM-768x552.jpeg 768w, https:\/\/www.fiscalia.gov.co\/colombia\/wp-content\/uploads\/WhatsApp-Image-2023-05-10-at-11.38.11-AM-696x500.jpeg 696w, https:\/\/www.fiscalia.gov.co\/colombia\/wp-content\/uploads\/WhatsApp-Image-2023-05-10-at-11.38.11-AM-1068x768.jpeg 1068w, https:\/\/www.fiscalia.gov.co\/colombia\/wp-content\/uploads\/WhatsApp-Image-2023-05-10-at-11.38.11-AM-584x420.jpeg 584w, https:\/\/www.fiscalia.gov.co\/colombia\/wp-content\/uploads\/WhatsApp-Image-2023-05-10-at-11.38.11-AM.jpeg 1252w\" sizes=\"auto, (max-width: 696px) 100vw, 696px\" \/><figcaption id=\"caption-attachment-271223\" class=\"wp-caption-text\">Juilim Castillo Borrero, de 32 a\u00f1os, fue imputada como presunta autora material de los delitos de extorsi\u00f3n agravada y falsedad personal.<\/figcaption><\/figure>\n<p>De acuerdo con el proceso penal, la mujer habr\u00eda fingido su propio secuestro y le exig\u00eda a su mam\u00e1 el pago de $40.000.000 para el supuesto rescate.<\/p>\n<p>La madre de la mujer se acerc\u00f3 a la Fiscal\u00eda y denunci\u00f3 que su hija, Juilim Castillo hab\u00eda sido secuestrada el 30 de abril de los corrientes, cuando sali\u00f3 de su casa, ubicada en la vereda Torib\u00edo, zona rural del municipio de Suaza (Huila), rumbo a la ciudad de Cali.<\/p>\n<p>La denunciante asegur\u00f3 que su hija le habr\u00eda dicho que viajar\u00eda a la capital del Valle a buscar trabajo, ya que hab\u00eda comprado una motocicleta y deb\u00eda pagarla.<\/p>\n<p>La mam\u00e1 de la presunta v\u00edctima aport\u00f3 grabaciones de audios, que recibi\u00f3 en su tel\u00e9fono celular, donde un hombre le dice que Juilim Castillo est\u00e1 bien y que si pagaba la millonaria suma, regresar\u00eda a su casa.<\/p>\n<p>En la otra grabaci\u00f3n, con fecha el 4 de mayo de los corrientes, la propia secuestrada le dice a la madre que se encontraba bien, duerme en una cama, y sus captores le dan las tres comidas del d\u00eda.<\/p>\n<p>Una vez presentada la denuncia, los investigadores del Gaula de la Polic\u00eda se dirigieron a Terminal de Pitalito, revisaron las c\u00e1maras de seguridad donde aparece la mujer caminando por uno de los corredores, posteriormente, aparece comprando un tiquete utilizando una c\u00e9dula a nombre de Leidy Renter\u00eda Riascos, pero con destino a Popay\u00e1n (Cauca), tiquete por el que cancel\u00f3 $50.000.<\/p>\n<p>Durante las labores de verificaci\u00f3n de los agentes de Gaula, se pudo establecer que durante el recorrido del bus hacia la capital del Cauca, la presunta secuestrada permaneci\u00f3 en contacto con su madre y un hermano, desde su tel\u00e9fono celular, asegurando que pronto arribar\u00eda a Cali.<\/p>\n<p>Alertados, agentes del Gaula en Popay\u00e1n llegaron a la Terminal de Transportes de esta ciudad y confirmaron por las c\u00e1maras de seguridad, que la asegurada, una vez lleg\u00f3 en el bus pas\u00f3 a reclamar su maleta, abordando un taxi que la condujo a un hostal, estableciendo que se hab\u00eda registrado con el nombre de Leidy Renter\u00eda, y estar\u00eda all\u00ed hasta el 10 de mayo de 2023.<\/p>\n<p>Un empleado del hostal les asegur\u00f3 a los investigadores que ella hab\u00eda llegado sola por sus propios medios.<\/p>\n<p>El 4 de mayo, la mujer decidi\u00f3 salir del hotel y se traslad\u00f3 a otro hostal, en donde se registr\u00f3 de nuevo con la c\u00e9dula falsa. Una vez llegaron a la recepci\u00f3n, los agentes del Gaula observaron a Juilim Castillo, quien se identific\u00f3 con este nombre, consultada si se encontraba secuestrada, la mujer asegur\u00f3 que no, por lo que fue capturada en flagrancia por el delito de extorsi\u00f3n.<\/p>\n<p>Durante la requisa, a Castillo Borrero le fueron incautados un tel\u00e9fono celular, una c\u00e9dula de ciudadan\u00eda a nombre de Leidy Renter\u00eda Riascos, con la que se identificaba, 6 simcard, con las que envi\u00f3 los audios de supervivencia y amenazas, por parte de los supuestos secuestradores.<\/p>\n<p>Un juez penal de Popay\u00e1n aval\u00f3 la solicitud de la Fiscal\u00eda y dict\u00f3 medida de aseguramiento contra Juilim Castillo Borrero en establecimiento carcelario.<\/p>\n<p>Esta informaci\u00f3n se publica por razones de inter\u00e9s general<\/p>\n<p><b>La Fiscal\u00eda habla con resultados\u00a0\u00a0<\/b><\/p>\n<p>Le puede interesar:\u00a0<a href=\"https:\/\/www.fiscalia.gov.co\/colombia\/noticias\/carcel-para-dos-hombres-y-una-mujer-senalados-de-extorsion-agravada-y-hurto-calificado\/\" target=\"_blank\" rel=\"noopener\" data-saferedirecturl=\"https:\/\/www.google.com\/url?q=https:\/\/www.fiscalia.gov.co\/colombia\/noticias\/carcel-para-dos-hombres-y-una-mujer-senalados-de-extorsion-agravada-y-hurto-calificado\/&amp;source=gmail&amp;ust=1683832640227000&amp;usg=AOvVaw0484h18p0LreSJV7Vljjt3\">C\u00e1rcel para dos hombres y una mujer se\u00f1alados de extorsi\u00f3n agravada y hurto calificado<\/a><\/p>\n<p>JGP\/FAGH \/GAMM\/DSC<\/p>\n<p>&nbsp;<\/p>\n<p>&nbsp;<\/p>\n<p>&nbsp;<\/p>\n<p>&nbsp;<\/p>\n<p>&nbsp;<\/p>\n<p>&nbsp;<\/p>\n<div class=\"td-post-content tagdiv-type\">\n<p><em><span lang=\"ES\">La informaci\u00f3n contenida en este bolet\u00edn de prensa corresponde a la narraci\u00f3n de los hechos noticiosos objetivos, suministrados por los funcionarios encargados de adelantar las investigaciones penales al interior de la Fiscal\u00eda General de la Naci\u00f3n. Para el momento de la divulgaci\u00f3n de este comunicado, la situaci\u00f3n jur\u00eddica de la(s) persona(s) relacionada(s) se encuentra pendiente de resolver por la autoridad judicial competente, siempre bajo los preceptos de la presunci\u00f3n de inocencia, consagrados en el art\u00edculo 29 de la Constituci\u00f3n Pol\u00edtica y el art\u00edculo 7\u00ba de la Ley 906 de 2004.<\/span><\/em><\/p>\n<\/div>\n\n<div class=\"twitter-share\"><a href=\"https:\/\/twitter.com\/intent\/tweet?via=fiscaliacol\" class=\"twitter-share-button\">Tweet<\/a><\/div>\n","protected":false},"excerpt":{"rendered":"<p>Juilim Castillo Borrero, de 32 a\u00f1os, fue imputada como cargos por un fiscal especializado del Gaula como presunta autora material de los delitos de extorsi\u00f3n agravada\u00a0y\u00a0falsedad\u00a0personal.\u00a0 De acuerdo con el [&hellip;]<\/p>\n","protected":false},"author":177,"featured_media":0,"comment_status":"closed","ping_status":"open","sticky":false,"template":"","format":"video","meta":{"tdm_status":"","tdm_grid_status":"","footnotes":""},"categories":[1,336,303,24099],"tags":[3292,1194,24185,24526,24481,1047,31641],"class_list":["post-271222","post","type-post","status-publish","format-video","category-noticias","category-seccional-popayan","category-seccionales","category-seguridad-territorial","tag-extorsion-agravada","tag-falsedad","tag-fiscal-barbosa","tag-fiscal-general-francisco-barbosa-delgado","tag-fiscalia-de-colombia","tag-fiscalia-general-de-la-nacion","tag-popayan-cauca","post_format-post-format-video"],"yoast_head":"<!-- This site is optimized with the Yoast SEO plugin v24.3 - https:\/\/yoast.com\/wordpress\/plugins\/seo\/ -->\n<title>Fiscal\u00eda General de la Naci\u00f3n<\/title>\n<meta name=\"description\" content=\"P\u00e1gina oficial de la Fiscal\u00eda General de la Naci\u00f3n \u2013 Colombia. Garantizamos el acceso efectivo a la justicia, la verdad y la reparaci\u00f3n de las v\u00edctimas de los delitos.\" \/>\n<meta name=\"robots\" content=\"noindex, follow\" \/>\n<meta property=\"og:locale\" content=\"es_ES\" \/>\n<meta property=\"og:type\" content=\"article\" \/>\n<meta property=\"og:title\" content=\"Fiscal\u00eda General de la Naci\u00f3n\" \/>\n<meta property=\"og:description\" content=\"P\u00e1gina oficial de la Fiscal\u00eda General de la Naci\u00f3n \u2013 Colombia. Garantizamos el acceso efectivo a la justicia, la verdad y la reparaci\u00f3n de las v\u00edctimas de los delitos.\" \/>\n<meta property=\"og:url\" content=\"https:\/\/www.fiscalia.gov.co\/colombia\/noticias\/a-la-carcel-mujer-que-al-parecer-fingio-su-propio-secuestro-y-extorsionaba-a-su-propia-madre-con-el-pago-de-40-millones\/\" \/>\n<meta property=\"og:site_name\" content=\"Fiscal\u00eda General de la Naci\u00f3n\" \/>\n<meta property=\"article:publisher\" content=\"https:\/\/www.facebook.com\/FiscaliaCol\" \/>\n<meta property=\"article:published_time\" content=\"2023-05-10T19:27:47+00:00\" \/>\n<meta property=\"article:modified_time\" content=\"2023-05-16T17:19:38+00:00\" \/>\n<meta property=\"og:image\" content=\"https:\/\/www.fiscalia.gov.co\/colombia\/wp-content\/uploads\/WhatsApp-Image-2023-05-10-at-11.38.11-AM-1024x736.jpeg\" \/>\n<meta name=\"author\" content=\"Jordan Leandro Oviedo Anzola\" \/>\n<meta name=\"twitter:card\" content=\"summary_large_image\" \/>\n<meta name=\"twitter:creator\" content=\"@FiscaliaCol\" \/>\n<meta name=\"twitter:site\" content=\"@FiscaliaCol\" \/>\n<meta name=\"twitter:label1\" content=\"Escrito por\" \/>\n\t<meta name=\"twitter:data1\" content=\"Jordan Leandro Oviedo Anzola\" \/>\n\t<meta name=\"twitter:label2\" content=\"Tiempo de lectura\" \/>\n\t<meta name=\"twitter:data2\" content=\"4 minutos\" \/>\n<script type=\"application\/ld+json\" class=\"yoast-schema-graph\">{\"@context\":\"https:\/\/schema.org\",\"@graph\":[{\"@type\":\"Article\",\"@id\":\"https:\/\/www.fiscalia.gov.co\/colombia\/noticias\/a-la-carcel-mujer-que-al-parecer-fingio-su-propio-secuestro-y-extorsionaba-a-su-propia-madre-con-el-pago-de-40-millones\/#article\",\"isPartOf\":{\"@id\":\"https:\/\/www.fiscalia.gov.co\/colombia\/noticias\/a-la-carcel-mujer-que-al-parecer-fingio-su-propio-secuestro-y-extorsionaba-a-su-propia-madre-con-el-pago-de-40-millones\/\"},\"author\":{\"name\":\"Jordan Leandro Oviedo Anzola\",\"@id\":\"https:\/\/www.fiscalia.gov.co\/colombia\/#\/schema\/person\/bf84402cf293a5393e9c70b111020b24\"},\"headline\":\"A la c\u00e1rcel mujer que, al parecer, fingi\u00f3 su propio secuestro y extorsionaba a su propia madre con el pago de $40 millones\",\"datePublished\":\"2023-05-10T19:27:47+00:00\",\"dateModified\":\"2023-05-16T17:19:38+00:00\",\"mainEntityOfPage\":{\"@id\":\"https:\/\/www.fiscalia.gov.co\/colombia\/noticias\/a-la-carcel-mujer-que-al-parecer-fingio-su-propio-secuestro-y-extorsionaba-a-su-propia-madre-con-el-pago-de-40-millones\/\"},\"wordCount\":766,\"publisher\":{\"@id\":\"https:\/\/www.fiscalia.gov.co\/colombia\/#organization\"},\"image\":{\"@id\":\"https:\/\/www.fiscalia.gov.co\/colombia\/noticias\/a-la-carcel-mujer-que-al-parecer-fingio-su-propio-secuestro-y-extorsionaba-a-su-propia-madre-con-el-pago-de-40-millones\/#primaryimage\"},\"thumbnailUrl\":\"https:\/\/www.fiscalia.gov.co\/colombia\/wp-content\/uploads\/WhatsApp-Image-2023-05-10-at-11.38.11-AM-1024x736.jpeg\",\"keywords\":[\"Extorsi\u00f3n agravada\",\"Falsedad\",\"Fiscal Barbosa\",\"Fiscal General Francisco Barbosa Delgado\",\"Fiscal\u00eda de Colombia\",\"Fiscal\u00eda General de la Naci\u00f3n\",\"Popay\u00e1n (Cauca)\"],\"articleSection\":[\"Noticias\",\"Seccional Popay\u00e1n\",\"Seccionales\",\"Seguridad territorial\"],\"inLanguage\":\"es-CO\"},{\"@type\":\"WebPage\",\"@id\":\"https:\/\/www.fiscalia.gov.co\/colombia\/noticias\/a-la-carcel-mujer-que-al-parecer-fingio-su-propio-secuestro-y-extorsionaba-a-su-propia-madre-con-el-pago-de-40-millones\/\",\"url\":\"https:\/\/www.fiscalia.gov.co\/colombia\/noticias\/a-la-carcel-mujer-que-al-parecer-fingio-su-propio-secuestro-y-extorsionaba-a-su-propia-madre-con-el-pago-de-40-millones\/\",\"name\":\"Fiscal\u00eda General de la Naci\u00f3n\",\"isPartOf\":{\"@id\":\"https:\/\/www.fiscalia.gov.co\/colombia\/#website\"},\"primaryImageOfPage\":{\"@id\":\"https:\/\/www.fiscalia.gov.co\/colombia\/noticias\/a-la-carcel-mujer-que-al-parecer-fingio-su-propio-secuestro-y-extorsionaba-a-su-propia-madre-con-el-pago-de-40-millones\/#primaryimage\"},\"image\":{\"@id\":\"https:\/\/www.fiscalia.gov.co\/colombia\/noticias\/a-la-carcel-mujer-que-al-parecer-fingio-su-propio-secuestro-y-extorsionaba-a-su-propia-madre-con-el-pago-de-40-millones\/#primaryimage\"},\"thumbnailUrl\":\"https:\/\/www.fiscalia.gov.co\/colombia\/wp-content\/uploads\/WhatsApp-Image-2023-05-10-at-11.38.11-AM-1024x736.jpeg\",\"datePublished\":\"2023-05-10T19:27:47+00:00\",\"dateModified\":\"2023-05-16T17:19:38+00:00\",\"description\":\"P\u00e1gina oficial de la Fiscal\u00eda General de la Naci\u00f3n \u2013 Colombia. Garantizamos el acceso efectivo a la justicia, la verdad y la reparaci\u00f3n de las v\u00edctimas de los delitos.\",\"breadcrumb\":{\"@id\":\"https:\/\/www.fiscalia.gov.co\/colombia\/noticias\/a-la-carcel-mujer-que-al-parecer-fingio-su-propio-secuestro-y-extorsionaba-a-su-propia-madre-con-el-pago-de-40-millones\/#breadcrumb\"},\"inLanguage\":\"es-CO\",\"potentialAction\":[{\"@type\":\"ReadAction\",\"target\":[\"https:\/\/www.fiscalia.gov.co\/colombia\/noticias\/a-la-carcel-mujer-que-al-parecer-fingio-su-propio-secuestro-y-extorsionaba-a-su-propia-madre-con-el-pago-de-40-millones\/\"]}]},{\"@type\":\"ImageObject\",\"inLanguage\":\"es-CO\",\"@id\":\"https:\/\/www.fiscalia.gov.co\/colombia\/noticias\/a-la-carcel-mujer-que-al-parecer-fingio-su-propio-secuestro-y-extorsionaba-a-su-propia-madre-con-el-pago-de-40-millones\/#primaryimage\",\"url\":\"https:\/\/www.fiscalia.gov.co\/colombia\/wp-content\/uploads\/WhatsApp-Image-2023-05-10-at-11.38.11-AM-1024x736.jpeg\",\"contentUrl\":\"https:\/\/www.fiscalia.gov.co\/colombia\/wp-content\/uploads\/WhatsApp-Image-2023-05-10-at-11.38.11-AM-1024x736.jpeg\"},{\"@type\":\"BreadcrumbList\",\"@id\":\"https:\/\/www.fiscalia.gov.co\/colombia\/noticias\/a-la-carcel-mujer-que-al-parecer-fingio-su-propio-secuestro-y-extorsionaba-a-su-propia-madre-con-el-pago-de-40-millones\/#breadcrumb\",\"itemListElement\":[{\"@type\":\"ListItem\",\"position\":1,\"name\":\"Home\",\"item\":\"https:\/\/www.fiscalia.gov.co\/colombia\/\"},{\"@type\":\"ListItem\",\"position\":2,\"name\":\"A la c\u00e1rcel mujer que, al parecer, fingi\u00f3 su propio secuestro y extorsionaba a su propia madre con el pago de $40 millones\"}]},{\"@type\":\"WebSite\",\"@id\":\"https:\/\/www.fiscalia.gov.co\/colombia\/#website\",\"url\":\"https:\/\/www.fiscalia.gov.co\/colombia\/\",\"name\":\"Fiscal\u00eda General de la Naci\u00f3n\",\"description\":\"P\u00e1gina oficial de la Fiscal\u00eda General de la Naci\u00f3n \u2013 Colombia. Garantizamos el acceso efectivo a la justicia, la verdad y la reparaci\u00f3n de las v\u00edctimas de los delitos.\",\"publisher\":{\"@id\":\"https:\/\/www.fiscalia.gov.co\/colombia\/#organization\"},\"potentialAction\":[{\"@type\":\"SearchAction\",\"target\":{\"@type\":\"EntryPoint\",\"urlTemplate\":\"https:\/\/www.fiscalia.gov.co\/colombia\/?s={search_term_string}\"},\"query-input\":{\"@type\":\"PropertyValueSpecification\",\"valueRequired\":true,\"valueName\":\"search_term_string\"}}],\"inLanguage\":\"es-CO\"},{\"@type\":\"Organization\",\"@id\":\"https:\/\/www.fiscalia.gov.co\/colombia\/#organization\",\"name\":\"Fiscal\u00eda General de la Naci\u00f3n\",\"url\":\"https:\/\/www.fiscalia.gov.co\/colombia\/\",\"logo\":{\"@type\":\"ImageObject\",\"inLanguage\":\"es-CO\",\"@id\":\"https:\/\/www.fiscalia.gov.co\/colombia\/#\/schema\/logo\/image\/\",\"url\":\"https:\/\/www.fiscalia.gov.co\/colombia\/wp-content\/uploads\/LogoHorizontal_1.jpg\",\"contentUrl\":\"https:\/\/www.fiscalia.gov.co\/colombia\/wp-content\/uploads\/LogoHorizontal_1.jpg\",\"width\":300,\"height\":90,\"caption\":\"Fiscal\u00eda General de la Naci\u00f3n\"},\"image\":{\"@id\":\"https:\/\/www.fiscalia.gov.co\/colombia\/#\/schema\/logo\/image\/\"},\"sameAs\":[\"https:\/\/www.facebook.com\/FiscaliaCol\",\"https:\/\/x.com\/FiscaliaCol\",\"https:\/\/www.instagram.com\/fiscaliacol\",\"https:\/\/www.linkedin.com\/company\/fiscalia-general-de-la-naci-n\/\",\"https:\/\/youtube.com\/@fiscaliageneraldelanacion-4668?si=6nN79nyQICPU5iTh\"]},{\"@type\":\"Person\",\"@id\":\"https:\/\/www.fiscalia.gov.co\/colombia\/#\/schema\/person\/bf84402cf293a5393e9c70b111020b24\",\"name\":\"Jordan Leandro Oviedo Anzola\",\"image\":{\"@type\":\"ImageObject\",\"inLanguage\":\"es-CO\",\"@id\":\"https:\/\/www.fiscalia.gov.co\/colombia\/#\/schema\/person\/image\/\",\"url\":\"https:\/\/secure.gravatar.com\/avatar\/dabba4346fa9b9207d96adafa8f92721?s=96&d=mm&r=g\",\"contentUrl\":\"https:\/\/secure.gravatar.com\/avatar\/dabba4346fa9b9207d96adafa8f92721?s=96&d=mm&r=g\",\"caption\":\"Jordan Leandro Oviedo Anzola\"},\"url\":\"https:\/\/www.fiscalia.gov.co\/colombia\/author\/joviedo\/\"}]}<\/script>\n<!-- \/ Yoast SEO plugin. -->","yoast_head_json":{"title":"Fiscal\u00eda General de la Naci\u00f3n","description":"P\u00e1gina oficial de la Fiscal\u00eda General de la Naci\u00f3n \u2013 Colombia. Garantizamos el acceso efectivo a la justicia, la verdad y la reparaci\u00f3n de las v\u00edctimas de los delitos.","robots":{"index":"noindex","follow":"follow"},"og_locale":"es_ES","og_type":"article","og_title":"Fiscal\u00eda General de la Naci\u00f3n","og_description":"P\u00e1gina oficial de la Fiscal\u00eda General de la Naci\u00f3n \u2013 Colombia. Garantizamos el acceso efectivo a la justicia, la verdad y la reparaci\u00f3n de las v\u00edctimas de los delitos.","og_url":"https:\/\/www.fiscalia.gov.co\/colombia\/noticias\/a-la-carcel-mujer-que-al-parecer-fingio-su-propio-secuestro-y-extorsionaba-a-su-propia-madre-con-el-pago-de-40-millones\/","og_site_name":"Fiscal\u00eda General de la Naci\u00f3n","article_publisher":"https:\/\/www.facebook.com\/FiscaliaCol","article_published_time":"2023-05-10T19:27:47+00:00","article_modified_time":"2023-05-16T17:19:38+00:00","og_image":[{"url":"https:\/\/www.fiscalia.gov.co\/colombia\/wp-content\/uploads\/WhatsApp-Image-2023-05-10-at-11.38.11-AM-1024x736.jpeg","type":"","width":"","height":""}],"author":"Jordan Leandro Oviedo Anzola","twitter_card":"summary_large_image","twitter_creator":"@FiscaliaCol","twitter_site":"@FiscaliaCol","twitter_misc":{"Escrito por":"Jordan Leandro Oviedo Anzola","Tiempo de lectura":"4 minutos"},"schema":{"@context":"https:\/\/schema.org","@graph":[{"@type":"Article","@id":"https:\/\/www.fiscalia.gov.co\/colombia\/noticias\/a-la-carcel-mujer-que-al-parecer-fingio-su-propio-secuestro-y-extorsionaba-a-su-propia-madre-con-el-pago-de-40-millones\/#article","isPartOf":{"@id":"https:\/\/www.fiscalia.gov.co\/colombia\/noticias\/a-la-carcel-mujer-que-al-parecer-fingio-su-propio-secuestro-y-extorsionaba-a-su-propia-madre-con-el-pago-de-40-millones\/"},"author":{"name":"Jordan Leandro Oviedo Anzola","@id":"https:\/\/www.fiscalia.gov.co\/colombia\/#\/schema\/person\/bf84402cf293a5393e9c70b111020b24"},"headline":"A la c\u00e1rcel mujer que, al parecer, fingi\u00f3 su propio secuestro y extorsionaba a su propia madre con el pago de $40 millones","datePublished":"2023-05-10T19:27:47+00:00","dateModified":"2023-05-16T17:19:38+00:00","mainEntityOfPage":{"@id":"https:\/\/www.fiscalia.gov.co\/colombia\/noticias\/a-la-carcel-mujer-que-al-parecer-fingio-su-propio-secuestro-y-extorsionaba-a-su-propia-madre-con-el-pago-de-40-millones\/"},"wordCount":766,"publisher":{"@id":"https:\/\/www.fiscalia.gov.co\/colombia\/#organization"},"image":{"@id":"https:\/\/www.fiscalia.gov.co\/colombia\/noticias\/a-la-carcel-mujer-que-al-parecer-fingio-su-propio-secuestro-y-extorsionaba-a-su-propia-madre-con-el-pago-de-40-millones\/#primaryimage"},"thumbnailUrl":"https:\/\/www.fiscalia.gov.co\/colombia\/wp-content\/uploads\/WhatsApp-Image-2023-05-10-at-11.38.11-AM-1024x736.jpeg","keywords":["Extorsi\u00f3n agravada","Falsedad","Fiscal Barbosa","Fiscal General Francisco Barbosa Delgado","Fiscal\u00eda de Colombia","Fiscal\u00eda General de la Naci\u00f3n","Popay\u00e1n (Cauca)"],"articleSection":["Noticias","Seccional Popay\u00e1n","Seccionales","Seguridad territorial"],"inLanguage":"es-CO"},{"@type":"WebPage","@id":"https:\/\/www.fiscalia.gov.co\/colombia\/noticias\/a-la-carcel-mujer-que-al-parecer-fingio-su-propio-secuestro-y-extorsionaba-a-su-propia-madre-con-el-pago-de-40-millones\/","url":"https:\/\/www.fiscalia.gov.co\/colombia\/noticias\/a-la-carcel-mujer-que-al-parecer-fingio-su-propio-secuestro-y-extorsionaba-a-su-propia-madre-con-el-pago-de-40-millones\/","name":"Fiscal\u00eda General de la Naci\u00f3n","isPartOf":{"@id":"https:\/\/www.fiscalia.gov.co\/colombia\/#website"},"primaryImageOfPage":{"@id":"https:\/\/www.fiscalia.gov.co\/colombia\/noticias\/a-la-carcel-mujer-que-al-parecer-fingio-su-propio-secuestro-y-extorsionaba-a-su-propia-madre-con-el-pago-de-40-millones\/#primaryimage"},"image":{"@id":"https:\/\/www.fiscalia.gov.co\/colombia\/noticias\/a-la-carcel-mujer-que-al-parecer-fingio-su-propio-secuestro-y-extorsionaba-a-su-propia-madre-con-el-pago-de-40-millones\/#primaryimage"},"thumbnailUrl":"https:\/\/www.fiscalia.gov.co\/colombia\/wp-content\/uploads\/WhatsApp-Image-2023-05-10-at-11.38.11-AM-1024x736.jpeg","datePublished":"2023-05-10T19:27:47+00:00","dateModified":"2023-05-16T17:19:38+00:00","description":"P\u00e1gina oficial de la Fiscal\u00eda General de la Naci\u00f3n \u2013 Colombia. Garantizamos el acceso efectivo a la justicia, la verdad y la reparaci\u00f3n de las v\u00edctimas de los delitos.","breadcrumb":{"@id":"https:\/\/www.fiscalia.gov.co\/colombia\/noticias\/a-la-carcel-mujer-que-al-parecer-fingio-su-propio-secuestro-y-extorsionaba-a-su-propia-madre-con-el-pago-de-40-millones\/#breadcrumb"},"inLanguage":"es-CO","potentialAction":[{"@type":"ReadAction","target":["https:\/\/www.fiscalia.gov.co\/colombia\/noticias\/a-la-carcel-mujer-que-al-parecer-fingio-su-propio-secuestro-y-extorsionaba-a-su-propia-madre-con-el-pago-de-40-millones\/"]}]},{"@type":"ImageObject","inLanguage":"es-CO","@id":"https:\/\/www.fiscalia.gov.co\/colombia\/noticias\/a-la-carcel-mujer-que-al-parecer-fingio-su-propio-secuestro-y-extorsionaba-a-su-propia-madre-con-el-pago-de-40-millones\/#primaryimage","url":"https:\/\/www.fiscalia.gov.co\/colombia\/wp-content\/uploads\/WhatsApp-Image-2023-05-10-at-11.38.11-AM-1024x736.jpeg","contentUrl":"https:\/\/www.fiscalia.gov.co\/colombia\/wp-content\/uploads\/WhatsApp-Image-2023-05-10-at-11.38.11-AM-1024x736.jpeg"},{"@type":"BreadcrumbList","@id":"https:\/\/www.fiscalia.gov.co\/colombia\/noticias\/a-la-carcel-mujer-que-al-parecer-fingio-su-propio-secuestro-y-extorsionaba-a-su-propia-madre-con-el-pago-de-40-millones\/#breadcrumb","itemListElement":[{"@type":"ListItem","position":1,"name":"Home","item":"https:\/\/www.fiscalia.gov.co\/colombia\/"},{"@type":"ListItem","position":2,"name":"A la c\u00e1rcel mujer que, al parecer, fingi\u00f3 su propio secuestro y extorsionaba a su propia madre con el pago de $40 millones"}]},{"@type":"WebSite","@id":"https:\/\/www.fiscalia.gov.co\/colombia\/#website","url":"https:\/\/www.fiscalia.gov.co\/colombia\/","name":"Fiscal\u00eda General de la Naci\u00f3n","description":"P\u00e1gina oficial de la Fiscal\u00eda General de la Naci\u00f3n \u2013 Colombia. Garantizamos el acceso efectivo a la justicia, la verdad y la reparaci\u00f3n de las v\u00edctimas de los delitos.","publisher":{"@id":"https:\/\/www.fiscalia.gov.co\/colombia\/#organization"},"potentialAction":[{"@type":"SearchAction","target":{"@type":"EntryPoint","urlTemplate":"https:\/\/www.fiscalia.gov.co\/colombia\/?s={search_term_string}"},"query-input":{"@type":"PropertyValueSpecification","valueRequired":true,"valueName":"search_term_string"}}],"inLanguage":"es-CO"},{"@type":"Organization","@id":"https:\/\/www.fiscalia.gov.co\/colombia\/#organization","name":"Fiscal\u00eda General de la Naci\u00f3n","url":"https:\/\/www.fiscalia.gov.co\/colombia\/","logo":{"@type":"ImageObject","inLanguage":"es-CO","@id":"https:\/\/www.fiscalia.gov.co\/colombia\/#\/schema\/logo\/image\/","url":"https:\/\/www.fiscalia.gov.co\/colombia\/wp-content\/uploads\/LogoHorizontal_1.jpg","contentUrl":"https:\/\/www.fiscalia.gov.co\/colombia\/wp-content\/uploads\/LogoHorizontal_1.jpg","width":300,"height":90,"caption":"Fiscal\u00eda General de la Naci\u00f3n"},"image":{"@id":"https:\/\/www.fiscalia.gov.co\/colombia\/#\/schema\/logo\/image\/"},"sameAs":["https:\/\/www.facebook.com\/FiscaliaCol","https:\/\/x.com\/FiscaliaCol","https:\/\/www.instagram.com\/fiscaliacol","https:\/\/www.linkedin.com\/company\/fiscalia-general-de-la-naci-n\/","https:\/\/youtube.com\/@fiscaliageneraldelanacion-4668?si=6nN79nyQICPU5iTh"]},{"@type":"Person","@id":"https:\/\/www.fiscalia.gov.co\/colombia\/#\/schema\/person\/bf84402cf293a5393e9c70b111020b24","name":"Jordan Leandro Oviedo Anzola","image":{"@type":"ImageObject","inLanguage":"es-CO","@id":"https:\/\/www.fiscalia.gov.co\/colombia\/#\/schema\/person\/image\/","url":"https:\/\/secure.gravatar.com\/avatar\/dabba4346fa9b9207d96adafa8f92721?s=96&d=mm&r=g","contentUrl":"https:\/\/secure.gravatar.com\/avatar\/dabba4346fa9b9207d96adafa8f92721?s=96&d=mm&r=g","caption":"Jordan Leandro Oviedo Anzola"},"url":"https:\/\/www.fiscalia.gov.co\/colombia\/author\/joviedo\/"}]}},"_links":{"self":[{"href":"https:\/\/www.fiscalia.gov.co\/colombia\/wp-json\/wp\/v2\/posts\/271222","targetHints":{"allow":["GET"]}}],"collection":[{"href":"https:\/\/www.fiscalia.gov.co\/colombia\/wp-json\/wp\/v2\/posts"}],"about":[{"href":"https:\/\/www.fiscalia.gov.co\/colombia\/wp-json\/wp\/v2\/types\/post"}],"author":[{"embeddable":true,"href":"https:\/\/www.fiscalia.gov.co\/colombia\/wp-json\/wp\/v2\/users\/177"}],"replies":[{"embeddable":true,"href":"https:\/\/www.fiscalia.gov.co\/colombia\/wp-json\/wp\/v2\/comments?post=271222"}],"version-history":[{"count":2,"href":"https:\/\/www.fiscalia.gov.co\/colombia\/wp-json\/wp\/v2\/posts\/271222\/revisions"}],"predecessor-version":[{"id":271607,"href":"https:\/\/www.fiscalia.gov.co\/colombia\/wp-json\/wp\/v2\/posts\/271222\/revisions\/271607"}],"wp:attachment":[{"href":"https:\/\/www.fiscalia.gov.co\/colombia\/wp-json\/wp\/v2\/media?parent=271222"}],"wp:term":[{"taxonomy":"category","embeddable":true,"href":"https:\/\/www.fiscalia.gov.co\/colombia\/wp-json\/wp\/v2\/categories?post=271222"},{"taxonomy":"post_tag","embeddable":true,"href":"https:\/\/www.fiscalia.gov.co\/colombia\/wp-json\/wp\/v2\/tags?post=271222"}],"curies":[{"name":"wp","href":"https:\/\/api.w.org\/{rel}","templated":true}]}}