{"id":271050,"date":"2023-05-08T11:23:31","date_gmt":"2023-05-08T16:23:31","guid":{"rendered":"https:\/\/www.fiscalia.gov.co\/colombia\/?p=271050"},"modified":"2023-05-08T11:23:31","modified_gmt":"2023-05-08T16:23:31","slug":"a-la-carcel-presunto-cabecilla-de-una-organizacion-criminal-investigado-por-cuatro-homicidios-en-el-centro-de-medellin","status":"publish","type":"post","link":"https:\/\/www.fiscalia.gov.co\/colombia\/noticias\/a-la-carcel-presunto-cabecilla-de-una-organizacion-criminal-investigado-por-cuatro-homicidios-en-el-centro-de-medellin\/","title":{"rendered":"A la c\u00e1rcel presunto cabecilla de una organizaci\u00f3n criminal investigado por cuatro homicidios en el centro de Medell\u00edn"},"content":{"rendered":"<p>La Fiscal\u00eda General de la Naci\u00f3n obtuvo medida de aseguramiento en centro carcelario en contra de Juan Camilo Vergara Uribe, alias Confite, Dulce o Bombom,\u00a0\u00a0como presunto cabecilla del Grupo Delincuencial Organizado (GDO) Caicedo que delinque en las Comunas 8, 9 y 10 de Medell\u00edn (Antioquia).<\/p>\n<figure id=\"attachment_271052\" aria-describedby=\"caption-attachment-271052\" style=\"width: 696px\" class=\"wp-caption aligncenter\"><img loading=\"lazy\" decoding=\"async\" class=\"size-large wp-image-271052\" src=\"https:\/\/www.fiscalia.gov.co\/colombia\/wp-content\/uploads\/Juan-Camilo-Vergara-Uribe-alias-Confite-Dulce-o-Bombom-1-1024x588.jpg\" alt=\"En la fotograf\u00eda est\u00e1 Juan Camilo Vergara Uribe, alias Confite, y dos servidores del CTI a sus lados, con un pend\u00f3n azul de la Fiscal\u00eda General de la Naci\u00f3n\" width=\"696\" height=\"400\" srcset=\"https:\/\/www.fiscalia.gov.co\/colombia\/wp-content\/uploads\/Juan-Camilo-Vergara-Uribe-alias-Confite-Dulce-o-Bombom-1-1024x588.jpg 1024w, https:\/\/www.fiscalia.gov.co\/colombia\/wp-content\/uploads\/Juan-Camilo-Vergara-Uribe-alias-Confite-Dulce-o-Bombom-1-300x172.jpg 300w, https:\/\/www.fiscalia.gov.co\/colombia\/wp-content\/uploads\/Juan-Camilo-Vergara-Uribe-alias-Confite-Dulce-o-Bombom-1-768x441.jpg 768w, https:\/\/www.fiscalia.gov.co\/colombia\/wp-content\/uploads\/Juan-Camilo-Vergara-Uribe-alias-Confite-Dulce-o-Bombom-1-1536x882.jpg 1536w, https:\/\/www.fiscalia.gov.co\/colombia\/wp-content\/uploads\/Juan-Camilo-Vergara-Uribe-alias-Confite-Dulce-o-Bombom-1-696x400.jpg 696w, https:\/\/www.fiscalia.gov.co\/colombia\/wp-content\/uploads\/Juan-Camilo-Vergara-Uribe-alias-Confite-Dulce-o-Bombom-1-1068x613.jpg 1068w, https:\/\/www.fiscalia.gov.co\/colombia\/wp-content\/uploads\/Juan-Camilo-Vergara-Uribe-alias-Confite-Dulce-o-Bombom-1-731x420.jpg 731w, https:\/\/www.fiscalia.gov.co\/colombia\/wp-content\/uploads\/Juan-Camilo-Vergara-Uribe-alias-Confite-Dulce-o-Bombom-1.jpg 1600w\" sizes=\"auto, (max-width: 696px) 100vw, 696px\" \/><figcaption id=\"caption-attachment-271052\" class=\"wp-caption-text\">Alias Confite presunto cabecilla del GDO Caicedo que delinque en las Comunas 8, 9 y 10 de Medell\u00edn.<\/figcaption><\/figure>\n<p>El material probatorio da cuenta que, alias Confite, al parecer, dirig\u00eda las actividades il\u00edcitas en el centro de Medell\u00edn, y era quien autorizaba los homicidios selectivos que se comet\u00edan entre las 6 de la noche y las 4 de ma\u00f1ana en esa zona.<\/p>\n<p>En audiencias concentradas a Vergara Uribe le fueron imputados cargos por su presunta participaci\u00f3n en cuatro homicidios cometidos entre enero y septiembre de 2021, en hechos en los que fueron v\u00edctimas John Jairo Moreno \u00c1lvarez, Johan Sebasti\u00e1n Tapias Galvis, Juan Camilo Duque Erazo y Andr\u00e9s Potes Valoyes.<\/p>\n<p>El investigado fue capturado este 2 de mayo en el barrio Buenos Aires de Medell\u00edn, por servidores del\u00a0Cuerpo T\u00e9cnico de Investigaci\u00f3n (CTI), con el apoyo de la Dipol de la Polic\u00eda Nacional, durante un allanamiento que permiti\u00f3 la incautaci\u00f3n de dinero en efectivo, un arma de fuego traum\u00e1tica, una tablet, un celular, 10 papeletas de 2cb y una gramera.<\/p>\n<p>Alias Confite no acept\u00f3 los cargos imputados por un fiscal de la Estructura de Apoyo de Medell\u00edn, por los delitos de concierto para delinquir agravado, homicidio agravado y porte de armas de fuego de defensa personal agravado.<\/p>\n<p>Se presume que el procesado, adem\u00e1s, ser\u00eda el coordinador la estructura criminal Las Convivir de Caicedo desde el a\u00f1o 2015.<\/p>\n<p>La Fiscal\u00eda General de la Naci\u00f3n ha capturado a 51 integrantes del Grupo delincuencial Organizado Las Convivir, de los cuales\u00a0 41 ya han sido asegurados.<\/p>\n<p><strong>La Fiscal\u00eda habla con resultados.\u00a0<\/strong><\/p>\n<p>&nbsp;<\/p>\n<p>&nbsp;<\/p>\n<p>&nbsp;<\/p>\n<p>&nbsp;<\/p>\n<p>&nbsp;<\/p>\n<p>&nbsp;<\/p>\n<p>NAMT\/MG\/LJC\/YMAS\/DSM<\/p>\n<p>&nbsp;<\/p>\n<p>&nbsp;<\/p>\n<p>&nbsp;<\/p>\n<p>&nbsp;<\/p>\n<p>&nbsp;<\/p>\n<div class=\"td-post-content tagdiv-type\">\n<p><em><span lang=\"ES\">La informaci\u00f3n contenida en este bolet\u00edn de prensa corresponde a la narraci\u00f3n de los hechos noticiosos objetivos, suministrados por los funcionarios encargados de adelantar las investigaciones penales al interior de la Fiscal\u00eda General de la Naci\u00f3n. Para el momento de la divulgaci\u00f3n de este comunicado, la situaci\u00f3n jur\u00eddica de la(s) persona(s) relacionada(s) se encuentra pendiente de resolver por la autoridad judicial competente, siempre bajo los preceptos de la presunci\u00f3n de inocencia, consagrados en el art\u00edculo 29 de la Constituci\u00f3n Pol\u00edtica y el art\u00edculo 7\u00ba de la Ley 906 de 2004.<\/span><\/em><\/p>\n<\/div>\n<footer>\n<div class=\"td-post-source-tags\"><\/div>\n<div class=\"td-post-sharing-bottom\"><\/div>\n<\/footer>\n\n<div class=\"twitter-share\"><a href=\"https:\/\/twitter.com\/intent\/tweet?via=fiscaliacol\" class=\"twitter-share-button\">Tweet<\/a><\/div>\n","protected":false},"excerpt":{"rendered":"<p>La Fiscal\u00eda General de la Naci\u00f3n obtuvo medida de aseguramiento en centro carcelario en contra de Juan Camilo Vergara Uribe, alias Confite, Dulce o Bombom,\u00a0\u00a0como presunto cabecilla del Grupo Delincuencial Organizado (GDO) Caicedo que delinque en las Comunas 8, 9 y 10 de Medell\u00edn (Antioquia). El material probatorio da cuenta que, alias Confite, al parecer, [&hellip;]<\/p>\n","protected":false},"author":177,"featured_media":0,"comment_status":"closed","ping_status":"open","sticky":false,"template":"","format":"standard","meta":{"_price":"","_stock":"","_tribe_ticket_header":"","_tribe_default_ticket_provider":"","_tribe_ticket_capacity":"0","_ticket_start_date":"","_ticket_end_date":"","_tribe_ticket_show_description":"","_tribe_ticket_show_not_going":false,"_tribe_ticket_use_global_stock":"","_tribe_ticket_global_stock_level":"","_global_stock_mode":"","_global_stock_cap":"","_tribe_rsvp_for_event":"","_tribe_ticket_going_count":"","_tribe_ticket_not_going_count":"","_tribe_tickets_list":"[]","_tribe_ticket_has_attendee_info_fields":false,"tdm_status":"","tdm_grid_status":"","footnotes":""},"categories":[1,318,331,303,24099],"tags":[34573,34568,34574,45,34572,34569,31888,34571,34570,23985],"class_list":{"0":"post-271050","1":"post","2":"type-post","3":"status-publish","4":"format-standard","6":"category-noticias","7":"category-seccional-antioquia","8":"category-seccional-medellin","9":"category-seccionales","10":"category-seguridad-territorial","11":"tag-9-y-10-de-medellin","12":"tag-alias-confite","13":"tag-coordinador-de-las-actividades-ilicitas-en-el-centro-de-medellin-en-horas-de-la-noche","14":"tag-cti","15":"tag-delinque-en-las-comunas-8","16":"tag-dulce-o-bombom","17":"tag-fiscal-de-la-estructura-de-apoyo","18":"tag-gdco-las-convivir-de-caicedo","19":"tag-gdo-caicedo","20":"tag-medellin-antioquia"},"yoast_head":"<!-- This site is optimized with the Yoast SEO plugin v24.3 - https:\/\/yoast.com\/wordpress\/plugins\/seo\/ -->\n<title>Fiscal\u00eda General de la Naci\u00f3n<\/title>\n<meta name=\"description\" content=\"P\u00e1gina oficial de la Fiscal\u00eda General de la Naci\u00f3n \u2013 Colombia. Garantizamos el acceso efectivo a la justicia, la verdad y la reparaci\u00f3n de las v\u00edctimas de los delitos.\" \/>\n<meta name=\"robots\" content=\"noindex, follow\" \/>\n<meta property=\"og:locale\" content=\"es_ES\" \/>\n<meta property=\"og:type\" content=\"article\" \/>\n<meta property=\"og:title\" content=\"Fiscal\u00eda General de la Naci\u00f3n\" \/>\n<meta property=\"og:description\" content=\"P\u00e1gina oficial de la Fiscal\u00eda General de la Naci\u00f3n \u2013 Colombia. Garantizamos el acceso efectivo a la justicia, la verdad y la reparaci\u00f3n de las v\u00edctimas de los delitos.\" \/>\n<meta property=\"og:url\" content=\"https:\/\/www.fiscalia.gov.co\/colombia\/noticias\/a-la-carcel-presunto-cabecilla-de-una-organizacion-criminal-investigado-por-cuatro-homicidios-en-el-centro-de-medellin\/\" \/>\n<meta property=\"og:site_name\" content=\"Fiscal\u00eda General de la Naci\u00f3n\" \/>\n<meta property=\"article:publisher\" content=\"https:\/\/www.facebook.com\/FiscaliaCol\" \/>\n<meta property=\"article:published_time\" content=\"2023-05-08T16:23:31+00:00\" \/>\n<meta property=\"og:image\" content=\"https:\/\/www.fiscalia.gov.co\/colombia\/wp-content\/uploads\/Juan-Camilo-Vergara-Uribe-alias-Confite-Dulce-o-Bombom-1-1024x588.jpg\" \/>\n<meta name=\"author\" content=\"Jordan Leandro Oviedo Anzola\" \/>\n<meta name=\"twitter:card\" content=\"summary_large_image\" \/>\n<meta name=\"twitter:creator\" content=\"@FiscaliaCol\" \/>\n<meta name=\"twitter:site\" content=\"@FiscaliaCol\" \/>\n<meta name=\"twitter:label1\" content=\"Escrito por\" \/>\n\t<meta name=\"twitter:data1\" content=\"Jordan Leandro Oviedo Anzola\" \/>\n\t<meta name=\"twitter:label2\" content=\"Tiempo de lectura\" \/>\n\t<meta name=\"twitter:data2\" content=\"2 minutos\" \/>\n<script type=\"application\/ld+json\" class=\"yoast-schema-graph\">{\"@context\":\"https:\/\/schema.org\",\"@graph\":[{\"@type\":\"Article\",\"@id\":\"https:\/\/www.fiscalia.gov.co\/colombia\/noticias\/a-la-carcel-presunto-cabecilla-de-una-organizacion-criminal-investigado-por-cuatro-homicidios-en-el-centro-de-medellin\/#article\",\"isPartOf\":{\"@id\":\"https:\/\/www.fiscalia.gov.co\/colombia\/noticias\/a-la-carcel-presunto-cabecilla-de-una-organizacion-criminal-investigado-por-cuatro-homicidios-en-el-centro-de-medellin\/\"},\"author\":{\"name\":\"Jordan Leandro Oviedo Anzola\",\"@id\":\"https:\/\/www.fiscalia.gov.co\/colombia\/#\/schema\/person\/bf84402cf293a5393e9c70b111020b24\"},\"headline\":\"A la c\u00e1rcel presunto cabecilla de una organizaci\u00f3n criminal investigado por cuatro homicidios en el centro de Medell\u00edn\",\"datePublished\":\"2023-05-08T16:23:31+00:00\",\"dateModified\":\"2023-05-08T16:23:31+00:00\",\"mainEntityOfPage\":{\"@id\":\"https:\/\/www.fiscalia.gov.co\/colombia\/noticias\/a-la-carcel-presunto-cabecilla-de-una-organizacion-criminal-investigado-por-cuatro-homicidios-en-el-centro-de-medellin\/\"},\"wordCount\":459,\"publisher\":{\"@id\":\"https:\/\/www.fiscalia.gov.co\/colombia\/#organization\"},\"image\":{\"@id\":\"https:\/\/www.fiscalia.gov.co\/colombia\/noticias\/a-la-carcel-presunto-cabecilla-de-una-organizacion-criminal-investigado-por-cuatro-homicidios-en-el-centro-de-medellin\/#primaryimage\"},\"thumbnailUrl\":\"https:\/\/www.fiscalia.gov.co\/colombia\/wp-content\/uploads\/Juan-Camilo-Vergara-Uribe-alias-Confite-Dulce-o-Bombom-1-1024x588.jpg\",\"keywords\":[\"9 y 10 de Medell\u00edn\",\"Alias Confite\",\"coordinador de las actividades il\u00edcitas en el centro de Medell\u00edn en horas de la noche\",\"CTI\",\"delinque en las Comunas 8\",\"dulce o bombom\",\"fiscal de la Estructura de Apoyo\",\"GDCO Las Convivir de Caicedo\",\"GDO Caicedo\",\"Medell\u00edn (Antioquia)\"],\"articleSection\":[\"Noticias\",\"Seccional Antioquia\",\"Seccional Medell\u00edn\",\"Seccionales\",\"Seguridad territorial\"],\"inLanguage\":\"es-CO\"},{\"@type\":\"WebPage\",\"@id\":\"https:\/\/www.fiscalia.gov.co\/colombia\/noticias\/a-la-carcel-presunto-cabecilla-de-una-organizacion-criminal-investigado-por-cuatro-homicidios-en-el-centro-de-medellin\/\",\"url\":\"https:\/\/www.fiscalia.gov.co\/colombia\/noticias\/a-la-carcel-presunto-cabecilla-de-una-organizacion-criminal-investigado-por-cuatro-homicidios-en-el-centro-de-medellin\/\",\"name\":\"Fiscal\u00eda General de la Naci\u00f3n\",\"isPartOf\":{\"@id\":\"https:\/\/www.fiscalia.gov.co\/colombia\/#website\"},\"primaryImageOfPage\":{\"@id\":\"https:\/\/www.fiscalia.gov.co\/colombia\/noticias\/a-la-carcel-presunto-cabecilla-de-una-organizacion-criminal-investigado-por-cuatro-homicidios-en-el-centro-de-medellin\/#primaryimage\"},\"image\":{\"@id\":\"https:\/\/www.fiscalia.gov.co\/colombia\/noticias\/a-la-carcel-presunto-cabecilla-de-una-organizacion-criminal-investigado-por-cuatro-homicidios-en-el-centro-de-medellin\/#primaryimage\"},\"thumbnailUrl\":\"https:\/\/www.fiscalia.gov.co\/colombia\/wp-content\/uploads\/Juan-Camilo-Vergara-Uribe-alias-Confite-Dulce-o-Bombom-1-1024x588.jpg\",\"datePublished\":\"2023-05-08T16:23:31+00:00\",\"dateModified\":\"2023-05-08T16:23:31+00:00\",\"description\":\"P\u00e1gina oficial de la Fiscal\u00eda General de la Naci\u00f3n \u2013 Colombia. Garantizamos el acceso efectivo a la justicia, la verdad y la reparaci\u00f3n de las v\u00edctimas de los delitos.\",\"breadcrumb\":{\"@id\":\"https:\/\/www.fiscalia.gov.co\/colombia\/noticias\/a-la-carcel-presunto-cabecilla-de-una-organizacion-criminal-investigado-por-cuatro-homicidios-en-el-centro-de-medellin\/#breadcrumb\"},\"inLanguage\":\"es-CO\",\"potentialAction\":[{\"@type\":\"ReadAction\",\"target\":[\"https:\/\/www.fiscalia.gov.co\/colombia\/noticias\/a-la-carcel-presunto-cabecilla-de-una-organizacion-criminal-investigado-por-cuatro-homicidios-en-el-centro-de-medellin\/\"]}]},{\"@type\":\"ImageObject\",\"inLanguage\":\"es-CO\",\"@id\":\"https:\/\/www.fiscalia.gov.co\/colombia\/noticias\/a-la-carcel-presunto-cabecilla-de-una-organizacion-criminal-investigado-por-cuatro-homicidios-en-el-centro-de-medellin\/#primaryimage\",\"url\":\"https:\/\/www.fiscalia.gov.co\/colombia\/wp-content\/uploads\/Juan-Camilo-Vergara-Uribe-alias-Confite-Dulce-o-Bombom-1.jpg\",\"contentUrl\":\"https:\/\/www.fiscalia.gov.co\/colombia\/wp-content\/uploads\/Juan-Camilo-Vergara-Uribe-alias-Confite-Dulce-o-Bombom-1.jpg\",\"width\":1600,\"height\":919,\"caption\":\"Alias Confite presunto cabecilla del GDO Caicedo que delinque en las Comunas 8, 9 y 10 de Medell\u00edn.\"},{\"@type\":\"BreadcrumbList\",\"@id\":\"https:\/\/www.fiscalia.gov.co\/colombia\/noticias\/a-la-carcel-presunto-cabecilla-de-una-organizacion-criminal-investigado-por-cuatro-homicidios-en-el-centro-de-medellin\/#breadcrumb\",\"itemListElement\":[{\"@type\":\"ListItem\",\"position\":1,\"name\":\"Home\",\"item\":\"https:\/\/www.fiscalia.gov.co\/colombia\/\"},{\"@type\":\"ListItem\",\"position\":2,\"name\":\"A la c\u00e1rcel presunto cabecilla de una organizaci\u00f3n criminal investigado por cuatro homicidios en el centro de Medell\u00edn\"}]},{\"@type\":\"WebSite\",\"@id\":\"https:\/\/www.fiscalia.gov.co\/colombia\/#website\",\"url\":\"https:\/\/www.fiscalia.gov.co\/colombia\/\",\"name\":\"Fiscal\u00eda General de la Naci\u00f3n\",\"description\":\"P\u00e1gina oficial de la Fiscal\u00eda General de la Naci\u00f3n \u2013 Colombia. Garantizamos el acceso efectivo a la justicia, la verdad y la reparaci\u00f3n de las v\u00edctimas de los delitos.\",\"publisher\":{\"@id\":\"https:\/\/www.fiscalia.gov.co\/colombia\/#organization\"},\"potentialAction\":[{\"@type\":\"SearchAction\",\"target\":{\"@type\":\"EntryPoint\",\"urlTemplate\":\"https:\/\/www.fiscalia.gov.co\/colombia\/?s={search_term_string}\"},\"query-input\":{\"@type\":\"PropertyValueSpecification\",\"valueRequired\":true,\"valueName\":\"search_term_string\"}}],\"inLanguage\":\"es-CO\"},{\"@type\":\"Organization\",\"@id\":\"https:\/\/www.fiscalia.gov.co\/colombia\/#organization\",\"name\":\"Fiscal\u00eda General de la Naci\u00f3n\",\"url\":\"https:\/\/www.fiscalia.gov.co\/colombia\/\",\"logo\":{\"@type\":\"ImageObject\",\"inLanguage\":\"es-CO\",\"@id\":\"https:\/\/www.fiscalia.gov.co\/colombia\/#\/schema\/logo\/image\/\",\"url\":\"https:\/\/www.fiscalia.gov.co\/colombia\/wp-content\/uploads\/LogoHorizontal_1.jpg\",\"contentUrl\":\"https:\/\/www.fiscalia.gov.co\/colombia\/wp-content\/uploads\/LogoHorizontal_1.jpg\",\"width\":300,\"height\":90,\"caption\":\"Fiscal\u00eda General de la Naci\u00f3n\"},\"image\":{\"@id\":\"https:\/\/www.fiscalia.gov.co\/colombia\/#\/schema\/logo\/image\/\"},\"sameAs\":[\"https:\/\/www.facebook.com\/FiscaliaCol\",\"https:\/\/x.com\/FiscaliaCol\",\"https:\/\/www.instagram.com\/fiscaliacol\",\"https:\/\/www.linkedin.com\/company\/fiscalia-general-de-la-naci-n\/\",\"https:\/\/youtube.com\/@fiscaliageneraldelanacion-4668?si=6nN79nyQICPU5iTh\"]},{\"@type\":\"Person\",\"@id\":\"https:\/\/www.fiscalia.gov.co\/colombia\/#\/schema\/person\/bf84402cf293a5393e9c70b111020b24\",\"name\":\"Jordan Leandro Oviedo Anzola\",\"image\":{\"@type\":\"ImageObject\",\"inLanguage\":\"es-CO\",\"@id\":\"https:\/\/www.fiscalia.gov.co\/colombia\/#\/schema\/person\/image\/\",\"url\":\"https:\/\/secure.gravatar.com\/avatar\/dabba4346fa9b9207d96adafa8f92721?s=96&d=mm&r=g\",\"contentUrl\":\"https:\/\/secure.gravatar.com\/avatar\/dabba4346fa9b9207d96adafa8f92721?s=96&d=mm&r=g\",\"caption\":\"Jordan Leandro Oviedo Anzola\"},\"url\":\"https:\/\/www.fiscalia.gov.co\/colombia\/author\/joviedo\/\"}]}<\/script>\n<!-- \/ Yoast SEO plugin. -->","yoast_head_json":{"title":"Fiscal\u00eda General de la Naci\u00f3n","description":"P\u00e1gina oficial de la Fiscal\u00eda General de la Naci\u00f3n \u2013 Colombia. Garantizamos el acceso efectivo a la justicia, la verdad y la reparaci\u00f3n de las v\u00edctimas de los delitos.","robots":{"index":"noindex","follow":"follow"},"og_locale":"es_ES","og_type":"article","og_title":"Fiscal\u00eda General de la Naci\u00f3n","og_description":"P\u00e1gina oficial de la Fiscal\u00eda General de la Naci\u00f3n \u2013 Colombia. Garantizamos el acceso efectivo a la justicia, la verdad y la reparaci\u00f3n de las v\u00edctimas de los delitos.","og_url":"https:\/\/www.fiscalia.gov.co\/colombia\/noticias\/a-la-carcel-presunto-cabecilla-de-una-organizacion-criminal-investigado-por-cuatro-homicidios-en-el-centro-de-medellin\/","og_site_name":"Fiscal\u00eda General de la Naci\u00f3n","article_publisher":"https:\/\/www.facebook.com\/FiscaliaCol","article_published_time":"2023-05-08T16:23:31+00:00","og_image":[{"url":"https:\/\/www.fiscalia.gov.co\/colombia\/wp-content\/uploads\/Juan-Camilo-Vergara-Uribe-alias-Confite-Dulce-o-Bombom-1-1024x588.jpg","type":"","width":"","height":""}],"author":"Jordan Leandro Oviedo Anzola","twitter_card":"summary_large_image","twitter_creator":"@FiscaliaCol","twitter_site":"@FiscaliaCol","twitter_misc":{"Escrito por":"Jordan Leandro Oviedo Anzola","Tiempo de lectura":"2 minutos"},"schema":{"@context":"https:\/\/schema.org","@graph":[{"@type":"Article","@id":"https:\/\/www.fiscalia.gov.co\/colombia\/noticias\/a-la-carcel-presunto-cabecilla-de-una-organizacion-criminal-investigado-por-cuatro-homicidios-en-el-centro-de-medellin\/#article","isPartOf":{"@id":"https:\/\/www.fiscalia.gov.co\/colombia\/noticias\/a-la-carcel-presunto-cabecilla-de-una-organizacion-criminal-investigado-por-cuatro-homicidios-en-el-centro-de-medellin\/"},"author":{"name":"Jordan Leandro Oviedo Anzola","@id":"https:\/\/www.fiscalia.gov.co\/colombia\/#\/schema\/person\/bf84402cf293a5393e9c70b111020b24"},"headline":"A la c\u00e1rcel presunto cabecilla de una organizaci\u00f3n criminal investigado por cuatro homicidios en el centro de Medell\u00edn","datePublished":"2023-05-08T16:23:31+00:00","dateModified":"2023-05-08T16:23:31+00:00","mainEntityOfPage":{"@id":"https:\/\/www.fiscalia.gov.co\/colombia\/noticias\/a-la-carcel-presunto-cabecilla-de-una-organizacion-criminal-investigado-por-cuatro-homicidios-en-el-centro-de-medellin\/"},"wordCount":459,"publisher":{"@id":"https:\/\/www.fiscalia.gov.co\/colombia\/#organization"},"image":{"@id":"https:\/\/www.fiscalia.gov.co\/colombia\/noticias\/a-la-carcel-presunto-cabecilla-de-una-organizacion-criminal-investigado-por-cuatro-homicidios-en-el-centro-de-medellin\/#primaryimage"},"thumbnailUrl":"https:\/\/www.fiscalia.gov.co\/colombia\/wp-content\/uploads\/Juan-Camilo-Vergara-Uribe-alias-Confite-Dulce-o-Bombom-1-1024x588.jpg","keywords":["9 y 10 de Medell\u00edn","Alias Confite","coordinador de las actividades il\u00edcitas en el centro de Medell\u00edn en horas de la noche","CTI","delinque en las Comunas 8","dulce o bombom","fiscal de la Estructura de Apoyo","GDCO Las Convivir de Caicedo","GDO Caicedo","Medell\u00edn (Antioquia)"],"articleSection":["Noticias","Seccional Antioquia","Seccional Medell\u00edn","Seccionales","Seguridad territorial"],"inLanguage":"es-CO"},{"@type":"WebPage","@id":"https:\/\/www.fiscalia.gov.co\/colombia\/noticias\/a-la-carcel-presunto-cabecilla-de-una-organizacion-criminal-investigado-por-cuatro-homicidios-en-el-centro-de-medellin\/","url":"https:\/\/www.fiscalia.gov.co\/colombia\/noticias\/a-la-carcel-presunto-cabecilla-de-una-organizacion-criminal-investigado-por-cuatro-homicidios-en-el-centro-de-medellin\/","name":"Fiscal\u00eda General de la Naci\u00f3n","isPartOf":{"@id":"https:\/\/www.fiscalia.gov.co\/colombia\/#website"},"primaryImageOfPage":{"@id":"https:\/\/www.fiscalia.gov.co\/colombia\/noticias\/a-la-carcel-presunto-cabecilla-de-una-organizacion-criminal-investigado-por-cuatro-homicidios-en-el-centro-de-medellin\/#primaryimage"},"image":{"@id":"https:\/\/www.fiscalia.gov.co\/colombia\/noticias\/a-la-carcel-presunto-cabecilla-de-una-organizacion-criminal-investigado-por-cuatro-homicidios-en-el-centro-de-medellin\/#primaryimage"},"thumbnailUrl":"https:\/\/www.fiscalia.gov.co\/colombia\/wp-content\/uploads\/Juan-Camilo-Vergara-Uribe-alias-Confite-Dulce-o-Bombom-1-1024x588.jpg","datePublished":"2023-05-08T16:23:31+00:00","dateModified":"2023-05-08T16:23:31+00:00","description":"P\u00e1gina oficial de la Fiscal\u00eda General de la Naci\u00f3n \u2013 Colombia. Garantizamos el acceso efectivo a la justicia, la verdad y la reparaci\u00f3n de las v\u00edctimas de los delitos.","breadcrumb":{"@id":"https:\/\/www.fiscalia.gov.co\/colombia\/noticias\/a-la-carcel-presunto-cabecilla-de-una-organizacion-criminal-investigado-por-cuatro-homicidios-en-el-centro-de-medellin\/#breadcrumb"},"inLanguage":"es-CO","potentialAction":[{"@type":"ReadAction","target":["https:\/\/www.fiscalia.gov.co\/colombia\/noticias\/a-la-carcel-presunto-cabecilla-de-una-organizacion-criminal-investigado-por-cuatro-homicidios-en-el-centro-de-medellin\/"]}]},{"@type":"ImageObject","inLanguage":"es-CO","@id":"https:\/\/www.fiscalia.gov.co\/colombia\/noticias\/a-la-carcel-presunto-cabecilla-de-una-organizacion-criminal-investigado-por-cuatro-homicidios-en-el-centro-de-medellin\/#primaryimage","url":"https:\/\/www.fiscalia.gov.co\/colombia\/wp-content\/uploads\/Juan-Camilo-Vergara-Uribe-alias-Confite-Dulce-o-Bombom-1.jpg","contentUrl":"https:\/\/www.fiscalia.gov.co\/colombia\/wp-content\/uploads\/Juan-Camilo-Vergara-Uribe-alias-Confite-Dulce-o-Bombom-1.jpg","width":1600,"height":919,"caption":"Alias Confite presunto cabecilla del GDO Caicedo que delinque en las Comunas 8, 9 y 10 de Medell\u00edn."},{"@type":"BreadcrumbList","@id":"https:\/\/www.fiscalia.gov.co\/colombia\/noticias\/a-la-carcel-presunto-cabecilla-de-una-organizacion-criminal-investigado-por-cuatro-homicidios-en-el-centro-de-medellin\/#breadcrumb","itemListElement":[{"@type":"ListItem","position":1,"name":"Home","item":"https:\/\/www.fiscalia.gov.co\/colombia\/"},{"@type":"ListItem","position":2,"name":"A la c\u00e1rcel presunto cabecilla de una organizaci\u00f3n criminal investigado por cuatro homicidios en el centro de Medell\u00edn"}]},{"@type":"WebSite","@id":"https:\/\/www.fiscalia.gov.co\/colombia\/#website","url":"https:\/\/www.fiscalia.gov.co\/colombia\/","name":"Fiscal\u00eda General de la Naci\u00f3n","description":"P\u00e1gina oficial de la Fiscal\u00eda General de la Naci\u00f3n \u2013 Colombia. Garantizamos el acceso efectivo a la justicia, la verdad y la reparaci\u00f3n de las v\u00edctimas de los delitos.","publisher":{"@id":"https:\/\/www.fiscalia.gov.co\/colombia\/#organization"},"potentialAction":[{"@type":"SearchAction","target":{"@type":"EntryPoint","urlTemplate":"https:\/\/www.fiscalia.gov.co\/colombia\/?s={search_term_string}"},"query-input":{"@type":"PropertyValueSpecification","valueRequired":true,"valueName":"search_term_string"}}],"inLanguage":"es-CO"},{"@type":"Organization","@id":"https:\/\/www.fiscalia.gov.co\/colombia\/#organization","name":"Fiscal\u00eda General de la Naci\u00f3n","url":"https:\/\/www.fiscalia.gov.co\/colombia\/","logo":{"@type":"ImageObject","inLanguage":"es-CO","@id":"https:\/\/www.fiscalia.gov.co\/colombia\/#\/schema\/logo\/image\/","url":"https:\/\/www.fiscalia.gov.co\/colombia\/wp-content\/uploads\/LogoHorizontal_1.jpg","contentUrl":"https:\/\/www.fiscalia.gov.co\/colombia\/wp-content\/uploads\/LogoHorizontal_1.jpg","width":300,"height":90,"caption":"Fiscal\u00eda General de la Naci\u00f3n"},"image":{"@id":"https:\/\/www.fiscalia.gov.co\/colombia\/#\/schema\/logo\/image\/"},"sameAs":["https:\/\/www.facebook.com\/FiscaliaCol","https:\/\/x.com\/FiscaliaCol","https:\/\/www.instagram.com\/fiscaliacol","https:\/\/www.linkedin.com\/company\/fiscalia-general-de-la-naci-n\/","https:\/\/youtube.com\/@fiscaliageneraldelanacion-4668?si=6nN79nyQICPU5iTh"]},{"@type":"Person","@id":"https:\/\/www.fiscalia.gov.co\/colombia\/#\/schema\/person\/bf84402cf293a5393e9c70b111020b24","name":"Jordan Leandro Oviedo Anzola","image":{"@type":"ImageObject","inLanguage":"es-CO","@id":"https:\/\/www.fiscalia.gov.co\/colombia\/#\/schema\/person\/image\/","url":"https:\/\/secure.gravatar.com\/avatar\/dabba4346fa9b9207d96adafa8f92721?s=96&d=mm&r=g","contentUrl":"https:\/\/secure.gravatar.com\/avatar\/dabba4346fa9b9207d96adafa8f92721?s=96&d=mm&r=g","caption":"Jordan Leandro Oviedo Anzola"},"url":"https:\/\/www.fiscalia.gov.co\/colombia\/author\/joviedo\/"}]}},"_links":{"self":[{"href":"https:\/\/www.fiscalia.gov.co\/colombia\/wp-json\/wp\/v2\/posts\/271050","targetHints":{"allow":["GET"]}}],"collection":[{"href":"https:\/\/www.fiscalia.gov.co\/colombia\/wp-json\/wp\/v2\/posts"}],"about":[{"href":"https:\/\/www.fiscalia.gov.co\/colombia\/wp-json\/wp\/v2\/types\/post"}],"author":[{"embeddable":true,"href":"https:\/\/www.fiscalia.gov.co\/colombia\/wp-json\/wp\/v2\/users\/177"}],"replies":[{"embeddable":true,"href":"https:\/\/www.fiscalia.gov.co\/colombia\/wp-json\/wp\/v2\/comments?post=271050"}],"version-history":[{"count":1,"href":"https:\/\/www.fiscalia.gov.co\/colombia\/wp-json\/wp\/v2\/posts\/271050\/revisions"}],"predecessor-version":[{"id":271053,"href":"https:\/\/www.fiscalia.gov.co\/colombia\/wp-json\/wp\/v2\/posts\/271050\/revisions\/271053"}],"wp:attachment":[{"href":"https:\/\/www.fiscalia.gov.co\/colombia\/wp-json\/wp\/v2\/media?parent=271050"}],"wp:term":[{"taxonomy":"category","embeddable":true,"href":"https:\/\/www.fiscalia.gov.co\/colombia\/wp-json\/wp\/v2\/categories?post=271050"},{"taxonomy":"post_tag","embeddable":true,"href":"https:\/\/www.fiscalia.gov.co\/colombia\/wp-json\/wp\/v2\/tags?post=271050"}],"curies":[{"name":"wp","href":"https:\/\/api.w.org\/{rel}","templated":true}]}}