{"id":271017,"date":"2023-05-08T10:33:54","date_gmt":"2023-05-08T15:33:54","guid":{"rendered":"https:\/\/www.fiscalia.gov.co\/colombia\/?p=271017"},"modified":"2023-05-08T10:33:54","modified_gmt":"2023-05-08T15:33:54","slug":"envian-a-la-carcel-a-presunto-responsable-del-homicidio-de-un-ciudadano-durante-una-rina-en-un-parque","status":"publish","type":"post","link":"https:\/\/www.fiscalia.gov.co\/colombia\/noticias\/envian-a-la-carcel-a-presunto-responsable-del-homicidio-de-un-ciudadano-durante-una-rina-en-un-parque\/","title":{"rendered":"Env\u00edan a la c\u00e1rcel a presunto responsable del homicidio de un ciudadano, durante una ri\u00f1a en un parque"},"content":{"rendered":"<p style=\"font-weight: 400;\">Francisco Delgado Bravo fue imputado con cargos por el delito de <a href=\"https:\/\/www.fiscalia.gov.co\/colombia\/noticias\/a-la-carcel-hombre-que-acepto-ser-el-responsable-de-un-homicidio\/\" data-saferedirecturl=\"https:\/\/www.google.com\/url?q=https:\/\/www.fiscalia.gov.co\/colombia\/noticias\/a-la-carcel-hombre-que-acepto-ser-el-responsable-de-un-homicidio\/&amp;source=gmail&amp;ust=1683645255905000&amp;usg=AOvVaw01j3GHNqM01WQ2O2tBeSSc\">homicidio<\/a>\u00a0por un fiscal seccional de La Uni\u00f3n (Nari\u00f1o), por hechos ocurridos el 1 de enero de 2023 en el parque central de la poblaci\u00f3n de San Lorenzo.<\/p>\n<figure id=\"attachment_271018\" aria-describedby=\"caption-attachment-271018\" style=\"width: 696px\" class=\"wp-caption aligncenter\"><img loading=\"lazy\" decoding=\"async\" class=\"size-large wp-image-271018\" src=\"https:\/\/www.fiscalia.gov.co\/colombia\/wp-content\/uploads\/WhatsApp-Image-2023-05-08-at-10.11.52-AM-1024x839.jpeg\" alt=\"En la fotograf\u00eda se observa al capturado junto a dos agentes de la Polic\u00eda Nacional. En la parte superior se observa un banner de la Polic\u00eda Nacional \" width=\"696\" height=\"570\" srcset=\"https:\/\/www.fiscalia.gov.co\/colombia\/wp-content\/uploads\/WhatsApp-Image-2023-05-08-at-10.11.52-AM-1024x839.jpeg 1024w, https:\/\/www.fiscalia.gov.co\/colombia\/wp-content\/uploads\/WhatsApp-Image-2023-05-08-at-10.11.52-AM-300x246.jpeg 300w, https:\/\/www.fiscalia.gov.co\/colombia\/wp-content\/uploads\/WhatsApp-Image-2023-05-08-at-10.11.52-AM-768x629.jpeg 768w, https:\/\/www.fiscalia.gov.co\/colombia\/wp-content\/uploads\/WhatsApp-Image-2023-05-08-at-10.11.52-AM-696x570.jpeg 696w, https:\/\/www.fiscalia.gov.co\/colombia\/wp-content\/uploads\/WhatsApp-Image-2023-05-08-at-10.11.52-AM-513x420.jpeg 513w, https:\/\/www.fiscalia.gov.co\/colombia\/wp-content\/uploads\/WhatsApp-Image-2023-05-08-at-10.11.52-AM.jpeg 1049w\" sizes=\"auto, (max-width: 696px) 100vw, 696px\" \/><figcaption id=\"caption-attachment-271018\" class=\"wp-caption-text\">Francisco Delgado Bravo fue asegurado con detenci\u00f3n preventiva en establecimiento carcelario por el delito de homicidio<\/figcaption><\/figure>\n<p style=\"font-weight: 400;\">Un juez penal con control de garant\u00edas de San Lorenzo acogi\u00f3 la solicitud del ente investigador y dict\u00f3 medida de aseguramiento consistente en detenci\u00f3n carcelaria.<\/p>\n<p style=\"font-weight: 400;\">Seg\u00fan la investigaci\u00f3n penal, ese 1 de enero de los corrientes se registr\u00f3 una ri\u00f1a a las tres de la madrugada entre varias personas, en la que Delgado Bravo habr\u00eda utilizado\u00a0<a href=\"https:\/\/www.fiscalia.gov.co\/colombia\/noticias\/detencion-carcelaria-contra-una-mujer-quien-habria-atacado-con-un-cuchillo-a-funcionaria-de-una-inspeccion-de-policia\/\" data-saferedirecturl=\"https:\/\/www.google.com\/url?q=https:\/\/www.fiscalia.gov.co\/colombia\/noticias\/detencion-carcelaria-contra-una-mujer-quien-habria-atacado-con-un-cuchillo-a-funcionaria-de-una-inspeccion-de-policia\/&amp;source=gmail&amp;ust=1683645255905000&amp;usg=AOvVaw2yMH8g1qVgQQQyjY64JsIE\">un cuchillo<\/a>\u00a0y presuntamente hiri\u00f3 de gravedad a Carlos Andr\u00e9s Moreno Cabrera.<\/p>\n<p style=\"font-weight: 400;\">Cometida la agresi\u00f3n, el presunto atacante emprendi\u00f3 la fuga, mientras la v\u00edctima era trasladada a un centro m\u00e9dico del municipio, donde fue atendido por el personal m\u00e9dico, pero falleci\u00f3 desangrado<\/p>\n<p style=\"font-weight: 400;\">Instaurada la denuncia contra Francisco Delgado, la Fiscal\u00eda recaud\u00f3 evidencias en el lugar de los hechos, realiz\u00f3 entrevistas con testigos del crimen, logrando que un juez penal promiscuo emitiera una orden de captura, la cual se hizo efectiva por agentes de vigilancia de la Polic\u00eda Nacional.<\/p>\n<p style=\"font-weight: 400;\">El hombre no acept\u00f3 los cargos imputados por lo que la medida privativa de la libertada en centro carcelario, qued\u00f3 en firme.<\/p>\n<p style=\"font-weight: 400;\">Esta informaci\u00f3n se publica por razones de inter\u00e9s general<\/p>\n<p style=\"font-weight: 400;\"><strong>La Fiscal\u00eda habla con resultados\u00a0\u00a0<\/strong><\/p>\n<p style=\"font-weight: 400;\">Le puede interesar:\u00a0<a href=\"https:\/\/www.fiscalia.gov.co\/colombia\/noticias\/a-la-carcel-presunto-responsable-del-homicidio-de-un-joven-de-16-anos\/\" data-saferedirecturl=\"https:\/\/www.google.com\/url?q=https:\/\/www.fiscalia.gov.co\/colombia\/noticias\/a-la-carcel-presunto-responsable-del-homicidio-de-un-joven-de-16-anos\/&amp;source=gmail&amp;ust=1683645255905000&amp;usg=AOvVaw37KAFjR_YhF3hjPJ9iljEx\">A la c\u00e1rcel presunto responsable del homicidio de un joven de 16 a\u00f1os\u00a0<\/a><\/p>\n<p>&nbsp;<\/p>\n<p>&nbsp;<\/p>\n<p>&nbsp;<\/p>\n<p>&nbsp;<\/p>\n<p style=\"font-weight: 400;\">JGPV\/FAGH \/LVB\/DSN<\/p>\n<p>&nbsp;<\/p>\n<p style=\"font-weight: 400;\">\n<p>&nbsp;<\/p>\n<p style=\"font-weight: 400;\">\n<div class=\"td-post-content tagdiv-type\">\n<p><em>La informaci\u00f3n contenida en este bolet\u00edn de prensa corresponde a la narraci\u00f3n de los hechos noticiosos objetivos, y las investigaciones penales al interior de la Fiscal\u00eda General de la Naci\u00f3n. Para el momento de la divulgaci\u00f3n de este comunicado, la situaci\u00f3n jur\u00eddica de la(s) persona(s) relacionada(s) se encuentra pendiente de resolver por la autoridad judicial competente, siempre bajo los preceptos de la presunci\u00f3n de inocencia, consagrados en el art\u00edculo 29 de la Constituci\u00f3n Pol\u00edtica y el art\u00edculo 7\u00ba de la Ley 906 de 2004.<\/em><em>\u00a0<\/em><\/p>\n<\/div>\n\n<div class=\"twitter-share\"><a href=\"https:\/\/twitter.com\/intent\/tweet?via=fiscaliacol\" class=\"twitter-share-button\">Tweet<\/a><\/div>\n","protected":false},"excerpt":{"rendered":"<p>Francisco Delgado Bravo fue imputado con cargos por el delito de homicidio\u00a0por un fiscal seccional de La Uni\u00f3n (Nari\u00f1o), por hechos ocurridos el 1 de enero de 2023 en el [&hellip;]<\/p>\n","protected":false},"author":177,"featured_media":0,"comment_status":"closed","ping_status":"open","sticky":false,"template":"","format":"standard","meta":{"tdm_status":"","tdm_grid_status":"","footnotes":""},"categories":[1,334,303,24099],"tags":[24305,24481,1047,409,33471,30722],"class_list":["post-271017","post","type-post","status-publish","format-standard","category-noticias","category-seccional-pasto","category-seccionales","category-seguridad-territorial","tag-fiscal-general-francisco-barbosa","tag-fiscalia-de-colombia","tag-fiscalia-general-de-la-nacion","tag-homicidio","tag-san-lorenzo-narino","tag-un-cuchillo"],"yoast_head":"<!-- This site is optimized with the Yoast SEO plugin v24.3 - https:\/\/yoast.com\/wordpress\/plugins\/seo\/ -->\n<title>Fiscal\u00eda General de la Naci\u00f3n<\/title>\n<meta name=\"description\" content=\"P\u00e1gina oficial de la Fiscal\u00eda General de la Naci\u00f3n \u2013 Colombia. Garantizamos el acceso efectivo a la justicia, la verdad y la reparaci\u00f3n de las v\u00edctimas de los delitos.\" \/>\n<meta name=\"robots\" content=\"noindex, follow\" \/>\n<meta property=\"og:locale\" content=\"es_ES\" \/>\n<meta property=\"og:type\" content=\"article\" \/>\n<meta property=\"og:title\" content=\"Fiscal\u00eda General de la Naci\u00f3n\" \/>\n<meta property=\"og:description\" content=\"P\u00e1gina oficial de la Fiscal\u00eda General de la Naci\u00f3n \u2013 Colombia. Garantizamos el acceso efectivo a la justicia, la verdad y la reparaci\u00f3n de las v\u00edctimas de los delitos.\" \/>\n<meta property=\"og:url\" content=\"https:\/\/www.fiscalia.gov.co\/colombia\/noticias\/envian-a-la-carcel-a-presunto-responsable-del-homicidio-de-un-ciudadano-durante-una-rina-en-un-parque\/\" \/>\n<meta property=\"og:site_name\" content=\"Fiscal\u00eda General de la Naci\u00f3n\" \/>\n<meta property=\"article:publisher\" content=\"https:\/\/www.facebook.com\/FiscaliaCol\" \/>\n<meta property=\"article:published_time\" content=\"2023-05-08T15:33:54+00:00\" \/>\n<meta property=\"og:image\" content=\"https:\/\/www.fiscalia.gov.co\/colombia\/wp-content\/uploads\/WhatsApp-Image-2023-05-08-at-10.11.52-AM-1024x839.jpeg\" \/>\n<meta name=\"author\" content=\"Jordan Leandro Oviedo Anzola\" \/>\n<meta name=\"twitter:card\" content=\"summary_large_image\" \/>\n<meta name=\"twitter:creator\" content=\"@FiscaliaCol\" \/>\n<meta name=\"twitter:site\" content=\"@FiscaliaCol\" \/>\n<meta name=\"twitter:label1\" content=\"Escrito por\" \/>\n\t<meta name=\"twitter:data1\" content=\"Jordan Leandro Oviedo Anzola\" \/>\n\t<meta name=\"twitter:label2\" content=\"Tiempo de lectura\" \/>\n\t<meta name=\"twitter:data2\" content=\"2 minutos\" \/>\n<script type=\"application\/ld+json\" class=\"yoast-schema-graph\">{\"@context\":\"https:\/\/schema.org\",\"@graph\":[{\"@type\":\"Article\",\"@id\":\"https:\/\/www.fiscalia.gov.co\/colombia\/noticias\/envian-a-la-carcel-a-presunto-responsable-del-homicidio-de-un-ciudadano-durante-una-rina-en-un-parque\/#article\",\"isPartOf\":{\"@id\":\"https:\/\/www.fiscalia.gov.co\/colombia\/noticias\/envian-a-la-carcel-a-presunto-responsable-del-homicidio-de-un-ciudadano-durante-una-rina-en-un-parque\/\"},\"author\":{\"name\":\"Jordan Leandro Oviedo Anzola\",\"@id\":\"https:\/\/www.fiscalia.gov.co\/colombia\/#\/schema\/person\/bf84402cf293a5393e9c70b111020b24\"},\"headline\":\"Env\u00edan a la c\u00e1rcel a presunto responsable del homicidio de un ciudadano, durante una ri\u00f1a en un parque\",\"datePublished\":\"2023-05-08T15:33:54+00:00\",\"dateModified\":\"2023-05-08T15:33:54+00:00\",\"mainEntityOfPage\":{\"@id\":\"https:\/\/www.fiscalia.gov.co\/colombia\/noticias\/envian-a-la-carcel-a-presunto-responsable-del-homicidio-de-un-ciudadano-durante-una-rina-en-un-parque\/\"},\"wordCount\":403,\"publisher\":{\"@id\":\"https:\/\/www.fiscalia.gov.co\/colombia\/#organization\"},\"image\":{\"@id\":\"https:\/\/www.fiscalia.gov.co\/colombia\/noticias\/envian-a-la-carcel-a-presunto-responsable-del-homicidio-de-un-ciudadano-durante-una-rina-en-un-parque\/#primaryimage\"},\"thumbnailUrl\":\"https:\/\/www.fiscalia.gov.co\/colombia\/wp-content\/uploads\/WhatsApp-Image-2023-05-08-at-10.11.52-AM-1024x839.jpeg\",\"keywords\":[\"Fiscal General Francisco Barbosa\",\"Fiscal\u00eda de Colombia\",\"Fiscal\u00eda General de la Naci\u00f3n\",\"Homicidio\",\"San Lorenzo (Nari\u00f1o)\",\"un cuchillo\"],\"articleSection\":[\"Noticias\",\"Seccional Pasto\",\"Seccionales\",\"Seguridad territorial\"],\"inLanguage\":\"es-CO\"},{\"@type\":\"WebPage\",\"@id\":\"https:\/\/www.fiscalia.gov.co\/colombia\/noticias\/envian-a-la-carcel-a-presunto-responsable-del-homicidio-de-un-ciudadano-durante-una-rina-en-un-parque\/\",\"url\":\"https:\/\/www.fiscalia.gov.co\/colombia\/noticias\/envian-a-la-carcel-a-presunto-responsable-del-homicidio-de-un-ciudadano-durante-una-rina-en-un-parque\/\",\"name\":\"Fiscal\u00eda General de la Naci\u00f3n\",\"isPartOf\":{\"@id\":\"https:\/\/www.fiscalia.gov.co\/colombia\/#website\"},\"primaryImageOfPage\":{\"@id\":\"https:\/\/www.fiscalia.gov.co\/colombia\/noticias\/envian-a-la-carcel-a-presunto-responsable-del-homicidio-de-un-ciudadano-durante-una-rina-en-un-parque\/#primaryimage\"},\"image\":{\"@id\":\"https:\/\/www.fiscalia.gov.co\/colombia\/noticias\/envian-a-la-carcel-a-presunto-responsable-del-homicidio-de-un-ciudadano-durante-una-rina-en-un-parque\/#primaryimage\"},\"thumbnailUrl\":\"https:\/\/www.fiscalia.gov.co\/colombia\/wp-content\/uploads\/WhatsApp-Image-2023-05-08-at-10.11.52-AM-1024x839.jpeg\",\"datePublished\":\"2023-05-08T15:33:54+00:00\",\"dateModified\":\"2023-05-08T15:33:54+00:00\",\"description\":\"P\u00e1gina oficial de la Fiscal\u00eda General de la Naci\u00f3n \u2013 Colombia. Garantizamos el acceso efectivo a la justicia, la verdad y la reparaci\u00f3n de las v\u00edctimas de los delitos.\",\"breadcrumb\":{\"@id\":\"https:\/\/www.fiscalia.gov.co\/colombia\/noticias\/envian-a-la-carcel-a-presunto-responsable-del-homicidio-de-un-ciudadano-durante-una-rina-en-un-parque\/#breadcrumb\"},\"inLanguage\":\"es-CO\",\"potentialAction\":[{\"@type\":\"ReadAction\",\"target\":[\"https:\/\/www.fiscalia.gov.co\/colombia\/noticias\/envian-a-la-carcel-a-presunto-responsable-del-homicidio-de-un-ciudadano-durante-una-rina-en-un-parque\/\"]}]},{\"@type\":\"ImageObject\",\"inLanguage\":\"es-CO\",\"@id\":\"https:\/\/www.fiscalia.gov.co\/colombia\/noticias\/envian-a-la-carcel-a-presunto-responsable-del-homicidio-de-un-ciudadano-durante-una-rina-en-un-parque\/#primaryimage\",\"url\":\"https:\/\/www.fiscalia.gov.co\/colombia\/wp-content\/uploads\/WhatsApp-Image-2023-05-08-at-10.11.52-AM-1024x839.jpeg\",\"contentUrl\":\"https:\/\/www.fiscalia.gov.co\/colombia\/wp-content\/uploads\/WhatsApp-Image-2023-05-08-at-10.11.52-AM-1024x839.jpeg\"},{\"@type\":\"BreadcrumbList\",\"@id\":\"https:\/\/www.fiscalia.gov.co\/colombia\/noticias\/envian-a-la-carcel-a-presunto-responsable-del-homicidio-de-un-ciudadano-durante-una-rina-en-un-parque\/#breadcrumb\",\"itemListElement\":[{\"@type\":\"ListItem\",\"position\":1,\"name\":\"Home\",\"item\":\"https:\/\/www.fiscalia.gov.co\/colombia\/\"},{\"@type\":\"ListItem\",\"position\":2,\"name\":\"Env\u00edan a la c\u00e1rcel a presunto responsable del homicidio de un ciudadano, durante una ri\u00f1a en un parque\"}]},{\"@type\":\"WebSite\",\"@id\":\"https:\/\/www.fiscalia.gov.co\/colombia\/#website\",\"url\":\"https:\/\/www.fiscalia.gov.co\/colombia\/\",\"name\":\"Fiscal\u00eda General de la Naci\u00f3n\",\"description\":\"P\u00e1gina oficial de la Fiscal\u00eda General de la Naci\u00f3n \u2013 Colombia. Garantizamos el acceso efectivo a la justicia, la verdad y la reparaci\u00f3n de las v\u00edctimas de los delitos.\",\"publisher\":{\"@id\":\"https:\/\/www.fiscalia.gov.co\/colombia\/#organization\"},\"potentialAction\":[{\"@type\":\"SearchAction\",\"target\":{\"@type\":\"EntryPoint\",\"urlTemplate\":\"https:\/\/www.fiscalia.gov.co\/colombia\/?s={search_term_string}\"},\"query-input\":{\"@type\":\"PropertyValueSpecification\",\"valueRequired\":true,\"valueName\":\"search_term_string\"}}],\"inLanguage\":\"es-CO\"},{\"@type\":\"Organization\",\"@id\":\"https:\/\/www.fiscalia.gov.co\/colombia\/#organization\",\"name\":\"Fiscal\u00eda General de la Naci\u00f3n\",\"url\":\"https:\/\/www.fiscalia.gov.co\/colombia\/\",\"logo\":{\"@type\":\"ImageObject\",\"inLanguage\":\"es-CO\",\"@id\":\"https:\/\/www.fiscalia.gov.co\/colombia\/#\/schema\/logo\/image\/\",\"url\":\"https:\/\/www.fiscalia.gov.co\/colombia\/wp-content\/uploads\/LogoHorizontal_1.jpg\",\"contentUrl\":\"https:\/\/www.fiscalia.gov.co\/colombia\/wp-content\/uploads\/LogoHorizontal_1.jpg\",\"width\":300,\"height\":90,\"caption\":\"Fiscal\u00eda General de la Naci\u00f3n\"},\"image\":{\"@id\":\"https:\/\/www.fiscalia.gov.co\/colombia\/#\/schema\/logo\/image\/\"},\"sameAs\":[\"https:\/\/www.facebook.com\/FiscaliaCol\",\"https:\/\/x.com\/FiscaliaCol\",\"https:\/\/www.instagram.com\/fiscaliacol\",\"https:\/\/www.linkedin.com\/company\/fiscalia-general-de-la-naci-n\/\",\"https:\/\/youtube.com\/@fiscaliageneraldelanacion-4668?si=6nN79nyQICPU5iTh\"]},{\"@type\":\"Person\",\"@id\":\"https:\/\/www.fiscalia.gov.co\/colombia\/#\/schema\/person\/bf84402cf293a5393e9c70b111020b24\",\"name\":\"Jordan Leandro Oviedo Anzola\",\"image\":{\"@type\":\"ImageObject\",\"inLanguage\":\"es-CO\",\"@id\":\"https:\/\/www.fiscalia.gov.co\/colombia\/#\/schema\/person\/image\/\",\"url\":\"https:\/\/secure.gravatar.com\/avatar\/dabba4346fa9b9207d96adafa8f92721?s=96&d=mm&r=g\",\"contentUrl\":\"https:\/\/secure.gravatar.com\/avatar\/dabba4346fa9b9207d96adafa8f92721?s=96&d=mm&r=g\",\"caption\":\"Jordan Leandro Oviedo Anzola\"},\"url\":\"https:\/\/www.fiscalia.gov.co\/colombia\/author\/joviedo\/\"}]}<\/script>\n<!-- \/ Yoast SEO plugin. -->","yoast_head_json":{"title":"Fiscal\u00eda General de la Naci\u00f3n","description":"P\u00e1gina oficial de la Fiscal\u00eda General de la Naci\u00f3n \u2013 Colombia. Garantizamos el acceso efectivo a la justicia, la verdad y la reparaci\u00f3n de las v\u00edctimas de los delitos.","robots":{"index":"noindex","follow":"follow"},"og_locale":"es_ES","og_type":"article","og_title":"Fiscal\u00eda General de la Naci\u00f3n","og_description":"P\u00e1gina oficial de la Fiscal\u00eda General de la Naci\u00f3n \u2013 Colombia. Garantizamos el acceso efectivo a la justicia, la verdad y la reparaci\u00f3n de las v\u00edctimas de los delitos.","og_url":"https:\/\/www.fiscalia.gov.co\/colombia\/noticias\/envian-a-la-carcel-a-presunto-responsable-del-homicidio-de-un-ciudadano-durante-una-rina-en-un-parque\/","og_site_name":"Fiscal\u00eda General de la Naci\u00f3n","article_publisher":"https:\/\/www.facebook.com\/FiscaliaCol","article_published_time":"2023-05-08T15:33:54+00:00","og_image":[{"url":"https:\/\/www.fiscalia.gov.co\/colombia\/wp-content\/uploads\/WhatsApp-Image-2023-05-08-at-10.11.52-AM-1024x839.jpeg","type":"","width":"","height":""}],"author":"Jordan Leandro Oviedo Anzola","twitter_card":"summary_large_image","twitter_creator":"@FiscaliaCol","twitter_site":"@FiscaliaCol","twitter_misc":{"Escrito por":"Jordan Leandro Oviedo Anzola","Tiempo de lectura":"2 minutos"},"schema":{"@context":"https:\/\/schema.org","@graph":[{"@type":"Article","@id":"https:\/\/www.fiscalia.gov.co\/colombia\/noticias\/envian-a-la-carcel-a-presunto-responsable-del-homicidio-de-un-ciudadano-durante-una-rina-en-un-parque\/#article","isPartOf":{"@id":"https:\/\/www.fiscalia.gov.co\/colombia\/noticias\/envian-a-la-carcel-a-presunto-responsable-del-homicidio-de-un-ciudadano-durante-una-rina-en-un-parque\/"},"author":{"name":"Jordan Leandro Oviedo Anzola","@id":"https:\/\/www.fiscalia.gov.co\/colombia\/#\/schema\/person\/bf84402cf293a5393e9c70b111020b24"},"headline":"Env\u00edan a la c\u00e1rcel a presunto responsable del homicidio de un ciudadano, durante una ri\u00f1a en un parque","datePublished":"2023-05-08T15:33:54+00:00","dateModified":"2023-05-08T15:33:54+00:00","mainEntityOfPage":{"@id":"https:\/\/www.fiscalia.gov.co\/colombia\/noticias\/envian-a-la-carcel-a-presunto-responsable-del-homicidio-de-un-ciudadano-durante-una-rina-en-un-parque\/"},"wordCount":403,"publisher":{"@id":"https:\/\/www.fiscalia.gov.co\/colombia\/#organization"},"image":{"@id":"https:\/\/www.fiscalia.gov.co\/colombia\/noticias\/envian-a-la-carcel-a-presunto-responsable-del-homicidio-de-un-ciudadano-durante-una-rina-en-un-parque\/#primaryimage"},"thumbnailUrl":"https:\/\/www.fiscalia.gov.co\/colombia\/wp-content\/uploads\/WhatsApp-Image-2023-05-08-at-10.11.52-AM-1024x839.jpeg","keywords":["Fiscal General Francisco Barbosa","Fiscal\u00eda de Colombia","Fiscal\u00eda General de la Naci\u00f3n","Homicidio","San Lorenzo (Nari\u00f1o)","un cuchillo"],"articleSection":["Noticias","Seccional Pasto","Seccionales","Seguridad territorial"],"inLanguage":"es-CO"},{"@type":"WebPage","@id":"https:\/\/www.fiscalia.gov.co\/colombia\/noticias\/envian-a-la-carcel-a-presunto-responsable-del-homicidio-de-un-ciudadano-durante-una-rina-en-un-parque\/","url":"https:\/\/www.fiscalia.gov.co\/colombia\/noticias\/envian-a-la-carcel-a-presunto-responsable-del-homicidio-de-un-ciudadano-durante-una-rina-en-un-parque\/","name":"Fiscal\u00eda General de la Naci\u00f3n","isPartOf":{"@id":"https:\/\/www.fiscalia.gov.co\/colombia\/#website"},"primaryImageOfPage":{"@id":"https:\/\/www.fiscalia.gov.co\/colombia\/noticias\/envian-a-la-carcel-a-presunto-responsable-del-homicidio-de-un-ciudadano-durante-una-rina-en-un-parque\/#primaryimage"},"image":{"@id":"https:\/\/www.fiscalia.gov.co\/colombia\/noticias\/envian-a-la-carcel-a-presunto-responsable-del-homicidio-de-un-ciudadano-durante-una-rina-en-un-parque\/#primaryimage"},"thumbnailUrl":"https:\/\/www.fiscalia.gov.co\/colombia\/wp-content\/uploads\/WhatsApp-Image-2023-05-08-at-10.11.52-AM-1024x839.jpeg","datePublished":"2023-05-08T15:33:54+00:00","dateModified":"2023-05-08T15:33:54+00:00","description":"P\u00e1gina oficial de la Fiscal\u00eda General de la Naci\u00f3n \u2013 Colombia. Garantizamos el acceso efectivo a la justicia, la verdad y la reparaci\u00f3n de las v\u00edctimas de los delitos.","breadcrumb":{"@id":"https:\/\/www.fiscalia.gov.co\/colombia\/noticias\/envian-a-la-carcel-a-presunto-responsable-del-homicidio-de-un-ciudadano-durante-una-rina-en-un-parque\/#breadcrumb"},"inLanguage":"es-CO","potentialAction":[{"@type":"ReadAction","target":["https:\/\/www.fiscalia.gov.co\/colombia\/noticias\/envian-a-la-carcel-a-presunto-responsable-del-homicidio-de-un-ciudadano-durante-una-rina-en-un-parque\/"]}]},{"@type":"ImageObject","inLanguage":"es-CO","@id":"https:\/\/www.fiscalia.gov.co\/colombia\/noticias\/envian-a-la-carcel-a-presunto-responsable-del-homicidio-de-un-ciudadano-durante-una-rina-en-un-parque\/#primaryimage","url":"https:\/\/www.fiscalia.gov.co\/colombia\/wp-content\/uploads\/WhatsApp-Image-2023-05-08-at-10.11.52-AM-1024x839.jpeg","contentUrl":"https:\/\/www.fiscalia.gov.co\/colombia\/wp-content\/uploads\/WhatsApp-Image-2023-05-08-at-10.11.52-AM-1024x839.jpeg"},{"@type":"BreadcrumbList","@id":"https:\/\/www.fiscalia.gov.co\/colombia\/noticias\/envian-a-la-carcel-a-presunto-responsable-del-homicidio-de-un-ciudadano-durante-una-rina-en-un-parque\/#breadcrumb","itemListElement":[{"@type":"ListItem","position":1,"name":"Home","item":"https:\/\/www.fiscalia.gov.co\/colombia\/"},{"@type":"ListItem","position":2,"name":"Env\u00edan a la c\u00e1rcel a presunto responsable del homicidio de un ciudadano, durante una ri\u00f1a en un parque"}]},{"@type":"WebSite","@id":"https:\/\/www.fiscalia.gov.co\/colombia\/#website","url":"https:\/\/www.fiscalia.gov.co\/colombia\/","name":"Fiscal\u00eda General de la Naci\u00f3n","description":"P\u00e1gina oficial de la Fiscal\u00eda General de la Naci\u00f3n \u2013 Colombia. Garantizamos el acceso efectivo a la justicia, la verdad y la reparaci\u00f3n de las v\u00edctimas de los delitos.","publisher":{"@id":"https:\/\/www.fiscalia.gov.co\/colombia\/#organization"},"potentialAction":[{"@type":"SearchAction","target":{"@type":"EntryPoint","urlTemplate":"https:\/\/www.fiscalia.gov.co\/colombia\/?s={search_term_string}"},"query-input":{"@type":"PropertyValueSpecification","valueRequired":true,"valueName":"search_term_string"}}],"inLanguage":"es-CO"},{"@type":"Organization","@id":"https:\/\/www.fiscalia.gov.co\/colombia\/#organization","name":"Fiscal\u00eda General de la Naci\u00f3n","url":"https:\/\/www.fiscalia.gov.co\/colombia\/","logo":{"@type":"ImageObject","inLanguage":"es-CO","@id":"https:\/\/www.fiscalia.gov.co\/colombia\/#\/schema\/logo\/image\/","url":"https:\/\/www.fiscalia.gov.co\/colombia\/wp-content\/uploads\/LogoHorizontal_1.jpg","contentUrl":"https:\/\/www.fiscalia.gov.co\/colombia\/wp-content\/uploads\/LogoHorizontal_1.jpg","width":300,"height":90,"caption":"Fiscal\u00eda General de la Naci\u00f3n"},"image":{"@id":"https:\/\/www.fiscalia.gov.co\/colombia\/#\/schema\/logo\/image\/"},"sameAs":["https:\/\/www.facebook.com\/FiscaliaCol","https:\/\/x.com\/FiscaliaCol","https:\/\/www.instagram.com\/fiscaliacol","https:\/\/www.linkedin.com\/company\/fiscalia-general-de-la-naci-n\/","https:\/\/youtube.com\/@fiscaliageneraldelanacion-4668?si=6nN79nyQICPU5iTh"]},{"@type":"Person","@id":"https:\/\/www.fiscalia.gov.co\/colombia\/#\/schema\/person\/bf84402cf293a5393e9c70b111020b24","name":"Jordan Leandro Oviedo Anzola","image":{"@type":"ImageObject","inLanguage":"es-CO","@id":"https:\/\/www.fiscalia.gov.co\/colombia\/#\/schema\/person\/image\/","url":"https:\/\/secure.gravatar.com\/avatar\/dabba4346fa9b9207d96adafa8f92721?s=96&d=mm&r=g","contentUrl":"https:\/\/secure.gravatar.com\/avatar\/dabba4346fa9b9207d96adafa8f92721?s=96&d=mm&r=g","caption":"Jordan Leandro Oviedo Anzola"},"url":"https:\/\/www.fiscalia.gov.co\/colombia\/author\/joviedo\/"}]}},"_links":{"self":[{"href":"https:\/\/www.fiscalia.gov.co\/colombia\/wp-json\/wp\/v2\/posts\/271017","targetHints":{"allow":["GET"]}}],"collection":[{"href":"https:\/\/www.fiscalia.gov.co\/colombia\/wp-json\/wp\/v2\/posts"}],"about":[{"href":"https:\/\/www.fiscalia.gov.co\/colombia\/wp-json\/wp\/v2\/types\/post"}],"author":[{"embeddable":true,"href":"https:\/\/www.fiscalia.gov.co\/colombia\/wp-json\/wp\/v2\/users\/177"}],"replies":[{"embeddable":true,"href":"https:\/\/www.fiscalia.gov.co\/colombia\/wp-json\/wp\/v2\/comments?post=271017"}],"version-history":[{"count":1,"href":"https:\/\/www.fiscalia.gov.co\/colombia\/wp-json\/wp\/v2\/posts\/271017\/revisions"}],"predecessor-version":[{"id":271019,"href":"https:\/\/www.fiscalia.gov.co\/colombia\/wp-json\/wp\/v2\/posts\/271017\/revisions\/271019"}],"wp:attachment":[{"href":"https:\/\/www.fiscalia.gov.co\/colombia\/wp-json\/wp\/v2\/media?parent=271017"}],"wp:term":[{"taxonomy":"category","embeddable":true,"href":"https:\/\/www.fiscalia.gov.co\/colombia\/wp-json\/wp\/v2\/categories?post=271017"},{"taxonomy":"post_tag","embeddable":true,"href":"https:\/\/www.fiscalia.gov.co\/colombia\/wp-json\/wp\/v2\/tags?post=271017"}],"curies":[{"name":"wp","href":"https:\/\/api.w.org\/{rel}","templated":true}]}}