{"id":270887,"date":"2023-05-04T17:17:03","date_gmt":"2023-05-04T22:17:03","guid":{"rendered":"https:\/\/www.fiscalia.gov.co\/colombia\/?p=270887"},"modified":"2023-05-04T17:17:03","modified_gmt":"2023-05-04T22:17:03","slug":"a-la-carcel-hombre-que-habria-maltratado-y-abusado-sexualmente-de-su-excompanera-sentimental","status":"publish","type":"post","link":"https:\/\/www.fiscalia.gov.co\/colombia\/noticias\/a-la-carcel-hombre-que-habria-maltratado-y-abusado-sexualmente-de-su-excompanera-sentimental\/","title":{"rendered":"A la c\u00e1rcel hombre que habr\u00eda maltratado y abusado sexualmente de su excompa\u00f1era sentimental"},"content":{"rendered":"<p><span lang=\"ES\">Ante un juez de control de garant\u00edas, la Fiscal\u00eda General de la Naci\u00f3n judicializ\u00f3 a V\u00edctor Manuel Rivas Espa\u00f1a, de 23 a\u00f1os, por su presunta responsabilidad en los delitos de <a href=\"https:\/\/www.fiscalia.gov.co\/colombia\/noticias\/a-la-carcel-por-presuntamente-agredir-fisica-y-sexualmente-a-su-companera-sentimental\/\" target=\"_blank\" rel=\"noopener\" data-saferedirecturl=\"https:\/\/www.google.com\/url?q=https:\/\/www.fiscalia.gov.co\/colombia\/noticias\/a-la-carcel-por-presuntamente-agredir-fisica-y-sexualmente-a-su-companera-sentimental\/&amp;source=gmail&amp;ust=1683321677918000&amp;usg=AOvVaw32Za90Zh6s7atum74B1rZR\">acceso carnal violento agravado y violencia intrafamiliar agravada<\/a>, los cuales no acept\u00f3.\u00a0<\/span><\/p>\n<p><span lang=\"ES\">Los hechos materia de investigaci\u00f3n ocurrieron el pasado 24 de enero, en el barrio Berl\u00edn de Cali (Valle del Cauca), donde el hoy imputado atac\u00f3 f\u00edsica, verbal y sexualmente, a su compa\u00f1era sentimental, de 34 a\u00f1os de edad, al parecer, porque se neg\u00f3 a tener relaciones sexuales con \u00e9l.<\/span><\/p>\n<figure id=\"attachment_270888\" aria-describedby=\"caption-attachment-270888\" style=\"width: 225px\" class=\"wp-caption alignleft\"><img loading=\"lazy\" decoding=\"async\" class=\"size-medium wp-image-270888\" src=\"https:\/\/www.fiscalia.gov.co\/colombia\/wp-content\/uploads\/Victor-Manuel-Rivas-Espana.-Maltrato-y-abuso-sexual.-Cali-Valle-225x300.jpg\" alt=\"En la foto aparece en un pasillo, en acci\u00f3n de desplazamiento, con los brazos adelante y esposado, V\u00edctor Manuel Rivas Espa\u00f1a. Viste Camiseta blanca, de manga corta; pantal\u00f3n corto oscuro y zapatillas blancas. Al lado derecho de \u00e9l hay un uniformado de la Polic\u00eda y del Ej\u00e9rcito. Al lado izquierdo hay un servidor del CTI de la Fiscal\u00eda. Detr\u00e1s de ello se ve un pend\u00f3n institucional del Ej\u00e9rcito.\" width=\"225\" height=\"300\" srcset=\"https:\/\/www.fiscalia.gov.co\/colombia\/wp-content\/uploads\/Victor-Manuel-Rivas-Espana.-Maltrato-y-abuso-sexual.-Cali-Valle-225x300.jpg 225w, https:\/\/www.fiscalia.gov.co\/colombia\/wp-content\/uploads\/Victor-Manuel-Rivas-Espana.-Maltrato-y-abuso-sexual.-Cali-Valle-768x1024.jpg 768w, https:\/\/www.fiscalia.gov.co\/colombia\/wp-content\/uploads\/Victor-Manuel-Rivas-Espana.-Maltrato-y-abuso-sexual.-Cali-Valle-1152x1536.jpg 1152w, https:\/\/www.fiscalia.gov.co\/colombia\/wp-content\/uploads\/Victor-Manuel-Rivas-Espana.-Maltrato-y-abuso-sexual.-Cali-Valle-696x928.jpg 696w, https:\/\/www.fiscalia.gov.co\/colombia\/wp-content\/uploads\/Victor-Manuel-Rivas-Espana.-Maltrato-y-abuso-sexual.-Cali-Valle-1068x1424.jpg 1068w, https:\/\/www.fiscalia.gov.co\/colombia\/wp-content\/uploads\/Victor-Manuel-Rivas-Espana.-Maltrato-y-abuso-sexual.-Cali-Valle-315x420.jpg 315w, https:\/\/www.fiscalia.gov.co\/colombia\/wp-content\/uploads\/Victor-Manuel-Rivas-Espana.-Maltrato-y-abuso-sexual.-Cali-Valle.jpg 1200w\" sizes=\"auto, (max-width: 225px) 100vw, 225px\" \/><figcaption id=\"caption-attachment-270888\" class=\"wp-caption-text\">V\u00edctor Manuel Rivas Espa\u00f1a fue vinculado a una investigaci\u00f3n como presunto responsable de maltratar y abusar sexualmente de su ex compa\u00f1era sentimental, en Cali (Valle del Cauca).<\/figcaption><\/figure>\n<p><span lang=\"ES\">Servidores del Cuerpo T\u00e9cnico de Investigaci\u00f3n (CTI) y de la Polic\u00eda Nacional materializaron la orden de captura que exist\u00eda en contra de Rivas Espa\u00f1a, \u00a0el pasado 19 de abril, en una v\u00eda p\u00fablica de esa ciudad.\u00a0<\/span><\/p>\n<p><span lang=\"ES\">El juez decidi\u00f3 que el presunto implicado debe cumplir la medida de aseguramiento en centro carcelario.<\/span><\/p>\n<p><span lang=\"ES\">Esta informaci\u00f3n se publica por razones de inter\u00e9s general.<\/span><\/p>\n<p><span lang=\"ES\">\u00a0<\/span><b><span lang=\"ES\">La Fiscal\u00eda habla con resultados.<\/span><\/b><\/p>\n<p><span lang=\"ES\">\u00a0<\/span><\/p>\n<p><span lang=\"ES\">MAP\/MG\/SEGM\/DSC\/<\/span><\/p>\n<p><b><span lang=\"ES\">\u00a0<\/span><\/b><\/p>\n<p>&nbsp;<\/p>\n<p>&nbsp;<\/p>\n<p><em>La informaci\u00f3n contenida en este bolet\u00edn de prensa corresponde a la narraci\u00f3n de los hechos noticiosos objetivos, y las investigaciones penales al interior de la Fiscal\u00eda General de la Naci\u00f3n. Para el momento de la divulgaci\u00f3n de este comunicado, la situaci\u00f3n jur\u00eddica de la(s) persona(s) relacionada(s) se encuentra pendiente de resolver por la autoridad judicial competente, siempre bajo los preceptos de la presunci\u00f3n de inocencia, consagrados en el art\u00edculo 29 de la Constituci\u00f3n Pol\u00edtica y el art\u00edculo 7\u00ba de la Ley 906 de 2004.<\/em><\/p>\n\n<div class=\"twitter-share\"><a href=\"https:\/\/twitter.com\/intent\/tweet?via=fiscaliacol\" class=\"twitter-share-button\">Tweet<\/a><\/div>\n","protected":false},"excerpt":{"rendered":"<p>Ante un juez de control de garant\u00edas, la Fiscal\u00eda General de la Naci\u00f3n judicializ\u00f3 a V\u00edctor Manuel Rivas Espa\u00f1a, de 23 a\u00f1os, por su presunta responsabilidad en los delitos de [&hellip;]<\/p>\n","protected":false},"author":178,"featured_media":0,"comment_status":"closed","ping_status":"open","sticky":false,"template":"","format":"standard","meta":{"tdm_status":"","tdm_grid_status":"","footnotes":""},"categories":[1,324,303,24127],"tags":[11535,34538,30077,8010,24551,7815,78,24187,28666,1185,26674,24549,26070,25536,682],"class_list":["post-270887","post","type-post","status-publish","format-standard","category-noticias","category-seccional-cali","category-seccionales","category-violencia-sexual-e-intrafamiliar","tag-acceso-carnal-violento-agravado","tag-acto-sexual-con-menor-de-14-anos-agravado-e-incesto","tag-cali-valle-del-cauca","tag-capturados","tag-centro-carcelario","tag-companera-sentimental","tag-fiscal-general-de-la-nacion","tag-fiscalia-colombia","tag-hijas","tag-medida-de-aseguramiento","tag-nieta","tag-orden-judicial","tag-seccional-cali","tag-sobrina-politica","tag-violencia-intrafamiliar"],"yoast_head":"<!-- This site is optimized with the Yoast SEO plugin v24.3 - https:\/\/yoast.com\/wordpress\/plugins\/seo\/ -->\n<title>Fiscal\u00eda General de la Naci\u00f3n<\/title>\n<meta name=\"description\" content=\"P\u00e1gina oficial de la Fiscal\u00eda General de la Naci\u00f3n \u2013 Colombia. Garantizamos el acceso efectivo a la justicia, la verdad y la reparaci\u00f3n de las v\u00edctimas de los delitos.\" \/>\n<meta name=\"robots\" content=\"noindex, follow\" \/>\n<meta property=\"og:locale\" content=\"es_ES\" \/>\n<meta property=\"og:type\" content=\"article\" \/>\n<meta property=\"og:title\" content=\"Fiscal\u00eda General de la Naci\u00f3n\" \/>\n<meta property=\"og:description\" content=\"P\u00e1gina oficial de la Fiscal\u00eda General de la Naci\u00f3n \u2013 Colombia. Garantizamos el acceso efectivo a la justicia, la verdad y la reparaci\u00f3n de las v\u00edctimas de los delitos.\" \/>\n<meta property=\"og:url\" content=\"https:\/\/www.fiscalia.gov.co\/colombia\/noticias\/a-la-carcel-hombre-que-habria-maltratado-y-abusado-sexualmente-de-su-excompanera-sentimental\/\" \/>\n<meta property=\"og:site_name\" content=\"Fiscal\u00eda General de la Naci\u00f3n\" \/>\n<meta property=\"article:publisher\" content=\"https:\/\/www.facebook.com\/FiscaliaCol\" \/>\n<meta property=\"article:published_time\" content=\"2023-05-04T22:17:03+00:00\" \/>\n<meta property=\"og:image\" content=\"https:\/\/www.fiscalia.gov.co\/colombia\/wp-content\/uploads\/Victor-Manuel-Rivas-Espana.-Maltrato-y-abuso-sexual.-Cali-Valle-225x300.jpg\" \/>\n<meta name=\"author\" content=\"Winnie Geraldine Rodr\u00edguez Navarrete\" \/>\n<meta name=\"twitter:card\" content=\"summary_large_image\" \/>\n<meta name=\"twitter:creator\" content=\"@FiscaliaCol\" \/>\n<meta name=\"twitter:site\" content=\"@FiscaliaCol\" \/>\n<meta name=\"twitter:label1\" content=\"Escrito por\" \/>\n\t<meta name=\"twitter:data1\" content=\"Winnie Geraldine Rodr\u00edguez Navarrete\" \/>\n\t<meta name=\"twitter:label2\" content=\"Tiempo de lectura\" \/>\n\t<meta name=\"twitter:data2\" content=\"2 minutos\" \/>\n<script type=\"application\/ld+json\" class=\"yoast-schema-graph\">{\"@context\":\"https:\/\/schema.org\",\"@graph\":[{\"@type\":\"Article\",\"@id\":\"https:\/\/www.fiscalia.gov.co\/colombia\/noticias\/a-la-carcel-hombre-que-habria-maltratado-y-abusado-sexualmente-de-su-excompanera-sentimental\/#article\",\"isPartOf\":{\"@id\":\"https:\/\/www.fiscalia.gov.co\/colombia\/noticias\/a-la-carcel-hombre-que-habria-maltratado-y-abusado-sexualmente-de-su-excompanera-sentimental\/\"},\"author\":{\"name\":\"Winnie Geraldine Rodr\u00edguez Navarrete\",\"@id\":\"https:\/\/www.fiscalia.gov.co\/colombia\/#\/schema\/person\/176195b99ebab0a52aafa15197e1bf80\"},\"headline\":\"A la c\u00e1rcel hombre que habr\u00eda maltratado y abusado sexualmente de su excompa\u00f1era sentimental\",\"datePublished\":\"2023-05-04T22:17:03+00:00\",\"dateModified\":\"2023-05-04T22:17:03+00:00\",\"mainEntityOfPage\":{\"@id\":\"https:\/\/www.fiscalia.gov.co\/colombia\/noticias\/a-la-carcel-hombre-que-habria-maltratado-y-abusado-sexualmente-de-su-excompanera-sentimental\/\"},\"wordCount\":331,\"publisher\":{\"@id\":\"https:\/\/www.fiscalia.gov.co\/colombia\/#organization\"},\"image\":{\"@id\":\"https:\/\/www.fiscalia.gov.co\/colombia\/noticias\/a-la-carcel-hombre-que-habria-maltratado-y-abusado-sexualmente-de-su-excompanera-sentimental\/#primaryimage\"},\"thumbnailUrl\":\"https:\/\/www.fiscalia.gov.co\/colombia\/wp-content\/uploads\/Victor-Manuel-Rivas-Espana.-Maltrato-y-abuso-sexual.-Cali-Valle-225x300.jpg\",\"keywords\":[\"acceso carnal violento agravado\",\"acto sexual con menor de 14 a\u00f1os agravado e incesto\",\"Cali (Valle del Cauca)\",\"Capturados\",\"centro carcelario\",\"Compa\u00f1era sentimental\",\"Fiscal General de la Naci\u00f3n\",\"Fiscal\u00eda Colombia\",\"hijas\",\"Medida de aseguramiento\",\"nieta\",\"orden judicial\",\"Seccional Cali\",\"SOBRINA POL\u00cdTICA\",\"Violencia intrafamiliar\"],\"articleSection\":[\"Noticias\",\"Seccional Cali\",\"Seccionales\",\"Violencia sexual e intrafamiliar\"],\"inLanguage\":\"es-CO\"},{\"@type\":\"WebPage\",\"@id\":\"https:\/\/www.fiscalia.gov.co\/colombia\/noticias\/a-la-carcel-hombre-que-habria-maltratado-y-abusado-sexualmente-de-su-excompanera-sentimental\/\",\"url\":\"https:\/\/www.fiscalia.gov.co\/colombia\/noticias\/a-la-carcel-hombre-que-habria-maltratado-y-abusado-sexualmente-de-su-excompanera-sentimental\/\",\"name\":\"Fiscal\u00eda General de la Naci\u00f3n\",\"isPartOf\":{\"@id\":\"https:\/\/www.fiscalia.gov.co\/colombia\/#website\"},\"primaryImageOfPage\":{\"@id\":\"https:\/\/www.fiscalia.gov.co\/colombia\/noticias\/a-la-carcel-hombre-que-habria-maltratado-y-abusado-sexualmente-de-su-excompanera-sentimental\/#primaryimage\"},\"image\":{\"@id\":\"https:\/\/www.fiscalia.gov.co\/colombia\/noticias\/a-la-carcel-hombre-que-habria-maltratado-y-abusado-sexualmente-de-su-excompanera-sentimental\/#primaryimage\"},\"thumbnailUrl\":\"https:\/\/www.fiscalia.gov.co\/colombia\/wp-content\/uploads\/Victor-Manuel-Rivas-Espana.-Maltrato-y-abuso-sexual.-Cali-Valle-225x300.jpg\",\"datePublished\":\"2023-05-04T22:17:03+00:00\",\"dateModified\":\"2023-05-04T22:17:03+00:00\",\"description\":\"P\u00e1gina oficial de la Fiscal\u00eda General de la Naci\u00f3n \u2013 Colombia. Garantizamos el acceso efectivo a la justicia, la verdad y la reparaci\u00f3n de las v\u00edctimas de los delitos.\",\"breadcrumb\":{\"@id\":\"https:\/\/www.fiscalia.gov.co\/colombia\/noticias\/a-la-carcel-hombre-que-habria-maltratado-y-abusado-sexualmente-de-su-excompanera-sentimental\/#breadcrumb\"},\"inLanguage\":\"es-CO\",\"potentialAction\":[{\"@type\":\"ReadAction\",\"target\":[\"https:\/\/www.fiscalia.gov.co\/colombia\/noticias\/a-la-carcel-hombre-que-habria-maltratado-y-abusado-sexualmente-de-su-excompanera-sentimental\/\"]}]},{\"@type\":\"ImageObject\",\"inLanguage\":\"es-CO\",\"@id\":\"https:\/\/www.fiscalia.gov.co\/colombia\/noticias\/a-la-carcel-hombre-que-habria-maltratado-y-abusado-sexualmente-de-su-excompanera-sentimental\/#primaryimage\",\"url\":\"https:\/\/www.fiscalia.gov.co\/colombia\/wp-content\/uploads\/Victor-Manuel-Rivas-Espana.-Maltrato-y-abuso-sexual.-Cali-Valle.jpg\",\"contentUrl\":\"https:\/\/www.fiscalia.gov.co\/colombia\/wp-content\/uploads\/Victor-Manuel-Rivas-Espana.-Maltrato-y-abuso-sexual.-Cali-Valle.jpg\",\"width\":1200,\"height\":1600,\"caption\":\"V\u00edctor Manuel Rivas Espa\u00f1a fue vinculado a una investigaci\u00f3n como presunto responsable de maltratar y abusar sexualmente de su ex compa\u00f1era sentimental, en Cali (Valle del Cauca).\"},{\"@type\":\"BreadcrumbList\",\"@id\":\"https:\/\/www.fiscalia.gov.co\/colombia\/noticias\/a-la-carcel-hombre-que-habria-maltratado-y-abusado-sexualmente-de-su-excompanera-sentimental\/#breadcrumb\",\"itemListElement\":[{\"@type\":\"ListItem\",\"position\":1,\"name\":\"Home\",\"item\":\"https:\/\/www.fiscalia.gov.co\/colombia\/\"},{\"@type\":\"ListItem\",\"position\":2,\"name\":\"A la c\u00e1rcel hombre que habr\u00eda maltratado y abusado sexualmente de su excompa\u00f1era sentimental\"}]},{\"@type\":\"WebSite\",\"@id\":\"https:\/\/www.fiscalia.gov.co\/colombia\/#website\",\"url\":\"https:\/\/www.fiscalia.gov.co\/colombia\/\",\"name\":\"Fiscal\u00eda General de la Naci\u00f3n\",\"description\":\"P\u00e1gina oficial de la Fiscal\u00eda General de la Naci\u00f3n \u2013 Colombia. Garantizamos el acceso efectivo a la justicia, la verdad y la reparaci\u00f3n de las v\u00edctimas de los delitos.\",\"publisher\":{\"@id\":\"https:\/\/www.fiscalia.gov.co\/colombia\/#organization\"},\"potentialAction\":[{\"@type\":\"SearchAction\",\"target\":{\"@type\":\"EntryPoint\",\"urlTemplate\":\"https:\/\/www.fiscalia.gov.co\/colombia\/?s={search_term_string}\"},\"query-input\":{\"@type\":\"PropertyValueSpecification\",\"valueRequired\":true,\"valueName\":\"search_term_string\"}}],\"inLanguage\":\"es-CO\"},{\"@type\":\"Organization\",\"@id\":\"https:\/\/www.fiscalia.gov.co\/colombia\/#organization\",\"name\":\"Fiscal\u00eda General de la Naci\u00f3n\",\"url\":\"https:\/\/www.fiscalia.gov.co\/colombia\/\",\"logo\":{\"@type\":\"ImageObject\",\"inLanguage\":\"es-CO\",\"@id\":\"https:\/\/www.fiscalia.gov.co\/colombia\/#\/schema\/logo\/image\/\",\"url\":\"https:\/\/www.fiscalia.gov.co\/colombia\/wp-content\/uploads\/LogoHorizontal_1.jpg\",\"contentUrl\":\"https:\/\/www.fiscalia.gov.co\/colombia\/wp-content\/uploads\/LogoHorizontal_1.jpg\",\"width\":300,\"height\":90,\"caption\":\"Fiscal\u00eda General de la Naci\u00f3n\"},\"image\":{\"@id\":\"https:\/\/www.fiscalia.gov.co\/colombia\/#\/schema\/logo\/image\/\"},\"sameAs\":[\"https:\/\/www.facebook.com\/FiscaliaCol\",\"https:\/\/x.com\/FiscaliaCol\",\"https:\/\/www.instagram.com\/fiscaliacol\",\"https:\/\/www.linkedin.com\/company\/fiscalia-general-de-la-naci-n\/\",\"https:\/\/youtube.com\/@fiscaliageneraldelanacion-4668?si=6nN79nyQICPU5iTh\"]},{\"@type\":\"Person\",\"@id\":\"https:\/\/www.fiscalia.gov.co\/colombia\/#\/schema\/person\/176195b99ebab0a52aafa15197e1bf80\",\"name\":\"Winnie Geraldine Rodr\u00edguez Navarrete\",\"image\":{\"@type\":\"ImageObject\",\"inLanguage\":\"es-CO\",\"@id\":\"https:\/\/www.fiscalia.gov.co\/colombia\/#\/schema\/person\/image\/\",\"url\":\"https:\/\/secure.gravatar.com\/avatar\/c24cf8481dc84fa5e8c7b20bc95ab0c6?s=96&d=mm&r=g\",\"contentUrl\":\"https:\/\/secure.gravatar.com\/avatar\/c24cf8481dc84fa5e8c7b20bc95ab0c6?s=96&d=mm&r=g\",\"caption\":\"Winnie Geraldine Rodr\u00edguez Navarrete\"},\"url\":\"https:\/\/www.fiscalia.gov.co\/colombia\/author\/winnierodriguez\/\"}]}<\/script>\n<!-- \/ Yoast SEO plugin. -->","yoast_head_json":{"title":"Fiscal\u00eda General de la Naci\u00f3n","description":"P\u00e1gina oficial de la Fiscal\u00eda General de la Naci\u00f3n \u2013 Colombia. Garantizamos el acceso efectivo a la justicia, la verdad y la reparaci\u00f3n de las v\u00edctimas de los delitos.","robots":{"index":"noindex","follow":"follow"},"og_locale":"es_ES","og_type":"article","og_title":"Fiscal\u00eda General de la Naci\u00f3n","og_description":"P\u00e1gina oficial de la Fiscal\u00eda General de la Naci\u00f3n \u2013 Colombia. Garantizamos el acceso efectivo a la justicia, la verdad y la reparaci\u00f3n de las v\u00edctimas de los delitos.","og_url":"https:\/\/www.fiscalia.gov.co\/colombia\/noticias\/a-la-carcel-hombre-que-habria-maltratado-y-abusado-sexualmente-de-su-excompanera-sentimental\/","og_site_name":"Fiscal\u00eda General de la Naci\u00f3n","article_publisher":"https:\/\/www.facebook.com\/FiscaliaCol","article_published_time":"2023-05-04T22:17:03+00:00","og_image":[{"url":"https:\/\/www.fiscalia.gov.co\/colombia\/wp-content\/uploads\/Victor-Manuel-Rivas-Espana.-Maltrato-y-abuso-sexual.-Cali-Valle-225x300.jpg","type":"","width":"","height":""}],"author":"Winnie Geraldine Rodr\u00edguez Navarrete","twitter_card":"summary_large_image","twitter_creator":"@FiscaliaCol","twitter_site":"@FiscaliaCol","twitter_misc":{"Escrito por":"Winnie Geraldine Rodr\u00edguez Navarrete","Tiempo de lectura":"2 minutos"},"schema":{"@context":"https:\/\/schema.org","@graph":[{"@type":"Article","@id":"https:\/\/www.fiscalia.gov.co\/colombia\/noticias\/a-la-carcel-hombre-que-habria-maltratado-y-abusado-sexualmente-de-su-excompanera-sentimental\/#article","isPartOf":{"@id":"https:\/\/www.fiscalia.gov.co\/colombia\/noticias\/a-la-carcel-hombre-que-habria-maltratado-y-abusado-sexualmente-de-su-excompanera-sentimental\/"},"author":{"name":"Winnie Geraldine Rodr\u00edguez Navarrete","@id":"https:\/\/www.fiscalia.gov.co\/colombia\/#\/schema\/person\/176195b99ebab0a52aafa15197e1bf80"},"headline":"A la c\u00e1rcel hombre que habr\u00eda maltratado y abusado sexualmente de su excompa\u00f1era sentimental","datePublished":"2023-05-04T22:17:03+00:00","dateModified":"2023-05-04T22:17:03+00:00","mainEntityOfPage":{"@id":"https:\/\/www.fiscalia.gov.co\/colombia\/noticias\/a-la-carcel-hombre-que-habria-maltratado-y-abusado-sexualmente-de-su-excompanera-sentimental\/"},"wordCount":331,"publisher":{"@id":"https:\/\/www.fiscalia.gov.co\/colombia\/#organization"},"image":{"@id":"https:\/\/www.fiscalia.gov.co\/colombia\/noticias\/a-la-carcel-hombre-que-habria-maltratado-y-abusado-sexualmente-de-su-excompanera-sentimental\/#primaryimage"},"thumbnailUrl":"https:\/\/www.fiscalia.gov.co\/colombia\/wp-content\/uploads\/Victor-Manuel-Rivas-Espana.-Maltrato-y-abuso-sexual.-Cali-Valle-225x300.jpg","keywords":["acceso carnal violento agravado","acto sexual con menor de 14 a\u00f1os agravado e incesto","Cali (Valle del Cauca)","Capturados","centro carcelario","Compa\u00f1era sentimental","Fiscal General de la Naci\u00f3n","Fiscal\u00eda Colombia","hijas","Medida de aseguramiento","nieta","orden judicial","Seccional Cali","SOBRINA POL\u00cdTICA","Violencia intrafamiliar"],"articleSection":["Noticias","Seccional Cali","Seccionales","Violencia sexual e intrafamiliar"],"inLanguage":"es-CO"},{"@type":"WebPage","@id":"https:\/\/www.fiscalia.gov.co\/colombia\/noticias\/a-la-carcel-hombre-que-habria-maltratado-y-abusado-sexualmente-de-su-excompanera-sentimental\/","url":"https:\/\/www.fiscalia.gov.co\/colombia\/noticias\/a-la-carcel-hombre-que-habria-maltratado-y-abusado-sexualmente-de-su-excompanera-sentimental\/","name":"Fiscal\u00eda General de la Naci\u00f3n","isPartOf":{"@id":"https:\/\/www.fiscalia.gov.co\/colombia\/#website"},"primaryImageOfPage":{"@id":"https:\/\/www.fiscalia.gov.co\/colombia\/noticias\/a-la-carcel-hombre-que-habria-maltratado-y-abusado-sexualmente-de-su-excompanera-sentimental\/#primaryimage"},"image":{"@id":"https:\/\/www.fiscalia.gov.co\/colombia\/noticias\/a-la-carcel-hombre-que-habria-maltratado-y-abusado-sexualmente-de-su-excompanera-sentimental\/#primaryimage"},"thumbnailUrl":"https:\/\/www.fiscalia.gov.co\/colombia\/wp-content\/uploads\/Victor-Manuel-Rivas-Espana.-Maltrato-y-abuso-sexual.-Cali-Valle-225x300.jpg","datePublished":"2023-05-04T22:17:03+00:00","dateModified":"2023-05-04T22:17:03+00:00","description":"P\u00e1gina oficial de la Fiscal\u00eda General de la Naci\u00f3n \u2013 Colombia. Garantizamos el acceso efectivo a la justicia, la verdad y la reparaci\u00f3n de las v\u00edctimas de los delitos.","breadcrumb":{"@id":"https:\/\/www.fiscalia.gov.co\/colombia\/noticias\/a-la-carcel-hombre-que-habria-maltratado-y-abusado-sexualmente-de-su-excompanera-sentimental\/#breadcrumb"},"inLanguage":"es-CO","potentialAction":[{"@type":"ReadAction","target":["https:\/\/www.fiscalia.gov.co\/colombia\/noticias\/a-la-carcel-hombre-que-habria-maltratado-y-abusado-sexualmente-de-su-excompanera-sentimental\/"]}]},{"@type":"ImageObject","inLanguage":"es-CO","@id":"https:\/\/www.fiscalia.gov.co\/colombia\/noticias\/a-la-carcel-hombre-que-habria-maltratado-y-abusado-sexualmente-de-su-excompanera-sentimental\/#primaryimage","url":"https:\/\/www.fiscalia.gov.co\/colombia\/wp-content\/uploads\/Victor-Manuel-Rivas-Espana.-Maltrato-y-abuso-sexual.-Cali-Valle.jpg","contentUrl":"https:\/\/www.fiscalia.gov.co\/colombia\/wp-content\/uploads\/Victor-Manuel-Rivas-Espana.-Maltrato-y-abuso-sexual.-Cali-Valle.jpg","width":1200,"height":1600,"caption":"V\u00edctor Manuel Rivas Espa\u00f1a fue vinculado a una investigaci\u00f3n como presunto responsable de maltratar y abusar sexualmente de su ex compa\u00f1era sentimental, en Cali (Valle del Cauca)."},{"@type":"BreadcrumbList","@id":"https:\/\/www.fiscalia.gov.co\/colombia\/noticias\/a-la-carcel-hombre-que-habria-maltratado-y-abusado-sexualmente-de-su-excompanera-sentimental\/#breadcrumb","itemListElement":[{"@type":"ListItem","position":1,"name":"Home","item":"https:\/\/www.fiscalia.gov.co\/colombia\/"},{"@type":"ListItem","position":2,"name":"A la c\u00e1rcel hombre que habr\u00eda maltratado y abusado sexualmente de su excompa\u00f1era sentimental"}]},{"@type":"WebSite","@id":"https:\/\/www.fiscalia.gov.co\/colombia\/#website","url":"https:\/\/www.fiscalia.gov.co\/colombia\/","name":"Fiscal\u00eda General de la Naci\u00f3n","description":"P\u00e1gina oficial de la Fiscal\u00eda General de la Naci\u00f3n \u2013 Colombia. Garantizamos el acceso efectivo a la justicia, la verdad y la reparaci\u00f3n de las v\u00edctimas de los delitos.","publisher":{"@id":"https:\/\/www.fiscalia.gov.co\/colombia\/#organization"},"potentialAction":[{"@type":"SearchAction","target":{"@type":"EntryPoint","urlTemplate":"https:\/\/www.fiscalia.gov.co\/colombia\/?s={search_term_string}"},"query-input":{"@type":"PropertyValueSpecification","valueRequired":true,"valueName":"search_term_string"}}],"inLanguage":"es-CO"},{"@type":"Organization","@id":"https:\/\/www.fiscalia.gov.co\/colombia\/#organization","name":"Fiscal\u00eda General de la Naci\u00f3n","url":"https:\/\/www.fiscalia.gov.co\/colombia\/","logo":{"@type":"ImageObject","inLanguage":"es-CO","@id":"https:\/\/www.fiscalia.gov.co\/colombia\/#\/schema\/logo\/image\/","url":"https:\/\/www.fiscalia.gov.co\/colombia\/wp-content\/uploads\/LogoHorizontal_1.jpg","contentUrl":"https:\/\/www.fiscalia.gov.co\/colombia\/wp-content\/uploads\/LogoHorizontal_1.jpg","width":300,"height":90,"caption":"Fiscal\u00eda General de la Naci\u00f3n"},"image":{"@id":"https:\/\/www.fiscalia.gov.co\/colombia\/#\/schema\/logo\/image\/"},"sameAs":["https:\/\/www.facebook.com\/FiscaliaCol","https:\/\/x.com\/FiscaliaCol","https:\/\/www.instagram.com\/fiscaliacol","https:\/\/www.linkedin.com\/company\/fiscalia-general-de-la-naci-n\/","https:\/\/youtube.com\/@fiscaliageneraldelanacion-4668?si=6nN79nyQICPU5iTh"]},{"@type":"Person","@id":"https:\/\/www.fiscalia.gov.co\/colombia\/#\/schema\/person\/176195b99ebab0a52aafa15197e1bf80","name":"Winnie Geraldine Rodr\u00edguez Navarrete","image":{"@type":"ImageObject","inLanguage":"es-CO","@id":"https:\/\/www.fiscalia.gov.co\/colombia\/#\/schema\/person\/image\/","url":"https:\/\/secure.gravatar.com\/avatar\/c24cf8481dc84fa5e8c7b20bc95ab0c6?s=96&d=mm&r=g","contentUrl":"https:\/\/secure.gravatar.com\/avatar\/c24cf8481dc84fa5e8c7b20bc95ab0c6?s=96&d=mm&r=g","caption":"Winnie Geraldine Rodr\u00edguez Navarrete"},"url":"https:\/\/www.fiscalia.gov.co\/colombia\/author\/winnierodriguez\/"}]}},"_links":{"self":[{"href":"https:\/\/www.fiscalia.gov.co\/colombia\/wp-json\/wp\/v2\/posts\/270887","targetHints":{"allow":["GET"]}}],"collection":[{"href":"https:\/\/www.fiscalia.gov.co\/colombia\/wp-json\/wp\/v2\/posts"}],"about":[{"href":"https:\/\/www.fiscalia.gov.co\/colombia\/wp-json\/wp\/v2\/types\/post"}],"author":[{"embeddable":true,"href":"https:\/\/www.fiscalia.gov.co\/colombia\/wp-json\/wp\/v2\/users\/178"}],"replies":[{"embeddable":true,"href":"https:\/\/www.fiscalia.gov.co\/colombia\/wp-json\/wp\/v2\/comments?post=270887"}],"version-history":[{"count":1,"href":"https:\/\/www.fiscalia.gov.co\/colombia\/wp-json\/wp\/v2\/posts\/270887\/revisions"}],"predecessor-version":[{"id":270889,"href":"https:\/\/www.fiscalia.gov.co\/colombia\/wp-json\/wp\/v2\/posts\/270887\/revisions\/270889"}],"wp:attachment":[{"href":"https:\/\/www.fiscalia.gov.co\/colombia\/wp-json\/wp\/v2\/media?parent=270887"}],"wp:term":[{"taxonomy":"category","embeddable":true,"href":"https:\/\/www.fiscalia.gov.co\/colombia\/wp-json\/wp\/v2\/categories?post=270887"},{"taxonomy":"post_tag","embeddable":true,"href":"https:\/\/www.fiscalia.gov.co\/colombia\/wp-json\/wp\/v2\/tags?post=270887"}],"curies":[{"name":"wp","href":"https:\/\/api.w.org\/{rel}","templated":true}]}}