{"id":270881,"date":"2023-05-04T17:09:11","date_gmt":"2023-05-04T22:09:11","guid":{"rendered":"https:\/\/www.fiscalia.gov.co\/colombia\/?p=270881"},"modified":"2023-05-04T17:09:11","modified_gmt":"2023-05-04T22:09:11","slug":"carcel-para-hombre-que-habria-abusado-sexualmente-de-sus-hijos-menores-de-13-anos","status":"publish","type":"post","link":"https:\/\/www.fiscalia.gov.co\/colombia\/noticias\/carcel-para-hombre-que-habria-abusado-sexualmente-de-sus-hijos-menores-de-13-anos\/","title":{"rendered":"C\u00e1rcel para hombre que habr\u00eda abusado sexualmente de sus hijos menores de 13 a\u00f1os"},"content":{"rendered":"<p><span lang=\"ES\">Por solicitud de la Fiscal\u00eda General de la Naci\u00f3n, un juez con funciones de control de garant\u00edas de Arauca (Arauca) impus\u00f3 medida de aseguramiento privativa de la libertad a un hombre, por su presunta responsabilidad en los delitos de <\/span><a href=\"https:\/\/www.fiscalia.gov.co\/colombia\/noticias\/prision-para-presunto-responsable-de-delitos-sexuales-contra-su-hijastra-en-arauca\/\" target=\"_blank\" rel=\"noopener\" data-saferedirecturl=\"https:\/\/www.google.com\/url?q=https:\/\/www.fiscalia.gov.co\/colombia\/noticias\/prision-para-presunto-responsable-de-delitos-sexuales-contra-su-hijastra-en-arauca\/&amp;source=gmail&amp;ust=1683321398958000&amp;usg=AOvVaw3VqA-a2dGce0XKeuIt4hrk\"><span lang=\"ES\">actos<\/span><\/a><span lang=\"ES\">\u00a0sexuales con menor de 14 a\u00f1os en concurso con violencia intrafamiliar agravada.<\/span><\/p>\n<p><span lang=\"ES\">De acuerdo con las investigaciones adelantadas por la Fiscal\u00eda, se trata del padre de un ni\u00f1o y una ni\u00f1a de 10 y 13 a\u00f1os, respectivamente, quien entre agosto y septiembre de 2021, los habr\u00eda sometido a todo tipo de vej\u00e1menes sexuales. Se presume que adem\u00e1s el hombre los golpeaba si se opon\u00edan a los abusos.\u00a0<\/span><\/p>\n<figure id=\"attachment_270882\" aria-describedby=\"caption-attachment-270882\" style=\"width: 361px\" class=\"wp-caption aligncenter\"><img loading=\"lazy\" decoding=\"async\" class=\" wp-image-270882\" src=\"https:\/\/www.fiscalia.gov.co\/colombia\/wp-content\/uploads\/image004-300x270.jpg\" alt=\"En la imagen se observa al capturado junto a dos uniformados de la Polic\u00eda Nacional. Detr\u00e1s de ellos un banner que identifica al Departamento de Polic\u00eda de Arauca.\" width=\"361\" height=\"325\" srcset=\"https:\/\/www.fiscalia.gov.co\/colombia\/wp-content\/uploads\/image004-300x270.jpg 300w, https:\/\/www.fiscalia.gov.co\/colombia\/wp-content\/uploads\/image004-1024x923.jpg 1024w, https:\/\/www.fiscalia.gov.co\/colombia\/wp-content\/uploads\/image004-768x692.jpg 768w, https:\/\/www.fiscalia.gov.co\/colombia\/wp-content\/uploads\/image004-696x627.jpg 696w, https:\/\/www.fiscalia.gov.co\/colombia\/wp-content\/uploads\/image004-1068x963.jpg 1068w, https:\/\/www.fiscalia.gov.co\/colombia\/wp-content\/uploads\/image004-466x420.jpg 466w, https:\/\/www.fiscalia.gov.co\/colombia\/wp-content\/uploads\/image004.jpg 1238w\" sizes=\"auto, (max-width: 361px) 100vw, 361px\" \/><figcaption id=\"caption-attachment-270882\" class=\"wp-caption-text\">El hombre habr\u00eda abusado sexualmente de sus hijos de 10 y 13 a\u00f1os<\/figcaption><\/figure>\n<p><span lang=\"ES\">El material de prueba da cuenta que, los hechos se registraron en el barrio Los Guires de Arauca, donde el hoy procesado aprovecha los momentos en los que se quedaba a solas con sus hijos, mientras su pareja sentimental sal\u00eda a trabajar.\u00a0<\/span><\/p>\n<p>El investigado fue capturado mediante orden judicial por la Polic\u00eda Nacional en v\u00eda p\u00fablica del barrio 20 de Julio de esa localidad, este 2 de mayo.<\/p>\n<p><span lang=\"ES\">A la\u00a0<a href=\"https:\/\/www.fiscalia.gov.co\/colombia\/noticias\/a-prision-dos-hombres-investigados-por-delitos-sexuales-contra-menores-de-edad-en-arauca\/\" target=\"_blank\" rel=\"noopener\" data-saferedirecturl=\"https:\/\/www.google.com\/url?q=https:\/\/www.fiscalia.gov.co\/colombia\/noticias\/a-prision-dos-hombres-investigados-por-delitos-sexuales-contra-menores-de-edad-en-arauca\/&amp;source=gmail&amp;ust=1683321398958000&amp;usg=AOvVaw1lfnqMnH0b-tfVGxW58R-J\">c\u00e1rcel<\/a>\u00a0judicial de la capital araucana, fue remitido el hombre para cumplimiento de la medida impuesta por el ente juzgador.<\/span><\/p>\n<p><b><span lang=\"ES\">La Fiscal\u00eda habla con resultados.<\/span><\/b><\/p>\n<p>&nbsp;<\/p>\n<p>&nbsp;<\/p>\n<p>&nbsp;<\/p>\n<p><span lang=\"ES\">MPHA\/MG\/HMCR\/DSA<\/span><\/p>\n<p align=\"center\">\n<p><i>La informaci\u00f3n contenida en este bolet\u00edn de prensa corresponde a la narraci\u00f3n de los hechos noticiosos objetivos, suministrados por los funcionarios encargados de adelantar las investigaciones penales al interior de la Fiscal\u00eda General de la Naci\u00f3n. Para el momento de la divulgaci\u00f3n de este comunicado, la situaci\u00f3n jur\u00eddica de la(s) persona(s) relacionada(s) se encuentra pendiente de resolver por la autoridad judicial competente, siempre bajo los preceptos de la presunci\u00f3n de inocencia, consagrados en el art\u00edculo 29 de la Constituci\u00f3n Pol\u00edtica y el art\u00edculo 7\u00ba de la Ley 906 de 2004.<\/i><\/p>\n\n<div class=\"twitter-share\"><a href=\"https:\/\/twitter.com\/intent\/tweet?via=fiscaliacol\" class=\"twitter-share-button\">Tweet<\/a><\/div>\n","protected":false},"excerpt":{"rendered":"<p>Por solicitud de la Fiscal\u00eda General de la Naci\u00f3n, un juez con funciones de control de garant\u00edas de Arauca (Arauca) impus\u00f3 medida de aseguramiento privativa de la libertad a un [&hellip;]<\/p>\n","protected":false},"author":178,"featured_media":0,"comment_status":"closed","ping_status":"open","sticky":false,"template":"","format":"standard","meta":{"tdm_status":"","tdm_grid_status":"","footnotes":""},"categories":[1,12632,303,24127],"tags":[31726,4614,24234,1408,711,10084],"class_list":["post-270881","post","type-post","status-publish","format-standard","category-noticias","category-seccional-arauca","category-seccionales","category-violencia-sexual-e-intrafamiliar","tag-arauca-arauca","tag-fiscalia-2","tag-ninas-y-adolescentes","tag-ninos","tag-proteccion","tag-seguridad"],"yoast_head":"<!-- This site is optimized with the Yoast SEO plugin v24.3 - https:\/\/yoast.com\/wordpress\/plugins\/seo\/ -->\n<title>Fiscal\u00eda General de la Naci\u00f3n<\/title>\n<meta name=\"description\" content=\"P\u00e1gina oficial de la Fiscal\u00eda General de la Naci\u00f3n \u2013 Colombia. Garantizamos el acceso efectivo a la justicia, la verdad y la reparaci\u00f3n de las v\u00edctimas de los delitos.\" \/>\n<meta name=\"robots\" content=\"noindex, follow\" \/>\n<meta property=\"og:locale\" content=\"es_ES\" \/>\n<meta property=\"og:type\" content=\"article\" \/>\n<meta property=\"og:title\" content=\"Fiscal\u00eda General de la Naci\u00f3n\" \/>\n<meta property=\"og:description\" content=\"P\u00e1gina oficial de la Fiscal\u00eda General de la Naci\u00f3n \u2013 Colombia. Garantizamos el acceso efectivo a la justicia, la verdad y la reparaci\u00f3n de las v\u00edctimas de los delitos.\" \/>\n<meta property=\"og:url\" content=\"https:\/\/www.fiscalia.gov.co\/colombia\/noticias\/carcel-para-hombre-que-habria-abusado-sexualmente-de-sus-hijos-menores-de-13-anos\/\" \/>\n<meta property=\"og:site_name\" content=\"Fiscal\u00eda General de la Naci\u00f3n\" \/>\n<meta property=\"article:publisher\" content=\"https:\/\/www.facebook.com\/FiscaliaCol\" \/>\n<meta property=\"article:published_time\" content=\"2023-05-04T22:09:11+00:00\" \/>\n<meta property=\"og:image\" content=\"https:\/\/www.fiscalia.gov.co\/colombia\/wp-content\/uploads\/image004-300x270.jpg\" \/>\n<meta name=\"author\" content=\"Winnie Geraldine Rodr\u00edguez Navarrete\" \/>\n<meta name=\"twitter:card\" content=\"summary_large_image\" \/>\n<meta name=\"twitter:creator\" content=\"@FiscaliaCol\" \/>\n<meta name=\"twitter:site\" content=\"@FiscaliaCol\" \/>\n<meta name=\"twitter:label1\" content=\"Escrito por\" \/>\n\t<meta name=\"twitter:data1\" content=\"Winnie Geraldine Rodr\u00edguez Navarrete\" \/>\n\t<meta name=\"twitter:label2\" content=\"Tiempo de lectura\" \/>\n\t<meta name=\"twitter:data2\" content=\"2 minutos\" \/>\n<script type=\"application\/ld+json\" class=\"yoast-schema-graph\">{\"@context\":\"https:\/\/schema.org\",\"@graph\":[{\"@type\":\"Article\",\"@id\":\"https:\/\/www.fiscalia.gov.co\/colombia\/noticias\/carcel-para-hombre-que-habria-abusado-sexualmente-de-sus-hijos-menores-de-13-anos\/#article\",\"isPartOf\":{\"@id\":\"https:\/\/www.fiscalia.gov.co\/colombia\/noticias\/carcel-para-hombre-que-habria-abusado-sexualmente-de-sus-hijos-menores-de-13-anos\/\"},\"author\":{\"name\":\"Winnie Geraldine Rodr\u00edguez Navarrete\",\"@id\":\"https:\/\/www.fiscalia.gov.co\/colombia\/#\/schema\/person\/176195b99ebab0a52aafa15197e1bf80\"},\"headline\":\"C\u00e1rcel para hombre que habr\u00eda abusado sexualmente de sus hijos menores de 13 a\u00f1os\",\"datePublished\":\"2023-05-04T22:09:11+00:00\",\"dateModified\":\"2023-05-04T22:09:11+00:00\",\"mainEntityOfPage\":{\"@id\":\"https:\/\/www.fiscalia.gov.co\/colombia\/noticias\/carcel-para-hombre-que-habria-abusado-sexualmente-de-sus-hijos-menores-de-13-anos\/\"},\"wordCount\":359,\"publisher\":{\"@id\":\"https:\/\/www.fiscalia.gov.co\/colombia\/#organization\"},\"image\":{\"@id\":\"https:\/\/www.fiscalia.gov.co\/colombia\/noticias\/carcel-para-hombre-que-habria-abusado-sexualmente-de-sus-hijos-menores-de-13-anos\/#primaryimage\"},\"thumbnailUrl\":\"https:\/\/www.fiscalia.gov.co\/colombia\/wp-content\/uploads\/image004-300x270.jpg\",\"keywords\":[\"Arauca (Arauca)\",\"Fiscal\u00eda\",\"ni\u00f1as y adolescentes\",\"Ni\u00f1os\",\"Protecci\u00f3n\",\"Seguridad\"],\"articleSection\":[\"Noticias\",\"Seccional Arauca\",\"Seccionales\",\"Violencia sexual e intrafamiliar\"],\"inLanguage\":\"es-CO\"},{\"@type\":\"WebPage\",\"@id\":\"https:\/\/www.fiscalia.gov.co\/colombia\/noticias\/carcel-para-hombre-que-habria-abusado-sexualmente-de-sus-hijos-menores-de-13-anos\/\",\"url\":\"https:\/\/www.fiscalia.gov.co\/colombia\/noticias\/carcel-para-hombre-que-habria-abusado-sexualmente-de-sus-hijos-menores-de-13-anos\/\",\"name\":\"Fiscal\u00eda General de la Naci\u00f3n\",\"isPartOf\":{\"@id\":\"https:\/\/www.fiscalia.gov.co\/colombia\/#website\"},\"primaryImageOfPage\":{\"@id\":\"https:\/\/www.fiscalia.gov.co\/colombia\/noticias\/carcel-para-hombre-que-habria-abusado-sexualmente-de-sus-hijos-menores-de-13-anos\/#primaryimage\"},\"image\":{\"@id\":\"https:\/\/www.fiscalia.gov.co\/colombia\/noticias\/carcel-para-hombre-que-habria-abusado-sexualmente-de-sus-hijos-menores-de-13-anos\/#primaryimage\"},\"thumbnailUrl\":\"https:\/\/www.fiscalia.gov.co\/colombia\/wp-content\/uploads\/image004-300x270.jpg\",\"datePublished\":\"2023-05-04T22:09:11+00:00\",\"dateModified\":\"2023-05-04T22:09:11+00:00\",\"description\":\"P\u00e1gina oficial de la Fiscal\u00eda General de la Naci\u00f3n \u2013 Colombia. Garantizamos el acceso efectivo a la justicia, la verdad y la reparaci\u00f3n de las v\u00edctimas de los delitos.\",\"breadcrumb\":{\"@id\":\"https:\/\/www.fiscalia.gov.co\/colombia\/noticias\/carcel-para-hombre-que-habria-abusado-sexualmente-de-sus-hijos-menores-de-13-anos\/#breadcrumb\"},\"inLanguage\":\"es-CO\",\"potentialAction\":[{\"@type\":\"ReadAction\",\"target\":[\"https:\/\/www.fiscalia.gov.co\/colombia\/noticias\/carcel-para-hombre-que-habria-abusado-sexualmente-de-sus-hijos-menores-de-13-anos\/\"]}]},{\"@type\":\"ImageObject\",\"inLanguage\":\"es-CO\",\"@id\":\"https:\/\/www.fiscalia.gov.co\/colombia\/noticias\/carcel-para-hombre-que-habria-abusado-sexualmente-de-sus-hijos-menores-de-13-anos\/#primaryimage\",\"url\":\"https:\/\/www.fiscalia.gov.co\/colombia\/wp-content\/uploads\/image004.jpg\",\"contentUrl\":\"https:\/\/www.fiscalia.gov.co\/colombia\/wp-content\/uploads\/image004.jpg\",\"width\":1238,\"height\":1116,\"caption\":\"El hombre habr\u00eda abusado sexualmente de sus hijos de 10 y 13 a\u00f1os\"},{\"@type\":\"BreadcrumbList\",\"@id\":\"https:\/\/www.fiscalia.gov.co\/colombia\/noticias\/carcel-para-hombre-que-habria-abusado-sexualmente-de-sus-hijos-menores-de-13-anos\/#breadcrumb\",\"itemListElement\":[{\"@type\":\"ListItem\",\"position\":1,\"name\":\"Home\",\"item\":\"https:\/\/www.fiscalia.gov.co\/colombia\/\"},{\"@type\":\"ListItem\",\"position\":2,\"name\":\"C\u00e1rcel para hombre que habr\u00eda abusado sexualmente de sus hijos menores de 13 a\u00f1os\"}]},{\"@type\":\"WebSite\",\"@id\":\"https:\/\/www.fiscalia.gov.co\/colombia\/#website\",\"url\":\"https:\/\/www.fiscalia.gov.co\/colombia\/\",\"name\":\"Fiscal\u00eda General de la Naci\u00f3n\",\"description\":\"P\u00e1gina oficial de la Fiscal\u00eda General de la Naci\u00f3n \u2013 Colombia. Garantizamos el acceso efectivo a la justicia, la verdad y la reparaci\u00f3n de las v\u00edctimas de los delitos.\",\"publisher\":{\"@id\":\"https:\/\/www.fiscalia.gov.co\/colombia\/#organization\"},\"potentialAction\":[{\"@type\":\"SearchAction\",\"target\":{\"@type\":\"EntryPoint\",\"urlTemplate\":\"https:\/\/www.fiscalia.gov.co\/colombia\/?s={search_term_string}\"},\"query-input\":{\"@type\":\"PropertyValueSpecification\",\"valueRequired\":true,\"valueName\":\"search_term_string\"}}],\"inLanguage\":\"es-CO\"},{\"@type\":\"Organization\",\"@id\":\"https:\/\/www.fiscalia.gov.co\/colombia\/#organization\",\"name\":\"Fiscal\u00eda General de la Naci\u00f3n\",\"url\":\"https:\/\/www.fiscalia.gov.co\/colombia\/\",\"logo\":{\"@type\":\"ImageObject\",\"inLanguage\":\"es-CO\",\"@id\":\"https:\/\/www.fiscalia.gov.co\/colombia\/#\/schema\/logo\/image\/\",\"url\":\"https:\/\/www.fiscalia.gov.co\/colombia\/wp-content\/uploads\/LogoHorizontal_1.jpg\",\"contentUrl\":\"https:\/\/www.fiscalia.gov.co\/colombia\/wp-content\/uploads\/LogoHorizontal_1.jpg\",\"width\":300,\"height\":90,\"caption\":\"Fiscal\u00eda General de la Naci\u00f3n\"},\"image\":{\"@id\":\"https:\/\/www.fiscalia.gov.co\/colombia\/#\/schema\/logo\/image\/\"},\"sameAs\":[\"https:\/\/www.facebook.com\/FiscaliaCol\",\"https:\/\/x.com\/FiscaliaCol\",\"https:\/\/www.instagram.com\/fiscaliacol\",\"https:\/\/www.linkedin.com\/company\/fiscalia-general-de-la-naci-n\/\",\"https:\/\/youtube.com\/@fiscaliageneraldelanacion-4668?si=6nN79nyQICPU5iTh\"]},{\"@type\":\"Person\",\"@id\":\"https:\/\/www.fiscalia.gov.co\/colombia\/#\/schema\/person\/176195b99ebab0a52aafa15197e1bf80\",\"name\":\"Winnie Geraldine Rodr\u00edguez Navarrete\",\"image\":{\"@type\":\"ImageObject\",\"inLanguage\":\"es-CO\",\"@id\":\"https:\/\/www.fiscalia.gov.co\/colombia\/#\/schema\/person\/image\/\",\"url\":\"https:\/\/secure.gravatar.com\/avatar\/c24cf8481dc84fa5e8c7b20bc95ab0c6?s=96&d=mm&r=g\",\"contentUrl\":\"https:\/\/secure.gravatar.com\/avatar\/c24cf8481dc84fa5e8c7b20bc95ab0c6?s=96&d=mm&r=g\",\"caption\":\"Winnie Geraldine Rodr\u00edguez Navarrete\"},\"url\":\"https:\/\/www.fiscalia.gov.co\/colombia\/author\/winnierodriguez\/\"}]}<\/script>\n<!-- \/ Yoast SEO plugin. -->","yoast_head_json":{"title":"Fiscal\u00eda General de la Naci\u00f3n","description":"P\u00e1gina oficial de la Fiscal\u00eda General de la Naci\u00f3n \u2013 Colombia. Garantizamos el acceso efectivo a la justicia, la verdad y la reparaci\u00f3n de las v\u00edctimas de los delitos.","robots":{"index":"noindex","follow":"follow"},"og_locale":"es_ES","og_type":"article","og_title":"Fiscal\u00eda General de la Naci\u00f3n","og_description":"P\u00e1gina oficial de la Fiscal\u00eda General de la Naci\u00f3n \u2013 Colombia. Garantizamos el acceso efectivo a la justicia, la verdad y la reparaci\u00f3n de las v\u00edctimas de los delitos.","og_url":"https:\/\/www.fiscalia.gov.co\/colombia\/noticias\/carcel-para-hombre-que-habria-abusado-sexualmente-de-sus-hijos-menores-de-13-anos\/","og_site_name":"Fiscal\u00eda General de la Naci\u00f3n","article_publisher":"https:\/\/www.facebook.com\/FiscaliaCol","article_published_time":"2023-05-04T22:09:11+00:00","og_image":[{"url":"https:\/\/www.fiscalia.gov.co\/colombia\/wp-content\/uploads\/image004-300x270.jpg","type":"","width":"","height":""}],"author":"Winnie Geraldine Rodr\u00edguez Navarrete","twitter_card":"summary_large_image","twitter_creator":"@FiscaliaCol","twitter_site":"@FiscaliaCol","twitter_misc":{"Escrito por":"Winnie Geraldine Rodr\u00edguez Navarrete","Tiempo de lectura":"2 minutos"},"schema":{"@context":"https:\/\/schema.org","@graph":[{"@type":"Article","@id":"https:\/\/www.fiscalia.gov.co\/colombia\/noticias\/carcel-para-hombre-que-habria-abusado-sexualmente-de-sus-hijos-menores-de-13-anos\/#article","isPartOf":{"@id":"https:\/\/www.fiscalia.gov.co\/colombia\/noticias\/carcel-para-hombre-que-habria-abusado-sexualmente-de-sus-hijos-menores-de-13-anos\/"},"author":{"name":"Winnie Geraldine Rodr\u00edguez Navarrete","@id":"https:\/\/www.fiscalia.gov.co\/colombia\/#\/schema\/person\/176195b99ebab0a52aafa15197e1bf80"},"headline":"C\u00e1rcel para hombre que habr\u00eda abusado sexualmente de sus hijos menores de 13 a\u00f1os","datePublished":"2023-05-04T22:09:11+00:00","dateModified":"2023-05-04T22:09:11+00:00","mainEntityOfPage":{"@id":"https:\/\/www.fiscalia.gov.co\/colombia\/noticias\/carcel-para-hombre-que-habria-abusado-sexualmente-de-sus-hijos-menores-de-13-anos\/"},"wordCount":359,"publisher":{"@id":"https:\/\/www.fiscalia.gov.co\/colombia\/#organization"},"image":{"@id":"https:\/\/www.fiscalia.gov.co\/colombia\/noticias\/carcel-para-hombre-que-habria-abusado-sexualmente-de-sus-hijos-menores-de-13-anos\/#primaryimage"},"thumbnailUrl":"https:\/\/www.fiscalia.gov.co\/colombia\/wp-content\/uploads\/image004-300x270.jpg","keywords":["Arauca (Arauca)","Fiscal\u00eda","ni\u00f1as y adolescentes","Ni\u00f1os","Protecci\u00f3n","Seguridad"],"articleSection":["Noticias","Seccional Arauca","Seccionales","Violencia sexual e intrafamiliar"],"inLanguage":"es-CO"},{"@type":"WebPage","@id":"https:\/\/www.fiscalia.gov.co\/colombia\/noticias\/carcel-para-hombre-que-habria-abusado-sexualmente-de-sus-hijos-menores-de-13-anos\/","url":"https:\/\/www.fiscalia.gov.co\/colombia\/noticias\/carcel-para-hombre-que-habria-abusado-sexualmente-de-sus-hijos-menores-de-13-anos\/","name":"Fiscal\u00eda General de la Naci\u00f3n","isPartOf":{"@id":"https:\/\/www.fiscalia.gov.co\/colombia\/#website"},"primaryImageOfPage":{"@id":"https:\/\/www.fiscalia.gov.co\/colombia\/noticias\/carcel-para-hombre-que-habria-abusado-sexualmente-de-sus-hijos-menores-de-13-anos\/#primaryimage"},"image":{"@id":"https:\/\/www.fiscalia.gov.co\/colombia\/noticias\/carcel-para-hombre-que-habria-abusado-sexualmente-de-sus-hijos-menores-de-13-anos\/#primaryimage"},"thumbnailUrl":"https:\/\/www.fiscalia.gov.co\/colombia\/wp-content\/uploads\/image004-300x270.jpg","datePublished":"2023-05-04T22:09:11+00:00","dateModified":"2023-05-04T22:09:11+00:00","description":"P\u00e1gina oficial de la Fiscal\u00eda General de la Naci\u00f3n \u2013 Colombia. Garantizamos el acceso efectivo a la justicia, la verdad y la reparaci\u00f3n de las v\u00edctimas de los delitos.","breadcrumb":{"@id":"https:\/\/www.fiscalia.gov.co\/colombia\/noticias\/carcel-para-hombre-que-habria-abusado-sexualmente-de-sus-hijos-menores-de-13-anos\/#breadcrumb"},"inLanguage":"es-CO","potentialAction":[{"@type":"ReadAction","target":["https:\/\/www.fiscalia.gov.co\/colombia\/noticias\/carcel-para-hombre-que-habria-abusado-sexualmente-de-sus-hijos-menores-de-13-anos\/"]}]},{"@type":"ImageObject","inLanguage":"es-CO","@id":"https:\/\/www.fiscalia.gov.co\/colombia\/noticias\/carcel-para-hombre-que-habria-abusado-sexualmente-de-sus-hijos-menores-de-13-anos\/#primaryimage","url":"https:\/\/www.fiscalia.gov.co\/colombia\/wp-content\/uploads\/image004.jpg","contentUrl":"https:\/\/www.fiscalia.gov.co\/colombia\/wp-content\/uploads\/image004.jpg","width":1238,"height":1116,"caption":"El hombre habr\u00eda abusado sexualmente de sus hijos de 10 y 13 a\u00f1os"},{"@type":"BreadcrumbList","@id":"https:\/\/www.fiscalia.gov.co\/colombia\/noticias\/carcel-para-hombre-que-habria-abusado-sexualmente-de-sus-hijos-menores-de-13-anos\/#breadcrumb","itemListElement":[{"@type":"ListItem","position":1,"name":"Home","item":"https:\/\/www.fiscalia.gov.co\/colombia\/"},{"@type":"ListItem","position":2,"name":"C\u00e1rcel para hombre que habr\u00eda abusado sexualmente de sus hijos menores de 13 a\u00f1os"}]},{"@type":"WebSite","@id":"https:\/\/www.fiscalia.gov.co\/colombia\/#website","url":"https:\/\/www.fiscalia.gov.co\/colombia\/","name":"Fiscal\u00eda General de la Naci\u00f3n","description":"P\u00e1gina oficial de la Fiscal\u00eda General de la Naci\u00f3n \u2013 Colombia. Garantizamos el acceso efectivo a la justicia, la verdad y la reparaci\u00f3n de las v\u00edctimas de los delitos.","publisher":{"@id":"https:\/\/www.fiscalia.gov.co\/colombia\/#organization"},"potentialAction":[{"@type":"SearchAction","target":{"@type":"EntryPoint","urlTemplate":"https:\/\/www.fiscalia.gov.co\/colombia\/?s={search_term_string}"},"query-input":{"@type":"PropertyValueSpecification","valueRequired":true,"valueName":"search_term_string"}}],"inLanguage":"es-CO"},{"@type":"Organization","@id":"https:\/\/www.fiscalia.gov.co\/colombia\/#organization","name":"Fiscal\u00eda General de la Naci\u00f3n","url":"https:\/\/www.fiscalia.gov.co\/colombia\/","logo":{"@type":"ImageObject","inLanguage":"es-CO","@id":"https:\/\/www.fiscalia.gov.co\/colombia\/#\/schema\/logo\/image\/","url":"https:\/\/www.fiscalia.gov.co\/colombia\/wp-content\/uploads\/LogoHorizontal_1.jpg","contentUrl":"https:\/\/www.fiscalia.gov.co\/colombia\/wp-content\/uploads\/LogoHorizontal_1.jpg","width":300,"height":90,"caption":"Fiscal\u00eda General de la Naci\u00f3n"},"image":{"@id":"https:\/\/www.fiscalia.gov.co\/colombia\/#\/schema\/logo\/image\/"},"sameAs":["https:\/\/www.facebook.com\/FiscaliaCol","https:\/\/x.com\/FiscaliaCol","https:\/\/www.instagram.com\/fiscaliacol","https:\/\/www.linkedin.com\/company\/fiscalia-general-de-la-naci-n\/","https:\/\/youtube.com\/@fiscaliageneraldelanacion-4668?si=6nN79nyQICPU5iTh"]},{"@type":"Person","@id":"https:\/\/www.fiscalia.gov.co\/colombia\/#\/schema\/person\/176195b99ebab0a52aafa15197e1bf80","name":"Winnie Geraldine Rodr\u00edguez Navarrete","image":{"@type":"ImageObject","inLanguage":"es-CO","@id":"https:\/\/www.fiscalia.gov.co\/colombia\/#\/schema\/person\/image\/","url":"https:\/\/secure.gravatar.com\/avatar\/c24cf8481dc84fa5e8c7b20bc95ab0c6?s=96&d=mm&r=g","contentUrl":"https:\/\/secure.gravatar.com\/avatar\/c24cf8481dc84fa5e8c7b20bc95ab0c6?s=96&d=mm&r=g","caption":"Winnie Geraldine Rodr\u00edguez Navarrete"},"url":"https:\/\/www.fiscalia.gov.co\/colombia\/author\/winnierodriguez\/"}]}},"_links":{"self":[{"href":"https:\/\/www.fiscalia.gov.co\/colombia\/wp-json\/wp\/v2\/posts\/270881","targetHints":{"allow":["GET"]}}],"collection":[{"href":"https:\/\/www.fiscalia.gov.co\/colombia\/wp-json\/wp\/v2\/posts"}],"about":[{"href":"https:\/\/www.fiscalia.gov.co\/colombia\/wp-json\/wp\/v2\/types\/post"}],"author":[{"embeddable":true,"href":"https:\/\/www.fiscalia.gov.co\/colombia\/wp-json\/wp\/v2\/users\/178"}],"replies":[{"embeddable":true,"href":"https:\/\/www.fiscalia.gov.co\/colombia\/wp-json\/wp\/v2\/comments?post=270881"}],"version-history":[{"count":1,"href":"https:\/\/www.fiscalia.gov.co\/colombia\/wp-json\/wp\/v2\/posts\/270881\/revisions"}],"predecessor-version":[{"id":270883,"href":"https:\/\/www.fiscalia.gov.co\/colombia\/wp-json\/wp\/v2\/posts\/270881\/revisions\/270883"}],"wp:attachment":[{"href":"https:\/\/www.fiscalia.gov.co\/colombia\/wp-json\/wp\/v2\/media?parent=270881"}],"wp:term":[{"taxonomy":"category","embeddable":true,"href":"https:\/\/www.fiscalia.gov.co\/colombia\/wp-json\/wp\/v2\/categories?post=270881"},{"taxonomy":"post_tag","embeddable":true,"href":"https:\/\/www.fiscalia.gov.co\/colombia\/wp-json\/wp\/v2\/tags?post=270881"}],"curies":[{"name":"wp","href":"https:\/\/api.w.org\/{rel}","templated":true}]}}