{"id":270766,"date":"2023-05-03T09:46:24","date_gmt":"2023-05-03T14:46:24","guid":{"rendered":"https:\/\/www.fiscalia.gov.co\/colombia\/?p=270766"},"modified":"2023-05-03T09:46:24","modified_gmt":"2023-05-03T14:46:24","slug":"carcel-contra-tres-hombres-quienes-portando-armas-habrian-asaltado-un-almacen-comercial-y-presuntamente-dispararon-contra-la-policia","status":"publish","type":"post","link":"https:\/\/www.fiscalia.gov.co\/colombia\/noticias\/carcel-contra-tres-hombres-quienes-portando-armas-habrian-asaltado-un-almacen-comercial-y-presuntamente-dispararon-contra-la-policia\/","title":{"rendered":"C\u00e1rcel contra tres hombres, quienes portando armas, habr\u00edan asaltado un almac\u00e9n comercial y presuntamente dispararon contra la Polic\u00eda"},"content":{"rendered":"<p style=\"font-weight: 400;\">Diego Antonio Revelo Yandun, Kevin Javier Chalaca Mueses y\u00a0\u00a0Somer Gabriel Cabrera Arteaga fueron judicializados por un fiscal de la Estructura de Apoyo (EDA), quien les imput\u00f3 cargos como presuntos coautores de los delitos de fabricaci\u00f3n, tr\u00e1fico y\u00a0<a href=\"https:\/\/www.fiscalia.gov.co\/colombia\/noticias\/carcel-para-tres-presuntos-integrantes-de-una-banda-dedicada-a-los-homicidios-al-porte-de-armas-de-fuego-y-de-estupefacientes\/\" data-saferedirecturl=\"https:\/\/www.google.com\/url?q=https:\/\/www.fiscalia.gov.co\/colombia\/noticias\/carcel-para-tres-presuntos-integrantes-de-una-banda-dedicada-a-los-homicidios-al-porte-de-armas-de-fuego-y-de-estupefacientes\/&amp;source=gmail&amp;ust=1683211325793000&amp;usg=AOvVaw3711yhboIKKv0LjmV4jdhA\">porte de armas<\/a>\u00a0de fuego en concurso con\u00a0<a href=\"https:\/\/www.fiscalia.gov.co\/colombia\/noticias\/desmantelada-la-banda-los-enanos-dedicada-al-hurto-calificado-y-al-porte-ilegal-de-armas\/\" data-saferedirecturl=\"https:\/\/www.google.com\/url?q=https:\/\/www.fiscalia.gov.co\/colombia\/noticias\/desmantelada-la-banda-los-enanos-dedicada-al-hurto-calificado-y-al-porte-ilegal-de-armas\/&amp;source=gmail&amp;ust=1683211325793000&amp;usg=AOvVaw0rVqAVsfZpjqZMk9fck0p_\">hurto calificado<\/a>\u00a0y agravado.<\/p>\n<p style=\"font-weight: 400;\">Un juez penal con control de garant\u00edas aval\u00f3 la imputaci\u00f3n de cargos y dict\u00f3 medida de aseguramiento contra los tres hombres consistente en detenci\u00f3n carcelaria.<\/p>\n<p style=\"font-weight: 400;\">Seg\u00fan la investigaci\u00f3n, cuatro hombres, portando armas de fuego, ingresaron a un establecimiento comercial, ubicado en el barrio San ViCente, y presuntamente hurtaron un computador y varios tel\u00e9fonos celulares.<\/p>\n<p style=\"font-weight: 400;\">Alertados por una alarma, patrullas motorizadas de la Polic\u00eda llegaron al almac\u00e9n y v los presuntos ladrones, al notar la presencia de loas uniformados, dispararon armas de fuego en contra de ellos, logrando salir del establecimiento y emprendieron la fuga en dos motocicletas inici\u00e1ndose una persecuci\u00f3n.<\/p>\n<figure id=\"attachment_270767\" aria-describedby=\"caption-attachment-270767\" style=\"width: 390px\" class=\"wp-caption aligncenter\"><img loading=\"lazy\" decoding=\"async\" class=\" wp-image-270767\" src=\"https:\/\/www.fiscalia.gov.co\/colombia\/wp-content\/uploads\/WhatsApp-Image-2023-05-03-at-9.08.18-AM-300x234.jpeg\" alt=\"En la fotograf\u00eda se observan los tres capturados junto a dos agentes de la Polic\u00eda Nacional. En la parte posterior se observa un malet\u00edn, un computador port\u00e1til, 5 tel\u00e9fonos celulares, 9 cajas de empacar m\u00f3viles y una motocicleta  \" width=\"390\" height=\"304\" srcset=\"https:\/\/www.fiscalia.gov.co\/colombia\/wp-content\/uploads\/WhatsApp-Image-2023-05-03-at-9.08.18-AM-300x234.jpeg 300w, https:\/\/www.fiscalia.gov.co\/colombia\/wp-content\/uploads\/WhatsApp-Image-2023-05-03-at-9.08.18-AM-1024x798.jpeg 1024w, https:\/\/www.fiscalia.gov.co\/colombia\/wp-content\/uploads\/WhatsApp-Image-2023-05-03-at-9.08.18-AM-768x599.jpeg 768w, https:\/\/www.fiscalia.gov.co\/colombia\/wp-content\/uploads\/WhatsApp-Image-2023-05-03-at-9.08.18-AM-1536x1197.jpeg 1536w, https:\/\/www.fiscalia.gov.co\/colombia\/wp-content\/uploads\/WhatsApp-Image-2023-05-03-at-9.08.18-AM-696x542.jpeg 696w, https:\/\/www.fiscalia.gov.co\/colombia\/wp-content\/uploads\/WhatsApp-Image-2023-05-03-at-9.08.18-AM-1068x832.jpeg 1068w, https:\/\/www.fiscalia.gov.co\/colombia\/wp-content\/uploads\/WhatsApp-Image-2023-05-03-at-9.08.18-AM-539x420.jpeg 539w, https:\/\/www.fiscalia.gov.co\/colombia\/wp-content\/uploads\/WhatsApp-Image-2023-05-03-at-9.08.18-AM.jpeg 1600w\" sizes=\"auto, (max-width: 390px) 100vw, 390px\" \/><figcaption id=\"caption-attachment-270767\" class=\"wp-caption-text\">Los tres detenidos fueron imputados con cargos como presuntos autores de porte de armas de fuego y hurto calificado y agravado<\/figcaption><\/figure>\n<p style=\"font-weight: 400;\">Tres de los supuestos delincuentes abandonaron una de las motocicletas en v\u00eda p\u00fablica e ingresaron a una vivienda deshabitada para esconderse. Varios agentes ingresaron al inmueble y capturaron a tres presuntos ladrones, a quienes les incautaron dos maletines.<\/p>\n<p style=\"font-weight: 400;\">En el primer malet\u00edn, los polic\u00edas encontraron un computador port\u00e1til Lenovo y documentos con el logotipo del establecimiento comercial asaltado. En el segundo malet\u00edn fueron hallados 5 tel\u00e9fonos celulares. Ninguno de los tres sujetos se hizo responsable de los elementos ni presentaron documentaci\u00f3n de propiedad.<\/p>\n<p style=\"font-weight: 400;\">Asimismo, se incaut\u00f3 una motocicleta Yamaha en la que los tres presuntos asegurados se fugaron del almac\u00e9n.<\/p>\n<p style=\"font-weight: 400;\">Durante las audiencias concentradas, Diego Antonio Revelo Yandun, Kevin Javier Chalaca Mueses y Somer Gabriel Cabrera Arteaga no se allanaron a cargos.<\/p>\n<p style=\"font-weight: 400;\">Esta informaci\u00f3n se publica por razones de inter\u00e9s general<\/p>\n<p style=\"font-weight: 400;\"><strong>La Fiscal\u00eda habla con resultados\u00a0\u00a0<\/strong><\/p>\n<p style=\"font-weight: 400;\">\n<p style=\"font-weight: 400;\">JGPV\/FAGH \/LVB\/DSN<\/p>\n<p>Le puede interesar:\u00a0<a href=\"https:\/\/www.fiscalia.gov.co\/colombia\/noticias\/carcel-para-dos-hombres-y-una-mujer-senalados-de-extorsion-agravada-y-hurto-calificado\/\" data-saferedirecturl=\"https:\/\/www.google.com\/url?q=https:\/\/www.fiscalia.gov.co\/colombia\/noticias\/carcel-para-dos-hombres-y-una-mujer-senalados-de-extorsion-agravada-y-hurto-calificado\/&amp;source=gmail&amp;ust=1683211325793000&amp;usg=AOvVaw1u9X41jtu2G63o-BGnzNTN\">C\u00e1rcel para dos hombres y una mujer se\u00f1alados de extorsi\u00f3n agravada y hurto calificado<\/a><\/p>\n<p style=\"font-weight: 400;\">\n<p style=\"font-weight: 400;\">\n<p>&nbsp;<\/p>\n<p><i>La informaci\u00f3n contenida en este bolet\u00edn de prensa corresponde a la narraci\u00f3n de los hechos noticiosos objetivos, suministrados por los funcionarios encargados de adelantar las investigaciones penales al interior de la Fiscal\u00eda General de la Naci\u00f3n. Para el momento de la divulgaci\u00f3n de este comunicado, la situaci\u00f3n jur\u00eddica de la(s) persona(s) relacionada(s) se encuentra pendiente de resolver por la autoridad judicial competente, siempre bajo los preceptos de la presunci\u00f3n de inocencia, consagrados en el art\u00edculo 29 de la Constituci\u00f3n Pol\u00edtica y el art\u00edculo 7\u00ba de la Ley 906 de 2004.\u00a0<\/i><\/p>\n\n<div class=\"twitter-share\"><a href=\"https:\/\/twitter.com\/intent\/tweet?via=fiscaliacol\" class=\"twitter-share-button\">Tweet<\/a><\/div>\n","protected":false},"excerpt":{"rendered":"<p>Diego Antonio Revelo Yandun, Kevin Javier Chalaca Mueses y\u00a0\u00a0Somer Gabriel Cabrera Arteaga fueron judicializados por un fiscal de la Estructura de Apoyo (EDA), quien les imput\u00f3 cargos como presuntos coautores [&hellip;]<\/p>\n","protected":false},"author":178,"featured_media":0,"comment_status":"closed","ping_status":"open","sticky":false,"template":"","format":"standard","meta":{"tdm_status":"","tdm_grid_status":"","footnotes":""},"categories":[1,334,303,24099],"tags":[24305,24481,1047,2408,24004,698],"class_list":["post-270766","post","type-post","status-publish","format-standard","category-noticias","category-seccional-pasto","category-seccionales","category-seguridad-territorial","tag-fiscal-general-francisco-barbosa","tag-fiscalia-de-colombia","tag-fiscalia-general-de-la-nacion","tag-hurto-calificado","tag-ipiales-narino","tag-porte-de-armas"],"yoast_head":"<!-- This site is optimized with the Yoast SEO plugin v24.3 - https:\/\/yoast.com\/wordpress\/plugins\/seo\/ -->\n<title>Fiscal\u00eda General de la Naci\u00f3n<\/title>\n<meta name=\"description\" content=\"P\u00e1gina oficial de la Fiscal\u00eda General de la Naci\u00f3n \u2013 Colombia. Garantizamos el acceso efectivo a la justicia, la verdad y la reparaci\u00f3n de las v\u00edctimas de los delitos.\" \/>\n<meta name=\"robots\" content=\"noindex, follow\" \/>\n<meta property=\"og:locale\" content=\"es_ES\" \/>\n<meta property=\"og:type\" content=\"article\" \/>\n<meta property=\"og:title\" content=\"Fiscal\u00eda General de la Naci\u00f3n\" \/>\n<meta property=\"og:description\" content=\"P\u00e1gina oficial de la Fiscal\u00eda General de la Naci\u00f3n \u2013 Colombia. Garantizamos el acceso efectivo a la justicia, la verdad y la reparaci\u00f3n de las v\u00edctimas de los delitos.\" \/>\n<meta property=\"og:url\" content=\"https:\/\/www.fiscalia.gov.co\/colombia\/noticias\/carcel-contra-tres-hombres-quienes-portando-armas-habrian-asaltado-un-almacen-comercial-y-presuntamente-dispararon-contra-la-policia\/\" \/>\n<meta property=\"og:site_name\" content=\"Fiscal\u00eda General de la Naci\u00f3n\" \/>\n<meta property=\"article:publisher\" content=\"https:\/\/www.facebook.com\/FiscaliaCol\" \/>\n<meta property=\"article:published_time\" content=\"2023-05-03T14:46:24+00:00\" \/>\n<meta property=\"og:image\" content=\"https:\/\/www.fiscalia.gov.co\/colombia\/wp-content\/uploads\/WhatsApp-Image-2023-05-03-at-9.08.18-AM-300x234.jpeg\" \/>\n<meta name=\"author\" content=\"Winnie Geraldine Rodr\u00edguez Navarrete\" \/>\n<meta name=\"twitter:card\" content=\"summary_large_image\" \/>\n<meta name=\"twitter:creator\" content=\"@FiscaliaCol\" \/>\n<meta name=\"twitter:site\" content=\"@FiscaliaCol\" \/>\n<meta name=\"twitter:label1\" content=\"Escrito por\" \/>\n\t<meta name=\"twitter:data1\" content=\"Winnie Geraldine Rodr\u00edguez Navarrete\" \/>\n\t<meta name=\"twitter:label2\" content=\"Tiempo de lectura\" \/>\n\t<meta name=\"twitter:data2\" content=\"2 minutos\" \/>\n<script type=\"application\/ld+json\" class=\"yoast-schema-graph\">{\"@context\":\"https:\/\/schema.org\",\"@graph\":[{\"@type\":\"Article\",\"@id\":\"https:\/\/www.fiscalia.gov.co\/colombia\/noticias\/carcel-contra-tres-hombres-quienes-portando-armas-habrian-asaltado-un-almacen-comercial-y-presuntamente-dispararon-contra-la-policia\/#article\",\"isPartOf\":{\"@id\":\"https:\/\/www.fiscalia.gov.co\/colombia\/noticias\/carcel-contra-tres-hombres-quienes-portando-armas-habrian-asaltado-un-almacen-comercial-y-presuntamente-dispararon-contra-la-policia\/\"},\"author\":{\"name\":\"Winnie Geraldine Rodr\u00edguez Navarrete\",\"@id\":\"https:\/\/www.fiscalia.gov.co\/colombia\/#\/schema\/person\/176195b99ebab0a52aafa15197e1bf80\"},\"headline\":\"C\u00e1rcel contra tres hombres, quienes portando armas, habr\u00edan asaltado un almac\u00e9n comercial y presuntamente dispararon contra la Polic\u00eda\",\"datePublished\":\"2023-05-03T14:46:24+00:00\",\"dateModified\":\"2023-05-03T14:46:24+00:00\",\"mainEntityOfPage\":{\"@id\":\"https:\/\/www.fiscalia.gov.co\/colombia\/noticias\/carcel-contra-tres-hombres-quienes-portando-armas-habrian-asaltado-un-almacen-comercial-y-presuntamente-dispararon-contra-la-policia\/\"},\"wordCount\":486,\"publisher\":{\"@id\":\"https:\/\/www.fiscalia.gov.co\/colombia\/#organization\"},\"image\":{\"@id\":\"https:\/\/www.fiscalia.gov.co\/colombia\/noticias\/carcel-contra-tres-hombres-quienes-portando-armas-habrian-asaltado-un-almacen-comercial-y-presuntamente-dispararon-contra-la-policia\/#primaryimage\"},\"thumbnailUrl\":\"https:\/\/www.fiscalia.gov.co\/colombia\/wp-content\/uploads\/WhatsApp-Image-2023-05-03-at-9.08.18-AM-300x234.jpeg\",\"keywords\":[\"Fiscal General Francisco Barbosa\",\"Fiscal\u00eda de Colombia\",\"Fiscal\u00eda General de la Naci\u00f3n\",\"Hurto calificado\",\"Ipiales (Nari\u00f1o)\",\"Porte de armas\"],\"articleSection\":[\"Noticias\",\"Seccional Pasto\",\"Seccionales\",\"Seguridad territorial\"],\"inLanguage\":\"es-CO\"},{\"@type\":\"WebPage\",\"@id\":\"https:\/\/www.fiscalia.gov.co\/colombia\/noticias\/carcel-contra-tres-hombres-quienes-portando-armas-habrian-asaltado-un-almacen-comercial-y-presuntamente-dispararon-contra-la-policia\/\",\"url\":\"https:\/\/www.fiscalia.gov.co\/colombia\/noticias\/carcel-contra-tres-hombres-quienes-portando-armas-habrian-asaltado-un-almacen-comercial-y-presuntamente-dispararon-contra-la-policia\/\",\"name\":\"Fiscal\u00eda General de la Naci\u00f3n\",\"isPartOf\":{\"@id\":\"https:\/\/www.fiscalia.gov.co\/colombia\/#website\"},\"primaryImageOfPage\":{\"@id\":\"https:\/\/www.fiscalia.gov.co\/colombia\/noticias\/carcel-contra-tres-hombres-quienes-portando-armas-habrian-asaltado-un-almacen-comercial-y-presuntamente-dispararon-contra-la-policia\/#primaryimage\"},\"image\":{\"@id\":\"https:\/\/www.fiscalia.gov.co\/colombia\/noticias\/carcel-contra-tres-hombres-quienes-portando-armas-habrian-asaltado-un-almacen-comercial-y-presuntamente-dispararon-contra-la-policia\/#primaryimage\"},\"thumbnailUrl\":\"https:\/\/www.fiscalia.gov.co\/colombia\/wp-content\/uploads\/WhatsApp-Image-2023-05-03-at-9.08.18-AM-300x234.jpeg\",\"datePublished\":\"2023-05-03T14:46:24+00:00\",\"dateModified\":\"2023-05-03T14:46:24+00:00\",\"description\":\"P\u00e1gina oficial de la Fiscal\u00eda General de la Naci\u00f3n \u2013 Colombia. Garantizamos el acceso efectivo a la justicia, la verdad y la reparaci\u00f3n de las v\u00edctimas de los delitos.\",\"breadcrumb\":{\"@id\":\"https:\/\/www.fiscalia.gov.co\/colombia\/noticias\/carcel-contra-tres-hombres-quienes-portando-armas-habrian-asaltado-un-almacen-comercial-y-presuntamente-dispararon-contra-la-policia\/#breadcrumb\"},\"inLanguage\":\"es-CO\",\"potentialAction\":[{\"@type\":\"ReadAction\",\"target\":[\"https:\/\/www.fiscalia.gov.co\/colombia\/noticias\/carcel-contra-tres-hombres-quienes-portando-armas-habrian-asaltado-un-almacen-comercial-y-presuntamente-dispararon-contra-la-policia\/\"]}]},{\"@type\":\"ImageObject\",\"inLanguage\":\"es-CO\",\"@id\":\"https:\/\/www.fiscalia.gov.co\/colombia\/noticias\/carcel-contra-tres-hombres-quienes-portando-armas-habrian-asaltado-un-almacen-comercial-y-presuntamente-dispararon-contra-la-policia\/#primaryimage\",\"url\":\"https:\/\/www.fiscalia.gov.co\/colombia\/wp-content\/uploads\/WhatsApp-Image-2023-05-03-at-9.08.18-AM-300x234.jpeg\",\"contentUrl\":\"https:\/\/www.fiscalia.gov.co\/colombia\/wp-content\/uploads\/WhatsApp-Image-2023-05-03-at-9.08.18-AM-300x234.jpeg\"},{\"@type\":\"BreadcrumbList\",\"@id\":\"https:\/\/www.fiscalia.gov.co\/colombia\/noticias\/carcel-contra-tres-hombres-quienes-portando-armas-habrian-asaltado-un-almacen-comercial-y-presuntamente-dispararon-contra-la-policia\/#breadcrumb\",\"itemListElement\":[{\"@type\":\"ListItem\",\"position\":1,\"name\":\"Home\",\"item\":\"https:\/\/www.fiscalia.gov.co\/colombia\/\"},{\"@type\":\"ListItem\",\"position\":2,\"name\":\"C\u00e1rcel contra tres hombres, quienes portando armas, habr\u00edan asaltado un almac\u00e9n comercial y presuntamente dispararon contra la Polic\u00eda\"}]},{\"@type\":\"WebSite\",\"@id\":\"https:\/\/www.fiscalia.gov.co\/colombia\/#website\",\"url\":\"https:\/\/www.fiscalia.gov.co\/colombia\/\",\"name\":\"Fiscal\u00eda General de la Naci\u00f3n\",\"description\":\"P\u00e1gina oficial de la Fiscal\u00eda General de la Naci\u00f3n \u2013 Colombia. Garantizamos el acceso efectivo a la justicia, la verdad y la reparaci\u00f3n de las v\u00edctimas de los delitos.\",\"publisher\":{\"@id\":\"https:\/\/www.fiscalia.gov.co\/colombia\/#organization\"},\"potentialAction\":[{\"@type\":\"SearchAction\",\"target\":{\"@type\":\"EntryPoint\",\"urlTemplate\":\"https:\/\/www.fiscalia.gov.co\/colombia\/?s={search_term_string}\"},\"query-input\":{\"@type\":\"PropertyValueSpecification\",\"valueRequired\":true,\"valueName\":\"search_term_string\"}}],\"inLanguage\":\"es-CO\"},{\"@type\":\"Organization\",\"@id\":\"https:\/\/www.fiscalia.gov.co\/colombia\/#organization\",\"name\":\"Fiscal\u00eda General de la Naci\u00f3n\",\"url\":\"https:\/\/www.fiscalia.gov.co\/colombia\/\",\"logo\":{\"@type\":\"ImageObject\",\"inLanguage\":\"es-CO\",\"@id\":\"https:\/\/www.fiscalia.gov.co\/colombia\/#\/schema\/logo\/image\/\",\"url\":\"https:\/\/www.fiscalia.gov.co\/colombia\/wp-content\/uploads\/LogoHorizontal_1.jpg\",\"contentUrl\":\"https:\/\/www.fiscalia.gov.co\/colombia\/wp-content\/uploads\/LogoHorizontal_1.jpg\",\"width\":300,\"height\":90,\"caption\":\"Fiscal\u00eda General de la Naci\u00f3n\"},\"image\":{\"@id\":\"https:\/\/www.fiscalia.gov.co\/colombia\/#\/schema\/logo\/image\/\"},\"sameAs\":[\"https:\/\/www.facebook.com\/FiscaliaCol\",\"https:\/\/x.com\/FiscaliaCol\",\"https:\/\/www.instagram.com\/fiscaliacol\",\"https:\/\/www.linkedin.com\/company\/fiscalia-general-de-la-naci-n\/\",\"https:\/\/youtube.com\/@fiscaliageneraldelanacion-4668?si=6nN79nyQICPU5iTh\"]},{\"@type\":\"Person\",\"@id\":\"https:\/\/www.fiscalia.gov.co\/colombia\/#\/schema\/person\/176195b99ebab0a52aafa15197e1bf80\",\"name\":\"Winnie Geraldine Rodr\u00edguez Navarrete\",\"image\":{\"@type\":\"ImageObject\",\"inLanguage\":\"es-CO\",\"@id\":\"https:\/\/www.fiscalia.gov.co\/colombia\/#\/schema\/person\/image\/\",\"url\":\"https:\/\/secure.gravatar.com\/avatar\/c24cf8481dc84fa5e8c7b20bc95ab0c6?s=96&d=mm&r=g\",\"contentUrl\":\"https:\/\/secure.gravatar.com\/avatar\/c24cf8481dc84fa5e8c7b20bc95ab0c6?s=96&d=mm&r=g\",\"caption\":\"Winnie Geraldine Rodr\u00edguez Navarrete\"},\"url\":\"https:\/\/www.fiscalia.gov.co\/colombia\/author\/winnierodriguez\/\"}]}<\/script>\n<!-- \/ Yoast SEO plugin. -->","yoast_head_json":{"title":"Fiscal\u00eda General de la Naci\u00f3n","description":"P\u00e1gina oficial de la Fiscal\u00eda General de la Naci\u00f3n \u2013 Colombia. Garantizamos el acceso efectivo a la justicia, la verdad y la reparaci\u00f3n de las v\u00edctimas de los delitos.","robots":{"index":"noindex","follow":"follow"},"og_locale":"es_ES","og_type":"article","og_title":"Fiscal\u00eda General de la Naci\u00f3n","og_description":"P\u00e1gina oficial de la Fiscal\u00eda General de la Naci\u00f3n \u2013 Colombia. Garantizamos el acceso efectivo a la justicia, la verdad y la reparaci\u00f3n de las v\u00edctimas de los delitos.","og_url":"https:\/\/www.fiscalia.gov.co\/colombia\/noticias\/carcel-contra-tres-hombres-quienes-portando-armas-habrian-asaltado-un-almacen-comercial-y-presuntamente-dispararon-contra-la-policia\/","og_site_name":"Fiscal\u00eda General de la Naci\u00f3n","article_publisher":"https:\/\/www.facebook.com\/FiscaliaCol","article_published_time":"2023-05-03T14:46:24+00:00","og_image":[{"url":"https:\/\/www.fiscalia.gov.co\/colombia\/wp-content\/uploads\/WhatsApp-Image-2023-05-03-at-9.08.18-AM-300x234.jpeg","type":"","width":"","height":""}],"author":"Winnie Geraldine Rodr\u00edguez Navarrete","twitter_card":"summary_large_image","twitter_creator":"@FiscaliaCol","twitter_site":"@FiscaliaCol","twitter_misc":{"Escrito por":"Winnie Geraldine Rodr\u00edguez Navarrete","Tiempo de lectura":"2 minutos"},"schema":{"@context":"https:\/\/schema.org","@graph":[{"@type":"Article","@id":"https:\/\/www.fiscalia.gov.co\/colombia\/noticias\/carcel-contra-tres-hombres-quienes-portando-armas-habrian-asaltado-un-almacen-comercial-y-presuntamente-dispararon-contra-la-policia\/#article","isPartOf":{"@id":"https:\/\/www.fiscalia.gov.co\/colombia\/noticias\/carcel-contra-tres-hombres-quienes-portando-armas-habrian-asaltado-un-almacen-comercial-y-presuntamente-dispararon-contra-la-policia\/"},"author":{"name":"Winnie Geraldine Rodr\u00edguez Navarrete","@id":"https:\/\/www.fiscalia.gov.co\/colombia\/#\/schema\/person\/176195b99ebab0a52aafa15197e1bf80"},"headline":"C\u00e1rcel contra tres hombres, quienes portando armas, habr\u00edan asaltado un almac\u00e9n comercial y presuntamente dispararon contra la Polic\u00eda","datePublished":"2023-05-03T14:46:24+00:00","dateModified":"2023-05-03T14:46:24+00:00","mainEntityOfPage":{"@id":"https:\/\/www.fiscalia.gov.co\/colombia\/noticias\/carcel-contra-tres-hombres-quienes-portando-armas-habrian-asaltado-un-almacen-comercial-y-presuntamente-dispararon-contra-la-policia\/"},"wordCount":486,"publisher":{"@id":"https:\/\/www.fiscalia.gov.co\/colombia\/#organization"},"image":{"@id":"https:\/\/www.fiscalia.gov.co\/colombia\/noticias\/carcel-contra-tres-hombres-quienes-portando-armas-habrian-asaltado-un-almacen-comercial-y-presuntamente-dispararon-contra-la-policia\/#primaryimage"},"thumbnailUrl":"https:\/\/www.fiscalia.gov.co\/colombia\/wp-content\/uploads\/WhatsApp-Image-2023-05-03-at-9.08.18-AM-300x234.jpeg","keywords":["Fiscal General Francisco Barbosa","Fiscal\u00eda de Colombia","Fiscal\u00eda General de la Naci\u00f3n","Hurto calificado","Ipiales (Nari\u00f1o)","Porte de armas"],"articleSection":["Noticias","Seccional Pasto","Seccionales","Seguridad territorial"],"inLanguage":"es-CO"},{"@type":"WebPage","@id":"https:\/\/www.fiscalia.gov.co\/colombia\/noticias\/carcel-contra-tres-hombres-quienes-portando-armas-habrian-asaltado-un-almacen-comercial-y-presuntamente-dispararon-contra-la-policia\/","url":"https:\/\/www.fiscalia.gov.co\/colombia\/noticias\/carcel-contra-tres-hombres-quienes-portando-armas-habrian-asaltado-un-almacen-comercial-y-presuntamente-dispararon-contra-la-policia\/","name":"Fiscal\u00eda General de la Naci\u00f3n","isPartOf":{"@id":"https:\/\/www.fiscalia.gov.co\/colombia\/#website"},"primaryImageOfPage":{"@id":"https:\/\/www.fiscalia.gov.co\/colombia\/noticias\/carcel-contra-tres-hombres-quienes-portando-armas-habrian-asaltado-un-almacen-comercial-y-presuntamente-dispararon-contra-la-policia\/#primaryimage"},"image":{"@id":"https:\/\/www.fiscalia.gov.co\/colombia\/noticias\/carcel-contra-tres-hombres-quienes-portando-armas-habrian-asaltado-un-almacen-comercial-y-presuntamente-dispararon-contra-la-policia\/#primaryimage"},"thumbnailUrl":"https:\/\/www.fiscalia.gov.co\/colombia\/wp-content\/uploads\/WhatsApp-Image-2023-05-03-at-9.08.18-AM-300x234.jpeg","datePublished":"2023-05-03T14:46:24+00:00","dateModified":"2023-05-03T14:46:24+00:00","description":"P\u00e1gina oficial de la Fiscal\u00eda General de la Naci\u00f3n \u2013 Colombia. Garantizamos el acceso efectivo a la justicia, la verdad y la reparaci\u00f3n de las v\u00edctimas de los delitos.","breadcrumb":{"@id":"https:\/\/www.fiscalia.gov.co\/colombia\/noticias\/carcel-contra-tres-hombres-quienes-portando-armas-habrian-asaltado-un-almacen-comercial-y-presuntamente-dispararon-contra-la-policia\/#breadcrumb"},"inLanguage":"es-CO","potentialAction":[{"@type":"ReadAction","target":["https:\/\/www.fiscalia.gov.co\/colombia\/noticias\/carcel-contra-tres-hombres-quienes-portando-armas-habrian-asaltado-un-almacen-comercial-y-presuntamente-dispararon-contra-la-policia\/"]}]},{"@type":"ImageObject","inLanguage":"es-CO","@id":"https:\/\/www.fiscalia.gov.co\/colombia\/noticias\/carcel-contra-tres-hombres-quienes-portando-armas-habrian-asaltado-un-almacen-comercial-y-presuntamente-dispararon-contra-la-policia\/#primaryimage","url":"https:\/\/www.fiscalia.gov.co\/colombia\/wp-content\/uploads\/WhatsApp-Image-2023-05-03-at-9.08.18-AM-300x234.jpeg","contentUrl":"https:\/\/www.fiscalia.gov.co\/colombia\/wp-content\/uploads\/WhatsApp-Image-2023-05-03-at-9.08.18-AM-300x234.jpeg"},{"@type":"BreadcrumbList","@id":"https:\/\/www.fiscalia.gov.co\/colombia\/noticias\/carcel-contra-tres-hombres-quienes-portando-armas-habrian-asaltado-un-almacen-comercial-y-presuntamente-dispararon-contra-la-policia\/#breadcrumb","itemListElement":[{"@type":"ListItem","position":1,"name":"Home","item":"https:\/\/www.fiscalia.gov.co\/colombia\/"},{"@type":"ListItem","position":2,"name":"C\u00e1rcel contra tres hombres, quienes portando armas, habr\u00edan asaltado un almac\u00e9n comercial y presuntamente dispararon contra la Polic\u00eda"}]},{"@type":"WebSite","@id":"https:\/\/www.fiscalia.gov.co\/colombia\/#website","url":"https:\/\/www.fiscalia.gov.co\/colombia\/","name":"Fiscal\u00eda General de la Naci\u00f3n","description":"P\u00e1gina oficial de la Fiscal\u00eda General de la Naci\u00f3n \u2013 Colombia. Garantizamos el acceso efectivo a la justicia, la verdad y la reparaci\u00f3n de las v\u00edctimas de los delitos.","publisher":{"@id":"https:\/\/www.fiscalia.gov.co\/colombia\/#organization"},"potentialAction":[{"@type":"SearchAction","target":{"@type":"EntryPoint","urlTemplate":"https:\/\/www.fiscalia.gov.co\/colombia\/?s={search_term_string}"},"query-input":{"@type":"PropertyValueSpecification","valueRequired":true,"valueName":"search_term_string"}}],"inLanguage":"es-CO"},{"@type":"Organization","@id":"https:\/\/www.fiscalia.gov.co\/colombia\/#organization","name":"Fiscal\u00eda General de la Naci\u00f3n","url":"https:\/\/www.fiscalia.gov.co\/colombia\/","logo":{"@type":"ImageObject","inLanguage":"es-CO","@id":"https:\/\/www.fiscalia.gov.co\/colombia\/#\/schema\/logo\/image\/","url":"https:\/\/www.fiscalia.gov.co\/colombia\/wp-content\/uploads\/LogoHorizontal_1.jpg","contentUrl":"https:\/\/www.fiscalia.gov.co\/colombia\/wp-content\/uploads\/LogoHorizontal_1.jpg","width":300,"height":90,"caption":"Fiscal\u00eda General de la Naci\u00f3n"},"image":{"@id":"https:\/\/www.fiscalia.gov.co\/colombia\/#\/schema\/logo\/image\/"},"sameAs":["https:\/\/www.facebook.com\/FiscaliaCol","https:\/\/x.com\/FiscaliaCol","https:\/\/www.instagram.com\/fiscaliacol","https:\/\/www.linkedin.com\/company\/fiscalia-general-de-la-naci-n\/","https:\/\/youtube.com\/@fiscaliageneraldelanacion-4668?si=6nN79nyQICPU5iTh"]},{"@type":"Person","@id":"https:\/\/www.fiscalia.gov.co\/colombia\/#\/schema\/person\/176195b99ebab0a52aafa15197e1bf80","name":"Winnie Geraldine Rodr\u00edguez Navarrete","image":{"@type":"ImageObject","inLanguage":"es-CO","@id":"https:\/\/www.fiscalia.gov.co\/colombia\/#\/schema\/person\/image\/","url":"https:\/\/secure.gravatar.com\/avatar\/c24cf8481dc84fa5e8c7b20bc95ab0c6?s=96&d=mm&r=g","contentUrl":"https:\/\/secure.gravatar.com\/avatar\/c24cf8481dc84fa5e8c7b20bc95ab0c6?s=96&d=mm&r=g","caption":"Winnie Geraldine Rodr\u00edguez Navarrete"},"url":"https:\/\/www.fiscalia.gov.co\/colombia\/author\/winnierodriguez\/"}]}},"_links":{"self":[{"href":"https:\/\/www.fiscalia.gov.co\/colombia\/wp-json\/wp\/v2\/posts\/270766","targetHints":{"allow":["GET"]}}],"collection":[{"href":"https:\/\/www.fiscalia.gov.co\/colombia\/wp-json\/wp\/v2\/posts"}],"about":[{"href":"https:\/\/www.fiscalia.gov.co\/colombia\/wp-json\/wp\/v2\/types\/post"}],"author":[{"embeddable":true,"href":"https:\/\/www.fiscalia.gov.co\/colombia\/wp-json\/wp\/v2\/users\/178"}],"replies":[{"embeddable":true,"href":"https:\/\/www.fiscalia.gov.co\/colombia\/wp-json\/wp\/v2\/comments?post=270766"}],"version-history":[{"count":1,"href":"https:\/\/www.fiscalia.gov.co\/colombia\/wp-json\/wp\/v2\/posts\/270766\/revisions"}],"predecessor-version":[{"id":270768,"href":"https:\/\/www.fiscalia.gov.co\/colombia\/wp-json\/wp\/v2\/posts\/270766\/revisions\/270768"}],"wp:attachment":[{"href":"https:\/\/www.fiscalia.gov.co\/colombia\/wp-json\/wp\/v2\/media?parent=270766"}],"wp:term":[{"taxonomy":"category","embeddable":true,"href":"https:\/\/www.fiscalia.gov.co\/colombia\/wp-json\/wp\/v2\/categories?post=270766"},{"taxonomy":"post_tag","embeddable":true,"href":"https:\/\/www.fiscalia.gov.co\/colombia\/wp-json\/wp\/v2\/tags?post=270766"}],"curies":[{"name":"wp","href":"https:\/\/api.w.org\/{rel}","templated":true}]}}