{"id":270705,"date":"2023-05-02T15:16:55","date_gmt":"2023-05-02T20:16:55","guid":{"rendered":"https:\/\/www.fiscalia.gov.co\/colombia\/?p=270705"},"modified":"2023-05-02T15:16:55","modified_gmt":"2023-05-02T20:16:55","slug":"alias-popeta-fue-enviada-a-prision-por-su-presunta-participacion-en-un-doble-homicidio-en-mariquita-tolima","status":"publish","type":"post","link":"https:\/\/www.fiscalia.gov.co\/colombia\/noticias\/alias-popeta-fue-enviada-a-prision-por-su-presunta-participacion-en-un-doble-homicidio-en-mariquita-tolima\/","title":{"rendered":"Alias Popeta fue enviada a prisi\u00f3n por su presunta participaci\u00f3n en un doble homicidio en Mariquita, Tolima"},"content":{"rendered":"<h4 style=\"font-weight: 400;\"><strong><em>La mujer har\u00eda parte del grupo de delincuencia organizada Frontera del Norte que delinque en ese municipio y en Honda.<\/em><\/strong><\/h4>\n<p style=\"font-weight: 400;\">La Fiscal\u00eda logr\u00f3 que un juez enviara a la c\u00e1rcel a\u00a0Luisa Fernanda L\u00f3pez L\u00f3pez, alias La Popeta, quien habr\u00eda participado en el homicidio de dos hermanos\u00a0en junio de 2020, en el municipio de Mariquita (Tolima).<\/p>\n<p style=\"font-weight: 400;\">Seg\u00fan la investigaci\u00f3n, la mujer, en compa\u00f1\u00eda de una menor, habr\u00eda convencido\u00a0 a las v\u00edctimas identificadas como Luis Miguel y Bryan Camilo Guzman Tovar, para que salieran de su casa, tras lo\u00a0cual fueron asesinadas al parecer por sicarios de la organizaci\u00f3n delincuencial.<\/p>\n<p style=\"font-weight: 400;\">Alias La Popeta fue detenida en v\u00eda p\u00fablica de Ibagu\u00e9 (Tolima) por investigadores del CTI de la Fiscal\u00eda, con el apoyo de la Polic\u00eda Nacional.<\/p>\n<p style=\"font-weight: 400;\">La Fiscal\u00eda la imput\u00f3 por los delitos de concierto para delinquir con fines de homicidio, homicidio agravado, porte ilegal de armas de fuego y uso de menores de edad para la comisi\u00f3n de delitos, a los que no se allan\u00f3.<\/p>\n<figure id=\"attachment_270708\" aria-describedby=\"caption-attachment-270708\" style=\"width: 399px\" class=\"wp-caption aligncenter\"><img loading=\"lazy\" decoding=\"async\" class=\" wp-image-270708\" src=\"https:\/\/www.fiscalia.gov.co\/colombia\/wp-content\/uploads\/alias-popeta-homicidio-mariqiuta-300x185.jpeg\" alt=\"En la imagen se ve una mujer detenida bajo custodia de la Polic\u00eda y el CTI. Detr\u00e1s suyo un backing de la Fiscal\u00eda.\" width=\"399\" height=\"246\" srcset=\"https:\/\/www.fiscalia.gov.co\/colombia\/wp-content\/uploads\/alias-popeta-homicidio-mariqiuta-300x185.jpeg 300w, https:\/\/www.fiscalia.gov.co\/colombia\/wp-content\/uploads\/alias-popeta-homicidio-mariqiuta-1024x632.jpeg 1024w, https:\/\/www.fiscalia.gov.co\/colombia\/wp-content\/uploads\/alias-popeta-homicidio-mariqiuta-768x474.jpeg 768w, https:\/\/www.fiscalia.gov.co\/colombia\/wp-content\/uploads\/alias-popeta-homicidio-mariqiuta-1536x948.jpeg 1536w, https:\/\/www.fiscalia.gov.co\/colombia\/wp-content\/uploads\/alias-popeta-homicidio-mariqiuta-696x429.jpeg 696w, https:\/\/www.fiscalia.gov.co\/colombia\/wp-content\/uploads\/alias-popeta-homicidio-mariqiuta-1068x659.jpeg 1068w, https:\/\/www.fiscalia.gov.co\/colombia\/wp-content\/uploads\/alias-popeta-homicidio-mariqiuta-681x420.jpeg 681w, https:\/\/www.fiscalia.gov.co\/colombia\/wp-content\/uploads\/alias-popeta-homicidio-mariqiuta-356x220.jpeg 356w, https:\/\/www.fiscalia.gov.co\/colombia\/wp-content\/uploads\/alias-popeta-homicidio-mariqiuta.jpeg 1600w\" sizes=\"auto, (max-width: 399px) 100vw, 399px\" \/><figcaption id=\"caption-attachment-270708\" class=\"wp-caption-text\">La mujer fue detenida en v\u00eda p\u00fablica de la calle 50 con avenida Mirolindo de Ibagu\u00e9 (Tolima), por investigadores del CTI de la Fiscal\u00eda con el apoyo de la Polic\u00eda Nacional.<\/figcaption><\/figure>\n<p style=\"font-weight: 400;\">Frontera del Norte es liderada por alias Guada\u00f1a, quien ya se encuentra en un centro penitenciario. Se le atribuye la ola de violencia registrada desde enero de 2020 en los municipios de Honda y Mariquita, consistente en una serie de homicidios selectivos con el fin de controlar el territorio para el tr\u00e1fico de estupefacientes, entre otros delitos.<\/p>\n<p><strong>La Fiscal\u00eda habla con resultados.<\/strong><\/p>\n<p>&nbsp;<\/p>\n<p style=\"font-weight: 400;\">\n<p style=\"font-weight: 400;\">PAAM\/CFG\/MCA\/AMBV\/DST<\/p>\n<p style=\"font-weight: 400;\">\n<p style=\"font-weight: 400;\">\n<p style=\"font-weight: 400;\"><em>La informaci\u00f3n contenida en este bolet\u00edn de prensa corresponde a la narraci\u00f3n de los hechos noticiosos objetivos, suministrados por los funcionarios encargados de adelantar las investigaciones penales al interior de la Fiscal\u00eda General de la Naci\u00f3n. Para el momento de la divulgaci\u00f3n de este comunicado, la situaci\u00f3n jur\u00eddica de la(s) persona(s) relacionada(s) se encuentra pendiente de resolver por la autoridad judicial competente, siempre bajo los preceptos de la presunci\u00f3n de inocencia, consagrados en el art\u00edculo 29 de la Constituci\u00f3n Pol\u00edtica y el art\u00edculo 7\u00ba de la Ley 906 de 2004.<\/em><\/p>\n\n<div class=\"twitter-share\"><a href=\"https:\/\/twitter.com\/intent\/tweet?via=fiscaliacol\" class=\"twitter-share-button\">Tweet<\/a><\/div>\n","protected":false},"excerpt":{"rendered":"<p>La mujer har\u00eda parte del grupo de delincuencia organizada Frontera del Norte que delinque en ese municipio y en Honda. La Fiscal\u00eda logr\u00f3 que un juez enviara a la c\u00e1rcel a\u00a0Luisa Fernanda L\u00f3pez L\u00f3pez, alias La Popeta, quien habr\u00eda participado en el homicidio de dos hermanos\u00a0en junio de 2020, en el municipio de Mariquita (Tolima). [&hellip;]<\/p>\n","protected":false},"author":178,"featured_media":0,"comment_status":"closed","ping_status":"open","sticky":false,"template":"","format":"standard","meta":{"_price":"","_stock":"","_tribe_ticket_header":"","_tribe_default_ticket_provider":"","_tribe_ticket_capacity":"0","_ticket_start_date":"","_ticket_end_date":"","_tribe_ticket_show_description":"","_tribe_ticket_show_not_going":false,"_tribe_ticket_use_global_stock":"","_tribe_ticket_global_stock_level":"","_global_stock_mode":"","_global_stock_cap":"","_tribe_rsvp_for_event":"","_tribe_ticket_going_count":"","_tribe_ticket_not_going_count":"","_tribe_tickets_list":"[]","_tribe_ticket_has_attendee_info_fields":false,"tdm_status":"","tdm_grid_status":"","footnotes":""},"categories":[1,329,303,24099],"tags":[83,45,691,1047,24442,390,409,23838,23990,24443,23972,698,24211,30239,3417],"class_list":{"0":"post-270705","1":"post","2":"type-post","3":"status-publish","4":"format-standard","6":"category-noticias","7":"category-seccional-ibague","8":"category-seccionales","9":"category-seguridad-territorial","10":"tag-concierto-para-delinquir","11":"tag-cti","12":"tag-doble-homicidio","13":"tag-fiscalia-general-de-la-nacion","14":"tag-frontera-del-norte","15":"tag-hermanos","16":"tag-homicidio","17":"tag-ibague","18":"tag-ibague-tolima","19":"tag-mariquita","20":"tag-policia","21":"tag-porte-de-armas","22":"tag-seccional-tolima","23":"tag-seguridad-territorial","24":"tag-unidad-de-vida"},"yoast_head":"<!-- This site is optimized with the Yoast SEO plugin v24.3 - https:\/\/yoast.com\/wordpress\/plugins\/seo\/ -->\n<title>Fiscal\u00eda General de la Naci\u00f3n<\/title>\n<meta name=\"description\" content=\"P\u00e1gina oficial de la Fiscal\u00eda General de la Naci\u00f3n \u2013 Colombia. Garantizamos el acceso efectivo a la justicia, la verdad y la reparaci\u00f3n de las v\u00edctimas de los delitos.\" \/>\n<meta name=\"robots\" content=\"noindex, follow\" \/>\n<meta property=\"og:locale\" content=\"es_ES\" \/>\n<meta property=\"og:type\" content=\"article\" \/>\n<meta property=\"og:title\" content=\"Fiscal\u00eda General de la Naci\u00f3n\" \/>\n<meta property=\"og:description\" content=\"P\u00e1gina oficial de la Fiscal\u00eda General de la Naci\u00f3n \u2013 Colombia. Garantizamos el acceso efectivo a la justicia, la verdad y la reparaci\u00f3n de las v\u00edctimas de los delitos.\" \/>\n<meta property=\"og:url\" content=\"https:\/\/www.fiscalia.gov.co\/colombia\/noticias\/alias-popeta-fue-enviada-a-prision-por-su-presunta-participacion-en-un-doble-homicidio-en-mariquita-tolima\/\" \/>\n<meta property=\"og:site_name\" content=\"Fiscal\u00eda General de la Naci\u00f3n\" \/>\n<meta property=\"article:publisher\" content=\"https:\/\/www.facebook.com\/FiscaliaCol\" \/>\n<meta property=\"article:published_time\" content=\"2023-05-02T20:16:55+00:00\" \/>\n<meta property=\"og:image\" content=\"https:\/\/www.fiscalia.gov.co\/colombia\/wp-content\/uploads\/alias-popeta-homicidio-mariqiuta-300x185.jpeg\" \/>\n<meta name=\"author\" content=\"Winnie Geraldine Rodr\u00edguez Navarrete\" \/>\n<meta name=\"twitter:card\" content=\"summary_large_image\" \/>\n<meta name=\"twitter:creator\" content=\"@FiscaliaCol\" \/>\n<meta name=\"twitter:site\" content=\"@FiscaliaCol\" \/>\n<meta name=\"twitter:label1\" content=\"Escrito por\" \/>\n\t<meta name=\"twitter:data1\" content=\"Winnie Geraldine Rodr\u00edguez Navarrete\" \/>\n\t<meta name=\"twitter:label2\" content=\"Tiempo de lectura\" \/>\n\t<meta name=\"twitter:data2\" content=\"2 minutos\" \/>\n<script type=\"application\/ld+json\" class=\"yoast-schema-graph\">{\"@context\":\"https:\/\/schema.org\",\"@graph\":[{\"@type\":\"Article\",\"@id\":\"https:\/\/www.fiscalia.gov.co\/colombia\/noticias\/alias-popeta-fue-enviada-a-prision-por-su-presunta-participacion-en-un-doble-homicidio-en-mariquita-tolima\/#article\",\"isPartOf\":{\"@id\":\"https:\/\/www.fiscalia.gov.co\/colombia\/noticias\/alias-popeta-fue-enviada-a-prision-por-su-presunta-participacion-en-un-doble-homicidio-en-mariquita-tolima\/\"},\"author\":{\"name\":\"Winnie Geraldine Rodr\u00edguez Navarrete\",\"@id\":\"https:\/\/www.fiscalia.gov.co\/colombia\/#\/schema\/person\/176195b99ebab0a52aafa15197e1bf80\"},\"headline\":\"Alias Popeta fue enviada a prisi\u00f3n por su presunta participaci\u00f3n en un doble homicidio en Mariquita, Tolima\",\"datePublished\":\"2023-05-02T20:16:55+00:00\",\"dateModified\":\"2023-05-02T20:16:55+00:00\",\"mainEntityOfPage\":{\"@id\":\"https:\/\/www.fiscalia.gov.co\/colombia\/noticias\/alias-popeta-fue-enviada-a-prision-por-su-presunta-participacion-en-un-doble-homicidio-en-mariquita-tolima\/\"},\"wordCount\":414,\"publisher\":{\"@id\":\"https:\/\/www.fiscalia.gov.co\/colombia\/#organization\"},\"image\":{\"@id\":\"https:\/\/www.fiscalia.gov.co\/colombia\/noticias\/alias-popeta-fue-enviada-a-prision-por-su-presunta-participacion-en-un-doble-homicidio-en-mariquita-tolima\/#primaryimage\"},\"thumbnailUrl\":\"https:\/\/www.fiscalia.gov.co\/colombia\/wp-content\/uploads\/alias-popeta-homicidio-mariqiuta-300x185.jpeg\",\"keywords\":[\"Concierto para delinquir\",\"CTI\",\"Doble homicidio\",\"Fiscal\u00eda General de la Naci\u00f3n\",\"Frontera del Norte\",\"Hermanos\",\"Homicidio\",\"Ibagu\u00e9\",\"Ibagu\u00e9 (Tolima)\",\"Mariquita\",\"Polic\u00eda\",\"Porte de armas\",\"Seccional Tolima\",\"Seguridad territorial\",\"Unidad de Vida\"],\"articleSection\":[\"Noticias\",\"Seccional Ibagu\u00e9\",\"Seccionales\",\"Seguridad territorial\"],\"inLanguage\":\"es-CO\"},{\"@type\":\"WebPage\",\"@id\":\"https:\/\/www.fiscalia.gov.co\/colombia\/noticias\/alias-popeta-fue-enviada-a-prision-por-su-presunta-participacion-en-un-doble-homicidio-en-mariquita-tolima\/\",\"url\":\"https:\/\/www.fiscalia.gov.co\/colombia\/noticias\/alias-popeta-fue-enviada-a-prision-por-su-presunta-participacion-en-un-doble-homicidio-en-mariquita-tolima\/\",\"name\":\"Fiscal\u00eda General de la Naci\u00f3n\",\"isPartOf\":{\"@id\":\"https:\/\/www.fiscalia.gov.co\/colombia\/#website\"},\"primaryImageOfPage\":{\"@id\":\"https:\/\/www.fiscalia.gov.co\/colombia\/noticias\/alias-popeta-fue-enviada-a-prision-por-su-presunta-participacion-en-un-doble-homicidio-en-mariquita-tolima\/#primaryimage\"},\"image\":{\"@id\":\"https:\/\/www.fiscalia.gov.co\/colombia\/noticias\/alias-popeta-fue-enviada-a-prision-por-su-presunta-participacion-en-un-doble-homicidio-en-mariquita-tolima\/#primaryimage\"},\"thumbnailUrl\":\"https:\/\/www.fiscalia.gov.co\/colombia\/wp-content\/uploads\/alias-popeta-homicidio-mariqiuta-300x185.jpeg\",\"datePublished\":\"2023-05-02T20:16:55+00:00\",\"dateModified\":\"2023-05-02T20:16:55+00:00\",\"description\":\"P\u00e1gina oficial de la Fiscal\u00eda General de la Naci\u00f3n \u2013 Colombia. Garantizamos el acceso efectivo a la justicia, la verdad y la reparaci\u00f3n de las v\u00edctimas de los delitos.\",\"breadcrumb\":{\"@id\":\"https:\/\/www.fiscalia.gov.co\/colombia\/noticias\/alias-popeta-fue-enviada-a-prision-por-su-presunta-participacion-en-un-doble-homicidio-en-mariquita-tolima\/#breadcrumb\"},\"inLanguage\":\"es-CO\",\"potentialAction\":[{\"@type\":\"ReadAction\",\"target\":[\"https:\/\/www.fiscalia.gov.co\/colombia\/noticias\/alias-popeta-fue-enviada-a-prision-por-su-presunta-participacion-en-un-doble-homicidio-en-mariquita-tolima\/\"]}]},{\"@type\":\"ImageObject\",\"inLanguage\":\"es-CO\",\"@id\":\"https:\/\/www.fiscalia.gov.co\/colombia\/noticias\/alias-popeta-fue-enviada-a-prision-por-su-presunta-participacion-en-un-doble-homicidio-en-mariquita-tolima\/#primaryimage\",\"url\":\"https:\/\/www.fiscalia.gov.co\/colombia\/wp-content\/uploads\/alias-popeta-homicidio-mariqiuta-300x185.jpeg\",\"contentUrl\":\"https:\/\/www.fiscalia.gov.co\/colombia\/wp-content\/uploads\/alias-popeta-homicidio-mariqiuta-300x185.jpeg\"},{\"@type\":\"BreadcrumbList\",\"@id\":\"https:\/\/www.fiscalia.gov.co\/colombia\/noticias\/alias-popeta-fue-enviada-a-prision-por-su-presunta-participacion-en-un-doble-homicidio-en-mariquita-tolima\/#breadcrumb\",\"itemListElement\":[{\"@type\":\"ListItem\",\"position\":1,\"name\":\"Home\",\"item\":\"https:\/\/www.fiscalia.gov.co\/colombia\/\"},{\"@type\":\"ListItem\",\"position\":2,\"name\":\"Alias Popeta fue enviada a prisi\u00f3n por su presunta participaci\u00f3n en un doble homicidio en Mariquita, Tolima\"}]},{\"@type\":\"WebSite\",\"@id\":\"https:\/\/www.fiscalia.gov.co\/colombia\/#website\",\"url\":\"https:\/\/www.fiscalia.gov.co\/colombia\/\",\"name\":\"Fiscal\u00eda General de la Naci\u00f3n\",\"description\":\"P\u00e1gina oficial de la Fiscal\u00eda General de la Naci\u00f3n \u2013 Colombia. Garantizamos el acceso efectivo a la justicia, la verdad y la reparaci\u00f3n de las v\u00edctimas de los delitos.\",\"publisher\":{\"@id\":\"https:\/\/www.fiscalia.gov.co\/colombia\/#organization\"},\"potentialAction\":[{\"@type\":\"SearchAction\",\"target\":{\"@type\":\"EntryPoint\",\"urlTemplate\":\"https:\/\/www.fiscalia.gov.co\/colombia\/?s={search_term_string}\"},\"query-input\":{\"@type\":\"PropertyValueSpecification\",\"valueRequired\":true,\"valueName\":\"search_term_string\"}}],\"inLanguage\":\"es-CO\"},{\"@type\":\"Organization\",\"@id\":\"https:\/\/www.fiscalia.gov.co\/colombia\/#organization\",\"name\":\"Fiscal\u00eda General de la Naci\u00f3n\",\"url\":\"https:\/\/www.fiscalia.gov.co\/colombia\/\",\"logo\":{\"@type\":\"ImageObject\",\"inLanguage\":\"es-CO\",\"@id\":\"https:\/\/www.fiscalia.gov.co\/colombia\/#\/schema\/logo\/image\/\",\"url\":\"https:\/\/www.fiscalia.gov.co\/colombia\/wp-content\/uploads\/LogoHorizontal_1.jpg\",\"contentUrl\":\"https:\/\/www.fiscalia.gov.co\/colombia\/wp-content\/uploads\/LogoHorizontal_1.jpg\",\"width\":300,\"height\":90,\"caption\":\"Fiscal\u00eda General de la Naci\u00f3n\"},\"image\":{\"@id\":\"https:\/\/www.fiscalia.gov.co\/colombia\/#\/schema\/logo\/image\/\"},\"sameAs\":[\"https:\/\/www.facebook.com\/FiscaliaCol\",\"https:\/\/x.com\/FiscaliaCol\",\"https:\/\/www.instagram.com\/fiscaliacol\",\"https:\/\/www.linkedin.com\/company\/fiscalia-general-de-la-naci-n\/\",\"https:\/\/youtube.com\/@fiscaliageneraldelanacion-4668?si=6nN79nyQICPU5iTh\"]},{\"@type\":\"Person\",\"@id\":\"https:\/\/www.fiscalia.gov.co\/colombia\/#\/schema\/person\/176195b99ebab0a52aafa15197e1bf80\",\"name\":\"Winnie Geraldine Rodr\u00edguez Navarrete\",\"image\":{\"@type\":\"ImageObject\",\"inLanguage\":\"es-CO\",\"@id\":\"https:\/\/www.fiscalia.gov.co\/colombia\/#\/schema\/person\/image\/\",\"url\":\"https:\/\/secure.gravatar.com\/avatar\/c24cf8481dc84fa5e8c7b20bc95ab0c6?s=96&d=mm&r=g\",\"contentUrl\":\"https:\/\/secure.gravatar.com\/avatar\/c24cf8481dc84fa5e8c7b20bc95ab0c6?s=96&d=mm&r=g\",\"caption\":\"Winnie Geraldine Rodr\u00edguez Navarrete\"},\"url\":\"https:\/\/www.fiscalia.gov.co\/colombia\/author\/winnierodriguez\/\"}]}<\/script>\n<!-- \/ Yoast SEO plugin. -->","yoast_head_json":{"title":"Fiscal\u00eda General de la Naci\u00f3n","description":"P\u00e1gina oficial de la Fiscal\u00eda General de la Naci\u00f3n \u2013 Colombia. Garantizamos el acceso efectivo a la justicia, la verdad y la reparaci\u00f3n de las v\u00edctimas de los delitos.","robots":{"index":"noindex","follow":"follow"},"og_locale":"es_ES","og_type":"article","og_title":"Fiscal\u00eda General de la Naci\u00f3n","og_description":"P\u00e1gina oficial de la Fiscal\u00eda General de la Naci\u00f3n \u2013 Colombia. Garantizamos el acceso efectivo a la justicia, la verdad y la reparaci\u00f3n de las v\u00edctimas de los delitos.","og_url":"https:\/\/www.fiscalia.gov.co\/colombia\/noticias\/alias-popeta-fue-enviada-a-prision-por-su-presunta-participacion-en-un-doble-homicidio-en-mariquita-tolima\/","og_site_name":"Fiscal\u00eda General de la Naci\u00f3n","article_publisher":"https:\/\/www.facebook.com\/FiscaliaCol","article_published_time":"2023-05-02T20:16:55+00:00","og_image":[{"url":"https:\/\/www.fiscalia.gov.co\/colombia\/wp-content\/uploads\/alias-popeta-homicidio-mariqiuta-300x185.jpeg","type":"","width":"","height":""}],"author":"Winnie Geraldine Rodr\u00edguez Navarrete","twitter_card":"summary_large_image","twitter_creator":"@FiscaliaCol","twitter_site":"@FiscaliaCol","twitter_misc":{"Escrito por":"Winnie Geraldine Rodr\u00edguez Navarrete","Tiempo de lectura":"2 minutos"},"schema":{"@context":"https:\/\/schema.org","@graph":[{"@type":"Article","@id":"https:\/\/www.fiscalia.gov.co\/colombia\/noticias\/alias-popeta-fue-enviada-a-prision-por-su-presunta-participacion-en-un-doble-homicidio-en-mariquita-tolima\/#article","isPartOf":{"@id":"https:\/\/www.fiscalia.gov.co\/colombia\/noticias\/alias-popeta-fue-enviada-a-prision-por-su-presunta-participacion-en-un-doble-homicidio-en-mariquita-tolima\/"},"author":{"name":"Winnie Geraldine Rodr\u00edguez Navarrete","@id":"https:\/\/www.fiscalia.gov.co\/colombia\/#\/schema\/person\/176195b99ebab0a52aafa15197e1bf80"},"headline":"Alias Popeta fue enviada a prisi\u00f3n por su presunta participaci\u00f3n en un doble homicidio en Mariquita, Tolima","datePublished":"2023-05-02T20:16:55+00:00","dateModified":"2023-05-02T20:16:55+00:00","mainEntityOfPage":{"@id":"https:\/\/www.fiscalia.gov.co\/colombia\/noticias\/alias-popeta-fue-enviada-a-prision-por-su-presunta-participacion-en-un-doble-homicidio-en-mariquita-tolima\/"},"wordCount":414,"publisher":{"@id":"https:\/\/www.fiscalia.gov.co\/colombia\/#organization"},"image":{"@id":"https:\/\/www.fiscalia.gov.co\/colombia\/noticias\/alias-popeta-fue-enviada-a-prision-por-su-presunta-participacion-en-un-doble-homicidio-en-mariquita-tolima\/#primaryimage"},"thumbnailUrl":"https:\/\/www.fiscalia.gov.co\/colombia\/wp-content\/uploads\/alias-popeta-homicidio-mariqiuta-300x185.jpeg","keywords":["Concierto para delinquir","CTI","Doble homicidio","Fiscal\u00eda General de la Naci\u00f3n","Frontera del Norte","Hermanos","Homicidio","Ibagu\u00e9","Ibagu\u00e9 (Tolima)","Mariquita","Polic\u00eda","Porte de armas","Seccional Tolima","Seguridad territorial","Unidad de Vida"],"articleSection":["Noticias","Seccional Ibagu\u00e9","Seccionales","Seguridad territorial"],"inLanguage":"es-CO"},{"@type":"WebPage","@id":"https:\/\/www.fiscalia.gov.co\/colombia\/noticias\/alias-popeta-fue-enviada-a-prision-por-su-presunta-participacion-en-un-doble-homicidio-en-mariquita-tolima\/","url":"https:\/\/www.fiscalia.gov.co\/colombia\/noticias\/alias-popeta-fue-enviada-a-prision-por-su-presunta-participacion-en-un-doble-homicidio-en-mariquita-tolima\/","name":"Fiscal\u00eda General de la Naci\u00f3n","isPartOf":{"@id":"https:\/\/www.fiscalia.gov.co\/colombia\/#website"},"primaryImageOfPage":{"@id":"https:\/\/www.fiscalia.gov.co\/colombia\/noticias\/alias-popeta-fue-enviada-a-prision-por-su-presunta-participacion-en-un-doble-homicidio-en-mariquita-tolima\/#primaryimage"},"image":{"@id":"https:\/\/www.fiscalia.gov.co\/colombia\/noticias\/alias-popeta-fue-enviada-a-prision-por-su-presunta-participacion-en-un-doble-homicidio-en-mariquita-tolima\/#primaryimage"},"thumbnailUrl":"https:\/\/www.fiscalia.gov.co\/colombia\/wp-content\/uploads\/alias-popeta-homicidio-mariqiuta-300x185.jpeg","datePublished":"2023-05-02T20:16:55+00:00","dateModified":"2023-05-02T20:16:55+00:00","description":"P\u00e1gina oficial de la Fiscal\u00eda General de la Naci\u00f3n \u2013 Colombia. Garantizamos el acceso efectivo a la justicia, la verdad y la reparaci\u00f3n de las v\u00edctimas de los delitos.","breadcrumb":{"@id":"https:\/\/www.fiscalia.gov.co\/colombia\/noticias\/alias-popeta-fue-enviada-a-prision-por-su-presunta-participacion-en-un-doble-homicidio-en-mariquita-tolima\/#breadcrumb"},"inLanguage":"es-CO","potentialAction":[{"@type":"ReadAction","target":["https:\/\/www.fiscalia.gov.co\/colombia\/noticias\/alias-popeta-fue-enviada-a-prision-por-su-presunta-participacion-en-un-doble-homicidio-en-mariquita-tolima\/"]}]},{"@type":"ImageObject","inLanguage":"es-CO","@id":"https:\/\/www.fiscalia.gov.co\/colombia\/noticias\/alias-popeta-fue-enviada-a-prision-por-su-presunta-participacion-en-un-doble-homicidio-en-mariquita-tolima\/#primaryimage","url":"https:\/\/www.fiscalia.gov.co\/colombia\/wp-content\/uploads\/alias-popeta-homicidio-mariqiuta-300x185.jpeg","contentUrl":"https:\/\/www.fiscalia.gov.co\/colombia\/wp-content\/uploads\/alias-popeta-homicidio-mariqiuta-300x185.jpeg"},{"@type":"BreadcrumbList","@id":"https:\/\/www.fiscalia.gov.co\/colombia\/noticias\/alias-popeta-fue-enviada-a-prision-por-su-presunta-participacion-en-un-doble-homicidio-en-mariquita-tolima\/#breadcrumb","itemListElement":[{"@type":"ListItem","position":1,"name":"Home","item":"https:\/\/www.fiscalia.gov.co\/colombia\/"},{"@type":"ListItem","position":2,"name":"Alias Popeta fue enviada a prisi\u00f3n por su presunta participaci\u00f3n en un doble homicidio en Mariquita, Tolima"}]},{"@type":"WebSite","@id":"https:\/\/www.fiscalia.gov.co\/colombia\/#website","url":"https:\/\/www.fiscalia.gov.co\/colombia\/","name":"Fiscal\u00eda General de la Naci\u00f3n","description":"P\u00e1gina oficial de la Fiscal\u00eda General de la Naci\u00f3n \u2013 Colombia. Garantizamos el acceso efectivo a la justicia, la verdad y la reparaci\u00f3n de las v\u00edctimas de los delitos.","publisher":{"@id":"https:\/\/www.fiscalia.gov.co\/colombia\/#organization"},"potentialAction":[{"@type":"SearchAction","target":{"@type":"EntryPoint","urlTemplate":"https:\/\/www.fiscalia.gov.co\/colombia\/?s={search_term_string}"},"query-input":{"@type":"PropertyValueSpecification","valueRequired":true,"valueName":"search_term_string"}}],"inLanguage":"es-CO"},{"@type":"Organization","@id":"https:\/\/www.fiscalia.gov.co\/colombia\/#organization","name":"Fiscal\u00eda General de la Naci\u00f3n","url":"https:\/\/www.fiscalia.gov.co\/colombia\/","logo":{"@type":"ImageObject","inLanguage":"es-CO","@id":"https:\/\/www.fiscalia.gov.co\/colombia\/#\/schema\/logo\/image\/","url":"https:\/\/www.fiscalia.gov.co\/colombia\/wp-content\/uploads\/LogoHorizontal_1.jpg","contentUrl":"https:\/\/www.fiscalia.gov.co\/colombia\/wp-content\/uploads\/LogoHorizontal_1.jpg","width":300,"height":90,"caption":"Fiscal\u00eda General de la Naci\u00f3n"},"image":{"@id":"https:\/\/www.fiscalia.gov.co\/colombia\/#\/schema\/logo\/image\/"},"sameAs":["https:\/\/www.facebook.com\/FiscaliaCol","https:\/\/x.com\/FiscaliaCol","https:\/\/www.instagram.com\/fiscaliacol","https:\/\/www.linkedin.com\/company\/fiscalia-general-de-la-naci-n\/","https:\/\/youtube.com\/@fiscaliageneraldelanacion-4668?si=6nN79nyQICPU5iTh"]},{"@type":"Person","@id":"https:\/\/www.fiscalia.gov.co\/colombia\/#\/schema\/person\/176195b99ebab0a52aafa15197e1bf80","name":"Winnie Geraldine Rodr\u00edguez Navarrete","image":{"@type":"ImageObject","inLanguage":"es-CO","@id":"https:\/\/www.fiscalia.gov.co\/colombia\/#\/schema\/person\/image\/","url":"https:\/\/secure.gravatar.com\/avatar\/c24cf8481dc84fa5e8c7b20bc95ab0c6?s=96&d=mm&r=g","contentUrl":"https:\/\/secure.gravatar.com\/avatar\/c24cf8481dc84fa5e8c7b20bc95ab0c6?s=96&d=mm&r=g","caption":"Winnie Geraldine Rodr\u00edguez Navarrete"},"url":"https:\/\/www.fiscalia.gov.co\/colombia\/author\/winnierodriguez\/"}]}},"_links":{"self":[{"href":"https:\/\/www.fiscalia.gov.co\/colombia\/wp-json\/wp\/v2\/posts\/270705","targetHints":{"allow":["GET"]}}],"collection":[{"href":"https:\/\/www.fiscalia.gov.co\/colombia\/wp-json\/wp\/v2\/posts"}],"about":[{"href":"https:\/\/www.fiscalia.gov.co\/colombia\/wp-json\/wp\/v2\/types\/post"}],"author":[{"embeddable":true,"href":"https:\/\/www.fiscalia.gov.co\/colombia\/wp-json\/wp\/v2\/users\/178"}],"replies":[{"embeddable":true,"href":"https:\/\/www.fiscalia.gov.co\/colombia\/wp-json\/wp\/v2\/comments?post=270705"}],"version-history":[{"count":2,"href":"https:\/\/www.fiscalia.gov.co\/colombia\/wp-json\/wp\/v2\/posts\/270705\/revisions"}],"predecessor-version":[{"id":270709,"href":"https:\/\/www.fiscalia.gov.co\/colombia\/wp-json\/wp\/v2\/posts\/270705\/revisions\/270709"}],"wp:attachment":[{"href":"https:\/\/www.fiscalia.gov.co\/colombia\/wp-json\/wp\/v2\/media?parent=270705"}],"wp:term":[{"taxonomy":"category","embeddable":true,"href":"https:\/\/www.fiscalia.gov.co\/colombia\/wp-json\/wp\/v2\/categories?post=270705"},{"taxonomy":"post_tag","embeddable":true,"href":"https:\/\/www.fiscalia.gov.co\/colombia\/wp-json\/wp\/v2\/tags?post=270705"}],"curies":[{"name":"wp","href":"https:\/\/api.w.org\/{rel}","templated":true}]}}