{"id":270377,"date":"2023-04-25T16:36:08","date_gmt":"2023-04-25T21:36:08","guid":{"rendered":"https:\/\/www.fiscalia.gov.co\/colombia\/?p=270377"},"modified":"2023-04-25T16:36:08","modified_gmt":"2023-04-25T21:36:08","slug":"asegurados-tres-hombres-por-violencia-intrafamiliar-en-cali","status":"publish","type":"post","link":"https:\/\/www.fiscalia.gov.co\/colombia\/noticias\/asegurados-tres-hombres-por-violencia-intrafamiliar-en-cali\/","title":{"rendered":"Asegurados tres hombres por violencia intrafamiliar en Cali"},"content":{"rendered":"<p><span lang=\"ES\">En hechos distintos, la Fiscal\u00eda General de la Naci\u00f3n judicializ\u00f3 ante jueces de control de garant\u00edas, a tres presuntos implicados en el delito\u00a0<\/span><span lang=\"ES\">de\u00a0<\/span><a href=\"https:\/\/www.fiscalia.gov.co\/colombia\/noticias\/capturado-hombre-requerido-por-la-justicia-tras-emitirse-fallo-condenatorio-en-su-contra-por-violencia-intrafamiliar-agravada\/\" target=\"_blank\" rel=\"noopener\" data-saferedirecturl=\"https:\/\/www.google.com\/url?q=https:\/\/www.fiscalia.gov.co\/colombia\/noticias\/capturado-hombre-requerido-por-la-justicia-tras-emitirse-fallo-condenatorio-en-su-contra-por-violencia-intrafamiliar-agravada\/&amp;source=gmail&amp;ust=1682544429201000&amp;usg=AOvVaw00_ePHzAFAK5ku5XrZUFKE\"><span lang=\"ES\">violencia intrafamiliar agravada<\/span><\/a><span lang=\"ES\">. Los casos se registraron en Cali (Valle del Cauca).<\/span><\/p>\n<p><span lang=\"ES\">El primer ataque ocurri\u00f3 el 8 de diciembre del 2022, en el barrio La Nueva Floresta, donde Jhon Jairo<\/span><span lang=\"ES\">\u00a0Mart\u00ednez Campaz habr\u00eda agredido f\u00edsica y verbalmente a su ex compa\u00f1era sentimental.\u00a0<\/span><\/p>\n<figure id=\"attachment_270378\" aria-describedby=\"caption-attachment-270378\" style=\"width: 696px\" class=\"wp-caption aligncenter\"><img loading=\"lazy\" decoding=\"async\" class=\"size-large wp-image-270378\" src=\"https:\/\/www.fiscalia.gov.co\/colombia\/wp-content\/uploads\/Foto-1.-Jhon-Jairo-Martinez-Campaz.-Violencia-intrafamiliar-agravada.-Cali-Valle-991x1024.jpg\" alt=\"En la foto aparece, de pie, con los brazos atr\u00e1s y la cabeza agachada, Jhon Jairo Mart\u00ednez Campaz. Viste camiseta gris de manga corta, jean azul y zapatillas blancas. Al lado derecho de \u00e9l hay un servidor del CTI de la Fiscal\u00eda y al lado izquierdo un uniformado de la Polic\u00eda Nacional.\" width=\"696\" height=\"719\" srcset=\"https:\/\/www.fiscalia.gov.co\/colombia\/wp-content\/uploads\/Foto-1.-Jhon-Jairo-Martinez-Campaz.-Violencia-intrafamiliar-agravada.-Cali-Valle-991x1024.jpg 991w, https:\/\/www.fiscalia.gov.co\/colombia\/wp-content\/uploads\/Foto-1.-Jhon-Jairo-Martinez-Campaz.-Violencia-intrafamiliar-agravada.-Cali-Valle-290x300.jpg 290w, https:\/\/www.fiscalia.gov.co\/colombia\/wp-content\/uploads\/Foto-1.-Jhon-Jairo-Martinez-Campaz.-Violencia-intrafamiliar-agravada.-Cali-Valle-768x793.jpg 768w, https:\/\/www.fiscalia.gov.co\/colombia\/wp-content\/uploads\/Foto-1.-Jhon-Jairo-Martinez-Campaz.-Violencia-intrafamiliar-agravada.-Cali-Valle-696x719.jpg 696w, https:\/\/www.fiscalia.gov.co\/colombia\/wp-content\/uploads\/Foto-1.-Jhon-Jairo-Martinez-Campaz.-Violencia-intrafamiliar-agravada.-Cali-Valle-1068x1103.jpg 1068w, https:\/\/www.fiscalia.gov.co\/colombia\/wp-content\/uploads\/Foto-1.-Jhon-Jairo-Martinez-Campaz.-Violencia-intrafamiliar-agravada.-Cali-Valle-407x420.jpg 407w, https:\/\/www.fiscalia.gov.co\/colombia\/wp-content\/uploads\/Foto-1.-Jhon-Jairo-Martinez-Campaz.-Violencia-intrafamiliar-agravada.-Cali-Valle.jpg 1398w\" sizes=\"auto, (max-width: 696px) 100vw, 696px\" \/><figcaption id=\"caption-attachment-270378\" class=\"wp-caption-text\">Jhon Jairo Mart\u00ednez Campaz judicializado como presunto responsable de maltratar a su ex compa\u00f1era sentimental.<\/figcaption><\/figure>\n<p>De acuerdo con la denuncia instaurada por la v\u00edctima,\u00a0Mart\u00ednez Campaz la habr\u00eda maltratado en var\u00edas oportunidades.\u00a0<span lang=\"ES\">La \u00faltima fue el pasado 5 de marzo, cuando\u00a0<\/span>ella depart\u00eda con unos vecinos y no se entr\u00f3 a la casa cuando \u00e9l le dijo.<\/p>\n<p><span lang=\"ES\">El segundo hecho ocurri\u00f3,\u00a0<\/span><span lang=\"ES\">el pasado 22 de marzo, cuando<\/span><span lang=\"ES\">\u00a0Merl\u00edn Antonio Ram\u00edrez Urrutia habr\u00eda\u00a0<\/span>golpeado a su compa\u00f1era sentimental porque no estaba en la casa. Se presume que, la mam\u00e1 del presunto agresor tambi\u00e9n fue agredida f\u00edsica y verbalmente cuando intent\u00f3 defender a la nuera.<\/p>\n<figure id=\"attachment_270379\" aria-describedby=\"caption-attachment-270379\" style=\"width: 696px\" class=\"wp-caption aligncenter\"><img loading=\"lazy\" decoding=\"async\" class=\"size-large wp-image-270379\" src=\"https:\/\/www.fiscalia.gov.co\/colombia\/wp-content\/uploads\/Foto-2.-Merlin-Antonio-Ramirez-Urrutia.-Violencia-intrafamiliar-agravada.-Cali-Valle-1024x931.jpg\" alt=\"En la foto aparece, de pie y con los brazos atr\u00e1s, Merl\u00edn Antonio Ram\u00edrez Urrutia. Viste camiseta de manga corta gris y negra, con franja horizontal blanca en el centro; pantal\u00f3n y zapatos oscuros. Al lado derecho de \u00e9l hay un uniformado de la Polic\u00eda Nacional y al lado izquierdo un servidor del CTI de la Fiscal\u00eda. Detr\u00e1s de ellos se aprecia un pend\u00f3n de la Fiscal\u00eda.\" width=\"696\" height=\"633\" srcset=\"https:\/\/www.fiscalia.gov.co\/colombia\/wp-content\/uploads\/Foto-2.-Merlin-Antonio-Ramirez-Urrutia.-Violencia-intrafamiliar-agravada.-Cali-Valle-1024x931.jpg 1024w, https:\/\/www.fiscalia.gov.co\/colombia\/wp-content\/uploads\/Foto-2.-Merlin-Antonio-Ramirez-Urrutia.-Violencia-intrafamiliar-agravada.-Cali-Valle-300x273.jpg 300w, https:\/\/www.fiscalia.gov.co\/colombia\/wp-content\/uploads\/Foto-2.-Merlin-Antonio-Ramirez-Urrutia.-Violencia-intrafamiliar-agravada.-Cali-Valle-768x698.jpg 768w, https:\/\/www.fiscalia.gov.co\/colombia\/wp-content\/uploads\/Foto-2.-Merlin-Antonio-Ramirez-Urrutia.-Violencia-intrafamiliar-agravada.-Cali-Valle-696x633.jpg 696w, https:\/\/www.fiscalia.gov.co\/colombia\/wp-content\/uploads\/Foto-2.-Merlin-Antonio-Ramirez-Urrutia.-Violencia-intrafamiliar-agravada.-Cali-Valle-1068x971.jpg 1068w, https:\/\/www.fiscalia.gov.co\/colombia\/wp-content\/uploads\/Foto-2.-Merlin-Antonio-Ramirez-Urrutia.-Violencia-intrafamiliar-agravada.-Cali-Valle-462x420.jpg 462w, https:\/\/www.fiscalia.gov.co\/colombia\/wp-content\/uploads\/Foto-2.-Merlin-Antonio-Ramirez-Urrutia.-Violencia-intrafamiliar-agravada.-Cali-Valle.jpg 1492w\" sizes=\"auto, (max-width: 696px) 100vw, 696px\" \/><figcaption id=\"caption-attachment-270379\" class=\"wp-caption-text\">Merl\u00edn Antonio Ram\u00edrez Urrutia judicializado como presunto implicado en maltrato a su progenitora y a su compa\u00f1era sentimental.<\/figcaption><\/figure>\n<p><span lang=\"ES\">Asimismo, la Fiscal\u00eda investiga a\u00a0<\/span><span lang=\"ES\">\u00c1lvaro Javier Supelano Moriones, por los hechos ocurridos el pasado 6 de febrero, en el barrio Chapinero. Las investigaciones dan cuenta de que el hombre, al parecer, golpe\u00f3 e hiri\u00f3 con arma cortopunzante<\/span><span lang=\"ES\">\u00a0a su compa\u00f1era sentimental, cuando \u00e9sta se habr\u00eda negado a sostener relaciones sexuales con \u00e9l. Dicha conducta il\u00edcita, al parecer era reiterativa.<\/span><\/p>\n<figure id=\"attachment_270380\" aria-describedby=\"caption-attachment-270380\" style=\"width: 696px\" class=\"wp-caption aligncenter\"><img loading=\"lazy\" decoding=\"async\" class=\"size-large wp-image-270380\" src=\"https:\/\/www.fiscalia.gov.co\/colombia\/wp-content\/uploads\/Foto-3.-Alvaro-Javier-Supelano-Moriones.-Violencia-intrafamiliar-agravada.-Cali-Valle-917x1024.jpg\" alt=\"En la foto aparece, en acci\u00f3n de caminata por un pasillo, con los brazos adelante y esposado, \u00c1lvaro Javier Supelano Moriones. Viste camiseta blanca de manga corta, pantaloneta oscura y zapatillas blancas. A lado derecho de \u00e9l hay un servidor del CTI de l Fiscal\u00eda y un uniformado del Ej\u00e9rcito PM. Al lado izquierdo hay un uniformado de la Polic\u00eda y del Ej\u00e9rcito.\" width=\"696\" height=\"777\" srcset=\"https:\/\/www.fiscalia.gov.co\/colombia\/wp-content\/uploads\/Foto-3.-Alvaro-Javier-Supelano-Moriones.-Violencia-intrafamiliar-agravada.-Cali-Valle-917x1024.jpg 917w, https:\/\/www.fiscalia.gov.co\/colombia\/wp-content\/uploads\/Foto-3.-Alvaro-Javier-Supelano-Moriones.-Violencia-intrafamiliar-agravada.-Cali-Valle-269x300.jpg 269w, https:\/\/www.fiscalia.gov.co\/colombia\/wp-content\/uploads\/Foto-3.-Alvaro-Javier-Supelano-Moriones.-Violencia-intrafamiliar-agravada.-Cali-Valle-768x858.jpg 768w, https:\/\/www.fiscalia.gov.co\/colombia\/wp-content\/uploads\/Foto-3.-Alvaro-Javier-Supelano-Moriones.-Violencia-intrafamiliar-agravada.-Cali-Valle-1376x1536.jpg 1376w, https:\/\/www.fiscalia.gov.co\/colombia\/wp-content\/uploads\/Foto-3.-Alvaro-Javier-Supelano-Moriones.-Violencia-intrafamiliar-agravada.-Cali-Valle-696x777.jpg 696w, https:\/\/www.fiscalia.gov.co\/colombia\/wp-content\/uploads\/Foto-3.-Alvaro-Javier-Supelano-Moriones.-Violencia-intrafamiliar-agravada.-Cali-Valle-1068x1193.jpg 1068w, https:\/\/www.fiscalia.gov.co\/colombia\/wp-content\/uploads\/Foto-3.-Alvaro-Javier-Supelano-Moriones.-Violencia-intrafamiliar-agravada.-Cali-Valle-376x420.jpg 376w, https:\/\/www.fiscalia.gov.co\/colombia\/wp-content\/uploads\/Foto-3.-Alvaro-Javier-Supelano-Moriones.-Violencia-intrafamiliar-agravada.-Cali-Valle.jpg 1424w\" sizes=\"auto, (max-width: 696px) 100vw, 696px\" \/><figcaption id=\"caption-attachment-270380\" class=\"wp-caption-text\">\u00c1lvaro Javier Supelano Moriones enviado a la c\u00e1rcel como presunto responsable de maltratar f\u00edsica, psicol\u00f3gica y verbalmente a su compa\u00f1era sentimental.<\/figcaption><\/figure>\n<p>En audiencias concentradas, jueces de control de garant\u00edas privaron de la libertad a los tres procesados, quienes no aceptaron los cargos imputados por la Fiscal\u00eda.<\/p>\n<p>En lo corrido del 2023, la Seccional Cali ha alcanzado el 80,36% de casos resueltos por violencia intrafamiliar.<u><\/u><\/p>\n<p><span lang=\"ES\">Esta informaci\u00f3n se publica por razones de inter\u00e9s general.<\/span><\/p>\n<p><b><span lang=\"ES\">La Fiscal\u00eda habla con resultados.<\/span><\/b><\/p>\n<p>&nbsp;<\/p>\n<p>&nbsp;<\/p>\n<p>&nbsp;<\/p>\n<p>&nbsp;<\/p>\n<p>&nbsp;<\/p>\n<p>&nbsp;<\/p>\n<p><span lang=\"ES\">MAP\/MG\/SEGM\/DSC\/<\/span><\/p>\n<p>&nbsp;<\/p>\n<p>&nbsp;<\/p>\n<p>&nbsp;<\/p>\n<p>&nbsp;<\/p>\n<p>&nbsp;<\/p>\n<p>&nbsp;<\/p>\n<div class=\"td-post-content tagdiv-type\">\n<div class=\"td-post-content tagdiv-type\">\n<p><i>La informaci\u00f3n contenida en este bolet\u00edn de prensa corresponde a la narraci\u00f3n de los hechos noticiosos objetivos, suministrados por los funcionarios encargados de adelantar las investigaciones penales al interior de la Fiscal\u00eda General de la Naci\u00f3n. Para el momento de la divulgaci\u00f3n de este comunicado, la situaci\u00f3n jur\u00eddica de la(s) persona(s) relacionada(s) se encuentra pendiente de resolver por la autoridad judicial competente, siempre bajo los preceptos de la presunci\u00f3n de inocencia, consagrados en el art\u00edculo 29 de la Constituci\u00f3n Pol\u00edtica y el art\u00edculo 7\u00ba de la Ley 906 de 2004.\u00a0<\/i><\/p>\n<\/div>\n<\/div>\n\n<div class=\"twitter-share\"><a href=\"https:\/\/twitter.com\/intent\/tweet?via=fiscaliacol\" class=\"twitter-share-button\">Tweet<\/a><\/div>\n","protected":false},"excerpt":{"rendered":"<p>En hechos distintos, la Fiscal\u00eda General de la Naci\u00f3n judicializ\u00f3 ante jueces de control de garant\u00edas, a tres presuntos implicados en el delito\u00a0de\u00a0violencia intrafamiliar agravada. Los casos se registraron en Cali (Valle del Cauca). El primer ataque ocurri\u00f3 el 8 de diciembre del 2022, en el barrio La Nueva Floresta, donde Jhon Jairo\u00a0Mart\u00ednez Campaz habr\u00eda [&hellip;]<\/p>\n","protected":false},"author":177,"featured_media":0,"comment_status":"closed","ping_status":"open","sticky":false,"template":"","format":"standard","meta":{"_price":"","_stock":"","_tribe_ticket_header":"","_tribe_default_ticket_provider":"","_tribe_ticket_capacity":"0","_ticket_start_date":"","_ticket_end_date":"","_tribe_ticket_show_description":"","_tribe_ticket_show_not_going":false,"_tribe_ticket_use_global_stock":"","_tribe_ticket_global_stock_level":"","_global_stock_mode":"","_global_stock_cap":"","_tribe_rsvp_for_event":"","_tribe_ticket_going_count":"","_tribe_ticket_not_going_count":"","_tribe_tickets_list":"[]","_tribe_ticket_has_attendee_info_fields":false,"tdm_status":"","tdm_grid_status":"","footnotes":""},"categories":[1,324,303,24127],"tags":[24257,30077,8010,7815,24732,78,24187,1064,1185,24549,34485,1062,26070,12433],"class_list":{"0":"post-270377","1":"post","2":"type-post","3":"status-publish","4":"format-standard","6":"category-noticias","7":"category-seccional-cali","8":"category-seccionales","9":"category-violencia-sexual-e-intrafamiliar","10":"tag-arma-cortopunzante","11":"tag-cali-valle-del-cauca","12":"tag-capturados","13":"tag-companera-sentimental","14":"tag-ex-companera-sentimental","15":"tag-fiscal-general-de-la-nacion","16":"tag-fiscalia-colombia","17":"tag-golpes","18":"tag-medida-de-aseguramiento","19":"tag-orden-judicial","20":"tag-privaron-de-la-libertad","21":"tag-progenitora","22":"tag-seccional-cali","23":"tag-violencia-intrafamiliar-agravada"},"yoast_head":"<!-- This site is optimized with the Yoast SEO plugin v24.3 - https:\/\/yoast.com\/wordpress\/plugins\/seo\/ -->\n<title>Fiscal\u00eda General de la Naci\u00f3n<\/title>\n<meta name=\"description\" content=\"P\u00e1gina oficial de la Fiscal\u00eda General de la Naci\u00f3n \u2013 Colombia. Garantizamos el acceso efectivo a la justicia, la verdad y la reparaci\u00f3n de las v\u00edctimas de los delitos.\" \/>\n<meta name=\"robots\" content=\"noindex, follow\" \/>\n<meta property=\"og:locale\" content=\"es_ES\" \/>\n<meta property=\"og:type\" content=\"article\" \/>\n<meta property=\"og:title\" content=\"Fiscal\u00eda General de la Naci\u00f3n\" \/>\n<meta property=\"og:description\" content=\"P\u00e1gina oficial de la Fiscal\u00eda General de la Naci\u00f3n \u2013 Colombia. Garantizamos el acceso efectivo a la justicia, la verdad y la reparaci\u00f3n de las v\u00edctimas de los delitos.\" \/>\n<meta property=\"og:url\" content=\"https:\/\/www.fiscalia.gov.co\/colombia\/noticias\/asegurados-tres-hombres-por-violencia-intrafamiliar-en-cali\/\" \/>\n<meta property=\"og:site_name\" content=\"Fiscal\u00eda General de la Naci\u00f3n\" \/>\n<meta property=\"article:publisher\" content=\"https:\/\/www.facebook.com\/FiscaliaCol\" \/>\n<meta property=\"article:published_time\" content=\"2023-04-25T21:36:08+00:00\" \/>\n<meta property=\"og:image\" content=\"https:\/\/www.fiscalia.gov.co\/colombia\/wp-content\/uploads\/Foto-1.-Jhon-Jairo-Martinez-Campaz.-Violencia-intrafamiliar-agravada.-Cali-Valle-991x1024.jpg\" \/>\n<meta name=\"author\" content=\"Jordan Leandro Oviedo Anzola\" \/>\n<meta name=\"twitter:card\" content=\"summary_large_image\" \/>\n<meta name=\"twitter:creator\" content=\"@FiscaliaCol\" \/>\n<meta name=\"twitter:site\" content=\"@FiscaliaCol\" \/>\n<meta name=\"twitter:label1\" content=\"Escrito por\" \/>\n\t<meta name=\"twitter:data1\" content=\"Jordan Leandro Oviedo Anzola\" \/>\n\t<meta name=\"twitter:label2\" content=\"Tiempo de lectura\" \/>\n\t<meta name=\"twitter:data2\" content=\"2 minutos\" \/>\n<script type=\"application\/ld+json\" class=\"yoast-schema-graph\">{\"@context\":\"https:\/\/schema.org\",\"@graph\":[{\"@type\":\"Article\",\"@id\":\"https:\/\/www.fiscalia.gov.co\/colombia\/noticias\/asegurados-tres-hombres-por-violencia-intrafamiliar-en-cali\/#article\",\"isPartOf\":{\"@id\":\"https:\/\/www.fiscalia.gov.co\/colombia\/noticias\/asegurados-tres-hombres-por-violencia-intrafamiliar-en-cali\/\"},\"author\":{\"name\":\"Jordan Leandro Oviedo Anzola\",\"@id\":\"https:\/\/www.fiscalia.gov.co\/colombia\/#\/schema\/person\/bf84402cf293a5393e9c70b111020b24\"},\"headline\":\"Asegurados tres hombres por violencia intrafamiliar en Cali\",\"datePublished\":\"2023-04-25T21:36:08+00:00\",\"dateModified\":\"2023-04-25T21:36:08+00:00\",\"mainEntityOfPage\":{\"@id\":\"https:\/\/www.fiscalia.gov.co\/colombia\/noticias\/asegurados-tres-hombres-por-violencia-intrafamiliar-en-cali\/\"},\"wordCount\":502,\"publisher\":{\"@id\":\"https:\/\/www.fiscalia.gov.co\/colombia\/#organization\"},\"image\":{\"@id\":\"https:\/\/www.fiscalia.gov.co\/colombia\/noticias\/asegurados-tres-hombres-por-violencia-intrafamiliar-en-cali\/#primaryimage\"},\"thumbnailUrl\":\"https:\/\/www.fiscalia.gov.co\/colombia\/wp-content\/uploads\/Foto-1.-Jhon-Jairo-Martinez-Campaz.-Violencia-intrafamiliar-agravada.-Cali-Valle-991x1024.jpg\",\"keywords\":[\"arma cortopunzante\",\"Cali (Valle del Cauca)\",\"Capturados\",\"Compa\u00f1era sentimental\",\"ex compa\u00f1era sentimental\",\"Fiscal General de la Naci\u00f3n\",\"Fiscal\u00eda Colombia\",\"Golpes\",\"Medida de aseguramiento\",\"orden judicial\",\"privaron de la libertad.\",\"Progenitora\",\"Seccional Cali\",\"violencia intrafamiliar agravada\"],\"articleSection\":[\"Noticias\",\"Seccional Cali\",\"Seccionales\",\"Violencia sexual e intrafamiliar\"],\"inLanguage\":\"es-CO\"},{\"@type\":\"WebPage\",\"@id\":\"https:\/\/www.fiscalia.gov.co\/colombia\/noticias\/asegurados-tres-hombres-por-violencia-intrafamiliar-en-cali\/\",\"url\":\"https:\/\/www.fiscalia.gov.co\/colombia\/noticias\/asegurados-tres-hombres-por-violencia-intrafamiliar-en-cali\/\",\"name\":\"Fiscal\u00eda General de la Naci\u00f3n\",\"isPartOf\":{\"@id\":\"https:\/\/www.fiscalia.gov.co\/colombia\/#website\"},\"primaryImageOfPage\":{\"@id\":\"https:\/\/www.fiscalia.gov.co\/colombia\/noticias\/asegurados-tres-hombres-por-violencia-intrafamiliar-en-cali\/#primaryimage\"},\"image\":{\"@id\":\"https:\/\/www.fiscalia.gov.co\/colombia\/noticias\/asegurados-tres-hombres-por-violencia-intrafamiliar-en-cali\/#primaryimage\"},\"thumbnailUrl\":\"https:\/\/www.fiscalia.gov.co\/colombia\/wp-content\/uploads\/Foto-1.-Jhon-Jairo-Martinez-Campaz.-Violencia-intrafamiliar-agravada.-Cali-Valle-991x1024.jpg\",\"datePublished\":\"2023-04-25T21:36:08+00:00\",\"dateModified\":\"2023-04-25T21:36:08+00:00\",\"description\":\"P\u00e1gina oficial de la Fiscal\u00eda General de la Naci\u00f3n \u2013 Colombia. Garantizamos el acceso efectivo a la justicia, la verdad y la reparaci\u00f3n de las v\u00edctimas de los delitos.\",\"breadcrumb\":{\"@id\":\"https:\/\/www.fiscalia.gov.co\/colombia\/noticias\/asegurados-tres-hombres-por-violencia-intrafamiliar-en-cali\/#breadcrumb\"},\"inLanguage\":\"es-CO\",\"potentialAction\":[{\"@type\":\"ReadAction\",\"target\":[\"https:\/\/www.fiscalia.gov.co\/colombia\/noticias\/asegurados-tres-hombres-por-violencia-intrafamiliar-en-cali\/\"]}]},{\"@type\":\"ImageObject\",\"inLanguage\":\"es-CO\",\"@id\":\"https:\/\/www.fiscalia.gov.co\/colombia\/noticias\/asegurados-tres-hombres-por-violencia-intrafamiliar-en-cali\/#primaryimage\",\"url\":\"https:\/\/www.fiscalia.gov.co\/colombia\/wp-content\/uploads\/Foto-1.-Jhon-Jairo-Martinez-Campaz.-Violencia-intrafamiliar-agravada.-Cali-Valle.jpg\",\"contentUrl\":\"https:\/\/www.fiscalia.gov.co\/colombia\/wp-content\/uploads\/Foto-1.-Jhon-Jairo-Martinez-Campaz.-Violencia-intrafamiliar-agravada.-Cali-Valle.jpg\",\"width\":1398,\"height\":1444,\"caption\":\"Jhon Jairo Mart\u00ednez Campaz judicializado como presunto responsable de maltratar a su ex compa\u00f1era sentimental.\"},{\"@type\":\"BreadcrumbList\",\"@id\":\"https:\/\/www.fiscalia.gov.co\/colombia\/noticias\/asegurados-tres-hombres-por-violencia-intrafamiliar-en-cali\/#breadcrumb\",\"itemListElement\":[{\"@type\":\"ListItem\",\"position\":1,\"name\":\"Home\",\"item\":\"https:\/\/www.fiscalia.gov.co\/colombia\/\"},{\"@type\":\"ListItem\",\"position\":2,\"name\":\"Asegurados tres hombres por violencia intrafamiliar en Cali\"}]},{\"@type\":\"WebSite\",\"@id\":\"https:\/\/www.fiscalia.gov.co\/colombia\/#website\",\"url\":\"https:\/\/www.fiscalia.gov.co\/colombia\/\",\"name\":\"Fiscal\u00eda General de la Naci\u00f3n\",\"description\":\"P\u00e1gina oficial de la Fiscal\u00eda General de la Naci\u00f3n \u2013 Colombia. Garantizamos el acceso efectivo a la justicia, la verdad y la reparaci\u00f3n de las v\u00edctimas de los delitos.\",\"publisher\":{\"@id\":\"https:\/\/www.fiscalia.gov.co\/colombia\/#organization\"},\"potentialAction\":[{\"@type\":\"SearchAction\",\"target\":{\"@type\":\"EntryPoint\",\"urlTemplate\":\"https:\/\/www.fiscalia.gov.co\/colombia\/?s={search_term_string}\"},\"query-input\":{\"@type\":\"PropertyValueSpecification\",\"valueRequired\":true,\"valueName\":\"search_term_string\"}}],\"inLanguage\":\"es-CO\"},{\"@type\":\"Organization\",\"@id\":\"https:\/\/www.fiscalia.gov.co\/colombia\/#organization\",\"name\":\"Fiscal\u00eda General de la Naci\u00f3n\",\"url\":\"https:\/\/www.fiscalia.gov.co\/colombia\/\",\"logo\":{\"@type\":\"ImageObject\",\"inLanguage\":\"es-CO\",\"@id\":\"https:\/\/www.fiscalia.gov.co\/colombia\/#\/schema\/logo\/image\/\",\"url\":\"https:\/\/www.fiscalia.gov.co\/colombia\/wp-content\/uploads\/LogoHorizontal_1.jpg\",\"contentUrl\":\"https:\/\/www.fiscalia.gov.co\/colombia\/wp-content\/uploads\/LogoHorizontal_1.jpg\",\"width\":300,\"height\":90,\"caption\":\"Fiscal\u00eda General de la Naci\u00f3n\"},\"image\":{\"@id\":\"https:\/\/www.fiscalia.gov.co\/colombia\/#\/schema\/logo\/image\/\"},\"sameAs\":[\"https:\/\/www.facebook.com\/FiscaliaCol\",\"https:\/\/x.com\/FiscaliaCol\",\"https:\/\/www.instagram.com\/fiscaliacol\",\"https:\/\/www.linkedin.com\/company\/fiscalia-general-de-la-naci-n\/\",\"https:\/\/youtube.com\/@fiscaliageneraldelanacion-4668?si=6nN79nyQICPU5iTh\"]},{\"@type\":\"Person\",\"@id\":\"https:\/\/www.fiscalia.gov.co\/colombia\/#\/schema\/person\/bf84402cf293a5393e9c70b111020b24\",\"name\":\"Jordan Leandro Oviedo Anzola\",\"image\":{\"@type\":\"ImageObject\",\"inLanguage\":\"es-CO\",\"@id\":\"https:\/\/www.fiscalia.gov.co\/colombia\/#\/schema\/person\/image\/\",\"url\":\"https:\/\/secure.gravatar.com\/avatar\/dabba4346fa9b9207d96adafa8f92721?s=96&d=mm&r=g\",\"contentUrl\":\"https:\/\/secure.gravatar.com\/avatar\/dabba4346fa9b9207d96adafa8f92721?s=96&d=mm&r=g\",\"caption\":\"Jordan Leandro Oviedo Anzola\"},\"url\":\"https:\/\/www.fiscalia.gov.co\/colombia\/author\/joviedo\/\"}]}<\/script>\n<!-- \/ Yoast SEO plugin. -->","yoast_head_json":{"title":"Fiscal\u00eda General de la Naci\u00f3n","description":"P\u00e1gina oficial de la Fiscal\u00eda General de la Naci\u00f3n \u2013 Colombia. Garantizamos el acceso efectivo a la justicia, la verdad y la reparaci\u00f3n de las v\u00edctimas de los delitos.","robots":{"index":"noindex","follow":"follow"},"og_locale":"es_ES","og_type":"article","og_title":"Fiscal\u00eda General de la Naci\u00f3n","og_description":"P\u00e1gina oficial de la Fiscal\u00eda General de la Naci\u00f3n \u2013 Colombia. Garantizamos el acceso efectivo a la justicia, la verdad y la reparaci\u00f3n de las v\u00edctimas de los delitos.","og_url":"https:\/\/www.fiscalia.gov.co\/colombia\/noticias\/asegurados-tres-hombres-por-violencia-intrafamiliar-en-cali\/","og_site_name":"Fiscal\u00eda General de la Naci\u00f3n","article_publisher":"https:\/\/www.facebook.com\/FiscaliaCol","article_published_time":"2023-04-25T21:36:08+00:00","og_image":[{"url":"https:\/\/www.fiscalia.gov.co\/colombia\/wp-content\/uploads\/Foto-1.-Jhon-Jairo-Martinez-Campaz.-Violencia-intrafamiliar-agravada.-Cali-Valle-991x1024.jpg","type":"","width":"","height":""}],"author":"Jordan Leandro Oviedo Anzola","twitter_card":"summary_large_image","twitter_creator":"@FiscaliaCol","twitter_site":"@FiscaliaCol","twitter_misc":{"Escrito por":"Jordan Leandro Oviedo Anzola","Tiempo de lectura":"2 minutos"},"schema":{"@context":"https:\/\/schema.org","@graph":[{"@type":"Article","@id":"https:\/\/www.fiscalia.gov.co\/colombia\/noticias\/asegurados-tres-hombres-por-violencia-intrafamiliar-en-cali\/#article","isPartOf":{"@id":"https:\/\/www.fiscalia.gov.co\/colombia\/noticias\/asegurados-tres-hombres-por-violencia-intrafamiliar-en-cali\/"},"author":{"name":"Jordan Leandro Oviedo Anzola","@id":"https:\/\/www.fiscalia.gov.co\/colombia\/#\/schema\/person\/bf84402cf293a5393e9c70b111020b24"},"headline":"Asegurados tres hombres por violencia intrafamiliar en Cali","datePublished":"2023-04-25T21:36:08+00:00","dateModified":"2023-04-25T21:36:08+00:00","mainEntityOfPage":{"@id":"https:\/\/www.fiscalia.gov.co\/colombia\/noticias\/asegurados-tres-hombres-por-violencia-intrafamiliar-en-cali\/"},"wordCount":502,"publisher":{"@id":"https:\/\/www.fiscalia.gov.co\/colombia\/#organization"},"image":{"@id":"https:\/\/www.fiscalia.gov.co\/colombia\/noticias\/asegurados-tres-hombres-por-violencia-intrafamiliar-en-cali\/#primaryimage"},"thumbnailUrl":"https:\/\/www.fiscalia.gov.co\/colombia\/wp-content\/uploads\/Foto-1.-Jhon-Jairo-Martinez-Campaz.-Violencia-intrafamiliar-agravada.-Cali-Valle-991x1024.jpg","keywords":["arma cortopunzante","Cali (Valle del Cauca)","Capturados","Compa\u00f1era sentimental","ex compa\u00f1era sentimental","Fiscal General de la Naci\u00f3n","Fiscal\u00eda Colombia","Golpes","Medida de aseguramiento","orden judicial","privaron de la libertad.","Progenitora","Seccional Cali","violencia intrafamiliar agravada"],"articleSection":["Noticias","Seccional Cali","Seccionales","Violencia sexual e intrafamiliar"],"inLanguage":"es-CO"},{"@type":"WebPage","@id":"https:\/\/www.fiscalia.gov.co\/colombia\/noticias\/asegurados-tres-hombres-por-violencia-intrafamiliar-en-cali\/","url":"https:\/\/www.fiscalia.gov.co\/colombia\/noticias\/asegurados-tres-hombres-por-violencia-intrafamiliar-en-cali\/","name":"Fiscal\u00eda General de la Naci\u00f3n","isPartOf":{"@id":"https:\/\/www.fiscalia.gov.co\/colombia\/#website"},"primaryImageOfPage":{"@id":"https:\/\/www.fiscalia.gov.co\/colombia\/noticias\/asegurados-tres-hombres-por-violencia-intrafamiliar-en-cali\/#primaryimage"},"image":{"@id":"https:\/\/www.fiscalia.gov.co\/colombia\/noticias\/asegurados-tres-hombres-por-violencia-intrafamiliar-en-cali\/#primaryimage"},"thumbnailUrl":"https:\/\/www.fiscalia.gov.co\/colombia\/wp-content\/uploads\/Foto-1.-Jhon-Jairo-Martinez-Campaz.-Violencia-intrafamiliar-agravada.-Cali-Valle-991x1024.jpg","datePublished":"2023-04-25T21:36:08+00:00","dateModified":"2023-04-25T21:36:08+00:00","description":"P\u00e1gina oficial de la Fiscal\u00eda General de la Naci\u00f3n \u2013 Colombia. Garantizamos el acceso efectivo a la justicia, la verdad y la reparaci\u00f3n de las v\u00edctimas de los delitos.","breadcrumb":{"@id":"https:\/\/www.fiscalia.gov.co\/colombia\/noticias\/asegurados-tres-hombres-por-violencia-intrafamiliar-en-cali\/#breadcrumb"},"inLanguage":"es-CO","potentialAction":[{"@type":"ReadAction","target":["https:\/\/www.fiscalia.gov.co\/colombia\/noticias\/asegurados-tres-hombres-por-violencia-intrafamiliar-en-cali\/"]}]},{"@type":"ImageObject","inLanguage":"es-CO","@id":"https:\/\/www.fiscalia.gov.co\/colombia\/noticias\/asegurados-tres-hombres-por-violencia-intrafamiliar-en-cali\/#primaryimage","url":"https:\/\/www.fiscalia.gov.co\/colombia\/wp-content\/uploads\/Foto-1.-Jhon-Jairo-Martinez-Campaz.-Violencia-intrafamiliar-agravada.-Cali-Valle.jpg","contentUrl":"https:\/\/www.fiscalia.gov.co\/colombia\/wp-content\/uploads\/Foto-1.-Jhon-Jairo-Martinez-Campaz.-Violencia-intrafamiliar-agravada.-Cali-Valle.jpg","width":1398,"height":1444,"caption":"Jhon Jairo Mart\u00ednez Campaz judicializado como presunto responsable de maltratar a su ex compa\u00f1era sentimental."},{"@type":"BreadcrumbList","@id":"https:\/\/www.fiscalia.gov.co\/colombia\/noticias\/asegurados-tres-hombres-por-violencia-intrafamiliar-en-cali\/#breadcrumb","itemListElement":[{"@type":"ListItem","position":1,"name":"Home","item":"https:\/\/www.fiscalia.gov.co\/colombia\/"},{"@type":"ListItem","position":2,"name":"Asegurados tres hombres por violencia intrafamiliar en Cali"}]},{"@type":"WebSite","@id":"https:\/\/www.fiscalia.gov.co\/colombia\/#website","url":"https:\/\/www.fiscalia.gov.co\/colombia\/","name":"Fiscal\u00eda General de la Naci\u00f3n","description":"P\u00e1gina oficial de la Fiscal\u00eda General de la Naci\u00f3n \u2013 Colombia. Garantizamos el acceso efectivo a la justicia, la verdad y la reparaci\u00f3n de las v\u00edctimas de los delitos.","publisher":{"@id":"https:\/\/www.fiscalia.gov.co\/colombia\/#organization"},"potentialAction":[{"@type":"SearchAction","target":{"@type":"EntryPoint","urlTemplate":"https:\/\/www.fiscalia.gov.co\/colombia\/?s={search_term_string}"},"query-input":{"@type":"PropertyValueSpecification","valueRequired":true,"valueName":"search_term_string"}}],"inLanguage":"es-CO"},{"@type":"Organization","@id":"https:\/\/www.fiscalia.gov.co\/colombia\/#organization","name":"Fiscal\u00eda General de la Naci\u00f3n","url":"https:\/\/www.fiscalia.gov.co\/colombia\/","logo":{"@type":"ImageObject","inLanguage":"es-CO","@id":"https:\/\/www.fiscalia.gov.co\/colombia\/#\/schema\/logo\/image\/","url":"https:\/\/www.fiscalia.gov.co\/colombia\/wp-content\/uploads\/LogoHorizontal_1.jpg","contentUrl":"https:\/\/www.fiscalia.gov.co\/colombia\/wp-content\/uploads\/LogoHorizontal_1.jpg","width":300,"height":90,"caption":"Fiscal\u00eda General de la Naci\u00f3n"},"image":{"@id":"https:\/\/www.fiscalia.gov.co\/colombia\/#\/schema\/logo\/image\/"},"sameAs":["https:\/\/www.facebook.com\/FiscaliaCol","https:\/\/x.com\/FiscaliaCol","https:\/\/www.instagram.com\/fiscaliacol","https:\/\/www.linkedin.com\/company\/fiscalia-general-de-la-naci-n\/","https:\/\/youtube.com\/@fiscaliageneraldelanacion-4668?si=6nN79nyQICPU5iTh"]},{"@type":"Person","@id":"https:\/\/www.fiscalia.gov.co\/colombia\/#\/schema\/person\/bf84402cf293a5393e9c70b111020b24","name":"Jordan Leandro Oviedo Anzola","image":{"@type":"ImageObject","inLanguage":"es-CO","@id":"https:\/\/www.fiscalia.gov.co\/colombia\/#\/schema\/person\/image\/","url":"https:\/\/secure.gravatar.com\/avatar\/dabba4346fa9b9207d96adafa8f92721?s=96&d=mm&r=g","contentUrl":"https:\/\/secure.gravatar.com\/avatar\/dabba4346fa9b9207d96adafa8f92721?s=96&d=mm&r=g","caption":"Jordan Leandro Oviedo Anzola"},"url":"https:\/\/www.fiscalia.gov.co\/colombia\/author\/joviedo\/"}]}},"_links":{"self":[{"href":"https:\/\/www.fiscalia.gov.co\/colombia\/wp-json\/wp\/v2\/posts\/270377","targetHints":{"allow":["GET"]}}],"collection":[{"href":"https:\/\/www.fiscalia.gov.co\/colombia\/wp-json\/wp\/v2\/posts"}],"about":[{"href":"https:\/\/www.fiscalia.gov.co\/colombia\/wp-json\/wp\/v2\/types\/post"}],"author":[{"embeddable":true,"href":"https:\/\/www.fiscalia.gov.co\/colombia\/wp-json\/wp\/v2\/users\/177"}],"replies":[{"embeddable":true,"href":"https:\/\/www.fiscalia.gov.co\/colombia\/wp-json\/wp\/v2\/comments?post=270377"}],"version-history":[{"count":1,"href":"https:\/\/www.fiscalia.gov.co\/colombia\/wp-json\/wp\/v2\/posts\/270377\/revisions"}],"predecessor-version":[{"id":270381,"href":"https:\/\/www.fiscalia.gov.co\/colombia\/wp-json\/wp\/v2\/posts\/270377\/revisions\/270381"}],"wp:attachment":[{"href":"https:\/\/www.fiscalia.gov.co\/colombia\/wp-json\/wp\/v2\/media?parent=270377"}],"wp:term":[{"taxonomy":"category","embeddable":true,"href":"https:\/\/www.fiscalia.gov.co\/colombia\/wp-json\/wp\/v2\/categories?post=270377"},{"taxonomy":"post_tag","embeddable":true,"href":"https:\/\/www.fiscalia.gov.co\/colombia\/wp-json\/wp\/v2\/tags?post=270377"}],"curies":[{"name":"wp","href":"https:\/\/api.w.org\/{rel}","templated":true}]}}