{"id":270145,"date":"2023-04-21T13:04:27","date_gmt":"2023-04-21T18:04:27","guid":{"rendered":"https:\/\/www.fiscalia.gov.co\/colombia\/?p=270145"},"modified":"2023-04-25T10:08:21","modified_gmt":"2023-04-25T15:08:21","slug":"dos-hombres-fueron-enviados-a-prision-por-presuntamente-haber-abusado-sexualmente-de-dos-mujeres","status":"publish","type":"post","link":"https:\/\/www.fiscalia.gov.co\/colombia\/noticias\/dos-hombres-fueron-enviados-a-prision-por-presuntamente-haber-abusado-sexualmente-de-dos-mujeres\/","title":{"rendered":"Dos hombres fueron enviados a prisi\u00f3n por presuntamente haber abusado sexualmente de dos mujeres"},"content":{"rendered":"<p>La Seccional Putumayo de la Fiscal\u00eda General de la Naci\u00f3n logr\u00f3 que dos hombres presuntamente, implicados en agresiones sexuales fueran enviados a prisi\u00f3n.<\/p>\n<p>Entre los investigados est\u00e1 Cristian Camilo Carvajal Velasco quien el 9 de octubre de 2022, al parecer, agredi\u00f3 sexualmente a una mujer con la que hab\u00eda estado departiendo. Los hechos se presentaron cuando la v\u00edctima intentaba ingresar a su vivienda, en el barrio Sina\u00ed de Puerto As\u00eds (Putumayo).<\/p>\n<figure id=\"attachment_270146\" aria-describedby=\"caption-attachment-270146\" style=\"width: 295px\" class=\"wp-caption aligncenter\"><img loading=\"lazy\" decoding=\"async\" class=\" wp-image-270146\" src=\"https:\/\/www.fiscalia.gov.co\/colombia\/wp-content\/uploads\/Cristian-Camilo-Carvajal-Velasco-300x287.jpeg\" alt=\" En la fotograf\u00eda aparece un capturado, junto a personal de Fiscal\u00eda General de la Naci\u00f3n y Polic\u00eda Nacional. En la parte posterior de la imagen se ven banners de Polic\u00eda Nacional y la Fiscal\u00eda General de la Naci\u00f3n. \" width=\"295\" height=\"282\" srcset=\"https:\/\/www.fiscalia.gov.co\/colombia\/wp-content\/uploads\/Cristian-Camilo-Carvajal-Velasco-300x287.jpeg 300w, https:\/\/www.fiscalia.gov.co\/colombia\/wp-content\/uploads\/Cristian-Camilo-Carvajal-Velasco-1024x980.jpeg 1024w, https:\/\/www.fiscalia.gov.co\/colombia\/wp-content\/uploads\/Cristian-Camilo-Carvajal-Velasco-768x735.jpeg 768w, https:\/\/www.fiscalia.gov.co\/colombia\/wp-content\/uploads\/Cristian-Camilo-Carvajal-Velasco-696x666.jpeg 696w, https:\/\/www.fiscalia.gov.co\/colombia\/wp-content\/uploads\/Cristian-Camilo-Carvajal-Velasco-1068x1022.jpeg 1068w, https:\/\/www.fiscalia.gov.co\/colombia\/wp-content\/uploads\/Cristian-Camilo-Carvajal-Velasco-439x420.jpeg 439w, https:\/\/www.fiscalia.gov.co\/colombia\/wp-content\/uploads\/Cristian-Camilo-Carvajal-Velasco.jpeg 1156w\" sizes=\"auto, (max-width: 295px) 100vw, 295px\" \/><figcaption id=\"caption-attachment-270146\" class=\"wp-caption-text\">Cristian Camilo Carvajal Velasco, al parecer, agredi\u00f3 sexualmente a una mujer con la que hab\u00eda estado departiendo cuando la v\u00edctima intentaba ingresar a su vivienda en Puerto As\u00eds (Putumayo).<\/figcaption><\/figure>\n<p>La evidencia f\u00edsica determin\u00f3 que el procesado, presumiblemente, rasg\u00f3 las prendas de vestir de la mujer y la someti\u00f3 a m\u00faltiples vej\u00e1menes. A la primera oportunidad la afectada logr\u00f3 huir y fue auxiliada por una vecina.<\/p>\n<p>Servidores del Cuerpo T\u00e9cnico de Investigaci\u00f3n (CTI) con apoyo de Polic\u00eda Nacional capturaron por orden judicial al hombre en el barrio Las Am\u00e9ricas de dicho municipio. Durante las audiencias concentradas la Fiscal\u00eda imput\u00f3 a Carvajal Velasco como posible responsable del delito de acceso carnal violento.<\/p>\n<p>El segundo caso implicar\u00eda a Gerardo Marino Rodr\u00edguez Mor\u00e1n, presuntamente responsable de haber incurrido en maltratos f\u00edsicos y verbales contra su compa\u00f1era sentimental. Agresiones cometidas entre octubre de 2022 y enero de 2023.<\/p>\n<figure id=\"attachment_270147\" aria-describedby=\"caption-attachment-270147\" style=\"width: 342px\" class=\"wp-caption aligncenter\"><img loading=\"lazy\" decoding=\"async\" class=\" wp-image-270147\" src=\"https:\/\/www.fiscalia.gov.co\/colombia\/wp-content\/uploads\/Gerardo-Marino-Rodriguez-Moran-300x195.jpeg\" alt=\"En la fotograf\u00eda aparece un capturado, junto a personal de Polic\u00eda Nacional. En la parte posterior de la imagen se ven banners de Polic\u00eda Nacional y Fiscal\u00eda General de la Naci\u00f3n. \" width=\"342\" height=\"222\" srcset=\"https:\/\/www.fiscalia.gov.co\/colombia\/wp-content\/uploads\/Gerardo-Marino-Rodriguez-Moran-300x195.jpeg 300w, https:\/\/www.fiscalia.gov.co\/colombia\/wp-content\/uploads\/Gerardo-Marino-Rodriguez-Moran-1024x666.jpeg 1024w, https:\/\/www.fiscalia.gov.co\/colombia\/wp-content\/uploads\/Gerardo-Marino-Rodriguez-Moran-768x500.jpeg 768w, https:\/\/www.fiscalia.gov.co\/colombia\/wp-content\/uploads\/Gerardo-Marino-Rodriguez-Moran-1536x999.jpeg 1536w, https:\/\/www.fiscalia.gov.co\/colombia\/wp-content\/uploads\/Gerardo-Marino-Rodriguez-Moran-696x453.jpeg 696w, https:\/\/www.fiscalia.gov.co\/colombia\/wp-content\/uploads\/Gerardo-Marino-Rodriguez-Moran-1068x695.jpeg 1068w, https:\/\/www.fiscalia.gov.co\/colombia\/wp-content\/uploads\/Gerardo-Marino-Rodriguez-Moran-646x420.jpeg 646w, https:\/\/www.fiscalia.gov.co\/colombia\/wp-content\/uploads\/Gerardo-Marino-Rodriguez-Moran.jpeg 1600w\" sizes=\"auto, (max-width: 342px) 100vw, 342px\" \/><figcaption id=\"caption-attachment-270147\" class=\"wp-caption-text\">Gerardo Marino Rodr\u00edguez Mor\u00e1n, presuntamente responsable de haber incurrido en maltratos f\u00edsicos y verbales contra su compa\u00f1era sentimental.<\/figcaption><\/figure>\n<p>La Fiscal\u00eda cuenta con informaci\u00f3n que evidenciar\u00eda que el pasado 31 de diciembre Rodr\u00edguez Mor\u00e1n habr\u00eda obligado a la mujer a sostener relaciones sexuales cuando se encontraban su vivienda, ubicada en el Valle del Guamuez (Putumayo).<\/p>\n<p>Por estos hechos, denunciados por la v\u00edctima, el procesado fue capturado por integrantes de\u00a0la Sijin. La Fiscal\u00eda le imput\u00f3 los delitos de acceso carnal violento y violencia intrafamiliar.<\/p>\n<p><b>La Fiscal\u00eda habla con resultados. <\/b><\/p>\n<p>&nbsp;<\/p>\n<p>&nbsp;<\/p>\n<p>LMGM\/MAGA\/OJPG\/DSP<\/p>\n<p>&nbsp;<\/p>\n<p>&nbsp;<\/p>\n<p><b>\u00a0<\/b><\/p>\n<p><i>La informaci\u00f3n contenida en este bolet\u00edn de prensa corresponde a la narraci\u00f3n de los hechos noticiosos objetivos, suministrados por los funcionarios encargados de adelantar las investigaciones penales al interior de la Fiscal\u00eda General de la Naci\u00f3n. Para el momento de la divulgaci\u00f3n de este comunicado, la situaci\u00f3n jur\u00eddica de la(s) persona(s) relacionada(s) se encuentra pendiente de resolver por la autoridad judicial competente, siempre bajo los preceptos de la presunci\u00f3n de inocencia, consagrados en el art\u00edculo 29 de la Constituci\u00f3n Pol\u00edtica y el art\u00edculo 7\u00ba de la Ley 906 de 2004.\u00a0<\/i><\/p>\n\n<div class=\"twitter-share\"><a href=\"https:\/\/twitter.com\/intent\/tweet?via=fiscaliacol\" class=\"twitter-share-button\">Tweet<\/a><\/div>\n","protected":false},"excerpt":{"rendered":"<p>La Seccional Putumayo de la Fiscal\u00eda General de la Naci\u00f3n logr\u00f3 que dos hombres presuntamente, implicados en agresiones sexuales fueran enviados a prisi\u00f3n. Entre los investigados est\u00e1 Cristian Camilo Carvajal [&hellip;]<\/p>\n","protected":false},"author":178,"featured_media":0,"comment_status":"closed","ping_status":"open","sticky":false,"template":"","format":"standard","meta":{"tdm_status":"","tdm_grid_status":"","footnotes":""},"categories":[1,2910,24127],"tags":[366,2369,23858,31929,2279,27867,682],"class_list":["post-270145","post","type-post","status-publish","format-standard","category-noticias","category-seccional-mocoa","category-violencia-sexual-e-intrafamiliar","tag-acceso-carnal","tag-de4litos-sexuales","tag-puerto-asis","tag-puerto-asis-putumayo","tag-putumayo","tag-valle-del-guamuez","tag-violencia-intrafamiliar"],"yoast_head":"<!-- This site is optimized with the Yoast SEO plugin v24.3 - https:\/\/yoast.com\/wordpress\/plugins\/seo\/ -->\n<title>Fiscal\u00eda General de la Naci\u00f3n<\/title>\n<meta name=\"description\" content=\"P\u00e1gina oficial de la Fiscal\u00eda General de la Naci\u00f3n \u2013 Colombia. Garantizamos el acceso efectivo a la justicia, la verdad y la reparaci\u00f3n de las v\u00edctimas de los delitos.\" \/>\n<meta name=\"robots\" content=\"noindex, follow\" \/>\n<meta property=\"og:locale\" content=\"es_ES\" \/>\n<meta property=\"og:type\" content=\"article\" \/>\n<meta property=\"og:title\" content=\"Fiscal\u00eda General de la Naci\u00f3n\" \/>\n<meta property=\"og:description\" content=\"P\u00e1gina oficial de la Fiscal\u00eda General de la Naci\u00f3n \u2013 Colombia. Garantizamos el acceso efectivo a la justicia, la verdad y la reparaci\u00f3n de las v\u00edctimas de los delitos.\" \/>\n<meta property=\"og:url\" content=\"https:\/\/www.fiscalia.gov.co\/colombia\/noticias\/dos-hombres-fueron-enviados-a-prision-por-presuntamente-haber-abusado-sexualmente-de-dos-mujeres\/\" \/>\n<meta property=\"og:site_name\" content=\"Fiscal\u00eda General de la Naci\u00f3n\" \/>\n<meta property=\"article:publisher\" content=\"https:\/\/www.facebook.com\/FiscaliaCol\" \/>\n<meta property=\"article:published_time\" content=\"2023-04-21T18:04:27+00:00\" \/>\n<meta property=\"article:modified_time\" content=\"2023-04-25T15:08:21+00:00\" \/>\n<meta property=\"og:image\" content=\"https:\/\/www.fiscalia.gov.co\/colombia\/wp-content\/uploads\/Cristian-Camilo-Carvajal-Velasco-300x287.jpeg\" \/>\n<meta name=\"author\" content=\"Winnie Geraldine Rodr\u00edguez Navarrete\" \/>\n<meta name=\"twitter:card\" content=\"summary_large_image\" \/>\n<meta name=\"twitter:creator\" content=\"@FiscaliaCol\" \/>\n<meta name=\"twitter:site\" content=\"@FiscaliaCol\" \/>\n<meta name=\"twitter:label1\" content=\"Escrito por\" \/>\n\t<meta name=\"twitter:data1\" content=\"Winnie Geraldine Rodr\u00edguez Navarrete\" \/>\n\t<meta name=\"twitter:label2\" content=\"Tiempo de lectura\" \/>\n\t<meta name=\"twitter:data2\" content=\"2 minutos\" \/>\n<script type=\"application\/ld+json\" class=\"yoast-schema-graph\">{\"@context\":\"https:\/\/schema.org\",\"@graph\":[{\"@type\":\"Article\",\"@id\":\"https:\/\/www.fiscalia.gov.co\/colombia\/noticias\/dos-hombres-fueron-enviados-a-prision-por-presuntamente-haber-abusado-sexualmente-de-dos-mujeres\/#article\",\"isPartOf\":{\"@id\":\"https:\/\/www.fiscalia.gov.co\/colombia\/noticias\/dos-hombres-fueron-enviados-a-prision-por-presuntamente-haber-abusado-sexualmente-de-dos-mujeres\/\"},\"author\":{\"name\":\"Winnie Geraldine Rodr\u00edguez Navarrete\",\"@id\":\"https:\/\/www.fiscalia.gov.co\/colombia\/#\/schema\/person\/176195b99ebab0a52aafa15197e1bf80\"},\"headline\":\"Dos hombres fueron enviados a prisi\u00f3n por presuntamente haber abusado sexualmente de dos mujeres\",\"datePublished\":\"2023-04-21T18:04:27+00:00\",\"dateModified\":\"2023-04-25T15:08:21+00:00\",\"mainEntityOfPage\":{\"@id\":\"https:\/\/www.fiscalia.gov.co\/colombia\/noticias\/dos-hombres-fueron-enviados-a-prision-por-presuntamente-haber-abusado-sexualmente-de-dos-mujeres\/\"},\"wordCount\":471,\"publisher\":{\"@id\":\"https:\/\/www.fiscalia.gov.co\/colombia\/#organization\"},\"image\":{\"@id\":\"https:\/\/www.fiscalia.gov.co\/colombia\/noticias\/dos-hombres-fueron-enviados-a-prision-por-presuntamente-haber-abusado-sexualmente-de-dos-mujeres\/#primaryimage\"},\"thumbnailUrl\":\"https:\/\/www.fiscalia.gov.co\/colombia\/wp-content\/uploads\/Cristian-Camilo-Carvajal-Velasco-300x287.jpeg\",\"keywords\":[\"Acceso carnal\",\"Delitos sexuales\",\"Puerto As\u00eds\",\"Puerto As\u00eds (Putumayo)\",\"Putumayo\",\"Valle del Guamuez\",\"Violencia intrafamiliar\"],\"articleSection\":[\"Noticias\",\"Seccional Mocoa\",\"Violencia sexual e intrafamiliar\"],\"inLanguage\":\"es-CO\"},{\"@type\":\"WebPage\",\"@id\":\"https:\/\/www.fiscalia.gov.co\/colombia\/noticias\/dos-hombres-fueron-enviados-a-prision-por-presuntamente-haber-abusado-sexualmente-de-dos-mujeres\/\",\"url\":\"https:\/\/www.fiscalia.gov.co\/colombia\/noticias\/dos-hombres-fueron-enviados-a-prision-por-presuntamente-haber-abusado-sexualmente-de-dos-mujeres\/\",\"name\":\"Fiscal\u00eda General de la Naci\u00f3n\",\"isPartOf\":{\"@id\":\"https:\/\/www.fiscalia.gov.co\/colombia\/#website\"},\"primaryImageOfPage\":{\"@id\":\"https:\/\/www.fiscalia.gov.co\/colombia\/noticias\/dos-hombres-fueron-enviados-a-prision-por-presuntamente-haber-abusado-sexualmente-de-dos-mujeres\/#primaryimage\"},\"image\":{\"@id\":\"https:\/\/www.fiscalia.gov.co\/colombia\/noticias\/dos-hombres-fueron-enviados-a-prision-por-presuntamente-haber-abusado-sexualmente-de-dos-mujeres\/#primaryimage\"},\"thumbnailUrl\":\"https:\/\/www.fiscalia.gov.co\/colombia\/wp-content\/uploads\/Cristian-Camilo-Carvajal-Velasco-300x287.jpeg\",\"datePublished\":\"2023-04-21T18:04:27+00:00\",\"dateModified\":\"2023-04-25T15:08:21+00:00\",\"description\":\"P\u00e1gina oficial de la Fiscal\u00eda General de la Naci\u00f3n \u2013 Colombia. Garantizamos el acceso efectivo a la justicia, la verdad y la reparaci\u00f3n de las v\u00edctimas de los delitos.\",\"breadcrumb\":{\"@id\":\"https:\/\/www.fiscalia.gov.co\/colombia\/noticias\/dos-hombres-fueron-enviados-a-prision-por-presuntamente-haber-abusado-sexualmente-de-dos-mujeres\/#breadcrumb\"},\"inLanguage\":\"es-CO\",\"potentialAction\":[{\"@type\":\"ReadAction\",\"target\":[\"https:\/\/www.fiscalia.gov.co\/colombia\/noticias\/dos-hombres-fueron-enviados-a-prision-por-presuntamente-haber-abusado-sexualmente-de-dos-mujeres\/\"]}]},{\"@type\":\"ImageObject\",\"inLanguage\":\"es-CO\",\"@id\":\"https:\/\/www.fiscalia.gov.co\/colombia\/noticias\/dos-hombres-fueron-enviados-a-prision-por-presuntamente-haber-abusado-sexualmente-de-dos-mujeres\/#primaryimage\",\"url\":\"https:\/\/www.fiscalia.gov.co\/colombia\/wp-content\/uploads\/Cristian-Camilo-Carvajal-Velasco-300x287.jpeg\",\"contentUrl\":\"https:\/\/www.fiscalia.gov.co\/colombia\/wp-content\/uploads\/Cristian-Camilo-Carvajal-Velasco-300x287.jpeg\"},{\"@type\":\"BreadcrumbList\",\"@id\":\"https:\/\/www.fiscalia.gov.co\/colombia\/noticias\/dos-hombres-fueron-enviados-a-prision-por-presuntamente-haber-abusado-sexualmente-de-dos-mujeres\/#breadcrumb\",\"itemListElement\":[{\"@type\":\"ListItem\",\"position\":1,\"name\":\"Home\",\"item\":\"https:\/\/www.fiscalia.gov.co\/colombia\/\"},{\"@type\":\"ListItem\",\"position\":2,\"name\":\"Dos hombres fueron enviados a prisi\u00f3n por presuntamente haber abusado sexualmente de dos mujeres\"}]},{\"@type\":\"WebSite\",\"@id\":\"https:\/\/www.fiscalia.gov.co\/colombia\/#website\",\"url\":\"https:\/\/www.fiscalia.gov.co\/colombia\/\",\"name\":\"Fiscal\u00eda General de la Naci\u00f3n\",\"description\":\"P\u00e1gina oficial de la Fiscal\u00eda General de la Naci\u00f3n \u2013 Colombia. Garantizamos el acceso efectivo a la justicia, la verdad y la reparaci\u00f3n de las v\u00edctimas de los delitos.\",\"publisher\":{\"@id\":\"https:\/\/www.fiscalia.gov.co\/colombia\/#organization\"},\"potentialAction\":[{\"@type\":\"SearchAction\",\"target\":{\"@type\":\"EntryPoint\",\"urlTemplate\":\"https:\/\/www.fiscalia.gov.co\/colombia\/?s={search_term_string}\"},\"query-input\":{\"@type\":\"PropertyValueSpecification\",\"valueRequired\":true,\"valueName\":\"search_term_string\"}}],\"inLanguage\":\"es-CO\"},{\"@type\":\"Organization\",\"@id\":\"https:\/\/www.fiscalia.gov.co\/colombia\/#organization\",\"name\":\"Fiscal\u00eda General de la Naci\u00f3n\",\"url\":\"https:\/\/www.fiscalia.gov.co\/colombia\/\",\"logo\":{\"@type\":\"ImageObject\",\"inLanguage\":\"es-CO\",\"@id\":\"https:\/\/www.fiscalia.gov.co\/colombia\/#\/schema\/logo\/image\/\",\"url\":\"https:\/\/www.fiscalia.gov.co\/colombia\/wp-content\/uploads\/LogoHorizontal_1.jpg\",\"contentUrl\":\"https:\/\/www.fiscalia.gov.co\/colombia\/wp-content\/uploads\/LogoHorizontal_1.jpg\",\"width\":300,\"height\":90,\"caption\":\"Fiscal\u00eda General de la Naci\u00f3n\"},\"image\":{\"@id\":\"https:\/\/www.fiscalia.gov.co\/colombia\/#\/schema\/logo\/image\/\"},\"sameAs\":[\"https:\/\/www.facebook.com\/FiscaliaCol\",\"https:\/\/x.com\/FiscaliaCol\",\"https:\/\/www.instagram.com\/fiscaliacol\",\"https:\/\/www.linkedin.com\/company\/fiscalia-general-de-la-naci-n\/\",\"https:\/\/youtube.com\/@fiscaliageneraldelanacion-4668?si=6nN79nyQICPU5iTh\"]},{\"@type\":\"Person\",\"@id\":\"https:\/\/www.fiscalia.gov.co\/colombia\/#\/schema\/person\/176195b99ebab0a52aafa15197e1bf80\",\"name\":\"Winnie Geraldine Rodr\u00edguez Navarrete\",\"image\":{\"@type\":\"ImageObject\",\"inLanguage\":\"es-CO\",\"@id\":\"https:\/\/www.fiscalia.gov.co\/colombia\/#\/schema\/person\/image\/\",\"url\":\"https:\/\/secure.gravatar.com\/avatar\/c24cf8481dc84fa5e8c7b20bc95ab0c6?s=96&d=mm&r=g\",\"contentUrl\":\"https:\/\/secure.gravatar.com\/avatar\/c24cf8481dc84fa5e8c7b20bc95ab0c6?s=96&d=mm&r=g\",\"caption\":\"Winnie Geraldine Rodr\u00edguez Navarrete\"},\"url\":\"https:\/\/www.fiscalia.gov.co\/colombia\/author\/winnierodriguez\/\"}]}<\/script>\n<!-- \/ Yoast SEO plugin. -->","yoast_head_json":{"title":"Fiscal\u00eda General de la Naci\u00f3n","description":"P\u00e1gina oficial de la Fiscal\u00eda General de la Naci\u00f3n \u2013 Colombia. Garantizamos el acceso efectivo a la justicia, la verdad y la reparaci\u00f3n de las v\u00edctimas de los delitos.","robots":{"index":"noindex","follow":"follow"},"og_locale":"es_ES","og_type":"article","og_title":"Fiscal\u00eda General de la Naci\u00f3n","og_description":"P\u00e1gina oficial de la Fiscal\u00eda General de la Naci\u00f3n \u2013 Colombia. Garantizamos el acceso efectivo a la justicia, la verdad y la reparaci\u00f3n de las v\u00edctimas de los delitos.","og_url":"https:\/\/www.fiscalia.gov.co\/colombia\/noticias\/dos-hombres-fueron-enviados-a-prision-por-presuntamente-haber-abusado-sexualmente-de-dos-mujeres\/","og_site_name":"Fiscal\u00eda General de la Naci\u00f3n","article_publisher":"https:\/\/www.facebook.com\/FiscaliaCol","article_published_time":"2023-04-21T18:04:27+00:00","article_modified_time":"2023-04-25T15:08:21+00:00","og_image":[{"url":"https:\/\/www.fiscalia.gov.co\/colombia\/wp-content\/uploads\/Cristian-Camilo-Carvajal-Velasco-300x287.jpeg","type":"","width":"","height":""}],"author":"Winnie Geraldine Rodr\u00edguez Navarrete","twitter_card":"summary_large_image","twitter_creator":"@FiscaliaCol","twitter_site":"@FiscaliaCol","twitter_misc":{"Escrito por":"Winnie Geraldine Rodr\u00edguez Navarrete","Tiempo de lectura":"2 minutos"},"schema":{"@context":"https:\/\/schema.org","@graph":[{"@type":"Article","@id":"https:\/\/www.fiscalia.gov.co\/colombia\/noticias\/dos-hombres-fueron-enviados-a-prision-por-presuntamente-haber-abusado-sexualmente-de-dos-mujeres\/#article","isPartOf":{"@id":"https:\/\/www.fiscalia.gov.co\/colombia\/noticias\/dos-hombres-fueron-enviados-a-prision-por-presuntamente-haber-abusado-sexualmente-de-dos-mujeres\/"},"author":{"name":"Winnie Geraldine Rodr\u00edguez Navarrete","@id":"https:\/\/www.fiscalia.gov.co\/colombia\/#\/schema\/person\/176195b99ebab0a52aafa15197e1bf80"},"headline":"Dos hombres fueron enviados a prisi\u00f3n por presuntamente haber abusado sexualmente de dos mujeres","datePublished":"2023-04-21T18:04:27+00:00","dateModified":"2023-04-25T15:08:21+00:00","mainEntityOfPage":{"@id":"https:\/\/www.fiscalia.gov.co\/colombia\/noticias\/dos-hombres-fueron-enviados-a-prision-por-presuntamente-haber-abusado-sexualmente-de-dos-mujeres\/"},"wordCount":471,"publisher":{"@id":"https:\/\/www.fiscalia.gov.co\/colombia\/#organization"},"image":{"@id":"https:\/\/www.fiscalia.gov.co\/colombia\/noticias\/dos-hombres-fueron-enviados-a-prision-por-presuntamente-haber-abusado-sexualmente-de-dos-mujeres\/#primaryimage"},"thumbnailUrl":"https:\/\/www.fiscalia.gov.co\/colombia\/wp-content\/uploads\/Cristian-Camilo-Carvajal-Velasco-300x287.jpeg","keywords":["Acceso carnal","Delitos sexuales","Puerto As\u00eds","Puerto As\u00eds (Putumayo)","Putumayo","Valle del Guamuez","Violencia intrafamiliar"],"articleSection":["Noticias","Seccional Mocoa","Violencia sexual e intrafamiliar"],"inLanguage":"es-CO"},{"@type":"WebPage","@id":"https:\/\/www.fiscalia.gov.co\/colombia\/noticias\/dos-hombres-fueron-enviados-a-prision-por-presuntamente-haber-abusado-sexualmente-de-dos-mujeres\/","url":"https:\/\/www.fiscalia.gov.co\/colombia\/noticias\/dos-hombres-fueron-enviados-a-prision-por-presuntamente-haber-abusado-sexualmente-de-dos-mujeres\/","name":"Fiscal\u00eda General de la Naci\u00f3n","isPartOf":{"@id":"https:\/\/www.fiscalia.gov.co\/colombia\/#website"},"primaryImageOfPage":{"@id":"https:\/\/www.fiscalia.gov.co\/colombia\/noticias\/dos-hombres-fueron-enviados-a-prision-por-presuntamente-haber-abusado-sexualmente-de-dos-mujeres\/#primaryimage"},"image":{"@id":"https:\/\/www.fiscalia.gov.co\/colombia\/noticias\/dos-hombres-fueron-enviados-a-prision-por-presuntamente-haber-abusado-sexualmente-de-dos-mujeres\/#primaryimage"},"thumbnailUrl":"https:\/\/www.fiscalia.gov.co\/colombia\/wp-content\/uploads\/Cristian-Camilo-Carvajal-Velasco-300x287.jpeg","datePublished":"2023-04-21T18:04:27+00:00","dateModified":"2023-04-25T15:08:21+00:00","description":"P\u00e1gina oficial de la Fiscal\u00eda General de la Naci\u00f3n \u2013 Colombia. Garantizamos el acceso efectivo a la justicia, la verdad y la reparaci\u00f3n de las v\u00edctimas de los delitos.","breadcrumb":{"@id":"https:\/\/www.fiscalia.gov.co\/colombia\/noticias\/dos-hombres-fueron-enviados-a-prision-por-presuntamente-haber-abusado-sexualmente-de-dos-mujeres\/#breadcrumb"},"inLanguage":"es-CO","potentialAction":[{"@type":"ReadAction","target":["https:\/\/www.fiscalia.gov.co\/colombia\/noticias\/dos-hombres-fueron-enviados-a-prision-por-presuntamente-haber-abusado-sexualmente-de-dos-mujeres\/"]}]},{"@type":"ImageObject","inLanguage":"es-CO","@id":"https:\/\/www.fiscalia.gov.co\/colombia\/noticias\/dos-hombres-fueron-enviados-a-prision-por-presuntamente-haber-abusado-sexualmente-de-dos-mujeres\/#primaryimage","url":"https:\/\/www.fiscalia.gov.co\/colombia\/wp-content\/uploads\/Cristian-Camilo-Carvajal-Velasco-300x287.jpeg","contentUrl":"https:\/\/www.fiscalia.gov.co\/colombia\/wp-content\/uploads\/Cristian-Camilo-Carvajal-Velasco-300x287.jpeg"},{"@type":"BreadcrumbList","@id":"https:\/\/www.fiscalia.gov.co\/colombia\/noticias\/dos-hombres-fueron-enviados-a-prision-por-presuntamente-haber-abusado-sexualmente-de-dos-mujeres\/#breadcrumb","itemListElement":[{"@type":"ListItem","position":1,"name":"Home","item":"https:\/\/www.fiscalia.gov.co\/colombia\/"},{"@type":"ListItem","position":2,"name":"Dos hombres fueron enviados a prisi\u00f3n por presuntamente haber abusado sexualmente de dos mujeres"}]},{"@type":"WebSite","@id":"https:\/\/www.fiscalia.gov.co\/colombia\/#website","url":"https:\/\/www.fiscalia.gov.co\/colombia\/","name":"Fiscal\u00eda General de la Naci\u00f3n","description":"P\u00e1gina oficial de la Fiscal\u00eda General de la Naci\u00f3n \u2013 Colombia. Garantizamos el acceso efectivo a la justicia, la verdad y la reparaci\u00f3n de las v\u00edctimas de los delitos.","publisher":{"@id":"https:\/\/www.fiscalia.gov.co\/colombia\/#organization"},"potentialAction":[{"@type":"SearchAction","target":{"@type":"EntryPoint","urlTemplate":"https:\/\/www.fiscalia.gov.co\/colombia\/?s={search_term_string}"},"query-input":{"@type":"PropertyValueSpecification","valueRequired":true,"valueName":"search_term_string"}}],"inLanguage":"es-CO"},{"@type":"Organization","@id":"https:\/\/www.fiscalia.gov.co\/colombia\/#organization","name":"Fiscal\u00eda General de la Naci\u00f3n","url":"https:\/\/www.fiscalia.gov.co\/colombia\/","logo":{"@type":"ImageObject","inLanguage":"es-CO","@id":"https:\/\/www.fiscalia.gov.co\/colombia\/#\/schema\/logo\/image\/","url":"https:\/\/www.fiscalia.gov.co\/colombia\/wp-content\/uploads\/LogoHorizontal_1.jpg","contentUrl":"https:\/\/www.fiscalia.gov.co\/colombia\/wp-content\/uploads\/LogoHorizontal_1.jpg","width":300,"height":90,"caption":"Fiscal\u00eda General de la Naci\u00f3n"},"image":{"@id":"https:\/\/www.fiscalia.gov.co\/colombia\/#\/schema\/logo\/image\/"},"sameAs":["https:\/\/www.facebook.com\/FiscaliaCol","https:\/\/x.com\/FiscaliaCol","https:\/\/www.instagram.com\/fiscaliacol","https:\/\/www.linkedin.com\/company\/fiscalia-general-de-la-naci-n\/","https:\/\/youtube.com\/@fiscaliageneraldelanacion-4668?si=6nN79nyQICPU5iTh"]},{"@type":"Person","@id":"https:\/\/www.fiscalia.gov.co\/colombia\/#\/schema\/person\/176195b99ebab0a52aafa15197e1bf80","name":"Winnie Geraldine Rodr\u00edguez Navarrete","image":{"@type":"ImageObject","inLanguage":"es-CO","@id":"https:\/\/www.fiscalia.gov.co\/colombia\/#\/schema\/person\/image\/","url":"https:\/\/secure.gravatar.com\/avatar\/c24cf8481dc84fa5e8c7b20bc95ab0c6?s=96&d=mm&r=g","contentUrl":"https:\/\/secure.gravatar.com\/avatar\/c24cf8481dc84fa5e8c7b20bc95ab0c6?s=96&d=mm&r=g","caption":"Winnie Geraldine Rodr\u00edguez Navarrete"},"url":"https:\/\/www.fiscalia.gov.co\/colombia\/author\/winnierodriguez\/"}]}},"_links":{"self":[{"href":"https:\/\/www.fiscalia.gov.co\/colombia\/wp-json\/wp\/v2\/posts\/270145","targetHints":{"allow":["GET"]}}],"collection":[{"href":"https:\/\/www.fiscalia.gov.co\/colombia\/wp-json\/wp\/v2\/posts"}],"about":[{"href":"https:\/\/www.fiscalia.gov.co\/colombia\/wp-json\/wp\/v2\/types\/post"}],"author":[{"embeddable":true,"href":"https:\/\/www.fiscalia.gov.co\/colombia\/wp-json\/wp\/v2\/users\/178"}],"replies":[{"embeddable":true,"href":"https:\/\/www.fiscalia.gov.co\/colombia\/wp-json\/wp\/v2\/comments?post=270145"}],"version-history":[{"count":1,"href":"https:\/\/www.fiscalia.gov.co\/colombia\/wp-json\/wp\/v2\/posts\/270145\/revisions"}],"predecessor-version":[{"id":270148,"href":"https:\/\/www.fiscalia.gov.co\/colombia\/wp-json\/wp\/v2\/posts\/270145\/revisions\/270148"}],"wp:attachment":[{"href":"https:\/\/www.fiscalia.gov.co\/colombia\/wp-json\/wp\/v2\/media?parent=270145"}],"wp:term":[{"taxonomy":"category","embeddable":true,"href":"https:\/\/www.fiscalia.gov.co\/colombia\/wp-json\/wp\/v2\/categories?post=270145"},{"taxonomy":"post_tag","embeddable":true,"href":"https:\/\/www.fiscalia.gov.co\/colombia\/wp-json\/wp\/v2\/tags?post=270145"}],"curies":[{"name":"wp","href":"https:\/\/api.w.org\/{rel}","templated":true}]}}