{"id":270096,"date":"2023-04-20T16:44:54","date_gmt":"2023-04-20T21:44:54","guid":{"rendered":"https:\/\/www.fiscalia.gov.co\/colombia\/?p=270096"},"modified":"2023-04-20T16:49:25","modified_gmt":"2023-04-20T21:49:25","slug":"a-la-carcel-un-hombre-presuntamente-responsable-de-fracturarle-un-brazo-a-su-madre-en-medio-de-un-episodio-de-intolerancia","status":"publish","type":"post","link":"https:\/\/www.fiscalia.gov.co\/colombia\/noticias\/a-la-carcel-un-hombre-presuntamente-responsable-de-fracturarle-un-brazo-a-su-madre-en-medio-de-un-episodio-de-intolerancia\/","title":{"rendered":"A la c\u00e1rcel un hombre presuntamente responsable de fracturarle un brazo a su madre, en medio de un episodio de intolerancia"},"content":{"rendered":"<p style=\"margin: 0cm 0cm 0.0001pt; color: #000000; font-size: 12pt; font-family: 'Times New Roman', serif; text-align: justify;\"><span style=\"font-size: 12pt; border: 1pt none windowtext; padding: 0cm; font-family: Calibri, Helvetica, sans-serif;\">Por solicitud de la Fiscal\u00eda General de la Naci\u00f3n, un juez con funci\u00f3n de control de garant\u00edas de Puerto As\u00eds (Putumayo) envi\u00f3 a prisi\u00f3n a V\u00edctor Hugo Ruiz Erazo, presuntamente responsable de maltratar a su madre, de 60 a\u00f1os. <\/span><span style=\"font-size: 12pt;\"><span style=\"font-family: Calibri, Helvetica, sans-serif;\">\u00a0<\/span><\/span><\/p>\n<p style=\"margin: 0cm 0cm 0.0001pt; color: #000000; font-size: 12pt; font-family: 'Times New Roman', serif; text-align: justify;\"><span style=\"font-size: 12pt; border: 1pt none windowtext; padding: 0cm; font-family: Calibri, Helvetica, sans-serif;\">\u00a0<\/span><span style=\"font-size: 12pt;\"><span style=\"font-family: Calibri, Helvetica, sans-serif;\">\u00a0<\/span><\/span><\/p>\n<p style=\"margin: 0cm 0cm 0.0001pt; color: #000000; font-size: 12pt; font-family: 'Times New Roman', serif; text-align: justify;\"><span style=\"font-size: 12pt; border: 1pt none windowtext; padding: 0cm; font-family: Calibri, Helvetica, sans-serif;\">Los hechos investigados ocurrieron el 9 de octubre de 2022 en el barrio El Carmen de Puerto As\u00eds donde el procesado, al parecer, golpe\u00f3 a la mujer al punto de fracturarle el brazo izquierdo. La mujer fue auxiliada por su hija y trasladada a un centro hospitalario para ser atendida.\u00a0<\/span><span style=\"font-size: 12pt;\"><span style=\"font-family: Calibri, Helvetica, sans-serif;\">\u00a0<\/span><\/span><\/p>\n<figure id=\"attachment_270095\" aria-describedby=\"caption-attachment-270095\" style=\"width: 300px\" class=\"wp-caption aligncenter\"><img loading=\"lazy\" decoding=\"async\" class=\"size-medium wp-image-270095\" src=\"https:\/\/www.fiscalia.gov.co\/colombia\/wp-content\/uploads\/Victor-Hugo-Ruiz-Erazo-300x227.jpeg\" alt=\"V\u00edctor Hugo Ruiz Erazo habr\u00eda golpeado a su madre al punto de fracturarle el brazo.\" width=\"300\" height=\"227\" srcset=\"https:\/\/www.fiscalia.gov.co\/colombia\/wp-content\/uploads\/Victor-Hugo-Ruiz-Erazo-300x227.jpeg 300w, https:\/\/www.fiscalia.gov.co\/colombia\/wp-content\/uploads\/Victor-Hugo-Ruiz-Erazo-1024x776.jpeg 1024w, https:\/\/www.fiscalia.gov.co\/colombia\/wp-content\/uploads\/Victor-Hugo-Ruiz-Erazo-768x582.jpeg 768w, https:\/\/www.fiscalia.gov.co\/colombia\/wp-content\/uploads\/Victor-Hugo-Ruiz-Erazo-1536x1164.jpeg 1536w, https:\/\/www.fiscalia.gov.co\/colombia\/wp-content\/uploads\/Victor-Hugo-Ruiz-Erazo-696x528.jpeg 696w, https:\/\/www.fiscalia.gov.co\/colombia\/wp-content\/uploads\/Victor-Hugo-Ruiz-Erazo-1068x810.jpeg 1068w, https:\/\/www.fiscalia.gov.co\/colombia\/wp-content\/uploads\/Victor-Hugo-Ruiz-Erazo-554x420.jpeg 554w, https:\/\/www.fiscalia.gov.co\/colombia\/wp-content\/uploads\/Victor-Hugo-Ruiz-Erazo-80x60.jpeg 80w, https:\/\/www.fiscalia.gov.co\/colombia\/wp-content\/uploads\/Victor-Hugo-Ruiz-Erazo.jpeg 1600w\" sizes=\"auto, (max-width: 300px) 100vw, 300px\" \/><figcaption id=\"caption-attachment-270095\" class=\"wp-caption-text\">V\u00edctor Hugo Ruiz Erazo habr\u00eda golpeado a su madre al punto de fracturarle el brazo.<\/figcaption><\/figure>\n<p style=\"margin: 0cm 0cm 0.0001pt; color: #000000; font-size: 12pt; font-family: 'Times New Roman', serif; text-align: justify;\"><span style=\"font-size: 12pt; border: 1pt none windowtext; padding: 0cm; font-family: Calibri, Helvetica, sans-serif;\">\u00a0<\/span><span style=\"font-size: 12pt;\"><span style=\"font-family: Calibri, Helvetica, sans-serif;\">\u00a0<\/span><\/span><\/p>\n<p style=\"margin: 0cm 0cm 0.0001pt; color: #000000; font-size: 12pt; font-family: 'Times New Roman', serif; text-align: justify;\"><span style=\"font-size: 12pt; border: 1pt none windowtext; padding: 0cm; font-family: Calibri, Helvetica, sans-serif;\">Ruiz Erazo fue capturado por el\u00a0Cuerpo T\u00e9cnico de Investigaci\u00f3n (CTI), en conjunto con Polic\u00eda Nacional, cerca al barrio El Recreo de Puerto As\u00eds (Putumayo). La Fiscal\u00eda traslad\u00f3 el escrito de acusaci\u00f3n contra Ruiz Erazo como presunto autor del delito de violencia intrafamiliar\u00a0agravada, cargo que no fue aceptado.\u00a0<\/span><span style=\"font-size: 12pt;\"><span style=\"font-family: Calibri, Helvetica, sans-serif;\">\u00a0<\/span><\/span><\/p>\n<p style=\"margin: 0cm 0cm 0.0001pt; color: #000000; font-size: 12pt; font-family: 'Times New Roman', serif; text-align: justify;\"><span style=\"font-size: 12pt; border: 1pt none windowtext; padding: 0cm; font-family: Calibri, Helvetica, sans-serif;\">\u00a0<\/span><span style=\"font-size: 12pt;\"><span style=\"font-family: Calibri, Helvetica, sans-serif;\">\u00a0<\/span><\/span><\/p>\n<p style=\"margin: 0cm 0cm 0.0001pt; color: #000000; font-size: 12pt; font-family: 'Times New Roman', serif; text-align: justify;\"><span style=\"font-size: 12pt; border: 1pt none windowtext; padding: 0cm; font-family: Calibri, Helvetica, sans-serif;\">Esta informaci\u00f3n se publica por razones de inter\u00e9s general.\u00a0<\/span><span style=\"font-size: 12pt;\"><span style=\"font-family: Calibri, Helvetica, sans-serif;\">\u00a0<\/span><\/span><\/p>\n<p style=\"margin: 0cm 0cm 0.0001pt; color: #000000; font-size: 12pt; font-family: 'Times New Roman', serif; text-align: justify;\"><span style=\"font-size: 12pt; border: 1pt none windowtext; padding: 0cm; font-family: Calibri, Helvetica, sans-serif;\">\u00a0<\/span><span style=\"font-size: 12pt;\"><span style=\"font-family: Calibri, Helvetica, sans-serif;\">\u00a0<\/span><\/span><\/p>\n<p style=\"margin: 0cm 0cm 0.0001pt; color: #000000; font-size: 12pt; font-family: 'Times New Roman', serif; text-align: justify;\"><span style=\"font-size: 12pt; border: 1pt none windowtext; padding: 0cm; font-family: Calibri, Helvetica, sans-serif;\">LMGM\/MAGA\/OJPG\/DSP<\/span><span style=\"font-size: 12pt;\"><span style=\"font-family: Calibri, Helvetica, sans-serif;\">\u00a0<\/span><\/span><\/p>\n<p style=\"margin: 0cm 0cm 0.0001pt; color: #000000; font-size: 12pt; font-family: 'Times New Roman', serif; text-align: center;\" align=\"center\"><b><span style=\"font-size: 12pt; border: 1pt none windowtext; padding: 0cm; font-family: Calibri, Helvetica, sans-serif;\">\u00a0<\/span><\/b><span style=\"font-size: 12pt;\"><span style=\"font-family: Calibri, Helvetica, sans-serif;\">\u00a0<\/span><\/span><\/p>\n<p style=\"margin: 0cm 0cm 0.0001pt; color: #000000; font-size: 12pt; font-family: 'Times New Roman', serif; text-align: center;\" align=\"center\"><b><span style=\"font-size: 12pt; border: 1pt none windowtext; padding: 0cm; font-family: Calibri, Helvetica, sans-serif;\">La Fiscal\u00eda habla con resultados.\u00a0<\/span><\/b><span style=\"font-size: 12pt; font-family: Calibri, Helvetica, sans-serif;\">\u00a0<\/span><span style=\"font-size: 12pt;\"><span style=\"font-family: Calibri, Helvetica, sans-serif;\">\u00a0<\/span><\/span><\/p>\n<p style=\"margin: 0cm 0cm 0.0001pt; color: #000000; font-size: 12pt; font-family: 'Times New Roman', serif;\"><span style=\"font-size: 12pt;\"><span style=\"font-family: Calibri, Helvetica, sans-serif;\">\u00a0<\/span><\/span><\/p>\n<p style=\"margin: 0cm 0cm 0.0001pt; color: #000000; font-size: 12pt; background: white; font-family: 'Times New Roman', serif; text-align: center;\" align=\"center\"><b><span style=\"font-family: Calibri, Helvetica, sans-serif; border: 1pt none windowtext; padding: 0cm;\">\u00a0<\/span><\/b><span style=\"font-family: Calibri, sans-serif;\"><span style=\"font-family: Calibri, Helvetica, sans-serif;\">\u00a0<\/span><\/span><\/p>\n<p style=\"margin: 0cm 0cm 0.0001pt; color: #000000; font-size: 12pt; background: white; font-family: 'Times New Roman', serif; text-align: justify;\"><i><span style=\"font-family: Calibri, Helvetica, sans-serif; border: 1pt none windowtext; padding: 0cm;\">La informaci\u00f3n contenida en este bolet\u00edn de prensa corresponde a la narraci\u00f3n de los hechos noticiosos objetivos, suministrados por los funcionarios encargados de adelantar las investigaciones penales al interior de la Fiscal\u00eda General de la Naci\u00f3n. Para el momento de la divulgaci\u00f3n de este comunicado, la situaci\u00f3n jur\u00eddica de la(s) persona(s) relacionada(s) se encuentra pendiente de resolver por la autoridad judicial competente, siempre bajo los preceptos de la presunci\u00f3n de inocencia, consagrados en el art\u00edculo 29 de la Constituci\u00f3n Pol\u00edtica y el art\u00edculo 7\u00ba de la Ley 906 de 2004.\u00a0<\/span><\/i><span style=\"font-family: Calibri, Helvetica, sans-serif; border: 1pt none windowtext; padding: 0cm;\">\u00a0\u00a0\u00a0\u00a0\u00a0\u00a0\u00a0\u00a0\u00a0\u00a0\u00a0<\/span><span style=\"font-family: Calibri, Helvetica, sans-serif; border: 1pt none windowtext; padding: 0cm;\">\u00a0<\/span><span style=\"font-family: Calibri, sans-serif;\"><span style=\"font-family: Calibri, Helvetica, sans-serif;\">\u00a0<\/span><\/span><\/p>\n\n<div class=\"twitter-share\"><a href=\"https:\/\/twitter.com\/intent\/tweet?via=fiscaliacol\" class=\"twitter-share-button\">Tweet<\/a><\/div>\n","protected":false},"excerpt":{"rendered":"<p>Por solicitud de la Fiscal\u00eda General de la Naci\u00f3n, un juez con funci\u00f3n de control de garant\u00edas de Puerto As\u00eds (Putumayo) envi\u00f3 a prisi\u00f3n a V\u00edctor Hugo Ruiz Erazo, presuntamente responsable de maltratar a su madre, de 60 a\u00f1os. \u00a0 \u00a0\u00a0 Los hechos investigados ocurrieron el 9 de octubre de 2022 en el barrio El [&hellip;]<\/p>\n","protected":false},"author":178,"featured_media":0,"comment_status":"closed","ping_status":"open","sticky":false,"template":"","format":"standard","meta":{"tdm_status":"","tdm_grid_status":"","footnotes":""},"categories":[1,2910,303,24127],"tags":[31929],"class_list":{"0":"post-270096","1":"post","2":"type-post","3":"status-publish","4":"format-standard","6":"category-noticias","7":"category-seccional-mocoa","8":"category-seccionales","9":"category-violencia-sexual-e-intrafamiliar","10":"tag-puerto-asis-putumayo"},"yoast_head":"<!-- This site is optimized with the Yoast SEO plugin v24.3 - https:\/\/yoast.com\/wordpress\/plugins\/seo\/ -->\n<title>Fiscal\u00eda General de la Naci\u00f3n<\/title>\n<meta name=\"description\" content=\"P\u00e1gina oficial de la Fiscal\u00eda General de la Naci\u00f3n \u2013 Colombia. Garantizamos el acceso efectivo a la justicia, la verdad y la reparaci\u00f3n de las v\u00edctimas de los delitos.\" \/>\n<meta name=\"robots\" content=\"noindex, follow\" \/>\n<meta property=\"og:locale\" content=\"es_ES\" \/>\n<meta property=\"og:type\" content=\"article\" \/>\n<meta property=\"og:title\" content=\"Fiscal\u00eda General de la Naci\u00f3n\" \/>\n<meta property=\"og:description\" content=\"P\u00e1gina oficial de la Fiscal\u00eda General de la Naci\u00f3n \u2013 Colombia. Garantizamos el acceso efectivo a la justicia, la verdad y la reparaci\u00f3n de las v\u00edctimas de los delitos.\" \/>\n<meta property=\"og:url\" content=\"https:\/\/www.fiscalia.gov.co\/colombia\/noticias\/a-la-carcel-un-hombre-presuntamente-responsable-de-fracturarle-un-brazo-a-su-madre-en-medio-de-un-episodio-de-intolerancia\/\" \/>\n<meta property=\"og:site_name\" content=\"Fiscal\u00eda General de la Naci\u00f3n\" \/>\n<meta property=\"article:publisher\" content=\"https:\/\/www.facebook.com\/FiscaliaCol\" \/>\n<meta property=\"article:published_time\" content=\"2023-04-20T21:44:54+00:00\" \/>\n<meta property=\"article:modified_time\" content=\"2023-04-20T21:49:25+00:00\" \/>\n<meta property=\"og:image\" content=\"https:\/\/www.fiscalia.gov.co\/colombia\/wp-content\/uploads\/Victor-Hugo-Ruiz-Erazo-300x227.jpeg\" \/>\n<meta name=\"author\" content=\"Winnie Geraldine Rodr\u00edguez Navarrete\" \/>\n<meta name=\"twitter:card\" content=\"summary_large_image\" \/>\n<meta name=\"twitter:creator\" content=\"@FiscaliaCol\" \/>\n<meta name=\"twitter:site\" content=\"@FiscaliaCol\" \/>\n<meta name=\"twitter:label1\" content=\"Escrito por\" \/>\n\t<meta name=\"twitter:data1\" content=\"Winnie Geraldine Rodr\u00edguez Navarrete\" \/>\n\t<meta name=\"twitter:label2\" content=\"Tiempo de lectura\" \/>\n\t<meta name=\"twitter:data2\" content=\"1 minuto\" \/>\n<script type=\"application\/ld+json\" class=\"yoast-schema-graph\">{\"@context\":\"https:\/\/schema.org\",\"@graph\":[{\"@type\":\"Article\",\"@id\":\"https:\/\/www.fiscalia.gov.co\/colombia\/noticias\/a-la-carcel-un-hombre-presuntamente-responsable-de-fracturarle-un-brazo-a-su-madre-en-medio-de-un-episodio-de-intolerancia\/#article\",\"isPartOf\":{\"@id\":\"https:\/\/www.fiscalia.gov.co\/colombia\/noticias\/a-la-carcel-un-hombre-presuntamente-responsable-de-fracturarle-un-brazo-a-su-madre-en-medio-de-un-episodio-de-intolerancia\/\"},\"author\":{\"name\":\"Winnie Geraldine Rodr\u00edguez Navarrete\",\"@id\":\"https:\/\/www.fiscalia.gov.co\/colombia\/#\/schema\/person\/176195b99ebab0a52aafa15197e1bf80\"},\"headline\":\"A la c\u00e1rcel un hombre presuntamente responsable de fracturarle un brazo a su madre, en medio de un episodio de intolerancia\",\"datePublished\":\"2023-04-20T21:44:54+00:00\",\"dateModified\":\"2023-04-20T21:49:25+00:00\",\"mainEntityOfPage\":{\"@id\":\"https:\/\/www.fiscalia.gov.co\/colombia\/noticias\/a-la-carcel-un-hombre-presuntamente-responsable-de-fracturarle-un-brazo-a-su-madre-en-medio-de-un-episodio-de-intolerancia\/\"},\"wordCount\":319,\"publisher\":{\"@id\":\"https:\/\/www.fiscalia.gov.co\/colombia\/#organization\"},\"image\":{\"@id\":\"https:\/\/www.fiscalia.gov.co\/colombia\/noticias\/a-la-carcel-un-hombre-presuntamente-responsable-de-fracturarle-un-brazo-a-su-madre-en-medio-de-un-episodio-de-intolerancia\/#primaryimage\"},\"thumbnailUrl\":\"https:\/\/www.fiscalia.gov.co\/colombia\/wp-content\/uploads\/Victor-Hugo-Ruiz-Erazo-300x227.jpeg\",\"keywords\":[\"Puerto As\u00eds (Putumayo)\"],\"articleSection\":[\"Noticias\",\"Seccional Mocoa\",\"Seccionales\",\"Violencia sexual e intrafamiliar\"],\"inLanguage\":\"es-CO\"},{\"@type\":\"WebPage\",\"@id\":\"https:\/\/www.fiscalia.gov.co\/colombia\/noticias\/a-la-carcel-un-hombre-presuntamente-responsable-de-fracturarle-un-brazo-a-su-madre-en-medio-de-un-episodio-de-intolerancia\/\",\"url\":\"https:\/\/www.fiscalia.gov.co\/colombia\/noticias\/a-la-carcel-un-hombre-presuntamente-responsable-de-fracturarle-un-brazo-a-su-madre-en-medio-de-un-episodio-de-intolerancia\/\",\"name\":\"Fiscal\u00eda General de la Naci\u00f3n\",\"isPartOf\":{\"@id\":\"https:\/\/www.fiscalia.gov.co\/colombia\/#website\"},\"primaryImageOfPage\":{\"@id\":\"https:\/\/www.fiscalia.gov.co\/colombia\/noticias\/a-la-carcel-un-hombre-presuntamente-responsable-de-fracturarle-un-brazo-a-su-madre-en-medio-de-un-episodio-de-intolerancia\/#primaryimage\"},\"image\":{\"@id\":\"https:\/\/www.fiscalia.gov.co\/colombia\/noticias\/a-la-carcel-un-hombre-presuntamente-responsable-de-fracturarle-un-brazo-a-su-madre-en-medio-de-un-episodio-de-intolerancia\/#primaryimage\"},\"thumbnailUrl\":\"https:\/\/www.fiscalia.gov.co\/colombia\/wp-content\/uploads\/Victor-Hugo-Ruiz-Erazo-300x227.jpeg\",\"datePublished\":\"2023-04-20T21:44:54+00:00\",\"dateModified\":\"2023-04-20T21:49:25+00:00\",\"description\":\"P\u00e1gina oficial de la Fiscal\u00eda General de la Naci\u00f3n \u2013 Colombia. Garantizamos el acceso efectivo a la justicia, la verdad y la reparaci\u00f3n de las v\u00edctimas de los delitos.\",\"breadcrumb\":{\"@id\":\"https:\/\/www.fiscalia.gov.co\/colombia\/noticias\/a-la-carcel-un-hombre-presuntamente-responsable-de-fracturarle-un-brazo-a-su-madre-en-medio-de-un-episodio-de-intolerancia\/#breadcrumb\"},\"inLanguage\":\"es-CO\",\"potentialAction\":[{\"@type\":\"ReadAction\",\"target\":[\"https:\/\/www.fiscalia.gov.co\/colombia\/noticias\/a-la-carcel-un-hombre-presuntamente-responsable-de-fracturarle-un-brazo-a-su-madre-en-medio-de-un-episodio-de-intolerancia\/\"]}]},{\"@type\":\"ImageObject\",\"inLanguage\":\"es-CO\",\"@id\":\"https:\/\/www.fiscalia.gov.co\/colombia\/noticias\/a-la-carcel-un-hombre-presuntamente-responsable-de-fracturarle-un-brazo-a-su-madre-en-medio-de-un-episodio-de-intolerancia\/#primaryimage\",\"url\":\"https:\/\/www.fiscalia.gov.co\/colombia\/wp-content\/uploads\/Victor-Hugo-Ruiz-Erazo-300x227.jpeg\",\"contentUrl\":\"https:\/\/www.fiscalia.gov.co\/colombia\/wp-content\/uploads\/Victor-Hugo-Ruiz-Erazo-300x227.jpeg\"},{\"@type\":\"BreadcrumbList\",\"@id\":\"https:\/\/www.fiscalia.gov.co\/colombia\/noticias\/a-la-carcel-un-hombre-presuntamente-responsable-de-fracturarle-un-brazo-a-su-madre-en-medio-de-un-episodio-de-intolerancia\/#breadcrumb\",\"itemListElement\":[{\"@type\":\"ListItem\",\"position\":1,\"name\":\"Home\",\"item\":\"https:\/\/www.fiscalia.gov.co\/colombia\/\"},{\"@type\":\"ListItem\",\"position\":2,\"name\":\"A la c\u00e1rcel un hombre presuntamente responsable de fracturarle un brazo a su madre, en medio de un episodio de intolerancia\"}]},{\"@type\":\"WebSite\",\"@id\":\"https:\/\/www.fiscalia.gov.co\/colombia\/#website\",\"url\":\"https:\/\/www.fiscalia.gov.co\/colombia\/\",\"name\":\"Fiscal\u00eda General de la Naci\u00f3n\",\"description\":\"P\u00e1gina oficial de la Fiscal\u00eda General de la Naci\u00f3n \u2013 Colombia. Garantizamos el acceso efectivo a la justicia, la verdad y la reparaci\u00f3n de las v\u00edctimas de los delitos.\",\"publisher\":{\"@id\":\"https:\/\/www.fiscalia.gov.co\/colombia\/#organization\"},\"potentialAction\":[{\"@type\":\"SearchAction\",\"target\":{\"@type\":\"EntryPoint\",\"urlTemplate\":\"https:\/\/www.fiscalia.gov.co\/colombia\/?s={search_term_string}\"},\"query-input\":{\"@type\":\"PropertyValueSpecification\",\"valueRequired\":true,\"valueName\":\"search_term_string\"}}],\"inLanguage\":\"es-CO\"},{\"@type\":\"Organization\",\"@id\":\"https:\/\/www.fiscalia.gov.co\/colombia\/#organization\",\"name\":\"Fiscal\u00eda General de la Naci\u00f3n\",\"url\":\"https:\/\/www.fiscalia.gov.co\/colombia\/\",\"logo\":{\"@type\":\"ImageObject\",\"inLanguage\":\"es-CO\",\"@id\":\"https:\/\/www.fiscalia.gov.co\/colombia\/#\/schema\/logo\/image\/\",\"url\":\"https:\/\/www.fiscalia.gov.co\/colombia\/wp-content\/uploads\/LogoHorizontal_1.jpg\",\"contentUrl\":\"https:\/\/www.fiscalia.gov.co\/colombia\/wp-content\/uploads\/LogoHorizontal_1.jpg\",\"width\":300,\"height\":90,\"caption\":\"Fiscal\u00eda General de la Naci\u00f3n\"},\"image\":{\"@id\":\"https:\/\/www.fiscalia.gov.co\/colombia\/#\/schema\/logo\/image\/\"},\"sameAs\":[\"https:\/\/www.facebook.com\/FiscaliaCol\",\"https:\/\/x.com\/FiscaliaCol\",\"https:\/\/www.instagram.com\/fiscaliacol\",\"https:\/\/www.linkedin.com\/company\/fiscalia-general-de-la-naci-n\/\",\"https:\/\/youtube.com\/@fiscaliageneraldelanacion-4668?si=6nN79nyQICPU5iTh\"]},{\"@type\":\"Person\",\"@id\":\"https:\/\/www.fiscalia.gov.co\/colombia\/#\/schema\/person\/176195b99ebab0a52aafa15197e1bf80\",\"name\":\"Winnie Geraldine Rodr\u00edguez Navarrete\",\"image\":{\"@type\":\"ImageObject\",\"inLanguage\":\"es-CO\",\"@id\":\"https:\/\/www.fiscalia.gov.co\/colombia\/#\/schema\/person\/image\/\",\"url\":\"https:\/\/secure.gravatar.com\/avatar\/c24cf8481dc84fa5e8c7b20bc95ab0c6?s=96&d=mm&r=g\",\"contentUrl\":\"https:\/\/secure.gravatar.com\/avatar\/c24cf8481dc84fa5e8c7b20bc95ab0c6?s=96&d=mm&r=g\",\"caption\":\"Winnie Geraldine Rodr\u00edguez Navarrete\"},\"url\":\"https:\/\/www.fiscalia.gov.co\/colombia\/author\/winnierodriguez\/\"}]}<\/script>\n<!-- \/ Yoast SEO plugin. -->","yoast_head_json":{"title":"Fiscal\u00eda General de la Naci\u00f3n","description":"P\u00e1gina oficial de la Fiscal\u00eda General de la Naci\u00f3n \u2013 Colombia. Garantizamos el acceso efectivo a la justicia, la verdad y la reparaci\u00f3n de las v\u00edctimas de los delitos.","robots":{"index":"noindex","follow":"follow"},"og_locale":"es_ES","og_type":"article","og_title":"Fiscal\u00eda General de la Naci\u00f3n","og_description":"P\u00e1gina oficial de la Fiscal\u00eda General de la Naci\u00f3n \u2013 Colombia. Garantizamos el acceso efectivo a la justicia, la verdad y la reparaci\u00f3n de las v\u00edctimas de los delitos.","og_url":"https:\/\/www.fiscalia.gov.co\/colombia\/noticias\/a-la-carcel-un-hombre-presuntamente-responsable-de-fracturarle-un-brazo-a-su-madre-en-medio-de-un-episodio-de-intolerancia\/","og_site_name":"Fiscal\u00eda General de la Naci\u00f3n","article_publisher":"https:\/\/www.facebook.com\/FiscaliaCol","article_published_time":"2023-04-20T21:44:54+00:00","article_modified_time":"2023-04-20T21:49:25+00:00","og_image":[{"url":"https:\/\/www.fiscalia.gov.co\/colombia\/wp-content\/uploads\/Victor-Hugo-Ruiz-Erazo-300x227.jpeg","type":"","width":"","height":""}],"author":"Winnie Geraldine Rodr\u00edguez Navarrete","twitter_card":"summary_large_image","twitter_creator":"@FiscaliaCol","twitter_site":"@FiscaliaCol","twitter_misc":{"Escrito por":"Winnie Geraldine Rodr\u00edguez Navarrete","Tiempo de lectura":"1 minuto"},"schema":{"@context":"https:\/\/schema.org","@graph":[{"@type":"Article","@id":"https:\/\/www.fiscalia.gov.co\/colombia\/noticias\/a-la-carcel-un-hombre-presuntamente-responsable-de-fracturarle-un-brazo-a-su-madre-en-medio-de-un-episodio-de-intolerancia\/#article","isPartOf":{"@id":"https:\/\/www.fiscalia.gov.co\/colombia\/noticias\/a-la-carcel-un-hombre-presuntamente-responsable-de-fracturarle-un-brazo-a-su-madre-en-medio-de-un-episodio-de-intolerancia\/"},"author":{"name":"Winnie Geraldine Rodr\u00edguez Navarrete","@id":"https:\/\/www.fiscalia.gov.co\/colombia\/#\/schema\/person\/176195b99ebab0a52aafa15197e1bf80"},"headline":"A la c\u00e1rcel un hombre presuntamente responsable de fracturarle un brazo a su madre, en medio de un episodio de intolerancia","datePublished":"2023-04-20T21:44:54+00:00","dateModified":"2023-04-20T21:49:25+00:00","mainEntityOfPage":{"@id":"https:\/\/www.fiscalia.gov.co\/colombia\/noticias\/a-la-carcel-un-hombre-presuntamente-responsable-de-fracturarle-un-brazo-a-su-madre-en-medio-de-un-episodio-de-intolerancia\/"},"wordCount":319,"publisher":{"@id":"https:\/\/www.fiscalia.gov.co\/colombia\/#organization"},"image":{"@id":"https:\/\/www.fiscalia.gov.co\/colombia\/noticias\/a-la-carcel-un-hombre-presuntamente-responsable-de-fracturarle-un-brazo-a-su-madre-en-medio-de-un-episodio-de-intolerancia\/#primaryimage"},"thumbnailUrl":"https:\/\/www.fiscalia.gov.co\/colombia\/wp-content\/uploads\/Victor-Hugo-Ruiz-Erazo-300x227.jpeg","keywords":["Puerto As\u00eds (Putumayo)"],"articleSection":["Noticias","Seccional Mocoa","Seccionales","Violencia sexual e intrafamiliar"],"inLanguage":"es-CO"},{"@type":"WebPage","@id":"https:\/\/www.fiscalia.gov.co\/colombia\/noticias\/a-la-carcel-un-hombre-presuntamente-responsable-de-fracturarle-un-brazo-a-su-madre-en-medio-de-un-episodio-de-intolerancia\/","url":"https:\/\/www.fiscalia.gov.co\/colombia\/noticias\/a-la-carcel-un-hombre-presuntamente-responsable-de-fracturarle-un-brazo-a-su-madre-en-medio-de-un-episodio-de-intolerancia\/","name":"Fiscal\u00eda General de la Naci\u00f3n","isPartOf":{"@id":"https:\/\/www.fiscalia.gov.co\/colombia\/#website"},"primaryImageOfPage":{"@id":"https:\/\/www.fiscalia.gov.co\/colombia\/noticias\/a-la-carcel-un-hombre-presuntamente-responsable-de-fracturarle-un-brazo-a-su-madre-en-medio-de-un-episodio-de-intolerancia\/#primaryimage"},"image":{"@id":"https:\/\/www.fiscalia.gov.co\/colombia\/noticias\/a-la-carcel-un-hombre-presuntamente-responsable-de-fracturarle-un-brazo-a-su-madre-en-medio-de-un-episodio-de-intolerancia\/#primaryimage"},"thumbnailUrl":"https:\/\/www.fiscalia.gov.co\/colombia\/wp-content\/uploads\/Victor-Hugo-Ruiz-Erazo-300x227.jpeg","datePublished":"2023-04-20T21:44:54+00:00","dateModified":"2023-04-20T21:49:25+00:00","description":"P\u00e1gina oficial de la Fiscal\u00eda General de la Naci\u00f3n \u2013 Colombia. Garantizamos el acceso efectivo a la justicia, la verdad y la reparaci\u00f3n de las v\u00edctimas de los delitos.","breadcrumb":{"@id":"https:\/\/www.fiscalia.gov.co\/colombia\/noticias\/a-la-carcel-un-hombre-presuntamente-responsable-de-fracturarle-un-brazo-a-su-madre-en-medio-de-un-episodio-de-intolerancia\/#breadcrumb"},"inLanguage":"es-CO","potentialAction":[{"@type":"ReadAction","target":["https:\/\/www.fiscalia.gov.co\/colombia\/noticias\/a-la-carcel-un-hombre-presuntamente-responsable-de-fracturarle-un-brazo-a-su-madre-en-medio-de-un-episodio-de-intolerancia\/"]}]},{"@type":"ImageObject","inLanguage":"es-CO","@id":"https:\/\/www.fiscalia.gov.co\/colombia\/noticias\/a-la-carcel-un-hombre-presuntamente-responsable-de-fracturarle-un-brazo-a-su-madre-en-medio-de-un-episodio-de-intolerancia\/#primaryimage","url":"https:\/\/www.fiscalia.gov.co\/colombia\/wp-content\/uploads\/Victor-Hugo-Ruiz-Erazo-300x227.jpeg","contentUrl":"https:\/\/www.fiscalia.gov.co\/colombia\/wp-content\/uploads\/Victor-Hugo-Ruiz-Erazo-300x227.jpeg"},{"@type":"BreadcrumbList","@id":"https:\/\/www.fiscalia.gov.co\/colombia\/noticias\/a-la-carcel-un-hombre-presuntamente-responsable-de-fracturarle-un-brazo-a-su-madre-en-medio-de-un-episodio-de-intolerancia\/#breadcrumb","itemListElement":[{"@type":"ListItem","position":1,"name":"Home","item":"https:\/\/www.fiscalia.gov.co\/colombia\/"},{"@type":"ListItem","position":2,"name":"A la c\u00e1rcel un hombre presuntamente responsable de fracturarle un brazo a su madre, en medio de un episodio de intolerancia"}]},{"@type":"WebSite","@id":"https:\/\/www.fiscalia.gov.co\/colombia\/#website","url":"https:\/\/www.fiscalia.gov.co\/colombia\/","name":"Fiscal\u00eda General de la Naci\u00f3n","description":"P\u00e1gina oficial de la Fiscal\u00eda General de la Naci\u00f3n \u2013 Colombia. Garantizamos el acceso efectivo a la justicia, la verdad y la reparaci\u00f3n de las v\u00edctimas de los delitos.","publisher":{"@id":"https:\/\/www.fiscalia.gov.co\/colombia\/#organization"},"potentialAction":[{"@type":"SearchAction","target":{"@type":"EntryPoint","urlTemplate":"https:\/\/www.fiscalia.gov.co\/colombia\/?s={search_term_string}"},"query-input":{"@type":"PropertyValueSpecification","valueRequired":true,"valueName":"search_term_string"}}],"inLanguage":"es-CO"},{"@type":"Organization","@id":"https:\/\/www.fiscalia.gov.co\/colombia\/#organization","name":"Fiscal\u00eda General de la Naci\u00f3n","url":"https:\/\/www.fiscalia.gov.co\/colombia\/","logo":{"@type":"ImageObject","inLanguage":"es-CO","@id":"https:\/\/www.fiscalia.gov.co\/colombia\/#\/schema\/logo\/image\/","url":"https:\/\/www.fiscalia.gov.co\/colombia\/wp-content\/uploads\/LogoHorizontal_1.jpg","contentUrl":"https:\/\/www.fiscalia.gov.co\/colombia\/wp-content\/uploads\/LogoHorizontal_1.jpg","width":300,"height":90,"caption":"Fiscal\u00eda General de la Naci\u00f3n"},"image":{"@id":"https:\/\/www.fiscalia.gov.co\/colombia\/#\/schema\/logo\/image\/"},"sameAs":["https:\/\/www.facebook.com\/FiscaliaCol","https:\/\/x.com\/FiscaliaCol","https:\/\/www.instagram.com\/fiscaliacol","https:\/\/www.linkedin.com\/company\/fiscalia-general-de-la-naci-n\/","https:\/\/youtube.com\/@fiscaliageneraldelanacion-4668?si=6nN79nyQICPU5iTh"]},{"@type":"Person","@id":"https:\/\/www.fiscalia.gov.co\/colombia\/#\/schema\/person\/176195b99ebab0a52aafa15197e1bf80","name":"Winnie Geraldine Rodr\u00edguez Navarrete","image":{"@type":"ImageObject","inLanguage":"es-CO","@id":"https:\/\/www.fiscalia.gov.co\/colombia\/#\/schema\/person\/image\/","url":"https:\/\/secure.gravatar.com\/avatar\/c24cf8481dc84fa5e8c7b20bc95ab0c6?s=96&d=mm&r=g","contentUrl":"https:\/\/secure.gravatar.com\/avatar\/c24cf8481dc84fa5e8c7b20bc95ab0c6?s=96&d=mm&r=g","caption":"Winnie Geraldine Rodr\u00edguez Navarrete"},"url":"https:\/\/www.fiscalia.gov.co\/colombia\/author\/winnierodriguez\/"}]}},"_links":{"self":[{"href":"https:\/\/www.fiscalia.gov.co\/colombia\/wp-json\/wp\/v2\/posts\/270096","targetHints":{"allow":["GET"]}}],"collection":[{"href":"https:\/\/www.fiscalia.gov.co\/colombia\/wp-json\/wp\/v2\/posts"}],"about":[{"href":"https:\/\/www.fiscalia.gov.co\/colombia\/wp-json\/wp\/v2\/types\/post"}],"author":[{"embeddable":true,"href":"https:\/\/www.fiscalia.gov.co\/colombia\/wp-json\/wp\/v2\/users\/178"}],"replies":[{"embeddable":true,"href":"https:\/\/www.fiscalia.gov.co\/colombia\/wp-json\/wp\/v2\/comments?post=270096"}],"version-history":[{"count":2,"href":"https:\/\/www.fiscalia.gov.co\/colombia\/wp-json\/wp\/v2\/posts\/270096\/revisions"}],"predecessor-version":[{"id":270099,"href":"https:\/\/www.fiscalia.gov.co\/colombia\/wp-json\/wp\/v2\/posts\/270096\/revisions\/270099"}],"wp:attachment":[{"href":"https:\/\/www.fiscalia.gov.co\/colombia\/wp-json\/wp\/v2\/media?parent=270096"}],"wp:term":[{"taxonomy":"category","embeddable":true,"href":"https:\/\/www.fiscalia.gov.co\/colombia\/wp-json\/wp\/v2\/categories?post=270096"},{"taxonomy":"post_tag","embeddable":true,"href":"https:\/\/www.fiscalia.gov.co\/colombia\/wp-json\/wp\/v2\/tags?post=270096"}],"curies":[{"name":"wp","href":"https:\/\/api.w.org\/{rel}","templated":true}]}}