{"id":269992,"date":"2023-04-19T15:52:44","date_gmt":"2023-04-19T20:52:44","guid":{"rendered":"https:\/\/www.fiscalia.gov.co\/colombia\/?p=269992"},"modified":"2023-04-19T15:52:44","modified_gmt":"2023-04-19T20:52:44","slug":"condenado-a-48-anos-de-prision-por-homicidio-de-ganadero-en-caqueta","status":"publish","type":"post","link":"https:\/\/www.fiscalia.gov.co\/colombia\/noticias\/condenado-a-48-anos-de-prision-por-homicidio-de-ganadero-en-caqueta\/","title":{"rendered":"Condenado a 48 a\u00f1os de prisi\u00f3n por homicidio de ganadero en Caquet\u00e1"},"content":{"rendered":"<h4><strong><em>Tambi\u00e9n fue acusado por la tentativa de homicidio del ayudante.\u00a0<\/em><\/strong><\/h4>\n<p>A 48 a\u00f1os de prisi\u00f3n fue condenado por un juzgado penal del circuito de Puerto Rico (Caquet\u00e1), Wilmer Yag\u00fce Garc\u00eda, luego que la Fiscal\u00eda a trav\u00e9s de un despacho seccional de esa misma municipalidad, demostrara la culpabilidad del hombre en el homicidio de un ganadero y la tentativa de homicidio en contra de su ayudante en hechos ocurridos el 19 de agosto del a\u00f1o 2020 en el municipio caquete\u00f1o de El Doncello.<\/p>\n<p>El hombre fue hallado penalmente responsable de segar la vida del ganadero con el \u00fanico fin de apoderarse de varias cabezas de ganado de propiedad de la v\u00edctima.<\/p>\n<p>Todo ocurri\u00f3 cuando el condenado condujo a la v\u00edctima Jorge Harley P\u00e9rez Correa y a Jos\u00e9 Ra\u00fal Henao, ayudante de \u00e9sta, hasta la vereda Anayasito, sitio conocido como El Chorrito junto al r\u00edo Anaya, con el pretexto de mostrarle un ganado para un posible negocio.\u00a0Los tres se desplazaban en dos motocicletas.<\/p>\n<figure id=\"attachment_269993\" aria-describedby=\"caption-attachment-269993\" style=\"width: 359px\" class=\"wp-caption aligncenter\"><img loading=\"lazy\" decoding=\"async\" class=\" wp-image-269993\" src=\"https:\/\/www.fiscalia.gov.co\/colombia\/wp-content\/uploads\/condenado-por-homicidio-de-ganadero-300x288.jpeg\" alt=\"Wilmer Yag\u00fce Garc\u00eda fue plenamente identificado por el ayudante de ganadero quien logr\u00f3 huir malherido. El d\u00eda de los hechos fue detenido.\" width=\"359\" height=\"345\" srcset=\"https:\/\/www.fiscalia.gov.co\/colombia\/wp-content\/uploads\/condenado-por-homicidio-de-ganadero-300x288.jpeg 300w, https:\/\/www.fiscalia.gov.co\/colombia\/wp-content\/uploads\/condenado-por-homicidio-de-ganadero-1024x984.jpeg 1024w, https:\/\/www.fiscalia.gov.co\/colombia\/wp-content\/uploads\/condenado-por-homicidio-de-ganadero-768x738.jpeg 768w, https:\/\/www.fiscalia.gov.co\/colombia\/wp-content\/uploads\/condenado-por-homicidio-de-ganadero-696x669.jpeg 696w, https:\/\/www.fiscalia.gov.co\/colombia\/wp-content\/uploads\/condenado-por-homicidio-de-ganadero-1068x1026.jpeg 1068w, https:\/\/www.fiscalia.gov.co\/colombia\/wp-content\/uploads\/condenado-por-homicidio-de-ganadero-437x420.jpeg 437w, https:\/\/www.fiscalia.gov.co\/colombia\/wp-content\/uploads\/condenado-por-homicidio-de-ganadero.jpeg 1276w\" sizes=\"auto, (max-width: 359px) 100vw, 359px\" \/><figcaption id=\"caption-attachment-269993\" class=\"wp-caption-text\">Wilmer Yag\u00fce Garc\u00eda fue plenamente identificado por el ayudante de ganadero quien logr\u00f3 huir malherido. El d\u00eda de los hechos fue detenido.<\/figcaption><\/figure>\n<p>Al llegar al lugar donde el victimario les mostrar\u00eda el ganado, les pidi\u00f3 que abrieran un port\u00f3n para \u00e9l ingresar en su motocicleta y fue en momento en que abri\u00f3 fuego en su contra, caus\u00e1ndole la muerte al ganadero, mientras que su ayudante quiso enfrentarlo, pero fue herido y prefiri\u00f3 huir para as\u00ed dar aviso a las autoridades.<\/p>\n<p>El agresor, pensando que hab\u00eda consumado el hecho, se dirigi\u00f3 hacia el\u00a0municipio a reclamar 24 reses de propiedad del se\u00f1or P\u00e9rez Correa avaluadas en $50.000.000,\u00a0aduciendo que hab\u00eda cerrado el negocio con \u00e9l<strong>;<\/strong>\u00a0sin embargo, esto se frustr\u00f3 cuando se conoci\u00f3 de la muerte de la v\u00edctima, por lo que el indiciado intent\u00f3 huir, pero fue detenido por las autoridades.<\/p>\n<p>La Polic\u00eda Nacional ese mismo d\u00eda realiz\u00f3 diligencia de registro y allanamiento a la vivienda del endilgado logr\u00e1ndose recolectar suficientes elementos materiales de prueba para demostrar su autor\u00eda en el hecho. Esta decisi\u00f3n es de primera instancia y sobre ella proceden los recursos de ley.<\/p>\n<p><strong>La Fiscal\u00eda habla con resultados.<\/strong><\/p>\n<p>&nbsp;<\/p>\n<p>&nbsp;<\/p>\n<p>&nbsp;<\/p>\n<p>PAAM\/VHGB\/AA\/NBQ\/DSC<\/p>\n<p>&nbsp;<\/p>\n<p>&nbsp;<\/p>\n<p>&nbsp;<\/p>\n<p><em>La informaci\u00f3n contenida en este bolet\u00edn de prensa corresponde a la narraci\u00f3n de los hechos noticiosos objetivos, suministrados por los funcionarios encargados de adelantar las investigaciones penales al interior de la Fiscal\u00eda General de la Naci\u00f3n. Para el momento de la divulgaci\u00f3n de este comunicado, la situaci\u00f3n jur\u00eddica de la(s) persona(s) relacionada(s) se encuentra pendiente de resolver por la autoridad judicial competente, siempre bajo los preceptos de la presunci\u00f3n de inocencia, consagrados en el art\u00edculo 29 de la Constituci\u00f3n Pol\u00edtica y el art\u00edculo 7\u00ba de la Ley 906 de 2004.<\/em><\/p>\n\n<div class=\"twitter-share\"><a href=\"https:\/\/twitter.com\/intent\/tweet?via=fiscaliacol\" class=\"twitter-share-button\">Tweet<\/a><\/div>\n","protected":false},"excerpt":{"rendered":"<p>Tambi\u00e9n fue acusado por la tentativa de homicidio del ayudante.\u00a0 A 48 a\u00f1os de prisi\u00f3n fue condenado por un juzgado penal del circuito de Puerto Rico (Caquet\u00e1), Wilmer Yag\u00fce Garc\u00eda, luego que la Fiscal\u00eda a trav\u00e9s de un despacho seccional de esa misma municipalidad, demostrara la culpabilidad del hombre en el homicidio de un ganadero [&hellip;]<\/p>\n","protected":false},"author":178,"featured_media":0,"comment_status":"closed","ping_status":"open","sticky":false,"template":"","format":"standard","meta":{"_price":"","_stock":"","_tribe_ticket_header":"","_tribe_default_ticket_provider":"","_tribe_ticket_capacity":"0","_ticket_start_date":"","_ticket_end_date":"","_tribe_ticket_show_description":"","_tribe_ticket_show_not_going":false,"_tribe_ticket_use_global_stock":"","_tribe_ticket_global_stock_level":"","_global_stock_mode":"","_global_stock_cap":"","_tribe_rsvp_for_event":"","_tribe_ticket_going_count":"","_tribe_ticket_not_going_count":"","_tribe_tickets_list":"[]","_tribe_ticket_has_attendee_info_fields":false,"tdm_status":"","tdm_grid_status":"","footnotes":""},"categories":[1,24099],"tags":[34409,924,6489,293,34410,34408,1047,23822,8007,16735,686,23972,698,23955,30239,975,479],"class_list":{"0":"post-269992","1":"post","2":"type-post","3":"status-publish","4":"format-standard","6":"category-noticias","7":"category-seguridad-territorial","8":"tag-ayudante","9":"tag-captura","10":"tag-caqueta","11":"tag-condena","12":"tag-doncello","13":"tag-el-doncello-caqueta","14":"tag-fiscalia-general-de-la-nacion","15":"tag-florencia","16":"tag-ganadero","17":"tag-ganado","18":"tag-homicidio-agravado","19":"tag-policia","20":"tag-porte-de-armas","21":"tag-puerto-rico","22":"tag-seguridad-territorial","23":"tag-sentencia","24":"tag-tentativa-de-homicidio"},"yoast_head":"<!-- This site is optimized with the Yoast SEO plugin v24.3 - https:\/\/yoast.com\/wordpress\/plugins\/seo\/ -->\n<title>Fiscal\u00eda General de la Naci\u00f3n<\/title>\n<meta name=\"description\" content=\"P\u00e1gina oficial de la Fiscal\u00eda General de la Naci\u00f3n \u2013 Colombia. Garantizamos el acceso efectivo a la justicia, la verdad y la reparaci\u00f3n de las v\u00edctimas de los delitos.\" \/>\n<meta name=\"robots\" content=\"noindex, follow\" \/>\n<meta property=\"og:locale\" content=\"es_ES\" \/>\n<meta property=\"og:type\" content=\"article\" \/>\n<meta property=\"og:title\" content=\"Fiscal\u00eda General de la Naci\u00f3n\" \/>\n<meta property=\"og:description\" content=\"P\u00e1gina oficial de la Fiscal\u00eda General de la Naci\u00f3n \u2013 Colombia. Garantizamos el acceso efectivo a la justicia, la verdad y la reparaci\u00f3n de las v\u00edctimas de los delitos.\" \/>\n<meta property=\"og:url\" content=\"https:\/\/www.fiscalia.gov.co\/colombia\/noticias\/condenado-a-48-anos-de-prision-por-homicidio-de-ganadero-en-caqueta\/\" \/>\n<meta property=\"og:site_name\" content=\"Fiscal\u00eda General de la Naci\u00f3n\" \/>\n<meta property=\"article:publisher\" content=\"https:\/\/www.facebook.com\/FiscaliaCol\" \/>\n<meta property=\"article:published_time\" content=\"2023-04-19T20:52:44+00:00\" \/>\n<meta property=\"og:image\" content=\"https:\/\/www.fiscalia.gov.co\/colombia\/wp-content\/uploads\/condenado-por-homicidio-de-ganadero-300x288.jpeg\" \/>\n<meta name=\"author\" content=\"Winnie Geraldine Rodr\u00edguez Navarrete\" \/>\n<meta name=\"twitter:card\" content=\"summary_large_image\" \/>\n<meta name=\"twitter:creator\" content=\"@FiscaliaCol\" \/>\n<meta name=\"twitter:site\" content=\"@FiscaliaCol\" \/>\n<meta name=\"twitter:label1\" content=\"Escrito por\" \/>\n\t<meta name=\"twitter:data1\" content=\"Winnie Geraldine Rodr\u00edguez Navarrete\" \/>\n\t<meta name=\"twitter:label2\" content=\"Tiempo de lectura\" \/>\n\t<meta name=\"twitter:data2\" content=\"2 minutos\" \/>\n<script type=\"application\/ld+json\" class=\"yoast-schema-graph\">{\"@context\":\"https:\/\/schema.org\",\"@graph\":[{\"@type\":\"Article\",\"@id\":\"https:\/\/www.fiscalia.gov.co\/colombia\/noticias\/condenado-a-48-anos-de-prision-por-homicidio-de-ganadero-en-caqueta\/#article\",\"isPartOf\":{\"@id\":\"https:\/\/www.fiscalia.gov.co\/colombia\/noticias\/condenado-a-48-anos-de-prision-por-homicidio-de-ganadero-en-caqueta\/\"},\"author\":{\"name\":\"Winnie Geraldine Rodr\u00edguez Navarrete\",\"@id\":\"https:\/\/www.fiscalia.gov.co\/colombia\/#\/schema\/person\/176195b99ebab0a52aafa15197e1bf80\"},\"headline\":\"Condenado a 48 a\u00f1os de prisi\u00f3n por homicidio de ganadero en Caquet\u00e1\",\"datePublished\":\"2023-04-19T20:52:44+00:00\",\"dateModified\":\"2023-04-19T20:52:44+00:00\",\"mainEntityOfPage\":{\"@id\":\"https:\/\/www.fiscalia.gov.co\/colombia\/noticias\/condenado-a-48-anos-de-prision-por-homicidio-de-ganadero-en-caqueta\/\"},\"wordCount\":512,\"publisher\":{\"@id\":\"https:\/\/www.fiscalia.gov.co\/colombia\/#organization\"},\"image\":{\"@id\":\"https:\/\/www.fiscalia.gov.co\/colombia\/noticias\/condenado-a-48-anos-de-prision-por-homicidio-de-ganadero-en-caqueta\/#primaryimage\"},\"thumbnailUrl\":\"https:\/\/www.fiscalia.gov.co\/colombia\/wp-content\/uploads\/condenado-por-homicidio-de-ganadero-300x288.jpeg\",\"keywords\":[\"ayudante\",\"Captura\",\"Caquet\u00e1\",\"Condena\",\"Doncello\",\"El Doncello (Caquet\u00e1)\",\"Fiscal\u00eda General de la Naci\u00f3n\",\"Florencia\",\"Ganadero\",\"Ganado\",\"Homicidio agravado\",\"Polic\u00eda\",\"Porte de armas\",\"Puerto Rico\",\"Seguridad territorial\",\"Sentencia\",\"Tentativa de homicidio\"],\"articleSection\":[\"Noticias\",\"Seguridad territorial\"],\"inLanguage\":\"es-CO\"},{\"@type\":\"WebPage\",\"@id\":\"https:\/\/www.fiscalia.gov.co\/colombia\/noticias\/condenado-a-48-anos-de-prision-por-homicidio-de-ganadero-en-caqueta\/\",\"url\":\"https:\/\/www.fiscalia.gov.co\/colombia\/noticias\/condenado-a-48-anos-de-prision-por-homicidio-de-ganadero-en-caqueta\/\",\"name\":\"Fiscal\u00eda General de la Naci\u00f3n\",\"isPartOf\":{\"@id\":\"https:\/\/www.fiscalia.gov.co\/colombia\/#website\"},\"primaryImageOfPage\":{\"@id\":\"https:\/\/www.fiscalia.gov.co\/colombia\/noticias\/condenado-a-48-anos-de-prision-por-homicidio-de-ganadero-en-caqueta\/#primaryimage\"},\"image\":{\"@id\":\"https:\/\/www.fiscalia.gov.co\/colombia\/noticias\/condenado-a-48-anos-de-prision-por-homicidio-de-ganadero-en-caqueta\/#primaryimage\"},\"thumbnailUrl\":\"https:\/\/www.fiscalia.gov.co\/colombia\/wp-content\/uploads\/condenado-por-homicidio-de-ganadero-300x288.jpeg\",\"datePublished\":\"2023-04-19T20:52:44+00:00\",\"dateModified\":\"2023-04-19T20:52:44+00:00\",\"description\":\"P\u00e1gina oficial de la Fiscal\u00eda General de la Naci\u00f3n \u2013 Colombia. Garantizamos el acceso efectivo a la justicia, la verdad y la reparaci\u00f3n de las v\u00edctimas de los delitos.\",\"breadcrumb\":{\"@id\":\"https:\/\/www.fiscalia.gov.co\/colombia\/noticias\/condenado-a-48-anos-de-prision-por-homicidio-de-ganadero-en-caqueta\/#breadcrumb\"},\"inLanguage\":\"es-CO\",\"potentialAction\":[{\"@type\":\"ReadAction\",\"target\":[\"https:\/\/www.fiscalia.gov.co\/colombia\/noticias\/condenado-a-48-anos-de-prision-por-homicidio-de-ganadero-en-caqueta\/\"]}]},{\"@type\":\"ImageObject\",\"inLanguage\":\"es-CO\",\"@id\":\"https:\/\/www.fiscalia.gov.co\/colombia\/noticias\/condenado-a-48-anos-de-prision-por-homicidio-de-ganadero-en-caqueta\/#primaryimage\",\"url\":\"https:\/\/www.fiscalia.gov.co\/colombia\/wp-content\/uploads\/condenado-por-homicidio-de-ganadero-300x288.jpeg\",\"contentUrl\":\"https:\/\/www.fiscalia.gov.co\/colombia\/wp-content\/uploads\/condenado-por-homicidio-de-ganadero-300x288.jpeg\"},{\"@type\":\"BreadcrumbList\",\"@id\":\"https:\/\/www.fiscalia.gov.co\/colombia\/noticias\/condenado-a-48-anos-de-prision-por-homicidio-de-ganadero-en-caqueta\/#breadcrumb\",\"itemListElement\":[{\"@type\":\"ListItem\",\"position\":1,\"name\":\"Home\",\"item\":\"https:\/\/www.fiscalia.gov.co\/colombia\/\"},{\"@type\":\"ListItem\",\"position\":2,\"name\":\"Condenado a 48 a\u00f1os de prisi\u00f3n por homicidio de ganadero en Caquet\u00e1\"}]},{\"@type\":\"WebSite\",\"@id\":\"https:\/\/www.fiscalia.gov.co\/colombia\/#website\",\"url\":\"https:\/\/www.fiscalia.gov.co\/colombia\/\",\"name\":\"Fiscal\u00eda General de la Naci\u00f3n\",\"description\":\"P\u00e1gina oficial de la Fiscal\u00eda General de la Naci\u00f3n \u2013 Colombia. Garantizamos el acceso efectivo a la justicia, la verdad y la reparaci\u00f3n de las v\u00edctimas de los delitos.\",\"publisher\":{\"@id\":\"https:\/\/www.fiscalia.gov.co\/colombia\/#organization\"},\"potentialAction\":[{\"@type\":\"SearchAction\",\"target\":{\"@type\":\"EntryPoint\",\"urlTemplate\":\"https:\/\/www.fiscalia.gov.co\/colombia\/?s={search_term_string}\"},\"query-input\":{\"@type\":\"PropertyValueSpecification\",\"valueRequired\":true,\"valueName\":\"search_term_string\"}}],\"inLanguage\":\"es-CO\"},{\"@type\":\"Organization\",\"@id\":\"https:\/\/www.fiscalia.gov.co\/colombia\/#organization\",\"name\":\"Fiscal\u00eda General de la Naci\u00f3n\",\"url\":\"https:\/\/www.fiscalia.gov.co\/colombia\/\",\"logo\":{\"@type\":\"ImageObject\",\"inLanguage\":\"es-CO\",\"@id\":\"https:\/\/www.fiscalia.gov.co\/colombia\/#\/schema\/logo\/image\/\",\"url\":\"https:\/\/www.fiscalia.gov.co\/colombia\/wp-content\/uploads\/LogoHorizontal_1.jpg\",\"contentUrl\":\"https:\/\/www.fiscalia.gov.co\/colombia\/wp-content\/uploads\/LogoHorizontal_1.jpg\",\"width\":300,\"height\":90,\"caption\":\"Fiscal\u00eda General de la Naci\u00f3n\"},\"image\":{\"@id\":\"https:\/\/www.fiscalia.gov.co\/colombia\/#\/schema\/logo\/image\/\"},\"sameAs\":[\"https:\/\/www.facebook.com\/FiscaliaCol\",\"https:\/\/x.com\/FiscaliaCol\",\"https:\/\/www.instagram.com\/fiscaliacol\",\"https:\/\/www.linkedin.com\/company\/fiscalia-general-de-la-naci-n\/\",\"https:\/\/youtube.com\/@fiscaliageneraldelanacion-4668?si=6nN79nyQICPU5iTh\"]},{\"@type\":\"Person\",\"@id\":\"https:\/\/www.fiscalia.gov.co\/colombia\/#\/schema\/person\/176195b99ebab0a52aafa15197e1bf80\",\"name\":\"Winnie Geraldine Rodr\u00edguez Navarrete\",\"image\":{\"@type\":\"ImageObject\",\"inLanguage\":\"es-CO\",\"@id\":\"https:\/\/www.fiscalia.gov.co\/colombia\/#\/schema\/person\/image\/\",\"url\":\"https:\/\/secure.gravatar.com\/avatar\/c24cf8481dc84fa5e8c7b20bc95ab0c6?s=96&d=mm&r=g\",\"contentUrl\":\"https:\/\/secure.gravatar.com\/avatar\/c24cf8481dc84fa5e8c7b20bc95ab0c6?s=96&d=mm&r=g\",\"caption\":\"Winnie Geraldine Rodr\u00edguez Navarrete\"},\"url\":\"https:\/\/www.fiscalia.gov.co\/colombia\/author\/winnierodriguez\/\"}]}<\/script>\n<!-- \/ Yoast SEO plugin. -->","yoast_head_json":{"title":"Fiscal\u00eda General de la Naci\u00f3n","description":"P\u00e1gina oficial de la Fiscal\u00eda General de la Naci\u00f3n \u2013 Colombia. Garantizamos el acceso efectivo a la justicia, la verdad y la reparaci\u00f3n de las v\u00edctimas de los delitos.","robots":{"index":"noindex","follow":"follow"},"og_locale":"es_ES","og_type":"article","og_title":"Fiscal\u00eda General de la Naci\u00f3n","og_description":"P\u00e1gina oficial de la Fiscal\u00eda General de la Naci\u00f3n \u2013 Colombia. Garantizamos el acceso efectivo a la justicia, la verdad y la reparaci\u00f3n de las v\u00edctimas de los delitos.","og_url":"https:\/\/www.fiscalia.gov.co\/colombia\/noticias\/condenado-a-48-anos-de-prision-por-homicidio-de-ganadero-en-caqueta\/","og_site_name":"Fiscal\u00eda General de la Naci\u00f3n","article_publisher":"https:\/\/www.facebook.com\/FiscaliaCol","article_published_time":"2023-04-19T20:52:44+00:00","og_image":[{"url":"https:\/\/www.fiscalia.gov.co\/colombia\/wp-content\/uploads\/condenado-por-homicidio-de-ganadero-300x288.jpeg","type":"","width":"","height":""}],"author":"Winnie Geraldine Rodr\u00edguez Navarrete","twitter_card":"summary_large_image","twitter_creator":"@FiscaliaCol","twitter_site":"@FiscaliaCol","twitter_misc":{"Escrito por":"Winnie Geraldine Rodr\u00edguez Navarrete","Tiempo de lectura":"2 minutos"},"schema":{"@context":"https:\/\/schema.org","@graph":[{"@type":"Article","@id":"https:\/\/www.fiscalia.gov.co\/colombia\/noticias\/condenado-a-48-anos-de-prision-por-homicidio-de-ganadero-en-caqueta\/#article","isPartOf":{"@id":"https:\/\/www.fiscalia.gov.co\/colombia\/noticias\/condenado-a-48-anos-de-prision-por-homicidio-de-ganadero-en-caqueta\/"},"author":{"name":"Winnie Geraldine Rodr\u00edguez Navarrete","@id":"https:\/\/www.fiscalia.gov.co\/colombia\/#\/schema\/person\/176195b99ebab0a52aafa15197e1bf80"},"headline":"Condenado a 48 a\u00f1os de prisi\u00f3n por homicidio de ganadero en Caquet\u00e1","datePublished":"2023-04-19T20:52:44+00:00","dateModified":"2023-04-19T20:52:44+00:00","mainEntityOfPage":{"@id":"https:\/\/www.fiscalia.gov.co\/colombia\/noticias\/condenado-a-48-anos-de-prision-por-homicidio-de-ganadero-en-caqueta\/"},"wordCount":512,"publisher":{"@id":"https:\/\/www.fiscalia.gov.co\/colombia\/#organization"},"image":{"@id":"https:\/\/www.fiscalia.gov.co\/colombia\/noticias\/condenado-a-48-anos-de-prision-por-homicidio-de-ganadero-en-caqueta\/#primaryimage"},"thumbnailUrl":"https:\/\/www.fiscalia.gov.co\/colombia\/wp-content\/uploads\/condenado-por-homicidio-de-ganadero-300x288.jpeg","keywords":["ayudante","Captura","Caquet\u00e1","Condena","Doncello","El Doncello (Caquet\u00e1)","Fiscal\u00eda General de la Naci\u00f3n","Florencia","Ganadero","Ganado","Homicidio agravado","Polic\u00eda","Porte de armas","Puerto Rico","Seguridad territorial","Sentencia","Tentativa de homicidio"],"articleSection":["Noticias","Seguridad territorial"],"inLanguage":"es-CO"},{"@type":"WebPage","@id":"https:\/\/www.fiscalia.gov.co\/colombia\/noticias\/condenado-a-48-anos-de-prision-por-homicidio-de-ganadero-en-caqueta\/","url":"https:\/\/www.fiscalia.gov.co\/colombia\/noticias\/condenado-a-48-anos-de-prision-por-homicidio-de-ganadero-en-caqueta\/","name":"Fiscal\u00eda General de la Naci\u00f3n","isPartOf":{"@id":"https:\/\/www.fiscalia.gov.co\/colombia\/#website"},"primaryImageOfPage":{"@id":"https:\/\/www.fiscalia.gov.co\/colombia\/noticias\/condenado-a-48-anos-de-prision-por-homicidio-de-ganadero-en-caqueta\/#primaryimage"},"image":{"@id":"https:\/\/www.fiscalia.gov.co\/colombia\/noticias\/condenado-a-48-anos-de-prision-por-homicidio-de-ganadero-en-caqueta\/#primaryimage"},"thumbnailUrl":"https:\/\/www.fiscalia.gov.co\/colombia\/wp-content\/uploads\/condenado-por-homicidio-de-ganadero-300x288.jpeg","datePublished":"2023-04-19T20:52:44+00:00","dateModified":"2023-04-19T20:52:44+00:00","description":"P\u00e1gina oficial de la Fiscal\u00eda General de la Naci\u00f3n \u2013 Colombia. Garantizamos el acceso efectivo a la justicia, la verdad y la reparaci\u00f3n de las v\u00edctimas de los delitos.","breadcrumb":{"@id":"https:\/\/www.fiscalia.gov.co\/colombia\/noticias\/condenado-a-48-anos-de-prision-por-homicidio-de-ganadero-en-caqueta\/#breadcrumb"},"inLanguage":"es-CO","potentialAction":[{"@type":"ReadAction","target":["https:\/\/www.fiscalia.gov.co\/colombia\/noticias\/condenado-a-48-anos-de-prision-por-homicidio-de-ganadero-en-caqueta\/"]}]},{"@type":"ImageObject","inLanguage":"es-CO","@id":"https:\/\/www.fiscalia.gov.co\/colombia\/noticias\/condenado-a-48-anos-de-prision-por-homicidio-de-ganadero-en-caqueta\/#primaryimage","url":"https:\/\/www.fiscalia.gov.co\/colombia\/wp-content\/uploads\/condenado-por-homicidio-de-ganadero-300x288.jpeg","contentUrl":"https:\/\/www.fiscalia.gov.co\/colombia\/wp-content\/uploads\/condenado-por-homicidio-de-ganadero-300x288.jpeg"},{"@type":"BreadcrumbList","@id":"https:\/\/www.fiscalia.gov.co\/colombia\/noticias\/condenado-a-48-anos-de-prision-por-homicidio-de-ganadero-en-caqueta\/#breadcrumb","itemListElement":[{"@type":"ListItem","position":1,"name":"Home","item":"https:\/\/www.fiscalia.gov.co\/colombia\/"},{"@type":"ListItem","position":2,"name":"Condenado a 48 a\u00f1os de prisi\u00f3n por homicidio de ganadero en Caquet\u00e1"}]},{"@type":"WebSite","@id":"https:\/\/www.fiscalia.gov.co\/colombia\/#website","url":"https:\/\/www.fiscalia.gov.co\/colombia\/","name":"Fiscal\u00eda General de la Naci\u00f3n","description":"P\u00e1gina oficial de la Fiscal\u00eda General de la Naci\u00f3n \u2013 Colombia. Garantizamos el acceso efectivo a la justicia, la verdad y la reparaci\u00f3n de las v\u00edctimas de los delitos.","publisher":{"@id":"https:\/\/www.fiscalia.gov.co\/colombia\/#organization"},"potentialAction":[{"@type":"SearchAction","target":{"@type":"EntryPoint","urlTemplate":"https:\/\/www.fiscalia.gov.co\/colombia\/?s={search_term_string}"},"query-input":{"@type":"PropertyValueSpecification","valueRequired":true,"valueName":"search_term_string"}}],"inLanguage":"es-CO"},{"@type":"Organization","@id":"https:\/\/www.fiscalia.gov.co\/colombia\/#organization","name":"Fiscal\u00eda General de la Naci\u00f3n","url":"https:\/\/www.fiscalia.gov.co\/colombia\/","logo":{"@type":"ImageObject","inLanguage":"es-CO","@id":"https:\/\/www.fiscalia.gov.co\/colombia\/#\/schema\/logo\/image\/","url":"https:\/\/www.fiscalia.gov.co\/colombia\/wp-content\/uploads\/LogoHorizontal_1.jpg","contentUrl":"https:\/\/www.fiscalia.gov.co\/colombia\/wp-content\/uploads\/LogoHorizontal_1.jpg","width":300,"height":90,"caption":"Fiscal\u00eda General de la Naci\u00f3n"},"image":{"@id":"https:\/\/www.fiscalia.gov.co\/colombia\/#\/schema\/logo\/image\/"},"sameAs":["https:\/\/www.facebook.com\/FiscaliaCol","https:\/\/x.com\/FiscaliaCol","https:\/\/www.instagram.com\/fiscaliacol","https:\/\/www.linkedin.com\/company\/fiscalia-general-de-la-naci-n\/","https:\/\/youtube.com\/@fiscaliageneraldelanacion-4668?si=6nN79nyQICPU5iTh"]},{"@type":"Person","@id":"https:\/\/www.fiscalia.gov.co\/colombia\/#\/schema\/person\/176195b99ebab0a52aafa15197e1bf80","name":"Winnie Geraldine Rodr\u00edguez Navarrete","image":{"@type":"ImageObject","inLanguage":"es-CO","@id":"https:\/\/www.fiscalia.gov.co\/colombia\/#\/schema\/person\/image\/","url":"https:\/\/secure.gravatar.com\/avatar\/c24cf8481dc84fa5e8c7b20bc95ab0c6?s=96&d=mm&r=g","contentUrl":"https:\/\/secure.gravatar.com\/avatar\/c24cf8481dc84fa5e8c7b20bc95ab0c6?s=96&d=mm&r=g","caption":"Winnie Geraldine Rodr\u00edguez Navarrete"},"url":"https:\/\/www.fiscalia.gov.co\/colombia\/author\/winnierodriguez\/"}]}},"_links":{"self":[{"href":"https:\/\/www.fiscalia.gov.co\/colombia\/wp-json\/wp\/v2\/posts\/269992","targetHints":{"allow":["GET"]}}],"collection":[{"href":"https:\/\/www.fiscalia.gov.co\/colombia\/wp-json\/wp\/v2\/posts"}],"about":[{"href":"https:\/\/www.fiscalia.gov.co\/colombia\/wp-json\/wp\/v2\/types\/post"}],"author":[{"embeddable":true,"href":"https:\/\/www.fiscalia.gov.co\/colombia\/wp-json\/wp\/v2\/users\/178"}],"replies":[{"embeddable":true,"href":"https:\/\/www.fiscalia.gov.co\/colombia\/wp-json\/wp\/v2\/comments?post=269992"}],"version-history":[{"count":1,"href":"https:\/\/www.fiscalia.gov.co\/colombia\/wp-json\/wp\/v2\/posts\/269992\/revisions"}],"predecessor-version":[{"id":269994,"href":"https:\/\/www.fiscalia.gov.co\/colombia\/wp-json\/wp\/v2\/posts\/269992\/revisions\/269994"}],"wp:attachment":[{"href":"https:\/\/www.fiscalia.gov.co\/colombia\/wp-json\/wp\/v2\/media?parent=269992"}],"wp:term":[{"taxonomy":"category","embeddable":true,"href":"https:\/\/www.fiscalia.gov.co\/colombia\/wp-json\/wp\/v2\/categories?post=269992"},{"taxonomy":"post_tag","embeddable":true,"href":"https:\/\/www.fiscalia.gov.co\/colombia\/wp-json\/wp\/v2\/tags?post=269992"}],"curies":[{"name":"wp","href":"https:\/\/api.w.org\/{rel}","templated":true}]}}