{"id":269934,"date":"2023-04-19T10:31:01","date_gmt":"2023-04-19T15:31:01","guid":{"rendered":"https:\/\/www.fiscalia.gov.co\/colombia\/?p=269934"},"modified":"2023-04-19T11:06:01","modified_gmt":"2023-04-19T16:06:01","slug":"autoridades-tras-la-pista-de-persona-involucrada-en-homicidio-ocurrido-en-marzo-en-el-barrio-las-brisas-de-ibague","status":"publish","type":"post","link":"https:\/\/www.fiscalia.gov.co\/colombia\/noticias\/autoridades-tras-la-pista-de-persona-involucrada-en-homicidio-ocurrido-en-marzo-en-el-barrio-las-brisas-de-ibague\/","title":{"rendered":"Autoridades tras la pista de persona involucrada en homicidio ocurrido en marzo en el barrio Las Brisas de Ibagu\u00e9"},"content":{"rendered":"<p style=\"font-weight: 400;\">Con fines de identificaci\u00f3n, la Fiscal\u00eda General de la Naci\u00f3n Seccional Tolima solicita la colaboraci\u00f3n de los medios de comunicaci\u00f3n para publicar el retrato hablado de una persona que podr\u00eda estar involucrada en un homicidio ocurrido el 4 de marzo de 2023 en la calle 29 con carrera 3 sur, contiguo a la Instituci\u00f3n Educativa Antonio Reyes Uma\u00f1a, barrio Las Brisas de Ibagu\u00e9 (Tolima).<\/p>\n<p style=\"font-weight: 400;\">El implicado podr\u00eda estar relacionado con el homicidio del ciudadano Edison Perdomo quien fue ultimado con arma de fuego, por hombres que se movilizaban en dos motocicletas.<\/p>\n<p style=\"font-weight: 400;\">El retrato hablado elaborado por peritos del \u00e1rea de morfolog\u00eda del Cuerpo T\u00e9cnico de Investigaci\u00f3n de Ibagu\u00e9, responde a un hombre que oscila entre\u00a0los 38 a los 45 a\u00f1os de edad; de 1.60 a 1.65 metros de estatura; contextura obesa; tez morocha; cabello negro corto con entradas laterales amplias. Ojos oscuros y acento neutral.<\/p>\n<figure id=\"attachment_269935\" aria-describedby=\"caption-attachment-269935\" style=\"width: 333px\" class=\"wp-caption aligncenter\"><img loading=\"lazy\" decoding=\"async\" class=\" wp-image-269935\" src=\"https:\/\/www.fiscalia.gov.co\/colombia\/wp-content\/uploads\/retrato-hablado-caso-homicidio-las-brisas-ibague-marzo-2023-249x300.jpeg\" alt=\"Retrato hablado\" width=\"333\" height=\"401\" srcset=\"https:\/\/www.fiscalia.gov.co\/colombia\/wp-content\/uploads\/retrato-hablado-caso-homicidio-las-brisas-ibague-marzo-2023-249x300.jpeg 249w, https:\/\/www.fiscalia.gov.co\/colombia\/wp-content\/uploads\/retrato-hablado-caso-homicidio-las-brisas-ibague-marzo-2023-850x1024.jpeg 850w, https:\/\/www.fiscalia.gov.co\/colombia\/wp-content\/uploads\/retrato-hablado-caso-homicidio-las-brisas-ibague-marzo-2023-768x925.jpeg 768w, https:\/\/www.fiscalia.gov.co\/colombia\/wp-content\/uploads\/retrato-hablado-caso-homicidio-las-brisas-ibague-marzo-2023-1275x1536.jpeg 1275w, https:\/\/www.fiscalia.gov.co\/colombia\/wp-content\/uploads\/retrato-hablado-caso-homicidio-las-brisas-ibague-marzo-2023-696x839.jpeg 696w, https:\/\/www.fiscalia.gov.co\/colombia\/wp-content\/uploads\/retrato-hablado-caso-homicidio-las-brisas-ibague-marzo-2023-1068x1287.jpeg 1068w, https:\/\/www.fiscalia.gov.co\/colombia\/wp-content\/uploads\/retrato-hablado-caso-homicidio-las-brisas-ibague-marzo-2023-349x420.jpeg 349w, https:\/\/www.fiscalia.gov.co\/colombia\/wp-content\/uploads\/retrato-hablado-caso-homicidio-las-brisas-ibague-marzo-2023.jpeg 1298w\" sizes=\"auto, (max-width: 333px) 100vw, 333px\" \/><figcaption id=\"caption-attachment-269935\" class=\"wp-caption-text\">Retrato hablado<\/figcaption><\/figure>\n<p style=\"font-weight: 400;\">Como se\u00f1ales particulares cuenta con manos grandes, u\u00f1as muy cortas anchas, como de mec\u00e1nico, y tiene un lunar en la nariz.<\/p>\n<p style=\"font-weight: 400;\">El d\u00eda de los hechos vest\u00eda una chaqueta negra abollonada, jean negro, zapatillas color negro, y se movilizaba en una motocicleta Pulsar NS color negro mate. Tiene las letras NS en las tapas laterales en color plateado.<\/p>\n<p style=\"font-weight: 400;\">La Fiscal\u00eda hace p\u00fablica esta informaci\u00f3n por razones de inter\u00e9s general.<\/p>\n<p>&nbsp;<\/p>\n<p>&nbsp;<\/p>\n<p>&nbsp;<\/p>\n<p>PAAM\/VHGB\/MCA\/AMBV\/DST<\/p>\n<p style=\"font-weight: 400;\">\n<p>&nbsp;<\/p>\n<p>&nbsp;<\/p>\n<p><em>La informaci\u00f3n contenida en este bolet\u00edn de prensa corresponde a la narraci\u00f3n de los hechos noticiosos objetivos, y las investigaciones penales al interior de la Fiscal\u00eda General de la Naci\u00f3n. Para el momento de la divulgaci\u00f3n de este comunicado, la situaci\u00f3n jur\u00eddica de la(s) persona(s) relacionada(s) se encuentra pendiente de resolver por la autoridad judicial competente, siempre bajo los preceptos de la presunci\u00f3n de inocencia, consagrados en el art\u00edculo 29 de la Constituci\u00f3n Pol\u00edtica y el art\u00edculo 7\u00ba de la Ley 906 de 2004.<\/em><\/p>\n\n<div class=\"twitter-share\"><a href=\"https:\/\/twitter.com\/intent\/tweet?via=fiscaliacol\" class=\"twitter-share-button\">Tweet<\/a><\/div>\n","protected":false},"excerpt":{"rendered":"<p>Con fines de identificaci\u00f3n, la Fiscal\u00eda General de la Naci\u00f3n Seccional Tolima solicita la colaboraci\u00f3n de los medios de comunicaci\u00f3n para publicar el retrato hablado de una persona que podr\u00eda estar involucrada en un homicidio ocurrido el 4 de marzo de 2023 en la calle 29 con carrera 3 sur, contiguo a la Instituci\u00f3n Educativa [&hellip;]<\/p>\n","protected":false},"author":178,"featured_media":0,"comment_status":"closed","ping_status":"open","sticky":false,"template":"","format":"standard","meta":{"_price":"","_stock":"","_tribe_ticket_header":"","_tribe_default_ticket_provider":"","_tribe_ticket_capacity":"0","_ticket_start_date":"","_ticket_end_date":"","_tribe_ticket_show_description":"","_tribe_ticket_show_not_going":false,"_tribe_ticket_use_global_stock":"","_tribe_ticket_global_stock_level":"","_global_stock_mode":"","_global_stock_cap":"","_tribe_rsvp_for_event":"","_tribe_ticket_going_count":"","_tribe_ticket_not_going_count":"","_tribe_tickets_list":"[]","_tribe_ticket_has_attendee_info_fields":false,"tdm_status":"","tdm_grid_status":"","footnotes":""},"categories":[1,24099],"tags":[25238,45,1047,409,23838,23990,698,11138,12726,24211,30239],"class_list":{"0":"post-269934","1":"post","2":"type-post","3":"status-publish","4":"format-standard","6":"category-noticias","7":"category-seguridad-territorial","8":"tag-barrio-las-brisas","9":"tag-cti","10":"tag-fiscalia-general-de-la-nacion","11":"tag-homicidio","12":"tag-ibague","13":"tag-ibague-tolima","14":"tag-porte-de-armas","15":"tag-reconocimiento","16":"tag-retrato-hablado","17":"tag-seccional-tolima","18":"tag-seguridad-territorial"},"yoast_head":"<!-- This site is optimized with the Yoast SEO plugin v24.3 - https:\/\/yoast.com\/wordpress\/plugins\/seo\/ -->\n<title>Fiscal\u00eda General de la Naci\u00f3n<\/title>\n<meta name=\"description\" content=\"P\u00e1gina oficial de la Fiscal\u00eda General de la Naci\u00f3n \u2013 Colombia. Garantizamos el acceso efectivo a la justicia, la verdad y la reparaci\u00f3n de las v\u00edctimas de los delitos.\" \/>\n<meta name=\"robots\" content=\"noindex, follow\" \/>\n<meta property=\"og:locale\" content=\"es_ES\" \/>\n<meta property=\"og:type\" content=\"article\" \/>\n<meta property=\"og:title\" content=\"Fiscal\u00eda General de la Naci\u00f3n\" \/>\n<meta property=\"og:description\" content=\"P\u00e1gina oficial de la Fiscal\u00eda General de la Naci\u00f3n \u2013 Colombia. Garantizamos el acceso efectivo a la justicia, la verdad y la reparaci\u00f3n de las v\u00edctimas de los delitos.\" \/>\n<meta property=\"og:url\" content=\"https:\/\/www.fiscalia.gov.co\/colombia\/noticias\/autoridades-tras-la-pista-de-persona-involucrada-en-homicidio-ocurrido-en-marzo-en-el-barrio-las-brisas-de-ibague\/\" \/>\n<meta property=\"og:site_name\" content=\"Fiscal\u00eda General de la Naci\u00f3n\" \/>\n<meta property=\"article:publisher\" content=\"https:\/\/www.facebook.com\/FiscaliaCol\" \/>\n<meta property=\"article:published_time\" content=\"2023-04-19T15:31:01+00:00\" \/>\n<meta property=\"article:modified_time\" content=\"2023-04-19T16:06:01+00:00\" \/>\n<meta property=\"og:image\" content=\"https:\/\/www.fiscalia.gov.co\/colombia\/wp-content\/uploads\/retrato-hablado-caso-homicidio-las-brisas-ibague-marzo-2023-249x300.jpeg\" \/>\n<meta name=\"author\" content=\"Winnie Geraldine Rodr\u00edguez Navarrete\" \/>\n<meta name=\"twitter:card\" content=\"summary_large_image\" \/>\n<meta name=\"twitter:creator\" content=\"@FiscaliaCol\" \/>\n<meta name=\"twitter:site\" content=\"@FiscaliaCol\" \/>\n<meta name=\"twitter:label1\" content=\"Escrito por\" \/>\n\t<meta name=\"twitter:data1\" content=\"Winnie Geraldine Rodr\u00edguez Navarrete\" \/>\n\t<meta name=\"twitter:label2\" content=\"Tiempo de lectura\" \/>\n\t<meta name=\"twitter:data2\" content=\"2 minutos\" \/>\n<script type=\"application\/ld+json\" class=\"yoast-schema-graph\">{\"@context\":\"https:\/\/schema.org\",\"@graph\":[{\"@type\":\"Article\",\"@id\":\"https:\/\/www.fiscalia.gov.co\/colombia\/noticias\/autoridades-tras-la-pista-de-persona-involucrada-en-homicidio-ocurrido-en-marzo-en-el-barrio-las-brisas-de-ibague\/#article\",\"isPartOf\":{\"@id\":\"https:\/\/www.fiscalia.gov.co\/colombia\/noticias\/autoridades-tras-la-pista-de-persona-involucrada-en-homicidio-ocurrido-en-marzo-en-el-barrio-las-brisas-de-ibague\/\"},\"author\":{\"name\":\"Winnie Geraldine Rodr\u00edguez Navarrete\",\"@id\":\"https:\/\/www.fiscalia.gov.co\/colombia\/#\/schema\/person\/176195b99ebab0a52aafa15197e1bf80\"},\"headline\":\"Autoridades tras la pista de persona involucrada en homicidio ocurrido en marzo en el barrio Las Brisas de Ibagu\u00e9\",\"datePublished\":\"2023-04-19T15:31:01+00:00\",\"dateModified\":\"2023-04-19T16:06:01+00:00\",\"mainEntityOfPage\":{\"@id\":\"https:\/\/www.fiscalia.gov.co\/colombia\/noticias\/autoridades-tras-la-pista-de-persona-involucrada-en-homicidio-ocurrido-en-marzo-en-el-barrio-las-brisas-de-ibague\/\"},\"wordCount\":363,\"publisher\":{\"@id\":\"https:\/\/www.fiscalia.gov.co\/colombia\/#organization\"},\"image\":{\"@id\":\"https:\/\/www.fiscalia.gov.co\/colombia\/noticias\/autoridades-tras-la-pista-de-persona-involucrada-en-homicidio-ocurrido-en-marzo-en-el-barrio-las-brisas-de-ibague\/#primaryimage\"},\"thumbnailUrl\":\"https:\/\/www.fiscalia.gov.co\/colombia\/wp-content\/uploads\/retrato-hablado-caso-homicidio-las-brisas-ibague-marzo-2023-249x300.jpeg\",\"keywords\":[\"barrio Las Brisas.\",\"CTI\",\"Fiscal\u00eda General de la Naci\u00f3n\",\"Homicidio\",\"Ibagu\u00e9\",\"Ibagu\u00e9 (Tolima)\",\"Porte de armas\",\"Reconocimiento\",\"retrato hablado\",\"Seccional Tolima\",\"Seguridad territorial\"],\"articleSection\":[\"Noticias\",\"Seguridad territorial\"],\"inLanguage\":\"es-CO\"},{\"@type\":\"WebPage\",\"@id\":\"https:\/\/www.fiscalia.gov.co\/colombia\/noticias\/autoridades-tras-la-pista-de-persona-involucrada-en-homicidio-ocurrido-en-marzo-en-el-barrio-las-brisas-de-ibague\/\",\"url\":\"https:\/\/www.fiscalia.gov.co\/colombia\/noticias\/autoridades-tras-la-pista-de-persona-involucrada-en-homicidio-ocurrido-en-marzo-en-el-barrio-las-brisas-de-ibague\/\",\"name\":\"Fiscal\u00eda General de la Naci\u00f3n\",\"isPartOf\":{\"@id\":\"https:\/\/www.fiscalia.gov.co\/colombia\/#website\"},\"primaryImageOfPage\":{\"@id\":\"https:\/\/www.fiscalia.gov.co\/colombia\/noticias\/autoridades-tras-la-pista-de-persona-involucrada-en-homicidio-ocurrido-en-marzo-en-el-barrio-las-brisas-de-ibague\/#primaryimage\"},\"image\":{\"@id\":\"https:\/\/www.fiscalia.gov.co\/colombia\/noticias\/autoridades-tras-la-pista-de-persona-involucrada-en-homicidio-ocurrido-en-marzo-en-el-barrio-las-brisas-de-ibague\/#primaryimage\"},\"thumbnailUrl\":\"https:\/\/www.fiscalia.gov.co\/colombia\/wp-content\/uploads\/retrato-hablado-caso-homicidio-las-brisas-ibague-marzo-2023-249x300.jpeg\",\"datePublished\":\"2023-04-19T15:31:01+00:00\",\"dateModified\":\"2023-04-19T16:06:01+00:00\",\"description\":\"P\u00e1gina oficial de la Fiscal\u00eda General de la Naci\u00f3n \u2013 Colombia. Garantizamos el acceso efectivo a la justicia, la verdad y la reparaci\u00f3n de las v\u00edctimas de los delitos.\",\"breadcrumb\":{\"@id\":\"https:\/\/www.fiscalia.gov.co\/colombia\/noticias\/autoridades-tras-la-pista-de-persona-involucrada-en-homicidio-ocurrido-en-marzo-en-el-barrio-las-brisas-de-ibague\/#breadcrumb\"},\"inLanguage\":\"es-CO\",\"potentialAction\":[{\"@type\":\"ReadAction\",\"target\":[\"https:\/\/www.fiscalia.gov.co\/colombia\/noticias\/autoridades-tras-la-pista-de-persona-involucrada-en-homicidio-ocurrido-en-marzo-en-el-barrio-las-brisas-de-ibague\/\"]}]},{\"@type\":\"ImageObject\",\"inLanguage\":\"es-CO\",\"@id\":\"https:\/\/www.fiscalia.gov.co\/colombia\/noticias\/autoridades-tras-la-pista-de-persona-involucrada-en-homicidio-ocurrido-en-marzo-en-el-barrio-las-brisas-de-ibague\/#primaryimage\",\"url\":\"https:\/\/www.fiscalia.gov.co\/colombia\/wp-content\/uploads\/retrato-hablado-caso-homicidio-las-brisas-ibague-marzo-2023-249x300.jpeg\",\"contentUrl\":\"https:\/\/www.fiscalia.gov.co\/colombia\/wp-content\/uploads\/retrato-hablado-caso-homicidio-las-brisas-ibague-marzo-2023-249x300.jpeg\"},{\"@type\":\"BreadcrumbList\",\"@id\":\"https:\/\/www.fiscalia.gov.co\/colombia\/noticias\/autoridades-tras-la-pista-de-persona-involucrada-en-homicidio-ocurrido-en-marzo-en-el-barrio-las-brisas-de-ibague\/#breadcrumb\",\"itemListElement\":[{\"@type\":\"ListItem\",\"position\":1,\"name\":\"Home\",\"item\":\"https:\/\/www.fiscalia.gov.co\/colombia\/\"},{\"@type\":\"ListItem\",\"position\":2,\"name\":\"Autoridades tras la pista de persona involucrada en homicidio ocurrido en marzo en el barrio Las Brisas de Ibagu\u00e9\"}]},{\"@type\":\"WebSite\",\"@id\":\"https:\/\/www.fiscalia.gov.co\/colombia\/#website\",\"url\":\"https:\/\/www.fiscalia.gov.co\/colombia\/\",\"name\":\"Fiscal\u00eda General de la Naci\u00f3n\",\"description\":\"P\u00e1gina oficial de la Fiscal\u00eda General de la Naci\u00f3n \u2013 Colombia. Garantizamos el acceso efectivo a la justicia, la verdad y la reparaci\u00f3n de las v\u00edctimas de los delitos.\",\"publisher\":{\"@id\":\"https:\/\/www.fiscalia.gov.co\/colombia\/#organization\"},\"potentialAction\":[{\"@type\":\"SearchAction\",\"target\":{\"@type\":\"EntryPoint\",\"urlTemplate\":\"https:\/\/www.fiscalia.gov.co\/colombia\/?s={search_term_string}\"},\"query-input\":{\"@type\":\"PropertyValueSpecification\",\"valueRequired\":true,\"valueName\":\"search_term_string\"}}],\"inLanguage\":\"es-CO\"},{\"@type\":\"Organization\",\"@id\":\"https:\/\/www.fiscalia.gov.co\/colombia\/#organization\",\"name\":\"Fiscal\u00eda General de la Naci\u00f3n\",\"url\":\"https:\/\/www.fiscalia.gov.co\/colombia\/\",\"logo\":{\"@type\":\"ImageObject\",\"inLanguage\":\"es-CO\",\"@id\":\"https:\/\/www.fiscalia.gov.co\/colombia\/#\/schema\/logo\/image\/\",\"url\":\"https:\/\/www.fiscalia.gov.co\/colombia\/wp-content\/uploads\/LogoHorizontal_1.jpg\",\"contentUrl\":\"https:\/\/www.fiscalia.gov.co\/colombia\/wp-content\/uploads\/LogoHorizontal_1.jpg\",\"width\":300,\"height\":90,\"caption\":\"Fiscal\u00eda General de la Naci\u00f3n\"},\"image\":{\"@id\":\"https:\/\/www.fiscalia.gov.co\/colombia\/#\/schema\/logo\/image\/\"},\"sameAs\":[\"https:\/\/www.facebook.com\/FiscaliaCol\",\"https:\/\/x.com\/FiscaliaCol\",\"https:\/\/www.instagram.com\/fiscaliacol\",\"https:\/\/www.linkedin.com\/company\/fiscalia-general-de-la-naci-n\/\",\"https:\/\/youtube.com\/@fiscaliageneraldelanacion-4668?si=6nN79nyQICPU5iTh\"]},{\"@type\":\"Person\",\"@id\":\"https:\/\/www.fiscalia.gov.co\/colombia\/#\/schema\/person\/176195b99ebab0a52aafa15197e1bf80\",\"name\":\"Winnie Geraldine Rodr\u00edguez Navarrete\",\"image\":{\"@type\":\"ImageObject\",\"inLanguage\":\"es-CO\",\"@id\":\"https:\/\/www.fiscalia.gov.co\/colombia\/#\/schema\/person\/image\/\",\"url\":\"https:\/\/secure.gravatar.com\/avatar\/c24cf8481dc84fa5e8c7b20bc95ab0c6?s=96&d=mm&r=g\",\"contentUrl\":\"https:\/\/secure.gravatar.com\/avatar\/c24cf8481dc84fa5e8c7b20bc95ab0c6?s=96&d=mm&r=g\",\"caption\":\"Winnie Geraldine Rodr\u00edguez Navarrete\"},\"url\":\"https:\/\/www.fiscalia.gov.co\/colombia\/author\/winnierodriguez\/\"}]}<\/script>\n<!-- \/ Yoast SEO plugin. -->","yoast_head_json":{"title":"Fiscal\u00eda General de la Naci\u00f3n","description":"P\u00e1gina oficial de la Fiscal\u00eda General de la Naci\u00f3n \u2013 Colombia. Garantizamos el acceso efectivo a la justicia, la verdad y la reparaci\u00f3n de las v\u00edctimas de los delitos.","robots":{"index":"noindex","follow":"follow"},"og_locale":"es_ES","og_type":"article","og_title":"Fiscal\u00eda General de la Naci\u00f3n","og_description":"P\u00e1gina oficial de la Fiscal\u00eda General de la Naci\u00f3n \u2013 Colombia. Garantizamos el acceso efectivo a la justicia, la verdad y la reparaci\u00f3n de las v\u00edctimas de los delitos.","og_url":"https:\/\/www.fiscalia.gov.co\/colombia\/noticias\/autoridades-tras-la-pista-de-persona-involucrada-en-homicidio-ocurrido-en-marzo-en-el-barrio-las-brisas-de-ibague\/","og_site_name":"Fiscal\u00eda General de la Naci\u00f3n","article_publisher":"https:\/\/www.facebook.com\/FiscaliaCol","article_published_time":"2023-04-19T15:31:01+00:00","article_modified_time":"2023-04-19T16:06:01+00:00","og_image":[{"url":"https:\/\/www.fiscalia.gov.co\/colombia\/wp-content\/uploads\/retrato-hablado-caso-homicidio-las-brisas-ibague-marzo-2023-249x300.jpeg","type":"","width":"","height":""}],"author":"Winnie Geraldine Rodr\u00edguez Navarrete","twitter_card":"summary_large_image","twitter_creator":"@FiscaliaCol","twitter_site":"@FiscaliaCol","twitter_misc":{"Escrito por":"Winnie Geraldine Rodr\u00edguez Navarrete","Tiempo de lectura":"2 minutos"},"schema":{"@context":"https:\/\/schema.org","@graph":[{"@type":"Article","@id":"https:\/\/www.fiscalia.gov.co\/colombia\/noticias\/autoridades-tras-la-pista-de-persona-involucrada-en-homicidio-ocurrido-en-marzo-en-el-barrio-las-brisas-de-ibague\/#article","isPartOf":{"@id":"https:\/\/www.fiscalia.gov.co\/colombia\/noticias\/autoridades-tras-la-pista-de-persona-involucrada-en-homicidio-ocurrido-en-marzo-en-el-barrio-las-brisas-de-ibague\/"},"author":{"name":"Winnie Geraldine Rodr\u00edguez Navarrete","@id":"https:\/\/www.fiscalia.gov.co\/colombia\/#\/schema\/person\/176195b99ebab0a52aafa15197e1bf80"},"headline":"Autoridades tras la pista de persona involucrada en homicidio ocurrido en marzo en el barrio Las Brisas de Ibagu\u00e9","datePublished":"2023-04-19T15:31:01+00:00","dateModified":"2023-04-19T16:06:01+00:00","mainEntityOfPage":{"@id":"https:\/\/www.fiscalia.gov.co\/colombia\/noticias\/autoridades-tras-la-pista-de-persona-involucrada-en-homicidio-ocurrido-en-marzo-en-el-barrio-las-brisas-de-ibague\/"},"wordCount":363,"publisher":{"@id":"https:\/\/www.fiscalia.gov.co\/colombia\/#organization"},"image":{"@id":"https:\/\/www.fiscalia.gov.co\/colombia\/noticias\/autoridades-tras-la-pista-de-persona-involucrada-en-homicidio-ocurrido-en-marzo-en-el-barrio-las-brisas-de-ibague\/#primaryimage"},"thumbnailUrl":"https:\/\/www.fiscalia.gov.co\/colombia\/wp-content\/uploads\/retrato-hablado-caso-homicidio-las-brisas-ibague-marzo-2023-249x300.jpeg","keywords":["barrio Las Brisas.","CTI","Fiscal\u00eda General de la Naci\u00f3n","Homicidio","Ibagu\u00e9","Ibagu\u00e9 (Tolima)","Porte de armas","Reconocimiento","retrato hablado","Seccional Tolima","Seguridad territorial"],"articleSection":["Noticias","Seguridad territorial"],"inLanguage":"es-CO"},{"@type":"WebPage","@id":"https:\/\/www.fiscalia.gov.co\/colombia\/noticias\/autoridades-tras-la-pista-de-persona-involucrada-en-homicidio-ocurrido-en-marzo-en-el-barrio-las-brisas-de-ibague\/","url":"https:\/\/www.fiscalia.gov.co\/colombia\/noticias\/autoridades-tras-la-pista-de-persona-involucrada-en-homicidio-ocurrido-en-marzo-en-el-barrio-las-brisas-de-ibague\/","name":"Fiscal\u00eda General de la Naci\u00f3n","isPartOf":{"@id":"https:\/\/www.fiscalia.gov.co\/colombia\/#website"},"primaryImageOfPage":{"@id":"https:\/\/www.fiscalia.gov.co\/colombia\/noticias\/autoridades-tras-la-pista-de-persona-involucrada-en-homicidio-ocurrido-en-marzo-en-el-barrio-las-brisas-de-ibague\/#primaryimage"},"image":{"@id":"https:\/\/www.fiscalia.gov.co\/colombia\/noticias\/autoridades-tras-la-pista-de-persona-involucrada-en-homicidio-ocurrido-en-marzo-en-el-barrio-las-brisas-de-ibague\/#primaryimage"},"thumbnailUrl":"https:\/\/www.fiscalia.gov.co\/colombia\/wp-content\/uploads\/retrato-hablado-caso-homicidio-las-brisas-ibague-marzo-2023-249x300.jpeg","datePublished":"2023-04-19T15:31:01+00:00","dateModified":"2023-04-19T16:06:01+00:00","description":"P\u00e1gina oficial de la Fiscal\u00eda General de la Naci\u00f3n \u2013 Colombia. Garantizamos el acceso efectivo a la justicia, la verdad y la reparaci\u00f3n de las v\u00edctimas de los delitos.","breadcrumb":{"@id":"https:\/\/www.fiscalia.gov.co\/colombia\/noticias\/autoridades-tras-la-pista-de-persona-involucrada-en-homicidio-ocurrido-en-marzo-en-el-barrio-las-brisas-de-ibague\/#breadcrumb"},"inLanguage":"es-CO","potentialAction":[{"@type":"ReadAction","target":["https:\/\/www.fiscalia.gov.co\/colombia\/noticias\/autoridades-tras-la-pista-de-persona-involucrada-en-homicidio-ocurrido-en-marzo-en-el-barrio-las-brisas-de-ibague\/"]}]},{"@type":"ImageObject","inLanguage":"es-CO","@id":"https:\/\/www.fiscalia.gov.co\/colombia\/noticias\/autoridades-tras-la-pista-de-persona-involucrada-en-homicidio-ocurrido-en-marzo-en-el-barrio-las-brisas-de-ibague\/#primaryimage","url":"https:\/\/www.fiscalia.gov.co\/colombia\/wp-content\/uploads\/retrato-hablado-caso-homicidio-las-brisas-ibague-marzo-2023-249x300.jpeg","contentUrl":"https:\/\/www.fiscalia.gov.co\/colombia\/wp-content\/uploads\/retrato-hablado-caso-homicidio-las-brisas-ibague-marzo-2023-249x300.jpeg"},{"@type":"BreadcrumbList","@id":"https:\/\/www.fiscalia.gov.co\/colombia\/noticias\/autoridades-tras-la-pista-de-persona-involucrada-en-homicidio-ocurrido-en-marzo-en-el-barrio-las-brisas-de-ibague\/#breadcrumb","itemListElement":[{"@type":"ListItem","position":1,"name":"Home","item":"https:\/\/www.fiscalia.gov.co\/colombia\/"},{"@type":"ListItem","position":2,"name":"Autoridades tras la pista de persona involucrada en homicidio ocurrido en marzo en el barrio Las Brisas de Ibagu\u00e9"}]},{"@type":"WebSite","@id":"https:\/\/www.fiscalia.gov.co\/colombia\/#website","url":"https:\/\/www.fiscalia.gov.co\/colombia\/","name":"Fiscal\u00eda General de la Naci\u00f3n","description":"P\u00e1gina oficial de la Fiscal\u00eda General de la Naci\u00f3n \u2013 Colombia. Garantizamos el acceso efectivo a la justicia, la verdad y la reparaci\u00f3n de las v\u00edctimas de los delitos.","publisher":{"@id":"https:\/\/www.fiscalia.gov.co\/colombia\/#organization"},"potentialAction":[{"@type":"SearchAction","target":{"@type":"EntryPoint","urlTemplate":"https:\/\/www.fiscalia.gov.co\/colombia\/?s={search_term_string}"},"query-input":{"@type":"PropertyValueSpecification","valueRequired":true,"valueName":"search_term_string"}}],"inLanguage":"es-CO"},{"@type":"Organization","@id":"https:\/\/www.fiscalia.gov.co\/colombia\/#organization","name":"Fiscal\u00eda General de la Naci\u00f3n","url":"https:\/\/www.fiscalia.gov.co\/colombia\/","logo":{"@type":"ImageObject","inLanguage":"es-CO","@id":"https:\/\/www.fiscalia.gov.co\/colombia\/#\/schema\/logo\/image\/","url":"https:\/\/www.fiscalia.gov.co\/colombia\/wp-content\/uploads\/LogoHorizontal_1.jpg","contentUrl":"https:\/\/www.fiscalia.gov.co\/colombia\/wp-content\/uploads\/LogoHorizontal_1.jpg","width":300,"height":90,"caption":"Fiscal\u00eda General de la Naci\u00f3n"},"image":{"@id":"https:\/\/www.fiscalia.gov.co\/colombia\/#\/schema\/logo\/image\/"},"sameAs":["https:\/\/www.facebook.com\/FiscaliaCol","https:\/\/x.com\/FiscaliaCol","https:\/\/www.instagram.com\/fiscaliacol","https:\/\/www.linkedin.com\/company\/fiscalia-general-de-la-naci-n\/","https:\/\/youtube.com\/@fiscaliageneraldelanacion-4668?si=6nN79nyQICPU5iTh"]},{"@type":"Person","@id":"https:\/\/www.fiscalia.gov.co\/colombia\/#\/schema\/person\/176195b99ebab0a52aafa15197e1bf80","name":"Winnie Geraldine Rodr\u00edguez Navarrete","image":{"@type":"ImageObject","inLanguage":"es-CO","@id":"https:\/\/www.fiscalia.gov.co\/colombia\/#\/schema\/person\/image\/","url":"https:\/\/secure.gravatar.com\/avatar\/c24cf8481dc84fa5e8c7b20bc95ab0c6?s=96&d=mm&r=g","contentUrl":"https:\/\/secure.gravatar.com\/avatar\/c24cf8481dc84fa5e8c7b20bc95ab0c6?s=96&d=mm&r=g","caption":"Winnie Geraldine Rodr\u00edguez Navarrete"},"url":"https:\/\/www.fiscalia.gov.co\/colombia\/author\/winnierodriguez\/"}]}},"_links":{"self":[{"href":"https:\/\/www.fiscalia.gov.co\/colombia\/wp-json\/wp\/v2\/posts\/269934","targetHints":{"allow":["GET"]}}],"collection":[{"href":"https:\/\/www.fiscalia.gov.co\/colombia\/wp-json\/wp\/v2\/posts"}],"about":[{"href":"https:\/\/www.fiscalia.gov.co\/colombia\/wp-json\/wp\/v2\/types\/post"}],"author":[{"embeddable":true,"href":"https:\/\/www.fiscalia.gov.co\/colombia\/wp-json\/wp\/v2\/users\/178"}],"replies":[{"embeddable":true,"href":"https:\/\/www.fiscalia.gov.co\/colombia\/wp-json\/wp\/v2\/comments?post=269934"}],"version-history":[{"count":2,"href":"https:\/\/www.fiscalia.gov.co\/colombia\/wp-json\/wp\/v2\/posts\/269934\/revisions"}],"predecessor-version":[{"id":269942,"href":"https:\/\/www.fiscalia.gov.co\/colombia\/wp-json\/wp\/v2\/posts\/269934\/revisions\/269942"}],"wp:attachment":[{"href":"https:\/\/www.fiscalia.gov.co\/colombia\/wp-json\/wp\/v2\/media?parent=269934"}],"wp:term":[{"taxonomy":"category","embeddable":true,"href":"https:\/\/www.fiscalia.gov.co\/colombia\/wp-json\/wp\/v2\/categories?post=269934"},{"taxonomy":"post_tag","embeddable":true,"href":"https:\/\/www.fiscalia.gov.co\/colombia\/wp-json\/wp\/v2\/tags?post=269934"}],"curies":[{"name":"wp","href":"https:\/\/api.w.org\/{rel}","templated":true}]}}