{"id":269667,"date":"2023-04-14T17:49:10","date_gmt":"2023-04-14T22:49:10","guid":{"rendered":"https:\/\/www.fiscalia.gov.co\/colombia\/?p=269667"},"modified":"2023-04-14T17:49:10","modified_gmt":"2023-04-14T22:49:10","slug":"judicializado-un-hombre-que-se-movilizaba-en-un-vehiculo-cuyos-sistemas-de-identificacion-habrian-sido-alterados","status":"publish","type":"post","link":"https:\/\/www.fiscalia.gov.co\/colombia\/noticias\/judicializado-un-hombre-que-se-movilizaba-en-un-vehiculo-cuyos-sistemas-de-identificacion-habrian-sido-alterados\/","title":{"rendered":"Judicializado un hombre que se movilizaba en un veh\u00edculo cuyos sistemas de identificaci\u00f3n habr\u00edan sido alterados"},"content":{"rendered":"<div id=\"m_-5998702952652888033divRplyFwdMsg\" dir=\"ltr\">\n<h4><strong><i>En el veh\u00edculo tambi\u00e9n fue encontrara un arma traum\u00e1tica y munici\u00f3n. <\/i>\u00a0<\/strong><\/h4>\n<figure id=\"attachment_269672\" aria-describedby=\"caption-attachment-269672\" style=\"width: 681px\" class=\"wp-caption aligncenter\"><img loading=\"lazy\" decoding=\"async\" class=\"size-full wp-image-269672\" src=\"https:\/\/www.fiscalia.gov.co\/colombia\/wp-content\/uploads\/Willin-Bermeo-Cordoba.jpeg\" alt=\"En la fotograf\u00eda aparece un capturado junto a personal de Fiscal\u00eda General de la Naci\u00f3n. En la parte posterior de la imagen se ve un banner de la Fiscal\u00eda General de la Naci\u00f3n.      \" width=\"681\" height=\"564\" srcset=\"https:\/\/www.fiscalia.gov.co\/colombia\/wp-content\/uploads\/Willin-Bermeo-Cordoba.jpeg 681w, https:\/\/www.fiscalia.gov.co\/colombia\/wp-content\/uploads\/Willin-Bermeo-Cordoba-300x248.jpeg 300w, https:\/\/www.fiscalia.gov.co\/colombia\/wp-content\/uploads\/Willin-Bermeo-Cordoba-507x420.jpeg 507w\" sizes=\"auto, (max-width: 681px) 100vw, 681px\" \/><figcaption id=\"caption-attachment-269672\" class=\"wp-caption-text\">Willin Bermeo C\u00f3rdoba, de 44 a\u00f1os no acept\u00f3 cargos por fabricaci\u00f3n, tr\u00e1fico y porte de armas, municiones de uso restringido, de uso privativo de las fuerzas armadas en concurso heterog\u00e9neo con falsedad marcar\u00eda agravada.<\/figcaption><\/figure>\n<\/div>\n<div dir=\"ltr\">\n<p>Un fiscal de la Unidad de Reacci\u00f3n Inmediata de Neiva (Huila) present\u00f3 ante un juez de garant\u00edas a Willin Bermeo C\u00f3rdoba, de 44 a\u00f1os. Esta persona fue detenida el pasado 11 de abril cuando se movilizaba por el barrio Tenerife en un veh\u00edculo cuyos sistemas de identificaci\u00f3n, al parecer, fueron alterados.<\/p>\n<p>Durante el procedimiento de inspecci\u00f3n las autoridades encontraron adem\u00e1s en el automotor un arma traum\u00e1tica 9 mm con dos proveedores y tres cartuchos traum\u00e1ticos.<\/p>\n<p>Por estos hechos el ciudadano fue capturado por funcionarios del CTI.<\/p>\n<p>La Fiscal\u00eda imput\u00f3 al procesado como probable autor de los delitos de fabricaci\u00f3n, tr\u00e1fico y porte de armas, municiones de uso restringido, de uso privativo de las fuerzas armadas en concurso heterog\u00e9neo con falsedad marcar\u00eda agravada.<\/p>\n<p>Ninguno de los cargos fue aceptado por Bermeo C\u00f3rdoba. Por decisi\u00f3n del juez del caso el procesado fue cobijado con medida de aseguramiento privativa de la libertad en lugar de residencia.<\/p>\n<p><b>La Fiscal\u00eda habla con resultados.<\/b><\/p>\n<\/div>\n<p>&nbsp;<\/p>\n<p>&nbsp;<\/p>\n<p>&nbsp;<\/p>\n<p>&nbsp;<\/p>\n<div dir=\"ltr\">\n<p>LMGM\/MAGA\/DFHI\/DSH<\/p>\n<p>&nbsp;<\/p>\n<p align=\"center\">\n<p>&nbsp;<\/p>\n<p><i>La informaci\u00f3n contenida en este bolet\u00edn de prensa corresponde a la narraci\u00f3n de los hechos noticiosos objetivos, suministrados por los funcionarios encargados de adelantar las investigaciones penales al interior de la Fiscal\u00eda General de la Naci\u00f3n. Para el momento de la divulgaci\u00f3n de este comunicado, la situaci\u00f3n jur\u00eddica de la(s) persona(s) relacionada(s) se encuentra pendiente de resolver por la autoridad judicial competente, siempre bajo los preceptos de la presunci\u00f3n de inocencia, consagrados en el art\u00edculo 29 de la Constituci\u00f3n Pol\u00edtica y el art\u00edculo 7\u00ba de la Ley 906 de 2004.\u00a0<\/i><\/p>\n<\/div>\n\n<div class=\"twitter-share\"><a href=\"https:\/\/twitter.com\/intent\/tweet?via=fiscaliacol\" class=\"twitter-share-button\">Tweet<\/a><\/div>\n","protected":false},"excerpt":{"rendered":"<p>En el veh\u00edculo tambi\u00e9n fue encontrara un arma traum\u00e1tica y munici\u00f3n. \u00a0 Un fiscal de la Unidad de Reacci\u00f3n Inmediata de Neiva (Huila) present\u00f3 ante un juez de garant\u00edas a Willin Bermeo C\u00f3rdoba, de 44 a\u00f1os. Esta persona fue detenida el pasado 11 de abril cuando se movilizaba por el barrio Tenerife en un veh\u00edculo [&hellip;]<\/p>\n","protected":false},"author":177,"featured_media":0,"comment_status":"closed","ping_status":"open","sticky":false,"template":"","format":"standard","meta":{"_price":"","_stock":"","_tribe_ticket_header":"","_tribe_default_ticket_provider":"","_tribe_ticket_capacity":"0","_ticket_start_date":"","_ticket_end_date":"","_tribe_ticket_show_description":"","_tribe_ticket_show_not_going":false,"_tribe_ticket_use_global_stock":"","_tribe_ticket_global_stock_level":"","_global_stock_mode":"","_global_stock_cap":"","_tribe_rsvp_for_event":"","_tribe_ticket_going_count":"","_tribe_ticket_not_going_count":"","_tribe_tickets_list":"[]","_tribe_ticket_has_attendee_info_fields":false,"tdm_status":"","tdm_grid_status":"","footnotes":""},"categories":[1,333,303,24099],"tags":[34367,45,2460,24185,1047,16,34365,23833,31720,32778,34366,25112],"class_list":{"0":"post-269667","1":"post","2":"type-post","3":"status-publish","4":"format-standard","6":"category-noticias","7":"category-seccional-neiva","8":"category-seccionales","9":"category-seguridad-territorial","10":"tag-automor","11":"tag-cti","12":"tag-falsedad-marcaria","13":"tag-fiscal-barbosa","14":"tag-fiscalia-general-de-la-nacion","15":"tag-huila","16":"tag-identificacion-falsa","17":"tag-neiva","18":"tag-neiva-huila","19":"tag-porte-ilegal-armas","20":"tag-sistemas-identificacion-falsos","21":"tag-vehiculo"},"yoast_head":"<!-- This site is optimized with the Yoast SEO plugin v24.3 - https:\/\/yoast.com\/wordpress\/plugins\/seo\/ -->\n<title>Fiscal\u00eda General de la Naci\u00f3n<\/title>\n<meta name=\"description\" content=\"P\u00e1gina oficial de la Fiscal\u00eda General de la Naci\u00f3n \u2013 Colombia. Garantizamos el acceso efectivo a la justicia, la verdad y la reparaci\u00f3n de las v\u00edctimas de los delitos.\" \/>\n<meta name=\"robots\" content=\"noindex, follow\" \/>\n<meta property=\"og:locale\" content=\"es_ES\" \/>\n<meta property=\"og:type\" content=\"article\" \/>\n<meta property=\"og:title\" content=\"Fiscal\u00eda General de la Naci\u00f3n\" \/>\n<meta property=\"og:description\" content=\"P\u00e1gina oficial de la Fiscal\u00eda General de la Naci\u00f3n \u2013 Colombia. Garantizamos el acceso efectivo a la justicia, la verdad y la reparaci\u00f3n de las v\u00edctimas de los delitos.\" \/>\n<meta property=\"og:url\" content=\"https:\/\/www.fiscalia.gov.co\/colombia\/noticias\/judicializado-un-hombre-que-se-movilizaba-en-un-vehiculo-cuyos-sistemas-de-identificacion-habrian-sido-alterados\/\" \/>\n<meta property=\"og:site_name\" content=\"Fiscal\u00eda General de la Naci\u00f3n\" \/>\n<meta property=\"article:publisher\" content=\"https:\/\/www.facebook.com\/FiscaliaCol\" \/>\n<meta property=\"article:published_time\" content=\"2023-04-14T22:49:10+00:00\" \/>\n<meta property=\"og:image\" content=\"https:\/\/www.fiscalia.gov.co\/colombia\/wp-content\/uploads\/Willin-Bermeo-Cordoba.jpeg\" \/>\n<meta name=\"author\" content=\"Jordan Leandro Oviedo Anzola\" \/>\n<meta name=\"twitter:card\" content=\"summary_large_image\" \/>\n<meta name=\"twitter:creator\" content=\"@FiscaliaCol\" \/>\n<meta name=\"twitter:site\" content=\"@FiscaliaCol\" \/>\n<meta name=\"twitter:label1\" content=\"Escrito por\" \/>\n\t<meta name=\"twitter:data1\" content=\"Jordan Leandro Oviedo Anzola\" \/>\n\t<meta name=\"twitter:label2\" content=\"Tiempo de lectura\" \/>\n\t<meta name=\"twitter:data2\" content=\"2 minutos\" \/>\n<script type=\"application\/ld+json\" class=\"yoast-schema-graph\">{\"@context\":\"https:\/\/schema.org\",\"@graph\":[{\"@type\":\"Article\",\"@id\":\"https:\/\/www.fiscalia.gov.co\/colombia\/noticias\/judicializado-un-hombre-que-se-movilizaba-en-un-vehiculo-cuyos-sistemas-de-identificacion-habrian-sido-alterados\/#article\",\"isPartOf\":{\"@id\":\"https:\/\/www.fiscalia.gov.co\/colombia\/noticias\/judicializado-un-hombre-que-se-movilizaba-en-un-vehiculo-cuyos-sistemas-de-identificacion-habrian-sido-alterados\/\"},\"author\":{\"name\":\"Jordan Leandro Oviedo Anzola\",\"@id\":\"https:\/\/www.fiscalia.gov.co\/colombia\/#\/schema\/person\/bf84402cf293a5393e9c70b111020b24\"},\"headline\":\"Judicializado un hombre que se movilizaba en un veh\u00edculo cuyos sistemas de identificaci\u00f3n habr\u00edan sido alterados\",\"datePublished\":\"2023-04-14T22:49:10+00:00\",\"dateModified\":\"2023-04-14T22:49:10+00:00\",\"mainEntityOfPage\":{\"@id\":\"https:\/\/www.fiscalia.gov.co\/colombia\/noticias\/judicializado-un-hombre-que-se-movilizaba-en-un-vehiculo-cuyos-sistemas-de-identificacion-habrian-sido-alterados\/\"},\"wordCount\":365,\"publisher\":{\"@id\":\"https:\/\/www.fiscalia.gov.co\/colombia\/#organization\"},\"image\":{\"@id\":\"https:\/\/www.fiscalia.gov.co\/colombia\/noticias\/judicializado-un-hombre-que-se-movilizaba-en-un-vehiculo-cuyos-sistemas-de-identificacion-habrian-sido-alterados\/#primaryimage\"},\"thumbnailUrl\":\"https:\/\/www.fiscalia.gov.co\/colombia\/wp-content\/uploads\/Willin-Bermeo-Cordoba.jpeg\",\"keywords\":[\"automor\",\"CTI\",\"Falsedad marcaria\",\"Fiscal Barbosa\",\"Fiscal\u00eda General de la Naci\u00f3n\",\"Huila\",\"identificaci\u00f3n falsa\",\"Neiva\",\"Neiva (Huila)\",\"porte ilegal armas\",\"sistemas identificaci\u00f3n falsos\",\"veh\u00edculo.\"],\"articleSection\":[\"Noticias\",\"Seccional Neiva\",\"Seccionales\",\"Seguridad territorial\"],\"inLanguage\":\"es-CO\"},{\"@type\":\"WebPage\",\"@id\":\"https:\/\/www.fiscalia.gov.co\/colombia\/noticias\/judicializado-un-hombre-que-se-movilizaba-en-un-vehiculo-cuyos-sistemas-de-identificacion-habrian-sido-alterados\/\",\"url\":\"https:\/\/www.fiscalia.gov.co\/colombia\/noticias\/judicializado-un-hombre-que-se-movilizaba-en-un-vehiculo-cuyos-sistemas-de-identificacion-habrian-sido-alterados\/\",\"name\":\"Fiscal\u00eda General de la Naci\u00f3n\",\"isPartOf\":{\"@id\":\"https:\/\/www.fiscalia.gov.co\/colombia\/#website\"},\"primaryImageOfPage\":{\"@id\":\"https:\/\/www.fiscalia.gov.co\/colombia\/noticias\/judicializado-un-hombre-que-se-movilizaba-en-un-vehiculo-cuyos-sistemas-de-identificacion-habrian-sido-alterados\/#primaryimage\"},\"image\":{\"@id\":\"https:\/\/www.fiscalia.gov.co\/colombia\/noticias\/judicializado-un-hombre-que-se-movilizaba-en-un-vehiculo-cuyos-sistemas-de-identificacion-habrian-sido-alterados\/#primaryimage\"},\"thumbnailUrl\":\"https:\/\/www.fiscalia.gov.co\/colombia\/wp-content\/uploads\/Willin-Bermeo-Cordoba.jpeg\",\"datePublished\":\"2023-04-14T22:49:10+00:00\",\"dateModified\":\"2023-04-14T22:49:10+00:00\",\"description\":\"P\u00e1gina oficial de la Fiscal\u00eda General de la Naci\u00f3n \u2013 Colombia. Garantizamos el acceso efectivo a la justicia, la verdad y la reparaci\u00f3n de las v\u00edctimas de los delitos.\",\"breadcrumb\":{\"@id\":\"https:\/\/www.fiscalia.gov.co\/colombia\/noticias\/judicializado-un-hombre-que-se-movilizaba-en-un-vehiculo-cuyos-sistemas-de-identificacion-habrian-sido-alterados\/#breadcrumb\"},\"inLanguage\":\"es-CO\",\"potentialAction\":[{\"@type\":\"ReadAction\",\"target\":[\"https:\/\/www.fiscalia.gov.co\/colombia\/noticias\/judicializado-un-hombre-que-se-movilizaba-en-un-vehiculo-cuyos-sistemas-de-identificacion-habrian-sido-alterados\/\"]}]},{\"@type\":\"ImageObject\",\"inLanguage\":\"es-CO\",\"@id\":\"https:\/\/www.fiscalia.gov.co\/colombia\/noticias\/judicializado-un-hombre-que-se-movilizaba-en-un-vehiculo-cuyos-sistemas-de-identificacion-habrian-sido-alterados\/#primaryimage\",\"url\":\"https:\/\/www.fiscalia.gov.co\/colombia\/wp-content\/uploads\/Willin-Bermeo-Cordoba.jpeg\",\"contentUrl\":\"https:\/\/www.fiscalia.gov.co\/colombia\/wp-content\/uploads\/Willin-Bermeo-Cordoba.jpeg\",\"width\":681,\"height\":564,\"caption\":\"Willin Bermeo C\u00f3rdoba, de 44 a\u00f1os no acept\u00f3 cargos por fabricaci\u00f3n, tr\u00e1fico y porte de armas, municiones de uso restringido, de uso privativo de las fuerzas armadas en concurso heterog\u00e9neo con falsedad marcar\u00eda agravada.\"},{\"@type\":\"BreadcrumbList\",\"@id\":\"https:\/\/www.fiscalia.gov.co\/colombia\/noticias\/judicializado-un-hombre-que-se-movilizaba-en-un-vehiculo-cuyos-sistemas-de-identificacion-habrian-sido-alterados\/#breadcrumb\",\"itemListElement\":[{\"@type\":\"ListItem\",\"position\":1,\"name\":\"Home\",\"item\":\"https:\/\/www.fiscalia.gov.co\/colombia\/\"},{\"@type\":\"ListItem\",\"position\":2,\"name\":\"Judicializado un hombre que se movilizaba en un veh\u00edculo cuyos sistemas de identificaci\u00f3n habr\u00edan sido alterados\"}]},{\"@type\":\"WebSite\",\"@id\":\"https:\/\/www.fiscalia.gov.co\/colombia\/#website\",\"url\":\"https:\/\/www.fiscalia.gov.co\/colombia\/\",\"name\":\"Fiscal\u00eda General de la Naci\u00f3n\",\"description\":\"P\u00e1gina oficial de la Fiscal\u00eda General de la Naci\u00f3n \u2013 Colombia. Garantizamos el acceso efectivo a la justicia, la verdad y la reparaci\u00f3n de las v\u00edctimas de los delitos.\",\"publisher\":{\"@id\":\"https:\/\/www.fiscalia.gov.co\/colombia\/#organization\"},\"potentialAction\":[{\"@type\":\"SearchAction\",\"target\":{\"@type\":\"EntryPoint\",\"urlTemplate\":\"https:\/\/www.fiscalia.gov.co\/colombia\/?s={search_term_string}\"},\"query-input\":{\"@type\":\"PropertyValueSpecification\",\"valueRequired\":true,\"valueName\":\"search_term_string\"}}],\"inLanguage\":\"es-CO\"},{\"@type\":\"Organization\",\"@id\":\"https:\/\/www.fiscalia.gov.co\/colombia\/#organization\",\"name\":\"Fiscal\u00eda General de la Naci\u00f3n\",\"url\":\"https:\/\/www.fiscalia.gov.co\/colombia\/\",\"logo\":{\"@type\":\"ImageObject\",\"inLanguage\":\"es-CO\",\"@id\":\"https:\/\/www.fiscalia.gov.co\/colombia\/#\/schema\/logo\/image\/\",\"url\":\"https:\/\/www.fiscalia.gov.co\/colombia\/wp-content\/uploads\/LogoHorizontal_1.jpg\",\"contentUrl\":\"https:\/\/www.fiscalia.gov.co\/colombia\/wp-content\/uploads\/LogoHorizontal_1.jpg\",\"width\":300,\"height\":90,\"caption\":\"Fiscal\u00eda General de la Naci\u00f3n\"},\"image\":{\"@id\":\"https:\/\/www.fiscalia.gov.co\/colombia\/#\/schema\/logo\/image\/\"},\"sameAs\":[\"https:\/\/www.facebook.com\/FiscaliaCol\",\"https:\/\/x.com\/FiscaliaCol\",\"https:\/\/www.instagram.com\/fiscaliacol\",\"https:\/\/www.linkedin.com\/company\/fiscalia-general-de-la-naci-n\/\",\"https:\/\/youtube.com\/@fiscaliageneraldelanacion-4668?si=6nN79nyQICPU5iTh\"]},{\"@type\":\"Person\",\"@id\":\"https:\/\/www.fiscalia.gov.co\/colombia\/#\/schema\/person\/bf84402cf293a5393e9c70b111020b24\",\"name\":\"Jordan Leandro Oviedo Anzola\",\"image\":{\"@type\":\"ImageObject\",\"inLanguage\":\"es-CO\",\"@id\":\"https:\/\/www.fiscalia.gov.co\/colombia\/#\/schema\/person\/image\/\",\"url\":\"https:\/\/secure.gravatar.com\/avatar\/dabba4346fa9b9207d96adafa8f92721?s=96&d=mm&r=g\",\"contentUrl\":\"https:\/\/secure.gravatar.com\/avatar\/dabba4346fa9b9207d96adafa8f92721?s=96&d=mm&r=g\",\"caption\":\"Jordan Leandro Oviedo Anzola\"},\"url\":\"https:\/\/www.fiscalia.gov.co\/colombia\/author\/joviedo\/\"}]}<\/script>\n<!-- \/ Yoast SEO plugin. -->","yoast_head_json":{"title":"Fiscal\u00eda General de la Naci\u00f3n","description":"P\u00e1gina oficial de la Fiscal\u00eda General de la Naci\u00f3n \u2013 Colombia. Garantizamos el acceso efectivo a la justicia, la verdad y la reparaci\u00f3n de las v\u00edctimas de los delitos.","robots":{"index":"noindex","follow":"follow"},"og_locale":"es_ES","og_type":"article","og_title":"Fiscal\u00eda General de la Naci\u00f3n","og_description":"P\u00e1gina oficial de la Fiscal\u00eda General de la Naci\u00f3n \u2013 Colombia. Garantizamos el acceso efectivo a la justicia, la verdad y la reparaci\u00f3n de las v\u00edctimas de los delitos.","og_url":"https:\/\/www.fiscalia.gov.co\/colombia\/noticias\/judicializado-un-hombre-que-se-movilizaba-en-un-vehiculo-cuyos-sistemas-de-identificacion-habrian-sido-alterados\/","og_site_name":"Fiscal\u00eda General de la Naci\u00f3n","article_publisher":"https:\/\/www.facebook.com\/FiscaliaCol","article_published_time":"2023-04-14T22:49:10+00:00","og_image":[{"url":"https:\/\/www.fiscalia.gov.co\/colombia\/wp-content\/uploads\/Willin-Bermeo-Cordoba.jpeg","type":"","width":"","height":""}],"author":"Jordan Leandro Oviedo Anzola","twitter_card":"summary_large_image","twitter_creator":"@FiscaliaCol","twitter_site":"@FiscaliaCol","twitter_misc":{"Escrito por":"Jordan Leandro Oviedo Anzola","Tiempo de lectura":"2 minutos"},"schema":{"@context":"https:\/\/schema.org","@graph":[{"@type":"Article","@id":"https:\/\/www.fiscalia.gov.co\/colombia\/noticias\/judicializado-un-hombre-que-se-movilizaba-en-un-vehiculo-cuyos-sistemas-de-identificacion-habrian-sido-alterados\/#article","isPartOf":{"@id":"https:\/\/www.fiscalia.gov.co\/colombia\/noticias\/judicializado-un-hombre-que-se-movilizaba-en-un-vehiculo-cuyos-sistemas-de-identificacion-habrian-sido-alterados\/"},"author":{"name":"Jordan Leandro Oviedo Anzola","@id":"https:\/\/www.fiscalia.gov.co\/colombia\/#\/schema\/person\/bf84402cf293a5393e9c70b111020b24"},"headline":"Judicializado un hombre que se movilizaba en un veh\u00edculo cuyos sistemas de identificaci\u00f3n habr\u00edan sido alterados","datePublished":"2023-04-14T22:49:10+00:00","dateModified":"2023-04-14T22:49:10+00:00","mainEntityOfPage":{"@id":"https:\/\/www.fiscalia.gov.co\/colombia\/noticias\/judicializado-un-hombre-que-se-movilizaba-en-un-vehiculo-cuyos-sistemas-de-identificacion-habrian-sido-alterados\/"},"wordCount":365,"publisher":{"@id":"https:\/\/www.fiscalia.gov.co\/colombia\/#organization"},"image":{"@id":"https:\/\/www.fiscalia.gov.co\/colombia\/noticias\/judicializado-un-hombre-que-se-movilizaba-en-un-vehiculo-cuyos-sistemas-de-identificacion-habrian-sido-alterados\/#primaryimage"},"thumbnailUrl":"https:\/\/www.fiscalia.gov.co\/colombia\/wp-content\/uploads\/Willin-Bermeo-Cordoba.jpeg","keywords":["automor","CTI","Falsedad marcaria","Fiscal Barbosa","Fiscal\u00eda General de la Naci\u00f3n","Huila","identificaci\u00f3n falsa","Neiva","Neiva (Huila)","porte ilegal armas","sistemas identificaci\u00f3n falsos","veh\u00edculo."],"articleSection":["Noticias","Seccional Neiva","Seccionales","Seguridad territorial"],"inLanguage":"es-CO"},{"@type":"WebPage","@id":"https:\/\/www.fiscalia.gov.co\/colombia\/noticias\/judicializado-un-hombre-que-se-movilizaba-en-un-vehiculo-cuyos-sistemas-de-identificacion-habrian-sido-alterados\/","url":"https:\/\/www.fiscalia.gov.co\/colombia\/noticias\/judicializado-un-hombre-que-se-movilizaba-en-un-vehiculo-cuyos-sistemas-de-identificacion-habrian-sido-alterados\/","name":"Fiscal\u00eda General de la Naci\u00f3n","isPartOf":{"@id":"https:\/\/www.fiscalia.gov.co\/colombia\/#website"},"primaryImageOfPage":{"@id":"https:\/\/www.fiscalia.gov.co\/colombia\/noticias\/judicializado-un-hombre-que-se-movilizaba-en-un-vehiculo-cuyos-sistemas-de-identificacion-habrian-sido-alterados\/#primaryimage"},"image":{"@id":"https:\/\/www.fiscalia.gov.co\/colombia\/noticias\/judicializado-un-hombre-que-se-movilizaba-en-un-vehiculo-cuyos-sistemas-de-identificacion-habrian-sido-alterados\/#primaryimage"},"thumbnailUrl":"https:\/\/www.fiscalia.gov.co\/colombia\/wp-content\/uploads\/Willin-Bermeo-Cordoba.jpeg","datePublished":"2023-04-14T22:49:10+00:00","dateModified":"2023-04-14T22:49:10+00:00","description":"P\u00e1gina oficial de la Fiscal\u00eda General de la Naci\u00f3n \u2013 Colombia. Garantizamos el acceso efectivo a la justicia, la verdad y la reparaci\u00f3n de las v\u00edctimas de los delitos.","breadcrumb":{"@id":"https:\/\/www.fiscalia.gov.co\/colombia\/noticias\/judicializado-un-hombre-que-se-movilizaba-en-un-vehiculo-cuyos-sistemas-de-identificacion-habrian-sido-alterados\/#breadcrumb"},"inLanguage":"es-CO","potentialAction":[{"@type":"ReadAction","target":["https:\/\/www.fiscalia.gov.co\/colombia\/noticias\/judicializado-un-hombre-que-se-movilizaba-en-un-vehiculo-cuyos-sistemas-de-identificacion-habrian-sido-alterados\/"]}]},{"@type":"ImageObject","inLanguage":"es-CO","@id":"https:\/\/www.fiscalia.gov.co\/colombia\/noticias\/judicializado-un-hombre-que-se-movilizaba-en-un-vehiculo-cuyos-sistemas-de-identificacion-habrian-sido-alterados\/#primaryimage","url":"https:\/\/www.fiscalia.gov.co\/colombia\/wp-content\/uploads\/Willin-Bermeo-Cordoba.jpeg","contentUrl":"https:\/\/www.fiscalia.gov.co\/colombia\/wp-content\/uploads\/Willin-Bermeo-Cordoba.jpeg","width":681,"height":564,"caption":"Willin Bermeo C\u00f3rdoba, de 44 a\u00f1os no acept\u00f3 cargos por fabricaci\u00f3n, tr\u00e1fico y porte de armas, municiones de uso restringido, de uso privativo de las fuerzas armadas en concurso heterog\u00e9neo con falsedad marcar\u00eda agravada."},{"@type":"BreadcrumbList","@id":"https:\/\/www.fiscalia.gov.co\/colombia\/noticias\/judicializado-un-hombre-que-se-movilizaba-en-un-vehiculo-cuyos-sistemas-de-identificacion-habrian-sido-alterados\/#breadcrumb","itemListElement":[{"@type":"ListItem","position":1,"name":"Home","item":"https:\/\/www.fiscalia.gov.co\/colombia\/"},{"@type":"ListItem","position":2,"name":"Judicializado un hombre que se movilizaba en un veh\u00edculo cuyos sistemas de identificaci\u00f3n habr\u00edan sido alterados"}]},{"@type":"WebSite","@id":"https:\/\/www.fiscalia.gov.co\/colombia\/#website","url":"https:\/\/www.fiscalia.gov.co\/colombia\/","name":"Fiscal\u00eda General de la Naci\u00f3n","description":"P\u00e1gina oficial de la Fiscal\u00eda General de la Naci\u00f3n \u2013 Colombia. Garantizamos el acceso efectivo a la justicia, la verdad y la reparaci\u00f3n de las v\u00edctimas de los delitos.","publisher":{"@id":"https:\/\/www.fiscalia.gov.co\/colombia\/#organization"},"potentialAction":[{"@type":"SearchAction","target":{"@type":"EntryPoint","urlTemplate":"https:\/\/www.fiscalia.gov.co\/colombia\/?s={search_term_string}"},"query-input":{"@type":"PropertyValueSpecification","valueRequired":true,"valueName":"search_term_string"}}],"inLanguage":"es-CO"},{"@type":"Organization","@id":"https:\/\/www.fiscalia.gov.co\/colombia\/#organization","name":"Fiscal\u00eda General de la Naci\u00f3n","url":"https:\/\/www.fiscalia.gov.co\/colombia\/","logo":{"@type":"ImageObject","inLanguage":"es-CO","@id":"https:\/\/www.fiscalia.gov.co\/colombia\/#\/schema\/logo\/image\/","url":"https:\/\/www.fiscalia.gov.co\/colombia\/wp-content\/uploads\/LogoHorizontal_1.jpg","contentUrl":"https:\/\/www.fiscalia.gov.co\/colombia\/wp-content\/uploads\/LogoHorizontal_1.jpg","width":300,"height":90,"caption":"Fiscal\u00eda General de la Naci\u00f3n"},"image":{"@id":"https:\/\/www.fiscalia.gov.co\/colombia\/#\/schema\/logo\/image\/"},"sameAs":["https:\/\/www.facebook.com\/FiscaliaCol","https:\/\/x.com\/FiscaliaCol","https:\/\/www.instagram.com\/fiscaliacol","https:\/\/www.linkedin.com\/company\/fiscalia-general-de-la-naci-n\/","https:\/\/youtube.com\/@fiscaliageneraldelanacion-4668?si=6nN79nyQICPU5iTh"]},{"@type":"Person","@id":"https:\/\/www.fiscalia.gov.co\/colombia\/#\/schema\/person\/bf84402cf293a5393e9c70b111020b24","name":"Jordan Leandro Oviedo Anzola","image":{"@type":"ImageObject","inLanguage":"es-CO","@id":"https:\/\/www.fiscalia.gov.co\/colombia\/#\/schema\/person\/image\/","url":"https:\/\/secure.gravatar.com\/avatar\/dabba4346fa9b9207d96adafa8f92721?s=96&d=mm&r=g","contentUrl":"https:\/\/secure.gravatar.com\/avatar\/dabba4346fa9b9207d96adafa8f92721?s=96&d=mm&r=g","caption":"Jordan Leandro Oviedo Anzola"},"url":"https:\/\/www.fiscalia.gov.co\/colombia\/author\/joviedo\/"}]}},"_links":{"self":[{"href":"https:\/\/www.fiscalia.gov.co\/colombia\/wp-json\/wp\/v2\/posts\/269667","targetHints":{"allow":["GET"]}}],"collection":[{"href":"https:\/\/www.fiscalia.gov.co\/colombia\/wp-json\/wp\/v2\/posts"}],"about":[{"href":"https:\/\/www.fiscalia.gov.co\/colombia\/wp-json\/wp\/v2\/types\/post"}],"author":[{"embeddable":true,"href":"https:\/\/www.fiscalia.gov.co\/colombia\/wp-json\/wp\/v2\/users\/177"}],"replies":[{"embeddable":true,"href":"https:\/\/www.fiscalia.gov.co\/colombia\/wp-json\/wp\/v2\/comments?post=269667"}],"version-history":[{"count":1,"href":"https:\/\/www.fiscalia.gov.co\/colombia\/wp-json\/wp\/v2\/posts\/269667\/revisions"}],"predecessor-version":[{"id":269673,"href":"https:\/\/www.fiscalia.gov.co\/colombia\/wp-json\/wp\/v2\/posts\/269667\/revisions\/269673"}],"wp:attachment":[{"href":"https:\/\/www.fiscalia.gov.co\/colombia\/wp-json\/wp\/v2\/media?parent=269667"}],"wp:term":[{"taxonomy":"category","embeddable":true,"href":"https:\/\/www.fiscalia.gov.co\/colombia\/wp-json\/wp\/v2\/categories?post=269667"},{"taxonomy":"post_tag","embeddable":true,"href":"https:\/\/www.fiscalia.gov.co\/colombia\/wp-json\/wp\/v2\/tags?post=269667"}],"curies":[{"name":"wp","href":"https:\/\/api.w.org\/{rel}","templated":true}]}}